{"id":99236,"date":"2021-04-20T15:08:44","date_gmt":"2021-04-20T15:08:44","guid":{"rendered":"https:\/\/swissfederalism.ch\/heres-why-people-dont-like-insurance-against-pandemics\/"},"modified":"2021-08-24T06:46:25","modified_gmt":"2021-08-24T06:46:25","slug":"voici-pourquoi-les-gens-naiment-pas-les-assurances-contre-les-pandemies","status":"publish","type":"post","link":"https:\/\/swissfederalism.ch\/fr\/voici-pourquoi-les-gens-naiment-pas-les-assurances-contre-les-pandemies\/","title":{"rendered":"Voici pourquoi les gens n&rsquo;aiment pas les assurances contre les pand\u00e9mies"},"content":{"rendered":"<h1>Voici pourquoi les gens n&rsquo;aiment pas les assurances contre les pand\u00e9mies<\/h1>\n<h3><em>Les entreprises ont fait part au Conseil f\u00e9d\u00e9ral de leur opposition \u00e0 des primes annuelles \u00e0 caract\u00e8re parafiscal et utiles uniquement si elles sont obligatoires pour 600 000 entreprises<\/em><\/h3>\n<p>Le 31 mars 2021, le D\u00e9partement f\u00e9d\u00e9ral des finances (DFF) a inform\u00e9 le Conseil f\u00e9d\u00e9ral des r\u00e9sultats des clarifications effectu\u00e9es dans le cadre de l&rsquo;assurance pand\u00e9mie.<br \/>\nCes r\u00e9sultats concernaient les travaux men\u00e9s avec les repr\u00e9sentants de la branche des assurances et la d\u00e9cision de ne pas donner suite au projet, du moins pour le moment.<br \/>\nPour l&rsquo;instant, il manque un large soutien de la part des milieux \u00e9conomiques.<\/p>\n<p><strong><a href=\"https:\/\/swissfederalism.ch\/wp-content\/uploads\/2021\/04\/Projekt-Pandemieversicherung-Bericht-der-Arbeitsgruppe-.pdf\">Projekt &lsquo;Pandemieversicherung&rsquo; &#8211; Bericht der Arbeitsgruppe (allemand)<\/a><\/strong><\/p>\n<p>En 2020, sous la direction du DFF, un groupe de travail compos\u00e9 de repr\u00e9sentants de diff\u00e9rents d\u00e9partements et du secteur des assurances a \u00e9labor\u00e9 un projet de solution d&rsquo;assurance pand\u00e9mie pour les entreprises.<br \/>\nLe DFF a ensuite invit\u00e9 les repr\u00e9sentants des entreprises \u00e0 se prononcer sur ce projet.<br \/>\nSelon la proposition, le capital n\u00e9cessaire pour compenser les pertes futures serait constitu\u00e9 gr\u00e2ce aux primes.<\/p>\n<figure id=\"attachment_88846\" aria-describedby=\"caption-attachment-88846\" style=\"width: 840px\" class=\"wp-caption aligncenter\"><img decoding=\"async\" class=\"wp-image-88846 size-large\" src=\"https:\/\/swissfederalism.ch\/wp-content\/uploads\/2021\/03\/Lesito-positivo-di-un-test-per-il-COVID19-2-1024x683.jpeg\" alt=\"L'esito (positivo) di un test per il COVID19\" width=\"840\" height=\"560\" srcset=\"https:\/\/swissfederalism.ch\/wp-content\/uploads\/2021\/03\/Lesito-positivo-di-un-test-per-il-COVID19-2-1024x683.jpeg 1024w, https:\/\/swissfederalism.ch\/wp-content\/uploads\/2021\/03\/Lesito-positivo-di-un-test-per-il-COVID19-2-300x200.jpeg 300w, https:\/\/swissfederalism.ch\/wp-content\/uploads\/2021\/03\/Lesito-positivo-di-un-test-per-il-COVID19-2-768x512.jpeg 768w, https:\/\/swissfederalism.ch\/wp-content\/uploads\/2021\/03\/Lesito-positivo-di-un-test-per-il-COVID19-2-1536x1024.jpeg 1536w, https:\/\/swissfederalism.ch\/wp-content\/uploads\/2021\/03\/Lesito-positivo-di-un-test-per-il-COVID19-2.jpeg 1920w\" sizes=\"(max-width: 840px) 100vw, 840px\" \/><figcaption id=\"caption-attachment-88846\" class=\"wp-caption-text\">Le r\u00e9sultat (positif) d&rsquo;un test de d\u00e9pistage de COVID19<\/figcaption><\/figure>\n<h4>L&rsquo;\u00c9tat assumerait une part importante des risques<\/h4>\n<p>L&rsquo;\u00c9tat assumerait une part tr\u00e8s importante des risques qui devraient \u00eatre couverts par des primes \u00e0 long terme.<br \/>\nEn cas de sinistre, les entreprises recevraient les indemnit\u00e9s auxquelles elles ont contractuellement droit, \u00e0 condition de payer une prime d&rsquo;assurance annuelle.<\/p>\n<p><a href=\"https:\/\/swissfederalism.ch\/fr\/covid-marches-financiers-croissance-numerique-selon-la-bns\/\"><strong>COVID, march\u00e9s financiers et croissance num\u00e9rique selon la BNS<\/strong><\/a><br \/>\n<a href=\"https:\/\/swissfederalism.ch\/fr\/les-mesures-anti-covid-disparues-suisse-va-commencer-courir\/\"><strong>Avec la disparition des mesures anti-COVID, la Suisse va faire la course en t\u00eate<\/strong><\/a><\/p>\n<p>Le montant de la prime ne serait que dans des limites raisonnables si l&rsquo;assurance pand\u00e9mie devenait obligatoire pour toutes les entreprises actives en Suisse, estim\u00e9es \u00e0 environ 600&rsquo;000.<br \/>\nA ce jour, les entreprises n&rsquo;ont pas clairement indiqu\u00e9 qu&rsquo;elles souhaitaient une telle assurance.<\/p>\n<figure id=\"attachment_88121\" aria-describedby=\"caption-attachment-88121\" style=\"width: 840px\" class=\"wp-caption aligncenter\"><img decoding=\"async\" class=\"wp-image-88121 size-large\" src=\"https:\/\/swissfederalism.ch\/wp-content\/uploads\/2021\/02\/La-pandemia-mettera-in-difficolta-leconomia-nel-2020-e-2021-1024x683.jpeg\" alt=\"La pandemia metter\u00e0 in difficolt\u00e0 l'economia nel 2020 e 2021\" width=\"840\" height=\"560\" srcset=\"https:\/\/swissfederalism.ch\/wp-content\/uploads\/2021\/02\/La-pandemia-mettera-in-difficolta-leconomia-nel-2020-e-2021-1024x683.jpeg 1024w, https:\/\/swissfederalism.ch\/wp-content\/uploads\/2021\/02\/La-pandemia-mettera-in-difficolta-leconomia-nel-2020-e-2021-300x200.jpeg 300w, https:\/\/swissfederalism.ch\/wp-content\/uploads\/2021\/02\/La-pandemia-mettera-in-difficolta-leconomia-nel-2020-e-2021-768x512.jpeg 768w, https:\/\/swissfederalism.ch\/wp-content\/uploads\/2021\/02\/La-pandemia-mettera-in-difficolta-leconomia-nel-2020-e-2021-1536x1024.jpeg 1536w, https:\/\/swissfederalism.ch\/wp-content\/uploads\/2021\/02\/La-pandemia-mettera-in-difficolta-leconomia-nel-2020-e-2021.jpeg 1920w\" sizes=\"(max-width: 840px) 100vw, 840px\" \/><figcaption id=\"caption-attachment-88121\" class=\"wp-caption-text\">La pand\u00e9mie mettra l&rsquo;\u00e9conomie au d\u00e9fi en 2020 et 2021<\/figcaption><\/figure>\n<h4>N\u00e9cessit\u00e9 d&rsquo;une base constitutionnelle claire<\/h4>\n<p>Ils s&rsquo;opposent en particulier \u00e0 son caract\u00e8re obligatoire, les primes \u00e0 payer s&rsquo;apparentant \u00e0 une pratique parafiscale.<br \/>\nEn outre, une assurance obligatoire contre les pand\u00e9mies n\u00e9cessiterait probablement une base constitutionnelle.<br \/>\nLe DFF renonce donc \u00e0 poursuivre le projet, mais maintient un dialogue ouvert avec le secteur des assurances et est pr\u00eat \u00e0 examiner toute proposition alternative.<\/p>\n<p><a href=\"https:\/\/swissfederalism.ch\/fr\/covid19-suisse-reouvertures-oui-mais-examens-gratuits-pour-tous\/\"><strong>COVID19 &amp; Suisse: r\u00e9ouvertures oui, mais examens gratuits pour tous<\/strong><\/a><br \/>\n<a href=\"https:\/\/swissfederalism.ch\/fr\/suisse-le-bilan-consolide-2020-indique-14-2-milliards\/\"><strong>Suisse: Les comptes consolid\u00e9s pour 2020 affichent -14,2 milliards<\/strong><\/a><\/p>\n<figure id=\"attachment_92874\" aria-describedby=\"caption-attachment-92874\" style=\"width: 840px\" class=\"wp-caption aligncenter\"><img decoding=\"async\" class=\"wp-image-92874 size-large\" src=\"https:\/\/swissfederalism.ch\/wp-content\/uploads\/2021\/04\/La-pandemia-di-coronavirus-ha-messo-in-crisi-parecchie-attivita-1024x683.jpeg\" alt=\"La pandemia di coronavirus ha messo in crisi parecchie attivit\u00e0\" width=\"840\" height=\"560\" srcset=\"https:\/\/swissfederalism.ch\/wp-content\/uploads\/2021\/04\/La-pandemia-di-coronavirus-ha-messo-in-crisi-parecchie-attivita-1024x683.jpeg 1024w, https:\/\/swissfederalism.ch\/wp-content\/uploads\/2021\/04\/La-pandemia-di-coronavirus-ha-messo-in-crisi-parecchie-attivita-300x200.jpeg 300w, https:\/\/swissfederalism.ch\/wp-content\/uploads\/2021\/04\/La-pandemia-di-coronavirus-ha-messo-in-crisi-parecchie-attivita-768x512.jpeg 768w, https:\/\/swissfederalism.ch\/wp-content\/uploads\/2021\/04\/La-pandemia-di-coronavirus-ha-messo-in-crisi-parecchie-attivita-1536x1024.jpeg 1536w, https:\/\/swissfederalism.ch\/wp-content\/uploads\/2021\/04\/La-pandemia-di-coronavirus-ha-messo-in-crisi-parecchie-attivita.jpeg 1920w\" sizes=\"(max-width: 840px) 100vw, 840px\" \/><figcaption id=\"caption-attachment-92874\" class=\"wp-caption-text\">La pand\u00e9mie de coronavirus a mis de nombreuses entreprises en crise<\/figcaption><\/figure>\n<p><iframe title=\"COVID 19, financial markets and digital transformation\" width=\"840\" height=\"630\" src=\"https:\/\/www.youtube.com\/embed\/fK2-NICXo6A?feature=oembed&#038;width=840&#038;height=1000&#038;discover=1\" frameborder=\"0\" allow=\"accelerometer; autoplay; clipboard-write; encrypted-media; gyroscope; picture-in-picture\" allowfullscreen><\/iframe><\/p>\n","protected":false},"excerpt":{"rendered":"<p>Les entreprises ont fait part au Conseil f\u00e9d\u00e9ral de leur opposition \u00e0 des primes annuelles de nature parafiscale et utiles uniquement si elles sont obligatoires pour 600&rsquo;000 entreprises.<\/p>\n","protected":false},"author":2,"featured_media":94811,"comment_status":"open","ping_status":"closed","sticky":false,"template":"","format":"standard","meta":{"footnotes":""},"categories":[310,308,209,306,294],"tags":[393,811,707,402,394,522,410,667],"class_list":["post-99236","post","type-post","status-publish","format-standard","has-post-thumbnail","hentry","category-economie","category-faits-marquants","category-les-magazines","category-politique","category-suisse","tag-avenir","tag-covid-fr","tag-ecole","tag-finances","tag-opportunites","tag-sante","tag-science-fr","tag-securite"],"_links":{"self":[{"href":"https:\/\/swissfederalism.ch\/fr\/wp-json\/wp\/v2\/posts\/99236","targetHints":{"allow":["GET"]}}],"collection":[{"href":"https:\/\/swissfederalism.ch\/fr\/wp-json\/wp\/v2\/posts"}],"about":[{"href":"https:\/\/swissfederalism.ch\/fr\/wp-json\/wp\/v2\/types\/post"}],"author":[{"embeddable":true,"href":"https:\/\/swissfederalism.ch\/fr\/wp-json\/wp\/v2\/users\/2"}],"replies":[{"embeddable":true,"href":"https:\/\/swissfederalism.ch\/fr\/wp-json\/wp\/v2\/comments?post=99236"}],"version-history":[{"count":4,"href":"https:\/\/swissfederalism.ch\/fr\/wp-json\/wp\/v2\/posts\/99236\/revisions"}],"predecessor-version":[{"id":125421,"href":"https:\/\/swissfederalism.ch\/fr\/wp-json\/wp\/v2\/posts\/99236\/revisions\/125421"}],"wp:featuredmedia":[{"embeddable":true,"href":"https:\/\/swissfederalism.ch\/fr\/wp-json\/wp\/v2\/media\/94811"}],"wp:attachment":[{"href":"https:\/\/swissfederalism.ch\/fr\/wp-json\/wp\/v2\/media?parent=99236"}],"wp:term":[{"taxonomy":"category","embeddable":true,"href":"https:\/\/swissfederalism.ch\/fr\/wp-json\/wp\/v2\/categories?post=99236"},{"taxonomy":"post_tag","embeddable":true,"href":"https:\/\/swissfederalism.ch\/fr\/wp-json\/wp\/v2\/tags?post=99236"}],"curies":[{"name":"wp","href":"https:\/\/api.w.org\/{rel}","templated":true}]}}