{"id":97332,"date":"2021-04-20T12:15:06","date_gmt":"2021-04-20T12:15:06","guid":{"rendered":"https:\/\/swissfederalism.ch\/statistica-delle-citta-svizzere-2021-e-le-dinamiche-urbane\/"},"modified":"2021-08-24T06:44:54","modified_gmt":"2021-08-24T06:44:54","slug":"statistique-des-villes-suisses-2021-et-dynamique-urbaine","status":"publish","type":"post","link":"https:\/\/swissfederalism.ch\/fr\/statistique-des-villes-suisses-2021-et-dynamique-urbaine\/","title":{"rendered":"\u00ab\u00a0Statistique des villes suisses 2021\u00a0\u00bb et dynamique urbaine"},"content":{"rendered":"<h1>\u00ab\u00a0Statistique des villes suisses 2021\u00a0\u00bb et dynamique urbaine<\/h1>\n<h3><em>Au cours des vingt derni\u00e8res ann\u00e9es, les trois quarts de la population suisse ont choisi de vivre en milieu urbain, comme l&rsquo;explique le dernier annuaire de l&rsquo;Office f\u00e9d\u00e9ral et des communes<\/em><\/h3>\n<p>Les trois quarts de la population suisse vivent dans des zones urbaines. Ils le font dans quelque 2 millions de logements r\u00e9partis dans un peu moins de 540 000 b\u00e2timents urbains.<br \/>\nPr\u00e8s des trois quarts des logements sont occup\u00e9s par des locataires, dont la plupart vivent dans des appartements de trois pi\u00e8ces. Telles sont les conclusions de la \u00ab\u00a0Statistique des villes suisses 2021\u00a0\u00bb, qui se concentre sur le th\u00e8me \u00ab\u00a0Vivre en ville\u00a0\u00bb.<\/p>\n<p><a href=\"https:\/\/swissfederalism.ch\/fr\/faillites-et-poursuites-en-baisse-dans-toute-la-suisse\/\"><strong>Faillites et poursuites en baisse dans toute la Suisse<\/strong><\/a><br \/>\n<a href=\"https:\/\/swissfederalism.ch\/fr\/combien-la-suisse-en-consomme-t-elle-87-millions-de-tonnes-par-an\/\"><strong>Combien la Suisse en consomme-t-elle ? 87 millions de tonnes par an<\/strong><\/a><br \/>\n<a href=\"https:\/\/swissfederalism.ch\/fr\/geodonnees-numeriques-de-swisstopo-disponibles-pour-une-utilisation-gratuite\/\"><strong>G\u00e9odonn\u00e9es num\u00e9riques de swisstopo disponibles gratuitement pour utilisation<\/strong><\/a><\/p>\n<p>L&rsquo;Union des villes suisses publie l&rsquo;annuaire en collaboration avec l&rsquo;Office f\u00e9d\u00e9ral de la statistique (OFS).<br \/>\nApr\u00e8s un exode urbain dans les ann\u00e9es 1980 et 1990, les villes suisses ont connu une renaissance au cours des vingt derni\u00e8res ann\u00e9es : aujourd&rsquo;hui, les trois quarts de la population suisse vivent dans des zones urbaines.<br \/>\nLes trois quarts de la population suisse vivent d\u00e9sormais dans des zones urbaines. 19 % des habitants des 171 villes \u00e9tudi\u00e9es sont \u00e2g\u00e9s de 19 ans ou moins, 63 % ont entre 20 et 64 ans et 18 % appartiennent \u00e0 la tranche d&rsquo;\u00e2ge des 65 ans et plus.<\/p>\n<figure id=\"attachment_90666\" aria-describedby=\"caption-attachment-90666\" style=\"width: 840px\" class=\"wp-caption aligncenter\"><img decoding=\"async\" class=\"wp-image-90666 size-large\" src=\"https:\/\/swissfederalism.ch\/wp-content\/uploads\/2021\/03\/Le-campagne-di-Ginevra-vicino-al-lago-Lemano-1024x683.jpeg\" alt=\"Le campagne di Ginevra vicino al lago Lemano\" width=\"840\" height=\"560\" srcset=\"https:\/\/swissfederalism.ch\/wp-content\/uploads\/2021\/03\/Le-campagne-di-Ginevra-vicino-al-lago-Lemano-1024x683.jpeg 1024w, https:\/\/swissfederalism.ch\/wp-content\/uploads\/2021\/03\/Le-campagne-di-Ginevra-vicino-al-lago-Lemano-300x200.jpeg 300w, https:\/\/swissfederalism.ch\/wp-content\/uploads\/2021\/03\/Le-campagne-di-Ginevra-vicino-al-lago-Lemano-768x512.jpeg 768w, https:\/\/swissfederalism.ch\/wp-content\/uploads\/2021\/03\/Le-campagne-di-Ginevra-vicino-al-lago-Lemano-1536x1024.jpeg 1536w, https:\/\/swissfederalism.ch\/wp-content\/uploads\/2021\/03\/Le-campagne-di-Ginevra-vicino-al-lago-Lemano.jpeg 1920w\" sizes=\"(max-width: 840px) 100vw, 840px\" \/><figcaption id=\"caption-attachment-90666\" class=\"wp-caption-text\">La campagne genevoise pr\u00e8s du lac de Gen\u00e8ve<\/figcaption><\/figure>\n<h4>Peu de diff\u00e9rences d\u00e9mographiques avec les campagnes<\/h4>\n<p>La structure d&rsquo;\u00e2ge ne diff\u00e8re que l\u00e9g\u00e8rement de celle du reste de la Suisse.<br \/>\nQuarante-sept pour cent de la population urbaine est c\u00e9libataire (contre 42% dans le reste de la Suisse) et 31% des citadins viennent de l&rsquo;\u00e9tranger, alors que les \u00e9trangers hors des zones urbaines ne repr\u00e9sentent que 20% de la population.<br \/>\nLe fait qu&rsquo;un tel \u00ab\u00a0m\u00e9lange de population\u00a0\u00bb soit et reste possible d\u00e9pend en grande partie de la configuration du march\u00e9 du logement.<\/p>\n<p><a href=\"https:\/\/swissfederalism.ch\/fr\/democratie-athenienne-elle-perdure-a-glaris-et-en-appenzell\/\"><strong>La d\u00e9mocratie ath\u00e9nienne ? Revivre entre Glaris et Appenzell&#8230;\u00a0<\/strong><\/a><br \/>\n<a href=\"https:\/\/swissfederalism.ch\/fr\/la-suisse-et-les-quatre-fantastiques-de-la-democratie-directe\/\"><strong>La Suisse et les \u00ab\u00a0quatre fantastiques\u00a0\u00bb de la d\u00e9mocratie directe<\/strong><\/a><\/p>\n<p>En 2018, un total de 2,2 millions de logements \u00e9taient disponibles dans 539 767 b\u00e2timents r\u00e9sidentiels urbains dans les 171 villes suisses \u00e9tudi\u00e9es.<br \/>\nParmi celles-ci, 46,8 % \u00e9taient des maisons unifamiliales, tandis que 35,6 % \u00e9taient des maisons multifamiliales. En examinant la r\u00e9partition par classe de taille des municipalit\u00e9s, on constate que la proportion de maisons unifamiliales augmente \u00e0 mesure que la taille de la municipalit\u00e9 diminue.<br \/>\nL&rsquo;inverse est vrai pour les maisons multifamiliales : alors que les dix plus grandes villes ont une part moyenne de plus de 43 %, celle-ci est inf\u00e9rieure \u00e0 33 % dans les 161 autres villes.<\/p>\n<figure id=\"attachment_85222\" aria-describedby=\"caption-attachment-85222\" style=\"width: 840px\" class=\"wp-caption aligncenter\"><img decoding=\"async\" class=\"wp-image-85222 size-large\" src=\"https:\/\/swissfederalism.ch\/wp-content\/uploads\/2020\/11\/Basel_-_Roche-Turm_mit_Stadtansicht_bei_Abenddammerung-1024x664.jpg\" alt=\"La torre Roche di Basilea, patria della farmaceutica\" width=\"840\" height=\"545\" srcset=\"https:\/\/swissfederalism.ch\/wp-content\/uploads\/2020\/11\/Basel_-_Roche-Turm_mit_Stadtansicht_bei_Abenddammerung-1024x664.jpg 1024w, https:\/\/swissfederalism.ch\/wp-content\/uploads\/2020\/11\/Basel_-_Roche-Turm_mit_Stadtansicht_bei_Abenddammerung-300x195.jpg 300w, https:\/\/swissfederalism.ch\/wp-content\/uploads\/2020\/11\/Basel_-_Roche-Turm_mit_Stadtansicht_bei_Abenddammerung-768x498.jpg 768w, https:\/\/swissfederalism.ch\/wp-content\/uploads\/2020\/11\/Basel_-_Roche-Turm_mit_Stadtansicht_bei_Abenddammerung-1536x996.jpg 1536w, https:\/\/swissfederalism.ch\/wp-content\/uploads\/2020\/11\/Basel_-_Roche-Turm_mit_Stadtansicht_bei_Abenddammerung-2048x1328.jpg 2048w, https:\/\/swissfederalism.ch\/wp-content\/uploads\/2020\/11\/Basel_-_Roche-Turm_mit_Stadtansicht_bei_Abenddammerung-scaled.jpg 2560w\" sizes=\"(max-width: 840px) 100vw, 840px\" \/><figcaption id=\"caption-attachment-85222\" class=\"wp-caption-text\">Tour Roche \u00e0 B\u00e2le, si\u00e8ge de l&rsquo;industrie pharmaceutique<\/figcaption><\/figure>\n<h4>Les appartements de trois pi\u00e8ces dominent en dessous de 20 000 habitants<\/h4>\n<p>En termes de taille de logement, les appartements de trois pi\u00e8ces sont la taille la plus courante dans la plupart des classes de taille municipale.<br \/>\nDans les villes de moins de 20 000 habitants, cependant, les logements de quatre pi\u00e8ces sont l\u00e9g\u00e8rement majoritaires. Les grands logements de cinq pi\u00e8ces ou plus sont plus rares dans les grandes villes, o\u00f9 ils repr\u00e9sentent 9,8 % du total, alors que leur part dans les autres classes de taille est de 19 %.<br \/>\nSoixante-neuf pour cent des personnes vivant dans un logement locatif en ville vivent dans un logement compos\u00e9 de trois ou quatre pi\u00e8ces. En revanche, la majorit\u00e9 des propri\u00e9taires vivant dans les villes suisses (86,5 %) ont un logement de quatre pi\u00e8ces ou plus.<\/p>\n<figure id=\"attachment_85221\" aria-describedby=\"caption-attachment-85221\" style=\"width: 840px\" class=\"wp-caption alignnone\"><img decoding=\"async\" class=\"wp-image-85221 size-large\" src=\"https:\/\/swissfederalism.ch\/wp-content\/uploads\/2020\/11\/Zuerich_Fraumuenster_St_Peter-1024x683.jpg\" alt=\"Il M\u00fcnsterbr\u00fccke a Zurigo, patria della finanza\" width=\"840\" height=\"560\" srcset=\"https:\/\/swissfederalism.ch\/wp-content\/uploads\/2020\/11\/Zuerich_Fraumuenster_St_Peter-1024x683.jpg 1024w, https:\/\/swissfederalism.ch\/wp-content\/uploads\/2020\/11\/Zuerich_Fraumuenster_St_Peter-300x200.jpg 300w, https:\/\/swissfederalism.ch\/wp-content\/uploads\/2020\/11\/Zuerich_Fraumuenster_St_Peter-768x512.jpg 768w, https:\/\/swissfederalism.ch\/wp-content\/uploads\/2020\/11\/Zuerich_Fraumuenster_St_Peter-1536x1024.jpg 1536w, https:\/\/swissfederalism.ch\/wp-content\/uploads\/2020\/11\/Zuerich_Fraumuenster_St_Peter-2048x1366.jpg 2048w, https:\/\/swissfederalism.ch\/wp-content\/uploads\/2020\/11\/Zuerich_Fraumuenster_St_Peter-scaled.jpg 2560w\" sizes=\"(max-width: 840px) 100vw, 840px\" \/><figcaption id=\"caption-attachment-85221\" class=\"wp-caption-text\">Le pont M\u00fcnsterbr\u00fccke \u00e0 Zurich, si\u00e8ge de la finance<\/figcaption><\/figure>\n<h4>Plus la ville est grande, plus il y a de locataires<\/h4>\n<p>Entre 2015 et 2017 (donn\u00e9es cumul\u00e9es), 74 % des logements occup\u00e9s dans les villes suisses l&rsquo;\u00e9taient par des locataires et des membres de coop\u00e9ratives d&rsquo;habitation, tandis que 25 % l&rsquo;\u00e9taient par des propri\u00e9taires.<\/p>\n<p><a href=\"https:\/\/swissfederalism.ch\/fr\/la-presidence-de-la-confederation-suisse-de-1848-a-nos-jours\/\"><strong>La pr\u00e9sidence de la Conf\u00e9d\u00e9ration suisse de 1848 \u00e0 nos jours<\/strong><\/a><br \/>\n<a href=\"https:\/\/swissfederalism.ch\/fr\/des-monuments-suisses-un-tresor-cache-a-exploiter\/\"><strong>Des monuments suisses ? Un tr\u00e9sor \u00ab\u00a0cach\u00e9\u00a0\u00bb \u00e0 exploiter&#8230;<\/strong><\/a><\/p>\n<p>A Brig-Glis, M\u00f6hlin, Spiez et Uzwil, plus de la moiti\u00e9 des logements occup\u00e9s sont des propri\u00e9t\u00e9s priv\u00e9es. \u00c0 Gen\u00e8ve, Lausanne, Zurich et Carouge, en revanche, plus de 90 % des logements sont lou\u00e9s ou d\u00e9tenus par des coop\u00e9ratives.<\/p>\n<figure id=\"attachment_86588\" aria-describedby=\"caption-attachment-86588\" style=\"width: 840px\" class=\"wp-caption aligncenter\"><img decoding=\"async\" class=\"wp-image-86588 size-large\" src=\"https:\/\/swissfederalism.ch\/wp-content\/uploads\/2021\/01\/Il-Castello-di-Chillon-sul-lago-Lemano-vicino-Losanna-1024x683.jpeg\" alt=\"Il Castello di Chillon sul lago Lemano vicino Losanna\" width=\"840\" height=\"560\" srcset=\"https:\/\/swissfederalism.ch\/wp-content\/uploads\/2021\/01\/Il-Castello-di-Chillon-sul-lago-Lemano-vicino-Losanna-1024x683.jpeg 1024w, https:\/\/swissfederalism.ch\/wp-content\/uploads\/2021\/01\/Il-Castello-di-Chillon-sul-lago-Lemano-vicino-Losanna-300x200.jpeg 300w, https:\/\/swissfederalism.ch\/wp-content\/uploads\/2021\/01\/Il-Castello-di-Chillon-sul-lago-Lemano-vicino-Losanna-768x512.jpeg 768w, https:\/\/swissfederalism.ch\/wp-content\/uploads\/2021\/01\/Il-Castello-di-Chillon-sul-lago-Lemano-vicino-Losanna-1536x1024.jpeg 1536w, https:\/\/swissfederalism.ch\/wp-content\/uploads\/2021\/01\/Il-Castello-di-Chillon-sul-lago-Lemano-vicino-Losanna.jpeg 1920w\" sizes=\"(max-width: 840px) 100vw, 840px\" \/><figcaption id=\"caption-attachment-86588\" class=\"wp-caption-text\">Ch\u00e2teau de Chillon sur le lac L\u00e9man, pr\u00e8s de Lausanne<\/figcaption><\/figure>\n<h4>Tirer parti de l&rsquo;offre de logements \u00e9quitables<\/h4>\n<p>Les villes investissent de plus en plus dans le logement public pour loger les personnes socialement et \u00e9conomiquement d\u00e9favoris\u00e9es.<br \/>\nAlors que les logements publics repr\u00e9sentent 1,3 % du parc immobilier suisse, les grandes villes se situent bien au-dessus de la moyenne suisse, \u00e0 11,4 %.<\/p>\n<p><a href=\"https:\/\/swissfederalism.ch\/fr\/schwyz-et-glaris-demi-cantons-perdus-de-lhistoire-suisse\/\"><strong>Schwytz et Glaris, demi-cantons perdus de l&rsquo;histoire suisse<\/strong><\/a><br \/>\n<a href=\"https:\/\/swissfederalism.ch\/fr\/les-districts-suisses-toujours-enfants-dun-federalisme-mineur\/\"><strong>Les districts suisses ? Toujours enfants d&rsquo;un f\u00e9d\u00e9ralisme mineur<\/strong><\/a><\/p>\n<p>Dans la ville de Zurich, 22,4 % de tous les appartements de trois pi\u00e8ces et 24,4 % de tous les appartements de quatre pi\u00e8ces sont des logements sociaux.<br \/>\nCependant, certaines villes plus petites, comme Urdorf et Birsfelden, ont \u00e9galement une proportion consid\u00e9rable de ces logements, avec environ 15 % chacune.<\/p>\n<figure id=\"attachment_87095\" aria-describedby=\"caption-attachment-87095\" style=\"width: 840px\" class=\"wp-caption aligncenter\"><img decoding=\"async\" class=\"wp-image-87095 size-large\" src=\"https:\/\/swissfederalism.ch\/wp-content\/uploads\/2021\/02\/Le-luci-natalizie-illiminano-il-centro-di-Zurigo-1024x683.jpeg\" alt=\"Le luci natalizie illiminano il centro di Zurigo\" width=\"840\" height=\"560\" srcset=\"https:\/\/swissfederalism.ch\/wp-content\/uploads\/2021\/02\/Le-luci-natalizie-illiminano-il-centro-di-Zurigo-1024x683.jpeg 1024w, https:\/\/swissfederalism.ch\/wp-content\/uploads\/2021\/02\/Le-luci-natalizie-illiminano-il-centro-di-Zurigo-300x200.jpeg 300w, https:\/\/swissfederalism.ch\/wp-content\/uploads\/2021\/02\/Le-luci-natalizie-illiminano-il-centro-di-Zurigo-768x512.jpeg 768w, https:\/\/swissfederalism.ch\/wp-content\/uploads\/2021\/02\/Le-luci-natalizie-illiminano-il-centro-di-Zurigo-1536x1024.jpeg 1536w, https:\/\/swissfederalism.ch\/wp-content\/uploads\/2021\/02\/Le-luci-natalizie-illiminano-il-centro-di-Zurigo.jpeg 1920w\" sizes=\"(max-width: 840px) 100vw, 840px\" \/><figcaption id=\"caption-attachment-87095\" class=\"wp-caption-text\">Les lumi\u00e8res de No\u00ebl illuminent le centre-ville de Zurich<\/figcaption><\/figure>\n<h4>Le FDP et le SP sont les partis les mieux repr\u00e9sent\u00e9s<\/h4>\n<p>Comme d&rsquo;habitude, les \u00ab\u00a0statistiques des villes suisses\u00a0\u00bb comprennent \u00e9galement des donn\u00e9es sur la politique des villes.<br \/>\nL&rsquo;enqu\u00eate a \u00e9t\u00e9 optimis\u00e9e en 2020 en collaboration avec la section Politique, culture et m\u00e9dias de l&rsquo;OFS.<br \/>\nLes donn\u00e9es pr\u00e9sentent maintenant le statut des derni\u00e8res \u00e9lections de renouvellement complet.<br \/>\nLes principaux partis dans la politique de la ville sont le FDP et le SP. En 2020, le FDP a remport\u00e9 27,2 % des si\u00e8ges dans les ex\u00e9cutifs municipaux.<br \/>\nIl est suivi par le PS avec 20,6 %. Le FDP a perdu 0,2% par rapport \u00e0 l&rsquo;ann\u00e9e pr\u00e9c\u00e9dente et d\u00e9tient donc toujours 15,1% des si\u00e8ges.<br \/>\nL&rsquo;Union d\u00e9mocratique du centre (UDC) conserve la quatri\u00e8me place, bien qu&rsquo;elle ait perdu 0,2% pour atteindre 11,4%.<br \/>\nLes Verts ont gagn\u00e9 0,8 % de si\u00e8ges de plus que l&rsquo;ann\u00e9e pr\u00e9c\u00e9dente et d\u00e9tiennent d\u00e9sormais 7,7 % des si\u00e8ges de l&rsquo;ex\u00e9cutif municipal.<br \/>\nDans les organes l\u00e9gislatifs, le FDP d\u00e9tient 22,3 %, suivi par le SP avec 20,9 % et l&rsquo;UDC avec 15,3 %. Les Verts sont en quatri\u00e8me position avec 11,6% des si\u00e8ges, tandis que le PDC a 9,3%.<\/p>\n<figure id=\"attachment_91410\" aria-describedby=\"caption-attachment-91410\" style=\"width: 840px\" class=\"wp-caption aligncenter\"><img decoding=\"async\" class=\"wp-image-91410 size-large\" src=\"https:\/\/swissfederalism.ch\/wp-content\/uploads\/2021\/03\/Il-celebre-Palazzo-delle-Nazioni-Unite-di-Ginevra-1024x683.jpeg\" alt=\"Il celebre Palazzo delle Nazioni Unite di Ginevra\" width=\"840\" height=\"560\" srcset=\"https:\/\/swissfederalism.ch\/wp-content\/uploads\/2021\/03\/Il-celebre-Palazzo-delle-Nazioni-Unite-di-Ginevra-1024x683.jpeg 1024w, https:\/\/swissfederalism.ch\/wp-content\/uploads\/2021\/03\/Il-celebre-Palazzo-delle-Nazioni-Unite-di-Ginevra-300x200.jpeg 300w, https:\/\/swissfederalism.ch\/wp-content\/uploads\/2021\/03\/Il-celebre-Palazzo-delle-Nazioni-Unite-di-Ginevra-768x512.jpeg 768w, https:\/\/swissfederalism.ch\/wp-content\/uploads\/2021\/03\/Il-celebre-Palazzo-delle-Nazioni-Unite-di-Ginevra-1536x1024.jpeg 1536w, https:\/\/swissfederalism.ch\/wp-content\/uploads\/2021\/03\/Il-celebre-Palazzo-delle-Nazioni-Unite-di-Ginevra.jpeg 1920w\" sizes=\"(max-width: 840px) 100vw, 840px\" \/><figcaption id=\"caption-attachment-91410\" class=\"wp-caption-text\">Le c\u00e9l\u00e8bre b\u00e2timent des Nations unies \u00e0 Gen\u00e8ve<\/figcaption><\/figure>\n<h4>Disponible en format num\u00e9rique et sous forme d&rsquo;OGD<\/h4>\n<p>La 82e \u00e9dition de la \u00ab\u00a0Statistique des villes suisses\u00a0\u00bb est publi\u00e9e en collaboration avec l&rsquo;OFS.<br \/>\nOutre des donn\u00e9es sur la vie urbaine, il contient, comme d&rsquo;habitude, de nombreux faits et informations sur des sujets tels que la population, le travail et les revenus, les finances, la mobilit\u00e9 et l&rsquo;\u00e9ducation.<\/p>\n<p><a href=\"https:\/\/swissfederalism.ch\/fr\/lethique-de-la-competitivite-et-lesprit-du-federalisme\/\"><strong>L&rsquo;\u00e9thique de la comp\u00e9titivit\u00e9 et l&rsquo;esprit du f\u00e9d\u00e9ralisme<\/strong><\/a><br \/>\n<a href=\"https:\/\/swissfederalism.ch\/fr\/waldstaette-cantons-forestiers-suisse\/\"><strong>Waldst\u00e4tte et les cantons \u00ab\u00a0forestiers\u00a0\u00bb \u00e0 l&rsquo;aube de la Suisse&#8230;<\/strong><\/a><\/p>\n<p>Les contenus sont \u00e9galement disponibles en format num\u00e9rique avec des graphiques interactifs, pour \u00eatre visualis\u00e9s dans une application, et en tant que publication en ligne.<br \/>\nEn outre, l&rsquo;OFS met \u00e0 la disposition d&rsquo;un large public les donn\u00e9es utilis\u00e9es pour l&rsquo;\u00e9laboration de la publication dans ses propres catalogues et sur la plateforme opendata.swiss, afin que les personnes int\u00e9ress\u00e9es puissent en faire un usage suppl\u00e9mentaire.<\/p>\n<figure id=\"attachment_87628\" aria-describedby=\"caption-attachment-87628\" style=\"width: 840px\" class=\"wp-caption aligncenter\"><img decoding=\"async\" class=\"wp-image-87628 size-large\" src=\"https:\/\/swissfederalism.ch\/wp-content\/uploads\/2021\/02\/La-citta-vecchia-di-Burgdorf-nel-Canton-Berna-1024x683.jpeg\" alt=\"La citt\u00e0 vecchia di Burgdorf nel Canton Berna\" width=\"840\" height=\"560\" srcset=\"https:\/\/swissfederalism.ch\/wp-content\/uploads\/2021\/02\/La-citta-vecchia-di-Burgdorf-nel-Canton-Berna-1024x683.jpeg 1024w, https:\/\/swissfederalism.ch\/wp-content\/uploads\/2021\/02\/La-citta-vecchia-di-Burgdorf-nel-Canton-Berna-300x200.jpeg 300w, https:\/\/swissfederalism.ch\/wp-content\/uploads\/2021\/02\/La-citta-vecchia-di-Burgdorf-nel-Canton-Berna-768x512.jpeg 768w, https:\/\/swissfederalism.ch\/wp-content\/uploads\/2021\/02\/La-citta-vecchia-di-Burgdorf-nel-Canton-Berna-1536x1024.jpeg 1536w, https:\/\/swissfederalism.ch\/wp-content\/uploads\/2021\/02\/La-citta-vecchia-di-Burgdorf-nel-Canton-Berna.jpeg 1920w\" sizes=\"(max-width: 840px) 100vw, 840px\" \/><figcaption id=\"caption-attachment-87628\" class=\"wp-caption-text\">La vieille ville de Burgdorf dans le canton de Berne<\/figcaption><\/figure>\n<p><iframe title=\"Lebensmittelrationierung in der Schweiz w\u00e4hrend des Krieges\" width=\"840\" height=\"630\" src=\"https:\/\/www.youtube.com\/embed\/Di_GD7JWS5k?feature=oembed&#038;width=840&#038;height=1000&#038;discover=1\" frameborder=\"0\" allow=\"accelerometer; autoplay; clipboard-write; encrypted-media; gyroscope; picture-in-picture\" allowfullscreen><\/iframe><\/p>\n<p><iframe title=\"Le rationnement alimentaire en Suisse pendant la guerre\" width=\"840\" height=\"630\" src=\"https:\/\/www.youtube.com\/embed\/OiPUpC9AfNA?feature=oembed&#038;width=840&#038;height=1000&#038;discover=1\" frameborder=\"0\" allow=\"accelerometer; autoplay; clipboard-write; encrypted-media; gyroscope; picture-in-picture\" allowfullscreen><\/iframe><\/p>\n<p><iframe title=\"II razionamento di generi alimentari in Svizzera durante la guerra\" width=\"840\" height=\"630\" src=\"https:\/\/www.youtube.com\/embed\/-NT-qHWsFRg?feature=oembed&#038;width=840&#038;height=1000&#038;discover=1\" frameborder=\"0\" allow=\"accelerometer; autoplay; clipboard-write; encrypted-media; gyroscope; picture-in-picture\" allowfullscreen><\/iframe><\/p>\n","protected":false},"excerpt":{"rendered":"<p>Au cours des vingt derni\u00e8res ann\u00e9es, les trois quarts de la population suisse ont choisi de vivre en ville, selon le dernier rapport annuel de l&rsquo;Office f\u00e9d\u00e9ral et des communes.<\/p>\n","protected":false},"author":2,"featured_media":86060,"comment_status":"open","ping_status":"closed","sticky":false,"template":"","format":"standard","meta":{"footnotes":""},"categories":[310,209,306,294],"tags":[418,744,423,397,790,891,673,421],"class_list":["post-97332","post","type-post","status-publish","format-standard","has-post-thumbnail","hentry","category-economie","category-les-magazines","category-politique","category-suisse","tag-berne","tag-culture-en-de-fr","tag-durabilite","tag-federalisme","tag-geneve","tag-lugano-fr","tag-neuchatel-fr","tag-zurich-fr"],"_links":{"self":[{"href":"https:\/\/swissfederalism.ch\/fr\/wp-json\/wp\/v2\/posts\/97332","targetHints":{"allow":["GET"]}}],"collection":[{"href":"https:\/\/swissfederalism.ch\/fr\/wp-json\/wp\/v2\/posts"}],"about":[{"href":"https:\/\/swissfederalism.ch\/fr\/wp-json\/wp\/v2\/types\/post"}],"author":[{"embeddable":true,"href":"https:\/\/swissfederalism.ch\/fr\/wp-json\/wp\/v2\/users\/2"}],"replies":[{"embeddable":true,"href":"https:\/\/swissfederalism.ch\/fr\/wp-json\/wp\/v2\/comments?post=97332"}],"version-history":[{"count":4,"href":"https:\/\/swissfederalism.ch\/fr\/wp-json\/wp\/v2\/posts\/97332\/revisions"}],"predecessor-version":[{"id":125419,"href":"https:\/\/swissfederalism.ch\/fr\/wp-json\/wp\/v2\/posts\/97332\/revisions\/125419"}],"wp:featuredmedia":[{"embeddable":true,"href":"https:\/\/swissfederalism.ch\/fr\/wp-json\/wp\/v2\/media\/86060"}],"wp:attachment":[{"href":"https:\/\/swissfederalism.ch\/fr\/wp-json\/wp\/v2\/media?parent=97332"}],"wp:term":[{"taxonomy":"category","embeddable":true,"href":"https:\/\/swissfederalism.ch\/fr\/wp-json\/wp\/v2\/categories?post=97332"},{"taxonomy":"post_tag","embeddable":true,"href":"https:\/\/swissfederalism.ch\/fr\/wp-json\/wp\/v2\/tags?post=97332"}],"curies":[{"name":"wp","href":"https:\/\/api.w.org\/{rel}","templated":true}]}}