{"id":95614,"date":"2021-04-19T22:45:54","date_gmt":"2021-04-19T22:45:54","guid":{"rendered":"https:\/\/swissfederalism.ch\/quanto-consuma-la-svizzera-87-milioni-di-tonnellate-lanno\/"},"modified":"2021-08-24T06:43:35","modified_gmt":"2021-08-24T06:43:35","slug":"combien-la-suisse-en-consomme-t-elle-87-millions-de-tonnes-par-an","status":"publish","type":"post","link":"https:\/\/swissfederalism.ch\/fr\/combien-la-suisse-en-consomme-t-elle-87-millions-de-tonnes-par-an\/","title":{"rendered":"Combien la Suisse en consomme-t-elle? 87 millions de tonnes par an"},"content":{"rendered":"<h1>Combien la Suisse en consomme-t-elle? 87 millions de tonnes par an<\/h1>\n<h3><em>Des chercheurs de l&rsquo;EMPA, le Laboratoire f\u00e9d\u00e9ral pour la science et la technologie des mat\u00e9riaux, ont \u00e9tudi\u00e9 l&rsquo;ensemble des flux de l&rsquo;\u00e9conomie suisse<\/em><\/h3>\n<p>Les chercheurs de l&rsquo;EMPA (Eidgen\u00f6ssische Materialpr\u00fcfungs- und Forschungsanstalt) ont analys\u00e9 l&rsquo;ensemble des flux de mati\u00e8res et d&rsquo;\u00e9nergie dans l&rsquo;\u00e9conomie suisse. Leur rapport final fournit d\u00e9sormais des donn\u00e9es et des comparaisons importantes.<br \/>\nUne \u00e9quipe sp\u00e9cialis\u00e9e a \u00e9galement examin\u00e9 comment le comportement de la population suisse affecte les \u00e9missions de gaz \u00e0 effet de serre.<br \/>\nB\u00e2timents, installations industrielles, routes, voitures, essence, \u00e9lectricit\u00e9 et toute notre consommation. Que consomme la Suisse chaque ann\u00e9e ? Quelle quantit\u00e9 est export\u00e9e ou \u00e9limin\u00e9e ? Combien retourne dans l&rsquo;\u00e9conomie ? Et quelles sont les cons\u00e9quences pour l&rsquo;environnement ?<\/p>\n<p><a href=\"https:\/\/swissfederalism.ch\/fr\/900-negociants-matieres-premieres-suisse\/\"><strong>900 n\u00e9gociants en mati\u00e8res premi\u00e8res en Suisse<\/strong><\/a><br \/>\n<a href=\"https:\/\/swissfederalism.ch\/fr\/la-suisse-reduira-limpact-environnemental-aliments\/\"><strong>La Suisse r\u00e9duira l&rsquo;impact environnemental de son approvisionnement alimentaire<\/strong><\/a><br \/>\n<a href=\"https:\/\/swissfederalism.ch\/fr\/a-loffice-federal-de-lenvironnement-il-y-aura-petra-zimmermann\/\"><strong>Petra Zimmermann \u00e0 l&rsquo;Office f\u00e9d\u00e9ral de l&rsquo;environnement<\/strong><\/a><\/p>\n<p>Pour une \u00e9quipe de recherche du laboratoire \u00ab\u00a0Technologie et soci\u00e9t\u00e9\u00a0\u00bb de l&rsquo;EMPA, trouver des r\u00e9ponses pr\u00e9cises \u00e0 ces questions a \u00e9t\u00e9 une t\u00e2che complexe.<br \/>\nLe projet \u00ab\u00a0MatCH\u00a0\u00bb (\u00ab\u00a0Ressources mat\u00e9rielles et \u00e9nerg\u00e9tiques et leurs impacts environnementaux en Suisse\u00a0\u00bb), mandat\u00e9 par l&rsquo;Office f\u00e9d\u00e9ral de l&rsquo;environnement (OFEV), a d\u00e9but\u00e9 en 2013 et s&rsquo;est d\u00e9roul\u00e9 en plusieurs \u00e9tapes.<br \/>\nLa premi\u00e8re partie couvrait l&rsquo;ensemble des flux de mat\u00e9riaux et d&rsquo;\u00e9nergie dans le secteur de la construction ; la seconde partie portait sur la mobilit\u00e9. Et la troisi\u00e8me partie \u00e9tait consacr\u00e9e \u00e0 la production et \u00e0 la consommation d&rsquo;autres biens import\u00e9s, produits localement et export\u00e9s.<\/p>\n<figure id=\"attachment_89375\" aria-describedby=\"caption-attachment-89375\" style=\"width: 840px\" class=\"wp-caption aligncenter\"><img decoding=\"async\" class=\"wp-image-89375 size-large\" src=\"https:\/\/swissfederalism.ch\/wp-content\/uploads\/2021\/03\/Alla-vendita-di-materie-prime-concorre-lestrazione-mineraria-1024x683.jpeg\" alt=\"Alla vendita di materie prime concorre l'estrazione mineraria\" width=\"840\" height=\"560\" srcset=\"https:\/\/swissfederalism.ch\/wp-content\/uploads\/2021\/03\/Alla-vendita-di-materie-prime-concorre-lestrazione-mineraria-1024x683.jpeg 1024w, https:\/\/swissfederalism.ch\/wp-content\/uploads\/2021\/03\/Alla-vendita-di-materie-prime-concorre-lestrazione-mineraria-300x200.jpeg 300w, https:\/\/swissfederalism.ch\/wp-content\/uploads\/2021\/03\/Alla-vendita-di-materie-prime-concorre-lestrazione-mineraria-768x512.jpeg 768w, https:\/\/swissfederalism.ch\/wp-content\/uploads\/2021\/03\/Alla-vendita-di-materie-prime-concorre-lestrazione-mineraria-1536x1024.jpeg 1536w, https:\/\/swissfederalism.ch\/wp-content\/uploads\/2021\/03\/Alla-vendita-di-materie-prime-concorre-lestrazione-mineraria.jpeg 1920w\" sizes=\"(max-width: 840px) 100vw, 840px\" \/><figcaption id=\"caption-attachment-89375\" class=\"wp-caption-text\">L&rsquo;exploitation mini\u00e8re contribue \u00e0 la vente de mati\u00e8res premi\u00e8res<\/figcaption><\/figure>\n<h4>Les \u00ab\u00a0masses op\u00e9rationnelles\u00a0\u00bb d&rsquo;un pays entier<\/h4>\n<p>Cette mosa\u00efque de donn\u00e9es est maintenant r\u00e9sum\u00e9e dans la quatri\u00e8me partie : un rapport de synth\u00e8se comme un instantan\u00e9 des flux de masse et d&rsquo;\u00e9nergie pour l&rsquo;ann\u00e9e 2018.<br \/>\nQuelques chiffres cl\u00e9s \u00e0 cet \u00e9gard : la consommation int\u00e9rieure de mat\u00e9riaux s&rsquo;\u00e9l\u00e8ve \u00e0 87 millions de tonnes nettes par an, soit la masse n\u00e9cessaire pour faire tourner l&rsquo;\u00e9conomie suisse.<\/p>\n<p><a href=\"https:\/\/swissfederalism.ch\/fr\/pacte-suisse-liechtenstein-sur-linnovation-scientifique\/\"><strong>Pacte Suisse-Liechtenstein sur l&rsquo;innovation scientifique<\/strong><\/a><br \/>\n<a href=\"https:\/\/swissfederalism.ch\/fr\/berne-zurich-argovie-innovation-fiscale\/\"><strong>Berne, Zurich et Argovie misent sur l&rsquo;innovation fiscale<\/strong><\/a><\/p>\n<p>Exemples de masse sortante : 12 millions de tonnes sont all\u00e9es en \u00e9limination finale ; les exportations ont atteint 18 millions de tonnes.<br \/>\nUne grande partie du mat\u00e9riel entrant reste dans le syst\u00e8me, ce qui permet au stock de mat\u00e9riel de la Suisse de s&rsquo;accro\u00eetre.<br \/>\nGlobalement, elle augmente de 1,6 % par an &#8211; \u00e0 partir de 2018 &#8211; soit 52 millions de tonnes. Le poids total du stock de mat\u00e9riaux de la Suisse : environ 3,2 milliards de tonnes.<\/p>\n<figure id=\"attachment_94797\" aria-describedby=\"caption-attachment-94797\" style=\"width: 840px\" class=\"wp-caption aligncenter\"><img decoding=\"async\" class=\"wp-image-94797 size-large\" src=\"https:\/\/swissfederalism.ch\/wp-content\/uploads\/2021\/04\/La-sede-dellEMPA-Eidgenossische-Materialprufungs-und-Forschungsanstalt-di-San-Gallo-1024x683.jpeg\" alt=\"La sede dell'EMPA (Eidgen\u00f6ssische Materialpr\u00fcfungs- und Forschungsanstalt) di San Gallo\" width=\"840\" height=\"560\" srcset=\"https:\/\/swissfederalism.ch\/wp-content\/uploads\/2021\/04\/La-sede-dellEMPA-Eidgenossische-Materialprufungs-und-Forschungsanstalt-di-San-Gallo-1024x683.jpeg 1024w, https:\/\/swissfederalism.ch\/wp-content\/uploads\/2021\/04\/La-sede-dellEMPA-Eidgenossische-Materialprufungs-und-Forschungsanstalt-di-San-Gallo-300x200.jpeg 300w, https:\/\/swissfederalism.ch\/wp-content\/uploads\/2021\/04\/La-sede-dellEMPA-Eidgenossische-Materialprufungs-und-Forschungsanstalt-di-San-Gallo-768x512.jpeg 768w, https:\/\/swissfederalism.ch\/wp-content\/uploads\/2021\/04\/La-sede-dellEMPA-Eidgenossische-Materialprufungs-und-Forschungsanstalt-di-San-Gallo-1536x1024.jpeg 1536w, https:\/\/swissfederalism.ch\/wp-content\/uploads\/2021\/04\/La-sede-dellEMPA-Eidgenossische-Materialprufungs-und-Forschungsanstalt-di-San-Gallo.jpeg 1920w\" sizes=\"(max-width: 840px) 100vw, 840px\" \/><figcaption id=\"caption-attachment-94797\" class=\"wp-caption-text\">Si\u00e8ge de l&rsquo;EMPA (Eidgen\u00f6ssische Materialpr\u00fcfungs- und Forschungsanstalt) Saint-Gall<\/figcaption><\/figure>\n<h4>Donn\u00e9es collect\u00e9es \u00e0 partir de nombreuses sources diff\u00e9rentes<\/h4>\n<p>Afin de d\u00e9terminer ces donn\u00e9es, l&rsquo;\u00e9quipe de l&rsquo;EMPA a \u00e9valu\u00e9 de nombreuses sources. Pour la cat\u00e9gorie \u00ab\u00a0Mobilit\u00e9\u00a0\u00bb, l&rsquo;Office f\u00e9d\u00e9ral de la statistique a fourni des informations utiles ; pour la cat\u00e9gorie \u00ab\u00a0Consommation et production\u00a0\u00bb, les donn\u00e9es de l&rsquo;Administration f\u00e9d\u00e9rale des douanes ont \u00e9t\u00e9 n\u00e9cessaires.<br \/>\nEt pour l&rsquo;inventaire des constructions, notamment les b\u00e2timents et les routes, les experts se sont appuy\u00e9s sur des \u00e9tudes ant\u00e9rieures.<br \/>\nGlobalement, selon les chercheurs de l&rsquo;EMPA, ces informations fournissent une bonne approximation de la r\u00e9alit\u00e9, bien qu&rsquo;elles ne remplacent pas les donn\u00e9es statistiques officielles des autorit\u00e9s f\u00e9d\u00e9rales.<br \/>\nDans le secteur de la construction, les chiffres de la consommation courante sont \u00e9galement int\u00e9ressants. Pr\u00e8s de la moiti\u00e9 du mat\u00e9riau utilis\u00e9 est du b\u00e9ton, soit un peu moins de 40 millions de tonnes par an.<\/p>\n<p><a href=\"https:\/\/swissfederalism.ch\/fr\/la-suisse-aura-un-ambassadeur-ad-hoc-pour-le-science\/\"><strong>La Suisse aura un ambassadeur ad hoc pour&#8230; la science<\/strong><\/a><br \/>\n<a href=\"https:\/\/swissfederalism.ch\/fr\/conseil-federal-reseau-green-fintech-suisse\/\"><strong>Le Conseil f\u00e9d\u00e9ral approuve le r\u00e9seau \u00ab\u00a0Green Fintech\u00a0\u00bb suisse<\/strong><\/a><\/p>\n<p>L&rsquo;ensemble du secteur de la construction repr\u00e9sente 62 millions de tonnes, tandis que la zone de production et de consommation absorbe un peu moins de 18 millions de tonnes, soit un cinqui\u00e8me de la masse totale consomm\u00e9e.<br \/>\nEn termes d&rsquo;impact environnemental, l&rsquo;\u00e9tude se concentre notamment sur les \u00e9missions de gaz \u00e0 effet de serre.<br \/>\nLa source la plus importante de celles-ci est la consommation de carburant, avec un peu moins de 25 millions de tonnes, soit une part d&rsquo;environ un quart des \u00e9missions annuelles.<br \/>\nIl est suivi par les combustibles (un peu moins de 20 %), les denr\u00e9es alimentaires (plus de 18 %), l&rsquo;\u00e9lectricit\u00e9 (un peu moins de 6 %) et l&rsquo;acier (un peu moins de 5 %).<br \/>\nCependant, les textiles et le cuir, ainsi que les produits chimiques de base, apportent \u00e9galement une contribution importante, avec 4,5 % chacun.<\/p>\n<figure id=\"attachment_94784\" aria-describedby=\"caption-attachment-94784\" style=\"width: 724px\" class=\"wp-caption aligncenter\"><img decoding=\"async\" class=\"wp-image-94784 size-large\" src=\"https:\/\/swissfederalism.ch\/wp-content\/uploads\/2021\/04\/La-copertina-del-rapporto-Risorse-materiali-ed-energetiche-e-relativi-impatti-ambientali-in-Svizzera-724x1024.jpg\" alt=\"La copertina del rapporto 'Risorse materiali ed energetiche e relativi impatti ambientali in Svizzera'\" width=\"724\" height=\"1024\" srcset=\"https:\/\/swissfederalism.ch\/wp-content\/uploads\/2021\/04\/La-copertina-del-rapporto-Risorse-materiali-ed-energetiche-e-relativi-impatti-ambientali-in-Svizzera-724x1024.jpg 724w, https:\/\/swissfederalism.ch\/wp-content\/uploads\/2021\/04\/La-copertina-del-rapporto-Risorse-materiali-ed-energetiche-e-relativi-impatti-ambientali-in-Svizzera-212x300.jpg 212w, https:\/\/swissfederalism.ch\/wp-content\/uploads\/2021\/04\/La-copertina-del-rapporto-Risorse-materiali-ed-energetiche-e-relativi-impatti-ambientali-in-Svizzera-768x1086.jpg 768w, https:\/\/swissfederalism.ch\/wp-content\/uploads\/2021\/04\/La-copertina-del-rapporto-Risorse-materiali-ed-energetiche-e-relativi-impatti-ambientali-in-Svizzera-1086x1536.jpg 1086w, https:\/\/swissfederalism.ch\/wp-content\/uploads\/2021\/04\/La-copertina-del-rapporto-Risorse-materiali-ed-energetiche-e-relativi-impatti-ambientali-in-Svizzera-1448x2048.jpg 1448w, https:\/\/swissfederalism.ch\/wp-content\/uploads\/2021\/04\/La-copertina-del-rapporto-Risorse-materiali-ed-energetiche-e-relativi-impatti-ambientali-in-Svizzera.jpg 1654w\" sizes=\"(max-width: 724px) 100vw, 724px\" \/><figcaption id=\"caption-attachment-94784\" class=\"wp-caption-text\">La couverture du rapport \u00ab\u00a0Les ressources mat\u00e9rielles et \u00e9nerg\u00e9tiques et leurs impacts environnementaux en Suisse\u00a0\u00bb<\/figcaption><\/figure>\n<h4>L&rsquo;influence du mode de vie personnel<\/h4>\n<p>Une particularit\u00e9 de l&rsquo;\u00e9tude est la prise en compte diff\u00e9renci\u00e9e de l&rsquo;influence de la population suisse.<br \/>\nOutre les donn\u00e9es sur la consommation par habitant, les chercheurs ont analys\u00e9 l&rsquo;impact de la marge d&rsquo;action personnelle sur la protection du climat.<\/p>\n<p><a href=\"https:\/\/swissfederalism.ch\/fr\/lindustrie-suisse-dexportation-mise-sur-linnovation\/\"><strong>L&rsquo;industrie suisse d&rsquo;exportation mise sur l&rsquo;innovation<\/strong><\/a><br \/>\n<a href=\"https:\/\/swissfederalism.ch\/fr\/plus-flexibilite-dans-promotion-innovations-suisses\/\"><strong>Plus de flexibilit\u00e9 dans la promotion de l&rsquo;innovation suisse<\/strong><\/a><\/p>\n<p>Si tous les Suisses se comportaient comme le cinqui\u00e8me de la population ayant le mode de vie le plus exemplaire, les \u00e9missions totales de gaz \u00e0 effet de serre du pays pourraient \u00eatre r\u00e9duites de 16%.<br \/>\nEn revanche, si chacun se comportait comme le cinqui\u00e8me plus respectueux de l&rsquo;environnement, les \u00e9missions augmenteraient de 17 %.<\/p>\n<figure id=\"attachment_89976\" aria-describedby=\"caption-attachment-89976\" style=\"width: 840px\" class=\"wp-caption aligncenter\"><img decoding=\"async\" class=\"wp-image-89976 size-large\" src=\"https:\/\/swissfederalism.ch\/wp-content\/uploads\/2021\/03\/La-sezione-frutta-e-verdura-di-un-supermercato-1024x683.jpeg\" alt=\"La sezione frutta e verdura di un supermercato elvetico\" width=\"840\" height=\"560\" srcset=\"https:\/\/swissfederalism.ch\/wp-content\/uploads\/2021\/03\/La-sezione-frutta-e-verdura-di-un-supermercato-1024x683.jpeg 1024w, https:\/\/swissfederalism.ch\/wp-content\/uploads\/2021\/03\/La-sezione-frutta-e-verdura-di-un-supermercato-300x200.jpeg 300w, https:\/\/swissfederalism.ch\/wp-content\/uploads\/2021\/03\/La-sezione-frutta-e-verdura-di-un-supermercato-768x512.jpeg 768w, https:\/\/swissfederalism.ch\/wp-content\/uploads\/2021\/03\/La-sezione-frutta-e-verdura-di-un-supermercato-1536x1024.jpeg 1536w, https:\/\/swissfederalism.ch\/wp-content\/uploads\/2021\/03\/La-sezione-frutta-e-verdura-di-un-supermercato.jpeg 1920w\" sizes=\"(max-width: 840px) 100vw, 840px\" \/><figcaption id=\"caption-attachment-89976\" class=\"wp-caption-text\">Le rayon fruits et l\u00e9gumes d&rsquo;un supermarch\u00e9 suisse<\/figcaption><\/figure>\n<h4>Un bon r\u00e9sum\u00e9 de trois \u00e9tudes approfondies<\/h4>\n<p>Le rapport \u00ab\u00a0Flux de mati\u00e8res et d&rsquo;\u00e9nergie de l&rsquo;\u00e9conomie suisse\u00a0\u00bb couvre l&rsquo;ensemble de l&rsquo;\u00e9conomie suisse et r\u00e9sume les rapports de la trilogie \u00ab\u00a0MatCH\u00a0\u00bb, \u00ab\u00a0Construction\u00a0\u00bb (2016), \u00ab\u00a0Mobilit\u00e9\u00a0\u00bb (2017) et \u00ab\u00a0Production &amp; Consommation\u00a0\u00bb (2018).<br \/>\n28 zones de consommation ont \u00e9t\u00e9 diff\u00e9renci\u00e9es et 18 cat\u00e9gories de mat\u00e9riaux ont \u00e9t\u00e9 d\u00e9finies, dont les mat\u00e9riaux solides tels que les mati\u00e8res premi\u00e8res min\u00e9rales, les m\u00e9taux, les plastiques, mais aussi les aliments ainsi que les carburants, les combustibles et l&rsquo;\u00e9lectricit\u00e9.<\/p>\n<p><a href=\"https:\/\/swissfederalism.ch\/fr\/26-milliards-de-dollars-de-valeur-pour-le-parc-dinnovation-de-zurich\/\"><strong>2,6 milliards de dollars de valeur pour le parc d&rsquo;innovation de Zurich<\/strong><\/a><br \/>\n<a href=\"https:\/\/swissfederalism.ch\/wp-content\/uploads\/2021\/02\/BAK_Economics_Economic_Footprint_Switzerland_Innovation_Park_Zuerich.pdf\"><strong>Le rapport \u00ab\u00a0Economic Footprint Switzerland Innovation Park Zurich\u00a0\u00bb de BAK Economics (en allemand).<\/strong><\/a><\/p>\n<p>L&rsquo;eau des ressources naturelles n&rsquo;\u00e9tait pas incluse.<br \/>\nLes flux de masse transfrontaliers et intra-suisses ont \u00e9t\u00e9 exprim\u00e9s en tant que \u00ab\u00a0consommation interne de mati\u00e8res\u00a0\u00bb.<br \/>\nLes incidences environnementales ont \u00e9t\u00e9 calcul\u00e9es \u00e0 l&rsquo;aide d&rsquo;une approche simplifi\u00e9e de l&rsquo;analyse du cycle de vie, qui est expliqu\u00e9e dans le rapport final.<\/p>\n<p><iframe title=\"Lebensmittelrationierung in der Schweiz w\u00e4hrend des Krieges\" width=\"840\" height=\"630\" src=\"https:\/\/www.youtube.com\/embed\/Di_GD7JWS5k?feature=oembed&#038;width=840&#038;height=1000&#038;discover=1\" frameborder=\"0\" allow=\"accelerometer; autoplay; clipboard-write; encrypted-media; gyroscope; picture-in-picture\" allowfullscreen><\/iframe><\/p>\n<p><iframe title=\"Le rationnement alimentaire en Suisse pendant la guerre\" width=\"840\" height=\"630\" src=\"https:\/\/www.youtube.com\/embed\/OiPUpC9AfNA?feature=oembed&#038;width=840&#038;height=1000&#038;discover=1\" frameborder=\"0\" allow=\"accelerometer; autoplay; clipboard-write; encrypted-media; gyroscope; picture-in-picture\" allowfullscreen><\/iframe><\/p>\n<p><iframe title=\"II razionamento di generi alimentari in Svizzera durante la guerra\" width=\"840\" height=\"630\" src=\"https:\/\/www.youtube.com\/embed\/-NT-qHWsFRg?feature=oembed&#038;width=840&#038;height=1000&#038;discover=1\" frameborder=\"0\" allow=\"accelerometer; autoplay; clipboard-write; encrypted-media; gyroscope; picture-in-picture\" allowfullscreen><\/iframe><\/p>\n<figure id=\"attachment_94793\" aria-describedby=\"caption-attachment-94793\" style=\"width: 840px\" class=\"wp-caption aligncenter\"><img decoding=\"async\" class=\"wp-image-94793 size-large\" src=\"https:\/\/swissfederalism.ch\/wp-content\/uploads\/2021\/04\/La-sede-dellEMPA-Eidgenossische-Materialprufungs-und-Forschungsanstalt-di-Dubendorf--1024x683.jpeg\" alt=\"La sede dell'EMPA (Eidgen\u00f6ssische Materialpr\u00fcfungs- und Forschungsanstalt) di D\u00fcbendorf\" width=\"840\" height=\"560\" srcset=\"https:\/\/swissfederalism.ch\/wp-content\/uploads\/2021\/04\/La-sede-dellEMPA-Eidgenossische-Materialprufungs-und-Forschungsanstalt-di-Dubendorf--1024x683.jpeg 1024w, https:\/\/swissfederalism.ch\/wp-content\/uploads\/2021\/04\/La-sede-dellEMPA-Eidgenossische-Materialprufungs-und-Forschungsanstalt-di-Dubendorf--300x200.jpeg 300w, https:\/\/swissfederalism.ch\/wp-content\/uploads\/2021\/04\/La-sede-dellEMPA-Eidgenossische-Materialprufungs-und-Forschungsanstalt-di-Dubendorf--768x512.jpeg 768w, https:\/\/swissfederalism.ch\/wp-content\/uploads\/2021\/04\/La-sede-dellEMPA-Eidgenossische-Materialprufungs-und-Forschungsanstalt-di-Dubendorf--1536x1024.jpeg 1536w, https:\/\/swissfederalism.ch\/wp-content\/uploads\/2021\/04\/La-sede-dellEMPA-Eidgenossische-Materialprufungs-und-Forschungsanstalt-di-Dubendorf-.jpeg 1920w\" sizes=\"(max-width: 840px) 100vw, 840px\" \/><figcaption id=\"caption-attachment-94793\" class=\"wp-caption-text\">Si\u00e8ge de l&rsquo;EMPA (Eidgen\u00f6ssische Materialpr\u00fcfungs- und Forschungsanstalt) D\u00fcbendorf<\/figcaption><\/figure>\n","protected":false},"excerpt":{"rendered":"<p>Des chercheurs de l&rsquo;EMPA, le Laboratoire f\u00e9d\u00e9ral pour la science et la technologie des mat\u00e9riaux, ont \u00e9tudi\u00e9 l&rsquo;ensemble des flux de l&rsquo;\u00e9conomie suisse.<\/p>\n","protected":false},"author":2,"featured_media":94790,"comment_status":"open","ping_status":"closed","sticky":false,"template":"","format":"standard","meta":{"footnotes":""},"categories":[312,310,209,294],"tags":[],"class_list":["post-95614","post","type-post","status-publish","format-standard","has-post-thumbnail","hentry","category-culture-fr","category-economie","category-les-magazines","category-suisse"],"_links":{"self":[{"href":"https:\/\/swissfederalism.ch\/fr\/wp-json\/wp\/v2\/posts\/95614","targetHints":{"allow":["GET"]}}],"collection":[{"href":"https:\/\/swissfederalism.ch\/fr\/wp-json\/wp\/v2\/posts"}],"about":[{"href":"https:\/\/swissfederalism.ch\/fr\/wp-json\/wp\/v2\/types\/post"}],"author":[{"embeddable":true,"href":"https:\/\/swissfederalism.ch\/fr\/wp-json\/wp\/v2\/users\/2"}],"replies":[{"embeddable":true,"href":"https:\/\/swissfederalism.ch\/fr\/wp-json\/wp\/v2\/comments?post=95614"}],"version-history":[{"count":4,"href":"https:\/\/swissfederalism.ch\/fr\/wp-json\/wp\/v2\/posts\/95614\/revisions"}],"predecessor-version":[{"id":125417,"href":"https:\/\/swissfederalism.ch\/fr\/wp-json\/wp\/v2\/posts\/95614\/revisions\/125417"}],"wp:featuredmedia":[{"embeddable":true,"href":"https:\/\/swissfederalism.ch\/fr\/wp-json\/wp\/v2\/media\/94790"}],"wp:attachment":[{"href":"https:\/\/swissfederalism.ch\/fr\/wp-json\/wp\/v2\/media?parent=95614"}],"wp:term":[{"taxonomy":"category","embeddable":true,"href":"https:\/\/swissfederalism.ch\/fr\/wp-json\/wp\/v2\/categories?post=95614"},{"taxonomy":"post_tag","embeddable":true,"href":"https:\/\/swissfederalism.ch\/fr\/wp-json\/wp\/v2\/tags?post=95614"}],"curies":[{"name":"wp","href":"https:\/\/api.w.org\/{rel}","templated":true}]}}