{"id":95538,"date":"2021-02-20T21:34:41","date_gmt":"2021-02-20T21:34:41","guid":{"rendered":"https:\/\/swissfederalism.ch\/26-miliardi-di-valore-dal-parco-dellinnovazione-di-zurigo\/"},"modified":"2021-08-19T11:41:20","modified_gmt":"2021-08-19T11:41:20","slug":"26-milliards-de-dollars-de-valeur-pour-le-parc-dinnovation-de-zurich","status":"publish","type":"post","link":"https:\/\/swissfederalism.ch\/fr\/26-milliards-de-dollars-de-valeur-pour-le-parc-dinnovation-de-zurich\/","title":{"rendered":"2,6 milliards de dollars de valeur pour le parc d&rsquo;innovation de Zurich"},"content":{"rendered":"<h1>2,6 milliards de dollars de valeur pour le parc d&rsquo;innovation de Zurich<\/h1>\n<h3><em>Une \u00e9tude de BAK Economics pr\u00e9voit que l&rsquo;exploitation de la ZIP cr\u00e9era 14 000 nouveaux emplois entre D\u00fcbendorf et la Limmat, avec un chiffre d&rsquo;affaires \u00e0 neuf chiffres<\/em><\/h3>\n<p>La Fondation du Parc d&rsquo;innovation de Zurich a charg\u00e9 l&rsquo;institut suisse ind\u00e9pendant de recherche \u00e9conomique BAK Economics, qui a des bureaux \u00e0 B\u00e2le, \u00e0 Manno et, bien s\u00fbr, sur les rives de la Limmat, d&rsquo;\u00e9tudier l&rsquo;importance \u00e9conomique de la nouvelle infrastructure pour la r\u00e9gion dans laquelle elle se trouve, le canton de Zurich et la Suisse dans son ensemble.<br \/>\nLes analystes ont avanc\u00e9 des chiffres impressionnants : ils ont estim\u00e9 la valeur ajout\u00e9e directe et indirecte de la seule installation \u00e0 pleine capacit\u00e9 \u00e0 environ 2,5 milliards de francs suisses par an.<br \/>\nL&rsquo;\u00e9tude de BAK Economics est la premi\u00e8re analyse compl\u00e8te du potentiel de la ZIP. L&rsquo;\u00e9tude, intitul\u00e9e \u00ab\u00a0The Economic Significance of Switzerland Innovation Park Zurich\u00a0\u00bb, examine \u00e9galement le r\u00f4le de la Suisse et du canton de Zurich en tant que site dans la concurrence internationale en mati\u00e8re d&rsquo;innovation.<\/p>\n<figure id=\"attachment_87784\" aria-describedby=\"caption-attachment-87784\" style=\"width: 840px\" class=\"wp-caption aligncenter\"><img decoding=\"async\" class=\"wp-image-87784 size-large\" src=\"https:\/\/swissfederalism.ch\/wp-content\/uploads\/2021\/02\/Il-rendering-del-padiglione-dello-Switzerland-Innovation-Park-Zurich-1024x369.jpg\" alt=\"Il rendering del padiglione dello Switzerland Innovation Park Zurich\" width=\"840\" height=\"303\" srcset=\"https:\/\/swissfederalism.ch\/wp-content\/uploads\/2021\/02\/Il-rendering-del-padiglione-dello-Switzerland-Innovation-Park-Zurich-1024x369.jpg 1024w, https:\/\/swissfederalism.ch\/wp-content\/uploads\/2021\/02\/Il-rendering-del-padiglione-dello-Switzerland-Innovation-Park-Zurich-300x108.jpg 300w, https:\/\/swissfederalism.ch\/wp-content\/uploads\/2021\/02\/Il-rendering-del-padiglione-dello-Switzerland-Innovation-Park-Zurich-768x276.jpg 768w, https:\/\/swissfederalism.ch\/wp-content\/uploads\/2021\/02\/Il-rendering-del-padiglione-dello-Switzerland-Innovation-Park-Zurich-1536x553.jpg 1536w, https:\/\/swissfederalism.ch\/wp-content\/uploads\/2021\/02\/Il-rendering-del-padiglione-dello-Switzerland-Innovation-Park-Zurich-2048x737.jpg 2048w, https:\/\/swissfederalism.ch\/wp-content\/uploads\/2021\/02\/Il-rendering-del-padiglione-dello-Switzerland-Innovation-Park-Zurich-scaled.jpg 2560w\" sizes=\"(max-width: 840px) 100vw, 840px\" \/><figcaption id=\"caption-attachment-87784\" class=\"wp-caption-text\">Le rendu du pavillon du Parc suisse d&rsquo;innovation de Zurich<\/figcaption><\/figure>\n<h4>Quatre mille emplois suppl\u00e9mentaires dans la cha\u00eene d&rsquo;approvisionnement<\/h4>\n<p>Le parc d&rsquo;innovation de Zurich pourrait cr\u00e9er 10 000 nouveaux emplois directs, tandis que 4 000 autres emplois seraient g\u00e9n\u00e9r\u00e9s dans le voisinage imm\u00e9diat du parc technologique.<br \/>\nLes chercheurs montrent que si la r\u00e9gion de la ville situ\u00e9e sur les rives de la Limmat pr\u00e9sente une valeur ajout\u00e9e sup\u00e9rieure \u00e0 la moyenne par rapport au reste de la Conf\u00e9d\u00e9ration suisse, elle a encore beaucoup de retard \u00e0 rattraper, notamment dans le secteur des hautes technologies.<\/p>\n<p><a href=\"https:\/\/swissfederalism.ch\/fr\/pacte-suisse-liechtenstein-sur-linnovation-scientifique\/\"><strong>Pacte Suisse-Liechtenstein sur l&rsquo;innovation scientifique<\/strong><\/a><br \/>\n<a href=\"https:\/\/swissfederalism.ch\/fr\/berne-zurich-argovie-innovation-fiscale\/\"><strong>Berne, Zurich et Argovie misent sur l&rsquo;innovation fiscale<\/strong><\/a><\/p>\n<p>L&rsquo;innovation et le progr\u00e8s technologique sont reconnus comme les principaux moteurs de la croissance et de la prosp\u00e9rit\u00e9. Du point de vue des chercheurs, il est donc int\u00e9ressant pour la r\u00e9gion de Zurich de renforcer ces domaines en cr\u00e9ant des conditions-cadres plus favorables.<\/p>\n<figure id=\"attachment_87772\" aria-describedby=\"caption-attachment-87772\" style=\"width: 840px\" class=\"wp-caption aligncenter\"><img decoding=\"async\" class=\"wp-image-87772 size-large\" src=\"https:\/\/swissfederalism.ch\/wp-content\/uploads\/2021\/02\/Il-padiglione-dello-Switzerland-Innovation-Park-Zurich-in-costruzione-2-1024x683.jpeg\" alt=\"Il padiglione dello Switzerland Innovation Park Zurich in costruzione\" width=\"840\" height=\"560\" srcset=\"https:\/\/swissfederalism.ch\/wp-content\/uploads\/2021\/02\/Il-padiglione-dello-Switzerland-Innovation-Park-Zurich-in-costruzione-2-1024x683.jpeg 1024w, https:\/\/swissfederalism.ch\/wp-content\/uploads\/2021\/02\/Il-padiglione-dello-Switzerland-Innovation-Park-Zurich-in-costruzione-2-300x200.jpeg 300w, https:\/\/swissfederalism.ch\/wp-content\/uploads\/2021\/02\/Il-padiglione-dello-Switzerland-Innovation-Park-Zurich-in-costruzione-2-768x512.jpeg 768w, https:\/\/swissfederalism.ch\/wp-content\/uploads\/2021\/02\/Il-padiglione-dello-Switzerland-Innovation-Park-Zurich-in-costruzione-2-1536x1024.jpeg 1536w, https:\/\/swissfederalism.ch\/wp-content\/uploads\/2021\/02\/Il-padiglione-dello-Switzerland-Innovation-Park-Zurich-in-costruzione-2.jpeg 1920w\" sizes=\"(max-width: 840px) 100vw, 840px\" \/><figcaption id=\"caption-attachment-87772\" class=\"wp-caption-text\">Le pavillon du Parc suisse d&rsquo;innovation de Zurich en construction<\/figcaption><\/figure>\n<h4>Les p\u00f4les de recherche incarnent les tendances futures<\/h4>\n<p>Selon BAK Economics, les clusters de r\u00e9f\u00e9rence de l&rsquo;IPZ, d\u00e9finis en anglais dans l&rsquo;\u00e9tude \u00ab\u00a0Robotics and Mobility, Aerospace and Production Technologies\u00a0\u00bb, correspondent \u00e9galement aux tendances technologiques mondiales les plus importantes. En termes de d\u00e9veloppement de brevets, par exemple, ces incubateurs ont fait preuve d&rsquo;un dynamisme sup\u00e9rieur \u00e0 la moyenne au cours des deux derni\u00e8res d\u00e9cennies.<\/p>\n<p><a href=\"https:\/\/swissfederalism.ch\/fr\/la-suisse-aura-un-ambassadeur-ad-hoc-pour-le-science\/\"><strong>La Suisse va avoir son propre ambassadeur pour&#8230; la science<\/strong><\/a><br \/>\n<a href=\"https:\/\/swissfederalism.ch\/fr\/conseil-federal-reseau-green-fintech-suisse\/\"><strong>Le Conseil f\u00e9d\u00e9ral approuve le r\u00e9seau \u00ab\u00a0Green Fintech\u00a0\u00bb suisse<\/strong><\/a><\/p>\n<p>Le canton de Zurich se distingue par son excellence et sa position de leader international dans le domaine des universit\u00e9s, qui obtient \u00e9galement un score \u00e9lev\u00e9 pour la plupart des facteurs de localisation.<br \/>\nLa r\u00e9alisation du parc d&rsquo;innovation de Zurich permet d&rsquo;am\u00e9liorer consid\u00e9rablement l&rsquo;\u00e9cosyst\u00e8me existant et de l&rsquo;utiliser de mani\u00e8re cibl\u00e9e pour renforcer la ville la plus peupl\u00e9e de Suisse en tant que capitale de la connaissance et de la recherche. Les experts attachent donc une importance strat\u00e9gique \u00e0 l&rsquo;\u00e9tablissement de la ZIP sur le site.<\/p>\n<figure id=\"attachment_87824\" aria-describedby=\"caption-attachment-87824\" style=\"width: 840px\" class=\"wp-caption aligncenter\"><img decoding=\"async\" class=\"wp-image-87824 size-large\" src=\"https:\/\/swissfederalism.ch\/wp-content\/uploads\/2021\/02\/Rendering-del-campus-dello-Switzerland-Innovation-Park-Zurich-1024x683.jpeg\" alt=\"Rendering del campus dello Switzerland Innovation Park Zurich\" width=\"840\" height=\"560\" srcset=\"https:\/\/swissfederalism.ch\/wp-content\/uploads\/2021\/02\/Rendering-del-campus-dello-Switzerland-Innovation-Park-Zurich-1024x683.jpeg 1024w, https:\/\/swissfederalism.ch\/wp-content\/uploads\/2021\/02\/Rendering-del-campus-dello-Switzerland-Innovation-Park-Zurich-300x200.jpeg 300w, https:\/\/swissfederalism.ch\/wp-content\/uploads\/2021\/02\/Rendering-del-campus-dello-Switzerland-Innovation-Park-Zurich-768x512.jpeg 768w, https:\/\/swissfederalism.ch\/wp-content\/uploads\/2021\/02\/Rendering-del-campus-dello-Switzerland-Innovation-Park-Zurich-1536x1024.jpeg 1536w, https:\/\/swissfederalism.ch\/wp-content\/uploads\/2021\/02\/Rendering-del-campus-dello-Switzerland-Innovation-Park-Zurich.jpeg 1920w\" sizes=\"(max-width: 840px) 100vw, 840px\" \/><figcaption id=\"caption-attachment-87824\" class=\"wp-caption-text\">Rendering del campus dello Switzerland Innovation Park Zurich<\/figcaption><\/figure>\n<h4>Des effets positifs \u00e9galement pour l&rsquo;industrie r\u00e9gionale<\/h4>\n<p>Les effets \u00e9conomiques potentiels directs et indirects de la ZIP sont consid\u00e9rables. Selon l&rsquo;activit\u00e9 et le nombre d&rsquo;entreprises qui s&rsquo;y implanteront, environ 10 000 nouveaux emplois seront cr\u00e9\u00e9s directement et 4 000 autres par le m\u00e9canisme induit, ce qui g\u00e9n\u00e9rera des recettes fiscales suppl\u00e9mentaires de plusieurs dizaines de millions de francs pour les administrations cantonales et communales.<\/p>\n<p><iframe title=\"Innovationspark Zu\u0308rich - Ein Generationenprojekt nimmt Gestalt an\" width=\"840\" height=\"473\" src=\"https:\/\/www.youtube.com\/embed\/cPD38v8Rzb0?feature=oembed&#038;width=840&#038;height=1000&#038;discover=1\" frameborder=\"0\" allow=\"accelerometer; autoplay; clipboard-write; encrypted-media; gyroscope; picture-in-picture\" allowfullscreen><\/iframe><\/p>\n<h4>Pluie de francs pour le Canton et les communes<\/h4>\n<p>Les \u00e9conomistes estiment l&rsquo;effet \u00e9conomique cumul\u00e9 pour le canton \u00e0 environ 2,5 milliards de francs par an, ce qui correspond \u00e0 1,7 % du produit int\u00e9rieur brut du canton. Pour la Suisse, l&rsquo;effet total est estim\u00e9 \u00e0 2,6 milliards de francs suisses.<\/p>\n<p><a href=\"https:\/\/swissfederalism.ch\/fr\/lindustrie-suisse-dexportation-mise-sur-linnovation\/\"><strong>L&rsquo;industrie suisse d&rsquo;exportation mise sur l&rsquo;innovation<\/strong><\/a><br \/>\n<a href=\"https:\/\/swissfederalism.ch\/fr\/plus-flexibilite-dans-promotion-innovations-suisses\/\"><strong>Plus de flexibilit\u00e9 dans la promotion de l&rsquo;innovation suisse<\/strong><\/a><\/p>\n<p>Les chiffres montrent que 90 % de la valeur ajout\u00e9e de la ZPI est g\u00e9n\u00e9r\u00e9e dans le canton de Zurich, ce qui s&rsquo;explique en partie par le fait qu&rsquo;une grande partie des intrants des entreprises et des services proviennent de l&rsquo;environnement r\u00e9gional et urbain de la ville situ\u00e9e sur les rives de la Limmat.<\/p>\n<figure id=\"attachment_87820\" aria-describedby=\"caption-attachment-87820\" style=\"width: 840px\" class=\"wp-caption aligncenter\"><img decoding=\"async\" class=\"wp-image-87820 size-large\" src=\"https:\/\/swissfederalism.ch\/wp-content\/uploads\/2021\/02\/Rendering-degli-hangar-dello-Switzerland-Innovation-Park-Zurich-1024x683.jpeg\" alt=\"Rendering degli hangar dello Switzerland Innovation Park Zurich\" width=\"840\" height=\"560\" srcset=\"https:\/\/swissfederalism.ch\/wp-content\/uploads\/2021\/02\/Rendering-degli-hangar-dello-Switzerland-Innovation-Park-Zurich-1024x683.jpeg 1024w, https:\/\/swissfederalism.ch\/wp-content\/uploads\/2021\/02\/Rendering-degli-hangar-dello-Switzerland-Innovation-Park-Zurich-300x200.jpeg 300w, https:\/\/swissfederalism.ch\/wp-content\/uploads\/2021\/02\/Rendering-degli-hangar-dello-Switzerland-Innovation-Park-Zurich-768x512.jpeg 768w, https:\/\/swissfederalism.ch\/wp-content\/uploads\/2021\/02\/Rendering-degli-hangar-dello-Switzerland-Innovation-Park-Zurich-1536x1024.jpeg 1536w, https:\/\/swissfederalism.ch\/wp-content\/uploads\/2021\/02\/Rendering-degli-hangar-dello-Switzerland-Innovation-Park-Zurich.jpeg 1920w\" sizes=\"(max-width: 840px) 100vw, 840px\" \/><figcaption id=\"caption-attachment-87820\" class=\"wp-caption-text\">Rendering degli hangar dello Switzerland Innovation Park Zurich<\/figcaption><\/figure>\n<h4>Trois niveaux diff\u00e9rents d&rsquo;impact sur les terres<\/h4>\n<p>Les experts supposent qu&rsquo;il existe trois niveaux d&rsquo;impact diff\u00e9rents.<\/p>\n<p><a href=\"https:\/\/swissfederalism.ch\/wp-content\/uploads\/2021\/02\/BAK_Economics_Economic_Footprint_Switzerland_Innovation_Park_Zuerich.pdf\"><strong>Le rapport \u00ab\u00a0Economic Footprint Switzerland Innovation Park Zurich\u00a0\u00bb de BAK Economics (en allemand).<\/strong><\/a><\/p>\n<p>Les effets primaires, qui sont g\u00e9n\u00e9r\u00e9s par l&rsquo;exploitation du parc d&rsquo;innovation de Zurich sur une base permanente et la valeur ajout\u00e9e par les entreprises et les universit\u00e9s qui y seront install\u00e9es ;<br \/>\nLes effets secondaires, qui sont g\u00e9n\u00e9r\u00e9s par les commandes pass\u00e9es aux fournisseurs et prestataires de services dans le cadre de la construction et de l&rsquo;exploitation de la ZIP et par la demande de consommation des employ\u00e9s ;<br \/>\nenfin, les effets multiplicateurs macro\u00e9conomiques, qui sont g\u00e9n\u00e9r\u00e9s tout au long de la cha\u00eene de valeur dans son ensemble : le d\u00e9veloppement du site a\u00e9roportuaire de D\u00fcbendorf lui-m\u00eame, qui est d\u00e9j\u00e0 en cours, a des effets \u00e9conomiques b\u00e9n\u00e9fiques s&rsquo;\u00e9levant \u00e0 plusieurs centaines de millions de francs.<\/p>\n<figure id=\"attachment_87832\" aria-describedby=\"caption-attachment-87832\" style=\"width: 840px\" class=\"wp-caption aligncenter\"><img decoding=\"async\" class=\"wp-image-87832 size-large\" src=\"https:\/\/swissfederalism.ch\/wp-content\/uploads\/2021\/02\/Vista-dellarea-Saentisblick-dello-Swiss-Innovation-Park-Zurich-1024x683.jpeg\" alt=\"Vista dell'area Saentisblick dello Swiss Innovation Park Zurich\" width=\"840\" height=\"560\" srcset=\"https:\/\/swissfederalism.ch\/wp-content\/uploads\/2021\/02\/Vista-dellarea-Saentisblick-dello-Swiss-Innovation-Park-Zurich-1024x683.jpeg 1024w, https:\/\/swissfederalism.ch\/wp-content\/uploads\/2021\/02\/Vista-dellarea-Saentisblick-dello-Swiss-Innovation-Park-Zurich-300x200.jpeg 300w, https:\/\/swissfederalism.ch\/wp-content\/uploads\/2021\/02\/Vista-dellarea-Saentisblick-dello-Swiss-Innovation-Park-Zurich-768x512.jpeg 768w, https:\/\/swissfederalism.ch\/wp-content\/uploads\/2021\/02\/Vista-dellarea-Saentisblick-dello-Swiss-Innovation-Park-Zurich-1536x1024.jpeg 1536w, https:\/\/swissfederalism.ch\/wp-content\/uploads\/2021\/02\/Vista-dellarea-Saentisblick-dello-Swiss-Innovation-Park-Zurich.jpeg 1920w\" sizes=\"(max-width: 840px) 100vw, 840px\" \/><figcaption id=\"caption-attachment-87832\" class=\"wp-caption-text\">Vue de la zone Saentisblick du Parc suisse d&rsquo;innovation de Zurich<\/figcaption><\/figure>\n<h4>Grande importance strat\u00e9gique et \u00e9conomique<\/h4>\n<p>L&rsquo;\u00e9tude montre ainsi de mani\u00e8re impressionnante que le d\u00e9veloppement du parc d&rsquo;innovation de Zurich rev\u00eat une importance strat\u00e9gique et \u00e9conomique consid\u00e9rable pour le canton du m\u00eame nom et pour l&rsquo;ensemble du pays.<br \/>\nElle renforce la comp\u00e9titivit\u00e9 de la r\u00e9gion gr\u00e2ce \u00e0 une dynamique d&rsquo;innovation accrue et \u00e0 l&rsquo;am\u00e9lioration des efforts de recherche et d\u00e9veloppement (industriels et autres), dans lesquels Zurich dispose d&rsquo;un potentiel de croissance consid\u00e9rable en comparaison nationale et mondiale.<br \/>\nLes p\u00f4les technologiques de la ZPI s&rsquo;inscrivent dans les tendances mondiales \u00e0 long terme et pr\u00e9sentent une dynamique sup\u00e9rieure \u00e0 la normale.<br \/>\nL&rsquo;IPZ b\u00e9n\u00e9ficie de la position internationale exceptionnelle des universit\u00e9s situ\u00e9es \u00e0 Zurich ainsi que de la possibilit\u00e9 de combler le foss\u00e9 entre la science et l&rsquo;industrie dans un lieu b\u00e9n\u00e9ficiant d&rsquo;excellentes liaisons de transport et des meilleures conditions de travail et d&rsquo;essai.<\/p>\n<figure id=\"attachment_87788\" aria-describedby=\"caption-attachment-87788\" style=\"width: 840px\" class=\"wp-caption aligncenter\"><img decoding=\"async\" class=\"wp-image-87788 size-large\" src=\"https:\/\/swissfederalism.ch\/wp-content\/uploads\/2021\/02\/Il-rendering-notturno-del-padiglione-dello-Switzerland-Innovation-Park-Zurich-1024x452.jpg\" alt=\"Il rendering notturno del padiglione dello Switzerland Innovation Park Zurich\" width=\"840\" height=\"371\" srcset=\"https:\/\/swissfederalism.ch\/wp-content\/uploads\/2021\/02\/Il-rendering-notturno-del-padiglione-dello-Switzerland-Innovation-Park-Zurich-1024x452.jpg 1024w, https:\/\/swissfederalism.ch\/wp-content\/uploads\/2021\/02\/Il-rendering-notturno-del-padiglione-dello-Switzerland-Innovation-Park-Zurich-300x132.jpg 300w, https:\/\/swissfederalism.ch\/wp-content\/uploads\/2021\/02\/Il-rendering-notturno-del-padiglione-dello-Switzerland-Innovation-Park-Zurich-768x339.jpg 768w, https:\/\/swissfederalism.ch\/wp-content\/uploads\/2021\/02\/Il-rendering-notturno-del-padiglione-dello-Switzerland-Innovation-Park-Zurich-1536x678.jpg 1536w, https:\/\/swissfederalism.ch\/wp-content\/uploads\/2021\/02\/Il-rendering-notturno-del-padiglione-dello-Switzerland-Innovation-Park-Zurich-2048x904.jpg 2048w, https:\/\/swissfederalism.ch\/wp-content\/uploads\/2021\/02\/Il-rendering-notturno-del-padiglione-dello-Switzerland-Innovation-Park-Zurich-scaled.jpg 2560w\" sizes=\"(max-width: 840px) 100vw, 840px\" \/><figcaption id=\"caption-attachment-87788\" class=\"wp-caption-text\">Le rendu de nuit du pavillon du Parc suisse de l&rsquo;innovation de Zurich.<\/figcaption><\/figure>\n<h4>Comment fonctionne exactement le \u00ab\u00a0projet IPZ\u00a0\u00bb ?<\/h4>\n<p>Le Switzerland Innovation Park Zurich (IPZ) fait partie de l&rsquo;initiative nationale Switzerland Innovation. Il se concentre sur la recherche et le d\u00e9veloppement \u00e0 l&rsquo;interface de la science et des affaires dans trois groupes : robotique et mobilit\u00e9, a\u00e9rospatiale et technologies de fabrication.<br \/>\nCe projet passionnant met l&rsquo;accent sur l&rsquo;int\u00e9gration directe et simple de la recherche, du d\u00e9veloppement et des applications pratiques dans un lieu unique partag\u00e9 par des universit\u00e9s et des entreprises internationales.<br \/>\nPr\u00e9financ\u00e9 par des investisseurs priv\u00e9s, le parc est actuellement en construction sur le site de l&rsquo;a\u00e9roport de D\u00fcbendorf. Parmi les institutions d\u00e9j\u00e0 actives dans la ZPI figurent l&rsquo;ETH (la c\u00e9l\u00e8bre \u00e9cole polytechnique locale) et l&rsquo;Universit\u00e9 de Zurich, l&rsquo;EMPA (Laboratoire f\u00e9d\u00e9ral suisse pour la science et la technologie des mat\u00e9riaux) et de nombreuses entreprises.<br \/>\nLa Conf\u00e9d\u00e9ration a mis le terrain \u00e0 la disposition du canton de Zurich par le biais du m\u00e9canisme des droits de superficie, \u00e0 condition que le Switzerland Innovation Park Zurich soit effectivement construit.<\/p>\n<p><iframe title=\"Der Pavillon des Innovationsparks entsteht\" width=\"840\" height=\"473\" src=\"https:\/\/www.youtube.com\/embed\/sgTpKn24-lI?feature=oembed&#038;width=840&#038;height=1000&#038;discover=1\" frameborder=\"0\" allow=\"accelerometer; autoplay; clipboard-write; encrypted-media; gyroscope; picture-in-picture\" allowfullscreen><\/iframe><\/p>\n<div id='gallery-1' class='gallery galleryid-95538 gallery-columns-6 gallery-size-thumbnail'><figure class='gallery-item'>\n\t\t\t<div class='gallery-icon landscape'>\n\t\t\t\t<a href='https:\/\/swissfederalism.ch\/fr\/les-etudiants-suisses-travaillent-meme-dix-heures-par-semaine\/le-varie-tappe-di-realizzazione-dello-switzerland-innovation-park-zurich-2-2\/'><img decoding=\"async\" width=\"150\" height=\"150\" src=\"https:\/\/swissfederalism.ch\/wp-content\/uploads\/2021\/02\/Le-varie-tappe-di-realizzazione-dello-Switzerland-Innovation-Park-Zurich-1-150x150.jpeg\" class=\"attachment-thumbnail size-thumbnail\" alt=\"\" aria-describedby=\"gallery-1-87869\" srcset=\"https:\/\/swissfederalism.ch\/wp-content\/uploads\/2021\/02\/Le-varie-tappe-di-realizzazione-dello-Switzerland-Innovation-Park-Zurich-1-150x150.jpeg 150w, https:\/\/swissfederalism.ch\/wp-content\/uploads\/2021\/02\/Le-varie-tappe-di-realizzazione-dello-Switzerland-Innovation-Park-Zurich-1-45x45.jpeg 45w\" sizes=\"(max-width: 150px) 100vw, 150px\" \/><\/a>\n\t\t\t<\/div>\n\t\t\t\t<figcaption class='wp-caption-text gallery-caption' id='gallery-1-87869'>\n\t\t\t\tParc d&rsquo;Innovation de Zurich\n\t\t\t\t<\/figcaption><\/figure><figure class='gallery-item'>\n\t\t\t<div class='gallery-icon landscape'>\n\t\t\t\t<a href='https:\/\/swissfederalism.ch\/fr\/26-milliards-de-dollars-de-valeur-pour-le-parc-dinnovation-de-zurich\/vista-dellarea-saentisblick-dello-swiss-innovation-park-zurich-2\/'><img decoding=\"async\" width=\"150\" height=\"150\" src=\"https:\/\/swissfederalism.ch\/wp-content\/uploads\/2021\/02\/Vista-dellarea-Saentisblick-dello-Swiss-Innovation-Park-Zurich-150x150.jpeg\" class=\"attachment-thumbnail size-thumbnail\" alt=\"Vista dell&#039;area Saentisblick dello Swiss Innovation Park Zurich\" aria-describedby=\"gallery-1-87834\" srcset=\"https:\/\/swissfederalism.ch\/wp-content\/uploads\/2021\/02\/Vista-dellarea-Saentisblick-dello-Swiss-Innovation-Park-Zurich-150x150.jpeg 150w, https:\/\/swissfederalism.ch\/wp-content\/uploads\/2021\/02\/Vista-dellarea-Saentisblick-dello-Swiss-Innovation-Park-Zurich-45x45.jpeg 45w\" sizes=\"(max-width: 150px) 100vw, 150px\" \/><\/a>\n\t\t\t<\/div>\n\t\t\t\t<figcaption class='wp-caption-text gallery-caption' id='gallery-1-87834'>\n\t\t\t\tVue de la zone Saentisblick du Parc suisse d&rsquo;innovation de Zurich\n\t\t\t\t<\/figcaption><\/figure><figure class='gallery-item'>\n\t\t\t<div class='gallery-icon landscape'>\n\t\t\t\t<a href='https:\/\/swissfederalism.ch\/fr\/vista-dalla-terrazza-dello-swiss-innovation-park-zurich-2\/'><img decoding=\"async\" width=\"150\" height=\"150\" src=\"https:\/\/swissfederalism.ch\/wp-content\/uploads\/2021\/02\/Vista-dalla-terrazza-dello-Swiss-Innovation-Park-Zurich-150x150.jpeg\" class=\"attachment-thumbnail size-thumbnail\" alt=\"Vista dalla terrazza dello Swiss Innovation Park Zurich\" aria-describedby=\"gallery-1-87830\" srcset=\"https:\/\/swissfederalism.ch\/wp-content\/uploads\/2021\/02\/Vista-dalla-terrazza-dello-Swiss-Innovation-Park-Zurich-150x150.jpeg 150w, https:\/\/swissfederalism.ch\/wp-content\/uploads\/2021\/02\/Vista-dalla-terrazza-dello-Swiss-Innovation-Park-Zurich-45x45.jpeg 45w\" sizes=\"(max-width: 150px) 100vw, 150px\" \/><\/a>\n\t\t\t<\/div>\n\t\t\t\t<figcaption class='wp-caption-text gallery-caption' id='gallery-1-87830'>\n\t\t\t\tVue de la terrasse du Parc suisse d&rsquo;innovation de Zurich\n\t\t\t\t<\/figcaption><\/figure><figure class='gallery-item'>\n\t\t\t<div class='gallery-icon landscape'>\n\t\t\t\t<a href='https:\/\/swissfederalism.ch\/fr\/26-milliards-de-dollars-de-valeur-pour-le-parc-dinnovation-de-zurich\/rendering-del-campus-dello-switzerland-innovation-park-zurich-2\/'><img decoding=\"async\" width=\"150\" height=\"150\" src=\"https:\/\/swissfederalism.ch\/wp-content\/uploads\/2021\/02\/Rendering-del-campus-dello-Switzerland-Innovation-Park-Zurich-150x150.jpeg\" class=\"attachment-thumbnail size-thumbnail\" alt=\"Rendering del campus dello Switzerland Innovation Park Zurich\" aria-describedby=\"gallery-1-87826\" srcset=\"https:\/\/swissfederalism.ch\/wp-content\/uploads\/2021\/02\/Rendering-del-campus-dello-Switzerland-Innovation-Park-Zurich-150x150.jpeg 150w, https:\/\/swissfederalism.ch\/wp-content\/uploads\/2021\/02\/Rendering-del-campus-dello-Switzerland-Innovation-Park-Zurich-45x45.jpeg 45w\" sizes=\"(max-width: 150px) 100vw, 150px\" \/><\/a>\n\t\t\t<\/div>\n\t\t\t\t<figcaption class='wp-caption-text gallery-caption' id='gallery-1-87826'>\n\t\t\t\tRendu du campus du Switzerland Innovation Park Zurich\n\t\t\t\t<\/figcaption><\/figure><figure class='gallery-item'>\n\t\t\t<div class='gallery-icon landscape'>\n\t\t\t\t<a href='https:\/\/swissfederalism.ch\/fr\/26-milliards-de-dollars-de-valeur-pour-le-parc-dinnovation-de-zurich\/rendering-degli-hangar-dello-switzerland-innovation-park-zurich-2\/'><img decoding=\"async\" width=\"150\" height=\"150\" src=\"https:\/\/swissfederalism.ch\/wp-content\/uploads\/2021\/02\/Rendering-degli-hangar-dello-Switzerland-Innovation-Park-Zurich-150x150.jpeg\" class=\"attachment-thumbnail size-thumbnail\" alt=\"Rendering degli hangar dello Switzerland Innovation Park Zurich\" aria-describedby=\"gallery-1-87822\" srcset=\"https:\/\/swissfederalism.ch\/wp-content\/uploads\/2021\/02\/Rendering-degli-hangar-dello-Switzerland-Innovation-Park-Zurich-150x150.jpeg 150w, https:\/\/swissfederalism.ch\/wp-content\/uploads\/2021\/02\/Rendering-degli-hangar-dello-Switzerland-Innovation-Park-Zurich-45x45.jpeg 45w\" sizes=\"(max-width: 150px) 100vw, 150px\" \/><\/a>\n\t\t\t<\/div>\n\t\t\t\t<figcaption class='wp-caption-text gallery-caption' id='gallery-1-87822'>\n\t\t\t\tRendering degli hangar dello Switzerland Innovation Park Zurich\n\t\t\t\t<\/figcaption><\/figure><figure class='gallery-item'>\n\t\t\t<div class='gallery-icon landscape'>\n\t\t\t\t<a href='https:\/\/swissfederalism.ch\/fr\/linterno-del-padiglione-dello-switzerland-innovation-park-zurich-3\/'><img decoding=\"async\" width=\"150\" height=\"150\" src=\"https:\/\/swissfederalism.ch\/wp-content\/uploads\/2021\/02\/Linterno-del-Padiglione-dello-Switzerland-Innovation-Park-Zurich-150x150.jpeg\" class=\"attachment-thumbnail size-thumbnail\" alt=\"L&#039;interno del Padiglione dello Switzerland Innovation Park Zurich\" aria-describedby=\"gallery-1-87818\" srcset=\"https:\/\/swissfederalism.ch\/wp-content\/uploads\/2021\/02\/Linterno-del-Padiglione-dello-Switzerland-Innovation-Park-Zurich-150x150.jpeg 150w, https:\/\/swissfederalism.ch\/wp-content\/uploads\/2021\/02\/Linterno-del-Padiglione-dello-Switzerland-Innovation-Park-Zurich-45x45.jpeg 45w\" sizes=\"(max-width: 150px) 100vw, 150px\" \/><\/a>\n\t\t\t<\/div>\n\t\t\t\t<figcaption class='wp-caption-text gallery-caption' id='gallery-1-87818'>\n\t\t\t\tL&rsquo;int\u00e9rieur du pavillon du Parc suisse d&rsquo;innovation de Zurich\n\t\t\t\t<\/figcaption><\/figure><figure class='gallery-item'>\n\t\t\t<div class='gallery-icon landscape'>\n\t\t\t\t<a href='https:\/\/swissfederalism.ch\/fr\/linterno-del-padiglione-dello-switzerland-innovation-park-zurich-2-2\/'><img decoding=\"async\" width=\"150\" height=\"150\" src=\"https:\/\/swissfederalism.ch\/wp-content\/uploads\/2021\/02\/Linterno-del-Padiglione-dello-Switzerland-Innovation-Park-Zurich-2-150x150.jpeg\" class=\"attachment-thumbnail size-thumbnail\" alt=\"L&#039;interno del Padiglione dello Switzerland Innovation Park Zurich (2)\" aria-describedby=\"gallery-1-87814\" srcset=\"https:\/\/swissfederalism.ch\/wp-content\/uploads\/2021\/02\/Linterno-del-Padiglione-dello-Switzerland-Innovation-Park-Zurich-2-150x150.jpeg 150w, https:\/\/swissfederalism.ch\/wp-content\/uploads\/2021\/02\/Linterno-del-Padiglione-dello-Switzerland-Innovation-Park-Zurich-2-45x45.jpeg 45w\" sizes=\"(max-width: 150px) 100vw, 150px\" \/><\/a>\n\t\t\t<\/div>\n\t\t\t\t<figcaption class='wp-caption-text gallery-caption' id='gallery-1-87814'>\n\t\t\t\tL&rsquo;int\u00e9rieur du pavillon du Parc suisse d&rsquo;innovation de Zurich (2)\n\t\t\t\t<\/figcaption><\/figure><figure class='gallery-item'>\n\t\t\t<div class='gallery-icon landscape'>\n\t\t\t\t<a href='https:\/\/swissfederalism.ch\/fr\/linterno-del-caffe-chuchichaeschtli-dello-switzerland-innovation-park-zurich-2\/'><img decoding=\"async\" width=\"150\" height=\"150\" src=\"https:\/\/swissfederalism.ch\/wp-content\/uploads\/2021\/02\/Linterno-del-Caffe-Chuchichaeschtli-dello-Switzerland-Innovation-Park-Zurich-150x150.jpeg\" class=\"attachment-thumbnail size-thumbnail\" alt=\"L&#039;interno del Caff\u00e8 Chuchichaeschtli dello Switzerland Innovation Park Zurich\" aria-describedby=\"gallery-1-87810\" srcset=\"https:\/\/swissfederalism.ch\/wp-content\/uploads\/2021\/02\/Linterno-del-Caffe-Chuchichaeschtli-dello-Switzerland-Innovation-Park-Zurich-150x150.jpeg 150w, https:\/\/swissfederalism.ch\/wp-content\/uploads\/2021\/02\/Linterno-del-Caffe-Chuchichaeschtli-dello-Switzerland-Innovation-Park-Zurich-45x45.jpeg 45w\" sizes=\"(max-width: 150px) 100vw, 150px\" \/><\/a>\n\t\t\t<\/div>\n\t\t\t\t<figcaption class='wp-caption-text gallery-caption' id='gallery-1-87810'>\n\t\t\t\tL&rsquo;int\u00e9rieur du Caf\u00e9 Chuchichaeschtli dans le Parc suisse de l&rsquo;innovation de Zurich\n\t\t\t\t<\/figcaption><\/figure><figure class='gallery-item'>\n\t\t\t<div class='gallery-icon landscape'>\n\t\t\t\t<a href='https:\/\/swissfederalism.ch\/fr\/la-scala-di-accesso-alla-terrazza-dello-switzerland-innovation-park-zurich-2\/'><img decoding=\"async\" width=\"150\" height=\"150\" src=\"https:\/\/swissfederalism.ch\/wp-content\/uploads\/2021\/02\/La-scala-di-accesso-alla-terrazza-dello-Switzerland-Innovation-Park-Zurich-150x150.jpeg\" class=\"attachment-thumbnail size-thumbnail\" alt=\"La scala di accesso alla terrazza dello Switzerland Innovation Park Zurich\" aria-describedby=\"gallery-1-87802\" srcset=\"https:\/\/swissfederalism.ch\/wp-content\/uploads\/2021\/02\/La-scala-di-accesso-alla-terrazza-dello-Switzerland-Innovation-Park-Zurich-150x150.jpeg 150w, https:\/\/swissfederalism.ch\/wp-content\/uploads\/2021\/02\/La-scala-di-accesso-alla-terrazza-dello-Switzerland-Innovation-Park-Zurich-45x45.jpeg 45w\" sizes=\"(max-width: 150px) 100vw, 150px\" \/><\/a>\n\t\t\t<\/div>\n\t\t\t\t<figcaption class='wp-caption-text gallery-caption' id='gallery-1-87802'>\n\t\t\t\tL&rsquo;escalier menant \u00e0 la terrasse du Switzerland Innovation Park de Zurich\n\t\t\t\t<\/figcaption><\/figure><figure class='gallery-item'>\n\t\t\t<div class='gallery-icon landscape'>\n\t\t\t\t<a href='https:\/\/swissfederalism.ch\/fr\/la-predisposizione-dei-cartelli-di-accesso-allo-switzerland-innovation-park-zurich-3\/'><img decoding=\"async\" width=\"150\" height=\"150\" src=\"https:\/\/swissfederalism.ch\/wp-content\/uploads\/2021\/02\/La-predisposizione-dei-cartelli-di-accesso-allo-Switzerland-Innovation-Park-Zurich-150x150.jpeg\" class=\"attachment-thumbnail size-thumbnail\" alt=\"La predisposizione dei cartelli di accesso allo Switzerland Innovation Park Zurich\" aria-describedby=\"gallery-1-87798\" srcset=\"https:\/\/swissfederalism.ch\/wp-content\/uploads\/2021\/02\/La-predisposizione-dei-cartelli-di-accesso-allo-Switzerland-Innovation-Park-Zurich-150x150.jpeg 150w, https:\/\/swissfederalism.ch\/wp-content\/uploads\/2021\/02\/La-predisposizione-dei-cartelli-di-accesso-allo-Switzerland-Innovation-Park-Zurich-45x45.jpeg 45w\" sizes=\"(max-width: 150px) 100vw, 150px\" \/><\/a>\n\t\t\t<\/div>\n\t\t\t\t<figcaption class='wp-caption-text gallery-caption' id='gallery-1-87798'>\n\t\t\t\tMise en place des panneaux d&rsquo;acc\u00e8s au Parc suisse de l&rsquo;innovation de Zurich\n\t\t\t\t<\/figcaption><\/figure><figure class='gallery-item'>\n\t\t\t<div class='gallery-icon landscape'>\n\t\t\t\t<a href='https:\/\/swissfederalism.ch\/fr\/la-predisposizione-dei-cartelli-di-accesso-allo-switzerland-innovation-park-zurich-2-2\/'><img decoding=\"async\" width=\"150\" height=\"150\" src=\"https:\/\/swissfederalism.ch\/wp-content\/uploads\/2021\/02\/La-predisposizione-dei-cartelli-di-accesso-allo-Switzerland-Innovation-Park-Zurich-2-150x150.jpeg\" class=\"attachment-thumbnail size-thumbnail\" alt=\"La predisposizione dei cartelli di accesso allo Switzerland Innovation Park Zurich\" aria-describedby=\"gallery-1-87794\" srcset=\"https:\/\/swissfederalism.ch\/wp-content\/uploads\/2021\/02\/La-predisposizione-dei-cartelli-di-accesso-allo-Switzerland-Innovation-Park-Zurich-2-150x150.jpeg 150w, https:\/\/swissfederalism.ch\/wp-content\/uploads\/2021\/02\/La-predisposizione-dei-cartelli-di-accesso-allo-Switzerland-Innovation-Park-Zurich-2-45x45.jpeg 45w\" sizes=\"(max-width: 150px) 100vw, 150px\" \/><\/a>\n\t\t\t<\/div>\n\t\t\t\t<figcaption class='wp-caption-text gallery-caption' id='gallery-1-87794'>\n\t\t\t\tMise en place des panneaux d&rsquo;acc\u00e8s au Parc suisse de l&rsquo;innovation de Zurich\n\t\t\t\t<\/figcaption><\/figure><figure class='gallery-item'>\n\t\t\t<div class='gallery-icon landscape'>\n\t\t\t\t<a href='https:\/\/swissfederalism.ch\/fr\/26-milliards-de-dollars-de-valeur-pour-le-parc-dinnovation-de-zurich\/il-rendering-notturno-del-padiglione-dello-switzerland-innovation-park-zurich-2\/'><img decoding=\"async\" width=\"150\" height=\"150\" src=\"https:\/\/swissfederalism.ch\/wp-content\/uploads\/2021\/02\/Il-rendering-notturno-del-padiglione-dello-Switzerland-Innovation-Park-Zurich-150x150.jpg\" class=\"attachment-thumbnail size-thumbnail\" alt=\"Il rendering notturno del padiglione dello Switzerland Innovation Park Zurich\" aria-describedby=\"gallery-1-87790\" srcset=\"https:\/\/swissfederalism.ch\/wp-content\/uploads\/2021\/02\/Il-rendering-notturno-del-padiglione-dello-Switzerland-Innovation-Park-Zurich-150x150.jpg 150w, https:\/\/swissfederalism.ch\/wp-content\/uploads\/2021\/02\/Il-rendering-notturno-del-padiglione-dello-Switzerland-Innovation-Park-Zurich-45x45.jpg 45w\" sizes=\"(max-width: 150px) 100vw, 150px\" \/><\/a>\n\t\t\t<\/div>\n\t\t\t\t<figcaption class='wp-caption-text gallery-caption' id='gallery-1-87790'>\n\t\t\t\tRendu nocturne du pavillon du Parc suisse d&rsquo;innovation de Zurich\n\t\t\t\t<\/figcaption><\/figure><figure class='gallery-item'>\n\t\t\t<div class='gallery-icon landscape'>\n\t\t\t\t<a href='https:\/\/swissfederalism.ch\/fr\/26-milliards-de-dollars-de-valeur-pour-le-parc-dinnovation-de-zurich\/il-rendering-del-padiglione-dello-switzerland-innovation-park-zurich-2\/'><img decoding=\"async\" width=\"150\" height=\"150\" src=\"https:\/\/swissfederalism.ch\/wp-content\/uploads\/2021\/02\/Il-rendering-del-padiglione-dello-Switzerland-Innovation-Park-Zurich-150x150.jpg\" class=\"attachment-thumbnail size-thumbnail\" alt=\"Il rendering del padiglione dello Switzerland Innovation Park Zurich\" aria-describedby=\"gallery-1-87786\" srcset=\"https:\/\/swissfederalism.ch\/wp-content\/uploads\/2021\/02\/Il-rendering-del-padiglione-dello-Switzerland-Innovation-Park-Zurich-150x150.jpg 150w, https:\/\/swissfederalism.ch\/wp-content\/uploads\/2021\/02\/Il-rendering-del-padiglione-dello-Switzerland-Innovation-Park-Zurich-45x45.jpg 45w\" sizes=\"(max-width: 150px) 100vw, 150px\" \/><\/a>\n\t\t\t<\/div>\n\t\t\t\t<figcaption class='wp-caption-text gallery-caption' id='gallery-1-87786'>\n\t\t\t\tLe rendu du pavillon du Parc suisse d&rsquo;innovation de Zurich\n\t\t\t\t<\/figcaption><\/figure><figure class='gallery-item'>\n\t\t\t<div class='gallery-icon landscape'>\n\t\t\t\t<a href='https:\/\/swissfederalism.ch\/fr\/il-padiglione-dello-switzerland-innovation-park-zurich-3\/'><img decoding=\"async\" width=\"150\" height=\"150\" src=\"https:\/\/swissfederalism.ch\/wp-content\/uploads\/2021\/02\/Il-padiglione-dello-Switzerland-Innovation-Park-Zurich-150x150.jpeg\" class=\"attachment-thumbnail size-thumbnail\" alt=\"l padiglione dello Switzerland Innovation Park Zurich\" aria-describedby=\"gallery-1-87782\" srcset=\"https:\/\/swissfederalism.ch\/wp-content\/uploads\/2021\/02\/Il-padiglione-dello-Switzerland-Innovation-Park-Zurich-150x150.jpeg 150w, https:\/\/swissfederalism.ch\/wp-content\/uploads\/2021\/02\/Il-padiglione-dello-Switzerland-Innovation-Park-Zurich-45x45.jpeg 45w\" sizes=\"(max-width: 150px) 100vw, 150px\" \/><\/a>\n\t\t\t<\/div>\n\t\t\t\t<figcaption class='wp-caption-text gallery-caption' id='gallery-1-87782'>\n\t\t\t\tE pavillon du Parc suisse d&rsquo;innovation de Zurich\n\t\t\t\t<\/figcaption><\/figure><figure class='gallery-item'>\n\t\t\t<div class='gallery-icon landscape'>\n\t\t\t\t<a href='https:\/\/swissfederalism.ch\/fr\/il-padiglione-dello-switzerland-innovation-park-zurich-in-costruzione-3\/'><img decoding=\"async\" width=\"150\" height=\"150\" src=\"https:\/\/swissfederalism.ch\/wp-content\/uploads\/2021\/02\/Il-padiglione-dello-Switzerland-Innovation-Park-Zurich-in-costruzione-150x150.jpeg\" class=\"attachment-thumbnail size-thumbnail\" alt=\"Il padiglione dello Switzerland Innovation Park Zurich in costruzione\" aria-describedby=\"gallery-1-87778\" srcset=\"https:\/\/swissfederalism.ch\/wp-content\/uploads\/2021\/02\/Il-padiglione-dello-Switzerland-Innovation-Park-Zurich-in-costruzione-150x150.jpeg 150w, https:\/\/swissfederalism.ch\/wp-content\/uploads\/2021\/02\/Il-padiglione-dello-Switzerland-Innovation-Park-Zurich-in-costruzione-45x45.jpeg 45w\" sizes=\"(max-width: 150px) 100vw, 150px\" \/><\/a>\n\t\t\t<\/div>\n\t\t\t\t<figcaption class='wp-caption-text gallery-caption' id='gallery-1-87778'>\n\t\t\t\tLe pavillon du Parc suisse d&rsquo;innovation de Zurich en construction\n\t\t\t\t<\/figcaption><\/figure><figure class='gallery-item'>\n\t\t\t<div class='gallery-icon landscape'>\n\t\t\t\t<a href='https:\/\/swissfederalism.ch\/fr\/26-milliards-de-dollars-de-valeur-pour-le-parc-dinnovation-de-zurich\/il-padiglione-dello-switzerland-innovation-park-zurich-in-costruzione-2-2\/'><img decoding=\"async\" width=\"150\" height=\"150\" src=\"https:\/\/swissfederalism.ch\/wp-content\/uploads\/2021\/02\/Il-padiglione-dello-Switzerland-Innovation-Park-Zurich-in-costruzione-2-150x150.jpeg\" class=\"attachment-thumbnail size-thumbnail\" alt=\"Il padiglione dello Switzerland Innovation Park Zurich in costruzione\" aria-describedby=\"gallery-1-87774\" srcset=\"https:\/\/swissfederalism.ch\/wp-content\/uploads\/2021\/02\/Il-padiglione-dello-Switzerland-Innovation-Park-Zurich-in-costruzione-2-150x150.jpeg 150w, https:\/\/swissfederalism.ch\/wp-content\/uploads\/2021\/02\/Il-padiglione-dello-Switzerland-Innovation-Park-Zurich-in-costruzione-2-45x45.jpeg 45w\" sizes=\"(max-width: 150px) 100vw, 150px\" \/><\/a>\n\t\t\t<\/div>\n\t\t\t\t<figcaption class='wp-caption-text gallery-caption' id='gallery-1-87774'>\n\t\t\t\tLe pavillon du Parc suisse d&rsquo;innovation de Zurich en construction\n\t\t\t\t<\/figcaption><\/figure><figure class='gallery-item'>\n\t\t\t<div class='gallery-icon landscape'>\n\t\t\t\t<a href='https:\/\/swissfederalism.ch\/fr\/il-padiglione-dello-switzerland-innovation-park-zurich-2-2\/'><img decoding=\"async\" width=\"150\" height=\"150\" src=\"https:\/\/swissfederalism.ch\/wp-content\/uploads\/2021\/02\/Il-padiglione-dello-Switzerland-Innovation-Park-Zurich-2-150x150.jpeg\" class=\"attachment-thumbnail size-thumbnail\" alt=\"Ill padiglione dello Switzerland Innovation Park Zurich\" aria-describedby=\"gallery-1-87770\" srcset=\"https:\/\/swissfederalism.ch\/wp-content\/uploads\/2021\/02\/Il-padiglione-dello-Switzerland-Innovation-Park-Zurich-2-150x150.jpeg 150w, https:\/\/swissfederalism.ch\/wp-content\/uploads\/2021\/02\/Il-padiglione-dello-Switzerland-Innovation-Park-Zurich-2-45x45.jpeg 45w\" sizes=\"(max-width: 150px) 100vw, 150px\" \/><\/a>\n\t\t\t<\/div>\n\t\t\t\t<figcaption class='wp-caption-text gallery-caption' id='gallery-1-87770'>\n\t\t\t\tLe pavillon du Parc suisse d&rsquo;innovation de Zurich\n\t\t\t\t<\/figcaption><\/figure><figure class='gallery-item'>\n\t\t\t<div class='gallery-icon landscape'>\n\t\t\t\t<a href='https:\/\/swissfederalism.ch\/fr\/26-milliards-de-dollars-de-valeur-pour-le-parc-dinnovation-de-zurich\/sip_zurich_srgb-2\/'><img decoding=\"async\" width=\"150\" height=\"150\" src=\"https:\/\/swissfederalism.ch\/wp-content\/uploads\/2021\/02\/Il-logotipo-dello-Switzerland-Innovation-Park-Zurich-150x150.jpg\" class=\"attachment-thumbnail size-thumbnail\" alt=\"Il logotipo dello Switzerland Innovation Park Zurich\" aria-describedby=\"gallery-1-87766\" srcset=\"https:\/\/swissfederalism.ch\/wp-content\/uploads\/2021\/02\/Il-logotipo-dello-Switzerland-Innovation-Park-Zurich-150x150.jpg 150w, https:\/\/swissfederalism.ch\/wp-content\/uploads\/2021\/02\/Il-logotipo-dello-Switzerland-Innovation-Park-Zurich-45x45.jpg 45w\" sizes=\"(max-width: 150px) 100vw, 150px\" \/><\/a>\n\t\t\t<\/div>\n\t\t\t\t<figcaption class='wp-caption-text gallery-caption' id='gallery-1-87766'>\n\t\t\t\tLe logo du Parc suisse d&rsquo;innovation de Zurich\n\t\t\t\t<\/figcaption><\/figure>\n\t\t<\/div>\n\n<figure id=\"attachment_87764\" aria-describedby=\"caption-attachment-87764\" style=\"width: 840px\" class=\"wp-caption aligncenter\"><img decoding=\"async\" class=\"wp-image-87764 size-large\" src=\"https:\/\/swissfederalism.ch\/wp-content\/uploads\/2021\/02\/Il-logotipo-dello-Switzerland-Innovation-Park-Zurich-1024x564.jpg\" alt=\"Il logotipo dello Switzerland Innovation Park Zurich\" width=\"840\" height=\"463\" srcset=\"https:\/\/swissfederalism.ch\/wp-content\/uploads\/2021\/02\/Il-logotipo-dello-Switzerland-Innovation-Park-Zurich-1024x564.jpg 1024w, https:\/\/swissfederalism.ch\/wp-content\/uploads\/2021\/02\/Il-logotipo-dello-Switzerland-Innovation-Park-Zurich-300x165.jpg 300w, https:\/\/swissfederalism.ch\/wp-content\/uploads\/2021\/02\/Il-logotipo-dello-Switzerland-Innovation-Park-Zurich-768x423.jpg 768w, https:\/\/swissfederalism.ch\/wp-content\/uploads\/2021\/02\/Il-logotipo-dello-Switzerland-Innovation-Park-Zurich-1536x847.jpg 1536w, https:\/\/swissfederalism.ch\/wp-content\/uploads\/2021\/02\/Il-logotipo-dello-Switzerland-Innovation-Park-Zurich-2048x1129.jpg 2048w, https:\/\/swissfederalism.ch\/wp-content\/uploads\/2021\/02\/Il-logotipo-dello-Switzerland-Innovation-Park-Zurich.jpg 2362w\" sizes=\"(max-width: 840px) 100vw, 840px\" \/><figcaption id=\"caption-attachment-87764\" class=\"wp-caption-text\">Le logo du Parc suisse d&rsquo;innovation de Zurich<\/figcaption><\/figure>\n","protected":false},"excerpt":{"rendered":"<p>Une \u00e9tude de BAK Economics pr\u00e9voit que l&rsquo;exploitation de la ZIP cr\u00e9era 14 000 nouveaux emplois entre D\u00fcbendorf et la Limmat, avec un chiffre d&rsquo;affaires \u00e0 neuf chiffres.<\/p>\n","protected":false},"author":2,"featured_media":87869,"comment_status":"open","ping_status":"closed","sticky":false,"template":"","format":"standard","meta":{"footnotes":""},"categories":[326,312,310,308,306,294],"tags":[393,423,394,434,410,455],"class_list":["post-95538","post","type-post","status-publish","format-standard","has-post-thumbnail","hentry","category-canton-de-zurich","category-culture-fr","category-economie","category-faits-marquants","category-politique","category-suisse","tag-avenir","tag-durabilite","tag-opportunites","tag-politique","tag-science-fr","tag-tech-fr"],"_links":{"self":[{"href":"https:\/\/swissfederalism.ch\/fr\/wp-json\/wp\/v2\/posts\/95538","targetHints":{"allow":["GET"]}}],"collection":[{"href":"https:\/\/swissfederalism.ch\/fr\/wp-json\/wp\/v2\/posts"}],"about":[{"href":"https:\/\/swissfederalism.ch\/fr\/wp-json\/wp\/v2\/types\/post"}],"author":[{"embeddable":true,"href":"https:\/\/swissfederalism.ch\/fr\/wp-json\/wp\/v2\/users\/2"}],"replies":[{"embeddable":true,"href":"https:\/\/swissfederalism.ch\/fr\/wp-json\/wp\/v2\/comments?post=95538"}],"version-history":[{"count":4,"href":"https:\/\/swissfederalism.ch\/fr\/wp-json\/wp\/v2\/posts\/95538\/revisions"}],"predecessor-version":[{"id":125190,"href":"https:\/\/swissfederalism.ch\/fr\/wp-json\/wp\/v2\/posts\/95538\/revisions\/125190"}],"wp:featuredmedia":[{"embeddable":true,"href":"https:\/\/swissfederalism.ch\/fr\/wp-json\/wp\/v2\/media\/87869"}],"wp:attachment":[{"href":"https:\/\/swissfederalism.ch\/fr\/wp-json\/wp\/v2\/media?parent=95538"}],"wp:term":[{"taxonomy":"category","embeddable":true,"href":"https:\/\/swissfederalism.ch\/fr\/wp-json\/wp\/v2\/categories?post=95538"},{"taxonomy":"post_tag","embeddable":true,"href":"https:\/\/swissfederalism.ch\/fr\/wp-json\/wp\/v2\/tags?post=95538"}],"curies":[{"name":"wp","href":"https:\/\/api.w.org\/{rel}","templated":true}]}}