{"id":94670,"date":"2021-03-02T17:42:38","date_gmt":"2021-03-02T17:42:38","guid":{"rendered":"https:\/\/swissfederalism.ch\/disponibili-gratis-per-luso-i-geodati-digitali-di-swisstopo\/"},"modified":"2021-08-19T11:56:04","modified_gmt":"2021-08-19T11:56:04","slug":"geodonnees-numeriques-de-swisstopo-disponibles-pour-une-utilisation-gratuite","status":"publish","type":"post","link":"https:\/\/swissfederalism.ch\/fr\/geodonnees-numeriques-de-swisstopo-disponibles-pour-une-utilisation-gratuite\/","title":{"rendered":"G\u00e9odonn\u00e9es num\u00e9riques de swisstopo disponibles pour une utilisation gratuite"},"content":{"rendered":"<h1>G\u00e9odonn\u00e9es num\u00e9riques de swisstopo disponibles pour une utilisation gratuite<\/h1>\n<h3><em>D\u00e8s le 1er mars 2021, l&rsquo;Office f\u00e9d\u00e9ral de topographie de la Suisse mettra gratuitement en ligne ses services et ses donn\u00e9es num\u00e9riques officielles<\/em><\/h3>\n<p>les g\u00e9odonn\u00e9es num\u00e9riques de swisstopo sont d\u00e9sormais gratuites et peuvent \u00eatre utilis\u00e9es librement<br \/>\nD\u00e8s le 1er mars 2021, l&rsquo;Office f\u00e9d\u00e9ral de topographie swisstopo mettra gratuitement \u00e0 disposition en ligne ses services et ses donn\u00e9es num\u00e9riques officielles.<\/p>\n<p><a href=\"https:\/\/swissfederalism.ch\/fr\/pacte-suisse-liechtenstein-sur-linnovation-scientifique\/\"><strong>Pacte Suisse-Liechtenstein sur l&rsquo;innovation scientifique<\/strong><\/a><br \/>\n<a href=\"https:\/\/swissfederalism.ch\/fr\/berne-zurich-argovie-innovation-fiscale\/\"><strong>Berne, Zurich et Argovie misent sur l&rsquo;innovation fiscale<\/strong><\/a><\/p>\n<p>De cette mani\u00e8re, swisstopo cr\u00e9e de nouvelles opportunit\u00e9s pour les entreprises, les particuliers et les organisations \u00e0 caract\u00e8re innovant pour d\u00e9velopper des services d&rsquo;information.<br \/>\nLes co\u00fbts d&rsquo;acquisition et les frais d&rsquo;utilisation ant\u00e9rieurs ne sont plus applicables.La lib\u00e9ralisation des donn\u00e9es fait partie de la \u00ab\u00a0Strat\u00e9gie pour le libre acc\u00e8s aux donn\u00e9es publiques en Suisse 2019-2023\u00a0\u00bb, adopt\u00e9e par le Conseil f\u00e9d\u00e9ral en novembre 2018.<br \/>\n\u00c0 l&rsquo;avenir, tous les produits num\u00e9riques standard de swisstopo, y compris les cartes nationales, les images a\u00e9riennes, les mod\u00e8les de paysage ou les donn\u00e9es g\u00e9ologiques vectorielles, seront mis gratuitement \u00e0 disposition en tant que donn\u00e9es gouvernementales ouvertes (DGO).<\/p>\n<p>Plus de collaboration UniNE-UST sur l&rsquo;analyse, les m\u00e9gadonn\u00e9es et l&rsquo;IA<br \/>\n2,6 milliards d&rsquo;euros de valeur pour le parc d&rsquo;innovation de Zurich<\/p>\n<p>Ils peuvent ensuite \u00eatre utilis\u00e9s et redistribu\u00e9s librement. Aucune autorisation ne sera demand\u00e9e, seule la citation des sources sera exig\u00e9e, et l&rsquo;utilisation commerciale sera \u00e9galement autoris\u00e9e.<\/p>\n<figure id=\"attachment_87867\" aria-describedby=\"caption-attachment-87867\" style=\"width: 840px\" class=\"wp-caption aligncenter\"><img decoding=\"async\" class=\"wp-image-87867 size-large\" src=\"https:\/\/swissfederalism.ch\/wp-content\/uploads\/2021\/02\/Le-varie-tappe-di-realizzazione-dello-Switzerland-Innovation-Park-Zurich-1-1024x683.jpeg\" alt=\"Le varie tappe di realizzazione dello Switzerland Innovation Park Zurich\" width=\"840\" height=\"560\" srcset=\"https:\/\/swissfederalism.ch\/wp-content\/uploads\/2021\/02\/Le-varie-tappe-di-realizzazione-dello-Switzerland-Innovation-Park-Zurich-1-1024x683.jpeg 1024w, https:\/\/swissfederalism.ch\/wp-content\/uploads\/2021\/02\/Le-varie-tappe-di-realizzazione-dello-Switzerland-Innovation-Park-Zurich-1-300x200.jpeg 300w, https:\/\/swissfederalism.ch\/wp-content\/uploads\/2021\/02\/Le-varie-tappe-di-realizzazione-dello-Switzerland-Innovation-Park-Zurich-1-768x512.jpeg 768w, https:\/\/swissfederalism.ch\/wp-content\/uploads\/2021\/02\/Le-varie-tappe-di-realizzazione-dello-Switzerland-Innovation-Park-Zurich-1-1536x1024.jpeg 1536w, https:\/\/swissfederalism.ch\/wp-content\/uploads\/2021\/02\/Le-varie-tappe-di-realizzazione-dello-Switzerland-Innovation-Park-Zurich-1.jpeg 1920w\" sizes=\"(max-width: 840px) 100vw, 840px\" \/><figcaption id=\"caption-attachment-87867\" class=\"wp-caption-text\">Les diff\u00e9rentes \u00e9tapes de la r\u00e9alisation du Switzerland Innovation Park Zurich<\/figcaption><\/figure>\n<h3>Une contribution \u00e0 la transformation num\u00e9rique<\/h3>\n<p>Le Conseil f\u00e9d\u00e9ral a approuv\u00e9 les modifications n\u00e9cessaires de l&rsquo;ordonnance sur la lib\u00e9ralisation des donn\u00e9es le 4 avril 2020, pour une entr\u00e9e en vigueur le 1er mars 2021.<br \/>\nL&rsquo;objectif est une utilisation encore plus large de la g\u00e9oinformation. En outre, cette lib\u00e9ralisation des donn\u00e9es s&rsquo;inscrit dans le cadre de la \u00ab\u00a0Strat\u00e9gie pour le libre acc\u00e8s aux donn\u00e9es publiques en Suisse 2019-2023\u00a0\u00bb, adopt\u00e9e par le Conseil f\u00e9d\u00e9ral en automne 2018.<br \/>\nLes g\u00e9odonn\u00e9es num\u00e9riques de swisstopo sont principalement destin\u00e9es aux utilisateurs professionnels.<\/p>\n<p><a href=\"https:\/\/swissfederalism.ch\/fr\/la-suisse-aura-un-ambassadeur-ad-hoc-pour-le-science\/\"><strong>La Suisse aura un ambassadeur ad hoc pour&#8230; la science<\/strong><\/a><br \/>\n<a href=\"https:\/\/swissfederalism.ch\/fr\/conseil-federal-reseau-green-fintech-suisse\/\"><strong>Le Conseil f\u00e9d\u00e9ral approuve le r\u00e9seau \u00ab\u00a0Green Fintech\u00a0\u00bb suisse<\/strong><\/a><\/p>\n<p>Pour les ing\u00e9nieurs, les architectes, les programmeurs ou les planificateurs, mais aussi pour la recherche et la science, l&rsquo;acc\u00e8s aux g\u00e9odonn\u00e9es officielles fournies selon les principes de l&rsquo;OGD deviendra ainsi plus facile, avec une plus grande incitation \u00e0 d\u00e9velopper de nouveaux services d&rsquo;information de cette mani\u00e8re.<br \/>\nCela permet \u00e0 swisstopo de contribuer activement \u00e0 l&rsquo;innovation et \u00e0 la croissance \u00e9conomique, tout en soutenant la transformation num\u00e9rique en Suisse.<\/p>\n<figure id=\"attachment_88513\" aria-describedby=\"caption-attachment-88513\" style=\"width: 840px\" class=\"wp-caption aligncenter\"><img decoding=\"async\" class=\"wp-image-88513 size-large\" src=\"https:\/\/swissfederalism.ch\/wp-content\/uploads\/2021\/03\/I-geodati-di-swisstopo-saranno-utilizzabili-gratis-da-pubblico-e-privati-3-1024x683.jpg\" alt=\"I geodati di swisstopo saranno utilizzabili gratis da pubblico e privati\" width=\"840\" height=\"560\" srcset=\"https:\/\/swissfederalism.ch\/wp-content\/uploads\/2021\/03\/I-geodati-di-swisstopo-saranno-utilizzabili-gratis-da-pubblico-e-privati-3-1024x683.jpg 1024w, https:\/\/swissfederalism.ch\/wp-content\/uploads\/2021\/03\/I-geodati-di-swisstopo-saranno-utilizzabili-gratis-da-pubblico-e-privati-3-300x200.jpg 300w, https:\/\/swissfederalism.ch\/wp-content\/uploads\/2021\/03\/I-geodati-di-swisstopo-saranno-utilizzabili-gratis-da-pubblico-e-privati-3-768x512.jpg 768w, https:\/\/swissfederalism.ch\/wp-content\/uploads\/2021\/03\/I-geodati-di-swisstopo-saranno-utilizzabili-gratis-da-pubblico-e-privati-3-1536x1024.jpg 1536w, https:\/\/swissfederalism.ch\/wp-content\/uploads\/2021\/03\/I-geodati-di-swisstopo-saranno-utilizzabili-gratis-da-pubblico-e-privati-3.jpg 1920w\" sizes=\"(max-width: 840px) 100vw, 840px\" \/><figcaption id=\"caption-attachment-88513\" class=\"wp-caption-text\">Les g\u00e9odonn\u00e9es de swisstopo peuvent \u00eatre utilis\u00e9es gratuitement par les secteurs public et priv\u00e9.<\/figcaption><\/figure>\n<h3><strong>\u200b<\/strong><\/h3>\n<h3>Acc\u00e8s facile aux donn\u00e9es de l&rsquo;Internet ou des g\u00e9oservices<\/h3>\n<p>La plupart des g\u00e9odonn\u00e9es officielles de swisstopo sont mises \u00e0 disposition afin que les utilisateurs puissent les t\u00e9l\u00e9charger eux-m\u00eames sur Internet ou les utiliser en ligne via des g\u00e9oservices.<br \/>\nChaque ensemble de donn\u00e9es est fourni dans la version la plus r\u00e9cente et dans les formats et variantes les plus populaires. Il n&rsquo;est pas n\u00e9cessaire de s&rsquo;enregistrer pour t\u00e9l\u00e9charger les donn\u00e9es ou utiliser les g\u00e9oservices.<br \/>\nCertaines collections de g\u00e9odonn\u00e9es anciennes ou particuli\u00e8rement volumineuses utilis\u00e9es dans des domaines sp\u00e9cialis\u00e9s, telles que les bandes d&rsquo;images a\u00e9riennes ou les cartes historiques, ne peuvent pas \u00eatre t\u00e9l\u00e9charg\u00e9es, mais peuvent \u00eatre command\u00e9es sur geodata@swisstopo.ch.<br \/>\nDans ce cas, toutefois, les co\u00fbts de fourniture des donn\u00e9es seront factur\u00e9s. L&rsquo;utilisation est bien s\u00fbr gratuite.<\/p>\n<p><a href=\"https:\/\/swissfederalism.ch\/fr\/lindustrie-suisse-dexportation-mise-sur-linnovation\/\"><strong>L&rsquo;industrie suisse d&rsquo;exportation mise sur l&rsquo;innovation<\/strong><\/a><br \/>\n<a href=\"https:\/\/swissfederalism.ch\/fr\/plus-flexibilite-dans-promotion-innovations-suisses\/\"><strong>Plus de flexibilit\u00e9 dans la promotion de l&rsquo;innovation suisse<\/strong><\/a><\/p>\n<p>Comme les g\u00e9odonn\u00e9es de swisstopo sont disponibles dans un format lisible par un appareil \u00e9lectronique, elles peuvent \u00eatre facilement int\u00e9gr\u00e9es dans des processus num\u00e9riques.<br \/>\nPar exemple, une entreprise peut utiliser des interfaces de programmation pour mettre en place une mise \u00e0 jour r\u00e9guli\u00e8re et automatique des cartes nationales num\u00e9riques pour son syst\u00e8me d&rsquo;information g\u00e9ographique.<\/p>\n<figure id=\"attachment_88517\" aria-describedby=\"caption-attachment-88517\" style=\"width: 840px\" class=\"wp-caption aligncenter\"><img decoding=\"async\" class=\"wp-image-88517 size-large\" src=\"https:\/\/swissfederalism.ch\/wp-content\/uploads\/2021\/03\/I-geodati-di-swisstopo-saranno-utilizzabili-gratis-da-pubblico-e-privati-1024x683.png\" alt=\"I geodati di swisstopo saranno utilizzabili gratis da pubblico e privati\" width=\"840\" height=\"560\" srcset=\"https:\/\/swissfederalism.ch\/wp-content\/uploads\/2021\/03\/I-geodati-di-swisstopo-saranno-utilizzabili-gratis-da-pubblico-e-privati-1024x683.png 1024w, https:\/\/swissfederalism.ch\/wp-content\/uploads\/2021\/03\/I-geodati-di-swisstopo-saranno-utilizzabili-gratis-da-pubblico-e-privati-300x200.png 300w, https:\/\/swissfederalism.ch\/wp-content\/uploads\/2021\/03\/I-geodati-di-swisstopo-saranno-utilizzabili-gratis-da-pubblico-e-privati-768x512.png 768w, https:\/\/swissfederalism.ch\/wp-content\/uploads\/2021\/03\/I-geodati-di-swisstopo-saranno-utilizzabili-gratis-da-pubblico-e-privati-1536x1024.png 1536w, https:\/\/swissfederalism.ch\/wp-content\/uploads\/2021\/03\/I-geodati-di-swisstopo-saranno-utilizzabili-gratis-da-pubblico-e-privati.png 1920w\" sizes=\"(max-width: 840px) 100vw, 840px\" \/><figcaption id=\"caption-attachment-88517\" class=\"wp-caption-text\">Les g\u00e9odonn\u00e9es de swisstopo peuvent \u00eatre utilis\u00e9es gratuitement par les secteurs public et priv\u00e9.<\/figcaption><\/figure>\n<p><iframe title=\"swisstopo app \u2013 precise maps for Switzerland\" width=\"840\" height=\"473\" src=\"https:\/\/www.youtube.com\/embed\/394t9pR4BZY?feature=oembed&#038;width=840&#038;height=1000&#038;discover=1\" frameborder=\"0\" allow=\"accelerometer; autoplay; clipboard-write; encrypted-media; gyroscope; picture-in-picture\" allowfullscreen><\/iframe><\/p>\n<p><iframe title=\"swisstopo-App \u2013 pr\u00e4zise Karten f\u00fcr die Schweiz\" width=\"840\" height=\"473\" src=\"https:\/\/www.youtube.com\/embed\/4MuBlFesHho?feature=oembed&#038;width=840&#038;height=1000&#038;discover=1\" frameborder=\"0\" allow=\"accelerometer; autoplay; clipboard-write; encrypted-media; gyroscope; picture-in-picture\" allowfullscreen><\/iframe><\/p>\n<p><iframe title=\"App swisstopo \u2013 cartes pr\u00e9cises pour la Suisse\" width=\"840\" height=\"473\" src=\"https:\/\/www.youtube.com\/embed\/7j7G1hxPKk8?feature=oembed&#038;width=840&#038;height=1000&#038;discover=1\" frameborder=\"0\" allow=\"accelerometer; autoplay; clipboard-write; encrypted-media; gyroscope; picture-in-picture\" allowfullscreen><\/iframe><\/p>\n<p><iframe title=\"App swisstopo \u2013 carte precise per la Svizzera\" width=\"840\" height=\"473\" src=\"https:\/\/www.youtube.com\/embed\/G-tU2hBcGi4?feature=oembed&#038;width=840&#038;height=1000&#038;discover=1\" frameborder=\"0\" allow=\"accelerometer; autoplay; clipboard-write; encrypted-media; gyroscope; picture-in-picture\" allowfullscreen><\/iframe><\/p>\n<p>&nbsp;<\/p>\n","protected":false},"excerpt":{"rendered":"<p>\u00c0 partir du 1er mars 2021, l&rsquo;Office f\u00e9d\u00e9ral de topographie de la Suisse mettra gratuitement en ligne ses services et ses donn\u00e9es num\u00e9riques officielles.<\/p>\n","protected":false},"author":2,"featured_media":88511,"comment_status":"open","ping_status":"closed","sticky":false,"template":"","format":"standard","meta":{"footnotes":""},"categories":[298,300,389,356,338,386,383,380,377,374,368,365,362,359,353,350,344,347,323,332,329,326,321,371,341,335,312,310,308,294],"tags":[497,397,394,455],"class_list":["post-94670","post","type-post","status-publish","format-standard","has-post-thumbnail","hentry","category-canton-appenzell-rhodes-exterieures","category-canton-appenzell-rhodes-interieures","category-canton-argovie","category-canton-dobwald","category-canton-uri","category-canton-de-bale-campagne","category-canton-de-bale-ville","category-canton-de-berne","category-canton-de-fribourg","category-canton-de-geneve","category-canton-de-glaris","category-canton-de-lucerne","category-canton-de-neuchatel","category-canton-de-nidwald","category-canton-de-saint-gall","category-canton-de-schaffhouse","category-canton-de-schwytz","category-canton-de-soleure","category-canton-de-thurgovie","category-canton-de-vaud","category-canton-de-zoug","category-canton-de-zurich","category-canton-des-grisons","category-canton-du-jura","category-canton-du-tessin","category-canton-valais-fr","category-culture-fr","category-economie","category-faits-marquants","category-suisse","tag-cantons","tag-federalisme","tag-opportunites","tag-tech-fr"],"_links":{"self":[{"href":"https:\/\/swissfederalism.ch\/fr\/wp-json\/wp\/v2\/posts\/94670","targetHints":{"allow":["GET"]}}],"collection":[{"href":"https:\/\/swissfederalism.ch\/fr\/wp-json\/wp\/v2\/posts"}],"about":[{"href":"https:\/\/swissfederalism.ch\/fr\/wp-json\/wp\/v2\/types\/post"}],"author":[{"embeddable":true,"href":"https:\/\/swissfederalism.ch\/fr\/wp-json\/wp\/v2\/users\/2"}],"replies":[{"embeddable":true,"href":"https:\/\/swissfederalism.ch\/fr\/wp-json\/wp\/v2\/comments?post=94670"}],"version-history":[{"count":5,"href":"https:\/\/swissfederalism.ch\/fr\/wp-json\/wp\/v2\/posts\/94670\/revisions"}],"predecessor-version":[{"id":125203,"href":"https:\/\/swissfederalism.ch\/fr\/wp-json\/wp\/v2\/posts\/94670\/revisions\/125203"}],"wp:featuredmedia":[{"embeddable":true,"href":"https:\/\/swissfederalism.ch\/fr\/wp-json\/wp\/v2\/media\/88511"}],"wp:attachment":[{"href":"https:\/\/swissfederalism.ch\/fr\/wp-json\/wp\/v2\/media?parent=94670"}],"wp:term":[{"taxonomy":"category","embeddable":true,"href":"https:\/\/swissfederalism.ch\/fr\/wp-json\/wp\/v2\/categories?post=94670"},{"taxonomy":"post_tag","embeddable":true,"href":"https:\/\/swissfederalism.ch\/fr\/wp-json\/wp\/v2\/tags?post=94670"}],"curies":[{"name":"wp","href":"https:\/\/api.w.org\/{rel}","templated":true}]}}