{"id":94411,"date":"2021-02-27T00:02:16","date_gmt":"2021-02-27T00:02:16","guid":{"rendered":"https:\/\/swissfederalism.ch\/e-scaricabile-lopuscolo-la-confederazione-in-breve-2021\/"},"modified":"2021-08-19T11:48:23","modified_gmt":"2021-08-19T11:48:23","slug":"telechargez-la-brochure-la-confederation-suisse-en-bref-2021","status":"publish","type":"post","link":"https:\/\/swissfederalism.ch\/fr\/telechargez-la-brochure-la-confederation-suisse-en-bref-2021\/","title":{"rendered":"T\u00e9l\u00e9chargez la brochure \u00ab\u00a0La Conf\u00e9d\u00e9ration suisse en bref\u00a0\u00bb 2021"},"content":{"rendered":"<h1>T\u00e9l\u00e9chargez la brochure \u00ab\u00a0La Conf\u00e9d\u00e9ration suisse en bref\u00a0\u00bb 2021<\/h1>\n<h3><em>Le guide officiel du fonctionnement de la d\u00e9mocratie suisse et de ses institutions a \u00e9t\u00e9 \u00e9largi et am\u00e9lior\u00e9 et sera tir\u00e9 \u00e0 170 000 exemplaires<\/em><\/h3>\n<p>La Chancellerie f\u00e9d\u00e9rale a revu le contenu et la pr\u00e9sentation de la brochure \u00ab\u00a0La Conf\u00e9d\u00e9ration en bref\u00a0\u00bb, qui est publi\u00e9e chaque ann\u00e9e en Suisse.<br \/>\nL&rsquo;\u00e9dition 2021 tient compte des nouvelles possibilit\u00e9s et attentes en mati\u00e8re d&rsquo;information, mais ce n&rsquo;est pas tout : l&rsquo;appli \u00ab\u00a0CH info\u00a0\u00bb a \u00e9galement \u00e9t\u00e9 mise \u00e0 jour.<br \/>\nLa publication \u00ab\u00a0La Conf\u00e9d\u00e9ration en bref\u00a0\u00bb donne un aper\u00e7u du fonctionnement de la d\u00e9mocratie suisse et de ses institutions.<br \/>\nMis \u00e0 jour chaque ann\u00e9e et tir\u00e9 \u00e0 170 000 exemplaires, il est utilis\u00e9 par le public comme ouvrage de r\u00e9f\u00e9rence et dans de nombreuses \u00e9coles comme support p\u00e9dagogique.<\/p>\n<p><strong><a title=\"The Council of States of the Swiss Confederation 2021 (English)\" href=\"https:\/\/swissfederalism.ch\/wp-content\/uploads\/2021\/02\/The-Council-of-States-of-the-Swiss-Confederation-2021.pdf\" target=\"_blank\" rel=\"noopener\">The Council of States of the Swiss Confederation 2021 (English)<\/a><br \/>\n<\/strong><strong><a href=\"https:\/\/swissfederalism.ch\/wp-content\/uploads\/2021\/02\/Der-Bund-kurz-erklart-2021-Deutsch.pdf\">Der Bund kurz erkl\u00e4rt 2021 (Deutsch)<\/a><br \/>\n<\/strong><strong><a href=\"https:\/\/swissfederalism.ch\/wp-content\/uploads\/2021\/02\/La-Confederation-en-bref-2021-Francais.pdf\">La Conf\u00e9d\u00e9ration en bref 2021 (Fran\u00e7ais)<\/a><br \/>\n<\/strong><strong><a href=\"https:\/\/swissfederalism.ch\/wp-content\/uploads\/2021\/02\/La-Confederazione-in-breve-2021-Italiano.pdf\">La Confederazione in breve 2021 (Italiano)<\/a><\/strong><\/p>\n<h3>Accords et adh\u00e9sions et plus d&rsquo;espace pour les droits politiques<\/h3>\n<p>L&rsquo;\u00e9dition de cette ann\u00e9e a \u00e9t\u00e9 enti\u00e8rement remani\u00e9e. Les trois pouvoirs de l&rsquo;\u00c9tat sont trait\u00e9s de mani\u00e8re plus \u00e9quilibr\u00e9e et les contenus sont pr\u00e9sent\u00e9s selon la m\u00eame structure. Le chapitre sur les droits politiques a \u00e9t\u00e9 \u00e9largi.<br \/>\nLe chapitre \u00ab\u00a0Accords et adh\u00e9sions\u00a0\u00bb a \u00e9t\u00e9 ajout\u00e9 pour refl\u00e9ter l&rsquo;importance du r\u00e9seau dense de relations internationales de la Suisse.<br \/>\nLes textes ont \u00e9t\u00e9 structur\u00e9s de mani\u00e8re \u00e0 pouvoir \u00eatre lus facilement sur les \u00e9crans d&rsquo;ordinateurs et de smartphones.<\/p>\n<p><a href=\"https:\/\/swissfederalism.ch\/fr\/la-suisse-et-les-quatre-fantastiques-de-la-democratie-directe\/\"><strong>La Suisse et les \u00ab\u00a0quatre fantastiques\u00a0\u00bb de la d\u00e9mocratie directe<\/strong><\/a><br \/>\n<a href=\"https:\/\/swissfederalism.ch\/fr\/lethique-de-la-competitivite-et-lesprit-du-federalisme\/\"><strong>L&rsquo;\u00e9thique de la comp\u00e9titivit\u00e9 et l&rsquo;esprit du f\u00e9d\u00e9ralisme<\/strong><\/a><br \/>\n<a href=\"https:\/\/swissfederalism.ch\/fr\/waldstaette-cantons-forestiers-suisse\/\"><strong>Waldst\u00e4tte et les cantons \u00ab\u00a0forestiers\u00a0\u00bb \u00e0 l&rsquo;aube de la Suisse&#8230;<\/strong><\/a><br \/>\n<a href=\"https:\/\/swissfederalism.ch\/fr\/la-presidence-de-la-confederation-suisse-de-1848-a-nos-jours\/\"><strong>La pr\u00e9sidence de la Conf\u00e9d\u00e9ration suisse de 1848 \u00e0 nos jours<\/strong><\/a><br \/>\n<a href=\"https:\/\/swissfederalism.ch\/fr\/des-monuments-suisses-un-tresor-cache-a-exploiter\/\"><strong>Des monuments suisses ? Un tr\u00e9sor \u00ab\u00a0cach\u00e9\u00a0\u00bb \u00e0 exploiter&#8230;<\/strong><\/a><br \/>\n<a href=\"https:\/\/swissfederalism.ch\/fr\/democratie-athenienne-elle-perdure-a-glaris-et-en-appenzell\/\"><strong>La d\u00e9mocratie ath\u00e9nienne ? Entre Glaris et Appenzell&#8230;<\/strong><\/a><br \/>\n<a href=\"https:\/\/swissfederalism.ch\/fr\/europe-petits-etats-federalism\/\"><strong>L&rsquo;Europe des petits \u00c9tats et un f\u00e9d\u00e9ralisme \u00e0 peine esquiss\u00e9&#8230;<\/strong><\/a><\/p>\n<h3>Infographies et QR Codes comme enrichissements<\/h3>\n<p>Le nombre d&rsquo;infographies a augment\u00e9.<br \/>\nTout au long de la brochure, des codes QR renvoient \u00e0 des informations plus d\u00e9taill\u00e9es en ligne.<br \/>\nLa publication de 80 pages est disponible dans les quatre langues nationales et en anglais et peut \u00eatre command\u00e9e gratuitement ou t\u00e9l\u00e9charg\u00e9e via les liens ci-dessous ou visionn\u00e9e sur YouTube.<br \/>\nSous forme \u00e9lectronique, il peut \u00eatre consult\u00e9 sur les smartphones et les tablettes via l&rsquo;application \u00ab\u00a0CH info\u00a0\u00bb.<\/p>\n<p><iframe title=\"The Swiss Confederation - a brief guide 2021 (English)\" width=\"840\" height=\"630\" src=\"https:\/\/www.youtube.com\/embed\/RMSvWSd32oM?feature=oembed&#038;width=840&#038;height=1000&#038;discover=1\" frameborder=\"0\" allow=\"accelerometer; autoplay; clipboard-write; encrypted-media; gyroscope; picture-in-picture\" allowfullscreen><\/iframe><\/p>\n<figure id=\"attachment_88279\" aria-describedby=\"caption-attachment-88279\" style=\"width: 840px\" class=\"wp-caption aligncenter\"><img decoding=\"async\" class=\"wp-image-88279 size-large\" src=\"https:\/\/swissfederalism.ch\/wp-content\/uploads\/2021\/02\/Der-Bund-kurz-erklart-2021-Deutsch-1024x683.png\" alt=\"Der Bund kurz erkl\u00e4rt 2021 (Deutsch)\" width=\"840\" height=\"560\" data-wp-editing=\"1\" srcset=\"https:\/\/swissfederalism.ch\/wp-content\/uploads\/2021\/02\/Der-Bund-kurz-erklart-2021-Deutsch-1024x683.png 1024w, https:\/\/swissfederalism.ch\/wp-content\/uploads\/2021\/02\/Der-Bund-kurz-erklart-2021-Deutsch-300x200.png 300w, https:\/\/swissfederalism.ch\/wp-content\/uploads\/2021\/02\/Der-Bund-kurz-erklart-2021-Deutsch-768x512.png 768w, https:\/\/swissfederalism.ch\/wp-content\/uploads\/2021\/02\/Der-Bund-kurz-erklart-2021-Deutsch-1536x1024.png 1536w, https:\/\/swissfederalism.ch\/wp-content\/uploads\/2021\/02\/Der-Bund-kurz-erklart-2021-Deutsch.png 1920w\" sizes=\"(max-width: 840px) 100vw, 840px\" \/><figcaption id=\"caption-attachment-88279\" class=\"wp-caption-text\">Der Bund kurz erkl\u00e4rt 2021 (Deutsch)<\/figcaption><\/figure>\n<p><iframe title=\"Der Bund kurz erkl\u00e4rt 2021 (Deutsch)\" width=\"840\" height=\"630\" src=\"https:\/\/www.youtube.com\/embed\/sjwRmZZBbso?feature=oembed&#038;width=840&#038;height=1000&#038;discover=1\" frameborder=\"0\" allow=\"accelerometer; autoplay; clipboard-write; encrypted-media; gyroscope; picture-in-picture\" allowfullscreen><\/iframe><\/p>\n<figure id=\"attachment_88283\" aria-describedby=\"caption-attachment-88283\" style=\"width: 840px\" class=\"wp-caption aligncenter\"><img decoding=\"async\" class=\"wp-image-88283 size-large\" src=\"https:\/\/swissfederalism.ch\/wp-content\/uploads\/2021\/02\/La-Confederation-en-bref-2021-Francais-1024x683.png\" alt=\"La Conf\u00e9d\u00e9ration en bref 2021 (Fran\u00e7ais)\" width=\"840\" height=\"560\" srcset=\"https:\/\/swissfederalism.ch\/wp-content\/uploads\/2021\/02\/La-Confederation-en-bref-2021-Francais-1024x683.png 1024w, https:\/\/swissfederalism.ch\/wp-content\/uploads\/2021\/02\/La-Confederation-en-bref-2021-Francais-300x200.png 300w, https:\/\/swissfederalism.ch\/wp-content\/uploads\/2021\/02\/La-Confederation-en-bref-2021-Francais-768x512.png 768w, https:\/\/swissfederalism.ch\/wp-content\/uploads\/2021\/02\/La-Confederation-en-bref-2021-Francais-1536x1024.png 1536w, https:\/\/swissfederalism.ch\/wp-content\/uploads\/2021\/02\/La-Confederation-en-bref-2021-Francais.png 1920w\" sizes=\"(max-width: 840px) 100vw, 840px\" \/><figcaption id=\"caption-attachment-88283\" class=\"wp-caption-text\">La Conf\u00e9d\u00e9ration en bref 2021 (Fran\u00e7ais)<\/figcaption><\/figure>\n<p><iframe title=\"La Conf\u00e9d\u00e9ration en bref 2021 (Fran\u00e7ais)\" width=\"840\" height=\"630\" src=\"https:\/\/www.youtube.com\/embed\/6HOB754lwx4?feature=oembed&#038;width=840&#038;height=1000&#038;discover=1\" frameborder=\"0\" allow=\"accelerometer; autoplay; clipboard-write; encrypted-media; gyroscope; picture-in-picture\" allowfullscreen><\/iframe><\/p>\n<figure id=\"attachment_88287\" aria-describedby=\"caption-attachment-88287\" style=\"width: 840px\" class=\"wp-caption aligncenter\"><img decoding=\"async\" class=\"wp-image-88287 size-large\" src=\"https:\/\/swissfederalism.ch\/wp-content\/uploads\/2021\/02\/La-Confederazione-in-breve-2021-Italiano-1024x683.png\" alt=\"La Confederazione in breve 2021 (Italiano)\" width=\"840\" height=\"560\" srcset=\"https:\/\/swissfederalism.ch\/wp-content\/uploads\/2021\/02\/La-Confederazione-in-breve-2021-Italiano-1024x683.png 1024w, https:\/\/swissfederalism.ch\/wp-content\/uploads\/2021\/02\/La-Confederazione-in-breve-2021-Italiano-300x200.png 300w, https:\/\/swissfederalism.ch\/wp-content\/uploads\/2021\/02\/La-Confederazione-in-breve-2021-Italiano-768x512.png 768w, https:\/\/swissfederalism.ch\/wp-content\/uploads\/2021\/02\/La-Confederazione-in-breve-2021-Italiano-1536x1024.png 1536w, https:\/\/swissfederalism.ch\/wp-content\/uploads\/2021\/02\/La-Confederazione-in-breve-2021-Italiano.png 1920w\" sizes=\"(max-width: 840px) 100vw, 840px\" \/><figcaption id=\"caption-attachment-88287\" class=\"wp-caption-text\">La Confederazione in breve 2021 (Italiano)<\/figcaption><\/figure>\n<p><iframe title=\"La Confederazione in breve 2021 (Italiano)\" width=\"840\" height=\"630\" src=\"https:\/\/www.youtube.com\/embed\/XQ8_wBkvQm0?feature=oembed&#038;width=840&#038;height=1000&#038;discover=1\" frameborder=\"0\" allow=\"accelerometer; autoplay; clipboard-write; encrypted-media; gyroscope; picture-in-picture\" allowfullscreen><\/iframe><\/p>\n","protected":false},"excerpt":{"rendered":"<p>Le guide officiel du fonctionnement de la d\u00e9mocratie suisse et de ses institutions a \u00e9t\u00e9 augment\u00e9 et am\u00e9lior\u00e9, et sera tir\u00e9 \u00e0 170 000 exemplaires.<\/p>\n","protected":false},"author":2,"featured_media":88293,"comment_status":"open","ping_status":"closed","sticky":false,"template":"","format":"standard","meta":{"footnotes":""},"categories":[312,308,303,306,294],"tags":[],"class_list":["post-94411","post","type-post","status-publish","format-standard","has-post-thumbnail","hentry","category-culture-fr","category-faits-marquants","category-histoire","category-politique","category-suisse"],"_links":{"self":[{"href":"https:\/\/swissfederalism.ch\/fr\/wp-json\/wp\/v2\/posts\/94411","targetHints":{"allow":["GET"]}}],"collection":[{"href":"https:\/\/swissfederalism.ch\/fr\/wp-json\/wp\/v2\/posts"}],"about":[{"href":"https:\/\/swissfederalism.ch\/fr\/wp-json\/wp\/v2\/types\/post"}],"author":[{"embeddable":true,"href":"https:\/\/swissfederalism.ch\/fr\/wp-json\/wp\/v2\/users\/2"}],"replies":[{"embeddable":true,"href":"https:\/\/swissfederalism.ch\/fr\/wp-json\/wp\/v2\/comments?post=94411"}],"version-history":[{"count":4,"href":"https:\/\/swissfederalism.ch\/fr\/wp-json\/wp\/v2\/posts\/94411\/revisions"}],"predecessor-version":[{"id":125195,"href":"https:\/\/swissfederalism.ch\/fr\/wp-json\/wp\/v2\/posts\/94411\/revisions\/125195"}],"wp:featuredmedia":[{"embeddable":true,"href":"https:\/\/swissfederalism.ch\/fr\/wp-json\/wp\/v2\/media\/88293"}],"wp:attachment":[{"href":"https:\/\/swissfederalism.ch\/fr\/wp-json\/wp\/v2\/media?parent=94411"}],"wp:term":[{"taxonomy":"category","embeddable":true,"href":"https:\/\/swissfederalism.ch\/fr\/wp-json\/wp\/v2\/categories?post=94411"},{"taxonomy":"post_tag","embeddable":true,"href":"https:\/\/swissfederalism.ch\/fr\/wp-json\/wp\/v2\/tags?post=94411"}],"curies":[{"name":"wp","href":"https:\/\/api.w.org\/{rel}","templated":true}]}}