{"id":93204,"date":"2021-02-21T17:29:54","date_gmt":"2021-02-21T17:29:54","guid":{"rendered":"https:\/\/swissfederalism.ch\/la-presidenza-della-confederazione-elvetica-dal-1848-a-oggi\/"},"modified":"2021-08-19T11:42:54","modified_gmt":"2021-08-19T11:42:54","slug":"la-presidence-de-la-confederation-suisse-de-1848-a-nos-jours","status":"publish","type":"post","link":"https:\/\/swissfederalism.ch\/fr\/la-presidence-de-la-confederation-suisse-de-1848-a-nos-jours\/","title":{"rendered":"La pr\u00e9sidence de la Conf\u00e9d\u00e9ration suisse de 1848 \u00e0 nos jours"},"content":{"rendered":"<h1>La pr\u00e9sidence de la Conf\u00e9d\u00e9ration suisse de 1848 \u00e0 nos jours<\/h1>\n<h3><em>Br\u00e8ve histoire de la plus haute fonction de la Constitution f\u00e9d\u00e9rale suisse, attribu\u00e9e de temps \u00e0 autre au conseiller le plus ancien et pour une seule ann\u00e9e&#8230;<\/em><\/h3>\n<p>La pr\u00e9sidence de la Conf\u00e9d\u00e9ration suisse a une histoire diverse et vari\u00e9e.<\/p>\n<p>Alors que dans les premi\u00e8res d\u00e9cennies de l&rsquo;existence de l&rsquo;\u00c9tat conf\u00e9d\u00e9r\u00e9 suisse, cette fonction \u00e9tait consid\u00e9r\u00e9e comme une reconnaissance, \u00e0 partir de la derni\u00e8re d\u00e9cennie du XIXe si\u00e8cle, le principe de rotation a \u00e9t\u00e9 introduit.<\/p>\n<p><a href=\"https:\/\/swissfederalism.ch\/fr\/la-suisse-et-les-quatre-fantastiques-de-la-democratie-directe\/\"><strong>La Suisse et les \u00ab\u00a0quatre fantastiques\u00a0\u00bb de la d\u00e9mocratie directe<\/strong><\/a><br \/>\n<a href=\"https:\/\/swissfederalism.ch\/fr\/lethique-de-la-competitivite-et-lesprit-du-federalisme\/\"><strong>L&rsquo;\u00e9thique de la comp\u00e9titivit\u00e9 et l&rsquo;esprit du f\u00e9d\u00e9ralisme<\/strong><\/a><br \/>\n<a href=\"https:\/\/swissfederalism.ch\/fr\/waldstaette-cantons-forestiers-suisse\/\"><strong>Waldst\u00e4tte et les cantons \u00ab\u00a0forestiers\u00a0\u00bb \u00e0 l&rsquo;aube de la Suisse&#8230;<\/strong><\/a><\/p>\n<figure id=\"attachment_87914\" aria-describedby=\"caption-attachment-87914\" style=\"width: 216px\" class=\"wp-caption alignleft\"><img decoding=\"async\" class=\"size-medium wp-image-87914\" src=\"https:\/\/swissfederalism.ch\/wp-content\/uploads\/2021\/02\/Willhelm-Matthias-Naeff-politico-svizzero-216x300.jpg\" alt=\"Willhelm Matthias Naeff, politico svizzero\" width=\"216\" height=\"300\" srcset=\"https:\/\/swissfederalism.ch\/wp-content\/uploads\/2021\/02\/Willhelm-Matthias-Naeff-politico-svizzero-216x300.jpg 216w, https:\/\/swissfederalism.ch\/wp-content\/uploads\/2021\/02\/Willhelm-Matthias-Naeff-politico-svizzero-737x1024.jpg 737w, https:\/\/swissfederalism.ch\/wp-content\/uploads\/2021\/02\/Willhelm-Matthias-Naeff-politico-svizzero-768x1067.jpg 768w, https:\/\/swissfederalism.ch\/wp-content\/uploads\/2021\/02\/Willhelm-Matthias-Naeff-politico-svizzero-1106x1536.jpg 1106w, https:\/\/swissfederalism.ch\/wp-content\/uploads\/2021\/02\/Willhelm-Matthias-Naeff-politico-svizzero.jpg 1277w\" sizes=\"(max-width: 216px) 100vw, 216px\" \/><figcaption id=\"caption-attachment-87914\" class=\"wp-caption-text\">Willhelm Matthias Naeff, homme politique suisse<\/figcaption><\/figure>\n<h3>La concentration du pouvoir est \u00e0 \u00e9viter<\/h3>\n<figure id=\"attachment_87902\" aria-describedby=\"caption-attachment-87902\" style=\"width: 212px\" class=\"wp-caption alignright\"><img decoding=\"async\" class=\"size-medium wp-image-87902\" src=\"https:\/\/swissfederalism.ch\/wp-content\/uploads\/2021\/02\/Ruth-Dreifuss-politica-svizzera-212x300.jpg\" alt=\"Ruth Dreifuss, politica svizzera\" width=\"212\" height=\"300\" srcset=\"https:\/\/swissfederalism.ch\/wp-content\/uploads\/2021\/02\/Ruth-Dreifuss-politica-svizzera-212x300.jpg 212w, https:\/\/swissfederalism.ch\/wp-content\/uploads\/2021\/02\/Ruth-Dreifuss-politica-svizzera-724x1024.jpg 724w, https:\/\/swissfederalism.ch\/wp-content\/uploads\/2021\/02\/Ruth-Dreifuss-politica-svizzera-768x1087.jpg 768w, https:\/\/swissfederalism.ch\/wp-content\/uploads\/2021\/02\/Ruth-Dreifuss-politica-svizzera-1085x1536.jpg 1085w, https:\/\/swissfederalism.ch\/wp-content\/uploads\/2021\/02\/Ruth-Dreifuss-politica-svizzera.jpg 1103w\" sizes=\"(max-width: 212px) 100vw, 212px\" \/><figcaption id=\"caption-attachment-87902\" class=\"wp-caption-text\">Ruth Dreifuss, politicienne suisse<\/figcaption><\/figure>\n<p>Les p\u00e8res de la Constitution sont d\u00e9crits dans le Dictionnaire historique de la Suisse comme des membres du gouvernement remarquables, pragmatiques et ouverts au compromis.<\/p>\n<p>Ils n&rsquo;aiment pas tergiverser : au printemps 1848, aid\u00e9s par un climat politique favorable, ils se mettent au travail \u00e0 toute vitesse et r\u00e9digent en quelques semaines la premi\u00e8re constitution de l&rsquo;\u00c9tat f\u00e9d\u00e9ral.<\/p>\n<p>D\u00e9termin\u00e9s \u00e0 \u00e9viter que le pouvoir ne soit concentr\u00e9 dans quelques mains, et en particulier le pouvoir ex\u00e9cutif entre les mains d&rsquo;une seule personne, ils instaurent la pr\u00e9sidence de la Conf\u00e9d\u00e9ration, mais limitent la dur\u00e9e du mandat \u00e0 un an.<\/p>\n<h3>Karl Schenk et Emil Welti ont battu le record.<\/h3>\n<p>Le lib\u00e9ral zurichois Jonas Furrer fut le premier pr\u00e9sident de la Conf\u00e9d\u00e9ration et occupa cette fonction en 1848 et 1849.<\/p>\n<figure id=\"attachment_87898\" aria-describedby=\"caption-attachment-87898\" style=\"width: 225px\" class=\"wp-caption alignleft\"><img decoding=\"async\" class=\"size-medium wp-image-87898\" src=\"https:\/\/swissfederalism.ch\/wp-content\/uploads\/2021\/02\/Karl-Schenk-politico-svizzero-jpg-225x300.jpg\" alt=\"Karl Schenk, politico svizzero\" width=\"225\" height=\"300\" srcset=\"https:\/\/swissfederalism.ch\/wp-content\/uploads\/2021\/02\/Karl-Schenk-politico-svizzero-jpg-225x300.jpg 225w, https:\/\/swissfederalism.ch\/wp-content\/uploads\/2021\/02\/Karl-Schenk-politico-svizzero-jpg.jpg 750w\" sizes=\"(max-width: 225px) 100vw, 225px\" \/><figcaption id=\"caption-attachment-87898\" class=\"wp-caption-text\">Karl Schenk, politicien suisse<\/figcaption><\/figure>\n<p>Au XIXe si\u00e8cle, ce sont surtout des personnes influentes qui sont \u00e9lues au Conseil f\u00e9d\u00e9ral. Karl Schenk (Berne) et Emil Welti (Argovie), par exemple, ont chacun effectu\u00e9 six mandats au Parlement, ce qui constitue un record.<\/p>\n<figure id=\"attachment_87894\" aria-describedby=\"caption-attachment-87894\" style=\"width: 204px\" class=\"wp-caption alignright\"><img decoding=\"async\" class=\"size-medium wp-image-87894\" src=\"https:\/\/swissfederalism.ch\/wp-content\/uploads\/2021\/02\/Emil-Welti-politico-svizzero-204x300.jpg\" alt=\"Emil Welti, politico svizzero\" width=\"204\" height=\"300\" srcset=\"https:\/\/swissfederalism.ch\/wp-content\/uploads\/2021\/02\/Emil-Welti-politico-svizzero-204x300.jpg 204w, https:\/\/swissfederalism.ch\/wp-content\/uploads\/2021\/02\/Emil-Welti-politico-svizzero-696x1024.jpg 696w, https:\/\/swissfederalism.ch\/wp-content\/uploads\/2021\/02\/Emil-Welti-politico-svizzero-768x1130.jpg 768w, https:\/\/swissfederalism.ch\/wp-content\/uploads\/2021\/02\/Emil-Welti-politico-svizzero-1044x1536.jpg 1044w, https:\/\/swissfederalism.ch\/wp-content\/uploads\/2021\/02\/Emil-Welti-politico-svizzero-1392x2048.jpg 1392w, https:\/\/swissfederalism.ch\/wp-content\/uploads\/2021\/02\/Emil-Welti-politico-svizzero.jpg 1485w\" sizes=\"(max-width: 204px) 100vw, 204px\" \/><figcaption id=\"caption-attachment-87894\" class=\"wp-caption-text\">Emil Welti, homme politique suisse<\/figcaption><\/figure>\n<p>Tous deux sont rest\u00e9s longtemps au gouvernement : Welti pendant 24 ans et Schenk pendant 31 ans, faisant de ce dernier le conseiller f\u00e9d\u00e9ral ayant eu la plus longue dur\u00e9e de service de l&rsquo;histoire.<\/p>\n<h3>Le principe de la rotation existe depuis le 19e si\u00e8cle.<\/h3>\n<p>Le principe de rotation, selon lequel le conseiller f\u00e9d\u00e9ral le plus ancien est \u00e9lu vice-pr\u00e9sident et pr\u00e9sident de la Conf\u00e9d\u00e9ration l&rsquo;ann\u00e9e suivante, n&rsquo;a \u00e9t\u00e9 introduit qu&rsquo;\u00e0 la fin du XIXe si\u00e8cle.<\/p>\n<p>Auparavant, l&rsquo;Assembl\u00e9e f\u00e9d\u00e9rale \u00e9lisait principalement des conseillers f\u00e9d\u00e9raux particuli\u00e8rement respect\u00e9s au poste de pr\u00e9sident.<\/p>\n<p>Les conseillers moins populaires doivent faire preuve de patience, comme dans le cas de Willhelm Matthias Naeff, de Saint-Gall, qui a servi pendant 27 ans mais n&rsquo;a \u00e9t\u00e9 \u00e9lu pr\u00e9sident qu&rsquo;une seule fois (1853).<\/p>\n<p><a href=\"https:\/\/swissfederalism.ch\/fr\/des-monuments-suisses-un-tresor-cache-a-exploiter\/\"><strong>Des monuments suisses ? Un tr\u00e9sor \u00ab\u00a0cach\u00e9\u00a0\u00bb \u00e0 exploiter&#8230;<\/strong><\/a><br \/>\n<a href=\"https:\/\/swissfederalism.ch\/fr\/democratie-athenienne-elle-perdure-a-glaris-et-en-appenzell\/\"><strong>La d\u00e9mocratie ath\u00e9nienne ? Revivre entre Glaris et Appenzell&#8230;<\/strong><\/a><br \/>\n<a href=\"https:\/\/swissfederalism.ch\/fr\/europe-petits-etats-federalism\/\"><strong>L&rsquo;Europe des petits \u00c9tats et un f\u00e9d\u00e9ralisme \u00e0 peine esquiss\u00e9&#8230;<\/strong><\/a><\/p>\n<h3>Les d\u00e9c\u00e8s pr\u00e9matur\u00e9s de Ruffy et Hertenstein.<\/h3>\n<figure id=\"attachment_87910\" aria-describedby=\"caption-attachment-87910\" style=\"width: 160px\" class=\"wp-caption alignleft\"><img decoding=\"async\" class=\"size-full wp-image-87912\" src=\"https:\/\/swissfederalism.ch\/wp-content\/uploads\/2021\/02\/Wilhelm-Hertenstein-politico-svizzero.gif\" alt=\"Wilhelm Hertenstein, politico svizzero\" width=\"160\" height=\"200\" \/><figcaption id=\"caption-attachment-87910\" class=\"wp-caption-text\">Wilhelm Hertenstein, homme politique suisse<\/figcaption><\/figure>\n<p>Vingt des 116 conseillers f\u00e9d\u00e9raux \u00e0 ce jour n&rsquo;ont jamais \u00e9t\u00e9 \u00e9lus \u00e0 la pr\u00e9sidence. Une seule fois, un pr\u00e9sident de la Conf\u00e9d\u00e9ration n&rsquo;a pas pu entrer en fonction : le Vaudois Victor Ruffy, \u00e9lu pr\u00e9sident de la Conf\u00e9d\u00e9ration pour 1870, est d\u00e9c\u00e9d\u00e9 le 29 d\u00e9cembre 1869.<\/p>\n<figure id=\"attachment_87906\" aria-describedby=\"caption-attachment-87906\" style=\"width: 160px\" class=\"wp-caption alignright\"><img decoding=\"async\" class=\"size-full wp-image-87908\" src=\"https:\/\/swissfederalism.ch\/wp-content\/uploads\/2021\/02\/Victor_Ruffy-politico-svizzero.jpg\" alt=\"Victor_Ruffy, politico svizzero\" width=\"160\" height=\"200\" \/><figcaption id=\"caption-attachment-87906\" class=\"wp-caption-text\">Victor_Ruffy, homme politique suisse<\/figcaption><\/figure>\n<p>Jamais auparavant un pr\u00e9sident de la Conf\u00e9d\u00e9ration helv\u00e9tique n&rsquo;avait d\u00e9missionn\u00e9 ; cependant, le Zurichois Wilhelm Hertenstein est d\u00e9c\u00e9d\u00e9 en 1888 pendant son mandat pr\u00e9sidentiel.<\/p>\n<p>Pour la huiti\u00e8me fois, une femme \u00e0 la t\u00eate du pays<\/p>\n<p>\u00c0 ce jour, une femme a occup\u00e9 huit fois la fonction de pr\u00e9sidente de la Conf\u00e9d\u00e9ration suisse.<\/p>\n<p>La premi\u00e8re femme \u00e9lue a \u00e9t\u00e9 Ruth Dreifuss, en 1999, suivie de Micheline Calmy-Rey (2007 et 2011) ; Doris Leuthard (2010 et 2017), Eveline Widmer-Schlumpf (2012) et Simonetta Sommaruga (2015 et 2020).<\/p>\n<p><strong><a href=\"https:\/\/swissfederalism.ch\/wp-content\/uploads\/2021\/02\/PRESIDENTI-CONFEDERAZIONE.pdf\">Pr\u00e9sidents de la Conf\u00e9d\u00e9ration suisse de 1848 \u00e0 nos jours<\/a><\/strong><\/p>\n<p>&nbsp;<\/p>\n<p><iframe title=\"1. August 2018 - Ansprache des Bundespr\u00e4sidenten Alain Berset\" width=\"840\" height=\"473\" src=\"https:\/\/www.youtube.com\/embed\/cpglwT4tBsE?feature=oembed&#038;width=840&#038;height=1000&#038;discover=1\" frameborder=\"0\" allow=\"accelerometer; autoplay; clipboard-write; encrypted-media; gyroscope; picture-in-picture\" allowfullscreen><\/iframe><\/p>\n<p><iframe title=\"1er ao\u00fbt 2018 - Allocution du Pr\u00e9sident de la Conf\u00e9d\u00e9ration Alain Berset\" width=\"840\" height=\"473\" src=\"https:\/\/www.youtube.com\/embed\/X2rB7DPqwAA?feature=oembed&#038;width=840&#038;height=1000&#038;discover=1\" frameborder=\"0\" allow=\"accelerometer; autoplay; clipboard-write; encrypted-media; gyroscope; picture-in-picture\" allowfullscreen><\/iframe><\/p>\n<p><iframe title=\"1\u00b0 agosto 2018 - Allocuzione del presidente della Confederazione Alain Berset\" width=\"840\" height=\"473\" src=\"https:\/\/www.youtube.com\/embed\/WSzLnzi357M?feature=oembed&#038;width=840&#038;height=1000&#038;discover=1\" frameborder=\"0\" allow=\"accelerometer; autoplay; clipboard-write; encrypted-media; gyroscope; picture-in-picture\" allowfullscreen><\/iframe><\/p>\n<p>&nbsp;<\/p>\n<p><img decoding=\"async\" class=\"wp-image-85733 size-large\" src=\"https:\/\/swissfederalism.ch\/wp-content\/uploads\/2021\/01\/Bundesverfassung_1848_Schweiz-1024x650.jpg\" alt=\"Un'allegoria dell'approvazione della Costituzione Federale della Confederazione Svizzera del 12 settembre 1848\" width=\"840\" height=\"533\" srcset=\"https:\/\/swissfederalism.ch\/wp-content\/uploads\/2021\/01\/Bundesverfassung_1848_Schweiz-1024x650.jpg 1024w, https:\/\/swissfederalism.ch\/wp-content\/uploads\/2021\/01\/Bundesverfassung_1848_Schweiz-300x190.jpg 300w, https:\/\/swissfederalism.ch\/wp-content\/uploads\/2021\/01\/Bundesverfassung_1848_Schweiz-768x487.jpg 768w, https:\/\/swissfederalism.ch\/wp-content\/uploads\/2021\/01\/Bundesverfassung_1848_Schweiz-1536x974.jpg 1536w, https:\/\/swissfederalism.ch\/wp-content\/uploads\/2021\/01\/Bundesverfassung_1848_Schweiz.jpg 1589w\" sizes=\"(max-width: 840px) 100vw, 840px\" \/><\/p>\n","protected":false},"excerpt":{"rendered":"<p>Une br\u00e8ve histoire de la plus haute fonction pr\u00e9vue par la Constitution f\u00e9d\u00e9rale suisse, attribu\u00e9e de temps \u00e0 autre au conseiller le plus ancien et pour un an seulement&#8230;<\/p>\n","protected":false},"author":2,"featured_media":87876,"comment_status":"open","ping_status":"closed","sticky":false,"template":"","format":"standard","meta":{"footnotes":""},"categories":[298,300,389,356,338,386,383,380,377,374,368,365,362,359,353,350,344,347,323,332,329,326,321,371,341,335,312,308,303,209,306,294],"tags":[418,397,401,394,434],"class_list":["post-93204","post","type-post","status-publish","format-standard","has-post-thumbnail","hentry","category-canton-appenzell-rhodes-exterieures","category-canton-appenzell-rhodes-interieures","category-canton-argovie","category-canton-dobwald","category-canton-uri","category-canton-de-bale-campagne","category-canton-de-bale-ville","category-canton-de-berne","category-canton-de-fribourg","category-canton-de-geneve","category-canton-de-glaris","category-canton-de-lucerne","category-canton-de-neuchatel","category-canton-de-nidwald","category-canton-de-saint-gall","category-canton-de-schaffhouse","category-canton-de-schwytz","category-canton-de-soleure","category-canton-de-thurgovie","category-canton-de-vaud","category-canton-de-zoug","category-canton-de-zurich","category-canton-des-grisons","category-canton-du-jura","category-canton-du-tessin","category-canton-valais-fr","category-culture-fr","category-faits-marquants","category-histoire","category-les-magazines","category-politique","category-suisse","tag-berne","tag-federalisme","tag-histoire-de-leurope","tag-opportunites","tag-politique"],"_links":{"self":[{"href":"https:\/\/swissfederalism.ch\/fr\/wp-json\/wp\/v2\/posts\/93204","targetHints":{"allow":["GET"]}}],"collection":[{"href":"https:\/\/swissfederalism.ch\/fr\/wp-json\/wp\/v2\/posts"}],"about":[{"href":"https:\/\/swissfederalism.ch\/fr\/wp-json\/wp\/v2\/types\/post"}],"author":[{"embeddable":true,"href":"https:\/\/swissfederalism.ch\/fr\/wp-json\/wp\/v2\/users\/2"}],"replies":[{"embeddable":true,"href":"https:\/\/swissfederalism.ch\/fr\/wp-json\/wp\/v2\/comments?post=93204"}],"version-history":[{"count":3,"href":"https:\/\/swissfederalism.ch\/fr\/wp-json\/wp\/v2\/posts\/93204\/revisions"}],"predecessor-version":[{"id":125191,"href":"https:\/\/swissfederalism.ch\/fr\/wp-json\/wp\/v2\/posts\/93204\/revisions\/125191"}],"wp:featuredmedia":[{"embeddable":true,"href":"https:\/\/swissfederalism.ch\/fr\/wp-json\/wp\/v2\/media\/87876"}],"wp:attachment":[{"href":"https:\/\/swissfederalism.ch\/fr\/wp-json\/wp\/v2\/media?parent=93204"}],"wp:term":[{"taxonomy":"category","embeddable":true,"href":"https:\/\/swissfederalism.ch\/fr\/wp-json\/wp\/v2\/categories?post=93204"},{"taxonomy":"post_tag","embeddable":true,"href":"https:\/\/swissfederalism.ch\/fr\/wp-json\/wp\/v2\/tags?post=93204"}],"curies":[{"name":"wp","href":"https:\/\/api.w.org\/{rel}","templated":true}]}}