{"id":93188,"date":"2021-01-23T17:41:04","date_gmt":"2021-01-23T17:41:04","guid":{"rendered":"https:\/\/swissfederalism.ch\/i-monumenti-svizzeri-un-tesoro-nascosto-da-valorizzare\/"},"modified":"2021-08-19T07:48:30","modified_gmt":"2021-08-19T07:48:30","slug":"des-monuments-suisses-un-tresor-cache-a-exploiter","status":"publish","type":"post","link":"https:\/\/swissfederalism.ch\/fr\/des-monuments-suisses-un-tresor-cache-a-exploiter\/","title":{"rendered":"Des monuments suisses? Un tr\u00e9sor \u00ab\u00a0cach\u00e9\u00a0\u00bb \u00e0 exploiter&#8230;"},"content":{"rendered":"<h1>Des monuments suisses? Un tr\u00e9sor \u00ab\u00a0cach\u00e9\u00a0\u00bb \u00e0 exploiter&#8230;<\/h1>\n<h3><em>La protection du patrimoine immobilier suisse, compos\u00e9 de 270 000 b\u00e2timents historiques, a des retomb\u00e9es positives sur la culture, le tourisme et la construction<\/em><\/h3>\n<p>En Suisse, pr\u00e8s de 270 000 monuments historiques sont class\u00e9s comme b\u00e2timents d&rsquo;int\u00e9r\u00eat particulier en vue de leur pr\u00e9servation. Environ 75 000 d&rsquo;entre eux sont prot\u00e9g\u00e9s par la loi, ce qui repr\u00e9sente environ 3,5 % du parc immobilier de la Suisse, soit un peu plus d&rsquo;un b\u00e2timent sur trente.<\/p>\n<p>En plus de leur valeur culturelle et \u00e9ducative, les monuments historiques sont \u00e9galement importants d&rsquo;un point de vue \u00e9conomique. L&rsquo;existence et la pr\u00e9servation du parc immobilier suisse cr\u00e9ent des retomb\u00e9es positives pour le secteur culturel et le tourisme, et donnent \u00e9galement une impulsion \u00e0 l&rsquo;industrie de la construction.<\/p>\n<h3>Seulement un franc sur 11 en provenance du secteur public<\/h3>\n<p>L&rsquo;\u00e9tude de BAK Economics, command\u00e9e par Domus Antiqua Helvetica et NIKE, montre que l&rsquo;engagement du secteur priv\u00e9 dans la r\u00e9novation des b\u00e2timents historiques est particuli\u00e8rement \u00e9lev\u00e9 : bien qu&rsquo;un bien sur deux soit subventionn\u00e9 par les autorit\u00e9s, seul un franc sur onze du co\u00fbt total de la r\u00e9novation provient du secteur public.<\/p>\n<p>En outre, les subventions publiques n&rsquo;ont pas augment\u00e9 ces derni\u00e8res ann\u00e9es, alors que le pouvoir d&rsquo;achat du franc suisse a diminu\u00e9 en raison de la hausse des co\u00fbts de r\u00e9novation. Enfin, la qualit\u00e9 des donn\u00e9es disponibles doit \u00eatre am\u00e9lior\u00e9e.<\/p>\n<figure id=\"attachment_86604\" aria-describedby=\"caption-attachment-86604\" style=\"width: 840px\" class=\"wp-caption aligncenter\"><img decoding=\"async\" class=\"wp-image-86604 size-large\" src=\"https:\/\/swissfederalism.ch\/wp-content\/uploads\/2021\/01\/Un-ponte-sul-fiume-Limmat-a-Zurigo-1024x683.jpeg\" alt=\"Un ponte sul fiume Limmat a Zurigo\" width=\"840\" height=\"560\" srcset=\"https:\/\/swissfederalism.ch\/wp-content\/uploads\/2021\/01\/Un-ponte-sul-fiume-Limmat-a-Zurigo-1024x683.jpeg 1024w, https:\/\/swissfederalism.ch\/wp-content\/uploads\/2021\/01\/Un-ponte-sul-fiume-Limmat-a-Zurigo-300x200.jpeg 300w, https:\/\/swissfederalism.ch\/wp-content\/uploads\/2021\/01\/Un-ponte-sul-fiume-Limmat-a-Zurigo-768x512.jpeg 768w, https:\/\/swissfederalism.ch\/wp-content\/uploads\/2021\/01\/Un-ponte-sul-fiume-Limmat-a-Zurigo-1536x1024.jpeg 1536w, https:\/\/swissfederalism.ch\/wp-content\/uploads\/2021\/01\/Un-ponte-sul-fiume-Limmat-a-Zurigo.jpeg 1920w\" sizes=\"(max-width: 840px) 100vw, 840px\" \/><figcaption id=\"caption-attachment-86604\" class=\"wp-caption-text\">Un pont sur la Limmat \u00e0 Zurich<\/figcaption><\/figure>\n<h3>Inventaire des b\u00e2timents historiques \u00e0 syst\u00e9matiser<\/h3>\n<p>L&rsquo;analyse de BAK Economics sugg\u00e8re que les caract\u00e9ristiques des monuments recens\u00e9s soient syst\u00e9matiquement enregistr\u00e9es et que des mesures soient prises pour syst\u00e9matiser le recensement des contributions cantonales.<\/p>\n<p>Les monuments historiques t\u00e9moignent de la fa\u00e7on dont les gens construisaient, travaillaient et vivaient dans le pass\u00e9 et nous rappellent des \u00e9v\u00e9nements historiques, des r\u00e9alisations sociales, techniques et artistiques. D&rsquo;un point de vue \u00e9conomique, le secteur culturel et le tourisme b\u00e9n\u00e9ficient aujourd&rsquo;hui du fait que les monuments historiques fa\u00e7onnent l&rsquo;apparence de nombreux lieux et sont devenus des rep\u00e8res indispensables.<\/p>\n<p>Cependant, l&rsquo;importance \u00e9conomique des monuments historiques est \u00e9galement visible dans les investissements pour la pr\u00e9servation du patrimoine culturel, qui d\u00e9clenchent des impulsions surtout le long de la cha\u00eene de valeur du secteur de la construction, notamment dans la zone locale.<\/p>\n<p>Dans le cadre de cette \u00e9tude, une enqu\u00eate a \u00e9t\u00e9 men\u00e9e pour la premi\u00e8re fois aupr\u00e8s des propri\u00e9taires priv\u00e9s de monuments historiques afin de quantifier leur engagement financier pour la pr\u00e9servation des b\u00e2timents.<\/p>\n<figure id=\"attachment_86588\" aria-describedby=\"caption-attachment-86588\" style=\"width: 840px\" class=\"wp-caption aligncenter\"><img decoding=\"async\" class=\"wp-image-86588 size-large\" src=\"https:\/\/swissfederalism.ch\/wp-content\/uploads\/2021\/01\/Il-Castello-di-Chillon-sul-lago-Lemano-vicino-Losanna-1024x683.jpeg\" alt=\"Il Castello di Chillon sul lago Lemano vicino Losanna\" width=\"840\" height=\"560\" srcset=\"https:\/\/swissfederalism.ch\/wp-content\/uploads\/2021\/01\/Il-Castello-di-Chillon-sul-lago-Lemano-vicino-Losanna-1024x683.jpeg 1024w, https:\/\/swissfederalism.ch\/wp-content\/uploads\/2021\/01\/Il-Castello-di-Chillon-sul-lago-Lemano-vicino-Losanna-300x200.jpeg 300w, https:\/\/swissfederalism.ch\/wp-content\/uploads\/2021\/01\/Il-Castello-di-Chillon-sul-lago-Lemano-vicino-Losanna-768x512.jpeg 768w, https:\/\/swissfederalism.ch\/wp-content\/uploads\/2021\/01\/Il-Castello-di-Chillon-sul-lago-Lemano-vicino-Losanna-1536x1024.jpeg 1536w, https:\/\/swissfederalism.ch\/wp-content\/uploads\/2021\/01\/Il-Castello-di-Chillon-sul-lago-Lemano-vicino-Losanna.jpeg 1920w\" sizes=\"(max-width: 840px) 100vw, 840px\" \/><figcaption id=\"caption-attachment-86588\" class=\"wp-caption-text\">Ch\u00e2teau de Chillon sur le lac L\u00e9man, pr\u00e8s de Lausanne<\/figcaption><\/figure>\n<h3>33 000 CHF par an en moyenne par de nombreux propri\u00e9taires priv\u00e9s<\/h3>\n<p>Un propri\u00e9taire sur deux interrog\u00e9s investit 46 000 francs suisses ou plus par an dans la r\u00e9novation. Dans le cas particulier o\u00f9 le financement de la pr\u00e9servation des b\u00e2timents historiques provient exclusivement de propri\u00e9taires priv\u00e9s, le chiffre est de 33 000 CHF par an.<\/p>\n<p>En revanche, dans le cas o\u00f9 le financement provenait des pouvoirs publics, l&rsquo;investissement de r\u00e9novation s&rsquo;\u00e9l\u00e8ve \u00e0 55 000 francs par an. Il convient \u00e9galement de noter que, outre les diff\u00e9rences indiqu\u00e9es entre les formes de financement, il existe \u00e9galement des diff\u00e9rences entre les financements par type de logement.<\/p>\n<p><a href=\"https:\/\/swissfederalism.ch\/fr\/la-suisse-et-les-quatre-fantastiques-de-la-democratie-directe\/\"><strong>La Suisse et les \u00ab\u00a0quatre fantastiques\u00a0\u00bb de la d\u00e9mocratie directe<\/strong><\/a><br \/>\n<a href=\"https:\/\/swissfederalism.ch\/fr\/waldstaette-cantons-forestiers-suisse\/\"><strong>Waldst\u00e4tte et les cantons \u00ab\u00a0forestiers\u00a0\u00bb \u00e0 l&rsquo;aube de la Suisse&#8230;<\/strong><\/a><\/p>\n<p>\u00ab\u00a0<em>L&rsquo;\u00e9tude de BAK Economics montre que nous, les propri\u00e9taires priv\u00e9s, investissons des fonds substantiels dans la r\u00e9novation et l&rsquo;entretien de nos propri\u00e9t\u00e9s prot\u00e9g\u00e9es. Une enqu\u00eate en ligne aupr\u00e8s de nos membres a servi de base \u00e0 cette \u00e9valuation\u00a0\u00bb<\/em>, a d\u00e9clar\u00e9 Lukas Alioth, pr\u00e9sident de Domus Antiqua Helvetica.<\/p>\n<h3>Un monument historique sur deux est subventionn\u00e9<\/h3>\n<p>Un franc sur 11 investi par des particuliers est subventionn\u00e9 par les pouvoirs publics. Parmi les b\u00e2timents historiques recens\u00e9s, environ un sur deux est subventionn\u00e9 par les pouvoirs publics. Dans le cas de ces b\u00e2timents, la part des subventions pour la pr\u00e9servation est en moyenne de 9% : un franc sur 11 investi par les particuliers pour la pr\u00e9servation provient donc du secteur public.<\/p>\n<p>L&rsquo;autre moiti\u00e9 des b\u00e2timents r\u00e9sidentiels a \u00e9t\u00e9 financ\u00e9e exclusivement par des particuliers. Le financement public est sous pression : l&rsquo;aide f\u00e9d\u00e9rale dans le domaine de la conservation des monuments et de la protection du patrimoine a connu une tendance \u00e0 la baisse au cours des derni\u00e8res d\u00e9cennies, mais s&rsquo;est stabilis\u00e9e \u00e0 environ 24 millions de francs pour la p\u00e9riode de financement 2016-2020.<\/p>\n<p>Toutefois, le pouvoir d&rsquo;achat r\u00e9el de l&rsquo;aide financi\u00e8re a diminu\u00e9 de pr\u00e8s de la moiti\u00e9, car les prix de la r\u00e9novation des propri\u00e9t\u00e9s r\u00e9sidentielles ont augment\u00e9 de 22% depuis le d\u00e9but du mill\u00e9naire.<\/p>\n<figure id=\"attachment_86592\" aria-describedby=\"caption-attachment-86592\" style=\"width: 840px\" class=\"wp-caption aligncenter\"><img decoding=\"async\" class=\"wp-image-86592 size-large\" src=\"https:\/\/swissfederalism.ch\/wp-content\/uploads\/2021\/01\/il-Ristorante-La-Froda-e-stato-aperto-a-Foroglio-nel-1928-1024x683.jpeg\" alt=\"Il Ristorante &quot;La Froda&quot; \u00e8 stato aperto a Foroglio nel 1928\" width=\"840\" height=\"560\" srcset=\"https:\/\/swissfederalism.ch\/wp-content\/uploads\/2021\/01\/il-Ristorante-La-Froda-e-stato-aperto-a-Foroglio-nel-1928-1024x683.jpeg 1024w, https:\/\/swissfederalism.ch\/wp-content\/uploads\/2021\/01\/il-Ristorante-La-Froda-e-stato-aperto-a-Foroglio-nel-1928-300x200.jpeg 300w, https:\/\/swissfederalism.ch\/wp-content\/uploads\/2021\/01\/il-Ristorante-La-Froda-e-stato-aperto-a-Foroglio-nel-1928-768x512.jpeg 768w, https:\/\/swissfederalism.ch\/wp-content\/uploads\/2021\/01\/il-Ristorante-La-Froda-e-stato-aperto-a-Foroglio-nel-1928-1536x1024.jpeg 1536w, https:\/\/swissfederalism.ch\/wp-content\/uploads\/2021\/01\/il-Ristorante-La-Froda-e-stato-aperto-a-Foroglio-nel-1928.jpeg 1920w\" sizes=\"(max-width: 840px) 100vw, 840px\" \/><figcaption id=\"caption-attachment-86592\" class=\"wp-caption-text\">Le restaurant \u00ab\u00a0La Froda\u00a0\u00bb a \u00e9t\u00e9 ouvert \u00e0 Foroglio en 1928.<\/figcaption><\/figure>\n<h3>2021-2024, cent millions du Conseil f\u00e9d\u00e9ral<\/h3>\n<p>Le message culturel 2021-2024 adopt\u00e9 par le Conseil f\u00e9d\u00e9ral indique la n\u00e9cessit\u00e9 d&rsquo;un financement f\u00e9d\u00e9ral pour la pr\u00e9servation des monuments historiques de plus de 100 millions de francs par an et vise \u00e0 am\u00e9liorer la situation actuelle.<\/p>\n<p>\u00ab\u00a0La Suisse poss\u00e8de un riche patrimoine culturel b\u00e2ti &#8211; comprenant, par exemple, des ch\u00e2teaux, des palais urbains et des b\u00e2timents r\u00e9sidentiels du XXe si\u00e8cle. Comme le montre clairement l&rsquo;\u00e9tude de BAK Economics, ce patrimoine est \u00e9conomiquement pertinent, par exemple pour l&rsquo;industrie de la culture et du tourisme ainsi que pour les entreprises de construction et les artisans. Cependant, les fonds que le gouvernement f\u00e9d\u00e9ral consacre \u00e0 la restauration des monuments historiques sont en baisse depuis des ann\u00e9es. De plus, au cours de la m\u00eame p\u00e9riode, le pouvoir d&rsquo;achat r\u00e9el a \u00e9t\u00e9 divis\u00e9 par deux\u00a0\u00bb, c&rsquo;est l&rsquo;avis de Cordula Kessler, co-directrice de la gestion chez NIKE.<\/p>\n<h3>Recommandations pour am\u00e9liorer la qualit\u00e9 des donn\u00e9es<\/h3>\n<p>Outre la description de la situation actuelle et la pr\u00e9sentation des nouveaux r\u00e9sultats des enqu\u00eates empiriques r\u00e9alis\u00e9es, une autre contribution importante de l&rsquo;\u00e9tude consiste \u00e0 mettre en \u00e9vidence les lacunes des donn\u00e9es actuellement disponibles et \u00e0 fournir des suggestions pour am\u00e9liorer leur collecte \u00e0 l&rsquo;avenir.<\/p>\n<p><a href=\"https:\/\/swissfederalism.ch\/fr\/lethique-de-la-competitivite-et-lesprit-du-federalisme\/\"><strong>L&rsquo;\u00e9thique de la comp\u00e9titivit\u00e9 et l&rsquo;esprit du f\u00e9d\u00e9ralisme<\/strong><\/a><br \/>\n<a href=\"https:\/\/swissfederalism.ch\/fr\/europe-petits-etats-federalism\/\"><strong>Une Europe de petits \u00c9tats et un f\u00e9d\u00e9ralisme \u00e0 peine esquiss\u00e9&#8230;<\/strong><\/a><\/p>\n<p>En effet, les analyses sur ce th\u00e8me sont actuellement limit\u00e9es par le manque d&rsquo;informations sur les caract\u00e9ristiques centrales (type de b\u00e2timent, terrain et surface de construction) des quelque 270 000 monuments recens\u00e9s par les autorit\u00e9s f\u00e9d\u00e9rales. Une approche prometteuse pour am\u00e9liorer la base de donn\u00e9es structurelle est l&rsquo;introduction d&rsquo;informations sur le statut de protection des b\u00e2timents dans le Registre f\u00e9d\u00e9ral des b\u00e2timents et des logements (REA).<\/p>\n<p>En outre, contrairement aux contributions f\u00e9d\u00e9rales, les contributions cantonales ne sont pas syst\u00e9matiquement enregistr\u00e9es. Dans ce cas, une collecte des contributions \u00e9tatiques selon des crit\u00e8res uniformes pour l&rsquo;ensemble de la Suisse par les offices de chaque canton permettrait d&rsquo;am\u00e9liorer les donn\u00e9es disponibles.<\/p>\n<figure id=\"attachment_86596\" aria-describedby=\"caption-attachment-86596\" style=\"width: 840px\" class=\"wp-caption aligncenter\"><img decoding=\"async\" class=\"wp-image-86596 size-large\" src=\"https:\/\/swissfederalism.ch\/wp-content\/uploads\/2021\/01\/Rapperswil-Jona-e-un-Comune-del-Cantone-San-Gallo--1024x683.jpeg\" alt=\"Rapperswil-Jona \u00e8 un Comune del Cantone San Gallo\" width=\"840\" height=\"560\" srcset=\"https:\/\/swissfederalism.ch\/wp-content\/uploads\/2021\/01\/Rapperswil-Jona-e-un-Comune-del-Cantone-San-Gallo--1024x683.jpeg 1024w, https:\/\/swissfederalism.ch\/wp-content\/uploads\/2021\/01\/Rapperswil-Jona-e-un-Comune-del-Cantone-San-Gallo--300x200.jpeg 300w, https:\/\/swissfederalism.ch\/wp-content\/uploads\/2021\/01\/Rapperswil-Jona-e-un-Comune-del-Cantone-San-Gallo--768x512.jpeg 768w, https:\/\/swissfederalism.ch\/wp-content\/uploads\/2021\/01\/Rapperswil-Jona-e-un-Comune-del-Cantone-San-Gallo--1536x1024.jpeg 1536w, https:\/\/swissfederalism.ch\/wp-content\/uploads\/2021\/01\/Rapperswil-Jona-e-un-Comune-del-Cantone-San-Gallo-.jpeg 1920w\" sizes=\"(max-width: 840px) 100vw, 840px\" \/><figcaption id=\"caption-attachment-86596\" class=\"wp-caption-text\">Rapperswil-Jona est une commune du canton de Saint-Gall.<\/figcaption><\/figure>\n","protected":false},"excerpt":{"rendered":"<p>La protection du patrimoine immobilier suisse, compos\u00e9 de 270 000 b\u00e2timents historiques, cr\u00e9e des retomb\u00e9es positives pour la culture, le tourisme et la construction&#8230;<\/p>\n","protected":false},"author":2,"featured_media":86598,"comment_status":"open","ping_status":"closed","sticky":false,"template":"","format":"standard","meta":{"footnotes":""},"categories":[298,300,389,356,338,386,383,380,377,374,368,365,362,359,353,350,344,347,323,332,329,326,321,371,341,335,312,310,303,294],"tags":[393,406,401,434],"class_list":["post-93188","post","type-post","status-publish","format-standard","has-post-thumbnail","hentry","category-canton-appenzell-rhodes-exterieures","category-canton-appenzell-rhodes-interieures","category-canton-argovie","category-canton-dobwald","category-canton-uri","category-canton-de-bale-campagne","category-canton-de-bale-ville","category-canton-de-berne","category-canton-de-fribourg","category-canton-de-geneve","category-canton-de-glaris","category-canton-de-lucerne","category-canton-de-neuchatel","category-canton-de-nidwald","category-canton-de-saint-gall","category-canton-de-schaffhouse","category-canton-de-schwytz","category-canton-de-soleure","category-canton-de-thurgovie","category-canton-de-vaud","category-canton-de-zoug","category-canton-de-zurich","category-canton-des-grisons","category-canton-du-jura","category-canton-du-tessin","category-canton-valais-fr","category-culture-fr","category-economie","category-histoire","category-suisse","tag-avenir","tag-europe-fr","tag-histoire-de-leurope","tag-politique"],"_links":{"self":[{"href":"https:\/\/swissfederalism.ch\/fr\/wp-json\/wp\/v2\/posts\/93188","targetHints":{"allow":["GET"]}}],"collection":[{"href":"https:\/\/swissfederalism.ch\/fr\/wp-json\/wp\/v2\/posts"}],"about":[{"href":"https:\/\/swissfederalism.ch\/fr\/wp-json\/wp\/v2\/types\/post"}],"author":[{"embeddable":true,"href":"https:\/\/swissfederalism.ch\/fr\/wp-json\/wp\/v2\/users\/2"}],"replies":[{"embeddable":true,"href":"https:\/\/swissfederalism.ch\/fr\/wp-json\/wp\/v2\/comments?post=93188"}],"version-history":[{"count":5,"href":"https:\/\/swissfederalism.ch\/fr\/wp-json\/wp\/v2\/posts\/93188\/revisions"}],"predecessor-version":[{"id":125152,"href":"https:\/\/swissfederalism.ch\/fr\/wp-json\/wp\/v2\/posts\/93188\/revisions\/125152"}],"wp:featuredmedia":[{"embeddable":true,"href":"https:\/\/swissfederalism.ch\/fr\/wp-json\/wp\/v2\/media\/86598"}],"wp:attachment":[{"href":"https:\/\/swissfederalism.ch\/fr\/wp-json\/wp\/v2\/media?parent=93188"}],"wp:term":[{"taxonomy":"category","embeddable":true,"href":"https:\/\/swissfederalism.ch\/fr\/wp-json\/wp\/v2\/categories?post=93188"},{"taxonomy":"post_tag","embeddable":true,"href":"https:\/\/swissfederalism.ch\/fr\/wp-json\/wp\/v2\/tags?post=93188"}],"curies":[{"name":"wp","href":"https:\/\/api.w.org\/{rel}","templated":true}]}}