{"id":93103,"date":"2021-04-07T21:27:26","date_gmt":"2021-04-07T21:27:26","guid":{"rendered":"https:\/\/swissfederalism.ch\/fallimenti-ed-esecuzioni-in-contrazione-in-tutta-la-svizzera\/"},"modified":"2021-08-23T09:35:03","modified_gmt":"2021-08-23T09:35:03","slug":"faillites-et-poursuites-en-baisse-dans-toute-la-suisse","status":"publish","type":"post","link":"https:\/\/swissfederalism.ch\/fr\/faillites-et-poursuites-en-baisse-dans-toute-la-suisse\/","title":{"rendered":"Faillites et poursuites en baisse dans toute la Suisse"},"content":{"rendered":"<h1>Faillites et poursuites en baisse dans toute la Suisse<\/h1>\n<h3><em>En 2020, les dissolutions et les saisies d&rsquo;entreprises ont diminu\u00e9 respectivement de 6,6 % (-18,2 au Tessin&#8230;) et de 13,3 % par rapport \u00e0 2019<\/em><\/h3>\n<p>En 2020, le nombre total de proc\u00e9dures de faillite ouvertes \u00e0 l&rsquo;encontre d&rsquo;entreprises et de particuliers a diminu\u00e9 de 6,6 % par rapport \u00e0 2019. En termes r\u00e9gionaux, la plus forte baisse a \u00e9t\u00e9 observ\u00e9e au Tessin (-18,2 %).<br \/>\nLes cl\u00f4tures de proc\u00e9dures de faillite ont enregistr\u00e9 une baisse similaire \u00e0 celle des ouvertures. En revanche, une baisse plus prononc\u00e9e a \u00e9t\u00e9 enregistr\u00e9e pour les proc\u00e9dures d&rsquo;ex\u00e9cution.<\/p>\n<p><strong><a href=\"https:\/\/swissfederalism.ch\/wp-content\/uploads\/2021\/04\/Eroffnungen-von-Konkursverfahren-nach-Grossregionen-und-Kantonen.xlsx\">Er\u00f6ffnungen von Konkursverfahren nach Grossregionen und Kantonen<\/a><\/strong><br \/>\n<strong><a href=\"https:\/\/swissfederalism.ch\/wp-content\/uploads\/2021\/04\/Ouvertures-de-procedures-de-faillite-par-grandes-regions-et-cantons.xlsx\">Ouvertures de proc\u00e9dures de faillite par grandes r\u00e9gions et cantons<\/a><\/strong><br \/>\n<strong><a href=\"https:\/\/swissfederalism.ch\/wp-content\/uploads\/2021\/04\/Aperture-di-procedure-di-fallimento-per-grande-regione-e-cantone.xlsx\">Aperture di procedure di fallimento per grande regione e cantone<\/a><\/strong><\/p>\n<p>C&rsquo;est ce qui ressort de la derni\u00e8re statistique des poursuites et faillites de l&rsquo;Office f\u00e9d\u00e9ral de la statistique (OFS).<br \/>\nEn 2020, le nombre de proc\u00e9dures de faillite ouvertes \u00e0 l&rsquo;encontre d&rsquo;entreprises et de particuliers en vertu de la loi f\u00e9d\u00e9rale sur la poursuite pour dettes et la faillite (SchKG) s&rsquo;est \u00e9lev\u00e9 \u00e0 12 912, marquant une baisse de 928 cas par rapport \u00e0 2019 (13 840 cas).<br \/>\nLes r\u00e9sultats donnent une vision partielle dans la mesure o\u00f9 ils n&rsquo;incluent pas les proc\u00e9dures de dissolution de soci\u00e9t\u00e9s en raison de d\u00e9fauts d&rsquo;organisation (art. 731b Code des obligations), dont le nombre a \u00e9galement diminu\u00e9 durant la p\u00e9riode sous revue.<\/p>\n<figure id=\"attachment_92866\" aria-describedby=\"caption-attachment-92866\" style=\"width: 840px\" class=\"wp-caption aligncenter\"><img decoding=\"async\" class=\"wp-image-92866 size-large\" src=\"https:\/\/swissfederalism.ch\/wp-content\/uploads\/2021\/04\/Evoluzione-delle-aperture-di-fallimento-Svizzera-2020-1024x683.png\" alt=\"Evoluzione delle aperture di fallimento - Svizzera 2020\" width=\"840\" height=\"560\" srcset=\"https:\/\/swissfederalism.ch\/wp-content\/uploads\/2021\/04\/Evoluzione-delle-aperture-di-fallimento-Svizzera-2020-1024x683.png 1024w, https:\/\/swissfederalism.ch\/wp-content\/uploads\/2021\/04\/Evoluzione-delle-aperture-di-fallimento-Svizzera-2020-300x200.png 300w, https:\/\/swissfederalism.ch\/wp-content\/uploads\/2021\/04\/Evoluzione-delle-aperture-di-fallimento-Svizzera-2020-768x512.png 768w, https:\/\/swissfederalism.ch\/wp-content\/uploads\/2021\/04\/Evoluzione-delle-aperture-di-fallimento-Svizzera-2020-1536x1024.png 1536w, https:\/\/swissfederalism.ch\/wp-content\/uploads\/2021\/04\/Evoluzione-delle-aperture-di-fallimento-Svizzera-2020.png 1920w\" sizes=\"(max-width: 840px) 100vw, 840px\" \/><figcaption id=\"caption-attachment-92866\" class=\"wp-caption-text\">Evolution des ouvertures de faillite &#8211; Suisse 2020<\/figcaption><\/figure>\n<h3>Augmentation des proc\u00e9dures dans seulement quatre cantons sur 26<\/h3>\n<p>En ce qui concerne le nombre de cl\u00f4tures de proc\u00e9dures de faillite, y compris les dissolutions au sens de l&rsquo;article 731b du Code des obligations, la baisse observ\u00e9e en 2020 (-946 cas) est presque du m\u00eame ordre de grandeur que la baisse du nombre de proc\u00e9dures de faillite ouvertes.<br \/>\nPar rapport \u00e0 2019, on observe une baisse du nombre de proc\u00e9dures de faillite ouvertes dans toutes les \u00ab\u00a0grandes r\u00e9gions\u00a0\u00bb, allant de -2,8 % en Suisse du Nord-Ouest \u00e0 -15,9 % au Tessin.<\/p>\n<p><strong> <a href=\"https:\/\/swissfederalism.ch\/wp-content\/uploads\/2021\/04\/Konkursverfahren-und-Betreibungshandlungen.xlsx\">Konkursverfahren und Betreibungshandlungen<\/a><\/strong><br \/>\n<strong><a href=\"https:\/\/swissfederalism.ch\/wp-content\/uploads\/2021\/04\/Procedures-de-faillite-et-actes-de-poursuite.xlsx\">Proc\u00e9dures de faillite et actes de poursuite<\/a><\/strong><br \/>\n<strong><a href=\"https:\/\/swissfederalism.ch\/wp-content\/uploads\/2021\/04\/Procedure-di-fallimento-e-procedimenti-esecutivi.xlsx\">Procedure di fallimento e procedimenti esecutivi<\/a><\/strong><\/p>\n<p>Au niveau des cantons, Glaris (-26,6%) et les Grisons (-24,0%) ont enregistr\u00e9 les plus fortes baisses.<br \/>\nEn termes absolus, les cantons du Tessin, de Gen\u00e8ve et de Vaud ont enregistr\u00e9 les plus fortes baisses (plus de 100 cas de moins que l&rsquo;ann\u00e9e pr\u00e9c\u00e9dente). Seuls quatre cantons, dont Lucerne (+32 cas) et Obwald (+15 cas), ont enregistr\u00e9 une augmentation du nombre de faillites.<\/p>\n<figure id=\"attachment_92882\" aria-describedby=\"caption-attachment-92882\" style=\"width: 840px\" class=\"wp-caption aligncenter\"><img decoding=\"async\" class=\"wp-image-92882 size-large\" src=\"https:\/\/swissfederalism.ch\/wp-content\/uploads\/2021\/04\/Niente-soldi-per-i-creditori-delle-imprese-e-delle-persone-fallite-1024x683.jpeg\" alt=\"Niente soldi per i creditori delle imprese e delle persone fallite\" width=\"840\" height=\"560\" srcset=\"https:\/\/swissfederalism.ch\/wp-content\/uploads\/2021\/04\/Niente-soldi-per-i-creditori-delle-imprese-e-delle-persone-fallite-1024x683.jpeg 1024w, https:\/\/swissfederalism.ch\/wp-content\/uploads\/2021\/04\/Niente-soldi-per-i-creditori-delle-imprese-e-delle-persone-fallite-300x200.jpeg 300w, https:\/\/swissfederalism.ch\/wp-content\/uploads\/2021\/04\/Niente-soldi-per-i-creditori-delle-imprese-e-delle-persone-fallite-768x512.jpeg 768w, https:\/\/swissfederalism.ch\/wp-content\/uploads\/2021\/04\/Niente-soldi-per-i-creditori-delle-imprese-e-delle-persone-fallite-1536x1024.jpeg 1536w, https:\/\/swissfederalism.ch\/wp-content\/uploads\/2021\/04\/Niente-soldi-per-i-creditori-delle-imprese-e-delle-persone-fallite.jpeg 1920w\" sizes=\"(max-width: 840px) 100vw, 840px\" \/><figcaption id=\"caption-attachment-92882\" class=\"wp-caption-text\">Niente soldi per i creditori delle imprese e delle persone fallite<\/figcaption><\/figure>\n<h3>La plus forte baisse du PIB depuis 1975 appelle \u00e0 la prudence<\/h3>\n<p>Ces r\u00e9sultats doivent \u00eatre consid\u00e9r\u00e9s avec une certaine prudence. Le produit int\u00e9rieur brut (PIB) ayant connu en 2020 la plus forte baisse depuis 1975, on aurait pu s&rsquo;attendre \u00e0 une vague de proc\u00e9dures de faillite \u00e0 l&rsquo;encontre d&rsquo;entreprises et de particuliers.<br \/>\nToutefois, les r\u00e9sultats montrent une diminution du nombre de faillites au cours de l&rsquo;ann\u00e9e sous revue.<br \/>\nPlusieurs facteurs peuvent expliquer cet apparent paradoxe. La raison principale est \u00e0 chercher du c\u00f4t\u00e9 des autorit\u00e9s. Le Conseil f\u00e9d\u00e9ral a pris tr\u00e8s t\u00f4t la d\u00e9cision de suspendre temporairement l&rsquo;obligation pour les entreprises d&rsquo;informer le juge en cas de surendettement.<\/p>\n<p><strong><a href=\"https:\/\/swissfederalism.ch\/wp-content\/uploads\/2021\/04\/Eroffnungen-von-Konkursverfahren-nach-Grossregionen-und-Kantonen-1.xlsx\">Er\u00f6ffnungen von Konkursverfahren nach Grossregionen und Kantonen<\/a><\/strong><br \/>\n<strong><a href=\"https:\/\/swissfederalism.ch\/wp-content\/uploads\/2021\/04\/Ouvertures-de-procedures-de-faillite-par-grandes-regions-et-cantons-1.xlsx\">Ouvertures de proc\u00e9dures de faillite par grandes r\u00e9gions et cantons<\/a><\/strong><br \/>\n<strong><a href=\"https:\/\/swissfederalism.ch\/wp-content\/uploads\/2021\/04\/Aperture-di-procedure-di-fallimento-per-grande-regione-e-cantone-1.xlsx\">Aperture di procedure di fallimento per grande regione e cantone<\/a><\/strong><\/p>\n<p>Elle a \u00e9galement permis aux PME de demander un \u00ab\u00a0moratoire COVID-19\u00a0\u00bb, qui pr\u00e9voit une aide financi\u00e8re pour les cas difficiles. Ces mesures ont \u00e9t\u00e9 prises notamment pour \u00e9viter une vague de faillites.<br \/>\nDans ce contexte, il est donc difficile de savoir comment interpr\u00e9ter correctement les chiffres de 2020.<br \/>\nComme les r\u00e9percussions \u00e9conomiques de la pand\u00e9mie sur le nombre de faillites s&rsquo;\u00e9tendront au-del\u00e0 de 2020, il est conseill\u00e9 d&rsquo;attendre les chiffres de 2021, voire 2022, afin de mieux comprendre l&rsquo;ampleur de l&rsquo;impact de la pand\u00e9mie sur le tissu \u00e9conomique suisse et, plus particuli\u00e8rement, sur le nombre de faillites.<\/p>\n<figure id=\"attachment_92870\" aria-describedby=\"caption-attachment-92870\" style=\"width: 840px\" class=\"wp-caption aligncenter\"><img decoding=\"async\" class=\"wp-image-92870 size-large\" src=\"https:\/\/swissfederalism.ch\/wp-content\/uploads\/2021\/04\/Evoluzione-delle-perdite-risultanti-dalle-liquidazioni-di-procedure-di-fallimento-ordinarie-e-sommarie-1994-2020-1024x683.png\" alt=\"Evoluzione delle perdite risultanti dalle liquidazioni di procedure di fallimento ordinarie e sommarie - 1994-2020\" width=\"840\" height=\"560\" srcset=\"https:\/\/swissfederalism.ch\/wp-content\/uploads\/2021\/04\/Evoluzione-delle-perdite-risultanti-dalle-liquidazioni-di-procedure-di-fallimento-ordinarie-e-sommarie-1994-2020-1024x683.png 1024w, https:\/\/swissfederalism.ch\/wp-content\/uploads\/2021\/04\/Evoluzione-delle-perdite-risultanti-dalle-liquidazioni-di-procedure-di-fallimento-ordinarie-e-sommarie-1994-2020-300x200.png 300w, https:\/\/swissfederalism.ch\/wp-content\/uploads\/2021\/04\/Evoluzione-delle-perdite-risultanti-dalle-liquidazioni-di-procedure-di-fallimento-ordinarie-e-sommarie-1994-2020-768x512.png 768w, https:\/\/swissfederalism.ch\/wp-content\/uploads\/2021\/04\/Evoluzione-delle-perdite-risultanti-dalle-liquidazioni-di-procedure-di-fallimento-ordinarie-e-sommarie-1994-2020-1536x1024.png 1536w, https:\/\/swissfederalism.ch\/wp-content\/uploads\/2021\/04\/Evoluzione-delle-perdite-risultanti-dalle-liquidazioni-di-procedure-di-fallimento-ordinarie-e-sommarie-1994-2020.png 1920w\" sizes=\"(max-width: 840px) 100vw, 840px\" \/><figcaption id=\"caption-attachment-92870\" class=\"wp-caption-text\">\u00c9volution des pertes r\u00e9sultant du r\u00e8glement des proc\u00e9dures de faillite ordinaires et sommaires &#8211; 1994-2020<\/figcaption><\/figure>\n<h3>Augmentation importante de la somme des pertes financi\u00e8res<\/h3>\n<p>Le montant des pertes financi\u00e8res r\u00e9sultant des proc\u00e9dures de cl\u00f4ture de faillite ordinaires et sommaires (y compris les proc\u00e9dures de dissolution selon l&rsquo;article 731b CO) est nettement plus \u00e9lev\u00e9 qu&rsquo;en 2019.<br \/>\nEn 2020, ces pertes s&rsquo;\u00e9l\u00e8veront \u00e0 8,2 milliards de francs suisses, soit 3,6 fois plus qu&rsquo;en 2019. Ce montant, qui constitue un record depuis le d\u00e9but des enqu\u00eates, doit \u00eatre relativis\u00e9.<\/p>\n<p><strong><a href=\"https:\/\/swissfederalism.ch\/wp-content\/uploads\/2021\/04\/Betreibungshandlungen-nach-Kanton.xlsx\">Betreibungshandlungen nach Kanton<\/a><\/strong><br \/>\n<strong><a href=\"https:\/\/swissfederalism.ch\/wp-content\/uploads\/2021\/04\/Actes-de-poursuites-par-canton.xlsx\">Actes de poursuites par canton<\/a><\/strong><br \/>\n<strong><a href=\"https:\/\/swissfederalism.ch\/wp-content\/uploads\/2021\/04\/Procedimenti-esecutivi-per-cantone.xlsx\">Procedimenti esecutivi per cantone<\/a><\/strong><\/p>\n<p>Cela s&rsquo;explique par un cas inhabituel de proc\u00e9dure de faillite ouverte il y a environ 16 ans et cl\u00f4tur\u00e9e seulement en 2020.<br \/>\nCette proc\u00e9dure de faillite particuli\u00e8rement longue, qui s&rsquo;est sold\u00e9e par une perte de 6,5 milliards de francs, est l&rsquo;une des plus importantes de l&rsquo;histoire de notre pays.<br \/>\nSans ce cas, les pertes financi\u00e8res r\u00e9sultant des faillites cl\u00f4tur\u00e9es en 2020, ann\u00e9e marqu\u00e9e par la crise \u00e9conomique induite par la pand\u00e9mie COVID-19, seraient inf\u00e9rieures de 30% \u00e0 celles de 2019 (2,3 milliards de francs).<\/p>\n<figure id=\"attachment_92886\" aria-describedby=\"caption-attachment-92886\" style=\"width: 840px\" class=\"wp-caption aligncenter\"><img decoding=\"async\" class=\"wp-image-92886 size-large\" src=\"https:\/\/swissfederalism.ch\/wp-content\/uploads\/2021\/04\/Problemi-finanziari-per-molte-persone-causa-la-crisi-economica-1024x683.jpeg\" alt=\"Problemi finanziari per molte persone causa la crisi economica\" width=\"840\" height=\"560\" srcset=\"https:\/\/swissfederalism.ch\/wp-content\/uploads\/2021\/04\/Problemi-finanziari-per-molte-persone-causa-la-crisi-economica-1024x683.jpeg 1024w, https:\/\/swissfederalism.ch\/wp-content\/uploads\/2021\/04\/Problemi-finanziari-per-molte-persone-causa-la-crisi-economica-300x200.jpeg 300w, https:\/\/swissfederalism.ch\/wp-content\/uploads\/2021\/04\/Problemi-finanziari-per-molte-persone-causa-la-crisi-economica-768x512.jpeg 768w, https:\/\/swissfederalism.ch\/wp-content\/uploads\/2021\/04\/Problemi-finanziari-per-molte-persone-causa-la-crisi-economica-1536x1024.jpeg 1536w, https:\/\/swissfederalism.ch\/wp-content\/uploads\/2021\/04\/Problemi-finanziari-per-molte-persone-causa-la-crisi-economica.jpeg 1920w\" sizes=\"(max-width: 840px) 100vw, 840px\" \/><figcaption id=\"caption-attachment-92886\" class=\"wp-caption-text\">Probl\u00e8mes financiers pour de nombreuses personnes en raison de la crise \u00e9conomique<\/figcaption><\/figure>\n<h3>Baisse significative des saisies et des r\u00e9alisations<\/h3>\n<p>La situation de crise sanitaire a \u00e9galement eu un impact significatif sur le nombre de proc\u00e9dures d&rsquo;ex\u00e9cution engag\u00e9es ou r\u00e9alis\u00e9es dans notre pays.<br \/>\nEn 2020, il y a eu moins de saisies-arr\u00eats ex\u00e9cutoires (2,6 millions, soit 13,3 % de moins qu&rsquo;en 2019), de forclusions (1,5 million ; -11,8 %) et de r\u00e9alisations (653 000 ; -5,6 %).<\/p>\n<figure id=\"attachment_92874\" aria-describedby=\"caption-attachment-92874\" style=\"width: 840px\" class=\"wp-caption aligncenter\"><img decoding=\"async\" class=\"wp-image-92874 size-large\" src=\"https:\/\/swissfederalism.ch\/wp-content\/uploads\/2021\/04\/La-pandemia-di-coronavirus-ha-messo-in-crisi-parecchie-attivita-1024x683.jpeg\" alt=\"La pandemia di coronavirus ha messo in crisi parecchie attivit\u00e0\" width=\"840\" height=\"560\" srcset=\"https:\/\/swissfederalism.ch\/wp-content\/uploads\/2021\/04\/La-pandemia-di-coronavirus-ha-messo-in-crisi-parecchie-attivita-1024x683.jpeg 1024w, https:\/\/swissfederalism.ch\/wp-content\/uploads\/2021\/04\/La-pandemia-di-coronavirus-ha-messo-in-crisi-parecchie-attivita-300x200.jpeg 300w, https:\/\/swissfederalism.ch\/wp-content\/uploads\/2021\/04\/La-pandemia-di-coronavirus-ha-messo-in-crisi-parecchie-attivita-768x512.jpeg 768w, https:\/\/swissfederalism.ch\/wp-content\/uploads\/2021\/04\/La-pandemia-di-coronavirus-ha-messo-in-crisi-parecchie-attivita-1536x1024.jpeg 1536w, https:\/\/swissfederalism.ch\/wp-content\/uploads\/2021\/04\/La-pandemia-di-coronavirus-ha-messo-in-crisi-parecchie-attivita.jpeg 1920w\" sizes=\"(max-width: 840px) 100vw, 840px\" \/><figcaption id=\"caption-attachment-92874\" class=\"wp-caption-text\">La pand\u00e9mie de coronavirus a mis un grand nombre d&rsquo;entreprises hors d&rsquo;\u00e9tat de nuire<\/figcaption><\/figure>\n","protected":false},"excerpt":{"rendered":"<p>En 2020, les dissolutions d&rsquo;entreprises et les pr\u00e9ceptes ont baiss\u00e9 respectivement de 6,6 % (-18,2 au Tessin&#8230;) et de 13,3 % par rapport \u00e0 2019<\/p>\n","protected":false},"author":2,"featured_media":92880,"comment_status":"open","ping_status":"closed","sticky":false,"template":"","format":"standard","meta":{"footnotes":""},"categories":[310,308,209,294],"tags":[397,402,415,412,582],"class_list":["post-93103","post","type-post","status-publish","format-standard","has-post-thumbnail","hentry","category-economie","category-faits-marquants","category-les-magazines","category-suisse","tag-federalisme","tag-finances","tag-fiscalite","tag-la-competition-fiscale","tag-revenu"],"_links":{"self":[{"href":"https:\/\/swissfederalism.ch\/fr\/wp-json\/wp\/v2\/posts\/93103","targetHints":{"allow":["GET"]}}],"collection":[{"href":"https:\/\/swissfederalism.ch\/fr\/wp-json\/wp\/v2\/posts"}],"about":[{"href":"https:\/\/swissfederalism.ch\/fr\/wp-json\/wp\/v2\/types\/post"}],"author":[{"embeddable":true,"href":"https:\/\/swissfederalism.ch\/fr\/wp-json\/wp\/v2\/users\/2"}],"replies":[{"embeddable":true,"href":"https:\/\/swissfederalism.ch\/fr\/wp-json\/wp\/v2\/comments?post=93103"}],"version-history":[{"count":4,"href":"https:\/\/swissfederalism.ch\/fr\/wp-json\/wp\/v2\/posts\/93103\/revisions"}],"predecessor-version":[{"id":125368,"href":"https:\/\/swissfederalism.ch\/fr\/wp-json\/wp\/v2\/posts\/93103\/revisions\/125368"}],"wp:featuredmedia":[{"embeddable":true,"href":"https:\/\/swissfederalism.ch\/fr\/wp-json\/wp\/v2\/media\/92880"}],"wp:attachment":[{"href":"https:\/\/swissfederalism.ch\/fr\/wp-json\/wp\/v2\/media?parent=93103"}],"wp:term":[{"taxonomy":"category","embeddable":true,"href":"https:\/\/swissfederalism.ch\/fr\/wp-json\/wp\/v2\/categories?post=93103"},{"taxonomy":"post_tag","embeddable":true,"href":"https:\/\/swissfederalism.ch\/fr\/wp-json\/wp\/v2\/tags?post=93103"}],"curies":[{"name":"wp","href":"https:\/\/api.w.org\/{rel}","templated":true}]}}