{"id":92834,"date":"2020-11-24T00:52:30","date_gmt":"2020-11-24T00:52:30","guid":{"rendered":"https:\/\/swissfederalism.ch\/etica-competitivita-spirito-federalismo\/"},"modified":"2021-08-19T06:48:30","modified_gmt":"2021-08-19T06:48:30","slug":"lethique-de-la-competitivite-et-lesprit-du-federalisme","status":"publish","type":"post","link":"https:\/\/swissfederalism.ch\/fr\/lethique-de-la-competitivite-et-lesprit-du-federalisme\/","title":{"rendered":"L&rsquo;\u00e9thique de la comp\u00e9titivit\u00e9 et l&rsquo;esprit du f\u00e9d\u00e9ralisme"},"content":{"rendered":"<h1>L&rsquo;\u00e9thique de la comp\u00e9titivit\u00e9 et l&rsquo;esprit du f\u00e9d\u00e9ralisme<\/h1>\n<h3><em>Le succ\u00e8s du mod\u00e8le suisse semble r\u00e9sider dans la concurrence que se livrent les 26 cantons en mati\u00e8re d&rsquo;efficacit\u00e9, de r\u00e9partition des revenus et de p\u00e9r\u00e9quation fiscale<\/em><\/h3>\n<p>Les conditions \u00e9conomiques en Suisse sont enviables et le pays se classe r\u00e9guli\u00e8rement en t\u00eate des classements internationaux en mati\u00e8re de comp\u00e9titivit\u00e9. Cela soul\u00e8ve la question suivante : quelle part de ce succ\u00e8s est due au syst\u00e8me politique ?<\/p>\n<p>Les performances \u00e9conomiques de la Conf\u00e9d\u00e9ration suisse sont faciles \u00e0 quantifier, mais pour de nombreux observateurs, elles sont \u00e0 premi\u00e8re vue difficiles \u00e0 expliquer. Comment est-il possible qu&rsquo;un pays dot\u00e9 d&rsquo;un march\u00e9 int\u00e9rieur aussi restreint, o\u00f9 les revenus moyens sont parmi les plus \u00e9lev\u00e9s au monde, puisse pr\u00e9senter des chiffres du produit int\u00e9rieur brut aussi stables, se rapprocher du plein emploi et &#8211; plus surprenant encore &#8211; figurer parmi les nations les plus comp\u00e9titives du monde ?<\/p>\n<figure id=\"attachment_85221\" aria-describedby=\"caption-attachment-85221\" style=\"width: 300px\" class=\"wp-caption alignleft\"><img decoding=\"async\" class=\"size-medium wp-image-85221\" src=\"https:\/\/swissfederalism.ch\/wp-content\/uploads\/2020\/11\/Zuerich_Fraumuenster_St_Peter-300x200.jpg\" alt=\"Il M\u00fcnsterbr\u00fccke a Zurigo, patria della finanza\" width=\"300\" height=\"200\" srcset=\"https:\/\/swissfederalism.ch\/wp-content\/uploads\/2020\/11\/Zuerich_Fraumuenster_St_Peter-300x200.jpg 300w, https:\/\/swissfederalism.ch\/wp-content\/uploads\/2020\/11\/Zuerich_Fraumuenster_St_Peter-1024x683.jpg 1024w, https:\/\/swissfederalism.ch\/wp-content\/uploads\/2020\/11\/Zuerich_Fraumuenster_St_Peter-768x512.jpg 768w, https:\/\/swissfederalism.ch\/wp-content\/uploads\/2020\/11\/Zuerich_Fraumuenster_St_Peter-1536x1024.jpg 1536w, https:\/\/swissfederalism.ch\/wp-content\/uploads\/2020\/11\/Zuerich_Fraumuenster_St_Peter-2048x1366.jpg 2048w, https:\/\/swissfederalism.ch\/wp-content\/uploads\/2020\/11\/Zuerich_Fraumuenster_St_Peter-scaled.jpg 2560w\" sizes=\"(max-width: 300px) 100vw, 300px\" \/><figcaption id=\"caption-attachment-85221\" class=\"wp-caption-text\">Le pont M\u00fcnsterbr\u00fccke \u00e0 Zurich, si\u00e8ge de la finance<\/figcaption><\/figure>\n<p>Pour la huiti\u00e8me ann\u00e9e cons\u00e9cutive, la Suisse occupe la premi\u00e8re place du classement mondial de la comp\u00e9titivit\u00e9 \u00e9conomique \u00e9tabli par le Forum \u00e9conomique mondial, une organisation internationale bien connue dont le si\u00e8ge est \u00e0 Cologny, un joli village de la R\u00e9publique et canton de Gen\u00e8ve.<\/p>\n<p>Le lien entre le f\u00e9d\u00e9ralisme et l&rsquo;\u00e9conomie fait depuis longtemps l&rsquo;objet de d\u00e9bats dans les milieux universitaires et chez les praticiens : un syst\u00e8me politique d\u00e9centralis\u00e9 \u00e0 plusieurs niveaux &#8211; Conf\u00e9d\u00e9ration, cantons et communes &#8211; peut-il avoir un impact favorable sur les performances \u00e9conomiques ?<\/p>\n<p>La r\u00e9ponse au niveau universitaire, dans toutes les \u00e9tudes les plus r\u00e9centes, est tr\u00e8s simple : oui. Si la Suisse a une \u00e9conomie comp\u00e9titive, c&rsquo;est en grande partie gr\u00e2ce au f\u00e9d\u00e9ralisme.<\/p>\n<p>Mais pourquoi, et surtout comment, le f\u00e9d\u00e9ralisme favorise-t-il r\u00e9ellement la comp\u00e9titivit\u00e9 \u00e9conomique ?<\/p>\n<h3>Efficacit\u00e9, r\u00e9partition des revenus et p\u00e9r\u00e9quation<\/h3>\n<p>L&rsquo;efficacit\u00e9 est le premier des trois moyens par lesquels le f\u00e9d\u00e9ralisme facilite l&rsquo;activit\u00e9 \u00e9conomique. Le fait qu&rsquo;un gouvernement local puisse intervenir \u00ab\u00a0\u00e0 proximit\u00e9 du lieu de l&rsquo;action\u00a0\u00bb rend le syst\u00e8me plus dynamique et plus responsable, et c&rsquo;est ce qui stimule la comp\u00e9titivit\u00e9. Le vrai f\u00e9d\u00e9ralisme, comme celui de la Suisse, incite les administrateurs publics \u00e0 rendre des comptes.<\/p>\n<p>Deuxi\u00e8mement, le syst\u00e8me f\u00e9d\u00e9raliste contribue \u00e0 am\u00e9liorer la r\u00e9partition des revenus et agit comme un m\u00e9canisme d&rsquo;assurance. Par exemple, la mobilit\u00e9 du march\u00e9 du travail permet un <a href=\"https:\/\/swissfederalism.ch\/fr\/berne-zurich-argovie-innovation-fiscale\/\">flux de comp\u00e9tences des r\u00e9gions peu performantes du pays vers les r\u00e9gions plus dynamiques.<\/a><\/p>\n<p>Et puis il y a la p\u00e9r\u00e9quation financi\u00e8re, un syst\u00e8me dans lequel l&rsquo;argent est transf\u00e9r\u00e9 des cantons les plus riches vers ceux qui ont moins de ressources. Ce m\u00e9canisme, fond\u00e9 sur la solidarit\u00e9 \u00e9conomique et politique au sein de la Conf\u00e9d\u00e9ration suisse, permet d&rsquo;att\u00e9nuer tout effondrement \u00e9conomique d&rsquo;une r\u00e9gion par des transferts et des fonds nationaux.<\/p>\n<figure id=\"attachment_85222\" aria-describedby=\"caption-attachment-85222\" style=\"width: 300px\" class=\"wp-caption alignright\"><img decoding=\"async\" class=\"size-medium wp-image-85222\" src=\"https:\/\/swissfederalism.ch\/wp-content\/uploads\/2020\/11\/Basel_-_Roche-Turm_mit_Stadtansicht_bei_Abenddammerung-300x195.jpg\" alt=\"La torre Roche di Basilea, patria della farmaceutica\" width=\"300\" height=\"195\" srcset=\"https:\/\/swissfederalism.ch\/wp-content\/uploads\/2020\/11\/Basel_-_Roche-Turm_mit_Stadtansicht_bei_Abenddammerung-300x195.jpg 300w, https:\/\/swissfederalism.ch\/wp-content\/uploads\/2020\/11\/Basel_-_Roche-Turm_mit_Stadtansicht_bei_Abenddammerung-1024x664.jpg 1024w, https:\/\/swissfederalism.ch\/wp-content\/uploads\/2020\/11\/Basel_-_Roche-Turm_mit_Stadtansicht_bei_Abenddammerung-768x498.jpg 768w, https:\/\/swissfederalism.ch\/wp-content\/uploads\/2020\/11\/Basel_-_Roche-Turm_mit_Stadtansicht_bei_Abenddammerung-1536x996.jpg 1536w, https:\/\/swissfederalism.ch\/wp-content\/uploads\/2020\/11\/Basel_-_Roche-Turm_mit_Stadtansicht_bei_Abenddammerung-2048x1328.jpg 2048w, https:\/\/swissfederalism.ch\/wp-content\/uploads\/2020\/11\/Basel_-_Roche-Turm_mit_Stadtansicht_bei_Abenddammerung-scaled.jpg 2560w\" sizes=\"(max-width: 300px) 100vw, 300px\" \/><figcaption id=\"caption-attachment-85222\" class=\"wp-caption-text\">Tour Roche \u00e0 B\u00e2le, si\u00e8ge de l&rsquo;industrie pharmaceutique<\/figcaption><\/figure>\n<p>Environ 20% de chaque \u00ab\u00a0choc\u00a0\u00bb affectant une r\u00e9gion est absorb\u00e9 par le syst\u00e8me f\u00e9d\u00e9raliste suisse dans son ensemble. Cela permet \u00e0 l&rsquo;\u00e9conomie de prendre plus de risques et de maintenir un haut niveau de diversification industrielle ou de production : pensez \u00e0 l&rsquo;industrie horlog\u00e8re \u00e0 Neuch\u00e2tel, \u00e0 l&rsquo;industrie pharmaceutique \u00e0 B\u00e2le ou \u00e0 la finance \u00e0 Zurich.<\/p>\n<p>Les 26 cantons comme \u00ab\u00a0laboratoires d&rsquo;innovation<\/p>\n<p><a href=\"https:\/\/swissfederalism.ch\/fr\/berne-zurich-argovie-innovation-fiscale\/\">Le facteur de r\u00e9ussite le plus important du f\u00e9d\u00e9ralisme est cependant encore plus tangible. Les cantons suisses fonctionnent comme de petits \u00ab\u00a0laboratoires d&rsquo;innovation\u00a0\u00bb, des \u00ab\u00a0transformateurs d&rsquo;intelligence\u00a0\u00bb,<\/a> souvent en concurrence les uns avec les autres, d\u00e9veloppant leurs propres solutions, qui (en cas de succ\u00e8s) sont pr\u00e9sent\u00e9es comme des mod\u00e8les \u00e0 suivre dans tout le pays.<\/p>\n<p>Les cantons peuvent apprendre les uns des autres. Le syst\u00e8me \u00e9ducatif en est un bon exemple : bien que chacun des 26 \u00c9tats soit en grande partie responsable de sa propre politique \u00e9ducative, ils sont tous constamment \u00e0 la recherche de ce qui fonctionne le mieux. Bien qu&rsquo;il soit difficile \u00e0 quantifier, cet \u00ab\u00a0effet de laboratoire\u00a0\u00bb est crucial pour le succ\u00e8s de la Suisse.<\/p>\n<p>Il en va de m\u00eame pour des domaines plus traditionnels tels que la fiscalit\u00e9 et la concurrence interne. Gr\u00e2ce \u00e0 la rivalit\u00e9 entre les cantons au sujet de l&rsquo;imp\u00f4t sur les soci\u00e9t\u00e9s ou des investissements directs \u00e9trangers, on assiste \u00e0 une r\u00e9\u00e9valuation constante de la relation entre les taux d&rsquo;imposition et les services publics.<\/p>\n<h3>Le RFFA, une hypoth\u00e8que sur l&rsquo;avenir de chacun<\/h3>\n<p>En Suisse, avant m\u00eame l&rsquo;entr\u00e9e en vigueur de la loi f\u00e9d\u00e9rale sur la r\u00e9forme fiscale et le financement de l&rsquo;assurance vieillesse et survivants (RFFA), qui sera pleinement effective en 2025, l&rsquo;imposition des entreprises varie fortement d&rsquo;un canton \u00e0 l&rsquo;autre : de 12,3% \u00e0 Lucerne \u00e0 24,2% \u00e0 Gen\u00e8ve, m\u00eame si, dans la pratique, de nombreuses grandes entreprises concluent des accords sp\u00e9ciaux avec les autorit\u00e9s et que chacun en profite.<\/p>\n<p>Et, en fin de compte, ce qui se passe, c&rsquo;est qu&rsquo;il y a une saine concurrence entre les autorit\u00e9s locales et r\u00e9gionales \u00e0 diff\u00e9rents niveaux pour administrer les services de mani\u00e8re efficace, pour \u00eatre <a href=\"https:\/\/swissfederalism.ch\/fr\/nidwald-sera-le-meilleur-paradis-fiscal-du-monde-en-2025\/\">en mesure de r\u00e9duire la charge fiscale et pour attirer les entreprises et les travailleurs dans leurs r\u00e9gions.<\/a><\/p>\n<p>Personne ne sait exactement quel est le bon \u00e9quilibre entre les imp\u00f4ts et les services publics. Mais la concurrence interne permet \u00e0 chacun de b\u00e9n\u00e9ficier et d&rsquo;exp\u00e9rimenter. La \u00ab\u00a0remise en question\u00a0\u00bb constante est un facteur important pour stimuler et faire cro\u00eetre l&rsquo;\u00e9conomie dans un syst\u00e8me \u00ab\u00a0gagnant-gagnant\u00a0\u00bb.<\/p>\n<p>Les petites municipalit\u00e9s souhaitent fusionner et le font souvent, ce qui permet des gains d&rsquo;efficacit\u00e9 pour les caisses municipales et une baisse des taux d&rsquo;imposition pour leurs citoyens.<\/p>\n<figure id=\"attachment_85220\" aria-describedby=\"caption-attachment-85220\" style=\"width: 300px\" class=\"wp-caption alignleft\"><img decoding=\"async\" class=\"size-medium wp-image-85220\" src=\"https:\/\/swissfederalism.ch\/wp-content\/uploads\/2020\/11\/Chateau_de_Neuchatel_en_automne-300x225.jpg\" alt=\"Il castello di Neuch\u00e2tel, patria dell'orologeria\" width=\"300\" height=\"225\" srcset=\"https:\/\/swissfederalism.ch\/wp-content\/uploads\/2020\/11\/Chateau_de_Neuchatel_en_automne-300x225.jpg 300w, https:\/\/swissfederalism.ch\/wp-content\/uploads\/2020\/11\/Chateau_de_Neuchatel_en_automne-1024x768.jpg 1024w, https:\/\/swissfederalism.ch\/wp-content\/uploads\/2020\/11\/Chateau_de_Neuchatel_en_automne-768x576.jpg 768w, https:\/\/swissfederalism.ch\/wp-content\/uploads\/2020\/11\/Chateau_de_Neuchatel_en_automne-1536x1152.jpg 1536w, https:\/\/swissfederalism.ch\/wp-content\/uploads\/2020\/11\/Chateau_de_Neuchatel_en_automne-2048x1536.jpg 2048w, https:\/\/swissfederalism.ch\/wp-content\/uploads\/2020\/11\/Chateau_de_Neuchatel_en_automne-scaled.jpg 2560w\" sizes=\"(max-width: 300px) 100vw, 300px\" \/><figcaption id=\"caption-attachment-85220\" class=\"wp-caption-text\">Le ch\u00e2teau de Neuch\u00e2tel, berceau de l&rsquo;horlogerie<\/figcaption><\/figure>\n<h3>Un cercle vertueux qui se nourrit de lui-m\u00eame<\/h3>\n<p>Il n&rsquo;est donc pas surprenant que, m\u00eame en ces temps de pand\u00e9mie, la Suisse ait r\u00e9ussi \u00e0 maintenir simultan\u00e9ment des normes tr\u00e8s \u00e9lev\u00e9es en mati\u00e8re de services de sant\u00e9 (malgr\u00e9 quelques fake news int\u00e9ress\u00e9es ou superficielles provenant d&rsquo;un pays voisin&#8230;) et de bonnes performances \u00e9conomiques g\u00e9n\u00e9rales.<\/p>\n<p>En fait, la croissance du PIB a \u00e9t\u00e9 environ trois fois inf\u00e9rieure (lire : 3 !) \u00e0 celle de tous les pays voisins et les citoyens suisses n&rsquo;ont jamais \u00e9t\u00e9 limit\u00e9s dans leurs libert\u00e9s inviolables.<\/p>\n<p>Le f\u00e9d\u00e9ralisme appara\u00eet donc comme le secret de la comp\u00e9titivit\u00e9 \u00e9conomique et le linteau sur lequel repose la d\u00e9mocratie lib\u00e9rale suisse, un exemple pour le monde entier&#8230;<\/p>\n","protected":false},"excerpt":{"rendered":"<p>Le succ\u00e8s du mod\u00e8le suisse semble r\u00e9sider dans la concurrence que se livrent les 26 cantons dans les domaines de l&rsquo;efficacit\u00e9, de la r\u00e9partition des revenus et de la p\u00e9r\u00e9quation fiscale<\/p>\n","protected":false},"author":1,"featured_media":86117,"comment_status":"open","ping_status":"closed","sticky":false,"template":"","format":"standard","meta":{"footnotes":""},"categories":[298,300,389,356,338,386,383,380,377,374,368,365,362,359,353,350,344,347,323,332,329,326,321,371,341,335,310,308,306,294],"tags":[397,415,401,412,394],"class_list":["post-92834","post","type-post","status-publish","format-standard","has-post-thumbnail","hentry","category-canton-appenzell-rhodes-exterieures","category-canton-appenzell-rhodes-interieures","category-canton-argovie","category-canton-dobwald","category-canton-uri","category-canton-de-bale-campagne","category-canton-de-bale-ville","category-canton-de-berne","category-canton-de-fribourg","category-canton-de-geneve","category-canton-de-glaris","category-canton-de-lucerne","category-canton-de-neuchatel","category-canton-de-nidwald","category-canton-de-saint-gall","category-canton-de-schaffhouse","category-canton-de-schwytz","category-canton-de-soleure","category-canton-de-thurgovie","category-canton-de-vaud","category-canton-de-zoug","category-canton-de-zurich","category-canton-des-grisons","category-canton-du-jura","category-canton-du-tessin","category-canton-valais-fr","category-economie","category-faits-marquants","category-politique","category-suisse","tag-federalisme","tag-fiscalite","tag-histoire-de-leurope","tag-la-competition-fiscale","tag-opportunites"],"_links":{"self":[{"href":"https:\/\/swissfederalism.ch\/fr\/wp-json\/wp\/v2\/posts\/92834","targetHints":{"allow":["GET"]}}],"collection":[{"href":"https:\/\/swissfederalism.ch\/fr\/wp-json\/wp\/v2\/posts"}],"about":[{"href":"https:\/\/swissfederalism.ch\/fr\/wp-json\/wp\/v2\/types\/post"}],"author":[{"embeddable":true,"href":"https:\/\/swissfederalism.ch\/fr\/wp-json\/wp\/v2\/users\/1"}],"replies":[{"embeddable":true,"href":"https:\/\/swissfederalism.ch\/fr\/wp-json\/wp\/v2\/comments?post=92834"}],"version-history":[{"count":6,"href":"https:\/\/swissfederalism.ch\/fr\/wp-json\/wp\/v2\/posts\/92834\/revisions"}],"predecessor-version":[{"id":125122,"href":"https:\/\/swissfederalism.ch\/fr\/wp-json\/wp\/v2\/posts\/92834\/revisions\/125122"}],"wp:featuredmedia":[{"embeddable":true,"href":"https:\/\/swissfederalism.ch\/fr\/wp-json\/wp\/v2\/media\/86117"}],"wp:attachment":[{"href":"https:\/\/swissfederalism.ch\/fr\/wp-json\/wp\/v2\/media?parent=92834"}],"wp:term":[{"taxonomy":"category","embeddable":true,"href":"https:\/\/swissfederalism.ch\/fr\/wp-json\/wp\/v2\/categories?post=92834"},{"taxonomy":"post_tag","embeddable":true,"href":"https:\/\/swissfederalism.ch\/fr\/wp-json\/wp\/v2\/tags?post=92834"}],"curies":[{"name":"wp","href":"https:\/\/api.w.org\/{rel}","templated":true}]}}