{"id":237145,"date":"2026-08-28T18:33:48","date_gmt":"2026-08-28T18:33:48","guid":{"rendered":"https:\/\/swissfederalism.ch\/harald-v\/"},"modified":"2026-08-28T19:04:29","modified_gmt":"2026-08-28T19:04:29","slug":"harald-v","status":"publish","type":"post","link":"https:\/\/swissfederalism.ch\/fr\/harald-v\/","title":{"rendered":"La Norv\u00e8ge fait ses adieux \u00e0 son roi Harald V"},"content":{"rendered":"<h1><span class=\"font-762333\">La Norv\u00e8ge fait ses adieux \u00e0 son roi Harald V<\/span><\/h1>\n<h3><span class=\"font-762333\"><em>Mont\u00e9 sur le tr\u00f4ne en 1991, il a \u00e9t\u00e9 profond\u00e9ment aim\u00e9 par le peuple norv\u00e9gien au cours de ses plus de trente-cinq ann\u00e9es de r\u00e8gne, tant pour son r\u00f4le institutionnel que pour ses qualit\u00e9s humaines. Avec sa disparition, c\u2019est une \u00e9poque de la monarchie norv\u00e9gienne qui s\u2019ach\u00e8ve.<\/em><\/span><\/h3>\n<figure id=\"attachment_237127\" aria-describedby=\"caption-attachment-237127\" style=\"width: 819px\" class=\"wp-caption aligncenter\"><img decoding=\"async\" class=\"wp-image-237127 size-large\" src=\"https:\/\/swissfederalism.ch\/wp-content\/uploads\/2026\/08\/Portrett-av-Kong-Harald-ved-Savjord-stavkirke-i-Beiarn-kommune-9.-juni-2026-Image-by-Ola-Vatn-Det-kongelige-hoff-819x1024.avif\" alt=\"Portrett av Kong Harald ved Savjord stavkirke i Beiarn kommune 9. juni 2026 Image by Ola Vatn - Det kongelige hoff\" width=\"819\" height=\"1024\" srcset=\"https:\/\/swissfederalism.ch\/wp-content\/uploads\/2026\/08\/Portrett-av-Kong-Harald-ved-Savjord-stavkirke-i-Beiarn-kommune-9.-juni-2026-Image-by-Ola-Vatn-Det-kongelige-hoff-819x1024.avif 819w, https:\/\/swissfederalism.ch\/wp-content\/uploads\/2026\/08\/Portrett-av-Kong-Harald-ved-Savjord-stavkirke-i-Beiarn-kommune-9.-juni-2026-Image-by-Ola-Vatn-Det-kongelige-hoff-240x300.avif 240w, https:\/\/swissfederalism.ch\/wp-content\/uploads\/2026\/08\/Portrett-av-Kong-Harald-ved-Savjord-stavkirke-i-Beiarn-kommune-9.-juni-2026-Image-by-Ola-Vatn-Det-kongelige-hoff-768x960.avif 768w, https:\/\/swissfederalism.ch\/wp-content\/uploads\/2026\/08\/Portrett-av-Kong-Harald-ved-Savjord-stavkirke-i-Beiarn-kommune-9.-juni-2026-Image-by-Ola-Vatn-Det-kongelige-hoff-1229x1536.avif 1229w, https:\/\/swissfederalism.ch\/wp-content\/uploads\/2026\/08\/Portrett-av-Kong-Harald-ved-Savjord-stavkirke-i-Beiarn-kommune-9.-juni-2026-Image-by-Ola-Vatn-Det-kongelige-hoff-1638x2048.avif 1638w, https:\/\/swissfederalism.ch\/wp-content\/uploads\/2026\/08\/Portrett-av-Kong-Harald-ved-Savjord-stavkirke-i-Beiarn-kommune-9.-juni-2026-Image-by-Ola-Vatn-Det-kongelige-hoff-350x438.avif 350w, https:\/\/swissfederalism.ch\/wp-content\/uploads\/2026\/08\/Portrett-av-Kong-Harald-ved-Savjord-stavkirke-i-Beiarn-kommune-9.-juni-2026-Image-by-Ola-Vatn-Det-kongelige-hoff.avif 1920w\" sizes=\"(max-width: 819px) 100vw, 819px\" \/><figcaption id=\"caption-attachment-237127\" class=\"wp-caption-text\"><span class=\"font-762333\">Portrett av Kong Harald ved Savjord stavkirke i Beiarn kommune 9. juni 2026 Image by Ola Vatn &#8211; Det kongelige hoff<\/span><\/figcaption><\/figure>\n<p><span class=\"font-762333\">La Norv\u00e8ge s\u2019est r\u00e9veill\u00e9e vendredi 28 ao\u00fbt avec la nouvelle de la mort de Harald V. Le roi est d\u00e9c\u00e9d\u00e9 \u00e0 6 h 35 du matin, \u00e0 l\u2019\u00e2ge de 89 ans, au Rikshospitalet, l\u2019h\u00f4pital national d\u2019Oslo. Harald V \u00e9tait le monarque r\u00e9gnant le plus \u00e2g\u00e9 d\u2019Europe.<\/span><\/p>\n<p><span class=\"font-762333\">Le souverain avait \u00e9t\u00e9 hospitalis\u00e9 le 17 ao\u00fbt apr\u00e8s qu\u2019un examen m\u00e9dical avait r\u00e9v\u00e9l\u00e9 une maladie du sang. Son \u00e9tat s\u2019est ensuite aggrav\u00e9. La nouvelle a suscit\u00e9 une vive \u00e9motion en Norv\u00e8ge.<\/span><\/p>\n<p><span class=\"font-762333\">Avec sa disparition s\u2019ach\u00e8ve une \u00e9poque commenc\u00e9e en 1991, lorsque Harald succ\u00e9da \u00e0 son p\u00e8re, le roi Olav V. Son fils a\u00een\u00e9, le prince h\u00e9ritier Haakon Magnus, lui succ\u00e8de et prend le nom de r\u00e8gne de <strong>Haakon VIII<\/strong>.<\/span><\/p>\n<h2><span class=\"font-762333\">Un prince n\u00e9 en Norv\u00e8ge<\/span><\/h2>\n<p><span class=\"font-762333\">Harald est n\u00e9 \u00e0 Skaugum, pr\u00e8s d\u2019Akershus, le 21 f\u00e9vrier 1937. Fils unique d\u2019Olav V et de la princesse M\u00e4rtha de Su\u00e8de, il fut le premier roi de Norv\u00e8ge depuis plusieurs si\u00e8cles \u00e0 \u00eatre n\u00e9 dans le pays.<\/span><\/p>\n<p><span class=\"font-762333\">Son enfance fut marqu\u00e9e par la guerre. En 1940, apr\u00e8s l\u2019invasion allemande de la Norv\u00e8ge, la famille royale dut fuir. Harald, sa m\u00e8re et ses s\u0153urs pass\u00e8rent une partie des ann\u00e9es de guerre en Su\u00e8de et aux \u00c9tats-Unis, tandis que le roi Haakon VII et le prince h\u00e9ritier Olav rest\u00e8rent \u00e9troitement li\u00e9s au gouvernement norv\u00e9gien en exil.<\/span><\/p>\n<p><span class=\"font-762333\">La famille retourna en Norv\u00e8ge \u00e0 la fin de la guerre. Harald devint ainsi le t\u00e9moin direct d\u2019une g\u00e9n\u00e9ration marqu\u00e9e par l\u2019occupation, l\u2019exil et la reconstruction du pays.<\/span><\/p>\n<h2><span class=\"font-762333\">De la formation militaire \u00e0 Oxford<\/span><\/h2>\n<p><span class=\"font-762333\">Apr\u00e8s avoir obtenu son dipl\u00f4me \u00e0 l\u2019\u00e9cole cath\u00e9drale d\u2019Oslo, Harald fr\u00e9quenta l\u2019Universit\u00e9 d\u2019Oslo et l\u2019Acad\u00e9mie militaire norv\u00e9gienne. En 1960, il s\u2019installa au Royaume-Uni pour \u00e9tudier au Balliol College de l\u2019Universit\u00e9 d\u2019Oxford, o\u00f9 il approfondit ses connaissances en histoire, en \u00e9conomie et en sciences politiques.<\/span><\/p>\n<h2><span class=\"font-762333\">Le \u00ab roi navigateur \u00bb<\/span><\/h2>\n<p><span class=\"font-762333\">Grand passionn\u00e9 de sport, Harald fut surnomm\u00e9 le <strong>\u00ab roi navigateur \u00bb<\/strong> par la presse canadienne en raison de son amour de la voile.<\/span><\/p>\n<p><span class=\"font-762333\">Il repr\u00e9senta la Norv\u00e8ge aux Jeux olympiques de Tokyo en 1964, o\u00f9 il fut \u00e9galement porte-drapeau lors de la c\u00e9r\u00e9monie d\u2019ouverture, puis \u00e0 Mexico en 1968 et \u00e0 Munich en 1972. Aux championnats du monde de voile, il remporta l\u2019or en 1987, l\u2019argent en 1982 et le bronze en 1988.<\/span><\/p>\n<p><span class=\"font-762333\">Sa passion pour la voile l\u2019accompagna jusqu\u2019\u00e0 un \u00e2ge avanc\u00e9 : en 2022, \u00e0 85 ans, il participa encore \u00e0 une comp\u00e9tition mondiale.<\/span><\/p>\n<p><span class=\"font-762333\"><strong><a href=\"https:\/\/swissfederalism.ch\/fr\/fin-de-lere-delizabeth-ii-du-royaume-uni\/\">Fin de l&rsquo;\u00e8re d&rsquo;Elizabeth II du Royaume-Uni<\/a><\/strong><\/span><\/p>\n<h2><span class=\"font-762333\">L\u2019amour pour Sonja<\/span><\/h2>\n<p><span class=\"font-762333\">En 1959, Harald entama une relation avec Sonja Haraldsen, une jeune femme issue de la bourgeoisie et sans origines nobles. Leur histoire resta longtemps secr\u00e8te en raison des conventions dynastiques de l\u2019\u00e9poque.<\/span><\/p>\n<p><span class=\"font-762333\">Avant Sonja, la famille royale avait \u00e9galement envisag\u00e9 pour Harald un possible mariage avec la princesse Sofia de Gr\u00e8ce, future reine d\u2019Espagne. Mais le jeune prince avait d\u00e9j\u00e0 choisi Sonja et alla jusqu\u2019\u00e0 menacer de renoncer \u00e0 ses droits au tr\u00f4ne pour pouvoir l\u2019\u00e9pouser.<\/span><\/p>\n<p><span class=\"font-762333\">Apr\u00e8s neuf ann\u00e9es d\u2019attente et avec l\u2019accord de son p\u00e8re, le roi Olav V, le mariage fut c\u00e9l\u00e9br\u00e9 le 29 ao\u00fbt 1968 dans la cath\u00e9drale d\u2019Oslo.<\/span><\/p>\n<p><span class=\"font-762333\">Le couple eut deux enfants : M\u00e4rtha Louise, n\u00e9e en 1971, et Haakon Magnus, n\u00e9 en 1973.<\/span><\/p>\n<p><span class=\"font-762333\">Des ann\u00e9es plus tard, <strong>Haakon<\/strong> choisit lui aussi une voie similaire \u00e0 celle de son p\u00e8re. Il tomba amoureux de <strong>Mette-Marit Tjessem H\u00f8iby<\/strong>, une femme issue de la bourgeoisie et m\u00e8re c\u00e9libataire. Leur relation suscita d\u2019abord des interrogations et des d\u00e9bats, mais Harald V soutint le choix de son fils et donna son consentement au mariage, c\u00e9l\u00e9br\u00e9 le 25 ao\u00fbt 2001.<\/span><\/p>\n<h2><span class=\"font-762333\">Un roi proche de son peuple<\/span><\/h2>\n<p><span class=\"font-762333\">\u00c0 la mort d\u2019Olav V, le 17 janvier 1991, Harald monta sur le tr\u00f4ne sous le nom de Harald V. Apr\u00e8s 648 ans, la Norv\u00e8ge retrouvait un monarque n\u00e9 dans le pays.<\/span><\/p>\n<p><span class=\"font-762333\">Pendant plus de trois d\u00e9cennies, Harald a incarn\u00e9 la continuit\u00e9 de la monarchie constitutionnelle norv\u00e9gienne. Il pr\u00e9sidait le Conseil d\u2019\u00c9tat, rencontrait le Premier ministre et le ministre des Affaires \u00e9trang\u00e8res, recevait les ambassadeurs et ouvrait chaque ann\u00e9e le Parlement.<\/span><\/p>\n<p><span class=\"font-762333\">Mais sa relation avec les Norv\u00e9giens allait au-del\u00e0 du protocole. Sa simplicit\u00e9, son amour du sport et sa capacit\u00e9 \u00e0 se montrer proche de la population ont contribu\u00e9 \u00e0 faire de lui une personnalit\u00e9 particuli\u00e8rement populaire.<\/span><\/p>\n<h2><span class=\"font-762333\">Un roi au r\u00f4le essentiellement symbolique<\/span><\/h2>\n<p><span class=\"font-762333\">Comme le pr\u00e9voit la Constitution, Harald V disposait formellement de pouvoirs ex\u00e9cutifs, mais les exer\u00e7ait conform\u00e9ment aux conventions parlementaires \u00e9tablies en Norv\u00e8ge. Son r\u00f4le \u00e9tait avant tout institutionnel et repr\u00e9sentatif : il nommait officiellement le Premier ministre, pr\u00e9sidait le Conseil d\u2019\u00c9tat, ouvrait chaque ann\u00e9e le Parlement et repr\u00e9sentait le pays lors de visites officielles \u00e0 l\u2019\u00e9tranger. En 2012, une r\u00e9forme constitutionnelle a encore r\u00e9duit les liens formels entre la monarchie et l\u2019\u00c9glise de Norv\u00e8ge.<\/span><\/p>\n<h2><span class=\"font-762333\">Harald V et la Suisse<\/span><\/h2>\n<p><span class=\"font-762333\">Le lien entre Harald V et la Suisse a \u00e9galement connu un important moment institutionnel. En avril 2006, le roi et la reine Sonja effectu\u00e8rent une visite d\u2019\u00c9tat en Suisse, o\u00f9 ils furent accueillis \u00e0 Berne par l\u2019ensemble du Conseil f\u00e9d\u00e9ral. Leur voyage les conduisit \u00e9galement en Suisse orientale, avec une \u00e9tape \u00e0 <strong>Saint-Gall<\/strong>, ainsi qu\u2019\u00e0 Appenzell et \u00e0 Zurich.<\/span><\/p>\n<p><span class=\"font-762333\">La visite mit en \u00e9vidence les nombreuses affinit\u00e9s entre les deux pays : <strong>tous deux membres de l\u2019AELE et n\u2019appartenant pas \u00e0 l\u2019Union europ\u00e9enne<\/strong>, la Suisse et la Norv\u00e8ge partagent un fort attachement \u00e0 la coop\u00e9ration internationale, \u00e0 la paix, \u00e0 la protection de l\u2019environnement et au d\u00e9veloppement durable. Harald souligna \u00e9galement la coop\u00e9ration entre les deux pays dans la recherche de la paix et la promotion des droits humains.<\/span><\/p>\n<p><span class=\"font-762333\">Les relations sont rest\u00e9es \u00e9troites au cours des ann\u00e9es suivantes. En f\u00e9vrier 2024, Harald V re\u00e7ut \u00e0 Oslo la pr\u00e9sidente de la Conf\u00e9d\u00e9ration, Viola Amherd, dans le cadre de sa visite officielle en Norv\u00e8ge.<\/span><\/p>\n<h2><span class=\"font-762333\">Les derni\u00e8res ann\u00e9es et les difficult\u00e9s de la Couronne<\/span><\/h2>\n<p><span class=\"font-762333\">Ces derni\u00e8res ann\u00e9es, la monarchie norv\u00e9gienne a d\u00fb faire face \u00e0 plusieurs controverses li\u00e9es \u00e0 la famille royale, des affaires sentimentales concernant Haakon et Mette-Marit aux r\u00e9centes pol\u00e9miques sur les contacts de la princesse avec Jeffrey Epstein, en passant par les proc\u00e9dures judiciaires visant Marius Borg H\u00f8iby, le fils de Mette-Marit, qui ne fait pas partie de la ligne directe de succession.<\/span><\/p>\n<p><span class=\"font-762333\">La fille de Harald, la princesse M\u00e4rtha Louise, a \u00e9galement suscit\u00e9 de nombreuses critiques en raison de son mariage avec l\u2019Am\u00e9ricain Durek Verrett, qui se pr\u00e9sente comme un chaman, ainsi que pour certaines de ses activit\u00e9s li\u00e9es \u00e0 la spiritualit\u00e9 et \u00e0 l\u2019\u00e9sot\u00e9risme. En 2022, la princesse a renonc\u00e9 \u00e0 ses fonctions officielles au sein de la famille royale, tout en conservant son titre.<\/span><\/p>\n<p><span class=\"font-762333\">\u00c0 ces controverses se sont ajout\u00e9s les graves probl\u00e8mes de sant\u00e9 de Mette-Marit, atteinte depuis 2018 d\u2019une forme progressive de fibrose pulmonaire. Apr\u00e8s une aggravation de son \u00e9tat, la princesse h\u00e9riti\u00e8re a subi avec succ\u00e8s une <strong>greffe pulmonaire<\/strong> en juin 2026.<\/span><\/p>\n<p><span class=\"font-762333\">Ces \u00e9v\u00e9nements ont mis l\u2019image de la monarchie sous pression, m\u00eame si le soutien \u00e0 l\u2019institution reste majoritaire parmi les Norv\u00e9giens.<\/span><\/p>\n<h2><span class=\"font-762333\">La succession : Haakon VIII monte sur le tr\u00f4ne<\/span><\/h2>\n<p><span class=\"font-762333\">\u00c0 la mort de Harald V, la couronne passe automatiquement \u00e0 son fils <strong>Haakon Magnus<\/strong>, qui monte sur le tr\u00f4ne sous le nom de <strong>Haakon VIII<\/strong>. Il sera accompagn\u00e9 de son \u00e9pouse, Mette-Marit.<\/span><\/p>\n<p><span class=\"font-762333\">En Norv\u00e8ge, la <strong>primog\u00e9niture absolue<\/strong> est en vigueur : le tr\u00f4ne revient au premier enfant, quel que soit son sexe. Leur fille a\u00een\u00e9e, <strong>la princesse Ingrid Alexandra<\/strong>, \u00e2g\u00e9e de 22 ans, devient ainsi la nouvelle princesse h\u00e9riti\u00e8re et est destin\u00e9e \u00e0 monter un jour sur le tr\u00f4ne de Norv\u00e8ge.<\/span><\/p>\n<p>&nbsp;<\/p>\n<p><a href=\"https:\/\/k16trade.ch\/raw-coffee\/\"><img decoding=\"async\" class=\"wp-image-230949 size-medium aligncenter\" src=\"https:\/\/swissfederalism.ch\/wp-content\/uploads\/2020\/11\/FullLogo_Transparent_NoBuffer-300x145.png\" alt=\"K16 TRADE &amp; CONSULTING SWITZERLAND\" width=\"300\" height=\"145\" srcset=\"https:\/\/swissfederalism.ch\/wp-content\/uploads\/2020\/11\/FullLogo_Transparent_NoBuffer-300x145.png 300w, https:\/\/swissfederalism.ch\/wp-content\/uploads\/2020\/11\/FullLogo_Transparent_NoBuffer-1024x495.png 1024w, https:\/\/swissfederalism.ch\/wp-content\/uploads\/2020\/11\/FullLogo_Transparent_NoBuffer-768x371.png 768w, https:\/\/swissfederalism.ch\/wp-content\/uploads\/2020\/11\/FullLogo_Transparent_NoBuffer-350x169.png 350w, https:\/\/swissfederalism.ch\/wp-content\/uploads\/2020\/11\/FullLogo_Transparent_NoBuffer.png 1280w\" sizes=\"(max-width: 300px) 100vw, 300px\" \/><\/a><\/p>\n","protected":false},"excerpt":{"rendered":"<p>Mont\u00e9 sur le tr\u00f4ne en 1991, il a \u00e9t\u00e9 profond\u00e9ment aim\u00e9 par le peuple norv\u00e9gien au cours de ses plus de trente-cinq ann\u00e9es de r\u00e8gne, tant pour son r\u00f4le institutionnel que pour ses qualit\u00e9s humaines. Avec sa disparition, c\u2019est une \u00e9poque de la monarchie norv\u00e9gienne qui s\u2019ach\u00e8ve.<\/p>\n","protected":false},"author":9,"featured_media":237133,"comment_status":"open","ping_status":"closed","sticky":false,"template":"","format":"standard","meta":{"footnotes":""},"categories":[277,209],"tags":[406,2740,2741,2732,1099],"class_list":["post-237145","post","type-post","status-publish","format-standard","has-post-thumbnail","hentry","category-europe-fr","category-les-magazines","tag-europe-fr","tag-haakonviii","tag-harald-v","tag-monarchie","tag-norvege"],"_links":{"self":[{"href":"https:\/\/swissfederalism.ch\/fr\/wp-json\/wp\/v2\/posts\/237145","targetHints":{"allow":["GET"]}}],"collection":[{"href":"https:\/\/swissfederalism.ch\/fr\/wp-json\/wp\/v2\/posts"}],"about":[{"href":"https:\/\/swissfederalism.ch\/fr\/wp-json\/wp\/v2\/types\/post"}],"author":[{"embeddable":true,"href":"https:\/\/swissfederalism.ch\/fr\/wp-json\/wp\/v2\/users\/9"}],"replies":[{"embeddable":true,"href":"https:\/\/swissfederalism.ch\/fr\/wp-json\/wp\/v2\/comments?post=237145"}],"version-history":[{"count":2,"href":"https:\/\/swissfederalism.ch\/fr\/wp-json\/wp\/v2\/posts\/237145\/revisions"}],"predecessor-version":[{"id":237147,"href":"https:\/\/swissfederalism.ch\/fr\/wp-json\/wp\/v2\/posts\/237145\/revisions\/237147"}],"wp:featuredmedia":[{"embeddable":true,"href":"https:\/\/swissfederalism.ch\/fr\/wp-json\/wp\/v2\/media\/237133"}],"wp:attachment":[{"href":"https:\/\/swissfederalism.ch\/fr\/wp-json\/wp\/v2\/media?parent=237145"}],"wp:term":[{"taxonomy":"category","embeddable":true,"href":"https:\/\/swissfederalism.ch\/fr\/wp-json\/wp\/v2\/categories?post=237145"},{"taxonomy":"post_tag","embeddable":true,"href":"https:\/\/swissfederalism.ch\/fr\/wp-json\/wp\/v2\/tags?post=237145"}],"curies":[{"name":"wp","href":"https:\/\/api.w.org\/{rel}","templated":true}]}}