{"id":236450,"date":"2026-01-31T12:13:54","date_gmt":"2026-01-31T12:13:54","guid":{"rendered":"https:\/\/swissfederalism.ch\/tassazione-individuale\/"},"modified":"2026-01-31T15:54:50","modified_gmt":"2026-01-31T15:54:50","slug":"fiscalite-individuelle","status":"publish","type":"post","link":"https:\/\/swissfederalism.ch\/fr\/fiscalite-individuelle\/","title":{"rendered":"Fiscalit\u00e9 individuelle : une attaque contre les familles et le f\u00e9d\u00e9ralisme"},"content":{"rendered":"<h1 data-start=\"0\" data-end=\"111\"><span class=\"font-377884\">Fiscalit\u00e9 individuelle : une attaque contre les familles et le f\u00e9d\u00e9ralisme<\/span><\/h1>\n<h3 style=\"text-align: left;\" data-start=\"113\" data-end=\"263\"><span class=\"font-377884\"><em>Bureaucratie, co\u00fbts colossaux et injustices sociales : pourquoi dire NON \u00e0 l\u2019imposition individuelle et OUI \u00e0 des solutions plus justes et f\u00e9d\u00e9rales<\/em><\/span><\/h3>\n<figure id=\"attachment_236441\" aria-describedby=\"caption-attachment-236441\" style=\"width: 840px\" class=\"wp-caption aligncenter\"><img decoding=\"async\" class=\"wp-image-236441 size-large\" src=\"https:\/\/swissfederalism.ch\/wp-content\/uploads\/2026\/01\/Savoring-the-mountains-as-a-family-Image-by-Stefan-Schweihofer-from-Pixabay-1024x683.jpg\" alt=\"Savoring the mountains as a family Image by Stefan Schweihofer from Pixabay\" width=\"840\" height=\"560\" srcset=\"https:\/\/swissfederalism.ch\/wp-content\/uploads\/2026\/01\/Savoring-the-mountains-as-a-family-Image-by-Stefan-Schweihofer-from-Pixabay-1024x683.jpg 1024w, https:\/\/swissfederalism.ch\/wp-content\/uploads\/2026\/01\/Savoring-the-mountains-as-a-family-Image-by-Stefan-Schweihofer-from-Pixabay-300x200.jpg 300w, https:\/\/swissfederalism.ch\/wp-content\/uploads\/2026\/01\/Savoring-the-mountains-as-a-family-Image-by-Stefan-Schweihofer-from-Pixabay-768x512.jpg 768w, https:\/\/swissfederalism.ch\/wp-content\/uploads\/2026\/01\/Savoring-the-mountains-as-a-family-Image-by-Stefan-Schweihofer-from-Pixabay-350x233.jpg 350w, https:\/\/swissfederalism.ch\/wp-content\/uploads\/2026\/01\/Savoring-the-mountains-as-a-family-Image-by-Stefan-Schweihofer-from-Pixabay.jpg 1248w\" sizes=\"(max-width: 840px) 100vw, 840px\" \/><figcaption id=\"caption-attachment-236441\" class=\"wp-caption-text\"><\/span> <span class=\"font-377884\">Savoring the mountains as a family Image by Stefan Schweihofer from Pixabay<\/span><\/figcaption><\/figure>\n<p data-start=\"143\" data-end=\"579\"><span class=\"font-377884\">La proposition d\u2019introduire la <strong data-start=\"174\" data-end=\"200\">fiscalit\u00e9 individuelle<\/strong> pour les couples mari\u00e9s doit \u00eatre <strong data-start=\"235\" data-end=\"246\">rejet\u00e9e<\/strong>, car elle entra\u00eenerait de graves <strong data-start=\"280\" data-end=\"296\">d\u00e9savantages<\/strong> pour les <strong data-start=\"306\" data-end=\"318\">familles<\/strong>, la <strong data-start=\"323\" data-end=\"341\">classe moyenne<\/strong> et le <strong data-start=\"348\" data-end=\"363\">f\u00e9d\u00e9ralisme<\/strong>, sans apporter de b\u00e9n\u00e9fices concrets. Au lieu de simplifier le syst\u00e8me fiscal, la r\u00e9forme le rendrait plus complexe, g\u00e9n\u00e9rant de nouvelles injustices et cr\u00e9ant une charge bureaucratique \u00e9norme.<\/span><\/p>\n<p data-start=\"581\" data-end=\"1229\"><span class=\"font-377884\">Pour appliquer la <strong data-start=\"599\" data-end=\"625\">fiscalit\u00e9 individuelle<\/strong>, le <strong data-start=\"630\" data-end=\"656\">patrimoine des couples<\/strong> devrait \u00eatre divis\u00e9 comme en cas de <strong data-start=\"693\" data-end=\"704\">divorce<\/strong>, incluant les <strong data-start=\"719\" data-end=\"740\">comptes bancaires<\/strong>, les <strong data-start=\"746\" data-end=\"767\">biens immobiliers<\/strong> et d\u2019autres <strong data-start=\"780\" data-end=\"790\">avoirs<\/strong>. Cela rendrait la <strong data-start=\"809\" data-end=\"828\">gestion fiscale<\/strong> non seulement <strong data-start=\"843\" data-end=\"857\">compliqu\u00e9e<\/strong>, mais aussi <strong data-start=\"870\" data-end=\"882\">co\u00fbteuse<\/strong>, avec l\u2019obligation de remplir <strong data-start=\"913\" data-end=\"969\">1,7 million de d\u00e9clarations fiscales suppl\u00e9mentaires<\/strong> chaque ann\u00e9e. Les cantons et les communes devraient engager des milliers de nouveaux fonctionnaires et revoir compl\u00e8tement les avantages fiscaux, les primes d\u2019assurance, les contributions \u00e0 la formation et \u00e0 la garde des enfants.<\/span><\/p>\n<p data-start=\"1231\" data-end=\"1650\"><span class=\"font-377884\">Du point de vue <strong data-start=\"1247\" data-end=\"1257\">social<\/strong>, la r\u00e9forme serait <strong data-start=\"1277\" data-end=\"1288\">injuste<\/strong> : elle p\u00e9naliserait les <strong data-start=\"1313\" data-end=\"1325\">familles<\/strong> avec un seul <strong data-start=\"1339\" data-end=\"1359\">revenu principal<\/strong> ou un <strong data-start=\"1366\" data-end=\"1391\">second revenu modeste<\/strong>, tout en favorisant les <strong data-start=\"1416\" data-end=\"1440\">couples sans enfants<\/strong> avec des <strong data-start=\"1450\" data-end=\"1468\">revenus \u00e9lev\u00e9s<\/strong>. De cette mani\u00e8re, elle toucherait particuli\u00e8rement la <strong data-start=\"1524\" data-end=\"1542\">classe moyenne<\/strong> et les <strong data-start=\"1550\" data-end=\"1578\">familles traditionnelles<\/strong>, celles qui <strong data-start=\"1591\" data-end=\"1647\">soutiennent d\u00e9j\u00e0 une grande partie du syst\u00e8me fiscal<\/strong>.<\/span><\/p>\n<p data-start=\"1652\" data-end=\"2111\"><span class=\"font-377884\">Enfin, la r\u00e9forme minerait le f\u00e9d\u00e9ralisme, en imposant des r\u00e8gles uniformes qui annuleraient des mod\u00e8les cantonaux d\u00e9j\u00e0 fonctionnels et flexibles, ayant su att\u00e9nuer efficacement la \u201cp\u00e9nalisation du mariage\u201d. Il n\u2019est donc pas surprenant que, lors de la consultation, 21 cantons sur 26 aient rejet\u00e9 la proposition, la consid\u00e9rant comme une solution bureaucratique et co\u00fbteuse qui ne r\u00e9sout pas les probl\u00e8mes existants.<\/span><\/p>\n<p data-start=\"2113\" data-end=\"2349\"><span class=\"font-377884\">La \u201cp\u00e9nalisation du mariage\u201d peut \u00eatre \u00e9limin\u00e9e par des solutions plus simples, justes et respectueuses du f\u00e9d\u00e9ralisme, sans p\u00e9naliser les familles ni augmenter inutilement la complexit\u00e9 et les co\u00fbts de l\u2019\u00c9tat.<\/span><\/p>\n<p><span class=\"font-377884\"><strong><a href=\"https:\/\/swissfederalism.ch\/fr\/2026-federalisme-democratie-suisse\/\">2026 une \u00e9tape cl\u00e9 pour le f\u00e9d\u00e9ralisme et la d\u00e9mocratie directe en Suisse<\/a><\/strong><\/span><\/p>\n<h2 data-start=\"72\" data-end=\"109\"><span class=\"font-377884\">Un refus historique des Cantons<\/span><\/h2>\n<p data-start=\"111\" data-end=\"548\"><span class=\"font-377884\"><strong>Pour la deuxi\u00e8me fois depuis 1874<\/strong>, pas moins de 10 cantons ont d\u00e9cid\u00e9 de recourir au r\u00e9f\u00e9rendum cantonal. Un \u00e9v\u00e9nement rarissime, qui sonne comme un signal d\u2019alarme institutionnel. La Conf\u00e9rence des gouvernements cantonaux (CdC) rejette l\u2019imposition individuelle, tout comme 21 cantons sur 26 dans le cadre de la proc\u00e9dure de consultation. Le Non a \u00e9galement \u00e9t\u00e9 soutenu par la <strong>FDK, le secteur du commerce (SGV) et l\u2019agriculture (SBV).<\/strong><\/span><\/p>\n<p data-start=\"550\" data-end=\"672\"><span class=\"font-377884\">Le message est clair : cette r\u00e9forme constitue une attaque contre le f\u00e9d\u00e9ralisme et la souverainet\u00e9 fiscale des cantons.<\/span><\/p>\n<h2 data-start=\"679\" data-end=\"745\"><span class=\"font-377884\">Une attaque directe contre les familles et la classe moyenne<\/span><\/h2>\n<p data-start=\"747\" data-end=\"1151\"><span class=\"font-377884\">L\u2019imposition individuelle d\u00e9mant\u00e8le fiscalement le mariage, traitant les conjoints comme des individus s\u00e9par\u00e9s plut\u00f4t que comme une communaut\u00e9 \u00e9conomique et solidaire. Les mod\u00e8les familiaux traditionnels, o\u00f9 l\u2019un des partenaires assume des t\u00e2ches de soins et d\u2019assistance, sont p\u00e9nalis\u00e9s. Loin de promouvoir l\u2019\u00e9quit\u00e9, la r\u00e9forme r\u00e9duit la libert\u00e9 de choix et d\u00e9valorise la diversit\u00e9 des projets de vie.<\/span><\/p>\n<h2 data-start=\"1158\" data-end=\"1194\"><span class=\"font-377884\">Qui paie r\u00e9ellement la facture<\/span><\/h2>\n<p data-start=\"1196\" data-end=\"1224\"><span class=\"font-377884\">Les donn\u00e9es sont claires :<\/span><\/p>\n<ul data-start=\"1226\" data-end=\"1528\">\n<li data-start=\"1226\" data-end=\"1338\">\n<p data-start=\"1228\" data-end=\"1338\"><span class=\"font-377884\"><strong>Les familles \u00e0 revenu unique et celles de la classe moyenne<\/strong> paieraient plusieurs milliers de francs en plus.<\/span><\/p>\n<\/li>\n<li data-start=\"1339\" data-end=\"1435\">\n<p data-start=\"1341\" data-end=\"1435\"><span class=\"font-377884\">Les familles dont le revenu est <strong>inf\u00e9rieur \u00e0 250\u2019000 CHF<\/strong> seraient syst\u00e9matiquement perdantes.<\/span><\/p>\n<\/li>\n<li data-start=\"1436\" data-end=\"1528\">\n<p data-start=\"1438\" data-end=\"1528\"><span class=\"font-377884\">Les v\u00e9ritables gagnants ? Les couples sans enfants, \u00e0 double revenu et \u00e0 revenus \u00e9lev\u00e9s.<\/span><\/p>\n<\/li>\n<\/ul>\n<h2 data-start=\"1535\" data-end=\"1598\"><span class=\"font-377884\">Effets n\u00e9gatifs sur les familles, la natalit\u00e9 et la sant\u00e9<\/span><\/h2>\n<p data-start=\"1600\" data-end=\"2240\"><span class=\"font-377884\"><strong>L\u2019imposition individuelle risquerait de d\u00e9courager les couples \u00e0 avoir des enfants,<\/strong> aggravant le probl\u00e8me du <strong>vieillissement de la population et de la diminution du nombre de jeunes.<\/strong> Dans le syst\u00e8me actuel, les familles peuvent organiser le travail de soin des enfants de mani\u00e8re \u00e9quilibr\u00e9e, souvent avec un conjoint qui consacre plus de temps \u00e0 la gestion domestique. Avec l\u2019imposition individuelle, le conjoint qui assume principalement ce travail (g\u00e9n\u00e9ralement la m\u00e8re) serait oblig\u00e9 d\u2019entrer sur le march\u00e9 du travail et d\u2019y travailler \u00e0 temps plein pour \u00e9viter des p\u00e9nalisations fiscales, augmentant consid\u00e9rablement sa charge globale.<\/span><\/p>\n<p data-start=\"2242\" data-end=\"2717\"><span class=\"font-377884\"><strong>Cette surcharge entra\u00eenerait stress, burn-out et autres maladies li\u00e9es,<\/strong> augmentant non seulement les risques pour la sant\u00e9 des personnes concern\u00e9es, <strong>mais aussi les co\u00fbts pour l\u2019\u00c9tat et les familles elles-m\u00eames.<\/strong> Ainsi, la r\u00e9forme frapperait non seulement le bien-\u00eatre familial et la capacit\u00e9 \u00e0 avoir des enfants, mais cr\u00e9erait \u00e9galement un fardeau social et \u00e9conomique suppl\u00e9mentaire, en contradiction avec l\u2019objectif affich\u00e9 de simplification et d\u2019\u00e9quit\u00e9 du syst\u00e8me fiscal.<\/span><\/p>\n<h2 data-start=\"2724\" data-end=\"2775\"><span class=\"font-377884\">Un monstre bureaucratique sans valeur ajout\u00e9e<\/span><\/h2>\n<p data-start=\"2777\" data-end=\"2819\"><span class=\"font-377884\">L\u2019imposition individuelle entra\u00eenerait :<\/span><\/p>\n<ul data-start=\"2821\" data-end=\"3056\">\n<li data-start=\"2821\" data-end=\"2869\">\n<p data-start=\"2823\" data-end=\"2869\"><span class=\"font-377884\">+1,7 million de d\u00e9clarations fiscales par an<\/span><\/p>\n<\/li>\n<li data-start=\"2870\" data-end=\"2921\">\n<p data-start=\"2872\" data-end=\"2921\"><span class=\"font-377884\">Des milliers de nouveaux fonctionnaires fiscaux<\/span><\/p>\n<\/li>\n<li data-start=\"2922\" data-end=\"2991\">\n<p data-start=\"2924\" data-end=\"2991\"><span class=\"font-377884\">Des co\u00fbts informatiques de plusieurs millions dans les 26 cantons<\/span><\/p>\n<\/li>\n<li data-start=\"2992\" data-end=\"3056\">\n<p data-start=\"2994\" data-end=\"3056\"><span class=\"font-377884\">Plus de contentieux, de recours et de proc\u00e9dures judiciaires<\/span><\/p>\n<\/li>\n<\/ul>\n<h2 data-start=\"3058\" data-end=\"3091\"><span class=\"font-377884\">Co\u00fbts et risques financiers<\/span><\/h2>\n<p data-start=\"3093\" data-end=\"3378\"><span class=\"font-377884\"><strong>La r\u00e9forme provoquerait 1 milliard de CHF de pertes de recettes annuelles pour la Conf\u00e9d\u00e9ration<\/strong>, auxquels s\u2019ajouteraient des pertes pour les cantons et les communes. Sans compter les milliards n\u00e9cessaires pour transformer les syst\u00e8mes et g\u00e9rer des ann\u00e9es de fonctionnement parall\u00e8le.<\/span><\/p>\n<h2 data-start=\"3385\" data-end=\"3443\"><span class=\"font-377884\">Un syst\u00e8me incoh\u00e9rent et juridiquement probl\u00e9matique<\/span><\/h2>\n<p data-start=\"3445\" data-end=\"3772\"><span class=\"font-377884\"><strong>L\u2019imposition individuelle viole le principe de capacit\u00e9 \u00e9conomique et entre en conflit avec le droit civil et les assurances sociales<\/strong>, qui continuent de consid\u00e9rer le mariage comme une communaut\u00e9 \u00e9conomique et sociale. Le r\u00e9sultat serait une ins\u00e9curit\u00e9 juridique accrue et la cr\u00e9ation de nouveaux incitatifs aux abus fiscaux.<\/span><\/p>\n<p data-start=\"3774\" data-end=\"4265\"><span class=\"font-377884\">Dans un pays comme la Suisse, r\u00e9put\u00e9 pour sa d\u00e9mocratie, sa libert\u00e9 et le respect des choix individuels, cette r\u00e9forme discriminerait les familles traditionnelles mari\u00e9es, p\u00e9nalisant celles qui choisissent d\u2019organiser leur vie familiale selon des mod\u00e8les \u00e9tablis. Au lieu de promouvoir l\u2019\u00e9quit\u00e9 et la libert\u00e9, l\u2019imposition individuelle imposerait une vision centraliste et uniformisante, contraire aux valeurs historiques du pays et mena\u00e7ant la stabilit\u00e9 juridique et sociale des familles.<\/span><\/p>\n<h2 data-start=\"4272\" data-end=\"4327\"><span class=\"font-377884\">Centralisme id\u00e9ologique et attaque au f\u00e9d\u00e9ralisme<\/span><\/h2>\n<p data-start=\"4329\" data-end=\"4467\"><span class=\"font-377884\">De nombreux cantons ont d\u00e9j\u00e0 trouv\u00e9 des solutions efficaces et compatibles avec le f\u00e9d\u00e9ralisme pour att\u00e9nuer la p\u00e9nalisation du mariage.<\/span><\/p>\n<p data-start=\"4469\" data-end=\"5028\"><span class=\"font-377884\">L\u2019introduction de l\u2019imposition individuelle d\u00e9truirait ces mod\u00e8les fonctionnels, imposant une intervention centraliste uniformisant les r\u00e8gles sur tout le territoire et r\u00e9duisant l\u2019autonomie des cantons. Au nom d\u2019une exp\u00e9rimentation id\u00e9ologique, la r\u00e9forme ignore les sp\u00e9cificit\u00e9s locales et n\u2019offre aucune preuve concr\u00e8te des pr\u00e9tendus b\u00e9n\u00e9fices sur le march\u00e9 du travail. Ainsi, le pragmatisme et la flexibilit\u00e9 d\u00e9j\u00e0 pr\u00e9sents dans les syst\u00e8mes cantonaux seraient remplac\u00e9s par de la bureaucratie, des co\u00fbts suppl\u00e9mentaires et des r\u00e8gles impos\u00e9es d\u2019en haut.<\/span><\/p>\n<h2 data-start=\"5035\" data-end=\"5051\"><span class=\"font-377884\">Conclusion<\/span><\/h2>\n<p data-start=\"5053\" data-end=\"5209\"><span class=\"font-377884\"><strong>L\u2019imposition individuelle ne r\u00e9sout aucun probl\u00e8me<\/strong>. Elle en cr\u00e9e beaucoup : plus d\u2019injustice, plus de bureaucratie, plus de co\u00fbts et moins de f\u00e9d\u00e9ralisme.<\/span><\/p>\n<p data-start=\"5211\" data-end=\"5346\"><span class=\"font-377884\">Il existe des solutions plus simples, plus justes et respectueuses des comp\u00e9tences cantonales pour abolir la p\u00e9nalisation du mariage.<\/span><\/p>\n<p>&nbsp;<\/p>\n<p><a href=\"https:\/\/k16trade.ch\/raw-coffee\/\"><img decoding=\"async\" class=\"wp-image-230949 size-medium aligncenter\" src=\"https:\/\/swissfederalism.ch\/wp-content\/uploads\/2020\/11\/FullLogo_Transparent_NoBuffer-300x145.png\" alt=\"K16 TRADE &amp; CONSULTING SWITZERLAND\" width=\"300\" height=\"145\" srcset=\"https:\/\/swissfederalism.ch\/wp-content\/uploads\/2020\/11\/FullLogo_Transparent_NoBuffer-300x145.png 300w, https:\/\/swissfederalism.ch\/wp-content\/uploads\/2020\/11\/FullLogo_Transparent_NoBuffer-1024x495.png 1024w, https:\/\/swissfederalism.ch\/wp-content\/uploads\/2020\/11\/FullLogo_Transparent_NoBuffer-768x371.png 768w, https:\/\/swissfederalism.ch\/wp-content\/uploads\/2020\/11\/FullLogo_Transparent_NoBuffer-350x169.png 350w, https:\/\/swissfederalism.ch\/wp-content\/uploads\/2020\/11\/FullLogo_Transparent_NoBuffer.png 1280w\" sizes=\"(max-width: 300px) 100vw, 300px\" \/><\/a><\/p>\n","protected":false},"excerpt":{"rendered":"<p>Bureaucratie, co\u00fbts colossaux et injustices sociales : pourquoi dire NON \u00e0 l\u2019imposition individuelle et OUI \u00e0 des solutions plus justes et f\u00e9d\u00e9rales<\/p>\n","protected":false},"author":9,"featured_media":236443,"comment_status":"open","ping_status":"closed","sticky":false,"template":"","format":"standard","meta":{"footnotes":""},"categories":[986,209,306,294],"tags":[869,1177,397,1012,582,888],"class_list":["post-236450","post","type-post","status-publish","format-standard","has-post-thumbnail","hentry","category-finance-fr","category-les-magazines","category-politique","category-suisse","tag-bureaucratie","tag-democratie","tag-federalisme","tag-impot","tag-revenu","tag-suisse"],"_links":{"self":[{"href":"https:\/\/swissfederalism.ch\/fr\/wp-json\/wp\/v2\/posts\/236450","targetHints":{"allow":["GET"]}}],"collection":[{"href":"https:\/\/swissfederalism.ch\/fr\/wp-json\/wp\/v2\/posts"}],"about":[{"href":"https:\/\/swissfederalism.ch\/fr\/wp-json\/wp\/v2\/types\/post"}],"author":[{"embeddable":true,"href":"https:\/\/swissfederalism.ch\/fr\/wp-json\/wp\/v2\/users\/9"}],"replies":[{"embeddable":true,"href":"https:\/\/swissfederalism.ch\/fr\/wp-json\/wp\/v2\/comments?post=236450"}],"version-history":[{"count":2,"href":"https:\/\/swissfederalism.ch\/fr\/wp-json\/wp\/v2\/posts\/236450\/revisions"}],"predecessor-version":[{"id":236452,"href":"https:\/\/swissfederalism.ch\/fr\/wp-json\/wp\/v2\/posts\/236450\/revisions\/236452"}],"wp:featuredmedia":[{"embeddable":true,"href":"https:\/\/swissfederalism.ch\/fr\/wp-json\/wp\/v2\/media\/236443"}],"wp:attachment":[{"href":"https:\/\/swissfederalism.ch\/fr\/wp-json\/wp\/v2\/media?parent=236450"}],"wp:term":[{"taxonomy":"category","embeddable":true,"href":"https:\/\/swissfederalism.ch\/fr\/wp-json\/wp\/v2\/categories?post=236450"},{"taxonomy":"post_tag","embeddable":true,"href":"https:\/\/swissfederalism.ch\/fr\/wp-json\/wp\/v2\/tags?post=236450"}],"curies":[{"name":"wp","href":"https:\/\/api.w.org\/{rel}","templated":true}]}}