{"id":236393,"date":"2026-01-18T19:07:39","date_gmt":"2026-01-18T19:07:39","guid":{"rendered":"https:\/\/swissfederalism.ch\/svizzera-2026-sport-diplomazia\/"},"modified":"2026-01-19T13:10:07","modified_gmt":"2026-01-19T13:10:07","slug":"suisse-2026-sport-diplomatie","status":"publish","type":"post","link":"https:\/\/swissfederalism.ch\/fr\/suisse-2026-sport-diplomatie\/","title":{"rendered":"Suisse 2026 entre sport et diplomatie"},"content":{"rendered":"<h1 data-start=\"219\" data-end=\"265\"><span class=\"font-377884\">Suisse 2026 entre sport et diplomatie<\/span><\/h1>\n<h3 data-start=\"72\" data-end=\"266\"><span class=\"font-377884\"><em>Une ann\u00e9e riche en grands \u00e9v\u00e9nements nationaux et internationaux, entre Jeux Olympiques, comp\u00e9titions sportives de niveau mondial et engagements diplomatiques strat\u00e9giques.<\/em><\/span><\/h3>\n<figure id=\"attachment_236340\" aria-describedby=\"caption-attachment-236340\" style=\"width: 1024px\" class=\"wp-caption aligncenter\"><img decoding=\"async\" class=\"wp-image-236340 size-full\" src=\"https:\/\/swissfederalism.ch\/wp-content\/uploads\/2026\/01\/Beat-Feuz-at-the-start-house-of-the-Lauberhorn-downhill-2019-in-Wengen-Bern-Switzerland-Image-by-Verein-Internationale-Lauberhornrennen-Wengen-CC-BY-SA-4.0-via-Wikimedia-Commons.jpg\" alt=\"Beat Feuz at the start house of the Lauberhorn downhill 2019 in Wengen, Bern, Switzerland Image by Verein Internationale Lauberhornrennen Wengen, CC BY-SA 4.0, via Wikimedia Commons\" width=\"1024\" height=\"683\" srcset=\"https:\/\/swissfederalism.ch\/wp-content\/uploads\/2026\/01\/Beat-Feuz-at-the-start-house-of-the-Lauberhorn-downhill-2019-in-Wengen-Bern-Switzerland-Image-by-Verein-Internationale-Lauberhornrennen-Wengen-CC-BY-SA-4.0-via-Wikimedia-Commons.jpg 1024w, https:\/\/swissfederalism.ch\/wp-content\/uploads\/2026\/01\/Beat-Feuz-at-the-start-house-of-the-Lauberhorn-downhill-2019-in-Wengen-Bern-Switzerland-Image-by-Verein-Internationale-Lauberhornrennen-Wengen-CC-BY-SA-4.0-via-Wikimedia-Commons-300x200.jpg 300w, https:\/\/swissfederalism.ch\/wp-content\/uploads\/2026\/01\/Beat-Feuz-at-the-start-house-of-the-Lauberhorn-downhill-2019-in-Wengen-Bern-Switzerland-Image-by-Verein-Internationale-Lauberhornrennen-Wengen-CC-BY-SA-4.0-via-Wikimedia-Commons-768x512.jpg 768w, https:\/\/swissfederalism.ch\/wp-content\/uploads\/2026\/01\/Beat-Feuz-at-the-start-house-of-the-Lauberhorn-downhill-2019-in-Wengen-Bern-Switzerland-Image-by-Verein-Internationale-Lauberhornrennen-Wengen-CC-BY-SA-4.0-via-Wikimedia-Commons-350x233.jpg 350w\" sizes=\"(max-width: 1024px) 100vw, 1024px\" \/><figcaption id=\"caption-attachment-236340\" class=\"wp-caption-text\"><span class=\"font-377884\">Beat Feuz at the start house of the Lauberhorn downhill 2019 in Wengen, Bern, Switzerland Image by Verein Internationale Lauberhornrennen Wengen, CC BY-SA 4.0, via Wikimedia Commons<\/span><\/figcaption><\/figure>\n<p data-start=\"0\" data-end=\"747\"><span class=\"font-377884\">2026 s\u2019annonce comme une ann\u00e9e embl\u00e9matique pour la Suisse, qui verra une combinaison unique d\u2019\u00e9v\u00e9nements sportifs de port\u00e9e internationale et de rendez-vous politiques et diplomatiques majeurs. Des Jeux Olympiques d\u2019hiver et des Paralympiques en Italie au Forum \u00e9conomique mondial de Davos, en passant par des comp\u00e9titions embl\u00e9matiques telles que le Lauberhorn, le Tour de France Femmes et la Weltklasse Z\u00fcrich, le pays confirme sa capacit\u00e9 \u00e0 organiser des \u00e9v\u00e9nements de dimension mondiale. Parall\u00e8lement, la Suisse renforce son r\u00f4le de m\u00e9diateur international et de plateforme de dialogue multilat\u00e9ral, d\u00e9montrant comment le f\u00e9d\u00e9ralisme, la neutralit\u00e9 et la d\u00e9mocratie directe peuvent coexister avec un engagement actif sur la sc\u00e8ne mondiale.<\/span><\/p>\n<h2 data-start=\"749\" data-end=\"798\"><span class=\"font-377884\">\u00c9v\u00e9nements sportifs et li\u00e9s aux Jeux Olympiques<\/span><\/h2>\n<p data-start=\"800\" data-end=\"1796\"><span class=\"font-377884\"><strong>Jeux Olympiques d\u2019hiver Milan-Cortina 2026 (6\u201322 f\u00e9vrier 2026) et Paralympiques (6\u201315 mars 2026) :<\/strong> la Suisse disposera d\u2019une pr\u00e9sence officielle avec la House of Switzerland Italia 2026, ouverte du 4 f\u00e9vrier au 15 mars dans trois sites principaux (Milan au Centro Svizzero, Cortina d\u2019Ampezzo et Bormio). Ce hub mettra en avant l\u2019hospitalit\u00e9 suisse, l\u2019innovation, la durabilit\u00e9 et la culture alpine, avec des \u00e9v\u00e9nements, des projections en direct des comp\u00e9titions, des c\u00e9l\u00e9brations pour les athl\u00e8tes suisses, des exp\u00e9riences culinaires et du networking pour les sponsors, les m\u00e9dias et le public international. Bien que les comp\u00e9titions se d\u00e9roulent en Italie, la Suisse organisera des activit\u00e9s parall\u00e8les sur son territoire, telles que entra\u00eenements, rassemblements et courses-tests dans des stations de ski proches de la fronti\u00e8re (Valais, Grisons, Tessin), ainsi que des c\u00e9r\u00e9monies de pr\u00e9sentation \u00e0 Zurich, Lausanne et Berne, impliquant les supporters et cr\u00e9ant un pont entre les deux pays.<\/span><\/p>\n<p data-start=\"1798\" data-end=\"2108\"><span class=\"font-377884\"><strong>Les Lauberhorn Races (Coupe du monde de ski FIS) \u00e0 Wengen (16-18 janvier 2026) :<\/strong> l\u2019une des descentes les plus l\u00e9gendaires au monde, avec la piste la plus longue et la plus dangereuse du circuit. Elle attire les meilleurs skieurs et des milliers de spectateurs ; c\u2019est un classique du calendrier alpin suisse.<\/span><\/p>\n<p data-start=\"2110\" data-end=\"2526\"><span class=\"font-377884\"><strong>Championnat du monde IIHF de hockey sur glace 2026 (15\u201331 mai 2026) :<\/strong> la Suisse accueillera l\u2019\u00e9v\u00e9nement \u00e0 Zurich (Swiss Life Arena) et Fribourg (BCF Arena), avec les 16 meilleures \u00e9quipes nationales du monde. Ce sera une occasion de grand attrait pour le sport national par excellence, attirant des milliers de supporters, des m\u00e9dias mondiaux et un boost significatif pour le tourisme sportif dans les deux villes.<\/span><\/p>\n<p data-start=\"2528\" data-end=\"3188\"><span class=\"font-377884\"><strong>Tour de France Femmes avec Zwift 2026 (1\u20139 ao\u00fbt 2026) :<\/strong> pour la premi\u00e8re fois, la course cycliste f\u00e9minine partira de Suisse avec le Grand D\u00e9part \u00e0 Lausanne (1er ao\u00fbt, \u00e9tape 1 : Lausanne \u2192 Lausanne, 137 km, avec de courtes mont\u00e9es et une arriv\u00e9e en mont\u00e9e). Les premi\u00e8res \u00e9tapes traverseront des r\u00e9gions suisses (y compris Aigle et Gen\u00e8ve) avant d\u2019entrer en France vers une arriv\u00e9e iconique (avec le Mont Ventoux et l\u2019arriv\u00e9e \u00e0 Nice). L\u2019\u00e9v\u00e9nement, avec 9 \u00e9tapes pour un total de 1 175 km et plus de 18 000 m\u00e8tres de d\u00e9nivel\u00e9, impliquera des \u00e9quipes professionnelles f\u00e9minines du monde entier, garantissant un large suivi m\u00e9diatique et un public enthousiaste.<\/span><\/p>\n<p data-start=\"3190\" data-end=\"3924\"><span class=\"font-377884\"><strong>Tour de Suisse 2026 (17\u201321 juin 2026) :<\/strong> la 89e \u00e9dition de la course cycliste suisse (UCI WorldTour) introduira un nouveau format innovant sur 5 jours, avec deux \u00e9tapes par jour (une masculine et une f\u00e9minine) partant et arrivant au m\u00eame endroit, pour un total de 10 \u00e9tapes. Le concept \u00ab Peaks of Emotions \u00bb garantit une exp\u00e9rience unique pour le public, avec un changement de r\u00e9gion chaque jour, une interaction accrue et la promotion du cyclisme f\u00e9minin. Parmi les participants annonc\u00e9s figurent d\u00e9j\u00e0 Tadej Poga\u010dar et Marlen Reusser. Le parcours d\u00e9taill\u00e9 (r\u00e9gions, altim\u00e9tries) sera r\u00e9v\u00e9l\u00e9 au printemps 2026, mais il reste un test crucial avant le Tour de France, attirant des \u00e9quipes internationales, des supporters et des m\u00e9dias.<\/span><\/p>\n<p data-start=\"3926\" data-end=\"4644\" data-is-last-node=\"\" data-is-only-node=\"\"><span class=\"font-377884\"><strong>La Weltklasse Z\u00fcrich (27 ao\u00fbt 2026)<\/strong> au stade Letzigrund de Zurich est l\u2019\u00e9tape finale europ\u00e9enne de la Wanda Diamond League, l\u2019un des meetings d\u2019athl\u00e9tisme les plus prestigieux au monde apr\u00e8s les Jeux Olympiques et les Championnats du monde. Depuis 1928, il r\u00e9unit les meilleurs athl\u00e8tes mondiaux en sprint, haies, demi-fond, sauts et lancers : les courses attribuent des points d\u00e9cisifs pour le classement g\u00e9n\u00e9ral et couronnent souvent les vainqueurs saisonniers de la Diamond League. L\u2019\u00e9v\u00e9nement attire des milliers de spectateurs, une couverture TV internationale et un flux important de tourisme sportif, consolidant Zurich comme capitale mondiale de l\u2019athl\u00e9tisme et promouvant la visibilit\u00e9 et la tradition suisse.<\/span><\/p>\n<figure id=\"attachment_236379\" aria-describedby=\"caption-attachment-236379\" style=\"width: 1024px\" class=\"wp-caption aligncenter\"><img decoding=\"async\" class=\"wp-image-236379 size-full\" src=\"https:\/\/swissfederalism.ch\/wp-content\/uploads\/2026\/01\/World-Economic-Forum_2019-Foundations-World-Economic-Forum-CC-BY-2.0-via-Wikimedia-Commons.jpg\" alt=\"The venue of the World Economic Forum Annual Meeting in Davos-Klosters, Switzerland Image by Foundations World Economic Forum, CC BY 2.0, via Wikimedia Commons\" width=\"1024\" height=\"683\" srcset=\"https:\/\/swissfederalism.ch\/wp-content\/uploads\/2026\/01\/World-Economic-Forum_2019-Foundations-World-Economic-Forum-CC-BY-2.0-via-Wikimedia-Commons.jpg 1024w, https:\/\/swissfederalism.ch\/wp-content\/uploads\/2026\/01\/World-Economic-Forum_2019-Foundations-World-Economic-Forum-CC-BY-2.0-via-Wikimedia-Commons-300x200.jpg 300w, https:\/\/swissfederalism.ch\/wp-content\/uploads\/2026\/01\/World-Economic-Forum_2019-Foundations-World-Economic-Forum-CC-BY-2.0-via-Wikimedia-Commons-768x512.jpg 768w, https:\/\/swissfederalism.ch\/wp-content\/uploads\/2026\/01\/World-Economic-Forum_2019-Foundations-World-Economic-Forum-CC-BY-2.0-via-Wikimedia-Commons-350x233.jpg 350w\" sizes=\"(max-width: 1024px) 100vw, 1024px\" \/><figcaption id=\"caption-attachment-236379\" class=\"wp-caption-text\">The venue of the World Economic Forum Annual Meeting in Davos-Klosters, Switzerland Image by Foundations World Economic Forum, CC BY 2.0, via Wikimedia Commons<\/figcaption><\/figure>\n<h2 data-start=\"115\" data-end=\"167\"><span class=\"font-377884\">\u00c9v\u00e9nements internationaux et politique \u00e9trang\u00e8re<\/span><\/h2>\n<p data-start=\"169\" data-end=\"560\"><span class=\"font-377884\">Le Forum \u00e9conomique mondial (FEM) R\u00e9union annuelle 2026, 56\u1d49 \u00e9dition, se tiendra \u00e0 Davos-Klosters du 19 au 23 janvier 2026 sous le th\u00e8me \u00ab\u202fA Spirit of Dialogue\u202f\u00bb. L\u2019\u00e9v\u00e9nement rassemble plus de 2\u202f500 dirigeants mondiaux issus des gouvernements, des entreprises, de la soci\u00e9t\u00e9 civile, de la science et de la culture pour des discussions tourn\u00e9es vers l\u2019avenir sur les d\u00e9fis mondiaux urgents.<\/span><\/p>\n<p data-start=\"562\" data-end=\"1310\"><span class=\"font-377884\">Parmi les principaux invit\u00e9s VIP et chefs d\u2019\u00c9tat\/gouvernement confirm\u00e9s figurent\u202f: Donald Trump (Pr\u00e9sident des \u00c9tats-Unis), Ursula von der Leyen (Pr\u00e9sidente de la Commission europ\u00e9enne), Friedrich Merz (Chancelier f\u00e9d\u00e9ral d\u2019Allemagne), Guy Parmelin (Pr\u00e9sident de la Conf\u00e9d\u00e9ration suisse 2026), Volodymyr Zelenskyy (Pr\u00e9sident de l\u2019Ukraine), Javier Milei (Pr\u00e9sident de l\u2019Argentine), Prabowo Subianto (Pr\u00e9sident de l\u2019Indon\u00e9sie), Pedro S\u00e1nchez (Premier ministre d\u2019Espagne), ainsi que des dirigeants tels que Mark Carney (Premier ministre du Canada), He Lifeng (Vice-Premier ministre de Chine), Ant\u00f3nio Guterres (Secr\u00e9taire g\u00e9n\u00e9ral de l\u2019ONU), Kristalina Georgieva (FMI), Ajay Banga (Banque mondiale) et des centaines de PDG de grandes multinationales.<\/span><\/p>\n<p data-start=\"1312\" data-end=\"1402\"><span class=\"font-377884\">Le programme se concentre sur cinq d\u00e9fis cl\u00e9s n\u00e9cessitant des solutions collaboratives\u202f:<\/span><\/p>\n<ul data-start=\"1404\" data-end=\"1919\">\n<li data-start=\"1404\" data-end=\"1508\">\n<p data-start=\"1406\" data-end=\"1508\"><span class=\"font-377884\">Coop\u00e9ration dans un monde plus contest\u00e9 (g\u00e9opolitique, s\u00e9curit\u00e9 mondiale, alliances sous pression)\u202f;<\/span><\/p>\n<\/li>\n<li data-start=\"1509\" data-end=\"1568\">\n<p data-start=\"1511\" data-end=\"1568\"><span class=\"font-377884\">Lib\u00e9rer de nouvelles sources de croissance \u00e9conomique\u202f;<\/span><\/p>\n<\/li>\n<li data-start=\"1569\" data-end=\"1664\">\n<p data-start=\"1571\" data-end=\"1664\"><span class=\"font-377884\">Investir dans les personnes (emploi, comp\u00e9tences, bien-\u00eatre \u00e0 l\u2019\u00e8re de la transformation)\u202f;<\/span><\/p>\n<\/li>\n<li data-start=\"1665\" data-end=\"1784\">\n<p data-start=\"1667\" data-end=\"1784\"><span class=\"font-377884\">Diffuser l\u2019innovation \u00e0 grande \u00e9chelle de mani\u00e8re responsable (intelligence artificielle, technologies de pointe)\u202f;<\/span><\/p>\n<\/li>\n<li data-start=\"1785\" data-end=\"1919\">\n<p data-start=\"1787\" data-end=\"1919\"><span class=\"font-377884\">Construire la prosp\u00e9rit\u00e9 dans les limites plan\u00e9taires (durabilit\u00e9 environnementale, r\u00e9silience climatique, \u00e9nergie et ressources).<\/span><\/p>\n<\/li>\n<\/ul>\n<p data-start=\"1921\" data-end=\"2491\"><span class=\"font-377884\">La <strong data-start=\"1924\" data-end=\"1948\">House of Switzerland<\/strong>, hub officiel de la diplomatie suisse, op\u00e9rationnel du 20 au 22 janvier, accueillera des \u00e9v\u00e9nements, des rencontres bilat\u00e9rales et des briefings sur des th\u00e8mes strat\u00e9giques tels que la cybers\u00e9curit\u00e9, la cha\u00eene pharmaceutique, la formation \u00e0 l\u2019IA et les \u00e9changes culturels. Cette initiative renforce l\u2019image de la Suisse comme pays neutre, promoteur du dialogue et pont pour des solutions multilat\u00e9rales, offrant \u00e0 Berne une occasion strat\u00e9gique de consolider son r\u00f4le de facilitateur international dans une \u00e9poque de fragmentation mondiale.<\/span><\/p>\n<p data-start=\"2493\" data-end=\"2900\"><span class=\"font-377884\">Sur le plan de la diplomatie multilat\u00e9rale, l\u2019ann\u00e9e 2026 est particuli\u00e8rement importante gr\u00e2ce \u00e0 la pr\u00e9sidence suisse de l\u2019OSCE (Organisation pour la s\u00e9curit\u00e9 et la coop\u00e9ration en Europe), la troisi\u00e8me de l\u2019histoire helv\u00e9tique apr\u00e8s 1996 et 2014. Sous la direction du Conseiller f\u00e9d\u00e9ral <strong data-start=\"2780\" data-end=\"2798\">Ignazio Cassis<\/strong>, en qualit\u00e9 de Pr\u00e9sident en exercice, la Suisse organise des \u00e9v\u00e9nements de haut niveau, notamment\u202f:<\/span><\/p>\n<ul data-start=\"2902\" data-end=\"3262\">\n<li data-start=\"2902\" data-end=\"3136\">\n<p data-start=\"2904\" data-end=\"3136\"><span class=\"font-377884\">La conf\u00e9rence <strong data-start=\"2918\" data-end=\"2982\">\u00ab\u202fAnticipating technologies \u2013 for a safe and humane future\u202f\u00bb<\/strong> \u00e0 Gen\u00e8ve (7-8 mai 2026), consacr\u00e9e \u00e0 l\u2019intelligence artificielle, au calcul quantique et \u00e0 la pr\u00e9vention des conflits par la science et la diplomatie\u202f;<\/span><\/p>\n<\/li>\n<li data-start=\"3137\" data-end=\"3262\">\n<p data-start=\"3139\" data-end=\"3262\"><span class=\"font-377884\">La rencontre <strong data-start=\"3152\" data-end=\"3230\">\u00ab\u202fFrom Geneva to Helsinki: founding process and core purpose of the OSCE\u202f\u00bb<\/strong> \u00e0 Berne (3-4 septembre 2026).<\/span><\/p>\n<\/li>\n<\/ul>\n<p data-start=\"3264\" data-end=\"3479\"><span class=\"font-377884\">Ces rendez-vous, ainsi que le Conseil minist\u00e9riel de l\u2019OSCE de fin d\u2019ann\u00e9e, soulignent l\u2019engagement suisse pour la paix, la s\u00e9curit\u00e9 et la confiance en Europe, dans un contexte g\u00e9opolitique particuli\u00e8rement tendu.<\/span><\/p>\n<blockquote class=\"wp-embedded-content\" data-secret=\"K2AU6oTafa\"><p><a href=\"https:\/\/swissfederalism.ch\/fr\/ai-wealth-machine-andre-schenone\/\">AI Wealth Machine \u2013 Les strat\u00e9gies pour travailler et gagner demain<\/a><\/p><\/blockquote>\n<p><iframe class=\"wp-embedded-content\" sandbox=\"allow-scripts\" security=\"restricted\" style=\"position: absolute; visibility: hidden;\" title=\"\u00ab\u00a0AI Wealth Machine \u2013 Les strat\u00e9gies pour travailler et gagner demain\u00a0\u00bb &#8212; Swiss Federalism\" src=\"https:\/\/swissfederalism.ch\/fr\/ai-wealth-machine-andre-schenone\/embed\/#?secret=zYwPjp9c80#?secret=K2AU6oTafa\" data-secret=\"K2AU6oTafa\" width=\"600\" height=\"338\" frameborder=\"0\" marginwidth=\"0\" marginheight=\"0\" scrolling=\"no\"><\/iframe><\/p>\n<p dir=\"auto\"><span class=\"font-377884\">En r\u00e9sum\u00e9, l\u2019ann\u00e9e 2026 confirme la Suisse comme un pays capable de conjuguer excellence sportive et leadership diplomatique. Des grands \u00e9v\u00e9nements sportifs qui attirent le public et les m\u00e9dias du monde entier \u00e0 son r\u00f4le de plateforme neutre pour le dialogue international, la Conf\u00e9d\u00e9ration d\u00e9montre comment le f\u00e9d\u00e9ralisme, la neutralit\u00e9 et la d\u00e9mocratie directe peuvent devenir des instruments de prestige mondial. Entre pistes de ski l\u00e9gendaires, v\u00e9lodromes et rencontres diplomatiques de haut niveau, la Suisse s\u2019affirme comme un acteur majeur d\u2019une ann\u00e9e o\u00f9 sport, culture et politique s\u2019entrelacent, renfor\u00e7ant l\u2019identit\u00e9 nationale et sa r\u00e9putation sur la sc\u00e8ne internationale.<\/span><\/p>\n<p><a href=\"https:\/\/k16trade.ch\/raw-coffee\/\"><img decoding=\"async\" class=\"wp-image-230949 size-medium aligncenter\" src=\"https:\/\/swissfederalism.ch\/wp-content\/uploads\/2020\/11\/FullLogo_Transparent_NoBuffer-300x145.png\" alt=\"K16 TRADE &amp; CONSULTING SWITZERLAND\" width=\"300\" height=\"145\" srcset=\"https:\/\/swissfederalism.ch\/wp-content\/uploads\/2020\/11\/FullLogo_Transparent_NoBuffer-300x145.png 300w, https:\/\/swissfederalism.ch\/wp-content\/uploads\/2020\/11\/FullLogo_Transparent_NoBuffer-1024x495.png 1024w, https:\/\/swissfederalism.ch\/wp-content\/uploads\/2020\/11\/FullLogo_Transparent_NoBuffer-768x371.png 768w, https:\/\/swissfederalism.ch\/wp-content\/uploads\/2020\/11\/FullLogo_Transparent_NoBuffer-350x169.png 350w, https:\/\/swissfederalism.ch\/wp-content\/uploads\/2020\/11\/FullLogo_Transparent_NoBuffer.png 1280w\" sizes=\"(max-width: 300px) 100vw, 300px\" \/><\/a><\/p>\n","protected":false},"excerpt":{"rendered":"<p>Une ann\u00e9e riche en grands \u00e9v\u00e9nements nationaux et internationaux, entre Jeux Olympiques, comp\u00e9titions sportives de niveau mondial et engagements diplomatiques strat\u00e9giques.<\/p>\n","protected":false},"author":9,"featured_media":236342,"comment_status":"open","ping_status":"closed","sticky":false,"template":"","format":"standard","meta":{"footnotes":""},"categories":[310,318,986,209,306,294,2325],"tags":[1177,1049,564,888],"class_list":["post-236393","post","type-post","status-publish","format-standard","has-post-thumbnail","hentry","category-economie","category-evenements","category-finance-fr","category-les-magazines","category-politique","category-suisse","category-tourisme","tag-democratie","tag-diplomatie","tag-sport-fr","tag-suisse"],"_links":{"self":[{"href":"https:\/\/swissfederalism.ch\/fr\/wp-json\/wp\/v2\/posts\/236393","targetHints":{"allow":["GET"]}}],"collection":[{"href":"https:\/\/swissfederalism.ch\/fr\/wp-json\/wp\/v2\/posts"}],"about":[{"href":"https:\/\/swissfederalism.ch\/fr\/wp-json\/wp\/v2\/types\/post"}],"author":[{"embeddable":true,"href":"https:\/\/swissfederalism.ch\/fr\/wp-json\/wp\/v2\/users\/9"}],"replies":[{"embeddable":true,"href":"https:\/\/swissfederalism.ch\/fr\/wp-json\/wp\/v2\/comments?post=236393"}],"version-history":[{"count":4,"href":"https:\/\/swissfederalism.ch\/fr\/wp-json\/wp\/v2\/posts\/236393\/revisions"}],"predecessor-version":[{"id":236402,"href":"https:\/\/swissfederalism.ch\/fr\/wp-json\/wp\/v2\/posts\/236393\/revisions\/236402"}],"wp:featuredmedia":[{"embeddable":true,"href":"https:\/\/swissfederalism.ch\/fr\/wp-json\/wp\/v2\/media\/236342"}],"wp:attachment":[{"href":"https:\/\/swissfederalism.ch\/fr\/wp-json\/wp\/v2\/media?parent=236393"}],"wp:term":[{"taxonomy":"category","embeddable":true,"href":"https:\/\/swissfederalism.ch\/fr\/wp-json\/wp\/v2\/categories?post=236393"},{"taxonomy":"post_tag","embeddable":true,"href":"https:\/\/swissfederalism.ch\/fr\/wp-json\/wp\/v2\/tags?post=236393"}],"curies":[{"name":"wp","href":"https:\/\/api.w.org\/{rel}","templated":true}]}}