{"id":236354,"date":"2026-01-14T17:35:57","date_gmt":"2026-01-14T17:35:57","guid":{"rendered":"https:\/\/swissfederalism.ch\/2026-federalism-democracy-switzerland\/"},"modified":"2026-01-18T17:35:20","modified_gmt":"2026-01-18T17:35:20","slug":"2026-federalisme-democratie-suisse","status":"publish","type":"post","link":"https:\/\/swissfederalism.ch\/fr\/2026-federalisme-democratie-suisse\/","title":{"rendered":"2026 une \u00e9tape cl\u00e9 pour le f\u00e9d\u00e9ralisme et la d\u00e9mocratie directe en Suisse"},"content":{"rendered":"<h1 data-start=\"200\" data-end=\"277\"><span class=\"font-377884\">2026 une \u00e9tape cl\u00e9 pour le f\u00e9d\u00e9ralisme et la d\u00e9mocratie directe en Suisse<\/span><\/h1>\n<p data-start=\"279\" data-end=\"565\"><span class=\"font-377884\"><em>2026 s\u2019annonce comme une ann\u00e9e cruciale pour la Suisse, avec certaines des dynamiques les plus importantes du f\u00e9d\u00e9ralisme, telles que la d\u00e9mocratie directe, la r\u00e9partition du pouvoir entre la Conf\u00e9d\u00e9ration et les cantons, et la prise de d\u00e9cisions politiques collectives, qui occuperont une place centrale au niveau national.<\/em><\/span><\/p>\n<figure id=\"attachment_236336\" aria-describedby=\"caption-attachment-236336\" style=\"width: 1024px\" class=\"wp-caption aligncenter\"><img decoding=\"async\" class=\"wp-image-236336 size-full\" src=\"https:\/\/swissfederalism.ch\/wp-content\/uploads\/2026\/01\/Sign-announcing-a-voting-weekend-Image-by-Kecko-CC-BY-2.0-via-Wikimedia-Commons.jpg\" alt=\"Sign announcing a voting weekend Image by Kecko, CC BY 2.0, via Wikimedia Commons\" width=\"1024\" height=\"576\" srcset=\"https:\/\/swissfederalism.ch\/wp-content\/uploads\/2026\/01\/Sign-announcing-a-voting-weekend-Image-by-Kecko-CC-BY-2.0-via-Wikimedia-Commons.jpg 1024w, https:\/\/swissfederalism.ch\/wp-content\/uploads\/2026\/01\/Sign-announcing-a-voting-weekend-Image-by-Kecko-CC-BY-2.0-via-Wikimedia-Commons-300x169.jpg 300w, https:\/\/swissfederalism.ch\/wp-content\/uploads\/2026\/01\/Sign-announcing-a-voting-weekend-Image-by-Kecko-CC-BY-2.0-via-Wikimedia-Commons-768x432.jpg 768w, https:\/\/swissfederalism.ch\/wp-content\/uploads\/2026\/01\/Sign-announcing-a-voting-weekend-Image-by-Kecko-CC-BY-2.0-via-Wikimedia-Commons-350x197.jpg 350w\" sizes=\"(max-width: 1024px) 100vw, 1024px\" \/><figcaption id=\"caption-attachment-236336\" class=\"wp-caption-text\"><span class=\"font-377884\">Sign announcing a voting weekend Image by Kecko, CC BY 2.0, via Wikimedia Commons<\/span><\/figcaption><\/figure>\n<h2 data-start=\"84\" data-end=\"156\"><span class=\"font-377884\">Votes f\u00e9d\u00e9raux et d\u00e9mocratie directe<\/span><\/h2>\n<p data-start=\"158\" data-end=\"375\"><span class=\"font-377884\">Un des \u00e9l\u00e9ments centraux du f\u00e9d\u00e9ralisme suisse est la <strong data-start=\"212\" data-end=\"234\">d\u00e9mocratie directe<\/strong>, qui permet aux citoyennes et citoyens de se prononcer directement sur des questions l\u00e9gislatives et constitutionnelles au niveau f\u00e9d\u00e9ral.<\/span><\/p>\n<p data-start=\"377\" data-end=\"487\"><span class=\"font-377884\">Le <strong data-start=\"380\" data-end=\"395\">8 mars 2026<\/strong>, les \u00e9lecteurs seront appel\u00e9s \u00e0 voter \u00e0 Berne sur <strong data-start=\"446\" data-end=\"483\">quatre objets f\u00e9d\u00e9raux importants<\/strong> :<\/span><\/p>\n<h3 data-start=\"494\" data-end=\"539\"><span class=\"font-377884\">Initiative populaire \u00ab Argent liquide \u00bb<\/span><\/h3>\n<p data-start=\"540\" data-end=\"876\"><span class=\"font-377884\">Les citoyennes et citoyens suisses voteront sur l\u2019initiative populaire <strong data-start=\"611\" data-end=\"733\">\u00ab Oui \u00e0 une monnaie suisse ind\u00e9pendante et libre avec des pi\u00e8ces ou des billets (L\u2019argent liquide, c\u2019est la libert\u00e9) \u00bb<\/strong> ainsi que sur le <strong data-start=\"751\" data-end=\"810\">contre-projet direct du Conseil f\u00e9d\u00e9ral et du Parlement<\/strong> concernant l\u2019approvisionnement en esp\u00e8ces et la monnaie suisse.<\/span><\/p>\n<p data-start=\"878\" data-end=\"1215\"><span class=\"font-377884\">Actuellement, les paiements sans esp\u00e8ces se g\u00e9n\u00e9ralisent en Suisse, mais la majorit\u00e9 de la population souhaite <strong data-start=\"989\" data-end=\"1043\">conserver l\u2019argent liquide comme moyen de paiement<\/strong>. La loi pr\u00e9voit actuellement que la <strong data-start=\"1080\" data-end=\"1153\">Banque nationale suisse garantit la disponibilit\u00e9 de l\u2019argent liquide<\/strong> et que le <strong data-start=\"1164\" data-end=\"1212\">franc suisse est l\u2019unit\u00e9 mon\u00e9taire nationale<\/strong>.<\/span><\/p>\n<p data-start=\"1217\" data-end=\"1235\"><span class=\"font-377884\"><strong data-start=\"1217\" data-end=\"1233\">L\u2019initiative<\/strong><\/span><\/p>\n<ul data-start=\"1236\" data-end=\"1581\">\n<li data-start=\"1236\" data-end=\"1363\">\n<p data-start=\"1238\" data-end=\"1363\"><span class=\"font-377884\">Inscrit dans la Constitution le principe de la disponibilit\u00e9 de l\u2019argent liquide et confirme le franc comme monnaie suisse.<\/span><\/p>\n<\/li>\n<li data-start=\"1364\" data-end=\"1459\">\n<p data-start=\"1366\" data-end=\"1459\"><span class=\"font-377884\">Oblige la Conf\u00e9d\u00e9ration \u00e0 garantir la <strong data-start=\"1404\" data-end=\"1456\">disponibilit\u00e9 suffisante de pi\u00e8ces et de billets<\/strong>.<\/span><\/p>\n<\/li>\n<li data-start=\"1460\" data-end=\"1581\">\n<p data-start=\"1462\" data-end=\"1581\"><span class=\"font-377884\">Le remplacement du franc par une autre monnaie ne serait possible qu\u2019avec l\u2019approbation du <strong data-start=\"1553\" data-end=\"1578\">Peuple et des Cantons<\/strong>.<\/span><\/p>\n<\/li>\n<\/ul>\n<p data-start=\"1583\" data-end=\"1605\"><span class=\"font-377884\"><strong data-start=\"1583\" data-end=\"1603\">Le contre-projet<\/strong><\/span><\/p>\n<ul data-start=\"1606\" data-end=\"1899\">\n<li data-start=\"1606\" data-end=\"1754\">\n<p data-start=\"1608\" data-end=\"1754\"><span class=\"font-377884\">Le Parlement et le Conseil f\u00e9d\u00e9ral souhaitent \u00e9galement inscrire dans la Constitution les dispositions relatives \u00e0 l\u2019argent liquide et au franc.<\/span><\/p>\n<\/li>\n<li data-start=\"1755\" data-end=\"1899\">\n<p data-start=\"1757\" data-end=\"1899\"><span class=\"font-377884\">Cependant, ils proposent une formulation diff\u00e9rente, bas\u00e9e sur les textes l\u00e9gislatifs existants, jugeant le texte de l\u2019initiative inad\u00e9quat.<\/span><\/p>\n<\/li>\n<\/ul>\n<p data-start=\"1901\" data-end=\"2187\"><span class=\"font-377884\">Le <strong data-start=\"1904\" data-end=\"1927\">comit\u00e9 d\u2019initiative<\/strong> soutient que seule l\u2019initiative garantit la <strong data-start=\"1972\" data-end=\"2009\">pr\u00e9servation de l\u2019argent physique<\/strong>, ind\u00e9pendant de l\u2019\u00e9lectricit\u00e9, des r\u00e9seaux ou des grands groupes, anonyme et \u00e0 l\u2019\u00e9preuve des crises, en confiant \u00e0 la Conf\u00e9d\u00e9ration la responsabilit\u00e9 de son approvisionnement.<\/span><\/p>\n<h3 data-start=\"2194\" data-end=\"2254\"><span class=\"font-377884\">Initiative \u00ab 200 francs suffisent ! \u00bb (initiative SSR)<\/span><\/h3>\n<p data-start=\"2255\" data-end=\"2541\"><span class=\"font-377884\">La Suisse a l\u2019une des <strong data-start=\"2277\" data-end=\"2337\">redevances radio et t\u00e9l\u00e9vision les plus \u00e9lev\u00e9es du monde<\/strong> : 335 francs par an, pay\u00e9e m\u00eame par celles et ceux qui n\u2019utilisent pas les services de la SSR, ainsi que par les jeunes, les c\u00e9libataires et les entreprises, ind\u00e9pendamment de leur consommation r\u00e9elle.<\/span><\/p>\n<p data-start=\"2543\" data-end=\"2596\"><span class=\"font-377884\">L\u2019initiative <strong data-start=\"2556\" data-end=\"2584\">\u00ab 200 francs suffisent \u00bb<\/strong> propose :<\/span><\/p>\n<ul data-start=\"2597\" data-end=\"2797\">\n<li data-start=\"2597\" data-end=\"2654\">\n<p data-start=\"2599\" data-end=\"2654\"><span class=\"font-377884\">R\u00e9duction de la redevance \u00e0 <strong data-start=\"2627\" data-end=\"2652\">200 francs par m\u00e9nage<\/strong><\/span><\/p>\n<\/li>\n<li data-start=\"2655\" data-end=\"2707\">\n<p data-start=\"2657\" data-end=\"2707\"><span class=\"font-377884\">Suppression de la redevance pour les entreprises<\/span><\/p>\n<\/li>\n<li data-start=\"2708\" data-end=\"2797\">\n<p data-start=\"2710\" data-end=\"2797\"><span class=\"font-377884\">Rendre la SSR <strong data-start=\"2724\" data-end=\"2750\">plus l\u00e9g\u00e8re et moderne<\/strong>, en laissant plus de place aux m\u00e9dias priv\u00e9s<\/span><\/p>\n<\/li>\n<\/ul>\n<p data-start=\"2799\" data-end=\"3178\"><span class=\"font-377884\">L\u2019objectif est de financer uniquement ce qui est r\u00e9ellement n\u00e9cessaire : <strong data-start=\"2872\" data-end=\"2956\">information, reportage approfondi, culture et services aux r\u00e9gions linguistiques<\/strong>. La SSR continuerait d\u2019exister, les minorit\u00e9s linguistiques seraient prot\u00e9g\u00e9es, et les radios et t\u00e9l\u00e9visions priv\u00e9es conserveraient leur contribution \u2013 <strong data-start=\"3109\" data-end=\"3175\">mais avec moins de gaspillage, moins d\u2019\u00c9tat et plus de libert\u00e9<\/strong>.<\/span><\/p>\n<p data-start=\"3180\" data-end=\"3447\"><span class=\"font-377884\"><strong data-start=\"3180\" data-end=\"3212\">Contre-projet du Parlement :<\/strong> r\u00e9duction progressive \u00e0 300 francs par m\u00e9nage d\u2019ici 2029, avec des all\u00e9gements partiels pour les entreprises (seulement 20 % continuerait \u00e0 payer d\u00e8s 2027). Remarque : si le oui l\u2019emporte, aucune r\u00e9duction n\u2019est actuellement pr\u00e9vue.<\/span><\/p>\n<h3 data-start=\"3454\" data-end=\"3494\"><span class=\"font-377884\">Initiative sur le fonds climatique<\/span><\/h3>\n<p data-start=\"3495\" data-end=\"3997\"><span class=\"font-377884\">Le 8 mars, les citoyennes et citoyens voteront sur une proposition pr\u00e9voyant des <strong data-start=\"3576\" data-end=\"3658\">investissements annuels entre 0,5 % et 1 % de la performance \u00e9conomique suisse<\/strong> (environ 4 \u00e0 8 milliards de francs) pour soutenir des mesures li\u00e9es \u00e0 la <strong data-start=\"3732\" data-end=\"3844\">r\u00e9duction des \u00e9missions, aux \u00e9nergies renouvelables, \u00e0 l\u2019efficacit\u00e9 \u00e9nerg\u00e9tique, au CO\u2082 et \u00e0 la biodiversit\u00e9<\/strong>, dans le but de favoriser la transition \u00e9nerg\u00e9tique, de r\u00e9duire la d\u00e9pendance au diesel et au gaz, et de promouvoir la formation et l\u2019emploi qualifi\u00e9.<\/span><\/p>\n<p data-start=\"3999\" data-end=\"4665\"><span class=\"font-377884\">Cependant, la Suisse contribue \u00e0 seulement <strong data-start=\"4042\" data-end=\"4082\">0,1 % des \u00e9missions mondiales de CO\u2082<\/strong>, a d\u00e9j\u00e0 r\u00e9duit les <strong data-start=\"4102\" data-end=\"4169\">\u00e9missions par habitant de 20 % au cours des 30 derni\u00e8res ann\u00e9es<\/strong> et continue d\u2019investir chaque ann\u00e9e des millions dans des programmes de r\u00e9duction des \u00e9missions, comme ceux pour les b\u00e2timents. Une d\u00e9pense de cette ampleur entra\u00eenerait une <strong data-start=\"4344\" data-end=\"4417\">forte augmentation de la dette publique et potentiellement des imp\u00f4ts<\/strong>, sans impact significatif sur le climat mondial. Pour ces raisons, beaucoup estiment judicieux de <strong data-start=\"4516\" data-end=\"4529\">voter Non<\/strong>, en privil\u00e9giant des investissements cibl\u00e9s, durables et proportionn\u00e9s \u00e0 l\u2019incidence r\u00e9elle de la Suisse sur les \u00e9missions mondiales.<\/span><\/p>\n<h3 data-start=\"4672\" data-end=\"4745\"><span class=\"font-377884\">Loi f\u00e9d\u00e9rale sur l\u2019imposition individuelle (contre-projet indirect)<\/span><\/h3>\n<p data-start=\"4746\" data-end=\"5029\"><span class=\"font-377884\">Le 8 mars, la Suisse votera sur l\u2019introduction de l\u2019<strong data-start=\"4798\" data-end=\"4849\">imposition individuelle pour les couples mari\u00e9s<\/strong>. La r\u00e9forme, adopt\u00e9e de justesse par le Parlement comme contre-projet indirect \u00e0 une initiative des femmes du PLR, vise \u00e0 \u00e9liminer la <strong data-start=\"4984\" data-end=\"5026\">soi-disant \u00ab p\u00e9nalisation du mariage \u00bb<\/strong>.<\/span><\/p>\n<p data-start=\"5031\" data-end=\"5431\"><span class=\"font-377884\">Actuellement, les couples mari\u00e9s d\u00e9posent une <strong data-start=\"5077\" data-end=\"5107\">d\u00e9claration fiscale unique<\/strong>, combinant les revenus et le patrimoine des deux conjoints. Selon la r\u00e9partition des revenus, ce syst\u00e8me peut entra\u00eener des imp\u00f4ts plus \u00e9lev\u00e9s que pour les couples non mari\u00e9s. La r\u00e9forme pr\u00e9voit que chaque personne soit <strong data-start=\"5328\" data-end=\"5356\">impos\u00e9e individuellement<\/strong>, quel que soit son \u00e9tat civil, y compris au niveau cantonal et communal.<\/span><\/p>\n<p data-start=\"5433\" data-end=\"5570\"><span class=\"font-377884\">La loi fait l\u2019objet de <strong data-start=\"5456\" data-end=\"5476\">deux r\u00e9f\u00e9rendums<\/strong> : l\u2019un lanc\u00e9 par des partis et associations conservateurs, l\u2019autre soutenu par dix cantons.<\/span><\/p>\n<p data-start=\"5572\" data-end=\"5603\"><span class=\"font-377884\"><strong data-start=\"5572\" data-end=\"5601\">Arguments des opposants :<\/strong><\/span><\/p>\n<ul data-start=\"5604\" data-end=\"6170\">\n<li data-start=\"5604\" data-end=\"5823\">\n<p data-start=\"5606\" data-end=\"5823\"><span class=\"font-377884\"><strong data-start=\"5606\" data-end=\"5639\">Augmentation bureaucratique :<\/strong> chaque famille devrait d\u00e9poser deux d\u00e9clarations fiscales, m\u00eame avec un seul revenu, ce qui engendrerait <strong data-start=\"5745\" data-end=\"5785\">des co\u00fbts administratifs plus \u00e9lev\u00e9s<\/strong> pour les familles et les autorit\u00e9s.<\/span><\/p>\n<\/li>\n<li data-start=\"5824\" data-end=\"5924\">\n<p data-start=\"5826\" data-end=\"5924\"><span class=\"font-377884\"><strong data-start=\"5826\" data-end=\"5859\">Pression sur le f\u00e9d\u00e9ralisme :<\/strong> complexification de la gestion fiscale cantonale et communale.<\/span><\/p>\n<\/li>\n<li data-start=\"5925\" data-end=\"6170\">\n<p data-start=\"5927\" data-end=\"6170\"><span class=\"font-377884\"><strong data-start=\"5927\" data-end=\"5950\">Injustice sociale :<\/strong> seuls les couples ais\u00e9s avec deux revenus \u00e9lev\u00e9s b\u00e9n\u00e9ficieraient, tandis que les familles traditionnelles avec un seul revenu ou de fortes disparit\u00e9s seraient p\u00e9nalis\u00e9es ; la <strong data-start=\"6126\" data-end=\"6144\">classe moyenne<\/strong> serait la plus touch\u00e9e.<\/span><\/p>\n<\/li>\n<\/ul>\n<p data-start=\"6172\" data-end=\"6369\"><span class=\"font-377884\"><strong data-start=\"6172\" data-end=\"6185\">Exemple :<\/strong> un couple avec des revenus \u00e9gaux de 100 000 francs verrait ses imp\u00f4ts passer de 6 733 \u00e0 2 696 francs, tandis qu\u2019un couple \u00e0 revenu unique (100:0) passerait de 8 566 \u00e0 11 321 francs.<\/span><\/p>\n<p data-start=\"6371\" data-end=\"6773\"><span class=\"font-377884\">Les critiques soulignent \u00e9galement que la r\u00e9forme pourrait <strong data-start=\"6430\" data-end=\"6478\">d\u00e9valoriser le travail de soins non r\u00e9mun\u00e9r\u00e9<\/strong>, incluant la garde d\u2019enfants ainsi que l\u2019assistance aux parents \u00e2g\u00e9s ou aux proches malades \u2013 des activit\u00e9s essentielles \u00e0 la soci\u00e9t\u00e9. La \u00ab p\u00e9nalisation du mariage \u00bb pourrait \u00eatre <strong data-start=\"6659\" data-end=\"6719\">supprim\u00e9e plus simplement et sans ces effets secondaires<\/strong>, comme le d\u00e9montrent d\u00e9j\u00e0 les pratiques cantonales.<\/span><\/p>\n<p data-start=\"6780\" data-end=\"6938\"><span class=\"font-377884\">D\u2019autres dates de r\u00e9f\u00e9rendums en 2026 : <strong data-start=\"6820\" data-end=\"6860\">14 juin, 27 septembre et 29 novembre<\/strong>, faisant de cette ann\u00e9e une p\u00e9riode tr\u00e8s intense pour la d\u00e9mocratie suisse.<\/span><\/p>\n<blockquote class=\"wp-embedded-content\" data-secret=\"VMw6sy6fne\"><p><a href=\"https:\/\/swissfederalism.ch\/fr\/ai-wealth-machine-andre-schenone\/\">AI Wealth Machine \u2013 Les strat\u00e9gies pour travailler et gagner demain<\/a><\/p><\/blockquote>\n<p><iframe class=\"wp-embedded-content\" sandbox=\"allow-scripts\" security=\"restricted\" style=\"position: absolute; visibility: hidden;\" title=\"\u00ab\u00a0AI Wealth Machine \u2013 Les strat\u00e9gies pour travailler et gagner demain\u00a0\u00bb &#8212; Swiss Federalism\" src=\"https:\/\/swissfederalism.ch\/fr\/ai-wealth-machine-andre-schenone\/embed\/#?secret=7TBrjlTE2c#?secret=VMw6sy6fne\" data-secret=\"VMw6sy6fne\" width=\"600\" height=\"338\" frameborder=\"0\" marginwidth=\"0\" marginheight=\"0\" scrolling=\"no\"><\/iframe><\/p>\n<h2 data-start=\"2900\" data-end=\"2973\"><span class=\"font-377884\">F\u00e9d\u00e9ralisme et budgets : p\u00e9r\u00e9quation financi\u00e8re et r\u00f4le des Cantons<\/span><\/h2>\n<p data-start=\"2975\" data-end=\"3598\"><span class=\"font-377884\">Le f\u00e9d\u00e9ralisme suisse se caract\u00e9rise par un <strong data-start=\"3019\" data-end=\"3053\">haut degr\u00e9 de d\u00e9centralisation<\/strong> : les 26 <strong data-start=\"3063\" data-end=\"3074\">Cantons<\/strong> (et plus de 2\u2019100 communes) jouissent de larges comp\u00e9tences autonomes dans des domaines cl\u00e9s tels que la fiscalit\u00e9, l\u2019\u00e9ducation, la sant\u00e9 et les infrastructures. Pour pr\u00e9server la <strong data-start=\"3255\" data-end=\"3277\">coh\u00e9sion nationale<\/strong> et att\u00e9nuer les disparit\u00e9s \u00e9conomiques et structurelles entre Cantons, la <strong data-start=\"3352\" data-end=\"3417\">p\u00e9r\u00e9quation financi\u00e8re nationale (Nationaler Finanzausgleich)<\/strong> joue un r\u00f4le central, bas\u00e9e sur le principe constitutionnel de <strong data-start=\"3481\" data-end=\"3495\">solidarit\u00e9<\/strong> : les Cantons \u00e9conomiquement forts, avec la <strong data-start=\"3540\" data-end=\"3557\">Conf\u00e9d\u00e9ration<\/strong>, soutiennent les Cantons plus faibles.<\/span><\/p>\n<p data-start=\"3600\" data-end=\"3836\"><span class=\"font-377884\">Le syst\u00e8me actuel, introduit avec la r\u00e9forme de 2008 et pleinement mis en \u0153uvre la m\u00eame ann\u00e9e (avec des mises \u00e0 jour p\u00e9riodiques, incluant des \u00e9l\u00e9ments de la r\u00e9forme fiscale et AVS de 2020), se compose principalement de deux piliers :<\/span><\/p>\n<p data-start=\"3838\" data-end=\"4454\"><span class=\"font-377884\"><strong data-start=\"3838\" data-end=\"3890\">P\u00e9r\u00e9quation des ressources (Ressourcenausgleich)<\/strong> : garantit \u00e0 chaque Canton une capacit\u00e9 financi\u00e8re minimale pour exercer ses comp\u00e9tences. La force financi\u00e8re est mesur\u00e9e via l\u2019<strong data-start=\"4019\" data-end=\"4044\">indice des ressources<\/strong> (calcul\u00e9 sur le potentiel fiscal, incluant le revenu imposable et le patrimoine des personnes physiques, ainsi que les b\u00e9n\u00e9fices imposables des personnes morales). La moyenne nationale est fix\u00e9e \u00e0 100 : les Cantons avec un indice &gt;100 sont contributeurs nets, ceux &lt;100 b\u00e9n\u00e9ficiaires. Apr\u00e8s transferts, les Cantons plus faibles atteignent au moins 86,5% de la moyenne nationale (<strong data-start=\"4424\" data-end=\"4450\">niveau minimum garanti<\/strong>).<\/span><\/p>\n<p data-start=\"4456\" data-end=\"4882\"><span class=\"font-377884\"><strong data-start=\"4456\" data-end=\"4502\">Compensation des charges (Lastenausgleich)<\/strong> : compense les co\u00fbts structurels sup\u00e9rieurs \u00e0 la moyenne dus \u00e0 des facteurs g\u00e9ographiques (montagnes, altitude, pente, faible densit\u00e9 de population), d\u00e9mographiques (vieillissement) ou fonctionnels (r\u00f4le de centre urbain avec services pour la r\u00e9gion environnante). Cet instrument est ind\u00e9pendant de la p\u00e9r\u00e9quation des ressources et enti\u00e8rement financ\u00e9 par la <strong data-start=\"4862\" data-end=\"4879\">Conf\u00e9d\u00e9ration<\/strong>.<\/span><\/p>\n<p data-start=\"4884\" data-end=\"5125\"><span class=\"font-377884\">En 2026, les versements totaux de p\u00e9r\u00e9quation financi\u00e8re s\u2019\u00e9l\u00e8vent \u00e0 environ <strong data-start=\"4961\" data-end=\"4988\">6,4 milliards de francs<\/strong> (en hausse d\u2019environ 227 millions par rapport \u00e0 2025), soit environ 0,8% du PIB suisse. La r\u00e9partition approximative est la suivante :<\/span><\/p>\n<ul data-start=\"5127\" data-end=\"5464\">\n<li data-start=\"5127\" data-end=\"5249\">\n<p data-start=\"5129\" data-end=\"5249\"><span class=\"font-377884\">81% de la p\u00e9r\u00e9quation des ressources (dont environ 60% financ\u00e9e par la <strong data-start=\"5200\" data-end=\"5217\">Conf\u00e9d\u00e9ration<\/strong> et 40% par les Cantons forts)<\/span><\/p>\n<\/li>\n<li data-start=\"5250\" data-end=\"5288\">\n<p data-start=\"5252\" data-end=\"5288\"><span class=\"font-377884\">14% de la compensation des charges<\/span><\/p>\n<\/li>\n<li data-start=\"5289\" data-end=\"5464\">\n<p data-start=\"5291\" data-end=\"5464\"><span class=\"font-377884\">7% de mesures temporaires ou compl\u00e9mentaires (en cours de r\u00e9duction progressive, telles que celles li\u00e9es \u00e0 la r\u00e9forme <strong data-start=\"5409\" data-end=\"5417\">STAF<\/strong> ou aux abattements programm\u00e9s jusqu\u2019en 2034)<\/span><\/p>\n<\/li>\n<\/ul>\n<p data-start=\"5466\" data-end=\"5845\"><span class=\"font-377884\">Les principaux Cantons contributeurs (ceux avec un indice des ressources bien sup\u00e9rieur \u00e0 100) sont typiquement <strong data-start=\"5578\" data-end=\"5620\">Zoug, Zurich, Gen\u00e8ve, B\u00e2le-Ville, Vaud<\/strong> et d\u2019autres Cantons \u00e9conomiquement forts ; parmi les principaux b\u00e9n\u00e9ficiaires figurent des Cantons montagneux ou ruraux tels que <strong data-start=\"5750\" data-end=\"5804\">Uri, Schwyz, Nidwald, Appenzell Rhodes-Ext\u00e9rieures<\/strong>, ainsi que d\u2019autres \u00e0 charges \u00e9lev\u00e9es.<\/span><\/p>\n<p data-start=\"5847\" data-end=\"6184\"><span class=\"font-377884\">Gr\u00e2ce \u00e0 ce m\u00e9canisme, les disparit\u00e9s de capacit\u00e9 financi\u00e8re entre Cantons sont r\u00e9duites d\u2019environ un tiers, favorisant l\u2019<strong data-start=\"5968\" data-end=\"5978\">\u00e9quit\u00e9<\/strong>, la <strong data-start=\"5983\" data-end=\"6005\">coh\u00e9sion nationale<\/strong> et la possibilit\u00e9 pour tous les Cantons de remplir efficacement leurs responsabilit\u00e9s sans recourir \u00e0 des niveaux fiscaux excessifs ou \u00e0 des r\u00e9ductions drastiques des services.<\/span><\/p>\n<h2 data-start=\"6186\" data-end=\"6256\"><span class=\"font-377884\">Reconduction de Guy Parmelin comme Pr\u00e9sident de la Conf\u00e9d\u00e9ration<\/span><\/h2>\n<p data-start=\"6258\" data-end=\"6411\"><span class=\"font-377884\">En 2026, <strong data-start=\"6267\" data-end=\"6283\">Guy Parmelin<\/strong> exercera pour la deuxi\u00e8me fois la fonction de <strong data-start=\"6330\" data-end=\"6363\">Pr\u00e9sident de la Conf\u00e9d\u00e9ration<\/strong>. Il avait d\u00e9j\u00e0 occup\u00e9 cette fonction en 2021.<\/span><\/p>\n<p data-start=\"6413\" data-end=\"6648\" data-is-last-node=\"\" data-is-only-node=\"\"><span class=\"font-377884\">Le r\u00f4le est principalement <strong data-start=\"6440\" data-end=\"6457\">repr\u00e9sentatif<\/strong>, symbole de l\u2019<strong data-start=\"6472\" data-end=\"6490\">unit\u00e9 f\u00e9d\u00e9rale<\/strong>, et sert de <strong data-start=\"6503\" data-end=\"6526\">figure de r\u00e9f\u00e9rence<\/strong> lors d\u2019\u00e9v\u00e9nements publics et politiques, sans conf\u00e9rer de pouvoirs ex\u00e9cutifs comme un chef d\u2019\u00c9tat dans d\u2019autres syst\u00e8mes.<\/span><\/p>\n<p><span class=\"font-377884\"><strong><a href=\"https:\/\/swissfederalism.ch\/fr\/nrp-federalisme\/\">NRP et f\u00e9d\u00e9ralisme : renforcement de la coh\u00e9sion entre villes et campagne<\/a><\/strong><\/span><\/p>\n<h2 data-start=\"6945\" data-end=\"6977\"><span class=\"font-377884\">Suisse et Union europ\u00e9enne<\/span><\/h2>\n<p data-start=\"6978\" data-end=\"7447\"><span class=\"font-377884\">2026 sera \u00e9galement une <strong data-start=\"7002\" data-end=\"7049\">ann\u00e9e d\u00e9cisive pour les relations avec l\u2019UE<\/strong>, avec le d\u00e9bat parlementaire sur le <strong data-start=\"7086\" data-end=\"7110\">paquet Bilat\u00e9ral III<\/strong>, qui modernise et \u00e9tend les relations bilat\u00e9rales apr\u00e8s la conclusion des n\u00e9gociations en 2024 et une consultation favorable en 2025. Le Conseil f\u00e9d\u00e9ral pr\u00e9sentera le <strong data-start=\"7278\" data-end=\"7315\">message au Parlement en mars 2026<\/strong>, suivi d\u2019un examen approfondi des deux Chambres, de la ratification et, tr\u00e8s probablement, d\u2019un <strong data-start=\"7412\" data-end=\"7444\">r\u00e9f\u00e9rendum populaire en 2027<\/strong>.<\/span><\/p>\n<p data-start=\"7449\" data-end=\"7892\"><span class=\"font-377884\">Le sujet illustre la complexit\u00e9 du syst\u00e8me suisse : les d\u00e9cisions n\u00e9cessitent un <strong data-start=\"7530\" data-end=\"7549\">large consensus<\/strong>, les cantons sont impliqu\u00e9s dans la mise en \u0153uvre, et il existe des tensions entre <strong data-start=\"7633\" data-end=\"7657\">ouverture \u00e9conomique<\/strong> (l\u2019UE comme principal partenaire) et <strong data-start=\"7695\" data-end=\"7728\">protection de la souverainet\u00e9<\/strong>, avec une forte opposition de l\u2019UDC et d\u2019une partie de la population concernant la libre circulation, le dumping social et le r\u00f4le de la Cour de justice de l\u2019UE.<\/span><\/p>\n<p data-start=\"7894\" data-end=\"8493\"><span class=\"font-377884\">L\u2019opposition \u00e0 l\u2019UE et \u00e0 la libre circulation augmente, en raison de la <strong data-start=\"7966\" data-end=\"8039\">pression sur le march\u00e9 du travail, le logement et les infrastructures<\/strong>, ainsi que de la crise \u00e9conomique dans les pays voisins (surtout Allemagne et France), qui pousse davantage de citoyens \u00e0 s\u2019installer en Suisse. En tant que petit pays montagneux, la Suisse <strong data-start=\"8230\" data-end=\"8280\">ne peut pas supporter une population excessive<\/strong>, compte tenu des <strong data-start=\"8298\" data-end=\"8353\">espaces de vie et des ressources naturelles limit\u00e9s<\/strong>. Dans ce contexte, une <strong data-start=\"8377\" data-end=\"8418\">initiative \u00ab Suisse des 10 millions \u00bb<\/strong> a \u00e9t\u00e9 lanc\u00e9e pour emp\u00eacher une croissance d\u00e9mographique jug\u00e9e ing\u00e9rable.<\/span><\/p>\n<p><span class=\"font-377884\">Source: swissinfo.ch<\/span><\/p>\n<p dir=\"auto\">\n<p><a href=\"https:\/\/k16trade.ch\/raw-coffee\/\"><img decoding=\"async\" class=\"wp-image-230949 size-medium aligncenter\" src=\"https:\/\/swissfederalism.ch\/wp-content\/uploads\/2020\/11\/FullLogo_Transparent_NoBuffer-300x145.png\" alt=\"K16 TRADE &amp; CONSULTING SWITZERLAND\" width=\"300\" height=\"145\" srcset=\"https:\/\/swissfederalism.ch\/wp-content\/uploads\/2020\/11\/FullLogo_Transparent_NoBuffer-300x145.png 300w, https:\/\/swissfederalism.ch\/wp-content\/uploads\/2020\/11\/FullLogo_Transparent_NoBuffer-1024x495.png 1024w, https:\/\/swissfederalism.ch\/wp-content\/uploads\/2020\/11\/FullLogo_Transparent_NoBuffer-768x371.png 768w, https:\/\/swissfederalism.ch\/wp-content\/uploads\/2020\/11\/FullLogo_Transparent_NoBuffer-350x169.png 350w, https:\/\/swissfederalism.ch\/wp-content\/uploads\/2020\/11\/FullLogo_Transparent_NoBuffer.png 1280w\" sizes=\"(max-width: 300px) 100vw, 300px\" \/><\/a><\/p>\n","protected":false},"excerpt":{"rendered":"<p>2026 s\u2019annonce comme une ann\u00e9e cruciale pour la Suisse, avec certaines des dynamiques les plus importantes du f\u00e9d\u00e9ralisme, telles que la d\u00e9mocratie directe, la r\u00e9partition du pouvoir entre la Conf\u00e9d\u00e9ration et les cantons, et la prise de d\u00e9cisions politiques collectives, qui occuperont une place centrale au niveau national.<\/p>\n","protected":false},"author":9,"featured_media":236338,"comment_status":"open","ping_status":"closed","sticky":false,"template":"","format":"standard","meta":{"footnotes":""},"categories":[310,308,986,209,306,294,2325],"tags":[393,418,497,1177,1049,397,402,564,888,923],"class_list":["post-236354","post","type-post","status-publish","format-standard","has-post-thumbnail","hentry","category-economie","category-faits-marquants","category-finance-fr","category-les-magazines","category-politique","category-suisse","category-tourisme","tag-avenir","tag-berne","tag-cantons","tag-democratie","tag-diplomatie","tag-federalisme","tag-finances","tag-sport-fr","tag-suisse","tag-vote"],"_links":{"self":[{"href":"https:\/\/swissfederalism.ch\/fr\/wp-json\/wp\/v2\/posts\/236354","targetHints":{"allow":["GET"]}}],"collection":[{"href":"https:\/\/swissfederalism.ch\/fr\/wp-json\/wp\/v2\/posts"}],"about":[{"href":"https:\/\/swissfederalism.ch\/fr\/wp-json\/wp\/v2\/types\/post"}],"author":[{"embeddable":true,"href":"https:\/\/swissfederalism.ch\/fr\/wp-json\/wp\/v2\/users\/9"}],"replies":[{"embeddable":true,"href":"https:\/\/swissfederalism.ch\/fr\/wp-json\/wp\/v2\/comments?post=236354"}],"version-history":[{"count":4,"href":"https:\/\/swissfederalism.ch\/fr\/wp-json\/wp\/v2\/posts\/236354\/revisions"}],"predecessor-version":[{"id":236355,"href":"https:\/\/swissfederalism.ch\/fr\/wp-json\/wp\/v2\/posts\/236354\/revisions\/236355"}],"wp:featuredmedia":[{"embeddable":true,"href":"https:\/\/swissfederalism.ch\/fr\/wp-json\/wp\/v2\/media\/236338"}],"wp:attachment":[{"href":"https:\/\/swissfederalism.ch\/fr\/wp-json\/wp\/v2\/media?parent=236354"}],"wp:term":[{"taxonomy":"category","embeddable":true,"href":"https:\/\/swissfederalism.ch\/fr\/wp-json\/wp\/v2\/categories?post=236354"},{"taxonomy":"post_tag","embeddable":true,"href":"https:\/\/swissfederalism.ch\/fr\/wp-json\/wp\/v2\/tags?post=236354"}],"curies":[{"name":"wp","href":"https:\/\/api.w.org\/{rel}","templated":true}]}}