{"id":235809,"date":"2025-08-22T08:58:38","date_gmt":"2025-08-22T08:58:38","guid":{"rendered":"https:\/\/swissfederalism.ch\/esaf-2025-glarus\/"},"modified":"2025-08-22T09:24:50","modified_gmt":"2025-08-22T09:24:50","slug":"esaf-2025-glarus","status":"publish","type":"post","link":"https:\/\/swissfederalism.ch\/fr\/esaf-2025-glarus\/","title":{"rendered":"ESAF 2025 Glarnerland"},"content":{"rendered":"<h1 dir=\"ltr\" data-pm-slice=\"1 1 []\"><span class=\"font-762333\">ESAF 2025 Glarnerland<\/span><\/h1>\n<h3 dir=\"ltr\"><span class=\"font-762333\"><em>Le plus grand festival de lutte suisse et de culture alpine de Suisse aura lieu \u00e0 Mollis du 29 au 31 ao\u00fbt 2025.<\/em><\/span><\/h3>\n<figure id=\"attachment_235791\" aria-describedby=\"caption-attachment-235791\" style=\"width: 840px\" class=\"wp-caption aligncenter\"><img decoding=\"async\" class=\"wp-image-235791 size-large\" src=\"https:\/\/swissfederalism.ch\/wp-content\/uploads\/2025\/08\/ESAF-2025-Linthmeile-Holzmuni-MAX-Image-by-ESAF-2025-GlarnerlandMAYA-RHYNER-1024x683.jpg\" alt=\"ESAF 2025 Linthmeile Holzmuni MAX Image by ESAF 2025 Glarnerland+MAYA RHYNER\" width=\"840\" height=\"560\" srcset=\"https:\/\/swissfederalism.ch\/wp-content\/uploads\/2025\/08\/ESAF-2025-Linthmeile-Holzmuni-MAX-Image-by-ESAF-2025-GlarnerlandMAYA-RHYNER-1024x683.jpg 1024w, https:\/\/swissfederalism.ch\/wp-content\/uploads\/2025\/08\/ESAF-2025-Linthmeile-Holzmuni-MAX-Image-by-ESAF-2025-GlarnerlandMAYA-RHYNER-300x200.jpg 300w, https:\/\/swissfederalism.ch\/wp-content\/uploads\/2025\/08\/ESAF-2025-Linthmeile-Holzmuni-MAX-Image-by-ESAF-2025-GlarnerlandMAYA-RHYNER-768x512.jpg 768w, https:\/\/swissfederalism.ch\/wp-content\/uploads\/2025\/08\/ESAF-2025-Linthmeile-Holzmuni-MAX-Image-by-ESAF-2025-GlarnerlandMAYA-RHYNER-1536x1024.jpg 1536w, https:\/\/swissfederalism.ch\/wp-content\/uploads\/2025\/08\/ESAF-2025-Linthmeile-Holzmuni-MAX-Image-by-ESAF-2025-GlarnerlandMAYA-RHYNER-2048x1365.jpg 2048w, https:\/\/swissfederalism.ch\/wp-content\/uploads\/2025\/08\/ESAF-2025-Linthmeile-Holzmuni-MAX-Image-by-ESAF-2025-GlarnerlandMAYA-RHYNER-350x233.jpg 350w, https:\/\/swissfederalism.ch\/wp-content\/uploads\/2025\/08\/ESAF-2025-Linthmeile-Holzmuni-MAX-Image-by-ESAF-2025-GlarnerlandMAYA-RHYNER-scaled.jpg 2560w\" sizes=\"(max-width: 840px) 100vw, 840px\" \/><figcaption id=\"caption-attachment-235791\" class=\"wp-caption-text\"><\/span> <span class=\"font-762333\">ESAF 2025 Linthmeile Holzmuni MAX Image by ESAF 2025 Glarnerland+MAYA RHYNER<\/span><\/figcaption><\/figure>\n<p dir=\"ltr\" data-pm-slice=\"1 1 []\"><span class=\"font-762333\">Le <strong>Festival f\u00e9d\u00e9ral de lutte suisse et des traditions alpestres (ESAF)<\/strong> 2025, \u00e9galement connu sous le nom d\u2019<strong>ESAF Glarnerland+<\/strong>, se tiendra du <strong>29 au 31 ao\u00fbt 2025<\/strong> sur l\u2019a\u00e9rodrome de Mollis, dans le canton de Glaris, en Suisse. Cet \u00e9v\u00e9nement, organis\u00e9 tous les trois ans, est le <strong>plus grand festival sportif et culturel<\/strong> de Suisse, attirant environ <strong>350 000 visiteurs<\/strong> pour c\u00e9l\u00e9brer le sport traditionnel du <strong>Schwingen<\/strong>, ainsi que d\u2019autres disciplines alpines comme le lancer de pierre (<strong>Steinstossen<\/strong>) et les traditions folkloriques suisses. Pour la premi\u00e8re fois en 125 ans d\u2019histoire, l\u2019ESAF se d\u00e9roulera dans le Glarnerland, transformant le petit village de Mollis, avec seulement 3 000 habitants, en un centre vibrant de la culture suisse.<\/span><\/p>\n<h3 dir=\"ltr\"><span class=\"font-762333\">Qu\u2019est-ce que le Schwingen ?<\/span><\/h3>\n<p dir=\"ltr\"><span class=\"font-762333\">Le <strong>Schwingen<\/strong>, souvent appel\u00e9 la \u00ab lutte suisse \u00bb, est un sport traditionnel qui incarne les valeurs de force, de technique et de respect. Deux athl\u00e8tes, appel\u00e9s <strong>Schwinger<\/strong>, s\u2019affrontent dans un cercle recouvert de sciure, portant des <strong>Schwinghosen<\/strong>, pantalons robustes en lin (fabriqu\u00e9s localement dans le canton de Berne et cousus dans le Glarnerland). L\u2019objectif est de soulever l\u2019adversaire du sol et de le faire tomber sur le dos, en utilisant des prises sp\u00e9cifiques comme le <strong>L\u00e4tz<\/strong>, le <strong>Buur<\/strong> et le <strong>Schlungg<\/strong>. Chaque rencontre, ou <strong>Gang<\/strong>, dure quelques minutes, et les meilleurs athl\u00e8tes concourent pour le titre de <strong>Schwingerk\u00f6nig<\/strong> (Roi du Schwingen), le vainqueur recevant un taureau vivant, appel\u00e9 <strong>Siegermuni<\/strong>, comme prix principal.<\/span><\/p>\n<p dir=\"ltr\"><span class=\"font-762333\">Le Schwingen n\u2019est pas seulement un sport, mais un symbole de la culture rurale suisse, r\u00e9unissant agriculteurs, banquiers et jeunes dans une comp\u00e9tition qui c\u00e9l\u00e8bre la tradition et la communaut\u00e9. Lors de l\u2019<strong>ESAF 2025<\/strong>, <strong>270 Schwinger<\/strong> et <strong>100 lanceurs de pierre<\/strong> s\u2019affronteront dans une ar\u00e8ne temporaire spectaculaire de <strong>56 500 places<\/strong>, la plus grande de son genre au monde.<\/span><\/p>\n<h3 dir=\"ltr\"><span class=\"font-762333\">L\u2019\u00e9v\u00e9nement ESAF 2025 : plus qu\u2019un festival sportif<\/span><\/h3>\n<p dir=\"ltr\"><span class=\"font-762333\">L\u2019ESAF n\u2019est pas seulement un \u00e9v\u00e9nement sportif, mais un v\u00e9ritable festival populaire qui combine comp\u00e9titions, musique traditionnelle, gastronomie et culture alpine. \u00c0 Mollis, l\u2019ar\u00e8ne de <strong>49 000 m\u00b2<\/strong> accueillera <strong>sept cercles de sciure<\/strong> pour les comp\u00e9titions de Schwingen, ainsi que des espaces pour le lancer de pierre, des performances de cors des Alpes et de la musique folklorique. Les visiteurs pourront d\u00e9guster des sp\u00e9cialit\u00e9s r\u00e9gionales, telles que <strong>270 000 litres de bi\u00e8re<\/strong> et <strong>450 000 saucisses<\/strong>, dans une atmosph\u00e8re festive au c\u0153ur du magnifique paysage montagneux du Glarnerland.<\/span><\/p>\n<p dir=\"ltr\"><span class=\"font-762333\">Le programme de l\u2019<strong>ESAF 2025<\/strong> inclut \u00e9galement le <strong>Gabentempel<\/strong>, une exposition de prix comprenant le c\u00e9l\u00e8bre <strong>Siegermuni<\/strong>, nomm\u00e9 <strong>ZIBU<\/strong> pour l\u2019\u00e9dition 2025, ainsi que d\u2019autres animaux vivants comme r\u00e9compenses pour les vainqueurs. De plus, le festival proposera un riche programme culturel avec des concerts, des danses traditionnelles et une zone de camping pour les visiteurs. Une immense sculpture en bois, le <strong>Muni Max<\/strong>, haute de <strong>20 m\u00e8tres<\/strong> et construite par plus de <strong>500 apprenants<\/strong>, est d\u00e9j\u00e0 devenue un symbole de l\u2019\u00e9v\u00e9nement, attirant l\u2019attention des m\u00e9dias et des habitants.<\/span><\/p>\n<figure id=\"attachment_235795\" aria-describedby=\"caption-attachment-235795\" style=\"width: 1024px\" class=\"wp-caption aligncenter\"><img decoding=\"async\" class=\"wp-image-235795 size-full\" src=\"https:\/\/swissfederalism.ch\/wp-content\/uploads\/2025\/08\/Rigi-Schwinget-2025-Image-by-Quejaytee-CC-BY-SA-4.0-via-Wikimedia-Commons.jpg\" alt=\"Image from the Rigi Schwinget 2025 Image by Quejaytee, CC BY-SA 4.0, via Wikimedia Commons\" width=\"1024\" height=\"683\" srcset=\"https:\/\/swissfederalism.ch\/wp-content\/uploads\/2025\/08\/Rigi-Schwinget-2025-Image-by-Quejaytee-CC-BY-SA-4.0-via-Wikimedia-Commons.jpg 1024w, https:\/\/swissfederalism.ch\/wp-content\/uploads\/2025\/08\/Rigi-Schwinget-2025-Image-by-Quejaytee-CC-BY-SA-4.0-via-Wikimedia-Commons-300x200.jpg 300w, https:\/\/swissfederalism.ch\/wp-content\/uploads\/2025\/08\/Rigi-Schwinget-2025-Image-by-Quejaytee-CC-BY-SA-4.0-via-Wikimedia-Commons-768x512.jpg 768w, https:\/\/swissfederalism.ch\/wp-content\/uploads\/2025\/08\/Rigi-Schwinget-2025-Image-by-Quejaytee-CC-BY-SA-4.0-via-Wikimedia-Commons-350x233.jpg 350w\" sizes=\"(max-width: 1024px) 100vw, 1024px\" \/><figcaption id=\"caption-attachment-235795\" class=\"wp-caption-text\"><\/span> <span class=\"font-762333\">Image from the Rigi Schwinget 2025 Image by Quejaytee, CC BY-SA 4.0, via Wikimedia Commons<\/span><\/figcaption><\/figure>\n<h3 dir=\"ltr\" data-pm-slice=\"1 1 []\"><span class=\"font-762333\">Importance culturelle et \u00e9conomique<\/span><\/h3>\n<p dir=\"ltr\"><span class=\"font-762333\">L\u2019<strong>ESAF 2025<\/strong> repr\u00e9sente une opportunit\u00e9 unique pour le <strong>canton de Glaris<\/strong>, connu pour son faible nombre de nuit\u00e9es touristiques, de gagner en visibilit\u00e9 et en b\u00e9n\u00e9fices \u00e9conomiques. Avec un budget de <strong>35 \u00e0 40 millions de francs suisses<\/strong>, l\u2019\u00e9v\u00e9nement n\u00e9cessite une organisation colossale, impliquant <strong>8 400 b\u00e9n\u00e9voles<\/strong> et une flotte de v\u00e9hicules fournie par des partenaires comme Suzuki. Les infrastructures, telles que les agrandissements temporaires de la gare de <strong>N\u00e4fels-Mollis<\/strong> et la r\u00e9activation exceptionnelle de la gare de <strong>Weesen<\/strong>, ferm\u00e9e depuis 2013 et remise en service sp\u00e9cialement pour l\u2019occasion, ainsi que les mesures de gestion du trafic comme le <strong>GlarnerlandPass<\/strong> pour les transports publics gratuits, ont \u00e9t\u00e9 planifi\u00e9es pour g\u00e9rer l\u2019afflux d\u2019environ <strong>150 000 visiteurs quotidiens<\/strong> dans un canton de seulement 40 000 habitants.<\/span><\/p>\n<p dir=\"ltr\"><span class=\"font-762333\">Malgr\u00e9 les d\u00e9fis logistiques et les co\u00fbts croissants, qui ont entra\u00een\u00e9 une augmentation des prix des billets (un billet de deux jours pour une place couverte co\u00fbte <strong>290 francs<\/strong>), l\u2019enthousiasme pour l\u2019ESAF reste \u00e9lev\u00e9.<\/span><\/p>\n<h3 dir=\"ltr\"><span class=\"font-762333\">Tradition et modernit\u00e9<\/span><\/h3>\n<p dir=\"ltr\"><span class=\"font-762333\">L\u2019<strong>ESAF 2025 Glarnerland+<\/strong> n\u2019est pas seulement une occasion de c\u00e9l\u00e9brer les traditions suisses, mais aussi de se tourner vers l\u2019avenir. La <strong>durabilit\u00e9<\/strong> est un th\u00e8me central, avec l\u2019utilisation de mat\u00e9riaux locaux pour les <strong>Schwinghosen<\/strong> et des initiatives visant \u00e0 r\u00e9duire l\u2019impact environnemental, comme la protection du sol pour les zones de stationnement et de camping.<\/span><\/p>\n<h3 dir=\"ltr\"><span class=\"font-762333\">Conclusion<\/span><\/h3>\n<p dir=\"ltr\"><span class=\"font-762333\">L\u2019<strong>ESAF 2025 Glarnerland+<\/strong> sera bien plus qu\u2019un \u00e9v\u00e9nement sportif : ce sera une c\u00e9l\u00e9bration de la culture suisse, un moment d\u2019union pour la communaut\u00e9 et une opportunit\u00e9 pour le <strong>canton de Glaris<\/strong> de briller sur la sc\u00e8ne nationale. Avec son m\u00e9lange de comp\u00e9tition, de tradition et de festivit\u00e9s, l\u2019ESAF promet d\u2019\u00eatre une exp\u00e9rience inoubliable pour tous les participants, qui pourront vivre de pr\u00e8s l\u2019\u00e9motion du <strong>Schwingen<\/strong> et l\u2019atmosph\u00e8re unique d\u2019un festival alpin. Pour plus d\u2019informations, visitez le site officiel <strong><a href=\"http:\/\/www.esaf2025.ch\">esaf2025.ch<\/a>.<\/strong><\/span><\/p>\n<p><a href=\"https:\/\/k16trade.ch\/seqex-en\/\"><img decoding=\"async\" class=\"aligncenter wp-image-230949 size-medium\" src=\"https:\/\/swissfederalism.ch\/wp-content\/uploads\/2020\/11\/FullLogo_Transparent_NoBuffer-300x145.png\" alt=\"K16 TRADE &amp; CONSULTING SWITZERLAND\" width=\"300\" height=\"145\" srcset=\"https:\/\/swissfederalism.ch\/wp-content\/uploads\/2020\/11\/FullLogo_Transparent_NoBuffer-300x145.png 300w, https:\/\/swissfederalism.ch\/wp-content\/uploads\/2020\/11\/FullLogo_Transparent_NoBuffer-1024x495.png 1024w, https:\/\/swissfederalism.ch\/wp-content\/uploads\/2020\/11\/FullLogo_Transparent_NoBuffer-768x371.png 768w, https:\/\/swissfederalism.ch\/wp-content\/uploads\/2020\/11\/FullLogo_Transparent_NoBuffer-350x169.png 350w, https:\/\/swissfederalism.ch\/wp-content\/uploads\/2020\/11\/FullLogo_Transparent_NoBuffer.png 1280w\" sizes=\"(max-width: 300px) 100vw, 300px\" \/><\/a><\/p>\n","protected":false},"excerpt":{"rendered":"<p>L&rsquo;ESAF 2025 Glarnerland, qui se tiendra \u00e0 Mollis du 29 au 31 ao\u00fbt, sera le plus grand festival de lutte suisse et de culture alpine, avec 270 lutteurs, de la musique traditionnelle et des sp\u00e9cialit\u00e9s locales pour c\u00e9l\u00e9brer et vivre l&rsquo;ambiance d&rsquo;un festival alpin inoubliable.<\/p>\n","protected":false},"author":9,"featured_media":235797,"comment_status":"open","ping_status":"closed","sticky":false,"template":"","format":"standard","meta":{"footnotes":""},"categories":[368,312,318,308,209,294,2325,1346],"tags":[541,423,2615,2234,515,394,888,1478],"class_list":["post-235809","post","type-post","status-publish","format-standard","has-post-thumbnail","hentry","category-canton-de-glaris","category-culture-fr","category-evenements","category-faits-marquants","category-les-magazines","category-suisse","category-tourisme","category-curiosites","tag-culture-fr","tag-durabilite","tag-esaf-fr","tag-evenement","tag-glaris","tag-opportunites","tag-suisse","tag-traditions"],"_links":{"self":[{"href":"https:\/\/swissfederalism.ch\/fr\/wp-json\/wp\/v2\/posts\/235809","targetHints":{"allow":["GET"]}}],"collection":[{"href":"https:\/\/swissfederalism.ch\/fr\/wp-json\/wp\/v2\/posts"}],"about":[{"href":"https:\/\/swissfederalism.ch\/fr\/wp-json\/wp\/v2\/types\/post"}],"author":[{"embeddable":true,"href":"https:\/\/swissfederalism.ch\/fr\/wp-json\/wp\/v2\/users\/9"}],"replies":[{"embeddable":true,"href":"https:\/\/swissfederalism.ch\/fr\/wp-json\/wp\/v2\/comments?post=235809"}],"version-history":[{"count":2,"href":"https:\/\/swissfederalism.ch\/fr\/wp-json\/wp\/v2\/posts\/235809\/revisions"}],"predecessor-version":[{"id":235811,"href":"https:\/\/swissfederalism.ch\/fr\/wp-json\/wp\/v2\/posts\/235809\/revisions\/235811"}],"wp:featuredmedia":[{"embeddable":true,"href":"https:\/\/swissfederalism.ch\/fr\/wp-json\/wp\/v2\/media\/235797"}],"wp:attachment":[{"href":"https:\/\/swissfederalism.ch\/fr\/wp-json\/wp\/v2\/media?parent=235809"}],"wp:term":[{"taxonomy":"category","embeddable":true,"href":"https:\/\/swissfederalism.ch\/fr\/wp-json\/wp\/v2\/categories?post=235809"},{"taxonomy":"post_tag","embeddable":true,"href":"https:\/\/swissfederalism.ch\/fr\/wp-json\/wp\/v2\/tags?post=235809"}],"curies":[{"name":"wp","href":"https:\/\/api.w.org\/{rel}","templated":true}]}}