{"id":235762,"date":"2025-08-15T08:25:48","date_gmt":"2025-08-15T08:25:48","guid":{"rendered":"https:\/\/swissfederalism.ch\/15-agosto-culmine-estate\/"},"modified":"2025-08-15T09:09:44","modified_gmt":"2025-08-15T09:09:44","slug":"15-aout-culmen-ete","status":"publish","type":"post","link":"https:\/\/swissfederalism.ch\/fr\/15-aout-culmen-ete\/","title":{"rendered":"15 ao\u00fbt, le culmen de l&rsquo;\u00e9t\u00e9"},"content":{"rendered":"<h1 dir=\"ltr\" data-pm-slice=\"1 1 []\"><span class=\"font-377884\">15 ao\u00fbt, le culmen de l&rsquo;\u00e9t\u00e9<\/span><\/h1>\n<h3 dir=\"ltr\" data-pm-slice=\"1 1 []\"><span class=\"font-377884\"><em>Le 15 ao\u00fbt r\u00e9unit les traditions religieuses et civiles \u00e0 travers le monde, c\u00e9l\u00e9br\u00e9es sous des noms et des significations diff\u00e9rents, mais unies par la r\u00e9flexion, la communaut\u00e9 et l&rsquo;identit\u00e9. En Italie, Ferragosto est le c\u0153ur de l&rsquo;\u00e9t\u00e9, m\u00ealant racines romaines et foi catholique. Ailleurs, c&rsquo;est l&rsquo;Assomption, la Dormition ou une f\u00eate nationale, refl\u00e9tant une riche diversit\u00e9 culturelle.<\/em><\/span><\/h3>\n<figure id=\"attachment_235742\" aria-describedby=\"caption-attachment-235742\" style=\"width: 840px\" class=\"wp-caption aligncenter\"><img decoding=\"async\" class=\"wp-image-235742 size-large\" src=\"https:\/\/swissfederalism.ch\/wp-content\/uploads\/2025\/08\/Sunset-in-Karpathos-Image-by-Chris-Sche-Bo-scaled-e1755248343611.jpg\" alt=\"Sunset in Karpathos - Image by Chris Sche-Bo\" width=\"840\" height=\"491\" srcset=\"https:\/\/swissfederalism.ch\/wp-content\/uploads\/2025\/08\/Sunset-in-Karpathos-Image-by-Chris-Sche-Bo-scaled-e1755248343611.jpg 2560w, https:\/\/swissfederalism.ch\/wp-content\/uploads\/2025\/08\/Sunset-in-Karpathos-Image-by-Chris-Sche-Bo-scaled-e1755248343611-300x176.jpg 300w, https:\/\/swissfederalism.ch\/wp-content\/uploads\/2025\/08\/Sunset-in-Karpathos-Image-by-Chris-Sche-Bo-scaled-e1755248343611-1024x599.jpg 1024w, https:\/\/swissfederalism.ch\/wp-content\/uploads\/2025\/08\/Sunset-in-Karpathos-Image-by-Chris-Sche-Bo-scaled-e1755248343611-768x449.jpg 768w, https:\/\/swissfederalism.ch\/wp-content\/uploads\/2025\/08\/Sunset-in-Karpathos-Image-by-Chris-Sche-Bo-scaled-e1755248343611-1536x899.jpg 1536w, https:\/\/swissfederalism.ch\/wp-content\/uploads\/2025\/08\/Sunset-in-Karpathos-Image-by-Chris-Sche-Bo-scaled-e1755248343611-2048x1198.jpg 2048w, https:\/\/swissfederalism.ch\/wp-content\/uploads\/2025\/08\/Sunset-in-Karpathos-Image-by-Chris-Sche-Bo-scaled-e1755248343611-350x205.jpg 350w\" sizes=\"(max-width: 840px) 100vw, 840px\" \/><figcaption id=\"caption-attachment-235742\" class=\"wp-caption-text\"><span class=\"font-377884\">Sunset in Karpathos &#8211; Image by Chris Sche-Bo<\/span><\/figcaption><\/figure>\n<p><span class=\"font-377884\">La c\u00e9l\u00e9bration du 15 ao\u00fbt a des origines anciennes et a \u00e9volu\u00e9 diff\u00e9remment selon les pays, m\u00ealant traditions pa\u00efennes, chr\u00e9tiennes et historiques.<\/span><\/p>\n<h2><span class=\"font-377884\">Italie : les Feriae Augusti<\/span><\/h2>\n<p><span class=\"font-377884\">En Italie, le terme Ferragosto vient du latin Feriae Augusti (\u00ab repos d&rsquo;Auguste \u00bb), institu\u00e9 par l&#8217;empereur Auguste en 18 avant J.-C. pour c\u00e9l\u00e9brer la fin des travaux agricoles estivaux. C&rsquo;\u00e9tait une p\u00e9riode de festivit\u00e9s avec des banquets, des courses de chevaux et des hommages \u00e0 des divinit\u00e9s telles que Conso, li\u00e9e \u00e0 la fertilit\u00e9. Avec le christianisme, la f\u00eate pa\u00efenne s&rsquo;est superpos\u00e9e \u00e0 l&rsquo;Assomption de Marie, dogme catholique proclam\u00e9 par le pape Pie XII en 1950, qui comm\u00e9more l&rsquo;ascension au ciel de la Vierge, corps et \u00e2me. Cette fusion a fait de Ferragosto un symbole de l&rsquo;\u00e9t\u00e9 et de la foi, c\u00e9l\u00e9br\u00e9 par des f\u00eates, des processions et des d\u00e9jeuners estivaux.<\/span><\/p>\n<h2><span class=\"font-377884\">Origines chr\u00e9tiennes : Assomption et Dormition<\/span><\/h2>\n<p><span class=\"font-377884\">La f\u00eate religieuse du 15 ao\u00fbt trouve ses racines dans le christianisme primitif. La croyance en l&rsquo;Assomption de Marie, c&rsquo;est-\u00e0-dire son ascension au ciel sans mort physique, s&rsquo;est r\u00e9pandue au VIIe si\u00e8cle dans l&rsquo;Orient chr\u00e9tien et a \u00e9t\u00e9 officialis\u00e9e comme f\u00eate dans l&rsquo;Empire byzantin. L&rsquo;\u00c9glise catholique l&rsquo;a officiellement adopt\u00e9e et, en 1950, le pape Pie XII en a fait un dogme. Dans les pays catholiques, comme l&rsquo;Espagne (Asunci\u00f3n de la Virgen), la France (L&rsquo;Assomption) et le Portugal (Assun\u00e7\u00e3o de Nossa Senhora), le 15 ao\u00fbt est un jour f\u00e9ri\u00e9 avec des messes et des processions.<\/span><\/p>\n<p><span class=\"font-377884\">Dans les \u00c9glises orthodoxes et arm\u00e9niennes, cette f\u00eate est appel\u00e9e la Dormition de la Th\u00e9otokos (Koimesis en grec) et c\u00e9l\u00e8bre le \u00ab sommeil \u00e9ternel \u00bb de Marie avant sa glorification. Cette tradition, n\u00e9e dans l&rsquo;Orient chr\u00e9tien vers le Ve si\u00e8cle, s&rsquo;accompagne d&rsquo;un je\u00fbne de 14 jours dans des pays comme la Gr\u00e8ce, la Roumanie et la Russie. L&rsquo;\u00c9glise apostolique arm\u00e9nienne suit une tradition similaire, avec des liturgies solennelles.<\/span><\/p>\n<p><span class=\"font-377884\">Les \u00c9glises protestantes, se basant uniquement sur les \u00c9critures, ne reconnaissent pas l&rsquo;Assomption, mais certaines communaut\u00e9s anglicanes et luth\u00e9riennes c\u00e9l\u00e8brent le 15 ao\u00fbt comme une comm\u00e9moration mariale, avec des hymnes et des lectures d\u00e9di\u00e9es \u00e0 Marie.<\/span><\/p>\n<h2><span class=\"font-377884\">F\u00eates nationales<\/span><\/h2>\n<p><span class=\"font-377884\">Dans certains pays, le 15 ao\u00fbt est li\u00e9 \u00e0 des \u00e9v\u00e9nements historiques :<\/span><\/p>\n<ul>\n<li><span class=\"font-377884\"><strong>Inde<\/strong> : L&rsquo;Independence Day comm\u00e9more l&rsquo;ind\u00e9pendance du Royaume-Uni en 1947, avec des d\u00e9fil\u00e9s et des discours officiels, n\u00e9e du mouvement de lib\u00e9ration men\u00e9 par des figures telles que Gandhi.<\/span><\/li>\n<li><span class=\"font-377884\"><strong>Cor\u00e9e du Sud<\/strong> : Le Gwangbokjeol (\u00ab Jour de la restauration de la lumi\u00e8re \u00bb) c\u00e9l\u00e8bre la lib\u00e9ration de la domination japonaise en 1945, \u00e0 la fin de la Seconde Guerre mondiale.<\/span><\/li>\n<li><span class=\"font-377884\"><strong>R\u00e9publique du Congo<\/strong> : La f\u00eate nationale marque l&rsquo;ind\u00e9pendance vis-\u00e0-vis de la France en 1960.<\/span><\/li>\n<li><span class=\"font-377884\"><strong>Pologne<\/strong> : Le \u015awi\u0119to Wojska Polskiego (Jour des forces arm\u00e9es) comm\u00e9more la victoire lors de la bataille de Varsovie en 1920, qui co\u00efncide avec l&rsquo;Assomption.<\/span><\/li>\n<li><span class=\"font-377884\"><strong>Liechtenstein<\/strong> : Le Staatsfeiertag associe l&rsquo;Assomption \u00e0 la comm\u00e9moration du prince Franz Joseph II, officiellement instaur\u00e9e en 1940 pour c\u00e9l\u00e9brer son anniversaire et la tradition catholique du pays.<\/span><\/li>\n<li dir=\"auto\"><span class=\"font-377884\"><strong>Malte<\/strong> : le 15 ao\u00fbt est c\u00e9l\u00e9br\u00e9 comme la f\u00eate de Sainte Marie, un jour f\u00e9ri\u00e9 national qui honore l&rsquo;Assomption de la Vierge Marie avec des messes solennelles, des processions et des feux d&rsquo;artifice dans des localit\u00e9s telles que Mosta, Mqabba et Victoria (Gozo). Cette f\u00eate, ancr\u00e9e dans la foi catholique, est enrichie par le souvenir du Saint Marija Convoy de 1942, un \u00e9v\u00e9nement patriotique de la Seconde Guerre mondiale. D\u00e9corations, fanfares et plats traditionnels tels que l&rsquo;imqaret animent l&rsquo;\u00eele, faisant de cette journ\u00e9e un moment fort de d\u00e9votion et de convivialit\u00e9 estivale.<\/span><\/li>\n<\/ul>\n<p><span class=\"font-377884\"><strong><a href=\"https:\/\/swissfederalism.ch\/fr\/liechtenstein-fete-nationale\/\">Le Liechtenstein c\u00e9l\u00e8bre sa f\u00eate nationale<\/a><\/strong><\/span><\/p>\n<figure id=\"attachment_235746\" aria-describedby=\"caption-attachment-235746\" style=\"width: 840px\" class=\"wp-caption aligncenter\"><img decoding=\"async\" class=\"wp-image-235746 size-large\" src=\"https:\/\/swissfederalism.ch\/wp-content\/uploads\/2025\/08\/Fireworks-in-Vaduz-Liechtenstein-during-the-National-Day-Image-by-Chris-Sche-Bo-scaled-e1755245859289.jpg\" alt=\"Fireworks in Vaduz, Liechtenstein, during the National Day Image by Chris Sche-Bo\" width=\"840\" height=\"898\" srcset=\"https:\/\/swissfederalism.ch\/wp-content\/uploads\/2025\/08\/Fireworks-in-Vaduz-Liechtenstein-during-the-National-Day-Image-by-Chris-Sche-Bo-scaled-e1755245859289.jpg 1916w, https:\/\/swissfederalism.ch\/wp-content\/uploads\/2025\/08\/Fireworks-in-Vaduz-Liechtenstein-during-the-National-Day-Image-by-Chris-Sche-Bo-scaled-e1755245859289-281x300.jpg 281w, https:\/\/swissfederalism.ch\/wp-content\/uploads\/2025\/08\/Fireworks-in-Vaduz-Liechtenstein-during-the-National-Day-Image-by-Chris-Sche-Bo-scaled-e1755245859289-958x1024.jpg 958w, https:\/\/swissfederalism.ch\/wp-content\/uploads\/2025\/08\/Fireworks-in-Vaduz-Liechtenstein-during-the-National-Day-Image-by-Chris-Sche-Bo-scaled-e1755245859289-768x821.jpg 768w, https:\/\/swissfederalism.ch\/wp-content\/uploads\/2025\/08\/Fireworks-in-Vaduz-Liechtenstein-during-the-National-Day-Image-by-Chris-Sche-Bo-scaled-e1755245859289-1437x1536.jpg 1437w, https:\/\/swissfederalism.ch\/wp-content\/uploads\/2025\/08\/Fireworks-in-Vaduz-Liechtenstein-during-the-National-Day-Image-by-Chris-Sche-Bo-scaled-e1755245859289-350x374.jpg 350w\" sizes=\"(max-width: 840px) 100vw, 840px\" \/><figcaption id=\"caption-attachment-235746\" class=\"wp-caption-text\"><span class=\"font-377884\">Fireworks in Vaduz, Liechtenstein, during the National Day Image by Chris Sche-Bo<\/span><\/figcaption><\/figure>\n<h2><span class=\"font-377884\">Le 15 ao\u00fbt en Suisse : une mosa\u00efque f\u00e9d\u00e9raliste<\/span><\/h2>\n<p><span class=\"font-377884\">En Suisse, le 15 ao\u00fbt est le jour de l&rsquo;Assomption, mais son statut de jour f\u00e9ri\u00e9 varie en raison du f\u00e9d\u00e9ralisme, seul le 1er ao\u00fbt (f\u00eate nationale) \u00e9tant obligatoire dans tout le pays. La c\u00e9l\u00e9bration refl\u00e8te la diversit\u00e9 religieuse et culturelle des 26 cantons.<\/span><\/p>\n<h3><span class=\"font-377884\">Cantons f\u00e9ri\u00e9s (13)<\/span><\/h3>\n<p><span class=\"font-377884\">L&rsquo;Assomption est un jour non ouvrable, assimil\u00e9 au dimanche, dans les cantons \u00e0 majorit\u00e9 catholique :<\/span><\/p>\n<ul>\n<li><span class=\"font-377884\"><strong>Argovie (AG)<\/strong> : jour f\u00e9ri\u00e9 dans les communes catholiques, comme Muri ou Baden, avec des messes et des \u00e9v\u00e9nements locaux.<\/span><\/li>\n<li><span class=\"font-377884\"><strong>Appenzell Rhodes-Int\u00e9rieures (AI)<\/strong> : jour f\u00e9ri\u00e9, avec des c\u00e9l\u00e9brations religieuses dans les \u00e9glises.<\/span><\/li>\n<li><span class=\"font-377884\"><strong>B\u00e2le-Campagne (BL)<\/strong> : Jour f\u00e9ri\u00e9 dans les communes catholiques, comme Liestal.<\/span><\/li>\n<li><span class=\"font-377884\"><strong>Fribourg (FR) :<\/strong> Jour f\u00e9ri\u00e9 dans les communes catholiques, comme Bulle, avec des processions mariales.<\/span><\/li>\n<li><span class=\"font-377884\"><strong>Grisons (GR)<\/strong> : Jour f\u00e9ri\u00e9 dans les communes catholiques, comme Coire ou Poschiavo, avec des \u00e9v\u00e9nements communautaires.<\/span><\/li>\n<li><span class=\"font-377884\"><strong>Jura (JU)<\/strong> : Jour f\u00e9ri\u00e9, avec des messes solennelles \u00e0 Del\u00e9mont.<\/span><\/li>\n<li><span class=\"font-377884\"><strong>Lucerne (LU) :<\/strong> jour f\u00e9ri\u00e9, avec des c\u00e9l\u00e9brations religieuses et des f\u00eates, comme \u00e0 Sursee.<\/span><\/li>\n<li><span class=\"font-377884\"><strong>Nidwald (NW)<\/strong> : jour f\u00e9ri\u00e9, avec des messes dans les \u00e9glises de Stans.<\/span><\/li>\n<li><span class=\"font-377884\"><strong>Obwald (OW) :<\/strong> jour f\u00e9ri\u00e9, avec des \u00e9v\u00e9nements religieux \u00e0 Sarnen.<\/span><\/li>\n<li><span class=\"font-377884\"><strong>Soleure (SO)<\/strong> : jour f\u00e9ri\u00e9 dans les communes catholiques, comme Olten.<\/span><\/li>\n<li><span class=\"font-377884\"><strong>Schwyz (SZ) :<\/strong> jour f\u00e9ri\u00e9, avec processions et c\u00e9l\u00e9brations \u00e0 Einsiedeln, c\u00e9l\u00e8bre sanctuaire marial.<\/span><\/li>\n<li><span class=\"font-377884\"><strong>Tessin (TI)<\/strong> : jour f\u00e9ri\u00e9 dans tout le canton, particuli\u00e8rement c\u00e9l\u00e9br\u00e9 en raison de la proximit\u00e9 culturelle avec l&rsquo;Italie. \u00c0 Lugano, on visite le parc Ciani ou le mont San Salvatore, tandis qu&rsquo;\u00e0 Chiasso et Mendrisio, des concerts, des expositions d&rsquo;art et des processions religieuses sont organis\u00e9s.<\/span><\/li>\n<li><span class=\"font-377884\"><strong>Uri (UR) :<\/strong> jour f\u00e9ri\u00e9, avec des messes \u00e0 Altdorf.<\/span><\/li>\n<li><span class=\"font-377884\"><strong>Valais (VS)<\/strong> : jour f\u00e9ri\u00e9, avec des c\u00e9l\u00e9brations \u00e0 Sion et Martigny.<\/span><\/li>\n<li><span class=\"font-377884\"><strong>Zoug (ZG)<\/strong> : jour f\u00e9ri\u00e9, avec des \u00e9v\u00e9nements religieux dans la ville de Zoug.<\/span><\/li>\n<\/ul>\n<p><span class=\"font-377884\">Dans ces cantons, les magasins, les bureaux publics et les banques sont ferm\u00e9s, et les communaut\u00e9s participent \u00e0 des messes solennelles, des processions et, dans certaines localit\u00e9s, \u00e0 des \u00e9v\u00e9nements populaires tels que des concerts ou des feux d&rsquo;artifice, en particulier au Tessin, o\u00f9 la f\u00eate rappelle le Ferragosto italien.<\/span><\/p>\n<h3><span class=\"font-377884\">Cantons non f\u00e9ri\u00e9s (13)<\/span><\/h3>\n<p><span class=\"font-377884\">Dans les cantons \u00e0 majorit\u00e9 protestante ou mixte, le 15 ao\u00fbt est un jour ouvrable :<\/span><\/p>\n<ul>\n<li><span class=\"font-377884\"><strong>Appenzell Rhodes-Ext\u00e9rieures (AR)<\/strong> : pas de jour f\u00e9ri\u00e9 officiel, activit\u00e9 normale \u00e0 Herisau.<\/span><\/li>\n<li><span class=\"font-377884\"><strong>B\u00e2le-Ville (BS) :<\/strong> jour ouvrable, les magasins sont ouverts.<\/span><\/li>\n<li><span class=\"font-377884\"><strong>Berne (BE) :<\/strong> pas de jour f\u00e9ri\u00e9, bureaux et commerces ouverts.<\/span><\/li>\n<li><span class=\"font-377884\"><strong>Gen\u00e8ve (GE)<\/strong> : pas de jour f\u00e9ri\u00e9, mais certaines communaut\u00e9s catholiques c\u00e9l\u00e8brent la messe.<\/span><\/li>\n<li><span class=\"font-377884\"><strong>Glaris (GL)<\/strong> : jour ouvrable.<\/span><\/li>\n<li><span class=\"font-377884\"><strong>Neuch\u00e2tel (NE)<\/strong> : pas de jour f\u00e9ri\u00e9, activit\u00e9s normales.<\/span><\/li>\n<li><span class=\"font-377884\"><strong>Saint-Gall (SG) :<\/strong> pas de jour f\u00e9ri\u00e9, travail normal.<\/span><\/li>\n<li><span class=\"font-377884\"><strong>Schaffhouse (SH) :<\/strong> jour ouvrable.<\/span><\/li>\n<li><span class=\"font-377884\"><strong>Thurgovie (TG) :<\/strong> jour non f\u00e9ri\u00e9, activit\u00e9s ouvertes.<\/span><\/li>\n<li><span class=\"font-377884\"><strong>Vaud (VD) :<\/strong> jour non f\u00e9ri\u00e9, activit\u00e9s normales.<\/span><\/li>\n<li><span class=\"font-377884\"><strong>Zurich (ZH) :<\/strong> jour ouvrable, bien que certaines \u00e9glises catholiques c\u00e9l\u00e8brent la messe.<\/span><\/li>\n<\/ul>\n<p><span class=\"font-377884\">Dans les cantons o\u00f9 ce jour n&rsquo;est pas f\u00e9ri\u00e9, c&rsquo;est un jour ouvrable, mais les communaut\u00e9s catholiques locales peuvent organiser des c\u00e9l\u00e9brations religieuses sans impact sur les activit\u00e9s publiques.<\/span><\/p>\n<h3><span class=\"font-377884\">Sp\u00e9cificit\u00e9 du Tessin<\/span><\/h3>\n<p><span class=\"font-377884\">Le Tessin, seul canton italophone, vit le 15 ao\u00fbt avec une intensit\u00e9 particuli\u00e8re, gr\u00e2ce \u00e0 sa proximit\u00e9 culturelle avec l&rsquo;Italie. Outre les messes, des \u00e9v\u00e9nements tels que des concerts \u00e0 Lugano, des promenades historiques \u00e0 Mendrisio ou des visites du lac de Lugano sont organis\u00e9s. La f\u00eate est une occasion pour le tourisme local, avec des lieux tels que le Monte Br\u00e8 ou Morcote qui attirent les visiteurs.<\/span><\/p>\n<h2><span class=\"font-377884\">Le 15 ao\u00fbt en Italie<\/span><\/h2>\n<p><span class=\"font-377884\">En Italie, le 15 ao\u00fbt marque le point culminant de l&rsquo;\u00e9t\u00e9, avec des villes qui se vident et des stations baln\u00e9aires (par exemple la Riviera Romagnola, la Sardaigne) et des stations de montagne (par exemple le Trentin) qui s&rsquo;animent. Les traditions comprennent le Palio dell&rsquo;Assunta \u00e0 Sienne, les f\u00eates populaires et les d\u00e9jeuners estivaux avec des salades de riz et de la past\u00e8que. C&rsquo;est un moment de d\u00e9tente et de r\u00e9flexion religieuse, avec des millions de touristes qui affluent vers les destinations touristiques.<\/span><\/p>\n<h2><span class=\"font-377884\">La signification du 15 ao\u00fbt<\/span><\/h2>\n<p><span class=\"font-377884\">Le 15 ao\u00fbt est une mosa\u00efque de significations religieuses et civiles. En Suisse, cette f\u00eate refl\u00e8te l&rsquo;esprit du f\u00e9d\u00e9ralisme : 13 cantons la c\u00e9l\u00e8brent comme une f\u00eate officielle, tandis que 13 autres ne le font pas, le Tessin se distinguant par l&rsquo;\u00e9nergie et la vivacit\u00e9 de ses c\u00e9l\u00e9brations. En Italie, le 15 ao\u00fbt m\u00eale tradition religieuse et moments de loisirs populaires. Dans le reste du monde, cette date devient l&rsquo;occasion de c\u00e9l\u00e9brer la foi ou l&rsquo;identit\u00e9 nationale, r\u00e9v\u00e9lant ainsi l&rsquo;extraordinaire richesse culturelle qui caract\u00e9rise les diff\u00e9rentes communaut\u00e9s.<\/span><\/p>\n<p>&nbsp;<\/p>\n<p><a href=\"https:\/\/k16trade.ch\/seqex-en\/\"><img decoding=\"async\" class=\"aligncenter wp-image-230949 size-medium\" src=\"https:\/\/swissfederalism.ch\/wp-content\/uploads\/2020\/11\/FullLogo_Transparent_NoBuffer-300x145.png\" alt=\"K16 TRADE &amp; CONSULTING SWITZERLAND\" width=\"300\" height=\"145\" srcset=\"https:\/\/swissfederalism.ch\/wp-content\/uploads\/2020\/11\/FullLogo_Transparent_NoBuffer-300x145.png 300w, https:\/\/swissfederalism.ch\/wp-content\/uploads\/2020\/11\/FullLogo_Transparent_NoBuffer-1024x495.png 1024w, https:\/\/swissfederalism.ch\/wp-content\/uploads\/2020\/11\/FullLogo_Transparent_NoBuffer-768x371.png 768w, https:\/\/swissfederalism.ch\/wp-content\/uploads\/2020\/11\/FullLogo_Transparent_NoBuffer-350x169.png 350w, https:\/\/swissfederalism.ch\/wp-content\/uploads\/2020\/11\/FullLogo_Transparent_NoBuffer.png 1280w\" sizes=\"(max-width: 300px) 100vw, 300px\" \/><\/a><\/p>\n","protected":false},"excerpt":{"rendered":"<p>Le 15 ao\u00fbt r\u00e9unit les traditions religieuses et civiles \u00e0 travers le monde, c\u00e9l\u00e9br\u00e9es sous des noms et des significations diff\u00e9rents, mais unies par la r\u00e9flexion, la communaut\u00e9 et l&rsquo;identit\u00e9.<\/p>\n","protected":false},"author":9,"featured_media":235744,"comment_status":"open","ping_status":"closed","sticky":false,"template":"","format":"standard","meta":{"footnotes":""},"categories":[315,318,308,289,209,292,294,1346],"tags":[397,1882,662,949,888,1478],"class_list":["post-235762","post","type-post","status-publish","format-standard","has-post-thumbnail","hentry","category-autonomie","category-evenements","category-faits-marquants","category-italie","category-les-magazines","category-liechtenstein-fr","category-suisse","category-curiosites","tag-federalisme","tag-festivites","tag-italie","tag-liechtenstein-en-fr","tag-suisse","tag-traditions"],"_links":{"self":[{"href":"https:\/\/swissfederalism.ch\/fr\/wp-json\/wp\/v2\/posts\/235762","targetHints":{"allow":["GET"]}}],"collection":[{"href":"https:\/\/swissfederalism.ch\/fr\/wp-json\/wp\/v2\/posts"}],"about":[{"href":"https:\/\/swissfederalism.ch\/fr\/wp-json\/wp\/v2\/types\/post"}],"author":[{"embeddable":true,"href":"https:\/\/swissfederalism.ch\/fr\/wp-json\/wp\/v2\/users\/9"}],"replies":[{"embeddable":true,"href":"https:\/\/swissfederalism.ch\/fr\/wp-json\/wp\/v2\/comments?post=235762"}],"version-history":[{"count":3,"href":"https:\/\/swissfederalism.ch\/fr\/wp-json\/wp\/v2\/posts\/235762\/revisions"}],"predecessor-version":[{"id":235765,"href":"https:\/\/swissfederalism.ch\/fr\/wp-json\/wp\/v2\/posts\/235762\/revisions\/235765"}],"wp:featuredmedia":[{"embeddable":true,"href":"https:\/\/swissfederalism.ch\/fr\/wp-json\/wp\/v2\/media\/235744"}],"wp:attachment":[{"href":"https:\/\/swissfederalism.ch\/fr\/wp-json\/wp\/v2\/media?parent=235762"}],"wp:term":[{"taxonomy":"category","embeddable":true,"href":"https:\/\/swissfederalism.ch\/fr\/wp-json\/wp\/v2\/categories?post=235762"},{"taxonomy":"post_tag","embeddable":true,"href":"https:\/\/swissfederalism.ch\/fr\/wp-json\/wp\/v2\/tags?post=235762"}],"curies":[{"name":"wp","href":"https:\/\/api.w.org\/{rel}","templated":true}]}}