{"id":235705,"date":"2025-07-28T14:38:26","date_gmt":"2025-07-28T14:38:26","guid":{"rendered":"https:\/\/swissfederalism.ch\/august-1st-swiss-homeland\/"},"modified":"2025-07-31T08:43:22","modified_gmt":"2025-07-31T08:43:22","slug":"1er-aout-suisse-patrie","status":"publish","type":"post","link":"https:\/\/swissfederalism.ch\/fr\/1er-aout-suisse-patrie\/","title":{"rendered":"1er ao\u00fbt, les Suisses c\u00e9l\u00e8brent leur patrie"},"content":{"rendered":"<h1 dir=\"auto\"><span class=\"font-377884\">1er ao\u00fbt, les Suisses c\u00e9l\u00e8brent leur patrie<\/span><\/h1>\n<p dir=\"auto\"><span class=\"font-377884\"><strong>Le 1er ao\u00fbt,<\/strong> les Suisses et Suissesses c\u00e9l\u00e8brent leur patrie, comm\u00e9morant la naissance de la <strong>Conf\u00e9d\u00e9ration en 1291<\/strong> avec le <strong>Pacte du R\u00fctli.<\/strong> Avec une <strong>fiert\u00e9 nationale<\/strong>, ils <strong>unissent histoire<\/strong>, <strong>traditions<\/strong> et un fort sentiment de <strong>communaut\u00e9<\/strong>, accompagn\u00e9s de<strong> l\u2019hymne national,<\/strong> le Cantique suisse. Bien que la Suisse ne soit pas la nation la plus ancienne du monde, elle b\u00e9n\u00e9ficie d\u2019une <strong>continuit\u00e9 politique<\/strong> depuis 1291, ce qui en fait l\u2019une des nations les <strong>plus stables<\/strong> gr\u00e2ce \u00e0 la <strong>neutralit\u00e9, l\u2019ind\u00e9pendance et le f\u00e9d\u00e9ralisme<\/strong>. D\u00e9couvrons l\u2019histoire, les c\u00e9l\u00e9brations, les festivit\u00e9s les plus embl\u00e9matiques et le r\u00f4le de <strong>Guillaume Tell,<\/strong> figure l\u00e9gendaire de la Suisse !<\/span><\/p>\n<figure id=\"attachment_235683\" aria-describedby=\"caption-attachment-235683\" style=\"width: 840px\" class=\"wp-caption aligncenter\"><img decoding=\"async\" class=\"wp-image-235683 size-large\" src=\"https:\/\/swissfederalism.ch\/wp-content\/uploads\/2025\/07\/Alphorn-event-Image-by-Christopher-Moore-from-Pixabay-1024x713.jpg\" alt=\"Alphorn event Image by Christopher Moore from Pixabay\" width=\"840\" height=\"585\" srcset=\"https:\/\/swissfederalism.ch\/wp-content\/uploads\/2025\/07\/Alphorn-event-Image-by-Christopher-Moore-from-Pixabay-1024x713.jpg 1024w, https:\/\/swissfederalism.ch\/wp-content\/uploads\/2025\/07\/Alphorn-event-Image-by-Christopher-Moore-from-Pixabay-300x209.jpg 300w, https:\/\/swissfederalism.ch\/wp-content\/uploads\/2025\/07\/Alphorn-event-Image-by-Christopher-Moore-from-Pixabay-768x534.jpg 768w, https:\/\/swissfederalism.ch\/wp-content\/uploads\/2025\/07\/Alphorn-event-Image-by-Christopher-Moore-from-Pixabay-1536x1069.jpg 1536w, https:\/\/swissfederalism.ch\/wp-content\/uploads\/2025\/07\/Alphorn-event-Image-by-Christopher-Moore-from-Pixabay-350x244.jpg 350w, https:\/\/swissfederalism.ch\/wp-content\/uploads\/2025\/07\/Alphorn-event-Image-by-Christopher-Moore-from-Pixabay.jpg 1920w\" sizes=\"(max-width: 840px) 100vw, 840px\" \/><figcaption id=\"caption-attachment-235683\" class=\"wp-caption-text\"><span class=\"font-377884\">Alphorn event Image by Christopher Moore from Pixabay<\/span><\/figcaption><\/figure>\n<h2 dir=\"ltr\" data-pm-slice=\"1 1 []\"><span class=\"font-377884\">Histoire de la f\u00eate nationale suisse<\/span><\/h2>\n<p dir=\"ltr\"><span class=\"font-377884\">Le <strong>1er ao\u00fbt<\/strong>, les <strong>Suisses et Suissesses<\/strong> comm\u00e9morent la fondation de la <strong>Conf\u00e9d\u00e9ration suisse en 1291<\/strong> avec le <strong>Pacte du R\u00fctli<\/strong>, un accord entre les cantons d\u2019<strong>Uri<\/strong>, <strong>Schwyz<\/strong> et <strong>Unterwalden<\/strong> pour assurer une <strong>d\u00e9fense mutuelle<\/strong> et la <strong>libert\u00e9<\/strong>. Ce pacte marque l\u2019origine de la Suisse moderne, caract\u00e9ris\u00e9e par son engagement envers la <strong>neutralit\u00e9<\/strong>, l\u2019<strong>ind\u00e9pendance<\/strong> et le <strong>f\u00e9d\u00e9ralisme<\/strong>. La date a \u00e9t\u00e9 officiellement d\u00e9sign\u00e9e comme <strong>f\u00eate nationale<\/strong> en <strong>1891<\/strong> pour c\u00e9l\u00e9brer le <strong>600e anniversaire<\/strong> de la Conf\u00e9d\u00e9ration.<\/span><\/p>\n<h2 dir=\"ltr\"><span class=\"font-377884\">La Suisse est-elle le pays le plus ancien du monde ?<\/span><\/h2>\n<p dir=\"ltr\"><span class=\"font-377884\">Non, la Suisse n\u2019est pas la nation la plus ancienne. Des civilisations anciennes comme l\u2019<strong>\u00c9gypte<\/strong> (vers 3100 av. J.-C.), la <strong>Chine<\/strong> (dynasties d\u00e8s 2070 av. J.-C.) ou l\u2019<strong>Inde<\/strong> (civilisation de la vall\u00e9e de l\u2019Indus, vers 2500 av. J.-C.) ont des histoires bien plus anciennes. La <strong>Gr\u00e8ce<\/strong> (cit\u00e9s-\u00c9tats myc\u00e9niennes, vers 1600 av. J.-C.) et le <strong>Japon<\/strong> (monarchie l\u00e9gendaire d\u00e8s 660 av. J.-C.) poss\u00e8dent \u00e9galement des racines historiques plus profondes.Cependant, la <strong>Conf\u00e9d\u00e9ration suisse<\/strong>, \u00e9tablie en <strong>1291<\/strong>, se distingue comme l\u2019une des nations modernes les plus p\u00e9rennes gr\u00e2ce \u00e0 sa remarquable <strong>continuit\u00e9 politique et institutionnelle<\/strong>, soutenue par la <strong>neutralit\u00e9<\/strong>, l\u2019<strong>ind\u00e9pendance<\/strong> et le <strong>f\u00e9d\u00e9ralisme<\/strong>. Cette stabilit\u00e9 unique positionne la Suisse dans un contexte mondial.<\/span><\/p>\n<h2 dir=\"ltr\"><span class=\"font-377884\">Continuit\u00e9 politique suisse : neutralit\u00e9, ind\u00e9pendance et f\u00e9d\u00e9ralisme<\/span><\/h2>\n<p dir=\"ltr\"><span class=\"font-377884\">La <strong>Conf\u00e9d\u00e9ration suisse<\/strong> se distingue par une <strong>continuit\u00e9 politique ininterrompue<\/strong> depuis <strong>1291<\/strong>, exempte de r\u00e9volutions ou de bouleversements institutionnels, un exploit unique en Europe. La Conf\u00e9d\u00e9ration s\u2019est progressivement \u00e9largie pour inclure <strong>26 cantons<\/strong>, toujours par des accords mutuels et sans guerres, aboutissant \u00e0 la <strong>Constitution de 1848<\/strong>, qui a \u00e9tabli un \u00c9tat f\u00e9d\u00e9ral moderne tout en pr\u00e9servant la <strong>stabilit\u00e9<\/strong>. Ce succ\u00e8s repose sur trois piliers : la <strong>neutralit\u00e9<\/strong>, l\u2019<strong>ind\u00e9pendance<\/strong> et le <strong>f\u00e9d\u00e9ralisme<\/strong>.<\/span><\/p>\n<h3 dir=\"ltr\"><span class=\"font-377884\">Neutralit\u00e9 comme fondement de la stabilit\u00e9<\/span><\/h3>\n<p dir=\"ltr\"><span class=\"font-377884\">Pratiqu\u00e9e de mani\u00e8re informelle depuis le <strong>XVIe si\u00e8cle<\/strong> et formalis\u00e9e au <strong>Congr\u00e8s de Vienne en 1815<\/strong>, la <strong>neutralit\u00e9<\/strong> a prot\u00e9g\u00e9 la Suisse des conflits externes, tels que les <strong>guerres napol\u00e9oniennes<\/strong> et les <strong>guerres mondiales<\/strong>, pr\u00e9servant ainsi ses institutions. Alors que la <strong>France<\/strong> affrontait la <strong>R\u00e9volution de 1789<\/strong> et l\u2019<strong>Autriche<\/strong> la dissolution de l\u2019<strong>Empire des Habsbourg en 1918<\/strong>, la Suisse est rest\u00e9e un havre de paix. La <strong>neutralit\u00e9<\/strong> a favoris\u00e9 l\u2019harmonie interne entre les cantons aux langues diverses (<strong>allemand<\/strong>, <strong>fran\u00e7ais<\/strong>, <strong>italien<\/strong>, <strong>romanche<\/strong>), \u00e9vitant les conflits culturels. Pendant les <strong>guerres mondiales<\/strong>, la Suisse a accueilli des organisations comme la <strong>Croix-Rouge<\/strong> et des n\u00e9gociations de paix, renfor\u00e7ant sa r\u00e9putation mondiale.<\/span><\/p>\n<h3 dir=\"ltr\"><span class=\"font-377884\">Ind\u00e9pendance des cantons<\/span><\/h3>\n<p dir=\"ltr\"><span class=\"font-377884\">Le mod\u00e8le conf\u00e9d\u00e9ral, n\u00e9 avec le <strong>Pacte du R\u00fctli en 1291<\/strong>, garantit l\u2019<strong>autonomie cantonale<\/strong> en mati\u00e8re de lois, d\u2019\u00e9ducation et de culture. Cela a permis \u00e0 des r\u00e9gions diverses, comme le <strong>Canton du Tessin<\/strong> (italophone) et <strong>Zurich<\/strong> (germanophone), de pr\u00e9server leurs identit\u00e9s sans tensions. La <strong>Constitution de 1848<\/strong> a \u00e9quilibr\u00e9 l\u2019autonomie cantonale avec l\u2019unit\u00e9 nationale, \u00e9vitant une centralisation forc\u00e9e qui, ailleurs (par exemple, en <strong>France sous Napol\u00e9on<\/strong>), a engendr\u00e9 des conflits.<\/span><\/p>\n<h3 dir=\"ltr\"><span class=\"font-377884\">F\u00e9d\u00e9ralisme d\u00e9mocratique<\/span><\/h3>\n<p dir=\"ltr\"><span class=\"font-377884\">Le <strong>f\u00e9d\u00e9ralisme suisse<\/strong> int\u00e8gre l\u2019autonomie cantonale dans un syst\u00e8me national coh\u00e9rent. La <strong>d\u00e9mocratie directe<\/strong>, \u00e0 travers les <strong>r\u00e9f\u00e9rendums<\/strong> et les <strong>initiatives populaires<\/strong>, permet aux citoyens de fa\u00e7onner les lois, un syst\u00e8me ancr\u00e9 dans les assembl\u00e9es locales (<strong>Landsgemeinde<\/strong>) et unique en Europe. Cette approche participative a emp\u00each\u00e9 les r\u00e9volutions, favorisant des r\u00e9formes graduelles et un consensus populaire. L\u2019expansion de la <strong>Conf\u00e9d\u00e9ration<\/strong>, de trois cantons originels \u00e0 <strong>26<\/strong>, s\u2019est faite par des accords pacifiques, sans guerres, refl\u00e9tant le dialogue et la coop\u00e9ration entre les communaut\u00e9s.<\/span><\/p>\n<p><span class=\"font-377884\"><strong><a href=\"https:\/\/swissfederalism.ch\/fr\/velo-marche-sante\/\">Suisse entre le v\u00e9lo, la marche et la sant\u00e9<\/a><\/strong><\/span><\/p>\n<h2 dir=\"auto\"><span class=\"font-377884\">Dernier canton annex\u00e9 : Jura<\/span><\/h2>\n<p dir=\"auto\"><span class=\"font-377884\">Le dernier canton \u00e0 avoir rejoint la Conf\u00e9d\u00e9ration suisse est le <strong>canton du Jura<\/strong>, officiellement \u00e9tabli le <strong>1er janvier 1979<\/strong>. Son annexion s\u2019est d\u00e9roul\u00e9e de mani\u00e8re <strong>pacifique<\/strong> par un processus d\u00e9mocratique, sans conflit arm\u00e9. Le canton du Jura est n\u00e9 d\u2019une s\u00e9paration du <strong>canton de Berne<\/strong>, motiv\u00e9e par des diff\u00e9rences linguistiques, culturelles et religieuses : le Jura, majoritairement <strong>francophone<\/strong> et <strong>catholique<\/strong>, se distinguait du canton de Berne, principalement <strong>germanophone<\/strong> et <strong>protestant<\/strong>.<\/span><\/p>\n<p dir=\"auto\"><span class=\"font-377884\">Le processus a d\u00e9but\u00e9 dans les ann\u00e9es 1950 avec des mouvements s\u00e9paratistes r\u00e9clamant une plus grande autonomie. Apr\u00e8s des ann\u00e9es de n\u00e9gociations et de tensions politiques, la Conf\u00e9d\u00e9ration a organis\u00e9 une s\u00e9rie de r\u00e9f\u00e9rendums :<\/span><\/p>\n<ul dir=\"auto\">\n<li><span class=\"font-377884\">En <strong>1974<\/strong>, les habitants des districts francophones du Jura ont vot\u00e9 en faveur de la cr\u00e9ation d\u2019un nouveau canton.<\/span><\/li>\n<li><span class=\"font-377884\">En <strong>1975<\/strong>, un second r\u00e9f\u00e9rendum a confirm\u00e9 le soutien du canton de Berne et de la Conf\u00e9d\u00e9ration.<\/span><\/li>\n<li><span class=\"font-377884\">Entre <strong>1976 et 1978<\/strong>, les fronti\u00e8res et les termes de la s\u00e9paration ont \u00e9t\u00e9 d\u00e9finis, certains districts choisissant de rester dans le canton de Berne.<\/span><\/li>\n<li><span class=\"font-377884\">Le <strong>24 septembre 1978<\/strong>, un r\u00e9f\u00e9rendum national a ratifi\u00e9 l\u2019entr\u00e9e du Jura comme <strong>26e canton<\/strong>, avec l\u2019approbation de la Constitution suisse modifi\u00e9e.<\/span><\/li>\n<\/ul>\n<p dir=\"auto\"><span class=\"font-377884\">Ce processus, ancr\u00e9 dans des <strong>r\u00e9f\u00e9rendums<\/strong> et le <strong>dialogue<\/strong>, illustre le <strong>f\u00e9d\u00e9ralisme d\u00e9mocratique suisse<\/strong>, r\u00e9solvant les tensions culturelles et politiques sans violence et pr\u00e9servant l\u2019unit\u00e9 nationale.<\/span><\/p>\n<h2 dir=\"auto\"><span class=\"font-377884\">Dernier territoire \u00e9tranger annex\u00e9 et toujours partie de la Suisse : Canton du Tessin<\/span><\/h2>\n<p dir=\"auto\"><span class=\"font-377884\">Le dernier territoire \u00e9tranger annex\u00e9 et toujours int\u00e9gr\u00e9 \u00e0 la Suisse est le <strong>canton du Tessin<\/strong>, incluant les r\u00e9gions de <strong>Mendrisio<\/strong> et <strong>Lugano<\/strong>, officiellement incorpor\u00e9 \u00e0 la Conf\u00e9d\u00e9ration suisse en <strong>1803<\/strong>. Ces territoires, auparavant sous des seigneuries italiennes et administr\u00e9s comme bailliages suisses, ont \u00e9t\u00e9 acquis durant l\u2019\u00e8re napol\u00e9onienne, sous l\u2019influence de la <strong>R\u00e9publique helv\u00e9tique (1798-1803)<\/strong>.<\/span><\/p>\n<p dir=\"auto\"><span class=\"font-377884\">L\u2019annexion s\u2019est d\u00e9roul\u00e9e de mani\u00e8re <strong>pacifique<\/strong> par des n\u00e9gociations et des accords diplomatiques, sans conflit arm\u00e9. En 1803, le <strong>Congr\u00e8s de Vienne<\/strong> et l\u2019<strong>Acte de M\u00e9diation<\/strong> de Napol\u00e9on ont r\u00e9organis\u00e9 la Conf\u00e9d\u00e9ration suisse, reconnaissant le Tessin comme un canton \u00e0 part enti\u00e8re. La population majoritairement <strong>italophone<\/strong> du Tessin a choisi de rejoindre la Suisse pour garantir <strong>stabilit\u00e9<\/strong> et <strong>protection<\/strong>, tout en pr\u00e9servant son <strong>identit\u00e9 culturelle et linguistique<\/strong>. Ce processus refl\u00e8te le principe suisse de <strong>coop\u00e9ration<\/strong> et de <strong>consensus<\/strong>, permettant l\u2019int\u00e9gration de r\u00e9gions culturellement diverses sans guerre ni coercition.<\/span><\/p>\n<p><span class=\"font-377884\"><strong><a href=\"https:\/\/swissfederalism.ch\/fr\/pays-sans-auto\/\">Entre nature et silence, les villages sans voiture \u00e0 d\u00e9couvrir<\/a><\/strong><\/span><\/p>\n<h2 dir=\"auto\"><span class=\"font-377884\">Comparaison avec d&rsquo;autres pays europ\u00e9ens<\/span><\/h2>\n<p dir=\"auto\"><span class=\"font-377884\">La <strong>continuit\u00e9 politique<\/strong> de la Suisse, qui a d\u00e9but\u00e9 en <strong>1291<\/strong>, est unique en Europe, o\u00f9 de nombreux pays ont connu des r\u00e9volutions, des guerres civiles ou des changements de r\u00e9gime. Une comparaison avec d&rsquo;autres \u00c9tats europ\u00e9ens met en lumi\u00e8re la singularit\u00e9 du mod\u00e8le suisse :<\/span><\/p>\n<ul dir=\"auto\">\n<li><span class=\"font-377884\"><strong>Saint-Marin (301 apr\u00e8s J.-C.)<\/strong> : Plus ancien \u00c9tat souverain d\u2019Europe, Saint-Marin est un micro-\u00c9tat avec une petite population et un territoire limit\u00e9, ce qui le rend moins complexe que la Suisse. Cette derni\u00e8re g\u00e8re une soci\u00e9t\u00e9 <strong>multilingue<\/strong> et <strong>multiculturelle<\/strong> (allemand, fran\u00e7ais, italien, romanche) au sein d\u2019un <strong>syst\u00e8me f\u00e9d\u00e9ral<\/strong> robuste.<\/span><\/li>\n<li><span class=\"font-377884\"><strong>France (depuis 486 apr\u00e8s J.-C.)<\/strong> : La France poss\u00e8de une longue histoire \u00e9tatique, mais elle a subi de profondes discontinuit\u00e9s, comme la <strong>R\u00e9volution fran\u00e7aise de 1789<\/strong> et de multiples changements de r\u00e9gime (monarchies, r\u00e9publiques, empires). La Suisse, en revanche, a maintenu une <strong>stabilit\u00e9 politique ininterrompue<\/strong>, gr\u00e2ce \u00e0 son <strong>f\u00e9d\u00e9ralisme<\/strong> et sa <strong>neutralit\u00e9<\/strong>.<\/span><\/li>\n<li><span class=\"font-377884\"><strong>Royaume-Uni (depuis 927 apr\u00e8s J.-C.)<\/strong> : La monarchie britannique est l\u2019une des plus anciennes, mais des \u00e9v\u00e9nements comme la <strong>guerre civile anglaise (1642-1651)<\/strong> et l\u2019ex\u00e9cution de Charles Ier marquent des ruptures. La Suisse se distingue par l\u2019<strong>absence de conflits internes majeurs<\/strong> et son mod\u00e8le <strong>conf\u00e9d\u00e9ral d\u00e9mocratique<\/strong>.<\/span><\/li>\n<li><span class=\"font-377884\"><strong>Portugal (1143)<\/strong> : Avec des fronti\u00e8res parmi les plus stables d\u2019Europe, le Portugal a n\u00e9anmoins connu des discontinuit\u00e9s politiques, comme la <strong>r\u00e9volution de 1910<\/strong> qui a mis fin \u00e0 la monarchie. La Suisse, gr\u00e2ce \u00e0 la <strong>d\u00e9mocratie directe<\/strong> et au <strong>f\u00e9d\u00e9ralisme participatif<\/strong>, a \u00e9vit\u00e9 les r\u00e9volutions.<\/span><\/li>\n<li><span class=\"font-377884\"><strong>Danemark (Xe si\u00e8cle)<\/strong> : La monarchie danoise est parmi les plus anciennes, mais la Suisse se diff\u00e9rencie par son <strong>syst\u00e8me conf\u00e9d\u00e9ral<\/strong>, qui int\u00e8gre les autonomies locales sans autorit\u00e9 monarchique centrale, garantissant la stabilit\u00e9 par un <strong>consensus populaire<\/strong>.<\/span><\/li>\n<li><span class=\"font-377884\"><strong>Autriche<\/strong> : L\u2019Autriche a subi la dissolution de l\u2019Empire des Habsbourg en <strong>1918<\/strong> et l\u2019<strong>Anschluss<\/strong> en <strong>1938<\/strong>, des \u00e9v\u00e9nements qui ont interrompu sa continuit\u00e9 politique. La Suisse, gr\u00e2ce \u00e0 sa <strong>neutralit\u00e9<\/strong> et son <strong>f\u00e9d\u00e9ralisme<\/strong>, a pr\u00e9serv\u00e9 son ind\u00e9pendance et sa stabilit\u00e9 m\u00eame durant les crises europ\u00e9ennes.<\/span><\/li>\n<\/ul>\n<h2 dir=\"auto\"><span class=\"font-377884\">Hymne national<\/span><\/h2>\n<p dir=\"auto\"><span class=\"font-377884\">Le <strong>Psaume suisse<\/strong>, hymne national depuis <strong>1981<\/strong>, est au c\u0153ur des c\u00e9l\u00e9brations. Compos\u00e9 en <strong>1841<\/strong> par <strong>Alberich Zwyssig<\/strong> avec des paroles de <strong>Leonhard Widmer<\/strong>, il c\u00e9l\u00e8bre la <strong>nature<\/strong>, la <strong>libert\u00e9<\/strong> et la <strong>foi<\/strong> suisses. Chant\u00e9 dans les <strong>quatre langues officielles<\/strong>, il unit le pays lors des c\u00e9r\u00e9monies officielles et locales. Il a remplac\u00e9 <em>Rufst du, mein Vaterland<\/em>, trop similaire \u00e0 <em>God Save the Queen<\/em>, par une m\u00e9lodie authentique \u00e9voquant les <strong>montagnes<\/strong> et les <strong>lacs<\/strong>.<\/span><\/p>\n<figure id=\"attachment_160143\" aria-describedby=\"caption-attachment-160143\" style=\"width: 840px\" class=\"wp-caption aligncenter\"><img decoding=\"async\" class=\"wp-image-160143 size-large\" src=\"https:\/\/swissfederalism.ch\/wp-content\/uploads\/2022\/07\/inno-nazionale-1024x724.jpg\" alt=\"Inno nazionale svizzero nelle quattro lingue ufficiali\" width=\"840\" height=\"594\" srcset=\"https:\/\/swissfederalism.ch\/wp-content\/uploads\/2022\/07\/inno-nazionale-1024x724.jpg 1024w, https:\/\/swissfederalism.ch\/wp-content\/uploads\/2022\/07\/inno-nazionale-300x212.jpg 300w, https:\/\/swissfederalism.ch\/wp-content\/uploads\/2022\/07\/inno-nazionale-768x543.jpg 768w, https:\/\/swissfederalism.ch\/wp-content\/uploads\/2022\/07\/inno-nazionale-1536x1086.jpg 1536w, https:\/\/swissfederalism.ch\/wp-content\/uploads\/2022\/07\/inno-nazionale.jpg 1755w\" sizes=\"(max-width: 840px) 100vw, 840px\" \/><figcaption id=\"caption-attachment-160143\" class=\"wp-caption-text\"><span class=\"font-377884\">Swiss national anthem in the four official languages<\/span><\/figcaption><\/figure>\n<h2 dir=\"ltr\" data-pm-slice=\"1 3 []\"><span class=\"font-377884\">Guillaume Tell<\/span><\/h2>\n<p dir=\"ltr\"><span class=\"font-377884\"><strong>Guillaume Tell<\/strong> est une figure l\u00e9gendaire symbolisant la <strong>libert\u00e9 suisse<\/strong>, c\u00e9l\u00e9br\u00e9e le <strong>1er ao\u00fbt<\/strong>. Selon la tradition, Tell \u00e9tait un arbal\u00e9trier du <strong>canton d\u2019Uri<\/strong> qui s\u2019est rebell\u00e9 contre la domination des Habsbourg au XIIIe si\u00e8cle. L\u2019histoire la plus c\u00e9l\u00e8bre raconte comment il fut contraint par le gouverneur habsbourgeois <strong>Gessler<\/strong> de viser une pomme pos\u00e9e sur la t\u00eate de son fils avec une arbal\u00e8te, r\u00e9ussissant avec une <strong>pr\u00e9cision extraordinaire<\/strong>. Tell a ensuite tu\u00e9 Gessler, d\u00e9clenchant une r\u00e9volte qui a contribu\u00e9 \u00e0 la <strong>lib\u00e9ration des cantons suisses<\/strong>. Bien que son existence historique soit d\u00e9battue, Tell incarne le <strong>courage<\/strong> et la <strong>r\u00e9sistance contre l\u2019oppression<\/strong>, des valeurs fondamentales de l\u2019<strong>identit\u00e9 suisse<\/strong>. Lors de la f\u00eate nationale, de nombreuses localit\u00e9s organisent des <strong>repr\u00e9sentations th\u00e9\u00e2trales<\/strong> de son histoire, et des <strong>concours de tir \u00e0 l\u2019arbal\u00e8te<\/strong> rendent hommage \u00e0 sa l\u00e9gende.<\/span><\/p>\n<h2 dir=\"ltr\"><span class=\"font-377884\">Types de c\u00e9l\u00e9brations<\/span><\/h2>\n<p dir=\"ltr\"><span class=\"font-377884\">Les c\u00e9l\u00e9brations du <strong>1er ao\u00fbt<\/strong> varient d\u2019une r\u00e9gion \u00e0 l\u2019autre, mais combinent des \u00e9l\u00e9ments communs refl\u00e9tant l\u2019<strong>identit\u00e9 suisse<\/strong>. Voici les principaux types de c\u00e9l\u00e9brations :<\/span><\/p>\n<h3 dir=\"ltr\"><span class=\"font-377884\">Feux de joie et feux d\u2019artifice<\/span><\/h3>\n<ul class=\"tight\" dir=\"ltr\" data-tight=\"true\">\n<li>\n<p dir=\"ltr\"><span class=\"font-377884\">Les <strong>feux de joie<\/strong> sont une tradition centrale, symbole d\u2019<strong>unit\u00e9<\/strong> et de <strong>libert\u00e9<\/strong>. De grands feux sont allum\u00e9s sur les collines ou dans des lieux pittoresques, souvent accompagn\u00e9s de <strong>feux d\u2019artifice<\/strong> spectaculaires.<\/span><\/p>\n<\/li>\n<li>\n<p dir=\"ltr\"><span class=\"font-377884\">Dans de nombreuses localit\u00e9s, le feu de joie est pr\u00e9c\u00e9d\u00e9 d\u2019un <strong>discours public<\/strong> c\u00e9l\u00e9brant l\u2019histoire suisse et les valeurs nationales, souvent avec l\u2019interpr\u00e9tation du <strong>Psaume suisse<\/strong>.<\/span><\/p>\n<\/li>\n<li>\n<p dir=\"ltr\"><span class=\"font-377884\">Les feux d\u2019artifice, organis\u00e9s par les municipalit\u00e9s ou des associations, illuminent le ciel nocturne, en particulier dans les grandes villes.<\/span><\/p>\n<\/li>\n<\/ul>\n<h3 dir=\"ltr\"><span class=\"font-377884\">\u00c9v\u00e9nements officiels et discours<\/span><\/h3>\n<ul class=\"tight\" dir=\"ltr\" data-tight=\"true\">\n<li>\n<p dir=\"ltr\"><span class=\"font-377884\">Les municipalit\u00e9s organisent des <strong>c\u00e9r\u00e9monies officielles<\/strong>, souvent avec des discours du maire ou des autorit\u00e9s locales, accompagn\u00e9s du <strong>Psaume suisse<\/strong>. Au niveau national, le <strong>Pr\u00e9sident de la Conf\u00e9d\u00e9ration<\/strong> prononce un discours retransmis en direct, souvent depuis la <strong>prairie du R\u00fctli<\/strong>, suivi de l\u2019hymne national.<\/span><\/p>\n<\/li>\n<li>\n<p dir=\"ltr\"><span class=\"font-377884\">Ces \u00e9v\u00e9nements mettent l\u2019accent sur les th\u00e8mes de l\u2019<strong>unit\u00e9<\/strong>, de la <strong>d\u00e9mocratie<\/strong> et de la <strong>paix<\/strong>.<\/span><\/p>\n<\/li>\n<\/ul>\n<h3 dir=\"ltr\"><span class=\"font-377884\">F\u00eates populaires et traditions locales<\/span><\/h3>\n<ul class=\"tight\" dir=\"ltr\" data-tight=\"true\">\n<li>\n<p dir=\"ltr\"><span class=\"font-377884\"><strong>D\u00e9fil\u00e9s<\/strong> : De nombreuses villes et villages organisent des d\u00e9fil\u00e9s avec des drapeaux suisses, des groupes musicaux et des costumes traditionnels, souvent accompagn\u00e9s du chant de l\u2019hymne national.<\/span><\/p>\n<\/li>\n<li>\n<p dir=\"ltr\"><span class=\"font-377884\"><strong>Musique et danses<\/strong> : Des groupes locaux, des ch\u0153urs et des groupes de yodel interpr\u00e8tent de la musique traditionnelle suisse, avec le <strong>Psaume suisse<\/strong> souvent inclus dans les programmes musicaux.<\/span><\/p>\n<\/li>\n<li>\n<p dir=\"ltr\"><span class=\"font-377884\"><strong>Nourriture et march\u00e9s<\/strong> : Les festivals proposent des stands de nourriture avec des sp\u00e9cialit\u00e9s comme la <strong>raclette<\/strong>, la <strong>fondue<\/strong>, des saucisses grill\u00e9es (par exemple, le <strong>cervelat<\/strong>), le <strong>r\u00f6sti<\/strong> et des desserts typiques comme la <strong>Zuger Kirschtorte<\/strong>.<\/span><\/p>\n<\/li>\n<li>\n<p dir=\"ltr\"><span class=\"font-377884\"><strong>Lampions et drapeaux<\/strong> : Les enfants participent avec des lampions d\u00e9cor\u00e9s de la croix suisse, et les maisons sont orn\u00e9es de drapeaux nationaux et cantonaux.<\/span><\/p>\n<\/li>\n<\/ul>\n<h3 dir=\"ltr\"><span class=\"font-377884\">Activit\u00e9s familiales<\/span><\/h3>\n<ul class=\"tight\" dir=\"ltr\" data-tight=\"true\">\n<li>\n<p dir=\"ltr\"><span class=\"font-377884\">Des <strong>jeux<\/strong>, des ateliers pour enfants et des activit\u00e9s r\u00e9cr\u00e9atives sont courants dans les parcs et les places.<\/span><\/p>\n<\/li>\n<li>\n<p dir=\"ltr\"><span class=\"font-377884\">Dans certaines localit\u00e9s, des <strong>concours de tir \u00e0 l\u2019arbal\u00e8te<\/strong> ou des \u00e9v\u00e9nements sportifs sont organis\u00e9s en hommage \u00e0 la l\u00e9gende de <strong>Guillaume Tell<\/strong>, figure symbolique de la libert\u00e9 suisse.<\/span><\/p>\n<\/li>\n<\/ul>\n<figure id=\"attachment_235688\" aria-describedby=\"caption-attachment-235688\" style=\"width: 840px\" class=\"wp-caption aligncenter\"><img decoding=\"async\" class=\"wp-image-235688 size-large\" src=\"https:\/\/swissfederalism.ch\/wp-content\/uploads\/2025\/07\/Rheinfallfeuerwerk-Image-by-Chris-Sche-Bo-2-1024x768.jpg\" alt=\"Rheinfallfeuerwerk Image by Chris Sche-Bo\" width=\"840\" height=\"630\" srcset=\"https:\/\/swissfederalism.ch\/wp-content\/uploads\/2025\/07\/Rheinfallfeuerwerk-Image-by-Chris-Sche-Bo-2-1024x768.jpg 1024w, https:\/\/swissfederalism.ch\/wp-content\/uploads\/2025\/07\/Rheinfallfeuerwerk-Image-by-Chris-Sche-Bo-2-300x225.jpg 300w, https:\/\/swissfederalism.ch\/wp-content\/uploads\/2025\/07\/Rheinfallfeuerwerk-Image-by-Chris-Sche-Bo-2-768x576.jpg 768w, https:\/\/swissfederalism.ch\/wp-content\/uploads\/2025\/07\/Rheinfallfeuerwerk-Image-by-Chris-Sche-Bo-2-1536x1152.jpg 1536w, https:\/\/swissfederalism.ch\/wp-content\/uploads\/2025\/07\/Rheinfallfeuerwerk-Image-by-Chris-Sche-Bo-2-350x262.jpg 350w, https:\/\/swissfederalism.ch\/wp-content\/uploads\/2025\/07\/Rheinfallfeuerwerk-Image-by-Chris-Sche-Bo-2.jpg 1707w\" sizes=\"(max-width: 840px) 100vw, 840px\" \/><figcaption id=\"caption-attachment-235688\" class=\"wp-caption-text\"><span class=\"font-377884\">Rheinfallfeuerwerk Image by Chris Sche-Bo<\/span><\/figcaption><\/figure>\n<h2 class=\"break-words\" dir=\"auto\"><span class=\"font-377884\">Les f\u00eates les plus c\u00e9l\u00e8bres en Suisse<\/span><\/h2>\n<p class=\"break-words\" dir=\"auto\"><span class=\"font-377884\">Certaines localit\u00e9s suisses sont r\u00e9put\u00e9es pour leurs c\u00e9l\u00e9brations spectaculaires, attirant r\u00e9sidents et touristes :<\/span><\/p>\n<h3 class=\"break-words\" dir=\"auto\"><span class=\"font-377884\">Prairie du R\u00fctli (Canton d\u2019Uri)<\/span><\/h3>\n<p class=\"break-words\" dir=\"auto\"><span class=\"font-377884\">Lieu symbolique de la Conf\u00e9d\u00e9ration, la prairie du R\u00fctli accueille une <strong class=\"font-semibold\">c\u00e9r\u00e9monie officielle<\/strong> avec le discours du pr\u00e9sident, diffus\u00e9 en direct \u00e0 la t\u00e9l\u00e9vision et \u00e0 la radio, accompagn\u00e9 de l\u2019<strong class=\"font-semibold\">Hymne suisse<\/strong>.La vue sur le lac des Quatre-Cantons et les feux de joie sur les collines environnantes cr\u00e9ent une atmosph\u00e8re impressionnante.<strong class=\"font-semibold\">Acc\u00e8s limit\u00e9<\/strong>, mais l\u2019\u00e9v\u00e9nement peut \u00eatre suivi \u00e0 la t\u00e9l\u00e9vision ou \u00e0 la radio.<\/span><\/p>\n<h3 class=\"break-words\" dir=\"auto\"><span class=\"font-377884\">Chutes du Rhin (Schaffhouse)<\/span><\/h3>\n<p class=\"break-words\" dir=\"auto\"><span class=\"font-377884\">Les plus grandes chutes d\u2019eau d\u2019Europe servent de d\u00e9cor \u00e0 l\u2019un des <strong class=\"font-semibold\">feux d\u2019artifice les plus spectaculaires<\/strong> de Suisse.Des milliers de visiteurs se rassemblent pour admirer les chutes illumin\u00e9es et les feux d\u2019artifice synchronis\u00e9s avec de la musique, souvent accompagn\u00e9s de l\u2019<strong class=\"font-semibold\">Hymne suisse<\/strong>.<\/span><\/p>\n<h3 class=\"break-words\" dir=\"auto\"><span class=\"font-377884\">Zurich<\/span><\/h3>\n<p class=\"break-words\" dir=\"auto\"><span class=\"font-377884\">La ville organise des \u00e9v\u00e9nements le long du lac de Zurich, avec des <strong class=\"font-semibold\">feux d\u2019artifice<\/strong>, des concerts et des stands de nourriture. L\u2019<strong class=\"font-semibold\">Hymne suisse<\/strong> est interpr\u00e9t\u00e9 lors des c\u00e9r\u00e9monies officielles.La <strong class=\"font-semibold\">Sechsel\u00e4utenplatz<\/strong> et la promenade du lac sont les points centraux des festivit\u00e9s, avec des soir\u00e9es qui se prolongent tard dans la nuit.<\/span><\/p>\n<h3 class=\"break-words\" dir=\"auto\"><span class=\"font-377884\">Berne<\/span><\/h3>\n<p class=\"break-words\" dir=\"auto\"><span class=\"font-377884\">La capitale accueille des c\u00e9l\u00e9brations officielles devant le <strong class=\"font-semibold\">Palais f\u00e9d\u00e9ral<\/strong>, avec des discours, de la musique (y compris l\u2019<strong class=\"font-semibold\">Hymne suisse<\/strong>) et des feux de joie.Les <strong class=\"font-semibold\">feux d\u2019artifice<\/strong> sur le Gurten, la colline panoramique de Berne, sont une attraction incontournable.<\/span><\/p>\n<h3 class=\"break-words\" dir=\"auto\"><span class=\"font-377884\">Lugano (Tessin)<\/span><\/h3>\n<p class=\"break-words\" dir=\"auto\"><span class=\"font-377884\">Dans le canton du Tessin, les c\u00e9l\u00e9brations m\u00ealent flair suisse et influences italiennes. Des concerts, des march\u00e9s et des feux d\u2019artifice animent le bord du lac de Lugano, avec l\u2019<strong class=\"font-semibold\">Hymne suisse<\/strong> chant\u00e9 en italien pour refl\u00e9ter la communaut\u00e9 locale.Les sp\u00e9cialit\u00e9s locales comme la <strong class=\"font-semibold\">polenta<\/strong> et les <strong class=\"font-semibold\">luganighe<\/strong> enrichissent l\u2019exp\u00e9rience.<\/span><\/p>\n<h3 class=\"break-words\" dir=\"auto\"><span class=\"font-377884\">B\u00e2le<\/span><\/h3>\n<p class=\"break-words\" dir=\"auto\"><span class=\"font-377884\">B\u00e2le c\u00e9l\u00e8bre avec une combinaison de <strong class=\"font-semibold\">feux de joie<\/strong>, de <strong class=\"font-semibold\">feux d\u2019artifice<\/strong> sur le Rhin et de f\u00eates de quartier, avec l\u2019<strong class=\"font-semibold\">Hymne suisse<\/strong> interpr\u00e9t\u00e9 lors des c\u00e9r\u00e9monies.La ville propose \u00e9galement des \u00e9v\u00e9nements culturels, comme des concerts de musique classique ou moderne.<\/span><\/p>\n<h2 class=\"break-words\" dir=\"auto\"><span class=\"font-377884\"><strong class=\"font-semibold\">Traditions et curiosit\u00e9s uniques<\/strong><\/span><\/h2>\n<ul class=\"marker:text-secondary\" dir=\"auto\">\n<li class=\"break-words\"><span class=\"font-377884\"><strong class=\"font-semibold\">Guillaume Tell<\/strong>\u00a0: De nombreuses c\u00e9l\u00e9brations font r\u00e9f\u00e9rence \u00e0 la l\u00e9gende de Guillaume Tell, symbole de libert\u00e9 et de r\u00e9sistance. Certains villages mettent en sc\u00e8ne des repr\u00e9sentations th\u00e9\u00e2trales de son histoire.<\/span><\/li>\n<li class=\"break-words\"><span class=\"font-377884\"><strong class=\"font-semibold\">Cloches et cors alpins<\/strong>\u00a0: Dans certaines r\u00e9gions alpines, des cloches et des cors sont jou\u00e9s pour accompagner les festivit\u00e9s, cr\u00e9ant un son caract\u00e9ristique qui r\u00e9sonne dans les vall\u00e9es.<\/span><\/li>\n<li class=\"break-words\"><span class=\"font-377884\"><strong class=\"font-semibold\">Multilinguisme<\/strong>\u00a0: Les discours, chansons et l\u2019<strong class=\"font-semibold\">Hymne suisse<\/strong>\u00a0refl\u00e8tent les quatre langues officielles, c\u00e9l\u00e9brant la diversit\u00e9 culturelle suisse.<\/span><\/li>\n<li class=\"break-words\"><span class=\"font-377884\"><strong class=\"font-semibold\">Durabilit\u00e9<\/strong>\u00a0: Ces derni\u00e8res ann\u00e9es, certaines villes ont introduit des\u00a0<strong class=\"font-semibold\">feux d\u2019artifice \u00e9cologiques<\/strong>\u00a0pour r\u00e9duire la pollution.<\/span><\/li>\n<\/ul>\n<h3 class=\"break-words\" dir=\"auto\"><span class=\"font-377884\">Conclusion<\/span><\/h3>\n<p class=\"break-words\" dir=\"auto\"><span class=\"font-377884\">Le <strong class=\"font-semibold\">1er ao\u00fbt<\/strong>, les Suisses c\u00e9l\u00e8brent leur patrie avec une f\u00eate empreinte d\u2019unit\u00e9 et de fiert\u00e9 nationale. La remarquable stabilit\u00e9 politique, initi\u00e9e par le <strong class=\"font-semibold\">Pacte de 1291<\/strong>, repose sur la <strong class=\"font-semibold\">neutralit\u00e9<\/strong>, l\u2019<strong class=\"font-semibold\">ind\u00e9pendance<\/strong> et le <strong class=\"font-semibold\">f\u00e9d\u00e9ralisme<\/strong>, qui distinguent la Suisse de nations comme la France, le Royaume-Uni, le Portugal ou l\u2019Autriche. La neutralit\u00e9 a prot\u00e9g\u00e9 le pays des conflits externes, l\u2019ind\u00e9pendance des cantons a garanti l\u2019harmonie interne, et le f\u00e9d\u00e9ralisme, avec la d\u00e9mocratie directe, a fait des citoyens les protagonistes de la gouvernance. L\u2019<strong class=\"font-semibold\">Hymne suisse<\/strong> et la l\u00e9gende de <strong class=\"font-semibold\">Guillaume Tell<\/strong> renforcent l\u2019identit\u00e9 nationale, tandis que les feux de joie et les feux d\u2019artifice illuminent les Alpes et les villes. Que vous soyez \u00e0 Zurich, Lugano ou dans un village alpin, le <strong class=\"font-semibold\">1er ao\u00fbt<\/strong> est l\u2019occasion id\u00e9ale pour vous immerger dans la culture suisse !<\/span><\/p>\n<p>&nbsp;<\/p>\n<p dir=\"ltr\"><a href=\"https:\/\/k16trade.ch\/seqex-en\/\"><img decoding=\"async\" class=\"wp-image-230949 size-medium aligncenter\" src=\"https:\/\/swissfederalism.ch\/wp-content\/uploads\/2020\/11\/FullLogo_Transparent_NoBuffer-300x145.png\" alt=\"K16 TRADE &amp; CONSULTING SWITZERLAND\" width=\"300\" height=\"145\" srcset=\"https:\/\/swissfederalism.ch\/wp-content\/uploads\/2020\/11\/FullLogo_Transparent_NoBuffer-300x145.png 300w, https:\/\/swissfederalism.ch\/wp-content\/uploads\/2020\/11\/FullLogo_Transparent_NoBuffer-1024x495.png 1024w, https:\/\/swissfederalism.ch\/wp-content\/uploads\/2020\/11\/FullLogo_Transparent_NoBuffer-768x371.png 768w, https:\/\/swissfederalism.ch\/wp-content\/uploads\/2020\/11\/FullLogo_Transparent_NoBuffer-350x169.png 350w, https:\/\/swissfederalism.ch\/wp-content\/uploads\/2020\/11\/FullLogo_Transparent_NoBuffer.png 1280w\" sizes=\"(max-width: 300px) 100vw, 300px\" \/><\/a><\/p>\n","protected":false},"excerpt":{"rendered":"<p>Le 1er ao\u00fbt, la Suisse c\u00e9l\u00e8bre la naissance de la Conf\u00e9d\u00e9ration en 1291 en unissant traditions, communaut\u00e9s et le Cantique suisse, et figure parmi les pays les plus stables gr\u00e2ce \u00e0 la neutralit\u00e9 et au f\u00e9d\u00e9ralisme.<\/p>\n","protected":false},"author":9,"featured_media":235685,"comment_status":"open","ping_status":"closed","sticky":false,"template":"","format":"standard","meta":{"footnotes":""},"categories":[318,308,303,209,294,1346],"tags":[1177,397,2175,2611,888,1478],"class_list":["post-235705","post","type-post","status-publish","format-standard","has-post-thumbnail","hentry","category-evenements","category-faits-marquants","category-histoire","category-les-magazines","category-suisse","category-curiosites","tag-democratie","tag-federalisme","tag-fete-nationale","tag-independance","tag-suisse","tag-traditions"],"_links":{"self":[{"href":"https:\/\/swissfederalism.ch\/fr\/wp-json\/wp\/v2\/posts\/235705","targetHints":{"allow":["GET"]}}],"collection":[{"href":"https:\/\/swissfederalism.ch\/fr\/wp-json\/wp\/v2\/posts"}],"about":[{"href":"https:\/\/swissfederalism.ch\/fr\/wp-json\/wp\/v2\/types\/post"}],"author":[{"embeddable":true,"href":"https:\/\/swissfederalism.ch\/fr\/wp-json\/wp\/v2\/users\/9"}],"replies":[{"embeddable":true,"href":"https:\/\/swissfederalism.ch\/fr\/wp-json\/wp\/v2\/comments?post=235705"}],"version-history":[{"count":2,"href":"https:\/\/swissfederalism.ch\/fr\/wp-json\/wp\/v2\/posts\/235705\/revisions"}],"predecessor-version":[{"id":235707,"href":"https:\/\/swissfederalism.ch\/fr\/wp-json\/wp\/v2\/posts\/235705\/revisions\/235707"}],"wp:featuredmedia":[{"embeddable":true,"href":"https:\/\/swissfederalism.ch\/fr\/wp-json\/wp\/v2\/media\/235685"}],"wp:attachment":[{"href":"https:\/\/swissfederalism.ch\/fr\/wp-json\/wp\/v2\/media?parent=235705"}],"wp:term":[{"taxonomy":"category","embeddable":true,"href":"https:\/\/swissfederalism.ch\/fr\/wp-json\/wp\/v2\/categories?post=235705"},{"taxonomy":"post_tag","embeddable":true,"href":"https:\/\/swissfederalism.ch\/fr\/wp-json\/wp\/v2\/tags?post=235705"}],"curies":[{"name":"wp","href":"https:\/\/api.w.org\/{rel}","templated":true}]}}