{"id":235537,"date":"2025-06-21T10:04:47","date_gmt":"2025-06-21T10:04:47","guid":{"rendered":"https:\/\/swissfederalism.ch\/paesi-auto-free\/"},"modified":"2025-06-22T13:03:03","modified_gmt":"2025-06-22T13:03:03","slug":"pays-sans-auto","status":"publish","type":"post","link":"https:\/\/swissfederalism.ch\/fr\/pays-sans-auto\/","title":{"rendered":"Entre nature et silence, les villages sans voiture \u00e0 d\u00e9couvrir"},"content":{"rendered":"<h1 data-start=\"218\" data-end=\"302\"><span class=\"font-377884\">Entre nature et silence, les villages sans voiture \u00e0 d\u00e9couvrir<\/span><\/h1>\n<h3 data-start=\"304\" data-end=\"796\"><span class=\"font-377884\"><em>Des lieux enchant\u00e9s o\u00f9 la modernit\u00e9 laisse place au silence, \u00e0 la nature et \u00e0 un mode de vie plus lent et plus authentique.<\/em><\/span><\/h3>\n<p><span class=\"font-377884\">Dans un monde qui va toujours plus vite, o\u00f9 les routes sont souvent encombr\u00e9es et o\u00f9 le bruit des moteurs accompagne chaque instant de la journ\u00e9e, il existe des r\u00e9alit\u00e9s qui semblent \u00e9chapper \u00e0 ce rythme incessant. Il s&rsquo;agit de villes et de villages &#8211; surtout en Europe, mais aussi dans d&rsquo;autres parties du monde &#8211; o\u00f9 les voitures sont interdites ou fortement limit\u00e9es. On s&rsquo;y d\u00e9place \u00e0 pied, \u00e0 v\u00e9lo, dans de petites cal\u00e8ches ou par des moyens alternatifs comme les t\u00e9l\u00e9ph\u00e9riques et les trains \u00e0 cr\u00e9maill\u00e8re.<\/span><\/p>\n<p><span class=\"font-377884\">Ces lieux repr\u00e9sentent non seulement un retour \u00e0 un mode de vie plus simple, mais offrent \u00e9galement un mod\u00e8le de durabilit\u00e9, en harmonie avec l&rsquo;environnement. Immerg\u00e9s dans des paysages de contes de f\u00e9es, souvent entour\u00e9s de montagnes, de lacs ou de for\u00eats, ces villages pr\u00e9servent la beaut\u00e9 d&rsquo;une Europe qui semble \u00eatre rest\u00e9e suspendue dans le temps. Id\u00e9aux pour ceux qui recherchent la paix, le silence et un tourisme plus conscient, ce sont des destinations parfaites pour red\u00e9couvrir la valeur de la marche et le plaisir du slow travel.<\/span><\/p>\n<p><span class=\"font-377884\"><strong><a href=\"https:\/\/swissfederalism.ch\/fr\/cols-suisses-2025\/\">Ouverture des cols suisses 2025<\/a><\/strong><\/span><\/p>\n<p><span class=\"font-377884\"><strong><a href=\"https:\/\/swissfederalism.ch\/fr\/carpostal\/\">CarPostal, symbole de la Suisse<\/a><\/strong><\/span><\/p>\n<figure id=\"attachment_235466\" aria-describedby=\"caption-attachment-235466\" style=\"width: 840px\" class=\"wp-caption aligncenter\"><img decoding=\"async\" class=\"wp-image-235466 size-large\" src=\"https:\/\/swissfederalism.ch\/wp-content\/uploads\/2025\/06\/IMG20230910172546-1024x770.jpg\" alt=\"Stoos (SZ) - Image by Chris Sche-Bo\" width=\"840\" height=\"632\" srcset=\"https:\/\/swissfederalism.ch\/wp-content\/uploads\/2025\/06\/IMG20230910172546-1024x770.jpg 1024w, https:\/\/swissfederalism.ch\/wp-content\/uploads\/2025\/06\/IMG20230910172546-300x226.jpg 300w, https:\/\/swissfederalism.ch\/wp-content\/uploads\/2025\/06\/IMG20230910172546-768x578.jpg 768w, https:\/\/swissfederalism.ch\/wp-content\/uploads\/2025\/06\/IMG20230910172546-1536x1155.jpg 1536w, https:\/\/swissfederalism.ch\/wp-content\/uploads\/2025\/06\/IMG20230910172546-2048x1540.jpg 2048w, https:\/\/swissfederalism.ch\/wp-content\/uploads\/2025\/06\/IMG20230910172546-350x263.jpg 350w, https:\/\/swissfederalism.ch\/wp-content\/uploads\/2025\/06\/IMG20230910172546-scaled.jpg 2560w\" sizes=\"(max-width: 840px) 100vw, 840px\" \/><figcaption id=\"caption-attachment-235466\" class=\"wp-caption-text\"><span class=\"font-377884\">Stoos (SZ) &#8211; Image by Chris Sche-Bo<\/span><\/figcaption><\/figure>\n<h3 data-start=\"798\" data-end=\"829\"><span class=\"font-377884\">\ud83c\udde8\ud83c\udded\u00a0<strong data-start=\"807\" data-end=\"827\">Stoos\u00a0<\/strong>(Suisse)<\/span><\/h3>\n<p><span class=\"font-377884\">Nich\u00e9 dans les Alpes schwytzoises, <strong>Stoos<\/strong>, situ\u00e9 dans la commune de Morschach, dans le canton de Schwyz, \u00e0 1 300 m\u00e8tres d&rsquo;altitude, avec une centaine d&rsquo;habitants, n&rsquo;est accessible que par le <strong>funiculaire le plus raide du monde<\/strong> (jusqu&rsquo;\u00e0 110 % de pente), inaugur\u00e9 en 2017, ou par le <strong>t\u00e9l\u00e9ph\u00e9rique de Morschach<\/strong>. C&rsquo;est une destination populaire en \u00e9t\u00e9 comme en hiver, id\u00e9ale pour les amoureux de la nature et des activit\u00e9s de plein air.<\/span><\/p>\n<p><span class=\"font-377884\">En \u00e9t\u00e9, Stoos propose de nombreux sentiers de randonn\u00e9e, dont le c\u00e9l\u00e8bre<strong> sentier panoramique Klingenstock-Fronalpstock<\/strong>, qui offre une vue spectaculaire \u00e0 360 degr\u00e9s sur le lac des Quatre-Cantons et les montagnes environnantes. Les amateurs d&rsquo;aventure peuvent \u00e9galement pratiquer le VTT et le parapente.<\/span><\/p>\n<p><span class=\"font-377884\">En hiver, le domaine skiable offre 35 km de pistes de ski et de snowboard, ainsi que la possibilit\u00e9 de faire de la luge et des raquettes.<\/span><\/p>\n<p><span class=\"font-377884\"><em>Fait<\/em> : Stoos a renonc\u00e9 aux liaisons routi\u00e8res afin de pr\u00e9server la qualit\u00e9 de vie et l&rsquo;environnement montagnard, devenant ainsi un mod\u00e8le de mobilit\u00e9 douce.<\/span><\/p>\n<figure id=\"attachment_235470\" aria-describedby=\"caption-attachment-235470\" style=\"width: 840px\" class=\"wp-caption aligncenter\"><img decoding=\"async\" class=\"wp-image-235470 size-large\" src=\"https:\/\/swissfederalism.ch\/wp-content\/uploads\/2025\/06\/IMG20231008162304-1024x770.jpg\" alt=\"Braunwald (GL) - Image by Chris Sche-Bo\" width=\"840\" height=\"632\" srcset=\"https:\/\/swissfederalism.ch\/wp-content\/uploads\/2025\/06\/IMG20231008162304-1024x770.jpg 1024w, https:\/\/swissfederalism.ch\/wp-content\/uploads\/2025\/06\/IMG20231008162304-300x226.jpg 300w, https:\/\/swissfederalism.ch\/wp-content\/uploads\/2025\/06\/IMG20231008162304-768x578.jpg 768w, https:\/\/swissfederalism.ch\/wp-content\/uploads\/2025\/06\/IMG20231008162304-1536x1155.jpg 1536w, https:\/\/swissfederalism.ch\/wp-content\/uploads\/2025\/06\/IMG20231008162304-2048x1540.jpg 2048w, https:\/\/swissfederalism.ch\/wp-content\/uploads\/2025\/06\/IMG20231008162304-350x263.jpg 350w, https:\/\/swissfederalism.ch\/wp-content\/uploads\/2025\/06\/IMG20231008162304-scaled.jpg 2560w\" sizes=\"(max-width: 840px) 100vw, 840px\" \/><figcaption id=\"caption-attachment-235470\" class=\"wp-caption-text\"><span class=\"font-377884\">Braunwald (GL) &#8211; Image by Chris Sche-Bo<\/span><\/figcaption><\/figure>\n<h3 data-start=\"1275\" data-end=\"1310\"><span class=\"font-377884\">\ud83c\udde8\ud83c\udded <strong data-start=\"1284\" data-end=\"1308\">Braunwald <\/strong><\/span><span class=\"font-377884\">(<\/span><span class=\"font-377884\">Suisse<\/span><span class=\"font-377884\">)<\/span><\/h3>\n<p><span class=\"font-377884\"><strong>Braunwald<\/strong>, mentionn\u00e9 pour la premi\u00e8re fois en 1421, est un village alpin situ\u00e9 \u00e0 1 256 m\u00e8tres d&rsquo;altitude dans le canton de Glaris, qui compte environ 300 habitants. \u00c0 l&rsquo;origine un village d&rsquo;\u00e9t\u00e9, il s&rsquo;est d\u00e9velopp\u00e9 au XVIIIe si\u00e8cle pour devenir un lieu habit\u00e9 toute l&rsquo;ann\u00e9e. Situ\u00e9 dans les montagnes, Braunwald est une station d&rsquo;\u00e9t\u00e9 populaire avec des activit\u00e9s telles que la randonn\u00e9e et l&rsquo;alpinisme, ainsi qu&rsquo;une station d&rsquo;hiver avec son domaine skiable.<\/span><\/p>\n<p><span class=\"font-377884\">Le tourisme s&rsquo;est d\u00e9velopp\u00e9 depuis l&rsquo;ouverture du funiculaire de Braunwaldbahn en 1907 et la construction d&rsquo;h\u00f4tels et d&rsquo;installations de ski.<\/span><\/p>\n<p><span class=\"font-377884\">La station est enti\u00e8rement ferm\u00e9e \u00e0 la circulation automobile et est accessible par le funiculaire de Braunwaldbahn, qui la relie au chemin de fer Ziegelbr\u00fccke-Linthal, qui fait partie du r\u00e9seau de transport rapide de Zurich.<\/span><\/p>\n<figure id=\"attachment_160806\" aria-describedby=\"caption-attachment-160806\" style=\"width: 840px\" class=\"wp-caption aligncenter\"><img decoding=\"async\" class=\"wp-image-160806 size-large\" src=\"https:\/\/swissfederalism.ch\/wp-content\/uploads\/2022\/08\/zermatt-gb503ef6bf_1920-1024x769.jpg\" alt=\"Scorcio di Zermatt - VS Foto di \ud83c\udf3cChristel\ud83c\udf3c da Pixabay\" width=\"840\" height=\"631\" srcset=\"https:\/\/swissfederalism.ch\/wp-content\/uploads\/2022\/08\/zermatt-gb503ef6bf_1920-1024x769.jpg 1024w, https:\/\/swissfederalism.ch\/wp-content\/uploads\/2022\/08\/zermatt-gb503ef6bf_1920-300x225.jpg 300w, https:\/\/swissfederalism.ch\/wp-content\/uploads\/2022\/08\/zermatt-gb503ef6bf_1920-768x576.jpg 768w, https:\/\/swissfederalism.ch\/wp-content\/uploads\/2022\/08\/zermatt-gb503ef6bf_1920-1536x1153.jpg 1536w, https:\/\/swissfederalism.ch\/wp-content\/uploads\/2022\/08\/zermatt-gb503ef6bf_1920.jpg 1920w\" sizes=\"(max-width: 840px) 100vw, 840px\" \/><figcaption id=\"caption-attachment-160806\" class=\"wp-caption-text\"><span class=\"font-377884\">Scorcio di Zermatt &#8211; VS Foto di \ud83c\udf3cChristel\ud83c\udf3c da Pixabay<\/span><\/figcaption><\/figure>\n<h3 data-start=\"2063\" data-end=\"2096\"><span class=\"font-377884\">\ud83c\udde8\ud83c\udded <strong data-start=\"2072\" data-end=\"2094\">Zermatt (<\/strong><\/span><span class=\"font-377884\">Suisse<\/span><span class=\"font-377884\"><strong data-start=\"2072\" data-end=\"2094\">)<\/strong><\/span><\/h3>\n<p><span class=\"font-377884\"><strong>Zermatt<\/strong> est une commune suisse d&rsquo;environ 5 700 habitants situ\u00e9e dans le canton du Valais, connue pour \u00eatre une station touristique alpine tr\u00e8s fr\u00e9quent\u00e9e, \u00e9t\u00e9 comme hiver. Situ\u00e9e au pied du Mattertal, elle est surtout connue pour le Cervin (Matterhorn), la c\u00e9l\u00e8bre montagne qui domine le village, et pour sa proximit\u00e9 avec les massifs du Mont Rose et du Weisshorn.<\/span><\/p>\n<p><span class=\"font-377884\">La premi\u00e8re mention de Zermatt remonte \u00e0 1280. Jusqu&rsquo;au XIXe si\u00e8cle, Zermatt \u00e9tait un petit village de montagne, mais avec le d\u00e9veloppement de l&rsquo;alpinisme et la construction du chemin de fer en 1928, il est devenu une importante station de ski. Elle fait partie du <strong>Matterhorn Ski Paradise<\/strong>, qui est \u00e9galement reli\u00e9 \u00e0 des stations italiennes telles que Valtournenche et Breuil-Cervinia.<\/span><\/p>\n<p><span class=\"font-377884\">Zermatt est interdit aux voitures : les visiteurs doivent laisser leur v\u00e9hicule \u00e0 T\u00e4sch, \u00e0 6 km de l\u00e0, et continuer en train. La gare de Zermatt est le terminus du chemin de fer Brigue-Visp-Zermatt et le point de d\u00e9part du chemin de fer du Gornergrat, c\u00e9l\u00e8bre pour ses vues spectaculaires.<\/span><\/p>\n<p><span class=\"font-377884\">Zermatt a commenc\u00e9 \u00e0 limiter la circulation dans les ann\u00e9es 1960 pour prot\u00e9ger l&rsquo;air frais et la vue sur le Cervin. Aujourd&rsquo;hui, c&rsquo;est l&rsquo;un des mod\u00e8les mondiaux de tourisme \u00e9cologique.<\/span><\/p>\n<figure id=\"attachment_235475\" aria-describedby=\"caption-attachment-235475\" style=\"width: 840px\" class=\"wp-caption aligncenter\"><img decoding=\"async\" class=\"wp-image-235475 size-large\" src=\"https:\/\/swissfederalism.ch\/wp-content\/uploads\/2025\/06\/Murren-BE-Image-by-Chensiyuan-CC-BY-SA-4.0-via-Wikimedia-Commons-1024x660.jpg\" alt=\"M\u00fcrren (BE) Image by Chensiyuan, CC BY-SA 4.0, via Wikimedia Commons\" width=\"840\" height=\"541\" srcset=\"https:\/\/swissfederalism.ch\/wp-content\/uploads\/2025\/06\/Murren-BE-Image-by-Chensiyuan-CC-BY-SA-4.0-via-Wikimedia-Commons-1024x660.jpg 1024w, https:\/\/swissfederalism.ch\/wp-content\/uploads\/2025\/06\/Murren-BE-Image-by-Chensiyuan-CC-BY-SA-4.0-via-Wikimedia-Commons-300x193.jpg 300w, https:\/\/swissfederalism.ch\/wp-content\/uploads\/2025\/06\/Murren-BE-Image-by-Chensiyuan-CC-BY-SA-4.0-via-Wikimedia-Commons-768x495.jpg 768w, https:\/\/swissfederalism.ch\/wp-content\/uploads\/2025\/06\/Murren-BE-Image-by-Chensiyuan-CC-BY-SA-4.0-via-Wikimedia-Commons-1536x989.jpg 1536w, https:\/\/swissfederalism.ch\/wp-content\/uploads\/2025\/06\/Murren-BE-Image-by-Chensiyuan-CC-BY-SA-4.0-via-Wikimedia-Commons-350x225.jpg 350w, https:\/\/swissfederalism.ch\/wp-content\/uploads\/2025\/06\/Murren-BE-Image-by-Chensiyuan-CC-BY-SA-4.0-via-Wikimedia-Commons.jpg 2048w\" sizes=\"(max-width: 840px) 100vw, 840px\" \/><figcaption id=\"caption-attachment-235475\" class=\"wp-caption-text\"><span class=\"font-377884\">M\u00fcrren (BE) Image by Chensiyuan, CC BY-SA 4.0, via Wikimedia Commons<\/span><\/figcaption><\/figure>\n<h3 data-start=\"92\" data-end=\"124\"><span class=\"font-377884\">\ud83c\udde8\ud83c\udded <strong data-start=\"101\" data-end=\"122\">M\u00fcrren (<\/strong><\/span><span class=\"font-377884\">Suisse<\/span><span class=\"font-377884\"><strong data-start=\"101\" data-end=\"122\">)<\/strong><\/span><\/h3>\n<p><span class=\"font-377884\"><strong>M\u00fcrren<\/strong> est un charmant village alpin situ\u00e9 \u00e0 1 650 m\u00e8tres d&rsquo;altitude, sur une terrasse naturelle surplombant un pr\u00e9cipice de plus de 700 m\u00e8tres, avec une vue imprenable sur la c\u00e9l\u00e8bre triade Eiger, M\u00f6nch et Jungfrau. Il fait partie de la commune de Lauterbrunnen, dans le canton de Berne, et <strong>est l&rsquo;une des rares localit\u00e9s habit\u00e9es toute l&rsquo;ann\u00e9e \u00e0 cette altitude.<\/strong> Elle est totalement ferm\u00e9e \u00e0 la circulation automobile et n&rsquo;est accessible qu&rsquo;en t\u00e9l\u00e9ph\u00e9rique ou en train.<\/span><\/p>\n<p><span class=\"font-377884\">M\u00fcrren a des origines Walser et a \u00e9t\u00e9 le th\u00e9\u00e2tre des premiers championnats du monde de ski en 1931. Aujourd&rsquo;hui, c&rsquo;est une destination internationale pour le tourisme d&rsquo;hiver et d&rsquo;\u00e9t\u00e9, et elle est \u00e9galement c\u00e9l\u00e8bre pour le film \u00ab<strong> Agent 007 &#8211; Au service secret de Sa Majest\u00e9<\/strong> \u00bb, tourn\u00e9 sur le <strong>Schilthorn &#8211; Piz Gloria<\/strong>, qui se trouve \u00e0 proximit\u00e9 et que l&rsquo;on peut atteindre en t\u00e9l\u00e9ph\u00e9rique. On y trouve un restaurant panoramique tournant \u00e0 pr\u00e8s de 3 000 m d&rsquo;altitude, ainsi qu&rsquo;un mus\u00e9e interactif consacr\u00e9 \u00e0 James Bond.<\/span><\/p>\n<p><span class=\"font-377884\">En hiver, il offre 53 km de pistes de ski et la c\u00e9l\u00e8bre Inferno Race, la plus longue course de descente amateur du monde (15,8 km). En \u00e9t\u00e9, c&rsquo;est un point de d\u00e9part id\u00e9al pour plus de 200 km de sentiers de randonn\u00e9e, de via ferrata, de parapente et de base jumping. Les pistes d&rsquo;hiver du village permettent d&rsquo;utiliser des luges et des skis directement entre les maisons et les h\u00f4tels.<\/span><\/p>\n<p><span class=\"font-377884\">M\u00fcrren est accessible par <strong>le t\u00e9l\u00e9ph\u00e9rique de Lauterbrunnen \u00e0 Grutschalp,<\/strong> suivi d&rsquo;un train panoramique, ou par<strong> le t\u00e9l\u00e9ph\u00e9rique de Stechelberg via Gimmelwald.<\/strong><\/span><\/p>\n<figure id=\"attachment_235479\" aria-describedby=\"caption-attachment-235479\" style=\"width: 840px\" class=\"wp-caption aligncenter\"><img decoding=\"async\" class=\"wp-image-235479 size-large\" src=\"https:\/\/swissfederalism.ch\/wp-content\/uploads\/2025\/06\/Wengen-BE-Image-by-Regina-from-Pixabay-1024x683.jpg\" alt=\"Wengen (BE) Image by Regina from Pixabay\" width=\"840\" height=\"560\" srcset=\"https:\/\/swissfederalism.ch\/wp-content\/uploads\/2025\/06\/Wengen-BE-Image-by-Regina-from-Pixabay-1024x683.jpg 1024w, https:\/\/swissfederalism.ch\/wp-content\/uploads\/2025\/06\/Wengen-BE-Image-by-Regina-from-Pixabay-300x200.jpg 300w, https:\/\/swissfederalism.ch\/wp-content\/uploads\/2025\/06\/Wengen-BE-Image-by-Regina-from-Pixabay-768x512.jpg 768w, https:\/\/swissfederalism.ch\/wp-content\/uploads\/2025\/06\/Wengen-BE-Image-by-Regina-from-Pixabay-1536x1024.jpg 1536w, https:\/\/swissfederalism.ch\/wp-content\/uploads\/2025\/06\/Wengen-BE-Image-by-Regina-from-Pixabay-350x233.jpg 350w, https:\/\/swissfederalism.ch\/wp-content\/uploads\/2025\/06\/Wengen-BE-Image-by-Regina-from-Pixabay.jpg 1920w\" sizes=\"(max-width: 840px) 100vw, 840px\" \/><figcaption id=\"caption-attachment-235479\" class=\"wp-caption-text\"><span class=\"font-377884\">Wengen (BE) Image by Regina from Pixabay<\/span><\/figcaption><\/figure>\n<h3 data-start=\"88\" data-end=\"120\"><span class=\"font-377884\">\ud83c\udde8\ud83c\udded <strong data-start=\"97\" data-end=\"118\">Wengen (<\/strong><\/span><span class=\"font-377884\">Suisse<\/span><span class=\"font-377884\"><strong data-start=\"97\" data-end=\"118\">)<\/strong><\/span><\/h3>\n<p><span class=\"font-377884\"><strong>Wengen<\/strong> est un village alpin situ\u00e9 \u00e0 1 274 m\u00e8tres d&rsquo;altitude au c\u0153ur des Alpes bernoises, dans le canton de Berne. Il s&rsquo;agit d&rsquo;un hameau de la commune de Lauterbrunnen, enti\u00e8rement ferm\u00e9 \u00e0 la circulation automobile. On ne peut y acc\u00e9der que par le <strong>chemin de fer \u00e0 cr\u00e9maill\u00e8re Wengernalpbahn<\/strong>, en service depuis 1893. Le terminus du t\u00e9l\u00e9ph\u00e9rique menant au M\u00e4nnlichen se trouve \u00e9galement \u00e0 proximit\u00e9 de la gare.<\/span><\/p>\n<p><span class=\"font-377884\">Mentionn\u00e9e pour la premi\u00e8re fois en 1268, Wengen a \u00e9t\u00e9 une communaut\u00e9 agricole pendant des si\u00e8cles. Elle est devenue une destination touristique d\u00e8s le 19e si\u00e8cle, et est depuis devenue une station d&rsquo;hiver et d&rsquo;\u00e9t\u00e9 tr\u00e8s pris\u00e9e. Pendant les mois de pointe, elle peut accueillir jusqu&rsquo;\u00e0 10 000 personnes, gr\u00e2ce \u00e0 de nombreuses r\u00e9sidences secondaires, h\u00f4tels et appartements en location.<\/span><\/p>\n<p><span class=\"font-377884\">Wengen est mondialement connu pour accueillir depuis 1930 le prestigieux <strong>Troph\u00e9e Lauberhorn<\/strong>, une \u00e9tape historique de la Coupe du monde de ski alpin, qui comprend la plus longue course de descente du circuit (plus de 4 km). <strong>Le village offre \u00e9galement des patinoires, du curling et un vaste r\u00e9seau de sentiers de randonn\u00e9e et de trekking, ce qui en fait un paradis pour les amoureux de la montagne et du tourisme lent.<\/strong><\/span><\/p>\n<p><span class=\"font-377884\"><em>Remarque<\/em> : La gare ferroviaire ouverte en 1893 a marqu\u00e9 le d\u00e9but du tourisme alpin moderne, sans jamais compromettre la tranquillit\u00e9 des lieux.<\/span><\/p>\n<figure id=\"attachment_235483\" aria-describedby=\"caption-attachment-235483\" style=\"width: 840px\" class=\"wp-caption aligncenter\"><img decoding=\"async\" class=\"wp-image-235483 size-large\" src=\"https:\/\/swissfederalism.ch\/wp-content\/uploads\/2025\/06\/Bettmeralp-Image-by-Erich-Westendarp-from-Pixabay-1024x667.jpg\" alt=\"Bettmeralp Image by Erich Westendarp from Pixabay\" width=\"840\" height=\"547\" srcset=\"https:\/\/swissfederalism.ch\/wp-content\/uploads\/2025\/06\/Bettmeralp-Image-by-Erich-Westendarp-from-Pixabay-1024x667.jpg 1024w, https:\/\/swissfederalism.ch\/wp-content\/uploads\/2025\/06\/Bettmeralp-Image-by-Erich-Westendarp-from-Pixabay-300x195.jpg 300w, https:\/\/swissfederalism.ch\/wp-content\/uploads\/2025\/06\/Bettmeralp-Image-by-Erich-Westendarp-from-Pixabay-768x500.jpg 768w, https:\/\/swissfederalism.ch\/wp-content\/uploads\/2025\/06\/Bettmeralp-Image-by-Erich-Westendarp-from-Pixabay-1536x1000.jpg 1536w, https:\/\/swissfederalism.ch\/wp-content\/uploads\/2025\/06\/Bettmeralp-Image-by-Erich-Westendarp-from-Pixabay-350x228.jpg 350w, https:\/\/swissfederalism.ch\/wp-content\/uploads\/2025\/06\/Bettmeralp-Image-by-Erich-Westendarp-from-Pixabay.jpg 1920w\" sizes=\"(max-width: 840px) 100vw, 840px\" \/><figcaption id=\"caption-attachment-235483\" class=\"wp-caption-text\"><span class=\"font-377884\">Bettmeralp Image by Erich Westendarp from Pixabay<\/span><\/figcaption><\/figure>\n<h3 data-start=\"88\" data-end=\"120\"><span class=\"font-377884\">\ud83c\udde8\ud83c\udded <strong data-start=\"720\" data-end=\"745\">Bettmeralp (<\/strong><\/span><span class=\"font-377884\"><strong data-start=\"720\" data-end=\"745\">Suisse)<\/strong><\/span><\/h3>\n<p><span class=\"font-377884\">\u00c0 pr\u00e8s de 2 000 m\u00e8tres d&rsquo;altitude, <strong>Bettmeralp<\/strong> est un village alpin sans circulation, entour\u00e9 d&rsquo;un panorama \u00e0 couper le souffle. Situ\u00e9 sur une terrasse ensoleill\u00e9e surplombant la vall\u00e9e du Rh\u00f4ne, Bettmeralp est un lieu de vill\u00e9giature enti\u00e8rement ferm\u00e9 \u00e0 la circulation et accessible uniquement par t\u00e9l\u00e9ph\u00e9rique. Aux portes du glacier d&rsquo;Aletsch, premier site alpin inscrit au<strong> patrimoine naturel mondial de l&rsquo;UNESCO<\/strong>, cette station <strong>b\u00e9n\u00e9ficie de 300 jours d&rsquo;ensoleillement par an<\/strong> et d&rsquo;une vue spectaculaire sur les g\u00e9ants des Alpes valaisannes, dont le Cervin, le Dom et le White Horn.<\/span><\/p>\n<p><span class=\"font-377884\">Destination id\u00e9ale pour les familles, \u00e9t\u00e9 comme hiver, la station a re\u00e7u le label de qualit\u00e9 \u00ab <strong>Familles bienvenues<\/strong> \u00bb et propose des services d\u00e9di\u00e9s tels que la location de mat\u00e9riel pour enfants, des programmes d&rsquo;animation et des sentiers de randonn\u00e9e accessibles m\u00eame avec des poussettes. Une combinaison parfaite de nature, de tranquillit\u00e9 et d&rsquo;hospitalit\u00e9.<\/span><\/p>\n<figure id=\"attachment_235487\" aria-describedby=\"caption-attachment-235487\" style=\"width: 840px\" class=\"wp-caption aligncenter\"><img decoding=\"async\" class=\"wp-image-235487 size-large\" src=\"https:\/\/swissfederalism.ch\/wp-content\/uploads\/2025\/06\/stadel-7431307_1920-1024x680.jpg\" alt=\"Saas Fee (VS) Image by xiSerge from Pixabay\" width=\"840\" height=\"558\" srcset=\"https:\/\/swissfederalism.ch\/wp-content\/uploads\/2025\/06\/stadel-7431307_1920-1024x680.jpg 1024w, https:\/\/swissfederalism.ch\/wp-content\/uploads\/2025\/06\/stadel-7431307_1920-300x199.jpg 300w, https:\/\/swissfederalism.ch\/wp-content\/uploads\/2025\/06\/stadel-7431307_1920-768x510.jpg 768w, https:\/\/swissfederalism.ch\/wp-content\/uploads\/2025\/06\/stadel-7431307_1920-1536x1020.jpg 1536w, https:\/\/swissfederalism.ch\/wp-content\/uploads\/2025\/06\/stadel-7431307_1920-350x232.jpg 350w, https:\/\/swissfederalism.ch\/wp-content\/uploads\/2025\/06\/stadel-7431307_1920.jpg 1920w\" sizes=\"(max-width: 840px) 100vw, 840px\" \/><figcaption id=\"caption-attachment-235487\" class=\"wp-caption-text\"><span class=\"font-377884\">Saas Fee (VS) Image by xiSerge from Pixabay<\/span><\/figcaption><\/figure>\n<h3 data-start=\"88\" data-end=\"120\"><span class=\"font-377884\">\ud83c\udde8\ud83c\udded <strong data-start=\"720\" data-end=\"745\">Saas-Fee (<\/strong><\/span><span class=\"font-377884\"><strong data-start=\"720\" data-end=\"745\">Suisse)<\/strong><\/span><\/h3>\n<p data-start=\"651\" data-end=\"977\" data-is-last-node=\"\" data-is-only-node=\"\"><span class=\"font-377884\"><strong>Saas-Fee<\/strong>, principale station du Saastal dans le canton du Valais, en Suisse, est situ\u00e9e sur un plateau \u00e0 1 800 m\u00e8tres d&rsquo;altitude, entour\u00e9e de pas moins de 13 sommets de plus de 4 000 m\u00e8tres, la plus grande concentration de sommets de cette hauteur dans les Alpes, ce qui lui vaut le surnom de \u00ab <strong>Perle des Alpes<\/strong> \u00bb. Caract\u00e9ris\u00e9 par un centre enti\u00e8rement interdit aux voitures depuis 1951, Saas-Fee n&rsquo;est accessible que jusqu&rsquo;au parking \u00e0 l&rsquo;entr\u00e9e, d&rsquo;o\u00f9 l&rsquo;on continue \u00e0 pied ou en petits v\u00e9hicules \u00e9lectriques. Connue pour son architecture en bois et sa situation au pied des glaciers Dom et Allalinhorn, c&rsquo;est une station de ski populaire avec 150 km de pistes desservies par 22 remont\u00e9es m\u00e9caniques, dont le funiculaire souterrain le plus haut du monde et un restaurant tournant \u00e0 3 500 m\u00e8tres d&rsquo;altitude. La station est \u00e9galement appr\u00e9ci\u00e9e pour les excursions estivales vers des sommets tels que le Weissmies et le Nadelhorn, ainsi que pour des activit\u00e9s telles que le parapente, l&rsquo;alpinisme, l&rsquo;escalade de glace et le canyoning. En \u00e9t\u00e9 et en hiver, elle propose des \u00e9v\u00e9nements culturels, gastronomiques et sportifs, et abrite un campus de l&rsquo;European Graduate School. Saas-Fee est \u00e9galement c\u00e9l\u00e8bre pour avoir accueilli le tournage du<strong> clip vid\u00e9o \u00ab Last Christmas \u00bb de Wham ! (1984)<\/strong> et pour avoir servi de cadre au roman d&rsquo;Andr\u00e9 Gide Les faux-monnayeurs.<\/span><\/p>\n<figure id=\"attachment_235491\" aria-describedby=\"caption-attachment-235491\" style=\"width: 1024px\" class=\"wp-caption aligncenter\"><img decoding=\"async\" class=\"wp-image-235491 size-full\" src=\"https:\/\/swissfederalism.ch\/wp-content\/uploads\/2025\/06\/Chamois-Aosta-Valley-Italy-Image-by-Hagai-Agmon-Snir-\u062d\u0686\u0627\u064a-\u0627\u0686\u0645\u0648\u0646-\u0633\u0646\u064a\u0631-\u05d7\u05d2\u05d9-\u05d0\u05d2\u05de\u05d5\u05df-\u05e9\u05e0\u05d9\u05e8-CC-BY-SA-4.0-via-Wikimedia-Commons.jpg\" alt=\"Chamois (Aosta Valley - Italy) Image by Hagai Agmon-Snir \u062d\u0686\u0627\u064a \u0627\u0686\u0645\u0648\u0646-\u0633\u0646\u064a\u0631 \u05d7\u05d2\u05d9 \u05d0\u05d2\u05de\u05d5\u05df-\u05e9\u05e0\u05d9\u05e8, CC BY-SA 4.0, via Wikimedia Commons\" width=\"1024\" height=\"682\" srcset=\"https:\/\/swissfederalism.ch\/wp-content\/uploads\/2025\/06\/Chamois-Aosta-Valley-Italy-Image-by-Hagai-Agmon-Snir-\u062d\u0686\u0627\u064a-\u0627\u0686\u0645\u0648\u0646-\u0633\u0646\u064a\u0631-\u05d7\u05d2\u05d9-\u05d0\u05d2\u05de\u05d5\u05df-\u05e9\u05e0\u05d9\u05e8-CC-BY-SA-4.0-via-Wikimedia-Commons.jpg 1024w, https:\/\/swissfederalism.ch\/wp-content\/uploads\/2025\/06\/Chamois-Aosta-Valley-Italy-Image-by-Hagai-Agmon-Snir-\u062d\u0686\u0627\u064a-\u0627\u0686\u0645\u0648\u0646-\u0633\u0646\u064a\u0631-\u05d7\u05d2\u05d9-\u05d0\u05d2\u05de\u05d5\u05df-\u05e9\u05e0\u05d9\u05e8-CC-BY-SA-4.0-via-Wikimedia-Commons-300x200.jpg 300w, https:\/\/swissfederalism.ch\/wp-content\/uploads\/2025\/06\/Chamois-Aosta-Valley-Italy-Image-by-Hagai-Agmon-Snir-\u062d\u0686\u0627\u064a-\u0627\u0686\u0645\u0648\u0646-\u0633\u0646\u064a\u0631-\u05d7\u05d2\u05d9-\u05d0\u05d2\u05de\u05d5\u05df-\u05e9\u05e0\u05d9\u05e8-CC-BY-SA-4.0-via-Wikimedia-Commons-768x512.jpg 768w, https:\/\/swissfederalism.ch\/wp-content\/uploads\/2025\/06\/Chamois-Aosta-Valley-Italy-Image-by-Hagai-Agmon-Snir-\u062d\u0686\u0627\u064a-\u0627\u0686\u0645\u0648\u0646-\u0633\u0646\u064a\u0631-\u05d7\u05d2\u05d9-\u05d0\u05d2\u05de\u05d5\u05df-\u05e9\u05e0\u05d9\u05e8-CC-BY-SA-4.0-via-Wikimedia-Commons-350x233.jpg 350w\" sizes=\"(max-width: 1024px) 100vw, 1024px\" \/><figcaption id=\"caption-attachment-235491\" class=\"wp-caption-text\"><span class=\"font-377884\">Chamois (Aosta Valley &#8211; Italy) Image by Hagai Agmon-Snir \u062d\u0686\u0627\u064a \u0627\u0686\u0645\u0648\u0646-\u0633\u0646\u064a\u0631 \u05d7\u05d2\u05d9 \u05d0\u05d2\u05de\u05d5\u05df-\u05e9\u05e0\u05d9\u05e8, CC BY-SA 4.0, via Wikimedia Commons<\/span><\/figcaption><\/figure>\n<h3 data-start=\"173\" data-end=\"204\">\ud83c\uddee\ud83c\uddf9\u00a0<strong data-start=\"182\" data-end=\"202\">Chamois\u00a0<\/strong>(Italie)<\/h3>\n<p>Au c\u0153ur du Valtournenche, dans la Vall\u00e9e d&rsquo;Aoste, <strong>Chamois<\/strong> est la seule commune d&rsquo;Italie \u00e0 ne pas \u00eatre accessible en voiture. On y acc\u00e8de <strong>uniquement par le t\u00e9l\u00e9ph\u00e9rique de Buisson<\/strong>, \u00e0 pied par le sentier muletier des Seingles, par un chemin agricole de La Magdeleine, ou encore en faisant atterrir des petits avions sur l&rsquo;a\u00e9rodrome de la commune. Les voitures et les motos sont interdites dans la commune, qui fait partie du consortium Perle delle Alpi pour son engagement en faveur de la mobilit\u00e9 durable.<\/p>\n<p>Il n&rsquo;y a aucune preuve de colonisation \u00e0 l&rsquo;\u00e9poque romaine ou pr\u00e9romaine. Le peuplement permanent remonte probablement \u00e0 la fin du Moyen-\u00c2ge, lorsque l&rsquo;augmentation de la population a entra\u00een\u00e9 la colonisation de zones jusqu&rsquo;alors r\u00e9serv\u00e9es \u00e0 la transhumance.<\/p>\n<p>Chamois est une destination pris\u00e9e pour le tourisme doux, surtout en hiver, avec environ 14 km de pistes de ski et de nombreux sentiers de randonn\u00e9e estivale. Le patois valdostano (dialecte local) est encore bien vivant chez les habitants. Parmi les traditions les plus enracin\u00e9es, citons l&rsquo;artisanat du bois (sabots, statuettes, paniers de noisettes) et la production de pain de seigle noir, cuit dans un four \u00e0 bois selon l&rsquo;ancienne recette de la cuisine alpine.<\/p>\n<p><em>Note historique :<\/em> Dans les ann\u00e9es 1950, les habitants ont refus\u00e9 la construction d&rsquo;une route carrossable, optant pour un mode de vie respectueux des personnes.<\/p>\n<figure id=\"attachment_235495\" aria-describedby=\"caption-attachment-235495\" style=\"width: 840px\" class=\"wp-caption aligncenter\"><img decoding=\"async\" class=\"wp-image-235495 size-large\" src=\"https:\/\/swissfederalism.ch\/wp-content\/uploads\/2025\/06\/Venezia-Image-by-Chris-Sche-Bo-1024x768.jpg\" alt=\"Venezia Image by Chris Sche-Bo\" width=\"840\" height=\"630\" srcset=\"https:\/\/swissfederalism.ch\/wp-content\/uploads\/2025\/06\/Venezia-Image-by-Chris-Sche-Bo-1024x768.jpg 1024w, https:\/\/swissfederalism.ch\/wp-content\/uploads\/2025\/06\/Venezia-Image-by-Chris-Sche-Bo-300x225.jpg 300w, https:\/\/swissfederalism.ch\/wp-content\/uploads\/2025\/06\/Venezia-Image-by-Chris-Sche-Bo-768x576.jpg 768w, https:\/\/swissfederalism.ch\/wp-content\/uploads\/2025\/06\/Venezia-Image-by-Chris-Sche-Bo-1536x1152.jpg 1536w, https:\/\/swissfederalism.ch\/wp-content\/uploads\/2025\/06\/Venezia-Image-by-Chris-Sche-Bo-350x263.jpg 350w, https:\/\/swissfederalism.ch\/wp-content\/uploads\/2025\/06\/Venezia-Image-by-Chris-Sche-Bo.jpg 1600w\" sizes=\"(max-width: 840px) 100vw, 840px\" \/><figcaption id=\"caption-attachment-235495\" class=\"wp-caption-text\"><span class=\"font-377884\">Venezia Image by Chris Sche-Bo<\/span><\/figcaption><\/figure>\n<h3 data-start=\"173\" data-end=\"204\"><span class=\"font-377884\">\ud83c\uddee\ud83c\uddf9 Venise (Italie)<\/span><\/h3>\n<p><span class=\"font-377884\">Contrairement \u00e0 de nombreux sites sans voiture situ\u00e9s dans des r\u00e9gions alpines ou recul\u00e9es, <strong>Venise<\/strong> est une <strong>m\u00e9tropole historique, mondialement connue,<\/strong> situ\u00e9e sur plus de 100 \u00eeles de la lagune v\u00e9nitienne, sans aucune route praticable par des v\u00e9hicules \u00e0 moteur. Les d\u00e9placements se font exclusivement \u00e0 pied ou par les canaux, ce qui en fait l&rsquo;une des villes pi\u00e9tonnes les plus grandes et les plus complexes du monde.<\/span><\/p>\n<p><span class=\"font-377884\">Fond\u00e9e au Ve si\u00e8cle, Venise a \u00e9t\u00e9 pendant plus d&rsquo;un mill\u00e9naire la capitale de la R\u00e9publique S\u00e9r\u00e9nissime, ancienne puissance maritime qui a profond\u00e9ment influenc\u00e9 le commerce, l&rsquo;art et la culture en M\u00e9diterran\u00e9e. Aujourd&rsquo;hui, c&rsquo;est l<strong>&lsquo;une des villes les plus visit\u00e9es au monde,<\/strong> la deuxi\u00e8me apr\u00e8s Rome en Italie en termes de flux touristique, et elle accueille des \u00e9v\u00e9nements internationaux tels que la <strong>Biennale d&rsquo;Arte<\/strong> et la <strong>Mostra del Cinema,<\/strong> qui renforcent sa centralit\u00e9 culturelle.<\/span><\/p>\n<p><span class=\"font-377884\">Cette renomm\u00e9e exceptionnelle s&rsquo;accompagne toutefois de d\u00e9fis. Le centre historique compte moins de 50 000 habitants, contre des millions de touristes chaque ann\u00e9e, avec un pic constant de fr\u00e9quentation quotidienne qui d\u00e9passe de loin la capacit\u00e9 durable de la ville.<\/span><\/p>\n<p><span class=\"font-377884\">Contrairement \u00e0 d&rsquo;autres villages sans voiture, souvent pr\u00e9serv\u00e9s du tourisme pr\u00e9cis\u00e9ment en raison de leur isolement, <strong>Venise est au centre des routes touristiques du monde<\/strong>. Cela en fait un exemple unique : il ne s&rsquo;agit pas d&rsquo;un mod\u00e8le id\u00e9al de carte postale de la mobilit\u00e9 durable, mais d&rsquo;un laboratoire urbain vivant, o\u00f9 l&rsquo;on cherche des solutions pour \u00e9quilibrer l&rsquo;accessibilit\u00e9, la pr\u00e9servation et l&rsquo;habitabilit\u00e9.<\/span><\/p>\n<p><span class=\"font-377884\">Venise est l&rsquo;une des villes les plus embl\u00e9matiques du monde, choisie comme d\u00e9cor par de nombreux r\u00e9alisateurs pour des films c\u00e9l\u00e8bres tels que \u00ab<strong> Mort \u00e0 Venise<\/strong> \u00bb de Visconti, \u201c<strong>Casanova<\/strong>\u201d avec Heath Ledger, \u00ab <strong>Le Marchand de Venise<\/strong> \u00bb avec Al Pacino et Jeremy Irons, \u00ab <strong>007 &#8211; Casino Royale<\/strong> \u00bb, et bien d&rsquo;autres, qui ont su exploiter le charme de ses canaux, de ses palais et de son atmosph\u00e8re suspendue dans le temps.<\/span><\/p>\n<p><span class=\"font-377884\">Venise n&rsquo;est pas seulement un d\u00e9cor de cin\u00e9ma, c&rsquo;est aussi un lieu de pr\u00e9dilection pour les mariages de r\u00eave de c\u00e9l\u00e9brit\u00e9s telles que l&rsquo;acteur et r\u00e9alisateur am\u00e9ricain <strong>George Clooney et Amal Alamuddin<\/strong>, le footballeur espagnol <strong>Alvaro Morata et Alice Campello<\/strong>, ou la joueuse de tennis serbe <strong>Ana Ivanovic<\/strong> et le footballeur allemand <strong>Bastian Schweinsteiger.<\/strong><\/span><\/p>\n<p>&nbsp;<\/p>\n<figure id=\"attachment_235462\" aria-describedby=\"caption-attachment-235462\" style=\"width: 840px\" class=\"wp-caption aligncenter\"><img decoding=\"async\" class=\"wp-image-235462 size-large\" src=\"https:\/\/swissfederalism.ch\/wp-content\/uploads\/2025\/06\/IMG20230813170346-1-1024x770.jpg\" alt=\"Baia e Abbazia di San Fruttuoso (GE) - Image by Chris Sche-Bo\" width=\"840\" height=\"632\" srcset=\"https:\/\/swissfederalism.ch\/wp-content\/uploads\/2025\/06\/IMG20230813170346-1-1024x770.jpg 1024w, https:\/\/swissfederalism.ch\/wp-content\/uploads\/2025\/06\/IMG20230813170346-1-300x226.jpg 300w, https:\/\/swissfederalism.ch\/wp-content\/uploads\/2025\/06\/IMG20230813170346-1-768x578.jpg 768w, https:\/\/swissfederalism.ch\/wp-content\/uploads\/2025\/06\/IMG20230813170346-1-1536x1155.jpg 1536w, https:\/\/swissfederalism.ch\/wp-content\/uploads\/2025\/06\/IMG20230813170346-1-2048x1540.jpg 2048w, https:\/\/swissfederalism.ch\/wp-content\/uploads\/2025\/06\/IMG20230813170346-1-350x263.jpg 350w, https:\/\/swissfederalism.ch\/wp-content\/uploads\/2025\/06\/IMG20230813170346-1-scaled.jpg 2560w\" sizes=\"(max-width: 840px) 100vw, 840px\" \/><figcaption id=\"caption-attachment-235462\" class=\"wp-caption-text\"><span class=\"font-377884\">Baia e Abbazia di San Fruttuoso (GE) &#8211; Image by Chris Sche-Bo<\/span><\/figcaption><\/figure>\n<h3 data-start=\"2105\" data-end=\"2177\"><span class=\"font-377884\">\ud83c\uddee\ud83c\uddf9 <strong data-start=\"2114\" data-end=\"2177\">San Fruttuoso (<\/strong><\/span><span class=\"font-377884\">Italie<\/span><span class=\"font-377884\"><strong data-start=\"2114\" data-end=\"2177\">)\u00a0<\/strong><\/span><\/h3>\n<p><span class=\"font-377884\"><strong>L&rsquo;abbaye de San Fruttuoso di Capodimonte<\/strong> est un ancien complexe religieux situ\u00e9 dans la baie du m\u00eame nom, dans la municipalit\u00e9 de Camogli (Ligurie), \u00e0 l&rsquo;int\u00e9rieur du <strong>parc du Mont de Portofino<\/strong>. Il est d\u00e9di\u00e9 \u00e0 <strong>Saint Fruttuoso de Tarragone,<\/strong> dont les reliques sont conserv\u00e9es ici, d\u00e9plac\u00e9es pour \u00e9chapper \u00e0 l&rsquo;invasion arabe de la p\u00e9ninsule ib\u00e9rique. L&rsquo;abbaye n&rsquo;est accessible que par <strong>la mer ou par deux sentiers panoramiques<\/strong>, l&rsquo;un partant du Monte di Portofino et l&rsquo;autre longeant la c\u00f4te depuis Portofino, et surplombe une plage de baignade. Dans la baie se trouve la c\u00e9l\u00e8bre <strong>statue immerg\u00e9e du Christ de l&rsquo;ab\u00eeme<\/strong>, plac\u00e9e l\u00e0 en 1954.<\/span><\/p>\n<p><span class=\"font-377884\">Le complexe remonte au VIIIe si\u00e8cle et a \u00e9t\u00e9 agrandi entre le Xe et le XIe si\u00e8cle, avec des interventions ult\u00e9rieures de la famille Doria, qui a utilis\u00e9 certaines des pi\u00e8ces comme chambres fun\u00e9raires. Au XVIe si\u00e8cle, Andrea Doria fit reconstruire le clo\u00eetre et construire une tour de guet pour se prot\u00e9ger des pirates barbaresques. Apr\u00e8s une p\u00e9riode d&rsquo;abandon, il a \u00e9t\u00e9 restaur\u00e9 dans les ann\u00e9es 1930 et donn\u00e9 au Fondo Ambiente Italiano en 1983. Aujourd&rsquo;hui, elle accueille des concerts, des \u00e9v\u00e9nements culturels et un mus\u00e9e qui pr\u00e9sente des pi\u00e8ces arch\u00e9ologiques et des c\u00e9ramiques m\u00e9di\u00e9vales.<\/span><\/p>\n<p><span class=\"font-377884\">L&rsquo;abbaye a \u00e9galement servi de d\u00e9cor de cin\u00e9ma, notamment dans le film <strong>Il diavolo in convento<\/strong> (Le diable au couvent) de Nunzio Malasomma avec <strong>Gilberto Govi<\/strong> (1951), qui a mis en valeur l&rsquo;atmosph\u00e8re unique du lieu.<\/span><\/p>\n<p data-start=\"1734\" data-end=\"2126\" data-is-last-node=\"\" data-is-only-node=\"\"><span class=\"font-377884\">En outre, San Fruttuoso est une destination pour des mariages exclusifs et intimes, choisie par des VIP et des personnalit\u00e9s pour c\u00e9l\u00e9brer des \u00e9v\u00e9nements priv\u00e9s dans un cadre \u00e9vocateur et intemporel, gr\u00e2ce \u00e0 sa situation isol\u00e9e et \u00e0 la beaut\u00e9 naturelle qui l&rsquo;entoure.<\/span><\/p>\n<figure id=\"attachment_235454\" aria-describedby=\"caption-attachment-235454\" style=\"width: 840px\" class=\"wp-caption aligncenter\"><img decoding=\"async\" class=\"wp-image-235454 size-large\" src=\"https:\/\/swissfederalism.ch\/wp-content\/uploads\/2025\/06\/IMG_5374-1024x768.jpg\" alt=\"Civita di Bagnoregio (VT) - Image by Chris Sche-Bo\" width=\"840\" height=\"630\" srcset=\"https:\/\/swissfederalism.ch\/wp-content\/uploads\/2025\/06\/IMG_5374-1024x768.jpg 1024w, https:\/\/swissfederalism.ch\/wp-content\/uploads\/2025\/06\/IMG_5374-300x225.jpg 300w, https:\/\/swissfederalism.ch\/wp-content\/uploads\/2025\/06\/IMG_5374-768x576.jpg 768w, https:\/\/swissfederalism.ch\/wp-content\/uploads\/2025\/06\/IMG_5374-1536x1152.jpg 1536w, https:\/\/swissfederalism.ch\/wp-content\/uploads\/2025\/06\/IMG_5374-2048x1536.jpg 2048w, https:\/\/swissfederalism.ch\/wp-content\/uploads\/2025\/06\/IMG_5374-350x263.jpg 350w, https:\/\/swissfederalism.ch\/wp-content\/uploads\/2025\/06\/IMG_5374-scaled.jpg 2560w\" sizes=\"(max-width: 840px) 100vw, 840px\" \/><figcaption id=\"caption-attachment-235454\" class=\"wp-caption-text\">Civita di Bagnoregio (VT) &#8211; Image by Chris Sche-Bo<\/figcaption><\/figure>\n<h3 data-start=\"2729\" data-end=\"2803\"><span class=\"font-377884\">\ud83c\uddee\ud83c\uddf9 <strong data-start=\"2738\" data-end=\"2803\">Civita di Bagnoregio (Italie)\u00a0<\/strong><\/span><\/h3>\n<p><span class=\"font-377884\"><strong>Civita di Bagnoregio,<\/strong> une fraction de la municipalit\u00e9 de Bagnoregio dans la province de Viterbo, dans le Latium, se dresse sur un fragile \u00e9peron de tuf au c\u0153ur du Latium. Elle est connue sous le nom de \u00ab <strong>ville mourante<\/strong> \u00bb en raison de l&rsquo;\u00e9rosion constante de la colline sur laquelle elle se trouve. Fond\u00e9e par les \u00c9trusques il y a environ 2 500 ans le long d&rsquo;une importante route commerciale entre le Tibre et le lac de Bolsena, Civita s&rsquo;est d\u00e9velopp\u00e9e gr\u00e2ce \u00e0 sa position strat\u00e9gique et conserve encore une structure urbaine \u00e9trusque-romaine avec une architecture m\u00e9di\u00e9vale et de la Renaissance. <\/span><\/p>\n<p><span class=\"font-377884\">Civita ne compte qu&rsquo;une dizaine d&rsquo;habitants et n&rsquo;est accessible que par une passerelle construite en 1965.<\/span><\/p>\n<p><span class=\"font-377884\">Civita conserve d&rsquo;importants t\u00e9moignages historiques tels que le \u00ab <strong>Bucaione<\/strong> \u00bb, un tunnel \u00e9trusque qui relie directement le village \u00e0 la vall\u00e9e, des tombes \u00e0 chambre, une n\u00e9cropole et d&rsquo;anciens ouvrages hydrauliques. Parmi les monuments importants, citons l&rsquo;\u00e9glise de San Donato, avec son crucifix miraculeux, le palais Alemanni (qui abrite le mus\u00e9e g\u00e9ologique et des glissements de terrain), le palais \u00e9piscopal, la porte de Santa Maria et les vestiges de la maison natale de saint Bonaventure. Le village fait partie de l&rsquo;association<strong> I Borghi pi\u00f9 belli d&rsquo;Italia<\/strong> (Les plus beaux villages d&rsquo;Italie) et est une destination pour de nombreux touristes, gr\u00e2ce \u00e0 la beaut\u00e9 de ses paysages et \u00e0 son charme historique. <\/span><\/p>\n<p><span class=\"font-377884\">Depuis 2013, l&rsquo;acc\u00e8s est payant.<\/span><\/p>\n<p><span class=\"font-377884\">Civita a souvent \u00e9t\u00e9 choisie comme d\u00e9cor de cin\u00e9ma : des films tels que \u00ab<strong> I due colonnelli<\/strong> \u00bb (1962) de Steno (avec Tot\u00f2 et la star canadienne Walter Pidgeon), \u00ab <strong>L&rsquo;Armata Brancaleone \u00bb<\/strong>, \u00ab L&rsquo;uomo delle stelle \u00bb (1995) de Giuseppe Tornatore y ont \u00e9t\u00e9 tourn\u00e9s, Contestazione generale (1970) de Luigi Zampa (avec Alberto Sordi), la fiction de la RAI <strong>Pinocchio<\/strong> (2009), <strong>Questione di karma<\/strong> (2017) d&rsquo;Edoardo Falcone, <strong>Esperan\u00e7a<\/strong> (2002-2003) une telenovela br\u00e9silienne de TV Globo.<\/span><\/p>\n<p><span class=\"font-377884\">Les badlands environnants ont \u00e9t\u00e9 propos\u00e9s en 2005 comme site d&rsquo;int\u00e9r\u00eat communautaire pour leur valeur g\u00e9ologique et environnementale.<\/span><\/p>\n<figure id=\"attachment_235499\" aria-describedby=\"caption-attachment-235499\" style=\"width: 768px\" class=\"wp-caption aligncenter\"><img decoding=\"async\" class=\"wp-image-235499 size-large\" src=\"https:\/\/swissfederalism.ch\/wp-content\/uploads\/2025\/06\/Ginostra-Isola-di-Stromboli-Image-by-Salvo-Cannizzaro-CC-BY-SA-3.0-via-Wikimedia-Commons-768x1024.jpg\" alt=\"Ginostra - Isola di Stromboli Image by Salvo Cannizzaro, CC BY-SA 3.0, via Wikimedia Commons\" width=\"768\" height=\"1024\" srcset=\"https:\/\/swissfederalism.ch\/wp-content\/uploads\/2025\/06\/Ginostra-Isola-di-Stromboli-Image-by-Salvo-Cannizzaro-CC-BY-SA-3.0-via-Wikimedia-Commons-768x1024.jpg 768w, https:\/\/swissfederalism.ch\/wp-content\/uploads\/2025\/06\/Ginostra-Isola-di-Stromboli-Image-by-Salvo-Cannizzaro-CC-BY-SA-3.0-via-Wikimedia-Commons-225x300.jpg 225w, https:\/\/swissfederalism.ch\/wp-content\/uploads\/2025\/06\/Ginostra-Isola-di-Stromboli-Image-by-Salvo-Cannizzaro-CC-BY-SA-3.0-via-Wikimedia-Commons-350x467.jpg 350w, https:\/\/swissfederalism.ch\/wp-content\/uploads\/2025\/06\/Ginostra-Isola-di-Stromboli-Image-by-Salvo-Cannizzaro-CC-BY-SA-3.0-via-Wikimedia-Commons.jpg 1024w\" sizes=\"(max-width: 768px) 100vw, 768px\" \/><figcaption id=\"caption-attachment-235499\" class=\"wp-caption-text\"><span class=\"font-377884\">Ginostra &#8211; Isola di Stromboli Image by Salvo Cannizzaro, CC BY-SA 3.0, via Wikimedia Commons<\/span><\/figcaption><\/figure>\n<h3 data-start=\"3335\" data-end=\"3403\"><span class=\"font-377884\">\ud83c\uddee\ud83c\uddf9 <strong data-start=\"3344\" data-end=\"3403\">Ginostra (Italie)\u00a0<\/strong><\/span><\/h3>\n<p><span class=\"font-377884\"><strong>Ginostra<\/strong> est un minuscule hameau de <strong>l&rsquo;\u00eele de Stromboli,<\/strong> dans les <strong>\u00eeles \u00c9oliennes<\/strong>, accessible uniquement par la mer. Il n&rsquo;y a pas de route, seulement des sentiers muletiers, des brouettes et des mules. L&rsquo;\u00e9lectricit\u00e9 n&rsquo;est arriv\u00e9e qu&rsquo;en 2004.<\/span><\/p>\n<p><span class=\"font-377884\">Ginostra compte quelques dizaines d&rsquo;habitants permanents et le paysage est caract\u00e9ris\u00e9 par des oliviers, des citronniers, des figuiers de Barbarie et des c\u00e2priers, avec des maisons blanches de style m\u00e9diterran\u00e9en semblables \u00e0 celles de Santorin.<\/span><\/p>\n<p><span class=\"font-377884\">Ginostra est totalement d\u00e9pourvue de routes et de v\u00e9hicules \u00e0 moteur. Les bateaux accostent \u00e0 la nouvelle jet\u00e9e, inaugur\u00e9e en 2004. Il n&rsquo;y a pas d&rsquo;\u00e9clairage public et le village ne poss\u00e8de qu&rsquo;une seule cabine t\u00e9l\u00e9phonique. Les services publics comprennent un bureau de poste et un centre de sant\u00e9 de base.<\/span><\/p>\n<p><span class=\"font-377884\">Le tourisme, qui porte la population estivale \u00e0 environ 300 personnes, se concentre sur les excursions vers le volcan Stromboli, les promenades en bateau et la p\u00eache, Ginostra n&rsquo;ayant pas de v\u00e9ritables plages. Le charme du village r\u00e9side dans son authenticit\u00e9, le silence rompu uniquement par les bruits de la nature et les couchers de soleil \u00e0 couper le souffle. Ginostra est une destination pour ceux qui recherchent l&rsquo;isolement, la beaut\u00e9 primitive et un style de vie intemporel.<\/span><\/p>\n<figure id=\"attachment_235503\" aria-describedby=\"caption-attachment-235503\" style=\"width: 840px\" class=\"wp-caption aligncenter\"><img decoding=\"async\" class=\"wp-image-235503 size-large\" src=\"https:\/\/swissfederalism.ch\/wp-content\/uploads\/2025\/06\/Giethoorn-Netherlands-Image-by-Bert-Knot-CC-BY-SA-2.0-via-Wikimedia-Commons-1024x566.jpg\" alt=\"Giethoorn Netherlands Image by Bert Knot, CC BY-SA 2.0, via Wikimedia Commons\" width=\"840\" height=\"464\" srcset=\"https:\/\/swissfederalism.ch\/wp-content\/uploads\/2025\/06\/Giethoorn-Netherlands-Image-by-Bert-Knot-CC-BY-SA-2.0-via-Wikimedia-Commons-1024x566.jpg 1024w, https:\/\/swissfederalism.ch\/wp-content\/uploads\/2025\/06\/Giethoorn-Netherlands-Image-by-Bert-Knot-CC-BY-SA-2.0-via-Wikimedia-Commons-300x166.jpg 300w, https:\/\/swissfederalism.ch\/wp-content\/uploads\/2025\/06\/Giethoorn-Netherlands-Image-by-Bert-Knot-CC-BY-SA-2.0-via-Wikimedia-Commons-768x424.jpg 768w, https:\/\/swissfederalism.ch\/wp-content\/uploads\/2025\/06\/Giethoorn-Netherlands-Image-by-Bert-Knot-CC-BY-SA-2.0-via-Wikimedia-Commons-1536x848.jpg 1536w, https:\/\/swissfederalism.ch\/wp-content\/uploads\/2025\/06\/Giethoorn-Netherlands-Image-by-Bert-Knot-CC-BY-SA-2.0-via-Wikimedia-Commons-350x193.jpg 350w, https:\/\/swissfederalism.ch\/wp-content\/uploads\/2025\/06\/Giethoorn-Netherlands-Image-by-Bert-Knot-CC-BY-SA-2.0-via-Wikimedia-Commons.jpg 2048w\" sizes=\"(max-width: 840px) 100vw, 840px\" \/><figcaption id=\"caption-attachment-235503\" class=\"wp-caption-text\"><span class=\"font-377884\">Giethoorn Netherlands Image by Bert Knot, CC BY-SA 2.0, via Wikimedia Commons<\/span><\/figcaption><\/figure>\n<h3 data-start=\"137\" data-end=\"175\"><span class=\"font-377884\">\ud83c\uddf3\ud83c\uddf1\u00a0<strong data-start=\"146\" data-end=\"173\">Giethoorn <\/strong>(Pays-Bas)<\/span><\/h3>\n<p><span class=\"font-377884\">Surnomm\u00e9 la \u00ab <strong>Venise du Nord<\/strong> \u00bb, <strong>Giethoorn<\/strong> est un charmant village n\u00e9erlandais connu pour ses canaux sculpt\u00e9s \u00e0 la main et ses maisons aux toits de chaume construites aux XVIIIe et XIXe si\u00e8cles. Le c\u0153ur du village, appel\u00e9 Giethoorn village, est enti\u00e8rement interdit aux routes et aux voitures : on ne se d\u00e9place qu&rsquo;\u00e0 pied, \u00e0 v\u00e9lo ou en bateau le long des canaux. Les voitures doivent \u00eatre laiss\u00e9es dans des parkings hors rue, et le centre est accessible par une piste pi\u00e9tonne et cyclable appel\u00e9e <strong>Binnenpad<\/strong>, qui traverse des petits ponts (pas moins de 176 !) reliant les \u00eeles. Les restaurants, les mus\u00e9es et les boutiques touristiques sont concentr\u00e9s ici et on peut louer des bateaux chuchoteurs typiques (bateaux \u00e9lectriques silencieux) pour explorer les environs. Environ 80 % des visiteurs se concentrent dans cette zone, qui ressemble \u00e0 un d\u00e9cor de cin\u00e9ma.<\/span><\/p>\n<p><span class=\"font-377884\"><em>Origine<\/em> : Fond\u00e9e au XIIIe si\u00e8cle par un groupe d&rsquo;exil\u00e9s, Giethoorn a toujours entretenu une relation symbiotique avec l&rsquo;eau et la nature.<\/span><\/p>\n<figure id=\"attachment_235507\" aria-describedby=\"caption-attachment-235507\" style=\"width: 840px\" class=\"wp-caption aligncenter\"><img decoding=\"async\" class=\"wp-image-235507 size-large\" src=\"https:\/\/swissfederalism.ch\/wp-content\/uploads\/2025\/06\/Hydra-Greece-Image-by-jacqueline-macou-from-Pixabay-1024x681.jpg\" alt=\"Hydra - Greece Image by jacqueline macou from Pixabay\" width=\"840\" height=\"559\" srcset=\"https:\/\/swissfederalism.ch\/wp-content\/uploads\/2025\/06\/Hydra-Greece-Image-by-jacqueline-macou-from-Pixabay-1024x681.jpg 1024w, https:\/\/swissfederalism.ch\/wp-content\/uploads\/2025\/06\/Hydra-Greece-Image-by-jacqueline-macou-from-Pixabay-300x200.jpg 300w, https:\/\/swissfederalism.ch\/wp-content\/uploads\/2025\/06\/Hydra-Greece-Image-by-jacqueline-macou-from-Pixabay-768x511.jpg 768w, https:\/\/swissfederalism.ch\/wp-content\/uploads\/2025\/06\/Hydra-Greece-Image-by-jacqueline-macou-from-Pixabay-1536x1022.jpg 1536w, https:\/\/swissfederalism.ch\/wp-content\/uploads\/2025\/06\/Hydra-Greece-Image-by-jacqueline-macou-from-Pixabay-350x233.jpg 350w, https:\/\/swissfederalism.ch\/wp-content\/uploads\/2025\/06\/Hydra-Greece-Image-by-jacqueline-macou-from-Pixabay.jpg 1920w\" sizes=\"(max-width: 840px) 100vw, 840px\" \/><figcaption id=\"caption-attachment-235507\" class=\"wp-caption-text\"><span class=\"font-377884\">Hydra &#8211; Greece Image by jacqueline macou from Pixabay<\/span><\/figcaption><\/figure>\n<h3 data-start=\"128\" data-end=\"157\"><span class=\"font-377884\">\ud83c\uddec\ud83c\uddf7 Hydra (Gr\u00e8ce)<\/span><\/h3>\n<p><span class=\"font-377884\"><strong>L&rsquo;\u00eele d&rsquo;Hydra<\/strong> (\u038e\u03b4\u03c1\u03b1), dans le golfe Saronique, est situ\u00e9e entre les \u00eeles de Poros et de Spetses, \u00e0 environ 37 milles nautiques du Pir\u00e9e, le port d&rsquo;Ath\u00e8nes. C&rsquo;est l&rsquo;un des endroits les plus pittoresques de Gr\u00e8ce et, surtout, l&rsquo;un des rares endroits o\u00f9 il n&rsquo;y a ni voitures ni motos : les d\u00e9placements se font \u00e0 pied, \u00e0 dos de mulet ou en bateau. D&rsquo;une superficie de 52 km\u00b2 et de forme allong\u00e9e, Hydra est montagneuse et ne poss\u00e8de pas de sources naturelles : l&rsquo;eau potable est d\u00e9sormais import\u00e9e du continent.<\/span><\/p>\n<p><span class=\"font-377884\">Habit\u00e9e depuis le n\u00e9olithique, l&rsquo;\u00eele \u00e9tait importante \u00e0 l&rsquo;\u00e9poque myc\u00e9nienne et, selon H\u00e9rodote, peupl\u00e9e par les Driopi. Apr\u00e8s une longue p\u00e9riode de d\u00e9peuplement, des p\u00eacheurs albanais orthodoxes sont arriv\u00e9s au XVe si\u00e8cle, suivis aux si\u00e8cles suivants par des familles grecques qui en ont fait un important centre maritime. Aux XVIIIe et XIXe si\u00e8cles, la flotte d&rsquo;Hydra \u00e9tait l&rsquo;une des plus puissantes de Gr\u00e8ce et a largement contribu\u00e9 \u00e0 la guerre d&rsquo;ind\u00e9pendance contre l&rsquo;Empire ottoman (1821-1829).<\/span><\/p>\n<p><span class=\"font-377884\">Hydra est aujourd&rsquo;hui une \u00eele-mus\u00e9e, prot\u00e9g\u00e9e en tant que monument national. Ses maisons en pierre, construites en terrasses sur la pente, sont prot\u00e9g\u00e9es par des restrictions architecturales. L&rsquo;interdiction totale des v\u00e9hicules \u00e0 moteur pr\u00e9serve l&rsquo;atmosph\u00e8re unique d&rsquo;un village fig\u00e9 dans le temps. Elle a attir\u00e9 des artistes et des \u00e9crivains tels que <strong>Leonard Cohen<\/strong> et <strong>Lawrence Osborne<\/strong>, et a \u00e9t\u00e9 le lieu de tournage du film<strong> Le gar\u00e7on sur le dauphin<\/strong> avec <strong>Sophia Loren.<\/strong><\/span><\/p>\n<p><span class=\"font-377884\"><em>Curiosit\u00e9<\/em> : Hydra \u00e9tait un centre naval important pendant la guerre d&rsquo;ind\u00e9pendance grecque. Aujourd&rsquo;hui, c&rsquo;est un havre pour les artistes, les intellectuels et les touristes en qu\u00eate de calme.<\/span><\/p>\n<p>&nbsp;<\/p>\n<figure id=\"attachment_235511\" aria-describedby=\"caption-attachment-235511\" style=\"width: 840px\" class=\"wp-caption aligncenter\"><img decoding=\"async\" class=\"wp-image-235511 size-large\" src=\"https:\/\/swissfederalism.ch\/wp-content\/uploads\/2025\/06\/IMG_0183-1024x768.jpg\" alt=\"Glimpse of Oia, Santorini, Greece Image by Chris Sche-Bo\" width=\"840\" height=\"630\" srcset=\"https:\/\/swissfederalism.ch\/wp-content\/uploads\/2025\/06\/IMG_0183-1024x768.jpg 1024w, https:\/\/swissfederalism.ch\/wp-content\/uploads\/2025\/06\/IMG_0183-300x225.jpg 300w, https:\/\/swissfederalism.ch\/wp-content\/uploads\/2025\/06\/IMG_0183-768x576.jpg 768w, https:\/\/swissfederalism.ch\/wp-content\/uploads\/2025\/06\/IMG_0183-1536x1152.jpg 1536w, https:\/\/swissfederalism.ch\/wp-content\/uploads\/2025\/06\/IMG_0183-2048x1536.jpg 2048w, https:\/\/swissfederalism.ch\/wp-content\/uploads\/2025\/06\/IMG_0183-350x263.jpg 350w, https:\/\/swissfederalism.ch\/wp-content\/uploads\/2025\/06\/IMG_0183-scaled.jpg 2560w\" sizes=\"(max-width: 840px) 100vw, 840px\" \/><figcaption id=\"caption-attachment-235511\" class=\"wp-caption-text\"><span class=\"font-377884\">Glimpse of Oia, Santorini, Greece Image by Chris Sche-Bo<\/span><\/figcaption><\/figure>\n<h3 data-start=\"3873\" data-end=\"3937\"><span class=\"font-377884\">\ud83c\uddec\ud83c\uddf7 <strong data-start=\"3882\" data-end=\"3937\">Oia (<\/strong><\/span><span class=\"font-377884\">Gr\u00e8ce<\/span><span class=\"font-377884\"><strong data-start=\"3882\" data-end=\"3937\">)\u00a0<\/strong><\/span><\/h3>\n<p><span class=\"font-377884\"><strong>Oia<\/strong>, petit village situ\u00e9 \u00e0 la pointe nord-ouest de l&rsquo;\u00eele <strong>cycladique de Santorin,<\/strong> est c\u00e9l\u00e8bre dans le monde entier pour ses maisons blanches \u00e0 d\u00f4me bleu, encastr\u00e9es dans les falaises qui surplombent la caldeira volcanique.<\/span><\/p>\n<p><span class=\"font-377884\">L&rsquo;histoire d&rsquo;Oia est ancr\u00e9e dans l&rsquo;antiquit\u00e9 : le nom original \u00e9tait Apano Meria (\u00ab partie sup\u00e9rieure \u00bb), et d\u00e9j\u00e0 \u00e0 l&rsquo;\u00e9poque grecque et romaine, la r\u00e9gion abritait un port strat\u00e9gique.<\/span><\/p>\n<p><span class=\"font-377884\">Aujourd&rsquo;hui, <strong>Oia est l&rsquo;une des destinations touristiques les plus populaires de Gr\u00e8ce.<\/strong><\/span><\/p>\n<p><span class=\"font-377884\">L&rsquo;architecture traditionnelle, avec ses maisons creus\u00e9es dans la roche (yposkafa), offre un confort naturel gr\u00e2ce \u00e0 l&rsquo;isolation thermique des murs en pierre ponce. Le village a \u00e9galement re\u00e7u d&rsquo;importantes r\u00e9compenses pour la pr\u00e9servation de son patrimoine historique et architectural.<\/span><\/p>\n<p><span class=\"font-377884\">Le vieux moulin \u00e0 vent, souvent immortalis\u00e9 sur les cartes postales, et le ch\u00e2teau en ruine, qui offre aujourd&rsquo;hui un point de vue \u00e0 360 degr\u00e9s, en sont les points forts. Oia est \u00e9galement un centre culturel avec des galeries d&rsquo;art, des ateliers d&rsquo;artisanat et des boutiques de souvenirs.<\/span><\/p>\n<p><span class=\"font-377884\">Dans le domaine du cin\u00e9ma et de la litt\u00e9rature, Oia a servi de d\u00e9cor \u00e0 des films c\u00e9l\u00e8bres tels que <strong>Summer Lovers<\/strong> (1982) et les deux films de <strong>The Sisterhood of the Travelling Pants<\/strong> (2004-2008), et a inspir\u00e9 des jeux vid\u00e9o tels que Sonic Unleashed et Overwatch.<\/span><\/p>\n<p><span class=\"font-377884\">L&rsquo;acc\u00e8s \u00e0 Oia se fait principalement par la route depuis Fira, la capitale de Santorin, ou par des excursions en bateau autour de la caldeira.<\/span><\/p>\n<figure id=\"attachment_235516\" aria-describedby=\"caption-attachment-235516\" style=\"width: 840px\" class=\"wp-caption aligncenter\"><img decoding=\"async\" class=\"wp-image-235516 size-large\" src=\"https:\/\/swissfederalism.ch\/wp-content\/uploads\/2025\/06\/Bulnes-La-Villa-Image-by-Falk2-CC-BY-SA-4.0-via-Wikimedia-Commons-1024x683.jpg\" alt=\"Bulnes-La Villa Image by Falk2, CC BY-SA 4.0, via Wikimedia Commons\" width=\"840\" height=\"560\" srcset=\"https:\/\/swissfederalism.ch\/wp-content\/uploads\/2025\/06\/Bulnes-La-Villa-Image-by-Falk2-CC-BY-SA-4.0-via-Wikimedia-Commons-1024x683.jpg 1024w, https:\/\/swissfederalism.ch\/wp-content\/uploads\/2025\/06\/Bulnes-La-Villa-Image-by-Falk2-CC-BY-SA-4.0-via-Wikimedia-Commons-300x200.jpg 300w, https:\/\/swissfederalism.ch\/wp-content\/uploads\/2025\/06\/Bulnes-La-Villa-Image-by-Falk2-CC-BY-SA-4.0-via-Wikimedia-Commons-768x512.jpg 768w, https:\/\/swissfederalism.ch\/wp-content\/uploads\/2025\/06\/Bulnes-La-Villa-Image-by-Falk2-CC-BY-SA-4.0-via-Wikimedia-Commons-1536x1024.jpg 1536w, https:\/\/swissfederalism.ch\/wp-content\/uploads\/2025\/06\/Bulnes-La-Villa-Image-by-Falk2-CC-BY-SA-4.0-via-Wikimedia-Commons-350x233.jpg 350w, https:\/\/swissfederalism.ch\/wp-content\/uploads\/2025\/06\/Bulnes-La-Villa-Image-by-Falk2-CC-BY-SA-4.0-via-Wikimedia-Commons.jpg 2048w\" sizes=\"(max-width: 840px) 100vw, 840px\" \/><figcaption id=\"caption-attachment-235516\" class=\"wp-caption-text\"><span class=\"font-377884\">Bulnes-La Villa Image by Falk2, CC BY-SA 4.0, via Wikimedia Commons<\/span><\/figcaption><\/figure>\n<h3 data-start=\"4387\" data-end=\"4455\"><span class=\"font-377884\">\ud83c\uddea\ud83c\uddf8\u00a0<strong data-start=\"4396\" data-end=\"4455\">Bulnes <\/strong>(Espagne)<\/span><\/h3>\n<p><span class=\"font-377884\">Dans le c\u0153ur sauvage des Picos de Europa, \u00e0 645 m\u00e8tres d&rsquo;altitude, se trouve <strong>Bulnes<\/strong>, l&rsquo;une des localit\u00e9s les plus isol\u00e9es d&rsquo;Espagne jusqu&rsquo;\u00e0 r\u00e9cemment. Appartenant \u00e0 la municipalit\u00e9 de Cabrales dans les Asturies, cette minuscule localit\u00e9 rurale compte aujourd&rsquo;hui quelques dizaines d&rsquo;habitants et couvre une superficie de plus de 56 km\u00b2.<\/span><\/p>\n<p><span class=\"font-377884\">Jusqu&rsquo;en 2001, Bulnes n&rsquo;\u00e9tait accessible qu&rsquo;\u00e0 pied, par des sentiers de montagne accident\u00e9s. Aujourd&rsquo;hui, <strong>un funiculaire souterrain<\/strong>, \u00e9galement r\u00e9serv\u00e9 au tourisme, relie le village \u00e0 la vall\u00e9e en contrebas. Cette liaison a fait de Bulnes une destination estivale fr\u00e9quent\u00e9e par des milliers de visiteurs, attir\u00e9s par son authenticit\u00e9 et son paysage \u00e0 couper le souffle. En hiver, cependant, le village retrouve sa dimension plus intime : p\u00e2turages, neige, silence.<\/span><\/p>\n<p><span class=\"font-377884\">Le village est divis\u00e9 en deux noyaux :<\/span><\/p>\n<ul>\n<li><span class=\"font-377884\"><strong>Bulnes de Abajo (La Villa)<\/strong> &#8211; le village principal, avec des caf\u00e9s, des logements et des restaurants.<\/span><\/li>\n<li><span class=\"font-377884\"><strong>Bulnes de Arriba (El Castillo)<\/strong> &#8211; plus ancien et perch\u00e9 sur une colline, il pr\u00e9sente des ruines et des maisons en pierre entour\u00e9es de silence.<\/span><\/li>\n<\/ul>\n<p><span class=\"font-377884\">\u00c0 quelques pas du village se trouve le sentier qui m\u00e8ne aux l\u00e9gendaires Naranjos de Bulnes, un sanctuaire naturel pour les alpinistes et les photographes. Ses parois rocheuses deviennent orange au coucher du soleil, cr\u00e9ant un spectacle unique, d&rsquo;o\u00f9 son nom.<\/span><\/p>\n<figure id=\"attachment_235520\" aria-describedby=\"caption-attachment-235520\" style=\"width: 840px\" class=\"wp-caption aligncenter\"><img decoding=\"async\" class=\"wp-image-235520 size-large\" src=\"https:\/\/swissfederalism.ch\/wp-content\/uploads\/2025\/06\/La-Cumbrecita-Cordoba-Argentina-Image-by-Calella79-CC0-via-Wikimedia-Commons-1024x687.jpg\" alt=\"La Cumbrecita - Cordoba (Argentina) Image by Calella79, CC0, via Wikimedia Commons\" width=\"840\" height=\"564\" srcset=\"https:\/\/swissfederalism.ch\/wp-content\/uploads\/2025\/06\/La-Cumbrecita-Cordoba-Argentina-Image-by-Calella79-CC0-via-Wikimedia-Commons-1024x687.jpg 1024w, https:\/\/swissfederalism.ch\/wp-content\/uploads\/2025\/06\/La-Cumbrecita-Cordoba-Argentina-Image-by-Calella79-CC0-via-Wikimedia-Commons-300x201.jpg 300w, https:\/\/swissfederalism.ch\/wp-content\/uploads\/2025\/06\/La-Cumbrecita-Cordoba-Argentina-Image-by-Calella79-CC0-via-Wikimedia-Commons-768x515.jpg 768w, https:\/\/swissfederalism.ch\/wp-content\/uploads\/2025\/06\/La-Cumbrecita-Cordoba-Argentina-Image-by-Calella79-CC0-via-Wikimedia-Commons-1536x1030.jpg 1536w, https:\/\/swissfederalism.ch\/wp-content\/uploads\/2025\/06\/La-Cumbrecita-Cordoba-Argentina-Image-by-Calella79-CC0-via-Wikimedia-Commons-350x235.jpg 350w, https:\/\/swissfederalism.ch\/wp-content\/uploads\/2025\/06\/La-Cumbrecita-Cordoba-Argentina-Image-by-Calella79-CC0-via-Wikimedia-Commons.jpg 2048w\" sizes=\"(max-width: 840px) 100vw, 840px\" \/><figcaption id=\"caption-attachment-235520\" class=\"wp-caption-text\"><span class=\"font-377884\">La Cumbrecita &#8211; Cordoba (Argentina) Image by Calella79, CC0, via Wikimedia Commons<\/span><\/figcaption><\/figure>\n<h3 data-start=\"102\" data-end=\"142\"><span class=\"font-377884\">\ud83c\udde6\ud83c\uddf7 <strong data-start=\"111\" data-end=\"140\">La Cumbrecita <\/strong>(Argentine)<\/span><\/h3>\n<p><span class=\"font-377884\">Bien que situ\u00e9 hors d&rsquo;Europe, <strong>La Cumbrecita<\/strong>, dans la province de C\u00f3rdoba (Argentine), est un curieux exemple de village inspir\u00e9 des colonies alpines europ\u00e9ennes, tant par son style architectural que par son mode de vie. Fond\u00e9 dans les ann\u00e9es 1930 par des familles d&rsquo;origine allemande, il se trouve \u00e0 1 450 m\u00e8tres d&rsquo;altitude, nich\u00e9 dans la vall\u00e9e de Calamuchita, et n&rsquo;est accessible que par une route de montagne asphalt\u00e9e de 30 km.<\/span><\/p>\n<p><span class=\"font-377884\">Depuis 1996, il est officiellement d\u00e9clar\u00e9 \u00ab <strong>village pi\u00e9tonnier<\/strong> \u00bb : il faut laisser les voitures dans un parking ext\u00e9rieur et continuer \u00e0 pied. Tout le village est consacr\u00e9 \u00e0 l&rsquo;\u00e9cotourisme, avec des g\u00eetes, des h\u00f4tels et des chalets de style alpin entour\u00e9s de for\u00eats de pins plant\u00e9es par les pionniers eux-m\u00eames. Travers\u00e9e par la rivi\u00e8re Medio, la zone est \u00e9galement prot\u00e9g\u00e9e en tant qu&rsquo;espace naturel et poss\u00e8de un mus\u00e9e consacr\u00e9 aux min\u00e9raux de la r\u00e9gion.<\/span><\/p>\n<p><span class=\"font-377884\">Cumbrecita compte environ 300 habitants, r\u00e9partis dans de petits hameaux, et est administr\u00e9e comme une municipalit\u00e9 autonome.<\/span><\/p>\n<p><span class=\"font-377884\"><em>Remarque<\/em> : fortement influenc\u00e9e par la culture europ\u00e9enne, la ville est aujourd&rsquo;hui un centre touristique \u00e9cologiquement durable et enti\u00e8rement pi\u00e9tonnier.<\/span><\/p>\n<figure id=\"attachment_235524\" aria-describedby=\"caption-attachment-235524\" style=\"width: 1024px\" class=\"wp-caption aligncenter\"><img decoding=\"async\" class=\"wp-image-235524 size-full\" src=\"https:\/\/swissfederalism.ch\/wp-content\/uploads\/2025\/06\/Aogasima-maruyama-Japan-Image-by-Soica2001-Public-domain-via-Wikimedia-Commons.jpg\" alt=\"Aogasima maruyama (Japan) Image by Soica2001, Public domain, via Wikimedia Commons\" width=\"1024\" height=\"768\" srcset=\"https:\/\/swissfederalism.ch\/wp-content\/uploads\/2025\/06\/Aogasima-maruyama-Japan-Image-by-Soica2001-Public-domain-via-Wikimedia-Commons.jpg 1024w, https:\/\/swissfederalism.ch\/wp-content\/uploads\/2025\/06\/Aogasima-maruyama-Japan-Image-by-Soica2001-Public-domain-via-Wikimedia-Commons-300x225.jpg 300w, https:\/\/swissfederalism.ch\/wp-content\/uploads\/2025\/06\/Aogasima-maruyama-Japan-Image-by-Soica2001-Public-domain-via-Wikimedia-Commons-768x576.jpg 768w, https:\/\/swissfederalism.ch\/wp-content\/uploads\/2025\/06\/Aogasima-maruyama-Japan-Image-by-Soica2001-Public-domain-via-Wikimedia-Commons-350x263.jpg 350w\" sizes=\"(max-width: 1024px) 100vw, 1024px\" \/><figcaption id=\"caption-attachment-235524\" class=\"wp-caption-text\"><span class=\"font-377884\">Aogasima maruyama (Japan) Image by Soica2001, Public domain, via Wikimedia Commons<\/span><\/figcaption><\/figure>\n<h3 data-start=\"4924\" data-end=\"4984\"><span class=\"font-377884\">\ud83c\uddef\ud83c\uddf5 <strong data-start=\"4933\" data-end=\"4984\">Aogashima <\/strong>(Japon)<\/span><\/h3>\n<p><span class=\"font-377884\">Perdue dans l&rsquo;oc\u00e9an Pacifique au sud de Tokyo, <strong>Aogashima<\/strong> est une \u00eele volcanique isol\u00e9e de l&rsquo;archipel d&rsquo;Izu, habit\u00e9e par moins de 200 personnes. Le village principal se trouve dans la caldeira d&rsquo;un volcan en activit\u00e9, ce qui en fait l&rsquo;un des endroits habit\u00e9s les plus uniques au monde. L&rsquo;acc\u00e8s n&rsquo;est possible que par h\u00e9licopt\u00e8re ou par bateau, mais l&rsquo;\u00e9tat de la mer rend souvent l&rsquo;op\u00e9ration difficile.<\/span><\/p>\n<p><span class=\"font-377884\">Malgr\u00e9 son isolement, Aogashima a acquis une reconnaissance naturaliste importante : l&rsquo;\u00eele a \u00e9t\u00e9 class\u00e9e zone importante pour <strong>la conservation des oiseaux (ZICO) par BirdLife International<\/strong>, en raison de la pr\u00e9sence d&rsquo;esp\u00e8ces rares telles que<strong> le pigeon du Japon, la phragmite de Pleske, le plongeon d&rsquo;Ijima et la grive d&rsquo;Izu.<\/strong><\/span><\/p>\n<p><span class=\"font-377884\">L&rsquo;histoire de l&rsquo;implantation humaine est ancienne mais peu document\u00e9e. Certaines archives de la p\u00e9riode Edo (1603-1868) font \u00e9tat d&rsquo;une activit\u00e9 sismique et volcanique fr\u00e9quente : en 1785, une \u00e9ruption d\u00e9vastatrice a caus\u00e9 la mort de plus de 130 habitants sur une population d&rsquo;environ 327 personnes. Tous les habitants ont \u00e9t\u00e9 \u00e9vacu\u00e9s et ce n&rsquo;est que quelques ann\u00e9es plus tard que certains sont revenus sur l&rsquo;\u00eele. Depuis lors, aucune \u00e9ruption significative n&rsquo;a \u00e9t\u00e9 enregistr\u00e9e, bien que le volcan soit toujours consid\u00e9r\u00e9 comme actif.<\/span><\/p>\n<p><span class=\"font-377884\">Aujourd&rsquo;hui, Aogashima <strong>est un rare exemple de r\u00e9silience humaine et de cohabitation avec la nature extr\u00eame<\/strong>, un paradis pour ceux qui recherchent l&rsquo;isolement, les paysages primordiaux et le contact direct avec les forces de la Terre.<\/span><\/p>\n<h2><span class=\"font-377884\">Le plaisir de ralentir et de red\u00e9couvrir la nature et le pass\u00e9<\/span><\/h2>\n<p><span class=\"font-377884\">Ces villages sans voiture offrent plus que des paysages de carte postale : ce sont des exp\u00e9riences immersives et sensorielles, o\u00f9 le temps semble s&rsquo;\u00eatre arr\u00eat\u00e9. On y red\u00e9couvre la valeur de la lenteur, du silence et d&rsquo;une connexion profonde avec la nature. Loin du chaos du tourisme moderne, ils offrent une alternative authentique et durable qui r\u00e9g\u00e9n\u00e8re et reconnecte avec ce qui compte vraiment.<\/span><\/p>\n<p><span class=\"font-377884\">Marcher entre les vieilles maisons de pierre, respirer l&rsquo;air pur et les odeurs de bois, de prairies et de terre humide, n&rsquo;\u00e9couter que le chant des oiseaux ou le bruit de l&rsquo;eau qui coule : chaque geste, chaque regard vous ram\u00e8ne \u00e0 une vie plus simple et plus humaine. Dans ces lieux, on ressent une proximit\u00e9 concr\u00e8te avec le pass\u00e9, avec les rythmes naturels et les habitudes d&rsquo;autrefois, quand tout \u00e9tait plus essentiel et vrai. Ce ne sont pas seulement des destinations \u00e0 visiter, mais des lieux \u00e0 vivre, \u00e0 savourer tranquillement, en se laissant transformer.<\/span><\/p>\n<p>&nbsp;<\/p>\n<p><a href=\"https:\/\/k16trade.ch\/seqex-en\/\"><img decoding=\"async\" class=\"wp-image-230949 size-medium aligncenter\" src=\"https:\/\/swissfederalism.ch\/wp-content\/uploads\/2020\/11\/FullLogo_Transparent_NoBuffer-300x145.png\" alt=\"\" width=\"300\" height=\"145\" srcset=\"https:\/\/swissfederalism.ch\/wp-content\/uploads\/2020\/11\/FullLogo_Transparent_NoBuffer-300x145.png 300w, https:\/\/swissfederalism.ch\/wp-content\/uploads\/2020\/11\/FullLogo_Transparent_NoBuffer-1024x495.png 1024w, https:\/\/swissfederalism.ch\/wp-content\/uploads\/2020\/11\/FullLogo_Transparent_NoBuffer-768x371.png 768w, https:\/\/swissfederalism.ch\/wp-content\/uploads\/2020\/11\/FullLogo_Transparent_NoBuffer-350x169.png 350w, https:\/\/swissfederalism.ch\/wp-content\/uploads\/2020\/11\/FullLogo_Transparent_NoBuffer.png 1280w\" sizes=\"(max-width: 300px) 100vw, 300px\" \/><\/a><\/p>\n","protected":false},"excerpt":{"rendered":"<p>Des lieux enchant\u00e9s o\u00f9 la modernit\u00e9 laisse place au silence, \u00e0 la nature et \u00e0 un mode de vie plus lent et plus authentique.<\/p>\n","protected":false},"author":9,"featured_media":235472,"comment_status":"open","ping_status":"closed","sticky":false,"template":"","format":"standard","meta":{"footnotes":""},"categories":[380,368,344,335,277,308,303,289,209,294,2325,1346],"tags":[2460,423,816,2223,2589,662,2588,2590,2591,888,2592],"class_list":["post-235537","post","type-post","status-publish","format-standard","has-post-thumbnail","hentry","category-canton-de-berne","category-canton-de-glaris","category-canton-de-schwytz","category-canton-valais-fr","category-europe-fr","category-faits-marquants","category-histoire","category-italie","category-les-magazines","category-suisse","category-tourisme","category-curiosites","tag-argentine","tag-durabilite","tag-environnement-2","tag-espagne","tag-grece","tag-italie","tag-japon","tag-pays-bas","tag-sans-voiture","tag-suisse","tag-tourisme-lent"],"_links":{"self":[{"href":"https:\/\/swissfederalism.ch\/fr\/wp-json\/wp\/v2\/posts\/235537","targetHints":{"allow":["GET"]}}],"collection":[{"href":"https:\/\/swissfederalism.ch\/fr\/wp-json\/wp\/v2\/posts"}],"about":[{"href":"https:\/\/swissfederalism.ch\/fr\/wp-json\/wp\/v2\/types\/post"}],"author":[{"embeddable":true,"href":"https:\/\/swissfederalism.ch\/fr\/wp-json\/wp\/v2\/users\/9"}],"replies":[{"embeddable":true,"href":"https:\/\/swissfederalism.ch\/fr\/wp-json\/wp\/v2\/comments?post=235537"}],"version-history":[{"count":2,"href":"https:\/\/swissfederalism.ch\/fr\/wp-json\/wp\/v2\/posts\/235537\/revisions"}],"predecessor-version":[{"id":235539,"href":"https:\/\/swissfederalism.ch\/fr\/wp-json\/wp\/v2\/posts\/235537\/revisions\/235539"}],"wp:featuredmedia":[{"embeddable":true,"href":"https:\/\/swissfederalism.ch\/fr\/wp-json\/wp\/v2\/media\/235472"}],"wp:attachment":[{"href":"https:\/\/swissfederalism.ch\/fr\/wp-json\/wp\/v2\/media?parent=235537"}],"wp:term":[{"taxonomy":"category","embeddable":true,"href":"https:\/\/swissfederalism.ch\/fr\/wp-json\/wp\/v2\/categories?post=235537"},{"taxonomy":"post_tag","embeddable":true,"href":"https:\/\/swissfederalism.ch\/fr\/wp-json\/wp\/v2\/tags?post=235537"}],"curies":[{"name":"wp","href":"https:\/\/api.w.org\/{rel}","templated":true}]}}