{"id":235331,"date":"2025-05-23T08:05:39","date_gmt":"2025-05-23T08:05:39","guid":{"rendered":"https:\/\/swissfederalism.ch\/embassies-consulates\/"},"modified":"2025-05-23T09:56:52","modified_gmt":"2025-05-23T09:56:52","slug":"ambassade-consulat","status":"publish","type":"post","link":"https:\/\/swissfederalism.ch\/fr\/ambassade-consulat\/","title":{"rendered":"Comprendre les ambassades et les consulats dans le monde"},"content":{"rendered":"<h1 class=\"\" data-start=\"171\" data-end=\"246\"><span class=\"font-377884\">Comprendre les ambassades et les consulats dans le monde<\/span><\/h1>\n<h3 data-start=\"248\" data-end=\"550\"><span class=\"font-377884\"><em>L&rsquo;ambassade et le consulat repr\u00e9sentent l&rsquo;\u00c9tat \u00e0 l&rsquo;\u00e9tranger, mais avec des fonctions distinctes. Comprendre les diff\u00e9rences est essentiel pour tout citoyen \u00e0 l&rsquo;\u00e9tranger.<\/em><\/span><\/h3>\n<p><span class=\"font-377884\">Lorsqu&rsquo;on vit ou voyage \u00e0 l&rsquo;\u00e9tranger, on peut avoir besoin d&rsquo;aide ou de soutien de la part de son propre pays. Dans ce cas, deux institutions fondamentales entrent en jeu : l&rsquo;ambassade et le consulat. Bien qu&rsquo;elles soient souvent confondues, elles ont des r\u00f4les et des fonctions diff\u00e9rents. Elles repr\u00e9sentent toutes deux l&rsquo;\u00c9tat d&rsquo;origine dans un pays \u00e9tranger, mais s&rsquo;occupent de domaines diff\u00e9rents : la premi\u00e8re a une vocation diplomatique et politique, la seconde s&rsquo;occupe de t\u00e2ches plus pratiques li\u00e9es aux citoyens. Conna\u00eetre les diff\u00e9rences peut faire toute la diff\u00e9rence dans des situations importantes.<\/span><\/p>\n<figure id=\"attachment_235307\" aria-describedby=\"caption-attachment-235307\" style=\"width: 840px\" class=\"wp-caption aligncenter\"><a href=\"https:\/\/swissfederalism.ch\/wp-content\/uploads\/2025\/05\/Villa-Monticello-Roma-Swiss-embassy-Image-by-Elvetico1-CC-BY-SA-4.0-via-Wikimedia-Commons-1024x677.jpg\"><img decoding=\"async\" class=\"size-large wp-image-235307\" src=\"https:\/\/swissfederalism.ch\/wp-content\/uploads\/2025\/05\/Villa-Monticello-Roma-Swiss-embassy-Image-by-Elvetico1-CC-BY-SA-4.0-via-Wikimedia-Commons-1024x677.jpg\" alt=\"Villa Monticello Roma - Swiss embassy Image by Elvetico1, CC BY-SA 4.0, via Wikimedia Commons\" width=\"840\" height=\"555\" srcset=\"https:\/\/swissfederalism.ch\/wp-content\/uploads\/2025\/05\/Villa-Monticello-Roma-Swiss-embassy-Image-by-Elvetico1-CC-BY-SA-4.0-via-Wikimedia-Commons-1024x677.jpg 1024w, https:\/\/swissfederalism.ch\/wp-content\/uploads\/2025\/05\/Villa-Monticello-Roma-Swiss-embassy-Image-by-Elvetico1-CC-BY-SA-4.0-via-Wikimedia-Commons-300x198.jpg 300w, https:\/\/swissfederalism.ch\/wp-content\/uploads\/2025\/05\/Villa-Monticello-Roma-Swiss-embassy-Image-by-Elvetico1-CC-BY-SA-4.0-via-Wikimedia-Commons-768x507.jpg 768w, https:\/\/swissfederalism.ch\/wp-content\/uploads\/2025\/05\/Villa-Monticello-Roma-Swiss-embassy-Image-by-Elvetico1-CC-BY-SA-4.0-via-Wikimedia-Commons-1536x1015.jpg 1536w, https:\/\/swissfederalism.ch\/wp-content\/uploads\/2025\/05\/Villa-Monticello-Roma-Swiss-embassy-Image-by-Elvetico1-CC-BY-SA-4.0-via-Wikimedia-Commons-350x231.jpg 350w, https:\/\/swissfederalism.ch\/wp-content\/uploads\/2025\/05\/Villa-Monticello-Roma-Swiss-embassy-Image-by-Elvetico1-CC-BY-SA-4.0-via-Wikimedia-Commons.jpg 1777w\" sizes=\"(max-width: 840px) 100vw, 840px\" \/><\/a><figcaption id=\"caption-attachment-235307\" class=\"wp-caption-text\"><span class=\"font-377884\">Villa Monticello Roma &#8211; Swiss embassy Image by Elvetico1, CC BY-SA 4.0, via Wikimedia Commons<\/span><\/figcaption><\/figure>\n<h2><span class=\"font-377884\">Ambassade<\/span><\/h2>\n<p><span class=\"font-377884\">Une ambassade est la<strong> repr\u00e9sentation diplomatique officielle d&rsquo;un \u00c9tat aupr\u00e8s d&rsquo;un autre \u00c9tat.<\/strong> Elle est g\u00e9n\u00e9ralement <strong>situ\u00e9e dans la capitale du pays h\u00f4te<\/strong> et est dirig\u00e9e par un <strong>ambassadeur<\/strong>.<\/span><\/p>\n<p><span class=\"font-377884\"><strong>Principales fonctions :<\/strong><\/span><\/p>\n<ul>\n<li><span class=\"font-377884\"><strong>Repr\u00e9senter politiquement l&rsquo;\u00c9tat d&rsquo;origine<\/strong> aupr\u00e8s du gouvernement du pays d&rsquo;accueil.<\/span><\/li>\n<li><span class=\"font-377884\"><strong>G\u00e9rer<\/strong> les relations diplomatiques et bilat\u00e9rales.<\/span><\/li>\n<li><span class=\"font-377884\"><strong>Promouvoir<\/strong> les int\u00e9r\u00eats politiques, \u00e9conomiques, culturels et militaires de son propre pays.<\/span><\/li>\n<li><span class=\"font-377884\"><strong>Coop\u00e9rer<\/strong> avec les organisations internationales et r\u00e9gionales.<\/span><\/li>\n<\/ul>\n<p><span class=\"font-377884\"><strong>Exemple<\/strong> : L&rsquo;ambassade de Suisse aux \u00c9tats-Unis est situ\u00e9e \u00e0 Washington D.C. et constitue le principal point de contact entre les gouvernements suisse et am\u00e9ricain.<\/span><\/p>\n<figure id=\"attachment_235312\" aria-describedby=\"caption-attachment-235312\" style=\"width: 789px\" class=\"wp-caption aligncenter\"><img decoding=\"async\" class=\"wp-image-235312 size-large\" src=\"https:\/\/swissfederalism.ch\/wp-content\/uploads\/2025\/05\/Consulate-of-Denmark-in-Lodz-Image-by-Mafo-CC-BY-4.0-via-Wikimedia-Commons-789x1024.jpg\" alt=\"Consulate of Denmark in \u0141\u00f3d\u017a Image by Mafo, CC BY 4.0, via Wikimedia Commons\" width=\"789\" height=\"1024\" srcset=\"https:\/\/swissfederalism.ch\/wp-content\/uploads\/2025\/05\/Consulate-of-Denmark-in-Lodz-Image-by-Mafo-CC-BY-4.0-via-Wikimedia-Commons-789x1024.jpg 789w, https:\/\/swissfederalism.ch\/wp-content\/uploads\/2025\/05\/Consulate-of-Denmark-in-Lodz-Image-by-Mafo-CC-BY-4.0-via-Wikimedia-Commons-231x300.jpg 231w, https:\/\/swissfederalism.ch\/wp-content\/uploads\/2025\/05\/Consulate-of-Denmark-in-Lodz-Image-by-Mafo-CC-BY-4.0-via-Wikimedia-Commons-768x996.jpg 768w, https:\/\/swissfederalism.ch\/wp-content\/uploads\/2025\/05\/Consulate-of-Denmark-in-Lodz-Image-by-Mafo-CC-BY-4.0-via-Wikimedia-Commons-1184x1536.jpg 1184w, https:\/\/swissfederalism.ch\/wp-content\/uploads\/2025\/05\/Consulate-of-Denmark-in-Lodz-Image-by-Mafo-CC-BY-4.0-via-Wikimedia-Commons-1579x2048.jpg 1579w, https:\/\/swissfederalism.ch\/wp-content\/uploads\/2025\/05\/Consulate-of-Denmark-in-Lodz-Image-by-Mafo-CC-BY-4.0-via-Wikimedia-Commons-350x454.jpg 350w, https:\/\/swissfederalism.ch\/wp-content\/uploads\/2025\/05\/Consulate-of-Denmark-in-Lodz-Image-by-Mafo-CC-BY-4.0-via-Wikimedia-Commons-scaled.jpg 1973w\" sizes=\"(max-width: 789px) 100vw, 789px\" \/><figcaption id=\"caption-attachment-235312\" class=\"wp-caption-text\"><span class=\"font-377884\">Consulate of Denmark in \u0141\u00f3d\u017a Image by Mafo, CC BY 4.0, via Wikimedia Commons<\/span><\/figcaption><\/figure>\n<h2><span class=\"font-377884\">Consulat<\/span><\/h2>\n<p><span class=\"font-377884\">Un consulat est une <strong>repr\u00e9sentation secondaire de l&rsquo;\u00c9tat d&rsquo;origine<\/strong>, pr\u00e9sente dans <strong>plusieurs villes<\/strong> (g\u00e9n\u00e9ralement plus grandes) qui ne sont pas la capitale. Il est dirig\u00e9 par un <strong>consul<\/strong> ou un<strong> consul g\u00e9n\u00e9ral.<\/strong><\/span><\/p>\n<p><span class=\"font-377884\"><strong>Principales fonctions :<\/strong><\/span><\/p>\n<ul>\n<li><span class=\"font-377884\"><strong>Fournir une assistance consulaire<\/strong> aux citoyens de son propre pays (par exemple, d\u00e9livrer des passeports, des enregistrements, des documents notari\u00e9s).<\/span><\/li>\n<li><span class=\"font-377884\"><strong>Soutenir les touristes<\/strong> en difficult\u00e9 (perte de documents, arrestations, urgences).<\/span><\/li>\n<li><span class=\"font-377884\"><strong>Promouvoir<\/strong> les \u00e9changes culturels et commerciaux locaux.<\/span><\/li>\n<li><span class=\"font-377884\"><strong>Prot\u00e9ger<\/strong> les droits des compatriotes r\u00e9sidents ou en transit.<\/span><\/li>\n<\/ul>\n<p><span class=\"font-377884\"><strong>Exemple<\/strong> : Le Consulat g\u00e9n\u00e9ral de Suisse \u00e0 New York offre des services aux ressortissants suisses dans la r\u00e9gion m\u00e9tropolitaine, sans s&rsquo;occuper directement des relations diplomatiques entre les \u00c9tats.<\/span><\/p>\n<p><span class=\"font-377884\"><a href=\"https:\/\/swissfederalism.ch\/fr\/100-ans-traite-douanier-suisse-liechtenstein\/\"><strong>100 ans de trait\u00e9 douanier entre la Suisse et le Liechtenstein<\/strong><\/a><\/span><\/p>\n<p><span class=\"font-377884\">La diff\u00e9rence entre <strong>Consul<\/strong> et <strong>Consul g\u00e9n\u00e9ral<\/strong> concerne principalement le <strong>niveau de responsabilit\u00e9, l&rsquo;\u00e9tendue territoriale<\/strong> de la <strong>comp\u00e9tence<\/strong> et l&rsquo;<strong>importance du consulat<\/strong> dans le r\u00e9seau diplomatique.<\/span><\/p>\n<h3><span class=\"font-377884\">\ud83d\udd39 Consul<\/span><\/h3>\n<p><span class=\"font-377884\">Le Consul est un <strong>fonctionnaire consulaire<\/strong> qui dirige un <strong>consulat simple<\/strong>. Ce type de bureau est charg\u00e9 de fournir des services aux citoyens (documents, assistance, enregistrement) dans une zone sp\u00e9cifique, g\u00e9n\u00e9ralement de faible importance ou avec une pr\u00e9sence limit\u00e9e de compatriotes.<\/span><\/p>\n<ul>\n<li><span class=\"font-377884\"><strong>Comp\u00e9tence territoriale<\/strong> : limit\u00e9e (une ville ou une petite r\u00e9gion)<\/span><\/li>\n<li><span class=\"font-377884\"><strong>Niveau hi\u00e9rarchique<\/strong> : inf\u00e9rieur<\/span><\/li>\n<li><span class=\"font-377884\"><strong>Services<\/strong> : assistance consulaire de base (visas, passeports, enregistrement \u00e0 l&rsquo;\u00e9tat civil, aide en cas d&rsquo;urgence).<\/span><\/li>\n<\/ul>\n<h3><span class=\"font-377884\">\ud83d\udd39 Consul g\u00e9n\u00e9ral<\/span><\/h3>\n<p><span class=\"font-377884\">Le consul g\u00e9n\u00e9ral est un <strong>haut fonctionnaire<\/strong> qui dirige un consulat g\u00e9n\u00e9ral, c&rsquo;est-\u00e0-dire un <strong>bureau plus grand et plus important, souvent situ\u00e9 dans des villes strat\u00e9giques<\/strong> (comme Milan, New York, Shanghai).<\/span><\/p>\n<ul>\n<li><span class=\"font-377884\"><strong>Comp\u00e9tence territoriale<\/strong> : large, parfois r\u00e9gionale ou sur plusieurs provinces<\/span><\/li>\n<li><span class=\"font-377884\"><strong>Niveau hi\u00e9rarchique<\/strong> : sup\u00e9rieur, souvent le plus \u00e9lev\u00e9 dans un pays apr\u00e8s l&rsquo;ambassadeur.<\/span><\/li>\n<li><span class=\"font-377884\"><strong>Services<\/strong> : offre tous les services consulaires, mais peut \u00e9galement jouer un r\u00f4le de repr\u00e9sentation officielle et de relations \u00e9conomiques et culturelles.<\/span><\/li>\n<\/ul>\n<p><span class=\"font-377884\"><a href=\"https:\/\/swissfederalism.ch\/fr\/frontiere-italie-suisse\/\"><strong>La fonte des glaciers d\u00e9place la fronti\u00e8re entre l&rsquo;Italie et la Suisse<\/strong><\/a><\/span><\/p>\n<h2><span class=\"font-377884\">Ambassades et consulats : un territoire \u00e9tranger sur un sol \u00e9tranger ?<\/span><\/h2>\n<p><span class=\"font-377884\">L&rsquo;une des curiosit\u00e9s les plus courantes concerne le statut du territoire occup\u00e9 par les ambassades et les consulats. Beaucoup pensent que ces b\u00e2timents font techniquement partie du pays qu&rsquo;ils repr\u00e9sentent, mais la r\u00e9alit\u00e9 est plus complexe.<\/span><\/p>\n<h3><span class=\"font-377884\">Souverainet\u00e9 et inviolabilit\u00e9<\/span><\/h3>\n<p><span class=\"font-377884\">Les ambassades et les consulats <strong>ne sont pas des \u00ab territoires \u00e9trangers \u00bb<\/strong> au sens strict : ils restent physiquement dans le pays d&rsquo;accueil. Cependant, ils b\u00e9n\u00e9ficient d&rsquo;un statut juridique particulier \u00e9tabli par le droit international, en particulier la <strong>Convention de Vienne sur les relations diplomatiques (1961)<\/strong> et<strong> les relations consulaires (1963).<\/strong><\/span><\/p>\n<h3><span class=\"font-377884\">Inviolabilit\u00e9 des lieux : ce que cela signifie<\/span><\/h3>\n<p><span class=\"font-377884\">Les autorit\u00e9s du pays h\u00f4te <strong>ne peuvent pas p\u00e9n\u00e9trer<\/strong> dans les locaux de l&rsquo;ambassade ou du consulat <strong>sans autorisation<\/strong>, m\u00eame dans le cadre d&rsquo;une enqu\u00eate de police.<\/span><\/p>\n<ul>\n<li><span class=\"font-377884\"><strong>Les b\u00e2timents b\u00e9n\u00e9ficient d&rsquo;une immunit\u00e9<\/strong> : ils sont inviolables, m\u00eame s&rsquo;ils ne constituent pas le \u00ab territoire souverain \u00bb de l&rsquo;\u00c9tat repr\u00e9sent\u00e9.<\/span><\/li>\n<li><span class=\"font-377884\">L&rsquo;ambassade est consid\u00e9r\u00e9e <strong>comme relevant de la juridiction de l&rsquo;\u00c9tat qu&rsquo;elle repr\u00e9sente,<\/strong> mais uniquement d&rsquo;un point de vue fonctionnel (et non territorial).<\/span><\/li>\n<\/ul>\n<p><span class=\"font-377884\"><strong>Exemple pratique<\/strong> : l&rsquo;ambassade de Suisse \u00e0 Rome n&rsquo;est pas un territoire suisse, mais l&rsquo;Italie ne peut y p\u00e9n\u00e9trer sans autorisation, m\u00eame si elle se trouve physiquement sur le sol italien.<\/span><\/p>\n<h3><span class=\"font-377884\">Consulats : une immunit\u00e9 plus limit\u00e9e<\/span><\/h3>\n<ul>\n<li><span class=\"font-377884\">Les consulats b\u00e9n\u00e9ficient d&rsquo;une<strong> inviolabilit\u00e9 \u00ab conditionnelle \u00bb<\/strong> : ils ne peuvent faire l&rsquo;objet d&rsquo;une perquisition ou d&rsquo;une saisie, mais en cas d&rsquo;infraction grave, les autorit\u00e9s locales peuvent agir <strong>avec l&rsquo;accord du consul<\/strong> ou dans des cas exceptionnels.<\/span><\/li>\n<li><span class=\"font-377884\">L&rsquo;immunit\u00e9 du personnel consulaire est <strong>moins \u00e9tendue<\/strong> que celle du personnel diplomatique des ambassades.<\/span><\/li>\n<\/ul>\n<h2><span class=\"font-377884\">Principales diff\u00e9rences entre une ambassade et un consulat<\/span><\/h2>\n<table style=\"height: 189px;\" width=\"1313\">\n<thead>\n<tr>\n<th><strong data-start=\"1914\" data-end=\"1933\">Caract\u00e9ristique<\/strong><\/th>\n<th><strong data-start=\"1942\" data-end=\"1955\">Ambassade<\/strong><\/th>\n<th><strong data-start=\"1981\" data-end=\"1993\">Consulat<\/strong><\/th>\n<\/tr>\n<\/thead>\n<tbody>\n<tr>\n<td>Localisation<\/td>\n<td>Capitale du pays h\u00f4te<\/td>\n<td>Grandes villes, pas forc\u00e9ment la capitale<\/td>\n<\/tr>\n<tr>\n<td>Chef de mission<\/td>\n<td>Ambassadeur<\/td>\n<td>Consul \/ Consul g\u00e9n\u00e9ral<\/td>\n<\/tr>\n<tr>\n<td>R\u00f4le principal<\/td>\n<td>Relations diplomatiques<\/td>\n<td>Assistance aux citoyens<\/td>\n<\/tr>\n<tr>\n<td>Comp\u00e9tence territoriale<\/td>\n<td>Ensemble du pays h\u00f4te<\/td>\n<td>Zone ou r\u00e9gion sp\u00e9cifique<\/td>\n<\/tr>\n<tr>\n<td>Repr\u00e9sentation officielle<\/td>\n<td>Oui (gouvernementale)<\/td>\n<td>Non (uniquement civile\/administrative)<\/td>\n<\/tr>\n<\/tbody>\n<\/table>\n<h2><span class=\"font-377884\">Repr\u00e9sentation diplomatique pour les micro-\u00c9tats<\/span><\/h2>\n<p><span class=\"font-377884\">La Suisse et le Liechtenstein <strong>entretiennent d&rsquo;\u00e9troites relations de coop\u00e9ration,<\/strong> bas\u00e9es sur des accords bilat\u00e9raux, mais sans que la Suisse n&rsquo;exerce de contr\u00f4le sur la petite principaut\u00e9, qui est \u00e0 toutes fins utiles un \u00c9tat souverain et ind\u00e9pendant. Les deux pays partagent une <strong>union douani\u00e8re et mon\u00e9taire<\/strong> (avec le franc suisse comme monnaie officielle) et<strong> coop\u00e8rent \u00e9galement en mati\u00e8re de politique \u00e9trang\u00e8re.<\/strong> La Suisse repr\u00e9sente notamment le Liechtenstein <strong>dans plusieurs \u00c9tats o\u00f9 ce dernier n&rsquo;a pas d&rsquo;ambassade,<\/strong> offrant une assistance consulaire \u00e0 ses citoyens. Malgr\u00e9 cela, le Liechtenstein conserve une totale autonomie de d\u00e9cision en mati\u00e8re de politique int\u00e9rieure et \u00e9trang\u00e8re, signant des trait\u00e9s et participant \u00e0 des organisations internationales avec sa propre voix. Ce lien est fond\u00e9 sur la confiance et la praticit\u00e9, et non sur la subordination.<\/span><\/p>\n<p><span class=\"font-377884\">Des accords de repr\u00e9sentation similaires \u00e0 celui conclu entre la Suisse et le Liechtenstein existent \u00e9galement dans d&rsquo;autres contextes li\u00e9s \u00e0 des <strong>micro-\u00c9tats<\/strong> ou \u00e0 de<strong> petits territoires.<\/strong><\/span><\/p>\n<p><span class=\"font-377884\">Ainsi, la <strong>France<\/strong> repr\u00e9sente diplomatiquement la <strong>Principaut\u00e9 de Monaco<\/strong> dans de nombreux pays o\u00f9 celle-ci ne dispose pas de sa propre ambassade.<\/span><\/p>\n<p><span class=\"font-377884\">De m\u00eame, l&rsquo;<strong>Italie<\/strong> fournit une assistance consulaire \u00e0 <strong>Saint-Marin<\/strong> dans certains cas, tandis que la <strong>Nouvelle-Z\u00e9lande<\/strong> repr\u00e9sente les int\u00e9r\u00eats \u00e9trangers de <strong>petits territoires du Pacifique <\/strong>tels que <strong>Niue<\/strong> et <strong>Tokelau<\/strong>.<\/span><\/p>\n<p><span class=\"font-377884\">Les <strong>\u00c9tats-Unis<\/strong> remplissent \u00e9galement des fonctions similaires pour des micro-\u00c9tats ind\u00e9pendants tels que les<strong> \u00celes Marshall,<\/strong> la <strong>Micron\u00e9sie<\/strong> et les <strong>Palaos<\/strong>. Ces m\u00e9canismes permettent aux micro-\u00c9tats de maintenir leur souverainet\u00e9 tout en b\u00e9n\u00e9ficiant d&rsquo;un r\u00e9seau diplomatique plus large.<\/span><\/p>\n<p><span class=\"font-377884\"><strong><a href=\"https:\/\/swissfederalism.ch\/fr\/micronations-europeennes\/\">Les micronations europ\u00e9ennes entre histoire et diplomatie<\/a><\/strong><\/span><\/p>\n<h2><span class=\"font-377884\">Le r\u00f4le des ambassades et des consulats lors de la visite d&rsquo;un chef d&rsquo;\u00c9tat<\/span><\/h2>\n<p><span class=\"font-377884\">Lorsqu&rsquo;un <strong>chef d&rsquo;\u00c9tat<\/strong> effectue une <strong>visite officielle dans un pays \u00e9tranger,<\/strong> les ambassades et consulats de son pays jouent un<strong> r\u00f4le crucial dans la coordination de la visite<\/strong>. Ils se chargent de l&rsquo;organisation et de la coordination avec les autorit\u00e9s locales, g\u00e8rent le calendrier des r\u00e9unions et des \u00e9v\u00e9nements officiels. Ils apportent un soutien logistique \u00e0 la d\u00e9l\u00e9gation, notamment en mati\u00e8re de transport et d&rsquo;h\u00e9bergement, et collaborent avec les forces de s\u00e9curit\u00e9 pour assurer la protection du chef de l&rsquo;\u00c9tat. Ils font \u00e9galement office de point de contact diplomatique entre le gouvernement h\u00f4te et la d\u00e9l\u00e9gation, facilitant les communications et r\u00e9solvant les probl\u00e8mes \u00e9ventuels. Si n\u00e9cessaire, ils offrent \u00e9galement une assistance consulaire aux membres de la d\u00e9l\u00e9gation, assurant ainsi le succ\u00e8s de la visite.<\/span><\/p>\n<p><span class=\"font-377884\">Certains chefs d&rsquo;\u00c9tat, pour des raisons de s\u00e9curit\u00e9, de confidentialit\u00e9 ou de logistique, ont choisi de s\u00e9journer dans des ambassades ou des r\u00e9sidences diplomatiques lors de leurs visites officielles :<\/span><\/p>\n<ul>\n<li><span class=\"font-377884\"><strong>Donald Trump<\/strong> a s\u00e9journ\u00e9 \u00e0 la Villa Taverna, la r\u00e9sidence de l&rsquo;ambassadeur des \u00c9tats-Unis \u00e0 Rome, lors de ses visites en Italie et dans la Cit\u00e9 du Vatican en 2017 et 2025, afin de garantir un environnement s\u00e9curis\u00e9 et contr\u00f4l\u00e9.<\/span><\/li>\n<li><span class=\"font-377884\"><strong>Charles de Gaulle,<\/strong> pr\u00e9sident de la R\u00e9publique fran\u00e7aise, a choisi \u00e0 plusieurs reprises de s\u00e9journer dans des r\u00e9sidences diplomatiques fran\u00e7aises \u00e0 l&rsquo;\u00e9tranger, notamment dans des pays o\u00f9 les conditions de s\u00e9curit\u00e9 exigeaient un environnement plus prot\u00e9g\u00e9 et priv\u00e9.<\/span><\/li>\n<li><span class=\"font-377884\">La <strong>reine \u00c9lisabeth II<\/strong> a utilis\u00e9 les r\u00e9sidences diplomatiques britanniques pour de courts s\u00e9jours lors de certaines visites officielles, pr\u00e9f\u00e9rant la protection et l&rsquo;intimit\u00e9 offertes par ces lieux aux h\u00f4tels.<\/span><\/li>\n<\/ul>\n<p><span class=\"font-377884\">Ces exemples montrent que, dans des situations particuli\u00e8res, les ambassades et les r\u00e9sidences diplomatiques sont des solutions id\u00e9ales pour l&rsquo;h\u00e9bergement des chefs d&rsquo;\u00c9tat, tout en garantissant une s\u00e9curit\u00e9 et une discr\u00e9tion maximales.<\/span><\/p>\n<h2><span class=\"font-377884\">R\u00f4le des ambassades et des consulats dans les situations d&rsquo;urgence naturelle ou de guerre<\/span><\/h2>\n<p><span class=\"font-377884\">Dans les situations <strong>d&rsquo;urgence naturelle<\/strong> ou de <strong>conflit arm\u00e9,<\/strong> les ambassades et les consulats jouent un<strong> r\u00f4le essentiel dans la protection des citoyens de leur pays \u00e0 l&rsquo;\u00e9tranger.<\/strong> Ils offrent une assistance consulaire, en fournissant des informations, un soutien et une aide pratique pour se mettre en s\u00e9curit\u00e9 ou quitter le pays si n\u00e9cessaire. Ils coordonnent les \u00e9vacuations, organisent des points de rassemblement et coop\u00e8rent avec les autorit\u00e9s locales et internationales pour assurer la protection de leurs compatriotes. Ils maintiennent \u00e9galement un flux constant de communication avec le gouvernement central pour les mises \u00e0 jour et les d\u00e9cisions strat\u00e9giques, devenant ainsi un point de r\u00e9f\u00e9rence cl\u00e9 pour la gestion des crises.<\/span><\/p>\n<p>&nbsp;<\/p>\n<p class=\"\" data-start=\"883\" data-end=\"1100\"><a href=\"https:\/\/k16trade.ch\/raw-coffee\/\"><img decoding=\"async\" class=\"wp-image-230949 size-medium aligncenter\" src=\"https:\/\/swissfederalism.ch\/wp-content\/uploads\/2020\/11\/FullLogo_Transparent_NoBuffer-300x145.png\" alt=\"K16 TRADE &amp; CONSULTING SWITZERLAND\" width=\"300\" height=\"145\" srcset=\"https:\/\/swissfederalism.ch\/wp-content\/uploads\/2020\/11\/FullLogo_Transparent_NoBuffer-300x145.png 300w, https:\/\/swissfederalism.ch\/wp-content\/uploads\/2020\/11\/FullLogo_Transparent_NoBuffer-1024x495.png 1024w, https:\/\/swissfederalism.ch\/wp-content\/uploads\/2020\/11\/FullLogo_Transparent_NoBuffer-768x371.png 768w, https:\/\/swissfederalism.ch\/wp-content\/uploads\/2020\/11\/FullLogo_Transparent_NoBuffer-350x169.png 350w, https:\/\/swissfederalism.ch\/wp-content\/uploads\/2020\/11\/FullLogo_Transparent_NoBuffer.png 1280w\" sizes=\"(max-width: 300px) 100vw, 300px\" \/><\/a><\/p>\n","protected":false},"excerpt":{"rendered":"<p>L&rsquo;ambassade et le consulat repr\u00e9sentent l&rsquo;\u00c9tat \u00e0 l&rsquo;\u00e9tranger, mais avec des fonctions distinctes. Comprendre les diff\u00e9rences est essentiel pour tout citoyen \u00e0 l&rsquo;\u00e9tranger.<\/p>\n","protected":false},"author":9,"featured_media":235314,"comment_status":"open","ping_status":"closed","sticky":false,"template":"","format":"standard","meta":{"footnotes":""},"categories":[308,209,306,294,1031,1346],"tags":[2571,2572,1049,1875],"class_list":["post-235331","post","type-post","status-publish","format-standard","has-post-thumbnail","hentry","category-faits-marquants","category-les-magazines","category-politique","category-suisse","category-usa-fr","category-curiosites","tag-ambassade","tag-consulat","tag-diplomatie","tag-relations-bilaterales"],"_links":{"self":[{"href":"https:\/\/swissfederalism.ch\/fr\/wp-json\/wp\/v2\/posts\/235331","targetHints":{"allow":["GET"]}}],"collection":[{"href":"https:\/\/swissfederalism.ch\/fr\/wp-json\/wp\/v2\/posts"}],"about":[{"href":"https:\/\/swissfederalism.ch\/fr\/wp-json\/wp\/v2\/types\/post"}],"author":[{"embeddable":true,"href":"https:\/\/swissfederalism.ch\/fr\/wp-json\/wp\/v2\/users\/9"}],"replies":[{"embeddable":true,"href":"https:\/\/swissfederalism.ch\/fr\/wp-json\/wp\/v2\/comments?post=235331"}],"version-history":[{"count":3,"href":"https:\/\/swissfederalism.ch\/fr\/wp-json\/wp\/v2\/posts\/235331\/revisions"}],"predecessor-version":[{"id":235334,"href":"https:\/\/swissfederalism.ch\/fr\/wp-json\/wp\/v2\/posts\/235331\/revisions\/235334"}],"wp:featuredmedia":[{"embeddable":true,"href":"https:\/\/swissfederalism.ch\/fr\/wp-json\/wp\/v2\/media\/235314"}],"wp:attachment":[{"href":"https:\/\/swissfederalism.ch\/fr\/wp-json\/wp\/v2\/media?parent=235331"}],"wp:term":[{"taxonomy":"category","embeddable":true,"href":"https:\/\/swissfederalism.ch\/fr\/wp-json\/wp\/v2\/categories?post=235331"},{"taxonomy":"post_tag","embeddable":true,"href":"https:\/\/swissfederalism.ch\/fr\/wp-json\/wp\/v2\/tags?post=235331"}],"curies":[{"name":"wp","href":"https:\/\/api.w.org\/{rel}","templated":true}]}}