{"id":235133,"date":"2025-04-17T11:33:22","date_gmt":"2025-04-17T11:33:22","guid":{"rendered":"https:\/\/swissfederalism.ch\/swiss-passes-2025\/"},"modified":"2025-04-17T12:25:18","modified_gmt":"2025-04-17T12:25:18","slug":"cols-suisses-2025","status":"publish","type":"post","link":"https:\/\/swissfederalism.ch\/fr\/cols-suisses-2025\/","title":{"rendered":"Ouverture des cols suisses 2025"},"content":{"rendered":"<h1 data-start=\"0\" data-end=\"126\"><span class=\"font-377884\">Ouverture des cols suisses 2025<\/span><\/h1>\n<h3 data-start=\"0\" data-end=\"126\"><span class=\"font-377884\"><em>Avec l&rsquo;arriv\u00e9e du printemps, les cols suisses rouvrent leurs portes aux amateurs de montagne et d&rsquo;aventure. Entre sommets imposants et vall\u00e9es enchanteresses, ces cols alpins offrent des vues spectaculaires et repr\u00e9sentent un lien essentiel au c\u0153ur des Alpes.<\/em><\/span><\/h3>\n<figure id=\"attachment_235037\" aria-describedby=\"caption-attachment-235037\" style=\"width: 840px\" class=\"wp-caption aligncenter\"><a href=\"https:\/\/swissfederalism.ch\/wp-content\/uploads\/2025\/04\/San-Bernardino-Pass-Wa18-CC-BY-3.0-via-Wikimedia-Commons-1024x614.jpg\"><img decoding=\"async\" class=\"size-large wp-image-235037\" src=\"https:\/\/swissfederalism.ch\/wp-content\/uploads\/2025\/04\/San-Bernardino-Pass-Wa18-CC-BY-3.0-via-Wikimedia-Commons-1024x614.jpg\" alt=\"San Bernardino Pass Wa18, CC BY 3.0, via Wikimedia Commons\" width=\"840\" height=\"504\" srcset=\"https:\/\/swissfederalism.ch\/wp-content\/uploads\/2025\/04\/San-Bernardino-Pass-Wa18-CC-BY-3.0-via-Wikimedia-Commons-1024x614.jpg 1024w, https:\/\/swissfederalism.ch\/wp-content\/uploads\/2025\/04\/San-Bernardino-Pass-Wa18-CC-BY-3.0-via-Wikimedia-Commons-300x180.jpg 300w, https:\/\/swissfederalism.ch\/wp-content\/uploads\/2025\/04\/San-Bernardino-Pass-Wa18-CC-BY-3.0-via-Wikimedia-Commons-768x461.jpg 768w, https:\/\/swissfederalism.ch\/wp-content\/uploads\/2025\/04\/San-Bernardino-Pass-Wa18-CC-BY-3.0-via-Wikimedia-Commons-350x210.jpg 350w, https:\/\/swissfederalism.ch\/wp-content\/uploads\/2025\/04\/San-Bernardino-Pass-Wa18-CC-BY-3.0-via-Wikimedia-Commons.jpg 1280w\" sizes=\"(max-width: 840px) 100vw, 840px\" \/><\/a><figcaption id=\"caption-attachment-235037\" class=\"wp-caption-text\"><span class=\"font-377884\">San Bernardino Pass Wa18, CC BY 3.0, via Wikimedia Commons<\/span><\/figcaption><\/figure>\n<p><span class=\"font-377884\">Les cols de montagne de la Suisse ont jou\u00e9 un r\u00f4le crucial dans l&rsquo;histoire du pays, servant d&rsquo;art\u00e8res vitales pour le commerce, la migration et les \u00e9changes culturels \u00e0 travers les Alpes. Ces cols ont reli\u00e9 diff\u00e9rentes r\u00e9gions, facilitant l&rsquo;interaction entre diff\u00e9rentes cultures et \u00e9conomies.<\/span><\/p>\n<p><span class=\"font-377884\">L&rsquo;un des plus embl\u00e9matiques est le <strong>col du Saint-Gothard<\/strong>, souvent appel\u00e9 le \u00ab <em>roi des cols alpins<\/em> \u00bb. Situ\u00e9 \u00e0 2 106 m\u00e8tres au-dessus du niveau de la mer, il a historiquement repr\u00e9sent\u00e9 un point de rencontre entre diff\u00e9rentes cultures et r\u00e9gions linguistiques. Aujourd&rsquo;hui, il offre aux visiteurs la possibilit\u00e9 d&rsquo;explorer des tunnels historiques et de se plonger dans le pass\u00e9 de la r\u00e9gion.<\/span><\/p>\n<p><span class=\"font-377884\">Un autre exemple significatif est le <strong>col du Simplon<\/strong>, connu pour \u00eatre la premi\u00e8re route carrossable \u00e0 travers les Alpes. Ce col a facilit\u00e9 le commerce et la circulation entre le nord et le sud, soulignant l&rsquo;importance strat\u00e9gique des cols suisses dans l&rsquo;histoire de l&rsquo;Europe.<\/span><\/p>\n<p><span class=\"font-377884\">Avec ses 2501 m\u00e8tres, le <strong>col de l&rsquo;Umbrail<\/strong> est le plus haut des cols alpins de Suisse, suivi du <strong>col du Nufenen<\/strong>, qui culmine \u00e0 2478 m\u00e8tres. Le <strong>col du Grand-Saint-Bernard<\/strong> (2473 m), troisi\u00e8me en termes d&rsquo;altitude avec ses 75 km, relie la Suisse occidentale \u00e0 l&rsquo;Italie (Val d&rsquo;Aoste), d&rsquo;o\u00f9 l&rsquo;on peut atteindre le col de l&rsquo;Iseran en France, le plus haut col alpin d&rsquo;Europe (2770 m).<\/span><\/p>\n<p><span class=\"font-377884\">Au fil du temps, ces cols ont \u00e9t\u00e9 le th\u00e9\u00e2tre d&rsquo;importants d\u00e9veloppements infrastructurels, tels que la construction d&rsquo;hospices et de routes, qui ont am\u00e9lior\u00e9 l&rsquo;accessibilit\u00e9 et la s\u00e9curit\u00e9 des voyageurs et des commer\u00e7ants. Aujourd&rsquo;hui, outre leur importance historique, les cols suisses attirent de nombreux touristes, randonneurs et motocyclistes, d\u00e9sireux de relever les d\u00e9fis et de d\u00e9couvrir la beaut\u00e9 de ces routes alpines.<\/span><\/p>\n<p><span class=\"font-377884\"><strong><a href=\"https:\/\/swissfederalism.ch\/fr\/carpostal\/\">CarPostal, symbole de la Suisse<\/a><\/strong><\/span><\/p>\n<p><span class=\"font-377884\"><strong><a href=\"https:\/\/swissfederalism.ch\/fr\/radio-fm-dab\/\">La radio FM fait place \u00e0 la DAB+ en Suisse<\/a><\/strong><\/span><\/p>\n<figure id=\"attachment_235041\" aria-describedby=\"caption-attachment-235041\" style=\"width: 1024px\" class=\"wp-caption aligncenter\"><a href=\"https:\/\/swissfederalism.ch\/wp-content\/uploads\/2025\/04\/Berninapass-Pontresina-with-the-iconic-Bernina-train-Image-by-Leonhard-Lenz-CC0-via-Wikimedia-Commons.jpg\"><img decoding=\"async\" class=\"size-full wp-image-235041\" src=\"https:\/\/swissfederalism.ch\/wp-content\/uploads\/2025\/04\/Berninapass-Pontresina-with-the-iconic-Bernina-train-Image-by-Leonhard-Lenz-CC0-via-Wikimedia-Commons.jpg\" alt=\"Berninapass Pontresina with the iconic Bernina train Image by Leonhard Lenz, CC0, via Wikimedia Commons\" width=\"1024\" height=\"683\" srcset=\"https:\/\/swissfederalism.ch\/wp-content\/uploads\/2025\/04\/Berninapass-Pontresina-with-the-iconic-Bernina-train-Image-by-Leonhard-Lenz-CC0-via-Wikimedia-Commons.jpg 1024w, https:\/\/swissfederalism.ch\/wp-content\/uploads\/2025\/04\/Berninapass-Pontresina-with-the-iconic-Bernina-train-Image-by-Leonhard-Lenz-CC0-via-Wikimedia-Commons-300x200.jpg 300w, https:\/\/swissfederalism.ch\/wp-content\/uploads\/2025\/04\/Berninapass-Pontresina-with-the-iconic-Bernina-train-Image-by-Leonhard-Lenz-CC0-via-Wikimedia-Commons-768x512.jpg 768w, https:\/\/swissfederalism.ch\/wp-content\/uploads\/2025\/04\/Berninapass-Pontresina-with-the-iconic-Bernina-train-Image-by-Leonhard-Lenz-CC0-via-Wikimedia-Commons-350x233.jpg 350w\" sizes=\"(max-width: 1024px) 100vw, 1024px\" \/><\/a><figcaption id=\"caption-attachment-235041\" class=\"wp-caption-text\"><span class=\"font-377884\">Berninapass Pontresina with the iconic Bernina train Image by Leonhard Lenz, CC0, via Wikimedia Commons<\/span><\/figcaption><\/figure>\n<h2><span class=\"font-377884\">Ouvert toute l&rsquo;ann\u00e9e ( except\u00e9 en cas de conditions m\u00e9t\u00e9orologiques d\u00e9favorables) <\/span><\/h2>\n<p><span class=\"font-377884\">En Suisse, plusieurs cols alpins restent ouverts toute l&rsquo;ann\u00e9e et permettent des liaisons routi\u00e8res m\u00eame pendant les mois d&rsquo;hiver. Le plus haut d&rsquo;entre eux est le <strong>col de la Bernina<\/strong>, situ\u00e9 dans le canton des Grisons, qui culmine \u00e0 2 330 m\u00e8tres d&rsquo;altitude et relie le Val Poschiavo \u00e0 l&rsquo;Engadine.<\/span><\/p>\n<p><span class=\"font-377884\">Un autre col important ouvert toute l&rsquo;ann\u00e9e est le <strong>col du Julier<\/strong>, \u00e9galement dans le canton des Grisons, qui culmine \u00e0 2 284 m\u00e8tres et relie le Val Sursette \u00e0 l&rsquo;Engadine.<\/span><\/p>\n<p><span class=\"font-377884\">Liste des cols ouverts toute l&rsquo;ann\u00e9e :<\/span><\/p>\n<ul>\n<li data-start=\"96\" data-end=\"152\"><span class=\"font-377884\"><strong data-start=\"96\" data-end=\"105\">Albis<\/strong> (791 m) \u2013 Hausen am Albis \u2014 Langnau am Albis<\/span><\/li>\n<li data-start=\"155\" data-end=\"208\"><span class=\"font-377884\"><strong data-start=\"155\" data-end=\"166\">Bernina<\/strong> (2328 m) \u2013 Poschiavo (GR) \u2014 Livigno (I)<\/span><\/li>\n<li data-start=\"211\" data-end=\"266\"><span class=\"font-377884\"><strong data-start=\"211\" data-end=\"221\">Br\u00fcnig<\/strong> (1008 m) \u2013 Brienzwiler (BE) \u2014 Lungern (OW)<\/span><\/li>\n<li data-start=\"269\" data-end=\"316\"><span class=\"font-377884\"><strong data-start=\"269\" data-end=\"280\">B\u00f6zberg<\/strong> (569 m) \u2013 Frick (AG) \u2014 Brugg (AG)<\/span><\/li>\n<li data-start=\"319\" data-end=\"377\"><span class=\"font-377884\"><strong data-start=\"319\" data-end=\"337\">Chalet-\u00e0-Gobet<\/strong> (872 m) \u2013 Lausanne (VD) \u2014 Moudon (VD)<\/span><\/li>\n<li data-start=\"380\" data-end=\"442\"><span class=\"font-377884\"><strong data-start=\"380\" data-end=\"401\">Col de la Givrine<\/strong> (1228 m) \u2013 Les Rousses (F) \u2014 Nyon (VD)<\/span><\/li>\n<li data-start=\"445\" data-end=\"517\"><span class=\"font-377884\"><strong data-start=\"445\" data-end=\"464\">Col des Etroits<\/strong> (1152 m) \u2013 Pontarlier (F) \u2014 Yverdon-Les-Bains (VD)<\/span><\/li>\n<li data-start=\"520\" data-end=\"581\"><span class=\"font-377884\"><strong data-start=\"520\" data-end=\"539\">Col des Montets<\/strong> (1461 m) \u2013 Chamonix (F) \u2014 Martigny (VS)<\/span><\/li>\n<li data-start=\"584\" data-end=\"647\"><span class=\"font-377884\"><strong data-start=\"584\" data-end=\"602\">Col des Mosses<\/strong> (1445 m) \u2013 Aigle (VD) \u2014 Ch\u00e2teau-d&rsquo;Oex (VD)<\/span><\/li>\n<li data-start=\"650\" data-end=\"716\"><span class=\"font-377884\"><strong data-start=\"650\" data-end=\"670\">Col des Planches<\/strong> (1408 m) \u2013 Martigny (VS) \u2014 Sembrancher (VS)<\/span><\/li>\n<li data-start=\"719\" data-end=\"785\"><span class=\"font-377884\"><strong data-start=\"719\" data-end=\"738\">Col des Pontins<\/strong> (1119 m) \u2013 Saint-Imier (BE) \u2014 Neuch\u00e2tel (NE)<\/span><\/li>\n<li data-start=\"788\" data-end=\"848\"><span class=\"font-377884\"><strong data-start=\"788\" data-end=\"808\">Col des Rangiers<\/strong> (856 m) \u2013 Cornol (JU) \u2014 Develier (JU)<\/span><\/li>\n<li data-start=\"851\" data-end=\"909\"><span class=\"font-377884\"><strong data-start=\"851\" data-end=\"869\">Col des Roches<\/strong> (920 m) \u2013 Morteau (F) \u2014 Le Locle (NE)<\/span><\/li>\n<li data-start=\"912\" data-end=\"975\"><span class=\"font-377884\"><strong data-start=\"912\" data-end=\"933\">Col du Marchairuz<\/strong> (1447 m) \u2013 Le Brassus (VD) \u2014 Bi\u00e8re (VD)<\/span><\/li>\n<li data-start=\"978\" data-end=\"1046\"><span class=\"font-377884\"><strong data-start=\"978\" data-end=\"999\">Col du Mollendruz<\/strong> (1174 m) \u2013 Le Pont (VD) \u2014 Mont-la-Ville (VD)<\/span><\/li>\n<li data-start=\"1049\" data-end=\"1104\"><span class=\"font-377884\"><strong data-start=\"1049\" data-end=\"1066\">Col du Pillon<\/strong> (1546 m) \u2013 Aigle (VD) \u2014 Gstaad (BE)<\/span><\/li>\n<li data-start=\"1107\" data-end=\"1161\"><span class=\"font-377884\"><strong data-start=\"1107\" data-end=\"1116\">Etzel<\/strong> (949 m) \u2013 Pf\u00e4ffikon (SZ) \u2014 Einsiedeln (SZ)<\/span><\/li>\n<li data-start=\"1164\" data-end=\"1217\"><span class=\"font-377884\"><strong data-start=\"1164\" data-end=\"1173\">Passo del Forno<\/strong> (2149 m) \u2013 Zernez (GR) \u2014 Santa Maria (GR)<\/span><\/li>\n<li data-start=\"1220\" data-end=\"1273\"><span class=\"font-377884\"><strong data-start=\"1220\" data-end=\"1232\">Gurnigel<\/strong> (1610 m) \u2013 Riggisberg \u2014 Plaffeien (FR)<\/span><\/li>\n<li data-start=\"1276\" data-end=\"1337\"><span class=\"font-377884\"><strong data-start=\"1276\" data-end=\"1288\">Hulftegg<\/strong> (953 m) \u2013 Steg im T\u00f6sstal (ZH) \u2014 M\u00fchlr\u00fcti (SG)<\/span><\/li>\n<li data-start=\"1340\" data-end=\"1396\"><span class=\"font-377884\"><strong data-start=\"1340\" data-end=\"1354\">Ibergeregg<\/strong> (1406 m) \u2013 Svitto (SZ) \u2014 Oberiberg (SZ)<\/span><\/li>\n<li data-start=\"1399\" data-end=\"1448\"><span class=\"font-377884\"><strong data-start=\"1399\" data-end=\"1407\">Jaun<\/strong> (1509 m) \u2013 Broc (FR) \u2014 Reidenbach (BE)<\/span><\/li>\n<li data-start=\"1451\" data-end=\"1506\"><span class=\"font-377884\"><strong data-start=\"1451\" data-end=\"1461\">Julier<\/strong> (2284 m) \u2013 Savognin (GR) \u2014 Silvaplana (GR)<\/span><\/li>\n<li data-start=\"1509\" data-end=\"1566\"><span class=\"font-377884\"><strong data-start=\"1509\" data-end=\"1525\">Kerenzerberg<\/strong> (734 m) \u2013 Mollis (GL) \u2014 M\u00fchlehorn (GL)<\/span><\/li>\n<li data-start=\"1569\" data-end=\"1630\"><span class=\"font-377884\"><strong data-start=\"1569\" data-end=\"1583\">La Forclaz<\/strong> (1526 m) \u2013 Martigny (VS) \u2014 Le Ch\u00e2telard (VS)<\/span><\/li>\n<li data-start=\"1633\" data-end=\"1692\"><span class=\"font-377884\"><strong data-start=\"1633\" data-end=\"1648\">La Scheulte<\/strong> (1051 m) \u2013 Balsthal (SO) \u2014 Mervelier (JU)<\/span><\/li>\n<li data-start=\"1695\" data-end=\"1763\"><span class=\"font-377884\"><strong data-start=\"1695\" data-end=\"1708\">La Tourne<\/strong> (1170 m) \u2013 Corcelles (NE) \u2014 Les Ponts de Martel (NE)<\/span><\/li>\n<li data-start=\"1766\" data-end=\"1825\"><span class=\"font-377884\"><strong data-start=\"1766\" data-end=\"1781\">Lenzerheide<\/strong> (1547 m) \u2013 Coira (GR) \u2014 Tiefencastel (GR)<\/span><\/li>\n<li data-start=\"1828\" data-end=\"1902\"><span class=\"font-377884\"><strong data-start=\"1828\" data-end=\"1853\">Lucomagno (Lukmanier)<\/strong> (1914 m) \u2013 Disentis\/Must\u00e9r (GR) \u2014 Olivone (TI)<\/span><\/li>\n<li data-start=\"1905\" data-end=\"1960\"><span class=\"font-377884\"><strong data-start=\"1905\" data-end=\"1915\">Maloja<\/strong> (1815 m) \u2013 Chiavenna (I) \u2014 Silvaplana (GR)<\/span><\/li>\n<li data-start=\"1963\" data-end=\"2024\"><span class=\"font-377884\"><strong data-start=\"1963\" data-end=\"1978\">Mont-Crosin<\/strong> (1227 m) \u2013 Saint-Imier (BE) \u2014 Tramelan (BE)<\/span><\/li>\n<li data-start=\"2027\" data-end=\"2084\"><span class=\"font-377884\"><strong data-start=\"2027\" data-end=\"2043\">Monte Ceneri<\/strong> (556 m) \u2013 Cadenazzo (TI) \u2014 Rivera (TI)<\/span><\/li>\n<li data-start=\"2087\" data-end=\"2150\"><span class=\"font-377884\"><strong data-start=\"2087\" data-end=\"2108\">Oberer Hauenstein<\/strong> (730 m) \u2013 Balsthal (SO) \u2014 Oberdorf (BL)<\/span><\/li>\n<li data-start=\"2153\" data-end=\"2213\"><span class=\"font-377884\"><strong data-start=\"2153\" data-end=\"2171\">Pas de Morgins<\/strong> (1371 m) \u2013 Abondance (F) \u2014 Monthey (VS)<\/span><\/li>\n<li data-start=\"2216\" data-end=\"2271\"><span class=\"font-377884\"><strong data-start=\"2216\" data-end=\"2228\">Passwang<\/strong> (943 m) \u2013 Erschwil (SO) \u2014 M\u00fcmliswil (SO)<\/span><\/li>\n<li data-start=\"2274\" data-end=\"2334\"><span class=\"font-377884\"><strong data-start=\"2274\" data-end=\"2292\">Pierre-Pertuis<\/strong> (827 m) \u2013 Sonceboz (BE) \u2014 Tavannes (BE)<\/span><\/li>\n<li data-start=\"2337\" data-end=\"2392\"><span class=\"font-377884\"><strong data-start=\"2337\" data-end=\"2346\">Raten<\/strong> (1077 m) \u2013 Ober\u00e4geri (ZG) \u2014 Biberbrugg (SZ)<\/span><\/li>\n<li data-start=\"2395\" data-end=\"2454\"><span class=\"font-377884\"><strong data-start=\"2395\" data-end=\"2405\">Ricken<\/strong> (795 m) \u2013 St. Gallenkappel (SG) \u2014 Wattwil (SG)<\/span><\/li>\n<li data-start=\"2457\" data-end=\"2510\"><span class=\"font-377884\"><strong data-start=\"2457\" data-end=\"2467\">Ruppen<\/strong> (1016 m) \u2013 Trogen (AR) \u2014 Altst\u00e4tten (SG)<\/span><\/li>\n<li data-start=\"2513\" data-end=\"2571\"><span class=\"font-377884\"><strong data-start=\"2513\" data-end=\"2528\">Saanenm\u00f6ser<\/strong> (1279 m) \u2013 Zweisimmen (BE) \u2014 Saanen (BE)<\/span><\/li>\n<li data-start=\"2574\" data-end=\"2629\"><span class=\"font-377884\"><strong data-start=\"2574\" data-end=\"2585\">Salh\u00f6he<\/strong> (787 m) \u2013 Kienberg (SO) \u2014 Erlinsbach (AG)<\/span><\/li>\n<li data-start=\"2632\" data-end=\"2686\"><span class=\"font-377884\"><strong data-start=\"2632\" data-end=\"2642\">Sattel<\/strong> (933 m) \u2013 Schindellegi (SZ) \u2014 Schwyz (SZ)<\/span><\/li>\n<li data-start=\"2689\" data-end=\"2746\"><span class=\"font-377884\"><strong data-start=\"2689\" data-end=\"2702\">Sattelegg<\/strong> (1190 m) \u2013 Einsiedeln (SZ) \u2014 Siebnen (SZ)<\/span><\/li>\n<li data-start=\"2749\" data-end=\"2807\"><span class=\"font-377884\"><strong data-start=\"2749\" data-end=\"2765\">Schallenberg<\/strong> (1168 m) \u2013 Oberei (BE) \u2014 Schangnau (BE)<\/span><\/li>\n<li data-start=\"2810\" data-end=\"2871\"><span class=\"font-377884\"><strong data-start=\"2810\" data-end=\"2823\">Schw\u00e4galp<\/strong> (1299 m) \u2013 Neu St. Johann (SG) \u2014 Urn\u00e4sch (AR)<\/span><\/li>\n<li data-start=\"2874\" data-end=\"2923\"><span class=\"font-377884\"><strong data-start=\"2874\" data-end=\"2886\">Sempione<\/strong> (2005 m) \u2013 Briga (VS) \u2014 Iselle (I)<\/span><\/li>\n<li data-start=\"2926\" data-end=\"2985\"><span class=\"font-377884\"><strong data-start=\"2926\" data-end=\"2943\">St. Luzisteig<\/strong> (716 m) \u2013 Maienfeld (GR) \u2014 Balzers (FL)<\/span><\/li>\n<li data-start=\"2988\" data-end=\"3038\"><span class=\"font-377884\"><strong data-start=\"2988\" data-end=\"3002\">Staffelegg<\/strong> (620 m) \u2013 Frick (AG) \u2014 Aarau (AG)<\/span><\/li>\n<li data-start=\"3041\" data-end=\"3090\"><span class=\"font-377884\"><strong data-start=\"3041\" data-end=\"3050\">Stoss<\/strong> (971 m) \u2013 Gais (AR) \u2014 Altst\u00e4tten (SG)<\/span><\/li>\n<li data-start=\"3093\" data-end=\"3153\"><span class=\"font-377884\"><strong data-start=\"3093\" data-end=\"3115\">Unterer Hauenstein<\/strong> (690 m) \u2013 Olten (SO) \u2014 Sissach (BL)<\/span><\/li>\n<li data-start=\"3156\" data-end=\"3226\"><span class=\"font-377884\"><strong data-start=\"3156\" data-end=\"3173\">Vue-des-Alpes<\/strong> (1283 m) \u2013 Neuch\u00e2tel (NE) \u2014 La Chaux-de-Fonds (NE)<\/span><\/li>\n<li data-start=\"3229\" data-end=\"3294\"><span class=\"font-377884\"><strong data-start=\"3229\" data-end=\"3243\">Wasserfluh<\/strong> (843 m) \u2013 Lichtensteig (SG) \u2014 St. Peterzell (SG)<\/span><\/li>\n<li data-start=\"3297\" data-end=\"3359\"><span class=\"font-377884\"><strong data-start=\"3297\" data-end=\"3313\">Weissenstein<\/strong> (1279 m) \u2013 Oberdorf (SO) \u2014 G\u00e4nsbrunnen (SO)<\/span><\/li>\n<li data-start=\"3362\" data-end=\"3412\"><span class=\"font-377884\"><strong data-start=\"3362\" data-end=\"3374\">Wildhaus<\/strong> (1090 m) \u2013 Wattwil (SG) \u2014 Gams (SG)<\/span><\/li>\n<li data-start=\"3415\" data-end=\"3467\"><span class=\"font-377884\"><strong data-start=\"3415\" data-end=\"3427\">Wolfgang<\/strong> (1631 m) \u2013 Klosters (GR) \u2014 Davos (GR)<\/span><\/li>\n<\/ul>\n<p><span class=\"font-377884\"><strong><a href=\"https:\/\/swissfederalism.ch\/fr\/frontiere-italie-suisse\/\">La fonte des glaciers d\u00e9place la fronti\u00e8re entre l&rsquo;Italie et la Suisse<\/a><\/strong><\/span><\/p>\n<p><span class=\"font-377884\"><strong><a href=\"https:\/\/swissfederalism.ch\/fr\/la-vache-ambassadrice-de-la-suisse\/\">La vache ambassadrice de la Suisse<\/a><\/strong><\/span><\/p>\n<figure id=\"attachment_235045\" aria-describedby=\"caption-attachment-235045\" style=\"width: 840px\" class=\"wp-caption aligncenter\"><a href=\"https:\/\/swissfederalism.ch\/wp-content\/uploads\/2025\/04\/Gotthardpass-Ticino-side-Image-by-Chris-Sche-Bo-scaled.jpg\"><img decoding=\"async\" class=\"size-large wp-image-235045\" src=\"https:\/\/swissfederalism.ch\/wp-content\/uploads\/2025\/04\/Gotthardpass-Ticino-side-Image-by-Chris-Sche-Bo-1024x770.jpg\" alt=\"Gotthardpass Ticino side Image by Chris Sche-Bo\" width=\"840\" height=\"632\" srcset=\"https:\/\/swissfederalism.ch\/wp-content\/uploads\/2025\/04\/Gotthardpass-Ticino-side-Image-by-Chris-Sche-Bo-1024x770.jpg 1024w, https:\/\/swissfederalism.ch\/wp-content\/uploads\/2025\/04\/Gotthardpass-Ticino-side-Image-by-Chris-Sche-Bo-300x226.jpg 300w, https:\/\/swissfederalism.ch\/wp-content\/uploads\/2025\/04\/Gotthardpass-Ticino-side-Image-by-Chris-Sche-Bo-768x578.jpg 768w, https:\/\/swissfederalism.ch\/wp-content\/uploads\/2025\/04\/Gotthardpass-Ticino-side-Image-by-Chris-Sche-Bo-1536x1155.jpg 1536w, https:\/\/swissfederalism.ch\/wp-content\/uploads\/2025\/04\/Gotthardpass-Ticino-side-Image-by-Chris-Sche-Bo-2048x1540.jpg 2048w, https:\/\/swissfederalism.ch\/wp-content\/uploads\/2025\/04\/Gotthardpass-Ticino-side-Image-by-Chris-Sche-Bo-350x263.jpg 350w, https:\/\/swissfederalism.ch\/wp-content\/uploads\/2025\/04\/Gotthardpass-Ticino-side-Image-by-Chris-Sche-Bo-scaled.jpg 2560w\" sizes=\"(max-width: 840px) 100vw, 840px\" \/><\/a><figcaption id=\"caption-attachment-235045\" class=\"wp-caption-text\"><span class=\"font-377884\">Gotthardpass Ticino side Image by Chris Sche-Bo<\/span><\/figcaption><\/figure>\n<h2><span class=\"font-377884\">Cols ferm\u00e9s en hiver et rouverts au printemps\/\u00e9t\u00e9<\/span><\/h2>\n<h3><span class=\"font-377884\"><em><span style=\"color: #000000;\">(g\u00e9n\u00e9ralement ferm\u00e9s de novembre\/d\u00e9cembre \u00e0 avril\/mai, sauf conditions m\u00e9t\u00e9orologiques exceptionnelles)<\/span><\/em><\/span><\/h3>\n<h4><span class=\"font-377884\" style=\"color: #ff0000;\">Cette ann\u00e9e, en raison des faibles chutes de neige sur les cols alpins, les travaux de d\u00e9blaiement ont d\u00e9j\u00e0 commenc\u00e9 et de nombreuses r\u00e9ouvertures sont pr\u00e9vues plus t\u00f4t que les ann\u00e9es pr\u00e9c\u00e9dentes.<\/span><\/h4>\n<ul>\n<li><strong data-start=\"73\" data-end=\"84\">\u00c4cherli<\/strong> (1\u2019457 m) \u2013 Kerns (OW) \u2192 Dallerwil (NW) (d\u00e9cembre \u2013 avril)<\/li>\n<li><strong data-start=\"146\" data-end=\"156\">Albula<\/strong> (2\u2019312 m) \u2013 Berg\u00fcn (GR) \u2192 La Punt (GR) (novembre \u2013 juin)<br data-start=\"213\" data-end=\"216\" \/>\ud83d\udc49 Ouverture pr\u00e9vue : 16.05.2025<\/li>\n<li><strong data-start=\"251\" data-end=\"264\">Chasseral<\/strong> (1\u2019502 m) \u2013 St. Imier (BE) \u2192 Nods (BE) (d\u00e9cembre \u2013 avril)<\/li>\n<li><strong data-start=\"325\" data-end=\"344\">Col de la Croix<\/strong> (1\u2019778 m) \u2013 Bex (VD) \u2192 Les Diablerets (VD) (novembre \u2013 mai)<\/li>\n<li><strong data-start=\"407\" data-end=\"417\">Fl\u00fcela<\/strong> (2\u2019383 m) \u2013 Davos (GR) \u2192 Susch (GR) (novembre \u2013 mai)<br data-start=\"470\" data-end=\"473\" \/>\u2705 Ouvert depuis : 16.04.2025<\/li>\n<li><strong data-start=\"504\" data-end=\"526\">Forcola di Livigno<\/strong> (2\u2019315 m) \u2013 Livigno (IT) \u2192 La Motta (GR) (novembre \u2013 mai)<\/li>\n<li><strong data-start=\"587\" data-end=\"596\">Furka<\/strong> (2\u2019429 m) \u2013 Obergoms (VS) \u2192 Realp (UR) (novembre \u2013 mai)<br data-start=\"652\" data-end=\"655\" \/>\ud83d\udc49 Ouverture pr\u00e9vue : fin mai 2025<br data-start=\"689\" data-end=\"692\" \/>Le col de la Furka, le troisi\u00e8me plus haut col routier goudronn\u00e9 de Suisse, est c\u00e9l\u00e8bre pour le film de James Bond <em data-start=\"807\" data-end=\"819\">Goldfinger<\/em>.<\/li>\n<li><strong data-start=\"823\" data-end=\"838\">Glaubenberg<\/strong> (1\u2019543 m) \u2013 Entlebuch (LU) \u2192 Sarnen (OW) (novembre \u2013 mai)<\/li>\n<li><strong data-start=\"899\" data-end=\"916\">Glaubenb\u00fcelen<\/strong> (1\u2019611 m) \u2013 S\u00f6renberg (LU) \u2192 Giswil (OW) (novembre \u2013 mai)<\/li>\n<li><strong data-start=\"977\" data-end=\"1000\">Grand-Saint-Bernard<\/strong> (2\u2019469 m) \u2013 Martigny (VS) \u2192 Aoste (IT) (novembre \u2013 mai)<br data-start=\"1056\" data-end=\"1059\" \/>Connu pour son hospice et ses c\u00e9l\u00e8bres chiens de sauvetage, le col se trouve enti\u00e8rement sur territoire suisse.<\/li>\n<li><strong data-start=\"1173\" data-end=\"1184\">Grimsel<\/strong> (2\u2019164 m) \u2013 Innertkirchen (BE) \u2192 Gletsch (VS) (novembre \u2013 mai)<\/li>\n<li><strong data-start=\"1250\" data-end=\"1270\">Grosse Scheidegg<\/strong> (1\u2019962 m) \u2013 Grindelwald (BE) \u2192 Meiringen (BE) (novembre \u2013 mai)<\/li>\n<li><strong data-start=\"1336\" data-end=\"1347\">Klausen<\/strong> (1\u2019948 m) \u2013 Altdorf (UR) \u2192 Linthal (GL) (novembre \u2013 mai)<br data-start=\"1404\" data-end=\"1407\" \/>\ud83d\udc49 Ouverture pr\u00e9vue : mi-mai 2025<\/li>\n<li><strong data-start=\"1443\" data-end=\"1463\">Nufenen \/ Novena<\/strong> (2\u2019478 m) \u2013 Ulrichen (VS) \u2192 Airolo (TI) (novembre \u2013 mai)<\/li>\n<li><strong data-start=\"1523\" data-end=\"1534\">Oberalp<\/strong> (2\u2019044 m) \u2013 Andermatt (UR) \u2192 Sedrun (GR) (novembre \u2013 mai)<br data-start=\"1592\" data-end=\"1595\" \/>\ud83d\udc49 Ouverture pr\u00e9vue : 25.04.2025<\/li>\n<li><strong data-start=\"1630\" data-end=\"1640\">Pragel<\/strong> (1\u2019558 m) \u2013 Muotathal (SZ) \u2192 Riedern (GL) (novembre \u2013 mai)<\/li>\n<li><strong data-start=\"1702\" data-end=\"1751\">Col du Gothard (ancienne route de la Tremola)<\/strong> (2\u2019091 m) \u2013 Airolo (TI) \u2192 Col du Gothard (novembre \u2013 mai)<br data-start=\"1809\" data-end=\"1812\" \/>Panoramique, historique, id\u00e9al pour les v\u00e9los et les motos.<\/li>\n<li><strong data-start=\"1874\" data-end=\"1892\">Col du Gothard<\/strong> (2\u2019108 m) \u2013 Andermatt (UR) \u2192 Airolo (TI) (novembre \u2013 mai)<br data-start=\"1950\" data-end=\"1953\" \/>\ud83d\udc49 Ouverture pr\u00e9vue : mi-mai 2025<\/li>\n<li><strong data-start=\"1989\" data-end=\"2001\">Sanetsch<\/strong> (2\u2019252 m) \u2013 Sion (VS) \u2192 Lac de Sanetsch (VS) (novembre \u2013 mai)<\/li>\n<li><strong data-start=\"2066\" data-end=\"2084\">San Bernardino<\/strong> (2\u2019065 m) \u2013 Hinterrhein (GR) \u2192 San Bernardino (GR) (novembre \u2013 mai)<br data-start=\"2152\" data-end=\"2155\" \/>\ud83d\udc49 Ouverture pr\u00e9vue : 30.05.2025<\/li>\n<li><strong data-start=\"2190\" data-end=\"2210\">Spl\u00fcgen \/ Spluga<\/strong> (2\u2019113 m) \u2013 Spl\u00fcgen (GR) \u2192 Chiavenna (Italie) (novembre \u2013 mai)<br data-start=\"2273\" data-end=\"2276\" \/>\ud83d\udc49 Ouverture pr\u00e9vue : 01.05.2025<\/li>\n<li><strong data-start=\"2311\" data-end=\"2321\">Susten<\/strong> (2\u2019224 m) \u2013 Wassen (UR) \u2192 Innertkirchen (BE) (novembre \u2013 mai)<br data-start=\"2383\" data-end=\"2386\" \/>\ud83d\udc49 Ouverture pr\u00e9vue : mi-juin 2025<\/li>\n<li><strong data-start=\"2423\" data-end=\"2434\">Umbrail<\/strong> (2\u2019501 m) \u2013 Santa Maria (GR) \u2192 Bormio (Italie) (novembre \u2013 mai)<br data-start=\"2498\" data-end=\"2501\" \/>Aussi connu sous le nom de Giogo di Santa Maria, il s&rsquo;agit du plus haut col routier goudronn\u00e9 de Suisse.<\/li>\n<\/ul>\n<p>&nbsp;<\/p>\n<p><a href=\"https:\/\/k16trade.ch\/seqex-en\/\"><img decoding=\"async\" class=\"wp-image-230949 size-medium aligncenter\" src=\"https:\/\/swissfederalism.ch\/wp-content\/uploads\/2020\/11\/FullLogo_Transparent_NoBuffer-300x145.png\" alt=\"K16 TRADE &amp; CONSULTING SWITZERLAND\" width=\"300\" height=\"145\" srcset=\"https:\/\/swissfederalism.ch\/wp-content\/uploads\/2020\/11\/FullLogo_Transparent_NoBuffer-300x145.png 300w, https:\/\/swissfederalism.ch\/wp-content\/uploads\/2020\/11\/FullLogo_Transparent_NoBuffer-1024x495.png 1024w, https:\/\/swissfederalism.ch\/wp-content\/uploads\/2020\/11\/FullLogo_Transparent_NoBuffer-768x371.png 768w, https:\/\/swissfederalism.ch\/wp-content\/uploads\/2020\/11\/FullLogo_Transparent_NoBuffer-350x169.png 350w, https:\/\/swissfederalism.ch\/wp-content\/uploads\/2020\/11\/FullLogo_Transparent_NoBuffer.png 1280w\" sizes=\"(max-width: 300px) 100vw, 300px\" \/><\/a><\/p>\n","protected":false},"excerpt":{"rendered":"<p>Avec l&rsquo;arriv\u00e9e du printemps, les cols suisses rouvrent leurs portes aux amateurs de montagne et d&rsquo;aventure.<\/p>\n","protected":false},"author":9,"featured_media":235039,"comment_status":"open","ping_status":"closed","sticky":false,"template":"","format":"standard","meta":{"footnotes":""},"categories":[308,209,294,2325],"tags":[2544,2089,885,2367,888,443],"class_list":["post-235133","post","type-post","status-publish","format-standard","has-post-thumbnail","hentry","category-faits-marquants","category-les-magazines","category-suisse","category-tourisme","tag-cols-alpins","tag-mountain-areas-en-fr","tag-nature","tag-routes","tag-suisse","tag-tourisme"],"_links":{"self":[{"href":"https:\/\/swissfederalism.ch\/fr\/wp-json\/wp\/v2\/posts\/235133","targetHints":{"allow":["GET"]}}],"collection":[{"href":"https:\/\/swissfederalism.ch\/fr\/wp-json\/wp\/v2\/posts"}],"about":[{"href":"https:\/\/swissfederalism.ch\/fr\/wp-json\/wp\/v2\/types\/post"}],"author":[{"embeddable":true,"href":"https:\/\/swissfederalism.ch\/fr\/wp-json\/wp\/v2\/users\/9"}],"replies":[{"embeddable":true,"href":"https:\/\/swissfederalism.ch\/fr\/wp-json\/wp\/v2\/comments?post=235133"}],"version-history":[{"count":2,"href":"https:\/\/swissfederalism.ch\/fr\/wp-json\/wp\/v2\/posts\/235133\/revisions"}],"predecessor-version":[{"id":235135,"href":"https:\/\/swissfederalism.ch\/fr\/wp-json\/wp\/v2\/posts\/235133\/revisions\/235135"}],"wp:featuredmedia":[{"embeddable":true,"href":"https:\/\/swissfederalism.ch\/fr\/wp-json\/wp\/v2\/media\/235039"}],"wp:attachment":[{"href":"https:\/\/swissfederalism.ch\/fr\/wp-json\/wp\/v2\/media?parent=235133"}],"wp:term":[{"taxonomy":"category","embeddable":true,"href":"https:\/\/swissfederalism.ch\/fr\/wp-json\/wp\/v2\/categories?post=235133"},{"taxonomy":"post_tag","embeddable":true,"href":"https:\/\/swissfederalism.ch\/fr\/wp-json\/wp\/v2\/tags?post=235133"}],"curies":[{"name":"wp","href":"https:\/\/api.w.org\/{rel}","templated":true}]}}