{"id":234843,"date":"2025-02-20T11:06:52","date_gmt":"2025-02-20T11:06:52","guid":{"rendered":"https:\/\/swissfederalism.ch\/abolition-rental-value\/"},"modified":"2025-02-20T13:06:08","modified_gmt":"2025-02-20T13:06:08","slug":"suppression-valeur-locative","status":"publish","type":"post","link":"https:\/\/swissfederalism.ch\/fr\/suppression-valeur-locative\/","title":{"rendered":"Suppression de la valeur locative en Suisse"},"content":{"rendered":"<h1 data-pm-slice=\"1 1 []\"><span class=\"font-377884\">Suppression de la valeur locative en Suisse<\/span><\/h1>\n<h3><span class=\"font-377884\"><em>Suppression de la valeur locative : le Parlement donne son feu vert, mais avec la possibilit\u00e9 d&rsquo;une taxe cantonale sur les r\u00e9sidences secondaires.<\/em><\/span><\/h3>\n<figure id=\"attachment_234823\" aria-describedby=\"caption-attachment-234823\" style=\"width: 840px\" class=\"wp-caption aligncenter\"><a href=\"https:\/\/swissfederalism.ch\/wp-content\/uploads\/2025\/02\/Berlingen-TG-Switzerland-Image-by-Marcel-Langthim-from-Pixabay-1024x672.jpg\"><img decoding=\"async\" class=\"size-large wp-image-234823\" src=\"https:\/\/swissfederalism.ch\/wp-content\/uploads\/2025\/02\/Berlingen-TG-Switzerland-Image-by-Marcel-Langthim-from-Pixabay-1024x672.jpg\" alt=\"Berlingen - TG- Switzerland Image by Marcel Langthim from Pixabay\" width=\"840\" height=\"551\" srcset=\"https:\/\/swissfederalism.ch\/wp-content\/uploads\/2025\/02\/Berlingen-TG-Switzerland-Image-by-Marcel-Langthim-from-Pixabay-1024x672.jpg 1024w, https:\/\/swissfederalism.ch\/wp-content\/uploads\/2025\/02\/Berlingen-TG-Switzerland-Image-by-Marcel-Langthim-from-Pixabay-300x197.jpg 300w, https:\/\/swissfederalism.ch\/wp-content\/uploads\/2025\/02\/Berlingen-TG-Switzerland-Image-by-Marcel-Langthim-from-Pixabay-768x504.jpg 768w, https:\/\/swissfederalism.ch\/wp-content\/uploads\/2025\/02\/Berlingen-TG-Switzerland-Image-by-Marcel-Langthim-from-Pixabay-1536x1008.jpg 1536w, https:\/\/swissfederalism.ch\/wp-content\/uploads\/2025\/02\/Berlingen-TG-Switzerland-Image-by-Marcel-Langthim-from-Pixabay-350x230.jpg 350w, https:\/\/swissfederalism.ch\/wp-content\/uploads\/2025\/02\/Berlingen-TG-Switzerland-Image-by-Marcel-Langthim-from-Pixabay.jpg 1920w\" sizes=\"(max-width: 840px) 100vw, 840px\" \/><\/a><figcaption id=\"caption-attachment-234823\" class=\"wp-caption-text\"><span class=\"font-377884\">Berlingen &#8211; TG- Switzerland Image by Marcel Langthim from Pixabay<\/span><\/figcaption><\/figure>\n<p><span class=\"font-377884\">La valeur locative, officiellement appel\u00e9e \u00ab<em> valeur locative des immeubles \u00e0 usage propre<\/em> \u00bb, est une forme de revenu fictif soumis \u00e0 l&rsquo;imp\u00f4t en Suisse. Elle correspond \u00e0 un pourcentage du loyer du march\u00e9 pour des biens similaires et doit \u00eatre d\u00e9clar\u00e9e comme revenu dans tous les cantons lorsque le bien n&rsquo;est pas lou\u00e9.<\/span><\/p>\n<p><span class=\"font-377884\">Les autorit\u00e9s fiscales consid\u00e8rent cette valeur comme un revenu imposable m\u00eame si le propri\u00e9taire ne per\u00e7oit pas de loyer.<\/span><\/p>\n<p><span class=\"font-377884\">La valeur locative est d\u00e9termin\u00e9e par les autorit\u00e9s fiscales et d\u00e9pend de facteurs tels que l&#8217;emplacement et la taille du bien. Elle est souvent inf\u00e9rieure aux loyers du march\u00e9, mais influe n\u00e9anmoins sur les imp\u00f4ts \u00e0 payer.<\/span><\/p>\n<p><span class=\"font-377884\">Apr\u00e8s plus de sept ans de d\u00e9bats, le Parlement suisse a d\u00e9cid\u00e9, lors de la session d&rsquo;hiver 2024, d&rsquo;abolir la valeur locative pour les r\u00e9sidences principales et secondaires, mais ce changement ne sera effectif que si un v\u00e9ritable imp\u00f4t sur les r\u00e9sidences secondaires est introduit au niveau cantonal, ce qui n\u00e9cessitera une votation populaire.<\/span><\/p>\n<h2><span class=\"font-377884\">Un peu d&rsquo;histoire<\/span><\/h2>\n<p><span class=\"font-377884\">La valeur locative est une mesure d&rsquo;urgence destin\u00e9e \u00e0 faire face aux crises \u00e9conomiques. Elle a \u00e9t\u00e9 introduite pour la premi\u00e8re fois en 1915, pendant la Premi\u00e8re Guerre mondiale.<\/span><\/p>\n<p><span class=\"font-377884\">En 1934, le Conseil f\u00e9d\u00e9ral a r\u00e9introduit l&rsquo;imp\u00f4t pour assainir le budget f\u00e9d\u00e9ral pendant la Grande D\u00e9pression. \u00c0 l&rsquo;origine, la mesure devait \u00eatre temporaire, mais le Parlement en a prolong\u00e9 l&rsquo;application. Avec le d\u00e9clenchement de la Seconde Guerre mondiale, l&rsquo;imp\u00f4t a \u00e9t\u00e9 maintenu pour couvrir les d\u00e9penses de guerre. En 1958, par r\u00e9f\u00e9rendum populaire, la valeur locative est entr\u00e9e dans le droit commun des imp\u00f4ts.<\/span><\/p>\n<p><span class=\"font-377884\"><strong><a href=\"https:\/\/swissfederalism.ch\/fr\/brochure-abris-population\/\">Nouvelle brochure sur les abris pour la population<\/a><\/strong><\/span><\/p>\n<h2><span class=\"font-377884\">Quand la valeur locative est-elle soumise \u00e0 l&rsquo;imp\u00f4t ?<\/span><\/h2>\n<h3><span class=\"font-377884\">R\u00e9sidence principale<\/span><\/h3>\n<p><span class=\"font-377884\">Les propri\u00e9taires doivent d\u00e9clarer la valeur locative s&rsquo;ils habitent leur propre maison ou appartement : la r\u00e9sidence principale est toujours soumise \u00e0 l&rsquo;imp\u00f4t.<\/span><\/p>\n<h3><span class=\"font-377884\">R\u00e9sidence secondaire ou de vacances<\/span><\/h3>\n<p><span class=\"font-377884\">La taxe s&rsquo;applique m\u00eame si le bien n&rsquo;est pas habit\u00e9 en permanence. Si le bien est disponible pour un usage personnel, il est consid\u00e9r\u00e9 comme une habitation personnelle et soumis \u00e0 la valeur locative.<\/span><\/p>\n<p><span class=\"font-377884\">Si la r\u00e9sidence secondaire n&rsquo;est lou\u00e9e qu&rsquo;une partie de l&rsquo;ann\u00e9e, la valeur locative est impos\u00e9e au prorata des p\u00e9riodes pendant lesquelles le bien n&rsquo;a pas \u00e9t\u00e9 lou\u00e9. Dans ce cas, les revenus locatifs doivent toujours \u00eatre d\u00e9clar\u00e9s comme revenus.<\/span><\/p>\n<h3><span class=\"font-377884\">Appartements lou\u00e9s<\/span><\/h3>\n<p><span class=\"font-377884\">La valeur locative ne s&rsquo;applique qu&rsquo;aux biens immobiliers non lou\u00e9s. Si un propri\u00e9taire loue un appartement ou une maison pendant toute l&rsquo;ann\u00e9e, il n&rsquo;est pas soumis \u00e0 cette taxe, mais doit d\u00e9clarer les revenus locatifs en tant que revenus imposables.<\/span><\/p>\n<figure id=\"attachment_226088\" aria-describedby=\"caption-attachment-226088\" style=\"width: 840px\" class=\"wp-caption aligncenter\"><a href=\"https:\/\/swissfederalism.ch\/wp-content\/uploads\/2022\/12\/Gruyeres-Image-by-Gretta-Bartoli-from-Pixabay-1024x683.jpg\"><img decoding=\"async\" class=\"size-large wp-image-226088\" src=\"https:\/\/swissfederalism.ch\/wp-content\/uploads\/2022\/12\/Gruyeres-Image-by-Gretta-Bartoli-from-Pixabay-1024x683.jpg\" alt=\"Gruy\u00e8res Image by Gretta Bartoli from Pixabay\" width=\"840\" height=\"560\" srcset=\"https:\/\/swissfederalism.ch\/wp-content\/uploads\/2022\/12\/Gruyeres-Image-by-Gretta-Bartoli-from-Pixabay-1024x683.jpg 1024w, https:\/\/swissfederalism.ch\/wp-content\/uploads\/2022\/12\/Gruyeres-Image-by-Gretta-Bartoli-from-Pixabay-300x200.jpg 300w, https:\/\/swissfederalism.ch\/wp-content\/uploads\/2022\/12\/Gruyeres-Image-by-Gretta-Bartoli-from-Pixabay-768x512.jpg 768w, https:\/\/swissfederalism.ch\/wp-content\/uploads\/2022\/12\/Gruyeres-Image-by-Gretta-Bartoli-from-Pixabay-1536x1024.jpg 1536w, https:\/\/swissfederalism.ch\/wp-content\/uploads\/2022\/12\/Gruyeres-Image-by-Gretta-Bartoli-from-Pixabay-350x233.jpg 350w, https:\/\/swissfederalism.ch\/wp-content\/uploads\/2022\/12\/Gruyeres-Image-by-Gretta-Bartoli-from-Pixabay.jpg 1920w\" sizes=\"(max-width: 840px) 100vw, 840px\" \/><\/a><figcaption id=\"caption-attachment-226088\" class=\"wp-caption-text\"><span class=\"font-377884\">Gruy\u00e8res Image by Gretta Bartoli from Pixabay<\/span><\/figcaption><\/figure>\n<h2><span class=\"font-377884\">Comment la valeur locative est-elle calcul\u00e9e ?<\/span><\/h2>\n<p><span class=\"font-377884\">Les autorit\u00e9s fiscales cantonales d\u00e9terminent la m\u00e9thode de calcul, mais le Tribunal f\u00e9d\u00e9ral a statu\u00e9 que la valeur locative ne peut \u00eatre inf\u00e9rieure \u00e0 60 % du loyer du march\u00e9.<\/span><\/p>\n<p><span class=\"font-377884\">La gestion de l&rsquo;imp\u00f4t \u00e9tant cantonale, les m\u00e9thodes de calcul varient. Certains cantons se basent sur des \u00ab loyers comparables \u00bb, d&rsquo;autres sur la valeur r\u00e9elle du bien ou le prix d&rsquo;achat.<\/span><\/p>\n<p><span class=\"font-377884\">La plupart des cantons fixent la valeur locative \u00e0 70 % du loyer du march\u00e9.<\/span><\/p>\n<h2><span class=\"font-377884\">Ce que pr\u00e9voit la nouvelle r\u00e9forme<\/span><\/h2>\n<ul>\n<li><span class=\"font-377884\"><strong>Suppression de la valeur locative pour les r\u00e9sidences principales et secondaires<\/strong><\/span><\/li>\n<li><span class=\"font-377884\"><strong>Suppression des d\u00e9ductions<\/strong> pour frais d&rsquo;entretien<\/span><\/li>\n<li><span class=\"font-377884\"><strong>R\u00e9duction de la d\u00e9duction des int\u00e9r\u00eats hypoth\u00e9caires,<\/strong> avec une nouvelle m\u00e9thode proportionnelle restrictive<\/span><\/li>\n<li><span class=\"font-377884\"><strong>Introduction \u00e9ventuelle d&rsquo;un imp\u00f4t cantonal sur les r\u00e9sidences secondaires<\/strong> pour compenser la perte de recettes fiscales dans les cantons de montagne.<\/span><\/li>\n<\/ul>\n<h2><span class=\"font-377884\">Prochaines \u00e9tapes et votation populaire<\/span><\/h2>\n<p><span class=\"font-377884\">La suppression de la valeur locative est subordonn\u00e9e \u00e0 l&rsquo;approbation de la nouvelle taxe sur les r\u00e9sidences secondaires, qui n\u00e9cessite une votation populaire pr\u00e9vue au plus t\u00f4t \u00e0 l&rsquo;automne 2025 : si la taxe n&rsquo;est pas approuv\u00e9e, l&rsquo;ensemble du changement pourrait \u00eatre annul\u00e9.<\/span><\/p>\n<h2><span class=\"font-377884\">Effets pour les propri\u00e9taires<\/span><\/h2>\n<p><span class=\"font-377884\">L&rsquo;impact de la r\u00e9forme d\u00e9pendra de la situation de chacun<\/span><\/p>\n<ul>\n<li><span class=\"font-377884\"><strong>Les propri\u00e9taires ayant des hypoth\u00e8ques \u00e9lev\u00e9es et des frais d&rsquo;entretien importants pourraient subir une aggravation fiscale<\/strong> car ils perdront d&rsquo;importantes d\u00e9ductions.<\/span><\/li>\n<li><span class=\"font-377884\"><strong>Ceux qui ont d\u00e9j\u00e0 amorti leur hypoth\u00e8que b\u00e9n\u00e9ficieront de la suppression de la valeur locative<\/strong> en r\u00e9duisant leur revenu imposable.<\/span><\/li>\n<li><span class=\"font-377884\"><strong>Le march\u00e9 de l&rsquo;immobilier pourrait souffrir d&rsquo;une \u00e9ventuelle r\u00e9duction de la valeur des maisons anciennes<\/strong> en raison de la perte des avantages fiscaux sur les investissements d&rsquo;entretien.<\/span><\/li>\n<\/ul>\n<p><span class=\"font-377884\">La transition prendra au moins deux ans et d\u00e9pendra du r\u00e9sultat de la votation populaire.<\/span><\/p>\n<p><span class=\"font-377884\">L&rsquo;abolition de la valeur locative repr\u00e9sente un changement majeur dans le syst\u00e8me fiscal suisse, mais son impact r\u00e9el variera en fonction des circonstances personnelles et des d\u00e9cisions politiques futures.<\/span><\/p>\n<p><img decoding=\"async\" class=\"aligncenter\" src=\"https:\/\/swissfederalism.ch\/wp-content\/uploads\/2020\/11\/FullLogo_Transparent_NoBuffer-300x145.png\" alt=\"K16 TRADE &amp; CONSULTING SWITZERLAND\" \/><\/p>\n","protected":false},"excerpt":{"rendered":"<p>Suppression de la valeur locative : le Parlement donne son feu vert, mais avec la possibilit\u00e9 d&rsquo;une taxe cantonale sur les r\u00e9sidences secondaires<\/p>\n","protected":false},"author":9,"featured_media":234825,"comment_status":"open","ping_status":"closed","sticky":false,"template":"","format":"standard","meta":{"footnotes":""},"categories":[310,308,986,209,306,294],"tags":[497,402,415,880,1012,888,923],"class_list":["post-234843","post","type-post","status-publish","format-standard","has-post-thumbnail","hentry","category-economie","category-faits-marquants","category-finance-fr","category-les-magazines","category-politique","category-suisse","tag-cantons","tag-finances","tag-fiscalite","tag-immobilier","tag-impot","tag-suisse","tag-vote"],"_links":{"self":[{"href":"https:\/\/swissfederalism.ch\/fr\/wp-json\/wp\/v2\/posts\/234843","targetHints":{"allow":["GET"]}}],"collection":[{"href":"https:\/\/swissfederalism.ch\/fr\/wp-json\/wp\/v2\/posts"}],"about":[{"href":"https:\/\/swissfederalism.ch\/fr\/wp-json\/wp\/v2\/types\/post"}],"author":[{"embeddable":true,"href":"https:\/\/swissfederalism.ch\/fr\/wp-json\/wp\/v2\/users\/9"}],"replies":[{"embeddable":true,"href":"https:\/\/swissfederalism.ch\/fr\/wp-json\/wp\/v2\/comments?post=234843"}],"version-history":[{"count":2,"href":"https:\/\/swissfederalism.ch\/fr\/wp-json\/wp\/v2\/posts\/234843\/revisions"}],"predecessor-version":[{"id":234845,"href":"https:\/\/swissfederalism.ch\/fr\/wp-json\/wp\/v2\/posts\/234843\/revisions\/234845"}],"wp:featuredmedia":[{"embeddable":true,"href":"https:\/\/swissfederalism.ch\/fr\/wp-json\/wp\/v2\/media\/234825"}],"wp:attachment":[{"href":"https:\/\/swissfederalism.ch\/fr\/wp-json\/wp\/v2\/media?parent=234843"}],"wp:term":[{"taxonomy":"category","embeddable":true,"href":"https:\/\/swissfederalism.ch\/fr\/wp-json\/wp\/v2\/categories?post=234843"},{"taxonomy":"post_tag","embeddable":true,"href":"https:\/\/swissfederalism.ch\/fr\/wp-json\/wp\/v2\/tags?post=234843"}],"curies":[{"name":"wp","href":"https:\/\/api.w.org\/{rel}","templated":true}]}}