{"id":234819,"date":"2025-02-19T12:47:56","date_gmt":"2025-02-19T12:47:56","guid":{"rendered":"https:\/\/swissfederalism.ch\/switzerland-liechtenstein-innovation\/"},"modified":"2025-02-19T13:15:07","modified_gmt":"2025-02-19T13:15:07","slug":"suisse-liechtenstein-innovation","status":"publish","type":"post","link":"https:\/\/swissfederalism.ch\/fr\/suisse-liechtenstein-innovation\/","title":{"rendered":"La Suisse et le Liechtenstein renforcent leur coop\u00e9ration dans le domaine de l&rsquo;innovation"},"content":{"rendered":"<div class=\"flex max-w-full flex-col flex-grow\">\n<div class=\"min-h-8 text-message flex w-full flex-col items-end gap-2 whitespace-normal break-words text-start [.text-message+&amp;]:mt-5\" dir=\"auto\" data-message-author-role=\"assistant\" data-message-id=\"689a1bda-4095-4667-9357-e152bcc5e924\" data-message-model-slug=\"gpt-4o-mini\">\n<div class=\"flex w-full flex-col gap-1 empty:hidden first:pt-[3px]\">\n<div class=\"markdown prose w-full break-words dark:prose-invert light\">\n<h1 data-start=\"0\" data-end=\"106\"><span class=\"font-377884\">La Suisse et le Liechtenstein renforcent leur coop\u00e9ration dans le domaine de l&rsquo;innovation<\/span><\/h1>\n<h3 data-start=\"108\" data-end=\"278\"><span class=\"font-377884\"><em>Nouvel accord de coop\u00e9ration visant \u00e0 promouvoir les projets \u00e0 haut risque, \u00e0 soutenir les jeunes pousses et \u00e0 favoriser la croissance \u00e9conomique et sociale dans les deux pays.<\/em><\/span><\/h3>\n<figure id=\"attachment_234803\" aria-describedby=\"caption-attachment-234803\" style=\"width: 840px\" class=\"wp-caption aligncenter\"><a href=\"https:\/\/swissfederalism.ch\/wp-content\/uploads\/2025\/02\/Switzerland-Liechtenstein-together-1024x379.png\"><img decoding=\"async\" class=\"size-large wp-image-234803\" src=\"https:\/\/swissfederalism.ch\/wp-content\/uploads\/2025\/02\/Switzerland-Liechtenstein-together-1024x379.png\" alt=\"Switzerland Liechtenstein together\" width=\"840\" height=\"311\" srcset=\"https:\/\/swissfederalism.ch\/wp-content\/uploads\/2025\/02\/Switzerland-Liechtenstein-together-1024x379.png 1024w, https:\/\/swissfederalism.ch\/wp-content\/uploads\/2025\/02\/Switzerland-Liechtenstein-together-300x111.png 300w, https:\/\/swissfederalism.ch\/wp-content\/uploads\/2025\/02\/Switzerland-Liechtenstein-together-768x284.png 768w, https:\/\/swissfederalism.ch\/wp-content\/uploads\/2025\/02\/Switzerland-Liechtenstein-together-1536x568.png 1536w, https:\/\/swissfederalism.ch\/wp-content\/uploads\/2025\/02\/Switzerland-Liechtenstein-together-2048x758.png 2048w, https:\/\/swissfederalism.ch\/wp-content\/uploads\/2025\/02\/Switzerland-Liechtenstein-together-350x130.png 350w, https:\/\/swissfederalism.ch\/wp-content\/uploads\/2025\/02\/Switzerland-Liechtenstein-together.png 3448w\" sizes=\"(max-width: 840px) 100vw, 840px\" \/><\/a><figcaption id=\"caption-attachment-234803\" class=\"wp-caption-text\"><span class=\"font-377884\">Switzerland Liechtenstein together<\/span><\/figcaption><\/figure>\n<p><span class=\"font-377884\">Le 18 f\u00e9vrier 2025, un nouvel accord a \u00e9t\u00e9 sign\u00e9 \u00e0 Berne entre la Suisse et le Liechtenstein pour renforcer la collaboration dans le domaine de l&rsquo;innovation scientifique. L&rsquo;accord a \u00e9t\u00e9 sign\u00e9 par Martina Hirayama, secr\u00e9taire d&rsquo;Etat \u00e0 l&rsquo;\u00e9ducation, \u00e0 la recherche et \u00e0 l&rsquo;innovation, et Katja Gey, directrice de l&rsquo;Office de l&rsquo;\u00e9conomie publique de la Principaut\u00e9 du Liechtenstein, et remplace le pr\u00e9c\u00e9dent qui ne sera plus en vigueur \u00e0 la fin du mois de f\u00e9vrier 2025.<\/span><\/p>\n<p><span class=\"font-377884\">Le renouvellement de l&rsquo;accord vise \u00e0 intensifier la coop\u00e9ration dans le domaine scientifique, en promouvant de nouvelles id\u00e9es innovantes susceptibles d&rsquo;apporter des avantages concrets \u00e0 l&rsquo;\u00e9conomie et \u00e0 la soci\u00e9t\u00e9 des deux pays. Parmi les principaux objectifs figurent la promotion de projets \u00e0 haut risque, le soutien aux jeunes entreprises par le biais de programmes de coaching et l&rsquo;encouragement de la collaboration entre les entreprises et les institutions de recherche, tant en Suisse qu&rsquo;au Liechtenstein.<\/span><\/p>\n<p><span class=\"font-377884\"><strong><a href=\"https:\/\/swissfederalism.ch\/fr\/100-ans-traite-douanier-suisse-liechtenstein\/\">100 ans de trait\u00e9 douanier entre la Suisse et le Liechtenstein<\/a><\/strong><\/span><\/div>\n<div class=\"markdown prose w-full break-words dark:prose-invert light\"><span class=\"font-377884\"><a href=\"https:\/\/swissfederalism.ch\/fr\/centenaire-chf-liechtenstein\/\"><strong>Il y a 100 ans le Liechtenstein adoptait le franc suisse<\/strong><\/a><\/span><\/div>\n<div class=\"markdown prose w-full break-words dark:prose-invert light\">\n<p><span class=\"font-377884\">Au cours de la p\u00e9riode 2021-2024, l&rsquo;Universit\u00e9 du Liechtenstein a particip\u00e9 activement \u00e0 sept propositions de projet, avec une forte concentration dans les domaines des technologies de l&rsquo;information et de la communication et des sciences sociales et de la gestion d&rsquo;entreprise. Les entreprises du Liechtenstein ont soumis plus de 40 demandes en tant que partenaires de mise en \u0153uvre, ce qui souligne l&rsquo;implication significative du pays dans le paysage de l&rsquo;innovation.<\/span><\/p>\n<p><span class=\"font-377884\">En Suisse, l&rsquo;organisme responsable de la promotion de l&rsquo;innovation est Innosuisse, tandis qu&rsquo;au Liechtenstein, il s&rsquo;agit de l&rsquo;Office de l&rsquo;\u00e9conomie publique. Le nouvel accord sign\u00e9 aujourd&rsquo;hui ne se contente pas de renouveler l&rsquo;accord de 2021, mais confirme la consolidation de la coop\u00e9ration entre les deux pays dans un domaine crucial pour leur d\u00e9veloppement futur.<\/span><\/p>\n<p><span class=\"font-377884\">Le Liechtenstein, petit \u00c9tat voisin mais strat\u00e9gique, se confirme comme un partenaire cl\u00e9 de la Suisse dans les domaines de la formation, de la recherche et de l&rsquo;innovation, avec une longue s\u00e9rie d&rsquo;accords bilat\u00e9raux qui t\u00e9moignent de l&rsquo;importance de la coop\u00e9ration entre les deux pays.<\/span><\/p>\n<p><span class=\"font-377884\">Source: admin.ch<\/span><\/p>\n<p data-start=\"2001\" data-end=\"2280\" data-is-last-node=\"\"><img decoding=\"async\" class=\"aligncenter\" src=\"https:\/\/swissfederalism.ch\/wp-content\/uploads\/2020\/11\/FullLogo_Transparent_NoBuffer-300x145.png\" alt=\"K16 TRADE &amp; CONSULTING SWITZERLAND\" \/><\/p>\n<\/div>\n<\/div>\n<\/div>\n<\/div>\n<div class=\"mb-2 flex gap-3 empty:hidden -ml-2\">\n<div class=\"items-center justify-start rounded-xl p-1 flex\">\n<div class=\"flex items-center\"><\/div>\n<\/div>\n<\/div>\n","protected":false},"excerpt":{"rendered":"<p>Nouvel accord de coop\u00e9ration visant \u00e0 promouvoir les projets \u00e0 haut risque, \u00e0 soutenir les jeunes pousses et \u00e0 favoriser la croissance \u00e9conomique et sociale dans les deux pays.<\/p>\n","protected":false},"author":9,"featured_media":234805,"comment_status":"open","ping_status":"closed","sticky":false,"template":"","format":"standard","meta":{"footnotes":""},"categories":[310,308,209,292,294],"tags":[1049,954,2527,1651,949,888,425],"class_list":["post-234819","post","type-post","status-publish","format-standard","has-post-thumbnail","hentry","category-economie","category-faits-marquants","category-les-magazines","category-liechtenstein-fr","category-suisse","tag-diplomatie","tag-economie","tag-inno-fr","tag-innovation-de-fr","tag-liechtenstein-en-fr","tag-suisse","tag-universite"],"_links":{"self":[{"href":"https:\/\/swissfederalism.ch\/fr\/wp-json\/wp\/v2\/posts\/234819","targetHints":{"allow":["GET"]}}],"collection":[{"href":"https:\/\/swissfederalism.ch\/fr\/wp-json\/wp\/v2\/posts"}],"about":[{"href":"https:\/\/swissfederalism.ch\/fr\/wp-json\/wp\/v2\/types\/post"}],"author":[{"embeddable":true,"href":"https:\/\/swissfederalism.ch\/fr\/wp-json\/wp\/v2\/users\/9"}],"replies":[{"embeddable":true,"href":"https:\/\/swissfederalism.ch\/fr\/wp-json\/wp\/v2\/comments?post=234819"}],"version-history":[{"count":2,"href":"https:\/\/swissfederalism.ch\/fr\/wp-json\/wp\/v2\/posts\/234819\/revisions"}],"predecessor-version":[{"id":234822,"href":"https:\/\/swissfederalism.ch\/fr\/wp-json\/wp\/v2\/posts\/234819\/revisions\/234822"}],"wp:featuredmedia":[{"embeddable":true,"href":"https:\/\/swissfederalism.ch\/fr\/wp-json\/wp\/v2\/media\/234805"}],"wp:attachment":[{"href":"https:\/\/swissfederalism.ch\/fr\/wp-json\/wp\/v2\/media?parent=234819"}],"wp:term":[{"taxonomy":"category","embeddable":true,"href":"https:\/\/swissfederalism.ch\/fr\/wp-json\/wp\/v2\/categories?post=234819"},{"taxonomy":"post_tag","embeddable":true,"href":"https:\/\/swissfederalism.ch\/fr\/wp-json\/wp\/v2\/tags?post=234819"}],"curies":[{"name":"wp","href":"https:\/\/api.w.org\/{rel}","templated":true}]}}