{"id":234795,"date":"2025-02-16T14:49:43","date_gmt":"2025-02-16T14:49:43","guid":{"rendered":"https:\/\/swissfederalism.ch\/switzerland-intelligence-world\/"},"modified":"2025-02-17T12:43:59","modified_gmt":"2025-02-17T12:43:59","slug":"suisse-intelligence-monde","status":"publish","type":"post","link":"https:\/\/swissfederalism.ch\/fr\/suisse-intelligence-monde\/","title":{"rendered":"La Suisse est le pays le plus intelligent du monde"},"content":{"rendered":"<h1 data-pm-slice=\"1 1 []\"><span class=\"font-377884\">La Suisse est le pays le plus intelligent du monde<\/span><\/h1>\n<h3><span class=\"font-377884\"><em>Un nouveau classement place la Suisse en t\u00eate pour l&rsquo;intelligence, suivie du Royaume-Uni et des \u00c9tats-Unis.<\/em><\/span><\/h3>\n<figure id=\"attachment_234783\" aria-describedby=\"caption-attachment-234783\" style=\"width: 840px\" class=\"wp-caption aligncenter\"><a href=\"https:\/\/swissfederalism.ch\/wp-content\/uploads\/2025\/02\/intelligence-Image-by-Gerd-Altmann-from-Pixabay-1024x328.jpg\"><img decoding=\"async\" class=\"size-large wp-image-234783\" src=\"https:\/\/swissfederalism.ch\/wp-content\/uploads\/2025\/02\/intelligence-Image-by-Gerd-Altmann-from-Pixabay-1024x328.jpg\" alt=\"intelligence Image by Gerd Altmann from Pixabay\" width=\"840\" height=\"269\" srcset=\"https:\/\/swissfederalism.ch\/wp-content\/uploads\/2025\/02\/intelligence-Image-by-Gerd-Altmann-from-Pixabay-1024x328.jpg 1024w, https:\/\/swissfederalism.ch\/wp-content\/uploads\/2025\/02\/intelligence-Image-by-Gerd-Altmann-from-Pixabay-300x96.jpg 300w, https:\/\/swissfederalism.ch\/wp-content\/uploads\/2025\/02\/intelligence-Image-by-Gerd-Altmann-from-Pixabay-768x246.jpg 768w, https:\/\/swissfederalism.ch\/wp-content\/uploads\/2025\/02\/intelligence-Image-by-Gerd-Altmann-from-Pixabay-1536x492.jpg 1536w, https:\/\/swissfederalism.ch\/wp-content\/uploads\/2025\/02\/intelligence-Image-by-Gerd-Altmann-from-Pixabay-350x112.jpg 350w, https:\/\/swissfederalism.ch\/wp-content\/uploads\/2025\/02\/intelligence-Image-by-Gerd-Altmann-from-Pixabay.jpg 1920w\" sizes=\"(max-width: 840px) 100vw, 840px\" \/><\/a><figcaption id=\"caption-attachment-234783\" class=\"wp-caption-text\"><span class=\"font-377884\">intelligence Image by Gerd Altmann from Pixabay<\/span><\/figcaption><\/figure>\n<p><span class=\"font-377884\">Selon une \u00e9tude men\u00e9e par World of Card Games et publi\u00e9e dans Forbes, la Suisse a \u00e9t\u00e9 d\u00e9sign\u00e9e comme le pays le plus intelligent du monde avec un score de 92,02 sur 100.<\/span><\/p>\n<p><span class=\"font-377884\">Le classement se base sur des crit\u00e8res tels que le QI moyen (99,24), le nombre de nominations au prix Nobel (1 099) et le niveau d&rsquo;\u00e9ducation (40 % avec un bachelor, 18 % avec un master).<\/span><\/p>\n<p><span class=\"font-377884\">Le Royaume-Uni et les \u00c9tats-Unis compl\u00e8tent le podium, ces derniers poss\u00e9dant le plus grand nombre d&rsquo;universit\u00e9s nomm\u00e9es pour le prix Nobel (256).<\/span><\/p>\n<p><span class=\"font-377884\">Les Pays-Bas et la Finlande se distinguent par leur QI, tandis que l&rsquo;Allemagne surprend par son score inf\u00e9rieur en mati\u00e8re d&rsquo;\u00e9ducation, malgr\u00e9 son niveau acad\u00e9mique historiquement \u00e9lev\u00e9. L&rsquo;\u00e9tude souligne que l&rsquo;intelligence ne se limite pas aux param\u00e8tres acad\u00e9miques, mais qu&rsquo;elle implique \u00e9galement la culture, la libert\u00e9 de pens\u00e9e et les opportunit\u00e9s.<\/span><\/p>\n<p>Source : <span class=\"font-377884\"><em>World of Card Games, Forbes <\/em><a href=\"https:\/\/www.forbes.com\/sites\/duncanmadden\/2025\/01\/28\/new-survey-ranks-the-ten-smartest-countries-in-the-world\/\">New Research Ranks The 10 Smartest Countries In The World<\/a><\/span><\/p>\n<p><em><img decoding=\"async\" class=\"aligncenter\" src=\"https:\/\/swissfederalism.ch\/wp-content\/uploads\/2020\/11\/FullLogo_Transparent_NoBuffer-300x145.png\" alt=\"K16 TRADE &amp; CONSULTING SWITZERLAND\" \/><\/em><\/p>\n<p>&nbsp;<\/p>\n","protected":false},"excerpt":{"rendered":"<p>Un nouveau classement place la Suisse en t\u00eate pour l&rsquo;intelligence, suivie du Royaume-Uni et des \u00c9tats-Unis.<\/p>\n","protected":false},"author":9,"featured_media":234785,"comment_status":"open","ping_status":"closed","sticky":false,"template":"","format":"standard","meta":{"footnotes":""},"categories":[312,277,308,209,294],"tags":[541,2486,888,425],"class_list":["post-234795","post","type-post","status-publish","format-standard","has-post-thumbnail","hentry","category-culture-fr","category-europe-fr","category-faits-marquants","category-les-magazines","category-suisse","tag-culture-fr","tag-etudes","tag-suisse","tag-universite"],"_links":{"self":[{"href":"https:\/\/swissfederalism.ch\/fr\/wp-json\/wp\/v2\/posts\/234795","targetHints":{"allow":["GET"]}}],"collection":[{"href":"https:\/\/swissfederalism.ch\/fr\/wp-json\/wp\/v2\/posts"}],"about":[{"href":"https:\/\/swissfederalism.ch\/fr\/wp-json\/wp\/v2\/types\/post"}],"author":[{"embeddable":true,"href":"https:\/\/swissfederalism.ch\/fr\/wp-json\/wp\/v2\/users\/9"}],"replies":[{"embeddable":true,"href":"https:\/\/swissfederalism.ch\/fr\/wp-json\/wp\/v2\/comments?post=234795"}],"version-history":[{"count":2,"href":"https:\/\/swissfederalism.ch\/fr\/wp-json\/wp\/v2\/posts\/234795\/revisions"}],"predecessor-version":[{"id":234797,"href":"https:\/\/swissfederalism.ch\/fr\/wp-json\/wp\/v2\/posts\/234795\/revisions\/234797"}],"wp:featuredmedia":[{"embeddable":true,"href":"https:\/\/swissfederalism.ch\/fr\/wp-json\/wp\/v2\/media\/234785"}],"wp:attachment":[{"href":"https:\/\/swissfederalism.ch\/fr\/wp-json\/wp\/v2\/media?parent=234795"}],"wp:term":[{"taxonomy":"category","embeddable":true,"href":"https:\/\/swissfederalism.ch\/fr\/wp-json\/wp\/v2\/categories?post=234795"},{"taxonomy":"post_tag","embeddable":true,"href":"https:\/\/swissfederalism.ch\/fr\/wp-json\/wp\/v2\/tags?post=234795"}],"curies":[{"name":"wp","href":"https:\/\/api.w.org\/{rel}","templated":true}]}}