{"id":234087,"date":"2024-07-31T10:28:29","date_gmt":"2024-07-31T10:28:29","guid":{"rendered":"https:\/\/swissfederalism.ch\/august-1-switzerland-feast\/"},"modified":"2024-07-31T11:42:32","modified_gmt":"2024-07-31T11:42:32","slug":"1er-aout-suisse-fete","status":"publish","type":"post","link":"https:\/\/swissfederalism.ch\/fr\/1er-aout-suisse-fete\/","title":{"rendered":"1er ao\u00fbt Suisse en f\u00eate"},"content":{"rendered":"<h1><span class=\"font-377884\">1er ao\u00fbt Suisse en f\u00eate<\/span><\/h1>\n<h3><span class=\"font-377884\"><em>Chaque ann\u00e9e, le 1er ao\u00fbt, la Suisse c\u00e9l\u00e8bre sa f\u00eate nationale, une comm\u00e9moration importante de la naissance de la Conf\u00e9d\u00e9ration en 1291.<\/em><\/span><\/h3>\n<figure id=\"attachment_234075\" aria-describedby=\"caption-attachment-234075\" style=\"width: 840px\" class=\"wp-caption aligncenter\"><a href=\"https:\/\/swissfederalism.ch\/wp-content\/uploads\/2024\/07\/Swiss-Alphorn-players-Swiss-National-Day-August-1st-Interlaken-Namrood-CC-BY-SA-4.0-via-Wikimedia-Commons-1024x576.jpg\"><img decoding=\"async\" class=\"size-large wp-image-234075\" src=\"https:\/\/swissfederalism.ch\/wp-content\/uploads\/2024\/07\/Swiss-Alphorn-players-Swiss-National-Day-August-1st-Interlaken-Namrood-CC-BY-SA-4.0-via-Wikimedia-Commons-1024x576.jpg\" alt=\"Swiss Alphorn players - Swiss National Day August 1st Interlaken Namrood, CC BY-SA 4.0, via Wikimedia Commons\" width=\"840\" height=\"473\" srcset=\"https:\/\/swissfederalism.ch\/wp-content\/uploads\/2024\/07\/Swiss-Alphorn-players-Swiss-National-Day-August-1st-Interlaken-Namrood-CC-BY-SA-4.0-via-Wikimedia-Commons-1024x576.jpg 1024w, https:\/\/swissfederalism.ch\/wp-content\/uploads\/2024\/07\/Swiss-Alphorn-players-Swiss-National-Day-August-1st-Interlaken-Namrood-CC-BY-SA-4.0-via-Wikimedia-Commons-300x169.jpg 300w, https:\/\/swissfederalism.ch\/wp-content\/uploads\/2024\/07\/Swiss-Alphorn-players-Swiss-National-Day-August-1st-Interlaken-Namrood-CC-BY-SA-4.0-via-Wikimedia-Commons-768x432.jpg 768w, https:\/\/swissfederalism.ch\/wp-content\/uploads\/2024\/07\/Swiss-Alphorn-players-Swiss-National-Day-August-1st-Interlaken-Namrood-CC-BY-SA-4.0-via-Wikimedia-Commons-1536x864.jpg 1536w, https:\/\/swissfederalism.ch\/wp-content\/uploads\/2024\/07\/Swiss-Alphorn-players-Swiss-National-Day-August-1st-Interlaken-Namrood-CC-BY-SA-4.0-via-Wikimedia-Commons-350x197.jpg 350w, https:\/\/swissfederalism.ch\/wp-content\/uploads\/2024\/07\/Swiss-Alphorn-players-Swiss-National-Day-August-1st-Interlaken-Namrood-CC-BY-SA-4.0-via-Wikimedia-Commons.jpg 2048w\" sizes=\"(max-width: 840px) 100vw, 840px\" \/><\/a><figcaption id=\"caption-attachment-234075\" class=\"wp-caption-text\"><span class=\"font-377884\">Swiss Alphorn players &#8211; Swiss National Day August 1st Interlaken Namrood, CC BY-SA 4.0, via Wikimedia Commons<\/span><\/figcaption><\/figure>\n<h2><span class=\"font-377884\">Un peu d&rsquo;histoire<\/span><\/h2>\n<p><span class=\"font-377884\">La f\u00eate nationale comm\u00e9more le Pacte f\u00e9d\u00e9ral de 1291, un accord entre les cantons d&rsquo;Uri, de Schwyz et d&rsquo;Unterwald qui se promettaient mutuellement assistance en cas de menace ext\u00e9rieure. Selon la l\u00e9gende, les repr\u00e9sentants des trois cantons fondateurs, connus sous le nom de \u00ab Trois Conf\u00e9d\u00e9r\u00e9s \u00bb, ont jur\u00e9 sur les prairies du Gr\u00fctli, au-dessus du lac des Quatre-Cantons, de lib\u00e9rer le pays de la domination des Habsbourg. Ce pacte est consid\u00e9r\u00e9 comme le plus ancien acte constitutionnel de Suisse.<\/span><\/p>\n<p><span class=\"font-377884\">Au fil des si\u00e8cles, l&rsquo;histoire de la Suisse a \u00e9t\u00e9 profond\u00e9ment influenc\u00e9e par la R\u00e9forme protestante, men\u00e9e par Ulrich Zwingli \u00e0 Zurich et Jean Calvin \u00e0 Gen\u00e8ve. Aujourd&rsquo;hui, la Conf\u00e9d\u00e9ration est compos\u00e9e de 26 cantons, le canton du Jura, cr\u00e9\u00e9 en 1979, \u00e9tant le plus jeune.<\/span><\/p>\n<h2><span class=\"font-377884\">Un jour f\u00e9ri\u00e9 depuis 30 ans<\/span><\/h2>\n<p><span class=\"font-377884\">Le 1er ao\u00fbt n&rsquo;est devenu officiellement un jour f\u00e9ri\u00e9 en Suisse qu&rsquo;il y a 30 ans, gr\u00e2ce \u00e0 une votation du 26 septembre 1993 qui est entr\u00e9e en vigueur \u00e0 l&rsquo;\u00e9t\u00e9 1994. Auparavant, il appartenait aux cantons de d\u00e9cider de consid\u00e9rer le 1er ao\u00fbt comme un jour de cong\u00e9.<\/span><\/p>\n<p><span class=\"font-377884\">L&rsquo;initiative populaire \u00ab Pour une f\u00eate nationale \u00bb, d\u00e9pos\u00e9e en 1990 par les D\u00e9mocrates suisses (DS), a \u00e9t\u00e9 approuv\u00e9e par 83,8 % des voix en 1994. Le Tessin est le canton qui a obtenu le plus grand nombre de voix (93 %). La proposition a \u00e9t\u00e9 soutenue par la plupart des partis, \u00e0 l&rsquo;exception du PRD, et s&rsquo;est heurt\u00e9e \u00e0 l&rsquo;opposition de certaines associations professionnelles.<\/span><\/p>\n<p><span class=\"font-377884\">La c\u00e9l\u00e9bration du 1er ao\u00fbt \u00e9tait d\u00e9j\u00e0 en vigueur depuis 1899, avec des cloches et des feux de joie, mais ce n&rsquo;est qu&rsquo;apr\u00e8s la votation de 1993 que ce jour est devenu officiellement une f\u00eate nationale.<\/span><\/p>\n<h2><span class=\"font-377884\">C\u00e9l\u00e9brations<\/span><\/h2>\n<p><span class=\"font-377884\">La f\u00eate nationale est marqu\u00e9e par une s\u00e9rie d&rsquo;\u00e9v\u00e9nements et de traditions qui refl\u00e8tent la fiert\u00e9 et l&rsquo;unit\u00e9 du pays :<\/span><\/p>\n<p><span class=\"font-377884\"><strong>Allocution du pr\u00e9sident<\/strong> : Le pr\u00e9sident de la Conf\u00e9d\u00e9ration s&rsquo;adresse \u00e0 toute la nation, tandis que des politiciens locaux et nationaux prononcent des discours.<strong>Feux de joie et feux d&rsquo;artifice<\/strong> : Dans toute la Suisse, des feux de joie sont allum\u00e9s et des feux d&rsquo;artifice sont tir\u00e9s pour c\u00e9l\u00e9brer la lumi\u00e8re et la libert\u00e9.<strong>\u00c9v\u00e9nements traditionnels :<\/strong> Les enfants d\u00e9filent avec des lanternes d\u00e9cor\u00e9es de la croix suisse et des armoiries de leur canton. Des d\u00e9fil\u00e9s avec des costumes traditionnels, des chorales de jodleurs, des joueurs de cor des Alpes et des drapeaux sont organis\u00e9s.<strong>Repr\u00e9sentations de Guillaume Tell<\/strong> : \u00c0 certains endroits, l&rsquo;histoire l\u00e9gendaire de Guillaume Tell, le h\u00e9ros de l&rsquo;ind\u00e9pendance suisse, est mise en sc\u00e8ne avec la pi\u00e8ce \u00e9crite par Friedrich von Schiller en 1804.<strong>A 20 heures, toutes les cloches de Suisse sonnent pour c\u00e9l\u00e9brer l&rsquo;\u00e9v\u00e9nement.<\/strong><\/span><\/p>\n<h2><span class=\"font-377884\">Hymne national<\/span><\/h2>\n<p><span class=\"font-377884\">Le premier hymne national suisse \u00e9tait \u00ab Rufst du, mein Vaterland \u00bb, \u00e9crit en 1811 par Johann Rudolf Wyss, et chant\u00e9 sur l&rsquo;air de l&rsquo;hymne britannique \u00ab God Save the Queen \u00bb. L&rsquo;hymne national actuel, le \u00ab Psaume suisse \u00bb, a \u00e9t\u00e9 \u00e9crit en 1841 par Leonhard Widmer, sur une m\u00e9lodie d&rsquo;Alberich Zwyssig. Depuis 1961, le \u00ab Psaume suisse \u00bb est utilis\u00e9 dans les milieux militaires et diplomatiques. En 1981, il est devenu officiellement l&rsquo;hymne national par arr\u00eat\u00e9 du Conseil f\u00e9d\u00e9ral. Le texte existe dans les quatre langues nationales.<\/span><\/p>\n<figure id=\"attachment_160143\" aria-describedby=\"caption-attachment-160143\" style=\"width: 840px\" class=\"wp-caption aligncenter\"><a href=\"https:\/\/swissfederalism.ch\/wp-content\/uploads\/2022\/07\/inno-nazionale-1024x724.jpg\"><img decoding=\"async\" class=\"size-large wp-image-160143\" src=\"https:\/\/swissfederalism.ch\/wp-content\/uploads\/2022\/07\/inno-nazionale-1024x724.jpg\" alt=\"Inno nazionale svizzero nelle quattro lingue ufficiali\" width=\"840\" height=\"594\" srcset=\"https:\/\/swissfederalism.ch\/wp-content\/uploads\/2022\/07\/inno-nazionale-1024x724.jpg 1024w, https:\/\/swissfederalism.ch\/wp-content\/uploads\/2022\/07\/inno-nazionale-300x212.jpg 300w, https:\/\/swissfederalism.ch\/wp-content\/uploads\/2022\/07\/inno-nazionale-768x543.jpg 768w, https:\/\/swissfederalism.ch\/wp-content\/uploads\/2022\/07\/inno-nazionale-1536x1086.jpg 1536w, https:\/\/swissfederalism.ch\/wp-content\/uploads\/2022\/07\/inno-nazionale.jpg 1755w\" sizes=\"(max-width: 840px) 100vw, 840px\" \/><\/a><figcaption id=\"caption-attachment-160143\" class=\"wp-caption-text\"><span class=\"font-377884\">Swiss national anthem in the four official languages<\/span><\/figcaption><\/figure>\n<h2><span class=\"font-377884\">C\u00e9l\u00e9brations les plus suggestives<\/span><\/h2>\n<p><span class=\"font-377884\"><strong>La prairie du Gr\u00fctli<\/strong> : la c\u00e9l\u00e9bration la plus embl\u00e9matique a lieu sur la prairie du Gr\u00fctli, l\u00e0 o\u00f9 tout a commenc\u00e9. L&rsquo;\u00e9v\u00e9nement comprend des discours de c\u00e9l\u00e9bration et l&rsquo;interpr\u00e9tation de l&rsquo;hymne national. L&rsquo;acc\u00e8s se fait sur r\u00e9servation.<\/span><\/p>\n<p><span class=\"font-377884\"><strong>Chutes du Rhin<\/strong> : Le 31 juillet, apr\u00e8s le coucher du soleil, vers 21 h 45, les chutes du Rhin (Rheinfall) accueillent un grand feu d&rsquo;artifice appel\u00e9 \u00ab Fire on the rocks \u00bb (Feu sur les rochers). La majestueuse chute d&rsquo;eau sera illumin\u00e9e de couleurs brillantes et accompagn\u00e9e de feux d&rsquo;artifice, offrant un spectacle unique et inoubliable.<\/span><\/p>\n<p><span class=\"font-377884\"><strong>Ascona<\/strong> : le 31 juillet \u00e0 22 heures, le spectacle des fontaines dansantes est organis\u00e9, avec des jeux d&rsquo;eau et de lumi\u00e8re synchronis\u00e9s avec la musique. Le 1er ao\u00fbt, le premier spectacle aura lieu \u00e0 21 h 45 et le second Rock show \u00e0 23 h. En outre, \u00e0 partir de 19 h, divers artistes joueront de la musique en direct.<\/span><\/p>\n<p><span class=\"font-377884\"><strong>S\u00e4ntis<\/strong> : Sur le S\u00e4ntis, \u00e0 la fronti\u00e8re entre les cantons d&rsquo;Appenzell Rhodes-Int\u00e9rieures, d&rsquo;Appenzell Rhodes-Ext\u00e9rieures et de Saint-Gall, un drapeau de 80&#215;80 m\u00e8tres, consid\u00e9r\u00e9 comme le plus grand du monde, est hiss\u00e9.<\/span><\/p>\n<p><span class=\"font-377884\"><strong>B\u00e2le<\/strong> : Le 31 juillet, B\u00e2le c\u00e9l\u00e8bre la f\u00eate nationale suisse avec un grand feu d&rsquo;artifice sur le Rhin et une centaine de stands de 17 heures \u00e0 2 heures du matin.<\/span><\/p>\n<p><span class=\"font-377884\"><strong>Berne<\/strong> : Dans la capitale, la journ\u00e9e commence par un petit-d\u00e9jeuner collectif sur la Bundesplatz et une vue sur la Coll\u00e9giale de Berne, le plus haut clocher du pays. Au programme, une promenade dans le jardin de l&rsquo;Erlacherhof et un concert de yodel. La ville propose chaque ann\u00e9e un festival unique.<\/span><\/p>\n<p><span class=\"font-377884\"><strong>Lugano<\/strong> : Le soir du 1er ao\u00fbt, le golfe de Lugano sera illumin\u00e9 par plus de 8 000 feux d&rsquo;artifice, qui dureront une demi-heure. Les fr\u00e8res Colombo, qui organisent le feu d&rsquo;artifice, ont mis au point un brevet d&rsquo;utilisation de mat\u00e9riaux biod\u00e9gradables afin de limiter l&rsquo;impact sur l&rsquo;environnement. Les d\u00e9chets dispers\u00e9s dans l&rsquo;air et dans l&rsquo;environnement sont principalement constitu\u00e9s de papier de riz et de petits morceaux de plastique, tous deux biod\u00e9gradables. Cependant, pr\u00e8s de 90 % des d\u00e9chets restent sur la barge.<\/span><\/p>\n<p><span class=\"font-377884\">La f\u00eate nationale suisse est une c\u00e9l\u00e9bration de l&rsquo;unit\u00e9 et de la tradition, une occasion de r\u00e9fl\u00e9chir \u00e0 l&rsquo;histoire et \u00e0 l&rsquo;identit\u00e9 du pays tout en la c\u00e9l\u00e9brant avec fiert\u00e9 et joie.<\/span><\/p>\n<p>&nbsp;<\/p>\n<p><a href=\"https:\/\/k16trade.ch\/seqex-en\/\"><img decoding=\"async\" class=\"wp-image-230942 size-medium aligncenter\" src=\"https:\/\/swissfederalism.ch\/wp-content\/uploads\/2024\/02\/BANNER-300x169.png\" alt=\"BANNER K16\" width=\"300\" height=\"169\" srcset=\"https:\/\/swissfederalism.ch\/wp-content\/uploads\/2024\/02\/BANNER-300x169.png 300w, https:\/\/swissfederalism.ch\/wp-content\/uploads\/2024\/02\/BANNER-1024x576.png 1024w, https:\/\/swissfederalism.ch\/wp-content\/uploads\/2024\/02\/BANNER-768x432.png 768w, https:\/\/swissfederalism.ch\/wp-content\/uploads\/2024\/02\/BANNER-1536x864.png 1536w, https:\/\/swissfederalism.ch\/wp-content\/uploads\/2024\/02\/BANNER-2048x1152.png 2048w, https:\/\/swissfederalism.ch\/wp-content\/uploads\/2024\/02\/BANNER-350x197.png 350w, https:\/\/swissfederalism.ch\/wp-content\/uploads\/2024\/02\/BANNER.png 2560w\" sizes=\"(max-width: 300px) 100vw, 300px\" \/><\/a><\/p>\n","protected":false},"excerpt":{"rendered":"<p>Chaque ann\u00e9e, le 1er ao\u00fbt, la Suisse c\u00e9l\u00e8bre sa f\u00eate nationale, une comm\u00e9moration importante de la naissance de la Conf\u00e9d\u00e9ration en 1291.<\/p>\n","protected":false},"author":9,"featured_media":234077,"comment_status":"open","ping_status":"closed","sticky":false,"template":"","format":"standard","meta":{"footnotes":""},"categories":[318,308,209,294],"tags":[418,1177,2175,2491,888,1478],"class_list":["post-234087","post","type-post","status-publish","format-standard","has-post-thumbnail","hentry","category-evenements","category-faits-marquants","category-les-magazines","category-suisse","tag-berne","tag-democratie","tag-fete-nationale","tag-spettaccolo-pirotecnico-fr","tag-suisse","tag-traditions"],"_links":{"self":[{"href":"https:\/\/swissfederalism.ch\/fr\/wp-json\/wp\/v2\/posts\/234087","targetHints":{"allow":["GET"]}}],"collection":[{"href":"https:\/\/swissfederalism.ch\/fr\/wp-json\/wp\/v2\/posts"}],"about":[{"href":"https:\/\/swissfederalism.ch\/fr\/wp-json\/wp\/v2\/types\/post"}],"author":[{"embeddable":true,"href":"https:\/\/swissfederalism.ch\/fr\/wp-json\/wp\/v2\/users\/9"}],"replies":[{"embeddable":true,"href":"https:\/\/swissfederalism.ch\/fr\/wp-json\/wp\/v2\/comments?post=234087"}],"version-history":[{"count":2,"href":"https:\/\/swissfederalism.ch\/fr\/wp-json\/wp\/v2\/posts\/234087\/revisions"}],"predecessor-version":[{"id":234089,"href":"https:\/\/swissfederalism.ch\/fr\/wp-json\/wp\/v2\/posts\/234087\/revisions\/234089"}],"wp:featuredmedia":[{"embeddable":true,"href":"https:\/\/swissfederalism.ch\/fr\/wp-json\/wp\/v2\/media\/234077"}],"wp:attachment":[{"href":"https:\/\/swissfederalism.ch\/fr\/wp-json\/wp\/v2\/media?parent=234087"}],"wp:term":[{"taxonomy":"category","embeddable":true,"href":"https:\/\/swissfederalism.ch\/fr\/wp-json\/wp\/v2\/categories?post=234087"},{"taxonomy":"post_tag","embeddable":true,"href":"https:\/\/swissfederalism.ch\/fr\/wp-json\/wp\/v2\/tags?post=234087"}],"curies":[{"name":"wp","href":"https:\/\/api.w.org\/{rel}","templated":true}]}}