{"id":231925,"date":"2024-05-14T07:12:29","date_gmt":"2024-05-14T07:12:29","guid":{"rendered":"https:\/\/swissfederalism.ch\/nato-history-role\/"},"modified":"2024-05-16T12:25:34","modified_gmt":"2024-05-16T12:25:34","slug":"histoire-role-otan","status":"publish","type":"post","link":"https:\/\/swissfederalism.ch\/fr\/histoire-role-otan\/","title":{"rendered":"Histoire et r\u00f4le de l&rsquo;OTAN"},"content":{"rendered":"<h1><span class=\"font-377884\">Histoire et r\u00f4le de l&rsquo;OTAN<\/span><\/h1>\n<h3><span class=\"font-377884\"><em>L&rsquo;OTAN, en tant que syst\u00e8me de s\u00e9curit\u00e9 collective, repose sur l&rsquo;engagement mutuel de ses \u00c9tats membres \u00e0 se d\u00e9fendre contre toute menace ext\u00e9rieure.<\/em><\/span><\/h3>\n<figure id=\"attachment_231813\" aria-describedby=\"caption-attachment-231813\" style=\"width: 512px\" class=\"wp-caption aligncenter\"><a href=\"https:\/\/swissfederalism.ch\/wp-content\/uploads\/2024\/05\/MAp-of-NATO-in-2024-Image-by-Patrickneil-and-Spesh531-CC-BY-SA-3.0-via-Wikimedia-Commons.png\"><img decoding=\"async\" class=\"size-full wp-image-231813\" src=\"https:\/\/swissfederalism.ch\/wp-content\/uploads\/2024\/05\/MAp-of-NATO-in-2024-Image-by-Patrickneil-and-Spesh531-CC-BY-SA-3.0-via-Wikimedia-Commons.png\" alt=\"MAp of NATO in 2024 Image by Patrickneil and Spesh531, CC BY-SA 3.0, via Wikimedia Commons\" width=\"512\" height=\"394\" srcset=\"https:\/\/swissfederalism.ch\/wp-content\/uploads\/2024\/05\/MAp-of-NATO-in-2024-Image-by-Patrickneil-and-Spesh531-CC-BY-SA-3.0-via-Wikimedia-Commons.png 512w, https:\/\/swissfederalism.ch\/wp-content\/uploads\/2024\/05\/MAp-of-NATO-in-2024-Image-by-Patrickneil-and-Spesh531-CC-BY-SA-3.0-via-Wikimedia-Commons-300x231.png 300w, https:\/\/swissfederalism.ch\/wp-content\/uploads\/2024\/05\/MAp-of-NATO-in-2024-Image-by-Patrickneil-and-Spesh531-CC-BY-SA-3.0-via-Wikimedia-Commons-350x269.png 350w\" sizes=\"(max-width: 512px) 100vw, 512px\" \/><\/a><figcaption id=\"caption-attachment-231813\" class=\"wp-caption-text\"><span class=\"font-377884\">MAp of NATO in 2024 Image by Patrickneil and Spesh531, CC BY-SA 3.0, via Wikimedia Commons<\/span><\/figcaption><\/figure>\n<p><span class=\"font-377884\">L&rsquo;OTAN (Organisation du trait\u00e9 de l&rsquo;Atlantique Nord), ou Organisation du trait\u00e9 de l&rsquo;Atlantique Nord, a \u00e9t\u00e9 fond\u00e9e en 1949, avec pour objectif principal la d\u00e9fense commune des \u00c9tats membres contre toute attaque arm\u00e9e ext\u00e9rieure.<\/span><\/p>\n<p><span class=\"font-377884\">L&rsquo;OTAN vise \u00e0 garantir la libert\u00e9 et la s\u00e9curit\u00e9 des pays membres par des moyens \u00e0 la fois politiques et militaires.<\/span><\/p>\n<p><span class=\"font-377884\">Le si\u00e8ge principal de l&rsquo;OTAN est bas\u00e9 \u00e0 Bruxelles, en Belgique, tandis que le quartier g\u00e9n\u00e9ral militaire est situ\u00e9 pr\u00e8s de Mons, \u00e9galement en Belgique.<\/span><\/p>\n<p><span class=\"font-377884\">Sur le plan politique, l&rsquo;OTAN se distingue par la promotion des valeurs d\u00e9mocratiques et la facilitation de la consultation et de la collaboration entre ses membres en mati\u00e8re de d\u00e9fense et de s\u00e9curit\u00e9. Cette approche vise \u00e0 r\u00e9soudre les probl\u00e8mes, \u00e0 renforcer la confiance mutuelle et, \u00e0 long terme, \u00e0 pr\u00e9venir les conflits.<\/span><\/p>\n<p><span class=\"font-377884\">Sur le plan militaire, l&rsquo;OTAN s&rsquo;est engag\u00e9e \u00e0 r\u00e9soudre les diff\u00e9rends de mani\u00e8re pacifique. Toutefois, si les efforts diplomatiques ne permettent pas d&rsquo;atteindre l&rsquo;objectif souhait\u00e9, l&rsquo;Alliance a la capacit\u00e9 militaire d&rsquo;entreprendre des op\u00e9rations de gestion de crise. Ces op\u00e9rations sont men\u00e9es en vertu de la clause de d\u00e9fense collective figurant dans le trait\u00e9 fondateur de l&rsquo;OTAN, connue sous le nom d&rsquo;article 5 du trait\u00e9 de Washington, ou sous mandat des Nations unies. Ces actions peuvent \u00eatre men\u00e9es ind\u00e9pendamment ou en coop\u00e9ration avec d&rsquo;autres organisations internationales.<\/span><\/p>\n<p><span class=\"font-377884\"><strong><a href=\"https:\/\/swissfederalism.ch\/fr\/scenarios-nouvelle-normalite-geopolitique\/\">Sc\u00e9narios pour une \u00ab\u00a0nouvelle normalit\u00e9\u00a0\u00bb en g\u00e9opolitique<\/a><\/strong><\/span><\/p>\n<h2><span class=\"font-377884\">Histoire et r\u00f4le actuel<\/span><\/h2>\n<p><span class=\"font-377884\">L&rsquo;OTAN est n\u00e9e dans le contexte de la guerre froide, en r\u00e9ponse \u00e0 la menace de l&rsquo;expansion sovi\u00e9tique en Europe. Pendant cette p\u00e9riode, l&rsquo;Alliance a jou\u00e9 un r\u00f4le cl\u00e9 pour assurer la s\u00e9curit\u00e9 et la stabilit\u00e9 du continent, en mettant l&rsquo;accent sur la dissuasion militaire. Apr\u00e8s la fin de la guerre froide, l&rsquo;OTAN a adapt\u00e9 son r\u00f4le en \u00e9largissant son champ d&rsquo;action aux op\u00e9rations de maintien de la paix, de lutte contre le terrorisme et de gestion des crises.<\/span><\/p>\n<p><span class=\"font-377884\">Actuellement, l&rsquo;OTAN compte 32 membres, principalement des pays d&rsquo;Europe et d&rsquo;Am\u00e9rique du Nord. Ces membres s&rsquo;engagent \u00e0 se consulter et \u00e0 se d\u00e9fendre mutuellement en cas d&rsquo;attaque arm\u00e9e. En outre, l&rsquo;OTAN constitue un forum de coop\u00e9ration politique et militaire entre ses membres, favorisant ainsi la stabilit\u00e9 et la s\u00e9curit\u00e9 dans le monde.<\/span><\/p>\n<p><span class=\"font-377884\">Les derniers pays \u00e0 avoir rejoint l&rsquo;OTAN sont la Finlande (2023) et la Su\u00e8de (2024), suite au conflit russo-ukrainien qui a d\u00e9but\u00e9 en f\u00e9vrier 2022.<\/span><\/p>\n<h2><span class=\"font-377884\">Pays non membres de l&rsquo;OTAN<\/span><\/h2>\n<p><span class=\"font-377884\">Malgr\u00e9 l&rsquo;influence et l&rsquo;importance de l&rsquo;OTAN, certains pays europ\u00e9ens ont choisi de ne pas adh\u00e9rer \u00e0 l&rsquo;alliance et d&rsquo;opter pour une politique de neutralit\u00e9. L&rsquo;Autriche, l&rsquo;Irlande et la Suisse figurent parmi les pays les plus notables.<\/span><\/p>\n<p><span class=\"font-377884\">La neutralit\u00e9 est traditionnellement consid\u00e9r\u00e9e comme un moyen d&rsquo;\u00e9viter les conflits internationaux et de maintenir une position de non-alignement. Ces pays ont choisi de ne pas participer \u00e0 des alliances militaires telles que l&rsquo;OTAN, pr\u00e9f\u00e9rant maintenir une position d&rsquo;ind\u00e9pendance et de non-implication dans les conflits arm\u00e9s.<\/span><\/p>\n<h2><span class=\"font-377884\">Les implications de la neutralit\u00e9<\/span><\/h2>\n<p><span class=\"font-377884\">Le choix de rester neutre a un certain nombre d&rsquo;implications politiques, \u00e9conomiques et s\u00e9curitaires. D&rsquo;une part, les pays neutres peuvent jouir d&rsquo;une plus grande autonomie de d\u00e9cision et d&rsquo;une ind\u00e9pendance relative dans les relations internationales. D&rsquo;autre part, ils peuvent \u00eatre soumis \u00e0 des pressions ext\u00e9rieures de la part de puissances r\u00e9gionales ou mondiales cherchant \u00e0 influencer leur politique \u00e9trang\u00e8re.<\/span><\/p>\n<p><span class=\"font-377884\">En termes de s\u00e9curit\u00e9, les pays neutres doivent compter principalement sur leurs propres forces arm\u00e9es et leur diplomatie pour assurer leur d\u00e9fense.<\/span><\/p>\n<h3><span class=\"font-377884\">Liste des pays membres de l&rsquo;OTAN et ann\u00e9e d&rsquo;adh\u00e9sion (par ordre alphab\u00e9tique)<\/span><\/h3>\n<ul>\n<li><span class=\"font-377884\">ALBANIE (2009)<\/span><\/li>\n<li><span class=\"font-377884\">ALLEMAGNE (1955)<\/span><\/li>\n<li><span class=\"font-377884\">BELGIQUE (1949)<\/span><\/li>\n<li><span class=\"font-377884\">BULGARIE (2004)<\/span><\/li>\n<li><span class=\"font-377884\">CANADA (1949)<\/span><\/li>\n<li><span class=\"font-377884\">CROATIE (2009)<\/span><\/li>\n<li><span class=\"font-377884\">DANEMARK (1949)<\/span><\/li>\n<li><span class=\"font-377884\">ESPAGNE (1982)<\/span><\/li>\n<li><span class=\"font-377884\">ESTONIE (2004)<\/span><\/li>\n<li><span class=\"font-377884\">\u00c9TATS-UNIS (1949)<\/span><\/li>\n<li><span class=\"font-377884\">FINLANDE (2023)<\/span><\/li>\n<li><span class=\"font-377884\">FRANCE (1949)<\/span><\/li>\n<li><span class=\"font-377884\">GRECE (1952)<\/span><\/li>\n<li><span class=\"font-377884\">HONGRIE (1999)<\/span><\/li>\n<li><span class=\"font-377884\">ISLANDE (1949)<\/span><\/li>\n<li><span class=\"font-377884\">ITALIE (1949)<\/span><\/li>\n<li><span class=\"font-377884\">LETTONIE (2004)<\/span><\/li>\n<li><span class=\"font-377884\">LITUANIE (2004)<\/span><\/li>\n<li><span class=\"font-377884\">LUXEMBOURG (1949)<\/span><\/li>\n<li><span class=\"font-377884\">MAC\u00c9DOINE DU NORD (2020)<\/span><\/li>\n<li><span class=\"font-377884\">MONT\u00c9N\u00c9GRO (2017)<\/span><\/li>\n<li><span class=\"font-377884\">NORV\u00c8GE (1949)<\/span><\/li>\n<li><span class=\"font-377884\">PAYS-BAS (1949)<\/span><\/li>\n<li><span class=\"font-377884\">POLOGNE (1999)<\/span><\/li>\n<li><span class=\"font-377884\">PORTUGAL (1949)<\/span><\/li>\n<li><span class=\"font-377884\">ROYAUME-UNI (1949)<\/span><\/li>\n<li><span class=\"font-377884\">ROUMANIE (2004)<\/span><\/li>\n<li><span class=\"font-377884\">SLOVAQUIE (2004)<\/span><\/li>\n<li><span class=\"font-377884\">SLOV\u00c9NIE (2004)<\/span><\/li>\n<li><span class=\"font-377884\">SU\u00c8DE (2024)<\/span><\/li>\n<li><span class=\"font-377884\">TCH\u00c9QUIE (1999)<\/span><\/li>\n<li><span class=\"font-377884\">TURQUIE (1952)<\/span><\/li>\n<\/ul>\n<h2><span class=\"font-377884\">Organisations similaires<\/span><\/h2>\n<p><span class=\"font-377884\">L&rsquo;Organisation du trait\u00e9 de s\u00e9curit\u00e9 collective (OTSC) a \u00e9t\u00e9 cr\u00e9\u00e9e en 1992 par les \u00c9tats post-sovi\u00e9tiques (<em><strong>Russie, Arm\u00e9nie, Kazakhstan, Kirghizstan, Tadjikistan<\/strong><\/em> et <strong><em>Ouzb\u00e9kistan<\/em><\/strong>) qui ont sign\u00e9 le trait\u00e9 de s\u00e9curit\u00e9 collective dans la ville de Tachkent, \u00e9galement connu sous le nom de Pacte de Tachkent ou Trait\u00e9 de Tachkent.<strong><em> L&rsquo;Azerba\u00efdjan, le Belarus et la G\u00e9orgie<\/em> <\/strong>ont rejoint cette organisation en 1993.<\/span><\/p>\n<p><span class=\"font-377884\">L&rsquo;OTSC devait durer cinq ans, mais en 1999,<strong> l&rsquo;Azerba\u00efdjan, la G\u00e9orgie et l&rsquo;Ouzb\u00e9kistan<\/strong> ont choisi de ne pas renouveler le trait\u00e9.<\/span><\/p>\n<p><span class=\"font-377884\">L&rsquo;OTSC peut \u00eatre consid\u00e9r\u00e9 comme le pendant eurasien de l&rsquo;OTAN, c&rsquo;est-\u00e0-dire une r\u00e9\u00e9dition du Pacte de Varsovie adapt\u00e9e \u00e0 l&rsquo;\u00e9volution des temps.<\/span><\/p>\n","protected":false},"excerpt":{"rendered":"<p>L&rsquo;OTAN, en tant que syst\u00e8me de s\u00e9curit\u00e9 collective, repose sur l&rsquo;engagement mutuel de ses \u00c9tats membres \u00e0 se d\u00e9fendre contre toute menace ext\u00e9rieure.<\/p>\n","protected":false},"author":9,"featured_media":231815,"comment_status":"open","ping_status":"closed","sticky":false,"template":"","format":"standard","meta":{"footnotes":""},"categories":[308,989,303,209,306],"tags":[401,2243,2457,667],"class_list":["post-231925","post","type-post","status-publish","format-standard","has-post-thumbnail","hentry","category-faits-marquants","category-geopolitique","category-histoire","category-les-magazines","category-politique","tag-histoire-de-leurope","tag-nato-fr","tag-otsc-fr","tag-securite"],"_links":{"self":[{"href":"https:\/\/swissfederalism.ch\/fr\/wp-json\/wp\/v2\/posts\/231925","targetHints":{"allow":["GET"]}}],"collection":[{"href":"https:\/\/swissfederalism.ch\/fr\/wp-json\/wp\/v2\/posts"}],"about":[{"href":"https:\/\/swissfederalism.ch\/fr\/wp-json\/wp\/v2\/types\/post"}],"author":[{"embeddable":true,"href":"https:\/\/swissfederalism.ch\/fr\/wp-json\/wp\/v2\/users\/9"}],"replies":[{"embeddable":true,"href":"https:\/\/swissfederalism.ch\/fr\/wp-json\/wp\/v2\/comments?post=231925"}],"version-history":[{"count":2,"href":"https:\/\/swissfederalism.ch\/fr\/wp-json\/wp\/v2\/posts\/231925\/revisions"}],"predecessor-version":[{"id":231927,"href":"https:\/\/swissfederalism.ch\/fr\/wp-json\/wp\/v2\/posts\/231925\/revisions\/231927"}],"wp:featuredmedia":[{"embeddable":true,"href":"https:\/\/swissfederalism.ch\/fr\/wp-json\/wp\/v2\/media\/231815"}],"wp:attachment":[{"href":"https:\/\/swissfederalism.ch\/fr\/wp-json\/wp\/v2\/media?parent=231925"}],"wp:term":[{"taxonomy":"category","embeddable":true,"href":"https:\/\/swissfederalism.ch\/fr\/wp-json\/wp\/v2\/categories?post=231925"},{"taxonomy":"post_tag","embeddable":true,"href":"https:\/\/swissfederalism.ch\/fr\/wp-json\/wp\/v2\/tags?post=231925"}],"curies":[{"name":"wp","href":"https:\/\/api.w.org\/{rel}","templated":true}]}}