{"id":231131,"date":"2024-02-28T09:49:30","date_gmt":"2024-02-28T09:49:30","guid":{"rendered":"https:\/\/swissfederalism.ch\/federalismo-svizzera-altri-paesi-federali\/"},"modified":"2024-02-29T22:03:07","modified_gmt":"2024-02-29T22:03:07","slug":"federalisme-suisse-autres-pays-federaux","status":"publish","type":"post","link":"https:\/\/swissfederalism.ch\/fr\/federalisme-suisse-autres-pays-federaux\/","title":{"rendered":"Le f\u00e9d\u00e9ralisme: Analyse comparative entre la Suisse et d&rsquo;autres pays f\u00e9d\u00e9raux"},"content":{"rendered":"<h1><span class=\"font-377884\">Le f\u00e9d\u00e9ralisme: Analyse comparative entre la Suisse et d&rsquo;autres pays f\u00e9d\u00e9raux<\/span><\/h1>\n<h3><span class=\"font-377884\"><em>Le f\u00e9d\u00e9ralisme est un syst\u00e8me de gouvernement dans lequel l&rsquo;autorit\u00e9 est r\u00e9partie entre un gouvernement central et diverses entit\u00e9s gouvernementales infranationales, telles que les \u00c9tats, les provinces ou les cantons. Ce mod\u00e8le repose sur le partage du pouvoir et de l&rsquo;autonomie entre les diff\u00e9rentes unit\u00e9s politiques d&rsquo;un pays et fournit un m\u00e9canisme permettant de g\u00e9rer la diversit\u00e9 culturelle, politique et \u00e9conomique au sein d&rsquo;une nation.<\/em><\/span><\/h3>\n<figure id=\"attachment_231063\" aria-describedby=\"caption-attachment-231063\" style=\"width: 512px\" class=\"wp-caption aligncenter\"><a href=\"https:\/\/swissfederalism.ch\/wp-content\/uploads\/2024\/02\/Federalism-Image-by-Lone-Internaut-CC-BY-SA-4.0-via-Wikimedia-Commons.png\"><img decoding=\"async\" class=\"size-full wp-image-231063\" src=\"https:\/\/swissfederalism.ch\/wp-content\/uploads\/2024\/02\/Federalism-Image-by-Lone-Internaut-CC-BY-SA-4.0-via-Wikimedia-Commons.png\" alt=\"Federalism Image by Lone Internaut, CC BY-SA 4.0, via Wikimedia Commons\" width=\"512\" height=\"422\" srcset=\"https:\/\/swissfederalism.ch\/wp-content\/uploads\/2024\/02\/Federalism-Image-by-Lone-Internaut-CC-BY-SA-4.0-via-Wikimedia-Commons.png 512w, https:\/\/swissfederalism.ch\/wp-content\/uploads\/2024\/02\/Federalism-Image-by-Lone-Internaut-CC-BY-SA-4.0-via-Wikimedia-Commons-300x247.png 300w, https:\/\/swissfederalism.ch\/wp-content\/uploads\/2024\/02\/Federalism-Image-by-Lone-Internaut-CC-BY-SA-4.0-via-Wikimedia-Commons-350x288.png 350w\" sizes=\"(max-width: 512px) 100vw, 512px\" \/><\/a><figcaption id=\"caption-attachment-231063\" class=\"wp-caption-text\"><span class=\"font-377884\">Federalism Image by Lone Internaut, CC BY-SA 4.0, via Wikimedia Commons<\/span><\/figcaption><\/figure>\n<div class=\"flex flex-grow flex-col max-w-full\">\n<div class=\"min-h-[20px] text-message flex flex-col items-start gap-3 whitespace-pre-wrap break-words [.text-message+&amp;]:mt-5 overflow-x-auto\" data-message-author-role=\"assistant\" data-message-id=\"55db223e-2474-45c4-988a-edde69df7504\">\n<div class=\"markdown prose w-full break-words dark:prose-invert light\">\n<h2><span class=\"font-377884\">Un peu d&rsquo;histoire<\/span><\/h2>\n<p><span class=\"font-377884\">L&rsquo;origine des \u00c9tats f\u00e9d\u00e9raux remonte \u00e0 des processus complexes, souvent refl\u00e9tant des dynamiques historiques, politiques et culturelles. L&rsquo;un des premiers exemples d&rsquo;\u00c9tat f\u00e9d\u00e9ral peut \u00eatre trouv\u00e9 aux \u00c9tats-Unis d&rsquo;Am\u00e9rique. Pendant la guerre d&rsquo;ind\u00e9pendance am\u00e9ricaine, la n\u00e9cessit\u00e9 de coop\u00e9ration et d&rsquo;unit\u00e9 en mati\u00e8re de d\u00e9fense et de commerce entre les treize colonies s\u00e9par\u00e9es a conduit \u00e0 la formation d&rsquo;une f\u00e9d\u00e9ration entre les \u00c9tats. La Constitution des \u00c9tats-Unis de 1787 repr\u00e9sente le point de d\u00e9part de <em><strong>la cr\u00e9ation des \u00c9tats-Unis en tant que premier \u00c9tat f\u00e9d\u00e9ral moderne.<\/strong> <\/em>Elle a clairement d\u00e9fini la r\u00e9partition des pouvoirs entre le gouvernement f\u00e9d\u00e9ral et les \u00c9tats.<\/span><\/p>\n<p><span class=\"font-377884\">Le succ\u00e8s et la stabilit\u00e9 des \u00c9tats-Unis ont inspir\u00e9 d&rsquo;autres pays dans le monde \u00e0 adopter des formes similaires de gouvernement f\u00e9d\u00e9ral. Le f\u00e9d\u00e9ralisme est devenu un mod\u00e8le attrayant pour g\u00e9rer la diversit\u00e9 et promouvoir l&rsquo;unit\u00e9 nationale dans de nombreuses nations, pr\u00e9servant les identit\u00e9s r\u00e9gionales et culturelles tout en promouvant la coh\u00e9sion nationale.<\/span><\/p>\n<p><span class=\"font-377884\">Dans de nombreux cas, les \u00c9tats f\u00e9d\u00e9raux sont le r\u00e9sultat d&rsquo;une combinaison de facteurs refl\u00e9tant des besoins sp\u00e9cifiques et des dynamiques internes. Dans certains cas, comme aux \u00c9tats-Unis ou en Suisse, les \u00c9tats f\u00e9d\u00e9raux d\u00e9coulent de l&rsquo;agr\u00e9gation d&rsquo;entit\u00e9s \u00e9tatiques pr\u00e9existantes, chacune conservant un certain degr\u00e9 d&rsquo;autonomie avant la f\u00e9d\u00e9ration. Ce processus peut \u00eatre interpr\u00e9t\u00e9 comme une tentative de combiner les forces d&rsquo;\u00c9tats ind\u00e9pendants pour former une structure \u00e9tatique plus vaste et plus coh\u00e9sive.<\/span><\/p>\n<p><span class=\"font-377884\">Dans des contextes tels que la Belgique, le f\u00e9d\u00e9ralisme a \u00e9t\u00e9 adopt\u00e9 comme moyen de g\u00e9rer les tensions internes li\u00e9es aux divisions linguistiques, culturelles ou r\u00e9gionales. Le cadre f\u00e9d\u00e9ral offre un cadre institutionnel permettant d&rsquo;\u00e9quilibrer les besoins et les aspirations des diff\u00e9rentes communaut\u00e9s au sein du pays, favorisant la coh\u00e9sion nationale.<\/span><\/p>\n<p><span class=\"font-377884\"><em><strong>La diffusion du f\u00e9d\u00e9ralisme dans le monde s&rsquo;est produite au XXe si\u00e8cle<\/strong><\/em>, avec d&rsquo;importantes exceptions et variations r\u00e9gionales. <strong><em>En Europe, la Suisse repr\u00e9sente un cas pr\u00e9coce de f\u00e9d\u00e9ration d\u00e8s le XIXe si\u00e8cle,<\/em> <\/strong>tandis que l&rsquo;Allemagne et l&rsquo;Autriche ont adopt\u00e9 une constitution f\u00e9d\u00e9rale apr\u00e8s la Seconde Guerre mondiale. De m\u00eame, le Commonwealth et des pays tels que l&rsquo;Australie, le Canada et l&rsquo;Inde ont adopt\u00e9 le f\u00e9d\u00e9ralisme pour g\u00e9rer leurs dimensions g\u00e9ographiques et leur diversit\u00e9 culturelle et linguistique.<\/span><\/p>\n<p><span class=\"font-377884\">En Am\u00e9rique latine, des pays comme le Br\u00e9sil, le Venezuela, l&rsquo;Argentine et le Mexique ont adopt\u00e9 le f\u00e9d\u00e9ralisme pour relever les d\u00e9fis de la gouvernance sur des territoires \u00e9tendus et avec des populations diverses. En particulier, le f\u00e9d\u00e9ralisme leur permet de g\u00e9rer de mani\u00e8re plus efficace les questions r\u00e9gionales et locales tout en garantissant un cadre national coh\u00e9rent.<\/span><\/p>\n<p><span class=\"font-377884\">Dans le contexte africain, le Nigeria se distingue comme un exemple de f\u00e9d\u00e9ration, o\u00f9 la r\u00e9partition du pouvoir entre le gouvernement central et les \u00c9tats f\u00e9d\u00e9r\u00e9s aide \u00e0 g\u00e9rer une population diversifi\u00e9e sur de vastes territoires. De m\u00eame, l&rsquo;Afrique du Sud, bien qu&rsquo;elle ne soit pas techniquement un \u00c9tat f\u00e9d\u00e9ral au sens traditionnel, a mis en \u0153uvre un syst\u00e8me fortement d\u00e9centralis\u00e9 apr\u00e8s la fin de l&rsquo;apartheid en 1994. Ce mod\u00e8le, connu sous le nom de \u00ab\u00a0gouvernement de l&rsquo;unit\u00e9 nationale\u00a0\u00bb, favorise la participation d\u00e9mocratique au niveau local et r\u00e9gional, tout en abordant les questions sp\u00e9cifiques des diff\u00e9rentes communaut\u00e9s au sein du pays.<\/span><\/p>\n<p><span class=\"font-377884\">En r\u00e9sum\u00e9, le f\u00e9d\u00e9ralisme est devenu un mod\u00e8le de gouvernance adopt\u00e9 dans le monde entier, refl\u00e9tant la complexit\u00e9 et la diversit\u00e9 des soci\u00e9t\u00e9s modernes et offrant un cadre institutionnel qui favorise la participation d\u00e9mocratique et la gestion efficace des ressources et des identit\u00e9s r\u00e9gionales.<\/span><\/p>\n<\/div>\n<\/div>\n<\/div>\n<div class=\"flex flex-grow flex-col max-w-full\">\n<div class=\"min-h-[20px] text-message flex flex-col items-start gap-3 whitespace-pre-wrap break-words [.text-message+&amp;]:mt-5 overflow-x-auto\" data-message-author-role=\"assistant\" data-message-id=\"8ee65392-b33a-40a7-95c3-cb2014b329bb\">\n<div class=\"markdown prose w-full break-words dark:prose-invert light\">\n<div class=\"flex flex-grow flex-col max-w-full\">\n<div class=\"min-h-[20px] text-message flex flex-col items-start gap-3 whitespace-pre-wrap break-words [.text-message+&amp;]:mt-5 overflow-x-auto\" data-message-author-role=\"assistant\" data-message-id=\"b8b76f26-834e-4951-bca9-7254aa83e90b\">\n<div class=\"markdown prose w-full break-words dark:prose-invert light\">\n<h2><span class=\"font-377884\">Le f\u00e9d\u00e9ralisme en bref<\/span><\/h2>\n<p><span class=\"font-377884\">Le f\u00e9d\u00e9ralisme offre plusieurs avantages qui peuvent contribuer \u00e0 la stabilit\u00e9 et \u00e0 la prosp\u00e9rit\u00e9 d&rsquo;un pays :<\/span><\/p>\n<p><span class=\"font-377884\"><strong>Participation d\u00e9mocratique :<\/strong> Le f\u00e9d\u00e9ralisme permet une participation plus directe et significative des citoyens \u00e0 la gouvernance locale et r\u00e9gionale. Puisque le pouvoir est d\u00e9centralis\u00e9, les d\u00e9cisions peuvent \u00eatre prises plus pr\u00e8s de la population concern\u00e9e, permettant ainsi une meilleure repr\u00e9sentation et implication des citoyens dans la vie politique.<\/span><\/p>\n<p><span class=\"font-377884\"><strong>Adaptabilit\u00e9 :<\/strong> Le f\u00e9d\u00e9ralisme permet une plus grande flexibilit\u00e9 et adaptabilit\u00e9 aux diff\u00e9rents besoins et pr\u00e9f\u00e9rences des diff\u00e9rentes r\u00e9gions ou \u00c9tats au sein du pays. Cela signifie que les politiques peuvent \u00eatre adapt\u00e9es pour r\u00e9pondre aux circonstances sp\u00e9cifiques locales, culturelles et \u00e9conomiques de chaque r\u00e9gion.<\/span><\/p>\n<p><span class=\"font-377884\"><strong>Pr\u00e9servation de la diversit\u00e9 :<\/strong> Dans les pays pr\u00e9sentant une grande diversit\u00e9 culturelle, linguistique, ethnique ou religieuse, le f\u00e9d\u00e9ralisme peut contribuer \u00e0 pr\u00e9server et valoriser cette diversit\u00e9. En permettant aux diff\u00e9rentes r\u00e9gions de g\u00e9rer leurs propres questions internes, le f\u00e9d\u00e9ralisme favorise le respect et la protection des identit\u00e9s culturelles et linguistiques des diverses communaut\u00e9s au sein du pays.<\/span><\/p>\n<p><span class=\"font-377884\"><strong>Stabilit\u00e9 politique :<\/strong> Le f\u00e9d\u00e9ralisme peut contribuer \u00e0 la stabilit\u00e9 politique en fournissant un syst\u00e8me de gouvernement qui \u00e9quilibre le pouvoir entre le niveau central et le niveau local. Cet \u00e9quilibre peut r\u00e9duire les tensions entre le gouvernement central et les r\u00e9gions, fournissant un m\u00e9canisme pour r\u00e9soudre pacifiquement les diff\u00e9rends et les divergences d&rsquo;int\u00e9r\u00eats.<\/span><\/p>\n<p><span class=\"font-377884\"><strong>Efficacit\u00e9 administrative :<\/strong> Le f\u00e9d\u00e9ralisme peut entra\u00eener une plus grande efficacit\u00e9 dans l&rsquo;administration publique. Puisque les d\u00e9cisions sont prises plus pr\u00e8s de la population concern\u00e9e, les gouvernements locaux et r\u00e9gionaux peuvent \u00eatre plus sensibles aux besoins des citoyens et plus capables de fournir des services publics efficaces et opportuns.<\/span><\/p>\n<p><span class=\"font-377884\"><strong>\u00c9quilibrage du pouvoir<\/strong> : Le f\u00e9d\u00e9ralisme aide \u00e0 \u00e9quilibrer le pouvoir entre le gouvernement central et les entit\u00e9s locales, emp\u00eachant une concentration excessive de pouvoir dans une seule institution ou autorit\u00e9. Cela peut contribuer \u00e0 pr\u00e9venir les abus de pouvoir et garantir une meilleure protection des droits et des libert\u00e9s des citoyens.<\/span><\/p>\n<p><span class=\"font-377884\">En r\u00e9sum\u00e9, le f\u00e9d\u00e9ralisme offre un cadre institutionnel qui favorise la participation d\u00e9mocratique, la diversit\u00e9 culturelle, la stabilit\u00e9 politique et l&rsquo;efficacit\u00e9 administrative, contribuant ainsi au bien-\u00eatre et \u00e0 la coh\u00e9sion d&rsquo;un pays.<\/span><\/p>\n<\/div>\n<\/div>\n<\/div>\n<\/div>\n<\/div>\n<\/div>\n<div class=\"flex flex-grow flex-col max-w-full\">\n<div class=\"min-h-[20px] text-message flex flex-col items-start gap-3 whitespace-pre-wrap break-words [.text-message+&amp;]:mt-5 overflow-x-auto\" data-message-author-role=\"assistant\" data-message-id=\"cf82c8d6-c25b-4898-86ec-4fb2156afc80\">\n<div class=\"markdown prose w-full break-words dark:prose-invert light\">\n<figure id=\"attachment_231051\" aria-describedby=\"caption-attachment-231051\" style=\"width: 1024px\" class=\"wp-caption aligncenter\"><a href=\"https:\/\/swissfederalism.ch\/wp-content\/uploads\/2024\/02\/Map-of-federal-switzerland-and-its-26-cantons-Image-by-Arno-nl-CC-BY-SA-4.0-via-Wikimedia-Commons.png\"><img decoding=\"async\" class=\"size-full wp-image-231051\" src=\"https:\/\/swissfederalism.ch\/wp-content\/uploads\/2024\/02\/Map-of-federal-switzerland-and-its-26-cantons-Image-by-Arno-nl-CC-BY-SA-4.0-via-Wikimedia-Commons.png\" alt=\"Map of federal switzerland and its 26 cantons Image by Arno-nl, CC BY-SA 4.0, via Wikimedia Commons\" width=\"1024\" height=\"706\" srcset=\"https:\/\/swissfederalism.ch\/wp-content\/uploads\/2024\/02\/Map-of-federal-switzerland-and-its-26-cantons-Image-by-Arno-nl-CC-BY-SA-4.0-via-Wikimedia-Commons.png 1024w, https:\/\/swissfederalism.ch\/wp-content\/uploads\/2024\/02\/Map-of-federal-switzerland-and-its-26-cantons-Image-by-Arno-nl-CC-BY-SA-4.0-via-Wikimedia-Commons-300x207.png 300w, https:\/\/swissfederalism.ch\/wp-content\/uploads\/2024\/02\/Map-of-federal-switzerland-and-its-26-cantons-Image-by-Arno-nl-CC-BY-SA-4.0-via-Wikimedia-Commons-768x530.png 768w, https:\/\/swissfederalism.ch\/wp-content\/uploads\/2024\/02\/Map-of-federal-switzerland-and-its-26-cantons-Image-by-Arno-nl-CC-BY-SA-4.0-via-Wikimedia-Commons-350x241.png 350w\" sizes=\"(max-width: 1024px) 100vw, 1024px\" \/><\/a><figcaption id=\"caption-attachment-231051\" class=\"wp-caption-text\"><span class=\"font-377884\">Map of federal switzerland and its 26 cantons Image by Arno-nl, CC BY-SA 4.0, via Wikimedia Commons<\/span><\/figcaption><\/figure>\n<div class=\"flex flex-grow flex-col max-w-full\">\n<div class=\"min-h-[20px] text-message flex flex-col items-start gap-3 whitespace-pre-wrap break-words [.text-message+&amp;]:mt-5 overflow-x-auto\" data-message-author-role=\"assistant\" data-message-id=\"40025a7a-9a6a-4cbb-944a-da690830a8fa\">\n<div class=\"markdown prose w-full break-words dark:prose-invert light\">\n<h2><span class=\"font-377884\">Suisse<\/span><\/h2>\n<p><span class=\"font-377884\">Le f\u00e9d\u00e9ralisme suisse est universellement reconnu comme l&rsquo;un des mod\u00e8les les plus r\u00e9ussis et fonctionnels dans le monde. Bas\u00e9 sur la r\u00e9partition des pouvoirs entre le gouvernement f\u00e9d\u00e9ral et les 26 cantons, ce syst\u00e8me f\u00e9d\u00e9ral a assur\u00e9 la stabilit\u00e9 politique, \u00e9conomique et sociale du pays. Examinons de plus pr\u00e8s ses principales caract\u00e9ristiques distinctives :<\/span><\/p>\n<h3><span class=\"font-377884\">Structure F\u00e9d\u00e9rale :<\/span><\/h3>\n<p><span class=\"font-377884\">La Suisse est compos\u00e9e de 26 cantons, chacun b\u00e9n\u00e9ficiant d&rsquo;une large autonomie. Chaque canton a sa propre constitution, son gouvernement et son parlement, comp\u00e9tents pour des questions locales telles que l&rsquo;\u00e9ducation, la sant\u00e9, la justice, l&rsquo;urbanisme et la culture. Certains cantons disposent \u00e9galement d&rsquo;institutions d\u00e9mocratiques directes, telles que des r\u00e9f\u00e9rendums et des initiatives populaires, permettant aux citoyens de participer directement au processus d\u00e9cisionnel.<\/span><\/p>\n<h3><span class=\"font-377884\">Comp\u00e9tences du Gouvernement F\u00e9d\u00e9ral :<\/span><\/h3>\n<p><span class=\"font-377884\">Le gouvernement f\u00e9d\u00e9ral suisse, bas\u00e9 \u00e0 Berne, a le contr\u00f4le sur des questions d&rsquo;int\u00e9r\u00eat national telles que la politique \u00e9trang\u00e8re, la d\u00e9fense, la politique mon\u00e9taire, la politique sociale et les infrastructures nationales. De plus, il supervise les questions d&rsquo;int\u00e9r\u00eat commun entre les cantons, telles que la r\u00e9glementation des t\u00e9l\u00e9communications et des transports.<\/span><\/p>\n<h3><span class=\"font-377884\">Principe de Subsidiarit\u00e9 :<\/span><\/h3>\n<p><span class=\"font-377884\">Fondamental dans le contexte du f\u00e9d\u00e9ralisme suisse, le principe de subsidiarit\u00e9 \u00e9tablit que les d\u00e9cisions devraient \u00eatre prises au niveau le plus proche possible des citoyens concern\u00e9s. Par cons\u00e9quent, les responsabilit\u00e9s sont d\u00e9l\u00e9gu\u00e9es au niveau cantonal ou communal, \u00e0 moins qu&rsquo;elles ne rel\u00e8vent clairement de la comp\u00e9tence nationale ou supranationale.<\/span><\/p>\n<h3><span class=\"font-377884\">Coh\u00e9sion Nationale :<\/span><\/h3>\n<p><span class=\"font-377884\">Malgr\u00e9 l&rsquo;autonomie accord\u00e9e aux cantons, la Suisse conserve une forte coh\u00e9sion nationale et un sentiment d&rsquo;identit\u00e9 nationale. Cela est favoris\u00e9 par des institutions f\u00e9d\u00e9rales telles que l&rsquo;arm\u00e9e, le r\u00e9seau ferroviaire national et le syst\u00e8me bancaire central. De plus, la pratique de la d\u00e9mocratie directe permet aux citoyens de participer activement au processus politique et d&rsquo;influencer les d\u00e9cisions au niveau national et cantonal.<\/span><\/p>\n<h3><span class=\"font-377884\">Gestion de la Diversit\u00e9 :<\/span><\/h3>\n<p><span class=\"font-377884\">Le f\u00e9d\u00e9ralisme suisse est capable de g\u00e9rer efficacement la diversit\u00e9 linguistique, culturelle et politique du pays. Avec quatre langues nationales (allemand, fran\u00e7ais, italien et romanche) et une vari\u00e9t\u00e9 de traditions culturelles et politiques, le f\u00e9d\u00e9ralisme suisse est un m\u00e9canisme efficace pour respecter et pr\u00e9server la diversit\u00e9 au sein de la nation.<\/span><\/p>\n<h3><span class=\"font-377884\">Diversit\u00e9 des Politiques Fiscales :<\/span><\/h3>\n<p><span class=\"font-377884\">Dans le contexte du f\u00e9d\u00e9ralisme suisse, les cantons b\u00e9n\u00e9ficient d&rsquo;une large autonomie, y compris le pouvoir de d\u00e9terminer les taux d&rsquo;imposition et les modalit\u00e9s de collecte des imp\u00f4ts. Cette autonomie fiscale cr\u00e9e une diversit\u00e9 notable entre les cantons en ce qui concerne le syst\u00e8me fiscal adopt\u00e9.<\/span><\/p>\n<p><span class=\"font-377884\">Certains cantons pr\u00e9f\u00e8rent maintenir des taux d&rsquo;imposition relativement bas pour attirer les entreprises et les r\u00e9sidents, cr\u00e9ant ainsi un environnement \u00e9conomique propice \u00e0 l&rsquo;investissement et \u00e0 la croissance \u00e9conomique. En revanche, d&rsquo;autres cantons pourraient opter pour des taux d&rsquo;imposition plus \u00e9lev\u00e9s pour financer des services publics plus \u00e9tendus ou pour r\u00e9pondre aux besoins sp\u00e9cifiques de leur population.<\/span><\/p>\n<p><span class=\"font-377884\">La diversit\u00e9 des politiques fiscales des cantons peut avoir un impact significatif sur la qualit\u00e9 des services publics offerts, l&rsquo;attractivit\u00e9 \u00e9conomique globale et la r\u00e9partition de la richesse nationale. Cependant, la concurrence fiscale entre les cantons peut \u00e9galement poser des d\u00e9fis, tels qu&rsquo;une course \u00e0 la baisse des taux pour attirer les entreprises et les individus \u00e0 revenu \u00e9lev\u00e9.<\/span><\/p>\n<p><span class=\"font-377884\">Parmi les cantons suisses consid\u00e9r\u00e9s comme les plus prosp\u00e8res, on trouve Zurich, Gen\u00e8ve et B\u00e2le-Ville. Ces r\u00e9gions se distinguent par leur solide base \u00e9conomique, la pr\u00e9sence d&rsquo;importantes entreprises internationales et d&rsquo;institutions financi\u00e8res. Leur position g\u00e9ographique strat\u00e9gique et leurs politiques favorables aux affaires contribuent \u00e0 leur prosp\u00e9rit\u00e9 \u00e9conomique et \u00e0 leur attractivit\u00e9 pour les r\u00e9sidents et les invest<\/span><\/p>\n<\/div>\n<\/div>\n<\/div>\n<\/div>\n<div class=\"markdown prose w-full break-words dark:prose-invert light\">\n<div class=\"flex flex-grow flex-col max-w-full\">\n<div class=\"min-h-[20px] text-message flex flex-col items-start gap-3 whitespace-pre-wrap break-words [.text-message+&amp;]:mt-5 overflow-x-auto\" data-message-author-role=\"assistant\" data-message-id=\"2747e8a4-5bad-4fd2-be8d-d808795f50ca\">\n<div class=\"markdown prose w-full break-words dark:prose-invert light\">\n<h3><span class=\"font-377884\">R\u00e9f\u00e9rendum<\/span><\/h3>\n<p><span class=\"font-377884\">Les votations par r\u00e9f\u00e9rendum sont un pilier de la d\u00e9mocratie suisse et constituent un instrument fondamental par lequel les citoyens peuvent influencer les d\u00e9cisions politiques du pays. En Suisse, les r\u00e9f\u00e9rendums peuvent \u00eatre de deux types : obligatoires et facultatifs.<\/span><\/p>\n<p><span class=\"font-377884\"><strong>R\u00e9f\u00e9rendum obligatoire :<\/strong> La plupart des lois et des actes l\u00e9gislatifs adopt\u00e9s par le Parlement suisse entrent en vigueur sans impliquer un vote populaire. Cependant, dans certains cas, la d\u00e9cision doit \u00e9galement \u00eatre soumise \u00e0 un vote populaire obligatoire. Contrairement au r\u00e9f\u00e9rendum facultatif, aucune collecte de signatures n&rsquo;est requise dans ces cas : le r\u00e9f\u00e9rendum est automatique.<\/span><\/p>\n<p><span class=\"font-377884\"><strong>R\u00e9f\u00e9rendum facultatif :<\/strong> En Suisse, le Parlement \u00e9labore les lois, la plupart d&rsquo;entre elles entrant en vigueur sans n\u00e9cessiter de vote populaire. La plupart des lois sont soumises \u00e0 un r\u00e9f\u00e9rendum facultatif, ce qui signifie que le peuple vote seulement s&rsquo;il y a un r\u00e9f\u00e9rendum lanc\u00e9 contre une nouvelle loi ou sa modification. Ces r\u00e9f\u00e9rendums peuvent \u00eatre au niveau national, cantonal ou communal. Au niveau f\u00e9d\u00e9ral, si dans les 100 jours suivant la publication de la loi, un comit\u00e9 recueille 50 000 signatures valides, la loi en question est soumise au vote populaire. Le Parlement suisse vote \u00e9galement sur des actes l\u00e9gislatifs qui ne sont pas des lois, tels que des d\u00e9cisions sur des trait\u00e9s internationaux. Des r\u00e9f\u00e9rendums facultatifs peuvent \u00e9galement \u00eatre lanc\u00e9s contre certains de ces actes l\u00e9gislatifs.<\/span><\/p>\n<p><span class=\"font-377884\">Le r\u00e9f\u00e9rendum joue un r\u00f4le significatif dans le f\u00e9d\u00e9ralisme, permettant aux citoyens d&rsquo;influencer directement les d\u00e9cisions politiques \u00e0 divers niveaux, y compris national, f\u00e9d\u00e9ral et communal. Il est utilis\u00e9 pour voter sur des questions constitutionnelles, des lois nationales, des accords internationaux et des questions r\u00e9gionales. Au niveau communal, le r\u00e9f\u00e9rendum peut porter sur des sujets tels que l&rsquo;urbanisme, les imp\u00f4ts locaux, les services publics et les questions environnementales. Dans un contexte f\u00e9d\u00e9ral, le r\u00e9f\u00e9rendum contribue \u00e0 maintenir l&rsquo;\u00e9quilibre des pouvoirs entre le gouvernement central, les entit\u00e9s f\u00e9d\u00e9r\u00e9es et les communaut\u00e9s locales, garantissant la participation des citoyens au processus d\u00e9cisionnel \u00e0 tous les niveaux.<\/span><\/p>\n<p><span class=\"font-377884\">Le f\u00e9d\u00e9ralisme suisse repr\u00e9sente un mod\u00e8le r\u00e9ussi de gouvernement d\u00e9centralis\u00e9 et fond\u00e9 sur la subsidiarit\u00e9, qui promeut la participation d\u00e9mocratique, l&rsquo;autonomie locale et la coh\u00e9sion nationale. La combinaison de l&rsquo;autonomie cantonale et de la solidarit\u00e9 nationale a prouv\u00e9 que le f\u00e9d\u00e9ralisme peut \u00eatre un outil efficace pour faire face \u00e0 la complexit\u00e9 et \u00e0 la diversit\u00e9 dans un contexte national.<\/span><\/p>\n<\/div>\n<\/div>\n<\/div>\n<\/div>\n<\/div>\n<\/div>\n<div class=\"flex flex-grow flex-col max-w-full\">\n<div class=\"min-h-[20px] text-message flex flex-col items-start gap-3 whitespace-pre-wrap break-words [.text-message+&amp;]:mt-5 overflow-x-auto\" data-message-author-role=\"assistant\" data-message-id=\"4b8b16d1-28e0-4415-a0d7-94c7f5ba39ac\">\n<div class=\"markdown prose w-full break-words dark:prose-invert light\">\n<h2><span class=\"font-377884\">Allemagne<\/span><\/h2>\n<p><span class=\"font-377884\">Le f\u00e9d\u00e9ralisme en Allemagne est un \u00e9l\u00e9ment fondamental de l&rsquo;organisation politique du pays, caract\u00e9ris\u00e9 par la division des pouvoirs entre le gouvernement f\u00e9d\u00e9ral et les 16 \u00c9tats f\u00e9d\u00e9r\u00e9s, appel\u00e9s \u00ab\u00a0L\u00e4nder\u00a0\u00bb, chacun ayant sa propre constitution, gouvernement, parlement et syst\u00e8me judiciaire.<\/span><\/p>\n<p><span class=\"font-377884\">Les \u00c9tats f\u00e9d\u00e9r\u00e9s b\u00e9n\u00e9ficient d&rsquo;une large autonomie dans leurs affaires internes, telles que l&rsquo;\u00e9ducation, la police, l&rsquo;administration locale, la justice, la culture et l&rsquo;environnement. Le gouvernement f\u00e9d\u00e9ral, bas\u00e9 \u00e0 Berlin, a comp\u00e9tence sur les questions d&rsquo;int\u00e9r\u00eat national et supranational, telles que la politique \u00e9trang\u00e8re, la d\u00e9fense nationale, la politique \u00e9conomique et mon\u00e9taire, les relations internationales, la l\u00e9gislation nationale et les relations avec les organisations internationales. La coop\u00e9ration entre le gouvernement f\u00e9d\u00e9ral et les \u00c9tats f\u00e9d\u00e9r\u00e9s est essentielle, et la \u00ab\u00a0Conf\u00e9rence des Ministres-Pr\u00e9sidents\u00a0\u00bb est un organe important o\u00f9 les chefs de gouvernement des \u00c9tats collaborent sur les questions de politique nationale et internationale. Le principe de subsidiarit\u00e9 souligne que les d\u00e9cisions devraient \u00eatre prises au niveau le plus bas possible, et la Cour constitutionnelle f\u00e9d\u00e9rale allemande joue un r\u00f4le cl\u00e9 dans l&rsquo;assurance de l&rsquo;\u00e9quilibre des pouvoirs entre le gouvernement f\u00e9d\u00e9ral et les \u00c9tats f\u00e9d\u00e9r\u00e9s, r\u00e9solvant les litiges constitutionnels et garantissant le respect des droits des \u00c9tats f\u00e9d\u00e9r\u00e9s. Le f\u00e9d\u00e9ralisme allemand favorise la participation politique et la stabilit\u00e9, s&rsquo;adaptant aux besoins et aux d\u00e9fis du pays.<\/span><\/p>\n<h2><span class=\"font-377884\">Autriche<\/span><\/h2>\n<p><span class=\"font-377884\">L&rsquo;Autriche est une r\u00e9publique f\u00e9d\u00e9rale compos\u00e9e de 9 \u00c9tats f\u00e9d\u00e9r\u00e9s appel\u00e9s \u00ab\u00a0<em>L\u00e4nder<\/em>\u00ab\u00a0. Le f\u00e9d\u00e9ralisme autrichien constitue le fondement de l&rsquo;organisation politique du pays et pr\u00e9voit une division claire du pouvoir entre le gouvernement f\u00e9d\u00e9ral et les \u00c9tats.<\/span><\/p>\n<p><span class=\"font-377884\">Le gouvernement f\u00e9d\u00e9ral, bas\u00e9 \u00e0 Vienne, a comp\u00e9tence sur les questions d&rsquo;int\u00e9r\u00eat national et supranational, notamment la politique \u00e9trang\u00e8re, la d\u00e9fense nationale, les finances publiques, la politique \u00e9conomique et la r\u00e9glementation nationale. Il est \u00e9galement responsable de la gestion des relations internationales et de la participation de l&rsquo;Autriche aux organisations internationales.<\/span><\/p>\n<p><span class=\"font-377884\">Les \u00c9tats f\u00e9d\u00e9r\u00e9s autrichiens, ou L\u00e4nder, jouissent d&rsquo;une large autonomie et ont le contr\u00f4le sur de nombreuses questions internes telles que l&rsquo;\u00e9ducation, la culture, la sant\u00e9, le bien-\u00eatre social, l&rsquo;am\u00e9nagement du territoire et la protection de l&rsquo;environnement. Chaque Land a sa propre constitution, son gouvernement et son parlement, qui s&rsquo;occupent des affaires internes et de questions sp\u00e9cifiques \u00e0 la r\u00e9gion.<\/span><\/p>\n<p><span class=\"font-377884\">De plus, l&rsquo;Autriche a adopt\u00e9 le principe de subsidiarit\u00e9, selon lequel les d\u00e9cisions devraient \u00eatre prises au niveau le plus bas possible, le plus proche des citoyens concern\u00e9s. Ce principe favorise la participation d\u00e9mocratique au niveau local et r\u00e9gional, garantissant que les d\u00e9cisions sont prises dans le contexte le plus appropri\u00e9.<\/span><\/p>\n<p><span class=\"font-377884\">Le f\u00e9d\u00e9ralisme autrichien se caract\u00e9rise \u00e9galement par son syst\u00e8me de coop\u00e9ration et de coordination entre le gouvernement f\u00e9d\u00e9ral et les \u00c9tats. La Conf\u00e9rence des Gouverneurs, compos\u00e9e des gouverneurs des L\u00e4nder et du Chancelier f\u00e9d\u00e9ral, joue un r\u00f4le important dans la promotion de la collaboration et de la coh\u00e9sion entre les diff\u00e9rents niveaux de gouvernement.<\/span><\/p>\n<p><span class=\"font-377884\">Cependant, il est important de noter que le f\u00e9d\u00e9ralisme autrichien n&rsquo;est pas exempt de d\u00e9fis. Les tensions entre le gouvernement f\u00e9d\u00e9ral et les \u00c9tats, ainsi qu&rsquo;entre les diff\u00e9rents L\u00e4nder eux-m\u00eames, peuvent \u00e9merger sur des questions de comp\u00e9tence et financi\u00e8res. La gestion efficace de ces tensions n\u00e9cessite un dialogue constant et des n\u00e9gociations entre les parties concern\u00e9es.<\/span><\/p>\n<p><span class=\"font-377884\">Le f\u00e9d\u00e9ralisme autrichien repr\u00e9sente un syst\u00e8me de gouvernement d\u00e9centralis\u00e9 qui vise \u00e0 promouvoir la participation d\u00e9mocratique, l&rsquo;autonomie r\u00e9gionale et la coop\u00e9ration entre le gouvernement central et les \u00c9tats f\u00e9d\u00e9r\u00e9s. Son efficacit\u00e9 d\u00e9pend de sa capacit\u00e9 \u00e0 \u00e9quilibrer les int\u00e9r\u00eats et les comp\u00e9tences des diff\u00e9rents niveaux de gouvernement pour garantir le bien-\u00eatre et le d\u00e9veloppement de la nation dans son ensemble.<\/span><\/p>\n<\/div>\n<\/div>\n<\/div>\n<p>&nbsp;<\/p>\n<div class=\"flex flex-grow flex-col max-w-full\">\n<div class=\"min-h-[20px] text-message flex flex-col items-start gap-3 whitespace-pre-wrap break-words [.text-message+&amp;]:mt-5 overflow-x-auto\" data-message-author-role=\"assistant\" data-message-id=\"32a81b66-8650-4b2c-bb8e-fd59450c88e7\">\n<div class=\"markdown prose w-full break-words dark:prose-invert light\">\n<h2><span class=\"font-377884\">Belgique<\/span><\/h2>\n<p><span class=\"font-377884\">La Belgique est une monarchie constitutionnelle f\u00e9d\u00e9rale, caract\u00e9ris\u00e9e par une subdivision complexe du pouvoir entre le gouvernement f\u00e9d\u00e9ral, les r\u00e9gions et les communaut\u00e9s linguistiques. La monarchie belge a \u00e9t\u00e9 institu\u00e9e en 1830, avec un roi ou une reine comme chef d&rsquo;\u00c9tat du pays.<\/span><\/p>\n<p><span class=\"font-377884\">Actuellement, le roi des Belges est Philippe, dont le r\u00f4le est principalement symbolique et c\u00e9r\u00e9moniel. Son autorit\u00e9 est limit\u00e9e par la Constitution et son r\u00f4le principal est de repr\u00e9senter l&rsquo;unit\u00e9 et la continuit\u00e9 de l&rsquo;\u00c9tat, ainsi que de servir de r\u00e9f\u00e9rence pour le peuple belge.<\/span><\/p>\n<p><span class=\"font-377884\">Le f\u00e9d\u00e9ralisme belge repose sur la division du pays en r\u00e9gions et en communaut\u00e9s linguistiques, chacune b\u00e9n\u00e9ficiant d&rsquo;un certain degr\u00e9 d&rsquo;autonomie politique. Les trois r\u00e9gions de la Belgique sont la r\u00e9gion flamande, la r\u00e9gion de Bruxelles-Capitale et la r\u00e9gion wallonne. Les communaut\u00e9s linguistiques comprennent la communaut\u00e9 flamande, la communaut\u00e9 fran\u00e7aise et la communaut\u00e9 germanophone.<\/span><\/p>\n<p><span class=\"font-377884\">Les r\u00e9gions belges ont le contr\u00f4le sur des questions telles que l&rsquo;\u00e9conomie r\u00e9gionale, l&rsquo;environnement, l&rsquo;am\u00e9nagement du territoire et l&rsquo;\u00e9ducation. Les communaut\u00e9s linguistiques, quant \u00e0 elles, g\u00e8rent des questions relatives \u00e0 la culture, \u00e0 l&rsquo;\u00e9ducation et aux institutions culturelles.<\/span><\/p>\n<p><span class=\"font-377884\">Le f\u00e9d\u00e9ralisme belge a \u00e9t\u00e9 cr\u00e9\u00e9 pour r\u00e9pondre aux besoins et aux identit\u00e9s diverses des communaut\u00e9s linguistiques et r\u00e9gionales du pays. Cependant, cette structure complexe a \u00e9galement entra\u00een\u00e9 des d\u00e9fis dans la garantie du bon fonctionnement du gouvernement et dans la gestion des relations internes entre les diff\u00e9rentes entit\u00e9s f\u00e9d\u00e9r\u00e9es.<\/span><\/p>\n<p><span class=\"font-377884\">Le roi des Belges, en tant que figure de l&rsquo;unit\u00e9 nationale, peut jouer un r\u00f4le important pour faciliter la coop\u00e9ration et la coh\u00e9sion entre les diff\u00e9rentes r\u00e9gions et communaut\u00e9s linguistiques du pays. Sa pr\u00e9sence peut contribuer \u00e0 promouvoir le dialogue et la solidarit\u00e9 entre les Belges de diff\u00e9rentes origines linguistiques et culturelles.<\/span><\/p>\n<p><span class=\"font-377884\">La monarchie constitutionnelle belge joue un r\u00f4le symbolique et repr\u00e9sentatif dans le contexte f\u00e9d\u00e9ral de la Belgique. Le f\u00e9d\u00e9ralisme belge, avec ses r\u00e9gions autonomes et ses communaut\u00e9s linguistiques, cherche \u00e0 respecter et \u00e0 prot\u00e9ger la diversit\u00e9 du pays tout en favorisant l&rsquo;unit\u00e9 et la coh\u00e9sion nationale.<\/span><\/p>\n<h2><span class=\"font-377884\">Bosnie-Herz\u00e9govine<\/span><\/h2>\n<p><span class=\"font-377884\">La Bosnie-Herz\u00e9govine est une r\u00e9publique f\u00e9d\u00e9rale situ\u00e9e dans le sud-est de l&rsquo;Europe, dont le syst\u00e8me politique a \u00e9t\u00e9 fa\u00e7onn\u00e9 par les accords de Dayton de 1995, qui ont mis fin \u00e0 la guerre en Bosnie-Herz\u00e9govine. Ces accords ont \u00e9tabli un syst\u00e8me complexe de gouvernement f\u00e9d\u00e9ral, comprenant des entit\u00e9s autonomes et des institutions centrales.<\/span><\/p>\n<p><span class=\"font-377884\">Historiquement, la Bosnie-Herz\u00e9govine pr\u00e9sente un m\u00e9lange complexe de groupes ethniques, principalement des Bosniaques (musulmans bosniaques), des Serbes et des Croates. Apr\u00e8s la guerre des ann\u00e9es 1990, le pays est divis\u00e9 en deux entit\u00e9s principales : la F\u00e9d\u00e9ration de Bosnie-Herz\u00e9govine, \u00e0 majorit\u00e9 bosniaque et croate, et la R\u00e9publique serbe de Bosnie-Herz\u00e9govine (Republika Srpska), \u00e0 majorit\u00e9 serbe. Chaque entit\u00e9 a son propre gouvernement, parlement et syst\u00e8me juridique.<\/span><\/p>\n<p><span class=\"font-377884\">Au niveau f\u00e9d\u00e9ral, la Bosnie-Herz\u00e9govine dispose d&rsquo;institutions centrales, notamment la Pr\u00e9sidence, compos\u00e9e de trois membres repr\u00e9sentant les groupes ethniques constitutifs du pays, et le Parlement, connu sous le nom d&rsquo;Assembl\u00e9e parlementaire. Ces institutions traitent des questions concernant l&rsquo;ensemble du pays, telles que la politique \u00e9trang\u00e8re, la d\u00e9fense et les finances.<\/span><\/p>\n<p><span class=\"font-377884\">La situation politique actuelle de la Bosnie-Herz\u00e9govine est caract\u00e9ris\u00e9e par un r\u00e9seau complexe de relations entre les entit\u00e9s et le gouvernement central. Cependant, le syst\u00e8me politique du pays est souvent paralys\u00e9 par des divisions ethniques, des conflits d&rsquo;int\u00e9r\u00eats et une fragmentation efficace du pouvoir. Cela a rendu difficile pour le gouvernement f\u00e9d\u00e9ral d&rsquo;adopter des d\u00e9cisions significatives et pour les institutions du pays de fonctionner de mani\u00e8re efficace.<\/span><\/p>\n<p><span class=\"font-377884\">Les tensions ethniques et politiques demeurent un d\u00e9fi constant, et l&rsquo;efficacit\u00e9 du syst\u00e8me f\u00e9d\u00e9ral a \u00e9t\u00e9 mise \u00e0 l&rsquo;\u00e9preuve \u00e0 plusieurs reprises. Il y a \u00e9galement eu des discussions sur le renforcement \u00e9ventuel du gouvernement central pour mieux relever les d\u00e9fis du pays, mais de telles propositions rencontrent souvent une r\u00e9sistance de la part des entit\u00e9s et des groupes politiques locaux.<\/span><\/p>\n<p><span class=\"font-377884\">En r\u00e9sum\u00e9, la Bosnie-Herz\u00e9govine continue de relever des d\u00e9fis importants pour maintenir un syst\u00e8me f\u00e9d\u00e9ral fonctionnel qui \u00e9quilibre les besoins des diff\u00e9rentes communaut\u00e9s ethniques et promeut la stabilit\u00e9 politique et sociale dans le pays.<\/span><\/p>\n<\/div>\n<\/div>\n<\/div>\n<p>&nbsp;<\/p>\n<div class=\"flex flex-grow flex-col max-w-full\">\n<div class=\"min-h-[20px] text-message flex flex-col items-start gap-3 whitespace-pre-wrap break-words [.text-message+&amp;]:mt-5 overflow-x-auto\" data-message-author-role=\"assistant\" data-message-id=\"6a61453e-08f1-4c57-9b95-a4557e9bb06f\">\n<div class=\"markdown prose w-full break-words dark:prose-invert light\">\n<div class=\"flex flex-grow flex-col max-w-full\">\n<div class=\"min-h-[20px] text-message flex flex-col items-start gap-3 whitespace-pre-wrap break-words [.text-message+&amp;]:mt-5 overflow-x-auto\" data-message-author-role=\"assistant\" data-message-id=\"412f6346-934c-4426-8548-aef5d5ea8428\">\n<div class=\"markdown prose w-full break-words dark:prose-invert light\"><\/div>\n<\/div>\n<\/div>\n<\/div>\n<\/div>\n<\/div>\n<figure id=\"attachment_231079\" aria-describedby=\"caption-attachment-231079\" style=\"width: 1024px\" class=\"wp-caption aligncenter\"><a href=\"https:\/\/swissfederalism.ch\/wp-content\/uploads\/2024\/02\/Unites-States-Image-by-WalkingRadiance-CC-BY-SA-4.0-via-Wikimedia-Commons.png\"><img decoding=\"async\" class=\"size-full wp-image-231079\" src=\"https:\/\/swissfederalism.ch\/wp-content\/uploads\/2024\/02\/Unites-States-Image-by-WalkingRadiance-CC-BY-SA-4.0-via-Wikimedia-Commons.png\" alt=\"Unites States Image by WalkingRadiance, CC BY-SA 4.0, via Wikimedia Commons\" width=\"1024\" height=\"563\" srcset=\"https:\/\/swissfederalism.ch\/wp-content\/uploads\/2024\/02\/Unites-States-Image-by-WalkingRadiance-CC-BY-SA-4.0-via-Wikimedia-Commons.png 1024w, https:\/\/swissfederalism.ch\/wp-content\/uploads\/2024\/02\/Unites-States-Image-by-WalkingRadiance-CC-BY-SA-4.0-via-Wikimedia-Commons-300x165.png 300w, https:\/\/swissfederalism.ch\/wp-content\/uploads\/2024\/02\/Unites-States-Image-by-WalkingRadiance-CC-BY-SA-4.0-via-Wikimedia-Commons-768x422.png 768w, https:\/\/swissfederalism.ch\/wp-content\/uploads\/2024\/02\/Unites-States-Image-by-WalkingRadiance-CC-BY-SA-4.0-via-Wikimedia-Commons-350x192.png 350w\" sizes=\"(max-width: 1024px) 100vw, 1024px\" \/><\/a><figcaption id=\"caption-attachment-231079\" class=\"wp-caption-text\"><span class=\"font-377884\">United States map Image by WalkingRadiance, CC BY-SA 4.0, via Wikimedia Commons<\/span><\/figcaption><\/figure>\n<div class=\"flex flex-grow flex-col max-w-full\">\n<div class=\"min-h-[20px] text-message flex flex-col items-start gap-3 whitespace-pre-wrap break-words [.text-message+&amp;]:mt-5 overflow-x-auto\" data-message-author-role=\"assistant\" data-message-id=\"52809d8e-511d-4f13-9980-e34f4166b3e0\">\n<div class=\"markdown prose w-full break-words dark:prose-invert light\">\n<h2><span class=\"font-377884\">\u00c9tats-Unis<\/span><\/h2>\n<p><span class=\"font-377884\">Le f\u00e9d\u00e9ralisme aux \u00c9tats-Unis est l&rsquo;un des principes fondamentaux du syst\u00e8me politique du pays. Il repose sur la division des pouvoirs entre le gouvernement f\u00e9d\u00e9ral et les 50 \u00c9tats qui composent l&rsquo;Union. La Constitution des \u00c9tats-Unis d\u00e9finit clairement les comp\u00e9tences r\u00e9serv\u00e9es au gouvernement f\u00e9d\u00e9ral, notamment la d\u00e9fense nationale, l&rsquo;\u00e9mission de la monnaie et la politique \u00e9trang\u00e8re. En revanche, les \u00c9tats ont le contr\u00f4le sur des questions telles que l&rsquo;\u00e9ducation, le droit p\u00e9nal et le mariage.<\/span><\/p>\n<p><span class=\"font-377884\">Un aspect distinctif du f\u00e9d\u00e9ralisme am\u00e9ricain est le concept d&rsquo;\u00ab autonomie souveraine \u00bb. Ce principe accorde aux \u00c9tats une large marge d&rsquo;autonomie gouvernementale, tout en restant soumis \u00e0 la Constitution f\u00e9d\u00e9rale. Cela signifie que les \u00c9tats ont le pouvoir d&rsquo;adopter des lois et des politiques sur une gamme \u00e9tendue de questions qui concernent directement leurs citoyens, comme la l\u00e9gislation en mati\u00e8re d&rsquo;\u00e9ducation, de sant\u00e9, de droit civil et de d\u00e9veloppement \u00e9conomique.<\/span><\/p>\n<p><span class=\"font-377884\">L&rsquo;autonomie des \u00c9tats est consacr\u00e9e par le Dixi\u00e8me Amendement de la Constitution des \u00c9tats-Unis, qui stipule que tous les pouvoirs qui ne sont pas express\u00e9ment d\u00e9l\u00e9gu\u00e9s au gouvernement f\u00e9d\u00e9ral sont r\u00e9serv\u00e9s aux \u00c9tats ou au peuple. Ce principe de souverainet\u00e9 des \u00c9tats a fait l&rsquo;objet de d\u00e9bats et d&rsquo;interpr\u00e9tations tout au long de l&rsquo;histoire des \u00c9tats-Unis, influen\u00e7ant les relations entre le gouvernement f\u00e9d\u00e9ral et les \u00c9tats dans diverses questions politiques, sociales et \u00e9conomiques.<\/span><\/p>\n<p><span class=\"font-377884\">Un exemple tangible de l&rsquo;autonomie souveraine des \u00c9tats est la capacit\u00e9 de chaque \u00c9tat d&rsquo;adopter des lois qui refl\u00e8tent les pr\u00e9f\u00e9rences et les valeurs de ses propres citoyens, m\u00eame si ces lois peuvent varier consid\u00e9rablement d&rsquo;un \u00c9tat \u00e0 l&rsquo;autre. Par exemple, tandis que certains \u00c9tats peuvent l\u00e9galiser la marijuana \u00e0 des fins r\u00e9cr\u00e9atives, d&rsquo;autres peuvent la prohiber totalement.<\/span><\/p>\n<p><span class=\"font-377884\">De plus, le f\u00e9d\u00e9ralisme aux \u00c9tats-Unis se manifeste \u00e9galement \u00e0 travers le syst\u00e8me de contr\u00f4le et d&rsquo;\u00e9quilibre des pouvoirs entre le gouvernement f\u00e9d\u00e9ral et les \u00c9tats, garantissant qu&rsquo;aucun niveau de gouvernement ne devienne excessivement dominant par rapport aux autres. Cet \u00e9quilibre des pouvoirs est fondamental pour la pr\u00e9servation de la d\u00e9mocratie et de la libert\u00e9 individuelle aux \u00c9tats-Unis.<\/span><\/p>\n<h2><span class=\"font-377884\">Canada<\/span><\/h2>\n<p><span class=\"font-377884\">Le f\u00e9d\u00e9ralisme canadien constitue la base du syst\u00e8me politique du pays, qui est une monarchie constitutionnelle f\u00e9d\u00e9rale compos\u00e9e de 10 provinces et de 3 territoires. Ce syst\u00e8me a \u00e9t\u00e9 d\u00e9fini par la Constitution de 1867 et ses modifications ult\u00e9rieures. Le roi du Royaume-Uni, actuellement Charles III, est \u00e9galement le roi du Canada et le chef d&rsquo;\u00c9tat repr\u00e9sentatif du pays. Cependant, les pouvoirs de la monarchie sont principalement symboliques et c\u00e9r\u00e9moniels, tandis que le gouvernement du Canada est g\u00e9r\u00e9 par des repr\u00e9sentants \u00e9lus par les citoyens.<\/span><\/p>\n<p><span class=\"font-377884\">Le gouvernement f\u00e9d\u00e9ral, bas\u00e9 \u00e0 Ottawa, a autorit\u00e9 sur des questions d&rsquo;int\u00e9r\u00eat national et supranational, telles que la d\u00e9fense, la politique \u00e9trang\u00e8re, la r\u00e9gulation \u00e9conomique, la politique mon\u00e9taire et l&rsquo;immigration. Il est \u00e9galement charg\u00e9 de superviser les relations avec les provinces et les territoires.<\/span><\/p>\n<p><span class=\"font-377884\">Les provinces et les territoires b\u00e9n\u00e9ficient d&rsquo;une autonomie consid\u00e9rable dans leurs comp\u00e9tences respectives. Par exemple, ils ont l&rsquo;autorit\u00e9 sur des domaines cruciaux tels que l&rsquo;\u00e9ducation, la sant\u00e9, le droit civil, le d\u00e9veloppement \u00e9conomique et l&rsquo;environnement. Cette structure f\u00e9d\u00e9rale permet une certaine flexibilit\u00e9 dans l&rsquo;adaptation des politiques et des lois aux besoins sp\u00e9cifiques de chaque r\u00e9gion.<\/span><\/p>\n<p><span class=\"font-377884\">Un aspect distinctif du f\u00e9d\u00e9ralisme canadien est le concept d&rsquo;\u00ab asym\u00e9trie \u00bb. Cela signifie que certaines provinces ont plus d&rsquo;autonomie que d&rsquo;autres. Par exemple, le Qu\u00e9bec, avec une forte identit\u00e9 culturelle et linguistique fran\u00e7aise, a acquis plus de pouvoirs en mati\u00e8re de langue et de culture par rapport \u00e0 d&rsquo;autres provinces. Cette asym\u00e9trie refl\u00e8te les d\u00e9fis et les complexit\u00e9s de la gestion de la diversit\u00e9 culturelle et linguistique au Canada.<\/span><\/p>\n<p><span class=\"font-377884\">Le f\u00e9d\u00e9ralisme canadien repose sur une r\u00e9partition claire des pouvoirs entre le gouvernement f\u00e9d\u00e9ral et les provinces\/territoires. Ce syst\u00e8me favorise la participation d\u00e9mocratique, respecte la diversit\u00e9 r\u00e9gionale et culturelle et promeut la stabilit\u00e9 politique et \u00e9conomique du Canada. La monarchie constitutionnelle, bien que symbolique, reste un \u00e9l\u00e9ment important de la structure politique du pays.<\/span><\/p>\n<\/div>\n<\/div>\n<\/div>\n<div class=\"flex flex-grow flex-col max-w-full\">\n<div class=\"min-h-[20px] text-message flex flex-col items-start gap-3 whitespace-pre-wrap break-words [.text-message+&amp;]:mt-5 overflow-x-auto\" data-message-author-role=\"assistant\" data-message-id=\"7f49b496-3952-4081-8352-40bd40c1ca62\">\n<div class=\"markdown prose w-full break-words dark:prose-invert light\">\n<h2><span class=\"font-377884\">Mexique<\/span><\/h2>\n<p><span class=\"font-377884\">Le f\u00e9d\u00e9ralisme mexicain constitue le pilier de l&rsquo;organisation politique du Mexique, une r\u00e9publique f\u00e9d\u00e9rale compos\u00e9e de 31 \u00c9tats et d&rsquo;un district f\u00e9d\u00e9ral, comprenant la capitale, Mexico. Ce syst\u00e8me politique a \u00e9t\u00e9 \u00e9tabli par la Constitution mexicaine de 1917 et pr\u00e9voit une division claire du pouvoir entre le gouvernement f\u00e9d\u00e9ral et les \u00c9tats.<\/span><\/p>\n<p><span class=\"font-377884\">Le gouvernement f\u00e9d\u00e9ral, bas\u00e9 \u00e0 Mexico, a comp\u00e9tence sur des questions d&rsquo;int\u00e9r\u00eat national et supranational, notamment la d\u00e9fense, la politique \u00e9trang\u00e8re, la s\u00e9curit\u00e9 nationale, la politique \u00e9conomique et la gestion des ressources naturelles au niveau national. Il est \u00e9galement charg\u00e9 de r\u00e9glementer des secteurs cl\u00e9s tels que les t\u00e9l\u00e9communications, l&rsquo;\u00e9nergie et les infrastructures.<\/span><\/p>\n<p><span class=\"font-377884\">Les \u00c9tats mexicains, tels que Jalisco, Nuevo Le\u00f3n et Puebla, jouissent d&rsquo;une large autonomie et ont comp\u00e9tence sur une gamme \u00e9tendue de questions internes, notamment l&rsquo;\u00e9ducation, la sant\u00e9, l&rsquo;environnement, la justice et le d\u00e9veloppement des infrastructures. Cette autonomie permet aux \u00c9tats d&rsquo;adopter des politiques et des lois qui refl\u00e8tent les besoins et les pr\u00e9f\u00e9rences de leurs citoyens, en tenant compte des sp\u00e9cificit\u00e9s r\u00e9gionales et culturelles.<\/span><\/p>\n<p><span class=\"font-377884\">Le f\u00e9d\u00e9ralisme mexicain se caract\u00e9rise \u00e9galement par la pr\u00e9sence d&rsquo;un district f\u00e9d\u00e9ral, qui abrite la capitale du pays, Mexico. Ce district poss\u00e8de une organisation administrative sp\u00e9ciale, avec un gouvernement local et une l\u00e9gislation distincte pour g\u00e9rer les questions sp\u00e9cifiques de la capitale.<\/span><\/p>\n<p><span class=\"font-377884\">Cependant, le f\u00e9d\u00e9ralisme mexicain n&rsquo;est pas exempt de d\u00e9fis. La complexit\u00e9 des relations entre le gouvernement f\u00e9d\u00e9ral et les \u00c9tats, ainsi que les diff\u00e9rences socio-\u00e9conomiques et culturelles entre les diff\u00e9rentes r\u00e9gions du pays, peuvent g\u00e9n\u00e9rer des tensions et des difficult\u00e9s dans la coop\u00e9ration et la gestion partag\u00e9e des ressources et des politiques publiques.<\/span><\/p>\n<p><span class=\"font-377884\">En r\u00e9sum\u00e9, le f\u00e9d\u00e9ralisme mexicain repose sur la division des pouvoirs entre le gouvernement f\u00e9d\u00e9ral et les \u00c9tats, dans le but d&rsquo;assurer un gouvernement national efficace et de r\u00e9pondre aux besoins des communaut\u00e9s locales \u00e0 travers le pays. La gestion des relations intergouvernementales reste un d\u00e9fi majeur pour le Mexique dans la poursuite de la coh\u00e9sion et de l&rsquo;\u00e9quit\u00e9 dans son syst\u00e8me politique et institutionnel.<\/span><\/p>\n<h2><span class=\"font-377884\">Saint-Christophe-et-Ni\u00e9v\u00e8s<\/span><\/h2>\n<p><span class=\"font-377884\">Saint-Christophe-et-Ni\u00e9v\u00e8s est un \u00c9tat insulaire situ\u00e9 dans les Cara\u00efbes, compos\u00e9 de deux \u00eeles principales : Saint-Christophe et Ni\u00e9v\u00e8s. Chacune des \u00eeles b\u00e9n\u00e9ficie du statut d&rsquo;\u00c9tat f\u00e9d\u00e9r\u00e9 au sein de la structure politique de Saint-Christophe-et-Ni\u00e9v\u00e8s.<\/span><\/p>\n<p><span class=\"font-377884\">Chaque \u00eele a son propre gouvernement local, compos\u00e9 d&rsquo;une administration autonome charg\u00e9e des questions sp\u00e9cifiques de l&rsquo;\u00eele, telles que l&rsquo;\u00e9ducation, la sant\u00e9, les infrastructures et l&rsquo;administration locale. Ces gouvernements locaux sont responsables de la gestion des affaires quotidiennes de leurs \u00eeles respectives et r\u00e9pondent directement aux besoins et aux pr\u00e9occupations de la population locale.<\/span><\/p>\n<p><span class=\"font-377884\">Cependant, malgr\u00e9 l&rsquo;autonomie des \u00eeles individuelles, Saint-Christophe-et-Ni\u00e9v\u00e8s partage \u00e9galement un gouvernement f\u00e9d\u00e9ral centralis\u00e9 qui traite des questions d&rsquo;int\u00e9r\u00eat national. Ce gouvernement f\u00e9d\u00e9ral g\u00e8re les questions relatives \u00e0 la d\u00e9fense nationale, aux relations \u00e9trang\u00e8res, \u00e0 l&rsquo;\u00e9conomie nationale et \u00e0 d&rsquo;autres questions concernant l&rsquo;ensemble de l&rsquo;\u00c9tat de Saint-Christophe-et-Ni\u00e9v\u00e8s.<\/span><\/p>\n<p><span class=\"font-377884\">La structure f\u00e9d\u00e9rale de Saint-Christophe-et-Ni\u00e9v\u00e8s permet aux deux \u00eeles de conserver un certain degr\u00e9 d&rsquo;autonomie et de gouverner en fonction de leurs besoins et de leurs sp\u00e9cificit\u00e9s locales, tout en collaborant et en coordonnant les politiques et les d\u00e9cisions sur des questions d&rsquo;int\u00e9r\u00eat commun par le biais du gouvernement f\u00e9d\u00e9ral.<\/span><\/p>\n<p><span class=\"font-377884\">Ce mod\u00e8le f\u00e9d\u00e9ral contribue \u00e0 \u00e9quilibrer l&rsquo;autonomie locale avec la n\u00e9cessit\u00e9 d&rsquo;un gouvernement central fort pour relever les d\u00e9fis et poursuivre les objectifs communs de l&rsquo;ensemble de l&rsquo;\u00c9tat de Saint-Christophe-et-Ni\u00e9v\u00e8s. Ainsi, la structure f\u00e9d\u00e9rale contribue \u00e0 garantir une gestion efficace et une repr\u00e9sentation \u00e9quitable pour toutes les communaut\u00e9s de l&rsquo;archipel carib\u00e9en.<\/span><\/p>\n<\/div>\n<\/div>\n<\/div>\n<p>&nbsp;<\/p>\n<figure id=\"attachment_231059\" aria-describedby=\"caption-attachment-231059\" style=\"width: 512px\" class=\"wp-caption aligncenter\"><a href=\"https:\/\/swissfederalism.ch\/wp-content\/uploads\/2024\/02\/Map-of-federal-argentina-Image-by-Bleff-GFDL-via-Wikimedia-Commons.png\"><img decoding=\"async\" class=\"size-full wp-image-231059\" src=\"https:\/\/swissfederalism.ch\/wp-content\/uploads\/2024\/02\/Map-of-federal-argentina-Image-by-Bleff-GFDL-via-Wikimedia-Commons.png\" alt=\"Map of federal argentina Image by Bleff, GFDL, via Wikimedia Commons\" width=\"512\" height=\"847\" srcset=\"https:\/\/swissfederalism.ch\/wp-content\/uploads\/2024\/02\/Map-of-federal-argentina-Image-by-Bleff-GFDL-via-Wikimedia-Commons.png 512w, https:\/\/swissfederalism.ch\/wp-content\/uploads\/2024\/02\/Map-of-federal-argentina-Image-by-Bleff-GFDL-via-Wikimedia-Commons-181x300.png 181w, https:\/\/swissfederalism.ch\/wp-content\/uploads\/2024\/02\/Map-of-federal-argentina-Image-by-Bleff-GFDL-via-Wikimedia-Commons-350x579.png 350w\" sizes=\"(max-width: 512px) 100vw, 512px\" \/><\/a><figcaption id=\"caption-attachment-231059\" class=\"wp-caption-text\"><span class=\"font-377884\">Map of federal argentina Image by Bleff, GFDL, via Wikimedia Commons<\/span><\/figcaption><\/figure>\n<div class=\"flex flex-grow flex-col max-w-full\">\n<div class=\"min-h-[20px] text-message flex flex-col items-start gap-3 whitespace-pre-wrap break-words [.text-message+&amp;]:mt-5 overflow-x-auto\" data-message-author-role=\"assistant\" data-message-id=\"b8aa6566-75fc-472d-a851-86af0c4d0545\">\n<div class=\"markdown prose w-full break-words dark:prose-invert light\">\n<h2><span class=\"font-377884\">Argentine<\/span><\/h2>\n<p><span class=\"font-377884\">L&rsquo;Argentine est une r\u00e9publique f\u00e9d\u00e9rale compos\u00e9e de 23 provinces et de la ville autonome de Buenos Aires. Le f\u00e9d\u00e9ralisme argentin repose sur une division des pouvoirs entre le gouvernement f\u00e9d\u00e9ral et les provinces, avec une certaine autonomie garantie au niveau provincial.<\/span><\/p>\n<p><span class=\"font-377884\">Le gouvernement f\u00e9d\u00e9ral, bas\u00e9 \u00e0 Buenos Aires, a comp\u00e9tence sur les questions de politique \u00e9trang\u00e8re, de d\u00e9fense nationale, de politique \u00e9conomique et de finances publiques. Il g\u00e8re \u00e9galement les relations internationales, la politique mon\u00e9taire et la politique commerciale du pays.<\/span><\/p>\n<p><span class=\"font-377884\">Les provinces argentines, telles que Buenos Aires, C\u00f3rdoba et Santa Fe, jouissent d&rsquo;une grande autonomie et ont comp\u00e9tence sur de nombreuses questions internes. Celles-ci incluent l&rsquo;\u00e9ducation, la sant\u00e9, la justice, l&rsquo;environnement, l&rsquo;urbanisme et le d\u00e9veloppement \u00e9conomique r\u00e9gional. Chaque province a sa propre constitution, son gouvernement et sa l\u00e9gislature, qui s&rsquo;occupent des affaires internes et des questions sp\u00e9cifiques \u00e0 la r\u00e9gion.<\/span><\/p>\n<p><span class=\"font-377884\">Le f\u00e9d\u00e9ralisme argentin a \u00e9t\u00e9 \u00e9tabli pour refl\u00e9ter la vaste diversit\u00e9 g\u00e9ographique, culturelle et \u00e9conomique du pays. Cependant, cette structure f\u00e9d\u00e9rale a \u00e9galement entra\u00een\u00e9 des d\u00e9fis dans la garantie d&rsquo;une coordination et d&rsquo;une coop\u00e9ration efficaces entre le gouvernement central et les provinces, ainsi qu&rsquo;entre les diff\u00e9rentes provinces elles-m\u00eames.<\/span><\/p>\n<p><span class=\"font-377884\">Les tensions entre le gouvernement f\u00e9d\u00e9ral et les provinces peuvent \u00e9merger sur des questions de comp\u00e9tence, de financement et de ressources. La coordination entre le gouvernement central et les provinces est essentielle pour relever les d\u00e9fis socio-\u00e9conomiques et promouvoir un d\u00e9veloppement durable dans tout le pays.<\/span><\/p>\n<p><span class=\"font-377884\">Le f\u00e9d\u00e9ralisme argentin est un \u00e9l\u00e9ment cl\u00e9 de l&rsquo;organisation politique du pays, visant \u00e0 assurer une r\u00e9partition \u00e9quitable du pouvoir et \u00e0 r\u00e9pondre aux besoins sp\u00e9cifiques des diff\u00e9rentes r\u00e9gions. La gestion efficace des relations intergouvernementales reste un d\u00e9fi majeur pour l&rsquo;Argentine dans la poursuite de la coh\u00e9sion nationale et du d\u00e9veloppement harmonieux de l&rsquo;ensemble du pays.<\/span><\/p>\n<h2><span class=\"font-377884\">Br\u00e9sil<\/span><\/h2>\n<p><span class=\"font-377884\">Le f\u00e9d\u00e9ralisme br\u00e9silien repr\u00e9sente le syst\u00e8me politique du Br\u00e9sil, une r\u00e9publique f\u00e9d\u00e9rative compos\u00e9e de 26 \u00c9tats et d&rsquo;un District F\u00e9d\u00e9ral, qui inclut la capitale, Brasilia. La structure f\u00e9d\u00e9rale du Br\u00e9sil a \u00e9t\u00e9 principalement d\u00e9finie par la Constitution de 1988, qui \u00e9tablit les comp\u00e9tences exclusives de la f\u00e9d\u00e9ration, des \u00c9tats et des municipalit\u00e9s.<\/span><\/p>\n<p><span class=\"font-377884\">Le gouvernement f\u00e9d\u00e9ral, bas\u00e9 \u00e0 Brasilia, a autorit\u00e9 sur les questions d&rsquo;int\u00e9r\u00eat national et supranational, telles que la d\u00e9fense, la politique \u00e9trang\u00e8re, l&rsquo;\u00e9conomie nationale et la gestion des ressources naturelles \u00e0 l&rsquo;\u00e9chelle nationale. Il est \u00e9galement charg\u00e9 de r\u00e9glementer des secteurs cl\u00e9s tels que les t\u00e9l\u00e9communications, l&rsquo;\u00e9nergie et les infrastructures.<\/span><\/p>\n<p><span class=\"font-377884\">Les \u00c9tats br\u00e9siliens, \u00e0 leur tour, jouissent d&rsquo;une large autonomie et ont des comp\u00e9tences dans des domaines tels que la sant\u00e9, l&rsquo;\u00e9ducation, la s\u00e9curit\u00e9 publique, l&rsquo;administration locale, la justice et l&rsquo;environnement. Cette autonomie permet aux \u00c9tats d&rsquo;adopter des politiques et des lois conformes \u00e0 leurs besoins r\u00e9gionaux, culturels et \u00e9conomiques sp\u00e9cifiques.<\/span><\/p>\n<p><span class=\"font-377884\">Les municipalit\u00e9s, ou les unit\u00e9s de gouvernement local, g\u00e8rent les services de base tels que l&rsquo;\u00e9ducation primaire, les soins de sant\u00e9 de base, la gestion des routes et l&rsquo;urbanisation. Elles peuvent \u00e9galement b\u00e9n\u00e9ficier d&rsquo;un certain degr\u00e9 d&rsquo;autonomie financi\u00e8re pour assurer le fonctionnement efficace des services publics locaux.<\/span><\/p>\n<p><span class=\"font-377884\">Un \u00e9l\u00e9ment important du f\u00e9d\u00e9ralisme br\u00e9silien est la promotion de l&rsquo;\u00e9quilibre entre les diff\u00e9rentes r\u00e9gions du pays. Cet \u00e9quilibre est souvent recherch\u00e9 \u00e0 travers des politiques de d\u00e9veloppement r\u00e9gional, des transferts financiers entre le gouvernement f\u00e9d\u00e9ral et les \u00c9tats moins d\u00e9velopp\u00e9s, et des programmes d&rsquo;investissement public visant \u00e0 r\u00e9duire les disparit\u00e9s \u00e9conomiques et sociales entre les r\u00e9gions.<\/span><\/p>\n<p><span class=\"font-377884\">Cependant, il convient de noter que le f\u00e9d\u00e9ralisme br\u00e9silien n&rsquo;est pas exempt de d\u00e9fis. Les diff\u00e9rences socio-\u00e9conomiques et culturelles entre les \u00c9tats, ainsi que la structure politique complexe du pays, peuvent cr\u00e9er des tensions et des difficult\u00e9s dans la coop\u00e9ration et la gestion partag\u00e9e des ressources et des politiques publiques.<\/span><\/p>\n<p><span class=\"font-377884\">En r\u00e9sum\u00e9, le f\u00e9d\u00e9ralisme br\u00e9silien repose sur un \u00e9quilibre entre l&rsquo;autorit\u00e9 centrale du gouvernement f\u00e9d\u00e9ral et l&rsquo;autonomie des \u00c9tats et des municipalit\u00e9s, dans le but de promouvoir un d\u00e9veloppement harmonieux et une participation d\u00e9mocratique \u00e0 l&rsquo;\u00e9chelle nationale.<\/span><\/p>\n<\/div>\n<\/div>\n<\/div>\n<h2><span class=\"font-377884\">Venezuela<\/span><\/h2>\n<div class=\"flex flex-grow flex-col max-w-full\">\n<div class=\"min-h-[20px] text-message flex flex-col items-start gap-3 whitespace-pre-wrap break-words [.text-message+&amp;]:mt-5 overflow-x-auto\" data-message-author-role=\"assistant\" data-message-id=\"532e5543-7a13-4812-844f-05dca93a07ad\">\n<div class=\"markdown prose w-full break-words dark:prose-invert light\">\n<div class=\"flex flex-grow flex-col max-w-full\">\n<div class=\"min-h-[20px] text-message flex flex-col items-start gap-3 whitespace-pre-wrap break-words [.text-message+&amp;]:mt-5 overflow-x-auto\" data-message-author-role=\"assistant\" data-message-id=\"6f40d660-4def-47cc-8023-7f7ea1242269\">\n<div class=\"markdown prose w-full break-words dark:prose-invert light\">\n<p><span class=\"font-377884\">Le syst\u00e8me f\u00e9d\u00e9ral du Venezuela refl\u00e8te la r\u00e9partition du pouvoir entre le gouvernement f\u00e9d\u00e9ral, les \u00c9tats, le District Capitale et les D\u00e9pendances F\u00e9d\u00e9rales. Ce syst\u00e8me est con\u00e7u pour garantir un \u00e9quilibre ad\u00e9quat entre le pouvoir central et l&rsquo;autonomie des entit\u00e9s locales.<\/span><\/p>\n<p><span class=\"font-377884\">Le gouvernement f\u00e9d\u00e9ral, bas\u00e9 \u00e0 Caracas, g\u00e8re les questions d&rsquo;importance nationale telles que la politique \u00e9trang\u00e8re, la d\u00e9fense nationale, les relations internationales et les questions \u00e9conomiques d&rsquo;importance nationale. Il a \u00e9galement comp\u00e9tence sur les questions d&rsquo;int\u00e9r\u00eat commun \u00e0 l&rsquo;\u00e9chelle nationale, telles que le commerce inter\u00e9tatique et les infrastructures de transport.<\/span><\/p>\n<p><span class=\"font-377884\">Les \u00c9tats, au nombre de 23 au total, b\u00e9n\u00e9ficient d&rsquo;une certaine autonomie dans la gestion des questions locales. Celles-ci comprennent l&rsquo;\u00e9ducation, la sant\u00e9, la justice, le d\u00e9veloppement \u00e9conomique r\u00e9gional, l&rsquo;urbanisme et la culture. Chaque \u00c9tat a sa propre constitution, son gouvernement et sa l\u00e9gislature, qui s&rsquo;occupent des affaires internes et promeuvent le d\u00e9veloppement de leurs r\u00e9gions respectives.<\/span><\/p>\n<p><span class=\"font-377884\">Le District Capitale, comprenant Caracas, joue un r\u00f4le particulier en tant que si\u00e8ge du gouvernement f\u00e9d\u00e9ral et rev\u00eat une importance particuli\u00e8re en tant que centre politique et \u00e9conomique du pays. Il est soumis \u00e0 une l\u00e9gislation sp\u00e9ciale visant \u00e0 garantir le bon fonctionnement des institutions centrales et \u00e0 r\u00e9pondre aux besoins sp\u00e9cifiques de la capitale.<\/span><\/p>\n<p><span class=\"font-377884\">Les D\u00e9pendances F\u00e9d\u00e9rales sont des zones sp\u00e9ciales du pays b\u00e9n\u00e9ficiant d&rsquo;un statut particulier. Elles peuvent \u00eatre des \u00eeles ou des territoires \u00e9loign\u00e9s pr\u00e9sentant des besoins et des caract\u00e9ristiques uniques n\u00e9cessitant un traitement sp\u00e9cial de la part du gouvernement f\u00e9d\u00e9ral.<\/span><\/p>\n<p><span class=\"font-377884\">Il est important de noter que la nature sp\u00e9cifique du f\u00e9d\u00e9ralisme v\u00e9n\u00e9zu\u00e9lien peut \u00eatre influenc\u00e9e par divers facteurs, notamment l&rsquo;histoire politique du pays, la culture r\u00e9gionale, les dynamiques politiques internes et les besoins des diff\u00e9rentes communaut\u00e9s. Ce mod\u00e8le f\u00e9d\u00e9ral cherche \u00e0 \u00e9quilibrer l&rsquo;autonomie locale avec la n\u00e9cessit\u00e9 d&rsquo;un gouvernement central fort pour garantir la coh\u00e9sion nationale et le bien-\u00eatre de l&rsquo;ensemble de la nation v\u00e9n\u00e9zu\u00e9lienne.<\/span><\/p>\n<\/div>\n<\/div>\n<\/div>\n<\/div>\n<\/div>\n<\/div>\n<div class=\"flex flex-grow flex-col max-w-full\">\n<div class=\"min-h-[20px] text-message flex flex-col items-start gap-3 whitespace-pre-wrap break-words [.text-message+&amp;]:mt-5 overflow-x-auto\" data-message-author-role=\"assistant\" data-message-id=\"70fa4e77-4c17-4c5b-8146-61e200a5b605\">\n<div class=\"markdown prose w-full break-words dark:prose-invert light\"><\/div>\n<\/div>\n<\/div>\n<figure id=\"attachment_231071\" aria-describedby=\"caption-attachment-231071\" style=\"width: 512px\" class=\"wp-caption aligncenter\"><a href=\"https:\/\/swissfederalism.ch\/wp-content\/uploads\/2024\/02\/Map-of-India-Image-by-Rajeshodayanchal-at-Malayalam-Wikipedia-CC-BY-SA-3.0-via-Wikimedia-Commons.png\"><img decoding=\"async\" class=\"size-full wp-image-231071\" src=\"https:\/\/swissfederalism.ch\/wp-content\/uploads\/2024\/02\/Map-of-India-Image-by-Rajeshodayanchal-at-Malayalam-Wikipedia-CC-BY-SA-3.0-via-Wikimedia-Commons.png\" alt=\"Map of India Image by Rajeshodayanchal at Malayalam Wikipedia, CC BY-SA 3.0, via Wikimedia Commons\" width=\"512\" height=\"598\" srcset=\"https:\/\/swissfederalism.ch\/wp-content\/uploads\/2024\/02\/Map-of-India-Image-by-Rajeshodayanchal-at-Malayalam-Wikipedia-CC-BY-SA-3.0-via-Wikimedia-Commons.png 512w, https:\/\/swissfederalism.ch\/wp-content\/uploads\/2024\/02\/Map-of-India-Image-by-Rajeshodayanchal-at-Malayalam-Wikipedia-CC-BY-SA-3.0-via-Wikimedia-Commons-257x300.png 257w, https:\/\/swissfederalism.ch\/wp-content\/uploads\/2024\/02\/Map-of-India-Image-by-Rajeshodayanchal-at-Malayalam-Wikipedia-CC-BY-SA-3.0-via-Wikimedia-Commons-350x409.png 350w\" sizes=\"(max-width: 512px) 100vw, 512px\" \/><\/a><figcaption id=\"caption-attachment-231071\" class=\"wp-caption-text\"><span class=\"font-377884\">Map of India Image by Rajeshodayanchal at Malayalam Wikipedia, CC BY-SA 3.0, via Wikimedia Commons<\/span><\/figcaption><\/figure>\n<h2><span class=\"font-377884\">Indien<\/span><\/h2>\n<div class=\"flex flex-grow flex-col max-w-full\">\n<div class=\"min-h-[20px] text-message flex flex-col items-start gap-3 whitespace-pre-wrap break-words [.text-message+&amp;]:mt-5 overflow-x-auto\" data-message-author-role=\"assistant\" data-message-id=\"7a21e217-6984-4320-8250-bf0ad76812eb\">\n<div class=\"markdown prose w-full break-words dark:prose-invert light\">\n<div class=\"flex flex-grow flex-col max-w-full\">\n<div class=\"min-h-[20px] text-message flex flex-col items-start gap-3 whitespace-pre-wrap break-words [.text-message+&amp;]:mt-5 overflow-x-auto\" data-message-author-role=\"assistant\" data-message-id=\"ef45d3e8-c3c6-4b7f-a855-7d4bcd9704a7\">\n<div class=\"markdown prose w-full break-words dark:prose-invert light\">\n<p><span class=\"font-377884\">Le f\u00e9d\u00e9ralisme indien constitue le fondement de l&rsquo;organisation politique de l&rsquo;Inde, une r\u00e9publique f\u00e9d\u00e9rale compos\u00e9e de 28 \u00c9tats et de 8 territoires de l&rsquo;Union. Ce syst\u00e8me politique a \u00e9t\u00e9 d\u00e9fini par la Constitution indienne de 1950, qui \u00e9tablit les comp\u00e9tences l\u00e9gislatives et administratives tant du gouvernement central que des gouvernements des \u00c9tats.<\/span><\/p>\n<p><span class=\"font-377884\">Le gouvernement f\u00e9d\u00e9ral, bas\u00e9 \u00e0 New Delhi, d\u00e9tient l&rsquo;autorit\u00e9 sur des questions d&rsquo;int\u00e9r\u00eat national et supranational, telles que la d\u00e9fense nationale, la politique \u00e9trang\u00e8re, la s\u00e9curit\u00e9 int\u00e9rieure, l&rsquo;\u00e9conomie nationale et la gestion des ressources naturelles au niveau national.<\/span><\/p>\n<p><span class=\"font-377884\">Les \u00c9tats indiens, tels que le Maharashtra, l&rsquo;Uttar Pradesh et le Tamil Nadu, jouissent d&rsquo;une autonomie sur un large \u00e9ventail de questions internes, notamment l&rsquo;\u00e9ducation, la sant\u00e9, l&rsquo;agriculture, la justice et l&rsquo;urbanisme. Cette autonomie permet aux \u00c9tats d&rsquo;adopter des politiques et des lois qui refl\u00e8tent les besoins et les pr\u00e9f\u00e9rences de leurs citoyens, en tenant compte de la diversit\u00e9 culturelle, linguistique et religieuse pr\u00e9sente dans toute l&rsquo;Inde.<\/span><\/p>\n<p><span class=\"font-377884\">Le f\u00e9d\u00e9ralisme indien se caract\u00e9rise par un haut degr\u00e9 de diversit\u00e9 culturelle, linguistique et religieuse entre les \u00c9tats et les territoires de l&rsquo;Union. Cette diversit\u00e9 est l&rsquo;une des caract\u00e9ristiques distinctives de l&rsquo;Inde et rend cruciale le principe d&rsquo;autonomie \u00e9tatique et la r\u00e9solution pacifique des conflits. Le gouvernement indien a adopt\u00e9 plusieurs politiques visant \u00e0 promouvoir l&rsquo;harmonie entre les diff\u00e9rentes communaut\u00e9s et \u00e0 garantir le respect des droits des minorit\u00e9s.<\/span><\/p>\n<p><span class=\"font-377884\">De plus, l&rsquo;Inde a fait face et continue de faire face \u00e0 des d\u00e9fis li\u00e9s \u00e0 la gestion des tensions entre le gouvernement central et les \u00c9tats, ainsi qu&rsquo;entre les \u00c9tats eux-m\u00eames. La coop\u00e9ration et la coordination entre le gouvernement central et les \u00c9tats sont essentielles au bon fonctionnement du f\u00e9d\u00e9ralisme indien et \u00e0 la r\u00e9solution des d\u00e9fis socio-\u00e9conomiques auxquels le pays est confront\u00e9.<\/span><\/p>\n<p><span class=\"font-377884\">En conclusion, le f\u00e9d\u00e9ralisme indien est un syst\u00e8me politique complexe qui cherche \u00e0 \u00e9quilibrer l&rsquo;autorit\u00e9 entre le gouvernement central et les \u00c9tats, en tenant compte de la riche diversit\u00e9 culturelle et sociale du pays. Son efficacit\u00e9 d\u00e9pend de la capacit\u00e9 des institutions d\u00e9mocratiques \u00e0 collaborer et \u00e0 r\u00e9pondre aux besoins et aux attentes des citoyens indiens \u00e0 travers le pays.<\/span><\/p>\n<\/div>\n<\/div>\n<\/div>\n<h2><span class=\"font-377884\">N\u00e9pal<\/span><\/h2>\n<div class=\"flex flex-grow flex-col max-w-full\">\n<div class=\"min-h-[20px] text-message flex flex-col items-start gap-3 whitespace-pre-wrap break-words [.text-message+&amp;]:mt-5 overflow-x-auto\" data-message-author-role=\"assistant\" data-message-id=\"c7068e5f-fee7-4e2a-98af-1648069822d8\">\n<div class=\"markdown prose w-full break-words dark:prose-invert light\">\n<div class=\"flex flex-grow flex-col max-w-full\">\n<div class=\"min-h-[20px] text-message flex flex-col items-start gap-3 whitespace-pre-wrap break-words [.text-message+&amp;]:mt-5 overflow-x-auto\" data-message-author-role=\"assistant\" data-message-id=\"991d5df5-6425-4223-9b1f-e3e70d27e833\">\n<div class=\"markdown prose w-full break-words dark:prose-invert light\">\n<p><span class=\"font-377884\">Le N\u00e9pal est devenu un \u00c9tat f\u00e9d\u00e9ral en 2015, lorsque la nouvelle constitution a \u00e9t\u00e9 adopt\u00e9e, transformant ainsi le pays d&rsquo;une monarchie absolue en une r\u00e9publique f\u00e9d\u00e9rale. Ce changement a \u00e9t\u00e9 le r\u00e9sultat de nombreuses ann\u00e9es de luttes politiques et de mouvements en faveur de la d\u00e9mocratisation du pays.<\/span><\/p>\n<p><span class=\"font-377884\">L&rsquo;histoire du f\u00e9d\u00e9ralisme au N\u00e9pal a \u00e9t\u00e9 marqu\u00e9e par des conflits ethniques, sociaux et politiques. Avant la transformation en un \u00c9tat f\u00e9d\u00e9ral, le N\u00e9pal \u00e9tait une monarchie absolue dirig\u00e9e par la dynastie Shah, puis par la dynastie Rana. Ce syst\u00e8me centralis\u00e9 a engendr\u00e9 des in\u00e9galit\u00e9s \u00e9conomiques et sociales importantes ainsi que des tensions entre les groupes ethniques et les r\u00e9gions du pays.<\/span><\/p>\n<p><span class=\"font-377884\">En 2006, une r\u00e9volte populaire men\u00e9e par les partis politiques et les mouvements civils a conduit \u00e0 la fin de la monarchie et au d\u00e9but d&rsquo;une transition vers une d\u00e9mocratie plus inclusive et repr\u00e9sentative. Pendant cette p\u00e9riode de transition, la demande d&rsquo;une plus grande autonomie pour les diff\u00e9rentes r\u00e9gions ethniques et culturelles du N\u00e9pal s&rsquo;est manifest\u00e9e.<\/span><\/p>\n<p><span class=\"font-377884\">La nouvelle constitution de 2015 a \u00e9tabli le N\u00e9pal comme une r\u00e9publique f\u00e9d\u00e9rale divis\u00e9e en sept provinces, chacune ayant son propre gouvernement et son assembl\u00e9e l\u00e9gislative. Ce syst\u00e8me f\u00e9d\u00e9ral visait \u00e0 garantir une participation et une repr\u00e9sentation accrues pour les communaut\u00e9s locales et \u00e0 promouvoir un d\u00e9veloppement \u00e9quilibr\u00e9 dans tout le pays.<\/span><\/p>\n<p><span class=\"font-377884\">Cependant, la mise en \u0153uvre du f\u00e9d\u00e9ralisme au N\u00e9pal a rencontr\u00e9 plusieurs obstacles, notamment le manque de ressources financi\u00e8res et humaines au niveau provincial, la faible capacit\u00e9 institutionnelle et les tensions politiques entre le gouvernement central et les provinces.<\/span><\/p>\n<p><span class=\"font-377884\">La situation actuelle du f\u00e9d\u00e9ralisme au N\u00e9pal est caract\u00e9ris\u00e9e par des d\u00e9fis et des opportunit\u00e9s. Alors que le pays poursuit son chemin vers une gouvernance f\u00e9d\u00e9rale efficace et inclusive, des efforts sont n\u00e9cessaires pour aborder les disparit\u00e9s \u00e9conomiques et sociales entre les r\u00e9gions, am\u00e9liorer la capacit\u00e9 institutionnelle au niveau provincial et promouvoir la coop\u00e9ration et la collaboration entre le gouvernement central et les provinces afin de garantir un d\u00e9veloppement durable et une harmonie sociale.<\/span><\/p>\n<\/div>\n<\/div>\n<\/div>\n<\/div>\n<\/div>\n<\/div>\n<div class=\"mt-1 flex justify-start gap-3 empty:hidden\">\n<div class=\"text-gray-400 flex self-end lg:self-center justify-center lg:justify-start mt-0 -ml-1 h-7 visible\">\n<h2><span class=\"font-377884\">Russie<\/span><\/h2>\n<div class=\"flex flex-grow flex-col max-w-full\">\n<div class=\"min-h-[20px] text-message flex flex-col items-start gap-3 whitespace-pre-wrap break-words [.text-message+&amp;]:mt-5 overflow-x-auto\" data-message-author-role=\"assistant\" data-message-id=\"bd6c9cf6-cac0-41f8-ab5c-3195a6409190\">\n<div class=\"result-streaming markdown prose w-full break-words dark:prose-invert light\">\n<p><span class=\"font-377884\">La F\u00e9d\u00e9ration de Russie est le plus grand pays du monde, compos\u00e9 de 85 sujets f\u00e9d\u00e9raux, comprenant des r\u00e9publiques, des territoires, des oblasts et des villes f\u00e9d\u00e9rales. Dans chacun de ces sujets f\u00e9d\u00e9raux, le f\u00e9d\u00e9ralisme repr\u00e9sente un m\u00e9canisme de gestion de la diversit\u00e9 r\u00e9gionale et culturelle au sein du pays, mais le gouvernement f\u00e9d\u00e9ral, bas\u00e9 \u00e0 Moscou, s&rsquo;occupe des questions nationales telles que la politique \u00e9trang\u00e8re, la d\u00e9fense et les questions \u00e9conomiques.<\/span><\/p>\n<p><span class=\"font-377884\">Cependant, le f\u00e9d\u00e9ralisme russe a fait l&rsquo;objet de critiques, notamment en ce qui concerne le contr\u00f4le central et la faible autonomie des r\u00e9gions, notamment la nomination des gouverneurs (auparavant, le pr\u00e9sident russe avait le pouvoir de nommer les gouverneurs des r\u00e9gions, ce qui limitait l&rsquo;autonomie politique des r\u00e9gions et pouvait influencer n\u00e9gativement la repr\u00e9sentation d\u00e9mocratique locale), les disparit\u00e9s \u00e9conomiques (certaines r\u00e9gions de Russie, comme Moscou et Saint-P\u00e9tersbourg, b\u00e9n\u00e9ficient d&rsquo;une prosp\u00e9rit\u00e9 \u00e9conomique plus grande que d&rsquo;autres r\u00e9gions moins d\u00e9velopp\u00e9es, alimentant ainsi les tensions et rendant plus difficile pour certaines r\u00e9gions de g\u00e9rer efficacement leurs ressources), l&rsquo;intervention du gouvernement central (\u00e0 plusieurs reprises, le gouvernement central russe est intervenu dans les affaires internes des r\u00e9gions, limitant ainsi leur autonomie politique et d\u00e9cisionnelle).<\/span><\/p>\n<\/div>\n<\/div>\n<\/div>\n<\/div>\n<\/div>\n<div class=\"flex\">\n<div class=\"flex flex-grow flex-col max-w-full\">\n<div class=\"min-h-[20px] text-message flex flex-col items-start gap-3 whitespace-pre-wrap break-words [.text-message+&amp;]:mt-5 overflow-x-auto\" data-message-author-role=\"assistant\" data-message-id=\"f2115ded-1530-4e62-ada1-69a76fe5a831\">\n<div class=\"markdown prose w-full break-words dark:prose-invert light\">\n<h2><span class=\"font-377884\">Malaisie<\/span><\/h2>\n<div class=\"flex flex-grow flex-col max-w-full\">\n<div class=\"min-h-[20px] text-message flex flex-col items-start gap-3 whitespace-pre-wrap break-words [.text-message+&amp;]:mt-5 overflow-x-auto\" data-message-author-role=\"assistant\" data-message-id=\"f2115ded-1530-4e62-ada1-69a76fe5a831\">\n<div class=\"markdown prose w-full break-words dark:prose-invert light\">\n<p><span class=\"font-377884\">La Malaisie est une monarchie constitutionnelle f\u00e9d\u00e9rale compos\u00e9e de 13 \u00c9tats et 3 territoires f\u00e9d\u00e9raux. Le chef de l&rsquo;\u00c9tat est le roi, connu sous le nom de Yang di-Pertuan Agong, s\u00e9lectionn\u00e9 parmi les neuf sultans des \u00c9tats malais tous les cinq ans. Actuellement, le souverain r\u00e9gnant est le sultan Ibrahim Iskandar de Johor, qui est entr\u00e9 en fonction le 31 janvier 2024. Le r\u00f4le de la monarchie est principalement c\u00e9r\u00e9monial et repr\u00e9sentatif, servant de symbole de l&rsquo;unit\u00e9 nationale et de la continuit\u00e9 historique. Le monarque a \u00e9galement pour t\u00e2che de servir de gardien de la constitution, avec des pouvoirs limit\u00e9s d\u00e9finis par la loi fondamentale du pays.<\/span><\/p>\n<p><span class=\"font-377884\">La Malaisie est divis\u00e9e en \u00c9tats et territoires f\u00e9d\u00e9raux, chacun ayant une certaine autonomie dans la gestion de ses propres affaires internes. Les \u00c9tats ont le contr\u00f4le sur des domaines tels que l&rsquo;\u00e9ducation, la sant\u00e9 et la culture, tandis que le gouvernement f\u00e9d\u00e9ral g\u00e8re des questions nationales telles que la d\u00e9fense, la politique \u00e9trang\u00e8re et l&rsquo;\u00e9conomie. Cet \u00e9quilibre entre autonomie r\u00e9gionale et contr\u00f4le central est consacr\u00e9 par la constitution malaisienne, favorisant la diversit\u00e9 culturelle et la participation d\u00e9mocratique au niveau r\u00e9gional.<\/span><\/p>\n<p><span class=\"font-377884\">Le monarque a des pouvoirs constitutionnels cl\u00e9s, tels que la nomination du Premier ministre et la dissolution du Parlement sur recommandation du Premier ministre. Le gouvernement f\u00e9d\u00e9ral, dirig\u00e9 par le Premier ministre, g\u00e8re des questions nationales telles que la politique \u00e9trang\u00e8re, la d\u00e9fense et l&rsquo;\u00e9conomie. Les \u00c9tats et les territoires f\u00e9d\u00e9raux collaborent pour assurer le bon fonctionnement du pays, les territoires f\u00e9d\u00e9raux \u00e9tant directement administr\u00e9s par le gouvernement central.<\/span><\/p>\n<p><span class=\"font-377884\">En r\u00e9sum\u00e9, la monarchie constitutionnelle malaisienne coexiste avec un syst\u00e8me f\u00e9d\u00e9ral de gouvernement, o\u00f9 les \u00c9tats b\u00e9n\u00e9ficient d&rsquo;un certain degr\u00e9 d&rsquo;autonomie au sein d&rsquo;une structure nationale plus vaste. Ce mod\u00e8le de gouvernance refl\u00e8te la complexit\u00e9 et la diversit\u00e9 de la soci\u00e9t\u00e9 malaisienne, garantissant en m\u00eame temps la stabilit\u00e9 politique et la coh\u00e9sion nationale.<\/span><\/p>\n<\/div>\n<\/div>\n<\/div>\n<\/div>\n<\/div>\n<\/div>\n<h2><span class=\"font-377884\">Pakistan<\/span><\/h2>\n<div class=\"flex flex-grow flex-col max-w-full\">\n<div class=\"min-h-[20px] text-message flex flex-col items-start gap-3 whitespace-pre-wrap break-words [.text-message+&amp;]:mt-5 overflow-x-auto\" data-message-author-role=\"assistant\" data-message-id=\"558eb2d0-19b4-4601-908f-4584ff942f09\">\n<div class=\"markdown prose w-full break-words dark:prose-invert light\">\n<div class=\"flex flex-grow flex-col max-w-full\">\n<div class=\"min-h-[20px] text-message flex flex-col items-start gap-3 whitespace-pre-wrap break-words [.text-message+&amp;]:mt-5 overflow-x-auto\" data-message-author-role=\"assistant\" data-message-id=\"3405ae47-f5bc-449b-8ae2-5d6f7b922962\">\n<div class=\"markdown prose w-full break-words dark:prose-invert light\">\n<p><span class=\"font-377884\">Le Pakistan est une r\u00e9publique f\u00e9d\u00e9rale compos\u00e9e de 4 provinces, de 2 territoires f\u00e9d\u00e9raux et de r\u00e9gions tribales administr\u00e9es au niveau f\u00e9d\u00e9ral. Le f\u00e9d\u00e9ralisme pakistanais repose sur une r\u00e9partition du pouvoir entre le gouvernement f\u00e9d\u00e9ral et les provinces, avec une certaine autonomie garantie au niveau provincial.<\/span><\/p>\n<p><span class=\"font-377884\">Le gouvernement f\u00e9d\u00e9ral, bas\u00e9 \u00e0 Islamabad, a comp\u00e9tence sur des questions de politique \u00e9trang\u00e8re, de d\u00e9fense nationale, de s\u00e9curit\u00e9 int\u00e9rieure, de politique \u00e9conomique et de finances publiques. Il g\u00e8re \u00e9galement les relations internationales, la politique mon\u00e9taire et la politique commerciale du pays.<\/span><\/p>\n<p><span class=\"font-377884\">Les provinces pakistanaises, telles que le Pendjab, le Sind, le Khyber Pakhtunkhwa et le Baloutchistan, jouissent d&rsquo;une large autonomie et ont le contr\u00f4le sur de nombreuses questions internes. Celles-ci incluent l&rsquo;\u00e9ducation, la sant\u00e9, la justice, le d\u00e9veloppement \u00e9conomique local, l&rsquo;environnement et l&rsquo;am\u00e9nagement du territoire. Chaque province a sa propre constitution, son gouvernement et son assembl\u00e9e l\u00e9gislative, qui s&rsquo;occupent des affaires internes et des questions sp\u00e9cifiques \u00e0 la r\u00e9gion.<\/span><\/p>\n<p><span class=\"font-377884\">Les territoires f\u00e9d\u00e9raux, comprenant Islamabad, la capitale nationale, et le Territoire f\u00e9d\u00e9ral des zones tribales administr\u00e9es, sont directement administr\u00e9s par le gouvernement f\u00e9d\u00e9ral.<\/span><\/p>\n<p><span class=\"font-377884\">Le f\u00e9d\u00e9ralisme pakistanais a \u00e9t\u00e9 mis en place pour refl\u00e9ter la diversit\u00e9 ethnique, culturelle et linguistique du pays, tout en promouvant l&rsquo;unit\u00e9 nationale. Cependant, comme dans de nombreux autres pays dot\u00e9s d&rsquo;une structure f\u00e9d\u00e9rale complexe, des tensions et des d\u00e9fis peuvent \u00e9merger dans la garantie d&rsquo;une coordination et d&rsquo;une coop\u00e9ration efficaces entre le gouvernement central et les provinces.<\/span><\/p>\n<p><span class=\"font-377884\">La gestion des ressources et la r\u00e9partition \u00e9quitable des fonds sont souvent sources de litiges entre le gouvernement f\u00e9d\u00e9ral et les provinces. Une coordination efficace est essentielle pour relever les d\u00e9fis socio-\u00e9conomiques et garantir un d\u00e9veloppement durable dans tout le pays.<\/span><\/p>\n<p><span class=\"font-377884\">En conclusion, le f\u00e9d\u00e9ralisme pakistanais est un \u00e9l\u00e9ment fondamental de l&rsquo;organisation politique du pays, visant \u00e0 assurer une r\u00e9partition \u00e9quitable du pouvoir et \u00e0 r\u00e9pondre aux besoins sp\u00e9cifiques des diff\u00e9rentes r\u00e9gions. La gestion des relations intergouvernementales reste une priorit\u00e9 pour le Pakistan dans la poursuite de la coh\u00e9sion nationale et du bien-\u00eatre de l&rsquo;ensemble du pays.<\/span><\/p>\n<\/div>\n<\/div>\n<\/div>\n<\/div>\n<\/div>\n<\/div>\n<\/div>\n<\/div>\n<\/div>\n<\/div>\n<div class=\"flex flex-grow flex-col max-w-full\">\n<div class=\"min-h-[20px] text-message flex flex-col items-start gap-3 whitespace-pre-wrap break-words [.text-message+&amp;]:mt-5 overflow-x-auto\" data-message-author-role=\"assistant\" data-message-id=\"f78a08fe-621b-464c-ae58-35746cae016d\">\n<div class=\"markdown prose w-full break-words dark:prose-invert light\">\n<div class=\"flex flex-grow flex-col max-w-full\">\n<div class=\"min-h-[20px] text-message flex flex-col items-start gap-3 whitespace-pre-wrap break-words [.text-message+&amp;]:mt-5 overflow-x-auto\" data-message-author-role=\"assistant\" data-message-id=\"2a8e16f0-5a74-498e-ac1b-a8cef37e5ccb\">\n<div class=\"markdown prose w-full break-words dark:prose-invert light\">\n<div class=\"flex flex-grow flex-col max-w-full\">\n<div class=\"min-h-[20px] text-message flex flex-col items-start gap-3 whitespace-pre-wrap break-words [.text-message+&amp;]:mt-5 overflow-x-auto\" data-message-author-role=\"assistant\" data-message-id=\"2eba92d2-18e9-4ab9-956b-0dfa3418edb2\">\n<div class=\"markdown prose w-full break-words dark:prose-invert light\">\n<h2><span class=\"font-377884\">\u00c9mirats arabes unis (EAU) <\/span><\/h2>\n<div class=\"flex flex-grow flex-col max-w-full\">\n<div class=\"min-h-[20px] text-message flex flex-col items-start gap-3 whitespace-pre-wrap break-words [.text-message+&amp;]:mt-5 overflow-x-auto\" data-message-author-role=\"assistant\" data-message-id=\"3405ae47-f5bc-449b-8ae2-5d6f7b922962\">\n<div class=\"markdown prose w-full break-words dark:prose-invert light\">\n<p><span class=\"font-377884\">Les \u00c9mirats arabes unis (EAU) sont un exemple distinctif de f\u00e9d\u00e9ralisme dans la r\u00e9gion du Golfe persique. La f\u00e9d\u00e9ration des EAU est compos\u00e9e de sept \u00e9mirats : Abu Dhabi, Duba\u00ef, Sharjah, Ajman, Umm Al-Quwain, Fujairah et Ras Al Khaimah. Chaque \u00e9mirat est dirig\u00e9 par un cheikh ou \u00e9mir, qui pr\u00e9side son propre gouvernement local et a comp\u00e9tence sur de nombreuses questions d&rsquo;int\u00e9r\u00eat local, telles que l&rsquo;\u00e9ducation, la sant\u00e9, l&rsquo;urbanisme et la culture.<\/span><\/p>\n<p><span class=\"font-377884\">Cependant, certaines questions d&rsquo;ordre national, telles que la d\u00e9fense, la politique \u00e9trang\u00e8re et les ressources naturelles, rel\u00e8vent de la comp\u00e9tence du gouvernement f\u00e9d\u00e9ral des EAU, bas\u00e9 \u00e0 Abu Dhabi. Le gouvernement f\u00e9d\u00e9ral est responsable de l&rsquo;administration et de la r\u00e9glementation de ces questions au niveau national. De plus, le Conseil supr\u00eame des \u00c9mirats arabes unis, compos\u00e9 des sept souverains des \u00e9mirats, est l&rsquo;organe supr\u00eame du gouvernement f\u00e9d\u00e9ral. Ce conseil \u00e9lit le pr\u00e9sident et le vice-pr\u00e9sident des \u00c9mirats arabes unis et \u00e9tablit les politiques g\u00e9n\u00e9rales du pays.<\/span><\/p>\n<p><span class=\"font-377884\">Le f\u00e9d\u00e9ralisme aux EAU refl\u00e8te un \u00e9quilibre entre l&rsquo;autonomie des \u00e9mirats et l&rsquo;autorit\u00e9 du gouvernement f\u00e9d\u00e9ral. Malgr\u00e9 les diff\u00e9rences entre les \u00e9mirats, les EAU maintiennent une forte coh\u00e9sion nationale et solidarit\u00e9 entre les \u00e9mirats. Cette coh\u00e9sion a \u00e9t\u00e9 fondamentale pour le progr\u00e8s \u00e9conomique, social et politique du pays, contribuant \u00e0 sa stabilit\u00e9 et \u00e0 son d\u00e9veloppement dans le contexte r\u00e9gional et mondial.<\/span><\/p>\n<\/div>\n<\/div>\n<\/div>\n<div class=\"mt-1 flex justify-start gap-3 empty:hidden\">\n<div class=\"text-gray-400 flex self-end lg:self-center justify-center lg:justify-start mt-0 -ml-1 h-7 visible\"><\/div>\n<\/div>\n<div class=\"flex\"><\/div>\n<\/div>\n<\/div>\n<\/div>\n<\/div>\n<\/div>\n<\/div>\n<\/div>\n<\/div>\n<\/div>\n<div class=\"flex flex-grow flex-col max-w-full\">\n<div class=\"min-h-[20px] text-message flex flex-col items-start gap-3 whitespace-pre-wrap break-words [.text-message+&amp;]:mt-5 overflow-x-auto\" data-message-author-role=\"assistant\" data-message-id=\"2952c7e3-9945-4af5-8979-84ccef16660b\">\n<div class=\"markdown prose w-full break-words dark:prose-invert light\">\n<h2><span class=\"font-377884\">Irak<\/span><\/h2>\n<div class=\"flex flex-grow flex-col max-w-full\">\n<div class=\"min-h-[20px] text-message flex flex-col items-start gap-3 whitespace-pre-wrap break-words [.text-message+&amp;]:mt-5 overflow-x-auto\" data-message-author-role=\"assistant\" data-message-id=\"93592cbb-0a5a-4014-b3cf-cf749861cf4d\">\n<div class=\"markdown prose w-full break-words dark:prose-invert light\">\n<div class=\"flex flex-grow flex-col max-w-full\">\n<div class=\"min-h-[20px] text-message flex flex-col items-start gap-3 whitespace-pre-wrap break-words [.text-message+&amp;]:mt-5 overflow-x-auto\" data-message-author-role=\"assistant\" data-message-id=\"8e937677-043d-47df-9fd8-4f4dbb4374b5\">\n<div class=\"markdown prose w-full break-words dark:prose-invert light\">\n<p><span class=\"font-377884\">L&rsquo;Irak est devenu un \u00c9tat f\u00e9d\u00e9ral apr\u00e8s la chute du r\u00e9gime de Saddam Hussein en 2003. La structure f\u00e9d\u00e9rale a \u00e9t\u00e9 principalement introduite pour tenter de g\u00e9rer les divisions ethniques et religieuses \u00e0 l&rsquo;int\u00e9rieur du pays, en accordant aux diff\u00e9rentes r\u00e9gions une plus grande autonomie politique et administrative.<\/span><\/p>\n<p><span class=\"font-377884\">L&rsquo;histoire de l&rsquo;Irak en tant qu&rsquo;\u00c9tat f\u00e9d\u00e9ral a \u00e9t\u00e9 marqu\u00e9e par une s\u00e9rie de d\u00e9fis et de conflits. Les r\u00e9gions du Nord, en particulier le Kurdistan irakien, ont cherch\u00e9 une plus grande autonomie et ind\u00e9pendance, poussant pour le contr\u00f4le de leurs propres affaires internes, y compris la gestion des ressources p\u00e9troli\u00e8res.<\/span><\/p>\n<p><span class=\"font-377884\">En 2005, une nouvelle constitution a \u00e9t\u00e9 adopt\u00e9e en Irak, \u00e9tablissant le cadre juridique du syst\u00e8me f\u00e9d\u00e9ral du pays. La constitution reconna\u00eet l&rsquo;autonomie des r\u00e9gions et des provinces, leur permettant de former des gouvernements locaux et de contr\u00f4ler leurs propres ressources naturelles.<\/span><\/p>\n<p><span class=\"font-377884\">Cependant, malgr\u00e9 le cadre constitutionnel, l&rsquo;Irak f\u00e9d\u00e9ral a \u00e9t\u00e9 confront\u00e9 \u00e0 de nombreux d\u00e9fis. Les tensions politiques et sociales entre les diff\u00e9rentes factions ethniques et religieuses, ainsi que la lutte pour le contr\u00f4le des ressources, ont conduit \u00e0 des conflits et \u00e0 des instabilit\u00e9s dans diff\u00e9rentes parties du pays.<\/span><\/p>\n<p><span class=\"font-377884\">Au Kurdistan irakien, par exemple, il y a eu des tensions continues avec le gouvernement central concernant le contr\u00f4le des ressources p\u00e9troli\u00e8res et la question de l&rsquo;ind\u00e9pendance. Dans le reste du pays, les divisions ethniques et religieuses ont aliment\u00e9 la violence et l&rsquo;instabilit\u00e9, avec des groupes militants et des milices cherchant \u00e0 influencer le contr\u00f4le territorial et politique.<\/span><\/p>\n<p><span class=\"font-377884\">La situation actuelle de l&rsquo;Irak f\u00e9d\u00e9ral est complexe et caract\u00e9ris\u00e9e par des d\u00e9fis continus. Malgr\u00e9 certains progr\u00e8s dans l&rsquo;\u00e9tablissement d&rsquo;institutions d\u00e9mocratiques et dans l&rsquo;affirmation des principes d&rsquo;autonomie r\u00e9gionale, le pays continue de lutter contre les divisions internes, la corruption, le manque de s\u00e9curit\u00e9 et la fragmentation politique. La stabilit\u00e9 et la coh\u00e9sion nationale restent des objectifs difficiles \u00e0 atteindre, et l&rsquo;avenir de l&rsquo;Irak en tant qu&rsquo;\u00c9tat f\u00e9d\u00e9ral demeure incertain.<\/span><\/p>\n<\/div>\n<\/div>\n<\/div>\n<\/div>\n<\/div>\n<\/div>\n<\/div>\n<\/div>\n<\/div>\n<div class=\"flex flex-grow flex-col max-w-full\">\n<div class=\"min-h-[20px] text-message flex flex-col items-start gap-3 whitespace-pre-wrap break-words [.text-message+&amp;]:mt-5 overflow-x-auto\" data-message-author-role=\"assistant\" data-message-id=\"203db5d2-fa65-49a6-a835-9eeaa8e79600\">\n<div class=\"markdown prose w-full break-words dark:prose-invert light\">\n<figure id=\"attachment_231067\" aria-describedby=\"caption-attachment-231067\" style=\"width: 1024px\" class=\"wp-caption aligncenter\"><a href=\"https:\/\/swissfederalism.ch\/wp-content\/uploads\/2024\/02\/Map-of-Ethiopia-Image-by-Jfblanc-CC-BY-SA-4.0-via-Wikimedia-Commons.png\"><img decoding=\"async\" class=\"wp-image-231067 size-full\" src=\"https:\/\/swissfederalism.ch\/wp-content\/uploads\/2024\/02\/Map-of-Ethiopia-Image-by-Jfblanc-CC-BY-SA-4.0-via-Wikimedia-Commons.png\" alt=\"Map of Ethiopia Image by Jfblanc, CC BY-SA 4.0, via Wikimedia Commons\" width=\"1024\" height=\"830\" srcset=\"https:\/\/swissfederalism.ch\/wp-content\/uploads\/2024\/02\/Map-of-Ethiopia-Image-by-Jfblanc-CC-BY-SA-4.0-via-Wikimedia-Commons.png 1024w, https:\/\/swissfederalism.ch\/wp-content\/uploads\/2024\/02\/Map-of-Ethiopia-Image-by-Jfblanc-CC-BY-SA-4.0-via-Wikimedia-Commons-300x243.png 300w, https:\/\/swissfederalism.ch\/wp-content\/uploads\/2024\/02\/Map-of-Ethiopia-Image-by-Jfblanc-CC-BY-SA-4.0-via-Wikimedia-Commons-768x623.png 768w, https:\/\/swissfederalism.ch\/wp-content\/uploads\/2024\/02\/Map-of-Ethiopia-Image-by-Jfblanc-CC-BY-SA-4.0-via-Wikimedia-Commons-350x284.png 350w\" sizes=\"(max-width: 1024px) 100vw, 1024px\" \/><\/a><figcaption id=\"caption-attachment-231067\" class=\"wp-caption-text\"><span class=\"font-377884\">Map of Ethiopia Image by Jfblanc, CC BY-SA 4.0, via Wikimedia Commons<\/span><\/figcaption><\/figure>\n<h2><span class=\"font-377884\">\u00c9thiopie <\/span><\/h2>\n<div class=\"flex flex-grow flex-col max-w-full\">\n<div class=\"min-h-[20px] text-message flex flex-col items-start gap-3 whitespace-pre-wrap break-words [.text-message+&amp;]:mt-5 overflow-x-auto\" data-message-author-role=\"assistant\" data-message-id=\"0f29f05c-d447-4f00-bd76-f12a9ddb021a\">\n<div class=\"markdown prose w-full break-words dark:prose-invert light\">\n<div class=\"flex flex-grow flex-col max-w-full\">\n<div class=\"min-h-[20px] text-message flex flex-col items-start gap-3 whitespace-pre-wrap break-words [.text-message+&amp;]:mt-5 overflow-x-auto\" data-message-author-role=\"assistant\" data-message-id=\"1903e435-86e1-4503-a3dd-33178380e07a\">\n<div class=\"markdown prose w-full break-words dark:prose-invert light\">\n<p><span class=\"font-377884\">L&rsquo;\u00c9thiopie est une R\u00e9publique Parlementaire \u00e0 caract\u00e8re F\u00e9d\u00e9ral, compos\u00e9e de onze \u00c9tats r\u00e9gionaux (Kililoch) et de deux municipalit\u00e9s ind\u00e9pendantes (Addis-Abeba et Dire Dawa). Le f\u00e9d\u00e9ralisme \u00e9thiopien a \u00e9merg\u00e9 apr\u00e8s la chute du r\u00e9gime de Menghistu et la s\u00e9paration de l&rsquo;\u00c9rythr\u00e9e de l&rsquo;\u00c9thiopie, survenue apr\u00e8s une guerre civile entre 1991 et 1993.<\/span><\/p>\n<p><span class=\"font-377884\">Le Parlement \u00e9thiopien est bicam\u00e9ral, compos\u00e9 de la Chambre des Repr\u00e9sentants du Peuple, avec 547 si\u00e8ges au suffrage direct, et de la Chambre de la F\u00e9d\u00e9ration, avec 108 repr\u00e9sentants choisis par les assembl\u00e9es r\u00e9gionales. Les \u00e9lections ont lieu tous les cinq ans.<\/span><\/p>\n<p><span class=\"font-377884\">Le Premier Ministre est \u00e9lu par les deux Chambres, avec proposition du Pr\u00e9sident de la R\u00e9publique parmi les membres de la Chambre des Repr\u00e9sentants du Peuple. Le Pr\u00e9sident de la R\u00e9publique, en tant que figure c\u00e9r\u00e9moniale, joue principalement un r\u00f4le de repr\u00e9sentation.<\/span><\/p>\n<p><span class=\"font-377884\">Le f\u00e9d\u00e9ralisme en \u00c9thiopie a \u00e9t\u00e9 mis en place pour g\u00e9rer les tensions ethniques et les demandes d&rsquo;autonomie des diff\u00e9rentes r\u00e9gions du pays. Les \u00e9lections de 2021 ont vu la victoire du Parti de la Prosp\u00e9rit\u00e9, apr\u00e8s trente ans de gouvernement par le Front D\u00e9mocratique R\u00e9volutionnaire du Peuple \u00c9thiopien (EPRDF). Le Premier Ministre Abiy Ahmed Ali, \u00e9lu en 2018, a lanc\u00e9 des r\u00e9formes pour moderniser le pays et pacifier les relations avec l&rsquo;\u00c9rythr\u00e9e.<\/span><\/p>\n<p><span class=\"font-377884\">Le f\u00e9d\u00e9ralisme \u00e9thiopien, avec sa structure r\u00e9gionale et ses \u00e9lections d\u00e9mocratiques, vise \u00e0 promouvoir la coh\u00e9sion nationale et l&rsquo;autonomie r\u00e9gionale, en abordant les d\u00e9fis politiques, \u00e9conomiques et sociaux du pays.<\/span><\/p>\n<\/div>\n<\/div>\n<\/div>\n<\/div>\n<h2 class=\"markdown prose w-full break-words dark:prose-invert light\"><span class=\"font-377884\">Afrique du Sud<\/span><\/h2>\n<div class=\"markdown prose w-full break-words dark:prose-invert light\">\n<div class=\"flex flex-grow flex-col max-w-full\">\n<div class=\"min-h-[20px] text-message flex flex-col items-start gap-3 whitespace-pre-wrap break-words [.text-message+&amp;]:mt-5 overflow-x-auto\" data-message-author-role=\"assistant\" data-message-id=\"8b43a617-047d-412d-977e-0036f57c703d\">\n<div class=\"markdown prose w-full break-words dark:prose-invert light\">\n<div class=\"flex flex-grow flex-col max-w-full\">\n<div class=\"min-h-[20px] text-message flex flex-col items-start gap-3 whitespace-pre-wrap break-words [.text-message+&amp;]:mt-5 overflow-x-auto\" data-message-author-role=\"assistant\" data-message-id=\"3012a5b6-56b5-4416-b56c-714992e02a9f\">\n<div class=\"markdown prose w-full break-words dark:prose-invert light\">\n<p><span class=\"font-377884\">Le syst\u00e8me politique de l&rsquo;Afrique du Sud <strong><em>n&rsquo;est pas formellement f\u00e9d\u00e9ral,<\/em> <\/strong>mais plut\u00f4t une r\u00e9publique avec un syst\u00e8me de gouvernement fortement d\u00e9centralis\u00e9. Apr\u00e8s la fin de l&rsquo;apartheid en 1994, l&rsquo;Afrique du Sud a adopt\u00e9 un syst\u00e8me connu sous le nom de \u00ab\u00a0gouvernement d&rsquo;unit\u00e9 nationale\u00a0\u00bb. Ce syst\u00e8me a \u00e9t\u00e9 con\u00e7u pour assurer la participation d\u00e9mocratique au niveau local et r\u00e9gional, ainsi que la gestion des questions sp\u00e9cifiques des communaut\u00e9s dans le contexte national.<\/span><\/p>\n<p><span class=\"font-377884\">Historiquement, l&rsquo;Afrique du Sud a \u00e9t\u00e9 marqu\u00e9e par de profondes divisions raciales et des syst\u00e8mes de gouvernement bas\u00e9s sur l&rsquo;oppression de la majorit\u00e9 noire par la minorit\u00e9 blanche. Avec la fin de l&rsquo;apartheid, l&rsquo;Afrique du Sud a cherch\u00e9 \u00e0 construire un syst\u00e8me politique refl\u00e9tant la diversit\u00e9 de sa population et \u00e0 promouvoir l&rsquo;\u00e9galit\u00e9 et la justice sociale.<\/span><\/p>\n<p><span class=\"font-377884\">La Constitution sud-africaine de 1996 a \u00e9tabli le cadre du gouvernement d&rsquo;unit\u00e9 nationale. Selon cette Constitution, le pouvoir est partag\u00e9 entre le gouvernement central national et les gouvernements provinciaux et locaux. Les neuf provinces d&rsquo;Afrique du Sud b\u00e9n\u00e9ficient d&rsquo;une certaine autonomie dans l&rsquo;administration de leurs propres affaires, y compris la gestion de services cl\u00e9s tels que l&rsquo;\u00e9ducation, la sant\u00e9 et le d\u00e9veloppement \u00e9conomique.<\/span><\/p>\n<p><span class=\"font-377884\">Cependant, malgr\u00e9 cette structure d\u00e9centralis\u00e9e, l&rsquo;Afrique du Sud continue de faire face \u00e0 des d\u00e9fis significatifs. L&rsquo;in\u00e9galit\u00e9 \u00e9conomique persiste, avec des disparit\u00e9s socio-\u00e9conomiques entre les diff\u00e9rentes communaut\u00e9s. De plus, le pays lutte contre des probl\u00e8mes tels que le ch\u00f4mage, la criminalit\u00e9 et la corruption.<\/span><\/p>\n<p><span class=\"font-377884\">La situation politique actuelle en Afrique du Sud est complexe, avec le Congr\u00e8s National Africain (ANC) dominant la sc\u00e8ne politique depuis 1994, mais faisant face \u00e0 des critiques pour sa gestion du gouvernement et des cas de corruption. Il existe \u00e9galement d&rsquo;autres forces politiques et mouvements civils cherchant \u00e0 influencer le changement et \u00e0 relever les d\u00e9fis du pays.<\/span><\/p>\n<p><span class=\"font-377884\">En r\u00e9sum\u00e9, bien que l&rsquo;Afrique du Sud ne soit pas un \u00c9tat f\u00e9d\u00e9ral au sens traditionnel du terme, sa structure politique refl\u00e8te un engagement envers la d\u00e9centralisation et la participation d\u00e9mocratique au niveau local et r\u00e9gional. Cependant, le pays continue de faire face \u00e0 des d\u00e9fis importants sur la voie d&rsquo;une soci\u00e9t\u00e9 plus juste, \u00e9quitable et prosp\u00e8re pour tous ses citoyens.<\/span><\/p>\n<\/div>\n<\/div>\n<\/div>\n<\/div>\n<\/div>\n<\/div>\n<h2><span class=\"font-377884\">Nigeria<\/span><\/h2>\n<div class=\"flex flex-grow flex-col max-w-full\">\n<div class=\"min-h-[20px] text-message flex flex-col items-start gap-3 whitespace-pre-wrap break-words [.text-message+&amp;]:mt-5 overflow-x-auto\" data-message-author-role=\"assistant\" data-message-id=\"7893467b-2ca7-408c-a57e-c59a9597623e\">\n<div class=\"markdown prose w-full break-words dark:prose-invert light\">\n<div class=\"flex flex-grow flex-col max-w-full\">\n<div class=\"min-h-[20px] text-message flex flex-col items-start gap-3 whitespace-pre-wrap break-words [.text-message+&amp;]:mt-5 overflow-x-auto\" data-message-author-role=\"assistant\" data-message-id=\"fd0a2a4d-bad0-45e6-ae2f-adaa5a2dfae7\">\n<div class=\"markdown prose w-full break-words dark:prose-invert light\">\n<p><span class=\"font-377884\">Le Nigeria est divis\u00e9 en 36 \u00c9tats et un Territoire de la Capitale F\u00e9d\u00e9rale, Abuja. Le f\u00e9d\u00e9ralisme nig\u00e9rian repose sur la Constitution de 1999 et pr\u00e9voit une nette division du pouvoir entre le gouvernement f\u00e9d\u00e9ral et les \u00c9tats. Le gouvernement f\u00e9d\u00e9ral d\u00e9tient l&rsquo;autorit\u00e9 sur des questions cruciales telles que la d\u00e9fense nationale, la politique \u00e9trang\u00e8re et l&rsquo;\u00e9conomie. En revanche, les \u00c9tats ont le contr\u00f4le sur leur l\u00e9gislation locale et sur la gestion des ressources naturelles \u00e0 l&rsquo;int\u00e9rieur de leurs fronti\u00e8res. Cette structure permet une gestion plus adaptable des questions locales et r\u00e9gionales, tout en assurant une supervision et une orientation au niveau f\u00e9d\u00e9ral pour les questions d&rsquo;ordre national.<\/span><\/p>\n<\/div>\n<\/div>\n<\/div>\n<p>&nbsp;<\/p>\n<\/div>\n<\/div>\n<\/div>\n<div class=\"flex flex-grow flex-col max-w-full\">\n<div class=\"min-h-[20px] text-message flex flex-col items-start gap-3 whitespace-pre-wrap break-words [.text-message+&amp;]:mt-5 overflow-x-auto\" data-message-author-role=\"assistant\" data-message-id=\"84c0d201-4d44-4298-8803-a8e48d7c55c2\">\n<div class=\"markdown prose w-full break-words dark:prose-invert light\">\n<div class=\"flex flex-grow flex-col max-w-full\">\n<div class=\"min-h-[20px] text-message flex flex-col items-start gap-3 whitespace-pre-wrap break-words [.text-message+&amp;]:mt-5 overflow-x-auto\" data-message-author-role=\"assistant\" data-message-id=\"7b1b46b5-0246-4e5b-ac3b-42677d68e2c9\">\n<div class=\"markdown prose w-full break-words dark:prose-invert light\">\n<h2><span class=\"font-377884\">Somalie<\/span><\/h2>\n<p><span class=\"font-377884\">Le f\u00e9d\u00e9ralisme somalien, adopt\u00e9 comme mod\u00e8le de gouvernance pour r\u00e9pondre \u00e0 la dynamique politique et sociale complexe du pays, pr\u00e9voit la division du pouvoir entre le gouvernement central et les r\u00e9gions autonomes. Ces r\u00e9gions, dont le Puntland, le Somaliland, le Galmudug et d&rsquo;autres, jouissent d&rsquo;un certain degr\u00e9 d&rsquo;autonomie dans la prise de d\u00e9cision sur des questions locales telles que l&rsquo;\u00e9ducation, la sant\u00e9, le d\u00e9veloppement \u00e9conomique et la s\u00e9curit\u00e9.<\/span><\/p>\n<p><span class=\"font-377884\">Cependant, la Somalie a toujours \u00e9t\u00e9 confront\u00e9e \u00e0 de graves probl\u00e8mes. L&rsquo;instabilit\u00e9 politique, les conflits, l&rsquo;ins\u00e9curit\u00e9 et la pr\u00e9sence de groupes arm\u00e9s tels qu&rsquo;Al-Shabaab compromettent la s\u00e9curit\u00e9 et la stabilit\u00e9 du pays. La lutte contre le terrorisme reste un d\u00e9fi majeur pour le gouvernement central et les autorit\u00e9s r\u00e9gionales.<\/span><\/p>\n<p><span class=\"font-377884\">En outre, la Somalie est l&rsquo;un des pays les plus pauvres du monde, avec de graves probl\u00e8mes de pauvret\u00e9, d&rsquo;in\u00e9galit\u00e9 et de sous-d\u00e9veloppement \u00e9conomique. Le manque de ressources financi\u00e8res et d&rsquo;infrastructures limite la capacit\u00e9 du gouvernement \u00e0 fournir des services essentiels \u00e0 la population et \u00e0 promouvoir le d\u00e9veloppement durable.<\/span><\/p>\n<p><span class=\"font-377884\">Les disparit\u00e9s \u00e9conomiques et sociales entre les diff\u00e9rentes r\u00e9gions et communaut\u00e9s sont importantes et peuvent alimenter les tensions et les conflits internes. Le f\u00e9d\u00e9ralisme somalien cherche \u00e0 rem\u00e9dier \u00e0 ces in\u00e9galit\u00e9s en favorisant la participation politique et la repr\u00e9sentation des diff\u00e9rentes communaut\u00e9s, mais les d\u00e9fis restent consid\u00e9rables.<\/span><\/p>\n<p><span class=\"font-377884\">Le succ\u00e8s du f\u00e9d\u00e9ralisme en Somalie d\u00e9pend de la capacit\u00e9 du gouvernement central et des r\u00e9gions autonomes \u00e0 collaborer efficacement pour relever les d\u00e9fis internes et promouvoir la stabilit\u00e9 politique, la s\u00e9curit\u00e9 et le d\u00e9veloppement \u00e9conomique dans l&rsquo;ensemble du pays. La coh\u00e9sion nationale et le dialogue intercommunautaire sont essentiels \u00e0 la consolidation du f\u00e9d\u00e9ralisme et \u00e0 l&rsquo;instauration d&rsquo;une paix et d&rsquo;une prosp\u00e9rit\u00e9 durables.<\/span><\/p>\n<\/div>\n<\/div>\n<\/div>\n<\/div>\n<\/div>\n<\/div>\n<\/div>\n<\/div>\n<\/div>\n<\/div>\n<\/div>\n<\/div>\n<div class=\"flex flex-grow flex-col max-w-full\">\n<div class=\"min-h-[20px] text-message flex flex-col items-start gap-3 whitespace-pre-wrap break-words [.text-message+&amp;]:mt-5 overflow-x-auto\" data-message-author-role=\"assistant\" data-message-id=\"31401a30-759f-446e-9817-f4848652cc13\">\n<div class=\"markdown prose w-full break-words dark:prose-invert light\">\n<figure id=\"attachment_231075\" aria-describedby=\"caption-attachment-231075\" style=\"width: 512px\" class=\"wp-caption aligncenter\"><a href=\"https:\/\/swissfederalism.ch\/wp-content\/uploads\/2024\/02\/Map-of-Australia-Image-by-Aotearoa-at-pl.wikipedia-CC-BY-SA-3.0-via-Wikimedia-Commons.png\"><img decoding=\"async\" class=\"size-full wp-image-231075\" src=\"https:\/\/swissfederalism.ch\/wp-content\/uploads\/2024\/02\/Map-of-Australia-Image-by-Aotearoa-at-pl.wikipedia-CC-BY-SA-3.0-via-Wikimedia-Commons.png\" alt=\"Map of Australia Image by Aotearoa at pl.wikipedia, CC BY-SA 3.0, via Wikimedia Commons\" width=\"512\" height=\"406\" srcset=\"https:\/\/swissfederalism.ch\/wp-content\/uploads\/2024\/02\/Map-of-Australia-Image-by-Aotearoa-at-pl.wikipedia-CC-BY-SA-3.0-via-Wikimedia-Commons.png 512w, https:\/\/swissfederalism.ch\/wp-content\/uploads\/2024\/02\/Map-of-Australia-Image-by-Aotearoa-at-pl.wikipedia-CC-BY-SA-3.0-via-Wikimedia-Commons-300x238.png 300w, https:\/\/swissfederalism.ch\/wp-content\/uploads\/2024\/02\/Map-of-Australia-Image-by-Aotearoa-at-pl.wikipedia-CC-BY-SA-3.0-via-Wikimedia-Commons-350x278.png 350w\" sizes=\"(max-width: 512px) 100vw, 512px\" \/><\/a><figcaption id=\"caption-attachment-231075\" class=\"wp-caption-text\"><span class=\"font-377884\">Map of Australia Image by Aotearoa at pl.wikipedia, CC BY-SA 3.0, via Wikimedia Commons<\/span><\/figcaption><\/figure>\n<h2><span class=\"font-377884\">Australie<\/span><\/h2>\n<div class=\"flex flex-grow flex-col max-w-full\">\n<div class=\"min-h-[20px] text-message flex flex-col items-start gap-3 whitespace-pre-wrap break-words [.text-message+&amp;]:mt-5 overflow-x-auto\" data-message-author-role=\"assistant\" data-message-id=\"ff20056b-14c4-4e59-87a1-7c1c178307f9\">\n<div class=\"markdown prose w-full break-words dark:prose-invert light\">\n<div class=\"flex flex-grow flex-col max-w-full\">\n<div class=\"min-h-[20px] text-message flex flex-col items-start gap-3 whitespace-pre-wrap break-words [.text-message+&amp;]:mt-5 overflow-x-auto\" data-message-author-role=\"assistant\" data-message-id=\"2d5d1552-33cc-4025-b7d3-a41d176c2280\">\n<div class=\"markdown prose w-full break-words dark:prose-invert light\">\n<p><span class=\"font-377884\">L&rsquo;Australie est une monarchie constitutionnelle f\u00e9d\u00e9rale, compos\u00e9e de six \u00c9tats et de deux territoires. Le f\u00e9d\u00e9ralisme australien, d\u00e9fini par la Constitution de 1901, fournit une structure politique bas\u00e9e sur la division des pouvoirs entre le gouvernement f\u00e9d\u00e9ral et les \u00c9tats, tout en consacrant \u00e9galement le r\u00f4le de la monarchie dans le contexte national.<\/span><\/p>\n<p><span class=\"font-377884\">La monarchie constitutionnelle australienne repose sur la souverainet\u00e9 de la Couronne britannique, avec le monarque du Royaume-Uni qui agit \u00e9galement en tant que chef de l&rsquo;\u00c9tat de l&rsquo;Australie. Actuellement, le roi Charles III est le roi d&rsquo;Australie, tandis que le gouverneur g\u00e9n\u00e9ral agit en tant que son repr\u00e9sentant dans le pays. Cependant, les pouvoirs de la monarchie sont principalement symboliques et c\u00e9r\u00e9moniels, le monarque agissant sur les conseils du gouvernement \u00e9lu.<\/span><\/p>\n<p><span class=\"font-377884\">Le gouvernement f\u00e9d\u00e9ral, bas\u00e9 \u00e0 Canberra, d\u00e9tient l&rsquo;autorit\u00e9 sur des questions d&rsquo;int\u00e9r\u00eat national et supranational, telles que la d\u00e9fense nationale, la politique \u00e9trang\u00e8re, le commerce international et la r\u00e9glementation \u00e9conomique. Les \u00c9tats australiens, tels que la Nouvelle-Galles du Sud, le Victoria et le Queensland, disposent d&rsquo;une autonomie sur un certain nombre de questions internes, telles que l&rsquo;\u00e9ducation, la sant\u00e9, l&rsquo;environnement, la justice et l&rsquo;am\u00e9nagement du territoire.<\/span><\/p>\n<p><span class=\"font-377884\">Cependant, l&rsquo;Australie est confront\u00e9e au probl\u00e8me de l&rsquo;asym\u00e9trie f\u00e9d\u00e9rale, certains \u00c9tats b\u00e9n\u00e9ficiant d&rsquo;une plus grande autonomie que d&rsquo;autres, comme le gouvernement de l&rsquo;\u00c9tat de Victoria par rapport \u00e0 d&rsquo;autres comme le Queensland. Cette asym\u00e9trie peut d\u00e9couler de facteurs historiques, culturels, \u00e9conomiques ou politiques sp\u00e9cifiques \u00e0 chaque \u00c9tat.<\/span><\/p>\n<p><span class=\"font-377884\">Les dynamiques d&rsquo;asym\u00e9trie f\u00e9d\u00e9rale peuvent influencer les relations entre les gouvernements f\u00e9d\u00e9ral et \u00e9tatiques et peuvent cr\u00e9er des d\u00e9fis pour garantir un \u00e9quilibre juste de pouvoir et de ressources entre les \u00c9tats. Cependant, l&rsquo;Australie continue de travailler \u00e0 maintenir un syst\u00e8me f\u00e9d\u00e9ral qui respecte la diversit\u00e9 et promeut une gouvernance efficace et la coop\u00e9ration entre les niveaux de gouvernement.<\/span><\/p>\n<p><span class=\"font-377884\">En r\u00e9sum\u00e9, le f\u00e9d\u00e9ralisme australien repose sur la division des pouvoirs entre le gouvernement f\u00e9d\u00e9ral et les \u00c9tats, avec un contexte de monarchie constitutionnelle fournissant un \u00e9l\u00e9ment de continuit\u00e9 et de repr\u00e9sentation symbolique dans le syst\u00e8me politique du pays. La gestion de l&rsquo;asym\u00e9trie f\u00e9d\u00e9rale reste un d\u00e9fi majeur pour l&rsquo;Australie dans la poursuite de la coh\u00e9sion et de l&rsquo;\u00e9quit\u00e9 dans son syst\u00e8me politique et institutionnel.<\/span><\/p>\n<\/div>\n<\/div>\n<\/div>\n<\/div>\n<\/div>\n<\/div>\n<\/div>\n<\/div>\n<\/div>\n<div class=\"flex flex-grow flex-col max-w-full\">\n<div class=\"min-h-[20px] text-message flex flex-col items-start gap-3 whitespace-pre-wrap break-words [.text-message+&amp;]:mt-5 overflow-x-auto\" data-message-author-role=\"assistant\" data-message-id=\"5fa4054f-c8de-4d91-8787-a3bf550a9138\">\n<div class=\"markdown prose w-full break-words dark:prose-invert light\">\n<h2><span class=\"font-377884\">\u00c9tats f\u00e9d\u00e9r\u00e9s de Micron\u00e9sie (FSM)<\/span><\/h2>\n<div class=\"flex flex-grow flex-col max-w-full\">\n<div class=\"min-h-[20px] text-message flex flex-col items-start gap-3 whitespace-pre-wrap break-words [.text-message+&amp;]:mt-5 overflow-x-auto\" data-message-author-role=\"assistant\" data-message-id=\"31401a30-759f-446e-9817-f4848652cc13\">\n<div class=\"markdown prose w-full break-words dark:prose-invert light\">\n<div class=\"flex flex-grow flex-col max-w-full\">\n<div class=\"min-h-[20px] text-message flex flex-col items-start gap-3 whitespace-pre-wrap break-words [.text-message+&amp;]:mt-5 overflow-x-auto\" data-message-author-role=\"assistant\" data-message-id=\"1194452a-b255-486b-95c1-6527c7d73dbf\">\n<div class=\"markdown prose w-full break-words dark:prose-invert light\">\n<p><span class=\"font-377884\">Les \u00c9tats f\u00e9d\u00e9r\u00e9s de Micron\u00e9sie (FSM) sont une r\u00e9publique f\u00e9d\u00e9rale situ\u00e9e dans l&rsquo;oc\u00e9an Pacifique occidental, compos\u00e9e de quatre \u00c9tats principaux : Yap, Chuuk, Pohnpei et Kosrae. Ces \u00c9tats jouissent d&rsquo;un certain degr\u00e9 d&rsquo;autonomie politique et administrative au sein de la structure f\u00e9d\u00e9rale de l&rsquo;\u00c9tat.<\/span><\/p>\n<p><span class=\"font-377884\">Chaque \u00c9tat a son propre gouvernement local et sa propre constitution, qui g\u00e8rent les questions internes sp\u00e9cifiques \u00e0 l&rsquo;\u00c9tat, telles que l&rsquo;\u00e9ducation, la sant\u00e9, les infrastructures et la planification \u00e9conomique r\u00e9gionale. Les gouvernements des \u00c9tats sont responsables de prendre des d\u00e9cisions sur des questions qui concernent directement la population et les ressources de l&rsquo;\u00c9tat.<\/span><\/p>\n<p><span class=\"font-377884\">Cependant, le gouvernement f\u00e9d\u00e9ral des \u00c9tats f\u00e9d\u00e9r\u00e9s de Micron\u00e9sie, bas\u00e9 \u00e0 Palikir, est responsable des questions d&rsquo;int\u00e9r\u00eat national impliquant l&rsquo;ensemble du pays. Cela inclut la d\u00e9fense nationale, les relations \u00e9trang\u00e8res, l&rsquo;\u00e9conomie nationale, la gestion des ressources naturelles partag\u00e9es et d&rsquo;autres questions impliquant tous les \u00c9tats.<\/span><\/p>\n<p><span class=\"font-377884\">Le gouvernement f\u00e9d\u00e9ral coordonne et supervise \u00e9galement les questions impliquant plusieurs \u00c9tats et facilite la coop\u00e9ration entre les \u00c9tats pour relever les d\u00e9fis communs et poursuivre des objectifs partag\u00e9s.<\/span><\/p>\n<p><span class=\"font-377884\">La structure f\u00e9d\u00e9rale des \u00c9tats f\u00e9d\u00e9r\u00e9s de Micron\u00e9sie est con\u00e7ue pour \u00e9quilibrer l&rsquo;autonomie des \u00c9tats avec la n\u00e9cessit\u00e9 d&rsquo;un gouvernement central fort pour traiter des questions n\u00e9cessitant une vision et une action nationales. Ce mod\u00e8le f\u00e9d\u00e9ral permet aux \u00c9tats de maintenir leur propre identit\u00e9 et de g\u00e9rer leurs propres questions locales, tout en favorisant la collaboration et la coh\u00e9sion entre les \u00c9tats pour le bien commun du pays dans son ensemble.<\/span><\/p>\n<\/div>\n<\/div>\n<\/div>\n<\/div>\n<\/div>\n<\/div>\n<\/div>\n<\/div>\n<\/div>\n<div class=\"flex flex-grow flex-col max-w-full\">\n<div class=\"min-h-[20px] text-message flex flex-col items-start gap-3 whitespace-pre-wrap break-words [.text-message+&amp;]:mt-5 overflow-x-auto\" data-message-author-role=\"assistant\" data-message-id=\"8a5d0e6d-8dd1-426a-a84e-38455c6885fd\">\n<div class=\"markdown prose w-full break-words dark:prose-invert light\">\n<h2><span class=\"font-377884\">La d\u00e9volution et le f\u00e9d\u00e9ralisme <\/span><\/h2>\n<p><span class=\"font-377884\">La d\u00e9volution et le f\u00e9d\u00e9ralisme sont deux concepts qui impliquent tous deux la d\u00e9l\u00e9gation de pouvoirs politiques d&rsquo;une autorit\u00e9 centrale \u00e0 des entit\u00e9s subordonn\u00e9es, mais ils pr\u00e9sentent des diff\u00e9rences significatives :<\/span><\/p>\n<p><span class=\"font-377884\">D\u00e9volution : La d\u00e9volution est un processus par lequel une autorit\u00e9 centrale transf\u00e8re des pouvoirs l\u00e9gislatifs, ex\u00e9cutifs ou administratifs sp\u00e9cifiques \u00e0 un niveau r\u00e9gional ou local au sein d&rsquo;un \u00c9tat unitaire. Cependant, l&rsquo;autorit\u00e9 centrale conserve le contr\u00f4le sur des questions fondamentales telles que les affaires \u00e9trang\u00e8res, la d\u00e9fense nationale et la politique mon\u00e9taire. Des exemples de d\u00e9volution incluent le Royaume-Uni, avec l&rsquo;\u00c9cosse, le Pays de Galles et l&rsquo;Irlande du Nord, et l&rsquo;Espagne, avec les communaut\u00e9s autonomes telles que la Catalogne et le Pays Basque.<\/span><\/p>\n<p><span class=\"font-377884\">F\u00e9d\u00e9ralisme : Le f\u00e9d\u00e9ralisme est un syst\u00e8me de gouvernement dans lequel l&rsquo;autorit\u00e9 politique est partag\u00e9e entre un gouvernement central et des gouvernements r\u00e9gionaux ou des \u00c9tats f\u00e9d\u00e9r\u00e9s, chacun ayant son propre domaine de comp\u00e9tence d\u00e9fini constitutionnellement. Dans un syst\u00e8me f\u00e9d\u00e9ral, les entit\u00e9s r\u00e9gionales ont une certaine autonomie politique et peuvent prendre des d\u00e9cisions ind\u00e9pendantes sur des questions telles que l&rsquo;\u00e9ducation, la sant\u00e9 et la l\u00e9gislation locale. Les exemples incluent les \u00c9tats-Unis, l&rsquo;Allemagne et la Suisse.<\/span><\/p>\n<h3><span class=\"font-377884\">Royaume-Uni<\/span><\/h3>\n<p><span class=\"font-377884\">Le Royaume-Uni, officiellement connu sous le nom de Royaume-Uni de Grande-Bretagne et d&rsquo;Irlande du Nord, est un \u00c9tat insulaire d&rsquo;Europe occidentale dont le territoire est compos\u00e9 de quatre nations constitutives : l&rsquo;Angleterre, l&rsquo;\u00c9cosse, le Pays de Galles et l&rsquo;Irlande du Nord.<\/span><\/p>\n<p><span class=\"font-377884\">La politique britannique est gouvern\u00e9e par un syst\u00e8me parlementaire, avec Londres comme capitale et si\u00e8ge du gouvernement. Le chef de l&rsquo;\u00c9tat est le roi Charles III, qui joue un r\u00f4le principalement symbolique, tandis que le pouvoir l\u00e9gislatif r\u00e9side au Parlement britannique.<\/span><\/p>\n<p><span class=\"font-377884\">Le Royaume-Uni est un \u00c9tat unitaire, non f\u00e9d\u00e9ral caract\u00e9ris\u00e9 par une d\u00e9volution qui a transf\u00e9r\u00e9 certains pouvoirs l\u00e9gislatifs et d\u00e9cisionnels de Westminster \u00e0 des parlements ou assembl\u00e9es r\u00e9gionales en \u00c9cosse, au Pays de Galles et en Irlande du Nord. Ces nations constituantes ont le pouvoir de cr\u00e9er des lois sur des questions telles que l&rsquo;\u00e9ducation, la sant\u00e9, les transports et la justice, tout en restant partie du Royaume-Uni.<\/span><\/p>\n<h3><span class=\"font-377884\">Espagne<\/span><\/h3>\n<p><span class=\"font-377884\">La politique en Espagne est caract\u00e9ris\u00e9e par un syst\u00e8me constitutionnel qui combine des \u00e9l\u00e9ments de d\u00e9mocratie parlementaire, de f\u00e9d\u00e9ralisme autonomiste et de monarchie constitutionnelle. Fond\u00e9 sur la Constitution de 1978, ce syst\u00e8me de gouvernement a marqu\u00e9 la transition du pays de la dictature franquiste \u00e0 une d\u00e9mocratie parlementaire. L&rsquo;Espagne fonctionne avec un syst\u00e8me f\u00e9d\u00e9ral dans lequel les 17 communaut\u00e9s autonomes, ainsi que deux villes autonomes, jouissent d&rsquo;un haut degr\u00e9 d&rsquo;autonomie politique, administrative et financi\u00e8re. Chaque r\u00e9gion a son propre gouvernement et parlement r\u00e9gional avec des comp\u00e9tences l\u00e9gislatives et ex\u00e9cutives, tandis que le gouvernement central \u00e0 Madrid conserve le contr\u00f4le sur les questions d&rsquo;int\u00e9r\u00eat national. L&rsquo;Espagne est une monarchie constitutionnelle, avec un roi comme chef de l&rsquo;\u00c9tat, actuellement Felipe VI, dont le r\u00f4le est principalement symbolique et repr\u00e9sentatif. Le syst\u00e8me politique espagnol est bas\u00e9 sur une d\u00e9mocratie parlementaire, avec un parlement compos\u00e9 de deux chambres \u00e9lues directement par les citoyens. Le gouvernement est dirig\u00e9 par un pr\u00e9sident du gouvernement, ou Premier ministre, nomm\u00e9 par le parlement. Ce syst\u00e8me cherche \u00e0 \u00e9quilibrer l&rsquo;autonomie r\u00e9gionale avec l&rsquo;unit\u00e9 nationale, tout en garantissant le respect des droits d\u00e9mocratiques et des libert\u00e9s fondamentales des citoyens espagnols.<\/span><\/p>\n<\/div>\n<\/div>\n<\/div>\n<p>&nbsp;<\/p>\n<div class=\"flex flex-grow flex-col max-w-full\">\n<div class=\"min-h-[20px] text-message flex flex-col items-start gap-3 whitespace-pre-wrap break-words [.text-message+&amp;]:mt-5 overflow-x-auto\" data-message-author-role=\"assistant\" data-message-id=\"6a61453e-08f1-4c57-9b95-a4557e9bb06f\">\n<div class=\"markdown prose w-full break-words dark:prose-invert light\">\n<div class=\"flex flex-grow flex-col max-w-full\">\n<div class=\"min-h-[20px] text-message flex flex-col items-start gap-3 whitespace-pre-wrap break-words [.text-message+&amp;]:mt-5 overflow-x-auto\" data-message-author-role=\"assistant\" data-message-id=\"412f6346-934c-4426-8548-aef5d5ea8428\">\n<div class=\"markdown prose w-full break-words dark:prose-invert light\">\n<div class=\"flex flex-grow flex-col max-w-full\">\n<div class=\"min-h-[20px] text-message flex flex-col items-start gap-3 whitespace-pre-wrap break-words [.text-message+&amp;]:mt-5 overflow-x-auto\" data-message-author-role=\"assistant\" data-message-id=\"8b43a617-047d-412d-977e-0036f57c703d\">\n<div class=\"markdown prose w-full break-words dark:prose-invert light\">\n<p><a href=\"https:\/\/k16trade.ch\/fr\/seqex-en\/\"><img decoding=\"async\" class=\"aligncenter wp-image-230942 size-large\" src=\"https:\/\/swissfederalism.ch\/wp-content\/uploads\/2024\/02\/BANNER-1024x576.png\" alt=\"BANNER K16\" width=\"840\" height=\"473\" srcset=\"https:\/\/swissfederalism.ch\/wp-content\/uploads\/2024\/02\/BANNER-1024x576.png 1024w, https:\/\/swissfederalism.ch\/wp-content\/uploads\/2024\/02\/BANNER-300x169.png 300w, https:\/\/swissfederalism.ch\/wp-content\/uploads\/2024\/02\/BANNER-768x432.png 768w, https:\/\/swissfederalism.ch\/wp-content\/uploads\/2024\/02\/BANNER-1536x864.png 1536w, https:\/\/swissfederalism.ch\/wp-content\/uploads\/2024\/02\/BANNER-2048x1152.png 2048w, https:\/\/swissfederalism.ch\/wp-content\/uploads\/2024\/02\/BANNER-350x197.png 350w, https:\/\/swissfederalism.ch\/wp-content\/uploads\/2024\/02\/BANNER.png 2560w\" sizes=\"(max-width: 840px) 100vw, 840px\" \/><\/a><\/p>\n<\/div>\n<\/div>\n<\/div>\n<\/div>\n<\/div>\n<\/div>\n<\/div>\n<\/div>\n<\/div>\n","protected":false},"excerpt":{"rendered":"<p>Le f\u00e9d\u00e9ralisme est un syst\u00e8me de gouvernement dans lequel l&rsquo;autorit\u00e9 est r\u00e9partie entre un gouvernement central et diverses entit\u00e9s gouvernementales infranationales, telles que les \u00c9tats, les provinces ou les cantons. Ce mod\u00e8le repose sur le partage du pouvoir et de l&rsquo;autonomie entre les diff\u00e9rentes unit\u00e9s politiques d&rsquo;un pays et fournit un m\u00e9canisme permettant de g\u00e9rer la diversit\u00e9 culturelle, politique et \u00e9conomique au sein d&rsquo;une nation.<\/p>\n","protected":false},"author":9,"featured_media":231065,"comment_status":"open","ping_status":"closed","sticky":false,"template":"","format":"standard","meta":{"footnotes":""},"categories":[2259,2274,2332,315,277,308,209,306,294,1346],"tags":[541,1177,2439,397,412,574,394,434,1478],"class_list":["post-231131","post","type-post","status-publish","format-standard","has-post-thumbnail","hentry","category-afrique","category-amerique","category-asie","category-autonomie","category-europe-fr","category-faits-marquants","category-les-magazines","category-politique","category-suisse","category-curiosites","tag-culture-fr","tag-democratie","tag-diversita-fr","tag-federalisme","tag-la-competition-fiscale","tag-le-federalisme-lhistoire-europeenne","tag-opportunites","tag-politique","tag-traditions"],"_links":{"self":[{"href":"https:\/\/swissfederalism.ch\/fr\/wp-json\/wp\/v2\/posts\/231131","targetHints":{"allow":["GET"]}}],"collection":[{"href":"https:\/\/swissfederalism.ch\/fr\/wp-json\/wp\/v2\/posts"}],"about":[{"href":"https:\/\/swissfederalism.ch\/fr\/wp-json\/wp\/v2\/types\/post"}],"author":[{"embeddable":true,"href":"https:\/\/swissfederalism.ch\/fr\/wp-json\/wp\/v2\/users\/9"}],"replies":[{"embeddable":true,"href":"https:\/\/swissfederalism.ch\/fr\/wp-json\/wp\/v2\/comments?post=231131"}],"version-history":[{"count":2,"href":"https:\/\/swissfederalism.ch\/fr\/wp-json\/wp\/v2\/posts\/231131\/revisions"}],"predecessor-version":[{"id":231133,"href":"https:\/\/swissfederalism.ch\/fr\/wp-json\/wp\/v2\/posts\/231131\/revisions\/231133"}],"wp:featuredmedia":[{"embeddable":true,"href":"https:\/\/swissfederalism.ch\/fr\/wp-json\/wp\/v2\/media\/231065"}],"wp:attachment":[{"href":"https:\/\/swissfederalism.ch\/fr\/wp-json\/wp\/v2\/media?parent=231131"}],"wp:term":[{"taxonomy":"category","embeddable":true,"href":"https:\/\/swissfederalism.ch\/fr\/wp-json\/wp\/v2\/categories?post=231131"},{"taxonomy":"post_tag","embeddable":true,"href":"https:\/\/swissfederalism.ch\/fr\/wp-json\/wp\/v2\/tags?post=231131"}],"curies":[{"name":"wp","href":"https:\/\/api.w.org\/{rel}","templated":true}]}}