{"id":231128,"date":"2024-02-29T20:27:48","date_gmt":"2024-02-29T20:27:48","guid":{"rendered":"https:\/\/swissfederalism.ch\/leap-year\/"},"modified":"2024-02-29T20:57:54","modified_gmt":"2024-02-29T20:57:54","slug":"annee-bissextile","status":"publish","type":"post","link":"https:\/\/swissfederalism.ch\/fr\/annee-bissextile\/","title":{"rendered":"Le charme de l&rsquo;ann\u00e9e bissextile entre mythe et r\u00e9alit\u00e9"},"content":{"rendered":"<div class=\"flex flex-grow flex-col max-w-full\">\n<div class=\"min-h-[20px] text-message flex flex-col items-start gap-3 whitespace-pre-wrap break-words [.text-message+&amp;]:mt-5 overflow-x-auto\" data-message-author-role=\"assistant\" data-message-id=\"daa7f693-ab9a-438b-aa92-71bc5ea80aaa\">\n<div class=\"markdown prose w-full break-words dark:prose-invert light\">\n<h1><span class=\"font-377884\">Le charme de l&rsquo;ann\u00e9e bissextile entre mythe et r\u00e9alit\u00e9<\/span><\/h1>\n<h3><span class=\"font-377884\"><em>Tous les quatre ans, notre calendrier nous r\u00e9serve un jour sp\u00e9cial et unique : le 29 f\u00e9vrier. Cet \u00e9v\u00e9nement est connu sous le nom d&rsquo;ann\u00e9e bissextile, une pratique ancr\u00e9e dans l&rsquo;antiquit\u00e9 qui continue \u00e0 captiver notre curiosit\u00e9 et \u00e0 alimenter les mythes et l\u00e9gendes<\/em><\/span><\/h3>\n<figure id=\"attachment_231115\" aria-describedby=\"caption-attachment-231115\" style=\"width: 400px\" class=\"wp-caption aligncenter\"><a href=\"https:\/\/swissfederalism.ch\/wp-content\/uploads\/2024\/02\/February-29-Image-by-Sanu-N-CC-BY-SA-4.0-via-Wikimedia-Commons.png\"><img decoding=\"async\" class=\"size-full wp-image-231115\" src=\"https:\/\/swissfederalism.ch\/wp-content\/uploads\/2024\/02\/February-29-Image-by-Sanu-N-CC-BY-SA-4.0-via-Wikimedia-Commons.png\" alt=\"February 29 Image by Sanu N, CC BY-SA 4.0, via Wikimedia Commons\" width=\"400\" height=\"299\" srcset=\"https:\/\/swissfederalism.ch\/wp-content\/uploads\/2024\/02\/February-29-Image-by-Sanu-N-CC-BY-SA-4.0-via-Wikimedia-Commons.png 400w, https:\/\/swissfederalism.ch\/wp-content\/uploads\/2024\/02\/February-29-Image-by-Sanu-N-CC-BY-SA-4.0-via-Wikimedia-Commons-300x224.png 300w, https:\/\/swissfederalism.ch\/wp-content\/uploads\/2024\/02\/February-29-Image-by-Sanu-N-CC-BY-SA-4.0-via-Wikimedia-Commons-350x262.png 350w\" sizes=\"(max-width: 400px) 100vw, 400px\" \/><\/a><figcaption id=\"caption-attachment-231115\" class=\"wp-caption-text\"><span class=\"font-377884\">February 29 Image by Sanu N, CC BY-SA 4.0, via Wikimedia Commons<\/span><\/figcaption><\/figure>\n<div class=\"flex flex-grow flex-col max-w-full\">\n<div class=\"min-h-[20px] text-message flex flex-col items-start gap-3 whitespace-pre-wrap break-words [.text-message+&amp;]:mt-5 overflow-x-auto\" data-message-author-role=\"assistant\" data-message-id=\"ead36abe-ebf5-41e8-9a37-9f7419247377\">\n<div class=\"markdown prose w-full break-words dark:prose-invert light\">\n<div class=\"flex flex-grow flex-col max-w-full\">\n<div class=\"min-h-[20px] text-message flex flex-col items-start gap-3 whitespace-pre-wrap break-words [.text-message+&amp;]:mt-5 overflow-x-auto\" data-message-author-role=\"assistant\" data-message-id=\"6b4e7ecb-d899-4a0f-97fc-04b772cff439\">\n<div class=\"markdown prose w-full break-words dark:prose-invert light\">\n<div class=\"flex flex-grow flex-col max-w-full\">\n<div class=\"min-h-[20px] text-message flex flex-col items-start gap-3 whitespace-pre-wrap break-words [.text-message+&amp;]:mt-5 overflow-x-auto\" data-message-author-role=\"assistant\" data-message-id=\"08177119-2b2b-4e14-a1f1-f4f61a5a3670\">\n<div class=\"markdown prose w-full break-words dark:prose-invert light\">\n<p><span class=\"font-377884\">L&rsquo;ann\u00e9e bissextile, avec ses 366 jours au lieu des 365 habituels, a \u00e9t\u00e9 introduite par les Romains il y a des si\u00e8cles pour aligner le calendrier sur le cycle solaire. Jules C\u00e9sar, en 46 av. J.-C., a promulgu\u00e9 le calendrier julien, qui incluait l&rsquo;ajout d&rsquo;un jour apr\u00e8s le 24 f\u00e9vrier, appel\u00e9 \u00ab\u00a0<em>bis sextus dies<\/em>\u00a0\u00bb ou \u00ab\u00a0<em>sixi\u00e8me jour r\u00e9p\u00e9t\u00e9<\/em>\u00ab\u00a0. Cet ajustement \u00e9tait effectu\u00e9 tous les quatre ans, suivant les calculs de l&rsquo;astronome Sosig\u00e8ne.<\/span><\/p>\n<p><span class=\"font-377884\">Par la suite, en 1582, le pape Gr\u00e9goire XIII a introduit le calendrier gr\u00e9gorien, apportant des changements significatifs au syst\u00e8me de mesure du temps. Ce nouveau calendrier a corrig\u00e9 certaines erreurs du calendrier julien et \u00e9limin\u00e9 dix jours de disparit\u00e9 accumul\u00e9e au fil des si\u00e8cles.<\/span><\/p>\n<p><span class=\"font-377884\">Cependant, malgr\u00e9 son importance pratique, l&rsquo;ann\u00e9e bissextile est entour\u00e9e d&rsquo;une aura de myst\u00e8re et de superstition. Dans de nombreuses traditions et croyances populaires, les ann\u00e9es bissextiles sont consid\u00e9r\u00e9es comme \u00ab\u00a0<em>funestes<\/em>\u00a0\u00bb ou \u00ab\u00a0<em>inauspicieuses<\/em>\u00ab\u00a0. Ce mythe puise ses racines dans la Rome antique, o\u00f9 f\u00e9vrier \u00e9tait connu sous le nom de \u00ab\u00a0mensis feralis\u00a0\u00bb, un mois d\u00e9di\u00e9 \u00e0 la mort et aux rites fun\u00e9raires. L&rsquo;ajout d&rsquo;un jour suppl\u00e9mentaire \u00e0 un mois d\u00e9j\u00e0 associ\u00e9 \u00e0 la tristesse et au deuil n&rsquo;a pas \u00e9t\u00e9 bien accueilli.<\/span><\/p>\n<p><span class=\"font-377884\">De plus, certaines co\u00efncidences historiques ont contribu\u00e9 \u00e0 consolider cette r\u00e9putation n\u00e9gative des ann\u00e9es bissextiles. Des \u00e9v\u00e9nements tragiques tels que le <strong><em>Grand Incendie de Londres en 1666<\/em><\/strong>, l<em><strong>e d\u00e9but des ex\u00e9cutions capitales en France par guillotine en 1792<\/strong><\/em>, <em><strong>en 1868, le violent s\u00e9isme au Japon<\/strong><\/em> connu sous le nom de S\u00e9isme de Mino-Owari, <strong><em>le naufrage du Titanic en 1912<\/em><\/strong>, <strong><em>en 1988, le crash du vol 1713 de United Airlines<\/em><\/strong> lors du d\u00e9collage de l&rsquo;a\u00e9roport de Denver, et en 2012, <strong><em>le s\u00e9isme d\u00e9vastateur en \u00c9milie-Romagne<\/em><\/strong> (Italie).<\/span><\/p>\n<p><span class=\"font-377884\">Des figures historiques importantes comme <strong><em>Napol\u00e9on Bonaparte,<\/em><\/strong> l&#8217;empereur fran\u00e7ais en 1821, <strong><em>Gandhi<\/em> <\/strong>en 1948, <strong><em>Martin Luther King<\/em><\/strong> et <strong><em>Robert Kennedy<\/em> <\/strong>en 1968, <em><strong>John Lennon<\/strong> <\/em>en 1980, et <strong><em>Grace Kelly<\/em><\/strong>, l&rsquo;actrice et princesse de Monaco, d\u00e9c\u00e9d\u00e9e en 1982, ont connu des morts tragiques, soit par assassinat soit dans des accidents mortels. Ces \u00e9v\u00e9nements ont contribu\u00e9 \u00e0 accro\u00eetre le charme et le myst\u00e8re entourant la l\u00e9gende de \u00ab\u00a0l&rsquo;ann\u00e9e maudite\u00a0\u00bb.<\/span><\/p>\n<p><span class=\"font-377884\">Cependant, les ann\u00e9es bissextiles ont \u00e9galement \u00e9t\u00e9 le th\u00e9\u00e2tre d&rsquo;\u00e9v\u00e9nements historiques magnifiques et significatifs, tels que <strong><em>la Premi\u00e8re Lune en 1969<\/em><\/strong>, <em><strong>la Chute du Mur de Berlin en 1989<\/strong><\/em>, l&rsquo;<strong><em>Inauguration de la Statue de la Libert\u00e9 en 1886<\/em><\/strong>, et <strong><em>les Premiers Jeux Olympiques Modernes en 1896<\/em><\/strong>. Ces moments ont marqu\u00e9 des triomphes, la libert\u00e9 et l&rsquo;unit\u00e9 tout au long de l&rsquo;histoire humaine.<\/span><\/p>\n<p><span class=\"font-377884\">Malgr\u00e9 les croyances populaires n\u00e9gatives, l&rsquo;ann\u00e9e bissextile reste un ph\u00e9nom\u00e8ne fascinant, riche en significations symboliques. Son jour suppl\u00e9mentaire, le 29 f\u00e9vrier, repr\u00e9sente un moment sp\u00e9cial, un \u00ab\u00a0<em>saut<\/em>\u00a0\u00bb dans le temps qui apporte de nouvelles \u00e9nergies et opportunit\u00e9s.<\/span><\/p>\n<p><span class=\"font-377884\">Le terme \u00ab\u00a0ann\u00e9e bissextile\u00a0\u00bb est utilis\u00e9 dans les pays anglophones pour indiquer les ann\u00e9es bissextiles, au cours desquelles un jour suppl\u00e9mentaire est ajout\u00e9 au calendrier. Ce jour suppl\u00e9mentaire, le 29 f\u00e9vrier, est une caract\u00e9ristique distinctive de l&rsquo;ann\u00e9e bissextile.<\/span><\/p>\n<p><span class=\"font-377884\">En conclusion, l&rsquo;ann\u00e9e bissextile n&rsquo;est pas simplement une correction du calendrier mais repr\u00e9sente un moment significatif qui invite \u00e0 la r\u00e9flexion sur le temps, les traditions et les croyances qui l&rsquo;entourent. C&rsquo;est une opportunit\u00e9 de c\u00e9l\u00e9brer sa singularit\u00e9 et sa richesse historique et culturelle, ainsi que de reconna\u00eetre son importance dans le contexte plus large de notre monde.<\/span><\/p>\n<\/div>\n<\/div>\n<\/div>\n<\/div>\n<\/div>\n<\/div>\n<p><a href=\"https:\/\/k16trade.ch\/fr\/seqex-en\/\"><img decoding=\"async\" class=\"aligncenter wp-image-230943 size-large\" src=\"https:\/\/swissfederalism.ch\/wp-content\/uploads\/2024\/02\/BANNER-1024x576.png\" alt=\"BANNER K16\" width=\"840\" height=\"473\" srcset=\"https:\/\/swissfederalism.ch\/wp-content\/uploads\/2024\/02\/BANNER-1024x576.png 1024w, https:\/\/swissfederalism.ch\/wp-content\/uploads\/2024\/02\/BANNER-300x169.png 300w, https:\/\/swissfederalism.ch\/wp-content\/uploads\/2024\/02\/BANNER-768x432.png 768w, https:\/\/swissfederalism.ch\/wp-content\/uploads\/2024\/02\/BANNER-1536x864.png 1536w, https:\/\/swissfederalism.ch\/wp-content\/uploads\/2024\/02\/BANNER-2048x1152.png 2048w, https:\/\/swissfederalism.ch\/wp-content\/uploads\/2024\/02\/BANNER-350x197.png 350w, https:\/\/swissfederalism.ch\/wp-content\/uploads\/2024\/02\/BANNER.png 2560w\" sizes=\"(max-width: 840px) 100vw, 840px\" \/><\/a><\/p>\n<\/div>\n<\/div>\n<\/div>\n<\/div>\n<\/div>\n<\/div>\n","protected":false},"excerpt":{"rendered":"<p>Tous les quatre ans, notre calendrier nous r\u00e9serve un jour sp\u00e9cial et unique : le 29 f\u00e9vrier. Cet \u00e9v\u00e9nement est connu sous le nom d&rsquo;ann\u00e9e bissextile, une pratique ancr\u00e9e dans l&rsquo;antiquit\u00e9 qui continue \u00e0 captiver notre curiosit\u00e9 et \u00e0 alimenter les mythes et l\u00e9gendes<\/p>\n","protected":false},"author":9,"featured_media":231116,"comment_status":"open","ping_status":"closed","sticky":false,"template":"","format":"standard","meta":{"footnotes":""},"categories":[318,308,303,209,1346],"tags":[2234,2280,1478],"class_list":["post-231128","post","type-post","status-publish","format-standard","has-post-thumbnail","hentry","category-evenements","category-faits-marquants","category-histoire","category-les-magazines","category-curiosites","tag-evenement","tag-evenements-historiques","tag-traditions"],"_links":{"self":[{"href":"https:\/\/swissfederalism.ch\/fr\/wp-json\/wp\/v2\/posts\/231128","targetHints":{"allow":["GET"]}}],"collection":[{"href":"https:\/\/swissfederalism.ch\/fr\/wp-json\/wp\/v2\/posts"}],"about":[{"href":"https:\/\/swissfederalism.ch\/fr\/wp-json\/wp\/v2\/types\/post"}],"author":[{"embeddable":true,"href":"https:\/\/swissfederalism.ch\/fr\/wp-json\/wp\/v2\/users\/9"}],"replies":[{"embeddable":true,"href":"https:\/\/swissfederalism.ch\/fr\/wp-json\/wp\/v2\/comments?post=231128"}],"version-history":[{"count":2,"href":"https:\/\/swissfederalism.ch\/fr\/wp-json\/wp\/v2\/posts\/231128\/revisions"}],"predecessor-version":[{"id":231130,"href":"https:\/\/swissfederalism.ch\/fr\/wp-json\/wp\/v2\/posts\/231128\/revisions\/231130"}],"wp:featuredmedia":[{"embeddable":true,"href":"https:\/\/swissfederalism.ch\/fr\/wp-json\/wp\/v2\/media\/231116"}],"wp:attachment":[{"href":"https:\/\/swissfederalism.ch\/fr\/wp-json\/wp\/v2\/media?parent=231128"}],"wp:term":[{"taxonomy":"category","embeddable":true,"href":"https:\/\/swissfederalism.ch\/fr\/wp-json\/wp\/v2\/categories?post=231128"},{"taxonomy":"post_tag","embeddable":true,"href":"https:\/\/swissfederalism.ch\/fr\/wp-json\/wp\/v2\/tags?post=231128"}],"curies":[{"name":"wp","href":"https:\/\/api.w.org\/{rel}","templated":true}]}}