{"id":230760,"date":"2024-01-25T18:07:20","date_gmt":"2024-01-25T18:07:20","guid":{"rendered":"https:\/\/swissfederalism.ch\/winter-best-swiss-ski-resorts\/"},"modified":"2025-11-08T19:24:35","modified_gmt":"2025-11-08T19:24:35","slug":"hiver-stations-ski-suisses","status":"publish","type":"post","link":"https:\/\/swissfederalism.ch\/fr\/hiver-stations-ski-suisses\/","title":{"rendered":"Emotions hivernales dans les meilleures stations de ski suisses"},"content":{"rendered":"<h1><span class=\"font-377884\">Emotions hivernales dans les meilleures stations de ski suisses<\/span><\/h1>\n<h3><span class=\"font-377884\"><em>L&rsquo;hiver en Suisse offre une exp\u00e9rience unique et inoubliable gr\u00e2ce \u00e0 ses stations de ski renomm\u00e9es, encadr\u00e9es par des paysages \u00e0 couper le souffle et dot\u00e9es de services de haute qualit\u00e9.<\/em><\/span><\/h3>\n<figure id=\"attachment_230516\" aria-describedby=\"caption-attachment-230516\" style=\"width: 840px\" class=\"wp-caption aligncenter\"><a href=\"https:\/\/swissfederalism.ch\/wp-content\/uploads\/2024\/01\/Enjoying-the-Swiss-Alps-Image-by-Martinschuschi-from-Pixabay-1024x576.jpg\"><img decoding=\"async\" class=\"size-large wp-image-230516\" src=\"https:\/\/swissfederalism.ch\/wp-content\/uploads\/2024\/01\/Enjoying-the-Swiss-Alps-Image-by-Martinschuschi-from-Pixabay-1024x576.jpg\" alt=\"Enjoying the Swiss Alps Image by Martinschuschi from Pixabay\" width=\"840\" height=\"473\" srcset=\"https:\/\/swissfederalism.ch\/wp-content\/uploads\/2024\/01\/Enjoying-the-Swiss-Alps-Image-by-Martinschuschi-from-Pixabay-1024x576.jpg 1024w, https:\/\/swissfederalism.ch\/wp-content\/uploads\/2024\/01\/Enjoying-the-Swiss-Alps-Image-by-Martinschuschi-from-Pixabay-300x169.jpg 300w, https:\/\/swissfederalism.ch\/wp-content\/uploads\/2024\/01\/Enjoying-the-Swiss-Alps-Image-by-Martinschuschi-from-Pixabay-768x432.jpg 768w, https:\/\/swissfederalism.ch\/wp-content\/uploads\/2024\/01\/Enjoying-the-Swiss-Alps-Image-by-Martinschuschi-from-Pixabay-1536x864.jpg 1536w, https:\/\/swissfederalism.ch\/wp-content\/uploads\/2024\/01\/Enjoying-the-Swiss-Alps-Image-by-Martinschuschi-from-Pixabay-350x197.jpg 350w, https:\/\/swissfederalism.ch\/wp-content\/uploads\/2024\/01\/Enjoying-the-Swiss-Alps-Image-by-Martinschuschi-from-Pixabay.jpg 1920w\" sizes=\"(max-width: 840px) 100vw, 840px\" \/><\/a><figcaption id=\"caption-attachment-230516\" class=\"wp-caption-text\"><span class=\"font-377884\">Enjoying the Swiss Alps Image by Martinschuschi from Pixabay<\/span><\/figcaption><\/figure>\n<div class=\"flex flex-grow flex-col max-w-full\">\n<div class=\"min-h-[20px] text-message flex flex-col items-start gap-3 whitespace-pre-wrap break-words [.text-message+&amp;]:mt-5 overflow-x-auto\" data-message-author-role=\"assistant\" data-message-id=\"abfebbb7-3ac0-4513-a3aa-1ea283c08f50\">\n<div class=\"markdown prose w-full break-words dark:prose-invert light\">\n<div class=\"flex flex-grow flex-col max-w-full\">\n<div class=\"min-h-[20px] text-message flex flex-col items-start gap-3 whitespace-pre-wrap break-words [.text-message+&amp;]:mt-5 overflow-x-auto\" data-message-author-role=\"assistant\" data-message-id=\"4cd378e9-f49c-4128-8fb9-d2d60373e328\">\n<div class=\"markdown prose w-full break-words dark:prose-invert light\">\n<h2><span class=\"font-377884\">Un peu d&rsquo;histoire<\/span><\/h2>\n<p><span class=\"font-377884\">Le tourisme hivernal suisse a des racines profondes et peut \u00eatre attribu\u00e9 \u00e0 plusieurs facteurs historiques. Voici un aper\u00e7u des d\u00e9buts du tourisme d&rsquo;hiver en Suisse :<\/span><\/p>\n<p><span class=\"font-377884\"><strong>Sant\u00e9 et bien-\u00eatre :<\/strong> Au 18e si\u00e8cle, les m\u00e9decins suisses ont commenc\u00e9 \u00e0 promouvoir les r\u00e9gions alpines comme des destinations saines pour leur climat et leur air pur. Les montagnes suisses \u00e9taient consid\u00e9r\u00e9es comme des lieux id\u00e9aux pour la r\u00e9cup\u00e9ration et le bien-\u00eatre.<\/span><\/p>\n<p><span class=\"font-377884\"><strong>D\u00e9veloppement des chemins de fer :<\/strong> La construction des chemins de fer au 19e si\u00e8cle a rendu les r\u00e9gions montagneuses suisses plus accessibles. Le tourisme d&rsquo;hiver s&rsquo;est d\u00e9velopp\u00e9 gr\u00e2ce \u00e0 l&rsquo;am\u00e9lioration des infrastructures de transport, permettant aux gens d&rsquo;atteindre plus facilement les stations de montagne.<\/span><\/p>\n<p><span class=\"font-377884\"><strong>Les pionniers du ski :<\/strong> Des personnalit\u00e9s comme <em><strong>Sir Henry Lunn<\/strong><\/em> (1859-1939), m\u00e9decin britannique et innovateur du tourisme hivernal, ont jou\u00e9 un r\u00f4le crucial dans le d\u00e9veloppement des premi\u00e8res stations de ski. Int\u00e9ress\u00e9 par la sant\u00e9, Lunn a organis\u00e9 les premi\u00e8res vacances d&rsquo;hiver \u00e0 Wengen en 1902, contribuant ainsi \u00e0 promouvoir les Alpes suisses comme une destination saine. Son influence s&rsquo;est \u00e9tendue \u00e0 la popularit\u00e9 de stations de ski telles que Wengen et M\u00fcrren, et son d\u00e9vouement a contribu\u00e9 \u00e0 transformer les Alpes suisses en une destination hivernale renomm\u00e9e. D&rsquo;autres passionn\u00e9s de sports d&rsquo;hiver ont contribu\u00e9 \u00e0 l&rsquo;organisation des premi\u00e8res comp\u00e9titions de ski, renfor\u00e7ant ainsi l&rsquo;id\u00e9e que les Alpes suisses \u00e9taient id\u00e9ales pour les sports d&rsquo;hiver.<\/span><span class=\"font-377884\"><strong>Des stations d&rsquo;hiver prestigieuses :<\/strong> \u00c0 la Belle \u00c9poque (fin du XIXe et d\u00e9but du XXe si\u00e8cle), de nombreuses stations d&rsquo;hiver suisses, telles que Saint-Moritz et Davos, sont devenues c\u00e9l\u00e8bres aupr\u00e8s de l&rsquo;\u00e9lite internationale. Les aristocrates et les c\u00e9l\u00e9brit\u00e9s ont commenc\u00e9 \u00e0 fr\u00e9quenter ces lieux pour \u00e9chapper \u00e0 la vie urbaine et profiter d&rsquo;une exp\u00e9rience hivernale luxueuse.<\/span><\/p>\n<p><span class=\"font-377884\"><strong>Le tourisme organis\u00e9 :<\/strong> Le tourisme hivernal suisse s&rsquo;est d\u00e9velopp\u00e9 avec l&rsquo;organisation de voyages touristiques hivernaux, de forfaits vacances et l&rsquo;offre d&rsquo;activit\u00e9s r\u00e9cr\u00e9atives hivernales telles que le ski, le patinage et la luge.<\/span><\/p>\n<p><span class=\"font-377884\"><strong>Comp\u00e9titions sportives :<\/strong> L&rsquo;organisation de comp\u00e9titions de sports d&rsquo;hiver, comme les Jeux olympiques d&rsquo;hiver de 1928 \u00e0 Saint-Moritz, a contribu\u00e9 \u00e0 consolider la r\u00e9putation de la Suisse en tant que destination d&rsquo;\u00e9lite pour les sports d&rsquo;hiver.<\/span><span class=\"font-377884\">Aujourd&rsquo;hui, le tourisme d&rsquo;hiver suisse est une composante importante de l&rsquo;industrie touristique du pays, offrant une large gamme d&rsquo;activit\u00e9s et de services hivernaux dans un environnement montagneux spectaculaire.<\/span><\/p>\n<p><span class=\"font-377884\">Nous commen\u00e7ons notre voyage en explorant quelques stations de ski suisses fascinantes, en d\u00e9couvrant non seulement les destinations renomm\u00e9es, mais aussi d&rsquo;authentiques joyaux moins connus, riches en histoire et en traditions. De la naissance du ski en Suisse, en passant par le d\u00e9veloppement des premi\u00e8res stations d&rsquo;hiver, jusqu&rsquo;aux stations modernes qui combinent l&rsquo;aventure dans la neige et le luxe alpin, nous nous plongerons dans un voyage qui raconte l&rsquo;histoire fascinante de la fa\u00e7on dont la Suisse est devenue un paradis pour les amateurs de sports d&rsquo;hiver. Un voyage qui nous m\u00e8nera \u00e0 la d\u00e9couverte de paysages \u00e0 couper le souffle, de traditions s\u00e9culaires et d&rsquo;une vari\u00e9t\u00e9 d&rsquo;activit\u00e9s qui font des Alpes suisses une destination unique pour tous ceux qui souhaitent profiter de la magie de l&rsquo;hiver.<\/span><\/p>\n<p><span class=\"font-377884\"><strong><a href=\"https:\/\/swissfederalism.ch\/fr\/best-tourism-villages-2022\/\">Andermatt et Morat parmi les meilleurs villages touristiques du monde<\/a><\/strong><\/span><\/p>\n<\/div>\n<div><\/div>\n<div class=\"markdown prose w-full break-words dark:prose-invert light\"><span class=\"font-377884\"><a href=\"https:\/\/swissfederalism.ch\/fr\/la-vache-ambassadrice-de-la-suisse\/\"><strong>La vache ambassadrice de la Suisse<\/strong><\/a><\/span><\/div>\n<\/div>\n<\/div>\n<\/div>\n<\/div>\n<\/div>\n<figure id=\"attachment_229923\" aria-describedby=\"caption-attachment-229923\" style=\"width: 840px\" class=\"wp-caption aligncenter\"><a href=\"https:\/\/swissfederalism.ch\/wp-content\/uploads\/2023\/11\/Ski-Resort-Zermatt-Image-by-\ud83c\udf38\u2661\ud83d\udc99\u2661\ud83c\udf38-Julita-\ud83c\udf38\u2661\ud83d\udc99\u2661\ud83c\udf38-from-Pixabay-1024x683.jpg\"><img decoding=\"async\" class=\"size-large wp-image-229923\" src=\"https:\/\/swissfederalism.ch\/wp-content\/uploads\/2023\/11\/Ski-Resort-Zermatt-Image-by-\ud83c\udf38\u2661\ud83d\udc99\u2661\ud83c\udf38-Julita-\ud83c\udf38\u2661\ud83d\udc99\u2661\ud83c\udf38-from-Pixabay-1024x683.jpg\" alt=\"Ski Resort Zermatt Image by \ud83c\udf38\u2661\ud83d\udc99\u2661\ud83c\udf38 Julita \ud83c\udf38\u2661\ud83d\udc99\u2661\ud83c\udf38 from Pixabay\" width=\"840\" height=\"560\" srcset=\"https:\/\/swissfederalism.ch\/wp-content\/uploads\/2023\/11\/Ski-Resort-Zermatt-Image-by-\ud83c\udf38\u2661\ud83d\udc99\u2661\ud83c\udf38-Julita-\ud83c\udf38\u2661\ud83d\udc99\u2661\ud83c\udf38-from-Pixabay-1024x683.jpg 1024w, https:\/\/swissfederalism.ch\/wp-content\/uploads\/2023\/11\/Ski-Resort-Zermatt-Image-by-\ud83c\udf38\u2661\ud83d\udc99\u2661\ud83c\udf38-Julita-\ud83c\udf38\u2661\ud83d\udc99\u2661\ud83c\udf38-from-Pixabay-300x200.jpg 300w, https:\/\/swissfederalism.ch\/wp-content\/uploads\/2023\/11\/Ski-Resort-Zermatt-Image-by-\ud83c\udf38\u2661\ud83d\udc99\u2661\ud83c\udf38-Julita-\ud83c\udf38\u2661\ud83d\udc99\u2661\ud83c\udf38-from-Pixabay-768x512.jpg 768w, https:\/\/swissfederalism.ch\/wp-content\/uploads\/2023\/11\/Ski-Resort-Zermatt-Image-by-\ud83c\udf38\u2661\ud83d\udc99\u2661\ud83c\udf38-Julita-\ud83c\udf38\u2661\ud83d\udc99\u2661\ud83c\udf38-from-Pixabay-1536x1024.jpg 1536w, https:\/\/swissfederalism.ch\/wp-content\/uploads\/2023\/11\/Ski-Resort-Zermatt-Image-by-\ud83c\udf38\u2661\ud83d\udc99\u2661\ud83c\udf38-Julita-\ud83c\udf38\u2661\ud83d\udc99\u2661\ud83c\udf38-from-Pixabay-350x233.jpg 350w, https:\/\/swissfederalism.ch\/wp-content\/uploads\/2023\/11\/Ski-Resort-Zermatt-Image-by-\ud83c\udf38\u2661\ud83d\udc99\u2661\ud83c\udf38-Julita-\ud83c\udf38\u2661\ud83d\udc99\u2661\ud83c\udf38-from-Pixabay.jpg 1920w\" sizes=\"(max-width: 840px) 100vw, 840px\" \/><\/a><figcaption id=\"caption-attachment-229923\" class=\"wp-caption-text\"><span class=\"font-377884\">Ski Resort Zermatt Image by \ud83c\udf38\u2661\ud83d\udc99\u2661\ud83c\udf38 Julita \ud83c\udf38\u2661\ud83d\udc99\u2661\ud83c\udf38 from Pixabay<\/span><\/figcaption><\/figure>\n<h3><span class=\"font-377884\"><mark>Zermatt &#8211; entre la magie du Cervin et l&rsquo;excellence des pistes<\/mark><\/span><\/h3>\n<p><span class=\"font-377884\">Zermatt, nich\u00e9e au c\u0153ur des majestueuses Alpes suisses dans le canton du Valais, offre une toile de fond embl\u00e9matique avec le c\u00e9l\u00e8bre Cervin qui s&rsquo;\u00e9l\u00e8ve \u00e0 3 883 m\u00e8tres au-dessus du niveau de la mer, faisant du <strong><em>Matterhorn Ski Paradise<\/em><\/strong> le domaine skiable le plus \u00e9lev\u00e9 du monde alpin.<\/span><\/p>\n<p><span class=\"font-377884\">Les origines de Zermatt remontent \u00e0 1280, sous le nom de Pratobornum. D&rsquo;abord modeste village de montagne, il a connu une transformation extraordinaire au XIXe si\u00e8cle, devenant une destination alpine de renom. L&rsquo;ouverture de l&rsquo;Hotellerie de Zermatt en 1839 a marqu\u00e9 le d\u00e9but du tourisme dans la r\u00e9gion. L&rsquo;arriv\u00e9e du chemin de fer en 1891 a rendu la r\u00e9gion plus accessible, acc\u00e9l\u00e9rant son d\u00e9veloppement en tant que destination touristique prestigieuse. L&rsquo;\u00e9lectrification du chemin de fer en 1928 a permis de consolider la position de Zermatt en tant que destination de montagne prestigieuse.<\/span><\/p>\n<p><span class=\"font-377884\">Les pistes de ski de classe mondiale de Zermatt offrent des descentes adapt\u00e9es \u00e0 tous les niveaux. \u00c0 la fin d&rsquo;une journ\u00e9e sur les pistes, les visiteurs peuvent se plonger dans l&rsquo;atmosph\u00e8re pittoresque du centre historique de Zermatt, avec ses boutiques de luxe et ses restaurants gastronomiques.<\/span><\/p>\n<p><span class=\"font-377884\">Reli\u00e9e \u00e0 Breuil-Cervinia en Italie par des remont\u00e9es m\u00e9caniques, Zermatt fait partie de la zone connue sous le nom de \u00ab\u00a0<em>Matterhorn Glacier Paradise<\/em>\u00a0\u00bb ou \u00ab\u00a0<em>Zermatt-Cervinia International<\/em>\u00ab\u00a0. Cela permet aux amateurs de ski et de snowboard de profiter \u00e0 la fois des pistes suisses et italiennes.<\/span><\/p>\n<p><span class=\"font-377884\"><strong>Zermatt fait partie du c\u00e9l\u00e8bre domaine skiable \u00ab\u00a0Matterhorn Ski Paradise\u00a0\u00bb, qui comprend Valtournenche et Breuil-Cervinia en Italie, avec 360 km de pistes de ski alpin, dont 162 km dans la partie suisse.<\/strong><\/span><\/p>\n<p><span class=\"font-377884\">Au fil des ans, Zermatt a attir\u00e9 des c\u00e9l\u00e9brit\u00e9s et des personnalit\u00e9s \u00e9minentes. La station est devenue synonyme de tourisme d&rsquo;\u00e9lite, accueillant des personnalit\u00e9s telles que la famille Agnelli, Nicole Kidman, Frida Lyngstad d&rsquo;ABBA, Bryan Adams, et bien d&rsquo;autres.<\/span><\/p>\n<p><span class=\"font-377884\"><strong>Le Gornergrat Railway (GGB)<\/strong> est un chemin de fer \u00e9lectrique \u00e0 cr\u00e9maill\u00e8re qui relie Zermatt \u00e0 Gornergrat dans la r\u00e9gion du Mont Rose. Exploit\u00e9 par la soci\u00e9t\u00e9 \u00e9ponyme, c&rsquo;est le deuxi\u00e8me chemin de fer le plus haut d&rsquo;Europe, d\u00e9pass\u00e9 uniquement par le chemin de fer de la Jungfrau en termes d&rsquo;altitude. Inaugur\u00e9e en 1898, sa construction fut un exploit exceptionnel, impliquant plus de 2 000 ouvriers, principalement italiens, et permettant d&rsquo;acc\u00e9der au magnifique glacier du Gorner et \u00e0 des panoramas alpins spectaculaires.<\/span><\/p>\n<p><span class=\"font-377884\">En 2024, Zermatt figurait en <strong>cinqui\u00e8me position<\/strong> sur la liste Forbes des \u00a0\u00bb <em>Best World&rsquo;s Ski Resorts<\/em> \u00a0\u00bb (meilleures stations de ski au monde).<\/span><\/p>\n<div class=\"flex flex-grow flex-col max-w-full\">\n<div class=\"min-h-[20px] text-message flex flex-col items-start gap-3 whitespace-pre-wrap break-words [.text-message+&amp;]:mt-5 overflow-x-auto\" data-message-author-role=\"assistant\" data-message-id=\"8e16c61e-4455-4aaa-a3b1-1d2d00e144f6\">\n<div class=\"markdown prose w-full break-words dark:prose-invert light\">\n<figure id=\"attachment_230531\" aria-describedby=\"caption-attachment-230531\" style=\"width: 1024px\" class=\"wp-caption aligncenter\"><a href=\"https:\/\/swissfederalism.ch\/wp-content\/uploads\/2024\/01\/La-Tzoumaz-4-Vallees-ski-area-Canton-of-Valais-Photo-by-Valaistourisme-CC-BY-SA-3.0-via-Wikimedia-Commons.jpg\"><img decoding=\"async\" class=\"size-full wp-image-230531\" src=\"https:\/\/swissfederalism.ch\/wp-content\/uploads\/2024\/01\/La-Tzoumaz-4-Vallees-ski-area-Canton-of-Valais-Photo-by-Valaistourisme-CC-BY-SA-3.0-via-Wikimedia-Commons.jpg\" alt=\"La Tzoumaz - 4 Vall\u00e9es ski area Canton of Valais Photo by Valaistourisme, CC BY-SA 3.0, via Wikimedia Commons\" width=\"1024\" height=\"681\" srcset=\"https:\/\/swissfederalism.ch\/wp-content\/uploads\/2024\/01\/La-Tzoumaz-4-Vallees-ski-area-Canton-of-Valais-Photo-by-Valaistourisme-CC-BY-SA-3.0-via-Wikimedia-Commons.jpg 1024w, https:\/\/swissfederalism.ch\/wp-content\/uploads\/2024\/01\/La-Tzoumaz-4-Vallees-ski-area-Canton-of-Valais-Photo-by-Valaistourisme-CC-BY-SA-3.0-via-Wikimedia-Commons-300x200.jpg 300w, https:\/\/swissfederalism.ch\/wp-content\/uploads\/2024\/01\/La-Tzoumaz-4-Vallees-ski-area-Canton-of-Valais-Photo-by-Valaistourisme-CC-BY-SA-3.0-via-Wikimedia-Commons-768x511.jpg 768w, https:\/\/swissfederalism.ch\/wp-content\/uploads\/2024\/01\/La-Tzoumaz-4-Vallees-ski-area-Canton-of-Valais-Photo-by-Valaistourisme-CC-BY-SA-3.0-via-Wikimedia-Commons-350x233.jpg 350w\" sizes=\"(max-width: 1024px) 100vw, 1024px\" \/><\/a><figcaption id=\"caption-attachment-230531\" class=\"wp-caption-text\"><span class=\"font-377884\">La Tzoumaz &#8211; 4 Vall\u00e9es ski area Canton of Valais Photo by Valaistourisme, CC BY-SA 3.0, via Wikimedia Commons<\/span><\/figcaption><\/figure>\n<div class=\"flex flex-grow flex-col max-w-full\">\n<div class=\"min-h-[20px] text-message flex flex-col items-start gap-3 whitespace-pre-wrap break-words [.text-message+&amp;]:mt-5 overflow-x-auto\" data-message-author-role=\"assistant\" data-message-id=\"5a115907-f153-4cdd-83a5-4637224c08be\">\n<div class=\"markdown prose w-full break-words dark:prose-invert light\">\n<h3><span class=\"font-377884\"><mark>Verbier, Nendaz, Veysonnaz, Thyon et La Tzoumaz : a la d\u00e9couverte des perles de ski des 4 vall\u00e9es<\/mark><\/span><\/h3>\n<p><span class=\"font-377884\">Le village de Verbier, d&rsquo;origine m\u00e9di\u00e9vale, a travers\u00e9 des si\u00e8cles d&rsquo;histoire, appartenant \u00e0 plusieurs familles nobles. En 1937, la Soci\u00e9t\u00e9 de d\u00e9veloppement de Verbier a \u00e9t\u00e9 cr\u00e9\u00e9e pour promouvoir le d\u00e9veloppement touristique de la r\u00e9gion agricole de Verbier.<\/span><\/p>\n<p><span class=\"font-377884\">Situ\u00e9e sur un plateau ensoleill\u00e9, Verbier est une station de ski prestigieuse du Valais, offrant une vue unique sur les massifs des Combins et du Mont Blanc.<\/span><\/p>\n<p><span class=\"font-377884\">Nendaz, avec sa riche histoire et son paysage alpin pittoresque, offre des exp\u00e9riences de ski uniques. Veysonnaz, nich\u00e9e dans les montagnes, offre de magnifiques vues panoramiques et une vari\u00e9t\u00e9 de pistes pour tous les niveaux. Thyon, avec son atmosph\u00e8re accueillante, est une destination id\u00e9ale pour les amateurs de nature et de ski. La Tzoumaz, entour\u00e9e de sommets majestueux, offre un large \u00e9ventail d&rsquo;activit\u00e9s hivernales, du ski alpin aux randonn\u00e9es en raquettes.<\/span><\/p>\n<p><span class=\"font-377884\"><strong>Le domaine skiable \u00ab\u00a0Les 4 Vall\u00e9es\u00a0\u00bb, qui englobe les stations de Verbier, Nendaz, Veysonnaz, Thyon et La Tzoumaz, compte 410 km de pistes et plus de 89 remont\u00e9es m\u00e9caniques.<\/strong><\/span><\/p>\n<p><span class=\"font-377884\">Cette r\u00e9gion accueille une grande vari\u00e9t\u00e9 de visiteurs avec des activit\u00e9s telles que le parapente, l&rsquo;h\u00e9liski, la luge, le golf et les mus\u00e9es. Le t\u00e9l\u00e9ph\u00e9rique permet d&rsquo;atteindre le sommet du Mont-Fort \u00e0 3330 m\u00e8tres, tandis que les non-skieurs peuvent appr\u00e9cier le paysage en faisant de la raquette ou de la randonn\u00e9e.<\/span><\/p>\n<p><span class=\"font-377884\">La r\u00e9gion offre \u00e9galement une exp\u00e9rience compl\u00e8te avec des installations telles que le parc d&rsquo;attractions Les Esserts, qui attire les amateurs de sports freestyle. Dans ce contexte, la r\u00e9gion des 4 Vall\u00e9es offre un large \u00e9ventail de possibilit\u00e9s pour le ski, le snowboard et d&rsquo;autres activit\u00e9s hivernales, ce qui en fait une destination populaire pour les amateurs de montagne et de sports de neige.<\/span><\/p>\n<p><span class=\"font-377884\">C\u00e9l\u00e8bre en tant qu&rsquo;\u00e9tape de la \u00ab\u00a0<em>Haute Route<\/em>\u00a0\u00bb pour les amateurs de ski alpinisme, Verbier attire \u00e9galement des personnalit\u00e9s de premier plan telles que Barack Obama, Madonna, le prince h\u00e9ritier Frederik du Danemark et le roi Philippe de Belgique. Richard Branson y poss\u00e8de un luxueux chalet, tandis que le prince Andrew, duc d&rsquo;York, a \u00e9t\u00e9 propri\u00e9taire d&rsquo;un chalet (sa fille Eug\u00e9nie y a rencontr\u00e9 son futur mari Jack Brooksbank).<\/span><\/p>\n<p><span class=\"font-377884\">George&rsquo;s, aujourd&rsquo;hui connue sous le nom de <em><strong>Verbier International School,<\/strong><\/em> une \u00e9cole internationale priv\u00e9e au programme britannique, a \u00e9t\u00e9 ouverte en 2010. En 2021, <em><strong>Copperfield Verbier<\/strong><\/em> a \u00e9t\u00e9 fond\u00e9 au Hameau. La pr\u00e9sence d&rsquo;\u00e9tablissements d&rsquo;enseignement internationaux \u00e9largit les options \u00e9ducatives pour la communaut\u00e9 locale et internationale.<\/span><\/p>\n<p><span class=\"font-377884\">Verbier offre un large \u00e9ventail d&rsquo;h\u00e9bergements de haute qualit\u00e9, notamment des chalets luxueux et des h\u00f4tels prestigieux. Des services de classe mondiale, des restaurants gastronomiques et des boutiques de luxe compl\u00e8tent l&rsquo;exp\u00e9rience d&rsquo;un s\u00e9jour de haut niveau.<\/span><\/p>\n<p><span class=\"font-377884\">La combinaison de ces \u00e9l\u00e9ments fait de Verbier l&rsquo;une des destinations touristiques les plus convoit\u00e9es et les plus c\u00e9l\u00e8bres des Alpes suisses.<\/span><\/p>\n<p><span class=\"font-377884\">En 2024, la station des 4 Vall\u00e9es <strong>s&rsquo;est class\u00e9e troisi\u00e8me<\/strong> sur la liste Forbes \u00a0\u00bb <strong>The World&rsquo;s Best Ski Resorts<\/strong> \u00a0\u00bb (les meilleures stations de ski au monde).<\/span><\/p>\n<\/div>\n<\/div>\n<\/div>\n<\/div>\n<\/div>\n<\/div>\n<figure id=\"attachment_230508\" aria-describedby=\"caption-attachment-230508\" style=\"width: 840px\" class=\"wp-caption aligncenter\"><a href=\"https:\/\/swissfederalism.ch\/wp-content\/uploads\/2024\/01\/White-Turf-in-St.-Moritz-Image-by-Marcel-from-Pixabay-1024x683.jpg\"><img decoding=\"async\" class=\"size-large wp-image-230508\" src=\"https:\/\/swissfederalism.ch\/wp-content\/uploads\/2024\/01\/White-Turf-in-St.-Moritz-Image-by-Marcel-from-Pixabay-1024x683.jpg\" alt=\"White Turf in St. Moritz Image by Marcel from Pixabay\" width=\"840\" height=\"560\" srcset=\"https:\/\/swissfederalism.ch\/wp-content\/uploads\/2024\/01\/White-Turf-in-St.-Moritz-Image-by-Marcel-from-Pixabay-1024x683.jpg 1024w, https:\/\/swissfederalism.ch\/wp-content\/uploads\/2024\/01\/White-Turf-in-St.-Moritz-Image-by-Marcel-from-Pixabay-300x200.jpg 300w, https:\/\/swissfederalism.ch\/wp-content\/uploads\/2024\/01\/White-Turf-in-St.-Moritz-Image-by-Marcel-from-Pixabay-768x512.jpg 768w, https:\/\/swissfederalism.ch\/wp-content\/uploads\/2024\/01\/White-Turf-in-St.-Moritz-Image-by-Marcel-from-Pixabay-1536x1024.jpg 1536w, https:\/\/swissfederalism.ch\/wp-content\/uploads\/2024\/01\/White-Turf-in-St.-Moritz-Image-by-Marcel-from-Pixabay-350x233.jpg 350w, https:\/\/swissfederalism.ch\/wp-content\/uploads\/2024\/01\/White-Turf-in-St.-Moritz-Image-by-Marcel-from-Pixabay.jpg 1920w\" sizes=\"(max-width: 840px) 100vw, 840px\" \/><\/a><figcaption id=\"caption-attachment-230508\" class=\"wp-caption-text\"><span class=\"font-377884\">White Turf in St. Moritz Image by Marcel from Pixabay<\/span><\/figcaption><\/figure>\n<h3><span class=\"font-377884\"><mark>St. Moritz &#8211; luxe et style parmi les sommets des Alpes<\/mark><\/span><\/h3>\n<p><span class=\"font-377884\">St. Moritz, dans le canton des Grisons, sur les rives de l&rsquo;\u00e9l\u00e9gant lac qui porte son nom, est une destination renomm\u00e9e en toute saison. C\u00e9l\u00e8bre pour ses prestigieux \u00e9v\u00e9nements sportifs, dont deux Jeux olympiques d&rsquo;hiver, elle est consid\u00e9r\u00e9e comme l&rsquo;une des stations de ski les plus exclusives au monde. Le plus haut sommet, le Piz Julier, s&rsquo;\u00e9l\u00e8ve \u00e0 3 380 m\u00e8tres au-dessus du niveau de la mer.<\/span><\/p>\n<p><span class=\"font-377884\">St. Moritz a \u00e9t\u00e9 transform\u00e9e en 1864 par <em><strong>Johannes Badrutt<\/strong><\/em>, propri\u00e9taire de l&rsquo;h\u00f4tel Kulm. Son pari d&rsquo;inviter les estivants anglais \u00e0 s\u00e9journer pendant l&rsquo;hiver a conduit \u00e0 la naissance de Saint-Moritz en tant que station d&rsquo;hiver internationale de renom.<\/span><\/p>\n<p><span class=\"font-377884\">Au-del\u00e0 de sa renomm\u00e9e hivernale, St. Moritz \u00e9tait une ville thermale r\u00e9put\u00e9e en raison de la richesse de ses sources d&rsquo;acide carbonique. Apr\u00e8s la Premi\u00e8re Guerre mondiale, le ski a pris le devant de la sc\u00e8ne avec la construction de la piste de Cresta en 1884, la premi\u00e8re piste de bobsleigh artificielle. La station a accueilli les Jeux olympiques en 1928 et 1948, inaugurant les courses de chevaux de skijoring et les pistes de bobsleigh sur glace naturelle.<\/span><\/p>\n<p><span class=\"font-377884\"><strong>Avec 350 km de pistes alpines, 200 km de pistes de ski de fond et 150 km de sentiers de randonn\u00e9e hivernale, Engadin-St. Moritz-Corviglia offre une grande vari\u00e9t\u00e9 d&rsquo;activit\u00e9s.<\/strong><\/span><\/p>\n<p><span class=\"font-377884\">La gare de St. Moritz, la plus haute de Suisse, est la plaque tournante de trains c\u00e9l\u00e8bres tels que le <strong><em>Glacier Express<\/em><\/strong> et le <em><strong>Bernina Express.<\/strong><\/em><\/span><\/p>\n<p><span class=\"font-377884\">Fr\u00e9quent\u00e9e par des personnalit\u00e9s telles que la famille royale su\u00e9doise, Robert De Niro et Angela Merkel, Saint-Moritz est synonyme d&rsquo;\u00e9l\u00e9gance et de luxe.<\/span><\/p>\n<p><span class=\"font-377884\">Elle accueille r\u00e9guli\u00e8rement des manifestations sportives internationales, notamment la spectaculaire course <em><strong>White Turf,<\/strong><\/em> un \u00e9v\u00e9nement annuel qui attire des chevaux pur-sang et des jockeys internationaux. Elle a lieu trois dimanches de f\u00e9vrier sur le lac gel\u00e9 de Saint-Moritz et rassemble plus de 30 000 spectateurs. Les comp\u00e9titions comprennent des courses de trot et de galop, ainsi qu&rsquo;une attraction unique appel\u00e9e \u00ab\u00a0<em>Skikj\u00f6ring<\/em>\u00ab\u00a0, o\u00f9 les skieurs sont tract\u00e9s par un cheval. L&rsquo;\u00e9v\u00e9nement propose \u00e9galement un riche programme parall\u00e8le avec de la musique en direct, de la nourriture et du shopping. Avec des prix d&rsquo;environ un demi-million de francs suisses, le White Turf est devenu un \u00e9v\u00e9nement sportif d&rsquo;envergure internationale.<\/span><\/p>\n<p><span class=\"font-377884\"><strong>Le Lyceum Alpinum Zuoz<\/strong> est une prestigieuse \u00e9cole internationale situ\u00e9e \u00e0 Zuoz, dans les magnifiques montagnes des Grisons, \u00e0 une courte distance de Saint-Moritz. R\u00e9put\u00e9e pour son excellence acad\u00e9mique et son atmosph\u00e8re alpine unique, l&rsquo;\u00e9cole accueille des \u00e9tudiants du monde entier et offre un environnement \u00e9ducatif multilingue.<\/span><\/p>\n<div class=\"flex flex-grow flex-col max-w-full\">\n<div class=\"min-h-[20px] text-message flex flex-col items-start gap-3 whitespace-pre-wrap break-words [.text-message+&amp;]:mt-5 overflow-x-auto\" data-message-author-role=\"assistant\" data-message-id=\"dc8385b4-8db7-4a65-8540-39795def69d2\">\n<div class=\"markdown prose w-full break-words dark:prose-invert light\">\n<figure id=\"attachment_230527\" aria-describedby=\"caption-attachment-230527\" style=\"width: 1024px\" class=\"wp-caption aligncenter\"><a href=\"https:\/\/swissfederalism.ch\/wp-content\/uploads\/2024\/01\/Davos-Congress-Centre-Photo-by-World-Economic-Forum-CC-BY-SA-2.0-via-Wikimedia-Commons.jpg\"><img decoding=\"async\" class=\"wp-image-230527 size-full\" src=\"https:\/\/swissfederalism.ch\/wp-content\/uploads\/2024\/01\/Davos-Congress-Centre-Photo-by-World-Economic-Forum-CC-BY-SA-2.0-via-Wikimedia-Commons.jpg\" alt=\"The Davos Congress Centre that annually hosts the World Economic Forum by World Economic Forum, CC BY-SA 2.0, via Wikimedia Commons\" width=\"1024\" height=\"694\" srcset=\"https:\/\/swissfederalism.ch\/wp-content\/uploads\/2024\/01\/Davos-Congress-Centre-Photo-by-World-Economic-Forum-CC-BY-SA-2.0-via-Wikimedia-Commons.jpg 1024w, https:\/\/swissfederalism.ch\/wp-content\/uploads\/2024\/01\/Davos-Congress-Centre-Photo-by-World-Economic-Forum-CC-BY-SA-2.0-via-Wikimedia-Commons-300x203.jpg 300w, https:\/\/swissfederalism.ch\/wp-content\/uploads\/2024\/01\/Davos-Congress-Centre-Photo-by-World-Economic-Forum-CC-BY-SA-2.0-via-Wikimedia-Commons-768x521.jpg 768w, https:\/\/swissfederalism.ch\/wp-content\/uploads\/2024\/01\/Davos-Congress-Centre-Photo-by-World-Economic-Forum-CC-BY-SA-2.0-via-Wikimedia-Commons-350x237.jpg 350w\" sizes=\"(max-width: 1024px) 100vw, 1024px\" \/><\/a><figcaption id=\"caption-attachment-230527\" class=\"wp-caption-text\"><span class=\"font-377884\">The Davos Congress Centre that annually hosts the World Economic Forum by World Economic Forum, CC BY-SA 2.0, via Wikimedia Commons<\/span><\/figcaption><\/figure>\n<h3><span class=\"font-377884\"><mark>Davos-Klosters &#8211; ski d&rsquo;excellence et destination de congr\u00e8s<\/mark><\/span><\/h3>\n<p><span class=\"font-377884\">Davos est r\u00e9put\u00e9e pour son vaste domaine skiable adapt\u00e9 aux skieurs de tous niveaux et accueille r\u00e9guli\u00e8rement des \u00e9v\u00e9nements sportifs prestigieux et le Forum \u00e9conomique mondial.<\/span><\/p>\n<p><span class=\"font-377884\">Son histoire remonte \u00e0 la fin du Moyen-\u00c2ge, lorsqu&rsquo;elle s&rsquo;est d\u00e9velopp\u00e9e en tant que centre de colonisation pour le peuple Walser.<\/span><\/p>\n<p><span class=\"font-377884\">Au XIXe si\u00e8cle, Davos est devenu un centre de sports d&rsquo;hiver et de patinage de vitesse, avec la construction du stade de glace, aujourd&rsquo;hui connu sous le nom de Vaillant Arena. Elle attire les riches et la noblesse gr\u00e2ce \u00e0 son microclimat recommand\u00e9 pour les patients atteints de tuberculose, ce qui entra\u00eene la construction de nombreux sanatoriums. Au fil du temps, la ville s&rsquo;est \u00e9galement transform\u00e9e en une destination r\u00e9put\u00e9e pour le tourisme culturel.<\/span><\/p>\n<p><span class=\"font-377884\">La renomm\u00e9e de Davos s&rsquo;est encore accrue avec le roman de <strong><em>Thomas Mann<\/em><\/strong> \u00ab\u00a0<em>La montagne magique<\/em>\u00ab\u00a0.<\/span><\/p>\n<p><span class=\"font-377884\">Au XXe si\u00e8cle, la ville s&rsquo;est transform\u00e9e en une station de ski renomm\u00e9e et a accueilli le premier Forum \u00e9conomique mondial en 1971. Dot\u00e9 d&rsquo;un centre de congr\u00e8s moderne, Davos est devenu un lieu de discussion et de mise en r\u00e9seau \u00e0 l&rsquo;\u00e9chelle mondiale, accueillant des personnalit\u00e9s de premier plan, notamment des chefs d&rsquo;\u00c9tat, des c\u00e9l\u00e9brit\u00e9s, des scientifiques et des personnalit\u00e9s du monde des affaires.<\/span><\/p>\n<p><span class=\"font-377884\">Klosters, \u00e0 proximit\u00e9, est connue pour son charme alpin et les visites de la famille royale britannique pendant les vacances d&rsquo;hiver.<\/span><\/p>\n<p><span class=\"font-377884\"><strong>Davos-Klosters offre un vaste domaine skiable avec 54 remont\u00e9es m\u00e9caniques, 280 km de pistes de ski alpin et 132 km de pistes de ski de fond, tout en conservant son excellence en mati\u00e8re de ski et son r\u00f4le de centre de congr\u00e8s majeur.<\/strong><\/span><\/p>\n<p><span class=\"font-377884\">Dans le domaine skiable de Davos Klosters, un <strong><em>pittoresque village d&rsquo;igloos<\/em> <\/strong>est \u00e9galement \u00e9rig\u00e9 chaque ann\u00e9e, enti\u00e8rement fait de neige et de glace. Pendant les heures d&rsquo;ouverture des pistes, les visiteurs peuvent profiter des bars avec du vin chaud fait maison et de la fondue pr\u00e9par\u00e9e avec des fromages de montagne locaux. Le village d&rsquo;igloos peut accueillir jusqu&rsquo;\u00e0 46 personnes pour la nuit, dans 14 igloos reli\u00e9s par un syst\u00e8me de couloirs menant au restaurant et aux toilettes.<\/span><\/p>\n<\/div>\n<\/div>\n<\/div>\n<figure id=\"attachment_230523\" aria-describedby=\"caption-attachment-230523\" style=\"width: 840px\" class=\"wp-caption aligncenter\"><a href=\"https:\/\/swissfederalism.ch\/wp-content\/uploads\/2024\/01\/Crans-Montana-Bella-Lui-Photo-by-Roland-Zumbuehl-CC-BY-SA-4.0-via-Wikimedia-Commons-1024x683.jpg\"><img decoding=\"async\" class=\"size-large wp-image-230523\" src=\"https:\/\/swissfederalism.ch\/wp-content\/uploads\/2024\/01\/Crans-Montana-Bella-Lui-Photo-by-Roland-Zumbuehl-CC-BY-SA-4.0-via-Wikimedia-Commons-1024x683.jpg\" alt=\"Crans-Montana-Bella-Lui Photo by Roland Zumbuehl, CC BY-SA 4.0, via Wikimedia Commons\" width=\"840\" height=\"560\" srcset=\"https:\/\/swissfederalism.ch\/wp-content\/uploads\/2024\/01\/Crans-Montana-Bella-Lui-Photo-by-Roland-Zumbuehl-CC-BY-SA-4.0-via-Wikimedia-Commons-1024x683.jpg 1024w, https:\/\/swissfederalism.ch\/wp-content\/uploads\/2024\/01\/Crans-Montana-Bella-Lui-Photo-by-Roland-Zumbuehl-CC-BY-SA-4.0-via-Wikimedia-Commons-300x200.jpg 300w, https:\/\/swissfederalism.ch\/wp-content\/uploads\/2024\/01\/Crans-Montana-Bella-Lui-Photo-by-Roland-Zumbuehl-CC-BY-SA-4.0-via-Wikimedia-Commons-768x512.jpg 768w, https:\/\/swissfederalism.ch\/wp-content\/uploads\/2024\/01\/Crans-Montana-Bella-Lui-Photo-by-Roland-Zumbuehl-CC-BY-SA-4.0-via-Wikimedia-Commons-1536x1024.jpg 1536w, https:\/\/swissfederalism.ch\/wp-content\/uploads\/2024\/01\/Crans-Montana-Bella-Lui-Photo-by-Roland-Zumbuehl-CC-BY-SA-4.0-via-Wikimedia-Commons-350x233.jpg 350w, https:\/\/swissfederalism.ch\/wp-content\/uploads\/2024\/01\/Crans-Montana-Bella-Lui-Photo-by-Roland-Zumbuehl-CC-BY-SA-4.0-via-Wikimedia-Commons.jpg 1920w\" sizes=\"(max-width: 840px) 100vw, 840px\" \/><\/a><figcaption id=\"caption-attachment-230523\" class=\"wp-caption-text\"><span class=\"font-377884\">Crans-Montana-Bella-Lui Photo by Roland Zumbuehl, CC BY-SA 4.0, via Wikimedia Commons<\/span><\/figcaption><\/figure>\n<h3><span class=\"font-377884\"><mark>Crans-Montana &#8211; el\u00e9gance et raffinement sur les sommets du monde<\/mark><\/span><\/h3>\n<p><span class=\"font-377884\">Crans-Montana est le r\u00e9sultat de l&rsquo;union de Crans et de Montana, dans le canton du Valais. Situ\u00e9e sur un plateau au-dessus de Sierre, \u00e0 environ 1 500 m\u00e8tres d&rsquo;altitude, elle offre une vue spectaculaire sur les Alpes valaisannes et notamment sur le Weisshorn.<\/span><\/p>\n<p><span class=\"font-377884\"><strong>Le domaine skiable de Crans-Montana compte 140 km de pistes,<\/strong> dont le glacier de la Plaine Morte, avec le sommet de la Pointe de la Plaine Morte \u00e0 2 927 m\u00e8tres.<\/span><\/p>\n<p><span class=\"font-377884\">Il est r\u00e9put\u00e9 dans le monde du ski alpin pour avoir accueilli les Championnats du monde en 1987 et est une \u00e9tape r\u00e9guli\u00e8re du circuit de la Coupe du monde, notamment pour les courses de vitesse f\u00e9minines.<\/span><\/p>\n<p><span class=\"font-377884\">Outre les activit\u00e9s de ski, la r\u00e9gion est r\u00e9put\u00e9e pour ses \u00e9v\u00e9nements tels que le Caprices Festival, un festival hivernal de musique pop-rock, et le tournoi de golf professionnel, l&rsquo;Omega European Masters, qui se tient chaque ann\u00e9e en septembre. Crans-Montana a \u00e9galement accueilli les arriv\u00e9es d&rsquo;\u00e9tapes du Tour de Suisse et du Tour de Romandie en cyclisme. En 1984, elle a accueilli l&rsquo;arriv\u00e9e de la 20e \u00e9tape du Tour de France, remport\u00e9e par Laurent Fignon.<\/span><\/p>\n<p><span class=\"font-377884\">Le Golf Club de Crans-sur-Sierre propose quatre parcours, dont un dessin\u00e9 par Seve Ballesteros et un autre portant le nom de Jack Nicklaus.<\/span><\/p>\n<p><span class=\"font-377884\">Crans-Montana assure une \u00e9ducation de haut niveau, avec la pr\u00e9sence de <strong><em>Les Roches Global Hospitality Education,<\/em> <\/strong>reconnue comme l&rsquo;une des meilleures \u00e9coles h\u00f4teli\u00e8res au monde, et de <strong><em>R\u00e9gent International School,<\/em><\/strong> qui offre un programme international avec le dipl\u00f4me du baccalaur\u00e9at international d\u00e9livr\u00e9 en anglais.<\/span><\/p>\n<p><span class=\"font-377884\">La station a attir\u00e9 des c\u00e9l\u00e9brit\u00e9s telles que Jean Paul Belmondo, Jacqueline Kennedy Onassis et Alain Delon. En outre, l&rsquo;inoubliable acteur britannique Sir Roger Moore, plus connu pour son interpr\u00e9tation de James Bond, y a pass\u00e9 plusieurs ann\u00e9es jusqu&rsquo;en 2017, ann\u00e9e de son d\u00e9c\u00e8s.<\/span><\/p>\n<div class=\"mt-1 flex justify-start gap-3 empty:hidden\">\n<div class=\"text-gray-400 flex self-end lg:self-center justify-center lg:justify-start mt-0 -ml-1 visible\">\n<figure id=\"attachment_230554\" aria-describedby=\"caption-attachment-230554\" style=\"width: 1024px\" class=\"wp-caption aligncenter\"><a href=\"https:\/\/swissfederalism.ch\/wp-content\/uploads\/2024\/01\/Laax-Slopestyle-course-Photo-by-Sport-Communities-CC-BY-SA-2.0-via-Wikimedia-Commons.jpg\"><img decoding=\"async\" class=\"size-full wp-image-230554\" src=\"https:\/\/swissfederalism.ch\/wp-content\/uploads\/2024\/01\/Laax-Slopestyle-course-Photo-by-Sport-Communities-CC-BY-SA-2.0-via-Wikimedia-Commons.jpg\" alt=\"Laax Slopestyle course Photo by Sport Communities, CC BY-SA 2.0, via Wikimedia Commons\" width=\"1024\" height=\"683\" srcset=\"https:\/\/swissfederalism.ch\/wp-content\/uploads\/2024\/01\/Laax-Slopestyle-course-Photo-by-Sport-Communities-CC-BY-SA-2.0-via-Wikimedia-Commons.jpg 1024w, https:\/\/swissfederalism.ch\/wp-content\/uploads\/2024\/01\/Laax-Slopestyle-course-Photo-by-Sport-Communities-CC-BY-SA-2.0-via-Wikimedia-Commons-300x200.jpg 300w, https:\/\/swissfederalism.ch\/wp-content\/uploads\/2024\/01\/Laax-Slopestyle-course-Photo-by-Sport-Communities-CC-BY-SA-2.0-via-Wikimedia-Commons-768x512.jpg 768w, https:\/\/swissfederalism.ch\/wp-content\/uploads\/2024\/01\/Laax-Slopestyle-course-Photo-by-Sport-Communities-CC-BY-SA-2.0-via-Wikimedia-Commons-350x233.jpg 350w\" sizes=\"(max-width: 1024px) 100vw, 1024px\" \/><\/a><figcaption id=\"caption-attachment-230554\" class=\"wp-caption-text\"><span class=\"font-377884\">Laax Slopestyle course Photo by Sport Communities, CC BY-SA 2.0, via Wikimedia Commons<\/span><\/figcaption><\/figure>\n<h3><span class=\"font-377884\"><mark>Laax &#8211; paradis pour les amateurs de snowboard et de ski acrobatique<\/mark><\/span><\/h3>\n<p><span class=\"font-377884\">Flims Laax Falera, situ\u00e9e dans les Grisons, est c\u00e9l\u00e8bre pour son vaste domaine skiable, ses larges pistes et ses installations exceptionnelles pour le snowboard et le ski freestyle. Ce domaine accueille r\u00e9guli\u00e8rement des comp\u00e9titions internationales et offre l&rsquo;un des plus grands snowparks d&rsquo;Europe, connu sous le nom de \u00ab\u00a0<em>Laax Freestyle Academy<\/em>\u00ab\u00a0.<\/span><\/p>\n<p><span class=\"font-377884\">Le Laax Slopestyle est une comp\u00e9tition de snowboard freestyle organis\u00e9e dans le c\u00e9l\u00e8bre Laax Freestyle Park. Les athl\u00e8tes professionnels s&rsquo;affrontent sur une s\u00e9rie de sauts, de rails et de structures cr\u00e9atives, d\u00e9montrant leurs comp\u00e9tences acrobatiques et leur style unique.<\/span><\/p>\n<p><span class=\"font-377884\"><strong>La r\u00e9gion offre 224 km de pistes, cinq snowparks et 28 installations<\/strong>. En \u00e9t\u00e9, le Grand Canyon suisse, les lacs cristallins et l&rsquo;ar\u00e8ne tectonique de Sardona, inscrite au patrimoine mondial de l&rsquo;UNESCO, garantissent d\u00e9tente et aventure.<\/span><\/p>\n<p><span class=\"font-377884\">Flims, Laax et Falera, situ\u00e9es dans la r\u00e9gion rh\u00e9to-romane de la Surselva, s&rsquo;adressent \u00e0 diff\u00e9rents groupes de vacanciers :<\/span><\/p>\n<ul>\n<li><span class=\"font-377884\">Flims offre un r\u00e9seau de sentiers et de pistes pour les randonneurs et les skieurs de fond, ainsi que des installations de bien-\u00eatre.<\/span><\/li>\n<li><span class=\"font-377884\">Falera conserve le charme d&rsquo;un village de montagne et est id\u00e9al pour des vacances familiales reposantes.<\/span><\/li>\n<li><span class=\"font-377884\">Laax est r\u00e9put\u00e9e pour attirer les snowboarders du monde entier sur ses pistes.<\/span><\/li>\n<\/ul>\n<p><span class=\"font-377884\">Laax est \u00e9galement r\u00e9put\u00e9 pour son atmosph\u00e8re anim\u00e9e et sa sc\u00e8ne nocturne. Le village offre une vari\u00e9t\u00e9 de restaurants, de bars et de magasins, cr\u00e9ant ainsi un environnement id\u00e9al pour ceux qui recherchent non seulement l&rsquo;excitation sur les pistes, mais aussi une exp\u00e9rience compl\u00e8te de vacances d&rsquo;hiver.<\/span><\/p>\n<div class=\"m-stage__content\">\n<div class=\"row\">\n<div class=\"column small-centered small-20\">\n<figure id=\"attachment_230546\" aria-describedby=\"caption-attachment-230546\" style=\"width: 512px\" class=\"wp-caption aligncenter\"><a href=\"https:\/\/swissfederalism.ch\/wp-content\/uploads\/2024\/01\/Lauberhorn-slope-Wengen-BE-Switzerland-Finish-area-with-a-view-of-the-finish-slope-of-the-2017-slalom-Photo-by-Verein-Internationale-Lauberhornrennen-Wengen-CC-BY-SA-4.0-via-Wikimedia-Commons.jpg\"><img decoding=\"async\" class=\"size-full wp-image-230546\" src=\"https:\/\/swissfederalism.ch\/wp-content\/uploads\/2024\/01\/Lauberhorn-slope-Wengen-BE-Switzerland-Finish-area-with-a-view-of-the-finish-slope-of-the-2017-slalom-Photo-by-Verein-Internationale-Lauberhornrennen-Wengen-CC-BY-SA-4.0-via-Wikimedia-Commons.jpg\" alt=\"Lauberhorn slope Wengen BE, Switzerland Finish area with a view of the finish slope of the 2017 slalom Photo by Verein Internationale Lauberhornrennen Wengen, CC BY-SA 4.0, via Wikimedia Commons\" width=\"512\" height=\"514\" srcset=\"https:\/\/swissfederalism.ch\/wp-content\/uploads\/2024\/01\/Lauberhorn-slope-Wengen-BE-Switzerland-Finish-area-with-a-view-of-the-finish-slope-of-the-2017-slalom-Photo-by-Verein-Internationale-Lauberhornrennen-Wengen-CC-BY-SA-4.0-via-Wikimedia-Commons.jpg 512w, https:\/\/swissfederalism.ch\/wp-content\/uploads\/2024\/01\/Lauberhorn-slope-Wengen-BE-Switzerland-Finish-area-with-a-view-of-the-finish-slope-of-the-2017-slalom-Photo-by-Verein-Internationale-Lauberhornrennen-Wengen-CC-BY-SA-4.0-via-Wikimedia-Commons-300x300.jpg 300w, https:\/\/swissfederalism.ch\/wp-content\/uploads\/2024\/01\/Lauberhorn-slope-Wengen-BE-Switzerland-Finish-area-with-a-view-of-the-finish-slope-of-the-2017-slalom-Photo-by-Verein-Internationale-Lauberhornrennen-Wengen-CC-BY-SA-4.0-via-Wikimedia-Commons-150x150.jpg 150w, https:\/\/swissfederalism.ch\/wp-content\/uploads\/2024\/01\/Lauberhorn-slope-Wengen-BE-Switzerland-Finish-area-with-a-view-of-the-finish-slope-of-the-2017-slalom-Photo-by-Verein-Internationale-Lauberhornrennen-Wengen-CC-BY-SA-4.0-via-Wikimedia-Commons-350x351.jpg 350w, https:\/\/swissfederalism.ch\/wp-content\/uploads\/2024\/01\/Lauberhorn-slope-Wengen-BE-Switzerland-Finish-area-with-a-view-of-the-finish-slope-of-the-2017-slalom-Photo-by-Verein-Internationale-Lauberhornrennen-Wengen-CC-BY-SA-4.0-via-Wikimedia-Commons-348x348.jpg 348w, https:\/\/swissfederalism.ch\/wp-content\/uploads\/2024\/01\/Lauberhorn-slope-Wengen-BE-Switzerland-Finish-area-with-a-view-of-the-finish-slope-of-the-2017-slalom-Photo-by-Verein-Internationale-Lauberhornrennen-Wengen-CC-BY-SA-4.0-via-Wikimedia-Commons-45x45.jpg 45w\" sizes=\"(max-width: 512px) 100vw, 512px\" \/><\/a><figcaption id=\"caption-attachment-230546\" class=\"wp-caption-text\"><span class=\"font-377884\">Lauberhorn slope Wengen BE, Switzerland Finish area with a view of the finish slope of the 2017 slalom Photo by Verein Internationale Lauberhornrennen Wengen, CC BY-SA 4.0, via Wikimedia Commons<\/span><\/figcaption><\/figure>\n<h3><span class=\"font-377884\"><mark>Jungfrau Ski Region &#8211; 3 stations en une<\/mark><\/span><\/h3>\n<p><span class=\"font-377884\"><strong>Grindelwald-Wengen, Grindelwald-First<\/strong> et <strong>M\u00fcrren-Schilthorn<\/strong> forment la <strong>Jungfrau Ski Region<\/strong>, une exp\u00e9rience unique<strong> qui s&rsquo;\u00e9tend sur deux vall\u00e9es, trois cha\u00eenes de montagnes et 211 kilom\u00e8tres de pistes<\/strong>. Ce paradis hivernal, avec en toile de fond l&rsquo;Eiger, le M\u00f6nch et la Jungfrau, offre aux amoureux de la neige tout ce qu&rsquo;ils d\u00e9sirent : pentes douces, descentes abruptes, fun parks, pistes de course et f\u00eates de la neige.<\/span><\/p>\n<p><span class=\"font-377884\">La Jungfrau est une majestueuse montagne suisse, la troisi\u00e8me plus haute des Alpes bernoises, \u00e0 4158 m\u00e8tres au-dessus du niveau de la mer. Avec l&rsquo;Eiger et le M\u00f6nch, elle forme une triade embl\u00e9matique connue sous le nom de \u00ab\u00a0Dreigestirn\u00a0\u00bb. Le 13 d\u00e9cembre 2001, il a \u00e9t\u00e9 inscrit sur la liste du patrimoine mondial de l&rsquo;UNESCO en tant que partie de la r\u00e9gion \u00ab\u00a0Schweizer Alpen Jungfrau-Aletsch\u00a0\u00bb, qui comprend \u00e9galement les zones environnantes au sud.<\/span><\/p>\n<p><span class=\"font-377884\">Grindelwald et Wengen sont deux stations touristiques r\u00e9put\u00e9es situ\u00e9es dans la r\u00e9gion de la Jungfrau, qui offrent des vues panoramiques spectaculaires sur les majestueuses montagnes environnantes.<\/span><\/p>\n<figure id=\"attachment_230563\" aria-describedby=\"caption-attachment-230563\" style=\"width: 840px\" class=\"wp-caption aligncenter\"><a href=\"https:\/\/swissfederalism.ch\/wp-content\/uploads\/2024\/01\/Ski-race-World-cup-Lauberhorn-Image-by-Andreas-from-Pixabay-1024x683.jpg\"><img decoding=\"async\" class=\"wp-image-230563 size-large\" src=\"https:\/\/swissfederalism.ch\/wp-content\/uploads\/2024\/01\/Ski-race-World-cup-Lauberhorn-Image-by-Andreas-from-Pixabay-1024x683.jpg\" alt=\"Ski race, World cup, Lauberhorn Image by Andreas from Pixabay\" width=\"840\" height=\"560\" srcset=\"https:\/\/swissfederalism.ch\/wp-content\/uploads\/2024\/01\/Ski-race-World-cup-Lauberhorn-Image-by-Andreas-from-Pixabay-1024x683.jpg 1024w, https:\/\/swissfederalism.ch\/wp-content\/uploads\/2024\/01\/Ski-race-World-cup-Lauberhorn-Image-by-Andreas-from-Pixabay-300x200.jpg 300w, https:\/\/swissfederalism.ch\/wp-content\/uploads\/2024\/01\/Ski-race-World-cup-Lauberhorn-Image-by-Andreas-from-Pixabay-768x512.jpg 768w, https:\/\/swissfederalism.ch\/wp-content\/uploads\/2024\/01\/Ski-race-World-cup-Lauberhorn-Image-by-Andreas-from-Pixabay-1536x1024.jpg 1536w, https:\/\/swissfederalism.ch\/wp-content\/uploads\/2024\/01\/Ski-race-World-cup-Lauberhorn-Image-by-Andreas-from-Pixabay-350x233.jpg 350w, https:\/\/swissfederalism.ch\/wp-content\/uploads\/2024\/01\/Ski-race-World-cup-Lauberhorn-Image-by-Andreas-from-Pixabay.jpg 1920w\" sizes=\"(max-width: 840px) 100vw, 840px\" \/><\/a><figcaption id=\"caption-attachment-230563\" class=\"wp-caption-text\"><span class=\"font-377884\">Ski race, World cup, Lauberhorn Image by Andreas from Pixabay<\/span><\/figcaption><\/figure>\n<div class=\"flex flex-grow flex-col max-w-full\">\n<div class=\"min-h-[20px] text-message flex flex-col items-start gap-3 whitespace-pre-wrap break-words [.text-message+&amp;]:mt-5 overflow-x-auto\" data-message-author-role=\"assistant\" data-message-id=\"cda04424-f2c5-4977-bfc3-a4542eb312bd\">\n<div class=\"markdown prose w-full break-words dark:prose-invert light\">\n<p><span class=\"font-377884\"><strong>Wengen<\/strong>, pittoresque village alpin suisse, est r\u00e9put\u00e9 pour ses vues \u00e0 couper le souffle sur l&rsquo;Eiger, le M\u00f6nch et la Jungfrau. Il offre de fantastiques possibilit\u00e9s de ski d&rsquo;hiver et un acc\u00e8s au spectaculaire Jungfraujoch, avec son c\u00e9l\u00e8bre chemin de fer de montagne. Caract\u00e9ris\u00e9e par des chalets alpins traditionnels, Wengen conserve une atmosph\u00e8re authentique et accueille des courses de ski de renomm\u00e9e mondiale, telles que la Coupe du monde du Lauberhorn. Depuis 1930, les courses internationales du Lauberhorn \u00e0 Wengen sont une ic\u00f4ne du ski alpin et font partie du calendrier de la Coupe du monde FIS. Elles se d\u00e9roulent dans un cadre spectaculaire et offrent le parcours de descente le plus long et le plus difficile. Des l\u00e9gendes du ski telles que Franz Klammer, Ingemar Stenmark et Alberto Tomba sont entr\u00e9es dans l&rsquo;histoire ici. Wengen, la \u00ab\u00a0maison des l\u00e9gendes\u00a0\u00bb, accueille les passionn\u00e9s et les communaut\u00e9s pour un \u00e9v\u00e9nement qui allie sport et \u00e9motion. Un rendez-vous incontournable dans le monde des sports d&rsquo;hiver.<\/span><\/p>\n<p><span class=\"font-377884\">Le train \u00e0 cr\u00e9maill\u00e8re de Wengernalp relie Wengen \u00e0 <strong><em>Kleine Scheidegg<\/em><\/strong> et est c\u00e9l\u00e8bre pour offrir un voyage panoramique unique \u00e0 travers des paysages alpins \u00e0 couper le souffle.<\/span><\/p>\n<p><span class=\"font-377884\"><strong>Grindelwald<\/strong>, nich\u00e9 dans les majestueuses Alpes suisses au c\u0153ur de l&rsquo;Oberland bernois, est un charmant village alpin connu pour son extraordinaire beaut\u00e9 et son acc\u00e8s privil\u00e9gi\u00e9 aux spectaculaires montagnes environnantes. En hiver, le village devient une destination id\u00e9ale pour les sports d&rsquo;hiver, avec des pistes de ski, des pistes de luge et des possibilit\u00e9s de faire de la raquette.<\/span><\/p>\n<p><span class=\"font-377884\"><strong>Le Velogemel<\/strong> est un v\u00e9hicule unique qui repr\u00e9sente un hybride entre un v\u00e9lo, une luge et des skis et qui a \u00e9t\u00e9 con\u00e7u pour s&rsquo;amuser dans la neige. Il n&rsquo;a pas \u00e9t\u00e9 cr\u00e9\u00e9 \u00e0 l&rsquo;origine \u00e0 des fins r\u00e9cr\u00e9atives, mais il est aujourd&rsquo;hui principalement utilis\u00e9 sur les neuf derniers kilom\u00e8tres de la piste de luge \u00ab\u00a0Big Pintenfritz\u00a0\u00bb \u00e0 Grindelwald, qui, avec une longueur totale de 15 kilom\u00e8tres, est la plus longue piste de luge d&rsquo;Europe.<\/span><span class=\"font-377884\"><strong>Le village d&rsquo;igloos de Grindelwald<\/strong> est une destination inhabituelle et enchanteresse pour ceux qui souhaitent vivre l&rsquo;hiver alpin de mani\u00e8re unique, immerg\u00e9s dans la magie d&rsquo;un environnement glac\u00e9. Cette structure temporaire et \u00e9vocatrice offre une exp\u00e9rience unique, permettant aux visiteurs de s\u00e9journer dans des igloos de glace o\u00f9 ils peuvent \u00e9galement d\u00e9guster des plats suisses traditionnels et s&rsquo;adonner \u00e0 des activit\u00e9s telles que le curling, la randonn\u00e9e en raquettes et d&rsquo;autres exp\u00e9riences hivernales.<\/span><\/p>\n<p><span class=\"font-377884\"><strong>Grindelwald First,<\/strong> pendant la saison hivernale, offre des activit\u00e9s passionnantes et des paysages alpins magiques. Les pistes de ski offrent des descentes spectaculaires tandis que les amateurs de snowboard peuvent relever des d\u00e9fis sur des parcours sp\u00e9cialement con\u00e7us. Le First Flieger, une c\u00e9l\u00e8bre tyrolienne qui permet aux visiteurs de glisser \u00e0 travers le paysage alpin \u00e0 une vitesse pouvant atteindre 80 km\/h, est devenu une attraction tr\u00e8s populaire. Le First Glider offre une exp\u00e9rience de vol unique sur une structure semblable \u00e0 un deltaplane ancr\u00e9e \u00e0 une ligne, permettant aux participants de \u00ab\u00a0voler\u00a0\u00bb au-dessus du paysage alpin, \u00e9galement \u00e0 80 km\/h. Le First Cliff Walk offre une exp\u00e9rience passionnante sur un pont suspendu sp\u00e9cialement con\u00e7u qui s&rsquo;\u00e9tend le long d&rsquo;une falaise, offrant une vue spectaculaire sur les montagnes environnantes, y compris l&rsquo;Eiger. En chemin, les visiteurs peuvent marcher sur des passerelles en verre et en m\u00e9tal ancr\u00e9es dans la roche, offrant une perspective unique sur les sommets alpins et la vall\u00e9e en contrebas.<\/span><span class=\"font-377884\"><strong>M\u00fcrren-Schilthorn<\/strong> est connu pour \u00eatre le lieu de tournage de l&rsquo;une des sc\u00e8nes les plus embl\u00e9matiques de James Bond. Dans le film \u00ab\u00a0Au service secret de Sa Majest\u00e9\u00a0\u00bb (1969), la station du Schilthorn, situ\u00e9e \u00e0 2 970 m\u00e8tres d&rsquo;altitude, sert de base au m\u00e9chant Blofeld. La c\u00e9l\u00e8bre s\u00e9quence de ski avec James Bond, interpr\u00e9t\u00e9 par George Lazenby, a \u00e9t\u00e9 tourn\u00e9e sur les spectaculaires pentes environnantes. Le restaurant tournant Piz Gloria permet aux visiteurs de d\u00e9guster des d\u00e9lices culinaires tout en admirant des panoramas \u00e0 360 degr\u00e9s. Cet endroit offre des pistes de ski pour les amateurs, des descentes abruptes pour les snowboarders et des sentiers d&rsquo;hiver enchanteurs pour les amoureux de la neige.<\/span><\/p>\n<p><span class=\"font-377884\"><strong>Lauterbrunnen<\/strong>, charmante m\u00eame en hiver, se transforme en un pays magique lorsque les sommets de la r\u00e9gion de la Jungfrau sont recouverts de neige. Les c\u00e9l\u00e8bres chutes d&rsquo;eau se transforment en sculptures de glace, tandis que les chalets et les villages alpins semblent sortir d&rsquo;un conte de f\u00e9es. Les activit\u00e9s hivernales vont des promenades dans les villages aux randonn\u00e9es le long de la rivi\u00e8re blanche L\u00fctschine, avec ses paysages enneig\u00e9s et ses cascades gel\u00e9es. Sulwald offre une exp\u00e9rience plus active avec des raquettes, des randonn\u00e9es hivernales et de la luge, offrant des vues spectaculaires sur l&rsquo;Eiger, le M\u00f6nch et la Jungfrau.<\/span><\/p>\n<\/div>\n<\/div>\n<\/div>\n<figure id=\"attachment_230550\" aria-describedby=\"caption-attachment-230550\" style=\"width: 512px\" class=\"wp-caption aligncenter\"><a href=\"https:\/\/swissfederalism.ch\/wp-content\/uploads\/2024\/01\/The-new-column-free-aerial-tramway-over-the-Urdental-valley.-It-connects-the-ski-areas-of-Lenzerheide-and-Arosa-Photo-by-Andreas-Faessler-CC-BY-SA-3.0-via-Wikimedia-Commons.jpg\"><img decoding=\"async\" class=\"size-full wp-image-230550\" src=\"https:\/\/swissfederalism.ch\/wp-content\/uploads\/2024\/01\/The-new-column-free-aerial-tramway-over-the-Urdental-valley.-It-connects-the-ski-areas-of-Lenzerheide-and-Arosa-Photo-by-Andreas-Faessler-CC-BY-SA-3.0-via-Wikimedia-Commons.jpg\" alt=\"The new, column-free aerial tramway over the Urdental valley. It connects the ski areas of Lenzerheide and Arosa Photo by Andreas Faessler, CC BY-SA 3.0, via Wikimedia Commons\" width=\"512\" height=\"370\" srcset=\"https:\/\/swissfederalism.ch\/wp-content\/uploads\/2024\/01\/The-new-column-free-aerial-tramway-over-the-Urdental-valley.-It-connects-the-ski-areas-of-Lenzerheide-and-Arosa-Photo-by-Andreas-Faessler-CC-BY-SA-3.0-via-Wikimedia-Commons.jpg 512w, https:\/\/swissfederalism.ch\/wp-content\/uploads\/2024\/01\/The-new-column-free-aerial-tramway-over-the-Urdental-valley.-It-connects-the-ski-areas-of-Lenzerheide-and-Arosa-Photo-by-Andreas-Faessler-CC-BY-SA-3.0-via-Wikimedia-Commons-300x217.jpg 300w, https:\/\/swissfederalism.ch\/wp-content\/uploads\/2024\/01\/The-new-column-free-aerial-tramway-over-the-Urdental-valley.-It-connects-the-ski-areas-of-Lenzerheide-and-Arosa-Photo-by-Andreas-Faessler-CC-BY-SA-3.0-via-Wikimedia-Commons-350x253.jpg 350w\" sizes=\"(max-width: 512px) 100vw, 512px\" \/><\/a><figcaption id=\"caption-attachment-230550\" class=\"wp-caption-text\"><span class=\"font-377884\">The new, column-free aerial tramway over the Urdental valley. It connects the ski areas of Lenzerheide and Arosa Photo by Andreas Faessler, CC BY-SA 3.0, via Wikimedia Commons<\/span><\/figcaption><\/figure>\n<div class=\"flex flex-grow flex-col max-w-full\">\n<div class=\"min-h-[20px] text-message flex flex-col items-start gap-3 whitespace-pre-wrap break-words [.text-message+&amp;]:mt-5 overflow-x-auto\" data-message-author-role=\"assistant\" data-message-id=\"8ee96d25-bb84-4430-8cdf-68fb422def83\">\n<div class=\"markdown prose w-full break-words dark:prose-invert light\">\n<h3><span class=\"font-377884\"><mark>Arosa-Lenzerheide, la station magique des sommets suisses<\/mark><\/span><\/h3>\n<p><span class=\"font-377884\">La station de ski d&rsquo;Arosa-Lenzerheide est la plus grande du canton des Grisons et la cinqui\u00e8me de Suisse. <strong>Ses 225 kilom\u00e8tres de pistes, allant de 1 229 m\u00e8tres \u00e0 2 865 m\u00e8tres, offrent diverses options adapt\u00e9es \u00e0 diff\u00e9rents niveaux de comp\u00e9tence.<\/strong> Parmi les pistes les plus sp\u00e9ciales, on trouve la piste de descente FIS de 1,5 km, plusieurs snowparks, la piste de ski \u00ab\u00a0Runda Lai\u00a0\u00bb avec plusieurs options pour diff\u00e9rents niveaux de ski, et de nombreuses descentes hors-piste pour les amateurs de freeride.<\/span><\/p>\n<p><span class=\"font-377884\">Outre son offre hivernale diversifi\u00e9e, la station de ski d&rsquo;Arosa-Lenzerheide se distingue \u00e9galement par un engagement \u00e9cologique important. La station a adopt\u00e9 une s\u00e9rie de projets visant \u00e0 prot\u00e9ger le climat et \u00e0 contribuer de mani\u00e8re durable \u00e0 la pr\u00e9servation des sports d&rsquo;hiver. Actuellement, 100 % de l&rsquo;\u00e9nergie utilis\u00e9e dans la station provient de sources renouvelables, et d&rsquo;autres initiatives \u00e9cologiques sont pr\u00e9vues pour l&rsquo;avenir.<\/span><\/p>\n<p><span class=\"font-377884\">Arosa-Lenzerheide est donc une destination id\u00e9ale pour les amateurs de sports d&rsquo;hiver \u00e0 la recherche d&rsquo;une exp\u00e9rience compl\u00e8te, avec un large \u00e9ventail de pistes et un engagement en faveur de la durabilit\u00e9 environnementale.<\/span><\/p>\n<p><span class=\"font-377884\">C&rsquo;est \u00e9galement \u00e0 Lenzerheide que le philosophe <strong><em>Friedrich Nietzsche<\/em><\/strong> a \u00e9crit son c\u00e9l\u00e8bre fragment posthume sur le nihilisme.<\/span><\/p>\n<p><span class=\"font-377884\">En 2024, Arosa-Lenzerheide figurait \u00e0<strong> la dix-huiti\u00e8me place<\/strong> de la liste Forbes \u00ab\u00a0<strong><em>The World&rsquo;s Best Ski Resorts<\/em><\/strong>\u00a0\u00bb (les meilleures stations de ski du monde).<\/span><\/p>\n<\/div>\n<\/div>\n<\/div>\n<figure id=\"attachment_230571\" aria-describedby=\"caption-attachment-230571\" style=\"width: 1024px\" class=\"wp-caption aligncenter\"><a href=\"https:\/\/swissfederalism.ch\/wp-content\/uploads\/2024\/01\/Les-Crosets-Portes-Du-Soleil-Suisse-Photo-by-Martin-Weinhardt-CC-BY-3.0-via-Wikimedia-Common.jpeg\"><img decoding=\"async\" class=\"size-full wp-image-230571\" src=\"https:\/\/swissfederalism.ch\/wp-content\/uploads\/2024\/01\/Les-Crosets-Portes-Du-Soleil-Suisse-Photo-by-Martin-Weinhardt-CC-BY-3.0-via-Wikimedia-Common.jpeg\" alt=\"Les Crosets Portes Du Soleil Suisse Photo by Martin Weinhardt, CC BY 3.0, via Wikimedia Common\" width=\"1024\" height=\"683\" srcset=\"https:\/\/swissfederalism.ch\/wp-content\/uploads\/2024\/01\/Les-Crosets-Portes-Du-Soleil-Suisse-Photo-by-Martin-Weinhardt-CC-BY-3.0-via-Wikimedia-Common.jpeg 1024w, https:\/\/swissfederalism.ch\/wp-content\/uploads\/2024\/01\/Les-Crosets-Portes-Du-Soleil-Suisse-Photo-by-Martin-Weinhardt-CC-BY-3.0-via-Wikimedia-Common-300x200.jpeg 300w, https:\/\/swissfederalism.ch\/wp-content\/uploads\/2024\/01\/Les-Crosets-Portes-Du-Soleil-Suisse-Photo-by-Martin-Weinhardt-CC-BY-3.0-via-Wikimedia-Common-768x512.jpeg 768w, https:\/\/swissfederalism.ch\/wp-content\/uploads\/2024\/01\/Les-Crosets-Portes-Du-Soleil-Suisse-Photo-by-Martin-Weinhardt-CC-BY-3.0-via-Wikimedia-Common-350x233.jpeg 350w\" sizes=\"(max-width: 1024px) 100vw, 1024px\" \/><\/a><figcaption id=\"caption-attachment-230571\" class=\"wp-caption-text\"><span class=\"font-377884\">Les Crosets Portes Du Soleil Suisse Photo by Martin Weinhardt, CC BY 3.0, via Wikimedia Common<\/span><\/figcaption><\/figure>\n<h3><span class=\"font-377884\"><mark>Les Portes du Soleil : le premier domaine skiable transfrontalier au monde, un paradis du ski international<\/mark><\/span><\/h3>\n<p><span class=\"font-377884\"><strong>Les Portes du Soleil, le plus grand domaine skiable international s&rsquo;\u00e9tendant de la Suisse \u00e0 la France, avec 650 km de pistes<\/strong> accessibles par un seul et m\u00eame forfait ! Pour les amoureux de la nature, 360 km de sentiers de randonn\u00e9e permettent de d\u00e9couvrir des paysages sauvages \u00e0 pied ou en raquettes.<\/span><\/p>\n<p><span class=\"font-377884\">Le domaine skiable franco-suisse des Portes du Soleil est la premi\u00e8re station de ski transfrontali\u00e8re au monde et offre des panoramas majestueux. Sa cr\u00e9ation a d\u00e9but\u00e9 dans les ann\u00e9es 1960 par le rattachement de plusieurs stations de ski pr\u00e9existantes en France et en Suisse.<\/span><\/p>\n<p><span class=\"font-377884\">Deux nations, deux monnaies, deux modes de vie diff\u00e9rents, mais une langue commune et un amour partag\u00e9 de la montagne. Les 12 stations typiques ou ultramodernes qui composent ce territoire ont su pr\u00e9server le charme de la vie en montagne \u00e0 haute altitude.<\/span><\/p>\n<p><span class=\"font-377884\">Avec un large \u00e9ventail de Snowparks et de nombreuses pistes de luge, Les Portes du Soleil promettent un plaisir sans limite. Pour une exp\u00e9rience compl\u00e8te, profitez des nombreuses activit\u00e9s pour toute la famille et offrez-vous un moment de d\u00e9tente au spa situ\u00e9 \u00e0 proximit\u00e9. L&rsquo;offre est compl\u00e9t\u00e9e par 214 km de pistes de ski de fond.<\/span><\/p>\n<p><span class=\"font-377884\">La station <strong>s&rsquo;est class\u00e9e en deuxi\u00e8me position<\/strong> dans le classement \u00ab\u00a0<em><strong>The World&rsquo;s Best Ski Resorts<\/strong><\/em>\u00a0\u00bb \u00e9tabli par Forbes en 2024.<\/span><\/p>\n<figure id=\"attachment_230575\" aria-describedby=\"caption-attachment-230575\" style=\"width: 1024px\" class=\"wp-caption aligncenter\"><a href=\"https:\/\/swissfederalism.ch\/wp-content\/uploads\/2024\/01\/Silvretta-Arena-\u2013-Schneebeben-Apres-Ski-in-Samnaun-Photo-by-Triplec85-CC0-via-Wikimedia-Commons.jpg\"><img decoding=\"async\" class=\"size-full wp-image-230575\" src=\"https:\/\/swissfederalism.ch\/wp-content\/uploads\/2024\/01\/Silvretta-Arena-\u2013-Schneebeben-Apres-Ski-in-Samnaun-Photo-by-Triplec85-CC0-via-Wikimedia-Commons.jpg\" alt=\"Silvretta Arena \u2013 Schneebeben Apr\u00e8s-Ski in Samnaun Photo by Triplec85, CC0, via Wikimedia Commons\" width=\"1024\" height=\"576\" srcset=\"https:\/\/swissfederalism.ch\/wp-content\/uploads\/2024\/01\/Silvretta-Arena-\u2013-Schneebeben-Apres-Ski-in-Samnaun-Photo-by-Triplec85-CC0-via-Wikimedia-Commons.jpg 1024w, https:\/\/swissfederalism.ch\/wp-content\/uploads\/2024\/01\/Silvretta-Arena-\u2013-Schneebeben-Apres-Ski-in-Samnaun-Photo-by-Triplec85-CC0-via-Wikimedia-Commons-300x169.jpg 300w, https:\/\/swissfederalism.ch\/wp-content\/uploads\/2024\/01\/Silvretta-Arena-\u2013-Schneebeben-Apres-Ski-in-Samnaun-Photo-by-Triplec85-CC0-via-Wikimedia-Commons-768x432.jpg 768w, https:\/\/swissfederalism.ch\/wp-content\/uploads\/2024\/01\/Silvretta-Arena-\u2013-Schneebeben-Apres-Ski-in-Samnaun-Photo-by-Triplec85-CC0-via-Wikimedia-Commons-350x197.jpg 350w\" sizes=\"(max-width: 1024px) 100vw, 1024px\" \/><\/a><figcaption id=\"caption-attachment-230575\" class=\"wp-caption-text\"><span class=\"font-377884\">Silvretta Arena \u2013 Schneebeben Apr\u00e8s-Ski in Samnaun Photo by Triplec85, CC0, via Wikimedia Commons<\/span><\/figcaption><\/figure>\n<h3><span class=\"font-377884\"><mark>Silvretta Arena : ski et aventures sur le premier t\u00e9l\u00e9ph\u00e9rique \u00e0 deux \u00e9tages de Samnaun<\/mark><\/span><\/h3>\n<p><span class=\"font-377884\">La Silvretta Arena, situ\u00e9e \u00e0 la fronti\u00e8re entre la Suisse et l&rsquo;Autriche, est une destination exceptionnelle qui offre bien plus qu&rsquo;une simple aventure de ski. Dans la ville de Samnaun, vous trouverez la premi\u00e8re t\u00e9l\u00e9cabine \u00e0 deux \u00e9tages au monde. Cette exp\u00e9rience unique offre un plaisir de ski sans fin, en reliant le domaine skiable transfrontalier de Silvretta Arena Samnaun\/Ischgl.<\/span><\/p>\n<p><span class=\"font-377884\"><strong>Ici, vous pouvez skier sur 580 km de pistes<\/strong> qui serpentent \u00e0 travers les vall\u00e9es et les sommets du groupe Silvretta, offrant des vues \u00e0 couper le souffle sur la vall\u00e9e de Samnaun, le Piz Mundin, le Muttler et le Fluchthorn.<\/span><\/p>\n<p><span class=\"font-377884\">Ischgl-Samnaun, le c\u00e9l\u00e8bre domaine skiable connu sous le nom de \u00ab\u00a0Silvretta Arena\u00a0\u00bb, offre une exp\u00e9rience hivernale extraordinaire avec de la neige jusqu&rsquo;au d\u00e9but du mois de mai et une atmosph\u00e8re internationale.<\/span><\/p>\n<p><span class=\"font-377884\">La \u00ab\u00a0Schmugglerrunde\u00a0\u00bb &#8211; la route des contrebandiers \u00e0 Ischgl &#8211; est sans aucun doute une piste que les amateurs de ski et de snowboard peuvent explorer, en suivant les traces des contrebandiers et en imaginant les efforts qu&rsquo;il fallait d\u00e9ployer autrefois pour faire passer des objets de valeur en contrebande.<\/span><\/p>\n<p><span class=\"font-377884\">En fonction du niveau de difficult\u00e9, les amateurs de sports d&rsquo;hiver ont le choix entre trois itin\u00e9raires : de la Goldrunde (route de l&rsquo;or) \u00e0 la Silberrunde (route de l&rsquo;argent) en passant par la Bronzerunde (route du bronze), plus facile et plus accessible, \u00e0 travers les pistes bleues.<\/span><\/p>\n<p><span class=\"font-377884\">En 2024, Forbes a <strong>class\u00e9 la station au sixi\u00e8me rang<\/strong> des \u00ab\u00a0<strong><em> Best World&rsquo;s Ski Resorts<\/em> <\/strong>\u00a0\u00bb (meilleures stations de ski au monde).<\/span><\/p>\n<figure id=\"attachment_230595\" aria-describedby=\"caption-attachment-230595\" style=\"width: 840px\" class=\"wp-caption aligncenter\"><a href=\"https:\/\/swissfederalism.ch\/wp-content\/uploads\/2024\/01\/mountains-Image-by-Phillip-Kofler-from-Pixabay-1024x683.jpg\"><img decoding=\"async\" class=\"size-large wp-image-230595\" src=\"https:\/\/swissfederalism.ch\/wp-content\/uploads\/2024\/01\/mountains-Image-by-Phillip-Kofler-from-Pixabay-1024x683.jpg\" alt=\"Mountains Image by Phillip Kofler from Pixabay\" width=\"840\" height=\"560\" srcset=\"https:\/\/swissfederalism.ch\/wp-content\/uploads\/2024\/01\/mountains-Image-by-Phillip-Kofler-from-Pixabay-1024x683.jpg 1024w, https:\/\/swissfederalism.ch\/wp-content\/uploads\/2024\/01\/mountains-Image-by-Phillip-Kofler-from-Pixabay-300x200.jpg 300w, https:\/\/swissfederalism.ch\/wp-content\/uploads\/2024\/01\/mountains-Image-by-Phillip-Kofler-from-Pixabay-768x512.jpg 768w, https:\/\/swissfederalism.ch\/wp-content\/uploads\/2024\/01\/mountains-Image-by-Phillip-Kofler-from-Pixabay-1536x1024.jpg 1536w, https:\/\/swissfederalism.ch\/wp-content\/uploads\/2024\/01\/mountains-Image-by-Phillip-Kofler-from-Pixabay-350x233.jpg 350w, https:\/\/swissfederalism.ch\/wp-content\/uploads\/2024\/01\/mountains-Image-by-Phillip-Kofler-from-Pixabay.jpg 1920w\" sizes=\"(max-width: 840px) 100vw, 840px\" \/><\/a><figcaption id=\"caption-attachment-230595\" class=\"wp-caption-text\"><span class=\"font-377884\">Mountains Image by Phillip Kofler from Pixabay<\/span><\/figcaption><\/figure>\n<h3><span class=\"font-377884\"><mark>Obersaxen Mundaun : une station de ski dans les majestueuses montagnes des Grisons<\/mark><\/span><\/h3>\n<p><span class=\"font-377884\">Obersaxen Mundaun offre une exp\u00e9rience hivernale compl\u00e8te aux amateurs de sport et de soleil. <strong>Avec 120 kilom\u00e8tres de pistes<\/strong> spectaculaires s&rsquo;\u00e9tendant sur des pentes de neige profonde dans toutes les directions, la r\u00e9gion s&rsquo;enorgueillit d&rsquo;un domaine skiable unique qui relie de mani\u00e8re captivante Obersaxen Mundaun \u00e0 la vall\u00e9e de Lumnezia. Dans la r\u00e9gion, vous trouverez des remont\u00e9es m\u00e9caniques pour enfants, des bars \u00e0 neige accueillants pour des moments de d\u00e9tente et des refuges de montagne traditionnels.<\/span><\/p>\n<p><span class=\"font-377884\">Que vous soyez d\u00e9butant ou expert, en famille ou sportif, le domaine skiable d&rsquo;hiver d&rsquo;Obersaxen Mundaun Val Lumnezia, qui a \u00e9galement re\u00e7u le prix ADAC, offre quelque chose pour tout le monde. Les pistes recouvertes d&rsquo;une neige garantie et les conditions parfaites promettent des plaisirs hivernaux sans souci.<\/span><\/p>\n<figure id=\"attachment_230512\" aria-describedby=\"caption-attachment-230512\" style=\"width: 840px\" class=\"wp-caption aligncenter\"><a href=\"https:\/\/swissfederalism.ch\/wp-content\/uploads\/2024\/01\/Corvatsch-Park-Image-by-Antelao-from-Pixabay-1024x530.jpg\"><img decoding=\"async\" class=\"size-large wp-image-230512\" src=\"https:\/\/swissfederalism.ch\/wp-content\/uploads\/2024\/01\/Corvatsch-Park-Image-by-Antelao-from-Pixabay-1024x530.jpg\" alt=\"Corvatsch Park Image by Antelao from Pixabay\" width=\"840\" height=\"435\" srcset=\"https:\/\/swissfederalism.ch\/wp-content\/uploads\/2024\/01\/Corvatsch-Park-Image-by-Antelao-from-Pixabay-1024x530.jpg 1024w, https:\/\/swissfederalism.ch\/wp-content\/uploads\/2024\/01\/Corvatsch-Park-Image-by-Antelao-from-Pixabay-300x155.jpg 300w, https:\/\/swissfederalism.ch\/wp-content\/uploads\/2024\/01\/Corvatsch-Park-Image-by-Antelao-from-Pixabay-768x397.jpg 768w, https:\/\/swissfederalism.ch\/wp-content\/uploads\/2024\/01\/Corvatsch-Park-Image-by-Antelao-from-Pixabay-1536x794.jpg 1536w, https:\/\/swissfederalism.ch\/wp-content\/uploads\/2024\/01\/Corvatsch-Park-Image-by-Antelao-from-Pixabay-350x181.jpg 350w, https:\/\/swissfederalism.ch\/wp-content\/uploads\/2024\/01\/Corvatsch-Park-Image-by-Antelao-from-Pixabay.jpg 1920w\" sizes=\"(max-width: 840px) 100vw, 840px\" \/><\/a><figcaption id=\"caption-attachment-230512\" class=\"wp-caption-text\"><span class=\"font-377884\">Corvatsch Park Image by Antelao from Pixabay<\/span><\/figcaption><\/figure>\n<h3><span class=\"font-377884\"><mark>Corvatsch, Diavolezza et Lagalb : \u00e0 la d\u00e9couverte des sommets skiables des Grisons<\/mark><\/span><\/h3>\n<p><span class=\"font-377884\"><strong>Corvatsch, avec ses 120 kilom\u00e8tres de pistes et de sentiers de randonn\u00e9e, offre une exp\u00e9rience unique au c\u0153ur du canton des Grisons.<\/strong> La station sommitale, situ\u00e9e \u00e0 3303 m\u00e8tres au-dessus du niveau de la mer, est la plus haute de la r\u00e9gion et s&rsquo;enorgueillit d&rsquo;\u00eatre la distillerie de whisky la plus haute du monde. En \u00e9t\u00e9, les sentiers de randonn\u00e9e offrent tranquillit\u00e9 et beaut\u00e9 naturelle, tandis qu&rsquo;en hiver, le Corvatsch Park et la Snow Night animent les pistes.<\/span><\/p>\n<p><span class=\"font-377884\"><strong>Le Corvatsch Park,<\/strong> l&rsquo;un des plus grands parcs \u00e0 neige des Alpes, a connu une \u00e9volution remarquable. Autrefois, il s&rsquo;agissait d&rsquo;une destination pour les \u00e9quipes de tournage afin de filmer le freeride hors-piste. Aujourd&rsquo;hui, le sommet du Grand Corbeau est devenu une ic\u00f4ne de la culture freestyle de haut niveau. Au cours des dix derni\u00e8res ann\u00e9es, le Corvatsch Park est devenu l&rsquo;un des snowparks les plus impressionnants des Alpes, accueillant des comp\u00e9titions nationales et internationales.<\/span><\/p>\n<p><span class=\"font-377884\">En 2025, Corvatsch accueillera les disciplines halfpipe et slopestyle des <strong><em>championnats du monde FIS de freestyle<\/em> <\/strong>dans le cadre enchanteur de l&rsquo;Engadine.<\/span><\/p>\n<p><span class=\"font-377884\">A Corvatsch, les pistes restent ouvertes jusqu&rsquo;\u00e0 la fin du mois d&rsquo;avril. La Diavolezza est synonyme d&rsquo;aventure en haute altitude et sur glacier et offre une vue enchanteresse sur le groupe de la Bernina. \u00c0 2978 m\u00e8tres d&rsquo;altitude se trouve la Diavolezza de Berghaus, \u00e0 la fois refuge et h\u00f4tel. Le pic Lagalb, qui compl\u00e8te l&rsquo;offre, est la destination hivernale par excellence pour les amateurs de sports d&rsquo;hiver \u00e0 la recherche de pentes difficiles et peu fr\u00e9quent\u00e9es.<\/span><\/p>\n<div class=\"flex flex-grow flex-col max-w-full\">\n<div class=\"min-h-[20px] text-message flex flex-col items-start gap-3 whitespace-pre-wrap break-words [.text-message+&amp;]:mt-5 overflow-x-auto\" data-message-author-role=\"assistant\" data-message-id=\"fefd74e8-c9ce-4fd2-bb0b-adcf2504e0fe\">\n<div class=\"markdown prose w-full break-words dark:prose-invert light\">\n<div class=\"flex flex-grow flex-col max-w-full\">\n<div class=\"min-h-[20px] text-message flex flex-col items-start gap-3 whitespace-pre-wrap break-words [.text-message+&amp;]:mt-5 overflow-x-auto\" data-message-author-role=\"assistant\" data-message-id=\"d3770b2e-24f2-4a85-9500-a3169aa42d8c\">\n<div class=\"markdown prose w-full break-words dark:prose-invert light\">\n<div class=\"flex flex-grow flex-col max-w-full\">\n<div class=\"min-h-[20px] text-message flex flex-col items-start gap-3 whitespace-pre-wrap break-words [.text-message+&amp;]:mt-5 overflow-x-auto\" data-message-author-role=\"assistant\" data-message-id=\"2c2f7001-1638-43b4-8d87-a559b5bfa179\">\n<div class=\"markdown prose w-full break-words dark:prose-invert light\">\n<figure id=\"attachment_230579\" aria-describedby=\"caption-attachment-230579\" style=\"width: 1024px\" class=\"wp-caption aligncenter\"><a href=\"https:\/\/swissfederalism.ch\/wp-content\/uploads\/2024\/01\/TitlisschanzeSprung-Photo-by-Mussklprozz-CC-BY-SA-4.0-via-Wikimedia-Common.jpg\"><img decoding=\"async\" class=\"size-full wp-image-230579\" src=\"https:\/\/swissfederalism.ch\/wp-content\/uploads\/2024\/01\/TitlisschanzeSprung-Photo-by-Mussklprozz-CC-BY-SA-4.0-via-Wikimedia-Common.jpg\" alt=\"Titlis Schanze Sprung Photo by Mussklprozz, CC BY-SA 4.0, via Wikimedia Common\" width=\"1024\" height=\"694\" srcset=\"https:\/\/swissfederalism.ch\/wp-content\/uploads\/2024\/01\/TitlisschanzeSprung-Photo-by-Mussklprozz-CC-BY-SA-4.0-via-Wikimedia-Common.jpg 1024w, https:\/\/swissfederalism.ch\/wp-content\/uploads\/2024\/01\/TitlisschanzeSprung-Photo-by-Mussklprozz-CC-BY-SA-4.0-via-Wikimedia-Common-300x203.jpg 300w, https:\/\/swissfederalism.ch\/wp-content\/uploads\/2024\/01\/TitlisschanzeSprung-Photo-by-Mussklprozz-CC-BY-SA-4.0-via-Wikimedia-Common-768x521.jpg 768w, https:\/\/swissfederalism.ch\/wp-content\/uploads\/2024\/01\/TitlisschanzeSprung-Photo-by-Mussklprozz-CC-BY-SA-4.0-via-Wikimedia-Common-350x237.jpg 350w\" sizes=\"(max-width: 1024px) 100vw, 1024px\" \/><\/a><figcaption id=\"caption-attachment-230579\" class=\"wp-caption-text\"><span class=\"font-377884\">Titlis Schanze Sprung Photo by Mussklprozz, CC BY-SA 4.0, via Wikimedia Common<\/span><\/figcaption><\/figure>\n<h3><span class=\"font-377884\"><mark>Titlis &#8211; Engelberg : ski parmi les sommets de la Suisse centrale<\/mark><\/span><\/h3>\n<p><span class=\"font-377884\">Le Titlis est une montagne des Alpes bernoises, dans le canton d&rsquo;Obwald. <strong>C&rsquo;est l&rsquo;un des plus grands domaines skiables de la Zentralschweiz, avec environ 80 kilom\u00e8tres de pistes,<\/strong> tandis que le sommet le plus \u00e9lev\u00e9 s&rsquo;\u00e9l\u00e8ve \u00e0 un peu plus de 3 000 m\u00e8tres. Des t\u00e9l\u00e9ph\u00e9riques relient Engelberg \u00e0 Tr\u00fcbsee et Stand, offrant des vues \u00e0 couper le souffle. Gr\u00e2ce au glacier et \u00e0 la neige programm\u00e9e, la saison de ski s&rsquo;\u00e9tend sur environ huit mois.<\/span><\/p>\n<p><span class=\"font-377884\">Pont suspendu <strong>Titlis Cliff Walk<\/strong>, situ\u00e9 pr\u00e8s du sommet, c&rsquo;est le plus haut pont suspendu d&rsquo;Europe.<\/span><\/p>\n<p><span class=\"font-377884\">Il abrite le <strong>TITLIS Rotair<\/strong>, le premier t\u00e9l\u00e9ph\u00e9rique rotatif au monde.<\/span><\/p>\n<\/div>\n<\/div>\n<\/div>\n<figure id=\"attachment_230583\" aria-describedby=\"caption-attachment-230583\" style=\"width: 840px\" class=\"wp-caption aligncenter\"><a href=\"https:\/\/swissfederalism.ch\/wp-content\/uploads\/2024\/01\/Peak-Walk-By-Tissot-Glacier-3000-Les-Diablerets-Photo-by-Chris-Sche-Bo-scaled.jpg\"><img decoding=\"async\" class=\"size-large wp-image-230583\" src=\"https:\/\/swissfederalism.ch\/wp-content\/uploads\/2024\/01\/Peak-Walk-By-Tissot-Glacier-3000-Les-Diablerets-Photo-by-Chris-Sche-Bo-1024x768.jpg\" alt=\"Peak Walk By Tissot - Glacier 3000 - Les Diablerets Photo by Chris Sche-Bo\" width=\"840\" height=\"630\" srcset=\"https:\/\/swissfederalism.ch\/wp-content\/uploads\/2024\/01\/Peak-Walk-By-Tissot-Glacier-3000-Les-Diablerets-Photo-by-Chris-Sche-Bo-1024x768.jpg 1024w, https:\/\/swissfederalism.ch\/wp-content\/uploads\/2024\/01\/Peak-Walk-By-Tissot-Glacier-3000-Les-Diablerets-Photo-by-Chris-Sche-Bo-300x225.jpg 300w, https:\/\/swissfederalism.ch\/wp-content\/uploads\/2024\/01\/Peak-Walk-By-Tissot-Glacier-3000-Les-Diablerets-Photo-by-Chris-Sche-Bo-768x576.jpg 768w, https:\/\/swissfederalism.ch\/wp-content\/uploads\/2024\/01\/Peak-Walk-By-Tissot-Glacier-3000-Les-Diablerets-Photo-by-Chris-Sche-Bo-1536x1152.jpg 1536w, https:\/\/swissfederalism.ch\/wp-content\/uploads\/2024\/01\/Peak-Walk-By-Tissot-Glacier-3000-Les-Diablerets-Photo-by-Chris-Sche-Bo-2048x1536.jpg 2048w, https:\/\/swissfederalism.ch\/wp-content\/uploads\/2024\/01\/Peak-Walk-By-Tissot-Glacier-3000-Les-Diablerets-Photo-by-Chris-Sche-Bo-350x263.jpg 350w, https:\/\/swissfederalism.ch\/wp-content\/uploads\/2024\/01\/Peak-Walk-By-Tissot-Glacier-3000-Les-Diablerets-Photo-by-Chris-Sche-Bo-scaled.jpg 2560w\" sizes=\"(max-width: 840px) 100vw, 840px\" \/><\/a><figcaption id=\"caption-attachment-230583\" class=\"wp-caption-text\"><span class=\"font-377884\">Peak Walk By Tissot &#8211; Glacier 3000 &#8211; Les Diablerets Photo by Chris Sche-Bo<\/span><\/figcaption><\/figure>\n<div class=\"flex flex-grow flex-col max-w-full\">\n<div class=\"min-h-[20px] text-message flex flex-col items-start gap-3 whitespace-pre-wrap break-words [.text-message+&amp;]:mt-5 overflow-x-auto\" data-message-author-role=\"assistant\" data-message-id=\"5ac2f0c6-7466-43e6-9573-f1714b1c9a05\">\n<div class=\"markdown prose w-full break-words dark:prose-invert light\">\n<h3><span class=\"font-377884\"><mark>Villars-Gryon-Diablerets-Bex : entre vignobles et glaciers<\/mark><\/span><\/h3>\n<p><span class=\"font-377884\"><strong>Situ\u00e9 au c\u0153ur des Alpes vaudoises, le domaine skiable de Villars, Gryon et Les Diablerets est interconnect\u00e9, formant un domaine skiable de plus de 130 km de pistes.<\/strong> Les amateurs de tous niveaux y trouveront leur compte. Au sommet du Glacier 3000, point culminant du canton de Vaud, les conditions d&rsquo;enneigement sont id\u00e9ales de novembre \u00e0 mai.<\/span><\/p>\n<p><span class=\"font-377884\">Dans le domaine skiable de Glacier 3000 aux Diablerets, une piste noire d\u00e9finie comme l&rsquo;une des plus raides au monde, longue de 3 kilom\u00e8tres, relie le sommet (3 000 m) au col du Pillon (1 546 m), par un tunnel de 265 m\u00e8tres creus\u00e9 dans la montagne.<\/span><\/p>\n<p><span class=\"font-377884\">Des pentes larges et ensoleill\u00e9es allant de 1 200 m\u00e8tres \u00e0 3 000 m\u00e8tres d&rsquo;altitude, ce terrain de jeu offre de nombreuses possibilit\u00e9s.<\/span><\/p>\n<p><span class=\"font-377884\">Du c\u00f4t\u00e9 des Diablerets, direction la piste Willy Favre. Cette piste accueille r\u00e9guli\u00e8rement des comp\u00e9titions internationales. Plusieurs snowparks enrichissent vos journ\u00e9es sur notre domaine skiable. Glacier 3000 offre les plus hautes pistes des Alpes vaudoises.<\/span><\/p>\n<p><span class=\"font-377884\">Les skieurs experts se dirigent vers la Combe d&rsquo;Audon, l&rsquo;une des pistes noires les plus difficiles de la r\u00e9gion, ou la Red Run, longue de plus de 8 kilom\u00e8tres avec un d\u00e9nivel\u00e9 exceptionnel de plus de 1700 m\u00e8tres. Le snowpark donne des ailes aux freestylers.<\/span><\/p>\n<p><span class=\"font-377884\">Les plaisirs de la neige sont accessibles aux skieurs comme aux non-skieurs : faciles d&rsquo;acc\u00e8s, les terrasses des restaurants d&rsquo;altitude accueillent \u00e9galement les pi\u00e9tons gr\u00e2ce aux trains et aux t\u00e9l\u00e9ph\u00e9riques qui relient les stations aux pistes.<\/span><\/p>\n<p><span class=\"font-377884\">Les pentes vont des d\u00e9fis extr\u00eames de la Combe d&rsquo;Audon et du Mur Noir aux pistes plus accessibles pour les d\u00e9butants dans les domaines de Villars, Gryon et Les Diablerets. Avec une longue saison de ski et un large \u00e9ventail d&rsquo;activit\u00e9s, la r\u00e9gion offre une exp\u00e9rience hivernale incroyable.<\/span><\/p>\n<p><span class=\"font-377884\">Le village de Villars-sur-Ollon est \u00e9galement connu aujourd&rsquo;hui pour les \u00e9coles internationales qui y sont implant\u00e9es, notamment l&rsquo;<strong><em>Aiglon College<\/em><\/strong>, le <em><strong>Coll\u00e8ge alpin Beau Soleil<\/strong><\/em>, <em><strong>La Garenne<\/strong> <\/em>et<strong><em> Pr\u00e9-Fleuri.<\/em><\/strong> Ces \u00e9tablissements offrent un enseignement de qualit\u00e9 et attirent des \u00e9tudiants du monde entier, contribuant ainsi \u00e0 la r\u00e9putation internationale de la r\u00e9gion.<\/span><\/p>\n<\/div>\n<\/div>\n<\/div>\n<\/div>\n<\/div>\n<\/div>\n<\/div>\n<div><\/div>\n<figure id=\"attachment_230587\" aria-describedby=\"caption-attachment-230587\" style=\"width: 1024px\" class=\"wp-caption aligncenter\"><a href=\"https:\/\/swissfederalism.ch\/wp-content\/uploads\/2024\/01\/Lenk-Photo-by-M-M-from-Switzerland-CC-BY-SA-2.0-via-Wikimedia-Commons.jpg\"><img decoding=\"async\" class=\"size-full wp-image-230587\" src=\"https:\/\/swissfederalism.ch\/wp-content\/uploads\/2024\/01\/Lenk-Photo-by-M-M-from-Switzerland-CC-BY-SA-2.0-via-Wikimedia-Commons.jpg\" alt=\"Winter hiking in Lenk Photo by M M from Switzerland, CC BY-SA 2.0, via Wikimedia Commons\" width=\"1024\" height=\"678\" srcset=\"https:\/\/swissfederalism.ch\/wp-content\/uploads\/2024\/01\/Lenk-Photo-by-M-M-from-Switzerland-CC-BY-SA-2.0-via-Wikimedia-Commons.jpg 1024w, https:\/\/swissfederalism.ch\/wp-content\/uploads\/2024\/01\/Lenk-Photo-by-M-M-from-Switzerland-CC-BY-SA-2.0-via-Wikimedia-Commons-300x199.jpg 300w, https:\/\/swissfederalism.ch\/wp-content\/uploads\/2024\/01\/Lenk-Photo-by-M-M-from-Switzerland-CC-BY-SA-2.0-via-Wikimedia-Commons-768x509.jpg 768w, https:\/\/swissfederalism.ch\/wp-content\/uploads\/2024\/01\/Lenk-Photo-by-M-M-from-Switzerland-CC-BY-SA-2.0-via-Wikimedia-Commons-350x232.jpg 350w\" sizes=\"(max-width: 1024px) 100vw, 1024px\" \/><\/a><figcaption id=\"caption-attachment-230587\" class=\"wp-caption-text\"><strong><span class=\"font-377884\">Winter hiking in Lenk Photo by M M from Switzerland, CC BY-SA 2.0, via Wikimedia Commons<\/span><\/strong><\/figcaption><\/figure>\n<div class=\"flex flex-grow flex-col max-w-full\">\n<div class=\"min-h-[20px] text-message flex flex-col items-start gap-3 whitespace-pre-wrap break-words [.text-message+&amp;]:mt-5 overflow-x-auto\" data-message-author-role=\"assistant\" data-message-id=\"de870545-fbf1-4b1b-a91a-f5675394e140\">\n<div class=\"markdown prose w-full break-words dark:prose-invert light\">\n<h3><span class=\"font-377884\"><mark>Adelboden-Lenk-Kandersteg : l&rsquo;excellence du ski au c\u0153ur de l&rsquo;Oberland bernois<\/mark><\/span><\/h3>\n<p><span class=\"font-377884\">Le domaine skiable d&rsquo;Adelboden-Frutigen-Lenk offre une exp\u00e9rience fascinante, m\u00eame pour les sportifs les plus exigeants. <strong>Avec 72 remont\u00e9es m\u00e9caniques efficaces, la station couvre un vaste r\u00e9seau de pistes s&rsquo;\u00e9tendant sur 210 kilom\u00e8tres.<\/strong> Avec la devise \u00ab\u00a0Feel the Love\u00a0\u00bb, cette r\u00e9gion embrasse l&rsquo;hiver avec toute sa majest\u00e9 alpine, offrant aux amateurs de sports d&rsquo;hiver une exp\u00e9rience immersive et inoubliable. Les randonn\u00e9es hivernales sur la terrasse ensoleill\u00e9e d&rsquo;Adelboden, les pistes de ski de fond, le snowpark, l&rsquo;ar\u00e8ne de freeride, les sentiers de randonn\u00e9e et les pistes de luge vous invitent \u00e0 explorer le merveilleux monde hivernal alpin. Les nombreux restaurants et refuges de montagne offrent un refuge confortable pour une pause bien m\u00e9rit\u00e9e. Il est \u00e0 noter que les pistes du domaine skiable d&rsquo;Adelboden-Lenk ont re\u00e7u la prestigieuse marque de qualit\u00e9 d\u00e9cern\u00e9e par le \u00ab\u00a0Skiareatests\u00a0\u00bb international. Adelboden s&rsquo;enorgueillit d&rsquo;une s\u00e9rie d&rsquo;\u00e9v\u00e9nements sportifs et culturels. Pendant l&rsquo;Audi FIS Ski World Cup Adelboden, le Chuenisb\u00e4rgli se transforme en un chaudron hivernal \u00e9tincelant. Les amateurs d&rsquo;activit\u00e9s physiques peuvent pratiquer la randonn\u00e9e, l&rsquo;escalade, le cyclisme, la luge ou le ski.<\/span><\/p>\n<p><span class=\"font-377884\">Avec sa riche offre de remont\u00e9es m\u00e9caniques et de trains de montagne, la vari\u00e9t\u00e9 croissante des offres de bien-\u00eatre et l&rsquo;accent mis sur la famille, le charmant village de chalets situ\u00e9 au pied du Wildstrubel se distingue comme l&rsquo;une des destinations les plus polyvalentes de l&rsquo;Oberland bernois, tant en \u00e9t\u00e9 qu&rsquo;en hiver. Adelboden peut \u00e9galement se targuer d&rsquo;\u00eatre la premi\u00e8re destination suisse \u00e0 avoir re\u00e7u le certificat \u00ab\u00a0<em><strong>Alpine Wellness<\/strong><\/em>\u00ab\u00a0.<\/span><span class=\"font-377884\">Adelboden-Lenk-Kandersteg est vraiment une destination o\u00f9 \u00ab\u00a0<em>Feel the Love<\/em>\u00a0\u00bb devient une promesse tenue, canalisant la beaut\u00e9 authentique de l&rsquo;hiver alpin dans le c\u0153ur de tous ceux qui s&rsquo;y immergent.<\/span><\/p>\n<\/div>\n<\/div>\n<\/div>\n<figure id=\"attachment_230591\" aria-describedby=\"caption-attachment-230591\" style=\"width: 1024px\" class=\"wp-caption aligncenter\"><a href=\"https:\/\/swissfederalism.ch\/wp-content\/uploads\/2024\/01\/Gutsch-Express-Skiarena_Andermatt-Sedrun-Photo-by-Yfanny-CC-BY-SA-4.0-via-Wikimedia-Commons.jpg\"><img decoding=\"async\" class=\"size-full wp-image-230591\" src=\"https:\/\/swissfederalism.ch\/wp-content\/uploads\/2024\/01\/Gutsch-Express-Skiarena_Andermatt-Sedrun-Photo-by-Yfanny-CC-BY-SA-4.0-via-Wikimedia-Commons.jpg\" alt=\"G\u00fctsch Express -Skiarena_Andermatt-Sedrun Photo by Yfanny, CC BY-SA 4.0, via Wikimedia Commons\" width=\"1024\" height=\"683\" srcset=\"https:\/\/swissfederalism.ch\/wp-content\/uploads\/2024\/01\/Gutsch-Express-Skiarena_Andermatt-Sedrun-Photo-by-Yfanny-CC-BY-SA-4.0-via-Wikimedia-Commons.jpg 1024w, https:\/\/swissfederalism.ch\/wp-content\/uploads\/2024\/01\/Gutsch-Express-Skiarena_Andermatt-Sedrun-Photo-by-Yfanny-CC-BY-SA-4.0-via-Wikimedia-Commons-300x200.jpg 300w, https:\/\/swissfederalism.ch\/wp-content\/uploads\/2024\/01\/Gutsch-Express-Skiarena_Andermatt-Sedrun-Photo-by-Yfanny-CC-BY-SA-4.0-via-Wikimedia-Commons-768x512.jpg 768w, https:\/\/swissfederalism.ch\/wp-content\/uploads\/2024\/01\/Gutsch-Express-Skiarena_Andermatt-Sedrun-Photo-by-Yfanny-CC-BY-SA-4.0-via-Wikimedia-Commons-350x233.jpg 350w\" sizes=\"(max-width: 1024px) 100vw, 1024px\" \/><\/a><figcaption id=\"caption-attachment-230591\" class=\"wp-caption-text\"><span class=\"font-377884\">G\u00fctsch Express -Skiarena_Andermatt-Sedrun Photo by Yfanny, CC BY-SA 4.0, via Wikimedia Commons<\/span><\/figcaption><\/figure>\n<div class=\"flex flex-grow flex-col max-w-full\">\n<div class=\"min-h-[20px] text-message flex flex-col items-start gap-3 whitespace-pre-wrap break-words [.text-message+&amp;]:mt-5 overflow-x-auto\" data-message-author-role=\"assistant\" data-message-id=\"e7a0c960-d110-4710-ab29-07cc896269ce\">\n<div class=\"markdown prose w-full break-words dark:prose-invert light\">\n<h3><span class=\"font-377884\"><mark>Andermatt-Sedrun-Disentis : aventure de neige dans les Alpes<\/mark><\/span><\/h3>\n<p><span class=\"font-377884\">Le choix id\u00e9al pour les aventuriers de tous niveaux, l&rsquo;ancien village militaire d&rsquo;Andermatt \u00e9tait r\u00e9put\u00e9 pour les d\u00e9fis pos\u00e9s par les pentes complexes et abruptes du Gemsstock \u00e0 2 963 m\u00e8tres d&rsquo;altitude. Sa situation isol\u00e9e et son centre historique pittoresque en ont fait un lieu de pr\u00e9dilection pour les amateurs de ski, \u00e0 condition qu&rsquo;ils soient des skieurs hors-piste exp\u00e9riment\u00e9s, bien s\u00fbr, tandis que d&rsquo;autres s&rsquo;en tenaient \u00e0 l&rsquo;\u00e9cart.<\/span><\/p>\n<p><span class=\"font-377884\">En 2005, le milliardaire Samih Sawiris a lanc\u00e9 un plan d&rsquo;investissement de 1,8 milliard de francs suisses pour transformer Andermatt en une luxueuse station de ski et de golf ouverte toute l&rsquo;ann\u00e9e. Bien que la transformation ne soit pas encore achev\u00e9e, la r\u00e9cente acquisition par le groupe am\u00e9ricain Vail Resorts, qui a obtenu une participation majoritaire dans la soci\u00e9t\u00e9 des remont\u00e9es m\u00e9caniques de la station, a d\u00e9j\u00e0 permis l&rsquo;ouverture de l&rsquo;un des plus somptueux \u00e9tablissements cinq \u00e9toiles des Alpes : le Chedi Andermatt.<\/span><\/p>\n<p><span class=\"font-377884\">Andermatt, Sedrun et Disentis forment ensemble la SkiArena Andermatt-Sedrun, en collaboration avec Bergbahnen Disentis. <strong>Avec 180 kilom\u00e8tres de pistes et 33 remont\u00e9es m\u00e9caniques jusqu&rsquo;\u00e0 3 000 m\u00e8tres d&rsquo;altitude, Andermatt+Sedrun+Disentis est le plus grand domaine skiable de Suisse centrale.<\/strong> Apr\u00e8s la fusion des domaines de montagne, des offres interr\u00e9gionales ont \u00e9t\u00e9 mises en place.<\/span><\/p>\n<p><span class=\"font-377884\">Le chemin de fer de montagne \u00ab\u00a0<em><strong>Matterhorn Gotthard Bahn<\/strong><\/em>\u00a0\u00bb s&rsquo;\u00e9tend de Zermatt \u00e0 Disentis et d&rsquo;Andermatt \u00e0 G\u00f6schenen sur un parcours de 144 kilom\u00e8tres, couvrant un d\u00e9nivel\u00e9 total d&rsquo;environ 3300 m\u00e8tres, traversant 33 tunnels et galeries, et 126 ponts, ce qui en fait une attraction de premier plan. Attendre un train en chaussures de ski est une exp\u00e9rience inoubliable, surtout si vous optez pour l&rsquo;un des services \u00e9quip\u00e9s pour l&rsquo;apr\u00e8s-ski.<\/span><\/p>\n<\/div>\n<\/div>\n<\/div>\n<div class=\"flex flex-grow flex-col max-w-full\">\n<div class=\"min-h-[20px] text-message flex flex-col items-start gap-3 whitespace-pre-wrap break-words [.text-message+&amp;]:mt-5 overflow-x-auto\" data-message-author-role=\"assistant\" data-message-id=\"7ec4fd8a-86ec-4998-8cbd-157950beda0d\">\n<div class=\"markdown prose w-full break-words dark:prose-invert light\">\n<div class=\"flex flex-grow flex-col max-w-full\">\n<div class=\"min-h-[20px] text-message flex flex-col items-start gap-3 whitespace-pre-wrap break-words [.text-message+&amp;]:mt-5 overflow-x-auto\" data-message-author-role=\"assistant\" data-message-id=\"c4a7889d-8cf1-4864-9887-59d56226ec96\">\n<div class=\"markdown prose w-full break-words dark:prose-invert light\">\n<div class=\"flex flex-grow flex-col max-w-full\">\n<div class=\"min-h-[20px] text-message flex flex-col items-start gap-3 whitespace-pre-wrap break-words [.text-message+&amp;]:mt-5 overflow-x-auto\" data-message-author-role=\"assistant\" data-message-id=\"21f85f82-5256-4e8f-8585-3fa53682f029\">\n<div class=\"markdown prose w-full break-words dark:prose-invert light\">\n<figure id=\"attachment_230607\" aria-describedby=\"caption-attachment-230607\" style=\"width: 840px\" class=\"wp-caption aligncenter\"><a href=\"https:\/\/swissfederalism.ch\/wp-content\/uploads\/2024\/01\/Skier-Image-by-Oleksandr-Pyrohov-from-Pixabay-1024x662.jpg\"><img decoding=\"async\" class=\"size-large wp-image-230607\" src=\"https:\/\/swissfederalism.ch\/wp-content\/uploads\/2024\/01\/Skier-Image-by-Oleksandr-Pyrohov-from-Pixabay-1024x662.jpg\" alt=\"Skier Image by Oleksandr Pyrohov from Pixabay\" width=\"840\" height=\"543\" srcset=\"https:\/\/swissfederalism.ch\/wp-content\/uploads\/2024\/01\/Skier-Image-by-Oleksandr-Pyrohov-from-Pixabay-1024x662.jpg 1024w, https:\/\/swissfederalism.ch\/wp-content\/uploads\/2024\/01\/Skier-Image-by-Oleksandr-Pyrohov-from-Pixabay-300x194.jpg 300w, https:\/\/swissfederalism.ch\/wp-content\/uploads\/2024\/01\/Skier-Image-by-Oleksandr-Pyrohov-from-Pixabay-768x497.jpg 768w, https:\/\/swissfederalism.ch\/wp-content\/uploads\/2024\/01\/Skier-Image-by-Oleksandr-Pyrohov-from-Pixabay-1536x994.jpg 1536w, https:\/\/swissfederalism.ch\/wp-content\/uploads\/2024\/01\/Skier-Image-by-Oleksandr-Pyrohov-from-Pixabay-350x226.jpg 350w, https:\/\/swissfederalism.ch\/wp-content\/uploads\/2024\/01\/Skier-Image-by-Oleksandr-Pyrohov-from-Pixabay.jpg 1920w\" sizes=\"(max-width: 840px) 100vw, 840px\" \/><\/a><figcaption id=\"caption-attachment-230607\" class=\"wp-caption-text\"><span class=\"font-377884\">Skier Image by Oleksandr Pyrohov from Pixabay<\/span><\/figcaption><\/figure>\n<div class=\"flex flex-grow flex-col max-w-full\">\n<div class=\"min-h-[20px] text-message flex flex-col items-start gap-3 whitespace-pre-wrap break-words [.text-message+&amp;]:mt-5 overflow-x-auto\" data-message-author-role=\"assistant\" data-message-id=\"18f3d48a-eb34-446f-8951-9c018e95e282\">\n<div class=\"markdown prose w-full break-words dark:prose-invert light\">\n<h3><span class=\"font-377884\"><mark>Val d&rsquo;Anniviers &#8211; un paradis hivernal \u00e0 d\u00e9couvrir<\/mark><\/span><\/h3>\n<p><span class=\"font-377884\">Le domaine skiable de Grimentz-Zinal est situ\u00e9 au c\u0153ur du \u00ab\u00a0<em>Kaiserkrone<\/em>\u00a0\u00bb dans le canton du Valais et fait partie du <strong>Val d&rsquo;Anniviers avec 115 kilom\u00e8tres de pistes, desservies par 20 remont\u00e9es m\u00e9caniques.<\/strong> Tr\u00e8s appr\u00e9ci\u00e9e des skieurs exp\u00e9riment\u00e9s, la station est r\u00e9put\u00e9e pour la s\u00e9curit\u00e9 de sa neige en raison de son altitude. Elle offre non seulement des descentes freeride, du skicross et de la neige fra\u00eeche, mais aussi la possibilit\u00e9 de pratiquer le ski traditionnel. La piste de la Lona garantit des sensations fortes lorsque les conditions sont favorables.<\/span><\/p>\n<p><span class=\"font-377884\">Le terrain d&rsquo;entra\u00eenement aux avalanches compl\u00e8te l&rsquo;offre de ski excitante et s\u00fbre. Avec le<strong><em> Magic Pass,<\/em> <\/strong>vous pouvez skier ici en toute s\u00e9curit\u00e9 et en toute tranquillit\u00e9 pendant toute la saison.<\/span><\/p>\n<p><span class=\"font-377884\"><strong>Grimentz-Zinal :<\/strong> Plong\u00e9 dans un environnement enchanteur, Grimentz-Zinal accueille les skieurs avec son architecture traditionnelle et ses pistes bien entretenues. Reli\u00e9e \u00e0 Zinal par une t\u00e9l\u00e9cabine moderne, cette station offre une grande vari\u00e9t\u00e9 de pistes adapt\u00e9es \u00e0 tous les niveaux.<\/span><\/p>\n<p><span class=\"font-377884\"><strong>St-Luc\/Chandolin :<\/strong> Avec sa situation panoramique et ses vues imprenables sur les sommets environnants, St-Luc\/Chandolin est un lieu magique pour les amateurs de ski. Son r\u00e9seau de pistes, parfaitement int\u00e9gr\u00e9 \u00e0 la nature, garantit des exp\u00e9riences uniques et inoubliables.<\/span><\/p>\n<p><span class=\"font-377884\"><strong>Vercorin<\/strong> : plong\u00e9 dans une atmosph\u00e8re authentique et d\u00e9tendue, Vercorin offre une exp\u00e9rience de ski unique. Les pistes bien entretenues serpentent \u00e0 travers des paysages enchanteurs, offrant un m\u00e9lange de d\u00e9fis et de plaisir pour les skieurs de tous niveaux.<\/span><\/p>\n<p><span class=\"font-377884\">Dans le Val d&rsquo;Anniviers, les amateurs de sports d&rsquo;hiver peuvent profiter d&rsquo;une combinaison extraordinaire de paysages \u00e0 couper le souffle, de tradition alpine et d&rsquo;aventures dans la neige. Que vous soyez d\u00e9butant ou skieur exp\u00e9riment\u00e9, cette station offre quelque chose de sp\u00e9cial pour chacun.<\/span><\/p>\n<\/div>\n<\/div>\n<\/div>\n<\/div>\n<\/div>\n<\/div>\n<div class=\"flex flex-grow flex-col max-w-full\">\n<div class=\"min-h-[20px] text-message flex flex-col items-start gap-3 whitespace-pre-wrap break-words [.text-message+&amp;]:mt-5 overflow-x-auto\" data-message-author-role=\"assistant\" data-message-id=\"46cd51e2-0731-4e6b-b04b-916e3d577d4d\">\n<div class=\"result-streaming markdown prose w-full break-words dark:prose-invert light\">\n<div class=\"flex flex-grow flex-col max-w-full\">\n<div class=\"min-h-[20px] text-message flex flex-col items-start gap-3 whitespace-pre-wrap break-words [.text-message+&amp;]:mt-5 overflow-x-auto\" data-message-author-role=\"assistant\" data-message-id=\"f27b2e29-8e3d-4ab7-8a75-0ede2f5752a6\">\n<div class=\"result-streaming markdown prose w-full break-words dark:prose-invert light\">\n<figure id=\"attachment_230613\" aria-describedby=\"caption-attachment-230613\" style=\"width: 1024px\" class=\"wp-caption aligncenter\"><a href=\"https:\/\/swissfederalism.ch\/wp-content\/uploads\/2024\/01\/Saas_Fee_3500_m-Photo-by-Fulvio-Barudoni-CC-BY-3.0-via-Wikimedia-Commons.jpg\"><img decoding=\"async\" class=\"size-full wp-image-230613\" src=\"https:\/\/swissfederalism.ch\/wp-content\/uploads\/2024\/01\/Saas_Fee_3500_m-Photo-by-Fulvio-Barudoni-CC-BY-3.0-via-Wikimedia-Commons.jpg\" alt=\"Saas Fee 3500 mt Photo by Fulvio Barudoni, CC BY 3.0, via Wikimedia Commons\" width=\"1024\" height=\"768\" srcset=\"https:\/\/swissfederalism.ch\/wp-content\/uploads\/2024\/01\/Saas_Fee_3500_m-Photo-by-Fulvio-Barudoni-CC-BY-3.0-via-Wikimedia-Commons.jpg 1024w, https:\/\/swissfederalism.ch\/wp-content\/uploads\/2024\/01\/Saas_Fee_3500_m-Photo-by-Fulvio-Barudoni-CC-BY-3.0-via-Wikimedia-Commons-300x225.jpg 300w, https:\/\/swissfederalism.ch\/wp-content\/uploads\/2024\/01\/Saas_Fee_3500_m-Photo-by-Fulvio-Barudoni-CC-BY-3.0-via-Wikimedia-Commons-768x576.jpg 768w, https:\/\/swissfederalism.ch\/wp-content\/uploads\/2024\/01\/Saas_Fee_3500_m-Photo-by-Fulvio-Barudoni-CC-BY-3.0-via-Wikimedia-Commons-350x263.jpg 350w\" sizes=\"(max-width: 1024px) 100vw, 1024px\" \/><\/a><figcaption id=\"caption-attachment-230613\" class=\"wp-caption-text\"><span class=\"font-377884\">Saas Fee 3500 mt Photo by Fulvio Barudoni, CC BY 3.0, via Wikimedia Commons<\/span><\/figcaption><\/figure>\n<h3><span class=\"font-377884\"><mark>Saas Fee : le paradis du ski toute l&rsquo;ann\u00e9e<\/mark><\/span><\/h3>\n<p><span class=\"font-377884\">Saas Fee, une charmante station de haute altitude entour\u00e9e de 13 sommets d\u00e9passant les 4 000 m\u00e8tres, est dot\u00e9e d&rsquo;un syst\u00e8me de remont\u00e9es m\u00e9caniques efficace qui permet d&rsquo;atteindre des altitudes consid\u00e9rables, offrant la possibilit\u00e9 de faire du ski sur glacier en dehors de la principale saison hivernale.<\/span><\/p>\n<p><span class=\"font-377884\">La vall\u00e9e de Saas est un v\u00e9ritable paradis pour les amateurs de sports d&rsquo;hiver. <strong>Avec plus de 150 kilom\u00e8tres de pistes de ski, elle convient aussi bien aux d\u00e9butants qu&rsquo;aux professionnels.<\/strong><\/span><\/p>\n<p><span class=\"font-377884\">Les montagnes et les paysages majestueux constituent la toile de fond id\u00e9ale pour des randonn\u00e9es \u00e0 ski inoubliables, qui sont un excellent moyen de profiter de la tranquillit\u00e9 des montagnes et de respirer l&rsquo;air frais de la montagne \u00e0 pleins poumons.<\/span><\/p>\n<p><span class=\"font-377884\">Le ski au lever du soleil \u00e0 3 500 m\u00e8tres d&rsquo;altitude est une exp\u00e9rience particuli\u00e8re : silence absolu, premiers rayons du soleil et pistes parfaitement dam\u00e9es attendent les l\u00e8ve-t\u00f4t qui veulent laisser leurs premi\u00e8res traces dans la neige fra\u00eeche. La vue color\u00e9e sur les montagnes environnantes ajoute la touche finale \u00e0 cette exp\u00e9rience inoubliable.<\/span><\/p>\n<p><span class=\"font-377884\">Pour une aventure sp\u00e9ciale, il vaut la peine d&rsquo;envisager une excursion en tra\u00eeneau \u00e0 huskies qui vous permettra de vous laisser tirer \u00e0 travers le paysage hivernal de Saas par une \u00e9quipe de chiens de tra\u00eeneau hautement entra\u00een\u00e9s.<\/span><\/p>\n<\/div>\n<\/div>\n<\/div>\n<div class=\"flex flex-grow flex-col max-w-full\">\n<div class=\"min-h-[20px] text-message flex flex-col items-start gap-3 whitespace-pre-wrap break-words [.text-message+&amp;]:mt-5 overflow-x-auto\" data-message-author-role=\"assistant\" data-message-id=\"7c3d3973-fc47-4143-8722-f8923a0b07d5\">\n<div class=\"markdown prose w-full break-words dark:prose-invert light\">\n<figure id=\"attachment_230603\" aria-describedby=\"caption-attachment-230603\" style=\"width: 1024px\" class=\"wp-caption aligncenter\"><a href=\"https:\/\/swissfederalism.ch\/wp-content\/uploads\/2024\/01\/Gstaad-Overview-Photo-by-Roland-Zumbuhl-CC-BY-SA-3.0-via-Wikimedia-Commons.jpg\"><img decoding=\"async\" class=\"size-full wp-image-230603\" src=\"https:\/\/swissfederalism.ch\/wp-content\/uploads\/2024\/01\/Gstaad-Overview-Photo-by-Roland-Zumbuhl-CC-BY-SA-3.0-via-Wikimedia-Commons.jpg\" alt=\"Gstaad Overview Photo by Roland Zumb\u00fchl, CC BY-SA 3.0, via Wikimedia Commons\" width=\"1024\" height=\"671\" srcset=\"https:\/\/swissfederalism.ch\/wp-content\/uploads\/2024\/01\/Gstaad-Overview-Photo-by-Roland-Zumbuhl-CC-BY-SA-3.0-via-Wikimedia-Commons.jpg 1024w, https:\/\/swissfederalism.ch\/wp-content\/uploads\/2024\/01\/Gstaad-Overview-Photo-by-Roland-Zumbuhl-CC-BY-SA-3.0-via-Wikimedia-Commons-300x197.jpg 300w, https:\/\/swissfederalism.ch\/wp-content\/uploads\/2024\/01\/Gstaad-Overview-Photo-by-Roland-Zumbuhl-CC-BY-SA-3.0-via-Wikimedia-Commons-768x503.jpg 768w, https:\/\/swissfederalism.ch\/wp-content\/uploads\/2024\/01\/Gstaad-Overview-Photo-by-Roland-Zumbuhl-CC-BY-SA-3.0-via-Wikimedia-Commons-350x229.jpg 350w\" sizes=\"(max-width: 1024px) 100vw, 1024px\" \/><\/a><figcaption id=\"caption-attachment-230603\" class=\"wp-caption-text\"><span class=\"font-377884\">Gstaad Overview Photo by Roland Zumb\u00fchl, CC BY-SA 3.0, via Wikimedia Commons<\/span><\/figcaption><\/figure>\n<h3><span class=\"font-377884\"><mark>Gstaad : l&rsquo;\u00e9l\u00e9gance dans les Alpes suisses<\/mark><\/span><\/h3>\n<p><span class=\"font-377884\">Gstaad est une station suisse situ\u00e9e dans le canton de Berne, r\u00e9put\u00e9e comme destination touristique et l&rsquo;une des principales stations de ski des Alpes : un village suisse classique qui a acquis le statut de paradis de la mode pour l&rsquo;\u00e9lite.<\/span><\/p>\n<p><span class=\"font-377884\">En plus d&rsquo;\u00eatre r\u00e9put\u00e9e pour \u00eatre l&rsquo;une des plus grandes stations de ski d&rsquo;Europe, Gstaad est un m\u00e9lange de r\u00e9alit\u00e9 moderne et de fantaisie de conte de f\u00e9es, aim\u00e9 par les c\u00e9l\u00e9brit\u00e9s du monde entier.<\/span><\/p>\n<p><span class=\"font-377884\"><strong>Gstaad offre 200 km de pistes<\/strong> de ski \u00e0 des altitudes atteignant 3 000 m\u00e8tres au-dessus du niveau de la mer, avec plus de 62 t\u00e9l\u00e9ph\u00e9riques et remont\u00e9es m\u00e9caniques.<\/span><\/p>\n<p><span class=\"font-377884\"><strong>Les amateurs de ski de fond trouveront 42 km de pistes suppl\u00e9mentaires et 185 km de sentiers de randonn\u00e9e hivernale pour ceux qui pr\u00e9f\u00e8rent se promener en plein air.<\/strong><\/span><\/p>\n<p><span class=\"font-377884\">Parmi les autres activit\u00e9s propos\u00e9es, citons les excursions, le snow tubing, les raquettes, le patinage sur glace, la luge, les promenades en tra\u00eeneau tir\u00e9 par des chevaux, l&rsquo;insolite curling bavarois, le ski sur glacier et le ski h\u00e9liport\u00e9. La station accueille \u00e9galement divers \u00e9v\u00e9nements culturels et sportifs tout au long de l&rsquo;ann\u00e9e.<\/span><\/p>\n<p><span class=\"font-377884\">Gstaad est \u00e9galement r\u00e9put\u00e9e pour ses h\u00f4tels de luxe et ses spas exclusifs.<\/span><\/p>\n<p><span class=\"font-377884\">Avec les stations voisines de Saanen, Sch\u00f6nried, Saanenm\u00f6ser, Zweisimmen, Gsteig, Lauenen, Feutersoey, Turbach et Abl\u00e4ndschen, le Saanenland offre un \u00e9ventail encore plus large de possibilit\u00e9s : la zone prot\u00e9g\u00e9e autour du pittoresque Lauenensee avec ses cascades et ses tourbi\u00e8res d&rsquo;altitude, les ruelles \u00e9troites du c\u0153ur historique de Saanen et la s\u00e9r\u00e9nit\u00e9 du charmant village de montagne d&rsquo;Abl\u00e4ndschen ne sont que quelques exemples de l&rsquo;exceptionnelle vari\u00e9t\u00e9 qu&rsquo;offre cette destination.<\/span><\/p>\n<p><span class=\"font-377884\">Cette station abrite \u00e9galement plusieurs \u00e9coles priv\u00e9es, dont<strong><em> l&rsquo;Institut Le Rosey<\/em> <\/strong>et la <strong><em>John F. Kennedy International School,<\/em><\/strong> ce qui contribue \u00e0 sa r\u00e9putation internationale de destination \u00e9ducative de premier plan.<\/span><\/p>\n<p><span class=\"font-377884\"><em><strong>L&rsquo;Institut Le Rosey<\/strong> <\/em>a \u00e9duqu\u00e9 et form\u00e9 des g\u00e9n\u00e9rations de familles dynastiques, y compris des membres des familles Hohenzollern, Rothschild, Rockefeller, Niarchos, Safra, Du Pont, ainsi que des membres de la noblesse et de la haute soci\u00e9t\u00e9 du monde entier, tels qu&rsquo;Edward, duc de Kent, la dynastie Muhammad Ali d&rsquo;\u00c9gypte, la maison de Gl\u00fccksburg de Gr\u00e8ce et la maison de Savoie d&rsquo;Italie. Parmi les anciens \u00e9l\u00e8ves figurent \u00e9galement plusieurs monarques, dont l&rsquo;Aga Khan IV, le roi Albert II de Belgique, le roi Baudouin Ier de Belgique, le roi Fuad II d&rsquo;\u00c9gypte, le roi Ntare V du Burundi, le shah Mohammad Reza Pahlavi de Perse et le prince Rainier III de Monaco. Parmi les autres anciens \u00e9l\u00e8ves, on peut citer la princesse Ashi Euphelma Choden Wangchuck et le prince Dasho Ugyen Jigme Wangchuck du Bhoutan, Guillaume, grand-duc h\u00e9r\u00e9ditaire du Luxembourg, la princesse Marie-Chantal de Gr\u00e8ce, ses s\u0153urs Pia Getty et Alexandra von F\u00fcrstenberg, le fils de John Lennon, Sean Lennon, et l&rsquo;entrepreneur suisse Eugenio Losa.<\/span><\/p>\n<figure id=\"attachment_230599\" aria-describedby=\"caption-attachment-230599\" style=\"width: 1024px\" class=\"wp-caption aligncenter\"><a href=\"https:\/\/swissfederalism.ch\/wp-content\/uploads\/2024\/01\/Stoosbahn-Photo-by-Pakeha-CC-BY-SA-4.0-via-Wikimedia-Commons.jpg\"><img decoding=\"async\" class=\"size-full wp-image-230599\" src=\"https:\/\/swissfederalism.ch\/wp-content\/uploads\/2024\/01\/Stoosbahn-Photo-by-Pakeha-CC-BY-SA-4.0-via-Wikimedia-Commons.jpg\" alt=\"Stoosbahn Photo by Pakeha, CC BY-SA 4.0, via Wikimedia Commons\" width=\"1024\" height=\"683\" srcset=\"https:\/\/swissfederalism.ch\/wp-content\/uploads\/2024\/01\/Stoosbahn-Photo-by-Pakeha-CC-BY-SA-4.0-via-Wikimedia-Commons.jpg 1024w, https:\/\/swissfederalism.ch\/wp-content\/uploads\/2024\/01\/Stoosbahn-Photo-by-Pakeha-CC-BY-SA-4.0-via-Wikimedia-Commons-300x200.jpg 300w, https:\/\/swissfederalism.ch\/wp-content\/uploads\/2024\/01\/Stoosbahn-Photo-by-Pakeha-CC-BY-SA-4.0-via-Wikimedia-Commons-768x512.jpg 768w, https:\/\/swissfederalism.ch\/wp-content\/uploads\/2024\/01\/Stoosbahn-Photo-by-Pakeha-CC-BY-SA-4.0-via-Wikimedia-Commons-350x233.jpg 350w\" sizes=\"(max-width: 1024px) 100vw, 1024px\" \/><\/a><figcaption id=\"caption-attachment-230599\" class=\"wp-caption-text\"><span class=\"font-377884\">Stoosbahn Photo by Pakeha, CC BY-SA 4.0, via Wikimedia Commons<\/span><\/figcaption><\/figure>\n<h3><span class=\"font-377884\"><mark>Stoos &#8211; une ascension exceptionnelle avec le funiculaire le plus raide du monde<\/mark><\/span><\/h3>\n<p><span class=\"font-377884\">Nich\u00e9 dans un magnifique paysage alpin au pied du Fronalpstock, le village de Stoos se trouve sur un plateau ensoleill\u00e9 \u00e0 une altitude d&rsquo;environ 1 300 m\u00e8tres.<strong> Accessible par le Funiculaire le plus raide du monde<\/strong> depuis Schlattli ou par le t\u00e9l\u00e9ph\u00e9rique depuis Morschach, Stoos est une destination id\u00e9ale pour les familles avec enfants, offrant une gamme d&rsquo;h\u00e9bergements comprenant des h\u00f4tels et des appartements de vacances.<\/span><\/p>\n<p><span class=\"font-377884\">La montagne d&rsquo;origine est le Fronalpstock (1 922 m), accessible en t\u00e9l\u00e9ph\u00e9rique ou en t\u00e9l\u00e9si\u00e8ge, qui offre une vue spectaculaire \u00e0 360 degr\u00e9s sur les lacs et les sommets alpins de la Suisse centrale.<\/span><\/p>\n<p><span class=\"font-377884\"><strong>Le domaine skiable est desservi par huit remont\u00e9es m\u00e9caniques et offre 35 km de pistes et un Funpark.<\/strong> Les skieurs de fond disposent de 10 km de pistes de ski de fond, tandis que les lugeurs peuvent profiter d&rsquo;une piste de 2 km. Des sentiers de randonn\u00e9e hivernale et des pistes de raquettes sont disponibles.<\/span><\/p>\n<p><span class=\"font-377884\"><strong>Stoos est un village de montagne sans voiture, id\u00e9al pour des vacances en famille loin de l&rsquo;agitation.<\/strong><\/span><\/p>\n<p><span class=\"font-377884\">Le t\u00e9l\u00e9ph\u00e9rique vous emm\u00e8ne \u00e9galement \u00e0 Morschach et au Swiss Holiday Park, le plus grand centre de vacances et de loisirs de Suisse, qui propose des activit\u00e9s sportives, ludiques et aquatiques pour tous les \u00e2ges.<\/span><\/p>\n<figure id=\"attachment_230617\" aria-describedby=\"caption-attachment-230617\" style=\"width: 1024px\" class=\"wp-caption aligncenter\"><a href=\"https:\/\/swissfederalism.ch\/wp-content\/uploads\/2024\/01\/Lauchernalp-Photo-by-Daniel-Reust-CC-BY-SA-4.0-via-Wikimedia-Commons.jpg\"><img decoding=\"async\" class=\"size-full wp-image-230617\" src=\"https:\/\/swissfederalism.ch\/wp-content\/uploads\/2024\/01\/Lauchernalp-Photo-by-Daniel-Reust-CC-BY-SA-4.0-via-Wikimedia-Commons.jpg\" alt=\"Lauchernalp Photo by Daniel Reust, CC BY-SA 4.0, via Wikimedia Commons\" width=\"1024\" height=\"576\" srcset=\"https:\/\/swissfederalism.ch\/wp-content\/uploads\/2024\/01\/Lauchernalp-Photo-by-Daniel-Reust-CC-BY-SA-4.0-via-Wikimedia-Commons.jpg 1024w, https:\/\/swissfederalism.ch\/wp-content\/uploads\/2024\/01\/Lauchernalp-Photo-by-Daniel-Reust-CC-BY-SA-4.0-via-Wikimedia-Commons-300x169.jpg 300w, https:\/\/swissfederalism.ch\/wp-content\/uploads\/2024\/01\/Lauchernalp-Photo-by-Daniel-Reust-CC-BY-SA-4.0-via-Wikimedia-Commons-768x432.jpg 768w, https:\/\/swissfederalism.ch\/wp-content\/uploads\/2024\/01\/Lauchernalp-Photo-by-Daniel-Reust-CC-BY-SA-4.0-via-Wikimedia-Commons-350x197.jpg 350w\" sizes=\"(max-width: 1024px) 100vw, 1024px\" \/><\/a><figcaption id=\"caption-attachment-230617\" class=\"wp-caption-text\"><span class=\"font-377884\">Lauchernalp Photo by Daniel Reust, CC BY-SA 4.0, via Wikimedia Commons<\/span><\/figcaption><\/figure>\n<h3><span class=\"font-377884\"><mark>Lauchernalp &#8211; L\u00f6tschental : skier parmi les sommets vierges du Valais<\/mark><\/span><\/h3>\n<p><span class=\"font-377884\">Le domaine skiable de Lauchernalp &#8211; L\u00f6tschental est situ\u00e9 dans la pittoresque vall\u00e9e du L\u00f6tschental, dans la r\u00e9gion de Lem\u00e1nica, dans le Valais, en Suisse. <strong>Avec une vaste \u00e9tendue de 40 km de pistes et 6 remont\u00e9es m\u00e9caniques, il offre une exp\u00e9rience de ski compl\u00e8te.<\/strong><\/span><\/p>\n<p><span class=\"font-377884\">Le domaine skiable de Lauchernalp, d&rsquo;une altitude de 3 111 m\u00e8tres, propose non seulement des pistes bien trac\u00e9es adapt\u00e9es \u00e0 tous les niveaux, mais aussi de nombreuses options pour les freeriders.<\/span><\/p>\n<p><span class=\"font-377884\">Ce paysage de montagne extraordinaire, inscrit au patrimoine mondial de l&rsquo;UNESCO avec 40 sommets de quatre mille m\u00e8tres, est \u00e9galement facilement accessible par les transports publics, ce qui fait de Lauchernalp &#8211; L\u00f6tschental une destination de ski exceptionnelle au c\u0153ur du Valais.<\/span><\/p>\n<div class=\"flex flex-grow flex-col max-w-full\">\n<div class=\"min-h-[20px] text-message flex flex-col items-start gap-3 whitespace-pre-wrap break-words [.text-message+&amp;]:mt-5 overflow-x-auto\" data-message-author-role=\"assistant\" data-message-id=\"aacd676f-b120-4625-93a5-5b010753da55\">\n<div class=\"markdown prose w-full break-words dark:prose-invert light\">\n<div class=\"flex flex-grow flex-col max-w-full\">\n<div class=\"min-h-[20px] text-message flex flex-col items-start gap-3 whitespace-pre-wrap break-words [.text-message+&amp;]:mt-5 overflow-x-auto\" data-message-author-role=\"assistant\" data-message-id=\"eb6efeb4-594b-48b3-9fa8-ddf42ed09474\">\n<div class=\"markdown prose w-full break-words dark:prose-invert light\">\n<figure id=\"attachment_230621\" aria-describedby=\"caption-attachment-230621\" style=\"width: 1024px\" class=\"wp-caption aligncenter\"><a href=\"https:\/\/swissfederalism.ch\/wp-content\/uploads\/2024\/01\/Savognin-Piz-Martegnas-Photo-by-Capricorn4049-CC-BY-SA-4.0-via-Wikimedia-Commons.jpg\"><img decoding=\"async\" class=\"size-full wp-image-230621\" src=\"https:\/\/swissfederalism.ch\/wp-content\/uploads\/2024\/01\/Savognin-Piz-Martegnas-Photo-by-Capricorn4049-CC-BY-SA-4.0-via-Wikimedia-Commons.jpg\" alt=\"Savognin Piz Martegnas Photo by Capricorn4049, CC BY-SA 4.0, via Wikimedia Commons\" width=\"1024\" height=\"768\" srcset=\"https:\/\/swissfederalism.ch\/wp-content\/uploads\/2024\/01\/Savognin-Piz-Martegnas-Photo-by-Capricorn4049-CC-BY-SA-4.0-via-Wikimedia-Commons.jpg 1024w, https:\/\/swissfederalism.ch\/wp-content\/uploads\/2024\/01\/Savognin-Piz-Martegnas-Photo-by-Capricorn4049-CC-BY-SA-4.0-via-Wikimedia-Commons-300x225.jpg 300w, https:\/\/swissfederalism.ch\/wp-content\/uploads\/2024\/01\/Savognin-Piz-Martegnas-Photo-by-Capricorn4049-CC-BY-SA-4.0-via-Wikimedia-Commons-768x576.jpg 768w, https:\/\/swissfederalism.ch\/wp-content\/uploads\/2024\/01\/Savognin-Piz-Martegnas-Photo-by-Capricorn4049-CC-BY-SA-4.0-via-Wikimedia-Commons-350x263.jpg 350w\" sizes=\"(max-width: 1024px) 100vw, 1024px\" \/><\/a><figcaption id=\"caption-attachment-230621\" class=\"wp-caption-text\"><span class=\"font-377884\">Savognin Piz Martegnas Photo by Capricorn4049, CC BY-SA 4.0, via Wikimedia Commons<\/span><\/figcaption><\/figure>\n<h3><span class=\"font-377884\"><mark>Savognin : emotions sur les pentes de r\u00eave<\/mark><\/span><\/h3>\n<p><span class=\"font-377884\">Savognin, une station enchanteresse situ\u00e9e dans la r\u00e9gion de Surses (Oberhalbstein) dans le canton des Grisons, offre une exp\u00e9rience unique dans son domaine skiable. <strong>Avec 73,5 kilom\u00e8tres de pistes parfaitement entretenues et 12 remont\u00e9es m\u00e9caniques, ce paradis hivernal se situe entre 1 168 et 2 713 m\u00e8tres d&rsquo;altitude.<\/strong><\/span><\/p>\n<p><span class=\"font-377884\">Les larges pistes et les itin\u00e9raires de ski, qui suivent en grande partie la descente naturelle des montagnes, garantissent le plaisir des skieurs et des snowboarders de tous niveaux. La pr\u00e9sence de la neige de culture et l&rsquo;altitude maximale atteignable garantissent des conditions optimales pour profiter pleinement du ski.<\/span><\/p>\n<p><span class=\"font-377884\"><strong>Savognin est une station particuli\u00e8rement accueillante pour les familles, avec un vaste Kinderparadies (espace enfants) au c\u0153ur du village, la piste pour enfants de Flurin, le Tigignas Park et de nombreuses pistes de luge.<\/strong> L&rsquo;atmosph\u00e8re chaleureuse et les nombreuses activit\u00e9s font de Savognin l&rsquo;endroit id\u00e9al pour cr\u00e9er des souvenirs d&rsquo;hiver inoubliables.<\/span><\/p>\n<\/div>\n<\/div>\n<\/div>\n<\/div>\n<\/div>\n<\/div>\n<\/div>\n<\/div>\n<\/div>\n<figure id=\"attachment_230625\" aria-describedby=\"caption-attachment-230625\" style=\"width: 1024px\" class=\"wp-caption aligncenter\"><a href=\"https:\/\/swissfederalism.ch\/wp-content\/uploads\/2024\/01\/Ski-freeride-Photo-by-Philippe-rameau-at-fr.wikipedia-Public-domain-via-Wikimedia-Commons.jpg\"><img decoding=\"async\" class=\"size-full wp-image-230625\" src=\"https:\/\/swissfederalism.ch\/wp-content\/uploads\/2024\/01\/Ski-freeride-Photo-by-Philippe-rameau-at-fr.wikipedia-Public-domain-via-Wikimedia-Commons.jpg\" alt=\"Ski freeride Photo by Philippe rameau at fr.wikipedia, Public domain, via Wikimedia Commons\" width=\"1024\" height=\"768\" srcset=\"https:\/\/swissfederalism.ch\/wp-content\/uploads\/2024\/01\/Ski-freeride-Photo-by-Philippe-rameau-at-fr.wikipedia-Public-domain-via-Wikimedia-Commons.jpg 1024w, https:\/\/swissfederalism.ch\/wp-content\/uploads\/2024\/01\/Ski-freeride-Photo-by-Philippe-rameau-at-fr.wikipedia-Public-domain-via-Wikimedia-Commons-300x225.jpg 300w, https:\/\/swissfederalism.ch\/wp-content\/uploads\/2024\/01\/Ski-freeride-Photo-by-Philippe-rameau-at-fr.wikipedia-Public-domain-via-Wikimedia-Commons-768x576.jpg 768w, https:\/\/swissfederalism.ch\/wp-content\/uploads\/2024\/01\/Ski-freeride-Photo-by-Philippe-rameau-at-fr.wikipedia-Public-domain-via-Wikimedia-Commons-350x263.jpg 350w\" sizes=\"(max-width: 1024px) 100vw, 1024px\" \/><\/a><figcaption id=\"caption-attachment-230625\" class=\"wp-caption-text\"><span class=\"font-377884\">Ski freeride Photo by Philippe rameau at fr.wikipedia, Public domain, via Wikimedia Commons<\/span><\/figcaption><\/figure>\n<h3><span class=\"font-377884\"><mark>S\u00f6renberg : une exp\u00e9rience de ski unique au c\u0153ur de Lucerne<\/mark><\/span><\/h3>\n<p><span class=\"font-377884\">D\u00e9couvrez les sensations du ski au Skigebiet S\u00f6renberg, <strong>avec plus de 53 km de pistes dam\u00e9es de tous niveaux de difficult\u00e9<\/strong>. Un v\u00e9ritable paradis pour les familles, les experts et les amateurs de ski. Gr\u00e2ce aux 6 stations de la vall\u00e9e, vous pouvez acc\u00e9der directement au skigebiet, qui compte jusqu&rsquo;\u00e0 16 remont\u00e9es m\u00e9caniques pour des plaisirs hivernaux illimit\u00e9s.<\/span><\/p>\n<p><span class=\"font-377884\">Nich\u00e9 dans le canton de Lucerne, S\u00f6renberg &#8211; Rothorn\/Dorf attire les amateurs d&rsquo;hiver dans un domaine qui s&rsquo;\u00e9tend de 1 110 \u00e0 2 298 m\u00e8tres d&rsquo;altitude.<\/span><\/p>\n<p><span class=\"font-377884\">La Freestyle-Line de S\u00f6renberg permet de s&rsquo;amuser en freestyle sur toute une descente de la vall\u00e9e, adapt\u00e9e \u00e0 tous les niveaux de rider.<\/span><\/p>\n<p><span class=\"font-377884\">Le Brienzer Rothorn, \u00e0 2350 m\u00e8tres d&rsquo;altitude, offre des descentes passionnantes, de longues pistes et une exp\u00e9rience authentique pour les amateurs de freeride<\/span><\/p>\n<p><span class=\"font-377884\">Les amoureux de la nature peuvent faire des randonn\u00e9es en raquettes ou s&rsquo;engager sur de fantastiques pistes d&rsquo;hiver, s&rsquo;immergeant dans le paysage hivernal pittoresque de S\u00f6renberg &#8211; Rothorn\/Dorf.<\/span><\/p>\n<div class=\"flex flex-grow flex-col max-w-full\">\n<div class=\"min-h-[20px] text-message flex flex-col items-start gap-3 whitespace-pre-wrap break-words [.text-message+&amp;]:mt-5 overflow-x-auto\" data-message-author-role=\"assistant\" data-message-id=\"638c9e49-abd7-42cc-8893-31e09e16f4a7\">\n<div class=\"markdown prose w-full break-words dark:prose-invert light\">\n<figure id=\"attachment_230629\" aria-describedby=\"caption-attachment-230629\" style=\"width: 1024px\" class=\"wp-caption aligncenter\"><a href=\"https:\/\/swissfederalism.ch\/wp-content\/uploads\/2024\/01\/Leysin-pipe-Photo-by-Ludovic-Peron-CC-BY-SA-3.0-via-Wikimedia-Commons.jpg\"><img decoding=\"async\" class=\"size-full wp-image-230629\" src=\"https:\/\/swissfederalism.ch\/wp-content\/uploads\/2024\/01\/Leysin-pipe-Photo-by-Ludovic-Peron-CC-BY-SA-3.0-via-Wikimedia-Commons.jpg\" alt=\"Leysin pipe Photo by Ludovic P\u00e9ron, CC BY-SA 3.0, via Wikimedia Commons\" width=\"1024\" height=\"683\" srcset=\"https:\/\/swissfederalism.ch\/wp-content\/uploads\/2024\/01\/Leysin-pipe-Photo-by-Ludovic-Peron-CC-BY-SA-3.0-via-Wikimedia-Commons.jpg 1024w, https:\/\/swissfederalism.ch\/wp-content\/uploads\/2024\/01\/Leysin-pipe-Photo-by-Ludovic-Peron-CC-BY-SA-3.0-via-Wikimedia-Commons-300x200.jpg 300w, https:\/\/swissfederalism.ch\/wp-content\/uploads\/2024\/01\/Leysin-pipe-Photo-by-Ludovic-Peron-CC-BY-SA-3.0-via-Wikimedia-Commons-768x512.jpg 768w, https:\/\/swissfederalism.ch\/wp-content\/uploads\/2024\/01\/Leysin-pipe-Photo-by-Ludovic-Peron-CC-BY-SA-3.0-via-Wikimedia-Commons-350x233.jpg 350w\" sizes=\"(max-width: 1024px) 100vw, 1024px\" \/><\/a><figcaption id=\"caption-attachment-230629\" class=\"wp-caption-text\"><span class=\"font-377884\">Leysin pipe Photo by Ludovic P\u00e9ron, CC BY-SA 3.0, via Wikimedia Commons<\/span><\/figcaption><\/figure>\n<h3><span class=\"font-377884\"><mark>Leysin : la perle enchanteresse du ski vaudois<\/mark><\/span><\/h3>\n<p><span class=\"font-377884\">Situ\u00e9e dans le canton de Vaud, en Suisse, la station de ski de Leysin se pr\u00e9sente comme une charmante destination hivernale. <strong>60 km de pistes et 12 remont\u00e9es m\u00e9caniques, le domaine skiable s&rsquo;\u00e9tend entre 1250 et 2198 m d&rsquo;altitude.<\/strong><\/span><\/p>\n<p><span class=\"font-377884\">Leysin dispose d&rsquo;une piste de ski de fond \u00e9clair\u00e9e et d&rsquo;une piste de luge.<\/span><\/p>\n<p><span class=\"font-377884\">Depuis 1990, le ski freestyle et le snowboard sont fortement repr\u00e9sent\u00e9s dans les comp\u00e9titions internationales.<em><strong> Son magnifique snowpark, appel\u00e9 Leysinpark, et son halfpipe de taille olympique ont accueilli des athl\u00e8tes pour les Jeux olympiques de 2020.<\/strong><\/em><\/span><\/p>\n<p><span class=\"font-377884\">R\u00e9put\u00e9e \u00e0 l&rsquo;origine comme station thermale pour les maladies pulmonaires gr\u00e2ce \u00e0 son climat doux et ensoleill\u00e9, Leysin s&rsquo;\u00e9tend au pied de la majestueuse Tour d&rsquo;A\u00ef. Depuis l&rsquo;ouverture d&rsquo;un village de vacances par le Club Med en 1950, Leysin est devenu un lieu de vill\u00e9giature ouvert toute l&rsquo;ann\u00e9e.<\/span><\/p>\n<p><span class=\"font-377884\">Les possibilit\u00e9s d&rsquo;excursions sont vari\u00e9es : visite d&rsquo;Aigle avec son ch\u00e2teau m\u00e9di\u00e9val et son mus\u00e9e de la vigne et du vin, des mines de sel de Bex, croisi\u00e8re sur le lac L\u00e9man, d\u00e9couverte du Bouveret avec son Swiss Vapeur Parc pour les amateurs de chemins de fer miniatures, ou encore de l&rsquo;Aquaparc.<\/span><\/p>\n<p><span class=\"font-377884\">Leysin est une station qui favorise un environnement propice \u00e0 l&rsquo;\u00e9ducation et \u00e0 la formation. Parmi les \u00e9coles, on trouve la <strong><em>Leysin American School<\/em><\/strong>, la prestigieuse <strong><em>Swiss Hotel Management School (SHMS), la Kumon Leysin Academy of Switzerland (KLAS)<\/em> <\/strong>et <strong><em>Les Cabris &#8211; Alpine Pedagogical Center<\/em><\/strong>. La SHMS offre une excellente formation dans le domaine de l&rsquo;h\u00f4tellerie, tandis que la KLAS propose un stage aux \u00e9tudiants japonais.<\/span><\/p>\n<\/div>\n<\/div>\n<\/div>\n<figure id=\"attachment_230637\" aria-describedby=\"caption-attachment-230637\" style=\"width: 1024px\" class=\"wp-caption aligncenter\"><a href=\"https:\/\/swissfederalism.ch\/wp-content\/uploads\/2024\/01\/Alpentherme-Leukerbad-Photo-by-Rama-CC-BY-SA-2.0-FR-via-Wikimedia-Commons.jpg\"><img decoding=\"async\" class=\"size-full wp-image-230637\" src=\"https:\/\/swissfederalism.ch\/wp-content\/uploads\/2024\/01\/Alpentherme-Leukerbad-Photo-by-Rama-CC-BY-SA-2.0-FR-via-Wikimedia-Commons.jpg\" alt=\"Alpentherme Leukerbad Photo by Rama, CC BY-SA 2.0 FR, via Wikimedia Commons\" width=\"1024\" height=\"683\" srcset=\"https:\/\/swissfederalism.ch\/wp-content\/uploads\/2024\/01\/Alpentherme-Leukerbad-Photo-by-Rama-CC-BY-SA-2.0-FR-via-Wikimedia-Commons.jpg 1024w, https:\/\/swissfederalism.ch\/wp-content\/uploads\/2024\/01\/Alpentherme-Leukerbad-Photo-by-Rama-CC-BY-SA-2.0-FR-via-Wikimedia-Commons-300x200.jpg 300w, https:\/\/swissfederalism.ch\/wp-content\/uploads\/2024\/01\/Alpentherme-Leukerbad-Photo-by-Rama-CC-BY-SA-2.0-FR-via-Wikimedia-Commons-768x512.jpg 768w, https:\/\/swissfederalism.ch\/wp-content\/uploads\/2024\/01\/Alpentherme-Leukerbad-Photo-by-Rama-CC-BY-SA-2.0-FR-via-Wikimedia-Commons-350x233.jpg 350w\" sizes=\"(max-width: 1024px) 100vw, 1024px\" \/><\/a><figcaption id=\"caption-attachment-230637\" class=\"wp-caption-text\"><span class=\"font-377884\">Alpentherme Leukerbad Photo by Rama, CC BY-SA 2.0 FR, via Wikimedia Commons<\/span><\/figcaption><\/figure>\n<h3><span class=\"font-377884\"><mark>Lo\u00e8che-les-Bains : une station d&rsquo;hiver multifonctionnelle dans les Alpes<\/mark><\/span><\/h3>\n<p><span class=\"font-377884\"><strong>Lo\u00e8che-les-Bains offre 50 km de pistes de ski, 30 km de pistes de ski nordique et un grand centre sportif couvert avec escalade, patinage sur glace, curling, tennis, squash et salles de sport.<\/strong> Pour les randonneurs hivernaux, le sentier du col de la Gemmi \u00e0 Sunnb\u00fcel reste ouvert lorsque les conditions le permettent.<\/span><\/p>\n<p><span class=\"font-377884\">Comme son nom l&rsquo;indique, Lo\u00e8che-les-Bains est l&rsquo;<strong>un des complexes thermaux les plus prestigieux d&rsquo;Europe, avec pas moins de 65 sources et plus de 250 applications diff\u00e9rentes<\/strong>. Il faut 40 ans pour que l&rsquo;eau de montagne filtr\u00e9e s&rsquo;enrichisse en profondeur de min\u00e9raux pr\u00e9cieux, atteigne une temp\u00e9rature de 51\u00b0C et devienne de l&rsquo;eau thermale. Cette eau a des effets b\u00e9n\u00e9fiques sur les articulations, soulage l&rsquo;arthrose, stimule la diur\u00e8se et a des propri\u00e9t\u00e9s digestives.La passerelle des sources thermales dans les gorges de Dala offre une exploration fascinante \u00e0 moins d&rsquo;un kilom\u00e8tre de la place de la ville. Longue de 600 m\u00e8tres et situ\u00e9e \u00e0 quatre m\u00e8tres au-dessus du lit de la rivi\u00e8re, la passerelle fournit des informations sur l&rsquo;eau thermale et offre une vue spectaculaire sur la chute d&rsquo;eau de 35 m\u00e8tres.<\/span><\/p>\n<\/div>\n<\/div>\n<\/div>\n<\/div>\n<\/div>\n<\/div>\n<\/div>\n<\/div>\n<\/div>\n<\/div>\n<\/div>\n<\/div>\n<\/div>\n<\/div>\n<\/div>\n<\/div>\n<div class=\"elementor-element elementor-element-df4bd57 e-flex e-con-boxed wpr-particle-no wpr-jarallax-no wpr-parallax-no wpr-sticky-section-no e-con e-parent\" data-id=\"df4bd57\" data-element_type=\"container\" data-settings=\"{&quot;background_background&quot;:&quot;classic&quot;,&quot;content_width&quot;:&quot;boxed&quot;}\" data-core-v316-plus=\"true\">\n<div class=\"e-con-inner\">\n<div class=\"elementor-element elementor-element-7fa2652b e-flex e-con-boxed wpr-particle-no wpr-jarallax-no wpr-parallax-no wpr-sticky-section-no e-con e-child\" data-id=\"7fa2652b\" data-element_type=\"container\" data-settings=\"{&quot;background_background&quot;:&quot;classic&quot;,&quot;content_width&quot;:&quot;boxed&quot;}\">\n<div class=\"e-con-inner\">\n<div class=\"flex flex-grow flex-col max-w-full\">\n<div class=\"min-h-[20px] text-message flex flex-col items-start gap-3 whitespace-pre-wrap break-words [.text-message+&amp;]:mt-5 overflow-x-auto\" data-message-author-role=\"assistant\" data-message-id=\"c83fa2e9-7e63-467e-865c-1df64032f76a\">\n<div class=\"markdown prose w-full break-words dark:prose-invert light\">\n<figure id=\"attachment_230641\" aria-describedby=\"caption-attachment-230641\" style=\"width: 840px\" class=\"wp-caption aligncenter\"><a href=\"https:\/\/swissfederalism.ch\/wp-content\/uploads\/2024\/01\/Skiing-Photo-by-Image-by-Rolf-van-de-Wal-from-Pixabay-1024x683.jpg\"><img decoding=\"async\" class=\"size-large wp-image-230641\" src=\"https:\/\/swissfederalism.ch\/wp-content\/uploads\/2024\/01\/Skiing-Photo-by-Image-by-Rolf-van-de-Wal-from-Pixabay-1024x683.jpg\" alt=\"Skiing Photo by Image by Rolf van de Wal from Pixabay\" width=\"840\" height=\"560\" srcset=\"https:\/\/swissfederalism.ch\/wp-content\/uploads\/2024\/01\/Skiing-Photo-by-Image-by-Rolf-van-de-Wal-from-Pixabay-1024x683.jpg 1024w, https:\/\/swissfederalism.ch\/wp-content\/uploads\/2024\/01\/Skiing-Photo-by-Image-by-Rolf-van-de-Wal-from-Pixabay-300x200.jpg 300w, https:\/\/swissfederalism.ch\/wp-content\/uploads\/2024\/01\/Skiing-Photo-by-Image-by-Rolf-van-de-Wal-from-Pixabay-768x512.jpg 768w, https:\/\/swissfederalism.ch\/wp-content\/uploads\/2024\/01\/Skiing-Photo-by-Image-by-Rolf-van-de-Wal-from-Pixabay-1536x1024.jpg 1536w, https:\/\/swissfederalism.ch\/wp-content\/uploads\/2024\/01\/Skiing-Photo-by-Image-by-Rolf-van-de-Wal-from-Pixabay-350x233.jpg 350w, https:\/\/swissfederalism.ch\/wp-content\/uploads\/2024\/01\/Skiing-Photo-by-Image-by-Rolf-van-de-Wal-from-Pixabay.jpg 1920w\" sizes=\"(max-width: 840px) 100vw, 840px\" \/><\/a><figcaption id=\"caption-attachment-230641\" class=\"wp-caption-text\"><span class=\"font-377884\">Skiing Photo by Image by Rolf van de Wal from Pixabay<\/span><\/figcaption><\/figure>\n<h3><span class=\"font-377884\"><mark>San Bernardino Sport Arena : un nouveau chapitre d&rsquo;excitation<\/mark><\/span><\/h3>\n<p><span class=\"font-377884\">Apr\u00e8s une longue attente, le domaine skiable de Confin \u00e0 San Bernardino, dans le canton italien des Grisons, rouvrira enfin ses portes en d\u00e9cembre 2023, rejoignant ainsi la gestion du domaine skiable de Pian Cales. Ce nouveau projet est le fruit d&rsquo;une collaboration fructueuse entre la direction du San Bernardino Swiss Alps, l&rsquo;office du tourisme de Moesano et la municipalit\u00e9 de Mesocco. Le Sport Arena offre une vari\u00e9t\u00e9 de contenus et d&rsquo;activit\u00e9s pour tous, repr\u00e9sentant une nouvelle destination dynamique dans le monde du sport et du divertissement au San Bernardino.<\/span><\/p>\n<p><span class=\"font-377884\"><strong>Avec 45 kilom\u00e8tres de pistes entre Confin et Pian Cales, desservies par 11 remont\u00e9es m\u00e9caniques<\/strong>, dont 70 % sont situ\u00e9es \u00e0 une altitude comprise entre 2 000 et 2 500 m\u00e8tres, le San Bernardino s&rsquo;impose comme l&rsquo;une des destinations de sports d&rsquo;hiver les plus fiables de la Suisse italienne.<\/span><\/p>\n<p><span class=\"font-377884\">Au milieu de for\u00eats de pins enchanteresses et de vues \u00e0 couper le souffle, les skieurs de fond peuvent explorer 28 km de pistes adapt\u00e9es au ski classique et au skating. Pour une exp\u00e9rience unique, la piste nocturne de 1,9 km, illumin\u00e9e de 17h30 \u00e0 20h30 les mardis, mercredis, jeudis et vendredis, permet de profiter de la beaut\u00e9 de la nature m\u00eame apr\u00e8s le coucher du soleil.<\/span><\/p>\n<p><span class=\"font-377884\">Au centre du village de San Bernardino, dans le domaine skiable de Pian Cales, vous pouvez vous amuser \u00e0 faire de la luge sur la piste.<\/span><\/p>\n<p><span class=\"font-377884\">Pour plus d&rsquo;informations, vous pouvez consulter le site :\u00a0 <a href=\"https:\/\/www.sanbernardino-sportarena.com\">www.sanbernardino-sportarena.com<\/a><\/span><\/p>\n<figure id=\"attachment_230645\" aria-describedby=\"caption-attachment-230645\" style=\"width: 840px\" class=\"wp-caption aligncenter\"><a href=\"https:\/\/swissfederalism.ch\/wp-content\/uploads\/2024\/01\/Rigi-Image-by-165106-from-Pixabay-1024x683.jpg\"><img decoding=\"async\" class=\"size-large wp-image-230645\" src=\"https:\/\/swissfederalism.ch\/wp-content\/uploads\/2024\/01\/Rigi-Image-by-165106-from-Pixabay-1024x683.jpg\" alt=\"Rigi Image by 165106 from Pixabay\" width=\"840\" height=\"560\" srcset=\"https:\/\/swissfederalism.ch\/wp-content\/uploads\/2024\/01\/Rigi-Image-by-165106-from-Pixabay-1024x683.jpg 1024w, https:\/\/swissfederalism.ch\/wp-content\/uploads\/2024\/01\/Rigi-Image-by-165106-from-Pixabay-300x200.jpg 300w, https:\/\/swissfederalism.ch\/wp-content\/uploads\/2024\/01\/Rigi-Image-by-165106-from-Pixabay-768x512.jpg 768w, https:\/\/swissfederalism.ch\/wp-content\/uploads\/2024\/01\/Rigi-Image-by-165106-from-Pixabay-1536x1024.jpg 1536w, https:\/\/swissfederalism.ch\/wp-content\/uploads\/2024\/01\/Rigi-Image-by-165106-from-Pixabay-350x233.jpg 350w, https:\/\/swissfederalism.ch\/wp-content\/uploads\/2024\/01\/Rigi-Image-by-165106-from-Pixabay.jpg 1920w\" sizes=\"(max-width: 840px) 100vw, 840px\" \/><\/a><figcaption id=\"caption-attachment-230645\" class=\"wp-caption-text\"><span class=\"font-377884\">Rigi Image by 165106 from Pixabay<\/span><\/figcaption><\/figure>\n<div class=\"flex flex-grow flex-col max-w-full\">\n<div class=\"min-h-[20px] text-message flex flex-col items-start gap-3 whitespace-pre-wrap break-words [.text-message+&amp;]:mt-5 overflow-x-auto\" data-message-author-role=\"assistant\" data-message-id=\"0dba8230-0caf-4fe6-b970-3a4054a5442e\">\n<div class=\"markdown prose w-full break-words dark:prose-invert light\">\n<h3><span class=\"font-377884\"><mark>Ski et d\u00e9tente thermale au Mont Rigi : un m\u00e9lange parfait de sports d&rsquo;hiver et de bien-\u00eatre<\/mark><\/span><\/h3>\n<p><span class=\"font-377884\">Skier sur le mont Rigi est une exp\u00e9rience unique qui offre une combinaison de sports d&rsquo;hiver et de paysages \u00e0 couper le souffle. Le mont Rigi, \u00e9galement connu sous le nom de \u00ab\u00a0Reine des montagnes\u00a0\u00bb, est c\u00e9l\u00e8bre pour son accessibilit\u00e9 par train \u00e0 cr\u00e9maill\u00e8re et offre des vues spectaculaires sur les Alpes suisses et les lacs environnants.<\/span><\/p>\n<p><span class=\"font-377884\">Les petites stations de ski accueillantes d\u00e9gagent un charme particulier, loin de l&rsquo;agitation des grandes stations d&rsquo;hiver. <strong>Cette petite station offre 20 km de pistes de ski adapt\u00e9es \u00e0 diff\u00e9rents niveaux, du d\u00e9butant au confirm\u00e9.<\/strong><\/span><\/p>\n<p style=\"text-align: center;\"><span class=\"font-377884\"><strong><em>Les d\u00e9tenteurs d&rsquo;un abonnement valable pour les chemins de fer \u00e0 cr\u00e9maill\u00e8re et les t\u00e9l\u00e9ph\u00e9riques (AG, abonnement annuel de 365 jours, billet simple, carte journali\u00e8re CFF ou t\u00e9l\u00e9ph\u00e9rique, etc.) peuvent skier gratuitement sur le Mont Rigi, tandis que les enfants jusqu&rsquo;\u00e0 l&rsquo;\u00e2ge de 15 ans voyagent gratuitement.<\/em><\/strong><\/span><\/p>\n<p><span class=\"font-377884\">Sur le Mont Rigi, les thermes ont une tradition de 600 ans et font de ce lieu une oasis permanente de paix et de d\u00e9tente dans un charmant paysage de montagne.<\/span><\/p>\n<\/div>\n<\/div>\n<\/div>\n<\/div>\n<\/div>\n<\/div>\n<\/div>\n<\/div>\n<\/div>\n<\/div>\n<figure id=\"attachment_230649\" aria-describedby=\"caption-attachment-230649\" style=\"width: 840px\" class=\"wp-caption aligncenter\"><a href=\"https:\/\/swissfederalism.ch\/wp-content\/uploads\/2024\/01\/Pizol-Photo-by-Chris-Sche-Bo-1024x768.jpg\"><img decoding=\"async\" class=\"size-large wp-image-230649\" src=\"https:\/\/swissfederalism.ch\/wp-content\/uploads\/2024\/01\/Pizol-Photo-by-Chris-Sche-Bo-1024x768.jpg\" alt=\"Pizol Photo by Chris Sche-Bo\" width=\"840\" height=\"630\" srcset=\"https:\/\/swissfederalism.ch\/wp-content\/uploads\/2024\/01\/Pizol-Photo-by-Chris-Sche-Bo-1024x768.jpg 1024w, https:\/\/swissfederalism.ch\/wp-content\/uploads\/2024\/01\/Pizol-Photo-by-Chris-Sche-Bo-300x225.jpg 300w, https:\/\/swissfederalism.ch\/wp-content\/uploads\/2024\/01\/Pizol-Photo-by-Chris-Sche-Bo-768x576.jpg 768w, https:\/\/swissfederalism.ch\/wp-content\/uploads\/2024\/01\/Pizol-Photo-by-Chris-Sche-Bo-1536x1152.jpg 1536w, https:\/\/swissfederalism.ch\/wp-content\/uploads\/2024\/01\/Pizol-Photo-by-Chris-Sche-Bo-350x263.jpg 350w, https:\/\/swissfederalism.ch\/wp-content\/uploads\/2024\/01\/Pizol-Photo-by-Chris-Sche-Bo.jpg 2048w\" sizes=\"(max-width: 840px) 100vw, 840px\" \/><\/a><figcaption id=\"caption-attachment-230649\" class=\"wp-caption-text\"><span class=\"font-377884\">Pizol Photo by Chris Sche-Bo<\/span><\/figcaption><\/figure>\n<div class=\"flex flex-grow flex-col max-w-full\">\n<div class=\"min-h-[20px] text-message flex flex-col items-start gap-3 whitespace-pre-wrap break-words [.text-message+&amp;]:mt-5 overflow-x-auto\" data-message-author-role=\"assistant\" data-message-id=\"2bf2dc2e-6d52-4601-a207-aaa571a6579b\">\n<div class=\"markdown prose w-full break-words dark:prose-invert light\">\n<h3><span class=\"font-377884\"><mark>Pizol : skier dans les Alpes majestueuses et se r\u00e9g\u00e9n\u00e9rer aux thermes de Tamina<\/mark><\/span><\/h3>\n<p><span class=\"font-377884\">Le Pizol s&rsquo;\u00e9l\u00e8ve majestueusement entre Bad Ragaz et Wangs, offrant une vue spectaculaire sur l&rsquo;Oberland saint-gallois.<\/span><\/p>\n<p><span class=\"font-377884\">En hiver, la r\u00e9gion du Pizol offre plusieurs options aux amateurs de sports d&rsquo;hiver. <strong>Avec 50 kilom\u00e8tres de pistes accessibles par douze remont\u00e9es m\u00e9caniques, il convient aux skieurs et aux snowboarders de tous niveaux.<\/strong> <\/span><\/p>\n<p><span class=\"font-377884\">En plus des pistes, il y a aussi une piste de luge attrayante de 3,5 kilom\u00e8tres de long avec des vues panoramiques sur le Rheintal de St. Galler jusqu&rsquo;au lac de Constance. Cette exp\u00e9rience amusante est id\u00e9ale pour toute la famille. Le parcours est illumin\u00e9 tous les vendredis soirs du 29 d\u00e9cembre 2023 au 8 mars 2024, ce qui permet de faire de la luge de nuit. Pour ceux qui souhaitent une exp\u00e9rience plus savoureuse, vous pouvez combiner la luge nocturne avec un d\u00e9licieux d\u00eener \u00e0 la fondue dans l&rsquo;un des restaurants situ\u00e9s le long de la route. L&rsquo;acc\u00e8s illimit\u00e9 \u00e0 la luge nocturne est inclus dans les abonnements de saison du Pizol et du Meilenweiss.<\/span><\/p>\n<p><span class=\"font-377884\">Apr\u00e8s une journ\u00e9e de ski au Pizol, vous pouvez vous d\u00e9tendre \u00e0 <strong>36,5\u00b0 aux Tamina Therme de Bad Ragaz.<\/strong> Des forfaits combin\u00e9s sont disponibles aupr\u00e8s des Pizolbahnen et offrent des forfaits ski et spa attractifs pour toute la famille.<\/span><\/p>\n<\/div>\n<\/div>\n<\/div>\n<div class=\"flex flex-grow flex-col max-w-full\">\n<div class=\"min-h-[20px] text-message flex flex-col items-start gap-3 whitespace-pre-wrap break-words [.text-message+&amp;]:mt-5 overflow-x-auto\" data-message-author-role=\"assistant\" data-message-id=\"8d367349-1c0f-4be3-b905-25b5c1352b40\">\n<div class=\"markdown prose w-full break-words dark:prose-invert light\">\n<figure id=\"attachment_230657\" aria-describedby=\"caption-attachment-230657\" style=\"width: 1024px\" class=\"wp-caption aligncenter\"><a href=\"https:\/\/swissfederalism.ch\/wp-content\/uploads\/2024\/01\/Bosco-Gurin-Photo-by-Franco-Pecchio-CC-BY-2.0-via-Wikimedia-Commons.jpg\"><img decoding=\"async\" class=\"size-full wp-image-230657\" src=\"https:\/\/swissfederalism.ch\/wp-content\/uploads\/2024\/01\/Bosco-Gurin-Photo-by-Franco-Pecchio-CC-BY-2.0-via-Wikimedia-Commons.jpg\" alt=\"Bosco Gurin Photo by Franco Pecchio, CC BY 2.0, via Wikimedia Commons\" width=\"1024\" height=\"737\" srcset=\"https:\/\/swissfederalism.ch\/wp-content\/uploads\/2024\/01\/Bosco-Gurin-Photo-by-Franco-Pecchio-CC-BY-2.0-via-Wikimedia-Commons.jpg 1024w, https:\/\/swissfederalism.ch\/wp-content\/uploads\/2024\/01\/Bosco-Gurin-Photo-by-Franco-Pecchio-CC-BY-2.0-via-Wikimedia-Commons-300x216.jpg 300w, https:\/\/swissfederalism.ch\/wp-content\/uploads\/2024\/01\/Bosco-Gurin-Photo-by-Franco-Pecchio-CC-BY-2.0-via-Wikimedia-Commons-768x553.jpg 768w, https:\/\/swissfederalism.ch\/wp-content\/uploads\/2024\/01\/Bosco-Gurin-Photo-by-Franco-Pecchio-CC-BY-2.0-via-Wikimedia-Commons-350x252.jpg 350w\" sizes=\"(max-width: 1024px) 100vw, 1024px\" \/><\/a><figcaption id=\"caption-attachment-230657\" class=\"wp-caption-text\"><span class=\"font-377884\">Bosco Gurin Photo by Franco Pecchio, CC BY 2.0, via Wikimedia Commons<\/span><\/figcaption><\/figure>\n<h3><span class=\"font-377884\"><mark>Bosco Gurin et les aventures enneig\u00e9es de Grossalp<\/mark><\/span><\/h3>\n<p><span class=\"font-377884\">Bosco Gurin est une station touristique situ\u00e9e dans la vall\u00e9e de la Maggia, dans le canton du Tessin, en Suisse. Il se trouve \u00e0 une altitude d&rsquo;environ 1 500 m\u00e8tres au-dessus du niveau de la mer et est connu pour \u00eatre le lieu habit\u00e9 en permanence le plus \u00e9lev\u00e9 du canton du Tessin.<\/span><\/p>\n<p><span class=\"font-377884\">Bosco Gurin est surtout connu comme station de ski, avec plusieurs pistes de ski alpin et de ski de fond. <strong>Avec 30 km de pistes de ski et de snowboard et 7 remont\u00e9es m\u00e9caniques, cette station se pr\u00e9sente comme la destination id\u00e9ale pour les amateurs de sports d&rsquo;hiver.<\/strong> Le domaine s&rsquo;\u00e9tend entre 1 482 et 2 331 m\u00e8tres d&rsquo;altitude, offrant une exp\u00e9rience unique et passionnante.<\/span><\/p>\n<p><span class=\"font-377884\">La saison de ski s&rsquo;\u00e9tend g\u00e9n\u00e9ralement de d\u00e9cembre \u00e0 mars, en fonction des conditions m\u00e9t\u00e9orologiques. Des informations sont disponibles \u00e0 l&rsquo;adresse suivante\u00a0 <a href=\"http:\/\/www.bosco-gurin.ch\/\" data-cmp-ab=\"2\">www.bosco-gurin.ch<\/a><\/span><\/p>\n<\/div>\n<\/div>\n<\/div>\n<div class=\"mt-1 flex justify-start gap-3 empty:hidden\">\n<figure id=\"attachment_230661\" aria-describedby=\"caption-attachment-230661\" style=\"width: 1024px\" class=\"wp-caption aligncenter\"><a href=\"https:\/\/swissfederalism.ch\/wp-content\/uploads\/2024\/01\/Airolo-Pescium-Photo-by-Matteo-Corti-CC-BY-SA-3.0-via-Wikimedia-Commons.jpg\"><img decoding=\"async\" class=\"size-full wp-image-230661\" src=\"https:\/\/swissfederalism.ch\/wp-content\/uploads\/2024\/01\/Airolo-Pescium-Photo-by-Matteo-Corti-CC-BY-SA-3.0-via-Wikimedia-Commons.jpg\" alt=\"Airolo - Pesci\u00fcm Photo by Matteo Corti, CC BY-SA 3.0, via Wikimedia Commons\" width=\"1024\" height=\"768\" srcset=\"https:\/\/swissfederalism.ch\/wp-content\/uploads\/2024\/01\/Airolo-Pescium-Photo-by-Matteo-Corti-CC-BY-SA-3.0-via-Wikimedia-Commons.jpg 1024w, https:\/\/swissfederalism.ch\/wp-content\/uploads\/2024\/01\/Airolo-Pescium-Photo-by-Matteo-Corti-CC-BY-SA-3.0-via-Wikimedia-Commons-300x225.jpg 300w, https:\/\/swissfederalism.ch\/wp-content\/uploads\/2024\/01\/Airolo-Pescium-Photo-by-Matteo-Corti-CC-BY-SA-3.0-via-Wikimedia-Commons-768x576.jpg 768w, https:\/\/swissfederalism.ch\/wp-content\/uploads\/2024\/01\/Airolo-Pescium-Photo-by-Matteo-Corti-CC-BY-SA-3.0-via-Wikimedia-Commons-350x263.jpg 350w\" sizes=\"(max-width: 1024px) 100vw, 1024px\" \/><\/a><figcaption id=\"caption-attachment-230661\" class=\"wp-caption-text\"><span class=\"font-377884\">Airolo &#8211; Pesci\u00fcm Photo by Matteo Corti, CC BY-SA 3.0, via Wikimedia Commons<\/span><\/figcaption><\/figure>\n<h3><span class=\"font-377884\"><mark>Pesci\u00fcm &#8211; Airolo : le c\u0153ur du ski au pied du Gotthard<\/mark><\/span><\/h3>\n<p><span class=\"font-377884\">Situ\u00e9e au pied du massif du Saint-Gothard, l&rsquo;un des plus importants cols alpins, la station de ski d&rsquo;Airolo-Pesci\u00fcm offre une exp\u00e9rience hivernale inoubliable.<\/span><\/p>\n<p><span class=\"font-377884\">\u00c0 seulement 200 m\u00e8tres de la sortie de l&rsquo;autoroute d&rsquo;Airolo, les remont\u00e9es m\u00e9caniques d&rsquo;Airolo-Pesci\u00fcm accueillent les amateurs de sports d&rsquo;hiver et disposent d&rsquo;un grand parking gratuit ou se trouvent \u00e0 proximit\u00e9 de la gare d&rsquo;Airolo.<\/span><\/p>\n<p><span class=\"font-377884\">Pesci\u00fcm est une spectaculaire terrasse panoramique surplombant le village d&rsquo;Airolo, accessible par un t\u00e9l\u00e9ph\u00e9rique moderne qui transporte en quelques minutes les amateurs de ski et de snowboard \u00e0 Pesci\u00fcm ou sur les pentes du Sasso della Boggia, qui culmine \u00e0 2 065 m\u00e8tres d&rsquo;altitude. Le paysage alpin offre des vues magnifiques sur le Saint-Gothard, la vall\u00e9e de Bedretto et la vall\u00e9e de la L\u00e9ventine.<\/span><\/p>\n<p><span class=\"font-377884\"><strong>Airolo-Pesci\u00fcm offre plus de 30 km de pistes<\/strong> \u00e0 une altitude de 1175 \u00e0 2250 m.a.s.l., accueillant les skieurs, les snowboarders et les randonneurs \u00e0 ski. Avec trois types de pistes pour les d\u00e9butants, les interm\u00e9diaires et les experts, un parc \u00e0 neige et l&rsquo;amusant \u00ab\u00a0Big Air Bag\u00a0\u00bb pour les acrobaties, le domaine satisfait tous les niveaux d&rsquo;exp\u00e9rience. Les raquetteurs peuvent profiter de sentiers pittoresques, tandis que l&rsquo;Avalanche Training Center propose des formations pour faire face \u00e0 des situations critiques telles que les avalanches. De nombreux \u00e9v\u00e9nements, dont la Coupe d&rsquo;Europe de ski acrobatique et les journ\u00e9es du handicap, viennent enrichir l&rsquo;offre. <\/span><\/p>\n<p><span class=\"font-377884\">Nouveau site web :\u00a0 <\/span><span class=\"font-377884\"><a href=\"http:\/\/www.airolo.ch\">www.airolo.ch<\/a><\/span><\/p>\n<\/div>\n<figure id=\"attachment_230665\" aria-describedby=\"caption-attachment-230665\" style=\"width: 1024px\" class=\"wp-caption aligncenter\"><a href=\"https:\/\/swissfederalism.ch\/wp-content\/uploads\/2024\/01\/Sessellift_Naluns-Photo-by-Scuolfan-at-de.wikipedia-CC-BY-SA-3.0-via-Wikimedia-Commons.jpg\"><img decoding=\"async\" class=\"size-full wp-image-230665\" src=\"https:\/\/swissfederalism.ch\/wp-content\/uploads\/2024\/01\/Sessellift_Naluns-Photo-by-Scuolfan-at-de.wikipedia-CC-BY-SA-3.0-via-Wikimedia-Commons.jpg\" alt=\"Sessellift_Naluns Photo by Scuolfan at de.wikipedia, CC BY-SA 3.0, via Wikimedia Commons\" width=\"1024\" height=\"768\" srcset=\"https:\/\/swissfederalism.ch\/wp-content\/uploads\/2024\/01\/Sessellift_Naluns-Photo-by-Scuolfan-at-de.wikipedia-CC-BY-SA-3.0-via-Wikimedia-Commons.jpg 1024w, https:\/\/swissfederalism.ch\/wp-content\/uploads\/2024\/01\/Sessellift_Naluns-Photo-by-Scuolfan-at-de.wikipedia-CC-BY-SA-3.0-via-Wikimedia-Commons-300x225.jpg 300w, https:\/\/swissfederalism.ch\/wp-content\/uploads\/2024\/01\/Sessellift_Naluns-Photo-by-Scuolfan-at-de.wikipedia-CC-BY-SA-3.0-via-Wikimedia-Commons-768x576.jpg 768w, https:\/\/swissfederalism.ch\/wp-content\/uploads\/2024\/01\/Sessellift_Naluns-Photo-by-Scuolfan-at-de.wikipedia-CC-BY-SA-3.0-via-Wikimedia-Commons-350x263.jpg 350w\" sizes=\"(max-width: 1024px) 100vw, 1024px\" \/><\/a><figcaption id=\"caption-attachment-230665\" class=\"wp-caption-text\"><span class=\"font-377884\">Sessellift_Naluns Photo by Scuolfan at de.wikipedia, CC BY-SA 3.0, via Wikimedia Commons<\/span><\/figcaption><\/figure>\n<h3><span class=\"font-377884\"><mark>Scuol &#8211; Motta &#8211; Naluns &#8211; un paradis hivernal en Engadine<\/mark><\/span><\/h3>\n<p><span class=\"font-377884\">Le domaine skiable de Scuol sur la Motta Naluns, situ\u00e9 dans l&rsquo;enchanteresse Engadine suisse, offre un large \u00e9ventail de possibilit\u00e9s hivernales.<strong> Avec 25 pistes s&rsquo;\u00e9tendant sur 70 kilom\u00e8tres au total et 12 remont\u00e9es m\u00e9caniques,<\/strong> chaque passionn\u00e9 trouvera sa pente id\u00e9ale, tandis que les plus petits pourront s&rsquo;amuser au Kinderland. Les skieurs de fond, les lugeurs et les randonneurs hivernaux trouveront leur bonheur dans ce paysage o\u00f9 la culture engadinoise, les montagnes majestueuses et les journ\u00e9es ensoleill\u00e9es semblent insuffler une \u00e9nergie unique.Le domaine de sports d&rsquo;hiver de Motta Naluns est situ\u00e9 dans un endroit extraordinairement ensoleill\u00e9, surplombant les stations de Scuol, Ftan et Sent. Il offre des vues panoramiques \u00e0 couper le souffle sur les Dolomites de Basse Engadine, ce qui rend l&rsquo;exp\u00e9rience hivernale encore plus impressionnante et inoubliable.<\/span><\/p>\n<div>\n<div class=\"flex flex-grow flex-col max-w-full\">\n<div class=\"min-h-[20px] text-message flex flex-col items-start gap-3 whitespace-pre-wrap break-words [.text-message+&amp;]:mt-5 overflow-x-auto\" data-message-author-role=\"assistant\" data-message-id=\"759d0905-1a8b-48e7-87f3-8c6bc748b484\">\n<div class=\"result-streaming markdown prose w-full break-words dark:prose-invert light\">\n<figure id=\"attachment_230669\" aria-describedby=\"caption-attachment-230669\" style=\"width: 1024px\" class=\"wp-caption aligncenter\"><a href=\"https:\/\/swissfederalism.ch\/wp-content\/uploads\/2024\/01\/Hoch-Ybrig-Photo-by-Patrick-Nouhaillers\u2026-CC-BY-SA-3.0-via-Wikimedia-Commons.jpg\"><img decoding=\"async\" class=\"size-full wp-image-230669\" src=\"https:\/\/swissfederalism.ch\/wp-content\/uploads\/2024\/01\/Hoch-Ybrig-Photo-by-Patrick-Nouhaillers\u2026-CC-BY-SA-3.0-via-Wikimedia-Commons.jpg\" alt=\"Hoch-Ybrig Photo by Patrick Nouhailler's\u2026, CC BY-SA 3.0, via Wikimedia Commons\" width=\"1024\" height=\"768\" srcset=\"https:\/\/swissfederalism.ch\/wp-content\/uploads\/2024\/01\/Hoch-Ybrig-Photo-by-Patrick-Nouhaillers\u2026-CC-BY-SA-3.0-via-Wikimedia-Commons.jpg 1024w, https:\/\/swissfederalism.ch\/wp-content\/uploads\/2024\/01\/Hoch-Ybrig-Photo-by-Patrick-Nouhaillers\u2026-CC-BY-SA-3.0-via-Wikimedia-Commons-300x225.jpg 300w, https:\/\/swissfederalism.ch\/wp-content\/uploads\/2024\/01\/Hoch-Ybrig-Photo-by-Patrick-Nouhaillers\u2026-CC-BY-SA-3.0-via-Wikimedia-Commons-768x576.jpg 768w, https:\/\/swissfederalism.ch\/wp-content\/uploads\/2024\/01\/Hoch-Ybrig-Photo-by-Patrick-Nouhaillers\u2026-CC-BY-SA-3.0-via-Wikimedia-Commons-350x263.jpg 350w\" sizes=\"(max-width: 1024px) 100vw, 1024px\" \/><\/a><figcaption id=\"caption-attachment-230669\" class=\"wp-caption-text\"><span class=\"font-377884\">Hoch-Ybrig Photo by Patrick Nouhailler&rsquo;s\u2026, CC BY-SA 3.0, via Wikimedia Commons<\/span><\/figcaption><\/figure>\n<h3><span class=\"font-377884\"><mark>Hoch-Ybrig : paradis hivernal en Zentralschweiz<\/mark><\/span><\/h3>\n<p><span class=\"font-377884\">Situ\u00e9 en Zentralschweiz, Hoch-Ybrig offre des pistes parfaitement dam\u00e9es, un impressionnant snowpark et des vues \u00e0 couper le souffle. Convenant aux familles et aux amateurs de ski et de snowboard de tous niveaux, la destination dispose \u00e9galement d&rsquo;une \u00e9cole de ski r\u00e9put\u00e9e et de nombreuses activit\u00e9s pour les plus petits.<\/span><\/p>\n<p><span class=\"font-377884\">Avec des r\u00e9ductions sp\u00e9ciales pour les familles et des possibilit\u00e9s de randonn\u00e9es hivernales et de p\u00eache sur glace, Hoch-Ybrig est un lieu o\u00f9 la beaut\u00e9 naturelle s&rsquo;allie aux plaisirs de la neige. <strong>Pour le ski et le snowboard, 50 km de pistes et 12 remont\u00e9es m\u00e9caniques sont disponibles.<\/strong> La zone de sports d&rsquo;hiver est situ\u00e9e \u00e0 une altitude de 1 040 \u00e0 1 831 m.<\/span><\/p>\n<\/div>\n<\/div>\n<\/div>\n<\/div>\n<figure id=\"attachment_229918\" aria-describedby=\"caption-attachment-229918\" style=\"width: 840px\" class=\"wp-caption aligncenter\"><a href=\"https:\/\/swissfederalism.ch\/wp-content\/uploads\/2023\/11\/Flumserberg_Ski-Resort-scaled.jpg\"><img decoding=\"async\" class=\"size-large wp-image-229918\" src=\"https:\/\/swissfederalism.ch\/wp-content\/uploads\/2023\/11\/Flumserberg_Ski-Resort-1024x770.jpg\" alt=\"Flumserberg Ski-Resort\" width=\"840\" height=\"632\" srcset=\"https:\/\/swissfederalism.ch\/wp-content\/uploads\/2023\/11\/Flumserberg_Ski-Resort-1024x770.jpg 1024w, https:\/\/swissfederalism.ch\/wp-content\/uploads\/2023\/11\/Flumserberg_Ski-Resort-300x226.jpg 300w, https:\/\/swissfederalism.ch\/wp-content\/uploads\/2023\/11\/Flumserberg_Ski-Resort-768x578.jpg 768w, https:\/\/swissfederalism.ch\/wp-content\/uploads\/2023\/11\/Flumserberg_Ski-Resort-1536x1155.jpg 1536w, https:\/\/swissfederalism.ch\/wp-content\/uploads\/2023\/11\/Flumserberg_Ski-Resort-2048x1540.jpg 2048w, https:\/\/swissfederalism.ch\/wp-content\/uploads\/2023\/11\/Flumserberg_Ski-Resort-350x263.jpg 350w, https:\/\/swissfederalism.ch\/wp-content\/uploads\/2023\/11\/Flumserberg_Ski-Resort-scaled.jpg 2560w\" sizes=\"(max-width: 840px) 100vw, 840px\" \/><\/a><figcaption id=\"caption-attachment-229918\" class=\"wp-caption-text\"><span class=\"font-377884\">Flumserberg Ski-Resort Photo by Chris Sche-Bo<\/span><\/figcaption><\/figure>\n<h3><span class=\"font-377884\"><mark>Flumserberg &#8211; L\u00e0 o\u00f9 la diversit\u00e9 est chez elle<\/mark><\/span><\/h3>\n<p><span class=\"font-377884\">Flumserberg est l&rsquo;endroit id\u00e9al pour les skieurs et les snowboarders de tous \u00e2ges, <strong>avec 65 km de pistes et 6 km de skiroute desservis par 17 remont\u00e9es m\u00e9caniques.<\/strong> Le domaine de sports d&rsquo;hiver est situ\u00e9 dans le Heidiland, \u00e0 une altitude comprise entre 665 et 2 222 m\u00e8tres, mais il propose \u00e9galement de nombreuses autres activit\u00e9s. Entre la luge, la randonn\u00e9e hivernale et le ski de fond, les possibilit\u00e9s sont nombreuses. Nightride offre \u00e0 chacun la possibilit\u00e9 de vivre des aventures uniques sous un ciel \u00e9toil\u00e9.<\/span><\/p>\n<p><span class=\"font-377884\">En outre, Flumserberg propose plusieurs activit\u00e9s hivernales en plus du ski et du snowboard. Vous pouvez explorer la r\u00e9gion hivernale en raquettes ou en ski de randonn\u00e9e, tenter des exp\u00e9riences uniques comme le tra\u00eeneau \u00e0 chiens ou le parapente. Apr\u00e8s vos aventures, vous pourrez vous d\u00e9tendre sur l&rsquo;une des nombreuses terrasses ensoleill\u00e9es.<\/span><\/p>\n<p><span class=\"font-377884\">Flumserberg est connu comme une \u00ab\u00a0montagne familiale\u00a0\u00bb, avec des sentiers enchant\u00e9s, FamilyRun Flumserberg, et des activit\u00e9s de tra\u00eeneau de jour et de nuit. Gr\u00e2ce au \u00ab\u00a0Flumserberg Taler\u00a0\u00bb, les jeunes peuvent \u00e9conomiser de l&rsquo;argent dans les restaurants participants et profiter des aventures hivernales le ventre plein et le sourire aux l\u00e8vres.<\/span><\/p>\n<p><span class=\"font-377884\"><strong>Pour se rendre \u00e0 la station de ski de Flumserberg, le meilleur moyen est d&rsquo;utiliser le train S2 pour Unterterzen : la gare, situ\u00e9e en face de la station de la t\u00e9l\u00e9cabine SeeJet, vous emm\u00e8nera confortablement sur les pistes en 20 minutes.<\/strong><\/span><\/p>\n<p><a href=\"https:\/\/k16trade.ch\/raw-coffee\/\"><img decoding=\"async\" class=\"aligncenter wp-image-230951 size-medium\" src=\"https:\/\/swissfederalism.ch\/wp-content\/uploads\/2020\/11\/FullLogo_Transparent_NoBuffer-300x145.png\" alt=\"K16 TRADE &amp; CONSULTING SWITZERLAND\" width=\"300\" height=\"145\" srcset=\"https:\/\/swissfederalism.ch\/wp-content\/uploads\/2020\/11\/FullLogo_Transparent_NoBuffer-300x145.png 300w, https:\/\/swissfederalism.ch\/wp-content\/uploads\/2020\/11\/FullLogo_Transparent_NoBuffer-1024x495.png 1024w, https:\/\/swissfederalism.ch\/wp-content\/uploads\/2020\/11\/FullLogo_Transparent_NoBuffer-768x371.png 768w, https:\/\/swissfederalism.ch\/wp-content\/uploads\/2020\/11\/FullLogo_Transparent_NoBuffer-350x169.png 350w, https:\/\/swissfederalism.ch\/wp-content\/uploads\/2020\/11\/FullLogo_Transparent_NoBuffer.png 1280w\" sizes=\"(max-width: 300px) 100vw, 300px\" \/><\/a><\/p>\n","protected":false},"excerpt":{"rendered":"<p>L&rsquo;hiver en Suisse offre une exp\u00e9rience unique et inoubliable gr\u00e2ce \u00e0 ses stations de ski renomm\u00e9es, encadr\u00e9es par des paysages \u00e0 couper le souffle et dot\u00e9es de services de haute qualit\u00e9.<\/p>\n","protected":false},"author":9,"featured_media":230518,"comment_status":"open","ping_status":"closed","sticky":false,"template":"","format":"standard","meta":{"footnotes":""},"categories":[356,380,377,365,353,344,332,321,341,335,312,310,308,209,294,2325,1346],"tags":[954,431,401,1152,2432,888,443],"class_list":["post-230760","post","type-post","status-publish","format-standard","has-post-thumbnail","hentry","category-canton-dobwald","category-canton-de-berne","category-canton-de-fribourg","category-canton-de-lucerne","category-canton-de-saint-gall","category-canton-de-schwytz","category-canton-de-vaud","category-canton-des-grisons","category-canton-du-tessin","category-canton-valais-fr","category-culture-fr","category-economie","category-faits-marquants","category-les-magazines","category-suisse","category-tourisme","category-curiosites","tag-economie","tag-grisons-fr","tag-histoire-de-leurope","tag-sci-en-fr","tag-sports-dhiver","tag-suisse","tag-tourisme"],"_links":{"self":[{"href":"https:\/\/swissfederalism.ch\/fr\/wp-json\/wp\/v2\/posts\/230760","targetHints":{"allow":["GET"]}}],"collection":[{"href":"https:\/\/swissfederalism.ch\/fr\/wp-json\/wp\/v2\/posts"}],"about":[{"href":"https:\/\/swissfederalism.ch\/fr\/wp-json\/wp\/v2\/types\/post"}],"author":[{"embeddable":true,"href":"https:\/\/swissfederalism.ch\/fr\/wp-json\/wp\/v2\/users\/9"}],"replies":[{"embeddable":true,"href":"https:\/\/swissfederalism.ch\/fr\/wp-json\/wp\/v2\/comments?post=230760"}],"version-history":[{"count":3,"href":"https:\/\/swissfederalism.ch\/fr\/wp-json\/wp\/v2\/posts\/230760\/revisions"}],"predecessor-version":[{"id":236123,"href":"https:\/\/swissfederalism.ch\/fr\/wp-json\/wp\/v2\/posts\/230760\/revisions\/236123"}],"wp:featuredmedia":[{"embeddable":true,"href":"https:\/\/swissfederalism.ch\/fr\/wp-json\/wp\/v2\/media\/230518"}],"wp:attachment":[{"href":"https:\/\/swissfederalism.ch\/fr\/wp-json\/wp\/v2\/media?parent=230760"}],"wp:term":[{"taxonomy":"category","embeddable":true,"href":"https:\/\/swissfederalism.ch\/fr\/wp-json\/wp\/v2\/categories?post=230760"},{"taxonomy":"post_tag","embeddable":true,"href":"https:\/\/swissfederalism.ch\/fr\/wp-json\/wp\/v2\/tags?post=230760"}],"curies":[{"name":"wp","href":"https:\/\/api.w.org\/{rel}","templated":true}]}}