{"id":227569,"date":"2023-03-22T17:15:24","date_gmt":"2023-03-22T17:15:24","guid":{"rendered":"https:\/\/swissfederalism.ch\/daylight-saving-time\/"},"modified":"2023-03-22T17:42:21","modified_gmt":"2023-03-22T17:42:21","slug":"heure-ete","status":"publish","type":"post","link":"https:\/\/swissfederalism.ch\/fr\/heure-ete\/","title":{"rendered":"Retour \u00e0 l&rsquo;heure d&rsquo;\u00e9t\u00e9"},"content":{"rendered":"<h1><span class=\"font-377884\">Retour \u00e0 l&rsquo;heure d&rsquo;\u00e9t\u00e9<\/span><\/h1>\n<h3><span class=\"font-377884\"><em>L&rsquo;heure d&rsquo;\u00e9t\u00e9 commence dimanche prochain : \u00e0 2 heures du matin en Suisse et dans la plupart des pays europ\u00e9ens, les horloges sont avanc\u00e9es \u00e0 3 heures du matin.<\/em><\/span><\/h3>\n<figure id=\"attachment_224991\" aria-describedby=\"caption-attachment-224991\" style=\"width: 840px\" class=\"wp-caption aligncenter\"><a href=\"https:\/\/swissfederalism.ch\/fr\/retour-heure-normale\/cambio-orario-photo-by-piro-on-pixabay-2\/\" rel=\"attachment wp-att-224991\"><img decoding=\"async\" class=\"size-large wp-image-224991\" src=\"https:\/\/swissfederalism.ch\/wp-content\/uploads\/2022\/10\/Cambio-orario-Photo-by-PIRO-on-Pixabay-1024x630.jpg\" alt=\"Cambio orario Photo by PIRO on Pixabay\" width=\"840\" height=\"517\" srcset=\"https:\/\/swissfederalism.ch\/wp-content\/uploads\/2022\/10\/Cambio-orario-Photo-by-PIRO-on-Pixabay-1024x630.jpg 1024w, https:\/\/swissfederalism.ch\/wp-content\/uploads\/2022\/10\/Cambio-orario-Photo-by-PIRO-on-Pixabay-300x185.jpg 300w, https:\/\/swissfederalism.ch\/wp-content\/uploads\/2022\/10\/Cambio-orario-Photo-by-PIRO-on-Pixabay-768x473.jpg 768w, https:\/\/swissfederalism.ch\/wp-content\/uploads\/2022\/10\/Cambio-orario-Photo-by-PIRO-on-Pixabay-1536x946.jpg 1536w, https:\/\/swissfederalism.ch\/wp-content\/uploads\/2022\/10\/Cambio-orario-Photo-by-PIRO-on-Pixabay.jpg 1920w\" sizes=\"(max-width: 840px) 100vw, 840px\" \/><\/a><figcaption id=\"caption-attachment-224991\" class=\"wp-caption-text\"><span class=\"font-377884\">Time change Photo by PIRO on Pixabay<\/span><\/figcaption><\/figure>\n<p><span class=\"font-377884\"><strong>L&rsquo;heure d&rsquo;\u00e9t\u00e9<\/strong> commence le dernier dimanche de mars et se termine le dernier dimanche d&rsquo;octobre. Cette ann\u00e9e, elle durera donc du 26 mars au 29 octobre.<\/span><\/p>\n<p><span class=\"font-377884\">En Suisse, l&rsquo;Institut f\u00e9d\u00e9ral de m\u00e9trologie (METAS) est responsable de la mise en \u0153uvre et de la diffusion de l&rsquo;heure officielle suisse. Pour ce faire, il exploite plusieurs horloges atomiques dans ses laboratoires et participe ainsi \u00e0 la r\u00e9alisation de l&rsquo;heure mondiale coordonn\u00e9e. Le Bureau international des poids et mesures (BIPM) \u00e0 Paris a calcul\u00e9 le temps universel coordonn\u00e9 (UTC) \u00e0 partir des donn\u00e9es d&rsquo;environ 350 horloges atomiques r\u00e9parties dans plus de 60 laboratoires de r\u00e9f\u00e9rence temporelle diss\u00e9min\u00e9s dans le monde. Il s&rsquo;agit de l&rsquo;heure de r\u00e9f\u00e9rence mondiale, qui rythme tous les fuseaux horaires.<\/span><\/p>\n<p><span class=\"font-377884\">Des horloges atomiques particuli\u00e8rement pr\u00e9cises, appel\u00e9es \u00e9chantillons de fr\u00e9quence primaire, jouent un r\u00f4le particulier dans la mise au point de l&rsquo;heure mondiale. Une douzaine de ces \u00e9chantillons de fr\u00e9quence primaire dispers\u00e9s dans le monde contribuent r\u00e9guli\u00e8rement \u00e0 la pr\u00e9cision de l&rsquo;heure mondiale. L&rsquo;une de ces horloges atomiques sp\u00e9ciales se trouve \u00e0 METAS : la Fontaine Continue Suisse (FOCS). Elle est si pr\u00e9cise qu&rsquo;il faudrait 30 millions d&rsquo;ann\u00e9es \u00e0 deux horloges similaires pour indiquer une diff\u00e9rence d&rsquo;une seconde.<\/span><\/p>\n<h3><span class=\"font-377884\">Fournir un temps pr\u00e9cis<\/span><\/h3>\n<p><span class=\"font-377884\">Le d\u00e9ploiement d&rsquo;\u00e9chelles de temps de haute pr\u00e9cision joue un r\u00f4le de plus en plus important dans de nombreux domaines, par exemple dans le n\u00e9goce boursier, pour la mise en \u0153uvre de nombreuses nouvelles technologies telles que l&rsquo;Internet des objets, ou encore dans la synchronisation de syst\u00e8mes distribu\u00e9s. Pour r\u00e9pondre \u00e0 ces besoins, METAS travaille actuellement au d\u00e9veloppement de nouveaux syst\u00e8mes de diffusion du temps par fibres optiques qui atteignent des performances tr\u00e8s \u00e9lev\u00e9es et contribuent de mani\u00e8re optimale au d\u00e9veloppement des technologies futures.<\/span><\/p>\n<figure id=\"attachment_227544\" aria-describedby=\"caption-attachment-227544\" style=\"width: 840px\" class=\"wp-caption aligncenter\"><a href=\"https:\/\/swissfederalism.ch\/fr\/time-change-image-by-annca-from-pixabay-2\/\" rel=\"attachment wp-att-227544\"><img decoding=\"async\" class=\"size-large wp-image-227544\" src=\"https:\/\/swissfederalism.ch\/wp-content\/uploads\/2023\/03\/Time-change-Image-by-annca-from-Pixabay-1024x683.jpg\" alt=\"Time change Image by annca from Pixabay\" width=\"840\" height=\"560\" srcset=\"https:\/\/swissfederalism.ch\/wp-content\/uploads\/2023\/03\/Time-change-Image-by-annca-from-Pixabay-1024x683.jpg 1024w, https:\/\/swissfederalism.ch\/wp-content\/uploads\/2023\/03\/Time-change-Image-by-annca-from-Pixabay-300x200.jpg 300w, https:\/\/swissfederalism.ch\/wp-content\/uploads\/2023\/03\/Time-change-Image-by-annca-from-Pixabay-768x512.jpg 768w, https:\/\/swissfederalism.ch\/wp-content\/uploads\/2023\/03\/Time-change-Image-by-annca-from-Pixabay-1536x1024.jpg 1536w, https:\/\/swissfederalism.ch\/wp-content\/uploads\/2023\/03\/Time-change-Image-by-annca-from-Pixabay-350x233.jpg 350w, https:\/\/swissfederalism.ch\/wp-content\/uploads\/2023\/03\/Time-change-Image-by-annca-from-Pixabay.jpg 1920w\" sizes=\"(max-width: 840px) 100vw, 840px\" \/><\/a><figcaption id=\"caption-attachment-227544\" class=\"wp-caption-text\"><span class=\"font-377884\">Time change Image by annca from Pixabay<\/span><\/figcaption><\/figure>\n<h2><span class=\"font-377884\">Malaise d\u00fb au changement d&rsquo;heure<\/span><\/h2>\n<p><span class=\"font-377884\">Des psychologues et des m\u00e9decins ont constat\u00e9 les effets n\u00e9fastes du changement d&rsquo;heure, notamment pour les personnes souffrant de troubles du sommeil ou de maladies organiques. Ce changement peut perturber notre horloge biologique, autrement dit le<strong> rythme circadien.<\/strong><\/span><\/p>\n<p><span class=\"font-377884\">En agriculture, on sait que les vaches laiti\u00e8res ont besoin d&rsquo;environ une semaine pour s&rsquo;adapter aux nouveaux horaires de traite, et lors du changement de printemps, la production de lait diminue pendant quelques jours. La plupart des agriculteurs \u00e9talent le changement d&rsquo;heure de traite sur plusieurs jours afin d&rsquo;en att\u00e9nuer les effets.<\/span><\/p>\n<p><span class=\"font-377884\">M\u00eame si le changement a lieu la nuit, pour ceux qui travaillent la nuit, l&rsquo;\u00e9quipe est allong\u00e9e d&rsquo;une heure et la p\u00e9riode de repos est raccourcie d&rsquo;une heure.<\/span><\/p>\n<p><span class=\"font-377884\">Lors du passage de l&rsquo;heure normale \u00e0 l&rsquo;heure d&rsquo;\u00e9t\u00e9, les trains arrivent \u00e0 la gare de destination avec une heure de retard. Dans la mesure du possible, les trains de marchandises sont achemin\u00e9s plus t\u00f4t que l&rsquo;heure de d\u00e9part pr\u00e9vue, de sorte qu&rsquo;ils arrivent \u00e0 destination avec un l\u00e9ger retard, voire sans retard, tandis que certains trains circulant pendant le changement d&rsquo;heure sont annul\u00e9s.<\/span><\/p>\n<p><span class=\"font-377884\">Les avions, qui voyagent souvent \u00e0 travers diff\u00e9rents fuseaux horaires, fonctionnent toujours selon le temps universel coordonn\u00e9 (UTC), qui n&rsquo;est pas affect\u00e9 par le changement d&rsquo;heure d&rsquo;\u00e9t\u00e9. L&rsquo;heure locale \u00e9tant d\u00e9cal\u00e9e d&rsquo;une heure, les horaires d&#8217;embarquement et de d\u00e9barquement des passagers peuvent \u00eatre modifi\u00e9s.<\/span><\/p>\n<h2><span class=\"font-377884\">Heure d&rsquo;\u00e9t\u00e9 permanente<\/span><\/h2>\n<p><span class=\"font-377884\">R\u00e9cemment, certains \u00c9tats ont aboli le changement d&rsquo;heure bisannuel et l&rsquo;heure d&rsquo;\u00e9t\u00e9 a \u00e9t\u00e9 d\u00e9clar\u00e9e permanente. Aujourd&rsquo;hui, cette heure est permanente en <strong>Argentine, en Islande, au Maroc, en Libye, en Namibie, au Turkm\u00e9nistan, en Jordanie, en Ouzb\u00e9kistan, en Turquie<\/strong> et dans certaines r\u00e9gions du Chili, du Canada et du Kazakhstan.<\/span><\/p>\n<p><span class=\"font-377884\">Dans l&rsquo;Union europ\u00e9enne, compte tenu des discussions actuelles sur l&rsquo;abolition du changement d&rsquo;heure, l&rsquo;introduction de l&rsquo;heure d&rsquo;\u00e9t\u00e9 tout au long de l&rsquo;ann\u00e9e est discut\u00e9e dans certains \u00c9tats ; m\u00eame aux \u00c9tats-Unis, plusieurs \u00c9tats souhaiteraient introduire l&rsquo;heure d&rsquo;\u00e9t\u00e9 tout au long de l&rsquo;ann\u00e9e et ont adopt\u00e9 des initiatives l\u00e9gislatives \u00e0 cet effet.<\/span><\/p>\n<p><span class=\"font-377884\">En mars 2019, le Parlement europ\u00e9en s&rsquo;est prononc\u00e9 en faveur de l&rsquo;abolition du changement d&rsquo;heure \u00e0 partir de 2021, mais les 27 \u00c9tats membres de l&rsquo;UE ne sont pas encore parvenus \u00e0 un accord. Des sondages ont \u00e9galement montr\u00e9 qu&rsquo;environ 84 % des Europ\u00e9ens seraient favorables \u00e0 l&rsquo;abolition du changement d&rsquo;heure.<\/span><\/p>\n<p><span class=\"font-377884\">Le changement d&rsquo;heure est introduit en Suisse depuis 1981, et depuis lors, plusieurs initiatives visant \u00e0 l&rsquo;abolir ont \u00e9t\u00e9 lanc\u00e9es, sans succ\u00e8s. Le Conseil f\u00e9d\u00e9ral a d\u00e9clar\u00e9 par le pass\u00e9 que l&rsquo;heure d&rsquo;\u00e9t\u00e9 n&rsquo;avait pas \u00e9t\u00e9 introduite pour des raisons d&rsquo;\u00e9conomie d&rsquo;\u00e9nergie, mais pour s&rsquo;aligner sur les pays voisins. Si le changement d&rsquo;heure est supprim\u00e9 dans l&rsquo;UE, la Suisse se conformera probablement aux directives suivantes<\/span><\/p>\n","protected":false},"excerpt":{"rendered":"<p>L&rsquo;heure d&rsquo;\u00e9t\u00e9 commence dimanche prochain : \u00e0 2 heures du matin en Suisse et dans la plupart des pays europ\u00e9ens, les horloges sont avanc\u00e9es \u00e0 3 heures du matin.<\/p>\n","protected":false},"author":9,"featured_media":227546,"comment_status":"open","ping_status":"closed","sticky":false,"template":"","format":"standard","meta":{"footnotes":""},"categories":[277,308,209,294],"tags":[406,434,522],"class_list":["post-227569","post","type-post","status-publish","format-standard","has-post-thumbnail","hentry","category-europe-fr","category-faits-marquants","category-les-magazines","category-suisse","tag-europe-fr","tag-politique","tag-sante"],"_links":{"self":[{"href":"https:\/\/swissfederalism.ch\/fr\/wp-json\/wp\/v2\/posts\/227569","targetHints":{"allow":["GET"]}}],"collection":[{"href":"https:\/\/swissfederalism.ch\/fr\/wp-json\/wp\/v2\/posts"}],"about":[{"href":"https:\/\/swissfederalism.ch\/fr\/wp-json\/wp\/v2\/types\/post"}],"author":[{"embeddable":true,"href":"https:\/\/swissfederalism.ch\/fr\/wp-json\/wp\/v2\/users\/9"}],"replies":[{"embeddable":true,"href":"https:\/\/swissfederalism.ch\/fr\/wp-json\/wp\/v2\/comments?post=227569"}],"version-history":[{"count":2,"href":"https:\/\/swissfederalism.ch\/fr\/wp-json\/wp\/v2\/posts\/227569\/revisions"}],"predecessor-version":[{"id":227571,"href":"https:\/\/swissfederalism.ch\/fr\/wp-json\/wp\/v2\/posts\/227569\/revisions\/227571"}],"wp:featuredmedia":[{"embeddable":true,"href":"https:\/\/swissfederalism.ch\/fr\/wp-json\/wp\/v2\/media\/227546"}],"wp:attachment":[{"href":"https:\/\/swissfederalism.ch\/fr\/wp-json\/wp\/v2\/media?parent=227569"}],"wp:term":[{"taxonomy":"category","embeddable":true,"href":"https:\/\/swissfederalism.ch\/fr\/wp-json\/wp\/v2\/categories?post=227569"},{"taxonomy":"post_tag","embeddable":true,"href":"https:\/\/swissfederalism.ch\/fr\/wp-json\/wp\/v2\/tags?post=227569"}],"curies":[{"name":"wp","href":"https:\/\/api.w.org\/{rel}","templated":true}]}}