{"id":227532,"date":"2023-03-20T18:48:35","date_gmt":"2023-03-20T18:48:35","guid":{"rendered":"https:\/\/swissfederalism.ch\/ubs-acquires-credit-suisse\/"},"modified":"2023-03-20T20:58:11","modified_gmt":"2023-03-20T20:58:11","slug":"ubs-acquiert-credit-suisse","status":"publish","type":"post","link":"https:\/\/swissfederalism.ch\/fr\/ubs-acquiert-credit-suisse\/","title":{"rendered":"UBS acquiert le Credit Suisse : une nouvelle \u00e8re commence"},"content":{"rendered":"<h1 class=\"m-article-header__title\"><span class=\"font-377884\">UBS acquiert le Credit Suisse : une nouvelle \u00e8re commence<\/span><\/h1>\n<h3 class=\"m-article-header__title\"><span class=\"font-377884\"><em>UBS acquiert le Credit Suisse avec l&rsquo;approbation du Conseil f\u00e9d\u00e9ral qui accorde une garantie de soutien suppl\u00e9mentaire en liquidit\u00e9s au Credit Suisse de la part de la Banque nationale suisse (BNS). Cette op\u00e9ration ouvre une nouvelle \u00e8re pour le secteur bancaire et l&rsquo;ensemble de la place financi\u00e8re.<\/em><\/span><\/h3>\n<figure id=\"attachment_227514\" aria-describedby=\"caption-attachment-227514\" style=\"width: 840px\" class=\"wp-caption aligncenter\"><a href=\"https:\/\/swissfederalism.ch\/fr\/la-sede-di-credit-suisse-a-zurigo-photo-by-credit-suisse-2\/\" rel=\"attachment wp-att-227514\"><img decoding=\"async\" class=\"size-large wp-image-227514\" src=\"https:\/\/swissfederalism.ch\/wp-content\/uploads\/2023\/03\/La-sede-di-Credit-Suisse-a-Zurigo-Photo-by-Credit-Suisse-1024x775.jpg\" alt=\"La sede di Credit Suisse a Zurigo - Photo by Credit Suisse\" width=\"840\" height=\"636\" srcset=\"https:\/\/swissfederalism.ch\/wp-content\/uploads\/2023\/03\/La-sede-di-Credit-Suisse-a-Zurigo-Photo-by-Credit-Suisse-1024x775.jpg 1024w, https:\/\/swissfederalism.ch\/wp-content\/uploads\/2023\/03\/La-sede-di-Credit-Suisse-a-Zurigo-Photo-by-Credit-Suisse-300x227.jpg 300w, https:\/\/swissfederalism.ch\/wp-content\/uploads\/2023\/03\/La-sede-di-Credit-Suisse-a-Zurigo-Photo-by-Credit-Suisse-768x581.jpg 768w, https:\/\/swissfederalism.ch\/wp-content\/uploads\/2023\/03\/La-sede-di-Credit-Suisse-a-Zurigo-Photo-by-Credit-Suisse-1536x1162.jpg 1536w, https:\/\/swissfederalism.ch\/wp-content\/uploads\/2023\/03\/La-sede-di-Credit-Suisse-a-Zurigo-Photo-by-Credit-Suisse-2048x1549.jpg 2048w, https:\/\/swissfederalism.ch\/wp-content\/uploads\/2023\/03\/La-sede-di-Credit-Suisse-a-Zurigo-Photo-by-Credit-Suisse-350x265.jpg 350w, https:\/\/swissfederalism.ch\/wp-content\/uploads\/2023\/03\/La-sede-di-Credit-Suisse-a-Zurigo-Photo-by-Credit-Suisse-scaled.jpg 2560w\" sizes=\"(max-width: 840px) 100vw, 840px\" \/><\/a><figcaption id=\"caption-attachment-227514\" class=\"wp-caption-text\"><span class=\"font-377884\">Le si\u00e8ge du Credit Suisse \u00e0 Zurich &#8211; Photo by Credit Suisse<\/span><\/figcaption><\/figure>\n<p><span class=\"font-377884\">Le <strong>Cr\u00e9dit Suisse<\/strong> est une banque bas\u00e9e \u00e0 Zurich, en Suisse, fond\u00e9e en 1856 par <strong>Alfred Escher.<\/strong> Elle op\u00e8re au niveau mondial par le biais de trois divisions (banque priv\u00e9e, banque d&rsquo;investissement, gestion d&rsquo;actifs).<\/span><\/p>\n<p><span class=\"font-377884\">Apr\u00e8s plusieurs scandales, dont l&rsquo;exposition aux fonds Archegos et Greensil en 2021, le groupe a subi d&rsquo;\u00e9normes pertes et ne s&rsquo;en est pas remis. En novembre dernier, S&amp;P a abaiss\u00e9 la note \u00e0 Bbb-.<\/span><\/p>\n<p><span class=\"font-377884\">Le <strong>dimanche 19 mars 2023,<\/strong> apr\u00e8s de longues n\u00e9gociations, l&rsquo;accord a \u00e9t\u00e9 conclu : Ubs ach\u00e8te Credit Suisse pour 3 milliards de francs suisses en actions. Le Conseil f\u00e9d\u00e9ral approuve cette d\u00e9cision et la consid\u00e8re comme une contribution importante \u00e0 la stabilit\u00e9 du march\u00e9 financier. Afin d&rsquo;assurer la poursuite des activit\u00e9s du Credit Suisse jusqu&rsquo;\u00e0 la mise en \u0153uvre de l&rsquo;acquisition et de r\u00e9duire les co\u00fbts pour l&rsquo;\u00e9conomie suisse, l&rsquo;ex\u00e9cutif a d\u00e9cid\u00e9 de prendre des mesures suppl\u00e9mentaires en mati\u00e8re de liquidit\u00e9s :<\/span><\/p>\n<ul>\n<li><span class=\"font-377884\">dans un premier temps, le Conseil f\u00e9d\u00e9ral a cr\u00e9\u00e9 les bases l\u00e9gales n\u00e9cessaires pour que la BNS puisse accorder au Credit Suisse des aides suppl\u00e9mentaires sous forme de liquidit\u00e9s. Concr\u00e8tement, l&rsquo;ex\u00e9cutif a introduit un privil\u00e8ge en cas de faillite. La BNS dispose ainsi de la s\u00e9curit\u00e9 n\u00e9cessaire pour mettre \u00e0 la disposition du Credit Suisse, en cas de besoin, des liquidit\u00e9s suppl\u00e9mentaires importantes ;<\/span><\/li>\n<li><span class=\"font-377884\">afin de garantir au Credit Suisse des liquidit\u00e9s suffisantes en tout temps, le Conseil f\u00e9d\u00e9ral a d\u00e9cid\u00e9, dans une deuxi\u00e8me mesure, d&rsquo;accorder \u00e0 la BNS une garantie en cas de d\u00e9faillance. Ces deux mesures sont r\u00e9gies par les articles 184 et 185 de la Constitution f\u00e9d\u00e9rale (droit de n\u00e9cessit\u00e9).<\/span><\/li>\n<\/ul>\n<p><span class=\"font-377884\">Ces mesures compl\u00e8tent les instruments dont dispose d\u00e9j\u00e0 la BNS pour renforcer les liquidit\u00e9s des banques, notamment les liquidit\u00e9s ordinaires fournies dans les situations d&rsquo;urgence (ELA, \u00ab\u00a0Emergency Liquidity Assistance\u00a0\u00bb).<\/span><\/p>\n<p><span class=\"font-377884\">Le Conseil f\u00e9d\u00e9ral estime que ces mesures sont le moyen le plus appropri\u00e9 pour renforcer la confiance des march\u00e9s dans le Credit Suisse et la place financi\u00e8re suisse. Des instruments similaires existent aux Etats-Unis, dans l&rsquo;UE et au Royaume-Uni.<\/span><\/p>\n<p><span class=\"font-377884\">Afin de r\u00e9duire les risques \u00e9ventuels pour l&rsquo;UBS, la Conf\u00e9d\u00e9ration lui accorde une garantie de l&rsquo;ordre de 9 milliards de francs pour assumer les pertes potentielles li\u00e9es \u00e0 certains actifs qu&rsquo;elle reprendrait dans le cadre de la transaction, au cas o\u00f9 ces pertes potentielles d\u00e9passeraient un certain seuil.<\/span><\/p>\n<p><span class=\"font-377884\">L&rsquo;ex\u00e9cutif a demand\u00e9 \u00e0 la D\u00e9l\u00e9gation des finances des Chambres f\u00e9d\u00e9rales un cr\u00e9dit d&rsquo;engagement urgent approuv\u00e9 le dimanche 19 mars 2023.<\/span><\/p>\n<p><span class=\"font-377884\">Les mesures d\u00e9cid\u00e9es garantissent que la BNS pourra mettre suffisamment de liquidit\u00e9s \u00e0 la disposition du Credit Suisse en cas de besoin. L&rsquo;obtention de liquidit\u00e9s est soumise \u00e0 des conditions strictes. En outre, conform\u00e9ment \u00e0 l&rsquo;article 10a de la loi sur les banques, le Conseil f\u00e9d\u00e9ral ordonnera \u00e9galement des mesures concernant les r\u00e9mun\u00e9rations.<\/span><\/p>\n<p><span class=\"font-377884\">L&rsquo;ex\u00e9cutif a pris des mesures pour limiter autant que possible les risques pour la Conf\u00e9d\u00e9ration. Le Credit Suisse devra donc payer une prime de risque \u00e0 la Conf\u00e9d\u00e9ration et \u00e0 la BNS. Il devra \u00e9galement verser une prime pour la fourniture de garanties en cas de d\u00e9faillance \u00e0 la Conf\u00e9d\u00e9ration et des int\u00e9r\u00eats \u00e0 la BNS. Compte tenu de ces mesures et du privil\u00e8ge de la faillite, le risque de dissolution de la Conf\u00e9d\u00e9ration est faible.<\/span><\/p>\n<p><span class=\"font-377884\">Les mesures de soutien \u00e0 la liquidit\u00e9 existantes et nouvelles de la BNS sont suffisantes, avec les r\u00e9serves de liquidit\u00e9 dont dispose le Credit Suisse, pour assurer des liquidit\u00e9s suffisantes \u00e0 l&rsquo;\u00e9tablissement. Avec cette s\u00e9rie de mesures, le Conseil f\u00e9d\u00e9ral r\u00e9affirme sa volont\u00e9 de prendre les mesures n\u00e9cessaires pour prot\u00e9ger les d\u00e9posants et la stabilit\u00e9 de la place financi\u00e8re suisse.<\/span><\/p>\n<figure id=\"attachment_227518\" aria-describedby=\"caption-attachment-227518\" style=\"width: 840px\" class=\"wp-caption aligncenter\"><a href=\"https:\/\/swissfederalism.ch\/fr\/il-quartier-generale-di-ubs-a-zurigo-photo-by-ubs-2\/\" rel=\"attachment wp-att-227518\"><img decoding=\"async\" class=\"size-large wp-image-227518\" src=\"https:\/\/swissfederalism.ch\/wp-content\/uploads\/2023\/03\/Il-quartier-generale-di-UBS-a-Zurigo-Photo-by-UBS-1024x675.jpg\" alt=\"Il quartier generale di UBS a Zurigo - Photo by UBS\" width=\"840\" height=\"554\" srcset=\"https:\/\/swissfederalism.ch\/wp-content\/uploads\/2023\/03\/Il-quartier-generale-di-UBS-a-Zurigo-Photo-by-UBS-1024x675.jpg 1024w, https:\/\/swissfederalism.ch\/wp-content\/uploads\/2023\/03\/Il-quartier-generale-di-UBS-a-Zurigo-Photo-by-UBS-300x198.jpg 300w, https:\/\/swissfederalism.ch\/wp-content\/uploads\/2023\/03\/Il-quartier-generale-di-UBS-a-Zurigo-Photo-by-UBS-768x506.jpg 768w, https:\/\/swissfederalism.ch\/wp-content\/uploads\/2023\/03\/Il-quartier-generale-di-UBS-a-Zurigo-Photo-by-UBS-350x231.jpg 350w, https:\/\/swissfederalism.ch\/wp-content\/uploads\/2023\/03\/Il-quartier-generale-di-UBS-a-Zurigo-Photo-by-UBS.jpg 1250w\" sizes=\"(max-width: 840px) 100vw, 840px\" \/><\/a><figcaption id=\"caption-attachment-227518\" class=\"wp-caption-text\"><span class=\"font-377884\">Le si\u00e8ge de l&rsquo;UBS \u00e0 Zurich &#8211; Photo by UBS<\/span><\/figcaption><\/figure>\n<h2><span class=\"font-377884\">Une transition pas tout \u00e0 fait indolore<\/span><\/h2>\n<p><span class=\"font-377884\">Le sauvetage du Cr\u00e9dit suisse par UBS ne semble pas convaincre les march\u00e9s europ\u00e9ens : les investisseurs craignent un effet domino sur d&rsquo;autres banques.<\/span><\/p>\n<p><span class=\"font-377884\">Le rachat par UBS comprend une d\u00e9pr\u00e9ciation massive des actions du Credit Suisse, de l&rsquo;ordre de 60 %. Dans la matin\u00e9e du lundi 20 mars, les actions de la banque suisse, qui avaient cl\u00f4tur\u00e9 \u00e0 1,86 franc l&rsquo;action vendredi, pour une valeur d&rsquo;environ 28 milliards, ont atteint 0,75 franc et une valeur d&rsquo;environ 16 milliards de francs suisses.<\/span><\/p>\n<p><span class=\"font-377884\">Selon BAK Economics, l&rsquo;acquisition du Credit Suisse par UBS \u00e9vite de porter gravement atteinte \u00e0 l&rsquo;\u00e9conomie suisse, et les effets n\u00e9gatifs restent largement limit\u00e9s au secteur bancaire. Le potentiel de rationalisation des deux banques est de l&rsquo;ordre de 9 500 \u00e0 12 000 emplois. Selon BAK Economics, l&rsquo;op\u00e9ration aura des effets limit\u00e9s sur le PIB de la Suisse, qui devrait encore cro\u00eetre de 0,7 % cette ann\u00e9e et de 1,6 % en 2024.<\/span><\/p>\n<p><span class=\"font-377884\"><a href=\"https:\/\/swissfederalism.ch\/fr\/temps-rabais-termine\/\"><strong>Le temps des rabais est termin\u00e9 : Bonnes et mauvaises nouvelles pour les banques de la zone euro<\/strong><\/a><\/span><\/p>\n<h2><span class=\"font-377884\">La nouvelle UBS<\/span><\/h2>\n<p><span class=\"font-377884\">L&rsquo;UBS a \u00e9t\u00e9 cr\u00e9\u00e9e en 1998 par la fusion de l&rsquo;Union des banques suisses et de la Soci\u00e9t\u00e9 de banque suisse, mais la date de fondation officielle remonte \u00e0 1862, lorsque la Banque de Winterthur a \u00e9t\u00e9 fond\u00e9e, et a ses racines dans pas moins de 370 institutions financi\u00e8res distinctes qui se sont succ\u00e9d\u00e9es au fil des ans. Deux ans apr\u00e8s la fusion, en 2000, UBS a acquis le groupe am\u00e9ricain <em>Paine Webber<\/em>, le transformant en la <strong>plus grande banque priv\u00e9e<\/strong> <strong>du monde.<\/strong><\/span><\/p>\n<p><span class=\"font-377884\">L&rsquo;acquisition du Credit Suisse renforcera la position d&rsquo;UBS en tant que <strong>premier gestionnaire de patrimoine au monde,<\/strong> avec 5 000 milliards de dollars d&rsquo;actifs investis, et favorisera ses ambitions de croissance dans les Am\u00e9riques et en Asie en ouvrant une nouvelle \u00e8re.<\/span><\/p>\n<p>&nbsp;<\/p>\n","protected":false},"excerpt":{"rendered":"<p>UBS acquiert le Credit Suisse avec l&rsquo;approbation du Conseil f\u00e9d\u00e9ral qui accorde une garantie de soutien suppl\u00e9mentaire en liquidit\u00e9s au Credit Suisse de la part de la Banque nationale suisse (BNS). Cette op\u00e9ration ouvre une nouvelle \u00e8re pour le secteur bancaire et l&rsquo;ensemble de la place financi\u00e8re.<\/p>\n","protected":false},"author":9,"featured_media":227520,"comment_status":"open","ping_status":"closed","sticky":false,"template":"","format":"standard","meta":{"footnotes":""},"categories":[310,308,986,209,306,294],"tags":[393,504,954,402,888],"class_list":["post-227532","post","type-post","status-publish","format-standard","has-post-thumbnail","hentry","category-economie","category-faits-marquants","category-finance-fr","category-les-magazines","category-politique","category-suisse","tag-avenir","tag-banque","tag-economie","tag-finances","tag-suisse"],"_links":{"self":[{"href":"https:\/\/swissfederalism.ch\/fr\/wp-json\/wp\/v2\/posts\/227532","targetHints":{"allow":["GET"]}}],"collection":[{"href":"https:\/\/swissfederalism.ch\/fr\/wp-json\/wp\/v2\/posts"}],"about":[{"href":"https:\/\/swissfederalism.ch\/fr\/wp-json\/wp\/v2\/types\/post"}],"author":[{"embeddable":true,"href":"https:\/\/swissfederalism.ch\/fr\/wp-json\/wp\/v2\/users\/9"}],"replies":[{"embeddable":true,"href":"https:\/\/swissfederalism.ch\/fr\/wp-json\/wp\/v2\/comments?post=227532"}],"version-history":[{"count":2,"href":"https:\/\/swissfederalism.ch\/fr\/wp-json\/wp\/v2\/posts\/227532\/revisions"}],"predecessor-version":[{"id":227534,"href":"https:\/\/swissfederalism.ch\/fr\/wp-json\/wp\/v2\/posts\/227532\/revisions\/227534"}],"wp:featuredmedia":[{"embeddable":true,"href":"https:\/\/swissfederalism.ch\/fr\/wp-json\/wp\/v2\/media\/227520"}],"wp:attachment":[{"href":"https:\/\/swissfederalism.ch\/fr\/wp-json\/wp\/v2\/media?parent=227532"}],"wp:term":[{"taxonomy":"category","embeddable":true,"href":"https:\/\/swissfederalism.ch\/fr\/wp-json\/wp\/v2\/categories?post=227532"},{"taxonomy":"post_tag","embeddable":true,"href":"https:\/\/swissfederalism.ch\/fr\/wp-json\/wp\/v2\/tags?post=227532"}],"curies":[{"name":"wp","href":"https:\/\/api.w.org\/{rel}","templated":true}]}}