{"id":227227,"date":"2023-02-08T13:28:19","date_gmt":"2023-02-08T13:28:19","guid":{"rendered":"https:\/\/swissfederalism.ch\/storia-tradizioni-carnevale\/"},"modified":"2023-02-19T15:39:42","modified_gmt":"2023-02-19T15:39:42","slug":"histoire-traditions-carnaval-suisse","status":"publish","type":"post","link":"https:\/\/swissfederalism.ch\/fr\/histoire-traditions-carnaval-suisse\/","title":{"rendered":"Histoire et traditions du carnaval suisse"},"content":{"rendered":"<h1 class=\"sc-iveFHk gOIRzb title\"><span class=\"font-377884\">Histoire et traditions du carnaval suisse<\/span><\/h1>\n<h3><span class=\"font-377884\"><em>Le carnaval est c\u00e9l\u00e9br\u00e9 de diff\u00e9rentes mani\u00e8res : les d\u00e9fil\u00e9s, la musique, les masques et les d\u00e9guisements jouent un r\u00f4le important.<\/em><\/span><\/h3>\n<figure id=\"attachment_227107\" aria-describedby=\"caption-attachment-227107\" style=\"width: 840px\" class=\"wp-caption aligncenter\"><a href=\"https:\/\/swissfederalism.ch\/fr\/fasnachtsumzug-luzern-bild-von-werner-sidler-auf-pixabay-2\/\" rel=\"attachment wp-att-227107\"><img decoding=\"async\" class=\"size-large wp-image-227107\" src=\"https:\/\/swissfederalism.ch\/wp-content\/uploads\/2023\/02\/Fasnachtsumzug-Luzern-Bild-von-Werner-Sidler-auf-Pixabay-1024x577.jpg\" alt=\"Fasnachtsumzug Luzern Bild von Werner Sidler auf Pixabay\" width=\"840\" height=\"473\" srcset=\"https:\/\/swissfederalism.ch\/wp-content\/uploads\/2023\/02\/Fasnachtsumzug-Luzern-Bild-von-Werner-Sidler-auf-Pixabay-1024x577.jpg 1024w, https:\/\/swissfederalism.ch\/wp-content\/uploads\/2023\/02\/Fasnachtsumzug-Luzern-Bild-von-Werner-Sidler-auf-Pixabay-300x169.jpg 300w, https:\/\/swissfederalism.ch\/wp-content\/uploads\/2023\/02\/Fasnachtsumzug-Luzern-Bild-von-Werner-Sidler-auf-Pixabay-768x432.jpg 768w, https:\/\/swissfederalism.ch\/wp-content\/uploads\/2023\/02\/Fasnachtsumzug-Luzern-Bild-von-Werner-Sidler-auf-Pixabay-1536x865.jpg 1536w, https:\/\/swissfederalism.ch\/wp-content\/uploads\/2023\/02\/Fasnachtsumzug-Luzern-Bild-von-Werner-Sidler-auf-Pixabay-350x197.jpg 350w, https:\/\/swissfederalism.ch\/wp-content\/uploads\/2023\/02\/Fasnachtsumzug-Luzern-Bild-von-Werner-Sidler-auf-Pixabay.jpg 1920w\" sizes=\"(max-width: 840px) 100vw, 840px\" \/><\/a><figcaption id=\"caption-attachment-227107\" class=\"wp-caption-text\"><span class=\"font-377884\">Fasnachtsumzug Luzern Bild von Werner Sidler auf Pixabay<\/span><\/figcaption><\/figure>\n<p><span class=\"font-377884\">Le terme \u00ab\u00a0carnaval\u00a0\u00bb vient du latin \u00ab\u00a0<em>carnem levare<\/em>\u00a0\u00bb (enlever la viande) et fait r\u00e9f\u00e9rence \u00e0 la veille du Car\u00eame, la p\u00e9riode de je\u00fbne de quarante jours avant P\u00e2ques, qui commence le mercredi des Cendres. Cette p\u00e9riode de je\u00fbne rappelle les 40 jours de je\u00fbne et de p\u00e9nitence pass\u00e9s par J\u00e9sus dans le d\u00e9sert.<\/span><\/p>\n<p><span class=\"font-377884\">Au Moyen \u00c2ge, tous les habitants de l&rsquo;Europe chr\u00e9tienne devaient observer l&rsquo;obligation de je\u00fbner et le carnaval \u00e9tait utilis\u00e9 pour \u00e9puiser les derni\u00e8res provisions de l&rsquo;hiver, festoyer, danser et faire de la musique.<\/span><\/p>\n<p><span class=\"font-377884\">Dans de nombreux endroits des r\u00e9gions catholiques, le carnaval s&rsquo;ouvre \u00e0 11 h 11 le 11 novembre. Cette date est toujours en rapport avec le je\u00fbne, en effet, on observait autrefois une p\u00e9riode de je\u00fbne avant No\u00ebl, qui commen\u00e7ait le jour de la <strong>Saint-Martin<\/strong>. En outre, en raison des dix commandements de la Bible, le chiffre onze symbolisait l&rsquo;exc\u00e8s, le d\u00e9passement des limites et la bouffonnerie. De v\u00e9ritables d\u00e9fil\u00e9s et f\u00eates de carnaval ont lieu partout en f\u00e9vrier ou en mars, que le carnaval s&rsquo;ouvre le jour de la Saint-Martin ou juste avant le<strong> mercredi des Cendres<\/strong>.<\/span><\/p>\n<p><span class=\"font-377884\">En Suisse, le carnaval est l&rsquo;une des f\u00eates les plus populaires, qui se d\u00e9roule dans pratiquement toutes les communes et trouve son origine dans un m\u00e9lange de rituels chr\u00e9tiens, de coutumes traditionnelles et de c\u00e9l\u00e9brations pa\u00efennes, m\u00eame vieilles de plusieurs si\u00e8cles. Les participants, portant des masques effrayants pour \u00e9loigner les mauvais esprits et des d\u00e9guisements imaginatifs, assument temporairement une nouvelle identit\u00e9 en d\u00e9filant dans les rues au son de la musique.<\/span><\/p>\n<p><span class=\"font-377884\">On notera en particulier les carnavals de la ville de <strong>Lucerne<\/strong> et de <strong>B\u00e2le<\/strong> (ce dernier faisant partie du patrimoine culturel immat\u00e9riel de l&rsquo;UNESCO). Dans certains cantons, le carnaval s&rsquo;inspire de la coutume pr\u00e9chr\u00e9tienne consistant \u00e0 chasser l&rsquo;hiver et les mauvais esprits pour accueillir la renaissance du printemps.<\/span><\/p>\n<p><span class=\"font-377884\"><strong><a href=\"https:\/\/swissfederalism.ch\/fr\/la-saison-dalpage-candidate-au-patrimoine-immateriel-de-lunesco\/\">La Saison d\u2019alpage candidate au Patrimoine immat\u00e9riel de l\u2019UNESCO<\/a><\/strong><\/span><\/p>\n<p><span class=\"font-377884\"><strong><a href=\"https:\/\/swissfederalism.ch\/fr\/nuit-saint-laurent-traditions-legendes\/\">La nuit de Saint-Laurent entre traditions et l\u00e9gendes<\/a><\/strong><\/span><\/p>\n<h2><span class=\"font-377884\">Schmutziger Donnerstag ou jeudi gras<\/span><\/h2>\n<p><span class=\"font-377884\">Le jeudi gras tombe le jeudi pr\u00e9c\u00e9dant le mercredi des Cendres et marque le d\u00e9but de la saison du carnaval. Schmutz\u00a0\u00bb (\u00e9galement \u00ab\u00a0Schmotz\u00a0\u00bb) est un terme dialectal al\u00e9manique d\u00e9signant la graisse. Autrefois, pour survivre au car\u00eame (\u00e0 partir du mercredi des Cendres), les gens avaient l&rsquo;habitude de manger autant de graisse que possible le jeudi gras.<\/span><\/p>\n<h2><span class=\"font-377884\">Fasnachtsdienstag ou mardi gras<\/span><\/h2>\n<p><span class=\"font-377884\">\u00c9galement appel\u00e9 Faschingsdienstag, ou Karnevalsdienstag, dans les pays germanophones, il est connu sous le nom de mardi gras et marque le dernier jour du carnaval, avant le d\u00e9but du car\u00eame. Dans certaines r\u00e9gions o\u00f9 il est c\u00e9l\u00e9br\u00e9, il constitue le point culminant des festivit\u00e9s carnavalesques.<\/span><\/p>\n<h2><span class=\"font-377884\">Les carnavals suisses les plus c\u00e9l\u00e8bres et les plus caract\u00e9ristiques<\/span><\/h2>\n<h3><span class=\"font-377884\">Carnaval de B\u00e2le<\/span><\/h3>\n<p><span class=\"font-377884\">Au XVIe si\u00e8cle, B\u00e2le a \u00e9galement adh\u00e9r\u00e9 \u00e0 la R\u00e9forme protestante en supprimant la p\u00e9riode de je\u00fbne avant P\u00e2ques et avec elle le carnaval. Les autorit\u00e9s n&rsquo;ont cependant pas r\u00e9ussi \u00e0 s&rsquo;imposer, si bien que cette ville fait partie des rares villes protestantes suisses o\u00f9 l&rsquo;on c\u00e9l\u00e8bre encore aujourd&rsquo;hui un carnaval traditionnel.<\/span><\/p>\n<p><span class=\"font-377884\">Selon certains historiens locaux, le lancer de confettis est une tradition typiquement b\u00e2loise qui s&rsquo;est depuis r\u00e9pandue dans le reste du monde. \u00c0 l&rsquo;origine, des bonbons appel\u00e9s confettis \u00e9taient donn\u00e9s ou lanc\u00e9s \u00e0 la foule pendant le d\u00e9fil\u00e9, mais cette pratique a \u00e9t\u00e9 interdite au XIXe si\u00e8cle et remplac\u00e9e par de petits bouts de papier. Dans le dialecte allemand de B\u00e2le, les confettis sont appel\u00e9s <em>R\u00e4ppli<\/em>.<\/span><\/p>\n<figure id=\"attachment_227091\" aria-describedby=\"caption-attachment-227091\" style=\"width: 1024px\" class=\"wp-caption aligncenter\"><a href=\"https:\/\/swissfederalism.ch\/fr\/morgestraich-photo-by-theusursus-cc-by-sa-4-0-via-wikimedia-commons-2\/\" rel=\"attachment wp-att-227091\"><img decoding=\"async\" class=\"size-full wp-image-227091\" src=\"https:\/\/swissfederalism.ch\/wp-content\/uploads\/2023\/02\/Morgestraich-Photo-by-Theusursus-CC-BY-SA-4.0-via-Wikimedia-Commons.jpg\" alt=\"Morgestraich Photo by Theusursus, CC BY-SA 4.0 via Wikimedia Commons\" width=\"1024\" height=\"768\" srcset=\"https:\/\/swissfederalism.ch\/wp-content\/uploads\/2023\/02\/Morgestraich-Photo-by-Theusursus-CC-BY-SA-4.0-via-Wikimedia-Commons.jpg 1024w, https:\/\/swissfederalism.ch\/wp-content\/uploads\/2023\/02\/Morgestraich-Photo-by-Theusursus-CC-BY-SA-4.0-via-Wikimedia-Commons-300x225.jpg 300w, https:\/\/swissfederalism.ch\/wp-content\/uploads\/2023\/02\/Morgestraich-Photo-by-Theusursus-CC-BY-SA-4.0-via-Wikimedia-Commons-768x576.jpg 768w, https:\/\/swissfederalism.ch\/wp-content\/uploads\/2023\/02\/Morgestraich-Photo-by-Theusursus-CC-BY-SA-4.0-via-Wikimedia-Commons-350x263.jpg 350w\" sizes=\"(max-width: 1024px) 100vw, 1024px\" \/><\/a><figcaption id=\"caption-attachment-227091\" class=\"wp-caption-text\"><span class=\"font-377884\">Morgestraich &#8211; Carnaval de B\u00e2le Photo by Theusursus, CC BY-SA 4.0 via Wikimedia Commons<\/span><\/figcaption><\/figure>\n<p><span class=\"font-377884\">Ce carnaval a une histoire s\u00e9culaire et a \u00e9t\u00e9 inscrit au <strong>patrimoine culturel immat\u00e9riel de l&rsquo;UNESCO en 2017<\/strong>, ce qui en fait le plus grand carnaval de Suisse. \u00c0 partir de 4 heures du matin, le lundi suivant le mercredi des Cendres, lorsque les cloches de l&rsquo;\u00e9glise Saint-Martin sonnent, toutes les lumi\u00e8res du centre-ville sont \u00e9teintes et la musique et les festivit\u00e9s commencent au commandement \u00ab\u00a0Morgestraich, vorw\u00e4rts marsch !\u00a0\u00bb et la m\u00e9lodie traditionnelle de la marche Morgenstreich est chant\u00e9e. Dans la ville compl\u00e8tement plong\u00e9e dans l&rsquo;obscurit\u00e9, des lanternes avec des repr\u00e9sentations de th\u00e8mes de carnaval pass\u00e9s et des tambours d&rsquo;accompagnement brillent. De nombreux restaurants et bars de la vieille ville ouvrent \u00e9galement leurs portes et restent ouverts pendant les 72 heures suivantes.<\/span><\/p>\n<p><span class=\"font-377884\">L&rsquo;un des ensembles les plus anciens est celui des <strong>Cliques<\/strong>, qui d\u00e9filent dans la vieille ville en jouant du piccolo et du tambour de basque : il se compose d&rsquo;un Vortrab (avant-garde), des Pfeifer (cornemuseurs), du Tambourmajor (tambour-major) et des Tambouren (batteurs).<\/span><\/p>\n<p><span class=\"font-377884\">Les <strong>Gugge<\/strong> (fanfares) jouent la Guggenmusik pendant le carnaval en d\u00e9filant et en se produisant dans les Guggekoncerts.<\/span><\/p>\n<p><span class=\"font-377884\">Les chanteurs de la <strong>Schnitzelbank<\/strong> sont des bouffons qui chantent des vers satiriques en suisse allemand sur l&rsquo;actualit\u00e9 \u00e0 B\u00e2le et dans le monde. Les chanteurs se produisent r\u00e9guli\u00e8rement dans les restaurants et les bars les lundis et mercredis soirs et dans les clique-cellars (salles de r\u00e9union locales) les mardis.<\/span><\/p>\n<p><span class=\"font-377884\">Les lundis et mercredis apr\u00e8s-midi, deux grands cort\u00e8ges \u00ab\u00a0<strong>Cort\u00e8ge<\/strong>\u00a0\u00bb avec masques, costumes et la traditionnelle Guggenmusik ont lieu, tandis que le mardi apr\u00e8s-midi est consacr\u00e9 aux enfants, v\u00eatus de costumes \u00e0 th\u00e8me et arm\u00e9s de confettis et de bonbons. Le soir, c&rsquo;est l&rsquo;heure de la musique sur les principales places de la ville. La soupe \u00e0 la farine, le g\u00e2teau \u00e0 l&rsquo;oignon et le bretzel au cumin appel\u00e9 \u00ab\u00a0Fastenw\u00e4he\u00a0\u00bb accompagnent les trois jours de c\u00e9l\u00e9brations.<\/span><\/p>\n<p><span class=\"font-377884\">Les masques typiques de la ville sont le \u00ab\u00a0<strong>Waggis<\/strong>\u00ab\u00a0, un personnage au grand nez et aux v\u00eatements color\u00e9s, et la \u00ab\u00a0<strong>Alti Tante<\/strong>\u00a0\u00bb (vieille tante), une \u00e9l\u00e9gante B\u00e2loise.<\/span><\/p>\n<p><span class=\"font-377884\">Ces trois jours de festivit\u00e9s sont appel\u00e9s \u00ab\u00a0<strong>drey scheenschte D\u00e4\u00e4gi<\/strong>\u00a0\u00bb ou les trois plus beaux jours de l&rsquo;ann\u00e9e par les citoyens de B\u00e2le.<\/span><\/p>\n<h3><span class=\"font-377884\">Carnaval de Saint-Gall<\/span><\/h3>\n<p><span class=\"font-377884\">Ce carnaval est c\u00e9l\u00e8bre pour le \u00ab\u00a0<strong>F\u00f6b\u00fc-Verschuss<\/strong>\u00ab\u00a0, o\u00f9 chaque ann\u00e9e un nouveau \u00ab\u00a0citoyen d&rsquo;honneur\u00a0\u00bb, c&rsquo;est-\u00e0-dire la personne qui a fait la chose la plus folle au cours de l&rsquo;ann\u00e9e \u00e9coul\u00e9e, est choisi devant la statue de Vadiano. Le choix est fait par les Schnitzelb\u00e4nkler (conteurs satiriques), le Gugger et les associations de carnaval, et le nom du gagnant est annonc\u00e9 par un coup de canon d&rsquo;o\u00f9 partent des confettis color\u00e9s.<\/span><\/p>\n<h3><span class=\"font-377884\">Carnaval de Lucerne<\/span><\/h3>\n<p><span class=\"font-377884\">Ce carnaval, consid\u00e9r\u00e9 comme le plus grand \u00e9v\u00e9nement annuel de la ville, s&rsquo;ouvre traditionnellement le jeudi gras avec les <strong>Fritschi<\/strong>, qui arrivent \u00e0 bord d&rsquo;un bateau sur le lac des Quatre-Cantons \u00e0 5 heures du matin pour annoncer l&rsquo;ouverture du carnaval par un coup de tonnerre connu sous le nom de \u00ab\u00a0<em>big bang<\/em>\u00ab\u00a0, marquant le d\u00e9but des six jours de f\u00eate. Le Fritschi, un vieil homme accompagn\u00e9 de sa femme et de son fils, semble tirer ses origines d&rsquo;une figure symbolique du pass\u00e9, une marionnette de paille appel\u00e9e <em>Fridolin<\/em>.<\/span><\/p>\n<p>&nbsp;<\/p>\n<div class=\"textImage__richtext jsText\" data-qa=\"text-image-richtext\">\n<p><iframe title=\"Luzerner Fasnacht 2016: Urknall und F\u00f6tzelir\u00e4ge\" width=\"840\" height=\"473\" src=\"https:\/\/www.youtube.com\/embed\/P2PMiN_CMNU?feature=oembed&#038;width=840&#038;height=1000&#038;discover=1\" frameborder=\"0\" allow=\"accelerometer; autoplay; clipboard-write; encrypted-media; gyroscope; picture-in-picture; web-share\" allowfullscreen><\/iframe><\/p>\n<p><span class=\"font-377884\">Outre le traditionnel lancer d&rsquo;oranges au <em>Fritschibrunnen<\/em>, un long cort\u00e8ge traverse la ville.<\/span><\/p>\n<p><span class=\"font-377884\">L&rsquo;origine de ce carnaval est li\u00e9e au rituel visant \u00e0 chasser l&rsquo;hiver. Des groupes de musique masqu\u00e9s, appel\u00e9s \u00ab\u00a0Guggenmuusige\u00a0\u00bb, donnent des repr\u00e9sentations hilarantes et bruyantes qui font danser et chanter des milliers de visiteurs tout en se moquant d&rsquo;eux. Les points forts sont les trois d\u00e9fil\u00e9s des grandes villes : le Fritschiumzug le jeudi gras, le Weyumzug le lundi gras et le Monstercorso le mardi gras.<\/span><\/p>\n<h3><span class=\"font-377884\">Carnaval de Soleure<\/span><\/h3>\n<p><span class=\"font-377884\">\u00c0 l&rsquo;occasion de la Saint Hilaire, le 13 janvier, Soleure change de nom et devient <strong><em>Honolulu<\/em><\/strong>, car un plaisantin a pr\u00e9tendu un jour que la ville situ\u00e9e sur l&rsquo;Aar se trouvait exactement de l&rsquo;autre c\u00f4t\u00e9 du globe par rapport \u00e0 Hawa\u00ef. Cette th\u00e9orie est toujours maintenue \u00e0 ce jour.<\/span><\/p>\n<p><iframe title=\"Chesslete 2019\" width=\"840\" height=\"473\" src=\"https:\/\/www.youtube.com\/embed\/ObYFMBi-vrw?feature=oembed&#038;width=840&#038;height=1000&#038;discover=1\" frameborder=\"0\" allow=\"accelerometer; autoplay; clipboard-write; encrypted-media; gyroscope; picture-in-picture; web-share\" allowfullscreen><\/iframe><\/p>\n<p><span class=\"font-377884\">Le bourgmestre est d\u00e9mis de ses fonctions et la rue de l&rsquo;h\u00f4tel de ville est rebaptis\u00e9e <em>\u00ab\u00a0rue de l&rsquo;\u00e2ne<\/em>\u00ab\u00a0. Les festivit\u00e9s durent plus d&rsquo;un mois et battent leur plein \u00e0 5 heures le jeudi gras avec le \u00ab\u00a0<strong>Chesslete<\/strong>\u00ab\u00a0, le bruyant cort\u00e8ge de torches et d&rsquo;instruments assourdissants qui traverse la vieille ville, r\u00e9veillant ceux qui dorment.<\/span><\/p>\n<p><span class=\"font-377884\">Les soirs suivants, surtout le samedi, des bals masqu\u00e9s sont organis\u00e9s, tandis que le dimanche et le mardi apr\u00e8s-midi, des processions ont lieu dans les rues. Une grande fanfare (Gugge) joue de la musique festive le mardi soir jusqu&rsquo;\u00e0 la cl\u00f4ture officielle, qui a lieu apr\u00e8s que le B\u00f6\u00f6gg, ou homme de paille, a \u00e9t\u00e9 br\u00fbl\u00e9 le mercredi soir des cendres.<\/span><\/p>\n<h3><span class=\"font-377884\">Carnaval de Bellinzona<\/span><\/h3>\n<p><span class=\"font-377884\">Le carnaval de Bellinzona, plus connu sous le nom de <strong>Rabadan<\/strong>, est l&rsquo;une des principales manifestations du Tessin et dure six jours.<\/span><\/p>\n<p><iframe title=\"155\u00b0 Rabadan 2018\" width=\"840\" height=\"473\" src=\"https:\/\/www.youtube.com\/embed\/SDrVdVmtWd8?feature=oembed&#038;width=840&#038;height=1000&#038;discover=1\" frameborder=\"0\" allow=\"accelerometer; autoplay; clipboard-write; encrypted-media; gyroscope; picture-in-picture; web-share\" allowfullscreen><\/iframe><\/p>\n<p><span class=\"font-377884\">Le carnaval commence par la remise des cl\u00e9s de la ville au <em>roi Rabadan<\/em>, un terme pi\u00e9montais signifiant \u00ab\u00a0<em>charivari<\/em>\u00a0\u00bb qui aurait \u00e9t\u00e9 invent\u00e9 \u00e0 l&rsquo;\u00e9poque des croisades pour d\u00e9signer les banquets du soir apr\u00e8s le je\u00fbne diurne du ramadan. La ville se transforme en une f\u00eate en plein air, avec des concerts de Guggenmusik dans la vieille ville offrant musique et divertissement jusqu&rsquo;\u00e0 5 heures du matin et des tournois de tir \u00e0 la corde. Divers stands proposent du risotto et des luganighe. Le dimanche, Bellinzone accueille le traditionnel \u00ab\u00a0<em>Grande Corteo Mascherato<\/em>\u00ab\u00a0, un d\u00e9fil\u00e9 avec musique, chars et groupes masqu\u00e9s.<\/span><\/p>\n<h3><span class=\"font-377884\">Carnaval du L\u00f6tschental (Valais)<\/span><\/h3>\n<p><span class=\"font-377884\">Les <strong>Tsch\u00e4gg\u00e4tt\u00e4<\/strong> (terme que l&rsquo;on peut traduire par \u00ab\u00a0sorci\u00e8re\u00a0\u00bb) sont des figures typiques du carnaval du L\u00f6tschental (Valais).<\/span><\/p>\n<p><span class=\"font-377884\">Les Tsch\u00e4gg\u00e4tt\u00e4 font leur apparition entre \u00ab\u00a0Maria Lichtmess\u00a0\u00bb (la f\u00eate catholique de la Chandeleur) et \u00ab\u00a0Gigiszischtag\u00a0\u00bb (mardi gras).<\/span><\/p>\n<figure id=\"attachment_227103\" aria-describedby=\"caption-attachment-227103\" style=\"width: 1024px\" class=\"wp-caption aligncenter\"><a href=\"https:\/\/swissfederalism.ch\/fr\/tschaggata-photo-by-david-yela-cc-by-sa-4-0-via-wikimedia-commons-2\/\" rel=\"attachment wp-att-227103\"><img decoding=\"async\" class=\"size-full wp-image-227103\" src=\"https:\/\/swissfederalism.ch\/wp-content\/uploads\/2023\/02\/Tschaggata-Photo-by-David-Yela-CC-BY-SA-4.0-via-Wikimedia-Commons.jpg\" alt=\"Tsch\u00e4gg\u00e4t\u00e4 Photo by David Yela, CC BY-SA 4.0 via Wikimedia Commons\" width=\"1024\" height=\"819\" srcset=\"https:\/\/swissfederalism.ch\/wp-content\/uploads\/2023\/02\/Tschaggata-Photo-by-David-Yela-CC-BY-SA-4.0-via-Wikimedia-Commons.jpg 1024w, https:\/\/swissfederalism.ch\/wp-content\/uploads\/2023\/02\/Tschaggata-Photo-by-David-Yela-CC-BY-SA-4.0-via-Wikimedia-Commons-300x240.jpg 300w, https:\/\/swissfederalism.ch\/wp-content\/uploads\/2023\/02\/Tschaggata-Photo-by-David-Yela-CC-BY-SA-4.0-via-Wikimedia-Commons-768x614.jpg 768w, https:\/\/swissfederalism.ch\/wp-content\/uploads\/2023\/02\/Tschaggata-Photo-by-David-Yela-CC-BY-SA-4.0-via-Wikimedia-Commons-350x280.jpg 350w\" sizes=\"(max-width: 1024px) 100vw, 1024px\" \/><\/a><figcaption id=\"caption-attachment-227103\" class=\"wp-caption-text\"><span class=\"font-377884\">Tsch\u00e4gg\u00e4t\u00e4 Photo by David Yela, CC BY-SA 4.0 via Wikimedia Commons<\/span><\/figcaption><\/figure>\n<p><span class=\"font-377884\">Autrefois, seuls les hommes c\u00e9libataires portaient ces masques faits de bois de pin, de peaux de ch\u00e8vre ou de mouton, de v\u00eatements invers\u00e9s \u00e0 l&rsquo;ancienne et de cloches de vache appel\u00e9es \u00ab\u00a0Tsch\u00e4gg\u00e4tta\u00a0\u00bb. Aujourd&rsquo;hui, cependant, les hommes mari\u00e9s participent \u00e9galement \u00e0 cette tradition et les offices du tourisme locaux en font la promotion pour attirer les visiteurs de l&rsquo;ext\u00e9rieur. Tous ceux qui les rencontrent sont poursuivis et \u00ab\u00a0hant\u00e9s\u00a0\u00bb par ces personnages, qui frottent des gants imbib\u00e9s de neige ou de suie sur le visage des malheureux (principalement des femmes et des enfants).<\/span><\/p>\n<p><span class=\"font-377884\">Cette tradition ancienne est porteuse d&rsquo;une multitude de mythes et d&rsquo;histoires. Pendant la procession, on peut admirer ces personnages avec leurs masques faits \u00e0 la main, chacun ayant sa propre histoire \u00e0 raconter.<\/span><\/p>\n<p><span class=\"font-377884\">Les masques anciens peuvent \u00e9galement \u00eatre admir\u00e9s au mus\u00e9e du L\u00f6tschental.<\/span><\/p>\n<\/div>\n","protected":false},"excerpt":{"rendered":"<p>Le carnaval est c\u00e9l\u00e9br\u00e9 de diff\u00e9rentes mani\u00e8res : les d\u00e9fil\u00e9s, la musique, les masques et les d\u00e9guisements jouent un r\u00f4le important.<\/p>\n","protected":false},"author":9,"featured_media":227097,"comment_status":"open","ping_status":"closed","sticky":false,"template":"","format":"standard","meta":{"footnotes":""},"categories":[312,318,308,209,294,2325,1346],"tags":[541,1568,888,443,1478],"class_list":["post-227227","post","type-post","status-publish","format-standard","has-post-thumbnail","hentry","category-culture-fr","category-evenements","category-faits-marquants","category-les-magazines","category-suisse","category-tourisme","category-curiosites","tag-culture-fr","tag-patrimoine-culturel-immateriel-de-lunesco","tag-suisse","tag-tourisme","tag-traditions"],"_links":{"self":[{"href":"https:\/\/swissfederalism.ch\/fr\/wp-json\/wp\/v2\/posts\/227227","targetHints":{"allow":["GET"]}}],"collection":[{"href":"https:\/\/swissfederalism.ch\/fr\/wp-json\/wp\/v2\/posts"}],"about":[{"href":"https:\/\/swissfederalism.ch\/fr\/wp-json\/wp\/v2\/types\/post"}],"author":[{"embeddable":true,"href":"https:\/\/swissfederalism.ch\/fr\/wp-json\/wp\/v2\/users\/9"}],"replies":[{"embeddable":true,"href":"https:\/\/swissfederalism.ch\/fr\/wp-json\/wp\/v2\/comments?post=227227"}],"version-history":[{"count":2,"href":"https:\/\/swissfederalism.ch\/fr\/wp-json\/wp\/v2\/posts\/227227\/revisions"}],"predecessor-version":[{"id":227229,"href":"https:\/\/swissfederalism.ch\/fr\/wp-json\/wp\/v2\/posts\/227227\/revisions\/227229"}],"wp:featuredmedia":[{"embeddable":true,"href":"https:\/\/swissfederalism.ch\/fr\/wp-json\/wp\/v2\/media\/227097"}],"wp:attachment":[{"href":"https:\/\/swissfederalism.ch\/fr\/wp-json\/wp\/v2\/media?parent=227227"}],"wp:term":[{"taxonomy":"category","embeddable":true,"href":"https:\/\/swissfederalism.ch\/fr\/wp-json\/wp\/v2\/categories?post=227227"},{"taxonomy":"post_tag","embeddable":true,"href":"https:\/\/swissfederalism.ch\/fr\/wp-json\/wp\/v2\/tags?post=227227"}],"curies":[{"name":"wp","href":"https:\/\/api.w.org\/{rel}","templated":true}]}}