{"id":226377,"date":"2022-12-30T21:02:25","date_gmt":"2022-12-30T21:02:25","guid":{"rendered":"https:\/\/swissfederalism.ch\/storia-e-tradizioni-di-capodanno\/"},"modified":"2022-12-31T14:39:01","modified_gmt":"2022-12-31T14:39:01","slug":"histoire-traditions-nouvel-an","status":"publish","type":"post","link":"https:\/\/swissfederalism.ch\/fr\/histoire-traditions-nouvel-an\/","title":{"rendered":"Histoire et traditions du Nouvel An"},"content":{"rendered":"<h1><span class=\"font-377884\">Histoire et traditions du Nouvel An<\/span><\/h1>\n<h3><span class=\"font-377884\"><em>La fin de l&rsquo;ann\u00e9e approche et c&rsquo;est l&rsquo;heure du bilan et de la r\u00e9flexion, mais aussi des espoirs, des souhaits et des attentes pour la nouvelle ann\u00e9e.<\/em><\/span><\/h3>\n<figure id=\"attachment_226251\" aria-describedby=\"caption-attachment-226251\" style=\"width: 840px\" class=\"wp-caption aligncenter\"><a href=\"https:\/\/swissfederalism.ch\/fr\/berlin-new-years-eve-celebrations-photo-by-nathan-wright-on-pixabay-2\/\" rel=\"attachment wp-att-226251\"><img decoding=\"async\" class=\"size-large wp-image-226251\" src=\"https:\/\/swissfederalism.ch\/wp-content\/uploads\/2022\/12\/Berlin-New-years-eve-celebrations-Photo-by-Nathan-Wright-on-Pixabay-1024x680.jpg\" alt=\"Berlin New years eve celebrations Photo by Nathan Wright on Pixabay\" width=\"840\" height=\"558\" srcset=\"https:\/\/swissfederalism.ch\/wp-content\/uploads\/2022\/12\/Berlin-New-years-eve-celebrations-Photo-by-Nathan-Wright-on-Pixabay-1024x680.jpg 1024w, https:\/\/swissfederalism.ch\/wp-content\/uploads\/2022\/12\/Berlin-New-years-eve-celebrations-Photo-by-Nathan-Wright-on-Pixabay-300x199.jpg 300w, https:\/\/swissfederalism.ch\/wp-content\/uploads\/2022\/12\/Berlin-New-years-eve-celebrations-Photo-by-Nathan-Wright-on-Pixabay-768x510.jpg 768w, https:\/\/swissfederalism.ch\/wp-content\/uploads\/2022\/12\/Berlin-New-years-eve-celebrations-Photo-by-Nathan-Wright-on-Pixabay-1536x1020.jpg 1536w, https:\/\/swissfederalism.ch\/wp-content\/uploads\/2022\/12\/Berlin-New-years-eve-celebrations-Photo-by-Nathan-Wright-on-Pixabay-350x232.jpg 350w, https:\/\/swissfederalism.ch\/wp-content\/uploads\/2022\/12\/Berlin-New-years-eve-celebrations-Photo-by-Nathan-Wright-on-Pixabay.jpg 1920w\" sizes=\"(max-width: 840px) 100vw, 840px\" \/><\/a><figcaption id=\"caption-attachment-226251\" class=\"wp-caption-text\"><span class=\"font-377884\">C\u00e9l\u00e9brations du Nouvel An \u00e0 Berlin Photo by Nathan Wright on Pixabay<\/span><\/figcaption><\/figure>\n<p><span class=\"font-377884\">Le r\u00e9veillon du <strong>Nouvel An<\/strong>, ou la nuit de Saint Sylvestre, correspond \u00e0 la nuit entre le 31 d\u00e9cembre et le 1er janvier (jour de l&rsquo;an) et est c\u00e9l\u00e9br\u00e9 de diff\u00e9rentes mani\u00e8res selon les nations. Le r\u00e9veillon du Nouvel An est \u00e9galement appel\u00e9 la Saint-Sylvestre car le 31 d\u00e9cembre est d\u00e9di\u00e9 au saint, le pape Sylvestre, un personnage tr\u00e8s important dans l&rsquo;histoire du christianisme, car sous son pontificat, la Rome pa\u00efenne a c\u00e9d\u00e9 la place au christianisme, tout en conservant certains rites et c\u00e9r\u00e9monies. Il meurt le 31 d\u00e9cembre 335, apr\u00e8s 21 ans de pontificat.<\/span><\/p>\n<p><span class=\"font-377884\">La Saint-Sylvestre, terme d\u00e9riv\u00e9 de New Year&rsquo;s Eve, est un moment de d\u00e9compte et d&rsquo;\u00e9valuation qui marque le passage d&rsquo;une ann\u00e9e \u00e0 l&rsquo;autre, porteur de bonnes intentions et d&rsquo;espoir pour l&rsquo;avenir. Cette f\u00eate, dont les origines pa\u00efennes remontent \u00e0 46 avant J.-C., a \u00e9t\u00e9 initi\u00e9e par Gaius Julius Caesar avec l&rsquo;institution du calendrier julien. Les c\u00e9l\u00e9brations du Nouvel An remontent \u00e0 la f\u00eate pa\u00efenne en l&rsquo;honneur du \u00ab\u00a0dieu romain Janus\u00a0\u00bb, d&rsquo;o\u00f9 le nom donn\u00e9 au mois de janvier, qui \u00e9tait c\u00e9l\u00e9br\u00e9 imm\u00e9diatement apr\u00e8s les Saturnales, les f\u00eates romaines qui cl\u00f4turaient l&rsquo;ann\u00e9e. En 1691, les diff\u00e9rentes dates auxquelles le jour de l&rsquo;an \u00e9tait c\u00e9l\u00e9br\u00e9 dans les pays europ\u00e9ens ont \u00e9t\u00e9 converg\u00e9es vers le 1er janvier par le pape Innocent XII.<\/span><\/p>\n<p><span class=\"font-377884\"><strong><a href=\"https:\/\/swissfederalism.ch\/fr\/nuit-saint-laurent-traditions-legendes\/\">La nuit de Saint-Laurent entre traditions et l\u00e9gendes<\/a><\/strong><\/span><\/p>\n<p><span class=\"font-377884\"><a href=\"https:\/\/swissfederalism.ch\/fr\/marches-de-noel\/\"><strong>Les march\u00e9s de No\u00ebl<\/strong><\/a><\/span><\/p>\n<h2><span class=\"font-377884\">Traditions en Europe<\/span><\/h2>\n<p><span class=\"font-377884\">Dans presque tous les pays europ\u00e9ens, les feux d&rsquo;artifice et les d\u00e9tonations jouent un r\u00f4le important le soir du Nouvel An. Cette tradition remonte aux tribus germaniques, qui voulaient chasser les mauvais esprits par un bruit fort.<\/span><\/p>\n<p><span class=\"font-377884\">En <strong>Suisse<\/strong>, les feux d&rsquo;artifice de la Saint-Sylvestre illuminent le ciel de nombreuses villes suisses pour marquer la fin de l&rsquo;ann\u00e9e. Les plus grands feux d&rsquo;artifice sont organis\u00e9s \u00e0 <strong><em>Ascona, B\u00e2le, Crans-Montana, Lucerne<\/em> <\/strong>et <em><strong>Zurich<\/strong><\/em>. Le repas typique de la Saint-Sylvestre est la raclette et la fondue. \u00c0 minuit, les toasts sont port\u00e9s avec du vin mousseux ou du champagne. Il existe \u00e9galement des traditions et des c\u00e9l\u00e9brations locales. Les <strong><em>Appenzellois<\/em><\/strong>, par exemple, ont longtemps rejet\u00e9 le calendrier gr\u00e9gorien. Aujourd&rsquo;hui, ils c\u00e9l\u00e8brent le Nouvel An \u00e0 deux reprises, le 31 d\u00e9cembre et le 13 janvier, en d\u00e9filant en costumes traditionnels, masques et chapeaux \u00e9labor\u00e9s, et en souhaitant la bonne ann\u00e9e avec le tintement des cloches. \u00c0 <em><strong>Lausanne<\/strong><\/em>, dans le canton de Vaud, en revanche, la f\u00eate se d\u00e9roule en silence autour de la cath\u00e9drale illumin\u00e9e : \u00ab\u00a0\u00e0 chacun son r\u00e9veillon\u00a0\u00bb, telle est la devise des c\u00e9l\u00e9brations du \u00ab\u00a0<em>B\u00f4 No\u00ebl<\/em>\u00ab\u00a0. Ici, chaque visiteur re\u00e7oit un casque sans fil \u00e0 trois canaux et peut choisir \u00e0 tout moment lequel des trois DJ il veut \u00e9couter et sur quels rythmes il veut danser. Pour le spectateur, le tout semble exaltant de l&rsquo;ext\u00e9rieur o\u00f9 l&rsquo;on voit une foule dansante sans aucun son audible. \u00c0 <strong><em>Rheinfelden<\/em><\/strong>, en revanche, l&rsquo;Allemagne et la Suisse ont uni leurs forces pour organiser conjointement un grand feu d&rsquo;artifice sur le Rhin. \u00c0 <em><strong>Interlaken<\/strong> <\/em>(canton de Berne), la f\u00eate se d\u00e9roule sur la grande patinoire install\u00e9e dans le centre de la ville. Le Top of the Europe Ice Magic est un grand village sur la glace avec un restaurant, des stands proposant de la raclette et d&rsquo;autres sp\u00e9cialit\u00e9s, ainsi que les in\u00e9vitables vin chaud et chocolat. \u00c0 <em><strong>Grindelwald<\/strong> <\/em>(canton de Berne), la rue principale du village se transforme en une immense piste de danse de 22 heures \u00e0 4 heures du matin. \u00c0 <strong><em>Hospental<\/em> <\/strong>(canton d&rsquo;Uri), le r\u00e9veillon du Nouvel An est c\u00e9l\u00e9br\u00e9 par des promenades en tra\u00eeneau dans les rues du village, transform\u00e9es en pistes glac\u00e9es. \u00c0 <strong><em>Lugano<\/em> <\/strong>(canton du Tessin), lors de la longue nuit de la Saint-Sylvestre, la Piazza della riforma se transforme en une grande discoth\u00e8que en plein air avec des DJ sets, des lumi\u00e8res et des effets sp\u00e9ciaux.<\/span><\/p>\n<p>&nbsp;<\/p>\n<p><iframe title=\"\u00abTop of Europe ICE MAGIC Interlaken\u00bb\" width=\"840\" height=\"473\" src=\"https:\/\/www.youtube.com\/embed\/XnE3iGxOwfU?feature=oembed&#038;width=840&#038;height=1000&#038;discover=1\" frameborder=\"0\" allow=\"accelerometer; autoplay; clipboard-write; encrypted-media; gyroscope; picture-in-picture\" allowfullscreen><\/iframe><\/p>\n<p><iframe title=\"Silvesterklausen - Mystical Men Yodeling in Appenzell Switzerland - Travel and Culture - New Year\" width=\"840\" height=\"473\" src=\"https:\/\/www.youtube.com\/embed\/bRMcDXGaOEc?feature=oembed&#038;width=840&#038;height=1000&#038;discover=1\" frameborder=\"0\" allow=\"accelerometer; autoplay; clipboard-write; encrypted-media; gyroscope; picture-in-picture\" allowfullscreen><\/iframe><\/p>\n<p><span class=\"font-377884\">En <strong>Angleterre<\/strong>, il y a une grande f\u00eate \u00e0 Londres, o\u00f9 la foule se rassemble autour de la grande roue du London Eye. La particularit\u00e9 du feu d&rsquo;artifice britannique est la mise en sc\u00e8ne de lasers et d&rsquo;\u00e9clairages. Lorsque les cloches de Big Ben sonnent minuit et donc la nouvelle ann\u00e9e, les Britanniques chantent \u00ab\u00a0Auld Lang Syne\u00a0\u00bb et font leurs v\u0153ux pour la nouvelle ann\u00e9e.<\/span><\/p>\n<figure id=\"attachment_226339\" aria-describedby=\"caption-attachment-226339\" style=\"width: 840px\" class=\"wp-caption aligncenter\"><a href=\"https:\/\/swissfederalism.ch\/fr\/capodanno-a-londra-uk-photo-by-kevin-hackert-on-unsplash-2\/\" rel=\"attachment wp-att-226339\"><img decoding=\"async\" class=\"size-large wp-image-226339\" src=\"https:\/\/swissfederalism.ch\/wp-content\/uploads\/2022\/12\/Capodanno-a-Londra-UK-Photo-by-Kevin-Hackert-on-Unsplash-1024x768.jpg\" alt=\"Capodanno a Londra - UK Photo by Kevin Hackert on Unsplash\" width=\"840\" height=\"630\" srcset=\"https:\/\/swissfederalism.ch\/wp-content\/uploads\/2022\/12\/Capodanno-a-Londra-UK-Photo-by-Kevin-Hackert-on-Unsplash-1024x768.jpg 1024w, https:\/\/swissfederalism.ch\/wp-content\/uploads\/2022\/12\/Capodanno-a-Londra-UK-Photo-by-Kevin-Hackert-on-Unsplash-300x225.jpg 300w, https:\/\/swissfederalism.ch\/wp-content\/uploads\/2022\/12\/Capodanno-a-Londra-UK-Photo-by-Kevin-Hackert-on-Unsplash-768x576.jpg 768w, https:\/\/swissfederalism.ch\/wp-content\/uploads\/2022\/12\/Capodanno-a-Londra-UK-Photo-by-Kevin-Hackert-on-Unsplash-1536x1152.jpg 1536w, https:\/\/swissfederalism.ch\/wp-content\/uploads\/2022\/12\/Capodanno-a-Londra-UK-Photo-by-Kevin-Hackert-on-Unsplash-2048x1536.jpg 2048w, https:\/\/swissfederalism.ch\/wp-content\/uploads\/2022\/12\/Capodanno-a-Londra-UK-Photo-by-Kevin-Hackert-on-Unsplash-350x263.jpg 350w, https:\/\/swissfederalism.ch\/wp-content\/uploads\/2022\/12\/Capodanno-a-Londra-UK-Photo-by-Kevin-Hackert-on-Unsplash-scaled.jpg 2560w\" sizes=\"(max-width: 840px) 100vw, 840px\" \/><\/a><figcaption id=\"caption-attachment-226339\" class=\"wp-caption-text\"><span class=\"font-377884\">Nouvel an \u00e0 Londres &#8211; UK Photo by Kevin Hackert on Unsplash<\/span><\/figcaption><\/figure>\n<p><span class=\"font-377884\">En <strong>\u00c9cosse<\/strong>, la veille du Nouvel An est l&rsquo;un des plus importants jours f\u00e9ri\u00e9s \u00e9cossais, appel\u00e9 \u00ab\u00a0Hogmanay\u00a0\u00bb, qui peut durer jusqu&rsquo;\u00e0 trois jours, c&rsquo;est-\u00e0-dire de la veille du Nouvel An au matin du 2 janvier. Les coutumes de \u00ab\u00a0Hogmanay\u00a0\u00bb sont un m\u00e9lange du solstice d&rsquo;hiver pa\u00efen et de la Yule viking. Les \u00c9cossais portent un toast avec un verre de whisky, bien que la boisson classique du r\u00e9veillon soit la \u00ab\u00a0Hot Pint\u00a0\u00bb, un m\u00e9lange de bi\u00e8re, de whisky et d&rsquo;\u0153ufs qui est bu pendant les processions aux flambeaux au son de la cornemuse. \u00c0 minuit, comme les Anglais, ils chantent la chanson \u00ab\u00a0Auld Lang Syne\u00a0\u00bb.<\/span><\/p>\n<p><span class=\"font-377884\">En <strong>Espagne<\/strong>, les Espagnols ont l&rsquo;habitude de passer la derni\u00e8re nuit de l&rsquo;ann\u00e9e \u00e0 manger des plats d\u00e9licieux et \u00e0 boire du bon vin en famille, puis ils sortent ensemble et participent aux diff\u00e9rentes f\u00eates dans les rues. \u00c0 minuit, ils ont l&rsquo;habitude de trinquer avec des verres de champagne dans lesquels on a jet\u00e9 un anneau d&rsquo;or qui est cens\u00e9 porter bonheur. Les femmes portent \u00e9galement des sous-v\u00eatements rouges pour que la nouvelle ann\u00e9e soit pleine de passion. Aux douze coups de minuit, les Espagnols ont l&rsquo;habitude de manger un raisin pour chaque carillon des cloches, afin que tous leurs souhaits se r\u00e9alisent. Ceux qui n&rsquo;ont pas termin\u00e9 au 12e carillon de la cloche sont consid\u00e9r\u00e9s comme malchanceux.<\/span><\/p>\n<p>&nbsp;<\/p>\n<figure id=\"attachment_226351\" aria-describedby=\"caption-attachment-226351\" style=\"width: 840px\" class=\"wp-caption aligncenter\"><a href=\"https:\/\/swissfederalism.ch\/fr\/bicchieri-di-prosecco-per-il-brindisi-di-capodanno-photo-by-alexa-on-pixabay-2\/\" rel=\"attachment wp-att-226351\"><img decoding=\"async\" class=\"size-large wp-image-226351\" src=\"https:\/\/swissfederalism.ch\/wp-content\/uploads\/2022\/12\/Bicchieri-di-prosecco-per-il-brindisi-di-Capodanno-Photo-by-Alexa-on-Pixabay-1024x684.jpg\" alt=\"Bicchieri di prosecco per il brindisi di Capodanno Photo by Alexa on Pixabay\" width=\"840\" height=\"561\" srcset=\"https:\/\/swissfederalism.ch\/wp-content\/uploads\/2022\/12\/Bicchieri-di-prosecco-per-il-brindisi-di-Capodanno-Photo-by-Alexa-on-Pixabay-1024x684.jpg 1024w, https:\/\/swissfederalism.ch\/wp-content\/uploads\/2022\/12\/Bicchieri-di-prosecco-per-il-brindisi-di-Capodanno-Photo-by-Alexa-on-Pixabay-300x200.jpg 300w, https:\/\/swissfederalism.ch\/wp-content\/uploads\/2022\/12\/Bicchieri-di-prosecco-per-il-brindisi-di-Capodanno-Photo-by-Alexa-on-Pixabay-768x513.jpg 768w, https:\/\/swissfederalism.ch\/wp-content\/uploads\/2022\/12\/Bicchieri-di-prosecco-per-il-brindisi-di-Capodanno-Photo-by-Alexa-on-Pixabay-1536x1026.jpg 1536w, https:\/\/swissfederalism.ch\/wp-content\/uploads\/2022\/12\/Bicchieri-di-prosecco-per-il-brindisi-di-Capodanno-Photo-by-Alexa-on-Pixabay-350x234.jpg 350w, https:\/\/swissfederalism.ch\/wp-content\/uploads\/2022\/12\/Bicchieri-di-prosecco-per-il-brindisi-di-Capodanno-Photo-by-Alexa-on-Pixabay.jpg 1920w\" sizes=\"(max-width: 840px) 100vw, 840px\" \/><\/a><figcaption id=\"caption-attachment-226351\" class=\"wp-caption-text\"><span class=\"font-377884\">Verres \u00e0 prosecco pour le toast du Nouvel An Photo by Alexa on Pixabay<\/span><\/figcaption><\/figure>\n<p><span class=\"font-377884\">Au <strong>Portugal<\/strong>, \u00e0 minuit, les Portugais tiennent dans leurs mains une pi\u00e8ce de monnaie qui est cens\u00e9e leur apporter la chance \u00e9conomique. En outre, les gens frappent des casseroles ou brisent des assiettes pour chasser les mauvais esprits avec une bonne dose de bruit. Selon les Portugais, se baigner au Nouvel An et porter de nouveaux v\u00eatements apporte \u00e9galement de la chance et des avantages \u00e9conomiques.<\/span><\/p>\n<p><span class=\"font-377884\">En <strong>Italie<\/strong>, un plat de lentilles avec du jarret de porc est traditionnellement servi \u00e0 minuit. Les lentilles rappellent les pi\u00e8ces de monnaie et sont cens\u00e9es apporter prosp\u00e9rit\u00e9 et richesse. Les femmes italiennes (et, dans une certaine mesure, les hommes aussi) aiment porter des sous-v\u00eatements rouges le soir du Nouvel An pour c\u00e9l\u00e9brer l&rsquo;amour, la sant\u00e9, le bonheur et la passion de la nouvelle ann\u00e9e.<\/span><\/p>\n<p><span class=\"font-377884\">\u00c0 Vienne, en <strong>Autriche<\/strong>, les Autrichiens sur la place de l&rsquo;h\u00f4tel de ville dansent la valse viennoise tandis que la cloche de la cath\u00e9drale Saint-\u00c9tienne sonne la nouvelle ann\u00e9e. Mais aussi \u00e0 la maison, dans un club ou dans de nombreuses rues du pays, les gens c\u00e9l\u00e8brent le passage de l&rsquo;ann\u00e9e avec une valse.<\/span><\/p>\n<p><span class=\"font-377884\">Au <strong>Danemark<\/strong>, il est de coutume de sauter dans la nouvelle ann\u00e9e depuis une chaise ou m\u00eame une table aux douze coups de minuit.<\/span><\/p>\n<p><span class=\"font-377884\">En <strong>Russie<\/strong>, juste avant minuit, les gens \u00e9crivent leurs souhaits pour la nouvelle ann\u00e9e sur un morceau de papier et y mettent le feu. Les cendres du papier br\u00fbl\u00e9 sont ensuite plac\u00e9es dans une coupe de champagne et bues. Il est \u00e9galement de coutume d&rsquo;ouvrir la porte de sa maison \u00e0 exactement le 12e carillon de minuit pour mieux accueillir la nouvelle ann\u00e9e. Il faut dire que les festivit\u00e9s de No\u00ebl durent environ deux semaines dans ce pays : tout d&rsquo;abord, le No\u00ebl catholique est c\u00e9l\u00e9br\u00e9 le 25 d\u00e9cembre, puis le Nouvel An le 31 d\u00e9cembre, suivi du No\u00ebl orthodoxe le 7 janvier et enfin du Nouvel An ancien le 13 janvier.<\/span><\/p>\n<p><span class=\"font-377884\">Aux <strong>Pays-Bas<\/strong>, on dit que manger des Oliebollen, des cr\u00eapes aux fruits confits, raisins secs, parfois pommes et groseilles, frites dans de la graisse de porc ou du beurre et recouvertes de sucre, porte bonheur. \u00c9crire un v\u0153u sur un morceau de <strong>papier, le br\u00fbler et le jeter dans une coupe de champagne \u00e0 boire avant minuit moins une est \u00e9galement r\u00e9put\u00e9 pour porter chance \u00e0 la nouvelle ann\u00e9e.<\/strong><\/span><\/p>\n<p><span class=\"font-377884\"><a href=\"https:\/\/swissfederalism.ch\/fr\/festivites-dans-la-confederation-suisse\/\"><strong>Festivit\u00e9s dans la Conf\u00e9d\u00e9ration suisse<\/strong><\/a><\/span><\/p>\n<h2><span class=\"font-377884\">Traditions en Am\u00e9rique du Sud<\/span><\/h2>\n<p><span class=\"font-377884\">Au <strong>Br\u00e9sil<\/strong>, les Br\u00e9siliens allument des bougies sur les plages : les bougies blanches symbolisent la puret\u00e9 et la paix, les bougies jaunes la prosp\u00e9rit\u00e9 pour la nouvelle ann\u00e9e, et les bougies rouges promettent amour et passion.<\/span><\/p>\n<p>&nbsp;<\/p>\n<figure id=\"attachment_226243\" aria-describedby=\"caption-attachment-226243\" style=\"width: 1024px\" class=\"wp-caption aligncenter\"><a href=\"https:\/\/swissfederalism.ch\/fr\/copacabana-new_year_fireworks-porto-bay-hotels-resorts-cc-by-2-0-via-wikimedia-commons-2\/\" rel=\"attachment wp-att-226243\"><img decoding=\"async\" class=\"size-full wp-image-226243\" src=\"https:\/\/swissfederalism.ch\/wp-content\/uploads\/2022\/12\/Copacabana-New_Year_Fireworks-Porto-Bay-Hotels-Resorts-CC-BY-2.0-via-Wikimedia-Commons.jpg\" alt=\"Copacabana New_Year_Fireworks Porto Bay Hotels &amp; Resorts, CC BY 2.0 via Wikimedia Commons\" width=\"1024\" height=\"1009\" srcset=\"https:\/\/swissfederalism.ch\/wp-content\/uploads\/2022\/12\/Copacabana-New_Year_Fireworks-Porto-Bay-Hotels-Resorts-CC-BY-2.0-via-Wikimedia-Commons.jpg 1024w, https:\/\/swissfederalism.ch\/wp-content\/uploads\/2022\/12\/Copacabana-New_Year_Fireworks-Porto-Bay-Hotels-Resorts-CC-BY-2.0-via-Wikimedia-Commons-300x296.jpg 300w, https:\/\/swissfederalism.ch\/wp-content\/uploads\/2022\/12\/Copacabana-New_Year_Fireworks-Porto-Bay-Hotels-Resorts-CC-BY-2.0-via-Wikimedia-Commons-768x757.jpg 768w, https:\/\/swissfederalism.ch\/wp-content\/uploads\/2022\/12\/Copacabana-New_Year_Fireworks-Porto-Bay-Hotels-Resorts-CC-BY-2.0-via-Wikimedia-Commons-350x345.jpg 350w, https:\/\/swissfederalism.ch\/wp-content\/uploads\/2022\/12\/Copacabana-New_Year_Fireworks-Porto-Bay-Hotels-Resorts-CC-BY-2.0-via-Wikimedia-Commons-45x45.jpg 45w\" sizes=\"(max-width: 1024px) 100vw, 1024px\" \/><\/a><figcaption id=\"caption-attachment-226243\" class=\"wp-caption-text\"><span class=\"font-377884\">Copacabana New_Year_Fireworks Porto Bay Hotels &amp; Resorts, CC BY 2.0 via Wikimedia Commons<\/span><\/figcaption><\/figure>\n<p>Les c\u00e9l\u00e9brations les plus c\u00e9l\u00e8bres ont lieu sur la plage de Copacabana. Le blanc \u00e9tant synonyme de puret\u00e9 et de paix, les Br\u00e9siliens aiment porter des v\u00eatements blancs le soir du Nouvel An, avec lesquels ils sautent par-dessus les vagues dans l&rsquo;eau de la mer le soir du Nouvel An. Pour chaque vague saut\u00e9e, la personne en question peut faire un v\u0153u pour la nouvelle ann\u00e9e.<\/p>\n<p>En <strong>Argentine<\/strong>, au coup de minuit, tout le monde doit avancer la jambe droite pour commencer la nouvelle ann\u00e9e du bon pied. En outre, d\u00e9chirer de vieux papiers et documents et jeter les lambeaux par la fen\u00eatre permet de se d\u00e9barrasser de tout ce qui est inutile.<\/p>\n<h2>Traditions en Am\u00e9rique du Nord<\/h2>\n<p>Aux <strong>\u00c9tats-Unis<\/strong>, les Am\u00e9ricains mangent traditionnellement de la soupe aux lentilles, qui est cens\u00e9e leur porter chance. La tradition du \u00ab\u00a0rien ne sort\u00a0\u00bb, selon laquelle les gens ne sont pas autoris\u00e9s \u00e0 sortir de chez eux, m\u00eame pas pour jeter les ordures ou vider la bo\u00eete aux lettres, est \u00e9galement importante, sous peine de porter malheur au Nouvel An.<\/p>\n<p>Ceux qui pr\u00e9f\u00e8rent se d\u00e9cha\u00eener en plein air se rendent \u00e0 l&rsquo;un des nombreux bals masqu\u00e9s ou \u00e0 la l\u00e9gendaire et plus grande f\u00eate de la Saint-Sylvestre du monde, \u00e0 Time Square, \u00e0 New York. Chaque ann\u00e9e, des milliers de personnes du monde entier se rassemblent pour assister, en plus du spectaculaire feu d&rsquo;artifice, \u00e0 la \u00ab\u00a0descente de la boule\u00a0\u00bb, o\u00f9 la boule entame son compte \u00e0 rebours de 60 secondes jusqu&rsquo;\u00e0 minuit et descend sur un poteau de 23 m\u00e8tres de haut.<\/p>\n<p>Time Square accueille \u00e9galement le \u00ab\u00a0Wishing Wall\u00a0\u00bb, o\u00f9 les gens \u00e9crivent leurs souhaits du Nouvel An sur des post-it et les accrochent au mur. Ceux-ci sont ensuite collect\u00e9s, m\u00e9lang\u00e9s et jet\u00e9s en l&rsquo;air comme des confettis.<\/p>\n<p>&nbsp;<\/p>\n<figure id=\"attachment_226343\" aria-describedby=\"caption-attachment-226343\" style=\"width: 819px\" class=\"wp-caption aligncenter\"><a href=\"https:\/\/swissfederalism.ch\/fr\/capodanno-a-chicago-illinois-usa-photo-by-antonio-gabola-on-unsplash-2\/\" rel=\"attachment wp-att-226343\"><img decoding=\"async\" class=\"size-large wp-image-226343\" src=\"https:\/\/swissfederalism.ch\/wp-content\/uploads\/2022\/12\/Capodanno-a-Chicago-Illinois-USA-Photo-by-Antonio-Gabola-on-Unsplash-819x1024.jpg\" alt=\"Capodanno a Chicago - Illinois - USA Photo by Antonio Gabola on Unsplash\" width=\"819\" height=\"1024\" srcset=\"https:\/\/swissfederalism.ch\/wp-content\/uploads\/2022\/12\/Capodanno-a-Chicago-Illinois-USA-Photo-by-Antonio-Gabola-on-Unsplash-819x1024.jpg 819w, https:\/\/swissfederalism.ch\/wp-content\/uploads\/2022\/12\/Capodanno-a-Chicago-Illinois-USA-Photo-by-Antonio-Gabola-on-Unsplash-240x300.jpg 240w, https:\/\/swissfederalism.ch\/wp-content\/uploads\/2022\/12\/Capodanno-a-Chicago-Illinois-USA-Photo-by-Antonio-Gabola-on-Unsplash-768x960.jpg 768w, https:\/\/swissfederalism.ch\/wp-content\/uploads\/2022\/12\/Capodanno-a-Chicago-Illinois-USA-Photo-by-Antonio-Gabola-on-Unsplash-1229x1536.jpg 1229w, https:\/\/swissfederalism.ch\/wp-content\/uploads\/2022\/12\/Capodanno-a-Chicago-Illinois-USA-Photo-by-Antonio-Gabola-on-Unsplash-1638x2048.jpg 1638w, https:\/\/swissfederalism.ch\/wp-content\/uploads\/2022\/12\/Capodanno-a-Chicago-Illinois-USA-Photo-by-Antonio-Gabola-on-Unsplash-350x438.jpg 350w, https:\/\/swissfederalism.ch\/wp-content\/uploads\/2022\/12\/Capodanno-a-Chicago-Illinois-USA-Photo-by-Antonio-Gabola-on-Unsplash-scaled.jpg 2048w\" sizes=\"(max-width: 819px) 100vw, 819px\" \/><\/a><figcaption id=\"caption-attachment-226343\" class=\"wp-caption-text\"><span class=\"font-377884\">R\u00e9veillon du Nouvel An \u00e0 Chicago &#8211; Illinois &#8211; USA Photo by Antonio Gabola on Unsplash<\/span><\/figcaption><\/figure>\n<p>&nbsp;<\/p>\n<p><span class=\"font-377884\"><strong>Howland Island,<\/strong> une petite \u00eele administr\u00e9e par les \u00c9tats-Unis, est le dernier endroit au monde o\u00f9 le r\u00e9veillon du Nouvel An arrive, mais personne ne fera le compte \u00e0 rebours, car cette \u00eele isol\u00e9e du Pacifique est inhabit\u00e9e.<\/span><\/p>\n<p><span class=\"font-377884\">Au <strong>Canada<\/strong>, le Nouvel An est c\u00e9l\u00e9br\u00e9 par la traditionnelle \u00ab\u00a0baignade de l&rsquo;ours polaire\u00a0\u00bb ou par un plongeon dans les eaux glac\u00e9es des rivi\u00e8res et des lacs du pays.<\/span><\/p>\n<figure id=\"attachment_226347\" aria-describedby=\"caption-attachment-226347\" style=\"width: 840px\" class=\"wp-caption aligncenter\"><a href=\"https:\/\/swissfederalism.ch\/fr\/capodanno-alle-cascate-del-niagara-canada-usa-photo-by-mita-park-on-unsplash-2\/\" rel=\"attachment wp-att-226347\"><img decoding=\"async\" class=\"size-large wp-image-226347\" src=\"https:\/\/swissfederalism.ch\/wp-content\/uploads\/2022\/12\/Capodanno-alle-Cascate-del-Niagara-Canada-USA-Photo-by-Mita-Park-on-Unsplash-1024x683.jpg\" alt=\"Capodanno alle Cascate del Niagara - Canada-USA Photo by Mita Park on Unsplash\" width=\"840\" height=\"560\" srcset=\"https:\/\/swissfederalism.ch\/wp-content\/uploads\/2022\/12\/Capodanno-alle-Cascate-del-Niagara-Canada-USA-Photo-by-Mita-Park-on-Unsplash-1024x683.jpg 1024w, https:\/\/swissfederalism.ch\/wp-content\/uploads\/2022\/12\/Capodanno-alle-Cascate-del-Niagara-Canada-USA-Photo-by-Mita-Park-on-Unsplash-300x200.jpg 300w, https:\/\/swissfederalism.ch\/wp-content\/uploads\/2022\/12\/Capodanno-alle-Cascate-del-Niagara-Canada-USA-Photo-by-Mita-Park-on-Unsplash-768x513.jpg 768w, https:\/\/swissfederalism.ch\/wp-content\/uploads\/2022\/12\/Capodanno-alle-Cascate-del-Niagara-Canada-USA-Photo-by-Mita-Park-on-Unsplash-1536x1025.jpg 1536w, https:\/\/swissfederalism.ch\/wp-content\/uploads\/2022\/12\/Capodanno-alle-Cascate-del-Niagara-Canada-USA-Photo-by-Mita-Park-on-Unsplash-2048x1367.jpg 2048w, https:\/\/swissfederalism.ch\/wp-content\/uploads\/2022\/12\/Capodanno-alle-Cascate-del-Niagara-Canada-USA-Photo-by-Mita-Park-on-Unsplash-350x234.jpg 350w, https:\/\/swissfederalism.ch\/wp-content\/uploads\/2022\/12\/Capodanno-alle-Cascate-del-Niagara-Canada-USA-Photo-by-Mita-Park-on-Unsplash-scaled.jpg 2560w\" sizes=\"(max-width: 840px) 100vw, 840px\" \/><\/a><figcaption id=\"caption-attachment-226347\" class=\"wp-caption-text\"><span class=\"font-377884\">R\u00e9veillon du Nouvel An \u00e0 Niagara Falls &#8211; Canada-USA Photo by Mita Park on Unsplash<\/span><\/figcaption><\/figure>\n<p><span class=\"font-377884\"><strong><a href=\"https:\/\/swissfederalism.ch\/fr\/fete-du-15-aout-avec-differentes-traditions\/\">F\u00eate du 15 ao\u00fbt avec diff\u00e9rentes traditions<\/a><\/strong><\/span><\/p>\n<h2><span class=\"font-377884\">Traditions en Asie<\/span><\/h2>\n<p><span class=\"font-377884\">En <strong>Chine<\/strong>, les Chinois passent le Nouvel An occidental avec leurs proches et c\u00e9l\u00e8brent le Nouvel An chinois environ un mois plus tard, selon le calendrier lunaire traditionnel, avec toute la famille. \u00c9tant donn\u00e9 que des millions de Chinois retournent dans leur village d&rsquo;origine, la c\u00e9l\u00e9bration du Nouvel An fait penser \u00e0 une migration des peuples. Au cours du d\u00eener familial, on sert de petites boulettes en forme de vieilles pi\u00e8ces de monnaie chinoises, qui sont cens\u00e9es apporter la richesse. Les femmes c\u00e9libataires jettent des mandarines \u00e0 la mer pour attirer les hommes \u00e0 \u00e9pouser. Une heure avant la fin de l&rsquo;ann\u00e9e, tous les Chinois ouvrent leurs fen\u00eatres pour porter chance.<\/span><\/p>\n<p>&nbsp;<\/p>\n<figure id=\"attachment_226247\" aria-describedby=\"caption-attachment-226247\" style=\"width: 840px\" class=\"wp-caption aligncenter\"><a href=\"https:\/\/swissfederalism.ch\/fr\/new-years-eve-in-singapore-photo-by-prasam0811-on-pixabay-2\/\" rel=\"attachment wp-att-226247\"><img decoding=\"async\" class=\"size-large wp-image-226247\" src=\"https:\/\/swissfederalism.ch\/wp-content\/uploads\/2022\/12\/New-Years-eve-in-Singapore-Photo-by-prasam0811-on-Pixabay-1024x683.jpg\" alt=\"New Years eve in Singapore Photo by prasam0811 on Pixabay\" width=\"840\" height=\"560\" srcset=\"https:\/\/swissfederalism.ch\/wp-content\/uploads\/2022\/12\/New-Years-eve-in-Singapore-Photo-by-prasam0811-on-Pixabay-1024x683.jpg 1024w, https:\/\/swissfederalism.ch\/wp-content\/uploads\/2022\/12\/New-Years-eve-in-Singapore-Photo-by-prasam0811-on-Pixabay-300x200.jpg 300w, https:\/\/swissfederalism.ch\/wp-content\/uploads\/2022\/12\/New-Years-eve-in-Singapore-Photo-by-prasam0811-on-Pixabay-768x512.jpg 768w, https:\/\/swissfederalism.ch\/wp-content\/uploads\/2022\/12\/New-Years-eve-in-Singapore-Photo-by-prasam0811-on-Pixabay-1536x1025.jpg 1536w, https:\/\/swissfederalism.ch\/wp-content\/uploads\/2022\/12\/New-Years-eve-in-Singapore-Photo-by-prasam0811-on-Pixabay-350x234.jpg 350w, https:\/\/swissfederalism.ch\/wp-content\/uploads\/2022\/12\/New-Years-eve-in-Singapore-Photo-by-prasam0811-on-Pixabay.jpg 1920w\" sizes=\"(max-width: 840px) 100vw, 840px\" \/><\/a><figcaption id=\"caption-attachment-226247\" class=\"wp-caption-text\"><span class=\"font-377884\">R\u00e9veillon du Nouvel An \u00e0 Singapour Photo by prasam0811 on Pixabay<\/span><\/figcaption><\/figure>\n<p><span class=\"font-377884\">Au <strong>Japon<\/strong>, les Japonais c\u00e9l\u00e8brent la f\u00eate \u00ab\u00a0Bonenkai\u00a0\u00bb avec leurs amis et leurs parents en nettoyant les \u00ab\u00a0vieilles salet\u00e9s\u00a0\u00bb des maisons et en d\u00e9corant tout avec des fleurs et des pins pour chasser les mauvais esprits et commencer la nouvelle ann\u00e9e purifi\u00e9e. Le repas classique du Nouvel An est la boulette de riz \u00ab\u00a0mochi\u00a0\u00bb. Apr\u00e8s le d\u00eener, les Japonais se rendent dans l&rsquo;un des nombreux temples pour se d\u00e9barrasser des p\u00e9ch\u00e9s de l&rsquo;ann\u00e9e \u00e9coul\u00e9e. Dans les temples bouddhistes, les cloches sonnent 108 fois et expulsent un p\u00e9ch\u00e9 \u00e0 chaque coup. Ensuite, des ballons illumin\u00e9s avec les v\u0153ux du Nouvel An sont l\u00e2ch\u00e9s du temple.<\/span><\/p>\n<p><span class=\"font-377884\">Aux <strong>Philippines<\/strong>, le r\u00e9veillon du Nouvel An est plac\u00e9 sous le signe des choses rondes : la table o\u00f9 l&rsquo;on mange doit \u00eatre ronde et d\u00e9cor\u00e9e de nombreux fruits ronds, les gens se donnent des pi\u00e8ces de monnaie et portent des v\u00eatements \u00e0 pois.<\/span><\/p>\n<p><span class=\"font-377884\">En <strong>Turquie<\/strong>, le r\u00e9veillon du Nouvel An n&rsquo;\u00e9tait pas c\u00e9l\u00e9br\u00e9 jusqu&rsquo;\u00e0 il y a quelques d\u00e9cennies, mais au fil des ans, il est devenu habituel pour les restaurants et les clubs d&rsquo;organiser des d\u00eeners avec des menus sp\u00e9ciaux et des f\u00eates \u00e0 th\u00e8me pour la nuit du 31 d\u00e9cembre. Aujourd&rsquo;hui, le r\u00e9veillon du Nouvel An est \u00e9galement une occasion festive pour les Turcs et est synonyme de d\u00eeners, de rassemblements dans les rues et de divertissement. Selon les traditions locales, l&rsquo;ouverture de tous les robinets aux douze coups de minuit apporte richesse et b\u00e9n\u00e9dictions \u00e0 la famille.<\/span><\/p>\n<p><span class=\"font-377884\">Aux <strong>\u00c9mirats arabes unis<\/strong>, le r\u00e9veillon du Nouvel An est consid\u00e9r\u00e9 comme une f\u00eate la\u00efque, sans grand relief, mais c\u00e9l\u00e9br\u00e9e dans les grandes villes comme Duba\u00ef et Abu Dhabi. Gr\u00e2ce \u00e0 son climat avec des temp\u00e9ratures hivernales sup\u00e9rieures \u00e0 25\u00b0C, le pays est une destination id\u00e9ale pour ceux qui recherchent quelque chose de diff\u00e9rent comme des excursions dans le d\u00e9sert. Les principaux feux d&rsquo;artifice sont ceux de Burj Khalifa (la plus haute tour du monde) et de l&rsquo;Atlantis (l&rsquo;un des h\u00f4tels les plus luxueux de Duba\u00ef).<\/span><\/p>\n<h2><span class=\"font-377884\">Traditions en Afrique<\/span><\/h2>\n<p><span class=\"font-377884\">Dans les pays \u00e0 majorit\u00e9 musulmane, on mange du poulet le soir du Nouvel An : un luxe pour ceux qui vivent dans les pays plus pauvres. En g\u00e9n\u00e9ral, aucune c\u00e9l\u00e9bration majeure n&rsquo;est organis\u00e9e dans les pays de ce continent.<\/span><\/p>\n<p><span class=\"font-377884\">L<strong>&lsquo;Afrique du Sud<\/strong> est l&rsquo;un des rares pays \u00e0 organiser de grandes c\u00e9l\u00e9brations. Dans la capitale, Le Cap, un carnaval haut en couleurs est c\u00e9l\u00e9br\u00e9 avec des costumes extravagants, des visages peints en blanc, de la musique forte et des tambours qui grondent. La tradition du \u00ab\u00a0Bat Carnival\u00a0\u00bb remonte \u00e0 l&rsquo;\u00e9poque de l&rsquo;esclavage, lorsque les esclaves d&rsquo;Afrique du Sud ont \u00e9t\u00e9 lib\u00e9r\u00e9s le jour de l&rsquo;\u00e9mancipation, dans les ann\u00e9es 1830. Le point culminant des c\u00e9l\u00e9brations est la parade du 2 janvier, au cours de laquelle des milliers de \u00ab\u00a0m\u00e9nestrels\u00a0\u00bb dansent autour de la ville et c\u00e9l\u00e8brent le passage \u00e0 la nouvelle ann\u00e9e en musique et en danse. Elle est \u00e9galement appel\u00e9e \u00ab\u00a0Tweede Nuwe jaar\u00a0\u00bb (deuxi\u00e8me nouvel an).<\/span><\/p>\n<figure id=\"attachment_226358\" aria-describedby=\"caption-attachment-226358\" style=\"width: 1024px\" class=\"wp-caption aligncenter\"><a href=\"https:\/\/swissfederalism.ch\/fr\/capodanno-kaapse-klopse-a-cape-town-sudafrica-photo-by-manu-herbstein-cc-by-sa-4-0-via-wikimedia-commons-klopse05-2\/\" rel=\"attachment wp-att-226358\"><img decoding=\"async\" class=\"size-full wp-image-226358\" src=\"https:\/\/swissfederalism.ch\/wp-content\/uploads\/2022\/12\/Capodanno-Kaapse-Klopse-a-Cape-town-Sudafrica-Photo-by-Manu-Herbstein-CC-BY-SA-4.0-via-Wikimedia-Commons-Klopse05.jpg\" alt=\"Capodanno Kaapse Klopse a Cape town - Sudafrica Photo by Manu Herbstein, CC BY-SA 4.0 via Wikimedia Commons Klopse05\" width=\"1024\" height=\"707\" srcset=\"https:\/\/swissfederalism.ch\/wp-content\/uploads\/2022\/12\/Capodanno-Kaapse-Klopse-a-Cape-town-Sudafrica-Photo-by-Manu-Herbstein-CC-BY-SA-4.0-via-Wikimedia-Commons-Klopse05.jpg 1024w, https:\/\/swissfederalism.ch\/wp-content\/uploads\/2022\/12\/Capodanno-Kaapse-Klopse-a-Cape-town-Sudafrica-Photo-by-Manu-Herbstein-CC-BY-SA-4.0-via-Wikimedia-Commons-Klopse05-300x207.jpg 300w, https:\/\/swissfederalism.ch\/wp-content\/uploads\/2022\/12\/Capodanno-Kaapse-Klopse-a-Cape-town-Sudafrica-Photo-by-Manu-Herbstein-CC-BY-SA-4.0-via-Wikimedia-Commons-Klopse05-768x530.jpg 768w, https:\/\/swissfederalism.ch\/wp-content\/uploads\/2022\/12\/Capodanno-Kaapse-Klopse-a-Cape-town-Sudafrica-Photo-by-Manu-Herbstein-CC-BY-SA-4.0-via-Wikimedia-Commons-Klopse05-350x242.jpg 350w\" sizes=\"(max-width: 1024px) 100vw, 1024px\" \/><\/a><figcaption id=\"caption-attachment-226358\" class=\"wp-caption-text\"><span class=\"font-377884\">R\u00e9veillon du Nouvel An de Kaapse Klopse au Cap &#8211; Afrique du Sud Photo by Manu Herbstein, CC BY-SA 4.0 via Wikimedia Commons Klopse05<\/span><\/figcaption><\/figure>\n<p><span class=\"font-377884\">Au <strong>Kenya<\/strong>, la ville de Nairobi organise la plus grande f\u00eate avec des spectacles musicaux et des feux d&rsquo;artifice, tandis que Mombasa est c\u00e9l\u00e8bre pour ses f\u00eates sur la plage avec de la musique live. Il est \u00e9galement de coutume de quitter les villes pour passer le r\u00e9veillon dans des zones plus rurales.<\/span><\/p>\n<p><span class=\"font-377884\">L&rsquo;<strong>\u00c9thiopie<\/strong> utilise exclusivement le calendrier copte dans lequel le jour de l&rsquo;an est c\u00e9l\u00e9br\u00e9 le 11 septembre. Cette c\u00e9l\u00e9bration, connue sous le nom d&rsquo;Enkutatash, dure trois jours et s&rsquo;accompagne de c\u00e9r\u00e9monies religieuses, de chants et de festins. Toutefois, les grands h\u00f4tels des grandes villes comme Addis-Abeba organisent des f\u00eates de fin d&rsquo;ann\u00e9e le 31 d\u00e9cembre.<\/span><\/p>\n<h2><span class=\"font-377884\">Traditions en Oc\u00e9anie<\/span><\/h2>\n<p><span class=\"font-377884\">En Oc\u00e9anie, il n&rsquo;y a pas de traditions particuli\u00e8res li\u00e9es au r\u00e9veillon du Nouvel An, mais il arrive plus t\u00f4t car c&rsquo;est l\u00e0 que commence chaque nouveau jour, pour \u00eatre pr\u00e9cis sur l&rsquo;\u00eele de No\u00ebl, plus connue sous le nom de <strong>Kiribati<\/strong>, qui fait partie de l&rsquo;archipel des Sporades \u00e9quatoriales et qui est le premier lieu de c\u00e9l\u00e9bration.<\/span><\/p>\n<p><span class=\"font-377884\">Une heure plus tard seulement, c&rsquo;est le tour de la <strong>Nouvelle-Z\u00e9lande<\/strong>, et des \u00eeles Fidji et Tuvalu, qui partagent le m\u00eame fuseau horaire.<\/span><\/p>\n<p>&nbsp;<\/p>\n<figure id=\"attachment_226235\" aria-describedby=\"caption-attachment-226235\" style=\"width: 1024px\" class=\"wp-caption aligncenter\"><a href=\"https:\/\/swissfederalism.ch\/fr\/celebrations-of-new-years-eve-in-sydney-australia-2018-photo-by-cabrils-cc-by-sa-4-0-via-wikimedia-commons-2\/\" rel=\"attachment wp-att-226235\"><img decoding=\"async\" class=\"size-full wp-image-226235\" src=\"https:\/\/swissfederalism.ch\/wp-content\/uploads\/2022\/12\/Celebrations-of-New-Years-Eve-in-Sydney-Australia-2018-Photo-by-Cabrils-CC-BY-SA-4.0-via-Wikimedia-Commons.jpg\" alt=\"Celebrations of New Years Eve in Sydney - Australia 2018 Photo by Cabrils, CC BY-SA 4.0 via Wikimedia Commons\" width=\"1024\" height=\"337\" srcset=\"https:\/\/swissfederalism.ch\/wp-content\/uploads\/2022\/12\/Celebrations-of-New-Years-Eve-in-Sydney-Australia-2018-Photo-by-Cabrils-CC-BY-SA-4.0-via-Wikimedia-Commons.jpg 1024w, https:\/\/swissfederalism.ch\/wp-content\/uploads\/2022\/12\/Celebrations-of-New-Years-Eve-in-Sydney-Australia-2018-Photo-by-Cabrils-CC-BY-SA-4.0-via-Wikimedia-Commons-300x99.jpg 300w, https:\/\/swissfederalism.ch\/wp-content\/uploads\/2022\/12\/Celebrations-of-New-Years-Eve-in-Sydney-Australia-2018-Photo-by-Cabrils-CC-BY-SA-4.0-via-Wikimedia-Commons-768x253.jpg 768w, https:\/\/swissfederalism.ch\/wp-content\/uploads\/2022\/12\/Celebrations-of-New-Years-Eve-in-Sydney-Australia-2018-Photo-by-Cabrils-CC-BY-SA-4.0-via-Wikimedia-Commons-350x115.jpg 350w\" sizes=\"(max-width: 1024px) 100vw, 1024px\" \/><\/a><figcaption id=\"caption-attachment-226235\" class=\"wp-caption-text\"><span class=\"font-377884\">C\u00e9l\u00e9brations du r\u00e9veillon du Nouvel An \u00e0 Sydney &#8211; Australie 2018 Photo by Cabrils, CC BY-SA 4.0 via Wikimedia Commons<\/span><\/figcaption><\/figure>\n<p><span class=\"font-377884\">L&rsquo;<strong>Australie<\/strong> est tr\u00e8s vaste et compte en fait trois fuseaux horaires diff\u00e9rents. La partie occidentale correspond aux Philippines et \u00e0 la Chine, la partie centrale co\u00efncide avec le Japon et les \u00eeles indon\u00e9siennes, et la partie orientale est exclusivement australienne. Sydney est c\u00e9l\u00e8bre pour ses f\u00eates, qui sont folles et amusantes. Les grandes plages sont l&rsquo;endroit id\u00e9al pour se d\u00e9cha\u00eener et faire la f\u00eate le soir du Nouvel An. Le pont du port de Sydney est transform\u00e9 en un \u00e9cran g\u00e9ant o\u00f9 vous pouvez assister au compte \u00e0 rebours et, apr\u00e8s minuit, le c\u00e9l\u00e8bre feu d&rsquo;artifice a lieu, ce qui en fait le plus beau feu d&rsquo;artifice d&rsquo;Australie.<\/span><\/p>\n","protected":false},"excerpt":{"rendered":"<p>La fin de l&rsquo;ann\u00e9e approche et c&rsquo;est l&rsquo;heure du bilan et de la r\u00e9flexion, mais aussi des espoirs, des souhaits et des attentes pour la nouvelle ann\u00e9e.<\/p>\n","protected":false},"author":9,"featured_media":226245,"comment_status":"open","ping_status":"closed","sticky":false,"template":"","format":"standard","meta":{"footnotes":""},"categories":[2259,2274,312,277,318,308,209,294],"tags":[2180,653,1143,541,406,2234,1882,2298,888,1478],"class_list":["post-226377","post","type-post","status-publish","format-standard","has-post-thumbnail","hentry","category-afrique","category-amerique","category-culture-fr","category-europe-fr","category-evenements","category-faits-marquants","category-les-magazines","category-suisse","tag-afrique","tag-amerique","tag-asie","tag-culture-fr","tag-europe-fr","tag-evenement","tag-festivites","tag-oceanie","tag-suisse","tag-traditions"],"_links":{"self":[{"href":"https:\/\/swissfederalism.ch\/fr\/wp-json\/wp\/v2\/posts\/226377","targetHints":{"allow":["GET"]}}],"collection":[{"href":"https:\/\/swissfederalism.ch\/fr\/wp-json\/wp\/v2\/posts"}],"about":[{"href":"https:\/\/swissfederalism.ch\/fr\/wp-json\/wp\/v2\/types\/post"}],"author":[{"embeddable":true,"href":"https:\/\/swissfederalism.ch\/fr\/wp-json\/wp\/v2\/users\/9"}],"replies":[{"embeddable":true,"href":"https:\/\/swissfederalism.ch\/fr\/wp-json\/wp\/v2\/comments?post=226377"}],"version-history":[{"count":2,"href":"https:\/\/swissfederalism.ch\/fr\/wp-json\/wp\/v2\/posts\/226377\/revisions"}],"predecessor-version":[{"id":226379,"href":"https:\/\/swissfederalism.ch\/fr\/wp-json\/wp\/v2\/posts\/226377\/revisions\/226379"}],"wp:featuredmedia":[{"embeddable":true,"href":"https:\/\/swissfederalism.ch\/fr\/wp-json\/wp\/v2\/media\/226245"}],"wp:attachment":[{"href":"https:\/\/swissfederalism.ch\/fr\/wp-json\/wp\/v2\/media?parent=226377"}],"wp:term":[{"taxonomy":"category","embeddable":true,"href":"https:\/\/swissfederalism.ch\/fr\/wp-json\/wp\/v2\/categories?post=226377"},{"taxonomy":"post_tag","embeddable":true,"href":"https:\/\/swissfederalism.ch\/fr\/wp-json\/wp\/v2\/tags?post=226377"}],"curies":[{"name":"wp","href":"https:\/\/api.w.org\/{rel}","templated":true}]}}