{"id":226290,"date":"2022-12-27T19:52:19","date_gmt":"2022-12-27T19:52:19","guid":{"rendered":"https:\/\/swissfederalism.ch\/diamante-italia-made-in-italy\/"},"modified":"2022-12-28T12:29:42","modified_gmt":"2022-12-28T12:29:42","slug":"diamante-italia-realite-made-in-italy","status":"publish","type":"post","link":"https:\/\/swissfederalism.ch\/fr\/diamante-italia-realite-made-in-italy\/","title":{"rendered":"Un diamant pour l&rsquo;Italie : le r\u00eave num\u00e9rique d&rsquo;Adriano Ippoliti est une r\u00e9alit\u00e9 pour le Made in Italy"},"content":{"rendered":"<h1><span class=\"font-762333\">Un diamant pour l&rsquo;Italie : le r\u00eave num\u00e9rique d&rsquo;Adriano Ippoliti est une r\u00e9alit\u00e9 pour le Made in Italy<\/span><\/h1>\n<h3><span class=\"font-762333\"><em>Le fondateur et cr\u00e9ateur de la t\u00e9l\u00e9vision num\u00e9rique dans les Abruzzes : \u00ab\u00a0Une plateforme qui est aussi un \u00e9cosyst\u00e8me d&rsquo;information pour les entreprises et la r\u00e9gion. Objectif 2023 : former les jeunes dans les \u00e9coles\u00a0\u00bb.<\/em><\/span><\/h3>\n<figure id=\"attachment_226261\" aria-describedby=\"caption-attachment-226261\" style=\"width: 840px\" class=\"wp-caption aligncenter\"><a href=\"https:\/\/swissfederalism.ch\/fr\/diamante-1-2\/\" rel=\"attachment wp-att-226261\"><img decoding=\"async\" class=\"size-large wp-image-226261\" src=\"https:\/\/swissfederalism.ch\/wp-content\/uploads\/2022\/12\/Diamante-1-1024x555.jpg\" alt=\"Adriano Ippoliti Fondatore di Diamante TV\" width=\"840\" height=\"455\" srcset=\"https:\/\/swissfederalism.ch\/wp-content\/uploads\/2022\/12\/Diamante-1-1024x555.jpg 1024w, https:\/\/swissfederalism.ch\/wp-content\/uploads\/2022\/12\/Diamante-1-300x162.jpg 300w, https:\/\/swissfederalism.ch\/wp-content\/uploads\/2022\/12\/Diamante-1-768x416.jpg 768w, https:\/\/swissfederalism.ch\/wp-content\/uploads\/2022\/12\/Diamante-1-1536x832.jpg 1536w, https:\/\/swissfederalism.ch\/wp-content\/uploads\/2022\/12\/Diamante-1-350x190.jpg 350w, https:\/\/swissfederalism.ch\/wp-content\/uploads\/2022\/12\/Diamante-1.jpg 1590w\" sizes=\"(max-width: 840px) 100vw, 840px\" \/><\/a><figcaption id=\"caption-attachment-226261\" class=\"wp-caption-text\"><span class=\"font-762333\">Adriano Ippoliti Fondateur et PDG de Diamante TV<\/span><\/figcaption><\/figure>\n<p><span class=\"font-762333\">Un diamant pour l&rsquo;Italie et pour les Italiens, o\u00f9 qu&rsquo;ils vivent ou soient. Au c\u0153ur du Val Vibrata, dans la r\u00e9gion des Abruzzes qui a envoy\u00e9 tant de ses enfants dans le monde, bat le c\u0153ur de <a href=\"https:\/\/www.diamante.live\/\"><strong>Diamante TV<\/strong><\/a>, un projet ancr\u00e9 dans le temps, qui remonte \u00e0 2009 et qui, en 15 ans, s&rsquo;est consolid\u00e9 et enrichi de ressources, d&rsquo;outils et de potentialit\u00e9s pour poursuivre un objectif tr\u00e8s simple : devenir la plus grande vitrine des Italiens dans le monde. Pour r\u00e9aliser des projets, il faut avoir la capacit\u00e9 de les r\u00eaver et de les imaginer, et Adriano Ippoliti, fondateur, c\u0153ur et \u00e2me de la plateforme qui vise \u00e0 devenir le carrefour des Italiens entre l&rsquo;Italie et le reste du globe, appartient \u00e0 la cat\u00e9gorie des personnes qui aiment r\u00eaver et nourrir leurs r\u00eaves avec courage et engagement. Il fallait une grande vision pour imaginer un pont entre l&rsquo;Italie, la Grande Beaut\u00e9 faite d&rsquo;art, de culture et de patrimoine, et ses tr\u00e8s nombreux enfants dispers\u00e9s sur les cinq continents depuis des g\u00e9n\u00e9rations, avec la mine in\u00e9puisable du Made in Italy comme moteur et comme mine. Le projet d&rsquo;Ippoliti, qui a \u00e9t\u00e9 r\u00e9cemment r\u00e9compens\u00e9 \u00e0 Zurich pour son engagement et son activit\u00e9 dans la promotion des marques italiennes et qui a des bureaux dispers\u00e9s de Colonnella, dans les Abruzzes, \u00e0 Zurich, Madrid, Montr\u00e9al, Miami, Buenos Aires et Melbourne, est un langage qui parle au pass\u00e9, pour r\u00e9cup\u00e9rer la tradition et les origines de notre pays et ses nombreuses excellences, et parle \u00e0 l&rsquo;avenir, pour impliquer et capter les jeunes de l&rsquo;\u00e9tranger qui ont le d\u00e9sir et l&rsquo;envie de prendre le chemin inverse de celui de leurs p\u00e8res et grands-p\u00e8res, vers la terre qui leur a donn\u00e9 leurs origines, le c\u0153ur et l&rsquo;\u00e2me.<\/span><\/p>\n<p><span class=\"font-762333\"><em>\u00ab\u00a0Nous voulons \u00eatre un pont de communication entre l&rsquo;Italie et les Italiens, un projet bas\u00e9 sur le num\u00e9rique et le streaming qui s&rsquo;adresse \u00e0 tous ceux qui aiment notre pays. C&rsquo;est pourquoi notre plateforme a \u00e9t\u00e9 con\u00e7ue et cr\u00e9\u00e9e pour \u00eatre 100% multilingue, pour \u00eatre ouverte \u00e0 toutes les langues et cultures qui se croisent et se m\u00e9langent aux n\u00f4tres. Notre t\u00e9l\u00e9vision et notre contenu ne sont pas de l&rsquo;entertainement, ils n&rsquo;en ont ni la nature ni les objectifs. Il s&rsquo;agit de l&rsquo;\u00e9ducation et de la promotion du territoire, de la culture et du patrimoine italiens par le biais d&rsquo;un \u00ab\u00a0marketing\u00a0\u00bb moderne, \u00e9tendu et large d&rsquo;esprit.<\/em><\/span><\/p>\n<p><span class=\"font-762333\"><a href=\"https:\/\/swissfederalism.ch\/fr\/les-excellences-italiennes-en-exposition-a-zurich-un-succes\/\"><strong>Les excellences italiennes en exposition \u00e0 Zurich : un succ\u00e8s !<\/strong><\/a><\/span><\/p>\n<p><span class=\"font-762333\"><strong>Adriano Ippoliti<\/strong> est un entrepreneur moderne qui l&rsquo;a litt\u00e9ralement fait lui-m\u00eame. Il est parti de Suisse, alors qu&rsquo;il \u00e9tait encore un jeune gar\u00e7on et comme tant d&rsquo;autres Italiens qui ont \u00e9migr\u00e9 pour chercher fortune de l&rsquo;autre c\u00f4t\u00e9 de la fronti\u00e8re, et en passant par cent m\u00e9tiers et mille exp\u00e9riences, il a distill\u00e9 la capacit\u00e9 d&rsquo;imaginer un pont num\u00e9rique et pr\u00e9cieux entre l&rsquo;Italie et ses millions d&rsquo;enfants, dispers\u00e9s partout. Une autre Italie qui compte des centaines de millions d&rsquo;habitants : une autre fa\u00e7on de voir notre pays qui, en r\u00e9unissant tous ses membres \u00ab\u00a0italiques\u00a0\u00bb, repr\u00e9senterait presque les trois quarts de la population de toute l&rsquo;Europe.<\/span><\/p>\n<p><span class=\"font-762333\"><em>\u00ab\u00a0On estime qu&rsquo;il y a environ 250 millions d&rsquo;Italiens dans le monde, un atout fondamental pour l&rsquo;avenir de notre pays. Un si vaste patrimoine de clients potentiels qui ne reviennent pas dans la m\u00e8re patrie uniquement pour faire du tourisme, mais pr\u00e9cis\u00e9ment pour interagir avec ses ressources et ses entreprises. Nous pouvons dire que <a href=\"https:\/\/www.diamante.live\/\">Diamante TV<\/a> est un \u00e9cosyst\u00e8me qui, \u00e0 travers le commerce \u00e9lectronique de produits et le tourisme, dans la sph\u00e8re B2B, peut agglom\u00e9rer et donner une impulsion \u00e0 l&rsquo;archipel des micro-entreprises qui sont le linteau et l&rsquo;\u00e9pine dorsale du tissu productif italien. La force de l&rsquo;Italie est contenue dans ses petites r\u00e9alit\u00e9s productives, de m\u00eame que sur huit mille communes, cinq mille ont moins de 5 000 habitants : la grande force de l&rsquo;Italie est la force du petit qui r\u00eave et pense grand, en mettant en valeur ses qualit\u00e9s et ses comp\u00e9tences reconnues partout dans le monde\u00a0\u00bb.<\/em><\/span><\/p>\n<p>&nbsp;<\/p>\n<figure id=\"attachment_226265\" aria-describedby=\"caption-attachment-226265\" style=\"width: 840px\" class=\"wp-caption aligncenter\"><a href=\"https:\/\/swissfederalism.ch\/fr\/diamante-2\/\" rel=\"attachment wp-att-226265\"><img decoding=\"async\" class=\"size-large wp-image-226265\" src=\"https:\/\/swissfederalism.ch\/wp-content\/uploads\/2022\/12\/Diamante-1024x569.jpg\" alt=\"La piattaforma di Diamante TV \" width=\"840\" height=\"467\" srcset=\"https:\/\/swissfederalism.ch\/wp-content\/uploads\/2022\/12\/Diamante-1024x569.jpg 1024w, https:\/\/swissfederalism.ch\/wp-content\/uploads\/2022\/12\/Diamante-300x167.jpg 300w, https:\/\/swissfederalism.ch\/wp-content\/uploads\/2022\/12\/Diamante-768x427.jpg 768w, https:\/\/swissfederalism.ch\/wp-content\/uploads\/2022\/12\/Diamante-1536x854.jpg 1536w, https:\/\/swissfederalism.ch\/wp-content\/uploads\/2022\/12\/Diamante-350x195.jpg 350w, https:\/\/swissfederalism.ch\/wp-content\/uploads\/2022\/12\/Diamante.jpg 1628w\" sizes=\"(max-width: 840px) 100vw, 840px\" \/><\/a><figcaption id=\"caption-attachment-226265\" class=\"wp-caption-text\"><span class=\"font-762333\">La plateforme Diamante TV<\/span><\/figcaption><\/figure>\n<h3><span class=\"font-762333\">Le d\u00e9fi est lanc\u00e9, et les objectifs d&rsquo;un projet qui est parti de loin et qui a march\u00e9 sans h\u00e2te, mais sans s&rsquo;arr\u00eater, sont d\u00e9j\u00e0 trac\u00e9s pour l&rsquo;ann\u00e9e \u00e0 venir.<\/span><\/h3>\n<p><span class=\"font-762333\"><em>\u00ab\u00a0Les \u00e9coles et les entreprises de la r\u00e9gion seront les activit\u00e9s de diffusion et de cor \u00e9ducatif de notre plateforme en 2023. Nous ciblerons les jeunes et les entrepreneurs pour transmettre et enraciner un mod\u00e8le d&rsquo;entreprise num\u00e9rique qui combine technologie, savoir-faire et tradition. Pour aider notre artisanat \u00e0 s&rsquo;adapter au march\u00e9 moderne et \u00e0 sa comp\u00e9titivit\u00e9, ainsi que pour aider les jeunes sur le chemin de la croissance qui les am\u00e8ne \u00e0 choisir de rester et non d&rsquo;\u00e9migrer, pour apporter leur contribution \u00e0 ce pays. Dans notre pays, la culture entrepreneuriale fait totalement d\u00e9faut dans les \u00e9coles, la culture de l&rsquo;\u00e9panouissement personnel qui aide les jeunes \u00e0 prendre des d\u00e9cisions, bonnes ou mauvaises, et qui leur permet de poursuivre leurs r\u00eaves sans se sentir humili\u00e9s ou moqu\u00e9s par la soci\u00e9t\u00e9 dans laquelle ils vivent. Toutes les grandes marques ont \u00e9t\u00e9, \u00e0 leurs d\u00e9buts, des artisans d&rsquo;atelier et se souvenir de la fa\u00e7on dont elles sont devenues grandes, comme ce pays est devenu grand, est un chemin n\u00e9cessaire pour retrouver notre pass\u00e9 et construire une base solide pour l&rsquo;avenir.<\/em><\/span><\/p>\n<h3><span class=\"font-762333\">Dans votre cas, l&rsquo;entreprise priv\u00e9e s&rsquo;engage \u00e0 combler les lacunes historiques que la politique a largement \u00e9chou\u00e9 \u00e0 r\u00e9soudre. En fait, dans de nombreux cas, elle les a aggrav\u00e9s.<\/span><\/h3>\n<p><span class=\"font-762333\"><em>\u00ab\u00a0L&rsquo;Italie vit constamment dans une cloche qui, au lieu de prot\u00e9ger, continue \u00e0 affaiblir la soci\u00e9t\u00e9. Nous vivons dans un pays o\u00f9 l&rsquo;on parle toujours beaucoup, voire trop, d&rsquo;innovation, d&rsquo;excellence, d&rsquo;art, de culture, de tourisme, mais la v\u00e9rit\u00e9 est que le syst\u00e8me italien n&rsquo;a jamais montr\u00e9 un int\u00e9r\u00eat constructif pour le d\u00e9veloppement durable des entreprises et n&rsquo;a jamais investi correctement dans le capital humain. Il y a un manque de vision \u00e0 long terme, un manque de leadership, un manque de comportement qui serve d&rsquo;exemple aux nouvelles g\u00e9n\u00e9rations. La politique, au cours de toutes ces ann\u00e9es, n&rsquo;a pas eu le courage d&rsquo;avoir une vision et un horizon profonds, pr\u00e9f\u00e9rant des op\u00e9rations \u00e0 court terme et \u00e0 bout de souffle qui ont br\u00fbl\u00e9 des projets et des personnes, au lieu de les valoriser\u00a0\u00bb.<\/em><\/span><\/p>\n<h3><span class=\"font-762333\">L&rsquo;identit\u00e9 de votre organisation semble \u00eatre construite sur des racines anciennes, des traditions \u00e9tablies et un regard et un esprit tourn\u00e9s vers l&rsquo;avenir.<\/span><\/h3>\n<p><span class=\"font-762333\"><em>\u00ab\u00a0Nous sommes une entreprise tr\u00e8s flexible et innovante qui exp\u00e9rimente tous les jours et qui est constamment sur la br\u00e8che. Nous brisons le moule de l&rsquo;industrie en contextualisant des mod\u00e8les et des strat\u00e9gies qui appartenaient \u00e0 des secteurs diff\u00e9rents. Nous avons d\u00e9j\u00e0 v\u00e9cu ce qui se passe aujourd&rsquo;hui dans la r\u00e9volution de l&rsquo;\u00e9dition num\u00e9rique et de l&rsquo;audiovisuel, ce qui nous permet d&rsquo;anticiper en permanence. Pendant des ann\u00e9es, nous avons travaill\u00e9 dans l&rsquo;anonymat, mais aujourd&rsquo;hui, nous attirons l&rsquo;attention des investisseurs priv\u00e9s et des fonds d&rsquo;investissement. Cela nous fait tr\u00e8s plaisir et confirme que nous nous portons bien. Ce qui nous distingue, c&rsquo;est certainement le savoir-faire, l&rsquo;\u00e9quipe de gestion et la mani\u00e8re dont nous abordons le march\u00e9. Nous cr\u00e9ons un nouvel \u00e9cosyst\u00e8me entrepreneurial qui nous permettra enfin de vivre de l&rsquo;art, de la culture, du divertissement, du tourisme et de bien d&rsquo;autres choses encore, en faisant \u00e9voluer les diff\u00e9rents secteurs au niveau mondial\u00a0\u00bb.<\/em><\/span><\/p>\n<p>&nbsp;<\/p>\n<figure id=\"attachment_226269\" aria-describedby=\"caption-attachment-226269\" style=\"width: 840px\" class=\"wp-caption aligncenter\"><a href=\"https:\/\/swissfederalism.ch\/fr\/diamante-3-2\/\" rel=\"attachment wp-att-226269\"><img decoding=\"async\" class=\"size-large wp-image-226269\" src=\"https:\/\/swissfederalism.ch\/wp-content\/uploads\/2022\/12\/Diamante-3-1024x260.jpg\" alt=\"Il logo di Diamante TV\" width=\"840\" height=\"213\" srcset=\"https:\/\/swissfederalism.ch\/wp-content\/uploads\/2022\/12\/Diamante-3-1024x260.jpg 1024w, https:\/\/swissfederalism.ch\/wp-content\/uploads\/2022\/12\/Diamante-3-300x76.jpg 300w, https:\/\/swissfederalism.ch\/wp-content\/uploads\/2022\/12\/Diamante-3-768x195.jpg 768w, https:\/\/swissfederalism.ch\/wp-content\/uploads\/2022\/12\/Diamante-3-350x89.jpg 350w, https:\/\/swissfederalism.ch\/wp-content\/uploads\/2022\/12\/Diamante-3.jpg 1534w\" sizes=\"(max-width: 840px) 100vw, 840px\" \/><\/a><figcaption id=\"caption-attachment-226269\" class=\"wp-caption-text\"><span class=\"font-762333\">Le logo de Diamante TV<\/span><\/figcaption><\/figure>\n<h2><span class=\"font-762333\">CHIFFRES<\/span><\/h2>\n<p><span class=\"font-762333\"><strong>6 millions<\/strong> avec la citoyennet\u00e9<\/span><\/p>\n<p><span class=\"font-762333\"><strong>50 millions<\/strong> de personnes sans citoyennet\u00e9<\/span><\/p>\n<p><span class=\"font-762333\"><strong>250 millions<\/strong> de descendants italiens de deuxi\u00e8me, troisi\u00e8me et quatri\u00e8me g\u00e9n\u00e9ration<\/span><\/p>\n<p><span class=\"font-762333\"><strong>25 experts<\/strong> et six bureaux sur 3 continents<\/span><\/p>\n<p><span class=\"font-762333\"><strong>147 pays<\/strong> dans le r\u00e9seau<\/span><\/p>\n<p><span class=\"font-762333\"><strong>25 millions<\/strong> de personnes comme public dans le monde<\/span><\/p>\n<p><span class=\"font-762333\"><strong>Liens avec DiamanteTV<\/strong> :<strong>\u00a0<\/strong><a href=\"https:\/\/www.diamante.live\/\">https:\/\/www.diamante.live\/<\/a><\/span><\/p>\n","protected":false},"excerpt":{"rendered":"<p>Le fondateur et cr\u00e9ateur de la t\u00e9l\u00e9vision num\u00e9rique dans les Abruzzes : \u00ab\u00a0Une plateforme qui est aussi un \u00e9cosyst\u00e8me d&rsquo;information pour les entreprises et la r\u00e9gion. Objectif 2023 : former les jeunes dans les \u00e9coles\u00a0\u00bb.<\/p>\n","protected":false},"author":15,"featured_media":226271,"comment_status":"open","ping_status":"closed","sticky":false,"template":"","format":"standard","meta":{"footnotes":""},"categories":[2105,277,308,644,289,209],"tags":[670,1226,858,1651,899,1852,2285,2114,1254],"class_list":["post-226290","post","type-post","status-publish","format-standard","has-post-thumbnail","hentry","category-culture-italienne","category-europe-fr","category-faits-marquants","category-interviews-fr","category-italie","category-les-magazines","tag-communication-fr","tag-digitalisation","tag-entreprises","tag-innovation-de-fr","tag-italien-2","tag-italiens-a-letranger-fr","tag-langue-italienne","tag-made-in-italy-fr","tag-technologie"],"_links":{"self":[{"href":"https:\/\/swissfederalism.ch\/fr\/wp-json\/wp\/v2\/posts\/226290","targetHints":{"allow":["GET"]}}],"collection":[{"href":"https:\/\/swissfederalism.ch\/fr\/wp-json\/wp\/v2\/posts"}],"about":[{"href":"https:\/\/swissfederalism.ch\/fr\/wp-json\/wp\/v2\/types\/post"}],"author":[{"embeddable":true,"href":"https:\/\/swissfederalism.ch\/fr\/wp-json\/wp\/v2\/users\/15"}],"replies":[{"embeddable":true,"href":"https:\/\/swissfederalism.ch\/fr\/wp-json\/wp\/v2\/comments?post=226290"}],"version-history":[{"count":3,"href":"https:\/\/swissfederalism.ch\/fr\/wp-json\/wp\/v2\/posts\/226290\/revisions"}],"predecessor-version":[{"id":226306,"href":"https:\/\/swissfederalism.ch\/fr\/wp-json\/wp\/v2\/posts\/226290\/revisions\/226306"}],"wp:featuredmedia":[{"embeddable":true,"href":"https:\/\/swissfederalism.ch\/fr\/wp-json\/wp\/v2\/media\/226271"}],"wp:attachment":[{"href":"https:\/\/swissfederalism.ch\/fr\/wp-json\/wp\/v2\/media?parent=226290"}],"wp:term":[{"taxonomy":"category","embeddable":true,"href":"https:\/\/swissfederalism.ch\/fr\/wp-json\/wp\/v2\/categories?post=226290"},{"taxonomy":"post_tag","embeddable":true,"href":"https:\/\/swissfederalism.ch\/fr\/wp-json\/wp\/v2\/tags?post=226290"}],"curies":[{"name":"wp","href":"https:\/\/api.w.org\/{rel}","templated":true}]}}