{"id":225802,"date":"2022-12-03T19:46:49","date_gmt":"2022-12-03T19:46:49","guid":{"rendered":"https:\/\/swissfederalism.ch\/christmas-markets\/"},"modified":"2022-12-07T17:31:45","modified_gmt":"2022-12-07T17:31:45","slug":"marches-de-noel","status":"publish","type":"post","link":"https:\/\/swissfederalism.ch\/fr\/marches-de-noel\/","title":{"rendered":"Les march\u00e9s de No\u00ebl"},"content":{"rendered":"<h1><span class=\"font-377884\">Les march\u00e9s de No\u00ebl<\/span><\/h1>\n<h3><span class=\"font-377884\"><em>La p\u00e9riode pr\u00e9c\u00e9dant No\u00ebl est venue avec les c\u00e9l\u00e8bres march\u00e9s de No\u00ebl, qui sont n\u00e9s dans les pays germanophones, mais que l&rsquo;on trouve aujourd&rsquo;hui un peu partout.<\/em><\/span><\/h3>\n<figure id=\"attachment_225704\" aria-describedby=\"caption-attachment-225704\" style=\"width: 840px\" class=\"wp-caption aligncenter\"><a href=\"https:\/\/swissfederalism.ch\/fr\/dresden-image-by-tonda-tran-from-pixabay-2\/\" rel=\"attachment wp-att-225704\"><img decoding=\"async\" class=\"size-large wp-image-225704\" src=\"https:\/\/swissfederalism.ch\/wp-content\/uploads\/2022\/12\/dresden-Image-by-Tonda-Tran-from-Pixabay-1024x627.jpg\" alt=\"Scorcio del Mercatino di Natale di Dresda - Germania - Image by Tonda Tran from Pixabay\" width=\"840\" height=\"514\" srcset=\"https:\/\/swissfederalism.ch\/wp-content\/uploads\/2022\/12\/dresden-Image-by-Tonda-Tran-from-Pixabay-1024x627.jpg 1024w, https:\/\/swissfederalism.ch\/wp-content\/uploads\/2022\/12\/dresden-Image-by-Tonda-Tran-from-Pixabay-300x184.jpg 300w, https:\/\/swissfederalism.ch\/wp-content\/uploads\/2022\/12\/dresden-Image-by-Tonda-Tran-from-Pixabay-768x470.jpg 768w, https:\/\/swissfederalism.ch\/wp-content\/uploads\/2022\/12\/dresden-Image-by-Tonda-Tran-from-Pixabay-1536x940.jpg 1536w, https:\/\/swissfederalism.ch\/wp-content\/uploads\/2022\/12\/dresden-Image-by-Tonda-Tran-from-Pixabay-350x214.jpg 350w, https:\/\/swissfederalism.ch\/wp-content\/uploads\/2022\/12\/dresden-Image-by-Tonda-Tran-from-Pixabay.jpg 1920w\" sizes=\"(max-width: 840px) 100vw, 840px\" \/><\/a><figcaption id=\"caption-attachment-225704\" class=\"wp-caption-text\"><span class=\"font-377884\">Aper\u00e7u du march\u00e9 de No\u00ebl de Dresde &#8211; Allemagne &#8211; Image by Tonda Tran from Pixabay<\/span><\/figcaption><\/figure>\n<p><span class=\"font-377884\">Chaque march\u00e9 a ses propres particularit\u00e9s, de son histoire au cadre dans lequel il est install\u00e9, des produits alimentaires et artisanaux locaux que l&rsquo;on peut acheter aux \u00e9l\u00e9ments qui l&rsquo;animent : concerts de musique de No\u00ebl, expositions de cr\u00e8ches, patinoires, etc.<\/span><\/p>\n<h2><span class=\"font-377884\">Un peu d&rsquo;histoire<\/span><\/h2>\n<p><span class=\"font-377884\">En 1296, les marchands de Vienne obtiennent du <strong>duc Albrecht Ier d&rsquo;Autriche<\/strong> le privil\u00e8ge d&rsquo;organiser un \u00ab\u00a0<em>march\u00e9 de d\u00e9cembre<\/em>\u00a0\u00bb pour approvisionner la population viennoise : des documents indiquent que le premier march\u00e9 de No\u00ebl a ouvert ses portes \u00e0 Vienne sous le nom de \u00ab\u00a0foire de d\u00e9cembre\u00a0\u00bb.<\/span><\/p>\n<p><span class=\"font-377884\">Dans l&rsquo;Allemagne du XIIIe si\u00e8cle, il existait des foires d&rsquo;avant No\u00ebl o\u00f9 les visiteurs s&rsquo;approvisionnaient en produits d&rsquo;hiver, qui sont ensuite devenues un lieu de rassemblement pour les gens pendant l&rsquo;Avent. Mentionn\u00e9 pour la premi\u00e8re fois en 1384, le march\u00e9 de No\u00ebl de Bautzen est probablement le plus ancien d&rsquo;Allemagne.<\/span><\/p>\n<p><span class=\"font-377884\">Le XVIIe si\u00e8cle a vu l&rsquo;\u00e9mergence de march\u00e9s de No\u00ebl traditionnels dans les pays germanophones, tr\u00e8s semblables \u00e0 ceux d&rsquo;aujourd&rsquo;hui, qui \u00e9taient install\u00e9s pr\u00e8s des \u00e9glises sous le nom de<em> march\u00e9s de Saint-Nicolas<\/em>, \u00e9tant organis\u00e9s autour de la f\u00eate du saint (6 d\u00e9cembre). Avec la R\u00e9forme protestante (1517) et l&rsquo;abandon cons\u00e9cutif du culte du saint, les march\u00e9s ont pris le nom de <strong>Christkindlmarkt<\/strong>, ou march\u00e9 de l&rsquo;Enfant J\u00e9sus.<\/span><\/p>\n<p><span class=\"font-377884\">Les plus anciens semblent \u00eatre ceux de <strong>Bautzen<\/strong> (premier march\u00e9 en 1384), de <strong>Francfort<\/strong> (premier march\u00e9 en 1393) et de <strong>Munich<\/strong> (1310). Le march\u00e9 de d\u00e9cembre de <strong>Vienne<\/strong>, sorte de pr\u00e9curseur du march\u00e9 de No\u00ebl, remonte \u00e0 1294. Parmi les autres march\u00e9s historiques, citons ceux de <strong>Salzbourg<\/strong> (1491), <strong>Strasbourg<\/strong> (1570) et <strong>Nuremberg<\/strong> (1628).<\/span><\/p>\n<p>&nbsp;<\/p>\n<figure id=\"attachment_225708\" aria-describedby=\"caption-attachment-225708\" style=\"width: 960px\" class=\"wp-caption aligncenter\"><a href=\"https:\/\/swissfederalism.ch\/fr\/einsiedeln-2\/\" rel=\"attachment wp-att-225708\"><img decoding=\"async\" class=\"size-full wp-image-225708\" src=\"https:\/\/swissfederalism.ch\/wp-content\/uploads\/2022\/12\/Einsiedeln.jpg\" alt=\"\" width=\"960\" height=\"720\" srcset=\"https:\/\/swissfederalism.ch\/wp-content\/uploads\/2022\/12\/Einsiedeln.jpg 960w, https:\/\/swissfederalism.ch\/wp-content\/uploads\/2022\/12\/Einsiedeln-300x225.jpg 300w, https:\/\/swissfederalism.ch\/wp-content\/uploads\/2022\/12\/Einsiedeln-768x576.jpg 768w, https:\/\/swissfederalism.ch\/wp-content\/uploads\/2022\/12\/Einsiedeln-350x263.jpg 350w\" sizes=\"(max-width: 960px) 100vw, 960px\" \/><\/a><figcaption id=\"caption-attachment-225708\" class=\"wp-caption-text\"><span class=\"font-377884\">Aper\u00e7u du march\u00e9 de No\u00ebl d&rsquo;Einsiedeln &#8211; Suisse &#8211; Image by Chris Sche-Bo<\/span><\/figcaption><\/figure>\n<h2><span class=\"font-377884\">P\u00e9riode<\/span><\/h2>\n<p><span class=\"font-377884\">Depuis quelques ann\u00e9es, le d\u00e9but des march\u00e9s de No\u00ebl a \u00e9t\u00e9 d\u00e9plac\u00e9 au mois de novembre, ce qui a suscit\u00e9 une certaine controverse de la part de l&rsquo;\u00c9glise protestante qui, le dimanche pr\u00e9c\u00e9dant la p\u00e9riode de l&rsquo;Avent, c\u00e9l\u00e8bre le dimanche des morts, l&rsquo;un des jours de silence de l&rsquo;ann\u00e9e. Des compromis ont \u00e9t\u00e9 convenus pour rem\u00e9dier \u00e0 ce probl\u00e8me, comme le maintien de la fermeture des march\u00e9s d\u00e9j\u00e0 ouverts le dimanche des morts.<\/span><\/p>\n<p><span class=\"font-377884\">Les petits march\u00e9s de No\u00ebl n&rsquo;ouvrent que quelques jours, sur un ou m\u00eame plusieurs week-ends pendant l&rsquo;Avent. \u00c0 No\u00ebl, la plupart des march\u00e9s de No\u00ebl sont d\u00e9j\u00e0 ferm\u00e9s.<\/span><\/p>\n<p><span class=\"font-377884\"><a href=\"https:\/\/swissfederalism.ch\/fr\/nuit-saint-laurent-traditions-legendes\/\"><strong>La nuit de Saint-Laurent entre traditions et l\u00e9gendes<\/strong><\/a><\/span><\/p>\n<h2><span class=\"font-377884\">March\u00e9 de No\u00ebl<\/span><\/h2>\n<p><span class=\"font-377884\">Un march\u00e9 de No\u00ebl typique se compose de nombreux stands dans les rues et sur les places d&rsquo;une localit\u00e9. On y propose des p\u00e2tisseries de No\u00ebl et des sp\u00e9cialit\u00e9s r\u00e9gionales telles que les cr\u00eapes de Berlin, le Christstollen (un g\u00e2teau de No\u00ebl allemand typique, connu depuis le 14e si\u00e8cle et originaire de la r\u00e9gion de Dresde), diverses friandises telles que des figurines en chocolat, de la barbe \u00e0 papa, des amandes grill\u00e9es, des marrons chauds et des plats chauds. Des boissons chaudes telles que le vin chaud, le Feuerzangenbowle (une boisson alcoolis\u00e9e traditionnelle allemande, souvent pr\u00e9par\u00e9e \u00e0 No\u00ebl et pour l&rsquo;arriv\u00e9e du Nouvel An) sont \u00e9galement servies pour se r\u00e9chauffer, le Gl\u00fchmost (une boisson alcoolis\u00e9e chaude \u00e0 base de mo\u00fbt) et le Punch (un cocktail alcoolis\u00e9 \u00e0 base de rhum particuli\u00e8rement aromatis\u00e9 en raison de la pr\u00e9sence de nombreuses \u00e9pices), ainsi que d&rsquo;autres boissons.<\/span><\/p>\n<figure id=\"attachment_225712\" aria-describedby=\"caption-attachment-225712\" style=\"width: 840px\" class=\"wp-caption aligncenter\"><a href=\"https:\/\/swissfederalism.ch\/fr\/weihnachtsmarkt-wien-image-by-julius-silver-from-pixabay-2\/\" rel=\"attachment wp-att-225712\"><img decoding=\"async\" class=\"size-large wp-image-225712\" src=\"https:\/\/swissfederalism.ch\/wp-content\/uploads\/2022\/12\/Weihnachtsmarkt-Wien-Image-by-Julius-Silver-from-Pixabay-1024x688.jpg\" alt=\"Alcuni visitatori del Mercatino di Natale di Vienna (Austria) sorseggiano il tipico vin brul\u00e8 - Image by Julius Silver from Pixabay\" width=\"840\" height=\"564\" srcset=\"https:\/\/swissfederalism.ch\/wp-content\/uploads\/2022\/12\/Weihnachtsmarkt-Wien-Image-by-Julius-Silver-from-Pixabay-1024x688.jpg 1024w, https:\/\/swissfederalism.ch\/wp-content\/uploads\/2022\/12\/Weihnachtsmarkt-Wien-Image-by-Julius-Silver-from-Pixabay-300x202.jpg 300w, https:\/\/swissfederalism.ch\/wp-content\/uploads\/2022\/12\/Weihnachtsmarkt-Wien-Image-by-Julius-Silver-from-Pixabay-768x516.jpg 768w, https:\/\/swissfederalism.ch\/wp-content\/uploads\/2022\/12\/Weihnachtsmarkt-Wien-Image-by-Julius-Silver-from-Pixabay-1536x1032.jpg 1536w, https:\/\/swissfederalism.ch\/wp-content\/uploads\/2022\/12\/Weihnachtsmarkt-Wien-Image-by-Julius-Silver-from-Pixabay-350x235.jpg 350w, https:\/\/swissfederalism.ch\/wp-content\/uploads\/2022\/12\/Weihnachtsmarkt-Wien-Image-by-Julius-Silver-from-Pixabay.jpg 1920w\" sizes=\"(max-width: 840px) 100vw, 840px\" \/><\/a><figcaption id=\"caption-attachment-225712\" class=\"wp-caption-text\"><span class=\"font-377884\">Des visiteurs du march\u00e9 de No\u00ebl de Vienne, en Autriche, sirotent un vin chaud typique. &#8211; Image by Julius Silver from Pixabay<\/span><\/figcaption><\/figure>\n<h2><span class=\"font-377884\">Quelques march\u00e9s de No\u00ebl c\u00e9l\u00e8bres<\/span><\/h2>\n<h3><span class=\"font-377884\" style=\"color: #ff0000;\">Rothenburg od der Tauber &#8211; Allemagne<\/span><\/h3>\n<p><span class=\"font-377884\">Rothenburg ob der Tauber est une ville bavaroise consid\u00e9r\u00e9e comme l&rsquo;une des plus belles villes m\u00e9di\u00e9vales d&rsquo;Allemagne. Depuis plus de 500 ans, presque rien n&rsquo;a chang\u00e9 \u00e0 l&rsquo;int\u00e9rieur des murs de la ville de neuf m\u00e8tres de haut &#8211; un r\u00eave pour les amateurs d&rsquo;histoire et du Moyen \u00c2ge. Le march\u00e9 de No\u00ebl appel\u00e9 \u00ab\u00a0Reiterlesmarkt\u00a0\u00bb est particuli\u00e8rement romantique et se tient depuis le 15e si\u00e8cle, pendant l&rsquo;Avent. Rothenburg abrite \u00e9galement le mus\u00e9e allemand de No\u00ebl, qui est ouvert toute l&rsquo;ann\u00e9e. Les vendredis et samedis, vous pouvez profiter de la vue depuis la tour de l&rsquo;h\u00f4tel de ville.<\/span><\/p>\n<h3><span class=\"font-377884\" style=\"color: #ff0000;\">Salzbourg-Autriche<\/span><\/h3>\n<p><span class=\"font-377884\">Plusieurs march\u00e9s de No\u00ebl sont organis\u00e9s \u00e0 Salzbourg : Le Christkindlmarkt sur la Domplatz et la Residenzplatz est mondialement connu, avec plus de 100 stands. Dans la ville natale de Mozart, la musique est \u00e0 l&rsquo;honneur pendant les f\u00eates, avec un programme de concerts tr\u00e8s complet. Dans la banlieue de Salzbourg, \u00e0 Oberndorf plus pr\u00e9cis\u00e9ment, dans la nuit du 24 d\u00e9cembre 1818, pendant la messe de No\u00ebl en l&rsquo;\u00e9glise Saint-Nicolas, a eu lieu la premi\u00e8re repr\u00e9sentation publique de la pi\u00e8ce Stille nacht, heilige nacht, (Silent Night, Holy Night en anglais) interpr\u00e9t\u00e9e par ses deux compositeurs, Mohr et Gruber.<\/span><\/p>\n<h3><span class=\"font-377884\" style=\"color: #ff0000;\">Colmar &#8211; France<\/span><\/h3>\n<p><span class=\"font-377884\">Les march\u00e9s de No\u00ebl alsaciens offrent une atmosph\u00e8re particuli\u00e8re dans le centre historique de la ville, qui est illumin\u00e9 et d\u00e9cor\u00e9 comme par magie.<\/span><\/p>\n<p><span class=\"font-377884\">Le centre-ville, essentiellement pi\u00e9tonnier, abrite de nombreux tr\u00e9sors architecturaux, notamment des monuments, des \u00e9glises, des mus\u00e9es et des ruelles construites du Moyen \u00c2ge au XIXe si\u00e8cle pour les plus puissants de la ville. Ne manquez pas la maison Pfister, le Ko\u00effhus, le mus\u00e9e Unterlinden, la Petite Venise, la Maison du Cap et la coll\u00e9giale Saint-Martin.<\/span><\/p>\n<figure id=\"attachment_225716\" aria-describedby=\"caption-attachment-225716\" style=\"width: 840px\" class=\"wp-caption aligncenter\"><a href=\"https:\/\/swissfederalism.ch\/fr\/christmas-market-image-by-walter-bichler-from-pixabay-2\/\" rel=\"attachment wp-att-225716\"><img decoding=\"async\" class=\"size-large wp-image-225716\" src=\"https:\/\/swissfederalism.ch\/wp-content\/uploads\/2022\/12\/christmas-market-Image-by-Walter-Bichler-from-Pixabay-1024x680.jpg\" alt=\"Scorcio del Mercatino di Natale di Colmar - Francia - Image by Walter Bichler from Pixabay\" width=\"840\" height=\"558\" srcset=\"https:\/\/swissfederalism.ch\/wp-content\/uploads\/2022\/12\/christmas-market-Image-by-Walter-Bichler-from-Pixabay-1024x680.jpg 1024w, https:\/\/swissfederalism.ch\/wp-content\/uploads\/2022\/12\/christmas-market-Image-by-Walter-Bichler-from-Pixabay-300x199.jpg 300w, https:\/\/swissfederalism.ch\/wp-content\/uploads\/2022\/12\/christmas-market-Image-by-Walter-Bichler-from-Pixabay-768x510.jpg 768w, https:\/\/swissfederalism.ch\/wp-content\/uploads\/2022\/12\/christmas-market-Image-by-Walter-Bichler-from-Pixabay-1536x1020.jpg 1536w, https:\/\/swissfederalism.ch\/wp-content\/uploads\/2022\/12\/christmas-market-Image-by-Walter-Bichler-from-Pixabay-350x232.jpg 350w, https:\/\/swissfederalism.ch\/wp-content\/uploads\/2022\/12\/christmas-market-Image-by-Walter-Bichler-from-Pixabay.jpg 1920w\" sizes=\"(max-width: 840px) 100vw, 840px\" \/><\/a><figcaption id=\"caption-attachment-225716\" class=\"wp-caption-text\"><span class=\"font-377884\">Aper\u00e7u du march\u00e9 de No\u00ebl \u00e0 Colmar &#8211; France &#8211; Image by Walter Bichler from Pixabay<\/span><\/figcaption><\/figure>\n<p><span class=\"font-377884\"><strong>Place des Dominicains<\/strong><\/span><\/p>\n<p><span class=\"font-377884\">L&rsquo;\u00e9l\u00e9gante \u00e9glise des Dominicains domine la place du march\u00e9 et est rendue encore plus sublime \u00e0 la nuit tomb\u00e9e par ses remarquables vitraux. Ces \u0153uvres d&rsquo;art du XIVe si\u00e8cle, savamment \u00e9clair\u00e9es, conf\u00e8rent un charme particulier \u00e0 cette place historique, devenue une \u00e9tape incontournable de toute visite de Colmar.<\/span><\/p>\n<p><span class=\"font-377884\"><strong>La place Jean d&rsquo;Arc<\/strong><\/span><\/p>\n<p><span class=\"font-377884\">Avec ses cabanes, son \u00e9glise et son troupeau de ch\u00e8vres, le march\u00e9 de No\u00ebl de Colmar, place Jeanne d&rsquo;Arc, cr\u00e9e l&rsquo;ambiance familiale d&rsquo;un village alsacien traditionnel. On y trouve des produits r\u00e9gionaux authentiques. Vous pouvez choisir parmi de nombreuses gourmandises : Sp\u00e9cialit\u00e9s alsaciennes, foie gras, charcuterie, schnaps, Winachtsbredele ou encore pain d&rsquo;\u00e9pices&#8230;.<\/span><\/p>\n<p><span class=\"font-377884\"><strong>Place de la Vieille Douane<\/strong><\/span><\/p>\n<p><span class=\"font-377884\">Cette place, au c\u0153ur de la ville, abrite la sculpture Fontaine Schwendi, cr\u00e9\u00e9e par Auguste Bartholdi. Pendant la p\u00e9riode de No\u00ebl, plus de cinquante cabanes harmonieuses et \u00e9l\u00e9gantes trouvent leur place au milieu de l&rsquo;un des plus beaux canaux de la ville.<\/span><\/p>\n<p><span class=\"font-377884\">Apr\u00e8s le coucher du soleil, vous pourrez assister \u00e0 un merveilleux spectacle : le b\u00e2timent du Ko\u00effhus s&rsquo;illumine de couleurs vives, donnant \u00e0 cette ancienne douane et \u00e0 son march\u00e9 de No\u00ebl quelque chose de magique.<\/span><\/p>\n<p><span class=\"font-377884\"><strong>March\u00e9 de No\u00ebl de Colmar dans le b\u00e2timent Ko\u00effhus.<\/strong><\/span><\/p>\n<p><span class=\"font-377884\">On peut y admirer et acheter de nombreuses cr\u00e9ations d&rsquo;artisans locaux, h\u00e9ritiers du savoir-faire de toute une r\u00e9gion. Au deuxi\u00e8me \u00e9tage se trouve le Mus\u00e9e du Jouet.<\/span><\/p>\n<p><span class=\"font-377884\"><strong>March\u00e9 de No\u00ebl de Colmar dans le quartier de la Petite Venise.<\/strong><\/span><\/p>\n<p><span class=\"font-377884\">La disposition originale des maisons \u00e0 colombages de part et d&rsquo;autre de la Lauch a donn\u00e9 son nom \u00e0 ce quartier embl\u00e9matique de Colmar, qui se transforme \u00e0 No\u00ebl en un v\u00e9ritable paradis pour les enfants qui peuvent apercevoir des lapins ou des moutons cach\u00e9s derri\u00e8re une des cabanes en bois, ou observer les cr\u00e8ches m\u00e9caniques, faire un tour sur les man\u00e8ges ou laisser une lettre dans la bo\u00eete aux lettres g\u00e9ante du P\u00e8re No\u00ebl, que l&rsquo;on rencontre entre autres dans ces avenues.<\/span><\/p>\n<p><span class=\"font-377884\"><strong><a href=\"https:\/\/swissfederalism.ch\/fr\/fete-du-15-aout-avec-differentes-traditions\/\">F\u00eate du 15 ao\u00fbt avec diff\u00e9rentes traditions<\/a><\/strong><\/span><\/p>\n<h3><span class=\"font-377884\" style=\"color: #ff0000;\">Zurich &#8211; Suisse<\/span><\/h3>\n<p><span class=\"font-377884\">Les march\u00e9s de la ville de Zurich, appel\u00e9e Wienachtsdorf, et de la r\u00e9gion autour du lac de Zurich sont particuli\u00e8rement vari\u00e9s et accueillants : un large \u00e9ventail d&rsquo;id\u00e9es de cadeaux enchante les visiteurs sur les \u00e9tals joliment d\u00e9cor\u00e9s, mais bien s\u00fbr le punch pour les petits et le vin chaud pour les plus grands, ainsi que les plats chauds comme la raclette et la fondue, sont \u00e0 ne pas manquer lors d&rsquo;une promenade sur les march\u00e9s de No\u00ebl.<\/span><\/p>\n<figure id=\"attachment_225720\" aria-describedby=\"caption-attachment-225720\" style=\"width: 840px\" class=\"wp-caption aligncenter\"><a href=\"https:\/\/swissfederalism.ch\/fr\/zurich-hb-2\/\" rel=\"attachment wp-att-225720\"><img decoding=\"async\" class=\"size-large wp-image-225720\" src=\"https:\/\/swissfederalism.ch\/wp-content\/uploads\/2022\/12\/Zurich-Hb-1024x768.jpg\" alt=\"Scorcio del Mercatino di Natale alla Stazione Centrale di Zurigo - Svizzera - Image by Chris Sche-Bo\" width=\"840\" height=\"630\" srcset=\"https:\/\/swissfederalism.ch\/wp-content\/uploads\/2022\/12\/Zurich-Hb-1024x768.jpg 1024w, https:\/\/swissfederalism.ch\/wp-content\/uploads\/2022\/12\/Zurich-Hb-300x225.jpg 300w, https:\/\/swissfederalism.ch\/wp-content\/uploads\/2022\/12\/Zurich-Hb-768x576.jpg 768w, https:\/\/swissfederalism.ch\/wp-content\/uploads\/2022\/12\/Zurich-Hb-1536x1152.jpg 1536w, https:\/\/swissfederalism.ch\/wp-content\/uploads\/2022\/12\/Zurich-Hb-2048x1536.jpg 2048w, https:\/\/swissfederalism.ch\/wp-content\/uploads\/2022\/12\/Zurich-Hb-350x263.jpg 350w, https:\/\/swissfederalism.ch\/wp-content\/uploads\/2022\/12\/Zurich-Hb-scaled.jpg 2560w\" sizes=\"(max-width: 840px) 100vw, 840px\" \/><\/a><figcaption id=\"caption-attachment-225720\" class=\"wp-caption-text\"><span class=\"font-377884\">Aper\u00e7u du march\u00e9 de No\u00ebl \u00e0 la gare centrale de Zurich &#8211; Suisse &#8211; Image by Chris Sche-Bo<\/span><\/figcaption><\/figure>\n<p><span class=\"font-377884\"><strong>Christkindlimarkt gare centrale<\/strong><\/span><\/p>\n<p><span class=\"font-377884\">Dans la gare centrale de Zurich se tient l&rsquo;un des plus grands march\u00e9s de No\u00ebl couverts d&rsquo;Europe : C&rsquo;est l\u00e0 qu&rsquo;est install\u00e9 le sapin de No\u00ebl de 15 m\u00e8tres de haut d\u00e9cor\u00e9 de pierres Swarovski, dont l&rsquo;\u00e9clairage a \u00e9t\u00e9 r\u00e9duit cette ann\u00e9e pour aider \u00e0 \u00e9conomiser de l&rsquo;\u00e9nergie mais, pour le rendre plus lumineux, les visiteurs peuvent p\u00e9daler sur les v\u00e9los \u00e9lectriques install\u00e9s autour.<\/span><\/p>\n<p><span class=\"font-377884\"><strong>March\u00e9 de No\u00ebl de D\u00f6rfli dans le Niederdorf<\/strong><\/span><\/p>\n<p><span class=\"font-377884\">Ce march\u00e9 de No\u00ebl, le plus ancien de Zurich, se tient au centre du Niederdorf, comme on appelle une partie de la vieille ville, et pr\u00e9sente de nombreux stands r\u00e9partis le long de la Niederdorfstrasse, sur la Hirschenplatz et jusqu&rsquo;au Grossm\u00fcnster.<\/span><\/p>\n<p><span class=\"font-377884\"><strong>March\u00e9 de No\u00ebl de Wienachtsdorf<\/strong><\/span><\/p>\n<p><span class=\"font-377884\">La Sechsel\u00e4utenplatz, \u00e0 quelques pas du lac de Zurich, abrite l&rsquo;un des plus grands march\u00e9s de No\u00ebl de la ville, avec une centaine d&rsquo;\u00e9tals formant un village de No\u00ebl devant la toile de fond spectaculaire de l&rsquo;op\u00e9ra.<\/span><\/p>\n<p><span class=\"font-377884\"><strong>March\u00e9 de No\u00ebl de M\u00fcnsterhof<\/strong><\/span><\/p>\n<p><span class=\"font-377884\">Sous la devise \u00ab\u00a0De Zurich \u00e0 Zurich\u00a0\u00bb, les visiteurs trouveront des produits locaux et de qualit\u00e9 dans les boutiques adjacentes. Le march\u00e9 accueille \u00e9galement une tente culturelle proposant des concerts d&rsquo;ambiance, des lectures et des ateliers pour enfants et adultes.<\/span><\/p>\n<p><span class=\"font-377884\"><strong>Le sapin de No\u00ebl chantant et le \u00ab\u00a0Wiehnachtsm\u00e4rt\u00a0\u00bb.<\/strong><\/span><\/p>\n<p><span class=\"font-377884\">En se promenant le long de la Bahnhofstrasse, on rencontre le march\u00e9 de No\u00ebl de la Werdm\u00fchleplatz, une oasis confortable qui est depuis longtemps entr\u00e9e dans le c\u0153ur des Zurichois, probablement en raison de l'\u00a0\u00bbArbre de No\u00ebl chantant\u00a0\u00bb, c&rsquo;est-\u00e0-dire une sc\u00e8ne en forme d&rsquo;arbre de No\u00ebl, haute comme une maison, o\u00f9 les diff\u00e9rentes chorales de la r\u00e9gion proposent leur r\u00e9pertoire de No\u00ebl.<\/span><\/p>\n<h3><span class=\"font-377884\" style=\"color: #ff0000;\">Nuremberg &#8211; Allemagne<\/span><\/h3>\n<p><span class=\"font-377884\">Le Christkindlesmarkt de Nuremberg est consid\u00e9r\u00e9 comme l&rsquo;un des march\u00e9s de No\u00ebl les plus c\u00e9l\u00e8bres au monde. La parade lumineuse des enfants, qui a lieu depuis 1948, est un \u00e9v\u00e9nement incontournable.<\/span><\/p>\n<figure id=\"attachment_225724\" aria-describedby=\"caption-attachment-225724\" style=\"width: 840px\" class=\"wp-caption aligncenter\"><a href=\"https:\/\/swissfederalism.ch\/fr\/advent-g95dea4121_1920-2\/\" rel=\"attachment wp-att-225724\"><img decoding=\"async\" class=\"size-large wp-image-225724\" src=\"https:\/\/swissfederalism.ch\/wp-content\/uploads\/2022\/12\/advent-g95dea4121_1920-1024x683.jpg\" alt=\"Scorcio della pista di pattinaggio al mercatino di Natale di Colonia - Germania - Image by Stefan Bernsmann from Pixabay\" width=\"840\" height=\"560\" srcset=\"https:\/\/swissfederalism.ch\/wp-content\/uploads\/2022\/12\/advent-g95dea4121_1920-1024x683.jpg 1024w, https:\/\/swissfederalism.ch\/wp-content\/uploads\/2022\/12\/advent-g95dea4121_1920-300x200.jpg 300w, https:\/\/swissfederalism.ch\/wp-content\/uploads\/2022\/12\/advent-g95dea4121_1920-768x512.jpg 768w, https:\/\/swissfederalism.ch\/wp-content\/uploads\/2022\/12\/advent-g95dea4121_1920-1536x1024.jpg 1536w, https:\/\/swissfederalism.ch\/wp-content\/uploads\/2022\/12\/advent-g95dea4121_1920-350x233.jpg 350w, https:\/\/swissfederalism.ch\/wp-content\/uploads\/2022\/12\/advent-g95dea4121_1920.jpg 1920w\" sizes=\"(max-width: 840px) 100vw, 840px\" \/><\/a><figcaption id=\"caption-attachment-225724\" class=\"wp-caption-text\"><span class=\"font-377884\">Aper\u00e7u de la patinoire du march\u00e9 de No\u00ebl de Cologne &#8211; Allemagne &#8211; Image by Stefan Bernsmann from Pixabay<\/span><\/figcaption><\/figure>\n<h3><span class=\"font-377884\" style=\"color: #ff0000;\">Dresde &#8211; Allemagne<\/span><\/h3>\n<p><span class=\"font-377884\">Le Striezelmarkt de Dresde, enti\u00e8rement consacr\u00e9 aux stollen de No\u00ebl, est un must pour les gourmands. Le deuxi\u00e8me dimanche de l&rsquo;Avent, le festival du stollen a lieu ici, o\u00f9 un stollen g\u00e9ant est cuit et coup\u00e9 lors d&rsquo;une c\u00e9r\u00e9monie festive.<\/span><\/p>\n<h3><span class=\"font-377884\" style=\"color: #ff0000;\">Einsiedeln &#8211; Suisse<\/span><\/h3>\n<p><span class=\"font-377884\">Ce march\u00e9, situ\u00e9 devant l&rsquo;abbaye d&rsquo;Einsiedeln, a un charme particulier avec ses \u00e9tals d\u00e9cor\u00e9s, ses lumi\u00e8res de No\u00ebl et son grand arbre de No\u00ebl sur la place du monast\u00e8re.<\/span><\/p>\n<p>&nbsp;<\/p>\n<figure id=\"attachment_225737\" aria-describedby=\"caption-attachment-225737\" style=\"width: 681px\" class=\"wp-caption aligncenter\"><a href=\"https:\/\/swissfederalism.ch\/fr\/feuerzangenbowle-2\/\" rel=\"attachment wp-att-225737\"><img decoding=\"async\" class=\"size-large wp-image-225737\" src=\"https:\/\/swissfederalism.ch\/wp-content\/uploads\/2022\/12\/Feuerzangenbowle-681x1024.jpg\" alt=\"Feuerzangebowle - Kore Nordmann (Kore), CC BY-SA 4.0, via Wikimedia Commons\" width=\"681\" height=\"1024\" srcset=\"https:\/\/swissfederalism.ch\/wp-content\/uploads\/2022\/12\/Feuerzangenbowle-681x1024.jpg 681w, https:\/\/swissfederalism.ch\/wp-content\/uploads\/2022\/12\/Feuerzangenbowle-199x300.jpg 199w, https:\/\/swissfederalism.ch\/wp-content\/uploads\/2022\/12\/Feuerzangenbowle-768x1155.jpg 768w, https:\/\/swissfederalism.ch\/wp-content\/uploads\/2022\/12\/Feuerzangenbowle-1021x1536.jpg 1021w, https:\/\/swissfederalism.ch\/wp-content\/uploads\/2022\/12\/Feuerzangenbowle-350x526.jpg 350w, https:\/\/swissfederalism.ch\/wp-content\/uploads\/2022\/12\/Feuerzangenbowle.jpg 1024w\" sizes=\"(max-width: 681px) 100vw, 681px\" \/><\/a><figcaption id=\"caption-attachment-225737\" class=\"wp-caption-text\"><span class=\"font-377884\">Feuerzangebowle &#8211; <a href=\"https:\/\/commons.wikimedia.org\/wiki\/File:Feuerzangenbowle_044-3.jpg\">Kore Nordmann (Kore)<\/a>, <a href=\"https:\/\/creativecommons.org\/licenses\/by-sa\/4.0\">CC BY-SA 4.0<\/a>, via Wikimedia Commons<\/span><\/figcaption><\/figure>\n<h3><span class=\"font-377884\" style=\"color: #ff0000;\">Munich &#8211; Allemagne<\/span><\/h3>\n<p><span class=\"font-377884\">C&rsquo;est dans cette ville que se tiennent les march\u00e9s de No\u00ebl consid\u00e9r\u00e9s comme les plus caract\u00e9ristiques d&rsquo;Allemagne. Il y en a plusieurs mais les plus c\u00e9l\u00e8bres sont :<\/span><\/p>\n<p><span class=\"font-377884\"><strong>M\u00fcnchner Christkindlmarkt am Marienplatz<\/strong><\/span><\/p>\n<p><span class=\"font-377884\">Ce march\u00e9 traditionnel, dont les racines remontent au 14e si\u00e8cle, est consid\u00e9r\u00e9 comme l&rsquo;original parmi les march\u00e9s de No\u00ebl de Munich, situ\u00e9 devant l&rsquo;h\u00f4tel de ville n\u00e9ogothique de la Marienplatz. On y trouve tout ce qui est n\u00e9cessaire \u00e0 la r\u00e9alisation d&rsquo;une v\u00e9ritable cr\u00e8che et il est consid\u00e9r\u00e9 comme le plus grand march\u00e9 de cr\u00e8ches d&rsquo;Allemagne.<\/span><\/p>\n<p><span class=\"font-377884\"><strong>Tollwood &#8211; le festival d&rsquo;hiver<\/strong><\/span><\/p>\n<p><span class=\"font-377884\">Le festival d&rsquo;hiver Tollwood baigne la Theresienwiese de Ludwigsvorstadt dans une lumi\u00e8re d&rsquo;ambiance. Typique de ce march\u00e9 de No\u00ebl alternatif est le m\u00e9lange de d\u00e9licieux aliments biologiques et de nombreux objets d&rsquo;art et d&rsquo;artisanat originaux au \u00ab\u00a0March\u00e9 des id\u00e9es\u00a0\u00bb. La plupart des \u00e9v\u00e9nements, qui vont du th\u00e9\u00e2tre \u00e0 la musique en passant par des activit\u00e9s environnementales et un programme vari\u00e9 pour les enfants, sont gratuits. L&rsquo;ensemble du festival se termine par la traditionnelle f\u00eate de la Saint-Sylvestre.<\/span><\/p>\n<p><span class=\"font-377884\"><strong>Weihnachtsdorf im Kaiserhof der Residenz<\/strong><\/span><\/p>\n<p><span class=\"font-377884\">La cabane situ\u00e9e au centre du village avec une petite chapelle \u00e0 l&rsquo;int\u00e9rieur de laquelle se trouve une cr\u00e8che grandeur nature est l&rsquo;attraction la plus c\u00e9l\u00e8bre de ce march\u00e9 o\u00f9, chaque ann\u00e9e, des programmes de musique live sont organis\u00e9s quotidiennement.<\/span><\/p>\n<p><span class=\"font-377884\">Pour les enfants, il y a une for\u00eat de contes de f\u00e9es priv\u00e9e, un th\u00e9\u00e2tre de marionnettes et une visite du P\u00e8re No\u00ebl lui-m\u00eame qui arrive sur un tra\u00eeneau avec un attelage de rennes.<\/span><\/p>\n<p>&nbsp;<\/p>\n<figure id=\"attachment_225728\" aria-describedby=\"caption-attachment-225728\" style=\"width: 840px\" class=\"wp-caption aligncenter\"><a href=\"https:\/\/swissfederalism.ch\/fr\/christstollen-image-by-%e2%9d%a4-monika-%f0%9f%92%9a-%f0%9f%92%9a-schroder-%e2%9d%a4-from-pixabay-2\/\" rel=\"attachment wp-att-225728\"><img decoding=\"async\" class=\"size-large wp-image-225728\" src=\"https:\/\/swissfederalism.ch\/wp-content\/uploads\/2022\/12\/christstollen-Image-by-\u2764-Monika-\ud83d\udc9a-\ud83d\udc9a-Schroder-\u2764-from-Pixabay-1024x618.jpg\" alt=\"Una immagine del Christstollen, o pi\u00f9 semplicemente Stollen, tipico dolce natalizio tedesco - Image by \u2764 Monika \ud83d\udc9a \ud83d\udc9a Schr\u00f6der \u2764 from Pixabay\" width=\"840\" height=\"507\" srcset=\"https:\/\/swissfederalism.ch\/wp-content\/uploads\/2022\/12\/christstollen-Image-by-\u2764-Monika-\ud83d\udc9a-\ud83d\udc9a-Schroder-\u2764-from-Pixabay-1024x618.jpg 1024w, https:\/\/swissfederalism.ch\/wp-content\/uploads\/2022\/12\/christstollen-Image-by-\u2764-Monika-\ud83d\udc9a-\ud83d\udc9a-Schroder-\u2764-from-Pixabay-300x181.jpg 300w, https:\/\/swissfederalism.ch\/wp-content\/uploads\/2022\/12\/christstollen-Image-by-\u2764-Monika-\ud83d\udc9a-\ud83d\udc9a-Schroder-\u2764-from-Pixabay-768x464.jpg 768w, https:\/\/swissfederalism.ch\/wp-content\/uploads\/2022\/12\/christstollen-Image-by-\u2764-Monika-\ud83d\udc9a-\ud83d\udc9a-Schroder-\u2764-from-Pixabay-1536x927.jpg 1536w, https:\/\/swissfederalism.ch\/wp-content\/uploads\/2022\/12\/christstollen-Image-by-\u2764-Monika-\ud83d\udc9a-\ud83d\udc9a-Schroder-\u2764-from-Pixabay-350x211.jpg 350w, https:\/\/swissfederalism.ch\/wp-content\/uploads\/2022\/12\/christstollen-Image-by-\u2764-Monika-\ud83d\udc9a-\ud83d\udc9a-Schroder-\u2764-from-Pixabay.jpg 1920w\" sizes=\"(max-width: 840px) 100vw, 840px\" \/><\/a><figcaption id=\"caption-attachment-225728\" class=\"wp-caption-text\"><span class=\"font-377884\">Une image de Christstollen, ou plus simplement Stollen, un g\u00e2teau de No\u00ebl allemand typique. &#8211; Image by \u2764 Monika \ud83d\udc9a \ud83d\udc9a Schr\u00f6der \u2764 from Pixabay<\/span><\/figcaption><\/figure>\n<h3><span class=\"font-377884\" style=\"color: #ff0000;\">Vienne &#8211; Autriche<\/span><\/h3>\n<p><span class=\"font-377884\">\u00c0 partir de la mi-novembre, les places de Vienne se transforment en march\u00e9s de No\u00ebl magiques : sur la Rathausplatz, une arche de bougies d&rsquo;un m\u00e8tre de haut accueille les visiteurs qui peuvent y trouver des cadeaux de No\u00ebl, des d\u00e9corations de sapins de No\u00ebl, des objets d&rsquo;art et d&rsquo;artisanat, des d\u00e9lices culinaires, des sucreries et des boissons chaudes. Au Christkindlmarkt&rsquo;s Ice Dream, les patineurs sur glace peuvent se relayer dans le Rathauspark \u00e9clair\u00e9 de fa\u00e7on romantique. Une attraction sp\u00e9ciale pour les amoureux est le Herzerlbaum (arbre du c\u0153ur). Pour les enfants, il y a un man\u00e8ge \u00e0 \u00e9tages de 12 m\u00e8tres de haut et un monde de No\u00ebl dans le parc avec un train de rennes, un sentier de cr\u00e8ches, une cabane pour enfants et une patinoire.<\/span><\/p>\n<h3><span class=\"font-377884\" style=\"color: #ff0000;\">Prague &#8211; R\u00e9publique tch\u00e8que<\/span><\/h3>\n<p><span class=\"font-377884\">Le march\u00e9 de No\u00ebl traditionnel de Prague se trouve entre l&rsquo;ancien h\u00f4tel de ville et l&rsquo;\u00e9glise Tyn \u00e0 deux tours. La cr\u00e8che grandeur nature, le zoo, le carrousel pour enfants et une grande sc\u00e8ne sur laquelle on peut voir un programme musical et folklorique color\u00e9 qui change tous les jours pendant la p\u00e9riode de l&rsquo;Avent sont particuli\u00e8rement populaires.<\/span><\/p>\n<h3><span class=\"font-377884\" style=\"color: #ff0000;\">Bolzano &#8211; Italie<\/span><\/h3>\n<p><span class=\"font-377884\">Cr\u00e9\u00e9 en 1991, il est consid\u00e9r\u00e9 comme le premier march\u00e9 de No\u00ebl en Italie, qui a \u00e9t\u00e9 suivi par d&rsquo;autres dans la r\u00e9gion du S\u00fcdtirol, \u00e0 Merano, Bressanone, Vipiteno et Brunico. Le march\u00e9 compte plus de 80 exposants qui proposent des objets artisanaux typiques du Tyrol du Sud : cr\u00e8ches sculpt\u00e9es \u00e0 la main, d\u00e9corations de sapin en verre, bois et c\u00e9ramique, bougies et de nombreuses id\u00e9es de cadeaux sous la banni\u00e8re de la plus authentique tradition artisanale du Tyrol du Sud, ainsi que des sp\u00e9cialit\u00e9s gastronomiques et vinicoles et de d\u00e9licieuses friandises de No\u00ebl typiques comme les c\u00e9l\u00e8bres \u00ab\u00a0Zelten\u00a0\u00bb de Bolzano.<\/span><\/p>\n<figure id=\"attachment_225742\" aria-describedby=\"caption-attachment-225742\" style=\"width: 840px\" class=\"wp-caption aligncenter\"><a href=\"https:\/\/swissfederalism.ch\/fr\/christmas-image-by-dominic-wunderlich-from-pixabay-2\/\" rel=\"attachment wp-att-225742\"><img decoding=\"async\" class=\"size-large wp-image-225742\" src=\"https:\/\/swissfederalism.ch\/wp-content\/uploads\/2022\/12\/christmas-Image-by-Dominic-Wunderlich-from-Pixabay-1024x683.jpg\" alt=\"Una bancarella tipica dei mercatini di Natale - Image by Dominic Wunderlich from Pixabay\" width=\"840\" height=\"560\" srcset=\"https:\/\/swissfederalism.ch\/wp-content\/uploads\/2022\/12\/christmas-Image-by-Dominic-Wunderlich-from-Pixabay-1024x683.jpg 1024w, https:\/\/swissfederalism.ch\/wp-content\/uploads\/2022\/12\/christmas-Image-by-Dominic-Wunderlich-from-Pixabay-300x200.jpg 300w, https:\/\/swissfederalism.ch\/wp-content\/uploads\/2022\/12\/christmas-Image-by-Dominic-Wunderlich-from-Pixabay-768x512.jpg 768w, https:\/\/swissfederalism.ch\/wp-content\/uploads\/2022\/12\/christmas-Image-by-Dominic-Wunderlich-from-Pixabay-1536x1024.jpg 1536w, https:\/\/swissfederalism.ch\/wp-content\/uploads\/2022\/12\/christmas-Image-by-Dominic-Wunderlich-from-Pixabay-350x233.jpg 350w, https:\/\/swissfederalism.ch\/wp-content\/uploads\/2022\/12\/christmas-Image-by-Dominic-Wunderlich-from-Pixabay.jpg 1920w\" sizes=\"(max-width: 840px) 100vw, 840px\" \/><\/a><figcaption id=\"caption-attachment-225742\" class=\"wp-caption-text\"><span class=\"font-377884\">Un \u00e9talage typique du march\u00e9 de No\u00ebl &#8211; Image by Dominic Wunderlich from Pixabay<\/span><\/figcaption><\/figure>\n<p>&nbsp;<\/p>\n","protected":false},"excerpt":{"rendered":"<p>La p\u00e9riode pr\u00e9c\u00e9dant No\u00ebl est venue avec les c\u00e9l\u00e8bres march\u00e9s de No\u00ebl, qui sont n\u00e9s dans les pays germanophones, mais que l&rsquo;on trouve aujourd&rsquo;hui un peu partout.<\/p>\n","protected":false},"author":9,"featured_media":225734,"comment_status":"open","ping_status":"closed","sticky":false,"template":"","format":"standard","meta":{"footnotes":""},"categories":[312,277,318,308,303,209,294],"tags":[958,541,406,2234,1882,401,888,1478,421],"class_list":["post-225802","post","type-post","status-publish","format-standard","has-post-thumbnail","hentry","category-culture-fr","category-europe-fr","category-evenements","category-faits-marquants","category-histoire","category-les-magazines","category-suisse","tag-allemagne","tag-culture-fr","tag-europe-fr","tag-evenement","tag-festivites","tag-histoire-de-leurope","tag-suisse","tag-traditions","tag-zurich-fr"],"_links":{"self":[{"href":"https:\/\/swissfederalism.ch\/fr\/wp-json\/wp\/v2\/posts\/225802","targetHints":{"allow":["GET"]}}],"collection":[{"href":"https:\/\/swissfederalism.ch\/fr\/wp-json\/wp\/v2\/posts"}],"about":[{"href":"https:\/\/swissfederalism.ch\/fr\/wp-json\/wp\/v2\/types\/post"}],"author":[{"embeddable":true,"href":"https:\/\/swissfederalism.ch\/fr\/wp-json\/wp\/v2\/users\/9"}],"replies":[{"embeddable":true,"href":"https:\/\/swissfederalism.ch\/fr\/wp-json\/wp\/v2\/comments?post=225802"}],"version-history":[{"count":2,"href":"https:\/\/swissfederalism.ch\/fr\/wp-json\/wp\/v2\/posts\/225802\/revisions"}],"predecessor-version":[{"id":225804,"href":"https:\/\/swissfederalism.ch\/fr\/wp-json\/wp\/v2\/posts\/225802\/revisions\/225804"}],"wp:featuredmedia":[{"embeddable":true,"href":"https:\/\/swissfederalism.ch\/fr\/wp-json\/wp\/v2\/media\/225734"}],"wp:attachment":[{"href":"https:\/\/swissfederalism.ch\/fr\/wp-json\/wp\/v2\/media?parent=225802"}],"wp:term":[{"taxonomy":"category","embeddable":true,"href":"https:\/\/swissfederalism.ch\/fr\/wp-json\/wp\/v2\/categories?post=225802"},{"taxonomy":"post_tag","embeddable":true,"href":"https:\/\/swissfederalism.ch\/fr\/wp-json\/wp\/v2\/tags?post=225802"}],"curies":[{"name":"wp","href":"https:\/\/api.w.org\/{rel}","templated":true}]}}