{"id":225612,"date":"2022-11-25T19:34:01","date_gmt":"2022-11-25T19:34:01","guid":{"rendered":"https:\/\/swissfederalism.ch\/motorway-vignette-2023\/"},"modified":"2022-11-25T19:56:57","modified_gmt":"2022-11-25T19:56:57","slug":"vignette-autoroutiere-2023","status":"publish","type":"post","link":"https:\/\/swissfederalism.ch\/fr\/vignette-autoroutiere-2023\/","title":{"rendered":"La vignette autorouti\u00e8re suisse 2023 est jaune"},"content":{"rendered":"<h1><span class=\"font-377884\">La vignette autorouti\u00e8re suisse 2023 est jaune<\/span><\/h1>\n<h3><span class=\"font-377884\"><em>A partir du 1er d\u00e9cembre 2022, la nouvelle vignette autorouti\u00e8re \u00e0 fond jaune comportant l&rsquo;ann\u00e9e sur la face rouge de la vignette et blanche sur l&rsquo;autre face sera disponible, \u00e9galement au prix de 40 francs.<\/em><\/span><\/h3>\n<figure id=\"attachment_225598\" aria-describedby=\"caption-attachment-225598\" style=\"width: 840px\" class=\"wp-caption aligncenter\"><a href=\"https:\/\/swissfederalism.ch\/vignetta-2023\/attachment\/74079\/\" rel=\"attachment wp-att-225598\"><img decoding=\"async\" class=\"size-large wp-image-225598\" src=\"https:\/\/swissfederalism.ch\/wp-content\/uploads\/2022\/11\/74079-1024x722.jpg\" alt=\"Vignetta autostradale svizzera 2023\" width=\"840\" height=\"592\" srcset=\"https:\/\/swissfederalism.ch\/wp-content\/uploads\/2022\/11\/74079-1024x722.jpg 1024w, https:\/\/swissfederalism.ch\/wp-content\/uploads\/2022\/11\/74079-300x211.jpg 300w, https:\/\/swissfederalism.ch\/wp-content\/uploads\/2022\/11\/74079-768x541.jpg 768w, https:\/\/swissfederalism.ch\/wp-content\/uploads\/2022\/11\/74079-1536x1083.jpg 1536w, https:\/\/swissfederalism.ch\/wp-content\/uploads\/2022\/11\/74079-2048x1444.jpg 2048w, https:\/\/swissfederalism.ch\/wp-content\/uploads\/2022\/11\/74079-350x247.jpg 350w, https:\/\/swissfederalism.ch\/wp-content\/uploads\/2022\/11\/74079-scaled.jpg 2560w\" sizes=\"(max-width: 840px) 100vw, 840px\" \/><\/a><figcaption id=\"caption-attachment-225598\" class=\"wp-caption-text\"><\/span> <span class=\"font-377884\">Vignette d&rsquo;autoroute suisse 2023<\/span><\/figcaption><\/figure>\n<p><span class=\"font-377884\">La vignette, qui est valable du 1er d\u00e9cembre 2022 au 31 janvier 2024, peut \u00eatre achet\u00e9e comme d&rsquo;habitude dans les stations-service, les garages ainsi qu&rsquo;aux guichets de la poste, des douanes et de la circulation routi\u00e8re. Les conducteurs doivent d\u00e9tacher les marquages p\u00e9rim\u00e9s du pare-brise pour \u00e9viter qu&rsquo;ils ne g\u00eanent la visibilit\u00e9.<\/span><\/p>\n<h2><span class=\"font-377884\">Un peu d&rsquo;histoire<\/span><\/h2>\n<p><span class=\"font-377884\">Depuis 1985, il existe une taxe sur l&rsquo;utilisation des autoroutes ou semi-autoroutes suisses pour les voitures, les motos, les remorques, les caravanes, les fourgons ou les camping-cars (jusqu&rsquo;\u00e0 3,5 tonnes), dont la perception prend la forme d&rsquo;une vignette autorouti\u00e8re, qui co\u00fbte 40 francs par an. Celle-ci est valable du 1er d\u00e9cembre de l&rsquo;ann\u00e9e pr\u00e9c\u00e9dente au 31 janvier de l&rsquo;ann\u00e9e suivante.<\/span><\/p>\n<p><span class=\"font-377884\"><a href=\"https:\/\/swissfederalism.ch\/fr\/vehicules-electriques-transition-energetique-equitable\/\"><strong>Les v\u00e9hicules \u00e9lectriques peuvent-ils assurer une transition \u00e9nerg\u00e9tique \u00e9quitable ?<\/strong><\/a><\/span><\/p>\n<h2><span class=\"font-377884\">A coller sur le pare-brise<\/span><\/h2>\n<p><span class=\"font-377884\">La vignette n&rsquo;est valable que si elle est coll\u00e9e directement, et sans utiliser d&rsquo;autres mat\u00e9riaux, sur le v\u00e9hicule \u00e0 l&rsquo;endroit prescrit : dans le cas des v\u00e9hicules \u00e0 moteur, elle doit \u00eatre fix\u00e9e \u00e0 l&rsquo;int\u00e9rieur du pare-brise, tandis que dans le cas des remorques et des motocyclettes, elle doit \u00eatre fix\u00e9e sur une partie facilement accessible et non interchangeable. Il est interdit de l&rsquo;enlever puis de la remettre en place sur le m\u00eame v\u00e9hicule ou sur un autre.\u00a0<\/span><\/p>\n<h2><span class=\"font-377884\">Introduction de la vignette \u00e9lectronique au cours de l&rsquo;ann\u00e9e 2023<\/span><\/h2>\n<p><span class=\"font-377884\">La vignette \u00e9lectronique est introduite au cours de l&rsquo;ann\u00e9e 2023, certainement seulement apr\u00e8s le 31 janvier prochain. Le Conseil f\u00e9d\u00e9ral d\u00e9cidera de la date vraisemblablement au cours du premier trimestre de 2023. L&rsquo;introduction de la marque \u00e9lectronique en cours d&rsquo;ann\u00e9e pr\u00e9sente l&rsquo;avantage de permettre une optimisation progressive des syst\u00e8mes, de sorte que le Service f\u00e9d\u00e9ral des douanes et de la s\u00e9curit\u00e9 des fronti\u00e8res (SDF) puisse int\u00e9grer les enseignements tir\u00e9s directement dans la vente de la marque 2024.<\/span><\/p>\n<p><span class=\"font-377884\">La vignette \u00e9lectronique, qui peut \u00eatre achet\u00e9e sur un portail web de l&rsquo;UDSC, ne remplacera pas la vignette adh\u00e9sive actuelle, mais les deux variantes seront exploit\u00e9es en parall\u00e8le.<\/span><\/p>\n<h2><span class=\"font-377884\">Amende en l&rsquo;absence d&rsquo;une vignette valable<\/span><\/h2>\n<p><span class=\"font-377884\">Quiconque, d\u00e9lib\u00e9r\u00e9ment ou par n\u00e9gligence, utilise une route nationale avec un v\u00e9hicule \u00e0 p\u00e9age sans vignette valable, ou l&rsquo;utilise en violation des r\u00e8gles en vigueur, sera puni d&rsquo;une amende de 200 CHF \u00e0 laquelle il faudra ajouter 40 CHF pour l&rsquo;achat de la vignette elle-m\u00eame.<\/span><\/p>\n<p><span class=\"font-377884\">Source: admin<\/span><\/p>\n","protected":false},"excerpt":{"rendered":"<p>A partir du 1er d\u00e9cembre 2022, la nouvelle vignette autorouti\u00e8re \u00e0 fond jaune comportant l&rsquo;ann\u00e9e sur la face rouge de la vignette et blanche sur l&rsquo;autre face sera disponible, \u00e9galement au prix de 40 francs.<\/p>\n","protected":false},"author":9,"featured_media":225600,"comment_status":"open","ping_status":"closed","sticky":false,"template":"","format":"standard","meta":{"footnotes":""},"categories":[308,209,294],"tags":[808,1012,888],"class_list":["post-225612","post","type-post","status-publish","format-standard","has-post-thumbnail","hentry","category-faits-marquants","category-les-magazines","category-suisse","tag-automobile-fr","tag-impot","tag-suisse"],"_links":{"self":[{"href":"https:\/\/swissfederalism.ch\/fr\/wp-json\/wp\/v2\/posts\/225612","targetHints":{"allow":["GET"]}}],"collection":[{"href":"https:\/\/swissfederalism.ch\/fr\/wp-json\/wp\/v2\/posts"}],"about":[{"href":"https:\/\/swissfederalism.ch\/fr\/wp-json\/wp\/v2\/types\/post"}],"author":[{"embeddable":true,"href":"https:\/\/swissfederalism.ch\/fr\/wp-json\/wp\/v2\/users\/9"}],"replies":[{"embeddable":true,"href":"https:\/\/swissfederalism.ch\/fr\/wp-json\/wp\/v2\/comments?post=225612"}],"version-history":[{"count":2,"href":"https:\/\/swissfederalism.ch\/fr\/wp-json\/wp\/v2\/posts\/225612\/revisions"}],"predecessor-version":[{"id":225614,"href":"https:\/\/swissfederalism.ch\/fr\/wp-json\/wp\/v2\/posts\/225612\/revisions\/225614"}],"wp:featuredmedia":[{"embeddable":true,"href":"https:\/\/swissfederalism.ch\/fr\/wp-json\/wp\/v2\/media\/225600"}],"wp:attachment":[{"href":"https:\/\/swissfederalism.ch\/fr\/wp-json\/wp\/v2\/media?parent=225612"}],"wp:term":[{"taxonomy":"category","embeddable":true,"href":"https:\/\/swissfederalism.ch\/fr\/wp-json\/wp\/v2\/categories?post=225612"},{"taxonomy":"post_tag","embeddable":true,"href":"https:\/\/swissfederalism.ch\/fr\/wp-json\/wp\/v2\/tags?post=225612"}],"curies":[{"name":"wp","href":"https:\/\/api.w.org\/{rel}","templated":true}]}}