{"id":225225,"date":"2022-11-06T08:46:53","date_gmt":"2022-11-06T08:46:53","guid":{"rendered":"https:\/\/swissfederalism.ch\/new-swiss-passport-available\/"},"modified":"2022-11-06T08:55:44","modified_gmt":"2022-11-06T08:55:44","slug":"nouveau-passeport-suisse-disponible","status":"publish","type":"post","link":"https:\/\/swissfederalism.ch\/fr\/nouveau-passeport-suisse-disponible\/","title":{"rendered":"Le nouveau passeport suisse est disponible"},"content":{"rendered":"<div class=\"contentHead\">\n<h1><span class=\"font-377884\">Le nouveau passeport suisse est disponible<\/span><\/h1>\n<\/div>\n<div class=\"mod mod-nsbnewsdetails\">\n<h3><span class=\"font-377884\"><em>Le nouveau passeport suisse peut \u00eatre command\u00e9 aupr\u00e8s des bureaux cantonaux des passeports ou des repr\u00e9sentations suisses \u00e0 l&rsquo;\u00e9tranger.La nouvelle s\u00e9rie de passeports r\u00e9pond aux derni\u00e8res normes en mati\u00e8re de documents d&rsquo;identit\u00e9 et combine des \u00e9l\u00e9ments graphiques originaux qui rappellent le paysage suisse.<\/em><\/span><\/h3>\n<figure id=\"attachment_225172\" aria-describedby=\"caption-attachment-225172\" style=\"width: 840px\" class=\"wp-caption aligncenter\"><a href=\"https:\/\/swissfederalism.ch\/fr\/schweizerpass-1-extra-2\/\" rel=\"attachment wp-att-225172\"><img decoding=\"async\" class=\"wp-image-225172 size-large\" src=\"https:\/\/swissfederalism.ch\/wp-content\/uploads\/2022\/11\/schweizerpass-1-extra-1024x683.png\" alt=\"schweizerpass - passaporto svizzero (Photo by fedpol)\" width=\"840\" height=\"560\" srcset=\"https:\/\/swissfederalism.ch\/wp-content\/uploads\/2022\/11\/schweizerpass-1-extra-1024x683.png 1024w, https:\/\/swissfederalism.ch\/wp-content\/uploads\/2022\/11\/schweizerpass-1-extra-300x200.png 300w, https:\/\/swissfederalism.ch\/wp-content\/uploads\/2022\/11\/schweizerpass-1-extra-768x512.png 768w, https:\/\/swissfederalism.ch\/wp-content\/uploads\/2022\/11\/schweizerpass-1-extra-1536x1024.png 1536w, https:\/\/swissfederalism.ch\/wp-content\/uploads\/2022\/11\/schweizerpass-1-extra.png 1920w\" sizes=\"(max-width: 840px) 100vw, 840px\" \/><\/a><figcaption id=\"caption-attachment-225172\" class=\"wp-caption-text\"><span class=\"font-377884\">Schweizerpass &#8211; passaporto svizzero (Photo by fedpol)<\/span><\/figcaption><\/figure>\n<p><span class=\"font-377884\">La nouvelle s\u00e9rie de passeports combine s\u00e9curit\u00e9, fonctionnalit\u00e9 et esth\u00e9tique et a \u00e9t\u00e9 cr\u00e9\u00e9e en utilisant les derni\u00e8res technologies en mati\u00e8re d&rsquo;\u00e9l\u00e9ments de s\u00e9curit\u00e9 pour les documents d&rsquo;identit\u00e9. Ce sont les \u00e9l\u00e9ments de s\u00e9curit\u00e9, certains visibles \u00e0 l&rsquo;\u0153il nu, d&rsquo;autres seulement sous la lumi\u00e8re UV, qui font du passeport suisse un document unique et s\u00fbr.<\/span><\/p>\n<p><span class=\"font-377884\">Une vid\u00e9o a \u00e9t\u00e9 produite pour illustrer ses principales caract\u00e9ristiques :<\/span><\/p>\n<p><iframe title=\"Neuer Schweizer Pass | Nouveau passeport suisse | Nuovo passaporto svizzero | New Swiss passport\" width=\"840\" height=\"473\" src=\"https:\/\/www.youtube.com\/embed\/GeHnmA8NVmI?feature=oembed&#038;width=840&#038;height=1000&#038;discover=1\" frameborder=\"0\" allow=\"accelerometer; autoplay; clipboard-write; encrypted-media; gyroscope; picture-in-picture\" allowfullscreen><\/iframe><\/p>\n<p><span class=\"font-377884\">Le design du nouveau passeport refl\u00e8te les particularit\u00e9s de la Suisse : un pays profond\u00e9ment li\u00e9 \u00e0 ses origines et en m\u00eame temps ouvert sur le monde. Le fil conducteur du nouveau passeport est l&rsquo;eau, un \u00e9l\u00e9ment qui fa\u00e7onne et moule le paysage suisse dans les 26 cantons, des sommets alpins aux vall\u00e9es. Au centre du nouveau graphisme se trouve le massif du Saint-Gothard avec le Pizzo Rotondo. C&rsquo;est en effet ici que naissent les principaux cours d&rsquo;eau suisses qui traversent les fronti\u00e8res territoriales. Le massif r\u00e9unit \u00e9galement les th\u00e8mes principaux du design que sont la montagne et l&rsquo;eau.<\/span><\/p>\n<p><span class=\"font-377884\"><a href=\"https:\/\/swissfederalism.ch\/fr\/suspension-temporaire-visa-ressortissants-vanuatu\/\"><strong>Suspension temporaire de l\u2019exemption de visa pour les ressortissants du Vanuatu<\/strong><\/a><\/span><\/p>\n<\/div>\n<div class=\"mod mod-nsbnewsdetails\">\n<p><span class=\"font-377884\">Comme dans la version pr\u00e9c\u00e9dente du document d&rsquo;identit\u00e9, les donn\u00e9es biom\u00e9triques sont enregistr\u00e9es sur la puce \u00e9lectronique int\u00e9gr\u00e9e dans la couverture du passeport. Les donn\u00e9es ne peuvent \u00eatre lues qu&rsquo;\u00e0 l&rsquo;aide d&rsquo;un appareil garantissant une transmission crypt\u00e9e des donn\u00e9es. Les empreintes digitales sont sp\u00e9cialement prot\u00e9g\u00e9es, la Suisse n&rsquo;autorisant l&rsquo;acc\u00e8s qu&rsquo;aux pays dont la protection des donn\u00e9es est \u00e9quivalente \u00e0 la sienne.<\/span><\/p>\n<p><span class=\"font-377884\">La nouvelle s\u00e9rie de passeports comprend le passeport ordinaire, le passeport diplomatique, le passeport de service, le passeport de voyage (\u00ab\u00a0passeport de r\u00e9fugi\u00e9\u00a0\u00bb) et le passeport pour \u00e9trangers vivant en Suisse.<\/span><\/p>\n<p><span class=\"font-377884\">Tous les documents d&rsquo;identit\u00e9 \u00e9mis \u00e0 ce jour conservent leur validit\u00e9 jusqu&rsquo;\u00e0 la date d&rsquo;expiration qui y est indiqu\u00e9e. Il sera toujours possible de commander l&rsquo;offre combin\u00e9e comprenant le passeport et la carte d&rsquo;identit\u00e9. La nouvelle carte d&rsquo;identit\u00e9 sera introduite au cours du premier semestre 2023.<\/span><\/p>\n<p><strong>\u00a0<\/strong><\/p>\n<\/div>\n<p>&nbsp;<\/p>\n<div class=\"mod mod-nsbnewsdetails\">\n<p>&nbsp;<\/p>\n<\/div>\n<p>&nbsp;<\/p>\n","protected":false},"excerpt":{"rendered":"<p>Le nouveau passeport suisse peut \u00eatre command\u00e9 aupr\u00e8s des bureaux cantonaux des passeports ou des repr\u00e9sentations suisses \u00e0 l&rsquo;\u00e9tranger.La nouvelle s\u00e9rie de passeports r\u00e9pond aux derni\u00e8res normes en mati\u00e8re de documents d&rsquo;identit\u00e9 et combine des \u00e9l\u00e9ments graphiques originaux qui rappellent le paysage suisse.<\/p>\n","protected":false},"author":9,"featured_media":225174,"comment_status":"open","ping_status":"closed","sticky":false,"template":"","format":"standard","meta":{"footnotes":""},"categories":[308,209,294],"tags":[1023,2040,888],"class_list":["post-225225","post","type-post","status-publish","format-standard","has-post-thumbnail","hentry","category-faits-marquants","category-les-magazines","category-suisse","tag-digital","tag-passeport","tag-suisse"],"_links":{"self":[{"href":"https:\/\/swissfederalism.ch\/fr\/wp-json\/wp\/v2\/posts\/225225","targetHints":{"allow":["GET"]}}],"collection":[{"href":"https:\/\/swissfederalism.ch\/fr\/wp-json\/wp\/v2\/posts"}],"about":[{"href":"https:\/\/swissfederalism.ch\/fr\/wp-json\/wp\/v2\/types\/post"}],"author":[{"embeddable":true,"href":"https:\/\/swissfederalism.ch\/fr\/wp-json\/wp\/v2\/users\/9"}],"replies":[{"embeddable":true,"href":"https:\/\/swissfederalism.ch\/fr\/wp-json\/wp\/v2\/comments?post=225225"}],"version-history":[{"count":2,"href":"https:\/\/swissfederalism.ch\/fr\/wp-json\/wp\/v2\/posts\/225225\/revisions"}],"predecessor-version":[{"id":225227,"href":"https:\/\/swissfederalism.ch\/fr\/wp-json\/wp\/v2\/posts\/225225\/revisions\/225227"}],"wp:featuredmedia":[{"embeddable":true,"href":"https:\/\/swissfederalism.ch\/fr\/wp-json\/wp\/v2\/media\/225174"}],"wp:attachment":[{"href":"https:\/\/swissfederalism.ch\/fr\/wp-json\/wp\/v2\/media?parent=225225"}],"wp:term":[{"taxonomy":"category","embeddable":true,"href":"https:\/\/swissfederalism.ch\/fr\/wp-json\/wp\/v2\/categories?post=225225"},{"taxonomy":"post_tag","embeddable":true,"href":"https:\/\/swissfederalism.ch\/fr\/wp-json\/wp\/v2\/tags?post=225225"}],"curies":[{"name":"wp","href":"https:\/\/api.w.org\/{rel}","templated":true}]}}