{"id":224753,"date":"2022-10-12T16:00:17","date_gmt":"2022-10-12T16:00:17","guid":{"rendered":"https:\/\/swissfederalism.ch\/530-years-ago-the-discovery-of-america\/"},"modified":"2022-10-12T16:48:48","modified_gmt":"2022-10-12T16:48:48","slug":"530-ans-apres-la-decouverte-de-lamerique","status":"publish","type":"post","link":"https:\/\/swissfederalism.ch\/fr\/530-ans-apres-la-decouverte-de-lamerique\/","title":{"rendered":"530 ans apr\u00e8s la d\u00e9couverte de l&rsquo;Am\u00e9rique"},"content":{"rendered":"<h1><span class=\"font-377884\">530 ans apr\u00e8s la d\u00e9couverte de l&rsquo;Am\u00e9rique<\/span><\/h1>\n<h3><span class=\"font-377884\"><em>Le 12 octobre 1492, Christophe Colomb d\u00e9barquait sur le continent am\u00e9ricain, marquant la fin du Moyen \u00c2ge et le d\u00e9but de l&rsquo;\u00e8re moderne.<\/em><\/span><\/h3>\n<figure id=\"attachment_224718\" aria-describedby=\"caption-attachment-224718\" style=\"width: 840px\" class=\"wp-caption aligncenter\"><a href=\"https:\/\/swissfederalism.ch\/fr\/viajes_de_colon_en-phirosiberiaderivative-work-phirosiberia-cc-by-sa-3-0-via-wikimedia-commons-2\/\" rel=\"attachment wp-att-224718\"><img decoding=\"async\" class=\"Mappa dei viaggi di Cristoforo Colombo in America Photo by Viajes_de_colon.svg: Phirosiberia derivative work: Phirosiberia, CC BY-SA 3.0, via Wikimedia Commons wp-image-224718 size-large\" title=\"Mappa dei viaggi di Cristoforo Colombo in America Photo by Viajes_de_colon.svg: Phirosiberia derivative work: Phirosiberia, CC BY-SA 3.0, via Wikimedia Commons\" src=\"https:\/\/swissfederalism.ch\/wp-content\/uploads\/2022\/10\/Viajes_de_colon_en-Phirosiberiaderivative-work-Phirosiberia-CC-BY-SA-3.0-via-Wikimedia-Commons-1024x686.png\" alt=\"Viajes_de_colon.svg: Phirosiberia derivative work: Phirosiberia, CC BY-SA 3.0, via Wikimedia Commons\" width=\"840\" height=\"563\" srcset=\"https:\/\/swissfederalism.ch\/wp-content\/uploads\/2022\/10\/Viajes_de_colon_en-Phirosiberiaderivative-work-Phirosiberia-CC-BY-SA-3.0-via-Wikimedia-Commons-1024x686.png 1024w, https:\/\/swissfederalism.ch\/wp-content\/uploads\/2022\/10\/Viajes_de_colon_en-Phirosiberiaderivative-work-Phirosiberia-CC-BY-SA-3.0-via-Wikimedia-Commons-300x201.png 300w, https:\/\/swissfederalism.ch\/wp-content\/uploads\/2022\/10\/Viajes_de_colon_en-Phirosiberiaderivative-work-Phirosiberia-CC-BY-SA-3.0-via-Wikimedia-Commons-768x514.png 768w, https:\/\/swissfederalism.ch\/wp-content\/uploads\/2022\/10\/Viajes_de_colon_en-Phirosiberiaderivative-work-Phirosiberia-CC-BY-SA-3.0-via-Wikimedia-Commons-1536x1029.png 1536w, https:\/\/swissfederalism.ch\/wp-content\/uploads\/2022\/10\/Viajes_de_colon_en-Phirosiberiaderivative-work-Phirosiberia-CC-BY-SA-3.0-via-Wikimedia-Commons.png 1920w\" sizes=\"(max-width: 840px) 100vw, 840px\" \/><\/a><figcaption id=\"caption-attachment-224718\" class=\"wp-caption-text\"><span class=\"font-377884\">Map of Christopher Columbus&rsquo; voyages to America Photo by <a href=\"https:\/\/commons.wikimedia.org\/wiki\/File:Viajes_de_colon_en.svg\">Viajes_de_colon.svg: Phirosiberia derivative work: Phirosiberia<\/a>, <a href=\"https:\/\/creativecommons.org\/licenses\/by-sa\/3.0\">CC BY-SA 3.0<\/a>, via Wikimedia Commons<\/span><\/figcaption><\/figure>\n<p><span class=\"font-377884\">La d\u00e9couverte de l&rsquo;Am\u00e9rique est \u00a0\u00bb <em>fortuite<\/em> \u00a0\u00bb dans la mesure o\u00f9 <strong>Christophe Colomb<\/strong> \u00e9tait parti pour les <strong>Indes<\/strong> dans le but de les atteindre en faisant le tour de l&rsquo;Afrique et de prouver que la terre \u00e9tait bien ronde : \u00e0 son arriv\u00e9e en Am\u00e9rique, il croyait en fait \u00eatre arriv\u00e9 sur une \u00eele de l&rsquo;archipel japonais.<\/span><\/p>\n<p><span class=\"font-377884\">Le 3 ao\u00fbt 1492, Colomb part de Palos (Espagne) avec les trois c\u00e9l\u00e8bres caravelles <strong>Ni\u00f1a, Pinta<\/strong> et <strong>Santa Maria<\/strong> et un \u00e9quipage espagnol, et accoste \u00e0 Guanahani, qu&rsquo;il baptise San Salvador, dont il prend possession au nom des souverains d&rsquo;Espagne.<\/span><\/p>\n<p><span class=\"font-377884\">C&rsquo;est le <strong>12 octobre 1492<\/strong>, jour officiel de la d\u00e9couverte des Am\u00e9riques, qui marque \u00e9galement la <strong>fin du Moyen \u00c2ge et le d\u00e9but de l&rsquo;\u00e8re moderne.<\/strong><\/span><\/p>\n<p><span class=\"font-377884\">Au d\u00e9part, l&rsquo;Espagne et le Portugal se sont consacr\u00e9s \u00e0 la <strong>colonisation des terres am\u00e9ricaines<\/strong> sans comprendre qu&rsquo;ils se trouvaient sur un \u00ab\u00a0nouveau\u00a0\u00bb continent. \u00c0 cette \u00e9poque, les explorations sont men\u00e9es par de nombreux \u00ab\u00a0<em>Conquistadores<\/em>\u00ab\u00a0, et ce n&rsquo;est qu&rsquo;au d\u00e9but du XVIe si\u00e8cle qu&rsquo;<strong>Amerigo Vespucci,<\/strong> originaire de Florence, se rend compte que les terres d\u00e9couvertes par Christophe Colomb ne font pas partie du continent eurasien.<\/span><\/p>\n<p><span class=\"font-377884\">Avec la d\u00e9couverte de ce nouveau continent, de nouveaux produits tels que le <strong>ma\u00efs, la pomme de terre, le cacao, la tomate et le tabac<\/strong> sont arriv\u00e9s en Europe.<\/span><\/p>\n<p>&nbsp;<\/p>\n<figure id=\"attachment_224722\" aria-describedby=\"caption-attachment-224722\" style=\"width: 512px\" class=\"wp-caption aligncenter\"><a href=\"https:\/\/swissfederalism.ch\/fr\/ridolfo_del_ghirlandaio_-_ritratto_di_cristoforo_colombo-ridolfo-del-ghirlandaio-public-domain-via-wikimedia-commons-2\/\" rel=\"attachment wp-att-224722\"><img decoding=\"async\" class=\"size-full wp-image-224722\" src=\"https:\/\/swissfederalism.ch\/wp-content\/uploads\/2022\/10\/Ridolfo_del_Ghirlandaio_-_Ritratto_di_Cristoforo_Colombo-Ridolfo-del-Ghirlandaio-Public-domain-via-Wikimedia-Commons.jpg\" alt=\"Ritratto di Cristoforo Colombo Photo by Ridolfo del Ghirlandaio , Public domain, via Wikimedia Commons\" width=\"512\" height=\"603\" srcset=\"https:\/\/swissfederalism.ch\/wp-content\/uploads\/2022\/10\/Ridolfo_del_Ghirlandaio_-_Ritratto_di_Cristoforo_Colombo-Ridolfo-del-Ghirlandaio-Public-domain-via-Wikimedia-Commons.jpg 512w, https:\/\/swissfederalism.ch\/wp-content\/uploads\/2022\/10\/Ridolfo_del_Ghirlandaio_-_Ritratto_di_Cristoforo_Colombo-Ridolfo-del-Ghirlandaio-Public-domain-via-Wikimedia-Commons-255x300.jpg 255w\" sizes=\"(max-width: 512px) 100vw, 512px\" \/><\/a><figcaption id=\"caption-attachment-224722\" class=\"wp-caption-text\"><span class=\"font-377884\">Portrait of Christopher Columbus Photo by <a href=\"https:\/\/commons.wikimedia.org\/wiki\/File:Ridolfo_del_Ghirlandaio_-_Ritratto_di_Cristoforo_Colombo_(1520)FXD.jpg\">Ridolfo del Ghirlandaio <\/a>, Public domain, via Wikimedia Commons<\/span><\/figcaption><\/figure>\n<h2><span class=\"font-377884\">Courte biographie de Christophe Colomb<\/span><\/h2>\n<p><span class=\"font-377884\">Christophe Colomb, connu dans les pays hispanophones sous le nom de <em>Crist\u00f3bal Col\u00f3n<\/em>, dans les pays lusophones sous le nom de <em>Crist\u00f3v\u00e3o Colombo,<\/em> dans les pays italophones sous le nom de <em>Cristoforo Colombo,<\/em> est n\u00e9 \u00e0 <strong>G\u00eanes<\/strong>, dans l&rsquo;ancienne R\u00e9publique de G\u00eanes (aujourd&rsquo;hui Italie), en 1451 et est mort \u00e0 <strong>Valladolid<\/strong>, en Espagne, le 20 mai 1506. Depuis 1899, sa d\u00e9pouille repose dans la <strong>cath\u00e9drale de S\u00e9ville.<\/strong><\/span><\/p>\n<p><span class=\"font-377884\">Il est l&rsquo;un des personnages les plus importants de l&rsquo;histoire qui a conduit \u00e0 la d\u00e9couverte de nouvelles zones g\u00e9ographiques alors inconnues, principalement le <strong>continent am\u00e9ricain.<\/strong><\/span><\/p>\n<p><span class=\"font-377884\">On sait peu de choses sur les d\u00e9buts de la vie de Christophe Colomb, fils de Domenico Colombo et de Susanna Fontanarossa, deux marchands g\u00e9nois : il <strong>commence \u00e0 naviguer tr\u00e8s jeune,<\/strong> visitant de nombreux pays comme Chios, une \u00eele de la mer \u00c9g\u00e9e alors sous domination g\u00e9noise, Bristol, en Angleterre, Galway, en Irlande, o\u00f9 il aurait visit\u00e9 la coll\u00e9giale Saint-Nicolas, et l&rsquo;Islande.<\/span><\/p>\n<p><span class=\"font-377884\">\u00c0 l&rsquo;automne 1477, il s&#8217;embarque sur un navire portugais de Galway, en Irlande, pour se rendre \u00e0 <strong>Lisbonne<\/strong>, o\u00f9 il retrouve son fr\u00e8re Bartholom\u00e9, cartographe, et y reste plusieurs ann\u00e9es, approfondissant sa lecture et son dessin de cartes et \u00e9tudiant les travaux de nombreux g\u00e9ographes, se convainquant de la nouvelle th\u00e9orie qui circule, \u00e0 savoir que la Terre est ronde et non plate. Pendant cette p\u00e9riode, il commence \u00e0 cultiver l&rsquo;id\u00e9e d&rsquo;atteindre les Indes en naviguant vers l&rsquo;ouest.<\/span><\/p>\n<p><span class=\"font-377884\">Pour confirmer sa th\u00e9orie, il s&rsquo;adresse \u00e0 plusieurs cours europ\u00e9ennes pour financer son voyage, et ce n&rsquo;est qu&rsquo;en 1492 que les <strong>souverains d&rsquo;Espagne,<\/strong> Ferdinand et Isabelle, acceptent sa proposition.<\/span><\/p>\n<p><span class=\"font-377884\"><strong><a href=\"https:\/\/swissfederalism.ch\/fr\/fin-de-lere-delizabeth-ii-du-royaume-uni\/\">Fin de l&rsquo;\u00e8re d&rsquo;Elizabeth II du Royaume-Uni<\/a><\/strong><\/span><\/p>\n<p><span class=\"font-377884\"><strong><a href=\"https:\/\/swissfederalism.ch\/fr\/mikhail-gorbatchev-et-une-partie-de-lhistoire-sen-va\/\">Mikhail Gorbatchev et une partie de l&rsquo;histoire s&rsquo;en va<\/a><\/strong><\/span><\/p>\n<p>&nbsp;<\/p>\n<figure id=\"attachment_224726\" aria-describedby=\"caption-attachment-224726\" style=\"width: 840px\" class=\"wp-caption aligncenter\"><a href=\"https:\/\/swissfederalism.ch\/fr\/statua-dedicata-a-cristoforo-colombo-a-madeira-foto-di-andrew-da-pixabay-2\/\" rel=\"attachment wp-att-224726\"><img decoding=\"async\" class=\"size-large wp-image-224726\" src=\"https:\/\/swissfederalism.ch\/wp-content\/uploads\/2022\/10\/Statua-dedicata-a-Cristoforo-Colombo-a-Madeira-Foto-di-Andrew-da-Pixabay-1024x683.jpg\" alt=\"Statua dedicata a Cristoforo Colombo a Madeira Photo by Andrew on Pixabay\" width=\"840\" height=\"560\" srcset=\"https:\/\/swissfederalism.ch\/wp-content\/uploads\/2022\/10\/Statua-dedicata-a-Cristoforo-Colombo-a-Madeira-Foto-di-Andrew-da-Pixabay-1024x683.jpg 1024w, https:\/\/swissfederalism.ch\/wp-content\/uploads\/2022\/10\/Statua-dedicata-a-Cristoforo-Colombo-a-Madeira-Foto-di-Andrew-da-Pixabay-300x200.jpg 300w, https:\/\/swissfederalism.ch\/wp-content\/uploads\/2022\/10\/Statua-dedicata-a-Cristoforo-Colombo-a-Madeira-Foto-di-Andrew-da-Pixabay-768x512.jpg 768w, https:\/\/swissfederalism.ch\/wp-content\/uploads\/2022\/10\/Statua-dedicata-a-Cristoforo-Colombo-a-Madeira-Foto-di-Andrew-da-Pixabay-1536x1024.jpg 1536w, https:\/\/swissfederalism.ch\/wp-content\/uploads\/2022\/10\/Statua-dedicata-a-Cristoforo-Colombo-a-Madeira-Foto-di-Andrew-da-Pixabay.jpg 1920w\" sizes=\"(max-width: 840px) 100vw, 840px\" \/><\/a><figcaption id=\"caption-attachment-224726\" class=\"wp-caption-text\"><span class=\"font-377884\">Statue dedicated to Christopher Columbus in Madeira Photo by Andrew on Pixabay<\/span><\/figcaption><\/figure>\n<h2><span class=\"font-377884\">C\u00e9l\u00e9brations d&rsquo;anniversaires<\/span><\/h2>\n<p><span class=\"font-377884\">Le \u00ab\u00a0Columbus Day\u00a0\u00bb est l&rsquo;un des plus importants jours f\u00e9ri\u00e9s am\u00e9ricains et aussi l&rsquo;un des plus largement c\u00e9l\u00e9br\u00e9s dans le monde.<\/span><\/p>\n<p><span class=\"font-377884\">Aux <strong>\u00c9tats-Unis,<\/strong> le<strong> Columbus Day<\/strong> est c\u00e9l\u00e9br\u00e9 pour comm\u00e9morer l&rsquo;arriv\u00e9e de Christophe Colomb dans le Nouveau Monde le 12 octobre 1492. C&rsquo;est le <em>pr\u00e9sident Franklin Delano Roosevelt<\/em> qui a fait du Columbus Day une f\u00eate nationale dans tous les \u00c9tats-Unis d&rsquo;Am\u00e9rique.<\/span><\/p>\n<p><span class=\"font-377884\">En <strong>Am\u00e9rique latine<\/strong>, le 12 octobre est comm\u00e9mor\u00e9 comme le Christophe Colomb, mais avec quelques nuances diff\u00e9rentes : en <em>Argentine<\/em>, au <em>Chili<\/em> ou au <em>Mexique<\/em>, il s&rsquo;agit du <strong>D\u00eda de la Raza,<\/strong> qui comm\u00e9more la premi\u00e8re rencontre entre les Europ\u00e9ens et les Am\u00e9rindiens, tandis qu&rsquo;au <em>Venezuela<\/em> et au <em>Nicaragua<\/em>, on c\u00e9l\u00e8bre le <strong>D\u00eda de la Resistencia Ind\u00edgena,<\/strong> destin\u00e9 \u00e0 valoriser les traditions et la culture des habitants indig\u00e8nes et \u00e0 comm\u00e9morer la r\u00e9sistance des indig\u00e8nes face aux conquistadors.<\/span><\/p>\n<p><span class=\"font-377884\">Le 12 octobre en <strong>Espagne<\/strong>, on c\u00e9l\u00e8bre le<strong> D\u00eda de la Hispanidad<\/strong> : le point culminant de la f\u00eate est c\u00e9l\u00e9br\u00e9 \u00e0 Madrid \u00e0 11 heures sur la Plaza de Cuzco en pr\u00e9sence de la royaut\u00e9 espagnole o\u00f9 l&rsquo;on peut assister au c\u00e9l\u00e8bre d\u00e9fil\u00e9 militaire et \u00e0 un spectacle a\u00e9rien d&rsquo;une \u00e9norme fascination. Cette f\u00eate est celle de la fiert\u00e9 nationale et symbolise l&rsquo;expansion culturelle et linguistique du pays en dehors du continent europ\u00e9en.<\/span><\/p>\n<p><span class=\"font-377884\">En <strong>Italie<\/strong>, le 12 octobre est la <strong>Journ\u00e9e nationale de Christophe Colomb<\/strong>, un anniversaire instaur\u00e9 seulement depuis 2004 pour c\u00e9l\u00e9brer l&rsquo;exploit historique de la d\u00e9couverte de l&rsquo;Am\u00e9rique. Ce jour-l\u00e0, nous c\u00e9l\u00e9brons \u00e9galement le \u00ab\u00a0Chocoday\u00a0\u00bb, ou la f\u00eate du chocolat, car le cacao, originaire d&rsquo;Am\u00e9rique, n&rsquo;est arriv\u00e9 en Europe qu&rsquo;apr\u00e8s cette d\u00e9couverte.<\/span><\/p>\n<p>&nbsp;<\/p>\n<figure id=\"attachment_224737\" aria-describedby=\"caption-attachment-224737\" style=\"width: 478px\" class=\"wp-caption aligncenter\"><a href=\"https:\/\/swissfederalism.ch\/fr\/amerigo-vespucci-2\/\" rel=\"attachment wp-att-224737\"><img decoding=\"async\" class=\"size-large wp-image-224737\" src=\"https:\/\/swissfederalism.ch\/wp-content\/uploads\/2022\/10\/amerigo-vespucci-478x1024.jpg\" alt=\"Statua di Amerigo Vespucci a Firenze Photo by WikimediaImages on Pixabay\" width=\"478\" height=\"1024\" srcset=\"https:\/\/swissfederalism.ch\/wp-content\/uploads\/2022\/10\/amerigo-vespucci-478x1024.jpg 478w, https:\/\/swissfederalism.ch\/wp-content\/uploads\/2022\/10\/amerigo-vespucci-140x300.jpg 140w, https:\/\/swissfederalism.ch\/wp-content\/uploads\/2022\/10\/amerigo-vespucci-768x1644.jpg 768w, https:\/\/swissfederalism.ch\/wp-content\/uploads\/2022\/10\/amerigo-vespucci-718x1536.jpg 718w, https:\/\/swissfederalism.ch\/wp-content\/uploads\/2022\/10\/amerigo-vespucci.jpg 897w\" sizes=\"(max-width: 478px) 100vw, 478px\" \/><\/a><figcaption id=\"caption-attachment-224737\" class=\"wp-caption-text\"><span class=\"font-377884\">Statue of Amerigo Vespucci in Florence Photo by WikimediaImages on Pixabay<\/span><\/figcaption><\/figure>\n<h2><span class=\"font-377884\">Le terme Am\u00e9rique<\/span><\/h2>\n<p><span class=\"font-377884\">L&rsquo;Am\u00e9rique doit son nom \u00e0 l&rsquo;explorateur <strong>Amerigo Vespucci,<\/strong> n\u00e9 \u00e0 Florence dans la R\u00e9publique florentine de l&rsquo;\u00e9poque (aujourd&rsquo;hui Italie) le 9 mars 1454 et mort \u00e0 S\u00e9ville, en Espagne, le 22 f\u00e9vrier 1512, qui fut le premier \u00e0 se rendre compte qu&rsquo;il n&rsquo;\u00e9tait pas arriv\u00e9 en Extr\u00eame-Orient, mais qu&rsquo;il avait touch\u00e9 un territoire enti\u00e8rement nouveau qu&rsquo;il appela le \u00ab\u00a0Nouveau Monde\u00a0\u00bb.<\/span><\/p>\n<p><span class=\"font-377884\">La circulation de lettres dans lesquelles Vespucci en donne une description d\u00e9taill\u00e9e a conduit le cartographe allemand <strong>Martin Waldseem\u00fcller<\/strong> \u00e0 nommer le continent \u00ab\u00a0Am\u00e9rique\u00a0\u00bb.<\/span><\/p>\n<p>&nbsp;<\/p>\n","protected":false},"excerpt":{"rendered":"<p>Le 12 octobre 1492, Christophe Colomb d\u00e9barquait sur le continent am\u00e9ricain, marquant la fin du Moyen \u00c2ge et le d\u00e9but de l&rsquo;\u00e8re moderne.<\/p>\n","protected":false},"author":9,"featured_media":224720,"comment_status":"open","ping_status":"closed","sticky":false,"template":"","format":"standard","meta":{"footnotes":""},"categories":[2274,312,277,308,989,303,209],"tags":[653,2281,2223,2280,1788],"class_list":["post-224753","post","type-post","status-publish","format-standard","has-post-thumbnail","hentry","category-amerique","category-culture-fr","category-europe-fr","category-faits-marquants","category-geopolitique","category-histoire","category-les-magazines","tag-amerique","tag-epoque","tag-espagne","tag-evenements-historiques","tag-histoire"],"_links":{"self":[{"href":"https:\/\/swissfederalism.ch\/fr\/wp-json\/wp\/v2\/posts\/224753","targetHints":{"allow":["GET"]}}],"collection":[{"href":"https:\/\/swissfederalism.ch\/fr\/wp-json\/wp\/v2\/posts"}],"about":[{"href":"https:\/\/swissfederalism.ch\/fr\/wp-json\/wp\/v2\/types\/post"}],"author":[{"embeddable":true,"href":"https:\/\/swissfederalism.ch\/fr\/wp-json\/wp\/v2\/users\/9"}],"replies":[{"embeddable":true,"href":"https:\/\/swissfederalism.ch\/fr\/wp-json\/wp\/v2\/comments?post=224753"}],"version-history":[{"count":2,"href":"https:\/\/swissfederalism.ch\/fr\/wp-json\/wp\/v2\/posts\/224753\/revisions"}],"predecessor-version":[{"id":224757,"href":"https:\/\/swissfederalism.ch\/fr\/wp-json\/wp\/v2\/posts\/224753\/revisions\/224757"}],"wp:featuredmedia":[{"embeddable":true,"href":"https:\/\/swissfederalism.ch\/fr\/wp-json\/wp\/v2\/media\/224720"}],"wp:attachment":[{"href":"https:\/\/swissfederalism.ch\/fr\/wp-json\/wp\/v2\/media?parent=224753"}],"wp:term":[{"taxonomy":"category","embeddable":true,"href":"https:\/\/swissfederalism.ch\/fr\/wp-json\/wp\/v2\/categories?post=224753"},{"taxonomy":"post_tag","embeddable":true,"href":"https:\/\/swissfederalism.ch\/fr\/wp-json\/wp\/v2\/tags?post=224753"}],"curies":[{"name":"wp","href":"https:\/\/api.w.org\/{rel}","templated":true}]}}