{"id":224526,"date":"2022-09-26T19:39:30","date_gmt":"2022-09-26T19:39:30","guid":{"rendered":"https:\/\/swissfederalism.ch\/end-era-elizabeth-ii-united-kingdom\/"},"modified":"2022-10-03T11:24:39","modified_gmt":"2022-10-03T11:24:39","slug":"fin-de-lere-delizabeth-ii-du-royaume-uni","status":"publish","type":"post","link":"https:\/\/swissfederalism.ch\/fr\/fin-de-lere-delizabeth-ii-du-royaume-uni\/","title":{"rendered":"Fin de l&rsquo;\u00e8re d&rsquo;Elizabeth II du Royaume-Uni"},"content":{"rendered":"<h1><span class=\"font-377884\">Fin de l&rsquo;\u00e8re d&rsquo;Elizabeth II du Royaume-Uni<\/span><\/h1>\n<h3><span class=\"font-377884\"><em>Peu apr\u00e8s <a href=\"https:\/\/swissfederalism.ch\/fr\/mikhail-gorbatchev-et-une-partie-de-lhistoire-sen-va\/\">Mikha\u00efl Gorbatchev,<\/a> le dernier pr\u00e9sident de l&rsquo;ancienne Union sovi\u00e9tique, la reine Elizabeth II du Royaume-Uni nous a \u00e9galement quitt\u00e9s \u00e0 l&rsquo;\u00e2ge de 96 ans et apr\u00e8s 70 ans de r\u00e8gne.<\/em><\/span><\/h3>\n<figure id=\"attachment_224345\" aria-describedby=\"caption-attachment-224345\" style=\"width: 740px\" class=\"wp-caption aligncenter\"><a href=\"https:\/\/swissfederalism.ch\/fr\/queen-ge91b3aea6_1920-2\/\" rel=\"attachment wp-att-224345\"><img decoding=\"async\" class=\"size-large wp-image-224346\" src=\"https:\/\/swissfederalism.ch\/wp-content\/uploads\/2022\/09\/queen-ge91b3aea6_1920-740x1024.jpg\" alt=\"Queen Elisabeth II Photo by WikiImages on Pixabay\" width=\"740\" height=\"1024\" srcset=\"https:\/\/swissfederalism.ch\/wp-content\/uploads\/2022\/09\/queen-ge91b3aea6_1920-740x1024.jpg 740w, https:\/\/swissfederalism.ch\/wp-content\/uploads\/2022\/09\/queen-ge91b3aea6_1920-217x300.jpg 217w, https:\/\/swissfederalism.ch\/wp-content\/uploads\/2022\/09\/queen-ge91b3aea6_1920-768x1063.jpg 768w, https:\/\/swissfederalism.ch\/wp-content\/uploads\/2022\/09\/queen-ge91b3aea6_1920-1110x1536.jpg 1110w, https:\/\/swissfederalism.ch\/wp-content\/uploads\/2022\/09\/queen-ge91b3aea6_1920.jpg 1387w\" sizes=\"(max-width: 740px) 100vw, 740px\" \/><\/a><figcaption id=\"caption-attachment-224345\" class=\"wp-caption-text\"><span class=\"font-377884\">Queen Elisabeth II Photo by WikiImages on Pixabay<\/span><\/figcaption><\/figure>\n<p><span class=\"font-377884\">La <strong>reine Elizabeth II<\/strong> a \u00e9t\u00e9 reine du Royaume-Uni pendant 70 ans et est d\u00e9c\u00e9d\u00e9e \u00e0 l&rsquo;\u00e2ge de 96 ans le 8 septembre 2022 dans sa r\u00e9sidence de campagne \u00e9cossaise, le ch\u00e2teau de Balmoral. Seuls deux rois ont r\u00e9gn\u00e9 plus longtemps : <strong>Louis XIV de France<\/strong> (plus de 72 ans entre 1643 et 1715) et <strong>Bhumibol Adulyadej de Tha\u00eflande<\/strong> (70 ans et quatre mois, jusqu&rsquo;\u00e0 sa mort en octobre 2016).<\/span><\/p>\n<p><span class=\"font-377884\">Elle monte sur le tr\u00f4ne britannique le 6 f\u00e9vrier 1952 \u00e0 l&rsquo;\u00e2ge de 25 ans, apr\u00e8s la mort soudaine de son p\u00e8re, et devient chef d&rsquo;\u00c9tat de la Grande-Bretagne et de l&rsquo;Irlande du Nord et de plus d&rsquo;une douzaine d&rsquo;autres \u00c9tats, dont le Canada, la Nouvelle-Z\u00e9lande et l&rsquo;Australie, mais aussi chef d&rsquo;\u00c9tat de 15 des 54 nations du Commonwealth, connues sous le nom de royaumes du Commonwealth : Antigua-et-Barbuda, Australie, Bahamas, Belize, Canada, Grenade, Jama\u00efque, Nouvelle-Z\u00e9lande, Papouasie-Nouvelle-Guin\u00e9e, Saint-Kitts-et-Nevis, Sainte-Lucie, Saint-Vincent-et-les-Grenadines, \u00celes Salomon et Tuvalu. Le nombre de ses royaumes a vari\u00e9 au fil du temps, certains territoires ayant acquis leur ind\u00e9pendance et certains royaumes \u00e9tant devenus des r\u00e9publiques.<\/span><\/p>\n<p><span class=\"font-377884\">Elizabeth a r\u00e9gn\u00e9 en tant que monarque constitutionnel lors de changements politiques majeurs, tels que les troubles en Irlande du Nord, la d\u00e9volution au Royaume-Uni, la d\u00e9colonisation de l&rsquo;Afrique, la mondialisation, la guerre froide, l&rsquo;adh\u00e9sion du Royaume-Uni aux Communaut\u00e9s europ\u00e9ennes et son retrait de l&rsquo;Union europ\u00e9enne.<\/span><\/p>\n<p><span class=\"font-377884\"><a href=\"https:\/\/swissfederalism.ch\/fr\/mikhail-gorbatchev-et-une-partie-de-lhistoire-sen-va\/\"><strong>Mikhail Gorbatchev et une partie de l&rsquo;histoire s&rsquo;en va<\/strong><\/a><\/span><\/p>\n<h2><span class=\"font-377884\">Biographie en bref<\/span><\/h2>\n<p><span class=\"font-377884\">Elizabeth II, n\u00e9e <strong>Elizabeth Alexandra Mary<\/strong> le 21 avril 1926 \u00e0 Mayfair, Londres, fille a\u00een\u00e9e du duc et de la duchesse d&rsquo;York, a \u00e9t\u00e9 reine du Royaume-Uni et des autres royaumes du Commonwealth du 6 f\u00e9vrier 1952 \u00e0 sa mort le 8 septembre 2022. Au cours de sa vie, elle a \u00e9t\u00e9 reine de 32 \u00c9tats souverains diff\u00e9rents et, au moment de sa mort, elle \u00e9tait monarque de 15 \u00c9tats. Son r\u00e8gne, qui a dur\u00e9 70 ans et 214 jours, est le plus long de tous les monarques britanniques et le plus long enregistr\u00e9 par un chef d&rsquo;\u00c9tat f\u00e9minin dans l&rsquo;histoire.<\/span><\/p>\n<h2><span class=\"font-377884\">Elle n&rsquo;\u00e9tait pas destin\u00e9e \u00e0 devenir reine<\/span><\/h2>\n<p><span class=\"font-377884\">Fille a\u00een\u00e9e du prince <strong>Albert, duc d&rsquo;York<\/strong>, qui deviendra plus tard roi sous le nom de <strong>George VI,<\/strong> et de son \u00e9pouse <strong>Elizabeth Bowes-Lyon,<\/strong> duchesse d&rsquo;York, plus tard reine consort, elle devient h\u00e9riti\u00e8re du tr\u00f4ne en 1936 lorsque son oncle <strong>\u00c9douard VIII<\/strong>, d\u00e9j\u00e0 impatient des \u00e9tiquettes et des devoirs de la cour, abdique pour \u00e9pouser l&rsquo;Am\u00e9ricaine Wallis Simpson, non aristocrate et multi-divorc\u00e9e, donc pas du tout en accord avec les diktats de la couronne et de la religion (le roi ou la reine est aussi gouverneur supr\u00eame de l&rsquo;\u00c9glise d&rsquo;Angleterre).<\/span><\/p>\n<p>&nbsp;<\/p>\n<figure id=\"attachment_224273\" aria-describedby=\"caption-attachment-224273\" style=\"width: 256px\" class=\"wp-caption aligncenter\"><a href=\"https:\/\/swissfederalism.ch\/fr\/256px-elizabeth_ii__philip_after_coronation-unknownunknown-public-domain-via-wikimedia-commons-2\/\" rel=\"attachment wp-att-224273\"><img decoding=\"async\" class=\"size-full wp-image-224274\" src=\"https:\/\/swissfederalism.ch\/wp-content\/uploads\/2022\/09\/256px-Elizabeth_II__Philip_after_Coronation-UnknownUnknown-Public-domain-via-Wikimedia-Commons.jpg\" alt=\"Elizabeth II &amp; Philip after Coronation UnknownUnknown, Public domain, via Wikimedia Commons\" width=\"256\" height=\"347\" srcset=\"https:\/\/swissfederalism.ch\/wp-content\/uploads\/2022\/09\/256px-Elizabeth_II__Philip_after_Coronation-UnknownUnknown-Public-domain-via-Wikimedia-Commons.jpg 256w, https:\/\/swissfederalism.ch\/wp-content\/uploads\/2022\/09\/256px-Elizabeth_II__Philip_after_Coronation-UnknownUnknown-Public-domain-via-Wikimedia-Commons-221x300.jpg 221w\" sizes=\"(max-width: 256px) 100vw, 256px\" \/><\/a><figcaption id=\"caption-attachment-224273\" class=\"wp-caption-text\"><span class=\"font-377884\">Elizabeth II &amp; Philip after Coronation UnknownUnknown, Public domain, via Wikimedia Commons<\/span><\/figcaption><\/figure>\n<h2><span class=\"font-377884\">Mariage et descendance<\/span><\/h2>\n<p><span class=\"font-377884\">\u00c9lisabeth II a rencontr\u00e9 pour la premi\u00e8re fois son futur mari, le prince <strong>Philippe de Gr\u00e8ce et du Danemark<\/strong>, en 1934 en tant que cousine au troisi\u00e8me degr\u00e9 et a entam\u00e9 avec lui un \u00e9change de lettres qui a dur\u00e9 plusieurs ann\u00e9es jusqu&rsquo;en 1947, l&rsquo;ann\u00e9e de son 21e anniversaire, lorsque les fian\u00e7ailles ont \u00e9t\u00e9 annonc\u00e9es, puis le mariage c\u00e9l\u00e9br\u00e9 le 20 novembre 1947 \u00e0 l&rsquo;abbaye de Westminster.<\/span><\/p>\n<p><span class=\"font-377884\">Pour \u00e9pouser Elizabeth, Philip a d\u00fb renoncer \u00e0 ses titres de noblesse ant\u00e9rieurs et se convertir du christianisme orthodoxe \u00e0 l&rsquo;anglicanisme. Peu avant le mariage, il a \u00e9t\u00e9 nomm\u00e9 duc d&rsquo;\u00c9dimbourg et a re\u00e7u le titre de \u00ab\u00a0<em>Son Altesse Royale<\/em>\u00ab\u00a0.<\/span><\/p>\n<p>&nbsp;<\/p>\n<p>&nbsp;<\/p>\n<figure id=\"attachment_224277\" aria-describedby=\"caption-attachment-224277\" style=\"width: 1024px\" class=\"wp-caption aligncenter\"><a href=\"https:\/\/swissfederalism.ch\/fr\/prince_charles_christening_family_portrait-anefo-public-domain-via-wikimedia-commons-2\/\" rel=\"attachment wp-att-224277\"><img decoding=\"async\" class=\"size-full wp-image-224278\" src=\"https:\/\/swissfederalism.ch\/wp-content\/uploads\/2022\/09\/Prince_Charles_Christening_Family_Portrait-Anefo-Public-domain-via-Wikimedia-Commons.jpg\" alt=\"Prince Charles Christening Family Portrait Anefo, Public domain, via Wikimedia Commons\" width=\"1024\" height=\"850\" srcset=\"https:\/\/swissfederalism.ch\/wp-content\/uploads\/2022\/09\/Prince_Charles_Christening_Family_Portrait-Anefo-Public-domain-via-Wikimedia-Commons.jpg 1024w, https:\/\/swissfederalism.ch\/wp-content\/uploads\/2022\/09\/Prince_Charles_Christening_Family_Portrait-Anefo-Public-domain-via-Wikimedia-Commons-300x249.jpg 300w, https:\/\/swissfederalism.ch\/wp-content\/uploads\/2022\/09\/Prince_Charles_Christening_Family_Portrait-Anefo-Public-domain-via-Wikimedia-Commons-768x638.jpg 768w\" sizes=\"(max-width: 1024px) 100vw, 1024px\" \/><\/a><figcaption id=\"caption-attachment-224277\" class=\"wp-caption-text\"><span class=\"font-377884\">Le roi George VI, Elizabeth tenant son fils a\u00een\u00e9 Charles le jour de son bapt\u00eame, le prince Philip et la reine consort Elizabeth. Photo by Portrait Anefo, Public domain, via Wikimedia Commons<\/span><\/figcaption><\/figure>\n<p><span class=\"font-377884\">Le 14 novembre 1948 naissait leur premier fils, <strong>Charles, prince de Galles,<\/strong> tandis qu&rsquo;en 1950 naissait leur deuxi\u00e8me fils, <strong>Anne, princesse royale,<\/strong> en 1960 leur troisi\u00e8me fils,<strong> Andrew, duc d&rsquo;York,<\/strong> et enfin en 1964 <strong>Edward, comte de Wessex<\/strong>.<\/span><\/p>\n<p><span class=\"font-377884\">Au moment de son d\u00e9c\u00e8s, il laisse huit petits-enfants et 12 arri\u00e8re-petits-enfants.<\/span><\/p>\n<h2><span class=\"font-377884\">Commonwealth<\/span><\/h2>\n<p><span class=\"font-377884\">Le Commonwealth est une <strong>association volontaire<\/strong> de 56 nations, dont la plupart ont \u00e9t\u00e9 gouvern\u00e9es par la Grande-Bretagne \u00e0 un moment donn\u00e9 de l&rsquo;histoire.<\/span><\/p>\n<p><span class=\"font-377884\">Le mot Commonwealth est d\u00e9riv\u00e9 de l&rsquo;union de common et de wealth, ce qui signifie bien-\u00eatre commun.<\/span><\/p>\n<p><span class=\"font-377884\">Les racines du Commonwealth remontent \u00e0 la d\u00e9claration Balfour de 1926, qui reconnaissait les \u00ab\u00a0dominions\u00a0\u00bb (Australie, Nouvelle-Z\u00e9lande, Canada, Terre-Neuve, Afrique du Sud et \u00c9tat libre d&rsquo;Irlande) comme des \u00ab\u00a0communaut\u00e9s autonomes au sein de l&rsquo;Empire britannique\u00a0\u00bb, mais ce n&rsquo;est que la d\u00e9claration de Londres de 1949, publi\u00e9e \u00e0 la suite de l&rsquo;ind\u00e9pendance de l&rsquo;Inde, qui a ouvert la voie au Commonwealth moderne, que l&rsquo;on peut \u00e9galement qualifier de \u00ab\u00a0successeur\u00a0\u00bb de l&rsquo;Empire britannique.<\/span><\/p>\n<p><span class=\"font-377884\">Aujourd&rsquo;hui, n&rsquo;importe quel pays peut rejoindre le Commonwealth moderne, et les deux derniers pays \u00e0 y adh\u00e9rer ont \u00e9t\u00e9 le <strong>Gabon<\/strong> et le <strong>Togo<\/strong> en 2022.<\/span><\/p>\n<h2><span class=\"font-377884\">La vie de la reine Elizabeth II dans le temps<\/span><\/h2>\n<h3><span class=\"font-377884\">Avant son accession au tr\u00f4ne<\/span><\/h3>\n<p><span class=\"font-377884\">En 1939, l&rsquo;ann\u00e9e o\u00f9 la <strong>Seconde Guerre mondiale<\/strong> a \u00e9clat\u00e9, Elizabeth avait 13 ans. La famille royale est cens\u00e9e \u00eatre \u00e9vacu\u00e9e \u00e0 l&rsquo;\u00e9tranger, mais elle refuse de quitter le pays, partageant son temps entre sa r\u00e9sidence de Balmoral en \u00c9cosse et le ch\u00e2teau de Windsor, \u00e0 proximit\u00e9 de Londres.<\/span><\/p>\n<p><span class=\"font-377884\">En 1940, \u00e0 tout juste 14 ans, elle a fait sa <strong>premi\u00e8re \u00e9mission de radio<\/strong> dans laquelle elle a rassur\u00e9 les enfants de Grande-Bretagne qui avaient \u00e9t\u00e9 \u00e9vacu\u00e9s de leurs maisons et de leurs familles en leur disant \u00ab\u00a0que tout ira bien \u00e0 la fin, parce que Dieu prendra soin de nous et nous donnera la victoire et la paix\u00a0\u00bb.<\/span><\/p>\n<p>&nbsp;<\/p>\n<figure id=\"attachment_224297\" aria-describedby=\"caption-attachment-224297\" style=\"width: 840px\" class=\"wp-caption aligncenter\"><a href=\"https:\/\/swissfederalism.ch\/fr\/hrh_princess_elizabeth_in_the_auxiliary_territorial_service_april_1945_tr2832-this-is-photograph-tr-2832-from-the-collections-of-the-imperial-war-museums-2\/\" rel=\"attachment wp-att-224297\"><img decoding=\"async\" class=\"size-large wp-image-224298\" src=\"https:\/\/swissfederalism.ch\/wp-content\/uploads\/2022\/09\/Hrh_Princess_Elizabeth_in_the_Auxiliary_Territorial_Service_April_1945_TR2832-This-is-photograph-TR-2832-from-the-collections-of-the-Imperial-War-Museums.-1024x753.jpg\" alt=\"Hrh Princess Elizabeth in the Auxiliary Territorial Service, April 1945 Photo by TR 2832 from the collections of the Imperial War Museums Public Domain \" width=\"840\" height=\"618\" srcset=\"https:\/\/swissfederalism.ch\/wp-content\/uploads\/2022\/09\/Hrh_Princess_Elizabeth_in_the_Auxiliary_Territorial_Service_April_1945_TR2832-This-is-photograph-TR-2832-from-the-collections-of-the-Imperial-War-Museums.-1024x753.jpg 1024w, https:\/\/swissfederalism.ch\/wp-content\/uploads\/2022\/09\/Hrh_Princess_Elizabeth_in_the_Auxiliary_Territorial_Service_April_1945_TR2832-This-is-photograph-TR-2832-from-the-collections-of-the-Imperial-War-Museums.-300x221.jpg 300w, https:\/\/swissfederalism.ch\/wp-content\/uploads\/2022\/09\/Hrh_Princess_Elizabeth_in_the_Auxiliary_Territorial_Service_April_1945_TR2832-This-is-photograph-TR-2832-from-the-collections-of-the-Imperial-War-Museums.-768x565.jpg 768w, https:\/\/swissfederalism.ch\/wp-content\/uploads\/2022\/09\/Hrh_Princess_Elizabeth_in_the_Auxiliary_Territorial_Service_April_1945_TR2832-This-is-photograph-TR-2832-from-the-collections-of-the-Imperial-War-Museums..jpg 1280w\" sizes=\"(max-width: 840px) 100vw, 840px\" \/><\/a><figcaption id=\"caption-attachment-224297\" class=\"wp-caption-text\"><span class=\"font-377884\">Hrh Princess Elizabeth in the Auxiliary Territorial Service, April 1945 Photo by TR 2832 from the collections of the Imperial War Museums Public Domain<\/span><\/figcaption><\/figure>\n<p><span class=\"font-377884\">En 1945, Elizabeth a convaincu son p\u00e8re de lui permettre de s&rsquo;engager dans le <strong>service territorial auxiliaire (ATS),<\/strong> o\u00f9 elle a re\u00e7u une formation de chauffeur et de m\u00e9canicien et a \u00e9t\u00e9 promue commandant junior cinq mois plus tard. Avec la fin de la guerre, elle et sa s\u0153ur Margaret ont \u00e9t\u00e9 autoris\u00e9es \u00e0 se m\u00ealer anonymement aux citoyens le jour de la Victoire en Europe et \u00e0 c\u00e9l\u00e9brer avec le peuple, ce qui est rest\u00e9 \u00e0 jamais dans le c\u0153ur et les souvenirs de la souveraine.<\/span><\/p>\n<h3><span class=\"font-377884\">Les ann\u00e9es 1950, 1960 et 1970<\/span><\/h3>\n<p><span class=\"font-377884\">En 1952, \u00e0 la mort de son p\u00e8re George VI, elle devient <strong>reine du Royaume-Uni<\/strong> ainsi que <strong>chef d&rsquo;\u00c9tat<\/strong> de plusieurs autres \u00c9tats du Commonwealth.<\/span><\/p>\n<p><span class=\"font-377884\">En 1957, elle appara\u00eet pour la <strong>premi\u00e8re fois \u00e0 la t\u00e9l\u00e9vision<\/strong> depuis sa r\u00e9sidence pour le message de No\u00ebl.<\/span><\/p>\n<p><span class=\"font-377884\">Dans les ann\u00e9es 1960 et 1970, elle assiste au processus de <strong>d\u00e9colonisation en Afrique et dans les Cara\u00efbes<\/strong>, au cours duquel plus de 20 \u00c9tats obtiennent leur ind\u00e9pendance du Royaume-Uni.<\/span><\/p>\n<p><span class=\"font-377884\">En 1965, la reine se rend \u00e0 <strong>Berlin-Ouest<\/strong> au plus fort de la guerre froide : c&rsquo;est la <strong>premi\u00e8re visite d&rsquo;un monarque britannique en Allemagne<\/strong> depuis plus d&rsquo;un demi-si\u00e8cle.<\/span><\/p>\n<p><span class=\"font-377884\">En 1969, <strong>Neil Armstrong<\/strong> et <strong>Buzz Aldrin<\/strong> deviennent les premiers hommes \u00e0 <strong>marcher sur la lune.<\/strong> Soixante-douze dirigeants du monde entier ont confi\u00e9 aux deux astronautes un message \u00e0 transmettre \u00e0 la plan\u00e8te, dont un message de la reine \u00c9lisabeth II qui disait : \u00ab\u00a0<em>Au nom du peuple britannique, je rends hommage aux comp\u00e9tences et au courage qui ont amen\u00e9 l&rsquo;homme sur la Lune. Puisse cet exploit accro\u00eetre les connaissances et le bien-\u00eatre de l&rsquo;humanit\u00e9.<\/em>\u00a0\u00bb Apr\u00e8s cette mission, Neil Armstrong et Buzz Aldrin ont \u00e9t\u00e9 re\u00e7us par la reine et sa famille au palais de Buckingham.<\/span><\/p>\n<p><span class=\"font-377884\">En 1972, Elizabeth II a effectu\u00e9 sa premi\u00e8re visite en <strong>Tha\u00eflande<\/strong> avec son mari, le prince Philip, et sa fille, la princesse Anne.<\/span><\/p>\n<p><span class=\"font-377884\">En 1973, la Grande-Bretagne adh\u00e8re \u00e0 la <strong>Communaut\u00e9 \u00e9conomique europ\u00e9enne (CEE).<\/strong><\/span><\/p>\n<p><span class=\"font-377884\">En 1975, la Reine, accompagn\u00e9e de son mari, le Prince Philip, se rend au <strong>Japon<\/strong>, devenant ainsi le <strong>premier monarque britannique<\/strong> \u00e0 visiter ce pays.<\/span><\/p>\n<h3><span class=\"font-377884\">1980s<\/span><\/h3>\n<p><span class=\"font-377884\">Ces ann\u00e9es ont \u00e9t\u00e9 assez mouvement\u00e9es pour la reine Elizabeth II, qui a \u00e9t\u00e9 victime d&rsquo;une <strong>tentative d&rsquo;assassinat<\/strong> en 1981, lors de la c\u00e9r\u00e9monie du \u00ab\u00a0Trooping the Colour\u00a0\u00bb, lorsque six coups de feu ont \u00e9t\u00e9 tir\u00e9s sur elle \u00e0 bout portant alors qu&rsquo;elle traversait le Mall. On a d\u00e9couvert par la suite qu&rsquo;il s&rsquo;agissait de balles \u00e0 blanc tir\u00e9es par un jeune de 17 ans, condamn\u00e9 par la suite \u00e0 cinq ans de prison. La m\u00eame ann\u00e9e, il subit une deuxi\u00e8me attaque \u00e0 Dunedin, en Nouvelle-Z\u00e9lande : cette fois, les coups de feu ont \u00e9t\u00e9 tir\u00e9s avec un .22 Long Rifle depuis le cinqui\u00e8me \u00e9tage d&rsquo;un immeuble qui donnait sur la rue emprunt\u00e9e par la reine.<\/span><\/p>\n<p><span class=\"font-377884\">En 1980, la reine Elizabeth II se rend en visite officielle en <strong>Suisse<\/strong> avec son mari, le prince Philip : c&rsquo;est <strong>la seule visite officielle<\/strong> d&rsquo;un membre de la famille royale britannique en Suisse.<\/span><\/p>\n<p>&nbsp;<\/p>\n<p><iframe title=\"Elisabeth II en Suisse \/ Queen Elizabeth II in Switzerland (1980)\" width=\"840\" height=\"630\" src=\"https:\/\/www.youtube.com\/embed\/z6ex-LswjGc?feature=oembed&#038;width=840&#038;height=1000&#038;discover=1\" frameborder=\"0\" allow=\"accelerometer; autoplay; clipboard-write; encrypted-media; gyroscope; picture-in-picture\" allowfullscreen><\/iframe><\/p>\n<p><span class=\"font-377884\">En 1981, \u00e0 la cath\u00e9drale Saint-Paul de Londres, est c\u00e9l\u00e9br\u00e9 le mariage de son premier fils et h\u00e9ritier du tr\u00f4ne, le <strong>prince Charles<\/strong>, avec <strong>Lady Diana Spencer<\/strong>. Ce mariage consid\u00e9r\u00e9 comme un \u00ab\u00a0<em>mariage fabuleux\u00a0\u00bb<\/em> a \u00e9t\u00e9 le premier vrai mariage m\u00e9diatique diffus\u00e9 \u00e0 la t\u00e9l\u00e9vision mondiale et vu par plus de 700 millions de personnes.<\/span><\/p>\n<p><span class=\"font-377884\">En 1982, il y a eu la <strong>guerre des Malouines<\/strong>, \u00e0 laquelle le troisi\u00e8me fils de la reine, le prince Andrew, a \u00e9galement particip\u00e9.<\/span><\/p>\n<p><span class=\"font-377884\">Toujours en 1982, la reine Elizabeth II a <strong>trouv\u00e9 un inconnu assis \u00e0 son chevet<\/strong> un matin \u00e0 son r\u00e9veil. L&rsquo;intrus, identifi\u00e9 plus tard comme Michael Fagan, avait r\u00e9ussi \u00e0 \u00e9chapper au dispositif de s\u00e9curit\u00e9 et \u00e0 p\u00e9n\u00e9trer dans le palais de Buckingham sans \u00eatre inqui\u00e9t\u00e9, pour arriver dans les appartements priv\u00e9s de la souveraine. Cet \u00e9v\u00e9nement s&rsquo;av\u00e8re \u00eatre la plus grave violation commise dans le palais et l&rsquo;une des plus graves failles des services de s\u00e9curit\u00e9.<\/span><\/p>\n<p>&nbsp;<\/p>\n<figure id=\"attachment_224281\" aria-describedby=\"caption-attachment-224281\" style=\"width: 686px\" class=\"wp-caption aligncenter\"><a href=\"https:\/\/swissfederalism.ch\/fr\/president-ronald-reagan-queen-elizabeth-ii-during-arrival-ceremony-for-queen-elizabeth-ii-of-united-kingdom-at-santa-barbara-airport-in-santa-barbara-california-2\/\" rel=\"attachment wp-att-224281\"><img decoding=\"async\" class=\"size-large wp-image-224282\" src=\"https:\/\/swissfederalism.ch\/wp-content\/uploads\/2022\/09\/President-Ronald-Reagan-Queen-Elizabeth-Ii-During-Arrival-Ceremony-for-Queen-Elizabeth-Ii-of-United-Kingdom-at-Santa-Barbara-Airport-in-Santa-Barbara-California-686x1024.jpg\" alt=\"3\/1\/1983 President Reagan Queen Elizabeth II during Arrival Ceremony for Queen Elizabeth II of United Kingdom at Santa Barbara airport in Santa Barbara California\" width=\"686\" height=\"1024\" srcset=\"https:\/\/swissfederalism.ch\/wp-content\/uploads\/2022\/09\/President-Ronald-Reagan-Queen-Elizabeth-Ii-During-Arrival-Ceremony-for-Queen-Elizabeth-Ii-of-United-Kingdom-at-Santa-Barbara-Airport-in-Santa-Barbara-California-686x1024.jpg 686w, https:\/\/swissfederalism.ch\/wp-content\/uploads\/2022\/09\/President-Ronald-Reagan-Queen-Elizabeth-Ii-During-Arrival-Ceremony-for-Queen-Elizabeth-Ii-of-United-Kingdom-at-Santa-Barbara-Airport-in-Santa-Barbara-California-201x300.jpg 201w, https:\/\/swissfederalism.ch\/wp-content\/uploads\/2022\/09\/President-Ronald-Reagan-Queen-Elizabeth-Ii-During-Arrival-Ceremony-for-Queen-Elizabeth-Ii-of-United-Kingdom-at-Santa-Barbara-Airport-in-Santa-Barbara-California-768x1146.jpg 768w, https:\/\/swissfederalism.ch\/wp-content\/uploads\/2022\/09\/President-Ronald-Reagan-Queen-Elizabeth-Ii-During-Arrival-Ceremony-for-Queen-Elizabeth-Ii-of-United-Kingdom-at-Santa-Barbara-Airport-in-Santa-Barbara-California.jpg 1024w\" sizes=\"(max-width: 686px) 100vw, 686px\" \/><\/a><figcaption id=\"caption-attachment-224281\" class=\"wp-caption-text\"><span class=\"font-377884\">Queen Elisabeth II and the US president Ronald Reagan Series: Reagan White House Photographs, 1\/20\/1981 &#8211; 1\/20\/1989 Collection: White House Photographic Collection, 1\/20\/1981 &#8211; 1\/20\/1989, Public domain, via Wikimedia Commons<\/span><\/figcaption><\/figure>\n<p><span class=\"font-377884\">Au cours de ces ann\u00e9es, un lien d&rsquo;amiti\u00e9 se d\u00e9veloppe entre la souveraine britannique et le <strong>pr\u00e9sident am\u00e9ricain Ronald Reagan<\/strong>, qui est accueilli en 1982 au <em>ch\u00e2teau de Windsor<\/em> tandis que l&rsquo;ann\u00e9e suivante, lors d&rsquo;une de ses visites aux \u00c9tats-Unis, la reine est l&rsquo;invit\u00e9e des Reagan dans la propri\u00e9t\u00e9 du <em>Rancho del Cielo<\/em> en Californie, propri\u00e9t\u00e9 du pr\u00e9sident am\u00e9ricain. Toutefois, cela n&rsquo;a pas \u00e9vit\u00e9 certaines tensions en raison de l&rsquo;invasion am\u00e9ricaine de la Grenade, un \u00c9tat du Commonwealth accus\u00e9 par les \u00c9tats-Unis d&rsquo;avoir des liens avec l&rsquo;URSS.<\/span><\/p>\n<p><iframe title=\"1989: Mikhail Gorbachev and the Queen at Windsor Castle\" width=\"840\" height=\"473\" src=\"https:\/\/www.youtube.com\/embed\/174MHYEDM_E?feature=oembed&#038;width=840&#038;height=1000&#038;discover=1\" frameborder=\"0\" allow=\"accelerometer; autoplay; clipboard-write; encrypted-media; gyroscope; picture-in-picture\" allowfullscreen><\/iframe><\/p>\n<p><span class=\"font-377884\">En 1989, elle accueille au ch\u00e2teau de Windsor avec tous les honneurs le pr\u00e9sident de l&rsquo;URSS de l&rsquo;\u00e9poque, <strong>Mikha\u00efl Gorbatchev,<\/strong> venu au Royaume-Uni pour une visite d&rsquo;\u00c9tat.<\/span><\/p>\n<p><span class=\"font-377884\">\u00c0 la fin des ann\u00e9es 1980, \u00c9lisabeth II devient la cible de plus en plus fr\u00e9quente de satires britanniques dans lesquelles sa silhouette est ridiculis\u00e9e.<\/span><\/p>\n<h3><span class=\"font-377884\">1990s<\/span><\/h3>\n<p><span class=\"font-377884\">Ces ann\u00e9es sont particuli\u00e8rement difficiles pour la reine, qui doit faire face \u00e0 plusieurs scandales et vicissitudes familiales, comme la s\u00e9paration de son troisi\u00e8me fils, le <strong>prince Andrew,<\/strong> de son \u00e9pouse Sarah Ferguson, et le divorce de sa deuxi\u00e8me fille, la <strong>princesse Anne<\/strong>, de son mari, le capitaine Mark Philips.<\/span><\/p>\n<p><span class=\"font-377884\">En d\u00e9cembre 1992, son premier fils et h\u00e9ritier du tr\u00f4ne, le <strong>prince Charles<\/strong>, et son \u00e9pouse, <strong>Diana Spencer,<\/strong> se s\u00e9parent officiellement : \u00e0 l&rsquo;\u00e9poque, la presse y accorde beaucoup d&rsquo;espace en m\u00e9diatisant les trahisons et les crises au sein de la famille royale. La reine Elizabeth II, apr\u00e8s avoir consult\u00e9 le premier ministre John Major, l&rsquo;archev\u00eaque de Canterbury, George Carey, et son secr\u00e9taire priv\u00e9 Robert Fellowes, a <strong>accept\u00e9 le divorce de Charles et Diana en 1995.<\/strong><\/span><\/p>\n<p><span class=\"font-377884\">En 1992 \u00e9galement, le Premier ministre britannique, <strong>John Major<\/strong>, annonce une r\u00e9forme des finances royales qui am\u00e8nera <strong>la reine \u00e0 payer des imp\u00f4ts \u00e0 partir de 1993<\/strong>, et un incendie endommage gravement une partie du ch\u00e2teau de Windsor.<\/span><\/p>\n<p><span class=\"font-377884\">En ao\u00fbt 1997, son ancienne belle-fille, la <strong>princesse Diana<\/strong>, meurt dans un accident de voiture \u00e0 Paris avec son compagnon Dodi Al-Fayed et le chauffeur Henri Paul. La famille royale ne s&rsquo;est pas montr\u00e9e au public pendant cinq jours cons\u00e9cutifs et n&rsquo;a pas mis le drapeau en berne en signe de deuil au palais de Buckingham, suscitant l&rsquo;indignation du public, ce qui a contraint Elizabeth II \u00e0 diffuser un message t\u00e9l\u00e9vis\u00e9 adress\u00e9 \u00e0 la nation dans lequel elle faisait l&rsquo;\u00e9loge de Diana. Comme la princesse \u00e9tait d\u00e9j\u00e0 divorc\u00e9e de Charles, des fun\u00e9railles priv\u00e9es ont \u00e9t\u00e9 initialement organis\u00e9es, mais la r\u00e9action du peuple britannique qui aimait tendrement la princesse a incit\u00e9 la maison royale \u00e0 organiser des fun\u00e9railles publiques auxquelles ont assist\u00e9 des milliers de personnes se pressant autour des barri\u00e8res dans les rues de Londres. La famille royale au complet a attendu, v\u00eatue de deuil, que le cercueil passe devant le palais de Buckingham, et Elizabeth II a inclin\u00e9 la t\u00eate en signe de respect. Les fun\u00e9railles ont eu lieu \u00e0 l&rsquo;abbaye de Westminster en pr\u00e9sence de toute la famille royale. Elles ont \u00e9t\u00e9 diffus\u00e9es en direct sur les t\u00e9l\u00e9visions du monde entier et suivies par plus de deux milliards de personnes, ce qui en fait l&rsquo;un des \u00e9v\u00e9nements t\u00e9l\u00e9vis\u00e9s les plus regard\u00e9s de l&rsquo;histoire.<\/span><\/p>\n<p><iframe title=\"Unusual gesture by Queen Elizabeth 2 at Princess Diana&#039;s funeral\" width=\"840\" height=\"473\" src=\"https:\/\/www.youtube.com\/embed\/2OD4IytPA24?feature=oembed&#038;width=840&#038;height=1000&#038;discover=1\" frameborder=\"0\" allow=\"accelerometer; autoplay; clipboard-write; encrypted-media; gyroscope; picture-in-picture\" allowfullscreen><\/iframe><\/p>\n<p><span class=\"font-377884\">Dans les ann\u00e9es 1990, la monarchie fait de plus en plus l&rsquo;objet d&rsquo;attaques et de critiques de la part de la presse et du public.<\/span><\/p>\n<h3><span class=\"font-377884\">Le nouveau mill\u00e9naire<\/span><\/h3>\n<p><span class=\"font-377884\">La reine \u00c9lisabeth II a c\u00e9l\u00e9br\u00e9 son jubil\u00e9 d&rsquo;or, ou le <strong>50e anniversaire<\/strong> de son accession au tr\u00f4ne en 2002, et la m\u00eame ann\u00e9e, elle a effectu\u00e9 un vaste voyage dans les pays du Commonwealth. La m\u00eame ann\u00e9e, \u00c9lisabeth II a d\u00fb faire face \u00e0 deux graves deuils familiaux, \u00e0 savoir les d\u00e9c\u00e8s de sa s\u0153ur, la <strong>princesse Margaret,<\/strong> et de la reine m\u00e8re, <strong>Elizabeth Bowes-Lyon,<\/strong> survenus \u00e0 peu de temps d&rsquo;intervalle.<\/span><\/p>\n<p><span class=\"font-377884\">En 2005, l&rsquo;h\u00e9ritier du tr\u00f4ne, le <strong>prince Charles,<\/strong> \u00e9pouse sa ma\u00eetresse historique, puis sa fianc\u00e9e, <strong>Camilla Rosemary Parker-Bowles (n\u00e9e Shand),<\/strong> qui gravitait dans la vie du fils a\u00een\u00e9 d&rsquo;Elizabeth depuis les ann\u00e9es 1970, avant m\u00eame son pr\u00e9c\u00e9dent mariage avec Lady Diana Spencer.\u00a0 Ce mariage a \u00e9t\u00e9 assez difficile \u00e0 organiser car il a fallu r\u00e9soudre un certain nombre de probl\u00e8mes bureaucratiques et dynastiques. Il s&rsquo;agissait du premier mariage civil d&rsquo;un h\u00e9ritier du tr\u00f4ne (il \u00e9tait d\u00e9j\u00e0 veuf mais elle \u00e9tait divorc\u00e9e) et il a fallu obtenir le consentement non seulement d&rsquo;Elizabeth II (il semble qu&rsquo;elle l&rsquo;ait accord\u00e9 avec une certaine r\u00e9ticence) qui \u00e9tait \u00e9galement chef de l&rsquo;\u00c9glise d&rsquo;Angleterre, mais aussi du Parlement et de l&rsquo;\u00c9glise d&rsquo;Angleterre elle-m\u00eame dont Charles devait devenir le gouverneur supr\u00eame lors de son accession au tr\u00f4ne. Elle et le prince Philip n&rsquo;assistent pas \u00e0 la c\u00e9r\u00e9monie civile, mais prennent part \u00e0 une b\u00e9n\u00e9diction religieuse et organisent une r\u00e9ception en leur honneur au ch\u00e2teau de Windsor.<\/span><\/p>\n<p><span class=\"font-377884\">En 2007, Elizabeth II est devenue le <strong>premier monarque britannique<\/strong> \u00e0 c\u00e9l\u00e9brer son <strong>60e anniversaire de mariage<\/strong> (noces de diamant) et est devenue le plus vieux monarque britannique de tous les temps.<\/span><\/p>\n<p><span class=\"font-377884\">En 2010, Elizabeth II, comme l&rsquo;exige la <em>loi sur les mariages royaux de 1772<\/em>, donne son consentement officiel au mariage de son petit-fils, le <strong>prince William Arthur Philip Louis<\/strong>, fils a\u00een\u00e9 du prince Charles et de son ex-\u00e9pouse Diana, princesse de Galles, deuxi\u00e8me h\u00e9riti\u00e8re du tr\u00f4ne britannique, avec la \u00ab\u00a0<em>roturi\u00e8re<\/em>\u00a0\u00bb <strong>Catherine Elizabeth Middleton<\/strong>, plus connue sous le nom de <strong>Kate Middleton<\/strong>. La jeune fille n&rsquo;ayant pas d&rsquo;origines nobles s&rsquo;av\u00e8re \u00eatre la premi\u00e8re \u00e0 \u00e9pouser un futur roi, ce qui augmente le consentement de la population anglaise et rend la monarchie plus moderne et proche du peuple. Le mariage a ensuite \u00e9t\u00e9 c\u00e9l\u00e9br\u00e9 le 29 avril 2011 et a \u00e9t\u00e9 suivi par environ 2 milliards de personnes dans le monde.<\/span><\/p>\n<p>&nbsp;<\/p>\n<p><iframe title=\"William and Kate Kiss on the Balcony - The Royal Wedding - BBC\" width=\"840\" height=\"473\" src=\"https:\/\/www.youtube.com\/embed\/c38lPvrPuT4?feature=oembed&#038;width=840&#038;height=1000&#038;discover=1\" frameborder=\"0\" allow=\"accelerometer; autoplay; clipboard-write; encrypted-media; gyroscope; picture-in-picture\" allowfullscreen><\/iframe><\/p>\n<p><span class=\"font-377884\">En 2011, elle est devenue la <strong>premi\u00e8re souveraine britannique<\/strong> \u00e0 effectuer une visite d&rsquo;\u00c9tat en <strong>R\u00e9publique d&rsquo;Irlande,<\/strong> \u00e0 l&rsquo;invitation de la pr\u00e9sidente de l&rsquo;\u00e9poque, Mary McAleese.<\/span><\/p>\n<p><span class=\"font-377884\">En 2012, elle a c\u00e9l\u00e9br\u00e9 le Jubil\u00e9 de diamant, ou le <strong>60e anniversaire<\/strong> de son accession au tr\u00f4ne, qui a \u00e9t\u00e9 f\u00eat\u00e9 dans tout le Royaume-Uni et dans tout le Commonwealth, ainsi que le <strong>65e anniversaire de son mariage<\/strong> avec son \u00e9poux, le prince Philip.<\/span><\/p>\n<p>&nbsp;<\/p>\n<figure id=\"attachment_224305\" aria-describedby=\"caption-attachment-224305\" style=\"width: 1024px\" class=\"wp-caption aligncenter\"><a href=\"https:\/\/swissfederalism.ch\/fr\/royal-family-on-the-balcony-photo-by-carfax2-cc-by-sa-3-0-via-wikimedia-common-2\/\" rel=\"attachment wp-att-224305\"><img decoding=\"async\" class=\"size-full wp-image-224306\" src=\"https:\/\/swissfederalism.ch\/wp-content\/uploads\/2022\/09\/Royal-family-on-the-balcony-Photo-by-Carfax2-CC-BY-SA-3.0-via-Wikimedia-Common.jpg\" alt=\"Royal family on the balcony Photo by Carfax2, CC BY-SA 3.0 via Wikimedia Common\" width=\"1024\" height=\"683\" srcset=\"https:\/\/swissfederalism.ch\/wp-content\/uploads\/2022\/09\/Royal-family-on-the-balcony-Photo-by-Carfax2-CC-BY-SA-3.0-via-Wikimedia-Common.jpg 1024w, https:\/\/swissfederalism.ch\/wp-content\/uploads\/2022\/09\/Royal-family-on-the-balcony-Photo-by-Carfax2-CC-BY-SA-3.0-via-Wikimedia-Common-300x200.jpg 300w, https:\/\/swissfederalism.ch\/wp-content\/uploads\/2022\/09\/Royal-family-on-the-balcony-Photo-by-Carfax2-CC-BY-SA-3.0-via-Wikimedia-Common-768x512.jpg 768w\" sizes=\"(max-width: 1024px) 100vw, 1024px\" \/><\/a><figcaption id=\"caption-attachment-224305\" class=\"wp-caption-text\"><span class=\"font-377884\">The Queen and the Royal family on the balcony Photo by Carfax2, CC BY-SA 3.0 via Wikimedia Common<\/span><\/figcaption><\/figure>\n<p><span class=\"font-377884\">En 2012, lors des Jeux olympiques de Londres, la monarque s&rsquo;est pr\u00eat\u00e9e au jeu d&rsquo;un <strong>court-m\u00e9trage<\/strong> pour la c\u00e9r\u00e9monie d&rsquo;ouverture au stade de Wembley. On y voit le c\u00e9l\u00e8bre <strong>James Bond<\/strong>, interpr\u00e9t\u00e9 par <strong>Daniel Craig,<\/strong> entrer dans le palais de Buckingham pour aller chercher la monarque dans son bureau personnel et l&#8217;emmener en h\u00e9licopt\u00e8re jusqu&rsquo;au stade o\u00f9 ils sauteront en parachute (vid\u00e9o r\u00e9alis\u00e9e avec des cascadeurs) avant d&rsquo;appara\u00eetre dans les tribunes. Avec l&rsquo;ouverture de la XXXe Olympiade \u00e0 Londres, il devient le premier chef d&rsquo;\u00c9tat \u00e0 ouvrir deux \u00e9ditions des Jeux dans deux nations diff\u00e9rentes (les premiers \u00e9taient les Jeux de la XXIe Olympiade \u00e0 Montr\u00e9al en 1976).<\/span><\/p>\n<p><iframe title=\"Performance from Queen Elizabeth II and James Bond for the opening of the Olympic Games London 2012\ud83d\udda4\" width=\"840\" height=\"473\" src=\"https:\/\/www.youtube.com\/embed\/Sk3c2RQocew?feature=oembed&#038;width=840&#038;height=1000&#038;discover=1\" frameborder=\"0\" allow=\"accelerometer; autoplay; clipboard-write; encrypted-media; gyroscope; picture-in-picture\" allowfullscreen><\/iframe><\/p>\n<p><span class=\"font-377884\">En 2015, le r\u00e8gne d&rsquo;Elizabeth II est devenu <strong>le plus long de l&rsquo;histoire britannique<\/strong> et le <strong>monarque le plus ancien au monde.<\/strong><\/span><\/p>\n<p><span class=\"font-377884\">En 2017, Elizabeth II est devenue le <strong>premier monarque britannique<\/strong> \u00e0 c\u00e9l\u00e9brer un jubil\u00e9 de saphir, soit le <strong>65e anniversaire de son accession au tr\u00f4ne.<\/strong> La m\u00eame ann\u00e9e, elle a c\u00e9l\u00e9br\u00e9 son<strong> 70e anniversaire de mariage<\/strong> avec le prince Philip.<\/span><\/p>\n<p><span class=\"font-377884\">En 2019, elle prive son troisi\u00e8me fils, le <strong>prince Andrew,<\/strong> du titre d'\u00a0\u00bbAltesse royale\u00a0\u00bb, des patronages, de ses r\u00f4les honorifiques dans l&rsquo;arm\u00e9e, et le retire de tous les engagements publics et institutionnels \u00e0 la suite d&rsquo;une temp\u00eate m\u00e9diatique due \u00e0 des scandales et \u00e0 des transactions commerciales controvers\u00e9es avec son ami Jeffrey Epstein, condamn\u00e9 pour crimes sexuels. En accord avec le reste de la famille, il a \u00e9galement pris des dispositions pour que son fils puisse se d\u00e9fendre dans le proc\u00e8s dans lequel il est impliqu\u00e9 en tant que simple citoyen.<\/span><\/p>\n<p><span class=\"font-377884\">En 2020, la reine \u00c9lisabeth II et le prince Philip s&rsquo;installent au ch\u00e2teau de Windsor pour parer \u00e0 une \u00e9ventuelle contagion apr\u00e8s le d\u00e9but de la <strong>pand\u00e9mie de COVID-19<\/strong> dans le monde. Apr\u00e8s sept mois au cours desquels elle n&rsquo;a tenu que des audiences virtuelles en raison de la pand\u00e9mie, la souveraine revient au public le 15 octobre 2020 pour visiter le Defense Science and Technology Laboratory, dans le Wiltshire.<\/span><\/p>\n<p><span class=\"font-377884\">En 2021, apr\u00e8s 73 ans de mariage, elle est devenue <strong>veuve du prince Philip,<\/strong> d\u00e9c\u00e9d\u00e9 \u00e0 l&rsquo;\u00e2ge de 99 ans. En raison des restrictions Covid-19 en vigueur au Royaume-Uni \u00e0 l&rsquo;\u00e9poque, la reine \u00e9tait assise seule aux fun\u00e9railles de Philip, un geste qui a suscit\u00e9 la sympathie et l&rsquo;\u00e9motion de personnes du monde entier.<\/span><\/p>\n<p><iframe title=\"The Duke of Edinburgh Laid to Rest in Touching Funeral Service Inside St George&#039;s Chapel\" width=\"840\" height=\"473\" src=\"https:\/\/www.youtube.com\/embed\/jNAnLgClOlA?feature=oembed&#038;width=840&#038;height=1000&#038;discover=1\" frameborder=\"0\" allow=\"accelerometer; autoplay; clipboard-write; encrypted-media; gyroscope; picture-in-picture\" allowfullscreen><\/iframe><\/p>\n<p><span class=\"font-377884\">En 2021, la reine a accueilli le <strong>pr\u00e9sident am\u00e9ricain Joe Biden<\/strong> et son consort au ch\u00e2teau de Windsor pour une visite officielle. La m\u00eame ann\u00e9e, la reine commence \u00e0 utiliser une canne lors d&rsquo;\u00e9v\u00e9nements publics, mais refuse n\u00e9anmoins le \u00ab\u00a0prix du vieux de l&rsquo;ann\u00e9e\u00a0\u00bb d\u00e9cern\u00e9 par le mensuel britannique The Oldie, d\u00e9clarant qu'\u00a0\u00bbon est vieux quand on se sent vieux.\u00a0\u00bb<\/span><\/p>\n<p><span class=\"font-377884\">En 2022, la reine est tr\u00e8s pr\u00e9occup\u00e9e par la <strong>crise diplomatique russo-ukrainienne<\/strong> et re\u00e7oit des mises \u00e0 jour constantes sur la situation de la part du Premier ministre de l&rsquo;\u00e9poque, Boris Johnson.<\/span><\/p>\n<p><span class=\"font-377884\">En 2022, le palais laisse filtrer, sans pr\u00e9avis officiel, la d\u00e9cision de la souveraine de<strong> ne plus utiliser Buckingham Palace<\/strong> comme r\u00e9sidence officielle et de s&rsquo;installer d\u00e9finitivement au ch\u00e2teau de Windsor.<\/span><\/p>\n<p><span class=\"font-377884\">Le 17 mai 2022, elle assiste \u00e0 l&rsquo;inauguration de la nouvelle ligne du m\u00e9tro londonien, la \u00ab\u00a0<strong>Elizabeth Line<\/strong>\u00ab\u00a0, accompagn\u00e9e de son fils Edward, comte de Wessex.<\/span><\/p>\n<p><iframe title=\"Queen Spreads the Smiles in Surprise Appearance to Open the Elizabeth Line\" width=\"840\" height=\"473\" src=\"https:\/\/www.youtube.com\/embed\/Gba6lSLKYt4?feature=oembed&#038;width=840&#038;height=1000&#038;discover=1\" frameborder=\"0\" allow=\"accelerometer; autoplay; clipboard-write; encrypted-media; gyroscope; picture-in-picture\" allowfullscreen><\/iframe><\/p>\n<p><span class=\"font-377884\">Le 2 juin 2022, les c\u00e9l\u00e9brations officielles du <strong>jubil\u00e9 de platine<\/strong> ont d\u00e9but\u00e9 par le d\u00e9fil\u00e9 Trooping the Colour, au cours duquel tous les membres de la famille royale ont accompli des t\u00e2ches officielles au nom de la reine ; la monarque \u00e9tait pr\u00e9sente lors du salut \u00e0 la foule depuis le balcon du palais de Buckingham \u00e0 la fin du d\u00e9fil\u00e9. Pour c\u00e9l\u00e9brer cet \u00e9v\u00e9nement, Elizabeth II s&rsquo;est pr\u00eat\u00e9e au tournage d&rsquo;un court m\u00e9trage dans lequel on la voit prendre le th\u00e9 \u00e0 Buckingham Palace avec <strong>Paddington<\/strong>, le c\u00e9l\u00e8bre ours en peluche, personnage de la litt\u00e9rature anglaise pour enfants, qui lui pr\u00e9sente ses respects et lui souhaite bonne chance pour la f\u00eate avec son ironie et son humour traditionnels. Le film montre \u00e9galement la souveraine sortant un sandwich de son sac \u00e0 main et l&rsquo;ours en peluche le refermant en lui disant \u00ab\u00a0<em>Merci Madame, pour tout<\/em>\u00ab\u00a0.<\/span><\/p>\n<p><iframe title=\"\ud83e\udd6a \ud83d\udc5c Ma\u2019amalade sandwich Your Majesty?\" width=\"840\" height=\"473\" src=\"https:\/\/www.youtube.com\/embed\/7UfiCa244XE?feature=oembed&#038;width=840&#038;height=1000&#038;discover=1\" frameborder=\"0\" allow=\"accelerometer; autoplay; clipboard-write; encrypted-media; gyroscope; picture-in-picture\" allowfullscreen><\/iframe><\/p>\n<h2><span class=\"font-377884\">Les ministres britanniques et les \u00ab\u00a0grands de la terre\u00a0\u00bb<\/span><\/h2>\n<p><span class=\"font-377884\">Le r\u00f4le d&rsquo;\u00c9lisabeth II consistait \u00e0 \u00eatre un chef d&rsquo;\u00c9tat au-dessus du parti : elle r\u00e9gnait mais ne gouvernait pas en fait. Au cours de son long r\u00e8gne, elle a rencontr\u00e9 de nombreux chefs d&rsquo;\u00c9tat ainsi que des personnages ayant marqu\u00e9 l&rsquo;histoire.<\/span><\/p>\n<p><span class=\"font-377884\"><strong>Quinze premiers ministres britanniques<\/strong> ont servi sous ses ordres, \u00e0 commencer par <strong>Winston Churchill<\/strong> (1952-1955), Anthony Eden (1955-1957), Harold Macmillan (1957-1963), Alec Douglas-Home (1963-1965), Harold Wilson (1964-1970 et 1974-1976), Edward Heath (1970-1974), James Callaghan (1976-1979), Margaret Thatcher (1979-1990), John Major (1990-1997),Tony Blair (1997-2007), Gordon Brown (2007-2010), David Cameron (2010-2016), Theresa May (2016-2019), Boris Johnson (2019-2022), Liz Truss (2022-en fonction).<\/span><\/p>\n<p><span class=\"font-377884\">Il a rencontr\u00e9 13 des 14 derniers pr\u00e9sidents am\u00e9ricains, de <strong>Harry S. Truman \u00e0 Joe Biden<\/strong> : le seul pr\u00e9sident am\u00e9ricain qu&rsquo;il n&rsquo;a pas rencontr\u00e9 est <strong>Lyndon Johnson.<\/strong><\/span><\/p>\n<figure id=\"attachment_224285\" aria-describedby=\"caption-attachment-224285\" style=\"width: 515px\" class=\"wp-caption aligncenter\"><a href=\"https:\/\/swissfederalism.ch\/fr\/first_family_and_elizabeth_ii_2007_outside-white-house-photo-by-eric-draper-public-domain-via-wikimedia-commons-2\/\" rel=\"attachment wp-att-224285\"><img decoding=\"async\" class=\"wp-image-224286 size-full\" src=\"https:\/\/swissfederalism.ch\/wp-content\/uploads\/2022\/09\/First_family_and_Elizabeth_II_2007_outside-White-House-photo-by-Eric-Draper-Public-domain-via-Wikimedia-Commons.jpg\" alt=\"First family and Elizabeth II 2007 (outside) White House photo by Eric Draper, Public domain, via Wikimedia Commons\" width=\"515\" height=\"500\" srcset=\"https:\/\/swissfederalism.ch\/wp-content\/uploads\/2022\/09\/First_family_and_Elizabeth_II_2007_outside-White-House-photo-by-Eric-Draper-Public-domain-via-Wikimedia-Commons.jpg 515w, https:\/\/swissfederalism.ch\/wp-content\/uploads\/2022\/09\/First_family_and_Elizabeth_II_2007_outside-White-House-photo-by-Eric-Draper-Public-domain-via-Wikimedia-Commons-300x291.jpg 300w, https:\/\/swissfederalism.ch\/wp-content\/uploads\/2022\/09\/First_family_and_Elizabeth_II_2007_outside-White-House-photo-by-Eric-Draper-Public-domain-via-Wikimedia-Commons-45x45.jpg 45w\" sizes=\"(max-width: 515px) 100vw, 515px\" \/><\/a><figcaption id=\"caption-attachment-224285\" class=\"wp-caption-text\"><span class=\"font-377884\">First family George Walker Bush and wife Laura with Elizabeth II and Prince Philip 2007 (outside) White House photo by Eric Draper, Public domain, via Wikimedia Commons<\/span><\/figcaption><\/figure>\n<p><span class=\"font-377884\">Elle a rencontr\u00e9 <strong>quatre papes<\/strong> au cours de son r\u00e8gne, \u00e0 savoir <strong>Jean XXIII, Jean-Paul II, Beno\u00eet XVI<\/strong> et <strong>Fran\u00e7ois<\/strong>. En 1951, elle a rencontr\u00e9 le <strong>pape Pie XII<\/strong> alors qu&rsquo;elle \u00e9tait encore princesse de Galles.<\/span><\/p>\n<p><iframe title=\"Queen Elizabeth and the Popes - EWTN News InDepth\" width=\"840\" height=\"473\" src=\"https:\/\/www.youtube.com\/embed\/HefLq55XU4c?feature=oembed&#038;width=840&#038;height=1000&#038;discover=1\" frameborder=\"0\" allow=\"accelerometer; autoplay; clipboard-write; encrypted-media; gyroscope; picture-in-picture\" allowfullscreen><\/iframe><\/p>\n<p><span class=\"font-377884\">Elizabeth a visit\u00e9 l&rsquo;Italie pour la premi\u00e8re fois en 1951, alors qu&rsquo;elle n&rsquo;\u00e9tait encore qu&rsquo;une princesse, avec son mari, le prince Philip, et a rencontr\u00e9 le pr\u00e9sident de la R\u00e9publique italienne de l&rsquo;\u00e9poque,<strong> Luigi Einaudi,<\/strong> et le Premier ministre <strong>Alcide De Gasperi.<\/strong> Elle y est retourn\u00e9e en 1961 pour rencontrer le pr\u00e9sident de l&rsquo;\u00e9poque, M. <strong>Gronchi<\/strong>, puis en 1980 <strong>Sandro Pertini,<\/strong> en 2000 <strong>Carlo Azeglio Ciampi,<\/strong> en 2006 et 2014 <strong>Giorgio Napolitano,<\/strong> tandis qu&rsquo;en 1990 elle a re\u00e7u<strong> Francesco Cossiga<\/strong> et en 2015 <strong>Sergio Mattarella<\/strong> au palais de Buckimgham.<\/span><\/p>\n<p><iframe title=\"Queen Elizabeth II speaks with Italian President Francesco Cossiga\" width=\"840\" height=\"473\" src=\"https:\/\/www.youtube.com\/embed\/-I-GGee_DLc?feature=oembed&#038;width=840&#038;height=1000&#038;discover=1\" frameborder=\"0\" allow=\"accelerometer; autoplay; clipboard-write; encrypted-media; gyroscope; picture-in-picture\" allowfullscreen><\/iframe><\/p>\n<p><span class=\"font-377884\">En 1956, la reine \u00c9lisabeth II a re\u00e7u le dirigeant sovi\u00e9tique <strong>Nikita Khrouchtchev,<\/strong> puis en 1989, elle a re\u00e7u en audience <strong>Mikha\u00efl Gorbatchev<\/strong>, protagoniste de la dissolution de l&rsquo;Union sovi\u00e9tique et de la naissance de la F\u00e9d\u00e9ration de Russie, qui est d\u00e9c\u00e9d\u00e9 \u00e0 Moscou peu avant la reine le 30 ao\u00fbt 2022. En 1994, elle a \u00e9t\u00e9 l<strong>e premier monarque britannique de l&rsquo;histoire<\/strong> \u00e0 se rendre en Russie, accueillie par le pr\u00e9sident de l&rsquo;\u00e9poque <strong>Boris Eltsine,<\/strong> tandis qu&rsquo;en 2003, elle a rencontr\u00e9 le pr\u00e9sident russe <strong>Vladimir Poutine<\/strong> lors d&rsquo;une visite d&rsquo;\u00c9tat en Grande-Bretagne.<\/span><\/p>\n<p><iframe title=\"Russia - Elizabeth II Dinner At The Kremlin - 1994\" width=\"840\" height=\"473\" src=\"https:\/\/www.youtube.com\/embed\/iYzRJT_wr9M?start=57&#038;feature=oembed\" frameborder=\"0\" allow=\"accelerometer; autoplay; clipboard-write; encrypted-media; gyroscope; picture-in-picture\" allowfullscreen><\/iframe><\/p>\n<p><span class=\"font-377884\">En 1971, il re\u00e7oit l&rsquo;<strong>empereur japonais<\/strong> <strong>Hirohito<\/strong>, le premier empereur r\u00e9gnant \u00e0 voyager hors du Japon.<\/span><\/p>\n<p><iframe title=\"Queen Meets Emperor Hirohito In London\" width=\"840\" height=\"473\" src=\"https:\/\/www.youtube.com\/embed\/RF4JeyZbabQ?feature=oembed&#038;width=840&#038;height=1000&#038;discover=1\" frameborder=\"0\" allow=\"accelerometer; autoplay; clipboard-write; encrypted-media; gyroscope; picture-in-picture\" allowfullscreen><\/iframe><\/p>\n<p><span class=\"font-377884\">En 1972, la reine \u00c9lisabeth II s&rsquo;est rendue en <strong>ex-Yougoslavie,<\/strong> devenant ainsi le <strong>premier monarque britannique \u00e0 visiter un pays communiste<\/strong>. Au cours de son voyage, elle a \u00e9t\u00e9 re\u00e7ue \u00e0 l&rsquo;a\u00e9roport de Belgrade par le pr\u00e9sident de l&rsquo;\u00e9poque, <strong>Josip Broz Tito,<\/strong> et accueillie par une foule de milliers de personnes.<\/span><\/p>\n<figure id=\"attachment_224301\" aria-describedby=\"caption-attachment-224301\" style=\"width: 828px\" class=\"wp-caption aligncenter\"><a href=\"https:\/\/swissfederalism.ch\/fr\/la-regina-britannica-elisabetta-ii-e-josip-broz-tito-1972-a-belgrado-foto-stevan-kragujevic-per-gentile-concessione-dellartista-tanja-kragujevic-cc-by-sa-3-0-rs-via-wikimedia-commons-2\/\" rel=\"attachment wp-att-224301\"><img decoding=\"async\" class=\"size-large wp-image-224302\" src=\"https:\/\/swissfederalism.ch\/wp-content\/uploads\/2022\/09\/La-regina-britannica-Elisabetta-II-e-Josip-Broz-Tito-1972-a-Belgrado.Foto-Stevan-Kragujevic-per-gentile-concessione-dellartista-Tanja-Kragujevic-CC-BY-SA-3.0-RS-via-Wikimedia-Commons-828x1024.jpg\" alt=\"La regina britannica Elisabetta II e Josip Broz Tito, 1972, a Belgrado.Foto Stevan Kragujevi\u0107 (per gentile concessione dell'artista Tanja Kragujevi\u0107) CC BY-SA 3.0 RS, via Wikimedia Commons\" width=\"828\" height=\"1024\" srcset=\"https:\/\/swissfederalism.ch\/wp-content\/uploads\/2022\/09\/La-regina-britannica-Elisabetta-II-e-Josip-Broz-Tito-1972-a-Belgrado.Foto-Stevan-Kragujevic-per-gentile-concessione-dellartista-Tanja-Kragujevic-CC-BY-SA-3.0-RS-via-Wikimedia-Commons-828x1024.jpg 828w, https:\/\/swissfederalism.ch\/wp-content\/uploads\/2022\/09\/La-regina-britannica-Elisabetta-II-e-Josip-Broz-Tito-1972-a-Belgrado.Foto-Stevan-Kragujevic-per-gentile-concessione-dellartista-Tanja-Kragujevic-CC-BY-SA-3.0-RS-via-Wikimedia-Commons-242x300.jpg 242w, https:\/\/swissfederalism.ch\/wp-content\/uploads\/2022\/09\/La-regina-britannica-Elisabetta-II-e-Josip-Broz-Tito-1972-a-Belgrado.Foto-Stevan-Kragujevic-per-gentile-concessione-dellartista-Tanja-Kragujevic-CC-BY-SA-3.0-RS-via-Wikimedia-Commons-768x950.jpg 768w, https:\/\/swissfederalism.ch\/wp-content\/uploads\/2022\/09\/La-regina-britannica-Elisabetta-II-e-Josip-Broz-Tito-1972-a-Belgrado.Foto-Stevan-Kragujevic-per-gentile-concessione-dellartista-Tanja-Kragujevic-CC-BY-SA-3.0-RS-via-Wikimedia-Commons.jpg 1024w\" sizes=\"(max-width: 828px) 100vw, 828px\" \/><\/a><figcaption id=\"caption-attachment-224301\" class=\"wp-caption-text\"><span class=\"font-377884\">British Queen Elizabeth II and Josip Broz Tito, 1972, in Belgrade.Photo Stevan Kragujevi\u0107 (courtesy of the artistTanja Kragujevi\u0107) <a href=\"https:\/\/commons.wikimedia.org\/wiki\/File:Stevan_Kragujevic,_Elizabeth_II_i_Josip_Broz_Tito,1972,_u_Beogradu.jpg\">Stevan Kragujevi\u0107 <\/a>, <a href=\"https:\/\/creativecommons.org\/licenses\/by-sa\/3.0\/rs\/deed.en\">CC BY-SA 3.0 RS<\/a><br \/><\/span><\/figcaption><\/figure>\n<p><span class=\"font-377884\">En 1978, la reine \u00c9lisabeth II a re\u00e7u, avec une certaine r\u00e9ticence dit-on, le dictateur roumain <strong>Nicolae Ceausescu<\/strong> et son \u00e9pouse, invit\u00e9s en Grande-Bretagne par David Owen, alors ministre des Affaires \u00e9trang\u00e8res.<\/span><\/p>\n<p><span class=\"font-377884\">En 1980, \u00c9lisabeth II a rencontr\u00e9 le pr\u00e9sident de la Conf\u00e9d\u00e9ration helv\u00e9tique de l&rsquo;\u00e9poque, <strong>Georges-Andr\u00e9 Chevallaz<\/strong>, lors de sa seule visite d&rsquo;\u00c9tat dans le pays alpin. Plus tard, \u00e0 Londres, elle a rencontr\u00e9 d&rsquo;autres pr\u00e9sidents de la Conf\u00e9d\u00e9ration : <strong>Flavio Cotti, Samuel Schmid, Eveline Widmer-Schlumpf<\/strong> et<strong> Ignazio Cassis.<\/strong><\/span><\/p>\n<p><span class=\"font-377884\">En 1983, la reine \u00c9lisabeth II a rencontr\u00e9 <strong>M\u00e8re Teresa de Calcutta<\/strong> (1910 &#8211; 1997) et lui a conf\u00e9r\u00e9 la distinction de membre honoraire de l&rsquo;ordre du m\u00e9rite du Royaume-Uni.<\/span><\/p>\n<p><span class=\"font-377884\">En 1986, la reine Elizabeth II a rencontr\u00e9 le dirigeant communiste chinois <strong>Deng Xiaoping<\/strong> lors d&rsquo;une visite d&rsquo;\u00c9tat de six jours en <strong>Chine<\/strong>, devenant ainsi le premier monarque britannique \u00e0 se rendre dans ce pays. Il s&rsquo;agissait de l&rsquo;un des voyages les plus importants qu&rsquo;elle ait jamais effectu\u00e9s, \u00e0 un moment crucial de la diplomatie, lors des n\u00e9gociations entre le Royaume-Uni et la R\u00e9publique populaire de Chine sur la restitution de Hong Kong. Le bail de 99 ans de Hong Kong avait \u00e9t\u00e9 convenu en 1898, apr\u00e8s la signature de la convention de P\u00e9kin, et en d\u00e9cembre 1984, les premiers ministres Zhao Ziyang et Margaret Thatcher avaient sign\u00e9 la d\u00e9claration commune sino-britannique, en vertu de laquelle les Chinois reprendraient la souverainet\u00e9 sur le territoire \u00e0 compter du 1er juillet 1997. Cette visite a ouvert la voie \u00e0 d&rsquo;autres rencontres entre les dirigeants des deux pays qui ont renforc\u00e9 leur partenariat dans les ann\u00e9es suivantes. En 1998, elle a accueilli le Premier ministre chinois <strong>Zhu Rongji<\/strong> au ch\u00e2teau de Windsor, tandis qu&rsquo;en 1999, elle a accueilli le pr\u00e9sident chinois <strong>Jiang Zemin<\/strong> au palais de Buckingham (il a \u00e9t\u00e9 le premier pr\u00e9sident chinois \u00e0 effectuer une visite d&rsquo;\u00c9tat en Grande-Bretagne) puis en 2005, \u00e0 son invitation, elle a re\u00e7u le pr\u00e9sident Hu Jintao. En 2015, la reine Elizabeth II a accueilli le pr\u00e9sident chinois <strong>Xi Jinping<\/strong> \u00e0 Buckingham Palace. Cette visite a \u00e9t\u00e9 interpr\u00e9t\u00e9e comme l&rsquo;ouverture d&rsquo;un \u00ab\u00a0\u00e2ge d&rsquo;or\u00a0\u00bb dans les relations Chine-Bretagne, caract\u00e9ris\u00e9 par une coop\u00e9ration durable, inclusive et mutuellement b\u00e9n\u00e9fique.<\/span><\/p>\n<p><span class=\"font-377884\">En 1995, la reine \u00c9lisabeth II a effectu\u00e9 un voyage institutionnel en <strong>Afrique du Sud,<\/strong> d&rsquo;une grande port\u00e9e symbolique apr\u00e8s les d\u00e9cennies d&rsquo;apartheid, au cours duquel elle a rencontr\u00e9 le pr\u00e9sident <strong>Nelson Mandela<\/strong>, premier pr\u00e9sident sud-africain non blanc \u00e0 occuper cette fonction.<\/span><\/p>\n<p><iframe title=\"The Queen visits Cape Town, 1995\" width=\"840\" height=\"473\" src=\"https:\/\/www.youtube.com\/embed\/F-wsVTRt0Rs?feature=oembed&#038;width=840&#038;height=1000&#038;discover=1\" frameborder=\"0\" allow=\"accelerometer; autoplay; clipboard-write; encrypted-media; gyroscope; picture-in-picture\" allowfullscreen><\/iframe><\/p>\n<p><span class=\"font-377884\">En 2012, la reine Elizabeth II a \u00e9chang\u00e9 \u00e0 Belfast une poign\u00e9e de main historique avec <strong>Martin McGuinness,<\/strong> ancien commandant de l&rsquo;Arm\u00e9e r\u00e9publicaine irlandaise et num\u00e9ro deux du parti Sinn Fein, qui ne reconna\u00eet pas sa souverainet\u00e9 sur l&rsquo;Irlande du Nord &#8211; ce geste aurait \u00e9t\u00e9 inimaginable quelques ann\u00e9es plus t\u00f4t. L&rsquo;IRA avait \u00e9galement assassin\u00e9 en 1979 <em>Lord Louis Mountbatten,<\/em> son parent \u00e9loign\u00e9 et oncle de son mari le prince Philip. Leur poign\u00e9e de main a eu lieu 14 ans apr\u00e8s les accords de paix du Vendredi Saint qui ont mis fin \u00e0 trois d\u00e9cennies de conflit.<\/span><\/p>\n<p><iframe title=\"The Queen shakes hands with Martin McGuinness\" width=\"840\" height=\"473\" src=\"https:\/\/www.youtube.com\/embed\/MsiNA9aR4TU?feature=oembed&#038;width=840&#038;height=1000&#038;discover=1\" frameborder=\"0\" allow=\"accelerometer; autoplay; clipboard-write; encrypted-media; gyroscope; picture-in-picture\" allowfullscreen><\/iframe><\/p>\n<h2><span class=\"font-377884\">Les artistes qu&rsquo;elle a rencontr\u00e9s<\/span><\/h2>\n<p><span class=\"font-377884\">La reine a \u00e9galement rencontr\u00e9 certains des plus grands artistes des XXe et XXIe si\u00e8cles, tels que la chanteuse d&rsquo;op\u00e9ra <strong>Maria Callas,<\/strong> les acteurs <strong>Charlie Chaplin, Elizabeth Taylor, Laurence Olivier, Vivien Leigh, Marilyn Monroe et Brigitte Bardot,<\/strong> le danseur <strong>Rudolf Nureyev,<\/strong> les chanteurs <strong>Frank Sinatra, Elton John, Madonna, Michael Jackson, Lady Gaga, Paul McCartney, Eric Clapton, les Spice Girls, Bono de U2<\/strong> et l&rsquo;\u00e9crivain britannique <strong>Agatha Christie.<\/strong><\/span><\/p>\n<p><span class=\"font-377884\">Parmi les nombreuses personnes auxquelles la Reine a rendu des honneurs, citons <strong>Steven Spielberg<\/strong>, qui a \u00e9t\u00e9 nomm\u00e9 Chevalier de l&rsquo;Empire britannique, <strong>Angelina Jolie<\/strong>, \u00e0 qui elle a conf\u00e9r\u00e9 le titre de Dame honoraire de l&rsquo;Ordre de Saint-Michel et Saint-Georges, <strong>Angela Lansbury,<\/strong> plus connue sous le nom de Jessica Fletcher dans \u00ab\u00a0Murder She Wrote\u00a0\u00bb, nomm\u00e9e Commandeur de l&rsquo;Ordre de l&rsquo;Empire britannique, <strong>David Beckham<\/strong>, footballeur, nomm\u00e9 Officier de l&rsquo;Ordre de l&rsquo;Empire britannique.<\/span><\/p>\n<h2><span class=\"font-377884\">Fun\u00e9railles<\/span><\/h2>\n<p><span class=\"font-377884\">Les fun\u00e9railles de la reine \u00c9lisabeth II ont eu lieu le 19 septembre 2022 \u00e0 l&rsquo;abbaye de Westminster \u00e0 Londres. Outre la famille royale, presque <strong>tous les chefs d&rsquo;\u00c9tat et les t\u00eates couronn\u00e9es du monde<\/strong> y ont assist\u00e9, et environ un million de personnes ont rejoint la ville pour y assister.<\/span><\/p>\n<p><span class=\"font-377884\">Les fun\u00e9railles d&rsquo;Elizabeth II ont \u00e9galement \u00e9t\u00e9 <strong>les premi\u00e8res, pour un monarque britannique<\/strong>, \u00e0 \u00eatre t\u00e9l\u00e9vis\u00e9es et ont \u00e9t\u00e9 suivies par plus de 26 millions de personnes.<\/span><\/p>\n<p><span class=\"font-377884\">Son long r\u00e8gne, qui s&rsquo;\u00e9tend sur deux si\u00e8cles et au cours duquel elle a r\u00e9alis\u00e9 plusieurs premi\u00e8res, a fait d&rsquo;elle l&rsquo;une des personnalit\u00e9s les plus populaires au monde.<\/span><\/p>\n<p><span class=\"font-377884\">La reine a \u00e9t\u00e9 enterr\u00e9e aux c\u00f4t\u00e9s de son mari, le prince Philip, et de ses parents, le roi George VI et Elizabeth Bowes-Lyon, dans la <strong>chapelle comm\u00e9morative du roi George VI,<\/strong> dans le parc du ch\u00e2teau de Windsor, apr\u00e8s dix jours de deuil national, mettant ainsi d\u00e9finitivement fin \u00e0 l&rsquo;\u00e8re \u00ab\u00a0\u00e9lisab\u00e9thaine\u00a0\u00bb et entamant le r\u00e8gne de Charles III.<\/span><\/p>\n<p><iframe title=\"Queen Elizabeth II&#039;s funeral in less than five minutes\" width=\"840\" height=\"473\" src=\"https:\/\/www.youtube.com\/embed\/GPpRHrJv-gY?feature=oembed&#038;width=840&#038;height=1000&#038;discover=1\" frameborder=\"0\" allow=\"accelerometer; autoplay; clipboard-write; encrypted-media; gyroscope; picture-in-picture\" allowfullscreen><\/iframe><\/p>\n<h2><span class=\"font-377884\">Succession<\/span><\/h2>\n<p><span class=\"font-377884\">Son fils <strong>Charles<\/strong>, \u00e2g\u00e9 de 73 ans, succ\u00e8de \u00e0 \u00c9lisabeth II sous le nom de \u00ab\u00a0Charles III\u00a0\u00bb, tandis que le <strong>prince William,<\/strong> petit-fils de la reine \u00e2g\u00e9 de 40 ans, devient l&rsquo;h\u00e9ritier du tr\u00f4ne et que le <strong>prince George<\/strong>, \u00e2g\u00e9 de 9 ans, sera d\u00e9sormais le second en ligne.<\/span><\/p>\n<p>&nbsp;<\/p>\n","protected":false},"excerpt":{"rendered":"<p>Peu apr\u00e8s Mikha\u00efl Gorbatchev, le dernier pr\u00e9sident de l&rsquo;ancienne Union sovi\u00e9tique, la reine Elizabeth II du Royaume-Uni nous a \u00e9galement quitt\u00e9s \u00e0 l&rsquo;\u00e2ge de 96 ans et apr\u00e8s 70 ans de r\u00e8gne.<\/p>\n","protected":false},"author":9,"featured_media":224363,"comment_status":"open","ping_status":"closed","sticky":false,"template":"","format":"standard","meta":{"footnotes":""},"categories":[277,308,303,209,794],"tags":[2255,1788,2250,1097],"class_list":["post-224526","post","type-post","status-publish","format-standard","has-post-thumbnail","hentry","category-europe-fr","category-faits-marquants","category-histoire","category-les-magazines","category-royaume-uni-de-grande-bretagne-et-dirlande-du-nord","tag-commonwealth-fr","tag-histoire","tag-reine-elizabeth-ii","tag-royaume-uni"],"_links":{"self":[{"href":"https:\/\/swissfederalism.ch\/fr\/wp-json\/wp\/v2\/posts\/224526","targetHints":{"allow":["GET"]}}],"collection":[{"href":"https:\/\/swissfederalism.ch\/fr\/wp-json\/wp\/v2\/posts"}],"about":[{"href":"https:\/\/swissfederalism.ch\/fr\/wp-json\/wp\/v2\/types\/post"}],"author":[{"embeddable":true,"href":"https:\/\/swissfederalism.ch\/fr\/wp-json\/wp\/v2\/users\/9"}],"replies":[{"embeddable":true,"href":"https:\/\/swissfederalism.ch\/fr\/wp-json\/wp\/v2\/comments?post=224526"}],"version-history":[{"count":2,"href":"https:\/\/swissfederalism.ch\/fr\/wp-json\/wp\/v2\/posts\/224526\/revisions"}],"predecessor-version":[{"id":224530,"href":"https:\/\/swissfederalism.ch\/fr\/wp-json\/wp\/v2\/posts\/224526\/revisions\/224530"}],"wp:featuredmedia":[{"embeddable":true,"href":"https:\/\/swissfederalism.ch\/fr\/wp-json\/wp\/v2\/media\/224363"}],"wp:attachment":[{"href":"https:\/\/swissfederalism.ch\/fr\/wp-json\/wp\/v2\/media?parent=224526"}],"wp:term":[{"taxonomy":"category","embeddable":true,"href":"https:\/\/swissfederalism.ch\/fr\/wp-json\/wp\/v2\/categories?post=224526"},{"taxonomy":"post_tag","embeddable":true,"href":"https:\/\/swissfederalism.ch\/fr\/wp-json\/wp\/v2\/tags?post=224526"}],"curies":[{"name":"wp","href":"https:\/\/api.w.org\/{rel}","templated":true}]}}