{"id":224519,"date":"2022-10-03T08:14:44","date_gmt":"2022-10-03T08:14:44","guid":{"rendered":"https:\/\/swissfederalism.ch\/piu-acqua-per-la-produzione-di-energia-elettrica\/"},"modified":"2022-10-03T08:44:32","modified_gmt":"2022-10-03T08:44:32","slug":"plus-deau-pour-la-production-delectricite","status":"publish","type":"post","link":"https:\/\/swissfederalism.ch\/fr\/plus-deau-pour-la-production-delectricite\/","title":{"rendered":"Plus d&rsquo;eau pour la production d&rsquo;\u00e9lectricit\u00e9"},"content":{"rendered":"<div class=\"contentHead\">\n<h1><span class=\"font-377884\">Plus d&rsquo;eau pour la production d&rsquo;\u00e9lectricit\u00e9<\/span><\/h1>\n<\/div>\n<div class=\"mod mod-nsbnewsdetails\">\n<h3><em><span class=\"font-377884\">Le Conseil f\u00e9d\u00e9ral a approuv\u00e9, lors de sa s\u00e9ance du 30 septembre 2022, une nouvelle mesure visant \u00e0 renforcer la s\u00e9curit\u00e9 de l&rsquo;approvisionnement en \u00e9lectricit\u00e9 en permettant d&rsquo;augmenter la production d&rsquo;\u00e9lectricit\u00e9 de 150 GWh au maximum pendant sept mois.\u00a0<\/span><\/em><\/h3>\n<figure id=\"attachment_132359\" aria-describedby=\"caption-attachment-132359\" style=\"width: 840px\" class=\"wp-caption aligncenter\"><a href=\"https:\/\/swissfederalism.ch\/fr\/hydroelectricite-suisse\/hydropower-plant-g94c74e01f_1920-2\/\" rel=\"attachment wp-att-132359\"><img decoding=\"async\" class=\"size-large wp-image-132359\" src=\"https:\/\/swissfederalism.ch\/wp-content\/uploads\/2022\/05\/hydropower-plant-g94c74e01f_1920-1024x683.jpg\" alt=\"Una centrale idroelettrica\" width=\"840\" height=\"560\" srcset=\"https:\/\/swissfederalism.ch\/wp-content\/uploads\/2022\/05\/hydropower-plant-g94c74e01f_1920-1024x683.jpg 1024w, https:\/\/swissfederalism.ch\/wp-content\/uploads\/2022\/05\/hydropower-plant-g94c74e01f_1920-300x200.jpg 300w, https:\/\/swissfederalism.ch\/wp-content\/uploads\/2022\/05\/hydropower-plant-g94c74e01f_1920-768x512.jpg 768w, https:\/\/swissfederalism.ch\/wp-content\/uploads\/2022\/05\/hydropower-plant-g94c74e01f_1920-1536x1024.jpg 1536w, https:\/\/swissfederalism.ch\/wp-content\/uploads\/2022\/05\/hydropower-plant-g94c74e01f_1920.jpg 1920w\" sizes=\"(max-width: 840px) 100vw, 840px\" \/><\/a><figcaption id=\"caption-attachment-132359\" class=\"wp-caption-text\">Une centrale hydro\u00e9lectrique<\/figcaption><\/figure>\n<p><span class=\"font-377884\">L&rsquo;ordonnance est entr\u00e9e en vigueur le 1er octobre 2022 et concerne les centrales hydro\u00e9lectriques qui r\u00e9pondent \u00e0 des exigences \u00e9cologiques \u00e9lev\u00e9es et qui pourront utiliser davantage d&rsquo;eau pour la production d&rsquo;\u00e9lectricit\u00e9.<\/span><\/p>\n<p><span class=\"font-377884\">Ces derniers mois, le Conseil f\u00e9d\u00e9ral a pris plusieurs mesures visant \u00e0 r\u00e9duire au minimum le risque de p\u00e9nurie d&rsquo;\u00e9nergie cet hiver, par exemple l&rsquo;instauration d&rsquo;une r\u00e9serve hydro\u00e9lectrique, le recours \u00e0 des centrales de r\u00e9serve, un mandat pour acqu\u00e9rir des r\u00e9serves de gaz suppl\u00e9mentaires ainsi qu&rsquo;une campagne d&rsquo;\u00e9conomies. Lors de sa s\u00e9ance du 30 septembre 2022, il a en outre d\u00e9cid\u00e9 que certaines centrales hydro\u00e9lectriques disposeraient d\u2019une plus grande quantit\u00e9 d&rsquo;eau pour leur production durant sept mois, entre le 1er octobre 2022 et le 30 avril 2023. Le d\u00e9bit r\u00e9siduel que ces derni\u00e8res doivent respecter pourra \u00eatre abaiss\u00e9 temporairement \u00e0 cette fin.<\/span><\/p>\n<p><span class=\"font-377884\">Cette disposition s&rsquo;applique aux centrales auxquelles une nouvelle concession a \u00e9t\u00e9 octroy\u00e9e apr\u00e8s 1992 et qui, pour des raisons \u00e9cologiques, permettent des d\u00e9bits r\u00e9siduels plus \u00e9lev\u00e9s que les quantit\u00e9s minimales prescrites par la loi. Elle concerne environ 45 des quelque 1500 centrales hydro\u00e9lectriques que la Suisse compte au total. Gr\u00e2ce \u00e0 cette mesure, le Conseil f\u00e9d\u00e9ral table sur une augmentation de la production d&rsquo;\u00e9lectricit\u00e9 de 150 GWh au maximum. Cette hausse correspond \u00e0 peu pr\u00e8s \u00e0 la production annuelle d&rsquo;une centrale au fil de l&rsquo;eau sur l&rsquo;Aar ou \u00e0 30 % de la r\u00e9serve hydro\u00e9lectrique que les lacs d\u2019accumulation suisses doivent, sur d\u00e9cision du Conseil f\u00e9d\u00e9ral, constituer pour cet hiver.<\/span><\/p>\n<p><span class=\"font-377884\"><a href=\"https:\/\/swissfederalism.ch\/fr\/hydroelectricite-suisse\/\"><strong>Hydro\u00e9lectricit\u00e9 en Suisse<\/strong><\/a><\/span>&nbsp;<\/p>\n<figure id=\"attachment_132363\" aria-describedby=\"caption-attachment-132363\" style=\"width: 840px\" class=\"wp-caption aligncenter\"><a href=\"https:\/\/swissfederalism.ch\/fr\/hydroelectricite-suisse\/reservoir-ga44c0de3d_1920-2\/\" rel=\"attachment wp-att-132363\"><img decoding=\"async\" class=\"size-large wp-image-132363\" src=\"https:\/\/swissfederalism.ch\/wp-content\/uploads\/2022\/05\/reservoir-ga44c0de3d_1920-1024x576.jpg\" alt=\"Il serbatorio di una diga di montagna\" width=\"840\" height=\"473\" srcset=\"https:\/\/swissfederalism.ch\/wp-content\/uploads\/2022\/05\/reservoir-ga44c0de3d_1920-1024x576.jpg 1024w, https:\/\/swissfederalism.ch\/wp-content\/uploads\/2022\/05\/reservoir-ga44c0de3d_1920-300x169.jpg 300w, https:\/\/swissfederalism.ch\/wp-content\/uploads\/2022\/05\/reservoir-ga44c0de3d_1920-768x432.jpg 768w, https:\/\/swissfederalism.ch\/wp-content\/uploads\/2022\/05\/reservoir-ga44c0de3d_1920-1536x864.jpg 1536w, https:\/\/swissfederalism.ch\/wp-content\/uploads\/2022\/05\/reservoir-ga44c0de3d_1920.jpg 1920w\" sizes=\"(max-width: 840px) 100vw, 840px\" \/><\/a><figcaption id=\"caption-attachment-132363\" class=\"wp-caption-text\"><\/span> <span class=\"font-377884\">Le r\u00e9servoir d&rsquo;un barrage de montagne<\/span><\/figcaption><\/figure>\n<h2><span class=\"font-377884\">Cons\u00e9quences sur l&rsquo;environnement<b><\/b><\/span><\/h2>\n<p><span class=\"font-377884\">La loi f\u00e9d\u00e9rale sur la protection des eaux (LEaux) fixe, sur la base de param\u00e8tres hydrologiques, le d\u00e9bit r\u00e9siduel minimal n\u00e9cessaire \u00e0 l\u2019endroit des centrales hydro\u00e9lectriques. Ce d\u00e9bit est augment\u00e9 en vertu de la LEaux dans diff\u00e9rents cas de figure. L&rsquo;ordonnance adopt\u00e9e aujourd&rsquo;hui par le Conseil f\u00e9d\u00e9ral pr\u00e9voit que le d\u00e9bit r\u00e9siduel sera r\u00e9duit au niveau minimal n\u00e9cessaire pour une dur\u00e9e de sept mois \u00e0 l\u2019endroit des 45\u00a0centrales hydro\u00e9lectriques qui satisfont \u00e0 des exigences \u00e9cologiques accrues.<\/span><\/p>\n<p><span class=\"font-377884\">\u00c9tant donn\u00e9 que cette r\u00e9duction est limit\u00e9e dans le temps, le Conseil f\u00e9d\u00e9ral consid\u00e8re que les cons\u00e9quences sur l&rsquo;environnement sont acceptables et proportionn\u00e9es en comparaison de leur utilit\u00e9 \u00e9conomique. Il faut avant tout s&rsquo;attendre \u00e0 des restrictions temporaires de la migration des poissons, ce qui peut rendre la reproduction des effectifs de poissons plus difficile en 2023. Toutefois, seule l\u2019application \u00e0 long terme de cette disposition aurait des cons\u00e9quences irr\u00e9versibles pour la biodiversit\u00e9, l&rsquo;approvisionnement en eau ou la qualit\u00e9 de l&rsquo;eau.<\/span><\/p>\n<p><span class=\"font-377884\">La mise en \u0153uvre de l&rsquo;ordonnance incombe aux cantons et, s&rsquo;agissant des centrales transfrontali\u00e8res, \u00e0 l&rsquo;Office f\u00e9d\u00e9ral de l&rsquo;\u00e9nergie. Le Conseil f\u00e9d\u00e9ral recommande en outre aux cantons d&rsquo;examiner des mesures compl\u00e9mentaires qui rel\u00e8vent de leur comp\u00e9tence telles que la hausse temporaire du niveau d&rsquo;eau de la retenue des centrales au fil de l&rsquo;eau, pour autant qu&rsquo;il n&rsquo;en r\u00e9sulte aucun dommage collat\u00e9ral, ainsi que l&rsquo;autorisation, pour une dur\u00e9e limit\u00e9e, d&rsquo;une exploitation optimis\u00e9e des centrales hydro\u00e9lectriques allant au-del\u00e0 de ce que pr\u00e9voit la concession.<\/span><\/p>\n<\/div>\n","protected":false},"excerpt":{"rendered":"<p>Le Conseil f\u00e9d\u00e9ral a approuv\u00e9, lors de sa s\u00e9ance du 30 septembre 2022, une nouvelle mesure visant \u00e0 renforcer la s\u00e9curit\u00e9 de l&rsquo;approvisionnement en \u00e9lectricit\u00e9 en permettant d&rsquo;augmenter la production d&rsquo;\u00e9lectricit\u00e9 de 150 GWh au maximum pendant sept mois.\u00a0<\/p>\n","protected":false},"author":9,"featured_media":132361,"comment_status":"open","ping_status":"closed","sticky":false,"template":"","format":"standard","meta":{"footnotes":""},"categories":[1700,308,209,294],"tags":[497,1981,1317,816,687],"class_list":["post-224519","post","type-post","status-publish","format-standard","has-post-thumbnail","hentry","category-environnement","category-faits-marquants","category-les-magazines","category-suisse","tag-cantons","tag-eau","tag-energie","tag-environnement-2","tag-suisse-2"],"_links":{"self":[{"href":"https:\/\/swissfederalism.ch\/fr\/wp-json\/wp\/v2\/posts\/224519","targetHints":{"allow":["GET"]}}],"collection":[{"href":"https:\/\/swissfederalism.ch\/fr\/wp-json\/wp\/v2\/posts"}],"about":[{"href":"https:\/\/swissfederalism.ch\/fr\/wp-json\/wp\/v2\/types\/post"}],"author":[{"embeddable":true,"href":"https:\/\/swissfederalism.ch\/fr\/wp-json\/wp\/v2\/users\/9"}],"replies":[{"embeddable":true,"href":"https:\/\/swissfederalism.ch\/fr\/wp-json\/wp\/v2\/comments?post=224519"}],"version-history":[{"count":3,"href":"https:\/\/swissfederalism.ch\/fr\/wp-json\/wp\/v2\/posts\/224519\/revisions"}],"predecessor-version":[{"id":224522,"href":"https:\/\/swissfederalism.ch\/fr\/wp-json\/wp\/v2\/posts\/224519\/revisions\/224522"}],"wp:featuredmedia":[{"embeddable":true,"href":"https:\/\/swissfederalism.ch\/fr\/wp-json\/wp\/v2\/media\/132361"}],"wp:attachment":[{"href":"https:\/\/swissfederalism.ch\/fr\/wp-json\/wp\/v2\/media?parent=224519"}],"wp:term":[{"taxonomy":"category","embeddable":true,"href":"https:\/\/swissfederalism.ch\/fr\/wp-json\/wp\/v2\/categories?post=224519"},{"taxonomy":"post_tag","embeddable":true,"href":"https:\/\/swissfederalism.ch\/fr\/wp-json\/wp\/v2\/tags?post=224519"}],"curies":[{"name":"wp","href":"https:\/\/api.w.org\/{rel}","templated":true}]}}