{"id":161339,"date":"2022-09-01T18:58:10","date_gmt":"2022-09-01T18:58:10","guid":{"rendered":"https:\/\/swissfederalism.ch\/mikhail-gorbachev-and-a-part-of-history-goes-away\/"},"modified":"2022-09-02T09:54:34","modified_gmt":"2022-09-02T09:54:34","slug":"mikhail-gorbatchev-et-une-partie-de-lhistoire-sen-va","status":"publish","type":"post","link":"https:\/\/swissfederalism.ch\/fr\/mikhail-gorbatchev-et-une-partie-de-lhistoire-sen-va\/","title":{"rendered":"Mikhail Gorbatchev et une partie de l&rsquo;histoire s&rsquo;en va"},"content":{"rendered":"<h1><span class=\"font-377884\">Mikhail Gorbatchev et une partie de l&rsquo;histoire s&rsquo;en va<\/span><\/h1>\n<h3><span class=\"font-377884\"><em>Mikha\u00efl Gorbatchev est mort \u00e0 Moscou le 30 ao\u00fbt 2022. Avec ses politiques, il a mis fin \u00e0 la guerre froide et a \u00e9t\u00e9 l&rsquo;un des principaux protagonistes de changements radicaux en Russie et dans le monde.<\/em><\/span><\/h3>\n<figure id=\"attachment_161307\" aria-describedby=\"caption-attachment-161307\" style=\"width: 729px\" class=\"wp-caption aligncenter\"><a href=\"https:\/\/swissfederalism.ch\/fr\/mikhail-gorbachev-03-12-1989-ria-novosti-archive-image-29280-yuriy-somov-photo-processing-roman-kubanskiy-cc-by-sa-3-0-2\/\" rel=\"attachment wp-att-161307\"><img decoding=\"async\" class=\"wp-image-161308 size-large\" src=\"https:\/\/swissfederalism.ch\/wp-content\/uploads\/2022\/09\/Mikhail-Gorbachev-03-12-1989-RIA-Novosti-archive-image-29280-Yuriy-Somov-photo-processing-Roman-Kubanskiy-CC-BY-SA-3.0-729x1024.png\" alt=\"Mikhail Gorbachev foto del 03-12-1989 RIA Novosti archive, image 29280 Yuriy Somov (photo processing Roman Kubanskiy) CC-BY-SA 3.0\" width=\"729\" height=\"1024\" srcset=\"https:\/\/swissfederalism.ch\/wp-content\/uploads\/2022\/09\/Mikhail-Gorbachev-03-12-1989-RIA-Novosti-archive-image-29280-Yuriy-Somov-photo-processing-Roman-Kubanskiy-CC-BY-SA-3.0-729x1024.png 729w, https:\/\/swissfederalism.ch\/wp-content\/uploads\/2022\/09\/Mikhail-Gorbachev-03-12-1989-RIA-Novosti-archive-image-29280-Yuriy-Somov-photo-processing-Roman-Kubanskiy-CC-BY-SA-3.0-214x300.png 214w, https:\/\/swissfederalism.ch\/wp-content\/uploads\/2022\/09\/Mikhail-Gorbachev-03-12-1989-RIA-Novosti-archive-image-29280-Yuriy-Somov-photo-processing-Roman-Kubanskiy-CC-BY-SA-3.0-768x1079.png 768w, https:\/\/swissfederalism.ch\/wp-content\/uploads\/2022\/09\/Mikhail-Gorbachev-03-12-1989-RIA-Novosti-archive-image-29280-Yuriy-Somov-photo-processing-Roman-Kubanskiy-CC-BY-SA-3.0.png 800w\" sizes=\"(max-width: 729px) 100vw, 729px\" \/><\/a><figcaption id=\"caption-attachment-161307\" class=\"wp-caption-text\"><span class=\"font-377884\">Mikhail Gorbachev photo of 03-12-1989 Photo by <span class=\"licensetpl_attr\">RIA Novosti archive, image #29280 \/ Yuriy Somov \/ CC-BY-SA 3.0<\/span> (photo processing <span class=\"mw-mmv-source-author\"><span class=\"mw-mmv-author mw-mmv-source\"> <a title=\"User:Roman Kubanskiy\" href=\"https:\/\/commons.wikimedia.org\/wiki\/User:Roman_Kubanskiy\">Roman Kubanskiy<\/a>) <br \/><\/span><\/span><\/span><\/figcaption><\/figure>\n<h2><span class=\"font-377884\">Br\u00e8ve biographie<\/span><\/h2>\n<p><span class=\"font-377884\"><strong>Mikha\u00efl Sergeevi\u010d Gorba\u010d\u00ebv,<\/strong> \u00e9galement connu sous le nom de <strong>Mikha\u00efl Gorbatchev<\/strong> ou simplement <strong>Gorby<\/strong> est n\u00e9 \u00e0 Privolnoye le 2 mars 1931, de Sergey Andreyevich Gorbatchev et Maria Panteleyevna Gorbatchev dans une famille de paysans pauvres d&rsquo;origine russe et ukrainienne, est un homme politique de l&rsquo;ancienne Union sovi\u00e9tique devenue la Russie \u00e0 partir de 1991 et le dernier secr\u00e9taire g\u00e9n\u00e9ral du Parti communiste.<\/span><\/p>\n<p><span class=\"font-377884\">En 1952, Gorbatchev rejoint le parti communiste et commence ses \u00e9tudes \u00e0 l&rsquo;universit\u00e9 d&rsquo;\u00c9tat de Moscou, o\u00f9 il obtient un dipl\u00f4me de droit en 1955. En 1953, il rencontre et \u00e9pouse une autre \u00e9tudiante,<strong> Raissa Maximowna Titarenko,<\/strong> qui deviendra<strong> Raissa Maximowna Gorbatschowa.<\/strong><\/span><\/p>\n<p><span class=\"font-377884\">Gr\u00e2ce \u00e0 sa politique, il a mis fin \u00e0 la guerre froide et a \u00e9t\u00e9 l&rsquo;auteur de deux r\u00e9formes majeures qui ont radicalement chang\u00e9 non seulement la Russie, mais un peu toute la politique et la g\u00e9ographie mondiales.<\/span><\/p>\n<figure id=\"attachment_161312\" aria-describedby=\"caption-attachment-161312\" style=\"width: 673px\" class=\"wp-caption aligncenter\"><a href=\"https:\/\/swissfederalism.ch\/fr\/c32025-25-2\/\" rel=\"attachment wp-att-161312\"><img decoding=\"async\" class=\"size-large wp-image-161313\" src=\"https:\/\/swissfederalism.ch\/wp-content\/uploads\/2022\/09\/President-Ronald-Reagan-Greeting-Mikhail-Gorbachev-at-Villa-Fleur-DEau-During-Their-First-Meeting-a-The-Geneval-Summit-@-Series-Reagan-White-House-Photographs-1201981-1201989-673x1024.jpg\" alt=\"President Ronald Reagan Greeting Mikhail Gorbachev at Villa Fleur D'Eau During Their First Meeting a The Geneval Summit @ Series: Reagan White House Photographs, 1\/20\/1981 - 1\/20\/1989\" width=\"673\" height=\"1024\" srcset=\"https:\/\/swissfederalism.ch\/wp-content\/uploads\/2022\/09\/President-Ronald-Reagan-Greeting-Mikhail-Gorbachev-at-Villa-Fleur-DEau-During-Their-First-Meeting-a-The-Geneval-Summit-@-Series-Reagan-White-House-Photographs-1201981-1201989-673x1024.jpg 673w, https:\/\/swissfederalism.ch\/wp-content\/uploads\/2022\/09\/President-Ronald-Reagan-Greeting-Mikhail-Gorbachev-at-Villa-Fleur-DEau-During-Their-First-Meeting-a-The-Geneval-Summit-@-Series-Reagan-White-House-Photographs-1201981-1201989-197x300.jpg 197w, https:\/\/swissfederalism.ch\/wp-content\/uploads\/2022\/09\/President-Ronald-Reagan-Greeting-Mikhail-Gorbachev-at-Villa-Fleur-DEau-During-Their-First-Meeting-a-The-Geneval-Summit-@-Series-Reagan-White-House-Photographs-1201981-1201989-768x1169.jpg 768w, https:\/\/swissfederalism.ch\/wp-content\/uploads\/2022\/09\/President-Ronald-Reagan-Greeting-Mikhail-Gorbachev-at-Villa-Fleur-DEau-During-Their-First-Meeting-a-The-Geneval-Summit-@-Series-Reagan-White-House-Photographs-1201981-1201989-1010x1536.jpg 1010w, https:\/\/swissfederalism.ch\/wp-content\/uploads\/2022\/09\/President-Ronald-Reagan-Greeting-Mikhail-Gorbachev-at-Villa-Fleur-DEau-During-Their-First-Meeting-a-The-Geneval-Summit-@-Series-Reagan-White-House-Photographs-1201981-1201989-1346x2048.jpg 1346w, https:\/\/swissfederalism.ch\/wp-content\/uploads\/2022\/09\/President-Ronald-Reagan-Greeting-Mikhail-Gorbachev-at-Villa-Fleur-DEau-During-Their-First-Meeting-a-The-Geneval-Summit-@-Series-Reagan-White-House-Photographs-1201981-1201989-scaled.jpg 1683w\" sizes=\"(max-width: 673px) 100vw, 673px\" \/><\/a><figcaption id=\"caption-attachment-161312\" class=\"wp-caption-text\"><span class=\"font-377884\">President Ronald Reagan Greeting Mikhail Gorbachev at Villa Fleur D&rsquo;Eau During Their First Meeting at The Geneval Summit in 1985 &#8211; <span class=\"text-left\"><a href=\"https:\/\/catalog.archives.gov\/id\/198505\">Series: Reagan White House Photographs, 1\/20\/1981 &#8211; 1\/20\/1989<\/a><\/span><span class=\"text-left\"><a href=\"https:\/\/catalog.archives.gov\/id\/1192\">Collection: White House Photographic Collection, 1\/20\/1981 &#8211; 1\/20\/1989<\/a><\/span> Photo by <span class=\"ng-binding\">Michael J Goodwin (NARA Staff)&rsquo;s <\/span><\/span><\/figcaption><\/figure>\n<h2><span class=\"font-377884\"><b>Perestrojka<\/b><\/span><\/h2>\n<p><span class=\"font-377884\">Le terme perestro\u00efka, qui signifie en traduction <em>reconstruction <\/em>ou <em>restructuration<\/em>, est utilis\u00e9 pour d\u00e9signer une s\u00e9rie de r\u00e9formes initi\u00e9es par les dirigeants de l&rsquo;ancienne Union sovi\u00e9tique au milieu des ann\u00e9es 1980, visant \u00e0 r\u00e9organiser l&rsquo;\u00e9conomie et la structure politique et sociale du pays. Les principaux points de cette r\u00e9forme \u00e9taient<\/span><\/p>\n<ul>\n<li><span class=\"font-377884\">la privatisation de nombreux secteurs \u00e9conomiques d&rsquo;\u00c9tat<\/span><\/li>\n<li><span class=\"font-377884\">la libert\u00e9 d&rsquo;information,<\/span><\/li>\n<li><span class=\"font-377884\">la r\u00e9duction du contr\u00f4le militaire et politique sur les pays de l&rsquo;Est,<\/span><\/li>\n<li><span class=\"font-377884\">les trait\u00e9s avec les \u00c9tats-Unis sur le d\u00e9sarmement des missiles.<\/span><\/li>\n<\/ul>\n<p><span class=\"font-377884\">Les relations avec les autres pays du monde se sont \u00e9galement am\u00e9lior\u00e9es, notamment avec les \u00c9tats-Unis et la CEE, tandis que le retrait des troupes d&rsquo;Afghanistan et de Mongolie a mis fin \u00e0 la longue p\u00e9riode de crise entre l&rsquo;ex-URSS et la Chine.<\/span><\/p>\n<p><span class=\"font-377884\">Ces r\u00e9formes ont \u00e9galement entra\u00een\u00e9 des changements dans les relations entre l&rsquo;\u00c9glise et l&rsquo;\u00c9tat, qui se sont traduits par plusieurs rencontres de Gorbatchev avec des patriarches orthodoxes et des repr\u00e9sentants d&rsquo;autres confessions. Les b\u00e2timents de culte pr\u00e9c\u00e9demment retir\u00e9s de cette fonction ont \u00e9t\u00e9 restitu\u00e9s et la construction de nouvelles \u00e9glises a \u00e9t\u00e9 autoris\u00e9e.<\/span><\/p>\n<h2><span class=\"font-377884\"><i><b>Glasnost&rsquo;<\/b><\/i><\/span><\/h2>\n<p><span class=\"font-377884\">Le terme \u00ab\u00a0Glasnost\u00a0\u00bb signifie \u00ab\u00a0<em>domaine public<\/em>\u00a0\u00bb ou \u00ab\u00a0<em>transparence<\/em>\u00ab\u00a0. Il s&rsquo;agit d&rsquo;une r\u00e9forme introduite par Gorbatchev dans la seconde moiti\u00e9 des ann\u00e9es 1980, fond\u00e9e sur la transparence des relations et des d\u00e9cisions socio-politiques et la libert\u00e9 d&rsquo;expression. Les principaux points de cette r\u00e9forme \u00e9taient :<\/span><\/p>\n<ul>\n<li><span class=\"font-377884\">l&rsquo;ouverture des archives historiques,<\/span><\/li>\n<li><span class=\"font-377884\">la publication de livres jusqu&rsquo;alors interdits,<\/span><\/li>\n<li><span class=\"font-377884\">diminution de la censure<\/span><\/li>\n<\/ul>\n<p><span class=\"font-377884\">En 1986, Gorbatchev, poussant \u00e0 une plus grande lib\u00e9ralisation, r\u00e9habilite le principal dissident sovi\u00e9tique, Andrei Sakharov.<\/span><\/p>\n<figure id=\"attachment_161316\" aria-describedby=\"caption-attachment-161316\" style=\"width: 840px\" class=\"wp-caption aligncenter\"><a href=\"https:\/\/swissfederalism.ch\/fr\/c32157-19a-2\/\" rel=\"attachment wp-att-161316\"><img decoding=\"async\" class=\"size-large wp-image-161317\" src=\"https:\/\/swissfederalism.ch\/wp-content\/uploads\/2022\/09\/President-Ronald-Reagan-Meeting-with-Soviet-General-Secretary-Gorbachev-at-Maison-De-Saussure-During-The-Geneva-Summit-@Series-Reagan-White-House-Photographs-1024x680.jpg\" alt=\"President Reagan meeting with Soviet General Secretary Gorbachev at Maison de Saussure during the Geneva Summit in 1985 @ President (1981-1989 : Reagan). White House Photographic Office. 1981-1989 Photo by Michael J Goodwin (NARA Staff)'s\" width=\"840\" height=\"558\" srcset=\"https:\/\/swissfederalism.ch\/wp-content\/uploads\/2022\/09\/President-Ronald-Reagan-Meeting-with-Soviet-General-Secretary-Gorbachev-at-Maison-De-Saussure-During-The-Geneva-Summit-@Series-Reagan-White-House-Photographs-1024x680.jpg 1024w, https:\/\/swissfederalism.ch\/wp-content\/uploads\/2022\/09\/President-Ronald-Reagan-Meeting-with-Soviet-General-Secretary-Gorbachev-at-Maison-De-Saussure-During-The-Geneva-Summit-@Series-Reagan-White-House-Photographs-300x199.jpg 300w, https:\/\/swissfederalism.ch\/wp-content\/uploads\/2022\/09\/President-Ronald-Reagan-Meeting-with-Soviet-General-Secretary-Gorbachev-at-Maison-De-Saussure-During-The-Geneva-Summit-@Series-Reagan-White-House-Photographs-768x510.jpg 768w, https:\/\/swissfederalism.ch\/wp-content\/uploads\/2022\/09\/President-Ronald-Reagan-Meeting-with-Soviet-General-Secretary-Gorbachev-at-Maison-De-Saussure-During-The-Geneva-Summit-@Series-Reagan-White-House-Photographs-1536x1021.jpg 1536w, https:\/\/swissfederalism.ch\/wp-content\/uploads\/2022\/09\/President-Ronald-Reagan-Meeting-with-Soviet-General-Secretary-Gorbachev-at-Maison-De-Saussure-During-The-Geneva-Summit-@Series-Reagan-White-House-Photographs-2048x1361.jpg 2048w, https:\/\/swissfederalism.ch\/wp-content\/uploads\/2022\/09\/President-Ronald-Reagan-Meeting-with-Soviet-General-Secretary-Gorbachev-at-Maison-De-Saussure-During-The-Geneva-Summit-@Series-Reagan-White-House-Photographs-scaled.jpg 2560w\" sizes=\"(max-width: 840px) 100vw, 840px\" \/><\/a><figcaption id=\"caption-attachment-161316\" class=\"wp-caption-text\"><span class=\"font-377884\">President Reagan meeting with Soviet General Secretary Gorbachev at Maison de Saussure during the Geneva Summit in 1985 Photo by Series: Reagan White House Photographs, 1\/20\/1981 &#8211; 1\/20\/1989 &#8211; Collection: White House Photographic Collection, 1\/20\/1981 &#8211; 1\/20\/1989 by <span class=\"ng-binding\">Michael J Goodwin (NARA Staff)&rsquo;s<\/span><\/span><\/figcaption><\/figure>\n<p><span class=\"font-377884\">Les deux r\u00e9formes susmentionn\u00e9es ont entra\u00een\u00e9 d&rsquo;\u00e9normes changements dans l&rsquo;ar\u00e8ne g\u00e9opolitique, notamment :<\/span><\/p>\n<h3><span class=\"font-377884\">La fin de la guerre froide<\/span><\/h3>\n<p><span class=\"font-377884\">La p\u00e9riode qui suit la Seconde Guerre mondiale est marqu\u00e9e par un conflit entre les \u00c9tats-Unis et l&rsquo;Union sovi\u00e9tique, dans lequel ils ne s&rsquo;affrontent pas par les armes mais sur le front politique et \u00e9conomique.<\/span><\/p>\n<p><span class=\"font-377884\">En outre, l&rsquo;Allemagne est occup\u00e9e par les Britanniques, les Am\u00e9ricains, les Fran\u00e7ais et les Sovi\u00e9tiques, et une partie est c\u00e9d\u00e9e \u00e0 la Pologne. En 1949, les \u00c9tats-Unis, avec certains pays europ\u00e9ens, dont l&rsquo;Italie, la France et l&rsquo;Angleterre, ont form\u00e9 une alliance d\u00e9fensive qui a \u00e9t\u00e9 nomm\u00e9e <strong>OTAN (Organisation du trait\u00e9 de l&rsquo;Atlantique Nord)<\/strong>. Le gouvernement sovi\u00e9tique, qui craint l&rsquo;expansion am\u00e9ricaine en Europe, r\u00e9pond par le<strong> Pacte de Varsovie<\/strong>, qui inclut les pays d&rsquo;Europe de l&rsquo;Est et entra\u00eene la formation de gouvernements communistes dans ces pays. C&rsquo;est ainsi que d\u00e9bute la guerre froide.<\/span><\/p>\n<p><span class=\"font-377884\">Au cours des ann\u00e9es 1980, on assiste \u00e0 un certain nombre de protestations et de soul\u00e8vements qui touchent d&rsquo;abord la Pologne, notamment apr\u00e8s l&rsquo;\u00e9lection en 1978 de Karol Wojtyla, au poste de pape qui deviendra Jean-Paul II, (la poign\u00e9e de main entre Jean-Paul II et le pr\u00e9sident de l&rsquo;Union sovi\u00e9tique de l&rsquo;\u00e9poque au Vatican lors d&rsquo;une visite d&rsquo;\u00c9tat en d\u00e9cembre 1989 qui a lieu peu apr\u00e8s la chute du mur de Berlin est historique).<\/span><\/p>\n<p><span class=\"font-377884\">La fin de la guerre froide co\u00efncide avec la chute du mur de Berlin le 9 novembre 1989.<\/span><\/p>\n<h3><span class=\"font-377884\">La r\u00e9unification de l&rsquo;Allemagne<\/span><\/h3>\n<p><span class=\"font-377884\">La r\u00e9unification de l&rsquo;Allemagne a lieu le 3 octobre 1990, lorsque les territoires de la <strong>Deutsche Demokratische Republik, &#8211; DDR<\/strong>, (R\u00e9publique d\u00e9mocratique allemande ou \u00ab\u00a0Allemagne de l&rsquo;Est\u00a0\u00bb) sont int\u00e9gr\u00e9s \u00e0 la <strong>Bundesrepublik Deutschland ou BRD<\/strong> (R\u00e9publique f\u00e9d\u00e9rale d&rsquo;Allemagne ou \u00ab\u00a0Allemagne de l&rsquo;Ouest\u00a0\u00bb) avec cinq nouveaux L\u00e4nder (\u00c9tats f\u00e9d\u00e9r\u00e9s) : Mecklenburg-Vorpommern, Brandebourg, Saxe, Saxe-Anhalt et Thuringe. La chute du mur de Berlin le 9 novembre 1989 a \u00e9t\u00e9 un facteur d\u00e9terminant pour la r\u00e9unification.<\/span><\/p>\n<h3><span class=\"font-377884\">Vid\u00e9o Rtl sur la r\u00e9unification allemande et la chute du mur de Berlin (en allemand)<\/span><\/h3>\n<p><iframe title=\"Deutsche Wiedervereinigung Der Mauerfall\" width=\"840\" height=\"473\" src=\"https:\/\/www.youtube.com\/embed\/51lEkVLg3a4?feature=oembed&#038;width=840&#038;height=1000&#038;discover=1\" frameborder=\"0\" allow=\"accelerometer; autoplay; clipboard-write; encrypted-media; gyroscope; picture-in-picture\" allowfullscreen><\/iframe><\/p>\n<h3><span class=\"font-377884\">L&rsquo;ind\u00e9pendance des pays baltes<\/span><\/h3>\n<p><span class=\"font-377884\">Les pays baltes, incorpor\u00e9s \u00e0 l&rsquo;Union sovi\u00e9tique en 1940, ont commenc\u00e9 \u00e0 r\u00e9clamer le r\u00e9tablissement de leur ind\u00e9pendance et, le 11 mars 1990, la <strong>Lituanie<\/strong> a \u00e9t\u00e9 la premi\u00e8re des trois r\u00e9publiques baltes \u00e0 d\u00e9clarer son ind\u00e9pendance. Le 30 mars 1990, le Soviet supr\u00eame d&rsquo;<strong>Estonie<\/strong> a d\u00e9clar\u00e9 l&rsquo;ind\u00e9pendance de l&rsquo;Estonie en d\u00e9clarant ill\u00e9gitime l&rsquo;annexion de 1940 et le 4 mai 1990, le Soviet supr\u00eame de <strong>Lettonie<\/strong> a fait une d\u00e9claration similaire.<\/span><\/p>\n<p><span class=\"font-377884\">Le 6 septembre 1991, l&rsquo;ancienne Union sovi\u00e9tique a \u00e9galement reconnu l&rsquo;ind\u00e9pendance des trois r\u00e9publiques.<\/span><\/p>\n<h3><span class=\"font-377884\">La fin de l&rsquo;Union sovi\u00e9tique<\/span><\/h3>\n<p><span class=\"font-377884\">La fin de la politique rigide de r\u00e9pression interne et la r\u00e9cession \u00e9conomique ont fait ressortir les contrastes, les haines raciales et les aspirations \u00e0 l&rsquo;ind\u00e9pendance des nombreux peuples de l&rsquo;\u00c9tat sovi\u00e9tique.<\/span><\/p>\n<p><span class=\"font-377884\">Gorbatchev tente de transformer l&rsquo;Union sovi\u00e9tique en un \u00c9tat moins centralis\u00e9 en dissolvant le <strong>Comecon<\/strong> (Conseil d&rsquo;assistance \u00e9conomique mutuelle des \u00c9tats socialistes) et le 1er juillet le <strong>Pacte de Varsovie<\/strong> (Trait\u00e9 d&rsquo;amiti\u00e9, de coop\u00e9ration et d&rsquo;assistance mutuelle entre les \u00c9tats socialistes du bloc de l&rsquo;Est), rel\u00e2chant ainsi les liens des pays \u00e9trangers jusqu&rsquo;alors satellites.<\/span><\/p>\n<p><span class=\"font-377884\">Le 20 ao\u00fbt 1991, la Russie \u00e9tait pr\u00eate \u00e0 signer le trait\u00e9 de la Nouvelle Union, qui pr\u00e9voyait la transformation de l&rsquo;Union sovi\u00e9tique en une f\u00e9d\u00e9ration de r\u00e9publiques ind\u00e9pendantes avec un pr\u00e9sident commun, mais un coup d&rsquo;\u00c9tat a \u00e9t\u00e9 organis\u00e9. Des milliers de personnes \u00e0 Moscou descendent dans la rue pour d\u00e9fendre le Parlement et apr\u00e8s trois jours, le 21 ao\u00fbt, le coup d&rsquo;\u00c9tat s&rsquo;effondre sur lui-m\u00eame et les organisateurs sont arr\u00eat\u00e9s.<\/span><\/p>\n<p><span class=\"font-377884\">Gorbatchev redevient pr\u00e9sident de l&rsquo;Union sovi\u00e9tique, mais sa position dans le pays est d\u00e9sormais compromise.<\/span><\/p>\n<p><span class=\"font-377884\">Apr\u00e8s le r\u00e9f\u00e9rendum du 1er d\u00e9cembre 1991 en Ukraine, o\u00f9 90 % des \u00e9lecteurs ont opt\u00e9 pour l&rsquo;ind\u00e9pendance, les dirigeants des trois r\u00e9publiques slaves (Russie, Ukraine et Bi\u00e9lorussie) ont convenu de se rencontrer pour discuter des formes possibles de relations et, le 8 d\u00e9cembre 1991, l&rsquo;accord a \u00e9t\u00e9 sign\u00e9.<\/span><\/p>\n<p><span class=\"font-377884\">Le 8 d\u00e9cembre 1991, les dirigeants de la Russie, de l&rsquo;Ukraine et de la Bi\u00e9lorussie se r\u00e9unissent \u00e0 Belave\u017eskaja pu\u0161\u010da pour signer l&rsquo;<strong>accord de Belave\u017ea<\/strong>, qui d\u00e9clare l&rsquo;Union sovi\u00e9tique dissoute.<\/span><\/p>\n<p><span class=\"font-377884\">Le 25 d\u00e9cembre 1991, Gorbatchev d\u00e9missionne de son poste de pr\u00e9sident de l&rsquo;Union sovi\u00e9tique et d\u00e9clare la fonction abolie, conf\u00e9rant tous ses pouvoirs \u00e0 <strong>Boris Nikola\u00efevitch Eltsine<\/strong>. Le m\u00eame jour, le drapeau sovi\u00e9tique au-dessus du Kremlin est remplac\u00e9 par le drapeau tricolore russe.<\/span><\/p>\n<h3><span class=\"font-377884\">Vid\u00e9o de la d\u00e9mission de Gorbatchev diffus\u00e9e par la BBC (en anglais)<\/span><\/h3>\n<p><iframe title=\"Resignation of Mikhail Gorbachev - BBC News - 25 December 1991\" width=\"840\" height=\"630\" src=\"https:\/\/www.youtube.com\/embed\/YTKfenmTtzo?feature=oembed&#038;width=840&#038;height=1000&#038;discover=1\" frameborder=\"0\" allow=\"accelerometer; autoplay; clipboard-write; encrypted-media; gyroscope; picture-in-picture\" allowfullscreen><\/iframe><\/p>\n<h2><span class=\"font-377884\">Ordres, d\u00e9corations, distinctions et critiques<\/span><\/h2>\n<p><span class=\"font-377884\">Mikha\u00efl Gorbatchev a \u00e9t\u00e9 d\u00e9cor\u00e9 de l&rsquo;ordre du Drapeau rouge du travail, de trois ordres de L\u00e9nine et de nombreuses autres distinctions sovi\u00e9tiques et internationales, ainsi que de nombreux dipl\u00f4mes honorifiques d&rsquo;universit\u00e9s du monde entier. En 1990, il a re\u00e7u le prix Nobel de la paix.<\/span><\/p>\n<p><span class=\"font-377884\">La figure de Gorbatchev est per\u00e7ue positivement en Occident, qui voit dans la chute du communisme une victoire du bon sens, de la d\u00e9mocratie et des valeurs humaines communes, alors qu&rsquo;en Russie, il est moins bien vu en raison de la dissolution de l&rsquo;\u00c9tat sovi\u00e9tique et de la fin du statut de superpuissance, mais aussi des ann\u00e9es de chaos politique et de crise \u00e9conomique profonde qui ont suivi.<\/span><\/p>\n<h2><span class=\"font-377884\">Son d\u00e9c\u00e8s<\/span><\/h2>\n<p><span class=\"font-377884\">Son pays natal n&rsquo;a pas accord\u00e9 trop d&rsquo;importance \u00e0 son d\u00e9part qui a eu lieu \u00e0 Moscou \u00e0 l&rsquo;\u00e2ge de 91 ans.Le corps sera expos\u00e9 dans la capitale \u00e0 la Maison des syndicats comme cela a \u00e9t\u00e9 fait pour L\u00e9nine et Staline.Ni l&rsquo;actuel pr\u00e9sident russe <strong>Vladimir Poutine<\/strong> (officiellement emp\u00each\u00e9 en raison d&rsquo;autres engagements) ni aucun autre chef d&rsquo;\u00c9tat \u00e9tranger ne seront pr\u00e9sents aux fun\u00e9railles nationales (il semblait initialement qu&rsquo;elles n&rsquo;auraient m\u00eame pas lieu) qui auront lieu le samedi 3 septembre 2022. Le pr\u00e9sident de la F\u00e9d\u00e9ration de Russie a exprim\u00e9 ses condol\u00e9ances en d\u00e9clarant que \u00ab\u00a0<em>Mikha\u00efl Gorbatchev avait compris que des r\u00e9formes \u00e9taient n\u00e9cessaires et s&rsquo;\u00e9tait engag\u00e9 \u00e0 trouver des solutions aux probl\u00e8mes auxquels l&rsquo;Union sovi\u00e9tique a \u00e9t\u00e9 confront\u00e9e dans les ann\u00e9es 1980 et a eu un impact \u00e9norme sur le cours de l&rsquo;histoire mondiale.\u00a0\u00bb<\/em><\/span><\/p>\n<p style=\"text-align: right;\">.<\/p>\n<div><span class=\"font-377884\">Son d\u00e9c\u00e8s \u00e0 l&rsquo;\u00e9tranger, en particulier dans les pays occidentaux, a \u00e9t\u00e9 beaucoup plus \u00e9mouvant. <strong>Joe Biden,<\/strong> pr\u00e9sident en exercice des \u00c9tats-Unis d&rsquo;Am\u00e9rique, l&rsquo;a qualifi\u00e9 d&rsquo;<em>\u00ab\u00a0homme d&rsquo;une remarquable clairvoyance qui a travaill\u00e9 avec le pr\u00e9sident Reagan pour r\u00e9duire les arsenaux nucl\u00e9aires des deux pays et qui, apr\u00e8s des d\u00e9cennies de r\u00e9pression politique brutale, a adopt\u00e9 des r\u00e9formes d\u00e9mocratiques\u00a0\u00bb<\/em>, tandis que le secr\u00e9taire g\u00e9n\u00e9ral des Nations unies, <strong>Antonio Guterres<\/strong>, l&rsquo;a qualifi\u00e9 d'\u00a0\u00bb<em>homme d&rsquo;\u00c9tat unique qui a chang\u00e9 le cours de l&rsquo;histoire<\/em>\u00ab\u00a0, ajoutant que \u00ab\u00a0<em>le monde a perdu un leader mondial, un d\u00e9fenseur infatigable de la paix.<\/em>\u00ab\u00a0<\/span><\/div>\n<div style=\"text-align: right;\">.<\/div>\n<div><span class=\"font-377884\">En <strong>Chine<\/strong>, un peu comme en Russie, la figure de Gorbatchev est consid\u00e9r\u00e9e comme celle d&rsquo;un homme qui s&rsquo;est pli\u00e9 aux \u00c9tats-Unis et \u00e0 l&rsquo;Occident et qui a commis de graves erreurs.<\/span><\/div>\n<div style=\"text-align: right;\">.<\/div>\n<p><span class=\"font-377884\">Selon sa volont\u00e9 expresse, il sera enterr\u00e9 dans le cimeti\u00e8re monumental de Novodevicij, aux c\u00f4t\u00e9s de son \u00e9pouse Raijssa, d\u00e9c\u00e9d\u00e9e en 1999.<\/span><\/p>\n<p><span class=\"font-377884\">Il laisse une fille et deux petits-enfants.<\/span><\/p>\n<p>&nbsp;<\/p>\n<p>&nbsp;<\/p>\n<p>&nbsp;<\/p>\n","protected":false},"excerpt":{"rendered":"<p>Mikha\u00efl Gorbatchev est mort \u00e0 Moscou le 30 ao\u00fbt 2022. Avec ses politiques, il a mis fin \u00e0 la guerre froide et a \u00e9t\u00e9 l&rsquo;un des principaux protagonistes de changements radicaux en Russie et dans le monde.<\/p>\n","protected":false},"author":9,"featured_media":161318,"comment_status":"open","ping_status":"closed","sticky":false,"template":"","format":"standard","meta":{"footnotes":""},"categories":[308,989,303,209,306,736],"tags":[664,1177,655,406,1788,434,2217,740],"class_list":["post-161339","post","type-post","status-publish","format-standard","has-post-thumbnail","hentry","category-faits-marquants","category-geopolitique","category-histoire","category-les-magazines","category-politique","category-russie","tag-chine","tag-democratie","tag-etats-unis","tag-europe-fr","tag-histoire","tag-politique","tag-relations-internationales","tag-russie"],"_links":{"self":[{"href":"https:\/\/swissfederalism.ch\/fr\/wp-json\/wp\/v2\/posts\/161339","targetHints":{"allow":["GET"]}}],"collection":[{"href":"https:\/\/swissfederalism.ch\/fr\/wp-json\/wp\/v2\/posts"}],"about":[{"href":"https:\/\/swissfederalism.ch\/fr\/wp-json\/wp\/v2\/types\/post"}],"author":[{"embeddable":true,"href":"https:\/\/swissfederalism.ch\/fr\/wp-json\/wp\/v2\/users\/9"}],"replies":[{"embeddable":true,"href":"https:\/\/swissfederalism.ch\/fr\/wp-json\/wp\/v2\/comments?post=161339"}],"version-history":[{"count":2,"href":"https:\/\/swissfederalism.ch\/fr\/wp-json\/wp\/v2\/posts\/161339\/revisions"}],"predecessor-version":[{"id":161341,"href":"https:\/\/swissfederalism.ch\/fr\/wp-json\/wp\/v2\/posts\/161339\/revisions\/161341"}],"wp:featuredmedia":[{"embeddable":true,"href":"https:\/\/swissfederalism.ch\/fr\/wp-json\/wp\/v2\/media\/161318"}],"wp:attachment":[{"href":"https:\/\/swissfederalism.ch\/fr\/wp-json\/wp\/v2\/media?parent=161339"}],"wp:term":[{"taxonomy":"category","embeddable":true,"href":"https:\/\/swissfederalism.ch\/fr\/wp-json\/wp\/v2\/categories?post=161339"},{"taxonomy":"post_tag","embeddable":true,"href":"https:\/\/swissfederalism.ch\/fr\/wp-json\/wp\/v2\/tags?post=161339"}],"curies":[{"name":"wp","href":"https:\/\/api.w.org\/{rel}","templated":true}]}}