{"id":132777,"date":"2022-05-19T16:31:17","date_gmt":"2022-05-19T16:31:17","guid":{"rendered":"https:\/\/swissfederalism.ch\/svizzera-sistema-nazionale-prevenzione-allerta-siccita\/"},"modified":"2022-05-19T17:21:31","modified_gmt":"2022-05-19T17:21:31","slug":"suisse-systeme-national-prevention-dalerte-secheresse","status":"publish","type":"post","link":"https:\/\/swissfederalism.ch\/fr\/suisse-systeme-national-prevention-dalerte-secheresse\/","title":{"rendered":"La Suisse vers un syst\u00e8me national de pr\u00e9vention et d&rsquo;alerte \u00e0 la s\u00e9cheresse"},"content":{"rendered":"<h1><span class=\"font-377884\">La Suisse vers un syst\u00e8me national de pr\u00e9vention et d&rsquo;alerte \u00e0 la s\u00e9cheresse<\/span><\/h1>\n<h3><span class=\"font-377884\"><em>La Suisse a l&rsquo;intention de mettre en place un syst\u00e8me de d\u00e9tection et d&rsquo;alerte pr\u00e9coce pour d\u00e9tecter plusieurs semaines \u00e0 l&rsquo;avance les situations critiques qui s&rsquo;annoncent et pour faire face aux p\u00e9riodes de s\u00e9cheresse. Le Conseil f\u00e9d\u00e9ral a annonc\u00e9 que ce syst\u00e8me sera op\u00e9rationnel d\u00e8s 2025, qu&rsquo;il co\u00fbtera 4,75 millions de francs et qu&rsquo;il permettra aux groupes les plus touch\u00e9s, comme les agriculteurs et les fournisseurs d&rsquo;eau potable, de prendre les mesures appropri\u00e9es pour pr\u00e9venir les dommages.<\/em>\u00a0\u00a0<\/span><\/h3>\n<figure id=\"attachment_132756\" aria-describedby=\"caption-attachment-132756\" style=\"width: 840px\" class=\"wp-caption aligncenter\"><a href=\"https:\/\/swissfederalism.ch\/svizzera-sistema-nazionale-prevenzione-allerta-siccita\/klontalersee-foto-von-sarah-lotscher-pixabay2\/\" rel=\"attachment wp-att-132756\"><img decoding=\"async\" class=\"size-large wp-image-132758\" src=\"https:\/\/swissfederalism.ch\/wp-content\/uploads\/2022\/05\/Klontalersee-Foto-von-Sarah-Lotscher-Pixabay2-1024x625.jpg\" alt=\"Kl\u00f6ntalersee in drought by von Sarah L\u00f6tscher - Pixabay\" width=\"840\" height=\"513\" srcset=\"https:\/\/swissfederalism.ch\/wp-content\/uploads\/2022\/05\/Klontalersee-Foto-von-Sarah-Lotscher-Pixabay2-1024x625.jpg 1024w, https:\/\/swissfederalism.ch\/wp-content\/uploads\/2022\/05\/Klontalersee-Foto-von-Sarah-Lotscher-Pixabay2-300x183.jpg 300w, https:\/\/swissfederalism.ch\/wp-content\/uploads\/2022\/05\/Klontalersee-Foto-von-Sarah-Lotscher-Pixabay2-768x468.jpg 768w, https:\/\/swissfederalism.ch\/wp-content\/uploads\/2022\/05\/Klontalersee-Foto-von-Sarah-Lotscher-Pixabay2-1536x937.jpg 1536w, https:\/\/swissfederalism.ch\/wp-content\/uploads\/2022\/05\/Klontalersee-Foto-von-Sarah-Lotscher-Pixabay2.jpg 1920w\" sizes=\"(max-width: 840px) 100vw, 840px\" \/><\/a><figcaption id=\"caption-attachment-132756\" class=\"wp-caption-text\"><span class=\"font-377884\">Lac du Kl\u00f6ntal (canton de Glaris) s\u00e8che\u00a0by von Sarah L\u00f6tscher &#8211; Pixabay<\/span><\/figcaption><\/figure>\n<p><span class=\"font-377884\">Aujourd&rsquo;hui, la Suisse est g\u00e9n\u00e9ralement en bonne position en ce qui concerne la disponibilit\u00e9 des informations sur les dangers naturels et les alertes. Depuis 2014, la Conf\u00e9d\u00e9ration publie des informations actualis\u00e9es sur les dangers tels que les orages, la pluie, les chutes de neige, les avalanches, les feux de for\u00eat, le vent, le gel, les routes glissantes, les canicules, les tremblements de terre ou les inondations (plateforme dangers naturels.ch et app M\u00e9t\u00e9oSuisse), et les services sp\u00e9cialis\u00e9s de la Conf\u00e9d\u00e9ration et des cantons \u00e9mettent des avertissements en fonction des besoins.<\/span><\/p>\n<p><span class=\"font-377884\">Cependant, le changement climatique entra\u00eene \u00e9galement de nouveaux dangers, comme la s\u00e9cheresse, qui est devenue de plus en plus fr\u00e9quente ces derni\u00e8res ann\u00e9es. Comme il n&rsquo;existe actuellement aucun syst\u00e8me de d\u00e9tection et d&rsquo;alerte pr\u00e9coce capable de pr\u00e9voir une situation critique plusieurs semaines \u00e0 l&rsquo;avance et d&rsquo;alerter la population, les autorit\u00e9s cantonales et locales et les secteurs concern\u00e9s, tels que l&rsquo;agriculture, l&rsquo;\u00e9nergie hydraulique, l&rsquo;approvisionnement en eau, la navigation et la protection de la nature, ne sont souvent pas en mesure d&rsquo;intervenir \u00e0 temps en prenant des mesures et subissent des dommages.<\/span><\/p>\n<h2><span class=\"font-377884\">Mise en place d&rsquo;un syst\u00e8me national<\/span><\/h2>\n<p><span class=\"font-377884\">Le <em>Conseil f\u00e9d\u00e9ral<\/em> a charg\u00e9 les trois <strong>offices f\u00e9d\u00e9raux comp\u00e9tents, l&rsquo;Office f\u00e9d\u00e9ral de l&rsquo;environnement OFEV, l&rsquo;Office de m\u00e9t\u00e9orologie et de climatologie M\u00e9t\u00e9oSuisse et l&rsquo;Office de topographie swisstopo<\/strong>, de mettre en place d&rsquo;ici \u00e0 2025 un syst\u00e8me national d&rsquo;alerte pr\u00e9coce et d&rsquo;avertissement en cas de s\u00e9cheresse, qui fournira des informations sur l&rsquo;\u00e9tat actuel et les pr\u00e9visions de s\u00e9cheresse pour l&rsquo;ensemble du pays. L&rsquo;information couvrira les besoins des diff\u00e9rents secteurs afin qu&rsquo;ils puissent prendre les pr\u00e9cautions appropri\u00e9es. Cela comprend, par exemple, la planification de l&rsquo;irrigation des cultures agricoles, les alternatives \u00e0 la navigation sur le Rhin ou le transfert pr\u00e9ventif des poissons vers des rivi\u00e8res ou des ruisseaux plus riches en eau.<\/span><\/p>\n<p><span class=\"font-377884\">Ces informations rendent la soci\u00e9t\u00e9 plus s\u00fbre et permettent de pr\u00e9venir ou de minimiser les dommages et les p\u00e9nuries d&rsquo;approvisionnement de base, dont b\u00e9n\u00e9ficient notamment divers secteurs \u00e9conomiques et l&rsquo;environnement.\u00a0<\/span><\/p>\n<figure id=\"attachment_132760\" aria-describedby=\"caption-attachment-132760\" style=\"width: 840px\" class=\"wp-caption aligncenter\"><a href=\"https:\/\/swissfederalism.ch\/svizzera-sistema-nazionale-prevenzione-allerta-siccita\/dry-soil-due-to-drought-photo-by-markus-spiske-on-unsplash\/\" rel=\"attachment wp-att-132760\"><img decoding=\"async\" class=\"size-large wp-image-132762\" src=\"https:\/\/swissfederalism.ch\/wp-content\/uploads\/2022\/05\/Dry-soil-due-to-drought-Photo-by-Markus-Spiske-on-Unsplash-1024x683.jpg\" alt=\"Dry soil due to drought Photo by Markus Spiske on Unsplash\" width=\"840\" height=\"560\" srcset=\"https:\/\/swissfederalism.ch\/wp-content\/uploads\/2022\/05\/Dry-soil-due-to-drought-Photo-by-Markus-Spiske-on-Unsplash-1024x683.jpg 1024w, https:\/\/swissfederalism.ch\/wp-content\/uploads\/2022\/05\/Dry-soil-due-to-drought-Photo-by-Markus-Spiske-on-Unsplash-300x200.jpg 300w, https:\/\/swissfederalism.ch\/wp-content\/uploads\/2022\/05\/Dry-soil-due-to-drought-Photo-by-Markus-Spiske-on-Unsplash-768x512.jpg 768w, https:\/\/swissfederalism.ch\/wp-content\/uploads\/2022\/05\/Dry-soil-due-to-drought-Photo-by-Markus-Spiske-on-Unsplash-1536x1024.jpg 1536w, https:\/\/swissfederalism.ch\/wp-content\/uploads\/2022\/05\/Dry-soil-due-to-drought-Photo-by-Markus-Spiske-on-Unsplash-2048x1365.jpg 2048w, https:\/\/swissfederalism.ch\/wp-content\/uploads\/2022\/05\/Dry-soil-due-to-drought-Photo-by-Markus-Spiske-on-Unsplash-scaled.jpg 2560w\" sizes=\"(max-width: 840px) 100vw, 840px\" \/><\/a><figcaption id=\"caption-attachment-132760\" class=\"wp-caption-text\"><span class=\"font-377884\">Sol sec en raison de la s\u00e9cheresse Photo by Markus Spiske on Unsplash<\/span><\/figcaption><\/figure>\n<p><span class=\"font-377884\">L&rsquo;<strong>OFEV, M\u00e9t\u00e9oSuisse et swisstopo<\/strong> collaborent \u00e0 la mise en place et \u00e0 l&rsquo;exploitation d&rsquo;un syst\u00e8me d&rsquo;alerte pr\u00e9coce et d&rsquo;avertissement de s\u00e9cheresse et concentrent leurs prestations et leur savoir-faire dans ce domaine. La plateforme drought.ch existante du WSL, les donn\u00e9es des satellites d&rsquo;observation de la terre et des satellites m\u00e9t\u00e9orologiques seront int\u00e9gr\u00e9es dans ce syst\u00e8me. M\u00e9t\u00e9oSuisse mettra en place un r\u00e9seau de mesure de l&rsquo;humidit\u00e9 du sol qui, avec d&rsquo;autres syst\u00e8mes de mesure, am\u00e9liorera les informations sur la s\u00e9cheresse, ce qui est particuli\u00e8rement important pour l&rsquo;agriculture et la sylviculture.<\/span><\/p>\n<p><span class=\"font-377884\"><strong><a href=\"https:\/\/swissfederalism.ch\/fr\/inauguration-nouvelle-station-meteorologique-satellitaire-valais\/\">Inauguration d&rsquo;une nouvelle station m\u00e9t\u00e9orologique satellitaire en Valais<\/a><\/strong><\/span><\/p>\n<p><span class=\"font-377884\">Le <em>gouvernement f\u00e9d\u00e9ral<\/em> mettra en place le syst\u00e8me de d\u00e9tection et d&rsquo;alerte pr\u00e9coce de la s\u00e9cheresse au cours de la p\u00e9riode de deux ans 2023-2024 et, \u00e0 partir de 2025, les informations recueillies seront accessibles au public. Les co\u00fbts de mise en place de ce syst\u00e8me s&rsquo;\u00e9l\u00e8vent \u00e0 4,75 millions de francs suisses. Il sera \u00e9galement d\u00e9velopp\u00e9 et exploit\u00e9 selon les normes internationales en fonction des ressources disponibles.<\/span><\/p>\n<p><iframe title=\"Le acque svizzere a fronte del cambiamento climatico -Scenari idrologici Hydro-CH2018\" width=\"840\" height=\"473\" src=\"https:\/\/www.youtube.com\/embed\/fGLuo5gStJU?feature=oembed&#038;width=840&#038;height=1000&#038;discover=1\" frameborder=\"0\" allow=\"accelerometer; autoplay; clipboard-write; encrypted-media; gyroscope; picture-in-picture\" allowfullscreen><\/iframe><\/p>\n<p><iframe title=\"Schweizer Gew\u00e4sser im Klimawandel - Hydrologische Szenarien Hydro-CH2018\" width=\"840\" height=\"473\" src=\"https:\/\/www.youtube.com\/embed\/UMTKEi4GtIs?feature=oembed&#038;width=840&#038;height=1000&#038;discover=1\" frameborder=\"0\" allow=\"accelerometer; autoplay; clipboard-write; encrypted-media; gyroscope; picture-in-picture\" allowfullscreen><\/iframe><\/p>\n<p><iframe title=\"Eaux suisses et changements climatiques - Sc\u00e9narios hydrologiques Hydro-CH2018\" width=\"840\" height=\"473\" src=\"https:\/\/www.youtube.com\/embed\/pOBnYaSi8qQ?feature=oembed&#038;width=840&#038;height=1000&#038;discover=1\" frameborder=\"0\" allow=\"accelerometer; autoplay; clipboard-write; encrypted-media; gyroscope; picture-in-picture\" allowfullscreen><\/iframe><\/p>\n<p><iframe title=\"Swiss Water Bodies in a Changing Climate - Hydro-CH2018 Hydrological Scenarios\" width=\"840\" height=\"473\" src=\"https:\/\/www.youtube.com\/embed\/l5L_zj882eQ?feature=oembed&#038;width=840&#038;height=1000&#038;discover=1\" frameborder=\"0\" allow=\"accelerometer; autoplay; clipboard-write; encrypted-media; gyroscope; picture-in-picture\" allowfullscreen><\/iframe><\/p>\n<div class=\"mod mod-text\">\n<article class=\"clearfix\"><\/article>\n<article class=\"clearfix\"><\/article>\n<article class=\"clearfix\">\n<p class=\"lead\"><span class=\"font-377884\">La Suisse b\u00e9n\u00e9ficie d&rsquo;une eau abondante, mais depuis plus d&rsquo;un si\u00e8cle, ses eaux sont endommag\u00e9es par les pr\u00e9l\u00e8vements, la pollution chimique et les travaux d&rsquo;am\u00e9nagement. Depuis quelque temps, il existe \u00e9galement un probl\u00e8me suppl\u00e9mentaire d\u00fb au changement climatique. La brochure ci-dessous explique le fonctionnement du r\u00e9gime des eaux en Suisse et les changements attendus.<\/span><\/p>\n<\/article>\n<\/div>\n<p><span class=\"font-377884\"><strong><a href=\"https:\/\/swissfederalism.ch\/wp-content\/uploads\/2022\/05\/de_NCCS_Broschuere_Hydro-CH2018.pdf\" rel=\"attachment wp-att-132710\">Brosch\u00fcre Schweizer Gew\u00e4sser im Klimawandel (Deutsch)<\/a><\/strong><\/span><\/p>\n<p><span class=\"font-377884\"><strong><a href=\"https:\/\/swissfederalism.ch\/wp-content\/uploads\/2022\/05\/en_NCCS_Brochure_Hydro-CH2018.pdf\" rel=\"attachment wp-att-132714\">Brochure Swiss Water Bodies in a Changing Climate (English)<\/a><\/strong><\/span><\/p>\n<p><span class=\"font-377884\"><strong><a href=\"https:\/\/swissfederalism.ch\/wp-content\/uploads\/2022\/05\/fr_NCCS_Brochure_Hydro-CH2018.pdf\" rel=\"attachment wp-att-132718\">Brochure Eaux suisses et changements climatiques<\/a> (fran\u00e7ais)<\/strong><\/span><\/p>\n<p><span class=\"font-377884\"><strong><a href=\"https:\/\/swissfederalism.ch\/wp-content\/uploads\/2022\/05\/it_NCCS_Opuscolo_Hydro-CH2018.pdf\" rel=\"attachment wp-att-132722\">Opuscolo Le acque svizzere a fronte del cambiamento climatico (italiano)<\/a><\/strong><\/span><\/p>\n<div id=\"448286713\" class=\"mod mod-headline\">\n<h2><span class=\"font-377884\">Sc\u00e9narios climatiques Hydro-CH2018<\/span><\/h2>\n<p><span class=\"font-377884\">Par rapport aux analyses pr\u00e9c\u00e9dentes des effets du changement climatique sur l&rsquo;hydrologie, Hydro-CH2018 a pu s&rsquo;appuyer sur des bases de donn\u00e9es et des m\u00e9thodes am\u00e9lior\u00e9es. Le projet est bas\u00e9 sur les sc\u00e9narios climatiques haute r\u00e9solution CH2018, qui fournissent pour la premi\u00e8re fois des donn\u00e9es quotidiennes continues \u00e0 l&rsquo;\u00e9chelle locale pour la p\u00e9riode 1981-2099.Les sc\u00e9narios hydrologiques font partie de ce que l&rsquo;on appelle une cha\u00eene de mod\u00e8les : au d\u00e9but se trouvent divers sc\u00e9narios d&rsquo;\u00e9missions, qui d\u00e9crivent les tendances possibles des futures \u00e9missions de gaz \u00e0 effet de serre, et \u00e0 la fin se trouvent des mod\u00e8les qui calculent les effets sur la gestion de l&rsquo;eau ou l&rsquo;agriculture. A leur tour, les mod\u00e8les hydrologiques utilisent les r\u00e9sultats des sc\u00e9narios climatiques pour calculer des sc\u00e9narios hydrologiques, qui montrent les changements du r\u00e9gime des eaux et de l&rsquo;eau en Suisse.Hydro-CH2018 prend en compte toutes les composantes hydrologiques importantes, telles que l&rsquo;\u00e9coulement et la r\u00e9g\u00e9n\u00e9ration des eaux souterraines, la fonte des glaciers et de la neige, l&rsquo;\u00e9vaporation et la temp\u00e9rature de l&rsquo;eau.<\/span><\/p>\n<p><span class=\"font-377884\">Le domaine de recherche de Hydro-CH2018 comprend l&rsquo;ensemble de la Suisse, la Principaut\u00e9 du Liechtenstein et d&rsquo;autres r\u00e9gions voisines dont les eaux s&rsquo;\u00e9coulent sur le territoire de l&rsquo;\u00c9tat &#8211; collectivement appel\u00e9es par les sp\u00e9cialistes \u00ab\u00a0Suisse hydrologique\u00a0\u00bb.<\/span><\/p>\n<\/div>\n<figure id=\"attachment_132764\" aria-describedby=\"caption-attachment-132764\" style=\"width: 840px\" class=\"wp-caption aligncenter\"><a href=\"https:\/\/swissfederalism.ch\/svizzera-sistema-nazionale-prevenzione-allerta-siccita\/truebsee-by-suju-pixabay\/\" rel=\"attachment wp-att-132764\"><img decoding=\"async\" class=\"size-large wp-image-132766\" src=\"https:\/\/swissfederalism.ch\/wp-content\/uploads\/2022\/05\/truebsee-by-suju-Pixabay-1024x683.jpg\" alt=\"Tr\u00fcebsee - Kanton Nidwalden by suju Pixabay\" width=\"840\" height=\"560\" srcset=\"https:\/\/swissfederalism.ch\/wp-content\/uploads\/2022\/05\/truebsee-by-suju-Pixabay-1024x683.jpg 1024w, https:\/\/swissfederalism.ch\/wp-content\/uploads\/2022\/05\/truebsee-by-suju-Pixabay-300x200.jpg 300w, https:\/\/swissfederalism.ch\/wp-content\/uploads\/2022\/05\/truebsee-by-suju-Pixabay-768x512.jpg 768w, https:\/\/swissfederalism.ch\/wp-content\/uploads\/2022\/05\/truebsee-by-suju-Pixabay-1536x1025.jpg 1536w, https:\/\/swissfederalism.ch\/wp-content\/uploads\/2022\/05\/truebsee-by-suju-Pixabay.jpg 1920w\" sizes=\"(max-width: 840px) 100vw, 840px\" \/><\/a><figcaption id=\"caption-attachment-132764\" class=\"wp-caption-text\"><span class=\"font-377884\">Tr\u00fcebsee &#8211; Canton de Nidwald by suju Pixabay<\/span><\/figcaption><\/figure>\n<h2><span class=\"font-377884\">Situation actuelle en Suisse<\/span><\/h2>\n<p><span class=\"font-377884\">L&rsquo;hiver 2021-2022 a \u00e9t\u00e9 caract\u00e9ris\u00e9 par de faibles pr\u00e9cipitations et chutes de neige, et sur le versant sud des Alpes, le niveau des lacs est bas. M\u00eame sur le versant nord des Alpes, le d\u00e9bit d&rsquo;eau est inf\u00e9rieur \u00e0 la moyenne en de nombreux endroits. Le bulletin des eaux souterraines de l&rsquo;Office f\u00e9d\u00e9ral de l&rsquo;environnement (OFEV) du 2 mai fait \u00e9tat de niveaux d&rsquo;eau souterraine et de d\u00e9bits printaniers qui se situent le plus souvent dans la norme, mais qui sont parfois faibles.<\/span><\/p>\n<h3><span class=\"font-377884\">Perspectives<\/span><\/h3>\n<p><span class=\"font-377884\">Des temp\u00e9ratures plus \u00e9lev\u00e9es sont attendues jusqu&rsquo;\u00e0 la fin du mois de mai et il n&rsquo;y a pas de tendance claire en mati\u00e8re de pr\u00e9cipitations pour le nord de la Suisse ; il n&rsquo;y a pas non plus d&rsquo;indications de pr\u00e9cipitations plus importantes pour le versant sud des Alpes (pr\u00e9visions mensuelles de M\u00e9t\u00e9oSuisse).<\/span><\/p>\n<p><span class=\"font-377884\">Fonte: admin.ch<\/span><\/p>\n","protected":false},"excerpt":{"rendered":"<p>La Suisse a l&rsquo;intention de mettre en place un syst\u00e8me de d\u00e9tection et d&rsquo;alerte pr\u00e9coce pour d\u00e9tecter plusieurs semaines \u00e0 l&rsquo;avance les situations critiques qui s&rsquo;annoncent et pour faire face aux p\u00e9riodes de s\u00e9cheresse. Le Conseil f\u00e9d\u00e9ral a annonc\u00e9 que ce syst\u00e8me sera op\u00e9rationnel d\u00e8s 2025, qu&rsquo;il co\u00fbtera 4,75 millions de francs et qu&rsquo;il permettra aux groupes les plus touch\u00e9s, comme les agriculteurs et les fournisseurs d&rsquo;eau potable, de prendre les mesures appropri\u00e9es pour pr\u00e9venir les dommages.\u00a0\u00a0\u00a0\u00a0<\/p>\n","protected":false},"author":9,"featured_media":132758,"comment_status":"open","ping_status":"closed","sticky":false,"template":"","format":"standard","meta":{"footnotes":""},"categories":[1695,310,1700,308,209,294],"tags":[1932,1981,1930,885,1963,1982,687,1566],"class_list":["post-132777","post","type-post","status-publish","format-standard","has-post-thumbnail","hentry","category-agriculture-fr","category-economie","category-environnement","category-faits-marquants","category-les-magazines","category-suisse","tag-climat","tag-eau","tag-meteorologie-fr","tag-nature","tag-protection-du-climat","tag-secheresse","tag-suisse-2","tag-zones-de-montagne"],"_links":{"self":[{"href":"https:\/\/swissfederalism.ch\/fr\/wp-json\/wp\/v2\/posts\/132777","targetHints":{"allow":["GET"]}}],"collection":[{"href":"https:\/\/swissfederalism.ch\/fr\/wp-json\/wp\/v2\/posts"}],"about":[{"href":"https:\/\/swissfederalism.ch\/fr\/wp-json\/wp\/v2\/types\/post"}],"author":[{"embeddable":true,"href":"https:\/\/swissfederalism.ch\/fr\/wp-json\/wp\/v2\/users\/9"}],"replies":[{"embeddable":true,"href":"https:\/\/swissfederalism.ch\/fr\/wp-json\/wp\/v2\/comments?post=132777"}],"version-history":[{"count":4,"href":"https:\/\/swissfederalism.ch\/fr\/wp-json\/wp\/v2\/posts\/132777\/revisions"}],"predecessor-version":[{"id":132792,"href":"https:\/\/swissfederalism.ch\/fr\/wp-json\/wp\/v2\/posts\/132777\/revisions\/132792"}],"wp:featuredmedia":[{"embeddable":true,"href":"https:\/\/swissfederalism.ch\/fr\/wp-json\/wp\/v2\/media\/132758"}],"wp:attachment":[{"href":"https:\/\/swissfederalism.ch\/fr\/wp-json\/wp\/v2\/media?parent=132777"}],"wp:term":[{"taxonomy":"category","embeddable":true,"href":"https:\/\/swissfederalism.ch\/fr\/wp-json\/wp\/v2\/categories?post=132777"},{"taxonomy":"post_tag","embeddable":true,"href":"https:\/\/swissfederalism.ch\/fr\/wp-json\/wp\/v2\/tags?post=132777"}],"curies":[{"name":"wp","href":"https:\/\/api.w.org\/{rel}","templated":true}]}}