{"id":132592,"date":"2022-05-15T17:40:20","date_gmt":"2022-05-15T17:40:20","guid":{"rendered":"https:\/\/swissfederalism.ch\/new-coin-celebrate-centenary-10-franc-vreneli\/"},"modified":"2022-05-15T18:03:30","modified_gmt":"2022-05-15T18:03:30","slug":"nouvelle-monnaie-celebrer-centenaire-10-francs-vreneli","status":"publish","type":"post","link":"https:\/\/swissfederalism.ch\/fr\/nouvelle-monnaie-celebrer-centenaire-10-francs-vreneli\/","title":{"rendered":"Une nouvelle monnaie pour c\u00e9l\u00e9brer le centenaire des \u00ab\u00a010 francs Vreneli\u00a0\u00bb."},"content":{"rendered":"<h1><span class=\"font-377884\">Une nouvelle monnaie pour c\u00e9l\u00e9brer le centenaire des \u00ab\u00a010 francs Vreneli\u00a0\u00bb.<\/span><\/h1>\n<h3><span class=\"font-377884\"><em>Swissmint comm\u00e9more la derni\u00e8re frappe de Vreneli en or avec la pi\u00e8ce \u00ab\u00a0100 ans depuis la derni\u00e8re frappe de Vreneli 10 francs\u00a0\u00bb, en vente \u00e0 partir du 11 mai 2022.<\/em><\/span><\/h3>\n<figure id=\"attachment_132578\" aria-describedby=\"caption-attachment-132578\" style=\"width: 707px\" class=\"wp-caption aligncenter\"><a href=\"https:\/\/swissfederalism.ch\/fr\/10-francs-vreneli-2\/\" rel=\"attachment wp-att-132578\"><img decoding=\"async\" class=\"size-full wp-image-132579\" src=\"https:\/\/swissfederalism.ch\/wp-content\/uploads\/2022\/05\/10-francs-Vreneli.jpg\" alt=\"10 francs Vreneli \u00a9Swissmint\" width=\"707\" height=\"319\" srcset=\"https:\/\/swissfederalism.ch\/wp-content\/uploads\/2022\/05\/10-francs-Vreneli.jpg 707w, https:\/\/swissfederalism.ch\/wp-content\/uploads\/2022\/05\/10-francs-Vreneli-300x135.jpg 300w\" sizes=\"(max-width: 707px) 100vw, 707px\" \/><\/a><figcaption id=\"caption-attachment-132578\" class=\"wp-caption-text\"><span class=\"font-377884\">10 francs Vreneli \u00a9Swissmint<\/span><\/figcaption><\/figure>\n<h2><span class=\"font-377884\">Pi\u00e8ce d&rsquo;or de 50 francs d\u00e9di\u00e9e au &lt;100 ans depuis la derni\u00e8re frappe du 10-francs Vreneli&gt;<\/span><\/h2>\n<p><span class=\"font-377884\">La pi\u00e8ce d&rsquo;or 10-francs Vreneli, sur laquelle est repr\u00e9sent\u00e9 un buste de femme regardant vers la gauche, les cheveux rassembl\u00e9s en une tresse et un tissu garni d&rsquo;edelweiss sur les \u00e9paules, a \u00e9t\u00e9 frapp\u00e9e pour la derni\u00e8re fois en 1922. Elle est la petite s\u0153ur de la l\u00e9gendaire pi\u00e8ce d&rsquo;or Vreneli de 20 francs et a \u00e9t\u00e9 produite entre 1911 et 1922 \u00e0 la Monnaie f\u00e9d\u00e9rale de Berne. Toutefois, en raison de la faible \u00e9paisseur du flan utilis\u00e9 et de la conformation du relief sur l&rsquo;avers de la pi\u00e8ce, le revers de la pi\u00e8ce de 10 francs Vreneli a d\u00fb \u00eatre modifi\u00e9. La croix suisse avec des rayons appara\u00eet sur la partie sup\u00e9rieure, tandis que la valeur faciale et l&rsquo;ann\u00e9e sont indiqu\u00e9es au centre. Sur la partie inf\u00e9rieure sont repr\u00e9sent\u00e9es des branches avec des fleurs de rhododendron et de gentiane. Dans la partie inf\u00e9rieure se trouve la marque d&rsquo;atelier \u00ab\u00a0B\u00a0\u00bb faisant r\u00e9f\u00e9rence \u00e0 Berne. Le poids de la pi\u00e8ce est d&rsquo;environ 3,226 grammes d&rsquo;or \u00e0 un titre de 900 milli\u00e8mes de fin. Le diam\u00e8tre est de 19 millim\u00e8tres. Au total, 2,65 millions de pi\u00e8ces ont \u00e9t\u00e9 frapp\u00e9es entre 1911 et 1922.<\/span><\/p>\n<p><span class=\"font-377884\">Avec l&rsquo;\u00e9mission de la pi\u00e8ce d&rsquo;or de 50 francs, Swissmint comm\u00e9more les 100 ans de la derni\u00e8re frappe de la pi\u00e8ce d&rsquo;or Vreneli de 10 francs en 1922. Pour marquer cet \u00e9v\u00e9nement, l&rsquo;avers de la pi\u00e8ce repr\u00e9sente le chiffre 100 avec des z\u00e9ros superpos\u00e9s. Dans le deuxi\u00e8me z\u00e9ro se trouve une section agrandie du Vreneli original, qui reproduit le buste d&rsquo;une femme regardant vers la gauche. Sur le bord inf\u00e9rieur de la pi\u00e8ce, s\u00e9par\u00e9es par une barre, figurent les dates 1911 et 1922, en r\u00e9f\u00e9rence \u00e0 la p\u00e9riode d&rsquo;\u00e9mission du Vreneli or 10 francs. Le revers de la pi\u00e8ce originale a \u00e9t\u00e9 repris avec deux l\u00e9g\u00e8res modifications : la nouvelle valeur faciale est de 50 francs et l&rsquo;ann\u00e9e d&rsquo;\u00e9mission est 2022.<\/span><\/p>\n<p><span class=\"font-377884\">La nouvelle pi\u00e8ce sp\u00e9ciale de <strong>Swissmint<\/strong> sera disponible \u00e0 partir du 11 mai 2022 en \u00e9dition limit\u00e9e sur <a href=\"http:\/\/www.swissmintshop.ch\"><strong>www.swissmintshop.ch<\/strong><\/a> ainsi que dans certains magasins de numismatique et banques.<\/span><\/p>\n<p class=\"nsbtextkasten\"><span class=\"font-377884\"><b><a href=\"https:\/\/swissfederalism.ch\/wp-content\/uploads\/2022\/05\/2022-vreneli-flyer-i.pdf\" rel=\"attachment wp-att-132574\">2022-vreneli-flyer-italiano<\/a><\/b><\/span><\/p>\n<p class=\"nsbtextkasten\"><span class=\"font-377884\"><b><a href=\"https:\/\/swissfederalism.ch\/wp-content\/uploads\/2022\/05\/2022-vreneli-flyer-f.pdf\" rel=\"attachment wp-att-132570\">2022-vreneli-flyer-francais<\/a><\/b><\/span><\/p>\n<p class=\"nsbtextkasten\"><span class=\"font-377884\"><b><a href=\"https:\/\/swissfederalism.ch\/wp-content\/uploads\/2022\/05\/2022-vreneli-flyer-d.pdf\" rel=\"attachment wp-att-132566\">2022-vreneli-flyer-deutsch<\/a><\/b><\/span><\/p>\n<p class=\"nsbtextkasten\"><span class=\"font-377884\"><b><a href=\"https:\/\/swissfederalism.ch\/wp-content\/uploads\/2022\/05\/2022-vreneli-flyer-e.pdf\" rel=\"attachment wp-att-132562\">2022-vreneli-flyer-english<\/a><\/b><\/span><\/p>\n<h2><span class=\"font-377884\">Description de la qualit\u00e9 des pi\u00e8ces<\/span><\/h2>\n<p><span class=\"font-377884\">\u00a0\u00bb Fond de miroir \u00a0\u00bb : frappe de la plus haute qualit\u00e9, le monnayage n&rsquo;est utilis\u00e9 que pour environ 500 pi\u00e8ces et chaque pi\u00e8ce est trait\u00e9e individuellement. Au cours d&rsquo;une proc\u00e9dure complexe, les flans sont encore polis et trait\u00e9s en surface. Les pi\u00e8ces sont emball\u00e9es individuellement dans des capsules transparentes et vendues dans un coffret avec un certificat d&rsquo;authenticit\u00e9 num\u00e9rot\u00e9.<\/span><\/p>\n<h2><span class=\"font-377884\">Monnaie f\u00e9d\u00e9rale Swissmint<\/span><\/h2>\n<p><span class=\"font-377884\">La Monnaie f\u00e9d\u00e9rale Swissmint frappe des pi\u00e8ces de circulation suisses destin\u00e9es aux op\u00e9rations de paiement quotidiennes. Pour le march\u00e9 numismatique, la Monnaie \u00e9met aussi r\u00e9guli\u00e8rement des pi\u00e8ces sp\u00e9ciales et des pi\u00e8ces de circulation de qualit\u00e9 sp\u00e9ciale. Les pi\u00e8ces sp\u00e9ciales, bim\u00e9talliques, en argent ou en or, ont une valeur nominale garantie par l&rsquo;Etat et sont frapp\u00e9es dans diff\u00e9rentes qualit\u00e9s.<\/span><\/p>\n<p>&nbsp;<\/p>\n<p><span class=\"font-377884\">Source: <a href=\"https:\/\/www.admin.ch\/gov\/it\/pagina-iniziale\/documentazione\/comunicati-stampa.msg-id-88663.html\"><strong>https:\/\/www.admin.ch<\/strong><\/a><\/span><\/p>\n","protected":false},"excerpt":{"rendered":"<p>Swissmint is commemorating the last Vreneli gold coinage with the coin \u00ab\u00a0100 years since the last Vreneli 10 franc coinage\u00a0\u00bb, on sale from 11 May 2022.<\/p>\n","protected":false},"author":3,"featured_media":132580,"comment_status":"open","ping_status":"closed","sticky":false,"template":"","format":"standard","meta":{"footnotes":""},"categories":[308,986,209,294],"tags":[1957,1955,1956],"class_list":["post-132592","post","type-post","status-publish","format-standard","has-post-thumbnail","hentry","category-faits-marquants","category-finance-fr","category-les-magazines","category-suisse","tag-franco-fr","tag-monnaie-federale","tag-switzerland-fr"],"_links":{"self":[{"href":"https:\/\/swissfederalism.ch\/fr\/wp-json\/wp\/v2\/posts\/132592","targetHints":{"allow":["GET"]}}],"collection":[{"href":"https:\/\/swissfederalism.ch\/fr\/wp-json\/wp\/v2\/posts"}],"about":[{"href":"https:\/\/swissfederalism.ch\/fr\/wp-json\/wp\/v2\/types\/post"}],"author":[{"embeddable":true,"href":"https:\/\/swissfederalism.ch\/fr\/wp-json\/wp\/v2\/users\/3"}],"replies":[{"embeddable":true,"href":"https:\/\/swissfederalism.ch\/fr\/wp-json\/wp\/v2\/comments?post=132592"}],"version-history":[{"count":2,"href":"https:\/\/swissfederalism.ch\/fr\/wp-json\/wp\/v2\/posts\/132592\/revisions"}],"predecessor-version":[{"id":132596,"href":"https:\/\/swissfederalism.ch\/fr\/wp-json\/wp\/v2\/posts\/132592\/revisions\/132596"}],"wp:featuredmedia":[{"embeddable":true,"href":"https:\/\/swissfederalism.ch\/fr\/wp-json\/wp\/v2\/media\/132580"}],"wp:attachment":[{"href":"https:\/\/swissfederalism.ch\/fr\/wp-json\/wp\/v2\/media?parent=132592"}],"wp:term":[{"taxonomy":"category","embeddable":true,"href":"https:\/\/swissfederalism.ch\/fr\/wp-json\/wp\/v2\/categories?post=132592"},{"taxonomy":"post_tag","embeddable":true,"href":"https:\/\/swissfederalism.ch\/fr\/wp-json\/wp\/v2\/tags?post=132592"}],"curies":[{"name":"wp","href":"https:\/\/api.w.org\/{rel}","templated":true}]}}