{"id":132490,"date":"2022-05-10T19:21:20","date_gmt":"2022-05-10T19:21:20","guid":{"rendered":"https:\/\/swissfederalism.ch\/hydropower-switzerland\/"},"modified":"2022-05-10T19:46:46","modified_gmt":"2022-05-10T19:46:46","slug":"hydroelectricite-suisse","status":"publish","type":"post","link":"https:\/\/swissfederalism.ch\/fr\/hydroelectricite-suisse\/","title":{"rendered":"Hydro\u00e9lectricit\u00e9 en Suisse"},"content":{"rendered":"<h1><span class=\"font-377884\">Hydro\u00e9lectricit\u00e9 en Suisse<\/span><\/h1>\n<h3><span class=\"font-377884\"><em>L&rsquo;hydro\u00e9lectricit\u00e9 est l&rsquo;une des plus anciennes sources d&rsquo;\u00e9nergie au monde, capable de produire de l&rsquo;\u00e9lectricit\u00e9 de mani\u00e8re efficace et avec un faible impact environnemental et climatique. Au 1er janvier 2022, la Suisse comptait 682 centrales hydro\u00e9lectriques d&rsquo;une puissance sup\u00e9rieure \u00e0 300 kW en exploitation. Avec la mise en service de nouvelles centrales et le renouvellement de celles existantes, la puissance maximale disponible a augment\u00e9 de 18 MW.\u00a0<\/em><\/span><\/h3>\n<figure id=\"attachment_132363\" aria-describedby=\"caption-attachment-132363\" style=\"width: 840px\" class=\"wp-caption aligncenter\"><a href=\"https:\/\/swissfederalism.ch\/fr\/reservoir-ga44c0de3d_1920-2\/\" rel=\"attachment wp-att-132363\"><img decoding=\"async\" class=\"size-large wp-image-132364\" src=\"https:\/\/swissfederalism.ch\/wp-content\/uploads\/2022\/05\/reservoir-ga44c0de3d_1920-1024x576.jpg\" alt=\"Il serbatorio di una diga di montagna\" width=\"840\" height=\"473\" srcset=\"https:\/\/swissfederalism.ch\/wp-content\/uploads\/2022\/05\/reservoir-ga44c0de3d_1920-1024x576.jpg 1024w, https:\/\/swissfederalism.ch\/wp-content\/uploads\/2022\/05\/reservoir-ga44c0de3d_1920-300x169.jpg 300w, https:\/\/swissfederalism.ch\/wp-content\/uploads\/2022\/05\/reservoir-ga44c0de3d_1920-768x432.jpg 768w, https:\/\/swissfederalism.ch\/wp-content\/uploads\/2022\/05\/reservoir-ga44c0de3d_1920-1536x864.jpg 1536w, https:\/\/swissfederalism.ch\/wp-content\/uploads\/2022\/05\/reservoir-ga44c0de3d_1920.jpg 1920w\" sizes=\"(max-width: 840px) 100vw, 840px\" \/><\/a><figcaption id=\"caption-attachment-132363\" class=\"wp-caption-text\"><\/span> <span class=\"font-377884\">Le r\u00e9servoir d&rsquo;un barrage de montagne<\/span><\/figcaption><\/figure>\n<p><span class=\"font-377884\">En Suisse, il existe des centrales hydro\u00e9lectriques au fil de l&rsquo;eau (constitu\u00e9es principalement d&rsquo;un syst\u00e8me de barrage dans un cours d&rsquo;eau, comme les centrales hydro\u00e9lectriques fluviales), des centrales hydro\u00e9lectriques \u00e0 accumulation (centrales hydro\u00e9lectriques avec r\u00e9servoirs d&rsquo;eau naturels ou artificiels) et des centrales hydro\u00e9lectriques \u00e0 pompage-turbinage (caract\u00e9ris\u00e9es par deux r\u00e9servoirs d&rsquo;eau \u00e0 des niveaux diff\u00e9rents, comme la centrale du col du Grimsel).<\/span><\/p>\n<p><span class=\"font-377884\">La production d&rsquo;\u00e9nergie attendue des centrales hydro\u00e9lectriques d&rsquo;une puissance \u00e9gale ou sup\u00e9rieure \u00e0 300 kW en 2021 est de 37 172 GWh\/a, contre 36 741 GWh\/a l&rsquo;ann\u00e9e pr\u00e9c\u00e9dente.<\/span><\/p>\n<p><span class=\"font-377884\">Environ 63 % de cette \u00e9nergie provient des cantons de montagne d&rsquo;Uri, des Grisons, du Tessin et du Valais. D&rsquo;importantes quantit\u00e9s d&rsquo;\u00e9nergie hydraulique sont \u00e9galement produites dans les cantons d&rsquo;Argovie et de Berne. Environ 11 % de l&rsquo;\u00e9nergie hydraulique suisse provient de centrales binationales situ\u00e9es le long des cours d&rsquo;eau frontaliers.<\/span><\/p>\n<p><span class=\"font-377884\"><strong><a href=\"https:\/\/swissfederalism.ch\/fr\/la-strategie-climatique-a-long-terme-de-la-suisse\/\">La strat\u00e9gie climatique \u00e0 long terme de la Suisse<\/a><\/strong><\/span><\/p>\n<h2><span class=\"font-377884\">L&rsquo;\u00e9nergie hydraulique<\/span><\/h2>\n<p><span class=\"font-377884\">L&rsquo;exploitation de cette source d&rsquo;\u00e9nergie a commenc\u00e9 vers la fin du XIXe si\u00e8cle et a connu un essor consid\u00e9rable entre 1945 et 1970, p\u00e9riode durant laquelle ont \u00e9t\u00e9 construites de nombreuses nouvelles centrales au fil de l&rsquo;eau et toutes les grandes installations d&rsquo;accumulation du pays.\u00a0 Gr\u00e2ce \u00e0 sa topographie et au volume moyen consid\u00e9rable des pr\u00e9cipitations sur son territoire, la Suisse offre des conditions id\u00e9ales pour l&rsquo;utilisation de l&rsquo;\u00e9nergie hydraulique. Au d\u00e9but des ann\u00e9es 1970, pr\u00e8s de 90% de la production d&rsquo;\u00e9lectricit\u00e9 du pays provenait de l&rsquo;\u00e9nergie hydraulique, qui reste aujourd&rsquo;hui la plus importante source indig\u00e8ne d&rsquo;\u00e9nergie renouvelable. Apr\u00e8s la mise en service des centrales nucl\u00e9aires suisses, cette part a progressivement diminu\u00e9 pour atteindre 60 % vers 1985 ; aujourd&rsquo;hui, elle est d&rsquo;environ 57 %.Environ 48,3 % de l&rsquo;\u00e9nergie hydraulique est produite dans des centrales au fil de l&rsquo;eau, 47,5 % dans des centrales \u00e0 accumulation et 4,2 % dans des centrales \u00e0 pompage-turbinage. L&rsquo;utilisation de l&rsquo;\u00e9nergie hydraulique g\u00e9n\u00e8re un chiffre d&rsquo;affaires d&rsquo;environ 1,8 milliard de francs (pour un prix de 5 francs\/kWh par centrale) et constitue un \u00e9l\u00e9ment important de l&rsquo;\u00e9conomie \u00e9nerg\u00e9tique suisse.<\/span><\/p>\n<article>\n<figure id=\"attachment_132359\" aria-describedby=\"caption-attachment-132359\" style=\"width: 840px\" class=\"wp-caption aligncenter\"><a href=\"https:\/\/swissfederalism.ch\/fr\/hydropower-plant-g94c74e01f_1920-2\/\" rel=\"attachment wp-att-132359\"><img decoding=\"async\" class=\"size-large wp-image-132360\" src=\"https:\/\/swissfederalism.ch\/wp-content\/uploads\/2022\/05\/hydropower-plant-g94c74e01f_1920-1024x683.jpg\" alt=\"Una centrale idroelettrica\" width=\"840\" height=\"560\" srcset=\"https:\/\/swissfederalism.ch\/wp-content\/uploads\/2022\/05\/hydropower-plant-g94c74e01f_1920-1024x683.jpg 1024w, https:\/\/swissfederalism.ch\/wp-content\/uploads\/2022\/05\/hydropower-plant-g94c74e01f_1920-300x200.jpg 300w, https:\/\/swissfederalism.ch\/wp-content\/uploads\/2022\/05\/hydropower-plant-g94c74e01f_1920-768x512.jpg 768w, https:\/\/swissfederalism.ch\/wp-content\/uploads\/2022\/05\/hydropower-plant-g94c74e01f_1920-1536x1024.jpg 1536w, https:\/\/swissfederalism.ch\/wp-content\/uploads\/2022\/05\/hydropower-plant-g94c74e01f_1920.jpg 1920w\" sizes=\"(max-width: 840px) 100vw, 840px\" \/><\/a><figcaption id=\"caption-attachment-132359\" class=\"wp-caption-text\"><\/span> <span class=\"font-377884\">Une centrale hydro\u00e9lectrique<\/span><\/figcaption><\/figure>\n<h2><span class=\"font-377884\">Strat\u00e9gie \u00e9nerg\u00e9tique 2050<\/span><\/h2>\n<p><span class=\"font-377884\">Avec sa Strat\u00e9gie \u00e9nerg\u00e9tique 2050, la Conf\u00e9d\u00e9ration veut porter la production annuelle moyenne d&rsquo;\u00e9lectricit\u00e9 d&rsquo;origine hydraulique \u00e0 38 600 gigawattheures (GWh\/a) d&rsquo;ici \u00e0 2050 (37 400 GWh\/a en 2035). Pour exploiter le potentiel r\u00e9alisable, il faudra d&rsquo;une part moderniser et agrandir les centrales existantes et d&rsquo;autre part construire de nouvelles centrales hydrauliques, tout en respectant les principes de la protection de l&rsquo;environnement. La Conf\u00e9d\u00e9ration veut exploiter la force hydraulique par le biais de diverses mesures qui seront mises en \u0153uvre dans le cadre du premier paquet de mesures de la Strat\u00e9gie \u00e9nerg\u00e9tique 2050.A cet \u00e9gard, la r\u00e9tribution \u00e0 prix co\u00fbtant du courant inject\u00e9 pour les nouvelles centrales hydro\u00e9lectriques d&rsquo;une puissance allant jusqu&rsquo;\u00e0 10 MW et les investissements pr\u00e9vus pour la modernisation et l&rsquo;extension des centrales hydro\u00e9lectriques d&rsquo;une puissance allant jusqu&rsquo;\u00e0 10 MW sont des instruments appropri\u00e9s. En outre, diverses mesures sont pr\u00e9vues pour am\u00e9liorer les conditions-cadres de la force hydraulique (int\u00e9r\u00eat national, strat\u00e9gie de d\u00e9veloppement des \u00e9nergies renouvelables, simplification des proc\u00e9dures d&rsquo;autorisation) ainsi que des mesures de soutien dans le cadre du programme SuisseEnergie.<\/span><\/p>\n<p><span class=\"font-377884\"><strong><a href=\"https:\/\/swissfederalism.ch\/fr\/la-production-delectricite-suisse-fait-lobjet-dun-suivi-detaille\/\">La production d&rsquo;\u00e9lectricit\u00e9 suisse fait l&rsquo;objet d&rsquo;un suivi d\u00e9taill\u00e9<\/a><\/strong><\/span><\/p>\n<\/article>\n<div class=\"mod mod-text\">\n<h2><span class=\"font-377884\">Port\u00e9e et indicateurs du syst\u00e8me de surveillance<\/span><\/h2>\n<p><span class=\"font-377884\">Le monitoring suit l&rsquo;\u00e9volution par rapport aux rep\u00e8res d\u00e9finis dans la loi sur l&rsquo;\u00e9nergie pour la consommation d&rsquo;\u00e9nergie et d&rsquo;\u00e9lectricit\u00e9 par habitant ainsi que par rapport aux rep\u00e8res pour l&rsquo;augmentation de la production d&rsquo;\u00e9lectricit\u00e9 \u00e0 partir de nouvelles \u00e9nergies renouvelables et de centrales hydro\u00e9lectriques. D&rsquo;autres domaines de surveillance et indicateurs d\u00e9crivent le d\u00e9veloppement du r\u00e9seau, la s\u00e9curit\u00e9 d&rsquo;approvisionnement, les d\u00e9penses et les prix, les \u00e9missions de CO2 dans le secteur \u00e9nerg\u00e9tique, la recherche et la technologie, ainsi que le contexte international.<\/span><\/p>\n<p><span class=\"font-377884\">Chaque ann\u00e9e, les indicateurs les plus importants sont inclus dans la version r\u00e9sum\u00e9e du rapport de suivi. D&rsquo;autres indicateurs sont contenus dans la version d\u00e9taill\u00e9e du document. En outre, tous les cinq ans, le Conseil f\u00e9d\u00e9ral soumet au Parlement un rapport contenant des analyses plus approfondies et un bilan de la politique \u00e9nerg\u00e9tique.<\/span><\/p>\n<figure id=\"attachment_132355\" aria-describedby=\"caption-attachment-132355\" style=\"width: 840px\" class=\"wp-caption aligncenter\"><a href=\"https:\/\/swissfederalism.ch\/fr\/alternator-gfa26bbd63_1920-2\/\" rel=\"attachment wp-att-132355\"><img decoding=\"async\" class=\"size-large wp-image-132356\" src=\"https:\/\/swissfederalism.ch\/wp-content\/uploads\/2022\/05\/alternator-gfa26bbd63_1920-1024x678.jpg\" alt=\"Alternatore di centrale idroelettrica\" width=\"840\" height=\"556\" srcset=\"https:\/\/swissfederalism.ch\/wp-content\/uploads\/2022\/05\/alternator-gfa26bbd63_1920-1024x678.jpg 1024w, https:\/\/swissfederalism.ch\/wp-content\/uploads\/2022\/05\/alternator-gfa26bbd63_1920-300x199.jpg 300w, https:\/\/swissfederalism.ch\/wp-content\/uploads\/2022\/05\/alternator-gfa26bbd63_1920-768x508.jpg 768w, https:\/\/swissfederalism.ch\/wp-content\/uploads\/2022\/05\/alternator-gfa26bbd63_1920-1536x1017.jpg 1536w, https:\/\/swissfederalism.ch\/wp-content\/uploads\/2022\/05\/alternator-gfa26bbd63_1920.jpg 1920w\" sizes=\"(max-width: 840px) 100vw, 840px\" \/><\/a><figcaption id=\"caption-attachment-132355\" class=\"wp-caption-text\"><\/span> <span class=\"font-377884\">Alternateur de centrale hydro\u00e9lectrique<\/span><\/figcaption><\/figure>\n<h2><span class=\"font-377884\">Une pi\u00e8ce d&rsquo;argent<\/span><\/h2>\n<p><span class=\"font-377884\">Avec la pi\u00e8ce d&rsquo;argent de 20 francs \u00ab\u00a0Hydropower\u00a0\u00bb, \u00e9mise le 9 septembre 2021, Swissmint soutient les \u00e9nergies renouvelables et l&rsquo;utilisation de ressources durables. Il s&rsquo;agit de la premi\u00e8re pi\u00e8ce en Suisse \u00e0 \u00eatre \u00e9mise en couleur et avec des \u00e9l\u00e9ments fluorescents qui brillent dans le noir.<\/span><\/p>\n<p><span class=\"font-377884\">La nouvelle pi\u00e8ce d&rsquo;argent de 20 francs en couleur et avec des \u00e9l\u00e9ments fluorescents est une cr\u00e9ation du graveur de Swissmint Benjamin L\u00f6bbert et est disponible en \u00e9dition limit\u00e9e exclusivement en fond miroir aupr\u00e8s de la Swissmintshop, de certains monnayeurs et de banques.<\/span><\/p>\n<p><span class=\"font-377884\"><strong><a href=\"https:\/\/swissfederalism.ch\/wp-content\/uploads\/2022\/05\/2021-Wasserenergie-Flyer-f.pdf\" rel=\"attachment wp-att-132492\">2021 &#8211; Monnaie comm\u00e9morative officielle \u00c9nergie hydraulique Flyer<\/a><\/strong><\/span><\/p>\n<figure id=\"attachment_132469\" aria-describedby=\"caption-attachment-132469\" style=\"width: 840px\" class=\"wp-caption aligncenter\"><a href=\"https:\/\/swissfederalism.ch\/fr\/das-limmatwehr-der-firma-ekz-photo-by-roger-tomaschett-on-unsplash-2\/\" rel=\"attachment wp-att-132469\"><img decoding=\"async\" class=\"size-large wp-image-132470\" src=\"https:\/\/swissfederalism.ch\/wp-content\/uploads\/2022\/05\/Das-Limmatwehr-der-Firma-EKZ-Photo-by-Roger-Tomaschett-on-Unsplash-1024x684.jpg\" alt=\"Lo sbarramento Limmat della societ\u00e0 EKZ - Foto di Roger Tomaschett su Unsplash\" width=\"840\" height=\"561\" srcset=\"https:\/\/swissfederalism.ch\/wp-content\/uploads\/2022\/05\/Das-Limmatwehr-der-Firma-EKZ-Photo-by-Roger-Tomaschett-on-Unsplash-1024x684.jpg 1024w, https:\/\/swissfederalism.ch\/wp-content\/uploads\/2022\/05\/Das-Limmatwehr-der-Firma-EKZ-Photo-by-Roger-Tomaschett-on-Unsplash-300x200.jpg 300w, https:\/\/swissfederalism.ch\/wp-content\/uploads\/2022\/05\/Das-Limmatwehr-der-Firma-EKZ-Photo-by-Roger-Tomaschett-on-Unsplash-768x513.jpg 768w, https:\/\/swissfederalism.ch\/wp-content\/uploads\/2022\/05\/Das-Limmatwehr-der-Firma-EKZ-Photo-by-Roger-Tomaschett-on-Unsplash-1536x1025.jpg 1536w, https:\/\/swissfederalism.ch\/wp-content\/uploads\/2022\/05\/Das-Limmatwehr-der-Firma-EKZ-Photo-by-Roger-Tomaschett-on-Unsplash-2048x1367.jpg 2048w, https:\/\/swissfederalism.ch\/wp-content\/uploads\/2022\/05\/Das-Limmatwehr-der-Firma-EKZ-Photo-by-Roger-Tomaschett-on-Unsplash-scaled.jpg 2560w\" sizes=\"(max-width: 840px) 100vw, 840px\" \/><\/a><figcaption id=\"caption-attachment-132469\" class=\"wp-caption-text\"><\/span> <span class=\"font-377884\">Le barrage EKZ de la Limmat &#8211; Photo de Roger Tomaschett sur Unsplash<\/span><\/figcaption><\/figure>\n<p><span class=\"font-377884\">Source: <a href=\"http:\/\/www.bfe.admin.ch\"><strong>http:\/\/www.bfe.admin.ch<\/strong><\/a><\/span><\/p>\n<\/div>\n","protected":false},"excerpt":{"rendered":"<p>L&rsquo;hydro\u00e9lectricit\u00e9 est l&rsquo;une des plus anciennes sources d&rsquo;\u00e9nergie au monde, capable de produire de l&rsquo;\u00e9lectricit\u00e9 de mani\u00e8re efficace et avec un faible impact environnemental et climatique. Au 1er janvier 2022, la Suisse comptait 682 centrales hydro\u00e9lectriques d&rsquo;une puissance sup\u00e9rieure \u00e0 300 kW en exploitation. Avec la mise en service de nouvelles centrales et le renouvellement de celles existantes, la puissance maximale disponible a augment\u00e9 de 18 MW.\u00a0<\/p>\n","protected":false},"author":9,"featured_media":132361,"comment_status":"open","ping_status":"closed","sticky":false,"template":"","format":"standard","meta":{"footnotes":""},"categories":[310,1700,308,209,306,294],"tags":[393,1661,1296,423,1317,1724,1811],"class_list":["post-132490","post","type-post","status-publish","format-standard","has-post-thumbnail","hentry","category-economie","category-environnement","category-faits-marquants","category-les-magazines","category-politique","category-suisse","tag-avenir","tag-co2-neutre","tag-developpement","tag-durabilite","tag-energie","tag-energies-renouvelables-2","tag-reduction-du-co2"],"_links":{"self":[{"href":"https:\/\/swissfederalism.ch\/fr\/wp-json\/wp\/v2\/posts\/132490","targetHints":{"allow":["GET"]}}],"collection":[{"href":"https:\/\/swissfederalism.ch\/fr\/wp-json\/wp\/v2\/posts"}],"about":[{"href":"https:\/\/swissfederalism.ch\/fr\/wp-json\/wp\/v2\/types\/post"}],"author":[{"embeddable":true,"href":"https:\/\/swissfederalism.ch\/fr\/wp-json\/wp\/v2\/users\/9"}],"replies":[{"embeddable":true,"href":"https:\/\/swissfederalism.ch\/fr\/wp-json\/wp\/v2\/comments?post=132490"}],"version-history":[{"count":2,"href":"https:\/\/swissfederalism.ch\/fr\/wp-json\/wp\/v2\/posts\/132490\/revisions"}],"predecessor-version":[{"id":132496,"href":"https:\/\/swissfederalism.ch\/fr\/wp-json\/wp\/v2\/posts\/132490\/revisions\/132496"}],"wp:featuredmedia":[{"embeddable":true,"href":"https:\/\/swissfederalism.ch\/fr\/wp-json\/wp\/v2\/media\/132361"}],"wp:attachment":[{"href":"https:\/\/swissfederalism.ch\/fr\/wp-json\/wp\/v2\/media?parent=132490"}],"wp:term":[{"taxonomy":"category","embeddable":true,"href":"https:\/\/swissfederalism.ch\/fr\/wp-json\/wp\/v2\/categories?post=132490"},{"taxonomy":"post_tag","embeddable":true,"href":"https:\/\/swissfederalism.ch\/fr\/wp-json\/wp\/v2\/tags?post=132490"}],"curies":[{"name":"wp","href":"https:\/\/api.w.org\/{rel}","templated":true}]}}