{"id":132130,"date":"2022-04-30T08:03:04","date_gmt":"2022-04-30T08:03:04","guid":{"rendered":"https:\/\/swissfederalism.ch\/festivita-nella-confederazione-elvetica\/"},"modified":"2022-04-30T09:12:10","modified_gmt":"2022-04-30T09:12:10","slug":"festivites-dans-la-confederation-suisse","status":"publish","type":"post","link":"https:\/\/swissfederalism.ch\/fr\/festivites-dans-la-confederation-suisse\/","title":{"rendered":"Festivit\u00e9s dans la Conf\u00e9d\u00e9ration suisse"},"content":{"rendered":"<h1><span class=\"font-377884\">Festivit\u00e9s dans la Conf\u00e9d\u00e9ration suisse<\/span><\/h1>\n<h3><span class=\"font-377884\"><em>En Suisse, les 26 cantons qui composent la Conf\u00e9d\u00e9ration helv\u00e9tique sont libres de fixer leurs propres jours f\u00e9ri\u00e9s, \u00e0 l&rsquo;exception du 1er ao\u00fbt, qui est une f\u00eate nationale au niveau f\u00e9d\u00e9ral.<\/em><\/span><\/h3>\n<figure id=\"attachment_132106\" aria-describedby=\"caption-attachment-132106\" style=\"width: 840px\" class=\"wp-caption aligncenter\"><a href=\"https:\/\/swissfederalism.ch\/festivita-nella-confederazione-elvetica\/agosto-2009-006\/\" rel=\"attachment wp-att-132106\"><img decoding=\"async\" class=\"size-large wp-image-132108\" src=\"https:\/\/swissfederalism.ch\/wp-content\/uploads\/2022\/04\/Agosto-2009-006-1024x768.jpg\" alt=\"La pi\u00f9 grande bandiera svizzera del mondo montata sul S\u00e4ntis in occasione della festa nazionale del 1. Agosto\" width=\"840\" height=\"630\" srcset=\"https:\/\/swissfederalism.ch\/wp-content\/uploads\/2022\/04\/Agosto-2009-006-1024x768.jpg 1024w, https:\/\/swissfederalism.ch\/wp-content\/uploads\/2022\/04\/Agosto-2009-006-300x225.jpg 300w, https:\/\/swissfederalism.ch\/wp-content\/uploads\/2022\/04\/Agosto-2009-006-768x576.jpg 768w, https:\/\/swissfederalism.ch\/wp-content\/uploads\/2022\/04\/Agosto-2009-006-1536x1152.jpg 1536w, https:\/\/swissfederalism.ch\/wp-content\/uploads\/2022\/04\/Agosto-2009-006-2048x1536.jpg 2048w, https:\/\/swissfederalism.ch\/wp-content\/uploads\/2022\/04\/Agosto-2009-006.jpg 2272w\" sizes=\"(max-width: 840px) 100vw, 840px\" \/><\/a><figcaption id=\"caption-attachment-132106\" class=\"wp-caption-text\"><\/span> <span class=\"font-377884\">Le plus grand drapeau suisse du monde mont\u00e9 sur le S\u00e4ntis \u00e0 l&rsquo;occasion de la f\u00eate nationale du 1er ao\u00fbt.<\/span><\/figcaption><\/figure>\n<p><span class=\"font-377884\">Les jours f\u00e9ri\u00e9s officiels suivent des lignes eccl\u00e9siastiques, historiques et historico-industrielles qui varient dans chaque canton.<\/span><\/p>\n<p><span class=\"font-377884\">Les quatre seuls jours f\u00e9ri\u00e9s qui s&rsquo;appliquent dans tous les cantons du pays sont le jour de l&rsquo;An, <strong>l&rsquo;Ascension, le jour de No\u00ebl et le 1er ao\u00fbt.<\/strong><\/span><\/p>\n<p><span class=\"font-377884\"><strong>Le Vendredi saint, le lundi de P\u00e2ques, le lundi de Pentec\u00f4te et le lendemain de No\u00ebl<\/strong> sont \u00e9galement c\u00e9l\u00e9br\u00e9s dans la plupart des r\u00e9gions du pays. Tous les autres jours f\u00e9ri\u00e9s sont limit\u00e9s \u00e0 certains cantons ou \u00e0 certains districts et communes d&rsquo;un m\u00eame canton.<\/span><\/p>\n<p><span class=\"font-377884\">\u00c0 l&rsquo;exception du 1er ao\u00fbt et du 1er mai (f\u00eate du travail), la plupart des jours f\u00e9ri\u00e9s en Suisse sont d&rsquo;origine eccl\u00e9siastique. En r\u00e8gle g\u00e9n\u00e9rale, on peut dire qu&rsquo;il y a un peu plus de jours f\u00e9ri\u00e9s dans les cantons catholiques que dans les cantons r\u00e9form\u00e9s, \u00e9tant donn\u00e9 que la r\u00e9glementation de tous les autres jours f\u00e9ri\u00e9s est entre les mains des cantons et qu&rsquo;il peut \u00e9galement y avoir des diff\u00e9rences au sein de chaque canton.<\/span><\/p>\n<p><span class=\"font-377884\">Le canton du Tessin, avec ses 15 jours f\u00e9ri\u00e9s, occupe la premi\u00e8re place en termes de jours f\u00e9ri\u00e9s, tandis que le canton d&rsquo;Appenzell Rhodes-Ext\u00e9rieures, avec 8 jours f\u00e9ri\u00e9s, \u00e0 \u00e9galit\u00e9 avec les Grisons, mais avec la circonstance aggravante que si No\u00ebl tombe un lundi, le Lendemain de No\u00ebl est un jour f\u00e9ri\u00e9, occupe la derni\u00e8re place.<\/span><\/p>\n<h2><span class=\"font-377884\">F\u00eates publiques r\u00e9gionales et locales<\/span><\/h2>\n<p><span class=\"font-377884\">Outre les jours f\u00e9ri\u00e9s nationaux ou g\u00e9n\u00e9raux, il existe en Suisse un grand nombre de jours f\u00e9ri\u00e9s r\u00e9gionaux et locaux. Elles se limitent souvent \u00e0 des districts individuels ou \u00e0 quelques municipalit\u00e9s et peuvent \u00eatre des f\u00eates religieuses, des foires, etc. Certaines de ces f\u00eates locales sont reconnues par la loi, mais plusieurs sont c\u00e9l\u00e9br\u00e9es traditionnellement m\u00eame si elles ne sont pas prot\u00e9g\u00e9es par la loi.<\/span><\/p>\n<p><span class=\"font-377884\">Seuls les cantons de Vaud et de Thurgovie ne connaissent pas de f\u00eates qui ne sont valables que r\u00e9gionalement ou qui ne sont pas reconnues par la loi, mais qui sont n\u00e9anmoins c\u00e9l\u00e9br\u00e9es par la majorit\u00e9. Dans certains autres cantons, comme Schaffhouse et Nidwald, il existe des f\u00eates qui sont c\u00e9l\u00e9br\u00e9es par la majorit\u00e9 m\u00eame si elles ne sont pas reconnues par la loi, mais aucune qui n&rsquo;est valable que dans certaines communes.<\/span><\/p>\n<p><span class=\"font-377884\"><strong><a href=\"https:\/\/swissfederalism.ch\/fr\/sechselauten-le-festival-de-printemps-de-zurich\/\">Sechsel\u00e4uten &#8211; le festival de printemps de Zurich<\/a><\/strong><\/span><\/p>\n<figure id=\"attachment_131962\" aria-describedby=\"caption-attachment-131962\" style=\"width: 840px\" class=\"wp-caption aligncenter\"><a href=\"https:\/\/swissfederalism.ch\/sechselauten-la-festa-di-primavera-zurighese\/sechselaeuten_2017\/\" rel=\"attachment wp-att-131962\"><img decoding=\"async\" class=\"size-large wp-image-131964\" src=\"https:\/\/swissfederalism.ch\/wp-content\/uploads\/2022\/04\/Sechselauten-\u00a9Zurich-Tourism-1024x683.jpg\" alt=\"\" width=\"840\" height=\"560\" srcset=\"https:\/\/swissfederalism.ch\/wp-content\/uploads\/2022\/04\/Sechselauten-\u00a9Zurich-Tourism-1024x683.jpg 1024w, https:\/\/swissfederalism.ch\/wp-content\/uploads\/2022\/04\/Sechselauten-\u00a9Zurich-Tourism-300x200.jpg 300w, https:\/\/swissfederalism.ch\/wp-content\/uploads\/2022\/04\/Sechselauten-\u00a9Zurich-Tourism-768x512.jpg 768w, https:\/\/swissfederalism.ch\/wp-content\/uploads\/2022\/04\/Sechselauten-\u00a9Zurich-Tourism-1536x1024.jpg 1536w, https:\/\/swissfederalism.ch\/wp-content\/uploads\/2022\/04\/Sechselauten-\u00a9Zurich-Tourism-2048x1365.jpg 2048w, https:\/\/swissfederalism.ch\/wp-content\/uploads\/2022\/04\/Sechselauten-\u00a9Zurich-Tourism-scaled.jpg 2560w\" sizes=\"(max-width: 840px) 100vw, 840px\" \/><\/a><figcaption id=\"caption-attachment-131962\" class=\"wp-caption-text\"><span class=\"font-377884\">Sechselaeuten \u00a9Z\u00fcrich Tourism<\/span><\/figcaption><\/figure>\n<h2><span class=\"font-377884\">F\u00eates religieuses<\/span><\/h2>\n<p><span class=\"font-377884\">Les jours f\u00e9ri\u00e9s catholiques tels que le <em>Corpus Christi, l&rsquo;Assomption, la Toussaint et l&rsquo;Immacul\u00e9e Conception<\/em> ne sont exempt\u00e9s de travail que dans les r\u00e9gions \u00e0 population majoritairement catholique et sont des jours de travail ordinaires dans les r\u00e9gions r\u00e9form\u00e9es. Ces jours f\u00e9ri\u00e9s s&rsquo;appliquent, par exemple, dans le canton catholique d&rsquo;<em>Appenzell Rhodes-Int\u00e9rieures<\/em>, mais pas dans le canton r\u00e9form\u00e9 d&rsquo;<em>Appenzell Rhodes-Ext\u00e9rieures.<\/em><\/span><\/p>\n<p><span class=\"font-377884\">Dans le canton <em>d&rsquo;Argovie<\/em>, la subdivision est plus diversifi\u00e9e pour des raisons confessionnelles, puisque les traditions des zones r\u00e9form\u00e9e, catholique, chr\u00e9tienne-catholique (Rheinfelden) et mixte r\u00e9form\u00e9e-catholique (Baden) sont prises en compte.<\/span><\/p>\n<p><span class=\"font-377884\">Dans le canton des <em>Grisons<\/em>, les communes ont le droit de d\u00e9signer au moins un jour f\u00e9ri\u00e9 suppl\u00e9mentaire. Par cons\u00e9quent, dans de nombreuses communes, certaines des f\u00eates catholiques sont des jours f\u00e9ri\u00e9s, et dans certains endroits, les f\u00eates locales des \u00e9glises et des saints patrons sont c\u00e9l\u00e9br\u00e9es comme des jours f\u00e9ri\u00e9s.\u00a0<\/span><\/p>\n<p><span class=\"font-377884\">Dans les cantons de <em>Lucerne<\/em>, <em>Soleure et Schwyz<\/em>, la plupart des communes c\u00e9l\u00e8brent des f\u00eates dites d&rsquo;\u00e9glise le jour du saint patron local. Il existe donc un grand nombre de f\u00eates r\u00e9gionales qui ne sont valables que dans une seule commune ou tout au plus dans un seul district.<\/span><\/p>\n<h2><span class=\"font-377884\">R\u00e9partition cantonale des principaux jours f\u00e9ri\u00e9s\u00a0<\/span><\/h2>\n<h4><span class=\"font-377884\">\u00c9piphanie<\/span><\/h4>\n<p><span class=\"font-377884\">Ce jour est consid\u00e9r\u00e9 comme un jour f\u00e9ri\u00e9 dans certaines parties des <em>Grisons, ainsi qu&rsquo;\u00e0 Schwyz, au Tessin et \u00e0 Uri.<\/em><\/span><\/p>\n<h4><span class=\"font-377884\">Vendredi saint<\/span><\/h4>\n<p><span class=\"font-377884\">Le Vendredi saint est un jour f\u00e9ri\u00e9 dans les cantons <em>d&rsquo;Argovie, d&rsquo;Appenzell Rhodes-Ext\u00e9rieures, d&rsquo;Appenzell Rhodes-Int\u00e9rieures, de B\u00e2le-Campagne, de B\u00e2le-Ville, de Berne, de Fribourg, de Gen\u00e8ve, de Glaris, des Grisons, du Jura, de Lucerne, de Neuch\u00e2tel, de Nidwald, d&rsquo;Obwald, de Schaffhouse, de Schwyz, de Soleure, de Saint-Gall, de Thurgovie, d&rsquo;Uri, de Vaud, de Zoug et de Zurich<\/em>. Dans le canton du Tessin, ce n&rsquo;est pas un jour f\u00e9ri\u00e9, mais la plupart des bureaux et des banques restent ferm\u00e9s.<\/span><\/p>\n<h4><span class=\"font-377884\">Lundi de P\u00e2ques\u00a0<\/span><\/h4>\n<p><span class=\"font-377884\">Le lundi de P\u00e2ques est un jour f\u00e9ri\u00e9 dans les cantons <em>d&rsquo;Appenzell Rhodes-Ext\u00e9rieures, Appenzell Rhodes-Int\u00e9rieures, B\u00e2le-Campagne, B\u00e2le-Ville, Berne, Gen\u00e8ve, Glaris, Grisons, Jura, Schaffhouse, Saint-Gall, Tessin, Thurgovie, Vaud, Zurich<\/em> et dans certaines communes <em>d&rsquo;Argovie et de Soleure. \u00c0 Schwyz et \u00e0 Uri,<\/em> il s&rsquo;agit d&rsquo;un jour de repos l\u00e9galement reconnu, tandis que dans les cantons de <em>Fribourg, Lucerne, Neuch\u00e2tel, Nidwald, Obwald et Zoug,<\/em> le lundi de P\u00e2ques est aussi largement un jour de repos.<\/span><\/p>\n<h4><span class=\"font-377884\">1er mai<\/span><\/h4>\n<p><span class=\"font-377884\">Ce jour f\u00e9ri\u00e9 remonte \u00e0 la lutte des travailleurs am\u00e9ricains pour l&rsquo;instauration de la journ\u00e9e de huit heures en 1886 et est d\u00e9sormais un jour f\u00e9ri\u00e9 dans de nombreux \u00c9tats.\u00a0En Suisse, elle a eu lieu pour la premi\u00e8re fois en 1890.\u00a0<\/span><\/p>\n<p><span class=\"font-377884\">La f\u00eate du travail n&rsquo;est un jour f\u00e9ri\u00e9 officiel que dans huit cantons : <em>B\u00e2le-Ville, B\u00e2le-Campagne, Jura, Neuch\u00e2tel, Schaffhouse, Tessin, Thurgovie et Zurich.<\/em>\u00a0Dans les cantons<em> d&rsquo;Argovie et de Soleure,<\/em> les gens ne travaillent souvent que jusqu&rsquo;\u00e0 midi.\u00a0Dans d&rsquo;autres cantons, certaines communes f\u00eatent le 1er mai en comm\u00e9moration du saint patron local.<\/span><\/p>\n<section id=\"ist-muttertag-in-der-schweiz-feiertag\" class=\"anchor\">\n<h4><span class=\"font-377884\">F\u00eate des m\u00e8res<\/span><\/h4>\n<p><span class=\"font-377884\">Ce n&rsquo;est pas un jour f\u00e9ri\u00e9 en Suisse, qui est toujours c\u00e9l\u00e9br\u00e9 le deuxi\u00e8me dimanche de mai, comme dans de nombreux autres pays du monde.<\/span><\/p>\n<h4><span class=\"font-377884\">Ascension<\/span><\/h4>\n<p><span class=\"font-377884\">L&rsquo;Ascension est une f\u00eate chr\u00e9tienne en Suisse qui est c\u00e9l\u00e9br\u00e9e dans tous les cantons le 40e jour apr\u00e8s P\u00e2ques, ce qui en fait un jour f\u00e9ri\u00e9 variable. \u00a0Ce jour est trait\u00e9 comme un dimanche.<\/span><\/p>\n<h4><span class=\"font-377884\">Lundi de Pentec\u00f4te<\/span><\/h4>\n<p><span class=\"font-377884\">Elle est c\u00e9l\u00e9br\u00e9e 50 jours apr\u00e8s le lundi de P\u00e2ques et constitue l&rsquo;une des plus grandes f\u00eates chr\u00e9tiennes r\u00e9gionales en Suisse.<\/span><\/p>\n<p><span class=\"font-377884\">Dans les cantons <em>d&rsquo;Appenzell Rhodes-Int\u00e9rieures, Appenzell Rhodes-Ext\u00e9rieures, Berne, B\u00e2le-Campagne, B\u00e2le-Ville, Gen\u00e8ve, Grisons, Jura, Saint-Gall, Schaffhouse, Thurgovie, Vaud et Zurich,<\/em> c&rsquo;est un jour f\u00e9ri\u00e9 \u00e9quivalent au dimanche.\u00a0Dans les cantons de <em>Glaris, Schwyz, Tessin et Uri<\/em>, c&rsquo;est un jour de repos reconnu par la loi. Dans les cantons de <em>Fribourg, Lucerne, Neuch\u00e2tel, Nidwald, Obwald et Zoug<\/em>, ce n&rsquo;est pas un jour f\u00e9ri\u00e9, mais un jour de repos dans tout le canton. Dans les cantons <em>d&rsquo;Argovie et de Soleure,<\/em> ce n&rsquo;est un jour f\u00e9ri\u00e9 que dans certaines communes. Dans le canton du <em>Valais<\/em>, c&rsquo;est un jour de travail normal dans tout le canton.<\/span><\/p>\n<h4><span class=\"font-377884\">La f\u00eate des p\u00e8res en Suisse<\/span><\/h4>\n<p><span class=\"font-377884\">Il n&rsquo;y a pas de f\u00eate des p\u00e8res officielle en Suisse, mais la f\u00eate des p\u00e8res officieuse est c\u00e9l\u00e9br\u00e9e le premier dimanche de juin, et se veut avant tout une f\u00eate p\u00e8re-fils. Dans le canton du <em>Tessin<\/em>, la f\u00eate des p\u00e8res est c\u00e9l\u00e9br\u00e9e le 19 mars, comme dans l&rsquo;Italie voisine.<\/span><\/p>\n<h4><span class=\"font-377884\">Corpus Christi<\/span><\/h4>\n<p><span class=\"font-377884\">Le Corpus Christi est une f\u00eate catholique c\u00e9l\u00e9br\u00e9e le 60e jour apr\u00e8s P\u00e2ques et est un jour f\u00e9ri\u00e9 dans certaines r\u00e9gions de Suisse. Le Corpus Christi est une f\u00eate r\u00e9gionale c\u00e9l\u00e9br\u00e9e dans les cantons catholiques d<em>&lsquo;Appenzell Rhodes-Int\u00e9rieures, du Jura, de Lucerne, de Nidwald, d&rsquo;Obwald, de Schwyz, du Tessin, d&rsquo;Uri, du Valais et de Zoug.\u00a0<\/em>C&rsquo;est \u00e9galement un jour f\u00e9ri\u00e9 dans certaines communaut\u00e9s catholiques des cantons<em> d&rsquo;Argovie, de Fribourg, des Grisons, de Neuch\u00e2tel et de Soleure.<\/em><\/span><\/p>\n<\/section>\n<section id=\"ist-fronleichnam-in-der-schweiz-feiertag\" class=\"anchor\">\n<h4><span class=\"font-377884\">F\u00eate nationale suisse\u00a0<\/span><\/h4>\n<p><span class=\"font-377884\">La f\u00eate nationale de la Conf\u00e9d\u00e9ration suisse est c\u00e9l\u00e9br\u00e9e le 1er ao\u00fbt et est un jour ch\u00f4m\u00e9 dans toute la Suisse depuis 1994.<\/span><\/p>\n<figure id=\"attachment_132116\" aria-describedby=\"caption-attachment-132116\" style=\"width: 840px\" class=\"wp-caption aligncenter\"><a href=\"https:\/\/swissfederalism.ch\/festivita-nella-confederazione-elvetica\/festa-tradizionali-elvetici\/\" rel=\"attachment wp-att-132116\"><img decoding=\"async\" class=\"size-large wp-image-132118\" src=\"https:\/\/swissfederalism.ch\/wp-content\/uploads\/2022\/04\/Festa-tradizionali-Elvetici-1024x712.jpg\" alt=\"Un evento tradizionale elvetico\" width=\"840\" height=\"584\" srcset=\"https:\/\/swissfederalism.ch\/wp-content\/uploads\/2022\/04\/Festa-tradizionali-Elvetici-1024x712.jpg 1024w, https:\/\/swissfederalism.ch\/wp-content\/uploads\/2022\/04\/Festa-tradizionali-Elvetici-300x209.jpg 300w, https:\/\/swissfederalism.ch\/wp-content\/uploads\/2022\/04\/Festa-tradizionali-Elvetici-768x534.jpg 768w, https:\/\/swissfederalism.ch\/wp-content\/uploads\/2022\/04\/Festa-tradizionali-Elvetici-1536x1068.jpg 1536w, https:\/\/swissfederalism.ch\/wp-content\/uploads\/2022\/04\/Festa-tradizionali-Elvetici.jpg 1920w\" sizes=\"(max-width: 840px) 100vw, 840px\" \/><\/a><figcaption id=\"caption-attachment-132116\" class=\"wp-caption-text\"><\/span> <span class=\"font-377884\">Un \u00e9v\u00e9nement traditionnel suisse<\/span><\/figcaption><\/figure>\n<h4><span class=\"font-377884\">Assomption de la Vierge Marie<\/span><\/h4>\n<p><span class=\"font-377884\">L&rsquo;Assomption est un jour f\u00e9ri\u00e9 \u00e9quivalent au dimanche, c\u00e9l\u00e9br\u00e9 le 15 ao\u00fbt dans les cantons suivants : <em>Lucerne, Obwald, Nidwald, Schwyz, Tessin, Uri, Valais et Zoug,<\/em> ainsi que dans certaines communes des cantons <em>d&rsquo;Argovie, B\u00e2le-Campagne, Fribourg, Grisons et Soleure.\u00a0<\/em><\/span><\/p>\n<p><span class=\"font-377884\">Dans les cantons <em>d&rsquo;Appenzell Rhodes-Int\u00e9rieures et du Jura<\/em>, c&rsquo;est un jour f\u00e9ri\u00e9 reconnu, tandis que dans les autres cantons, c&rsquo;est un jour ouvrable ordinaire.<\/span><\/p>\n<h4><span class=\"font-377884\">La Toussaint<\/span><\/h4>\n<p><span class=\"font-377884\">La Toussaint est un jour f\u00e9ri\u00e9 dans de nombreux \u00c9tats et r\u00e9gions catholiques, c\u00e9l\u00e9br\u00e9 le 1er novembre.<\/span><\/p>\n<p><span class=\"font-377884\">En Suisse, il est c\u00e9l\u00e9br\u00e9 comme un jour f\u00e9ri\u00e9 dans les cantons majoritairement catholiques <em>d&rsquo;Appenzell Rhodes-Int\u00e9rieures, de Glaris, du Jura, de Lucerne, d&rsquo;Obwald, de Nidwald, de Saint-Gall, de Schwyz, du Tessin, d&rsquo;Uri, du Valais et de Zoug,<\/em> ainsi que dans certaines parties <em>d&rsquo;Argovie, de B\u00e2le-Campagne, de Fribourg, des Grisons et de Soleure.<\/em><\/span><\/p>\n<h4><span class=\"font-377884\">Saint-Nicolas<\/span><\/h4>\n<p><span class=\"font-377884\">F\u00eat\u00e9e le 6 d\u00e9cembre, Samichlaus, comme on l&rsquo;appelle en Suisse al\u00e9manique, se fonde sur les traditions entourant saint Nicolas, l&rsquo;\u00e9v\u00eaque grec de Myra, dans l&rsquo;actuelle Turquie, qui distribuait des cadeaux. On dit que saint Nicolas a fait preuve d&rsquo;une gentillesse particuli\u00e8re envers les enfants et qu&rsquo;il \u00e9tait associ\u00e9 \u00e0 l&rsquo;offre de cadeaux. La c\u00e9l\u00e9bration de la Saint-Nicolas a lieu principalement dans l<em>es cantons germanophones<\/em> et remonte \u00e0 plusieurs si\u00e8cles. Les c\u00e9l\u00e9brations varient selon les r\u00e9gions linguistiques et entre les cantons catholiques et protestants. C&rsquo;est une journ\u00e9e de travail normale.<\/span><\/p>\n<h4><span class=\"font-377884\">Immacul\u00e9e Conception<\/span><\/h4>\n<p><span class=\"font-377884\">Dans les cantons et communes catholiques de Suisse, le 8 d\u00e9cembre est un jour f\u00e9ri\u00e9 ou de repos \u00e9quivalent au dimanche.\u00a0<\/span><\/p>\n<h4><span class=\"font-377884\">26 d\u00e9cembre<\/span><\/h4>\n<p><span class=\"font-377884\">En Suisse, ce jour est un jour f\u00e9ri\u00e9 officiel dans quelques cantons seulement et est c\u00e9l\u00e9br\u00e9 dans les cantons <em>d&rsquo;Appenzell Rhodes-Ext\u00e9rieures, Appenzell Rhodes-Int\u00e9rieures, B\u00e2le-Campagne, B\u00e2le-Ville, Berne, Glaris, Grisons, Lucerne, Schaffhouse, Saint-Gall, Thurgovie, Tessin et Zurich<\/em>, ainsi que dans certaines parties <em>d&rsquo;Argovie et de Soleure.<\/em><\/span><\/p>\n<p><span class=\"font-377884\">Dans les cantons de <em>Fribourg, Nidwald, Obwald et Zoug,<\/em> le lendemain de No\u00ebl n&rsquo;est pas l\u00e9galement reconnu comme un jour f\u00e9ri\u00e9, mais il est n\u00e9anmoins g\u00e9n\u00e9ralement un jour de repos.<\/span><\/p>\n<\/section>\n<p><span class=\"font-377884\">Dans les cantons <em>de Schwyz et d&rsquo;Uri,<\/em> c&rsquo;est un jour de cong\u00e9 cantonal.<\/span><\/p>\n<figure id=\"attachment_132110\" aria-describedby=\"caption-attachment-132110\" style=\"width: 840px\" class=\"wp-caption aligncenter\"><a href=\"https:\/\/swissfederalism.ch\/festivita-nella-confederazione-elvetica\/guggenmusik-g424c15a33_1920\/\" rel=\"attachment wp-att-132110\"><img decoding=\"async\" class=\"size-large wp-image-132112\" src=\"https:\/\/swissfederalism.ch\/wp-content\/uploads\/2022\/04\/guggenmusik-g424c15a33_1920-1024x681.jpg\" alt=\"Sfilata di Carnevale a Yverdon - Canton Vaud\" width=\"840\" height=\"559\" srcset=\"https:\/\/swissfederalism.ch\/wp-content\/uploads\/2022\/04\/guggenmusik-g424c15a33_1920-1024x681.jpg 1024w, https:\/\/swissfederalism.ch\/wp-content\/uploads\/2022\/04\/guggenmusik-g424c15a33_1920-300x200.jpg 300w, https:\/\/swissfederalism.ch\/wp-content\/uploads\/2022\/04\/guggenmusik-g424c15a33_1920-768x511.jpg 768w, https:\/\/swissfederalism.ch\/wp-content\/uploads\/2022\/04\/guggenmusik-g424c15a33_1920-1536x1022.jpg 1536w, https:\/\/swissfederalism.ch\/wp-content\/uploads\/2022\/04\/guggenmusik-g424c15a33_1920.jpg 1920w\" sizes=\"(max-width: 840px) 100vw, 840px\" \/><\/a><figcaption id=\"caption-attachment-132110\" class=\"wp-caption-text\">D\u00e9fil\u00e9 de carnaval \u00e0 Yverdon &#8211; Canton de Vaud<\/figcaption><\/figure>\n<p>&nbsp;<\/p>\n<p>&nbsp;<\/p>\n<p>&nbsp;<\/p>\n<p>&nbsp;<\/p>\n<p>&nbsp;<\/p>\n","protected":false},"excerpt":{"rendered":"<p>En Suisse, les 26 cantons qui composent la Conf\u00e9d\u00e9ration helv\u00e9tique sont libres de fixer leurs propres jours f\u00e9ri\u00e9s, \u00e0 l&rsquo;exception du 1er ao\u00fbt, qui est une f\u00eate nationale au niveau f\u00e9d\u00e9ral.<\/p>\n","protected":false},"author":9,"featured_media":132108,"comment_status":"open","ping_status":"closed","sticky":false,"template":"","format":"standard","meta":{"footnotes":""},"categories":[315,312,310,303,209,306,294,1346],"tags":[1881,1882,1478],"class_list":["post-132130","post","type-post","status-publish","format-standard","has-post-thumbnail","hentry","category-autonomie","category-culture-fr","category-economie","category-histoire","category-les-magazines","category-politique","category-suisse","category-curiosites","tag-anniversaire","tag-festivites","tag-traditions"],"_links":{"self":[{"href":"https:\/\/swissfederalism.ch\/fr\/wp-json\/wp\/v2\/posts\/132130","targetHints":{"allow":["GET"]}}],"collection":[{"href":"https:\/\/swissfederalism.ch\/fr\/wp-json\/wp\/v2\/posts"}],"about":[{"href":"https:\/\/swissfederalism.ch\/fr\/wp-json\/wp\/v2\/types\/post"}],"author":[{"embeddable":true,"href":"https:\/\/swissfederalism.ch\/fr\/wp-json\/wp\/v2\/users\/9"}],"replies":[{"embeddable":true,"href":"https:\/\/swissfederalism.ch\/fr\/wp-json\/wp\/v2\/comments?post=132130"}],"version-history":[{"count":2,"href":"https:\/\/swissfederalism.ch\/fr\/wp-json\/wp\/v2\/posts\/132130\/revisions"}],"predecessor-version":[{"id":132132,"href":"https:\/\/swissfederalism.ch\/fr\/wp-json\/wp\/v2\/posts\/132130\/revisions\/132132"}],"wp:featuredmedia":[{"embeddable":true,"href":"https:\/\/swissfederalism.ch\/fr\/wp-json\/wp\/v2\/media\/132108"}],"wp:attachment":[{"href":"https:\/\/swissfederalism.ch\/fr\/wp-json\/wp\/v2\/media?parent=132130"}],"wp:term":[{"taxonomy":"category","embeddable":true,"href":"https:\/\/swissfederalism.ch\/fr\/wp-json\/wp\/v2\/categories?post=132130"},{"taxonomy":"post_tag","embeddable":true,"href":"https:\/\/swissfederalism.ch\/fr\/wp-json\/wp\/v2\/tags?post=132130"}],"curies":[{"name":"wp","href":"https:\/\/api.w.org\/{rel}","templated":true}]}}