{"id":131983,"date":"2022-04-23T20:33:14","date_gmt":"2022-04-23T20:33:14","guid":{"rendered":"https:\/\/swissfederalism.ch\/sechselauten-la-festa-di-primavera-zurighese\/"},"modified":"2022-04-23T20:54:59","modified_gmt":"2022-04-23T20:54:59","slug":"sechselauten-le-festival-de-printemps-de-zurich","status":"publish","type":"post","link":"https:\/\/swissfederalism.ch\/fr\/sechselauten-le-festival-de-printemps-de-zurich\/","title":{"rendered":"Sechsel\u00e4uten &#8211; le festival de printemps de Zurich"},"content":{"rendered":"<header class=\"section-title\">\n<div class=\"section-title-block\">\n<h2 class=\"title is-h3\"><span class=\"font-377884\">Sechsel\u00e4uten &#8211; le festival de printemps de Zurich<\/span><\/h2>\n<\/div>\n<\/header>\n<div>\n<div class=\"block-wysiwyg\">\n<div class=\"content\">\n<h3><span class=\"font-377884\"><em>Le Sechsel\u00e4uten (S\u00e4chsil\u00fc\u00fcte en allemand zurichois) est un festival centenaire c\u00e9l\u00e9brant le d\u00e9but du printemps \u00e0 Zurich, qui a lieu chaque ann\u00e9e entre la mi-avril et la fin avril. En plus des membres de la guilde en costumes historiques, l&rsquo;\u00e9v\u00e9nement comprend des fanfares, des chevaux, des fleurs, des drapeaux et le \u00ab\u00a0B\u00f6\u00f6gg\u00a0\u00bb.<\/em><\/span><\/h3>\n<figure id=\"attachment_131954\" aria-describedby=\"caption-attachment-131954\" style=\"width: 840px\" class=\"wp-caption aligncenter\"><a href=\"https:\/\/swissfederalism.ch\/sechselauten-la-festa-di-primavera-zurighese\/pferd\/\" rel=\"attachment wp-att-131954\"><img decoding=\"async\" class=\"size-large wp-image-131956\" src=\"https:\/\/swissfederalism.ch\/wp-content\/uploads\/2022\/04\/ZT_7265-\u00a9Zurich-Tourism-1024x683.jpg\" alt=\"\" width=\"840\" height=\"560\" srcset=\"https:\/\/swissfederalism.ch\/wp-content\/uploads\/2022\/04\/ZT_7265-\u00a9Zurich-Tourism-1024x683.jpg 1024w, https:\/\/swissfederalism.ch\/wp-content\/uploads\/2022\/04\/ZT_7265-\u00a9Zurich-Tourism-300x200.jpg 300w, https:\/\/swissfederalism.ch\/wp-content\/uploads\/2022\/04\/ZT_7265-\u00a9Zurich-Tourism-768x512.jpg 768w, https:\/\/swissfederalism.ch\/wp-content\/uploads\/2022\/04\/ZT_7265-\u00a9Zurich-Tourism-1536x1024.jpg 1536w, https:\/\/swissfederalism.ch\/wp-content\/uploads\/2022\/04\/ZT_7265-\u00a9Zurich-Tourism-2048x1365.jpg 2048w, https:\/\/swissfederalism.ch\/wp-content\/uploads\/2022\/04\/ZT_7265-\u00a9Zurich-Tourism-scaled.jpg 2560w\" sizes=\"(max-width: 840px) 100vw, 840px\" \/><\/a><figcaption id=\"caption-attachment-131954\" class=\"wp-caption-text\"><span class=\"font-377884\">Sechsel\u00e4uten \u00a9Z\u00fcrich Tourism<\/span><\/figcaption><\/figure>\n<p><span class=\"font-377884\">Le lundi apr\u00e8s-midi a lieu la procession de la Compagnie du Constaffel et des 25 guildes zurichoises. Environ 3 500 membres de la guilde dans leurs costumes, robes et uniformes traditionnels, leurs invit\u00e9s d&rsquo;honneur, plus de 350 cavaliers, une cinquantaine de voitures exclusivement hippomobiles et une trentaine de groupes de musique d\u00e9filent en contremarche \u00e0 travers la Bahnhofstrasse et le Limmatquai jusqu&rsquo;\u00e0 la Sechsel\u00e4utenplatz pr\u00e8s de Bellevue. L&rsquo;ordre des cort\u00e8ges est d\u00e9cid\u00e9 chaque ann\u00e9e en novembre par les d\u00e9l\u00e9gu\u00e9s du Comit\u00e9 central des corporations de Zurich (ZZZ). Les guildes \u00ab\u00a0zum Weggen\u00a0\u00bb, \u00ab\u00a0zum K\u00e4mbel\u00a0\u00bb et \u00ab\u00a0Wiedikon\u00a0\u00bb sont plac\u00e9es respectivement en premi\u00e8re et derni\u00e8re position dans le cort\u00e8ge en raison de leurs grands groupes de cavaliers dans un mode de rotation d\u00e9fini. Le cort\u00e8ge des guildes est men\u00e9 par la police municipale de Zurich, le ZZZ et les banni\u00e8res des communes et cantons h\u00f4tes. Les membres de la guilde et les invit\u00e9s d&rsquo;honneur re\u00e7oivent des fleurs et des baisers de la part des spectateurs.<\/span><\/p>\n<figure id=\"attachment_131946\" aria-describedby=\"caption-attachment-131946\" style=\"width: 840px\" class=\"wp-caption aligncenter\"><a href=\"https:\/\/swissfederalism.ch\/sechselauten-la-festa-di-primavera-zurighese\/schweiz-zuerich-tourismus\/\" rel=\"attachment wp-att-131946\"><img decoding=\"async\" class=\"size-large wp-image-131948\" src=\"https:\/\/swissfederalism.ch\/wp-content\/uploads\/2022\/04\/ZT_15034-\u00a9Zurich-Tourism-1024x683.jpg\" alt=\"\" width=\"840\" height=\"560\" srcset=\"https:\/\/swissfederalism.ch\/wp-content\/uploads\/2022\/04\/ZT_15034-\u00a9Zurich-Tourism-1024x683.jpg 1024w, https:\/\/swissfederalism.ch\/wp-content\/uploads\/2022\/04\/ZT_15034-\u00a9Zurich-Tourism-300x200.jpg 300w, https:\/\/swissfederalism.ch\/wp-content\/uploads\/2022\/04\/ZT_15034-\u00a9Zurich-Tourism-768x512.jpg 768w, https:\/\/swissfederalism.ch\/wp-content\/uploads\/2022\/04\/ZT_15034-\u00a9Zurich-Tourism-1536x1024.jpg 1536w, https:\/\/swissfederalism.ch\/wp-content\/uploads\/2022\/04\/ZT_15034-\u00a9Zurich-Tourism-2048x1365.jpg 2048w, https:\/\/swissfederalism.ch\/wp-content\/uploads\/2022\/04\/ZT_15034-\u00a9Zurich-Tourism-scaled.jpg 2560w\" sizes=\"(max-width: 840px) 100vw, 840px\" \/><\/a><figcaption id=\"caption-attachment-131946\" class=\"wp-caption-text\"><span class=\"font-377884\">Sechselaeuten \u00a9Z\u00fcrich Tourism<\/span><\/figcaption><\/figure>\n<p><span class=\"font-377884\">Les Sechsel\u00e4uten d&rsquo;aujourd&rsquo;hui ont trois origines diff\u00e9rentes :<\/span><\/p>\n<ol>\n<li><span class=\"font-377884\">La premi\u00e8re racine aux guildes zurichoises, qui, en tant qu&rsquo;institutions politiques, militaires, sociales et commerciales, ont guid\u00e9 et d\u00e9termin\u00e9 le destin de la ville pendant plus de 450 ans. Ils sont les sponsors du festival de printemps de Zurich. Les anciens r\u00e8glements commerciaux des guildes d\u00e9terminaient les heures de travail des artisans.<\/span><\/li>\n<li><span class=\"font-377884\">La deuxi\u00e8me racine du Sechsel\u00e4uten est li\u00e9e au fait qu&rsquo;en \u00e9t\u00e9, la \u00ab\u00a0cloche de six heures\u00a0\u00bb signalait la fin des heures de travail, tandis qu&rsquo;en hiver, en raison de la luminosit\u00e9, le travail ne pouvait \u00eatre effectu\u00e9 que jusqu&rsquo;\u00e0 cinq heures.<\/span><\/li>\n<li><span class=\"font-377884\">La troisi\u00e8me racine est une coutume pa\u00efenne, \u00e0 savoir br\u00fbler l&rsquo;hiver comme symbole du d\u00e9but des saisons plus chaudes.<\/span><\/li>\n<\/ol>\n<h2><span class=\"font-377884\">Histoire du festival<\/span><\/h2>\n<p><span class=\"font-377884\">Au XVIe si\u00e8cle, le Conseil de Zurich, qui se composait alors exclusivement de membres de la guilde, a d\u00e9cr\u00e9t\u00e9 que la fin des heures de travail en \u00e9t\u00e9 devait \u00eatre une heure plus tardive qu&rsquo;en hiver.<\/span><\/p>\n<p><span class=\"font-377884\">Le premier lundi apr\u00e8s l&rsquo;\u00e9quinoxe, pour marquer le d\u00e9but du printemps, la deuxi\u00e8me plus grosse cloche de l&rsquo;\u00e9glise de Grossm\u00fcnster sonnait 18 heures \u00e0 l&rsquo;heure. \u00c0 partir de ce jour et jusqu&rsquo;\u00e0 la fin de l&rsquo;automne, les gens travaillaient une heure de plus. Depuis lors, la \u00ab\u00a0S\u00e4chsil\u00fc\u00fcte\u00a0\u00bb (sonnerie de six heures) a toujours \u00e9t\u00e9 c\u00e9l\u00e9br\u00e9e.<\/span><\/p>\n<div class=\"section-title-block\">\n<figure id=\"attachment_131966\" aria-describedby=\"caption-attachment-131966\" style=\"width: 840px\" class=\"wp-caption aligncenter\"><a href=\"https:\/\/swissfederalism.ch\/sechselauten-la-festa-di-primavera-zurighese\/zurich-grossmunster\/\" rel=\"attachment wp-att-131966\"><img decoding=\"async\" class=\"size-large wp-image-131968\" src=\"https:\/\/swissfederalism.ch\/wp-content\/uploads\/2022\/04\/Zurich-Grossmunster-1024x683.jpg\" alt=\"L'antico duomo Grossm\u00fcnster di Zurigo\" width=\"840\" height=\"560\" srcset=\"https:\/\/swissfederalism.ch\/wp-content\/uploads\/2022\/04\/Zurich-Grossmunster-1024x683.jpg 1024w, https:\/\/swissfederalism.ch\/wp-content\/uploads\/2022\/04\/Zurich-Grossmunster-300x200.jpg 300w, https:\/\/swissfederalism.ch\/wp-content\/uploads\/2022\/04\/Zurich-Grossmunster-768x512.jpg 768w, https:\/\/swissfederalism.ch\/wp-content\/uploads\/2022\/04\/Zurich-Grossmunster-1536x1024.jpg 1536w, https:\/\/swissfederalism.ch\/wp-content\/uploads\/2022\/04\/Zurich-Grossmunster.jpg 1920w\" sizes=\"(max-width: 840px) 100vw, 840px\" \/><\/a><figcaption id=\"caption-attachment-131966\" class=\"wp-caption-text\"><\/span> <span class=\"font-377884\">L&rsquo;ancienne cath\u00e9drale Grossm\u00fcnster de Zurich\u00a0<\/span><\/figcaption><\/figure>\n<\/div>\n<div class=\"block-wysiwyg\">\n<header class=\"section-title\">\n<div class=\"section-title-block\">\n<h2><span class=\"font-377884\">Le B\u00f6\u00f6gg<\/span><\/h2>\n<p><span class=\"font-377884\">La v\u00e9ritable vedette de la f\u00eate est le \u00ab\u00a0<em>B\u00f6\u00f6gg<\/em>\u00ab\u00a0, qui signifie \u00ab\u00a0<em>personnage masqu\u00e9 et encapuchonn\u00e9<\/em>\u00a0\u00bb (voir \u00ab\u00a0Fasnacht B\u00f6gg\u00a0\u00bb), un bonhomme de neige artificiel rempli de laine de bois et de p\u00e9tards, qui symbolise l&rsquo;hiver. Lorsque l&rsquo;\u00e9glise de Grossm\u00fcnster sonne six heures, on y met le feu et on dit que plus t\u00f4t la t\u00eate pleine de feux d&rsquo;artifice explose, plus l&rsquo;\u00e9t\u00e9 sera beau. Une dur\u00e9e de 5 \u00e0 12 minutes indique un \u00e9t\u00e9 ensoleill\u00e9 et chaud. Au-del\u00e0 de cette p\u00e9riode, les mois d&rsquo;\u00e9t\u00e9 risquent d&rsquo;\u00eatre plut\u00f4t pluvieux.<\/span><\/p>\n<p><span class=\"font-377884\">Le lundi de l&rsquo;\u00e9v\u00e9nement, \u00e0 18 heures pr\u00e9cises, il est incendi\u00e9 sur la Sechsel\u00e4utenplatz. Symbole de l&rsquo;hiver, le feu de joie est cens\u00e9 accueillir le printemps.\u00a0<\/span><\/p>\n<\/div>\n<\/header>\n<\/div>\n<div class=\"block-wysiwyg\">\n<div class=\"block-wysiwyg\">\n<header class=\"section-title\">\n<div class=\"section-title-block\">\n<figure id=\"attachment_131970\" aria-describedby=\"caption-attachment-131970\" style=\"width: 683px\" class=\"wp-caption aligncenter\"><a href=\"https:\/\/swissfederalism.ch\/sechselauten-la-festa-di-primavera-zurighese\/boogg\/\" rel=\"attachment wp-att-131970\"><img decoding=\"async\" class=\"size-large wp-image-131972\" src=\"https:\/\/swissfederalism.ch\/wp-content\/uploads\/2022\/04\/Boogg-683x1024.jpg\" alt=\"\" width=\"683\" height=\"1024\" srcset=\"https:\/\/swissfederalism.ch\/wp-content\/uploads\/2022\/04\/Boogg-683x1024.jpg 683w, https:\/\/swissfederalism.ch\/wp-content\/uploads\/2022\/04\/Boogg-200x300.jpg 200w, https:\/\/swissfederalism.ch\/wp-content\/uploads\/2022\/04\/Boogg-768x1152.jpg 768w, https:\/\/swissfederalism.ch\/wp-content\/uploads\/2022\/04\/Boogg-1024x1536.jpg 1024w, https:\/\/swissfederalism.ch\/wp-content\/uploads\/2022\/04\/Boogg.jpg 1280w\" sizes=\"(max-width: 683px) 100vw, 683px\" \/><\/a><figcaption id=\"caption-attachment-131970\" class=\"wp-caption-text\"><span class=\"font-377884\">B\u00f6\u00f6gg<\/span><\/figcaption><\/figure>\n<h3 class=\"title is-h3\"><\/h3>\n<h3 class=\"title is-h3\"><span class=\"font-377884\">Incidents et \u00e9v\u00e9nements sp\u00e9ciaux :<\/span><\/h3>\n<ul>\n<li class=\"title is-h3\"><span class=\"font-377884\">En 1921, un gar\u00e7on, vraisemblablement \u00e0 l&rsquo;instigation de communistes, a mis le feu au B\u00f6\u00f6gg d\u00e8s 13 h 30.<\/span><\/li>\n<li class=\"title is-h3\"><span class=\"font-377884\">En 1944, le Sechsel\u00e4uten a eu lieu dans le port d&rsquo;Enge, car des l\u00e9gumes avaient \u00e9t\u00e9 plant\u00e9s sur la Sechsel\u00e4utenwiese. Lors de cette \u00e9dition, le \u00ab\u00a0B\u00f6\u00f6gg\u00a0\u00bb est tomb\u00e9 dans le lac de Zurich.<\/span><\/li>\n<li class=\"title is-h3\"><span class=\"font-377884\">En 1950, 1960, 1993 et 1994, le \u00ab\u00a0B\u00f6\u00f6gg\u00a0\u00bb est tomb\u00e9 du b\u00fbcher avant que sa t\u00eate n&rsquo;explose.<\/span><\/li>\n<li class=\"title is-h3\"><span class=\"font-377884\">En 2006, le \u00ab\u00a0B\u00f6\u00f6gg\u00a0\u00bb a \u00e9t\u00e9 vol\u00e9 par le groupe \u00ab\u00a01. Mai &#8211; Strasse frei\u00a0\u00bb, est r\u00e9apparu lors de la f\u00eate du 1er mai sur Helvetiaplatz et, apr\u00e8s une deuxi\u00e8me disparition, a \u00e9t\u00e9 retrouv\u00e9 dans le sous-sol d&rsquo;un b\u00e2timent scolaire. Le Sechsel\u00e4uten a tout de m\u00eame eu lieu, gr\u00e2ce \u00e0 un \u00ab\u00a0B\u00f6\u00f6gg\u00a0\u00bb de remplacement qui a fourni sa t\u00eate.<\/span><\/li>\n<li class=\"title is-h3\"><span class=\"font-377884\">En 2020, le Sechsel\u00e4uten n&rsquo;a pas eu lieu \u00e0 cause du coronavirus.<\/span><\/li>\n<li class=\"title is-h3\"><span class=\"font-377884\">Pour la premi\u00e8re fois de son histoire, le B\u00f6\u00f6gg n&rsquo;a pas \u00e9t\u00e9 br\u00fbl\u00e9 \u00e0 Zurich en 2021. Pour \u00e9viter les rassemblements, il a \u00e9t\u00e9 incendi\u00e9 dans la Sch\u00f6llenenschlucht, dans le canton d&rsquo;Uri.<\/span><\/li>\n<\/ul>\n<\/div>\n<\/header>\n<\/div>\n<\/div>\n<\/div>\n<\/div>\n<\/div>\n<h2><\/h2>\n<figure id=\"attachment_131950\" aria-describedby=\"caption-attachment-131950\" style=\"width: 840px\" class=\"wp-caption aligncenter\"><a href=\"https:\/\/swissfederalism.ch\/sechselauten-la-festa-di-primavera-zurighese\/parade-umzug-zunft\/\" rel=\"attachment wp-att-131950\"><img decoding=\"async\" class=\"size-large wp-image-131952\" src=\"https:\/\/swissfederalism.ch\/wp-content\/uploads\/2022\/04\/ZT_7275-\u00a9Zurich-Tourism-1024x708.jpg\" alt=\"\" width=\"840\" height=\"581\" srcset=\"https:\/\/swissfederalism.ch\/wp-content\/uploads\/2022\/04\/ZT_7275-\u00a9Zurich-Tourism-1024x708.jpg 1024w, https:\/\/swissfederalism.ch\/wp-content\/uploads\/2022\/04\/ZT_7275-\u00a9Zurich-Tourism-300x207.jpg 300w, https:\/\/swissfederalism.ch\/wp-content\/uploads\/2022\/04\/ZT_7275-\u00a9Zurich-Tourism-768x531.jpg 768w, https:\/\/swissfederalism.ch\/wp-content\/uploads\/2022\/04\/ZT_7275-\u00a9Zurich-Tourism-1536x1062.jpg 1536w, https:\/\/swissfederalism.ch\/wp-content\/uploads\/2022\/04\/ZT_7275-\u00a9Zurich-Tourism-2048x1415.jpg 2048w, https:\/\/swissfederalism.ch\/wp-content\/uploads\/2022\/04\/ZT_7275-\u00a9Zurich-Tourism-scaled.jpg 2560w\" sizes=\"(max-width: 840px) 100vw, 840px\" \/><\/a><figcaption id=\"caption-attachment-131950\" class=\"wp-caption-text\"><span class=\"font-377884\">Sechselaeuten \u00a9Z\u00fcrich Tourism<\/span><\/figcaption><\/figure>\n<h2><span class=\"font-377884\">Invit\u00e9 canton<\/span><\/h2>\n<p><span class=\"font-377884\">Depuis 1991, \u00e0 l&rsquo;occasion du 700e anniversaire de la Conf\u00e9d\u00e9ration suisse, le Comit\u00e9 central des guildes zurichoises invite chaque ann\u00e9e un canton \u00e0 \u00eatre son invit\u00e9 au Sechsel\u00e4uten. Le canton invit\u00e9 se pr\u00e9sente au Lindenhof avec une exposition, un programme de divertissement color\u00e9 et des sp\u00e9cialit\u00e9s culinaires. L&rsquo;h\u00f4te participera au d\u00e9fil\u00e9 des enfants et au cort\u00e8ge des guildes jusqu&rsquo;au feu de joie avec sa propre d\u00e9l\u00e9gation et des articles de parade traditionnels et typiques.<\/span><\/p>\n<p><span class=\"font-377884\">Cette ann\u00e9e, le canton d&rsquo;Uri sera l&rsquo;h\u00f4te du Sechsel\u00e4uten \u00e0 Zurich. Lors de cet \u00e9v\u00e9nement, le canton a la possibilit\u00e9 d&rsquo;apporter un morceau d&rsquo;Uri \u00e0 Zurich et de se pr\u00e9senter pendant quatre jours \u00e0 Zurich, en proposant des sp\u00e9cialit\u00e9s non seulement culturelles mais aussi culinaires.<\/span><\/p>\n<figure id=\"attachment_131962\" aria-describedby=\"caption-attachment-131962\" style=\"width: 840px\" class=\"wp-caption aligncenter\"><a href=\"https:\/\/swissfederalism.ch\/sechselauten-la-festa-di-primavera-zurighese\/sechselaeuten_2017\/\" rel=\"attachment wp-att-131962\"><img decoding=\"async\" class=\"size-large wp-image-131964\" src=\"https:\/\/swissfederalism.ch\/wp-content\/uploads\/2022\/04\/Sechselauten-\u00a9Zurich-Tourism-1024x683.jpg\" alt=\"\" width=\"840\" height=\"560\" srcset=\"https:\/\/swissfederalism.ch\/wp-content\/uploads\/2022\/04\/Sechselauten-\u00a9Zurich-Tourism-1024x683.jpg 1024w, https:\/\/swissfederalism.ch\/wp-content\/uploads\/2022\/04\/Sechselauten-\u00a9Zurich-Tourism-300x200.jpg 300w, https:\/\/swissfederalism.ch\/wp-content\/uploads\/2022\/04\/Sechselauten-\u00a9Zurich-Tourism-768x512.jpg 768w, https:\/\/swissfederalism.ch\/wp-content\/uploads\/2022\/04\/Sechselauten-\u00a9Zurich-Tourism-1536x1024.jpg 1536w, https:\/\/swissfederalism.ch\/wp-content\/uploads\/2022\/04\/Sechselauten-\u00a9Zurich-Tourism-2048x1365.jpg 2048w, https:\/\/swissfederalism.ch\/wp-content\/uploads\/2022\/04\/Sechselauten-\u00a9Zurich-Tourism-scaled.jpg 2560w\" sizes=\"(max-width: 840px) 100vw, 840px\" \/><\/a><figcaption id=\"caption-attachment-131962\" class=\"wp-caption-text\"><span class=\"font-377884\">Sechselaeuten \u00a9Z\u00fcrich Tourism<\/span><\/figcaption><\/figure>\n","protected":false},"excerpt":{"rendered":"<p>Le Sechsel\u00e4uten (S\u00e4chsil\u00fc\u00fcte en allemand zurichois) est un festival centenaire c\u00e9l\u00e9brant le d\u00e9but du printemps \u00e0 Zurich, qui a lieu chaque ann\u00e9e entre la mi-avril et la fin avril. En plus des membres de la guilde en costumes historiques, l&rsquo;\u00e9v\u00e9nement comprend des fanfares, des chevaux, des fleurs, des drapeaux et le \u00ab\u00a0B\u00f6\u00f6gg\u00a0\u00bb.<\/p>\n","protected":false},"author":9,"featured_media":131956,"comment_status":"open","ping_status":"closed","sticky":false,"template":"","format":"standard","meta":{"footnotes":""},"categories":[326,318,308,303,209,294,1346],"tags":[1865,888,1478,421],"class_list":["post-131983","post","type-post","status-publish","format-standard","has-post-thumbnail","hentry","category-canton-de-zurich","category-evenements","category-faits-marquants","category-histoire","category-les-magazines","category-suisse","category-curiosites","tag-festival-du-printemps","tag-suisse","tag-traditions","tag-zurich-fr"],"_links":{"self":[{"href":"https:\/\/swissfederalism.ch\/fr\/wp-json\/wp\/v2\/posts\/131983","targetHints":{"allow":["GET"]}}],"collection":[{"href":"https:\/\/swissfederalism.ch\/fr\/wp-json\/wp\/v2\/posts"}],"about":[{"href":"https:\/\/swissfederalism.ch\/fr\/wp-json\/wp\/v2\/types\/post"}],"author":[{"embeddable":true,"href":"https:\/\/swissfederalism.ch\/fr\/wp-json\/wp\/v2\/users\/9"}],"replies":[{"embeddable":true,"href":"https:\/\/swissfederalism.ch\/fr\/wp-json\/wp\/v2\/comments?post=131983"}],"version-history":[{"count":2,"href":"https:\/\/swissfederalism.ch\/fr\/wp-json\/wp\/v2\/posts\/131983\/revisions"}],"predecessor-version":[{"id":131985,"href":"https:\/\/swissfederalism.ch\/fr\/wp-json\/wp\/v2\/posts\/131983\/revisions\/131985"}],"wp:featuredmedia":[{"embeddable":true,"href":"https:\/\/swissfederalism.ch\/fr\/wp-json\/wp\/v2\/media\/131956"}],"wp:attachment":[{"href":"https:\/\/swissfederalism.ch\/fr\/wp-json\/wp\/v2\/media?parent=131983"}],"wp:term":[{"taxonomy":"category","embeddable":true,"href":"https:\/\/swissfederalism.ch\/fr\/wp-json\/wp\/v2\/categories?post=131983"},{"taxonomy":"post_tag","embeddable":true,"href":"https:\/\/swissfederalism.ch\/fr\/wp-json\/wp\/v2\/tags?post=131983"}],"curies":[{"name":"wp","href":"https:\/\/api.w.org\/{rel}","templated":true}]}}