{"id":130543,"date":"2022-02-28T16:48:39","date_gmt":"2022-02-28T16:48:39","guid":{"rendered":"https:\/\/swissfederalism.ch\/rumantsch-una-lingua-da-scoprire\/"},"modified":"2022-02-28T17:16:24","modified_gmt":"2022-02-28T17:16:24","slug":"rumantsch-une-langue-a-decouvrir","status":"publish","type":"post","link":"https:\/\/swissfederalism.ch\/fr\/rumantsch-une-langue-a-decouvrir\/","title":{"rendered":"Rumantsch: une langue \u00e0 d\u00e9couvrir"},"content":{"rendered":"<h1 id=\"firstHeading\" class=\"firstHeading mw-first-heading\">Rumantsch: une langue \u00e0 d\u00e9couvrir<\/h1>\n<p>Le romanche (Rumantsch, Romontsch, Rumauntsch) est la quatri\u00e8me langue nationale de la Suisse, parl\u00e9e dans le canton trilingue des Grisons. Il fait partie des langues rh\u00e9to-romanes et pr\u00e9sente de grandes affinit\u00e9s avec le ladin et le frioulan, parl\u00e9s dans le nord de l&rsquo;Italie.<\/p>\n<p>Il a \u00e9t\u00e9 reconnu comme langue officielle par un vote populaire le 20 f\u00e9vrier 1938.<\/p>\n<p>Depuis 1982, le romanche des Grisons est la langue administrative officielle de communication de la population de langue romanche. La constitution cantonale (\u00e9galement r\u00e9dig\u00e9e en romanche) consacre la protection du \u00ab\u00a0trilinguisme\u00a0\u00bb et assimile cette langue \u00e0 l&rsquo;italien et \u00e0 l&rsquo;allemand, faisant des Grisons le seul canton trilingue de Suisse.<\/p>\n<p>Au cours des deux derniers si\u00e8cles, cette langue autrefois tr\u00e8s r\u00e9pandue (elle atteignait probablement la r\u00e9gion du lac de Constance) a connu un d\u00e9clin spectaculaire, perdant de plus en plus de terrain au profit du suisse allemand. Aujourd&rsquo;hui, elle est parl\u00e9e par environ 60 000 personnes et poss\u00e8de sa propre cha\u00eene de service public, la \u00ab\u00a0Radiotelevisiun Svizra Rumantscha\u00a0\u00bb, dont les programmes sont diffus\u00e9s par les stations suisses allemandes et sont \u00e9galement accessibles en ligne.<\/p>\n<p>\u00ab\u00a0La Quotidiana\u00a0\u00bb (\u00e9dition locale du journal S\u00fcdostschweiz) est le seul journal de langue romanche.<\/p>\n<p>C&rsquo;est un sujet d&rsquo;\u00e9tude dans les \u00e9coles de tous les niveaux dans ces territoires et de nombreuses le\u00e7ons scolaires sont enseign\u00e9es en romanche.<\/p>\n<p>\u00c9tant la seule langue de la Conf\u00e9d\u00e9ration helv\u00e9tique \u00e0 n&rsquo;\u00eatre parl\u00e9e qu&rsquo;\u00e0 l&rsquo;int\u00e9rieur de ses fronti\u00e8res, elle peut \u00e0 juste titre \u00eatre appel\u00e9e la langue suisse.<\/p>\n<p><a href=\"https:\/\/swissfederalism.ch\/fr\/sante-a-la-premiere-semaine-de-la-romancie-de-lhistoire-suisse\/\"><strong>Sant\u00e8 \u00e0 la premi\u00e8re \u00ab\u00a0semaine romanche\u00a0\u00bb de l&rsquo;histoire suisse!<\/strong><\/a><\/p>\n<figure id=\"attachment_130517\" aria-describedby=\"caption-attachment-130517\" style=\"width: 840px\" class=\"wp-caption aligncenter\"><img decoding=\"async\" class=\"wp-image-130519 size-large\" src=\"https:\/\/swissfederalism.ch\/wp-content\/uploads\/2022\/02\/romancio-eng-1024x512.jpg\" alt=\"Romansch\" width=\"840\" height=\"420\" srcset=\"https:\/\/swissfederalism.ch\/wp-content\/uploads\/2022\/02\/romancio-eng-1024x512.jpg 1024w, https:\/\/swissfederalism.ch\/wp-content\/uploads\/2022\/02\/romancio-eng-300x150.jpg 300w, https:\/\/swissfederalism.ch\/wp-content\/uploads\/2022\/02\/romancio-eng-768x384.jpg 768w, https:\/\/swissfederalism.ch\/wp-content\/uploads\/2022\/02\/romancio-eng.jpg 1200w\" sizes=\"(max-width: 840px) 100vw, 840px\" \/><figcaption id=\"caption-attachment-130517\" class=\"wp-caption-text\">Tableau r\u00e9capitulatif de la langue romanche<\/figcaption><\/figure>\n<h2>Premiers travaux<\/h2>\n<p>Le \u00ab\u00a0Chanzun da la guerra dalg Chiast\u00e9 d&rsquo;M\u00fcsch\u00a0\u00bb de l&rsquo;Engadinois Gian Travers (1483-1563) est la premi\u00e8re \u0153uvre litt\u00e9raire en romanche \u00e9crite en 1527.<\/p>\n<p>En 1560, avec la R\u00e9forme protestante, Jachiam Bifrun (1506-1572) traduit le Nouveau Testament en romanche et deux ans plus tard, Durich Chiampell (1510-1582) publie les Psaumes .<\/p>\n<h2>Les variantes<\/h2>\n<p>Il existe cinq variantes du romanche<\/p>\n<p>sursilvan (sursilvan)<br \/>\nsottosilvano (sutsilvan)<br \/>\nsurmiran (surmiran)<br \/>\nHaute Engadine (Ladin put\u00e9r)<br \/>\nBasse Engadine (ladin vallader)<\/p>\n<p>En 1982, le professeur Heinrich Schmid (1921-1999) a d\u00e9velopp\u00e9 un langage standard, appel\u00e9 \u00ab\u00a0Rumantsch Grischun\u00a0\u00bb.<\/p>\n<h2>Lia Rumantscha<\/h2>\n<p>La \u00ab\u00a0<a href=\"http:\/\/www.liarumantscha.ch\">Lia Rumantscha<\/a>\u00ab\u00a0, une association pour la pr\u00e9servation et la promotion de la langue romanche, a \u00e9t\u00e9 fond\u00e9e en 1919.<\/p>\n<p>La Lia Rumantscha, une organisation de promotion de la langue et de la culture romanches, est financ\u00e9e en grande partie par la Conf\u00e9d\u00e9ration et le canton des Grisons. Elle propose des cours de romanche et encourage l&rsquo;utilisation de la langue.<\/p>\n<figure id=\"attachment_87702\" aria-describedby=\"caption-attachment-87702\" style=\"width: 840px\" class=\"wp-caption alignnone\"><img decoding=\"async\" class=\"wp-image-87704 size-large\" src=\"https:\/\/swissfederalism.ch\/wp-content\/uploads\/2021\/02\/Frase-in-lingua-romancia-su-una-casa-grigionese-858x1024.jpg\" alt=\"Frase in lingua romancia su una casa grigionese\" width=\"840\" height=\"1003\" srcset=\"https:\/\/swissfederalism.ch\/wp-content\/uploads\/2021\/02\/Frase-in-lingua-romancia-su-una-casa-grigionese-858x1024.jpg 858w, https:\/\/swissfederalism.ch\/wp-content\/uploads\/2021\/02\/Frase-in-lingua-romancia-su-una-casa-grigionese-252x300.jpg 252w, https:\/\/swissfederalism.ch\/wp-content\/uploads\/2021\/02\/Frase-in-lingua-romancia-su-una-casa-grigionese-768x916.jpg 768w, https:\/\/swissfederalism.ch\/wp-content\/uploads\/2021\/02\/Frase-in-lingua-romancia-su-una-casa-grigionese-1288x1536.jpg 1288w, https:\/\/swissfederalism.ch\/wp-content\/uploads\/2021\/02\/Frase-in-lingua-romancia-su-una-casa-grigionese-1717x2048.jpg 1717w, https:\/\/swissfederalism.ch\/wp-content\/uploads\/2021\/02\/Frase-in-lingua-romancia-su-una-casa-grigionese-scaled.jpg 2146w\" sizes=\"(max-width: 840px) 100vw, 840px\" \/><figcaption id=\"caption-attachment-87702\" class=\"wp-caption-text\">Phrase romanche sur une maison des Grisons<\/figcaption><\/figure>\n<h2>Vocabulaire trilingue en ligne<\/h2>\n<p><a href=\"http:\/\/www.pledari.ch\/miopledari\/\">MioPledari,<\/a> un vocabulaire trilingue (italien, romanche et allemand) est disponible en ligne. Il permet de traduire non seulement en rumantsch grischun mais aussi dans les cinq principales variantes de cette langue.<\/p>\n<h2>Emna rumantscha<\/h2>\n<p>\u00ab\u00a0Emna Rumantscha\u00a0\u00bb est une semaine internationale consacr\u00e9e \u00e0 la langue romanche qui s&rsquo;ajoute aux \u00ab\u00a0Journ\u00e9es du multilinguisme\u00a0\u00bb et aux activit\u00e9s organis\u00e9es \u00e0 l&rsquo;occasion de la \u00ab\u00a0Settimana della lingua italiana nel mondo\u00a0\u00bb et de la \u00ab\u00a0Semaine de la francophonie\u00a0\u00bb.<\/p>\n<p>Cet \u00e9v\u00e9nement annuel promeut l&rsquo;identit\u00e9 composite de la Suisse, la pluralit\u00e9 comme un atout pour le pays.<\/p>\n<p>Les repr\u00e9sentations de la Suisse \u00e0 l&rsquo;\u00e9tranger s&#8217;emploient \u00e9galement \u00e0 promouvoir la connaissance de la langue et de la culture romanches dans leurs pays respectifs.<\/p>\n<p>La promotion des langues minoritaires fait \u00e9galement partie du dialogue politique structur\u00e9 et permanent que la cheffe du <a href=\"https:\/\/www.eda.admin.ch\/eda\/fr\/dfae\/dfae\/aktuell\/newsuebersicht\/2021\/02\/emna-rumantscha-rm.html\">DFAE<\/a> m\u00e8ne avec les cantons des Grisons et du Tessin.<\/p>\n<p><iframe title=\"Emna Romantsch 2022 \u2013 in ferm toc Svizra.\" width=\"840\" height=\"473\" src=\"https:\/\/www.youtube.com\/embed\/Pbp9TN5FDco?feature=oembed&#038;width=840&#038;height=1000&#038;discover=1\" frameborder=\"0\" allow=\"accelerometer; autoplay; clipboard-write; encrypted-media; gyroscope; picture-in-picture\" allowfullscreen><\/iframe><\/p>\n<p>&nbsp;<\/p>\n","protected":false},"excerpt":{"rendered":"<p>Le romanche (Rumantsch, Romontsch, Rumauntsch) est la quatri\u00e8me langue nationale de la Suisse et est parl\u00e9 dans le canton trilingue des Grisons<\/p>\n","protected":false},"author":3,"featured_media":87675,"comment_status":"open","ping_status":"closed","sticky":false,"template":"","format":"standard","meta":{"footnotes":""},"categories":[321,312,308,303,209,294,1346],"tags":[431,1366,888],"class_list":["post-130543","post","type-post","status-publish","format-standard","has-post-thumbnail","hentry","category-canton-des-grisons","category-culture-fr","category-faits-marquants","category-histoire","category-les-magazines","category-suisse","category-curiosites","tag-grisons-fr","tag-romanche","tag-suisse"],"_links":{"self":[{"href":"https:\/\/swissfederalism.ch\/fr\/wp-json\/wp\/v2\/posts\/130543","targetHints":{"allow":["GET"]}}],"collection":[{"href":"https:\/\/swissfederalism.ch\/fr\/wp-json\/wp\/v2\/posts"}],"about":[{"href":"https:\/\/swissfederalism.ch\/fr\/wp-json\/wp\/v2\/types\/post"}],"author":[{"embeddable":true,"href":"https:\/\/swissfederalism.ch\/fr\/wp-json\/wp\/v2\/users\/3"}],"replies":[{"embeddable":true,"href":"https:\/\/swissfederalism.ch\/fr\/wp-json\/wp\/v2\/comments?post=130543"}],"version-history":[{"count":2,"href":"https:\/\/swissfederalism.ch\/fr\/wp-json\/wp\/v2\/posts\/130543\/revisions"}],"predecessor-version":[{"id":130545,"href":"https:\/\/swissfederalism.ch\/fr\/wp-json\/wp\/v2\/posts\/130543\/revisions\/130545"}],"wp:featuredmedia":[{"embeddable":true,"href":"https:\/\/swissfederalism.ch\/fr\/wp-json\/wp\/v2\/media\/87675"}],"wp:attachment":[{"href":"https:\/\/swissfederalism.ch\/fr\/wp-json\/wp\/v2\/media?parent=130543"}],"wp:term":[{"taxonomy":"category","embeddable":true,"href":"https:\/\/swissfederalism.ch\/fr\/wp-json\/wp\/v2\/categories?post=130543"},{"taxonomy":"post_tag","embeddable":true,"href":"https:\/\/swissfederalism.ch\/fr\/wp-json\/wp\/v2\/tags?post=130543"}],"curies":[{"name":"wp","href":"https:\/\/api.w.org\/{rel}","templated":true}]}}