{"id":130205,"date":"2021-04-25T10:26:01","date_gmt":"2021-04-25T10:26:01","guid":{"rendered":"https:\/\/swissfederalism.ch\/aiuti-alle-imprese-verso-i-progetti-infrastrutturali-esteri\/"},"modified":"2022-02-15T10:00:31","modified_gmt":"2022-02-15T10:00:31","slug":"soutien-des-entreprises-aux-projets-dinfrastructure-etrangers","status":"publish","type":"post","link":"https:\/\/swissfederalism.ch\/fr\/soutien-des-entreprises-aux-projets-dinfrastructure-etrangers\/","title":{"rendered":"Soutien des entreprises aux projets d&rsquo;infrastructure \u00e9trangers"},"content":{"rendered":"<h1>Soutien des entreprises aux projets d&rsquo;infrastructure \u00e9trangers<\/h1>\n<h3><em>Le 21 avril, le gouvernement a d\u00e9cid\u00e9 d&rsquo;am\u00e9liorer la coordination entre l&rsquo;industrie suisse et les agences f\u00e9d\u00e9rales concern\u00e9es ainsi que les outils de promotion<\/em><\/h3>\n<p>Le 21 avril 2021, le Conseil f\u00e9d\u00e9ral a d\u00e9cid\u00e9 d&rsquo;am\u00e9liorer l&rsquo;acc\u00e8s des entreprises suisses aux grands projets d&rsquo;infrastructure \u00e9trangers.<br \/>\nL&rsquo;accent est mis sur une meilleure coordination entre l&rsquo;industrie suisse et les services comp\u00e9tents de l&rsquo;administration f\u00e9d\u00e9rale ainsi que sur les outils de promotion de la Conf\u00e9d\u00e9ration.<\/p>\n<p><strong><a href=\"https:\/\/swissfederalism.ch\/fr\/26-milliards-de-dollars-de-valeur-pour-le-parc-dinnovation-de-zurich\/\">2,6 milliards de dollars de valeur pour le parc d&rsquo;innovation de Zurich<\/a><br \/>\n<a href=\"https:\/\/swissfederalism.ch\/wp-content\/uploads\/2021\/02\/BAK_Economics_Economic_Footprint_Switzerland_Innovation_Park_Zuerich.pdf\">Le rapport \u00ab\u00a0Economic Footprint Switzerland Innovation Park Zurich\u00a0\u00bb de BAK Economics (en langue tedesca)<\/a><\/strong><\/p>\n<p>Il s&rsquo;agit \u00e9galement d&rsquo;identifier les opportunit\u00e9s d&rsquo;affaires de mani\u00e8re cibl\u00e9e et de favoriser une ad\u00e9quation optimale entre la demande \u00e9trang\u00e8re et l&rsquo;offre suisse.<br \/>\nEn Suisse, l&rsquo;expertise et les connaissances relatives aux grands projets d&rsquo;infrastructure \u00e9trangers sont r\u00e9parties entre diff\u00e9rents acteurs publics et priv\u00e9s.<\/p>\n<figure id=\"attachment_95668\" aria-describedby=\"caption-attachment-95668\" style=\"width: 840px\" class=\"wp-caption aligncenter\"><img decoding=\"async\" class=\"wp-image-95670 size-large\" src=\"https:\/\/swissfederalism.ch\/wp-content\/uploads\/2021\/04\/Un-International-Trade-Forum-di-Switzerland-Global-Enterprise-S-GE-1024x683.jpeg\" alt=\"Un International Trade Forum di Switzerland Global Enterprise (S-GE)\" width=\"840\" height=\"560\" srcset=\"https:\/\/swissfederalism.ch\/wp-content\/uploads\/2021\/04\/Un-International-Trade-Forum-di-Switzerland-Global-Enterprise-S-GE-1024x683.jpeg 1024w, https:\/\/swissfederalism.ch\/wp-content\/uploads\/2021\/04\/Un-International-Trade-Forum-di-Switzerland-Global-Enterprise-S-GE-300x200.jpeg 300w, https:\/\/swissfederalism.ch\/wp-content\/uploads\/2021\/04\/Un-International-Trade-Forum-di-Switzerland-Global-Enterprise-S-GE-768x512.jpeg 768w, https:\/\/swissfederalism.ch\/wp-content\/uploads\/2021\/04\/Un-International-Trade-Forum-di-Switzerland-Global-Enterprise-S-GE-1536x1024.jpeg 1536w, https:\/\/swissfederalism.ch\/wp-content\/uploads\/2021\/04\/Un-International-Trade-Forum-di-Switzerland-Global-Enterprise-S-GE.jpeg 1920w\" sizes=\"(max-width: 840px) 100vw, 840px\" \/><figcaption id=\"caption-attachment-95668\" class=\"wp-caption-text\">Un International Trade Forum di Switzerland Global Enterprise (S-GE)<\/figcaption><\/figure>\n<h4>Hub au Secr\u00e9tariat d&rsquo;\u00c9tat \u00e0 l&rsquo;\u00e9conomie \u00e0 partir de 2019<\/h4>\n<p>En cons\u00e9quence, le Conseil f\u00e9d\u00e9ral a d\u00e9cid\u00e9 fin 2019 de mettre en place un service central de coordination au Secr\u00e9tariat d&rsquo;\u00c9tat \u00e0 l&rsquo;\u00e9conomie (SECO).<br \/>\nOutre une meilleure mise en r\u00e9seau des acteurs, des mesures de soutien suppl\u00e9mentaires ont d&rsquo;abord \u00e9t\u00e9 introduites dans les domaines de la diplomatie \u00e9conomique, de l&rsquo;assurance et du financement des risques \u00e0 l&rsquo;exportation ainsi que de la promotion des exportations, afin de compl\u00e9ter les initiatives du secteur priv\u00e9.<br \/>\nLe march\u00e9 des grands projets internationaux a encore chang\u00e9 en raison de la pand\u00e9mie.<\/p>\n<p><a href=\"https:\/\/swissfederalism.ch\/fr\/pacte-suisse-liechtenstein-sur-linnovation-scientifique\/\"><strong>Pacte Suisse-Liechtenstein sur l&rsquo;innovation scientifique<\/strong><\/a><br \/>\n<a href=\"https:\/\/swissfederalism.ch\/fr\/berne-zurich-et-argovie-misent-sur-linnovation-fiscale\/\"><strong>Berne, Zurich et Argovie misent sur l&rsquo;innovation fiscale<\/strong><\/a><\/p>\n<p>La demande de solutions innovantes pour un d\u00e9veloppement plus durable est actuellement en forte hausse.<br \/>\nDe m\u00eame, avec la prolif\u00e9ration des initiatives de red\u00e9marrage, la concurrence internationale pour ces mandats devient plus intense.<br \/>\nEnfin, les possibilit\u00e9s offertes par les outils num\u00e9riques facilitent de plus en plus la p\u00e9n\u00e9tration de nouveaux march\u00e9s. Ces \u00e9volutions ouvrent de nouvelles portes \u00e0 l&rsquo;industrie d&rsquo;exportation suisse, notamment dans les domaines de l&rsquo;innovation et de la durabilit\u00e9.<\/p>\n<figure id=\"attachment_95636\" aria-describedby=\"caption-attachment-95636\" style=\"width: 840px\" class=\"wp-caption aligncenter\"><img decoding=\"async\" class=\"wp-image-95638 size-large\" src=\"https:\/\/swissfederalism.ch\/wp-content\/uploads\/2021\/04\/La-Svizzera-e-un-hub-tecnologico-eccezionale-2-1024x683.jpeg\" alt=\"La Svizzera \u00e8 un hub tecnologico eccezionale\" width=\"840\" height=\"560\" srcset=\"https:\/\/swissfederalism.ch\/wp-content\/uploads\/2021\/04\/La-Svizzera-e-un-hub-tecnologico-eccezionale-2-1024x683.jpeg 1024w, https:\/\/swissfederalism.ch\/wp-content\/uploads\/2021\/04\/La-Svizzera-e-un-hub-tecnologico-eccezionale-2-300x200.jpeg 300w, https:\/\/swissfederalism.ch\/wp-content\/uploads\/2021\/04\/La-Svizzera-e-un-hub-tecnologico-eccezionale-2-768x512.jpeg 768w, https:\/\/swissfederalism.ch\/wp-content\/uploads\/2021\/04\/La-Svizzera-e-un-hub-tecnologico-eccezionale-2-1536x1024.jpeg 1536w, https:\/\/swissfederalism.ch\/wp-content\/uploads\/2021\/04\/La-Svizzera-e-un-hub-tecnologico-eccezionale-2.jpeg 1920w\" sizes=\"(max-width: 840px) 100vw, 840px\" \/><figcaption id=\"caption-attachment-95636\" class=\"wp-caption-text\">La Suisse est un p\u00f4le technologique exceptionnel<\/figcaption><\/figure>\n<p><iframe title=\"&quot;How to issue a central bank digital currency&quot;\" width=\"840\" height=\"630\" src=\"https:\/\/www.youtube.com\/embed\/YQ2iSlKF1f8?feature=oembed&#038;width=840&#038;height=1000&#038;discover=1\" frameborder=\"0\" allow=\"accelerometer; autoplay; clipboard-write; encrypted-media; gyroscope; picture-in-picture\" allowfullscreen><\/iframe><\/p>\n<h4>7,8 millions de francs suisses disponibles pour la p\u00e9riode 2022-2024<\/h4>\n<p>Par sa d\u00e9cision du 21 avril 2021, le Conseil f\u00e9d\u00e9ral met \u00e0 disposition 7,8 millions de francs pour la p\u00e9riode 2022-2024, renfor\u00e7ant ainsi le r\u00e9seau suisse.<br \/>\nLes diff\u00e9rents acteurs &#8211; principalement Switzerland Global Enterprise (S-GE) et l&rsquo;Assurance contre les risques \u00e0 l&rsquo;exportation (SERV), mais aussi d&rsquo;autres services sp\u00e9cialis\u00e9s de la Conf\u00e9d\u00e9ration &#8211; coordonneront leurs activit\u00e9s avec celles des associations concern\u00e9es et les d\u00e9velopperont de mani\u00e8re cibl\u00e9e.<br \/>\nD&rsquo;autres mesures ont \u00e9galement \u00e9t\u00e9 discut\u00e9es lors de la table ronde sur les exportations du 26 janvier 2021.<\/p>\n<p><a href=\"https:\/\/swissfederalism.ch\/fr\/la-suisse-aura-un-ambassadeur-ad-hoc-pour-le-science\/\"><strong>La Suisse se dote d&rsquo;un ambassadeur ad hoc pour &#8230; la science<\/strong><\/a><br \/>\n<a href=\"https:\/\/swissfederalism.ch\/fr\/le-conseil-federal-approuve-le-reseau-green-fintech-suisse\/\"><strong>Le Conseil f\u00e9d\u00e9ral approuve le r\u00e9seau \u00ab\u00a0Green Fintech\u00a0\u00bb suisse<\/strong><\/a><\/p>\n<p>Il est notamment pr\u00e9vu de mettre en place une plateforme num\u00e9rique dont l&rsquo;objectif sera de faciliter la mise en relation optimale et efficace de l&rsquo;offre et de la demande pour les projets d&rsquo;infrastructure \u00e0 grande \u00e9chelle.<br \/>\nEn outre, la SERV se rapprochera encore davantage des entrepreneurs g\u00e9n\u00e9raux et des promoteurs de projets susceptibles d&rsquo;acheter des produits et services suisses.<br \/>\nParall\u00e8lement, des mesures sp\u00e9cifiques en mati\u00e8re d&rsquo;infrastructures et de technologies propres sont pr\u00e9vues par la S-GE, ainsi que des formations pour les employ\u00e9s du r\u00e9seau externe.<\/p>\n<figure id=\"attachment_95656\" aria-describedby=\"caption-attachment-95656\" style=\"width: 840px\" class=\"wp-caption aligncenter\"><img decoding=\"async\" class=\"wp-image-95658 size-large\" src=\"https:\/\/swissfederalism.ch\/wp-content\/uploads\/2021\/04\/Switzerland-Global-Enterprise-S-GE-1024x683.jpeg\" alt=\"La partecipazione a un evento di Switzerland Global Enterprise (S-GE)\" width=\"840\" height=\"560\" srcset=\"https:\/\/swissfederalism.ch\/wp-content\/uploads\/2021\/04\/Switzerland-Global-Enterprise-S-GE-1024x683.jpeg 1024w, https:\/\/swissfederalism.ch\/wp-content\/uploads\/2021\/04\/Switzerland-Global-Enterprise-S-GE-300x200.jpeg 300w, https:\/\/swissfederalism.ch\/wp-content\/uploads\/2021\/04\/Switzerland-Global-Enterprise-S-GE-768x512.jpeg 768w, https:\/\/swissfederalism.ch\/wp-content\/uploads\/2021\/04\/Switzerland-Global-Enterprise-S-GE-1536x1024.jpeg 1536w, https:\/\/swissfederalism.ch\/wp-content\/uploads\/2021\/04\/Switzerland-Global-Enterprise-S-GE.jpeg 1920w\" sizes=\"(max-width: 840px) 100vw, 840px\" \/><figcaption id=\"caption-attachment-95656\" class=\"wp-caption-text\">Participation \u00e0 un \u00e9v\u00e9nement de Switzerland Global Enterprise (S-GE)<\/figcaption><\/figure>\n<h4>Actions sur place des Swiss Business Hubs et des ambassades<\/h4>\n<p>L&rsquo;identification pr\u00e9coce des projets, l&rsquo;entretien constant des relations et l&rsquo;am\u00e9lioration du soutien apport\u00e9 aux exportateurs sur place par les Swiss Business Hubs et les ambassades sont \u00e9galement essentiels pour remporter des contrats et se d\u00e9marquer de la concurrence internationale.<br \/>\nLes r\u00e9sultats de la mise en \u0153uvre des mesures seront pris en compte dans le message sur la promotion de la place \u00e9conomique suisse 2024-2027.<\/p>\n<p><a href=\"https:\/\/swissfederalism.ch\/fr\/lindustrie-suisse-dexportation-mise-sur-linnovation\/\"><strong>L&rsquo;industrie suisse d&rsquo;exportation mise sur l&rsquo;innovation<\/strong><\/a><br \/>\n<a href=\"https:\/\/swissfederalism.ch\/fr\/plus-de-flexibilite-dans-la-promotion-des-innovations-suisses\/\"><strong>Plus de flexibilit\u00e9 dans la promotion de l&rsquo;innovation suisse<\/strong><\/a><\/p>\n<p><iframe title=\"COVID 19, financial markets and digital transformation\" width=\"840\" height=\"630\" src=\"https:\/\/www.youtube.com\/embed\/fK2-NICXo6A?feature=oembed&#038;width=840&#038;height=1000&#038;discover=1\" frameborder=\"0\" allow=\"accelerometer; autoplay; clipboard-write; encrypted-media; gyroscope; picture-in-picture\" allowfullscreen><\/iframe><\/p>\n<figure id=\"attachment_95660\" aria-describedby=\"caption-attachment-95660\" style=\"width: 840px\" class=\"wp-caption alignnone\"><img decoding=\"async\" class=\"wp-image-95662 size-large\" src=\"https:\/\/swissfederalism.ch\/wp-content\/uploads\/2021\/04\/Un-evento-organizzato-da-Switzerland-Global-Enterprise-S-GE-1024x683.jpeg\" alt=\"Un evento organizzato da Switzerland Global Enterprise (S-GE)\" width=\"840\" height=\"560\" srcset=\"https:\/\/swissfederalism.ch\/wp-content\/uploads\/2021\/04\/Un-evento-organizzato-da-Switzerland-Global-Enterprise-S-GE-1024x683.jpeg 1024w, https:\/\/swissfederalism.ch\/wp-content\/uploads\/2021\/04\/Un-evento-organizzato-da-Switzerland-Global-Enterprise-S-GE-300x200.jpeg 300w, https:\/\/swissfederalism.ch\/wp-content\/uploads\/2021\/04\/Un-evento-organizzato-da-Switzerland-Global-Enterprise-S-GE-768x512.jpeg 768w, https:\/\/swissfederalism.ch\/wp-content\/uploads\/2021\/04\/Un-evento-organizzato-da-Switzerland-Global-Enterprise-S-GE-1536x1024.jpeg 1536w, https:\/\/swissfederalism.ch\/wp-content\/uploads\/2021\/04\/Un-evento-organizzato-da-Switzerland-Global-Enterprise-S-GE.jpeg 1920w\" sizes=\"(max-width: 840px) 100vw, 840px\" \/><figcaption id=\"caption-attachment-95660\" class=\"wp-caption-text\">Un \u00e9v\u00e9nement organis\u00e9 par Switzerland Global Enterprise (S-GE)<\/figcaption><\/figure>\n","protected":false},"excerpt":{"rendered":"<p>Le 21 avril, le gouvernement a d\u00e9cid\u00e9 d&rsquo;am\u00e9liorer la coordination entre l&rsquo;industrie suisse et les services f\u00e9d\u00e9raux concern\u00e9s ainsi que les outils de promotion<\/p>\n","protected":false},"author":2,"featured_media":95646,"comment_status":"open","ping_status":"closed","sticky":false,"template":"","format":"standard","meta":{"footnotes":""},"categories":[310,308,209,294],"tags":[],"class_list":["post-130205","post","type-post","status-publish","format-standard","has-post-thumbnail","hentry","category-economie","category-faits-marquants","category-les-magazines","category-suisse"],"_links":{"self":[{"href":"https:\/\/swissfederalism.ch\/fr\/wp-json\/wp\/v2\/posts\/130205","targetHints":{"allow":["GET"]}}],"collection":[{"href":"https:\/\/swissfederalism.ch\/fr\/wp-json\/wp\/v2\/posts"}],"about":[{"href":"https:\/\/swissfederalism.ch\/fr\/wp-json\/wp\/v2\/types\/post"}],"author":[{"embeddable":true,"href":"https:\/\/swissfederalism.ch\/fr\/wp-json\/wp\/v2\/users\/2"}],"replies":[{"embeddable":true,"href":"https:\/\/swissfederalism.ch\/fr\/wp-json\/wp\/v2\/comments?post=130205"}],"version-history":[{"count":2,"href":"https:\/\/swissfederalism.ch\/fr\/wp-json\/wp\/v2\/posts\/130205\/revisions"}],"predecessor-version":[{"id":130207,"href":"https:\/\/swissfederalism.ch\/fr\/wp-json\/wp\/v2\/posts\/130205\/revisions\/130207"}],"wp:featuredmedia":[{"embeddable":true,"href":"https:\/\/swissfederalism.ch\/fr\/wp-json\/wp\/v2\/media\/95646"}],"wp:attachment":[{"href":"https:\/\/swissfederalism.ch\/fr\/wp-json\/wp\/v2\/media?parent=130205"}],"wp:term":[{"taxonomy":"category","embeddable":true,"href":"https:\/\/swissfederalism.ch\/fr\/wp-json\/wp\/v2\/categories?post=130205"},{"taxonomy":"post_tag","embeddable":true,"href":"https:\/\/swissfederalism.ch\/fr\/wp-json\/wp\/v2\/tags?post=130205"}],"curies":[{"name":"wp","href":"https:\/\/api.w.org\/{rel}","templated":true}]}}