{"id":129969,"date":"2021-12-29T09:00:12","date_gmt":"2021-12-29T09:00:12","guid":{"rendered":"https:\/\/swissfederalism.ch\/e-la-svizzera-il-campione-del-mondo-della-liberta-umana\/"},"modified":"2022-02-04T09:40:10","modified_gmt":"2022-02-04T09:40:10","slug":"la-suisse-est-le-champion-du-monde-de-la-liberte-humaine","status":"publish","type":"post","link":"https:\/\/swissfederalism.ch\/fr\/la-suisse-est-le-champion-du-monde-de-la-liberte-humaine\/","title":{"rendered":"La Suisse est le champion du monde de&#8230; \u00ab\u00a0la libert\u00e9 humaine\u00a0\u00bb"},"content":{"rendered":"<h1>La Suisse est le champion du monde de&#8230; \u00ab\u00a0la libert\u00e9 humaine\u00a0\u00bb<\/h1>\n<h3><em>\u00ab\u00a0The Human Freedom Index 2021\u00a0\u00bb a mesur\u00e9 165 pays au moyen de 82 indicateurs personnels et \u00e9conomiques diff\u00e9rents, et a enregistr\u00e9 la supr\u00e9matie de la Suisse<\/em><\/h3>\n<p>Comment mesurer le degr\u00e9 de libert\u00e9 d&rsquo;un peuple, d&rsquo;une nation, d&rsquo;un \u00c9tat ainsi que des individus qui, individuellement et collectivement, vivent \u00e0 l&rsquo;int\u00e9rieur de ses fronti\u00e8res ?<br \/>\nL&rsquo;\u00e9tude \u00ab\u00a0<em>The Human Freedom Index 2021 &#8211; A Global Measurement of Personal, Civil, and Economic Freedom<\/em>\u00ab\u00a0, r\u00e9alis\u00e9e par Ian V\u00e1squez, Fred McMahon, Ryan Murphy et Guillermina Sutter Schneider, publi\u00e9e \u00e0 la fin de l&rsquo;ann\u00e9e par le partenariat am\u00e9ricano-canadien du Cato Institute de Washington et du Fraser Institute de Vancouver, tente de r\u00e9pondre \u00e0 cette question difficile.<\/p>\n<p><a href=\"https:\/\/swissfederalism.ch\/fr\/la-suisse-et-les-quatre-fantastiques-de-la-democratie-directe\/\"><strong>La Suisse et les \u00ab\u00a0quatre fantastiques\u00a0\u00bb de la d\u00e9mocratie directe<\/strong><\/a><\/p>\n<figure id=\"attachment_128989\" aria-describedby=\"caption-attachment-128989\" style=\"width: 249px\" class=\"wp-caption aligncenter\"><img decoding=\"async\" class=\"size-medium wp-image-128991\" src=\"https:\/\/swissfederalism.ch\/wp-content\/uploads\/2021\/12\/Copertina-dello-studio-studio-The-Human-Freedom-Index-2021-A-Global-Measurement-of-Personal-Civil-and-Economic-Freedom-249x300.jpg\" alt=\"Copertina dello studio studio \u201cThe Human Freedom Index 2021 - A Global Measurement of Personal, Civil, and Economic Freedom\u201d\" width=\"249\" height=\"300\" srcset=\"https:\/\/swissfederalism.ch\/wp-content\/uploads\/2021\/12\/Copertina-dello-studio-studio-The-Human-Freedom-Index-2021-A-Global-Measurement-of-Personal-Civil-and-Economic-Freedom-249x300.jpg 249w, https:\/\/swissfederalism.ch\/wp-content\/uploads\/2021\/12\/Copertina-dello-studio-studio-The-Human-Freedom-Index-2021-A-Global-Measurement-of-Personal-Civil-and-Economic-Freedom-848x1024.jpg 848w, https:\/\/swissfederalism.ch\/wp-content\/uploads\/2021\/12\/Copertina-dello-studio-studio-The-Human-Freedom-Index-2021-A-Global-Measurement-of-Personal-Civil-and-Economic-Freedom-768x927.jpg 768w, https:\/\/swissfederalism.ch\/wp-content\/uploads\/2021\/12\/Copertina-dello-studio-studio-The-Human-Freedom-Index-2021-A-Global-Measurement-of-Personal-Civil-and-Economic-Freedom.jpg 994w\" sizes=\"(max-width: 249px) 100vw, 249px\" \/><figcaption id=\"caption-attachment-128989\" class=\"wp-caption-text\">Copertina dello studio \u00ab\u00a0L&rsquo;indice de libert\u00e9 humaine 2021 &#8211; une mesure mondiale de la libert\u00e9 personnelle, civile et \u00e9conomique\u00a0\u00bb<\/figcaption><\/figure>\n<p>L&rsquo;HFI est l&rsquo;indice de libert\u00e9 le plus complet \u00e0 ce jour pour un ensemble de pays et de juridictions d&rsquo;importance mondiale, repr\u00e9sentant 98,1 % de la population mondiale.<br \/>\nL'\u00a0\u00bbindice de libert\u00e9 humaine 2021&Prime; couvre 165 entit\u00e9s \u00e9tatiques pour 2019, l&rsquo;ann\u00e9e la plus r\u00e9cente pour laquelle des donn\u00e9es suffisantes sont disponibles. L&rsquo;indice classe presque toutes les juridictions de la plan\u00e8te depuis 2008, premi\u00e8re ann\u00e9e pour laquelle il a \u00e9t\u00e9 possible de produire un indice suffisamment robuste.<br \/>\nCette septi\u00e8me \u00e9dition de l&rsquo;indice annuel utilise 82 indicateurs distincts de la libert\u00e9 personnelle et \u00e9conomique dans les domaines suivants : \u00e9tat de droit, s\u00fbret\u00e9 et s\u00e9curit\u00e9, mobilit\u00e9, religion, association, r\u00e9union et soci\u00e9t\u00e9 civile, expression et information, relations, taille du gouvernement et administration publique, syst\u00e8me juridique et droits de propri\u00e9t\u00e9, monnaie saine, libert\u00e9 du commerce international et r\u00e9glementation.<\/p>\n<p><a href=\"https:\/\/swissfederalism.ch\/fr\/lethique-de-la-competitivite-et-lesprit-du-federalisme\/\"><strong>L&rsquo;\u00e9thique de la comp\u00e9titivit\u00e9 et l&rsquo;esprit du f\u00e9d\u00e9ralisme<\/strong><\/a><\/p>\n<figure id=\"attachment_129005\" aria-describedby=\"caption-attachment-129005\" style=\"width: 840px\" class=\"wp-caption aligncenter\"><img decoding=\"async\" class=\"wp-image-129007 size-large\" src=\"https:\/\/swissfederalism.ch\/wp-content\/uploads\/2021\/12\/Liberta-umana-e-reddito-per-regione-e-reddito-pro-capite-per-quartili-di-liberta-nel-2019-1024x683.png\" alt=\"Libert\u00e0 umana e reddito per regione nel 2019 e reddito pro capite per quartili di libert\u00e0 nel 2019\" width=\"840\" height=\"560\" srcset=\"https:\/\/swissfederalism.ch\/wp-content\/uploads\/2021\/12\/Liberta-umana-e-reddito-per-regione-e-reddito-pro-capite-per-quartili-di-liberta-nel-2019-1024x683.png 1024w, https:\/\/swissfederalism.ch\/wp-content\/uploads\/2021\/12\/Liberta-umana-e-reddito-per-regione-e-reddito-pro-capite-per-quartili-di-liberta-nel-2019-300x200.png 300w, https:\/\/swissfederalism.ch\/wp-content\/uploads\/2021\/12\/Liberta-umana-e-reddito-per-regione-e-reddito-pro-capite-per-quartili-di-liberta-nel-2019-768x512.png 768w, https:\/\/swissfederalism.ch\/wp-content\/uploads\/2021\/12\/Liberta-umana-e-reddito-per-regione-e-reddito-pro-capite-per-quartili-di-liberta-nel-2019-1536x1024.png 1536w, https:\/\/swissfederalism.ch\/wp-content\/uploads\/2021\/12\/Liberta-umana-e-reddito-per-regione-e-reddito-pro-capite-per-quartili-di-liberta-nel-2019.png 1920w\" sizes=\"(max-width: 840px) 100vw, 840px\" \/><figcaption id=\"caption-attachment-129005\" class=\"wp-caption-text\">Libert\u00e9 humaine et revenu par r\u00e9gion en 2019 et revenu par habitant par quartiles de libert\u00e9 en 2019<\/figcaption><\/figure>\n<h2>Sur une \u00e9chelle de z\u00e9ro \u00e0 dix, la \u00ab\u00a0libert\u00e9 humaine\u00a0\u00bb moyenne vaut \u00ab\u00a07,2\u00a0\u00bb<\/h2>\n<p>Sur une \u00e9chelle de z\u00e9ro \u00e0 dix, o\u00f9 dix repr\u00e9sente le plus haut degr\u00e9 de libert\u00e9, la note moyenne de \u00ab\u00a0libert\u00e9 humaine\u00a0\u00bb pour 165 juridictions en 2019 \u00e9tait de 7,12.<br \/>\nParmi les 162 juridictions pour lesquelles des donn\u00e9es existent pour 2018 et 2019, le niveau global de libert\u00e9 (en pond\u00e9rant tous les \u00c9tats de mani\u00e8re \u00e9gale) est rest\u00e9 inchang\u00e9, 82 pays ayant diminu\u00e9 leurs performances et 67 les ayant am\u00e9lior\u00e9es.<br \/>\nSi l&rsquo;on compare tous les pays pour lesquels nous disposons des m\u00eames donn\u00e9es \u00e0 partir de 2008, le niveau global de libert\u00e9 a l\u00e9g\u00e8rement diminu\u00e9 (-0,01), les juridictions dont la note a baiss\u00e9 (71) \u00e9tant plus nombreuses que celles qui l&rsquo;ont augment\u00e9e (67).<\/p>\n<p><a href=\"https:\/\/swissfederalism.ch\/fr\/waldstatte-et-les-cantons-forestiers-a-laube-de-la-suisse\/\"><strong>Waldst\u00e4tte et les cantons \u00ab\u00a0forestiers\u00a0\u00bb \u00e0 l&rsquo;aube de la Suisse&#8230;<\/strong><\/a><\/p>\n<figure id=\"attachment_129001\" aria-describedby=\"caption-attachment-129001\" style=\"width: 840px\" class=\"wp-caption aligncenter\"><img decoding=\"async\" class=\"wp-image-129003 size-large\" src=\"https:\/\/swissfederalism.ch\/wp-content\/uploads\/2021\/12\/Liberta-umana-e-democrazia-nel-2019-1024x683.png\" alt=\"Libert\u00e0 umana e democrazia nel 2019\" width=\"840\" height=\"560\" srcset=\"https:\/\/swissfederalism.ch\/wp-content\/uploads\/2021\/12\/Liberta-umana-e-democrazia-nel-2019-1024x683.png 1024w, https:\/\/swissfederalism.ch\/wp-content\/uploads\/2021\/12\/Liberta-umana-e-democrazia-nel-2019-300x200.png 300w, https:\/\/swissfederalism.ch\/wp-content\/uploads\/2021\/12\/Liberta-umana-e-democrazia-nel-2019-768x512.png 768w, https:\/\/swissfederalism.ch\/wp-content\/uploads\/2021\/12\/Liberta-umana-e-democrazia-nel-2019-1536x1024.png 1536w, https:\/\/swissfederalism.ch\/wp-content\/uploads\/2021\/12\/Liberta-umana-e-democrazia-nel-2019.png 1920w\" sizes=\"(max-width: 840px) 100vw, 840px\" \/><figcaption id=\"caption-attachment-129001\" class=\"wp-caption-text\">Libert\u00e9 humaine et d\u00e9mocratie en 2019<\/figcaption><\/figure>\n<h2>83% de la population mondiale est moins libre depuis 2008<\/h2>\n<p>Selon la m\u00eame mesure, 83% de la population mondiale vit dans des juridictions qui ont connu un recul de la libert\u00e9 humaine depuis 2008.<br \/>\nIl s&rsquo;agit notamment d&rsquo;une diminution de la libert\u00e9 globale dans les dix pays les plus peupl\u00e9s du monde. Seuls 17% de la population mondiale vivent dans des \u00c9tats qui ont vu leur libert\u00e9 augmenter au cours de la m\u00eame p\u00e9riode.<br \/>\nLes donn\u00e9es montrent qu&rsquo;il existe une r\u00e9partition in\u00e9gale de la libert\u00e9 dans le monde, avec seulement 14,6% de la population mondiale vivant dans le quartile sup\u00e9rieur des juridictions de l&rsquo;indice de libert\u00e9 humaine 2021 et 40,3% vivant dans le quartile inf\u00e9rieur.<br \/>\nL&rsquo;\u00e9cart en mati\u00e8re de libert\u00e9 humaine entre les juridictions les plus libres et les moins libres s&rsquo;est creus\u00e9 depuis 2008, augmentant de 6,6% si l&rsquo;on compare les quartiles sup\u00e9rieur et inf\u00e9rieur des nations dans le HFI.<\/p>\n<p><a href=\"https:\/\/swissfederalism.ch\/fr\/la-democratie-athenienne-elle-perdure-a-glaris-et-en-appenzell\/\"><strong>La d\u00e9mocratie ath\u00e9nienne ? Revivre entre Glaris et Appenzell&#8230;<\/strong><\/a><\/p>\n<figure id=\"attachment_128997\" aria-describedby=\"caption-attachment-128997\" style=\"width: 840px\" class=\"wp-caption aligncenter\"><img decoding=\"async\" class=\"wp-image-128999 size-large\" src=\"https:\/\/swissfederalism.ch\/wp-content\/uploads\/2021\/12\/Liberta-personale-media-specifica-delle-donne-per-regione-nel-2019-1024x683.png\" alt=\"Libert\u00e0 personale media specifica delle donne per regione nel 2019\" width=\"840\" height=\"560\" srcset=\"https:\/\/swissfederalism.ch\/wp-content\/uploads\/2021\/12\/Liberta-personale-media-specifica-delle-donne-per-regione-nel-2019-1024x683.png 1024w, https:\/\/swissfederalism.ch\/wp-content\/uploads\/2021\/12\/Liberta-personale-media-specifica-delle-donne-per-regione-nel-2019-300x200.png 300w, https:\/\/swissfederalism.ch\/wp-content\/uploads\/2021\/12\/Liberta-personale-media-specifica-delle-donne-per-regione-nel-2019-768x512.png 768w, https:\/\/swissfederalism.ch\/wp-content\/uploads\/2021\/12\/Liberta-personale-media-specifica-delle-donne-per-regione-nel-2019-1536x1024.png 1536w, https:\/\/swissfederalism.ch\/wp-content\/uploads\/2021\/12\/Liberta-personale-media-specifica-delle-donne-per-regione-nel-2019.png 1920w\" sizes=\"(max-width: 840px) 100vw, 840px\" \/><figcaption id=\"caption-attachment-128997\" class=\"wp-caption-text\">Libert\u00e9 personnelle sp\u00e9cifique moyenne des femmes par r\u00e9gion en 2019<\/figcaption><\/figure>\n<h2>La Nouvelle-Z\u00e9lande, le Danemark, l&rsquo;Estonie et l&rsquo;Irlande sont en t\u00eate, tandis que Berne est en t\u00eate du classement<\/h2>\n<p>Les pays occupant les 10 premi\u00e8res places sont, dans l&rsquo;ordre, la Suisse, la Nouvelle-Z\u00e9lande, le Danemark, l&rsquo;Estonie, l&rsquo;Irlande, le Canada et la Finlande (ex-aequo), l&rsquo;Australie, la Su\u00e8de et le Luxembourg.<br \/>\nLes juridictions les plus int\u00e9ressantes ont \u00e9t\u00e9 class\u00e9es comme suit : Royaume-Uni (14), Allemagne, Japon et \u00c9tats-Unis (15 ex aequo), Taiwan (19), Italie (26), Chili (28), Hong Kong (30), Cor\u00e9e du Sud (31), France (34), Argentine (74), Afrique du Sud (77), Br\u00e9sil (78), Mexique (93), Inde (119), Nigeria (123), Russie (126), Turquie (139), Chine (150), Arabie Saoudite (155), Iran (160), Venezuela (164) et Syrie (165).<\/p>\n<p><a href=\"https:\/\/swissfederalism.ch\/fr\/leurope-des-petits-etats-et-un-federalisme-a-peine-esquisse\/\"><strong>L&rsquo;Europe des petits \u00c9tats et un f\u00e9d\u00e9ralisme \u00e0 peine esquiss\u00e9&#8230;<\/strong><\/a><\/p>\n<figure id=\"attachment_128993\" aria-describedby=\"caption-attachment-128993\" style=\"width: 840px\" class=\"wp-caption aligncenter\"><img decoding=\"async\" class=\"wp-image-128995 size-large\" src=\"https:\/\/swissfederalism.ch\/wp-content\/uploads\/2021\/12\/LIberta-personale-e-liberta-economica-nel-2019-1024x683.png\" alt=\"LIbert\u00e0 personale e libert\u00e0 economica nel 2019\" width=\"840\" height=\"560\" srcset=\"https:\/\/swissfederalism.ch\/wp-content\/uploads\/2021\/12\/LIberta-personale-e-liberta-economica-nel-2019-1024x683.png 1024w, https:\/\/swissfederalism.ch\/wp-content\/uploads\/2021\/12\/LIberta-personale-e-liberta-economica-nel-2019-300x200.png 300w, https:\/\/swissfederalism.ch\/wp-content\/uploads\/2021\/12\/LIberta-personale-e-liberta-economica-nel-2019-768x512.png 768w, https:\/\/swissfederalism.ch\/wp-content\/uploads\/2021\/12\/LIberta-personale-e-liberta-economica-nel-2019-1536x1024.png 1536w, https:\/\/swissfederalism.ch\/wp-content\/uploads\/2021\/12\/LIberta-personale-e-liberta-economica-nel-2019.png 1920w\" sizes=\"(max-width: 840px) 100vw, 840px\" \/><figcaption id=\"caption-attachment-128993\" class=\"wp-caption-text\">Libert\u00e9 personnelle et libert\u00e9 \u00e9conomique en 2019<\/figcaption><\/figure>\n<h2>Le Moyen-Orient, l&rsquo;Afrique centrale et l&rsquo;Asie du Sud sont les r\u00e9gions les plus d\u00e9favoris\u00e9es<\/h2>\n<p>Parmi les dix r\u00e9gions du monde en lesquelles la plan\u00e8te a \u00e9t\u00e9 divis\u00e9e, celles qui pr\u00e9sentent les niveaux de libert\u00e9 les plus \u00e9lev\u00e9s sont l&rsquo;Am\u00e9rique du Nord (Canada et \u00c9tats-Unis), l&rsquo;Europe occidentale et l&rsquo;Oc\u00e9anie. Les niveaux les plus bas se situent au Moyen-Orient, en Afrique du Nord, en Afrique subsaharienne et en Asie du Sud.<br \/>\nLes libert\u00e9s sp\u00e9cifiques des femmes, mesur\u00e9es par cinq indicateurs de l&rsquo;indice, sont les plus fortes en Am\u00e9rique du Nord, en Europe occidentale et en Asie de l&rsquo;Est et les moins prot\u00e9g\u00e9es au Moyen-Orient et en Afrique du Nord, en Asie du Sud et en Afrique subsaharienne.<\/p>\n<p><a href=\"https:\/\/swissfederalism.ch\/fr\/la-presidence-de-la-confederation-suisse-de-1848-a-nos-jours\/\"><strong>La pr\u00e9sidence de la Conf\u00e9d\u00e9ration suisse de 1848 \u00e0 nos jours<\/strong><\/a><\/p>\n<figure id=\"attachment_128985\" aria-describedby=\"caption-attachment-128985\" style=\"width: 840px\" class=\"wp-caption aligncenter\"><img decoding=\"async\" class=\"wp-image-128987 size-large\" src=\"https:\/\/swissfederalism.ch\/wp-content\/uploads\/2021\/12\/Classifica-della-liberta-umana-per-regione-nel-2019-e-differenza-con-il-periodo-2008.2019-1024x683.png\" alt=\"Classifica della libert\u00e0 umana per regione nel 2019 e differenza con il periodo 2008-2019\" width=\"840\" height=\"560\" srcset=\"https:\/\/swissfederalism.ch\/wp-content\/uploads\/2021\/12\/Classifica-della-liberta-umana-per-regione-nel-2019-e-differenza-con-il-periodo-2008.2019-1024x683.png 1024w, https:\/\/swissfederalism.ch\/wp-content\/uploads\/2021\/12\/Classifica-della-liberta-umana-per-regione-nel-2019-e-differenza-con-il-periodo-2008.2019-300x200.png 300w, https:\/\/swissfederalism.ch\/wp-content\/uploads\/2021\/12\/Classifica-della-liberta-umana-per-regione-nel-2019-e-differenza-con-il-periodo-2008.2019-768x512.png 768w, https:\/\/swissfederalism.ch\/wp-content\/uploads\/2021\/12\/Classifica-della-liberta-umana-per-regione-nel-2019-e-differenza-con-il-periodo-2008.2019-1536x1024.png 1536w, https:\/\/swissfederalism.ch\/wp-content\/uploads\/2021\/12\/Classifica-della-liberta-umana-per-regione-nel-2019-e-differenza-con-il-periodo-2008.2019.png 1920w\" sizes=\"(max-width: 840px) 100vw, 840px\" \/><figcaption id=\"caption-attachment-128985\" class=\"wp-caption-text\">Classement de la libert\u00e9 humaine par r\u00e9gion en 2019 et diff\u00e9rence avec la p\u00e9riode 2008-2019<\/figcaption><\/figure>\n<h2>Les juridictions du premier quartile ont un revenu de 48 748 dollars<\/h2>\n<p>Les juridictions du premier quartile de libert\u00e9 b\u00e9n\u00e9ficient d&rsquo;un revenu moyen par habitant (48 748 $) nettement plus \u00e9lev\u00e9 que celles des autres quartiles ; le revenu moyen par habitant dans le quartile le moins libre est de 11 259 $. Le HFI constate \u00e9galement une forte relation entre la libert\u00e9 humaine et la d\u00e9mocratie.<br \/>\nLe rapport de cette ann\u00e9e est le fruit d&rsquo;une r\u00e9vision descendante qui a donn\u00e9 lieu \u00e0 des am\u00e9liorations m\u00e9thodologiques et \u00e0 l&rsquo;utilisation de nouvelles variables et sources en plus ou \u00e0 la place de celles pr\u00e9c\u00e9demment utilis\u00e9es pour ce que les auteurs Ian V\u00e1squez, Fred McMahon, Ryan Murphy et Guillermina Sutter Schneider estiment \u00eatre un indice plus rigoureux et plus solide.<br \/>\nLes r\u00e9sultats de l&rsquo;indice de libert\u00e9 humaine 2021 sugg\u00e8rent que la libert\u00e9 joue un r\u00f4le important dans le bien-\u00eatre humain et offrent des possibilit\u00e9s de recherches suppl\u00e9mentaires sur les mani\u00e8res complexes dont la libert\u00e9 influence, et peut \u00eatre influenc\u00e9e par, les r\u00e9gimes politiques, le d\u00e9veloppement \u00e9conomique et l&rsquo;ensemble des indicateurs de bien-\u00eatre humain.<\/p>\n<p><a href=\"https:\/\/swissfederalism.ch\/fr\/plus-de-federalisme-signifie-un-produit-interieur-brut-plus-eleve\/\"><strong>Plus de f\u00e9d\u00e9ralisme signifie un produit int\u00e9rieur brut plus \u00e9lev\u00e9<\/strong><\/a><\/p>\n<p><iframe title=\"The Swiss Confederation - a brief guide 2021 (English)\" width=\"840\" height=\"630\" src=\"https:\/\/www.youtube.com\/embed\/RMSvWSd32oM?feature=oembed&#038;width=840&#038;height=1000&#038;discover=1\" frameborder=\"0\" allow=\"accelerometer; autoplay; clipboard-write; encrypted-media; gyroscope; picture-in-picture\" allowfullscreen><\/iframe><\/p>\n<p><iframe title=\"Der Bund kurz erkl\u00e4rt 2021 (Deutsch)\" width=\"840\" height=\"630\" src=\"https:\/\/www.youtube.com\/embed\/sjwRmZZBbso?feature=oembed&#038;width=840&#038;height=1000&#038;discover=1\" frameborder=\"0\" allow=\"accelerometer; autoplay; clipboard-write; encrypted-media; gyroscope; picture-in-picture\" allowfullscreen><\/iframe><\/p>\n<p><iframe title=\"La Conf\u00e9d\u00e9ration en bref 2021 (Fran\u00e7ais)\" width=\"840\" height=\"630\" src=\"https:\/\/www.youtube.com\/embed\/6HOB754lwx4?feature=oembed&#038;width=840&#038;height=1000&#038;discover=1\" frameborder=\"0\" allow=\"accelerometer; autoplay; clipboard-write; encrypted-media; gyroscope; picture-in-picture\" allowfullscreen><\/iframe><\/p>\n<p><iframe title=\"La Confederazione in breve 2021 (Italiano)\" width=\"840\" height=\"630\" src=\"https:\/\/www.youtube.com\/embed\/XQ8_wBkvQm0?feature=oembed&#038;width=840&#038;height=1000&#038;discover=1\" frameborder=\"0\" allow=\"accelerometer; autoplay; clipboard-write; encrypted-media; gyroscope; picture-in-picture\" allowfullscreen><\/iframe><\/p>\n<figure id=\"attachment_128981\" aria-describedby=\"caption-attachment-128981\" style=\"width: 840px\" class=\"wp-caption aligncenter\"><img decoding=\"async\" class=\"wp-image-128983 size-large\" src=\"https:\/\/swissfederalism.ch\/wp-content\/uploads\/2021\/12\/Classifica-della-liberta-umana-per-Paese-nel-2019-e-differenza-con-il-periodo-2008.2019-1024x683.png\" alt=\"Classifica della libert\u00e0 umana per Paese nel 2019 e differenza con il periodo 2008-2019\" width=\"840\" height=\"560\" srcset=\"https:\/\/swissfederalism.ch\/wp-content\/uploads\/2021\/12\/Classifica-della-liberta-umana-per-Paese-nel-2019-e-differenza-con-il-periodo-2008.2019-1024x683.png 1024w, https:\/\/swissfederalism.ch\/wp-content\/uploads\/2021\/12\/Classifica-della-liberta-umana-per-Paese-nel-2019-e-differenza-con-il-periodo-2008.2019-300x200.png 300w, https:\/\/swissfederalism.ch\/wp-content\/uploads\/2021\/12\/Classifica-della-liberta-umana-per-Paese-nel-2019-e-differenza-con-il-periodo-2008.2019-768x512.png 768w, https:\/\/swissfederalism.ch\/wp-content\/uploads\/2021\/12\/Classifica-della-liberta-umana-per-Paese-nel-2019-e-differenza-con-il-periodo-2008.2019-1536x1024.png 1536w, https:\/\/swissfederalism.ch\/wp-content\/uploads\/2021\/12\/Classifica-della-liberta-umana-per-Paese-nel-2019-e-differenza-con-il-periodo-2008.2019.png 1920w\" sizes=\"(max-width: 840px) 100vw, 840px\" \/><figcaption id=\"caption-attachment-128981\" class=\"wp-caption-text\">Classement de la libert\u00e9 humaine par pays en 2019 et diff\u00e9rence avec 2008-2019<\/figcaption><\/figure>\n","protected":false},"excerpt":{"rendered":"<p>L'\u00a0\u00bbindice de libert\u00e9 humaine 2021&Prime; a mesur\u00e9 165 pays au moyen de 82 indicateurs personnels et \u00e9conomiques diff\u00e9rents, et a enregistr\u00e9 la supr\u00e9matie de la Suisse<\/p>\n","protected":false},"author":2,"featured_media":129011,"comment_status":"open","ping_status":"closed","sticky":false,"template":"","format":"standard","meta":{"footnotes":""},"categories":[310,277,308,989,209,306,294,1031],"tags":[1292,541,1177,1049,655,397,1210,410,888],"class_list":["post-129969","post","type-post","status-publish","format-standard","has-post-thumbnail","hentry","category-economie","category-europe-fr","category-faits-marquants","category-geopolitique","category-les-magazines","category-politique","category-suisse","category-usa-fr","tag-canada-fr","tag-culture-fr","tag-democratie","tag-diplomatie","tag-etats-unis","tag-federalisme","tag-liberte","tag-science-fr","tag-suisse"],"_links":{"self":[{"href":"https:\/\/swissfederalism.ch\/fr\/wp-json\/wp\/v2\/posts\/129969","targetHints":{"allow":["GET"]}}],"collection":[{"href":"https:\/\/swissfederalism.ch\/fr\/wp-json\/wp\/v2\/posts"}],"about":[{"href":"https:\/\/swissfederalism.ch\/fr\/wp-json\/wp\/v2\/types\/post"}],"author":[{"embeddable":true,"href":"https:\/\/swissfederalism.ch\/fr\/wp-json\/wp\/v2\/users\/2"}],"replies":[{"embeddable":true,"href":"https:\/\/swissfederalism.ch\/fr\/wp-json\/wp\/v2\/comments?post=129969"}],"version-history":[{"count":2,"href":"https:\/\/swissfederalism.ch\/fr\/wp-json\/wp\/v2\/posts\/129969\/revisions"}],"predecessor-version":[{"id":129971,"href":"https:\/\/swissfederalism.ch\/fr\/wp-json\/wp\/v2\/posts\/129969\/revisions\/129971"}],"wp:featuredmedia":[{"embeddable":true,"href":"https:\/\/swissfederalism.ch\/fr\/wp-json\/wp\/v2\/media\/129011"}],"wp:attachment":[{"href":"https:\/\/swissfederalism.ch\/fr\/wp-json\/wp\/v2\/media?parent=129969"}],"wp:term":[{"taxonomy":"category","embeddable":true,"href":"https:\/\/swissfederalism.ch\/fr\/wp-json\/wp\/v2\/categories?post=129969"},{"taxonomy":"post_tag","embeddable":true,"href":"https:\/\/swissfederalism.ch\/fr\/wp-json\/wp\/v2\/tags?post=129969"}],"curies":[{"name":"wp","href":"https:\/\/api.w.org\/{rel}","templated":true}]}}