{"id":129933,"date":"2022-01-29T17:27:11","date_gmt":"2022-01-29T17:27:11","guid":{"rendered":"https:\/\/swissfederalism.ch\/valerio-dallago-lelettromagnetismo-medicina-del-futuro\/"},"modified":"2024-10-23T09:09:08","modified_gmt":"2024-10-23T09:09:08","slug":"valerio-dallago-electromagnetisme-la-medecine-du-futur","status":"publish","type":"post","link":"https:\/\/swissfederalism.ch\/fr\/valerio-dallago-electromagnetisme-la-medecine-du-futur\/","title":{"rendered":"Valerio Dallago: \u00ab\u00a0Electromagn\u00e9tisme: la m\u00e9decine du futur\u00a0\u00bb"},"content":{"rendered":"<h1><span class=\"font-377884\">Valerio Dallago: \u00ab\u00a0Electromagn\u00e9tisme: la m\u00e9decine du futur\u00a0\u00bb<\/span><\/h1>\n<h3><span class=\"font-377884\"><em>Dans les secrets des traitements par ionorisonance avec les dispositifs Seqex de l&rsquo;entrepreneur du Trentin, inspir\u00e9 par William Ross Adey et Carl Blackman<\/em><\/span><\/h3>\n<p><span class=\"font-377884\">Avec les dispositifs brandis\u00e9 Seqex, qui \u00e9mettent des fr\u00e9quences \u00e9lectromagn\u00e9tiques personnalis\u00e9es, il est possible de gu\u00e9rir de nombreuses maladies et d&rsquo;am\u00e9liorer sensiblement la qualit\u00e9 de vie. Nous en parlons avec Valerio Dallago, un entrepreneur du Trentin d&rsquo;une grande sagesse et richesse spirituelle.L&rsquo;\u00e9lectromagn\u00e9tisme est la base de la vie. Il est scientifiquement prouv\u00e9 que les ondes \u00e9lectromagn\u00e9tiques, telles que celles \u00e9mises par les t\u00e9l\u00e9phones mobiles (tr\u00e8s haute fr\u00e9quence) ou les champs \u00e9lectromagn\u00e9tiques \u00e9mis par la terre (basse fr\u00e9quence), ont un effet sur la biochimie du corps humain, le modifiant. La maladie peut \u00eatre consid\u00e9r\u00e9e comme une perte d&rsquo;\u00e9quilibre d&rsquo;un certain groupe de cellules : l&rsquo;\u00e9lectromagn\u00e9tisme \u00e0 basse fr\u00e9quence peut le r\u00e9tablir sans intoxiquer le corps.<\/span><\/p>\n<p><span class=\"font-377884\">Dans les ann\u00e9es 1980, ce sont les chercheurs William Ross Adey et Carl Blackman qui, pour la premi\u00e8re fois, ont d\u00e9montr\u00e9 scientifiquement des effets biologiques significatifs dans une culture cellulaire irradi\u00e9e par des champs \u00e9lectromagn\u00e9tiques de fr\u00e9quence et d&rsquo;intensit\u00e9 extr\u00eamement faibles. Aujourd&rsquo;hui, l&rsquo;universit\u00e9 de Tel Aviv \u00e9tudie comment favoriser la r\u00e9cup\u00e9ration post-entra\u00eenement chez les athl\u00e8tes professionnels ou r\u00e9g\u00e9n\u00e9rer une moelle \u00e9pini\u00e8re endommag\u00e9e en appliquant des champs \u00e9lectromagn\u00e9tiques accord\u00e9s \u00e0 des fr\u00e9quences connues sous le nom de \u00ab\u00a0ionorisonance\u00a0\u00bb.Les \u00e9tudes sont men\u00e9es par le Dr Angela Ruban, qui utilise un appareil con\u00e7u et fabriqu\u00e9 en Italie. <\/span><\/p>\n<p><span class=\"font-377884\">Le brevet de ce dispositif appartient \u00e0 un Italien : Valerio Dallago, qui a conduit sa soci\u00e9t\u00e9, S.I.S.T.E.M.I. Srl, bas\u00e9e \u00e0 Cir\u00e8 di Pergine dans le Trentin-Haut-Adige et cr\u00e9\u00e9e en 1999, \u00e0 \u00eatre finaliste du prestigieux prix PME\/Start Up Innovative \u00ab\u00a0<em>Swiss Federalism, GCBL and Milton Friedman<\/em>\u00a0\u00bb \u00e0 Zurich, et qui nous parle de son travail d&rsquo;entrepreneur \u00e9clair\u00e9 et de sa mission d&rsquo;am\u00e9liorer la qualit\u00e9 de vie et la sant\u00e9 des personnes saines et malades.<\/span><\/p>\n<p><span class=\"font-377884\"><a href=\"https:\/\/swissfederalism.ch\/fr\/gianluca-tirozzi-cest-ainsi-que-bitcorp-va-conquerir-le-metaspace\/\"><strong>Gianluca Tirozzi: \u00ab\u00a0C&rsquo;est ainsi que bitCorp va conqu\u00e9rir le m\u00e9taspace!\u00a0\u00bb<\/strong><\/a><\/span><\/p>\n<figure id=\"attachment_129778\" aria-describedby=\"caption-attachment-129778\" style=\"width: 840px\" class=\"wp-caption aligncenter\"><img decoding=\"async\" class=\"wp-image-129780 size-large\" src=\"https:\/\/swissfederalism.ch\/wp-content\/uploads\/2022\/01\/Un-materassino-al-quale-e-applicato-un-dispositivo-marchiato-Seqex-per-lapplicazione-della-ionorisonanza-1-1024x349.jpg\" alt=\"Un materassino al quale \u00e8 applicato un dispositivo marchiato Seqex per l'applicazione della ionorisonanza magnetica\" width=\"840\" height=\"286\" srcset=\"https:\/\/swissfederalism.ch\/wp-content\/uploads\/2022\/01\/Un-materassino-al-quale-e-applicato-un-dispositivo-marchiato-Seqex-per-lapplicazione-della-ionorisonanza-1-1024x349.jpg 1024w, https:\/\/swissfederalism.ch\/wp-content\/uploads\/2022\/01\/Un-materassino-al-quale-e-applicato-un-dispositivo-marchiato-Seqex-per-lapplicazione-della-ionorisonanza-1-300x102.jpg 300w, https:\/\/swissfederalism.ch\/wp-content\/uploads\/2022\/01\/Un-materassino-al-quale-e-applicato-un-dispositivo-marchiato-Seqex-per-lapplicazione-della-ionorisonanza-1-768x262.jpg 768w, https:\/\/swissfederalism.ch\/wp-content\/uploads\/2022\/01\/Un-materassino-al-quale-e-applicato-un-dispositivo-marchiato-Seqex-per-lapplicazione-della-ionorisonanza-1.jpg 1200w\" sizes=\"(max-width: 840px) 100vw, 840px\" \/><figcaption id=\"caption-attachment-129778\" class=\"wp-caption-text\"><\/span> <span class=\"font-377884\">Un tapis sur lequel est fix\u00e9 un dispositif Seqex pour l&rsquo;application de la r\u00e9sonance ionique cyclotronique magn\u00e9tique.<\/span><\/figcaption><\/figure>\n<p><span class=\"font-377884\"><strong>Pour commencer, veuillez nous expliquer ce qu&rsquo;est votre entreprise: &#8230;..<\/strong><\/span><\/p>\n<p><span class=\"font-377884\"><em>Notre soci\u00e9t\u00e9 fabrique les dispositifs m\u00e9dicaux Seqex homologu\u00e9s en Europe en au Canada, qui \u00e9mettent des champs \u00e9lectromagn\u00e9tiques sp\u00e9cifiques pour le r\u00e9tablissement de la sant\u00e9 et du bien\u00eatre des personnes. Ces appareils offrent divers avantages: du soulagement en cas de douleurs traumatiques ou chroniques ou de maladies graves, \u00e0 l&rsquo;am\u00e9lioration du repos et de la r\u00e9cup\u00e9ration des sportifs: les champs \u00e9lectromagn\u00e9tiques peuvent changer notre vie. Et, dans certains cas, le sauver&#8230;<\/em><\/span><\/p>\n<p><span class=\"font-377884\"><a href=\"https:\/\/swissfederalism.ch\/fr\/chuck-adams-nous-aimons-la-suisse-et-sa-foi-en-la-liberte\/\"><strong>Chuck Adams: \u00ab\u00a0Nous aimons la Suisse et sa foi en la libert\u00e9\u00a0\u00bb<\/strong><\/a><\/span><\/p>\n<figure id=\"attachment_129770\" aria-describedby=\"caption-attachment-129770\" style=\"width: 840px\" class=\"wp-caption aligncenter\"><img decoding=\"async\" class=\"wp-image-129772 size-large\" src=\"https:\/\/swissfederalism.ch\/wp-content\/uploads\/2022\/01\/Un-dispositovo-marchiato-Seqex-per-lapplicazione-della-ionorisonanza-2-1024x527.jpg\" alt=\"Un dispositivo marchiato Seqex per l'applicazione della ionorisonanza magnetica\" width=\"840\" height=\"432\" srcset=\"https:\/\/swissfederalism.ch\/wp-content\/uploads\/2022\/01\/Un-dispositovo-marchiato-Seqex-per-lapplicazione-della-ionorisonanza-2-1024x527.jpg 1024w, https:\/\/swissfederalism.ch\/wp-content\/uploads\/2022\/01\/Un-dispositovo-marchiato-Seqex-per-lapplicazione-della-ionorisonanza-2-300x155.jpg 300w, https:\/\/swissfederalism.ch\/wp-content\/uploads\/2022\/01\/Un-dispositovo-marchiato-Seqex-per-lapplicazione-della-ionorisonanza-2-768x396.jpg 768w, https:\/\/swissfederalism.ch\/wp-content\/uploads\/2022\/01\/Un-dispositovo-marchiato-Seqex-per-lapplicazione-della-ionorisonanza-2.jpg 1200w\" sizes=\"(max-width: 840px) 100vw, 840px\" \/><figcaption id=\"caption-attachment-129770\" class=\"wp-caption-text\"><\/span> <span class=\"font-377884\">Un dispositif de la marque Seqex pour l&rsquo;application de r\u00e9sonance ionique cyclotron magn\u00e9tique<\/span><\/figcaption><\/figure>\n<p><span class=\"font-377884\"><strong>Comment fonctionne votre \u00e9quipement? Sont-ils faciles \u00e0 utiliser?<\/strong><\/span><\/p>\n<p><span class=\"font-377884\"><em>Ils se composent d&rsquo;une console de commande qui g\u00e9n\u00e8re et module les signaux \u00e9lectromagn\u00e9tiques et d&rsquo;une s\u00e9rie d&rsquo;accessoires permettant d&rsquo;appliquer le champ \u00e0 l&rsquo;ensemble du corps et localement. Ces appareils ont deux usages: professionnel (Seqex Med et Seqex HC) et domestique (Seqex Fam et Seqex Go). Les premiers sont utilis\u00e9s par un professionnel qui peut personnaliser le traitement en choisissant le programme le plus adapt\u00e9 en fonction de certains param\u00e8tres. Ces appareils sont \u00ab\u00a0intelligents\u00a0\u00bb: ils disposent d&rsquo;un syst\u00e8me de retour d&rsquo;information capable de d\u00e9tecter quand la combinaison de donn\u00e9es, choisie parmi 30 formes d&rsquo;onde, 125 fr\u00e9quences \u00e0 diff\u00e9rents niveaux d&rsquo;intensit\u00e9, produit l&rsquo;effet souhait\u00e9. Par exemple, une fillette de sept ans souffrant d&rsquo;arthrite n&rsquo;aura pas besoin du m\u00eame traitement qu&rsquo;un grand-p\u00e8re atteint de la m\u00eame maladie. En effet, par rapport \u00e0 l&rsquo;enfant, la personne \u00e2g\u00e9e a une densit\u00e9 osseuse diff\u00e9rente, des concentrations en eau et en \u00e9lectrolytes diff\u00e9rentes, etc. C&rsquo;est pr\u00e9cis\u00e9ment en raison de ces diff\u00e9rences qu&rsquo;il est important de veiller \u00e0 ce que chaque personne re\u00e7oive un traitement cibl\u00e9 en fonction de ses besoins sp\u00e9cifiques. Les appareils domestiques, en revanche, peuvent \u00eatre utilis\u00e9s par tout le monde et les programmes th\u00e9rapeutiques sont modul\u00e9s par le professionnel en fonction du type de traitement indiqu\u00e9 ou choisis de mani\u00e8re autonome en fonction des besoins de l&rsquo;utilisateur \u00e0 domicile: &lsquo;Fam&rsquo;, pour la th\u00e9rapie \u00e0 domicile, ou &lsquo;Go&rsquo; wearable, id\u00e9al pour le sport et les voyages.<\/em><\/span><\/p>\n<p><span class=\"font-377884\"><a href=\"https:\/\/swissfederalism.ch\/fr\/elisa-fanton-en-assainissant-lair-presque-aucune-contagion\/\"><strong>Elisa Fanton: \u00ab\u00a0En aseptisant l&rsquo;air, presque aucune contagion!\u00a0\u00bb<\/strong><\/a><\/span><\/p>\n<figure id=\"attachment_129762\" aria-describedby=\"caption-attachment-129762\" style=\"width: 683px\" class=\"wp-caption aligncenter\"><img decoding=\"async\" class=\"wp-image-129764 size-large\" src=\"https:\/\/swissfederalism.ch\/wp-content\/uploads\/2022\/01\/Valerio-Dallago-e-amministratore-di-S.I.S.T.E.M.I.-e-produttore-dei-dispositivi-Seqex-2-683x1024.jpg\" alt=\"Valerio Dallago \u00e8 amministratore di S.I.S.T.E.M.I. Srl e produttore dei dispositivi Seqex\" width=\"683\" height=\"1024\" srcset=\"https:\/\/swissfederalism.ch\/wp-content\/uploads\/2022\/01\/Valerio-Dallago-e-amministratore-di-S.I.S.T.E.M.I.-e-produttore-dei-dispositivi-Seqex-2-683x1024.jpg 683w, https:\/\/swissfederalism.ch\/wp-content\/uploads\/2022\/01\/Valerio-Dallago-e-amministratore-di-S.I.S.T.E.M.I.-e-produttore-dei-dispositivi-Seqex-2-200x300.jpg 200w, https:\/\/swissfederalism.ch\/wp-content\/uploads\/2022\/01\/Valerio-Dallago-e-amministratore-di-S.I.S.T.E.M.I.-e-produttore-dei-dispositivi-Seqex-2-768x1152.jpg 768w, https:\/\/swissfederalism.ch\/wp-content\/uploads\/2022\/01\/Valerio-Dallago-e-amministratore-di-S.I.S.T.E.M.I.-e-produttore-dei-dispositivi-Seqex-2.jpg 800w\" sizes=\"(max-width: 683px) 100vw, 683px\" \/><figcaption id=\"caption-attachment-129762\" class=\"wp-caption-text\">Valerio Dallago est directeur de S.I.S.T.E.M.I. Srl et producteur des dispositifs Seqex<\/figcaption><\/figure>\n<p><span class=\"font-377884\"><strong>Comment S.I.S.T.E.M.I. Srl, votre soci\u00e9t\u00e9 qui produit le Seqex, est-elle n\u00e9e?<\/strong><\/span><\/p>\n<p><span class=\"font-377884\"><em>Je travaillais comme consultant dans le secteur financier depuis 1980. En 1995, j&rsquo;ai eu un client qui, en raison d&rsquo;une maladie grave \u00e0 un stade tr\u00e8s avanc\u00e9, passait ses journ\u00e9es d\u00e9prim\u00e9, sur le canap\u00e9 de la maison, \u00e0 attendre la fin. En janvier, je l&rsquo;ai accompagn\u00e9 \u00e0 la pr\u00e9sentation d&rsquo;un appareil \u00e9lectrom\u00e9dical qui appliquait une fr\u00e9quence \u00e9lectromagn\u00e9tique unique \u00e0 l&rsquo;ensemble du corps. Il a accept\u00e9 et, \u00e0 la fin de la s\u00e9ance, il est all\u00e9 aux toilettes, remarquant que, contrairement \u00e0 ce qui s&rsquo;\u00e9tait pass\u00e9 derni\u00e8rement, il n&rsquo;y avait pas de traces de sang dans ses urines. Surpris et \u00e9merveill\u00e9, il a d\u00e9cid\u00e9 d&rsquo;acheter l&rsquo;appareil et a commenc\u00e9 \u00e0 l&rsquo;utiliser tous les jours. Au cours des mois suivants, les m\u00e9decins ont remarqu\u00e9 que sa qualit\u00e9 de vie s&rsquo;\u00e9tait am\u00e9lior\u00e9e et qu&rsquo;il \u00e9tait m\u00eame capable de s&rsquo;occuper \u00e0 nouveau de son vignoble. En juillet de cette ann\u00e9e-l\u00e0, il est parti en paix. Cette exp\u00e9rience a non seulement chang\u00e9 la courte vie de mon client, mais a aussi compl\u00e8tement r\u00e9volutionn\u00e9 la mienne. J&rsquo;ai r\u00e9alis\u00e9 l&rsquo;\u00e9norme potentiel que l&rsquo;utilisation de l&rsquo;\u00e9lectromagn\u00e9tisme pouvait offrir \u00e0 l&rsquo;humanit\u00e9. Elle pourrait contribuer \u00e0 soulager les souffrances de nombreuses personnes, j&rsquo;ai donc d\u00e9cid\u00e9 d&rsquo;\u00e9tudier le sujet. Plus j&rsquo;\u00e9tudiais, plus j&rsquo;\u00e9tais fascin\u00e9 par ce que je d\u00e9couvrais. J&rsquo;ai rapidement quitt\u00e9 le secteur financier. Une br\u00e8ve exp\u00e9rience dans la commercialisation de ces appareils m&rsquo;a fait prendre conscience de leurs effets positifs, mais aussi de leurs limites : il s&rsquo;agissait d&rsquo;appareils qui appliquaient un seul signal \u00e9lectromagn\u00e9tique, le m\u00eame pour tous, mais les \u00eatres humains ne sont pas tous pareils. Mon \u00e9ducation musicale m&rsquo;a appris que les instruments d&rsquo;un orchestre produisent un son diff\u00e9rent, appel\u00e9 \u00ab\u00a0timbre\u00a0\u00bb, en fonction de leur forme, de leur taille et du mat\u00e9riau dont ils sont faits. Par analogie, je pense que l'\u00a0\u00bborchestre humain\u00a0\u00bb est compos\u00e9 d&rsquo;\u00e9l\u00e9ments tr\u00e8s diff\u00e9rents en termes de sexe, de taille, d&rsquo;\u00e2ge et d&rsquo;histoire, et qu&rsquo;il n\u00e9cessite donc des \u00ab\u00a0timbres \u00e9lectromagn\u00e9tiques\u00a0\u00bb diff\u00e9rents pour r\u00e9sonner avec les besoins th\u00e9rapeutiques de chaque individu. J&rsquo;ai donc d\u00e9cid\u00e9 de produire des appareils capables de moduler les champs \u00e9lectromagn\u00e9tiques en fonction des caract\u00e9ristiques bio\u00e9lectriques uniques de l&rsquo;individu \u00e0 traiter.<\/em><\/span><\/p>\n<p><span class=\"font-377884\"><a href=\"https:\/\/k16trade.ch\/fr\/seqex-en\/\"><strong><span class=\"font-377884\">Dispositifs \u00e9lectrom\u00e9dicaux brevet\u00e9s de R\u00e9sonance Cyclotronique Ionique<\/span><\/strong><\/a><\/span><\/p>\n<p><iframe title=\"The Origins of Ion Cyclotron Resonance - Experimentation with I.C.R\" width=\"840\" height=\"473\" src=\"https:\/\/www.youtube.com\/embed\/0E4FmiOxl4g?feature=oembed&#038;width=840&#038;height=1000&#038;discover=1\" frameborder=\"0\" allow=\"accelerometer; autoplay; clipboard-write; encrypted-media; gyroscope; picture-in-picture; web-share\" referrerpolicy=\"strict-origin-when-cross-origin\" allowfullscreen><\/iframe><\/p>\n<p><span class=\"font-377884\"><strong>Sur quoi se base votre technologie sp\u00e9cifique?<\/strong><\/span><\/p>\n<p><span class=\"font-377884\"><em>Nos appareils sont bas\u00e9s sur les recherches de grands scientifiques du pass\u00e9 comme Tesla, Burr, Becker, Adey, qui ont travaill\u00e9 sur les effets biologiques de l&rsquo;\u00e9lectromagn\u00e9tisme. Abraham Liboff, professeur \u00e9m\u00e9rite de l&rsquo;universit\u00e9 d&rsquo;Oakland, a jou\u00e9 un r\u00f4le cl\u00e9 parmi eux. En 1984, une conf\u00e9rence sur les effets biologiques de l&rsquo;\u00e9lectromagn\u00e9tisme s&rsquo;est tenue \u00e0 Atlanta. William Ross Adey et Carl Blackman, \u00e0 l&rsquo;origine de la perc\u00e9e de ce type de traitement, ont pr\u00e9sent\u00e9 les r\u00e9sultats d&rsquo;une exp\u00e9rience men\u00e9e sur des cellules nerveuses de poulet; irradi\u00e9es par un champ de 16 Hertz, elles ont augment\u00e9 de 30% le passage des ions calcium \u00e0 travers les membranes cellulaires. Abraham Liboff a \u00e9mis l&rsquo;hypoth\u00e8se que les effets observ\u00e9s par les deux scientifiques \u00e9taient dus \u00e0 la combinaison du champ g\u00e9omagn\u00e9tique et des champs \u00e9lectromagn\u00e9tiques appliqu\u00e9s, produisant dans les cellules un ph\u00e9nom\u00e8ne qui, dans la nature, se produit normalement au bord de l&rsquo;ionosph\u00e8re: l&rsquo;ionorisonance (r\u00e9sonance cyclotronique ionique). J&rsquo;ai rencontr\u00e9 le professeur Liboff en personne \u00e0 Boca Raton, en Floride. Il m&rsquo;a \u00e9galement rendu visite \u00e0 Trento et a particip\u00e9 au congr\u00e8s SIBE 2007 \u00e0 Bologne, dont vous trouverez des informations sur le site www.sibeonline.com. Il a \u00e9t\u00e9 pour moi un ma\u00eetre de vie exceptionnel; c&rsquo;est un homme de grande culture et de profonde sagesse. Un jour, il m&rsquo;a demand\u00e9: \u00ab\u00a0Savez-vous comment votre \u00e9quipement sera utilis\u00e9 dans le futur?\u00a0\u00bb. Il a r\u00e9pondu: \u00ab\u00a0Pour faire pousser des plantes dans les vaisseaux spatiaux qui emm\u00e8neront les futurs explorateurs de la galaxie&#8230;<\/em><\/span><\/p>\n<p><span class=\"font-377884\"><a href=\"https:\/\/swissfederalism.ch\/fr\/monica-bravi-je-reve-de-devenir-un-entrepreneur-en-serie\/\"><strong>Monica Bravi: \u00ab\u00a0Je r\u00eave de devenir un entrepreneur en s\u00e9rie\u00a0\u00bb<\/strong><\/a><\/span><\/p>\n<figure id=\"attachment_129774\" aria-describedby=\"caption-attachment-129774\" style=\"width: 840px\" class=\"wp-caption aligncenter\"><img decoding=\"async\" class=\"wp-image-129776 size-large\" src=\"https:\/\/swissfederalism.ch\/wp-content\/uploads\/2022\/01\/Un-dispositovo-marchiato-Seqex-per-lapplicazione-della-ionorisonanza-1024x512.jpg\" alt=\"Un dispositivo marchiato Seqex per l'applicazione della ionorisonanza magnetica\" width=\"840\" height=\"420\" srcset=\"https:\/\/swissfederalism.ch\/wp-content\/uploads\/2022\/01\/Un-dispositovo-marchiato-Seqex-per-lapplicazione-della-ionorisonanza-1024x512.jpg 1024w, https:\/\/swissfederalism.ch\/wp-content\/uploads\/2022\/01\/Un-dispositovo-marchiato-Seqex-per-lapplicazione-della-ionorisonanza-300x150.jpg 300w, https:\/\/swissfederalism.ch\/wp-content\/uploads\/2022\/01\/Un-dispositovo-marchiato-Seqex-per-lapplicazione-della-ionorisonanza-768x384.jpg 768w, https:\/\/swissfederalism.ch\/wp-content\/uploads\/2022\/01\/Un-dispositovo-marchiato-Seqex-per-lapplicazione-della-ionorisonanza.jpg 1200w\" sizes=\"(max-width: 840px) 100vw, 840px\" \/><figcaption id=\"caption-attachment-129774\" class=\"wp-caption-text\"><\/span> <span class=\"font-377884\">Un dispositif Seqex pour l&rsquo;application de la r\u00e9sonance magn\u00e9tique ionique<\/span><\/figcaption><\/figure>\n<p><span class=\"font-377884\"><strong>Qu&rsquo;est-ce que l&rsquo;exp\u00e9rience sur les diatom\u00e9es et l&rsquo;ionorisonance?<\/strong><\/span><\/p>\n<p><span class=\"font-377884\"><em>Il s&rsquo;agit d&rsquo;une exp\u00e9rience avec laquelle Abraham Liboff a d\u00e9montr\u00e9 le principe de fonctionnement biologique de l&rsquo;ionorisonance et qui nous permet de comprendre comment une fr\u00e9quence \u00e9lectromagn\u00e9tique pr\u00e9cise est d\u00e9terminante pour la vie des cr\u00e9atures. Les diatom\u00e9es sont des algues unicellulaires aux formes fascinantes qui se d\u00e9placent dans l&rsquo;eau. Lorsqu&rsquo;on ajoute du calcium \u00e0 l&rsquo;eau, ils acc\u00e9l\u00e8rent leur mouvement ; lorsqu&rsquo;on ajoute du potassium, ils ont tendance \u00e0 ralentir, voire \u00e0 s&rsquo;arr\u00eater. Le professeur am\u00e9ricain a d\u00e9couvert qu&rsquo;en irradiant la culture de diatom\u00e9es avec les fr\u00e9quences d&rsquo;ionorisonance du calcium ou du potassium sans ajouter physiquement des min\u00e9raux \u00e0 l&rsquo;eau, elles r\u00e9agissaient en cons\u00e9quence, se mettant \u00e0 bouger plus ou moins vite&#8230;<\/em><\/span><\/p>\n<p><span class=\"font-377884\"><strong>Le corps humain absorbe et produit des signaux \u00e9lectromagn\u00e9tiques. Pouvez-vous expliquer comment ils peuvent \u00eatre utilis\u00e9s pour la sant\u00e9 des gens?<\/strong><\/span><\/p>\n<p><span class=\"font-377884\"><em>Dans le monde de la m\u00e9decine, les champs \u00e9lectromagn\u00e9tiques sont utilis\u00e9s depuis longtemps pour \u00e9tudier l&rsquo;\u00e9tat de sant\u00e9 des patients. Il suffit de penser aux radiographies, aux tomodensitogrammes, \u00e0 l&rsquo;imagerie par r\u00e9sonance magn\u00e9tique ou aux tests de bioimp\u00e9dance, ces derniers \u00e9tant largement utilis\u00e9s en n\u00e9phrologie et reposant sur le passage d&rsquo;un microcourant \u00e9lectrique dans le corps afin d&rsquo;\u00e9tablir l&rsquo;\u00e9tat d&rsquo;hydratation du patient. Et c&rsquo;est pr\u00e9cis\u00e9ment gr\u00e2ce au bio-feedback brevet\u00e9, bas\u00e9 sur la bio-imp\u00e9dancem\u00e9trie de l&rsquo;appareil Seqex Med, que nous pouvons v\u00e9rifier l&rsquo;\u00e9tat de sant\u00e9 g\u00e9n\u00e9ral de la personne et effectuer un test pour personnaliser le traitement qui, sauvegard\u00e9 sur une carte \u00e0 puce, peut \u00e9galement \u00eatre effectu\u00e9 sur les appareils &lsquo;HC&rsquo; et &lsquo;Fam'\u00a0\u00bb. Enfin, les effets les plus \u00e9vidents du traitement par Seqex concernent la r\u00e9duction des dommages oxydatifs, l&rsquo;am\u00e9lioration de la microcirculation, la r\u00e9duction de l&rsquo;inflammation et de la douleur, ainsi que la favorisation de l&rsquo;acc\u00e9l\u00e9ration des processus r\u00e9g\u00e9n\u00e9ratifs apr\u00e8s un traumatisme ou une intervention chirurgicale.<\/em><\/span><\/p>\n<p><span class=\"font-377884\"><a href=\"https:\/\/swissfederalism.ch\/fr\/eleonora-bafunno-le-piano-democratique-est-une-realite\/\"><strong>Eleonora Bafunno: \u00ab\u00a0Le piano &lsquo;d\u00e9mocratique&rsquo; est une r\u00e9alit\u00e9\u00a0\u00bb<\/strong><\/a><\/span><\/p>\n<figure id=\"attachment_129766\" aria-describedby=\"caption-attachment-129766\" style=\"width: 683px\" class=\"wp-caption aligncenter\"><img decoding=\"async\" class=\"wp-image-129768 size-large\" src=\"https:\/\/swissfederalism.ch\/wp-content\/uploads\/2022\/01\/Valerio-Dallago-e-amministratore-di-S.I.S.T.E.M.I.-e-produttore-dei-dispositivi-Seqex-3-683x1024.jpg\" alt=\"Valerio Dallago \u00e8 amministratore di S.I.S.T.E.M.I. Srl e produttore dei dispositivi Seqex\" width=\"683\" height=\"1024\" srcset=\"https:\/\/swissfederalism.ch\/wp-content\/uploads\/2022\/01\/Valerio-Dallago-e-amministratore-di-S.I.S.T.E.M.I.-e-produttore-dei-dispositivi-Seqex-3-683x1024.jpg 683w, https:\/\/swissfederalism.ch\/wp-content\/uploads\/2022\/01\/Valerio-Dallago-e-amministratore-di-S.I.S.T.E.M.I.-e-produttore-dei-dispositivi-Seqex-3-200x300.jpg 200w, https:\/\/swissfederalism.ch\/wp-content\/uploads\/2022\/01\/Valerio-Dallago-e-amministratore-di-S.I.S.T.E.M.I.-e-produttore-dei-dispositivi-Seqex-3-768x1152.jpg 768w, https:\/\/swissfederalism.ch\/wp-content\/uploads\/2022\/01\/Valerio-Dallago-e-amministratore-di-S.I.S.T.E.M.I.-e-produttore-dei-dispositivi-Seqex-3.jpg 800w\" sizes=\"(max-width: 683px) 100vw, 683px\" \/><figcaption id=\"caption-attachment-129766\" class=\"wp-caption-text\"><\/span> <span class=\"font-377884\">Valerio Dallago est directeur de S.I.S.T.E.M.I. Srl et producteur des dispositifs Seqex<\/span><\/figcaption><\/figure>\n<p><span class=\"font-377884\"><strong>Votre entreprise&#8230; est vraiment exceptionnelle. Si vous voulez prendre des risques, avec ces outils, vous pouvez changer la vie de millions de personnes et am\u00e9liorer l&rsquo;ensemble de la soci\u00e9t\u00e9, tant sur le plan spirituel que physique&#8230;<\/strong><\/span><\/p>\n<p><span class=\"font-377884\"><em>Je vous remercie pour vos paroles! Mais en r\u00e9alit\u00e9, tout ce que je fais, c&rsquo;est essayer de r\u00e9tablir l&rsquo;\u00e9quilibre originel de l&rsquo;homme primitif&#8230; chez les gens qui vivent dans les villes. Aujourd&rsquo;hui, les \u00eatres humains vivent dans des agglom\u00e9rations de b\u00e9ton et sont constamment enferm\u00e9s dans des cages de Faraday, comme des appartements ou des voitures, ce qui est tr\u00e8s malsain d&rsquo;un point de vue \u00e9lectromagn\u00e9tique. Sans parler de tous les champs \u00e9lectromagn\u00e9tiques qui nous entourent, du Wi-Fi aux t\u00e9l\u00e9phones portables. Notre \u00e9quipement, en imitant sp\u00e9cifiquement les fr\u00e9quences du champ \u00e9lectromagn\u00e9tique de la terre, aide \u00e0 r\u00e9tablir la sant\u00e9. Mon souhait? R\u00e9tablir chez les gens l&rsquo;\u00e9quilibre sain et naturel qu&rsquo;avaient nos anc\u00eatres, libres et en contact avec la nature, ce que beaucoup d&rsquo;entre nous ont aujourd&rsquo;hui perdu. En red\u00e9couvrant notre propre \u00e9quilibre \u00e9lectromagn\u00e9tique, en l&rsquo;ajoutant \u00e0 une bonne respiration, une alimentation saine, de l&rsquo;exercice et une bonne hydratation, chaque \u00eatre humain vivrait une vie plus saine et plus sereine. Et le monde serait un meilleur endroit.<\/em><\/span><\/p>\n<p><span class=\"font-377884\"><a href=\"https:\/\/swissfederalism.ch\/fr\/valeria-cattaneo-je-suis-a-lugano-a-reveur-de-marbre\/\"><strong>Valeria Cattaneo: \u00ab\u00a0Moi \u00e0 Lugano? A&#8230; r\u00eaveur de marbre!\u00a0\u00bb<\/strong><\/a><\/span><\/p>\n<p><iframe title=\"Valerio Dallago - Presentazione dispositivi Seqex\" width=\"840\" height=\"473\" src=\"https:\/\/www.youtube.com\/embed\/RT3pKIJiL0k?feature=oembed&#038;width=840&#038;height=1000&#038;discover=1\" frameborder=\"0\" allow=\"accelerometer; autoplay; clipboard-write; encrypted-media; gyroscope; picture-in-picture; web-share\" referrerpolicy=\"strict-origin-when-cross-origin\" allowfullscreen><\/iframe><\/p>\n<figure id=\"attachment_129786\" aria-describedby=\"caption-attachment-129786\" style=\"width: 840px\" class=\"wp-caption aligncenter\"><img decoding=\"async\" class=\"wp-image-129788 size-large\" src=\"https:\/\/swissfederalism.ch\/wp-content\/uploads\/2022\/01\/Un-materassino-al-quale-e-applicato-un-dispositovo-marchiato-Seqex-per-lapplicazione-della-ionorisonanza-3-1024x683.jpeg\" alt=\"Un materassino al quale \u00e8 applicato un dispositivo marchiato Seqex per l'applicazione della ionorisonanza magnetica\" width=\"840\" height=\"560\" srcset=\"https:\/\/swissfederalism.ch\/wp-content\/uploads\/2022\/01\/Un-materassino-al-quale-e-applicato-un-dispositovo-marchiato-Seqex-per-lapplicazione-della-ionorisonanza-3-1024x683.jpeg 1024w, https:\/\/swissfederalism.ch\/wp-content\/uploads\/2022\/01\/Un-materassino-al-quale-e-applicato-un-dispositovo-marchiato-Seqex-per-lapplicazione-della-ionorisonanza-3-300x200.jpeg 300w, https:\/\/swissfederalism.ch\/wp-content\/uploads\/2022\/01\/Un-materassino-al-quale-e-applicato-un-dispositovo-marchiato-Seqex-per-lapplicazione-della-ionorisonanza-3-768x512.jpeg 768w, https:\/\/swissfederalism.ch\/wp-content\/uploads\/2022\/01\/Un-materassino-al-quale-e-applicato-un-dispositovo-marchiato-Seqex-per-lapplicazione-della-ionorisonanza-3-1536x1024.jpeg 1536w, https:\/\/swissfederalism.ch\/wp-content\/uploads\/2022\/01\/Un-materassino-al-quale-e-applicato-un-dispositovo-marchiato-Seqex-per-lapplicazione-della-ionorisonanza-3.jpeg 1920w\" sizes=\"(max-width: 840px) 100vw, 840px\" \/><figcaption id=\"caption-attachment-129786\" class=\"wp-caption-text\">Un matelas sur lequel est fix\u00e9 un dispositif de marque Seqex destin\u00e9 \u00e0 appliquer la r\u00e9sonance ionique magn\u00e9tique<\/figcaption><\/figure>\n","protected":false},"excerpt":{"rendered":"<p>Les secrets des traitements par ionorisonance avec les appareils Seqex par l&rsquo;entrepreneur du Trentin, inspir\u00e9 par William Ross Adey et Carl Blackman.<\/p>\n","protected":false},"author":8,"featured_media":129792,"comment_status":"open","ping_status":"closed","sticky":false,"template":"","format":"standard","meta":{"footnotes":""},"categories":[310,277,308,644,289,209,1185],"tags":[811,522,410,455,1288],"class_list":["post-129933","post","type-post","status-publish","format-standard","has-post-thumbnail","hentry","category-economie","category-europe-fr","category-faits-marquants","category-interviews-fr","category-italie","category-les-magazines","category-nouvelles-sur-le-prix","tag-covid-fr","tag-sante","tag-science-fr","tag-tech-fr","tag-trentino-fr"],"_links":{"self":[{"href":"https:\/\/swissfederalism.ch\/fr\/wp-json\/wp\/v2\/posts\/129933","targetHints":{"allow":["GET"]}}],"collection":[{"href":"https:\/\/swissfederalism.ch\/fr\/wp-json\/wp\/v2\/posts"}],"about":[{"href":"https:\/\/swissfederalism.ch\/fr\/wp-json\/wp\/v2\/types\/post"}],"author":[{"embeddable":true,"href":"https:\/\/swissfederalism.ch\/fr\/wp-json\/wp\/v2\/users\/8"}],"replies":[{"embeddable":true,"href":"https:\/\/swissfederalism.ch\/fr\/wp-json\/wp\/v2\/comments?post=129933"}],"version-history":[{"count":3,"href":"https:\/\/swissfederalism.ch\/fr\/wp-json\/wp\/v2\/posts\/129933\/revisions"}],"predecessor-version":[{"id":234382,"href":"https:\/\/swissfederalism.ch\/fr\/wp-json\/wp\/v2\/posts\/129933\/revisions\/234382"}],"wp:featuredmedia":[{"embeddable":true,"href":"https:\/\/swissfederalism.ch\/fr\/wp-json\/wp\/v2\/media\/129792"}],"wp:attachment":[{"href":"https:\/\/swissfederalism.ch\/fr\/wp-json\/wp\/v2\/media?parent=129933"}],"wp:term":[{"taxonomy":"category","embeddable":true,"href":"https:\/\/swissfederalism.ch\/fr\/wp-json\/wp\/v2\/categories?post=129933"},{"taxonomy":"post_tag","embeddable":true,"href":"https:\/\/swissfederalism.ch\/fr\/wp-json\/wp\/v2\/tags?post=129933"}],"curies":[{"name":"wp","href":"https:\/\/api.w.org\/{rel}","templated":true}]}}