{"id":127054,"date":"2021-09-14T23:16:26","date_gmt":"2021-09-14T23:16:26","guid":{"rendered":"https:\/\/swissfederalism.ch\/the-new-basic-commercial-training-will-be-offered-in-2023\/"},"modified":"2021-09-27T09:16:50","modified_gmt":"2021-09-27T09:16:50","slug":"la-nouvelle-formation-commerciale-de-base-sera-proposee-en-2023","status":"publish","type":"post","link":"https:\/\/swissfederalism.ch\/fr\/la-nouvelle-formation-commerciale-de-base-sera-proposee-en-2023\/","title":{"rendered":"La nouvelle formation commerciale de base sera propos\u00e9e en&#8230; 2023"},"content":{"rendered":"<h1>La nouvelle formation commerciale de base sera propos\u00e9e en&#8230; 2023<\/h1>\n<h3><em>En Suisse, les deux niveaux de formation des employ\u00e9s de commerce (AFC et CFP) seront harmonis\u00e9s en termes de m\u00e9thodologie et de contenu<\/em><\/h3>\n<p>Apr\u00e8s de longues discussions avec ses partenaires, le Secr\u00e9tariat d&rsquo;\u00c9tat \u00e0 la formation, \u00e0 la recherche et \u00e0 l&rsquo;innovation (SERI) de la Conf\u00e9d\u00e9ration suisse a d\u00e9cid\u00e9 que les nouvelles ordonnances et plans de formation des employ\u00e9s de commerce de l&rsquo;AFC et des employ\u00e9s de commerce du CFP (anciennement assistants de bureau du CFP) entreront en vigueur \u00e0 la rentr\u00e9e scolaire 2023.<br \/>\nGr\u00e2ce \u00e0 la r\u00e9forme, les deux niveaux de formation ont \u00e9t\u00e9 mieux harmonis\u00e9s en termes de m\u00e9thodologie et de contenu et forment d\u00e9sormais un champ professionnel coh\u00e9rent qui r\u00e9pond de mani\u00e8re optimale aux besoins du march\u00e9 du travail.<br \/>\nLes milieux \u00e9conomiques ont demand\u00e9 une r\u00e9forme urgente de la formation commerciale de base, dont la derni\u00e8re r\u00e9vision partielle remonte \u00e0 dix ans, apr\u00e8s avoir \u00e9t\u00e9 repositionn\u00e9e en 2003.<br \/>\nEn effet, les entreprises ont et auront toujours besoin de nouveaux collaborateurs capables de r\u00e9pondre aux exigences du march\u00e9 du travail moderne. Les jeunes, quant \u00e0 eux, s&rsquo;attendent \u00e0 pouvoir trouver un emploi imm\u00e9diatement apr\u00e8s avoir termin\u00e9 un apprentissage.<br \/>\nPour ces raisons, les organes comp\u00e9tents ont lanc\u00e9 en 2017 la r\u00e9forme \u00ab\u00a0Employ\u00e9s de commerce 2022\u00a0\u00bb.<br \/>\nLes r\u00e9sultats de l&rsquo;enqu\u00eate officielle, qui a \u00e9t\u00e9 men\u00e9e de janvier \u00e0 avril 2021 sous la direction du SEFRI, montrent que les cantons, les partenaires sociaux et les autres parties int\u00e9ress\u00e9es approuvent globalement la nouvelle formation.<br \/>\nLe concept de la maturit\u00e9 professionnelle pendant la formation de base MP1 (niveau FBA) est en cours d&rsquo;\u00e9laboration et devrait \u00eatre finalis\u00e9 par un plan national de mise en \u0153uvre.<br \/>\nLe nouveau concept d&rsquo;enseignement des langues \u00e9trang\u00e8res a re\u00e7u un large soutien des cantons et des milieux \u00e9conomiques et a \u00e9t\u00e9 approuv\u00e9 par le pr\u00e9sident Guy Parmelin.<br \/>\nLe 16 ao\u00fbt 2021, le SEFRI a \u00e9mis et approuv\u00e9 les ordonnances et les plans d&rsquo;enseignement n\u00e9cessaires \u00e0 l&rsquo;entr\u00e9e en vigueur de la r\u00e9forme.<\/p>\n<p><strong><a title=\"Sostegno svizzero al Partenariato Globale per l\u2019Educazione\" href=\"https:\/\/swissfederalism.ch\/fr\/soutien-suisse-au-partenariat-mondial-pour-leducation\/\" target=\"_blank\" rel=\"noopener\">Soutien suisse au Partenariat mondial pour l&rsquo;\u00e9ducation<\/a><\/strong><\/p>\n<figure id=\"attachment_125878\" aria-describedby=\"caption-attachment-125878\" style=\"width: 840px\" class=\"wp-caption aligncenter\"><img decoding=\"async\" class=\"wp-image-125879 size-large\" src=\"https:\/\/swissfederalism.ch\/wp-content\/uploads\/2021\/09\/Gli-impiegati-di-commercio-costituiscono-lossatura-del-mercato-del-lavoro-svizzero-1024x683.png\" alt=\"Gli impiegati di commercio costituiscono l'ossatura del mercato del lavoro svizzero\" width=\"840\" height=\"560\" srcset=\"https:\/\/swissfederalism.ch\/wp-content\/uploads\/2021\/09\/Gli-impiegati-di-commercio-costituiscono-lossatura-del-mercato-del-lavoro-svizzero-1024x683.png 1024w, https:\/\/swissfederalism.ch\/wp-content\/uploads\/2021\/09\/Gli-impiegati-di-commercio-costituiscono-lossatura-del-mercato-del-lavoro-svizzero-300x200.png 300w, https:\/\/swissfederalism.ch\/wp-content\/uploads\/2021\/09\/Gli-impiegati-di-commercio-costituiscono-lossatura-del-mercato-del-lavoro-svizzero-768x512.png 768w, https:\/\/swissfederalism.ch\/wp-content\/uploads\/2021\/09\/Gli-impiegati-di-commercio-costituiscono-lossatura-del-mercato-del-lavoro-svizzero-1536x1024.png 1536w, https:\/\/swissfederalism.ch\/wp-content\/uploads\/2021\/09\/Gli-impiegati-di-commercio-costituiscono-lossatura-del-mercato-del-lavoro-svizzero.png 1920w\" sizes=\"(max-width: 840px) 100vw, 840px\" \/><figcaption id=\"caption-attachment-125878\" class=\"wp-caption-text\">Les employ\u00e9s de commerce constituent l&rsquo;\u00e9pine dorsale du march\u00e9 du travail suisse<\/figcaption><\/figure>\n<h4>Comp\u00e9tences op\u00e9rationnelles et culture g\u00e9n\u00e9rale au centre<\/h4>\n<p>Dans la nouvelle formation commerciale de base, les connaissances sp\u00e9cifiques sont enseign\u00e9es sous forme de comp\u00e9tences op\u00e9rationnelles. Cela permet aux apprenants d&rsquo;acqu\u00e9rir les connaissances n\u00e9cessaires de mani\u00e8re suffisamment approfondie et avec une r\u00e9elle pertinence pour leur travail quotidien.<br \/>\nSur les trois lieux de formation (entreprise formatrice, \u00e9cole professionnelle et cours interentreprises), les objectifs d&rsquo;apprentissage reposent sur les comp\u00e9tences op\u00e9rationnelles d\u00e9finies dans le plan de formation et sont plus homog\u00e8nes que par le pass\u00e9.<br \/>\nEn outre, la formation g\u00e9n\u00e9rale est int\u00e9gr\u00e9e dans le processus d&rsquo;enseignement afin que les personnes en formation puissent \u00e9galement acqu\u00e9rir des connaissances qui ne sont pas purement techniques mais qui sont \u00e9galement pertinentes en dehors du contexte professionnel.<br \/>\nDans l&rsquo;enseignement et la formation professionnels, l&rsquo;orientation vers les comp\u00e9tences op\u00e9rationnelles est devenue la norme. D\u00e9sormais, la formation commerciale de base s&rsquo;adapte \u00e9galement \u00e0 ce changement.<\/p>\n<p><strong><a title=\"La Svizzera punter\u00e0 a rafforzare la competenza nelle PMI\" href=\"https:\/\/swissfederalism.ch\/fr\/la-suisse-se-concentrera-sur-le-renforcement-des-competences-des-pme\/\" target=\"_blank\" rel=\"noopener\">La Suisse se concentrera sur le renforcement des comp\u00e9tences des PME<\/a><\/strong><\/p>\n<figure id=\"attachment_88450\" aria-describedby=\"caption-attachment-88450\" style=\"width: 840px\" class=\"wp-caption aligncenter\"><img decoding=\"async\" class=\"wp-image-88451 size-large\" src=\"https:\/\/swissfederalism.ch\/wp-content\/uploads\/2021\/03\/Molti-studenti-svizzeri-sono-anche-lavoratori-1024x683.jpeg\" alt=\"Molti studenti svizzeri sono anche lavoratori\" width=\"840\" height=\"560\" srcset=\"https:\/\/swissfederalism.ch\/wp-content\/uploads\/2021\/03\/Molti-studenti-svizzeri-sono-anche-lavoratori-1024x683.jpeg 1024w, https:\/\/swissfederalism.ch\/wp-content\/uploads\/2021\/03\/Molti-studenti-svizzeri-sono-anche-lavoratori-300x200.jpeg 300w, https:\/\/swissfederalism.ch\/wp-content\/uploads\/2021\/03\/Molti-studenti-svizzeri-sono-anche-lavoratori-768x512.jpeg 768w, https:\/\/swissfederalism.ch\/wp-content\/uploads\/2021\/03\/Molti-studenti-svizzeri-sono-anche-lavoratori-1536x1024.jpeg 1536w, https:\/\/swissfederalism.ch\/wp-content\/uploads\/2021\/03\/Molti-studenti-svizzeri-sono-anche-lavoratori.jpeg 1920w\" sizes=\"(max-width: 840px) 100vw, 840px\" \/><figcaption id=\"caption-attachment-88450\" class=\"wp-caption-text\">De nombreux \u00e9tudiants suisses sont \u00e9galement des travailleurs<\/figcaption><\/figure>\n<h4>Nouveau profil de formation et enseignement des langues \u00e9trang\u00e8res<\/h4>\n<p>L&rsquo;existence de deux profils diff\u00e9rents (B et E) n&rsquo;a pas fait ses preuves sur le march\u00e9 du travail. La nouvelle formation commerciale de base est mieux adapt\u00e9e au potentiel des apprenants individuels et aux attentes des entreprises formatrices.<br \/>\nAvec la nouvelle didactique des langues \u00e9trang\u00e8res et la possibilit\u00e9 d&rsquo;accomplir la maturit\u00e9 professionnelle parall\u00e8lement \u00e0 l&rsquo;apprentissage, cette orientation individuelle t\u00e9moigne de la haute qualit\u00e9 de la nouvelle formation.<br \/>\nLa possibilit\u00e9 d&rsquo;accomplir la maturit\u00e9 professionnelle pendant la formation de base (MP1) ou apr\u00e8s l&rsquo;apprentissage (MP2) est garantie, de m\u00eame qu&rsquo;une certaine libert\u00e9 pour les cantons dans sa mise en \u0153uvre.<br \/>\nL&rsquo;option de la formation professionnelle en \u00e9cole avec un stage de longue dur\u00e9e en entreprise reste \u00e9galement ouverte.<br \/>\nEn outre, tous les apprenants du niveau AFC doivent d\u00e9sormais apprendre deux langues \u00e9trang\u00e8res (le profil B actuel ne pr\u00e9voit qu&rsquo;une seule langue \u00e9trang\u00e8re obligatoire).<br \/>\nLa premi\u00e8re langue \u00e9trang\u00e8re doit \u00eatre une deuxi\u00e8me langue nationale ou l&rsquo;anglais; la deuxi\u00e8me langue \u00e9trang\u00e8re sera une deuxi\u00e8me langue nationale, une troisi\u00e8me langue nationale ou l&rsquo;anglais, selon le choix.<br \/>\nDes m\u00e9thodes d&rsquo;enseignement innovantes et tourn\u00e9es vers l&rsquo;avenir ont \u00e9t\u00e9 d\u00e9velopp\u00e9es pour offrir aux jeunes sans comp\u00e9tences linguistiques la possibilit\u00e9 d&rsquo;apprendre une deuxi\u00e8me langue \u00e9trang\u00e8re et d&rsquo;acqu\u00e9rir une AFC.<\/p>\n<p><strong><a title=\"I Politecnici Federali della Svizzera nella top 15 mondiale\" href=\"https:\/\/swissfederalism.ch\/fr\/les-ecoles-polytechniques-federales-suisses-dans-le-top-15-mondial\/\" target=\"_blank\" rel=\"noopener\">Les \u00e9coles polytechniques f\u00e9d\u00e9rales suisses dans le top 15 mondial<\/a><\/strong><\/p>\n<figure id=\"attachment_125874\" aria-describedby=\"caption-attachment-125874\" style=\"width: 778px\" class=\"wp-caption aligncenter\"><img decoding=\"async\" class=\"wp-image-125875 size-large\" src=\"https:\/\/swissfederalism.ch\/wp-content\/uploads\/2021\/09\/Gli-impiegati-di-commercio-costituiscono-lossatura-del-mercato-del-lavoro-svizzero-778x1024.jpg\" alt=\"Gli impiegati di commercio costituiscono l'ossatura del mercato del lavoro svizzero\" width=\"778\" height=\"1024\" srcset=\"https:\/\/swissfederalism.ch\/wp-content\/uploads\/2021\/09\/Gli-impiegati-di-commercio-costituiscono-lossatura-del-mercato-del-lavoro-svizzero-778x1024.jpg 778w, https:\/\/swissfederalism.ch\/wp-content\/uploads\/2021\/09\/Gli-impiegati-di-commercio-costituiscono-lossatura-del-mercato-del-lavoro-svizzero-228x300.jpg 228w, https:\/\/swissfederalism.ch\/wp-content\/uploads\/2021\/09\/Gli-impiegati-di-commercio-costituiscono-lossatura-del-mercato-del-lavoro-svizzero-768x1011.jpg 768w, https:\/\/swissfederalism.ch\/wp-content\/uploads\/2021\/09\/Gli-impiegati-di-commercio-costituiscono-lossatura-del-mercato-del-lavoro-svizzero-1167x1536.jpg 1167w, https:\/\/swissfederalism.ch\/wp-content\/uploads\/2021\/09\/Gli-impiegati-di-commercio-costituiscono-lossatura-del-mercato-del-lavoro-svizzero.jpg 1459w\" sizes=\"(max-width: 778px) 100vw, 778px\" \/><figcaption id=\"caption-attachment-125874\" class=\"wp-caption-text\">Les employ\u00e9s de commerce constituent l&rsquo;\u00e9pine dorsale du march\u00e9 du travail suisse<\/figcaption><\/figure>\n<h4>Mise en \u0153uvre report\u00e9e d&rsquo;un an, mais avec une pleine participation<\/h4>\n<p>Au d\u00e9but du mois de juin 2021, les partenaires de la formation professionnelle ont d\u00e9cid\u00e9 de reporter l&rsquo;introduction de la r\u00e9forme de l&rsquo;\u00e9t\u00e9 2022 \u00e0 l&rsquo;\u00e9t\u00e9 2023 afin que les cantons, les \u00e9coles professionnelles et les entreprises d&rsquo;apprentissage puissent mieux se pr\u00e9parer.<br \/>\nPour soutenir ce processus, les partenaires ont mis en place d\u00e8s l&rsquo;\u00e9t\u00e9 2020 une commission nationale de coordination (CNC) pour les r\u00e9formes du commerce de d\u00e9tail et de la formation commerciale de base, qui a d\u00e9j\u00e0 \u00e9labor\u00e9 des strat\u00e9gies et des outils de mise en \u0153uvre dans le cadre de diff\u00e9rents projets partiels.<br \/>\nLa r\u00e9forme a \u00e9t\u00e9 \u00e9labor\u00e9e dans le cadre d&rsquo;un processus participatif impliquant des repr\u00e9sentants de 19 secteurs de formation et d&rsquo;examen, des \u00e9coles professionnelles et des cantons, qui ont suivi de pr\u00e8s toutes les \u00e9tapes.<\/p>\n<p><strong><a title=\"Vent\u2019anni di incontri inaspettati e di successi per Swissnex\" href=\"https:\/\/swissfederalism.ch\/fr\/vingt-ans-de-rencontres-et-de-succes-inattendus-pour-swissnex\/\" target=\"_blank\" rel=\"noopener\">Vingt ans de rencontres et de succ\u00e8s inattendus pour Swissnex<\/a><\/strong><\/p>\n<p><iframe title=\"Steuerstandort Schweiz (La Piazza Fiscale Svizzera in lingua tedesca)\" width=\"840\" height=\"630\" src=\"https:\/\/www.youtube.com\/embed\/En5qBzWvYl4?feature=oembed&#038;width=840&#038;height=1000&#038;discover=1\" frameborder=\"0\" allow=\"accelerometer; autoplay; clipboard-write; encrypted-media; gyroscope; picture-in-picture\" allowfullscreen><\/iframe><\/p>\n<p><iframe title=\"La Place Fiscale Suisse (La Piazza Fiscale Svizzera in lingua francese)\" width=\"840\" height=\"630\" src=\"https:\/\/www.youtube.com\/embed\/5ERjG6Ce4dQ?feature=oembed&#038;width=840&#038;height=1000&#038;discover=1\" frameborder=\"0\" allow=\"accelerometer; autoplay; clipboard-write; encrypted-media; gyroscope; picture-in-picture\" allowfullscreen><\/iframe><\/p>\n<figure id=\"attachment_95313\" aria-describedby=\"caption-attachment-95313\" style=\"width: 840px\" class=\"wp-caption aligncenter\"><img decoding=\"async\" class=\"wp-image-95314 size-large\" src=\"https:\/\/swissfederalism.ch\/wp-content\/uploads\/2021\/04\/Studenti-dello-Istituto-Universitario-Federale-per-la-Formazione-Professionale-IUFFP-1024x683.jpeg\" alt=\"Studenti dell'Istituto Universitario Federale per la Formazione Professionale (IUFFP)\" width=\"840\" height=\"560\" srcset=\"https:\/\/swissfederalism.ch\/wp-content\/uploads\/2021\/04\/Studenti-dello-Istituto-Universitario-Federale-per-la-Formazione-Professionale-IUFFP-1024x683.jpeg 1024w, https:\/\/swissfederalism.ch\/wp-content\/uploads\/2021\/04\/Studenti-dello-Istituto-Universitario-Federale-per-la-Formazione-Professionale-IUFFP-300x200.jpeg 300w, https:\/\/swissfederalism.ch\/wp-content\/uploads\/2021\/04\/Studenti-dello-Istituto-Universitario-Federale-per-la-Formazione-Professionale-IUFFP-768x512.jpeg 768w, https:\/\/swissfederalism.ch\/wp-content\/uploads\/2021\/04\/Studenti-dello-Istituto-Universitario-Federale-per-la-Formazione-Professionale-IUFFP-1536x1024.jpeg 1536w, https:\/\/swissfederalism.ch\/wp-content\/uploads\/2021\/04\/Studenti-dello-Istituto-Universitario-Federale-per-la-Formazione-Professionale-IUFFP.jpeg 1920w\" sizes=\"(max-width: 840px) 100vw, 840px\" \/><figcaption id=\"caption-attachment-95313\" class=\"wp-caption-text\">\u00c9tudiants de l&rsquo;Institut f\u00e9d\u00e9ral des hautes \u00e9tudes en formation professionnelle (IFFP)<\/figcaption><\/figure>\n","protected":false},"excerpt":{"rendered":"<p>En Suisse, les deux niveaux de formation seront harmonis\u00e9s en termes de m\u00e9thodes et de contenus p\u00e9dagogiques pour les employ\u00e9s de commerce (ALE et CFP)<\/p>\n","protected":false},"author":2,"featured_media":125872,"comment_status":"open","ping_status":"closed","sticky":false,"template":"","format":"standard","meta":{"footnotes":""},"categories":[312,310,308,209,294],"tags":[541,744,707,1198,1199,410,455],"class_list":["post-127054","post","type-post","status-publish","format-standard","has-post-thumbnail","hentry","category-culture-fr","category-economie","category-faits-marquants","category-les-magazines","category-suisse","tag-culture-fr","tag-culture-en-de-fr","tag-ecole","tag-education","tag-educazione-en-fr","tag-science-fr","tag-tech-fr"],"_links":{"self":[{"href":"https:\/\/swissfederalism.ch\/fr\/wp-json\/wp\/v2\/posts\/127054","targetHints":{"allow":["GET"]}}],"collection":[{"href":"https:\/\/swissfederalism.ch\/fr\/wp-json\/wp\/v2\/posts"}],"about":[{"href":"https:\/\/swissfederalism.ch\/fr\/wp-json\/wp\/v2\/types\/post"}],"author":[{"embeddable":true,"href":"https:\/\/swissfederalism.ch\/fr\/wp-json\/wp\/v2\/users\/2"}],"replies":[{"embeddable":true,"href":"https:\/\/swissfederalism.ch\/fr\/wp-json\/wp\/v2\/comments?post=127054"}],"version-history":[{"count":2,"href":"https:\/\/swissfederalism.ch\/fr\/wp-json\/wp\/v2\/posts\/127054\/revisions"}],"predecessor-version":[{"id":127056,"href":"https:\/\/swissfederalism.ch\/fr\/wp-json\/wp\/v2\/posts\/127054\/revisions\/127056"}],"wp:featuredmedia":[{"embeddable":true,"href":"https:\/\/swissfederalism.ch\/fr\/wp-json\/wp\/v2\/media\/125872"}],"wp:attachment":[{"href":"https:\/\/swissfederalism.ch\/fr\/wp-json\/wp\/v2\/media?parent=127054"}],"wp:term":[{"taxonomy":"category","embeddable":true,"href":"https:\/\/swissfederalism.ch\/fr\/wp-json\/wp\/v2\/categories?post=127054"},{"taxonomy":"post_tag","embeddable":true,"href":"https:\/\/swissfederalism.ch\/fr\/wp-json\/wp\/v2\/tags?post=127054"}],"curies":[{"name":"wp","href":"https:\/\/api.w.org\/{rel}","templated":true}]}}